{"id":43842,"date":"2014-06-08T10:40:08","date_gmt":"2014-06-08T10:40:08","guid":{"rendered":"https:\/\/centrodeolivaryaceite.com\/el-oleoturismo-la-nueva-forma-de-turismo-de-jaen\/"},"modified":"2023-03-10T18:52:23","modified_gmt":"2023-03-10T18:52:23","slug":"el-oleoturismo-la-nueva-forma-de-turismo-de-jaen","status":"publish","type":"post","link":"https:\/\/centrodeolivaryaceite.com\/en\/el-oleoturismo-la-nueva-forma-de-turismo-de-jaen\/","title":{"rendered":"El oleoturismo, el nuevo turismo en Ja\u00e9n"},"content":{"rendered":"<p>[et_pb_section fb_built=&#8221;1&#8243; fullwidth=&#8221;on&#8221; custom_padding_last_edited=&#8221;on|desktop&#8221; admin_label=&#8221;Secci\u00f3n&#8221; _builder_version=&#8221;3.22&#8243; background_color=&#8221;#ffffff&#8221; background_image=&#8221;http:\/\/centrodeolivaryaceite.com\/wp-content\/uploads\/2016\/06\/page_header_bg_blue.jpg&#8221; custom_padding_tablet=&#8221;50px|0|50px|0&#8243; transparent_background=&#8221;off&#8221; padding_mobile=&#8221;off&#8221; make_fullwidth=&#8221;off&#8221; use_custom_width=&#8221;off&#8221; width_unit=&#8221;on&#8221; global_module=&#8221;5294&#8243; locked=&#8221;off&#8221; collapsed=&#8221;off&#8221; global_colors_info=&#8221;{}&#8221; custom_padding_phone=&#8221;50px|0|50px|0&#8243;][et_pb_fullwidth_post_title meta=&#8221;off&#8221; featured_image=&#8221;off&#8221; text_color=&#8221;light&#8221; text_background=&#8221;on&#8221; text_bg_color=&#8221;rgba(28,28,28,0.43)&#8221; admin_label=&#8221;T\u00edtulo&#8221; _builder_version=&#8221;4.17.6&#8243; _module_preset=&#8221;default&#8221; title_font=&#8221;Roboto Light||||&#8221; title_font_size=&#8221;35px&#8221; title_all_caps=&#8221;on&#8221; background_color=&#8221;rgba(255,255,255,0)&#8221; parallax=&#8221;on&#8221; parallax_method=&#8221;off&#8221; text_orientation=&#8221;center&#8221; use_border_color=&#8221;off&#8221; border_color=&#8221;#ffffff&#8221; border_style=&#8221;solid&#8221; parallax_effect=&#8221;on&#8221; module_bg_color=&#8221;rgba(255,255,255,0)&#8221; global_colors_info=&#8221;{}&#8221;][\/et_pb_fullwidth_post_title][\/et_pb_section][et_pb_section fb_built=&#8221;1&#8243; custom_padding_last_edited=&#8221;on|desktop&#8221; admin_label=&#8221;Secci\u00f3n&#8221; _builder_version=&#8221;4.16&#8243; background_color=&#8221;#ffffff&#8221; custom_padding=&#8221;10px|||&#8221; custom_padding_tablet=&#8221;50px|0|50px|0&#8243; transparent_background=&#8221;off&#8221; padding_mobile=&#8221;off&#8221; make_fullwidth=&#8221;off&#8221; use_custom_width=&#8221;off&#8221; width_unit=&#8221;on&#8221; global_colors_info=&#8221;{}&#8221; custom_padding_phone=&#8221;50px|0|50px|0&#8243;][et_pb_row padding_mobile=&#8221;off&#8221; column_padding_mobile=&#8221;on&#8221; admin_label=&#8221;Fila&#8221; _builder_version=&#8221;4.16&#8243; background_size=&#8221;initial&#8221; background_position=&#8221;top_left&#8221; background_repeat=&#8221;repeat&#8221; custom_padding=&#8221;10px|||&#8221; make_fullwidth=&#8221;off&#8221; use_custom_width=&#8221;off&#8221; width_unit=&#8221;on&#8221; global_colors_info=&#8221;{}&#8221;][et_pb_column type=&#8221;4_4&#8243; _builder_version=&#8221;4.16&#8243; custom_padding=&#8221;|||&#8221; global_colors_info=&#8221;{}&#8221; custom_padding__hover=&#8221;|||&#8221;][et_pb_post_title title=&#8221;off&#8221; admin_label=&#8221;T\u00edtulo de publicaci\u00f3n&#8221; _builder_version=&#8221;4.16&#8243; title_all_caps=&#8221;off&#8221; background_color=&#8221;rgba(255,255,255,0)&#8221; parallax=&#8221;on&#8221; parallax_method=&#8221;off&#8221; use_border_color=&#8221;off&#8221; border_color=&#8221;#ffffff&#8221; border_style=&#8221;solid&#8221; parallax_effect=&#8221;on&#8221; module_bg_color=&#8221;rgba(255,255,255,0)&#8221; global_colors_info=&#8221;{}&#8221;] [\/et_pb_post_title][\/et_pb_column][\/et_pb_row][\/et_pb_section][et_pb_section fb_built=&#8221;1&#8243; specialty=&#8221;on&#8221; custom_padding_last_edited=&#8221;on|desktop&#8221; parallax_method_1=&#8221;off&#8221; parallax_method_2=&#8221;off&#8221; admin_label=&#8221;Secci\u00f3n&#8221; _builder_version=&#8221;4.16&#8243; background_color=&#8221;#ffffff&#8221; custom_padding=&#8221;10px|||&#8221; custom_padding_tablet=&#8221;50px|0|50px|0&#8243; transparent_background=&#8221;off&#8221; padding_mobile=&#8221;off&#8221; make_fullwidth=&#8221;off&#8221; use_custom_width=&#8221;off&#8221; width_unit=&#8221;on&#8221; global_colors_info=&#8221;{}&#8221; custom_padding_phone=&#8221;50px|0|50px|0&#8243;][et_pb_column type=&#8221;2_3&#8243; specialty_columns=&#8221;2&#8243; _builder_version=&#8221;4.16&#8243; custom_padding=&#8221;|||&#8221; global_colors_info=&#8221;{}&#8221; custom_padding__hover=&#8221;|||&#8221;][et_pb_row_inner padding_mobile=&#8221;off&#8221; column_padding_mobile=&#8221;on&#8221; admin_label=&#8221;Fila&#8221; _builder_version=&#8221;4.16&#8243; custom_padding=&#8221;0px|||&#8221; global_colors_info=&#8221;{}&#8221;][et_pb_column_inner saved_specialty_column_type=&#8221;2_3&#8243; _builder_version=&#8221;4.16&#8243; custom_padding=&#8221;|||&#8221; global_colors_info=&#8221;{}&#8221; custom_padding__hover=&#8221;|||&#8221;][et_pb_text admin_label=&#8221;Text&#8221; _builder_version=&#8221;4.16&#8243; background_size=&#8221;initial&#8221; background_position=&#8221;top_left&#8221; background_repeat=&#8221;repeat&#8221; text_orientation=&#8221;left&#8221; use_border_color=&#8221;off&#8221; border_color=&#8221;#ffffff&#8221; border_style=&#8221;solid&#8221; global_colors_info=&#8221;{}&#8221;]<span style=\"line-height: 1.5em;\">Es dif\u00edcil explicar la historia de Ja\u00e9n y su realidad actual, sin tener en cuenta el papel del olivo y del aceite. El aceite de oliva virgen extra es cultura.<\/span><\/p>\n<p>Tenemos que posicionar a nuestra provincia no s\u00f3lo por su cantidad, sino por sus Aceites de Oliva Virgen Extra de calidad, y lo estamos consiguiendo. En los \u00faltimos a\u00f1os est\u00e1n proliferando numerosas marcas de aceites de alta gama, de alt\u00edsima calidad, poseedores de prestigiosos galardones, las cuales ya no s\u00f3lo pertenecen al sector privado, sino que cada vez m\u00e1s cooperativas elaboran aceites de calidad .<\/p>\n<p>El <strong>Oleoturismo<\/strong> se ha convertido en los \u00faltimos tiempos en una nueva f\u00f3rmula de turismo demandado por los viajeros que desean descubrir rutas de sensaciones especiales y diferentes. Est\u00e1s en progresivo auge vivir experiencias viajeras, culturales y gastron\u00f3micas relacionadas con el aceite de oliva virgen extra.<\/p>\n<p>En nuestra provincia existen rincones m\u00e1gicos, para gozar y disfrutar a trav\u00e9s de todos tus sentidos. Paisajes, edificios y lugares con encanto donde aprender m\u00e1s sobre la Cultura del Olivo.<\/p>\n<p style=\"text-align: center;\"><a href=\"https:\/\/i0.wp.com\/centrodeolivaryaceite.com\/wp-content\/uploads\/2013\/09\/Olivos_by_Carolrok.jpg\"><img data-recalc-dims=\"1\" loading=\"lazy\" decoding=\"async\" class=\"aligncenter wp-image-2511\" src=\"https:\/\/i0.wp.com\/centrodeolivaryaceite.com\/wp-content\/uploads\/2013\/09\/Olivos_by_Carolrok.jpg?resize=344%2C258\" alt=\"Olivos\" width=\"344\" height=\"258\" srcset=\"https:\/\/i0.wp.com\/centrodeolivaryaceite.com\/wp-content\/uploads\/2013\/09\/Olivos_by_Carolrok.jpg?w=1024&amp;ssl=1 1024w, https:\/\/i0.wp.com\/centrodeolivaryaceite.com\/wp-content\/uploads\/2013\/09\/Olivos_by_Carolrok.jpg?resize=300%2C225&amp;ssl=1 300w, https:\/\/i0.wp.com\/centrodeolivaryaceite.com\/wp-content\/uploads\/2013\/09\/Olivos_by_Carolrok.jpg?resize=768%2C576&amp;ssl=1 768w, https:\/\/i0.wp.com\/centrodeolivaryaceite.com\/wp-content\/uploads\/2013\/09\/Olivos_by_Carolrok.jpg?resize=510%2C382&amp;ssl=1 510w\" sizes=\"(max-width: 344px) 100vw, 344px\" \/><\/a><\/p>\n<p>No existe cultura de los aceites de oliva y desde el<strong> Centro de Interpretaci\u00f3n Olivar y Aceite, queremos potenciarla.<\/strong> Todav\u00eda hay muchas personas que nos visitan, que siguen pensando que los aceites de oliva suaves o intensos, los 0,4 \u00ba y 1\u00ba de antes, son los de mayor calidad, porque grandes marcas, se han encargado de transmitir eso. Hace ya muchos a\u00f1os, que se deber\u00edan haber puesto grandes campa\u00f1as informativas, desde el sector p\u00fablico y privado, sencillas para el consumidor, para explicar las diferentes denominaciones de los aceites de oliva y conceptos confusos, al igual que para explicar las propiedades saludables de los aceites de oliva virgen extra frente a otras grasas vegetales.<\/p>\n<p>El Centro de Interpretaci\u00f3n Olivar y Aceite, es un espacio de divulgaci\u00f3n , aprendizaje y entretenimiento alrededor de la cultura del olivar y del aceite de oliva virgen extra. Una experiencia \u00fanica que permite al visitante acercarse y profundizar en esta cultura milenaria y conocer las bondades del Aceite de Oliva Virgen Extra.<\/p>\n<p>Se encuentra en la hist\u00f3rica ciudad de \u00dabeda, declarada en el a\u00f1o 2003 por la Unesco, \u201cPatrimonio Cultural de la Humanidad. A las puertas de la zona monumental de esta Joya del Renacimiento Andaluz. Sin duda, una sinergia perfecta <i><strong>Renacimiento y Oleoturismo<\/strong>.<\/i><\/p>\n<p><a href=\"https:\/\/i0.wp.com\/centrodeolivaryaceite.com\/wp-content\/uploads\/2012\/10\/DSC2035.jpg\"><img data-recalc-dims=\"1\" loading=\"lazy\" decoding=\"async\" class=\"wp-image-1290 alignnone\" src=\"https:\/\/i0.wp.com\/centrodeolivaryaceite.com\/wp-content\/uploads\/2012\/10\/DSC2035.jpg?resize=294%2C184\" alt=\"_DSC2035\" width=\"294\" height=\"184\" srcset=\"https:\/\/i0.wp.com\/centrodeolivaryaceite.com\/wp-content\/uploads\/2012\/10\/DSC2035.jpg?resize=400%2C250&amp;ssl=1 400w, https:\/\/i0.wp.com\/centrodeolivaryaceite.com\/wp-content\/uploads\/2012\/10\/DSC2035.jpg?zoom=2&amp;resize=294%2C184&amp;ssl=1 588w, https:\/\/i0.wp.com\/centrodeolivaryaceite.com\/wp-content\/uploads\/2012\/10\/DSC2035.jpg?zoom=3&amp;resize=294%2C184&amp;ssl=1 882w\" sizes=\"(max-width: 294px) 100vw, 294px\" \/>\u00a0<\/a><a href=\"https:\/\/i0.wp.com\/centrodeolivaryaceite.com\/wp-content\/uploads\/2014\/06\/Tienda.jpg\"><img data-recalc-dims=\"1\" loading=\"lazy\" decoding=\"async\" class=\"alignnone wp-image-3324\" src=\"https:\/\/i0.wp.com\/centrodeolivaryaceite.com\/wp-content\/uploads\/2014\/06\/Tienda.jpg?resize=277%2C184\" alt=\"Tienda\" width=\"277\" height=\"184\" srcset=\"https:\/\/i0.wp.com\/centrodeolivaryaceite.com\/wp-content\/uploads\/2014\/06\/Tienda.jpg?w=960&amp;ssl=1 960w, https:\/\/i0.wp.com\/centrodeolivaryaceite.com\/wp-content\/uploads\/2014\/06\/Tienda.jpg?resize=300%2C200&amp;ssl=1 300w, https:\/\/i0.wp.com\/centrodeolivaryaceite.com\/wp-content\/uploads\/2014\/06\/Tienda.jpg?resize=768%2C512&amp;ssl=1 768w\" sizes=\"(max-width: 277px) 100vw, 277px\" \/><\/a><\/p>\n<p>Se encuentra situado en un edificio del S.XVII, de singular belleza \u201cCasa de la Tercia\u201d, donde conjugan pasado y presente. Una de las apuestas m\u00e1s decididas por el Oleoturismo en los \u00faltimos a\u00f1os en nuestro pa\u00eds.<\/p>\n<p>El Centro, ofrece visitas tanto guiadas como libres, para particulares y grupos de cualquier tipo. Tambi\u00e9n visitas guiadas en ingl\u00e9s y franc\u00e9s. Un viaje apasionante al mundo del aceite de la mano de gu\u00edas especializados.<\/p>\n<p><a href=\"https:\/\/i0.wp.com\/centrodeolivaryaceite.com\/wp-content\/uploads\/2014\/06\/visitas-a-Almazaras.jpg\"><img data-recalc-dims=\"1\" loading=\"lazy\" decoding=\"async\" class=\"alignnone wp-image-3340\" src=\"https:\/\/i0.wp.com\/centrodeolivaryaceite.com\/wp-content\/uploads\/2014\/06\/visitas-a-Almazaras.jpg?resize=253%2C189\" alt=\"visitas a Almazaras\" width=\"253\" height=\"189\" srcset=\"https:\/\/i0.wp.com\/centrodeolivaryaceite.com\/wp-content\/uploads\/2014\/06\/visitas-a-Almazaras.jpg?w=960&amp;ssl=1 960w, https:\/\/i0.wp.com\/centrodeolivaryaceite.com\/wp-content\/uploads\/2014\/06\/visitas-a-Almazaras.jpg?resize=300%2C225&amp;ssl=1 300w, https:\/\/i0.wp.com\/centrodeolivaryaceite.com\/wp-content\/uploads\/2014\/06\/visitas-a-Almazaras.jpg?resize=768%2C576&amp;ssl=1 768w, https:\/\/i0.wp.com\/centrodeolivaryaceite.com\/wp-content\/uploads\/2014\/06\/visitas-a-Almazaras.jpg?resize=510%2C382&amp;ssl=1 510w\" sizes=\"(max-width: 253px) 100vw, 253px\" \/>\u00a0\u00a0<\/a><a href=\"https:\/\/i0.wp.com\/centrodeolivaryaceite.com\/wp-content\/uploads\/2014\/06\/paseos-por-olivares.jpg\"><img data-recalc-dims=\"1\" loading=\"lazy\" decoding=\"async\" class=\"alignnone wp-image-3341\" src=\"https:\/\/i0.wp.com\/centrodeolivaryaceite.com\/wp-content\/uploads\/2014\/06\/paseos-por-olivares.jpg?resize=314%2C189\" alt=\"paseos por olivares\" width=\"314\" height=\"189\" srcset=\"https:\/\/i0.wp.com\/centrodeolivaryaceite.com\/wp-content\/uploads\/2014\/06\/paseos-por-olivares.jpg?w=960&amp;ssl=1 960w, https:\/\/i0.wp.com\/centrodeolivaryaceite.com\/wp-content\/uploads\/2014\/06\/paseos-por-olivares.jpg?resize=300%2C180&amp;ssl=1 300w, https:\/\/i0.wp.com\/centrodeolivaryaceite.com\/wp-content\/uploads\/2014\/06\/paseos-por-olivares.jpg?resize=768%2C460&amp;ssl=1 768w\" sizes=\"(max-width: 314px) 100vw, 314px\" \/><\/a><\/p>\n<p>En tu visita disfrutar\u00e1s de un espacio moderno e interactivo, donde a trav\u00e9s de paneles audiovisuales aprender\u00e1s todo lo que hay que saber sobre el Aceite de Oliva Virgen Extra: historia, elaboraci\u00f3n del aceite, variedades de aceitunas, gastronom\u00eda, usos del aceite, subproductos del olivar y beneficios para la salud\u2026<\/p>\n<p><span style=\"line-height: 1.5em;\">En el patio del Museo, existe un espacio dedicado a la historia, una exposici\u00f3n del modo de vida, maquinaria y utensilios del cultivo del olivo y la producci\u00f3n del aceite de oliva virgen extra, desde la antig\u00fcedad, donde conocer\u00e1s el proceso tradicional de elaboraci\u00f3n del aceite.<\/span><\/p>\n<p><a href=\"https:\/\/i0.wp.com\/centrodeolivaryaceite.com\/wp-content\/uploads\/2014\/06\/Visita-a-nuestro-museo.jpg\"><img data-recalc-dims=\"1\" loading=\"lazy\" decoding=\"async\" class=\"wp-image-3319 alignnone\" src=\"https:\/\/i0.wp.com\/centrodeolivaryaceite.com\/wp-content\/uploads\/2014\/06\/Visita-a-nuestro-museo.jpg?resize=287%2C218\" alt=\"Visita a nuestro museo\" width=\"287\" height=\"218\" \/><\/a>\u00a0\u00a0<a href=\"https:\/\/i0.wp.com\/centrodeolivaryaceite.com\/wp-content\/uploads\/2014\/06\/Museo.jpg\"><img data-recalc-dims=\"1\" loading=\"lazy\" decoding=\"async\" class=\"alignnone wp-image-3322\" src=\"https:\/\/i0.wp.com\/centrodeolivaryaceite.com\/wp-content\/uploads\/2014\/06\/Museo.jpg?resize=287%2C218\" alt=\"Museo\" width=\"287\" height=\"218\" \/><\/a><\/p>\n<p>El Centro tambi\u00e9n organiza numerosas actividades Oleotur\u00edsticas: Visitar un olivar, ver el proceso de recolecci\u00f3n de la aceituna, participar en la recogida de aceituna, visitar una almazara y conocer el proceso de elaboraci\u00f3n del aceite \u201cin situ\u201d, degustar un desayuno molinero o realizar una cata de aceite.<\/p>\n<p><img data-recalc-dims=\"1\" loading=\"lazy\" decoding=\"async\" class=\"alignnone wp-image-3325\" style=\"line-height: 1.5em;\" src=\"https:\/\/i0.wp.com\/centrodeolivaryaceite.com\/wp-content\/uploads\/2014\/06\/Catas-de-Aceite.jpg?resize=199%2C285\" alt=\"Catas de Aceite\" width=\"199\" height=\"285\" \/>\u00a0\u00a0<a href=\"https:\/\/i0.wp.com\/centrodeolivaryaceite.com\/wp-content\/uploads\/2014\/06\/Talleres-de-cocina-para-amateurs-y-profesionales.jpg\"><img data-recalc-dims=\"1\" loading=\"lazy\" decoding=\"async\" src=\"https:\/\/i0.wp.com\/centrodeolivaryaceite.com\/wp-content\/uploads\/2014\/06\/Talleres-de-cocina-para-amateurs-y-profesionales.jpg?resize=381%2C285\" alt=\"Talleres de cocina para amateurs y profesionales\" width=\"381\" height=\"285\" \/><\/a><\/p>\n<p>Tambi\u00e9n en tu visita podr\u00e1s realizar un Taller de cata de aceite, en el que te ense\u00f1amos el placer de descubrir la calidad sensorial, disfrutado y apreciando los aromas y sabores que ofrecen las diferentes variedades de aceitunas. Descubrir los secretos de la Cata de Aceite mediante m\u00e9todos sencillos, amenos y divertidos.<\/p>\n<p><a href=\"https:\/\/i0.wp.com\/centrodeolivaryaceite.com\/wp-content\/uploads\/2014\/06\/Cursos-de-Cata.jpg\"><img data-recalc-dims=\"1\" loading=\"lazy\" decoding=\"async\" class=\"alignnone wp-image-3326\" src=\"https:\/\/i0.wp.com\/centrodeolivaryaceite.com\/wp-content\/uploads\/2014\/06\/Cursos-de-Cata.jpg?resize=310%2C202\" alt=\"Cursos de Cata\" width=\"310\" height=\"202\" \/>\u00a0\u00a0<\/a><a href=\"https:\/\/i0.wp.com\/centrodeolivaryaceite.com\/wp-content\/uploads\/2014\/06\/cata-infantil.jpg\"><img data-recalc-dims=\"1\" loading=\"lazy\" decoding=\"async\" class=\"alignnone wp-image-3330\" src=\"https:\/\/i0.wp.com\/centrodeolivaryaceite.com\/wp-content\/uploads\/2014\/06\/cata-infantil.jpg?resize=266%2C202\" alt=\"cata infantil\" width=\"266\" height=\"202\" \/><\/a><\/p>\n<p>El Centro de Interpretaci\u00f3n, tiene entre otro de sus principales objetivos el difundir la cultura del olivar y el aceite entre los m\u00e1s peque\u00f1os, ya que son las generaciones futuras que deparar\u00e1n el destino de este cultivo y el de la provincia. Para ello cuenta con una sala infantil, y organiza actividades complementarias a la visita, para escolares: visitas a un olivar y la almazara, Talleres infantiles de cata de aceites, talleres de elaboraci\u00f3n de jabones, desayunos molineros, talleres de cocina de alimentaci\u00f3n saludable. Es importante inculcar a los ni\u00f1os, h\u00e1bitos saludables para una alimentaci\u00f3n sana y equilibrada, fundamental para un adecuado crecimiento y desarrollo, teniendo como protagonista al Aceite de Oliva Virgen Extra, pilar de la dieta mediterr\u00e1nea.<\/p>\n<p><a href=\"https:\/\/i0.wp.com\/centrodeolivaryaceite.com\/wp-content\/uploads\/2014\/06\/Visita-museo.jpg\"><img data-recalc-dims=\"1\" loading=\"lazy\" decoding=\"async\" class=\"aligncenter\" src=\"https:\/\/i0.wp.com\/centrodeolivaryaceite.com\/wp-content\/uploads\/2014\/06\/Visita-museo.jpg?resize=252%2C183\" alt=\"Visita museo\" width=\"252\" height=\"183\" \/><\/a><\/p>\n<p>Es fundamental ofrecer un Oleoturismo de calidad, para que el viajero, se vaya con <i>buen sabor de boca<\/i>, y desee volver pronto a nuestra provincia, para seguir disfrutando de esta tierra m\u00e1gica, la tierra del virgen extra.<br \/>\n[\/et_pb_text][et_pb_comments admin_label=&#8221;Comentarios&#8221; _builder_version=&#8221;4.16&#8243; use_border_color=&#8221;off&#8221; border_color=&#8221;#ffffff&#8221; border_style=&#8221;solid&#8221; button_letter_spacing_hover=&#8221;0&#8243; global_colors_info=&#8221;{}&#8221; button_text_size__hover_enabled=&#8221;off&#8221; button_one_text_size__hover_enabled=&#8221;off&#8221; button_two_text_size__hover_enabled=&#8221;off&#8221; button_text_color__hover_enabled=&#8221;off&#8221; button_one_text_color__hover_enabled=&#8221;off&#8221; button_two_text_color__hover_enabled=&#8221;off&#8221; button_border_width__hover_enabled=&#8221;off&#8221; button_one_border_width__hover_enabled=&#8221;off&#8221; button_two_border_width__hover_enabled=&#8221;off&#8221; button_border_color__hover_enabled=&#8221;off&#8221; button_one_border_color__hover_enabled=&#8221;off&#8221; button_two_border_color__hover_enabled=&#8221;off&#8221; button_border_radius__hover_enabled=&#8221;off&#8221; button_one_border_radius__hover_enabled=&#8221;off&#8221; button_two_border_radius__hover_enabled=&#8221;off&#8221; button_letter_spacing__hover_enabled=&#8221;on&#8221; button_letter_spacing__hover=&#8221;0&#8243; button_one_letter_spacing__hover_enabled=&#8221;off&#8221; button_two_letter_spacing__hover_enabled=&#8221;off&#8221; button_bg_color__hover_enabled=&#8221;off&#8221; button_one_bg_color__hover_enabled=&#8221;off&#8221; button_two_bg_color__hover_enabled=&#8221;off&#8221;] [\/et_pb_comments][\/et_pb_column_inner][\/et_pb_row_inner][\/et_pb_column][et_pb_column type=&#8221;1_3&#8243; _builder_version=&#8221;4.16&#8243; custom_padding=&#8221;|||&#8221; global_colors_info=&#8221;{}&#8221; custom_padding__hover=&#8221;|||&#8221;][et_pb_sidebar orientation=&#8221;right&#8221; area=&#8221;sidebar-1&#8243; admin_label=&#8221;Barra lateral&#8221; _builder_version=&#8221;4.16&#8243; remove_border=&#8221;off&#8221; global_colors_info=&#8221;{}&#8221;] [\/et_pb_sidebar][\/et_pb_column][\/et_pb_section][et_pb_section fb_built=&#8221;1&#8243; custom_padding_last_edited=&#8221;on|desktop&#8221; disabled_on=&#8221;on|on|on&#8221; admin_label=&#8221;Secci\u00f3n&#8221; _builder_version=&#8221;3.0.92&#8243; background_color=&#8221;#dedacf&#8221; custom_padding_tablet=&#8221;50px|0|50px|0&#8243; transparent_background=&#8221;off&#8221; padding_mobile=&#8221;off&#8221; make_fullwidth=&#8221;off&#8221; use_custom_width=&#8221;off&#8221; width_unit=&#8221;on&#8221; disabled=&#8221;on&#8221; global_module=&#8221;5116&#8243; collapsed=&#8221;off&#8221; global_colors_info=&#8221;{}&#8221; custom_padding_phone=&#8221;50px|0|50px|0&#8243;][et_pb_row _builder_version=&#8221;4.16&#8243; global_colors_info=&#8221;{}&#8221;][et_pb_column type=&#8221;4_4&#8243; _builder_version=&#8221;4.16&#8243; custom_padding=&#8221;|||&#8221; global_colors_info=&#8221;{}&#8221; custom_padding__hover=&#8221;|||&#8221;][\/et_pb_column][\/et_pb_row][\/et_pb_section][et_pb_section fb_built=&#8221;1&#8243; custom_padding_last_edited=&#8221;on|desktop&#8221; admin_label=&#8221;Secci\u00f3n&#8221; _builder_version=&#8221;3.22&#8243; background_color=&#8221;#ffffff&#8221; custom_padding=&#8221;10px||0px|&#8221; custom_padding_tablet=&#8221;50px|0|50px|0&#8243; transparent_background=&#8221;off&#8221; padding_mobile=&#8221;off&#8221; make_fullwidth=&#8221;off&#8221; use_custom_width=&#8221;off&#8221; width_unit=&#8221;on&#8221; global_module=&#8221;5115&#8243; collapsed=&#8221;off&#8221; global_colors_info=&#8221;{}&#8221; custom_padding_phone=&#8221;50px|0|50px|0&#8243;][et_pb_row padding_mobile=&#8221;off&#8221; column_padding_mobile=&#8221;on&#8221; _builder_version=&#8221;4.16&#8243; background_size=&#8221;initial&#8221; background_position=&#8221;top_left&#8221; background_repeat=&#8221;repeat&#8221; max_width=&#8221;1080px&#8221; custom_padding=&#8221;0px||0px|&#8221; make_fullwidth=&#8221;off&#8221; use_custom_width=&#8221;off&#8221; width_unit=&#8221;on&#8221; global_colors_info=&#8221;{}&#8221;][\/et_pb_row][\/et_pb_section]<\/p>\n","protected":false},"excerpt":{"rendered":"<p>Es dif\u00edcil explicar la historia de Ja\u00e9n y su realidad actual, sin tener en cuenta el papel del olivo y del aceite. El aceite de oliva virgen extra es cultura. Tenemos que posicionar a nuestra provincia no s\u00f3lo por su cantidad, sino por sus Aceites de Oliva Virgen Extra de calidad, y lo estamos consiguiendo. [&hellip;]<\/p>\n","protected":false},"author":1,"featured_media":43844,"comment_status":"open","ping_status":"open","sticky":false,"template":"","format":"standard","meta":{"_et_pb_use_builder":"on","_et_pb_old_content":"<p><span style=\"line-height: 1.5em;\">Es dif\u00edcil explicar la historia de Ja\u00e9n y su realidad actual, sin tener en cuenta el papel del olivo y del aceite. El aceite de oliva virgen extra es cultura.<\/span><\/p><p>Tenemos que posicionar a nuestra provincia no s\u00f3lo por su cantidad, sino por sus Aceites de Oliva Virgen Extra de calidad, y lo estamos consiguiendo. En los \u00faltimos a\u00f1os est\u00e1n proliferando numerosas marcas de aceites de alta gama, de alt\u00edsima calidad, poseedores de prestigiosos galardones, las cuales ya no s\u00f3lo pertenecen al sector privado, sino que cada vez m\u00e1s cooperativas elaboran aceites de calidad .<\/p><p>El <strong>Oleoturismo<\/strong> se ha convertido en los \u00faltimos tiempos en una nueva f\u00f3rmula de turismo demandado por los viajeros que desean descubrir rutas de sensaciones especiales y diferentes. Est\u00e1s en progresivo auge vivir experiencias viajeras, culturales y gastron\u00f3micas relacionadas con el aceite de oliva virgen extra.<\/p><p>En nuestra provincia existen rincones m\u00e1gicos, para gozar y disfrutar a trav\u00e9s de todos tus sentidos. Paisajes, edificios y lugares con encanto donde aprender m\u00e1s sobre la Cultura del Olivo.<\/p><p style=\"text-align: center;\"><a href=\"http:\/\/centrodeolivaryaceite.com\/wp-content\/uploads\/2013\/09\/Olivos_by_Carolrok.jpg\"><img class=\"aligncenter wp-image-2511\" src=\"http:\/\/centrodeolivaryaceite.com\/wp-content\/uploads\/2013\/09\/Olivos_by_Carolrok.jpg\" alt=\"Olivos\" width=\"344\" height=\"258\" \/><\/a><\/p><p>No existe cultura de los aceites de oliva y desde el<strong> Centro de Interpretaci\u00f3n Olivar y Aceite, queremos potenciarla.<\/strong> Todav\u00eda hay muchas personas que nos visitan, que siguen pensando que los aceites de oliva suaves o intensos, los 0,4 \u00ba y 1\u00ba de antes, son los de mayor calidad, porque grandes marcas, se han encargado de transmitir eso. Hace ya muchos a\u00f1os, que se deber\u00edan haber puesto grandes campa\u00f1as informativas, desde el sector p\u00fablico y privado, sencillas para el consumidor, para explicar las diferentes denominaciones de los aceites de oliva y conceptos confusos, al igual que para explicar las propiedades saludables de los aceites de oliva virgen extra frente a otras grasas vegetales.<\/p><p>El Centro de Interpretaci\u00f3n Olivar y Aceite, es un espacio de divulgaci\u00f3n , aprendizaje y entretenimiento alrededor de la cultura del olivar y del aceite de oliva virgen extra. Una experiencia \u00fanica que permite al visitante acercarse y profundizar en esta cultura milenaria y conocer las bondades del Aceite de Oliva Virgen Extra.<\/p><p>Se encuentra en la hist\u00f3rica ciudad de \u00dabeda, declarada en el a\u00f1o 2003 por la Unesco, \u201cPatrimonio Cultural de la Humanidad. A las puertas de la zona monumental de esta Joya del Renacimiento Andaluz. Sin duda, una sinergia perfecta <i><strong>Renacimiento y Oleoturismo<\/strong>.<\/i><\/p><p><a href=\"http:\/\/centrodeolivaryaceite.com\/wp-content\/uploads\/2012\/10\/DSC2035.jpg\"><img class=\"wp-image-1290 alignnone\" src=\"http:\/\/centrodeolivaryaceite.com\/wp-content\/uploads\/2012\/10\/DSC2035.jpg\" alt=\"_DSC2035\" width=\"294\" height=\"184\" \/>\u00a0<\/a><a href=\"http:\/\/centrodeolivaryaceite.com\/wp-content\/uploads\/2014\/06\/Tienda.jpg\"><img class=\"alignnone wp-image-3324\" src=\"http:\/\/centrodeolivaryaceite.com\/wp-content\/uploads\/2014\/06\/Tienda.jpg\" alt=\"Tienda\" width=\"277\" height=\"184\" \/><\/a><\/p><p>Se encuentra situado en un edificio del S.XVII, de singular belleza \u201cCasa de la Tercia\u201d, donde conjugan pasado y presente. Una de las apuestas m\u00e1s decididas por el Oleoturismo en los \u00faltimos a\u00f1os en nuestro pa\u00eds.<\/p><p>El Centro, ofrece visitas tanto guiadas como libres, para particulares y grupos de cualquier tipo. Tambi\u00e9n visitas guiadas en ingl\u00e9s y franc\u00e9s. Un viaje apasionante al mundo del aceite de la mano de gu\u00edas especializados.<\/p><p><a href=\"http:\/\/centrodeolivaryaceite.com\/wp-content\/uploads\/2014\/06\/visitas-a-Almazaras.jpg\"><img class=\"alignnone wp-image-3340\" src=\"http:\/\/centrodeolivaryaceite.com\/wp-content\/uploads\/2014\/06\/visitas-a-Almazaras.jpg\" alt=\"visitas a Almazaras\" width=\"253\" height=\"189\" \/>\u00a0\u00a0<\/a><a href=\"http:\/\/centrodeolivaryaceite.com\/wp-content\/uploads\/2014\/06\/paseos-por-olivares.jpg\"><img class=\"alignnone wp-image-3341\" src=\"http:\/\/centrodeolivaryaceite.com\/wp-content\/uploads\/2014\/06\/paseos-por-olivares.jpg\" alt=\"paseos por olivares\" width=\"314\" height=\"189\" \/><\/a><\/p><p>En tu visita disfrutar\u00e1s de un espacio moderno e interactivo, donde a trav\u00e9s de paneles audiovisuales aprender\u00e1s todo lo que hay que saber sobre el Aceite de Oliva Virgen Extra: historia, elaboraci\u00f3n del aceite, variedades de aceitunas, gastronom\u00eda, usos del aceite, subproductos del olivar y beneficios para la salud\u2026<\/p><p><span style=\"line-height: 1.5em;\">En el patio del Museo, existe un espacio dedicado a la historia, una exposici\u00f3n del modo de vida, maquinaria y utensilios del cultivo del olivo y la producci\u00f3n del aceite de oliva virgen extra, desde la antig\u00fcedad, donde conocer\u00e1s el proceso tradicional de elaboraci\u00f3n del aceite.<\/span><\/p><p><a href=\"https:\/\/centrodeolivaryaceite.com\/wp-content\/uploads\/2014\/06\/Visita-a-nuestro-museo.jpg\"><img class=\"wp-image-3319 alignnone\" src=\"https:\/\/centrodeolivaryaceite.com\/wp-content\/uploads\/2014\/06\/Visita-a-nuestro-museo.jpg\" alt=\"Visita a nuestro museo\" width=\"287\" height=\"218\" \/><\/a>\u00a0\u00a0<a href=\"http:\/\/centrodeolivaryaceite.com\/wp-content\/uploads\/2014\/06\/Museo.jpg\"><img class=\"alignnone wp-image-3322\" src=\"http:\/\/centrodeolivaryaceite.com\/wp-content\/uploads\/2014\/06\/Museo.jpg\" alt=\"Museo\" width=\"287\" height=\"218\" \/><\/a><\/p><p>El Centro tambi\u00e9n organiza numerosas actividades Oleotur\u00edsticas: Visitar un olivar, ver el proceso de recolecci\u00f3n de la aceituna, participar en la recogida de aceituna, visitar una almazara y conocer el proceso de elaboraci\u00f3n del aceite \u201cin situ\u201d, degustar un desayuno molinero o realizar una cata de aceite.<\/p><p><img class=\"alignnone wp-image-3325\" style=\"line-height: 1.5em;\" src=\"http:\/\/centrodeolivaryaceite.com\/wp-content\/uploads\/2014\/06\/Catas-de-Aceite.jpg\" alt=\"Catas de Aceite\" width=\"199\" height=\"285\" \/>\u00a0\u00a0<a href=\"http:\/\/centrodeolivaryaceite.com\/wp-content\/uploads\/2014\/06\/Talleres-de-cocina-para-amateurs-y-profesionales.jpg\"><img src=\"http:\/\/centrodeolivaryaceite.com\/wp-content\/uploads\/2014\/06\/Talleres-de-cocina-para-amateurs-y-profesionales.jpg\" alt=\"Talleres de cocina para amateurs y profesionales\" width=\"381\" height=\"285\" \/><\/a><\/p><p>Tambi\u00e9n en tu visita podr\u00e1s realizar un Taller de cata de aceite, en el que te ense\u00f1amos el placer de descubrir la calidad sensorial, disfrutado y apreciando los aromas y sabores que ofrecen las diferentes variedades de aceitunas. Descubrir los secretos de la Cata de Aceite mediante m\u00e9todos sencillos, amenos y divertidos.<\/p><p><a href=\"http:\/\/centrodeolivaryaceite.com\/wp-content\/uploads\/2014\/06\/Cursos-de-Cata.jpg\"><img class=\"alignnone wp-image-3326\" src=\"http:\/\/centrodeolivaryaceite.com\/wp-content\/uploads\/2014\/06\/Cursos-de-Cata.jpg\" alt=\"Cursos de Cata\" width=\"310\" height=\"202\" \/>\u00a0\u00a0<\/a><a href=\"http:\/\/centrodeolivaryaceite.com\/wp-content\/uploads\/2014\/06\/cata-infantil.jpg\"><img class=\"alignnone wp-image-3330\" src=\"http:\/\/centrodeolivaryaceite.com\/wp-content\/uploads\/2014\/06\/cata-infantil.jpg\" alt=\"cata infantil\" width=\"266\" height=\"202\" \/><\/a><\/p><p>El Centro de Interpretaci\u00f3n, tiene entre otro de sus principales objetivos el difundir la cultura del olivar y el aceite entre los m\u00e1s peque\u00f1os, ya que son las generaciones futuras que deparar\u00e1n el destino de este cultivo y el de la provincia. Para ello cuenta con una sala infantil, y organiza actividades complementarias a la visita, para escolares: visitas a un olivar y la almazara, Talleres infantiles de cata de aceites, talleres de elaboraci\u00f3n de jabones, desayunos molineros, talleres de cocina de alimentaci\u00f3n saludable. Es importante inculcar a los ni\u00f1os, h\u00e1bitos saludables para una alimentaci\u00f3n sana y equilibrada, fundamental para un adecuado crecimiento y desarrollo, teniendo como protagonista al Aceite de Oliva Virgen Extra, pilar de la dieta mediterr\u00e1nea.<\/p><p><a href=\"http:\/\/centrodeolivaryaceite.com\/wp-content\/uploads\/2014\/06\/Visita-museo.jpg\"><img src=\"http:\/\/centrodeolivaryaceite.com\/wp-content\/uploads\/2014\/06\/Visita-museo.jpg\" alt=\"Visita museo\" width=\"252\" height=\"183\" \/><\/a>\u00a0<a href=\"http:\/\/centrodeolivaryaceite.com\/wp-content\/uploads\/2014\/06\/Talleres-de-cocina-de-ni\u00f1os.jpg\"><img src=\"http:\/\/centrodeolivaryaceite.com\/wp-content\/uploads\/2014\/06\/Talleres-de-cocina-de-ni\u00f1os.jpg\" alt=\"Talleres de cocina de ni\u00f1os\" width=\"323\" height=\"183\" \/><\/a><\/p><p>Es fundamental ofrecer un Oleoturismo de calidad, para que el viajero, se vaya con <i>buen sabor de boca<\/i>, y desee volver pronto a nuestra provincia, para seguir disfrutando de esta tierra m\u00e1gica, la tierra del virgen extra.<\/p>","_et_gb_content_width":"","_jetpack_memberships_contains_paid_content":false,"footnotes":""},"categories":[27,77],"tags":[],"class_list":["post-43842","post","type-post","status-publish","format-standard","has-post-thumbnail","hentry","category-general-en","category-oleoturismo-en"],"jetpack_featured_media_url":"https:\/\/i0.wp.com\/centrodeolivaryaceite.com\/wp-content\/uploads\/2014\/06\/oleoturismo.jpg?fit=960%2C720&ssl=1","jetpack_sharing_enabled":true,"jetpack_shortlink":"https:\/\/wp.me\/p95A9q-bp8","_links":{"self":[{"href":"https:\/\/centrodeolivaryaceite.com\/en\/wp-json\/wp\/v2\/posts\/43842\/"}],"collection":[{"href":"https:\/\/centrodeolivaryaceite.com\/en\/wp-json\/wp\/v2\/posts\/"}],"about":[{"href":"https:\/\/centrodeolivaryaceite.com\/en\/wp-json\/wp\/v2\/types\/post\/"}],"author":[{"embeddable":true,"href":"https:\/\/centrodeolivaryaceite.com\/en\/wp-json\/wp\/v2\/users\/1\/"}],"replies":[{"embeddable":true,"href":"https:\/\/centrodeolivaryaceite.com\/en\/wp-json\/wp\/v2\/comments\/?post=43842"}],"version-history":[{"count":1,"href":"https:\/\/centrodeolivaryaceite.com\/en\/wp-json\/wp\/v2\/posts\/43842\/revisions\/"}],"predecessor-version":[{"id":43845,"href":"https:\/\/centrodeolivaryaceite.com\/en\/wp-json\/wp\/v2\/posts\/43842\/revisions\/43845\/"}],"wp:featuredmedia":[{"embeddable":true,"href":"https:\/\/centrodeolivaryaceite.com\/en\/wp-json\/wp\/v2\/media\/43844\/"}],"wp:attachment":[{"href":"https:\/\/centrodeolivaryaceite.com\/en\/wp-json\/wp\/v2\/media\/?parent=43842"}],"wp:term":[{"taxonomy":"category","embeddable":true,"href":"https:\/\/centrodeolivaryaceite.com\/en\/wp-json\/wp\/v2\/categories\/?post=43842"},{"taxonomy":"post_tag","embeddable":true,"href":"https:\/\/centrodeolivaryaceite.com\/en\/wp-json\/wp\/v2\/tags\/?post=43842"}],"curies":[{"name":"wp","href":"https:\/\/api.w.org\/{rel}","templated":true}]}}