{"id":43852,"date":"2014-06-22T10:38:12","date_gmt":"2014-06-22T10:38:12","guid":{"rendered":"https:\/\/centrodeolivaryaceite.com\/arbequina-una-variedad-en-expansion\/"},"modified":"2023-03-14T09:07:00","modified_gmt":"2023-03-14T09:07:00","slug":"arbequina-una-variedad-en-expansion","status":"publish","type":"post","link":"https:\/\/centrodeolivaryaceite.com\/en\/arbequina-una-variedad-en-expansion\/","title":{"rendered":"Arbequina, una variedad en expansi\u00f3n"},"content":{"rendered":"<p>[et_pb_section fb_built=&#8221;1&#8243; fullwidth=&#8221;on&#8221; custom_padding_last_edited=&#8221;on|desktop&#8221; admin_label=&#8221;Secci\u00f3n&#8221; _builder_version=&#8221;3.22&#8243; background_color=&#8221;#ffffff&#8221; background_image=&#8221;http:\/\/centrodeolivaryaceite.com\/wp-content\/uploads\/2016\/06\/page_header_bg_blue.jpg&#8221; custom_padding_tablet=&#8221;50px|0|50px|0&#8243; transparent_background=&#8221;off&#8221; padding_mobile=&#8221;off&#8221; make_fullwidth=&#8221;off&#8221; use_custom_width=&#8221;off&#8221; width_unit=&#8221;on&#8221; global_module=&#8221;5294&#8243; locked=&#8221;off&#8221; collapsed=&#8221;off&#8221; global_colors_info=&#8221;{}&#8221; custom_padding_phone=&#8221;50px|0|50px|0&#8243;][et_pb_fullwidth_post_title meta=&#8221;off&#8221; featured_image=&#8221;off&#8221; text_color=&#8221;light&#8221; text_background=&#8221;on&#8221; text_bg_color=&#8221;rgba(28,28,28,0.43)&#8221; admin_label=&#8221;T\u00edtulo&#8221; _builder_version=&#8221;4.17.6&#8243; _module_preset=&#8221;default&#8221; title_font=&#8221;Roboto Light||||&#8221; title_font_size=&#8221;35px&#8221; title_all_caps=&#8221;on&#8221; background_color=&#8221;rgba(255,255,255,0)&#8221; parallax=&#8221;on&#8221; parallax_method=&#8221;off&#8221; text_orientation=&#8221;center&#8221; use_border_color=&#8221;off&#8221; border_color=&#8221;#ffffff&#8221; border_style=&#8221;solid&#8221; parallax_effect=&#8221;on&#8221; module_bg_color=&#8221;rgba(255,255,255,0)&#8221; global_colors_info=&#8221;{}&#8221;][\/et_pb_fullwidth_post_title][\/et_pb_section][et_pb_section fb_built=&#8221;1&#8243; custom_padding_last_edited=&#8221;on|desktop&#8221; admin_label=&#8221;Secci\u00f3n&#8221; _builder_version=&#8221;4.16&#8243; background_color=&#8221;#ffffff&#8221; custom_padding=&#8221;10px|||&#8221; custom_padding_tablet=&#8221;50px|0|50px|0&#8243; transparent_background=&#8221;off&#8221; padding_mobile=&#8221;off&#8221; make_fullwidth=&#8221;off&#8221; use_custom_width=&#8221;off&#8221; width_unit=&#8221;on&#8221; global_colors_info=&#8221;{}&#8221; custom_padding_phone=&#8221;50px|0|50px|0&#8243;][et_pb_row padding_mobile=&#8221;off&#8221; column_padding_mobile=&#8221;on&#8221; admin_label=&#8221;Fila&#8221; _builder_version=&#8221;4.16&#8243; background_size=&#8221;initial&#8221; background_position=&#8221;top_left&#8221; background_repeat=&#8221;repeat&#8221; custom_padding=&#8221;10px|||&#8221; make_fullwidth=&#8221;off&#8221; use_custom_width=&#8221;off&#8221; width_unit=&#8221;on&#8221; global_colors_info=&#8221;{}&#8221;][et_pb_column type=&#8221;4_4&#8243; _builder_version=&#8221;4.16&#8243; custom_padding=&#8221;|||&#8221; global_colors_info=&#8221;{}&#8221; custom_padding__hover=&#8221;|||&#8221;][et_pb_post_title title=&#8221;off&#8221; admin_label=&#8221;T\u00edtulo de publicaci\u00f3n&#8221; _builder_version=&#8221;4.16&#8243; title_all_caps=&#8221;off&#8221; background_color=&#8221;rgba(255,255,255,0)&#8221; parallax=&#8221;on&#8221; parallax_method=&#8221;off&#8221; use_border_color=&#8221;off&#8221; border_color=&#8221;#ffffff&#8221; border_style=&#8221;solid&#8221; parallax_effect=&#8221;on&#8221; module_bg_color=&#8221;rgba(255,255,255,0)&#8221; global_colors_info=&#8221;{}&#8221;] [\/et_pb_post_title][\/et_pb_column][\/et_pb_row][\/et_pb_section][et_pb_section fb_built=&#8221;1&#8243; specialty=&#8221;on&#8221; custom_padding_last_edited=&#8221;on|desktop&#8221; parallax_method_1=&#8221;off&#8221; parallax_method_2=&#8221;off&#8221; admin_label=&#8221;Secci\u00f3n&#8221; _builder_version=&#8221;4.16&#8243; background_color=&#8221;#ffffff&#8221; custom_padding=&#8221;10px|||&#8221; custom_padding_tablet=&#8221;50px|0|50px|0&#8243; transparent_background=&#8221;off&#8221; padding_mobile=&#8221;off&#8221; make_fullwidth=&#8221;off&#8221; use_custom_width=&#8221;off&#8221; width_unit=&#8221;on&#8221; global_colors_info=&#8221;{}&#8221; custom_padding_phone=&#8221;50px|0|50px|0&#8243;][et_pb_column type=&#8221;2_3&#8243; specialty_columns=&#8221;2&#8243; _builder_version=&#8221;4.16&#8243; custom_padding=&#8221;|||&#8221; global_colors_info=&#8221;{}&#8221; custom_padding__hover=&#8221;|||&#8221;][et_pb_row_inner padding_mobile=&#8221;off&#8221; column_padding_mobile=&#8221;on&#8221; admin_label=&#8221;Fila&#8221; _builder_version=&#8221;4.16&#8243; custom_padding=&#8221;0px|||&#8221; global_colors_info=&#8221;{}&#8221;][et_pb_column_inner saved_specialty_column_type=&#8221;2_3&#8243; _builder_version=&#8221;4.16&#8243; custom_padding=&#8221;|||&#8221; global_colors_info=&#8221;{}&#8221; custom_padding__hover=&#8221;|||&#8221;][et_pb_text admin_label=&#8221;Text&#8221; _builder_version=&#8221;4.16&#8243; background_size=&#8221;initial&#8221; background_position=&#8221;top_left&#8221; background_repeat=&#8221;repeat&#8221; global_colors_info=&#8221;{}&#8221;]La <strong>arbequina<\/strong> es una variedad de olivo que procede de Palestina y su introducci\u00f3n en Espa\u00f1a se atribuye al duque de Medinaceli en el siglo XVII. Se tiene constancia de que el duque viv\u00eda en el castillo-palacio de Arbeca, Catalu\u00f1a, y se supone que este es el origen adem\u00e1s que recibe esta variedad en honor al municipio donde el duque resid\u00eda.\u00a0Hoy en d\u00eda es la variedad m\u00e1s plantada en Espa\u00f1a y posiblemente en el mundo debido a su buena adaptaci\u00f3n a sistemas de cultivo de alta densidad, cultivos superintensivos, y que son los m\u00e1s \u00a0mecanizados. <strong>El aceite de oliva que se vende con esta variedad<\/strong> es muy aceptado fuera de nuestras fronteras. \u00a0<span style=\"line-height: 1.5em;\">A continuaci\u00f3n os facilitamos algunos datos interesantes sobre esta variedad:<\/span><\/p>\n<p style=\"text-align: center;\">DENOMINACI\u00d3N Y SINONIMIAS<\/p>\n<p>Topon\u00edmico de Arbeca, localidad de L\u00e9rida donde se supone que se inici\u00f3 su cultivo. Existe otra sinonimia que es la denominaci\u00f3n Blanca en Barbastro.<\/p>\n<p style=\"text-align: center;\">ZONIFICACI\u00d3N<\/p>\n<p>La Arbequina es la variedad m\u00e1s importante de Catalu\u00f1a donde actualmente ocupa m\u00e1s de 55.000 ha. Es la variedad base de las Denominaciones de Origen catalanas \u201cLes Garrigues\u201d (Lleida) y \u201cSiurana\u201d (Tarragona).\u00a0No obstante, se encuentra con facilidad en Arag\u00f3n y desde hace pocos a\u00f1os en Andaluc\u00eda, donde \u00a0es una de las variedades que m\u00e1s se utiliza para nuevas plantaciones ocupando m\u00e1s de 20.000 ha en plantaciones intensivas. Fuera de nuestras fronteras se ecuentran poblaciones de esta variedad en Argentina y Uruguay.<\/p>\n<p style=\"text-align: center;\">CONSIDERACIONES AGRON\u00d3MICAS<\/p>\n<p>Esta variedad se caracteriza por un poder de enraizamiento alto, por un vigor reducido y por\u00a0una precoz entrada en producci\u00f3n, lo que la hace ideal para su uso en en plantaciones intensivas que buscan altas y regulares producciones. Respecto a su \u00e9poca de floraci\u00f3n se puede decir que es media y adem\u00e1s es considerada autocompatible. A tener en cuenta en la cosecha, es que la fuerza de retenci\u00f3n del fruto es media, esto unido a su peque\u00f1o tama\u00f1o hace dif\u00edcil la recolecci\u00f3n mec\u00e1nica con vibrador de troncos. No obstante, al hablar del zumo que produce, \u00a0su rendimiento graso es elevado y la calidad de su aceite es excelente, principalmente por sus buenas caracter\u00edsticas organol\u00e9pticas. Desgraciadamente su estabilidad es baja, lo que provoca que pierda estas excelentes propiedades con facilidad. Agron\u00f3micamente es una variedad resistente al fr\u00edo, tolerante a la salinidad y susceptible a la clorosis f\u00e9rrica en terrenos muy calizos. Respecto a las plagas y enfermedades, es considerada sensible a la mosca y verticilosis y tolerante al repilo.<\/p>\n<p>&nbsp;<\/p>\n<p style=\"text-align: center;\">Caracter\u00edsticas del \u00e1rbol:<br \/>\nVIGOR: bajo<br \/>\nPORTE: abierto<br \/>\nDENSIDAD DE COPA: media<\/p>\n<p><a href=\"http:\/\/centrodeolivaryaceite.com\/wp-content\/uploads\/2014\/05\/aceituna.jpg\"><br \/>\n<\/a><a href=\"http:\/\/centrodeolivaryaceite.com\/wp-content\/uploads\/2014\/05\/hoja.png\"><br \/>\n<\/a><a href=\"https:\/\/i0.wp.com\/centrodeolivaryaceite.com\/wp-content\/uploads\/2014\/06\/arbequina.jpg\"><img data-recalc-dims=\"1\" loading=\"lazy\" decoding=\"async\" class=\"wp-image-3382 aligncenter\" src=\"https:\/\/i0.wp.com\/centrodeolivaryaceite.com\/wp-content\/uploads\/2014\/06\/arbequina.jpg?resize=393%2C260\" alt=\"arbequina\" width=\"393\" height=\"260\" srcset=\"https:\/\/i0.wp.com\/centrodeolivaryaceite.com\/wp-content\/uploads\/2014\/06\/arbequina.jpg?w=655&amp;ssl=1 655w, https:\/\/i0.wp.com\/centrodeolivaryaceite.com\/wp-content\/uploads\/2014\/06\/arbequina.jpg?resize=300%2C199&amp;ssl=1 300w\" sizes=\"(max-width: 393px) 100vw, 393px\" \/><\/a><\/p>\n<p style=\"text-align: center;\">Caracter\u00edsticas de la hoja:<br \/>\nFORMA: el\u00edptico-lanceolada<br \/>\nLONGITUD: media<br \/>\nANCHURA: media<\/p>\n<p style=\"text-align: center;\"><a href=\"https:\/\/i0.wp.com\/centrodeolivaryaceite.com\/wp-content\/uploads\/2014\/06\/hoja-arbequina.png\"><img data-recalc-dims=\"1\" loading=\"lazy\" decoding=\"async\" src=\"https:\/\/i0.wp.com\/centrodeolivaryaceite.com\/wp-content\/uploads\/2014\/06\/hoja-arbequina.png?resize=171%2C225\" alt=\"hoja arbequina\" width=\"171\" height=\"225\" \/><\/a><\/p>\n<p style=\"text-align: center;\">Caracter\u00edsticas del fruto:<br \/>\nPESO: medio<br \/>\nFORMA: ovoidal<br \/>\nGRADO DE SIMETR\u00cdA: asim\u00e9trico<br \/>\nDI\u00c1METRO TRANSVERSAL M\u00c1XIMO: centrado<br \/>\nGRADO DE SIMETR\u00cdA (B): sim\u00e9trico-ligeramente asim\u00e9trico<br \/>\n\u00c1PICE: redondeado<br \/>\nBASE: truncada<br \/>\nPEZ\u00d3N: ausente o esbozado<br \/>\nCOLOR EN MADURACI\u00d3N: negro<\/p>\n<p>&nbsp;<\/p>\n<p style=\"text-align: center;\">\u00a0<a href=\"https:\/\/i0.wp.com\/centrodeolivaryaceite.com\/wp-content\/uploads\/2014\/06\/aceituna-arbequina.png\"><img data-recalc-dims=\"1\" loading=\"lazy\" decoding=\"async\" src=\"https:\/\/i0.wp.com\/centrodeolivaryaceite.com\/wp-content\/uploads\/2014\/06\/aceituna-arbequina.png?resize=212%2C185\" alt=\"aceituna arbequina\" width=\"212\" height=\"185\" \/><\/a><\/p>\n<p>[\/et_pb_text][et_pb_comments admin_label=&#8221;Comentarios&#8221; _builder_version=&#8221;4.16&#8243; use_border_color=&#8221;off&#8221; border_color=&#8221;#ffffff&#8221; border_style=&#8221;solid&#8221; button_letter_spacing_hover=&#8221;0&#8243; global_colors_info=&#8221;{}&#8221; button_text_size__hover_enabled=&#8221;off&#8221; button_one_text_size__hover_enabled=&#8221;off&#8221; button_two_text_size__hover_enabled=&#8221;off&#8221; button_text_color__hover_enabled=&#8221;off&#8221; button_one_text_color__hover_enabled=&#8221;off&#8221; button_two_text_color__hover_enabled=&#8221;off&#8221; button_border_width__hover_enabled=&#8221;off&#8221; button_one_border_width__hover_enabled=&#8221;off&#8221; button_two_border_width__hover_enabled=&#8221;off&#8221; button_border_color__hover_enabled=&#8221;off&#8221; button_one_border_color__hover_enabled=&#8221;off&#8221; button_two_border_color__hover_enabled=&#8221;off&#8221; button_border_radius__hover_enabled=&#8221;off&#8221; button_one_border_radius__hover_enabled=&#8221;off&#8221; button_two_border_radius__hover_enabled=&#8221;off&#8221; button_letter_spacing__hover_enabled=&#8221;on&#8221; button_letter_spacing__hover=&#8221;0&#8243; button_one_letter_spacing__hover_enabled=&#8221;off&#8221; button_two_letter_spacing__hover_enabled=&#8221;off&#8221; button_bg_color__hover_enabled=&#8221;off&#8221; button_one_bg_color__hover_enabled=&#8221;off&#8221; button_two_bg_color__hover_enabled=&#8221;off&#8221;] [\/et_pb_comments][\/et_pb_column_inner][\/et_pb_row_inner][\/et_pb_column][et_pb_column type=&#8221;1_3&#8243; _builder_version=&#8221;4.16&#8243; custom_padding=&#8221;|||&#8221; global_colors_info=&#8221;{}&#8221; custom_padding__hover=&#8221;|||&#8221;][et_pb_sidebar orientation=&#8221;right&#8221; area=&#8221;sidebar-1&#8243; admin_label=&#8221;Barra lateral&#8221; _builder_version=&#8221;4.16&#8243; remove_border=&#8221;off&#8221; global_colors_info=&#8221;{}&#8221;] [\/et_pb_sidebar][\/et_pb_column][\/et_pb_section][et_pb_section fb_built=&#8221;1&#8243; custom_padding_last_edited=&#8221;on|desktop&#8221; disabled_on=&#8221;on|on|on&#8221; admin_label=&#8221;Secci\u00f3n&#8221; _builder_version=&#8221;3.0.92&#8243; background_color=&#8221;#dedacf&#8221; custom_padding_tablet=&#8221;50px|0|50px|0&#8243; transparent_background=&#8221;off&#8221; padding_mobile=&#8221;off&#8221; make_fullwidth=&#8221;off&#8221; use_custom_width=&#8221;off&#8221; width_unit=&#8221;on&#8221; disabled=&#8221;on&#8221; global_module=&#8221;5116&#8243; collapsed=&#8221;off&#8221; global_colors_info=&#8221;{}&#8221; custom_padding_phone=&#8221;50px|0|50px|0&#8243;][et_pb_row _builder_version=&#8221;4.16&#8243; global_colors_info=&#8221;{}&#8221;][et_pb_column type=&#8221;4_4&#8243; _builder_version=&#8221;4.16&#8243; custom_padding=&#8221;|||&#8221; global_colors_info=&#8221;{}&#8221; custom_padding__hover=&#8221;|||&#8221;][\/et_pb_column][\/et_pb_row][\/et_pb_section][et_pb_section fb_built=&#8221;1&#8243; custom_padding_last_edited=&#8221;on|desktop&#8221; admin_label=&#8221;Secci\u00f3n&#8221; _builder_version=&#8221;3.22&#8243; background_color=&#8221;#ffffff&#8221; custom_padding=&#8221;10px||0px|&#8221; custom_padding_tablet=&#8221;50px|0|50px|0&#8243; transparent_background=&#8221;off&#8221; padding_mobile=&#8221;off&#8221; make_fullwidth=&#8221;off&#8221; use_custom_width=&#8221;off&#8221; width_unit=&#8221;on&#8221; global_module=&#8221;5115&#8243; collapsed=&#8221;off&#8221; global_colors_info=&#8221;{}&#8221; custom_padding_phone=&#8221;50px|0|50px|0&#8243;][et_pb_row padding_mobile=&#8221;off&#8221; column_padding_mobile=&#8221;on&#8221; _builder_version=&#8221;4.16&#8243; background_size=&#8221;initial&#8221; background_position=&#8221;top_left&#8221; background_repeat=&#8221;repeat&#8221; max_width=&#8221;1080px&#8221; custom_padding=&#8221;0px||0px|&#8221; make_fullwidth=&#8221;off&#8221; use_custom_width=&#8221;off&#8221; width_unit=&#8221;on&#8221; global_colors_info=&#8221;{}&#8221;][\/et_pb_row][\/et_pb_section]<\/p>\n","protected":false},"excerpt":{"rendered":"<p>La arbequina es una variedad de olivo que procede de Palestina y su introducci\u00f3n en Espa\u00f1a se atribuye al duque de Medinaceli en el siglo XVII. Se tiene constancia de que el duque viv\u00eda en el castillo-palacio de Arbeca, Catalu\u00f1a, y se supone que este es el origen adem\u00e1s que recibe esta variedad en honor [&hellip;]<\/p>\n","protected":false},"author":1,"featured_media":43854,"comment_status":"open","ping_status":"open","sticky":false,"template":"","format":"standard","meta":{"_et_pb_use_builder":"on","_et_pb_old_content":"<p>La <strong>arbequina<\/strong> es una variedad de olivo que procede de Palestina y su introducci\u00f3n en Espa\u00f1a se atribuye al duque de Medinaceli en el siglo XVII. Se tiene constancia de que el duque viv\u00eda en el castillo-palacio de Arbeca, Catalu\u00f1a, y se supone que este es el origen adem\u00e1s que recibe esta variedad en honor al municipio donde el duque resid\u00eda.\u00a0Hoy en d\u00eda es la variedad m\u00e1s plantada en Espa\u00f1a y posiblemente en el mundo debido a su buena adaptaci\u00f3n a sistemas de cultivo de alta densidad, cultivos superintensivos, y que son los m\u00e1s \u00a0mecanizados. <strong>El aceite de oliva que se vende con esta variedad<\/strong> es muy aceptado fuera de nuestras fronteras. \u00a0<span style=\"line-height: 1.5em;\">A continuaci\u00f3n os facilitamos algunos datos interesantes sobre esta variedad:<\/span><\/p><p style=\"text-align: center;\">DENOMINACI\u00d3N Y SINONIMIAS<\/p><p>Topon\u00edmico de Arbeca, localidad de L\u00e9rida donde se supone que se inici\u00f3 su cultivo. Existe otra sinonimia que es la denominaci\u00f3n Blanca en Barbastro.<\/p><p style=\"text-align: center;\">ZONIFICACI\u00d3N<\/p><p>La Arbequina es la variedad m\u00e1s importante de Catalu\u00f1a donde actualmente ocupa m\u00e1s de 55.000 ha. Es la variedad base de las Denominaciones de Origen catalanas \u201cLes Garrigues\u201d (Lleida) y \u201cSiurana\u201d (Tarragona).\u00a0No obstante, se encuentra con facilidad en Arag\u00f3n y desde hace pocos a\u00f1os en Andaluc\u00eda, donde \u00a0es una de las variedades que m\u00e1s se utiliza para nuevas plantaciones ocupando m\u00e1s de 20.000 ha en plantaciones intensivas. Fuera de nuestras fronteras se ecuentran poblaciones de esta variedad en Argentina y Uruguay.<\/p><p style=\"text-align: center;\">CONSIDERACIONES AGRON\u00d3MICAS<\/p><p>Esta variedad se caracteriza por un poder de enraizamiento alto, por un vigor reducido y por\u00a0una precoz entrada en producci\u00f3n, lo que la hace ideal para su uso en en plantaciones intensivas que buscan altas y regulares producciones. Respecto a su \u00e9poca de floraci\u00f3n se puede decir que es media y adem\u00e1s es considerada autocompatible. A tener en cuenta en la cosecha, es que la fuerza de retenci\u00f3n del fruto es media, esto unido a su peque\u00f1o tama\u00f1o hace dif\u00edcil la recolecci\u00f3n mec\u00e1nica con vibrador de troncos. No obstante, al hablar del zumo que produce, \u00a0su rendimiento graso es elevado y la calidad de su aceite es excelente, principalmente por sus buenas caracter\u00edsticas organol\u00e9pticas. Desgraciadamente su estabilidad es baja, lo que provoca que pierda estas excelentes propiedades con facilidad. Agron\u00f3micamente es una variedad resistente al fr\u00edo, tolerante a la salinidad y susceptible a la clorosis f\u00e9rrica en terrenos muy calizos. Respecto a las plagas y enfermedades, es considerada sensible a la mosca y verticilosis y tolerante al repilo.<\/p><p>\u00a0<\/p><p style=\"text-align: center;\">Caracter\u00edsticas del \u00e1rbol:<br \/> VIGOR: bajo<br \/> PORTE: abierto<br \/> DENSIDAD DE COPA: media<\/p><p><a href=\"http:\/\/centrodeolivaryaceite.com\/wp-content\/uploads\/2014\/05\/aceituna.jpg\"><br \/> <\/a><a href=\"http:\/\/centrodeolivaryaceite.com\/wp-content\/uploads\/2014\/05\/hoja.png\"><br \/> <\/a><a href=\"http:\/\/centrodeolivaryaceite.com\/wp-content\/uploads\/2014\/06\/arbequina.jpg\"><img class=\"wp-image-3382 aligncenter\" src=\"http:\/\/centrodeolivaryaceite.com\/wp-content\/uploads\/2014\/06\/arbequina.jpg\" alt=\"arbequina\" width=\"393\" height=\"260\" \/><\/a><\/p><p style=\"text-align: center;\">Caracter\u00edsticas de la hoja:<br \/> FORMA: el\u00edptico-lanceolada<br \/> LONGITUD: media<br \/> ANCHURA: media<\/p><p style=\"text-align: center;\"><a href=\"http:\/\/centrodeolivaryaceite.com\/wp-content\/uploads\/2014\/06\/hoja-arbequina.png\"><img src=\"http:\/\/centrodeolivaryaceite.com\/wp-content\/uploads\/2014\/06\/hoja-arbequina.png\" alt=\"hoja arbequina\" width=\"171\" height=\"225\" \/><\/a><\/p><p style=\"text-align: center;\">Caracter\u00edsticas del fruto:<br \/> PESO: medio<br \/> FORMA: ovoidal<br \/> GRADO DE SIMETR\u00cdA: asim\u00e9trico<br \/> DI\u00c1METRO TRANSVERSAL M\u00c1XIMO: centrado<br \/> GRADO DE SIMETR\u00cdA (B): sim\u00e9trico-ligeramente asim\u00e9trico<br \/> \u00c1PICE: redondeado<br \/> BASE: truncada<br \/> PEZ\u00d3N: ausente o esbozado<br \/> COLOR EN MADURACI\u00d3N: negro<\/p><p>\u00a0<\/p><p style=\"text-align: center;\">\u00a0<a href=\"http:\/\/centrodeolivaryaceite.com\/wp-content\/uploads\/2014\/06\/aceituna-arbequina.png\"><img src=\"http:\/\/centrodeolivaryaceite.com\/wp-content\/uploads\/2014\/06\/aceituna-arbequina.png\" alt=\"aceituna arbequina\" width=\"212\" height=\"185\" \/><\/a><\/p>","_et_gb_content_width":"","_jetpack_memberships_contains_paid_content":false,"footnotes":""},"categories":[27,79],"tags":[],"class_list":["post-43852","post","type-post","status-publish","format-standard","has-post-thumbnail","hentry","category-general-en","category-variedades-de-aceituna-en"],"jetpack_featured_media_url":"https:\/\/i0.wp.com\/centrodeolivaryaceite.com\/wp-content\/uploads\/2014\/06\/800px-Arbequina_Mallola72_12_febrer_2006_072.jpg?fit=800%2C600&ssl=1","jetpack_sharing_enabled":true,"jetpack_shortlink":"https:\/\/wp.me\/p95A9q-bpi","_links":{"self":[{"href":"https:\/\/centrodeolivaryaceite.com\/en\/wp-json\/wp\/v2\/posts\/43852\/"}],"collection":[{"href":"https:\/\/centrodeolivaryaceite.com\/en\/wp-json\/wp\/v2\/posts\/"}],"about":[{"href":"https:\/\/centrodeolivaryaceite.com\/en\/wp-json\/wp\/v2\/types\/post\/"}],"author":[{"embeddable":true,"href":"https:\/\/centrodeolivaryaceite.com\/en\/wp-json\/wp\/v2\/users\/1\/"}],"replies":[{"embeddable":true,"href":"https:\/\/centrodeolivaryaceite.com\/en\/wp-json\/wp\/v2\/comments\/?post=43852"}],"version-history":[{"count":1,"href":"https:\/\/centrodeolivaryaceite.com\/en\/wp-json\/wp\/v2\/posts\/43852\/revisions\/"}],"predecessor-version":[{"id":43855,"href":"https:\/\/centrodeolivaryaceite.com\/en\/wp-json\/wp\/v2\/posts\/43852\/revisions\/43855\/"}],"wp:featuredmedia":[{"embeddable":true,"href":"https:\/\/centrodeolivaryaceite.com\/en\/wp-json\/wp\/v2\/media\/43854\/"}],"wp:attachment":[{"href":"https:\/\/centrodeolivaryaceite.com\/en\/wp-json\/wp\/v2\/media\/?parent=43852"}],"wp:term":[{"taxonomy":"category","embeddable":true,"href":"https:\/\/centrodeolivaryaceite.com\/en\/wp-json\/wp\/v2\/categories\/?post=43852"},{"taxonomy":"post_tag","embeddable":true,"href":"https:\/\/centrodeolivaryaceite.com\/en\/wp-json\/wp\/v2\/tags\/?post=43852"}],"curies":[{"name":"wp","href":"https:\/\/api.w.org\/{rel}","templated":true}]}}