{"id":43857,"date":"2014-07-10T17:44:20","date_gmt":"2014-07-10T17:44:20","guid":{"rendered":"https:\/\/centrodeolivaryaceite.com\/el-origen-del-olivo\/"},"modified":"2023-03-14T09:12:19","modified_gmt":"2023-03-14T09:12:19","slug":"el-origen-del-olivo","status":"publish","type":"post","link":"https:\/\/centrodeolivaryaceite.com\/en\/el-origen-del-olivo\/","title":{"rendered":"El origen del olivo"},"content":{"rendered":"<p>[et_pb_section fb_built=&#8221;1&#8243; fullwidth=&#8221;on&#8221; custom_padding_last_edited=&#8221;on|desktop&#8221; admin_label=&#8221;Secci\u00f3n&#8221; _builder_version=&#8221;3.22&#8243; background_color=&#8221;#ffffff&#8221; background_image=&#8221;http:\/\/centrodeolivaryaceite.com\/wp-content\/uploads\/2016\/06\/page_header_bg_blue.jpg&#8221; custom_padding_tablet=&#8221;50px|0|50px|0&#8243; transparent_background=&#8221;off&#8221; padding_mobile=&#8221;off&#8221; make_fullwidth=&#8221;off&#8221; use_custom_width=&#8221;off&#8221; width_unit=&#8221;on&#8221; global_module=&#8221;5294&#8243; locked=&#8221;off&#8221; collapsed=&#8221;off&#8221; global_colors_info=&#8221;{}&#8221; custom_padding_phone=&#8221;50px|0|50px|0&#8243;][et_pb_fullwidth_post_title meta=&#8221;off&#8221; featured_image=&#8221;off&#8221; text_color=&#8221;light&#8221; text_background=&#8221;on&#8221; text_bg_color=&#8221;rgba(28,28,28,0.43)&#8221; admin_label=&#8221;T\u00edtulo&#8221; _builder_version=&#8221;4.17.6&#8243; _module_preset=&#8221;default&#8221; title_font=&#8221;Roboto Light||||&#8221; title_font_size=&#8221;35px&#8221; title_all_caps=&#8221;on&#8221; background_color=&#8221;rgba(255,255,255,0)&#8221; parallax=&#8221;on&#8221; parallax_method=&#8221;off&#8221; text_orientation=&#8221;center&#8221; use_border_color=&#8221;off&#8221; border_color=&#8221;#ffffff&#8221; border_style=&#8221;solid&#8221; parallax_effect=&#8221;on&#8221; module_bg_color=&#8221;rgba(255,255,255,0)&#8221; global_colors_info=&#8221;{}&#8221;][\/et_pb_fullwidth_post_title][\/et_pb_section][et_pb_section fb_built=&#8221;1&#8243; custom_padding_last_edited=&#8221;on|desktop&#8221; admin_label=&#8221;Secci\u00f3n&#8221; _builder_version=&#8221;4.16&#8243; background_color=&#8221;#ffffff&#8221; custom_padding=&#8221;10px|||&#8221; custom_padding_tablet=&#8221;50px|0|50px|0&#8243; transparent_background=&#8221;off&#8221; padding_mobile=&#8221;off&#8221; make_fullwidth=&#8221;off&#8221; use_custom_width=&#8221;off&#8221; width_unit=&#8221;on&#8221; global_colors_info=&#8221;{}&#8221; custom_padding_phone=&#8221;50px|0|50px|0&#8243;][et_pb_row padding_mobile=&#8221;off&#8221; column_padding_mobile=&#8221;on&#8221; admin_label=&#8221;Fila&#8221; _builder_version=&#8221;4.16&#8243; background_size=&#8221;initial&#8221; background_position=&#8221;top_left&#8221; background_repeat=&#8221;repeat&#8221; custom_padding=&#8221;10px|||&#8221; make_fullwidth=&#8221;off&#8221; use_custom_width=&#8221;off&#8221; width_unit=&#8221;on&#8221; global_colors_info=&#8221;{}&#8221;][et_pb_column type=&#8221;4_4&#8243; _builder_version=&#8221;4.16&#8243; custom_padding=&#8221;|||&#8221; global_colors_info=&#8221;{}&#8221; custom_padding__hover=&#8221;|||&#8221;][et_pb_post_title title=&#8221;off&#8221; admin_label=&#8221;T\u00edtulo de publicaci\u00f3n&#8221; _builder_version=&#8221;4.16&#8243; title_all_caps=&#8221;off&#8221; background_color=&#8221;rgba(255,255,255,0)&#8221; parallax=&#8221;on&#8221; parallax_method=&#8221;off&#8221; use_border_color=&#8221;off&#8221; border_color=&#8221;#ffffff&#8221; border_style=&#8221;solid&#8221; parallax_effect=&#8221;on&#8221; module_bg_color=&#8221;rgba(255,255,255,0)&#8221; global_colors_info=&#8221;{}&#8221;] [\/et_pb_post_title][\/et_pb_column][\/et_pb_row][\/et_pb_section][et_pb_section fb_built=&#8221;1&#8243; specialty=&#8221;on&#8221; custom_padding_last_edited=&#8221;on|desktop&#8221; parallax_method_1=&#8221;off&#8221; parallax_method_2=&#8221;off&#8221; admin_label=&#8221;Secci\u00f3n&#8221; _builder_version=&#8221;4.16&#8243; background_color=&#8221;#ffffff&#8221; custom_padding=&#8221;10px|||&#8221; custom_padding_tablet=&#8221;50px|0|50px|0&#8243; transparent_background=&#8221;off&#8221; padding_mobile=&#8221;off&#8221; make_fullwidth=&#8221;off&#8221; use_custom_width=&#8221;off&#8221; width_unit=&#8221;on&#8221; global_colors_info=&#8221;{}&#8221; custom_padding_phone=&#8221;50px|0|50px|0&#8243;][et_pb_column type=&#8221;2_3&#8243; specialty_columns=&#8221;2&#8243; _builder_version=&#8221;4.16&#8243; custom_padding=&#8221;|||&#8221; global_colors_info=&#8221;{}&#8221; custom_padding__hover=&#8221;|||&#8221;][et_pb_row_inner padding_mobile=&#8221;off&#8221; column_padding_mobile=&#8221;on&#8221; admin_label=&#8221;Fila&#8221; _builder_version=&#8221;4.16&#8243; custom_padding=&#8221;0px|||&#8221; global_colors_info=&#8221;{}&#8221;][et_pb_column_inner saved_specialty_column_type=&#8221;2_3&#8243; _builder_version=&#8221;4.16&#8243; custom_padding=&#8221;|||&#8221; global_colors_info=&#8221;{}&#8221; custom_padding__hover=&#8221;|||&#8221;][et_pb_text admin_label=&#8221;Text&#8221; _builder_version=&#8221;4.16&#8243; background_size=&#8221;initial&#8221; background_position=&#8221;top_left&#8221; background_repeat=&#8221;repeat&#8221; global_colors_info=&#8221;{}&#8221;]<\/p>\n<div>\n<p>Todav\u00eda hoy los<strong> or\u00edgenes del olivo<\/strong> no est\u00e1n completamente aclarados. Existen diversas hip\u00f3tesis acerca de la zona de origen del olivo. Una de ellas asevera que el olivo es originario de Asia menor, concretamente de Siria e Ir\u00e1n. Otra teor\u00eda asegura que proviene del norte de Afganist\u00e1n. La \u00faltima idea, y m\u00e1s conciliadora, establece que su origen proviene de ambas zonas.<\/p>\n<p>Lo que se cree, a partir\u00a0 de indicios, es que sus<strong> inicios fueron muy cerca del pa\u00eds al que los asirios llamaron Urartu<\/strong>, por la zona del Anatolia Oriental y el Altiplano Ir\u00e1nico, justo al sur del Cauc\u00e1sico. Aunque cabe destacar que los primeros restos de hojas f\u00f3siles de especies antepasadas se han encontrado en el sur de las Islas Cicladas en Grecia y que nos datan de un antepasado del olivo que ya se encontraba en el Paleol\u00edtico, unos 35.000 a.C. Es por ello que se considera al olivo una especie que acompa\u00f1a al hombre desde el comienzo de su existencia.<\/p>\n<p><a href=\"https:\/\/i0.wp.com\/centrodeolivaryaceite.com\/wp-content\/uploads\/2014\/06\/fenicio.jpg\"><img data-recalc-dims=\"1\" loading=\"lazy\" decoding=\"async\" class=\"wp-image-3411 aligncenter\" src=\"https:\/\/i0.wp.com\/centrodeolivaryaceite.com\/wp-content\/uploads\/2014\/06\/fenicio.jpg?resize=192%2C446\" alt=\"fenicio\" width=\"192\" height=\"446\" srcset=\"https:\/\/i0.wp.com\/centrodeolivaryaceite.com\/wp-content\/uploads\/2014\/06\/fenicio.jpg?w=320&amp;ssl=1 320w, https:\/\/i0.wp.com\/centrodeolivaryaceite.com\/wp-content\/uploads\/2014\/06\/fenicio.jpg?resize=129%2C300&amp;ssl=1 129w\" sizes=\"(max-width: 192px) 100vw, 192px\" \/><\/a><\/p>\n<p>Por otro lado, existen hallazgos relacionados con la aceituna en yacimientos plioc\u00e9nicos de Italia. Tambi\u00e9n se han encontrado restos f\u00f3siles en el norte de \u00c1frica que se datan en el Paleol\u00edtico Superior (unos 12.000 a.C) y era del hombre de Cro-Magnon. No obstante, y ya aqu\u00ed en la Pen\u00ednsula Ib\u00e9rica, los restos m\u00e1s antiguos encontrados son los de El Garcel (Almer\u00eda) del Neol\u00edtico (5.000 a.C.).<\/p>\n<p>Como dato curioso, en el Museo Arqueol\u00f3gico de Heraklion, en Creta, a\u00fan se pueden admirar unos frescos con una edad de m\u00e1s de 3500 a\u00f1os de antig\u00fcedad y que se pintaron en los muros del palacio de Cnosos. Por otro lado la primera representaci\u00f3n conocida acerca del olivo son las pinturas rupestres de Tassili (Argelia), y en las que aparecen unos hombres coronados con ramas de olivo, realizadas entre el V y el VI milenio a. C.<\/p>\n<p style=\"text-align: center;\"><a href=\"https:\/\/i0.wp.com\/centrodeolivaryaceite.com\/wp-content\/uploads\/2014\/06\/anfora.jpg\"><img data-recalc-dims=\"1\" loading=\"lazy\" decoding=\"async\" class=\"wp-image-3410 aligncenter\" src=\"https:\/\/i0.wp.com\/centrodeolivaryaceite.com\/wp-content\/uploads\/2014\/06\/anfora.jpg?resize=188%2C260\" alt=\"anfora\" width=\"188\" height=\"260\" srcset=\"https:\/\/i0.wp.com\/centrodeolivaryaceite.com\/wp-content\/uploads\/2014\/06\/anfora.jpg?w=640&amp;ssl=1 640w, https:\/\/i0.wp.com\/centrodeolivaryaceite.com\/wp-content\/uploads\/2014\/06\/anfora.jpg?resize=217%2C300&amp;ssl=1 217w\" sizes=\"(max-width: 188px) 100vw, 188px\" \/><\/a><\/p>\n<p><span style=\"line-height: 1.5em;\">En cuanto a su formaci\u00f3n del olivo como especie, una de las hip\u00f3tesis m\u00e1s reconocidas, es que se cree que el \u201c<strong>Olea Europea\u201d, el olivo, \u00a0surge de un cruce de varias especies preexistentes y muy pr\u00f3ximas a<\/strong> <strong>\u00e9l<\/strong>. Entre estas especies destacar\u00edan\u00a0 la \u201cOlea Africana\u201d procedente de Arabia y Egipto, la Olea Ferruginea\u201d procedente de Asia, y el Olea Laperrini que procede de las monta\u00f1as del sur de Marruecos y las islas de la Macarronesia (Azores, Canarias, Madeira e Islas Salvajes). Seg\u00fan varios estudios es muy probable que el olivo en sus inicios tuviera forma de acebuche ya que comparte especie con el \u201cOlea Europaea\u201d aunque se diferencien en la variedad ya que en el caso del acebuche es &#8220;Olea Oleaster&#8221;.<\/span><\/p>\n<\/div>\n<p>Respecto a la relaci\u00f3n con la especie humana, <strong>existen dos teor\u00edas al respecto del inicio del cultivo de olivos por el hombre<\/strong>. Una de ellas defiende la tero\u00eda de que se domestic\u00f3 por el hombre en Asia Menor entre el 6.000-5.000 a.C y la segunda lo data en la misma \u00e9poca pero situ\u00e1ndolo el inicio de su cultivo en la zona de del L\u00edbano y Palestina. Indistintametne, ambas tesis atribuyen a los fenicios el honor de ser los que por primera vez en la historia domesticaron y adaptaron al cultivo el olivo silvestre.<br \/>\n[\/et_pb_text][et_pb_comments admin_label=&#8221;Comentarios&#8221; _builder_version=&#8221;4.16&#8243; use_border_color=&#8221;off&#8221; border_color=&#8221;#ffffff&#8221; border_style=&#8221;solid&#8221; button_letter_spacing_hover=&#8221;0&#8243; global_colors_info=&#8221;{}&#8221; button_text_size__hover_enabled=&#8221;off&#8221; button_one_text_size__hover_enabled=&#8221;off&#8221; button_two_text_size__hover_enabled=&#8221;off&#8221; button_text_color__hover_enabled=&#8221;off&#8221; button_one_text_color__hover_enabled=&#8221;off&#8221; button_two_text_color__hover_enabled=&#8221;off&#8221; button_border_width__hover_enabled=&#8221;off&#8221; button_one_border_width__hover_enabled=&#8221;off&#8221; button_two_border_width__hover_enabled=&#8221;off&#8221; button_border_color__hover_enabled=&#8221;off&#8221; button_one_border_color__hover_enabled=&#8221;off&#8221; button_two_border_color__hover_enabled=&#8221;off&#8221; button_border_radius__hover_enabled=&#8221;off&#8221; button_one_border_radius__hover_enabled=&#8221;off&#8221; button_two_border_radius__hover_enabled=&#8221;off&#8221; button_letter_spacing__hover_enabled=&#8221;on&#8221; button_letter_spacing__hover=&#8221;0&#8243; button_one_letter_spacing__hover_enabled=&#8221;off&#8221; button_two_letter_spacing__hover_enabled=&#8221;off&#8221; button_bg_color__hover_enabled=&#8221;off&#8221; button_one_bg_color__hover_enabled=&#8221;off&#8221; button_two_bg_color__hover_enabled=&#8221;off&#8221;] [\/et_pb_comments][\/et_pb_column_inner][\/et_pb_row_inner][\/et_pb_column][et_pb_column type=&#8221;1_3&#8243; _builder_version=&#8221;4.16&#8243; custom_padding=&#8221;|||&#8221; global_colors_info=&#8221;{}&#8221; custom_padding__hover=&#8221;|||&#8221;][et_pb_sidebar orientation=&#8221;right&#8221; area=&#8221;sidebar-1&#8243; admin_label=&#8221;Barra lateral&#8221; _builder_version=&#8221;4.16&#8243; remove_border=&#8221;off&#8221; global_colors_info=&#8221;{}&#8221;] [\/et_pb_sidebar][\/et_pb_column][\/et_pb_section][et_pb_section fb_built=&#8221;1&#8243; custom_padding_last_edited=&#8221;on|desktop&#8221; disabled_on=&#8221;on|on|on&#8221; admin_label=&#8221;Secci\u00f3n&#8221; _builder_version=&#8221;3.0.92&#8243; background_color=&#8221;#dedacf&#8221; custom_padding_tablet=&#8221;50px|0|50px|0&#8243; transparent_background=&#8221;off&#8221; padding_mobile=&#8221;off&#8221; make_fullwidth=&#8221;off&#8221; use_custom_width=&#8221;off&#8221; width_unit=&#8221;on&#8221; disabled=&#8221;on&#8221; global_module=&#8221;5116&#8243; collapsed=&#8221;off&#8221; global_colors_info=&#8221;{}&#8221; custom_padding_phone=&#8221;50px|0|50px|0&#8243;][et_pb_row _builder_version=&#8221;4.16&#8243; global_colors_info=&#8221;{}&#8221;][et_pb_column type=&#8221;4_4&#8243; _builder_version=&#8221;4.16&#8243; custom_padding=&#8221;|||&#8221; global_colors_info=&#8221;{}&#8221; custom_padding__hover=&#8221;|||&#8221;][\/et_pb_column][\/et_pb_row][\/et_pb_section][et_pb_section fb_built=&#8221;1&#8243; custom_padding_last_edited=&#8221;on|desktop&#8221; admin_label=&#8221;Secci\u00f3n&#8221; _builder_version=&#8221;3.22&#8243; background_color=&#8221;#ffffff&#8221; custom_padding=&#8221;10px||0px|&#8221; custom_padding_tablet=&#8221;50px|0|50px|0&#8243; transparent_background=&#8221;off&#8221; padding_mobile=&#8221;off&#8221; make_fullwidth=&#8221;off&#8221; use_custom_width=&#8221;off&#8221; width_unit=&#8221;on&#8221; global_module=&#8221;5115&#8243; collapsed=&#8221;off&#8221; global_colors_info=&#8221;{}&#8221; custom_padding_phone=&#8221;50px|0|50px|0&#8243;][et_pb_row padding_mobile=&#8221;off&#8221; column_padding_mobile=&#8221;on&#8221; _builder_version=&#8221;4.16&#8243; background_size=&#8221;initial&#8221; background_position=&#8221;top_left&#8221; background_repeat=&#8221;repeat&#8221; max_width=&#8221;1080px&#8221; custom_padding=&#8221;0px||0px|&#8221; make_fullwidth=&#8221;off&#8221; use_custom_width=&#8221;off&#8221; width_unit=&#8221;on&#8221; global_colors_info=&#8221;{}&#8221;][\/et_pb_row][\/et_pb_section]<\/p>\n","protected":false},"excerpt":{"rendered":"<p>Todav\u00eda hoy los or\u00edgenes del olivo no est\u00e1n completamente aclarados. Existen diversas hip\u00f3tesis acerca de la zona de origen del olivo. Una de ellas asevera que el olivo es originario de Asia menor, concretamente de Siria e Ir\u00e1n. Otra teor\u00eda asegura que proviene del norte de Afganist\u00e1n. La \u00faltima idea, y m\u00e1s conciliadora, establece que [&hellip;]<\/p>\n","protected":false},"author":1,"featured_media":43858,"comment_status":"open","ping_status":"open","sticky":false,"template":"","format":"standard","meta":{"_et_pb_use_builder":"on","_et_pb_old_content":"<div><p>Todav\u00eda hoy los<strong> or\u00edgenes del olivo<\/strong> no est\u00e1n completamente aclarados. Existen diversas hip\u00f3tesis acerca de la zona de origen del olivo. Una de ellas asevera que el olivo es originario de Asia menor, concretamente de Siria e Ir\u00e1n. Otra teor\u00eda asegura que proviene del norte de Afganist\u00e1n. La \u00faltima idea, y m\u00e1s conciliadora, establece que su origen proviene de ambas zonas.<\/p><p>Lo que se cree, a partir\u00a0 de indicios, es que sus<strong> inicios fueron muy cerca del pa\u00eds al que los asirios llamaron Urartu<\/strong>, por la zona del Anatolia Oriental y el Altiplano Ir\u00e1nico, justo al sur del Cauc\u00e1sico. Aunque cabe destacar que los primeros restos de hojas f\u00f3siles de especies antepasadas se han encontrado en el sur de las Islas Cicladas en Grecia y que nos datan de un antepasado del olivo que ya se encontraba en el Paleol\u00edtico, unos 35.000 a.C. Es por ello que se considera al olivo una especie que acompa\u00f1a al hombre desde el comienzo de su existencia.<\/p><p><a href=\"http:\/\/centrodeolivaryaceite.com\/wp-content\/uploads\/2014\/06\/fenicio.jpg\"><img class=\"wp-image-3411 aligncenter\" src=\"http:\/\/centrodeolivaryaceite.com\/wp-content\/uploads\/2014\/06\/fenicio.jpg\" alt=\"fenicio\" width=\"192\" height=\"446\" \/><\/a><\/p><p>Por otro lado, existen hallazgos relacionados con la aceituna en yacimientos plioc\u00e9nicos de Italia. Tambi\u00e9n se han encontrado restos f\u00f3siles en el norte de \u00c1frica que se datan en el Paleol\u00edtico Superior (unos 12.000 a.C) y era del hombre de Cro-Magnon. No obstante, y ya aqu\u00ed en la Pen\u00ednsula Ib\u00e9rica, los restos m\u00e1s antiguos encontrados son los de El Garcel (Almer\u00eda) del Neol\u00edtico (5.000 a.C.).<\/p><p>Como dato curioso, en el Museo Arqueol\u00f3gico de Heraklion, en Creta, a\u00fan se pueden admirar unos frescos con una edad de m\u00e1s de 3500 a\u00f1os de antig\u00fcedad y que se pintaron en los muros del palacio de Cnosos. Por otro lado la primera representaci\u00f3n conocida acerca del olivo son las pinturas rupestres de Tassili (Argelia), y en las que aparecen unos hombres coronados con ramas de olivo, realizadas entre el V y el VI milenio a. C.<\/p><p style=\"text-align: center;\"><a href=\"http:\/\/centrodeolivaryaceite.com\/wp-content\/uploads\/2014\/06\/anfora.jpg\"><img class=\"wp-image-3410 aligncenter\" src=\"http:\/\/centrodeolivaryaceite.com\/wp-content\/uploads\/2014\/06\/anfora.jpg\" alt=\"anfora\" width=\"188\" height=\"260\" \/><\/a><\/p><p><span style=\"line-height: 1.5em;\">En cuanto a su formaci\u00f3n del olivo como especie, una de las hip\u00f3tesis m\u00e1s reconocidas, es que se cree que el \u201c<strong>Olea Europea\u201d, el olivo, \u00a0surge de un cruce de varias especies preexistentes y muy pr\u00f3ximas a<\/strong> <strong>\u00e9l<\/strong>. Entre estas especies destacar\u00edan\u00a0 la \u201cOlea Africana\u201d procedente de Arabia y Egipto, la Olea Ferruginea\u201d procedente de Asia, y el Olea Laperrini que procede de las monta\u00f1as del sur de Marruecos y las islas de la Macarronesia (Azores, Canarias, Madeira e Islas Salvajes). Seg\u00fan varios estudios es muy probable que el olivo en sus inicios tuviera forma de acebuche ya que comparte especie con el \u201cOlea Europaea\u201d aunque se diferencien en la variedad ya que en el caso del acebuche es \"Olea Oleaster\".<\/span><\/p><\/div><p>Respecto a la relaci\u00f3n con la especie humana, <strong>existen dos teor\u00edas al respecto del inicio del cultivo de olivos por el hombre<\/strong>. Una de ellas defiende la tero\u00eda de que se domestic\u00f3 por el hombre en Asia Menor entre el 6.000-5.000 a.C y la segunda lo data en la misma \u00e9poca pero situ\u00e1ndolo el inicio de su cultivo en la zona de del L\u00edbano y Palestina. Indistintametne, ambas tesis atribuyen a los fenicios el honor de ser los que por primera vez en la historia domesticaron y adaptaron al cultivo el olivo silvestre.<\/p>","_et_gb_content_width":"","_jetpack_memberships_contains_paid_content":false,"footnotes":""},"categories":[27,80],"tags":[],"class_list":["post-43857","post","type-post","status-publish","format-standard","has-post-thumbnail","hentry","category-general-en","category-historia-en"],"jetpack_featured_media_url":"https:\/\/i0.wp.com\/centrodeolivaryaceite.com\/wp-content\/uploads\/2014\/06\/Olivos.jpg?fit=800%2C652&ssl=1","jetpack_sharing_enabled":true,"jetpack_shortlink":"https:\/\/wp.me\/p95A9q-bpn","_links":{"self":[{"href":"https:\/\/centrodeolivaryaceite.com\/en\/wp-json\/wp\/v2\/posts\/43857\/"}],"collection":[{"href":"https:\/\/centrodeolivaryaceite.com\/en\/wp-json\/wp\/v2\/posts\/"}],"about":[{"href":"https:\/\/centrodeolivaryaceite.com\/en\/wp-json\/wp\/v2\/types\/post\/"}],"author":[{"embeddable":true,"href":"https:\/\/centrodeolivaryaceite.com\/en\/wp-json\/wp\/v2\/users\/1\/"}],"replies":[{"embeddable":true,"href":"https:\/\/centrodeolivaryaceite.com\/en\/wp-json\/wp\/v2\/comments\/?post=43857"}],"version-history":[{"count":1,"href":"https:\/\/centrodeolivaryaceite.com\/en\/wp-json\/wp\/v2\/posts\/43857\/revisions\/"}],"predecessor-version":[{"id":43859,"href":"https:\/\/centrodeolivaryaceite.com\/en\/wp-json\/wp\/v2\/posts\/43857\/revisions\/43859\/"}],"wp:featuredmedia":[{"embeddable":true,"href":"https:\/\/centrodeolivaryaceite.com\/en\/wp-json\/wp\/v2\/media\/43858\/"}],"wp:attachment":[{"href":"https:\/\/centrodeolivaryaceite.com\/en\/wp-json\/wp\/v2\/media\/?parent=43857"}],"wp:term":[{"taxonomy":"category","embeddable":true,"href":"https:\/\/centrodeolivaryaceite.com\/en\/wp-json\/wp\/v2\/categories\/?post=43857"},{"taxonomy":"post_tag","embeddable":true,"href":"https:\/\/centrodeolivaryaceite.com\/en\/wp-json\/wp\/v2\/tags\/?post=43857"}],"curies":[{"name":"wp","href":"https:\/\/api.w.org\/{rel}","templated":true}]}}