{"id":43900,"date":"2015-02-24T14:36:07","date_gmt":"2015-02-24T14:36:07","guid":{"rendered":"https:\/\/centrodeolivaryaceite.com\/mas-recetas-de-nuestros-talleres-de-cocina\/"},"modified":"2023-03-15T09:23:10","modified_gmt":"2023-03-15T09:23:10","slug":"mas-recetas-de-nuestros-talleres-de-cocina","status":"publish","type":"post","link":"https:\/\/centrodeolivaryaceite.com\/en\/mas-recetas-de-nuestros-talleres-de-cocina\/","title":{"rendered":"M\u00e1s recetas de nuestros Talleres de Cocina"},"content":{"rendered":"<p>[et_pb_section fb_built=&#8221;1&#8243; fullwidth=&#8221;on&#8221; custom_padding_last_edited=&#8221;on|desktop&#8221; admin_label=&#8221;Secci\u00f3n&#8221; _builder_version=&#8221;3.22&#8243; background_color=&#8221;#ffffff&#8221; background_image=&#8221;http:\/\/centrodeolivaryaceite.com\/wp-content\/uploads\/2016\/06\/page_header_bg_blue.jpg&#8221; custom_padding_tablet=&#8221;50px|0|50px|0&#8243; transparent_background=&#8221;off&#8221; padding_mobile=&#8221;off&#8221; make_fullwidth=&#8221;off&#8221; use_custom_width=&#8221;off&#8221; width_unit=&#8221;on&#8221; global_module=&#8221;5294&#8243; locked=&#8221;off&#8221; collapsed=&#8221;off&#8221; global_colors_info=&#8221;{}&#8221; custom_padding_phone=&#8221;50px|0|50px|0&#8243;][et_pb_fullwidth_post_title meta=&#8221;off&#8221; featured_image=&#8221;off&#8221; text_color=&#8221;light&#8221; text_background=&#8221;on&#8221; text_bg_color=&#8221;rgba(28,28,28,0.43)&#8221; admin_label=&#8221;T\u00edtulo&#8221; _builder_version=&#8221;4.17.6&#8243; _module_preset=&#8221;default&#8221; title_font=&#8221;Roboto Light||||&#8221; title_font_size=&#8221;35px&#8221; title_all_caps=&#8221;on&#8221; background_color=&#8221;rgba(255,255,255,0)&#8221; parallax=&#8221;on&#8221; parallax_method=&#8221;off&#8221; text_orientation=&#8221;center&#8221; use_border_color=&#8221;off&#8221; border_color=&#8221;#ffffff&#8221; border_style=&#8221;solid&#8221; parallax_effect=&#8221;on&#8221; module_bg_color=&#8221;rgba(255,255,255,0)&#8221; global_colors_info=&#8221;{}&#8221;][\/et_pb_fullwidth_post_title][\/et_pb_section][et_pb_section fb_built=&#8221;1&#8243; custom_padding_last_edited=&#8221;on|desktop&#8221; admin_label=&#8221;Secci\u00f3n&#8221; _builder_version=&#8221;4.16&#8243; background_color=&#8221;#ffffff&#8221; custom_padding=&#8221;10px|||&#8221; custom_padding_tablet=&#8221;50px|0|50px|0&#8243; transparent_background=&#8221;off&#8221; padding_mobile=&#8221;off&#8221; make_fullwidth=&#8221;off&#8221; use_custom_width=&#8221;off&#8221; width_unit=&#8221;on&#8221; global_colors_info=&#8221;{}&#8221; custom_padding_phone=&#8221;50px|0|50px|0&#8243;][et_pb_row padding_mobile=&#8221;off&#8221; column_padding_mobile=&#8221;on&#8221; admin_label=&#8221;Fila&#8221; _builder_version=&#8221;4.16&#8243; background_size=&#8221;initial&#8221; background_position=&#8221;top_left&#8221; background_repeat=&#8221;repeat&#8221; custom_padding=&#8221;10px|||&#8221; make_fullwidth=&#8221;off&#8221; use_custom_width=&#8221;off&#8221; width_unit=&#8221;on&#8221; global_colors_info=&#8221;{}&#8221;][et_pb_column type=&#8221;4_4&#8243; _builder_version=&#8221;4.16&#8243; custom_padding=&#8221;|||&#8221; global_colors_info=&#8221;{}&#8221; custom_padding__hover=&#8221;|||&#8221;][et_pb_post_title title=&#8221;off&#8221; admin_label=&#8221;T\u00edtulo de publicaci\u00f3n&#8221; _builder_version=&#8221;4.16&#8243; title_all_caps=&#8221;off&#8221; background_color=&#8221;rgba(255,255,255,0)&#8221; parallax=&#8221;on&#8221; parallax_method=&#8221;off&#8221; use_border_color=&#8221;off&#8221; border_color=&#8221;#ffffff&#8221; border_style=&#8221;solid&#8221; parallax_effect=&#8221;on&#8221; module_bg_color=&#8221;rgba(255,255,255,0)&#8221; global_colors_info=&#8221;{}&#8221;] [\/et_pb_post_title][\/et_pb_column][\/et_pb_row][\/et_pb_section][et_pb_section fb_built=&#8221;1&#8243; specialty=&#8221;on&#8221; custom_padding_last_edited=&#8221;on|desktop&#8221; parallax_method_1=&#8221;off&#8221; parallax_method_2=&#8221;off&#8221; admin_label=&#8221;Secci\u00f3n&#8221; _builder_version=&#8221;4.16&#8243; background_color=&#8221;#ffffff&#8221; custom_padding=&#8221;10px|||&#8221; custom_padding_tablet=&#8221;50px|0|50px|0&#8243; transparent_background=&#8221;off&#8221; padding_mobile=&#8221;off&#8221; make_fullwidth=&#8221;off&#8221; use_custom_width=&#8221;off&#8221; width_unit=&#8221;on&#8221; global_colors_info=&#8221;{}&#8221; custom_padding_phone=&#8221;50px|0|50px|0&#8243;][et_pb_column type=&#8221;2_3&#8243; specialty_columns=&#8221;2&#8243; _builder_version=&#8221;4.16&#8243; custom_padding=&#8221;|||&#8221; global_colors_info=&#8221;{}&#8221; custom_padding__hover=&#8221;|||&#8221;][et_pb_row_inner padding_mobile=&#8221;off&#8221; column_padding_mobile=&#8221;on&#8221; admin_label=&#8221;Fila&#8221; _builder_version=&#8221;4.16&#8243; custom_padding=&#8221;0px|||&#8221; global_colors_info=&#8221;{}&#8221;][et_pb_column_inner saved_specialty_column_type=&#8221;2_3&#8243; _builder_version=&#8221;4.16&#8243; custom_padding=&#8221;|||&#8221; global_colors_info=&#8221;{}&#8221; custom_padding__hover=&#8221;|||&#8221;][et_pb_text admin_label=&#8221;Text&#8221; _builder_version=&#8221;4.16&#8243; background_size=&#8221;initial&#8221; background_position=&#8221;top_left&#8221; background_repeat=&#8221;repeat&#8221; global_colors_info=&#8221;{}&#8221;]En nuestra cocina no solamente realizamos cursos para profesionales sino que tambi\u00e9n llevamos a cabo actividades para amateurs. En nuestros Talleres de Reposter\u00eda y Cocina disfrutamos y nos divertimos en la cocina, de la mano de Chefs profesionales, aprendiendo buenos h\u00e1bitos nutricionales \u00a0y nuevas t\u00e9cnicas culinarias basadas en la dieta mediterr\u00e1nea. Todo ello para fomentar el aumento del\u00a0<strong>consumo Aceite de Oliva Virgen Extra en nuestra tierra<\/strong>. Os dejamos algunas recetas basadas en el Aceite de Oliva Virgen Extra que desarrollamos en estos Talleres:<\/p>\n<p align=\"center\"><strong><a href=\"https:\/\/i0.wp.com\/centrodeolivaryaceite.com\/wp-content\/uploads\/2015\/02\/risoto.jpg\"><img data-recalc-dims=\"1\" loading=\"lazy\" decoding=\"async\" class=\"aligncenter\" src=\"https:\/\/i0.wp.com\/centrodeolivaryaceite.com\/wp-content\/uploads\/2015\/02\/risoto.jpg?resize=242%2C242\" alt=\"risoto\" width=\"242\" height=\"242\" \/><\/a><\/strong><\/p>\n<p style=\"text-align: center;\" align=\"center\"><b>RISOTTO DE HONGOS, FOIE Y PARMESANO:<\/b><\/p>\n<p>INGREDIENTES:100 gr arroz de grano gordo,\u00a0250 cl de nata liquida 36%,\u00a0100 gr foie mi cuit.100gr de mantequilla, Aceite de oliva virgen extra, 1 cebolla gorda,\u00a0setas variadas,\u00a0concentrado de buey y\u00a0queso parmesano.<\/p>\n<p>PREPARACI\u00d3N:<\/p>\n<p>Picamos la cebolla y la ponemos a pochar en mantequilla. cuando haya pochado bien a\u00f1adimos las setas y seguimos cocinando hasta que reduzca en ese momento a\u00f1adimos la pastilla de foie y desacemos con una rasera o cuchara y a\u00f1adimos la nata, dejamos reducir otra vez 12-15 minutos.\u00a0Por otro lado blanqueamos arroz al dente y reservamos.<\/p>\n<p>Al momento del servicio ponemos en una sarten fondo, arroz, bovril y parmesano y cocinamos hasta que emulsione.una vez coje una textura consistente pasamos al emplatado y decoracion<\/p>\n<p><strong><a href=\"https:\/\/i0.wp.com\/centrodeolivaryaceite.com\/wp-content\/uploads\/2015\/02\/postre.jpg\"><img data-recalc-dims=\"1\" loading=\"lazy\" decoding=\"async\" class=\"aligncenter\" src=\"https:\/\/i0.wp.com\/centrodeolivaryaceite.com\/wp-content\/uploads\/2015\/02\/postre.jpg?resize=208%2C208\" alt=\"postre\" width=\"208\" height=\"208\" \/><\/a><\/strong><\/p>\n<p style=\"text-align: center;\"><strong>PASI\u00d3N GRIEGA<\/strong><\/p>\n<p><span style=\"line-height: 1.5em;\">INGREDIENTES:<\/span><\/p>\n<p><span style=\"line-height: 1.5em;\">1 \u00a0Latita de uvas,\u00a0<\/span><span style=\"line-height: 1.5em;\">1 Yogurt Griego,\u00a0<\/span><span style=\"line-height: 1.5em;\">1 Cucharada de Leche Condensada,\u00a0Az\u00facar Moreno,\u00a0Az\u00facar Avainillado,\u00a0Canela y\u00a0<\/span><span style=\"line-height: 1.5em;\">Aceite de oliva Virgen Extra<\/span><\/p>\n<p>PREPARACI\u00d3N:<\/p>\n<p>Ponemos a macerar las uvas en Aceite de Oliva, para que las cubra.\u00a0Mezclamos el Yogurt con la Leche Condensada. Para el montaje; encima de las uvas Az\u00facar Moreno y\u00a0espu\u00e9s la crema de yogurt, y encima el az\u00facar Avainillado y espolvoreamos con Canela.<\/p>\n<p>&nbsp;<\/p>\n<p style=\"text-align: center;\"><strong><a href=\"https:\/\/i0.wp.com\/centrodeolivaryaceite.com\/wp-content\/uploads\/2015\/02\/galleta.jpg\"><img data-recalc-dims=\"1\" loading=\"lazy\" decoding=\"async\" class=\"wp-image-4219 aligncenter\" src=\"https:\/\/i0.wp.com\/centrodeolivaryaceite.com\/wp-content\/uploads\/2015\/02\/galleta.jpg?resize=181%2C242\" alt=\"galleta\" width=\"181\" height=\"242\" srcset=\"https:\/\/i0.wp.com\/centrodeolivaryaceite.com\/wp-content\/uploads\/2015\/02\/galleta.jpg?w=720&amp;ssl=1 720w, https:\/\/i0.wp.com\/centrodeolivaryaceite.com\/wp-content\/uploads\/2015\/02\/galleta.jpg?resize=225%2C300&amp;ssl=1 225w\" sizes=\"(max-width: 181px) 100vw, 181px\" \/><\/a> <\/strong><\/p>\n<p style=\"text-align: center;\"><strong>GALLETAS DE CHOCOLATE<\/strong><\/p>\n<p>INGREDIENTES:<\/p>\n<p>200 gr de mantequilla ablandada, 220 g de az\u00facar blanquilla, 1 huevo mediano, 300 g de harina tamizada, 50 g de cacao en polvo y una pizca de sal<\/p>\n<p>PREPARACI\u00d3N:<\/p>\n<p>Precalentar el horno a 180\u00ba. \u00a0Mezclar la mantequilla, el az\u00facar y la sal hasta obtener una preparaci\u00f3n cremosa y homog\u00e9nea.<\/p>\n<p>Batir ligeramente el huevo e incorporarlo poco a poco a la mezcla sin dejar de batir hasta que se incorpore bien. Tamizar la harina y el cacao en polvo (caso 1) y a\u00f1adirlo a la preparaci\u00f3n anterior hasta que la masa est\u00e9 homog\u00e9nea, incorporar la vainilla (caso 2) y seguir mezclando. Formar una bola, dividirla en discos de 2 cm de anchura, envolverla en film y reservarla en la nevera unas 2 horas o hasta que la masa est\u00e9 firme y fr\u00eda. .<\/p>\n<p>Preparar una bandeja con papel del horno, estirar la masa unos 6mm de grosor sobre una superficie antiadherente o con ayuda de horno. Cortar las galletas y reservar en la nevera unos 20 min. . Hornear 13-15 min. las galletas grandes y 10-13 min las\u00a0galletas medianas, o hasta que los bordes se doren ligeramente, hornear las de mismo tama\u00f1o a la vez<\/p>\n<p>&nbsp;<br \/>\n[\/et_pb_text][et_pb_comments admin_label=&#8221;Comentarios&#8221; _builder_version=&#8221;4.16&#8243; use_border_color=&#8221;off&#8221; border_color=&#8221;#ffffff&#8221; border_style=&#8221;solid&#8221; button_letter_spacing_hover=&#8221;0&#8243; global_colors_info=&#8221;{}&#8221; button_text_size__hover_enabled=&#8221;off&#8221; button_one_text_size__hover_enabled=&#8221;off&#8221; button_two_text_size__hover_enabled=&#8221;off&#8221; button_text_color__hover_enabled=&#8221;off&#8221; button_one_text_color__hover_enabled=&#8221;off&#8221; button_two_text_color__hover_enabled=&#8221;off&#8221; button_border_width__hover_enabled=&#8221;off&#8221; button_one_border_width__hover_enabled=&#8221;off&#8221; button_two_border_width__hover_enabled=&#8221;off&#8221; button_border_color__hover_enabled=&#8221;off&#8221; button_one_border_color__hover_enabled=&#8221;off&#8221; button_two_border_color__hover_enabled=&#8221;off&#8221; button_border_radius__hover_enabled=&#8221;off&#8221; button_one_border_radius__hover_enabled=&#8221;off&#8221; button_two_border_radius__hover_enabled=&#8221;off&#8221; button_letter_spacing__hover_enabled=&#8221;on&#8221; button_letter_spacing__hover=&#8221;0&#8243; button_one_letter_spacing__hover_enabled=&#8221;off&#8221; button_two_letter_spacing__hover_enabled=&#8221;off&#8221; button_bg_color__hover_enabled=&#8221;off&#8221; button_one_bg_color__hover_enabled=&#8221;off&#8221; button_two_bg_color__hover_enabled=&#8221;off&#8221;] [\/et_pb_comments][\/et_pb_column_inner][\/et_pb_row_inner][\/et_pb_column][et_pb_column type=&#8221;1_3&#8243; _builder_version=&#8221;4.16&#8243; custom_padding=&#8221;|||&#8221; global_colors_info=&#8221;{}&#8221; custom_padding__hover=&#8221;|||&#8221;][et_pb_sidebar orientation=&#8221;right&#8221; area=&#8221;sidebar-1&#8243; admin_label=&#8221;Barra lateral&#8221; _builder_version=&#8221;4.16&#8243; remove_border=&#8221;off&#8221; global_colors_info=&#8221;{}&#8221;] [\/et_pb_sidebar][\/et_pb_column][\/et_pb_section][et_pb_section fb_built=&#8221;1&#8243; custom_padding_last_edited=&#8221;on|desktop&#8221; disabled_on=&#8221;on|on|on&#8221; admin_label=&#8221;Secci\u00f3n&#8221; _builder_version=&#8221;3.0.92&#8243; background_color=&#8221;#dedacf&#8221; custom_padding_tablet=&#8221;50px|0|50px|0&#8243; transparent_background=&#8221;off&#8221; padding_mobile=&#8221;off&#8221; make_fullwidth=&#8221;off&#8221; use_custom_width=&#8221;off&#8221; width_unit=&#8221;on&#8221; disabled=&#8221;on&#8221; global_module=&#8221;5116&#8243; collapsed=&#8221;off&#8221; global_colors_info=&#8221;{}&#8221; custom_padding_phone=&#8221;50px|0|50px|0&#8243;][et_pb_row _builder_version=&#8221;4.16&#8243; global_colors_info=&#8221;{}&#8221;][et_pb_column type=&#8221;4_4&#8243; _builder_version=&#8221;4.16&#8243; custom_padding=&#8221;|||&#8221; global_colors_info=&#8221;{}&#8221; custom_padding__hover=&#8221;|||&#8221;][\/et_pb_column][\/et_pb_row][\/et_pb_section][et_pb_section fb_built=&#8221;1&#8243; custom_padding_last_edited=&#8221;on|desktop&#8221; admin_label=&#8221;Secci\u00f3n&#8221; _builder_version=&#8221;3.22&#8243; background_color=&#8221;#ffffff&#8221; custom_padding=&#8221;10px||0px|&#8221; custom_padding_tablet=&#8221;50px|0|50px|0&#8243; transparent_background=&#8221;off&#8221; padding_mobile=&#8221;off&#8221; make_fullwidth=&#8221;off&#8221; use_custom_width=&#8221;off&#8221; width_unit=&#8221;on&#8221; global_module=&#8221;5115&#8243; collapsed=&#8221;off&#8221; global_colors_info=&#8221;{}&#8221; custom_padding_phone=&#8221;50px|0|50px|0&#8243;][et_pb_row padding_mobile=&#8221;off&#8221; column_padding_mobile=&#8221;on&#8221; _builder_version=&#8221;4.16&#8243; background_size=&#8221;initial&#8221; background_position=&#8221;top_left&#8221; background_repeat=&#8221;repeat&#8221; max_width=&#8221;1080px&#8221; custom_padding=&#8221;0px||0px|&#8221; make_fullwidth=&#8221;off&#8221; use_custom_width=&#8221;off&#8221; width_unit=&#8221;on&#8221; global_colors_info=&#8221;{}&#8221;][\/et_pb_row][\/et_pb_section]<\/p>\n","protected":false},"excerpt":{"rendered":"<p>En nuestra cocina no solamente realizamos cursos para profesionales sino que tambi\u00e9n llevamos a cabo actividades para amateurs. En nuestros Talleres de Reposter\u00eda y Cocina disfrutamos y nos divertimos en la cocina, de la mano de Chefs profesionales, aprendiendo buenos h\u00e1bitos nutricionales \u00a0y nuevas t\u00e9cnicas culinarias basadas en la dieta mediterr\u00e1nea. Todo ello para fomentar [&hellip;]<\/p>\n","protected":false},"author":1,"featured_media":39816,"comment_status":"open","ping_status":"open","sticky":false,"template":"","format":"standard","meta":{"_et_pb_use_builder":"on","_et_pb_old_content":"<p>En nuestra cocina no solamente realizamos cursos para profesionales sino que tambi\u00e9n llevamos a cabo actividades para amateurs. En nuestros Talleres de Reposter\u00eda y Cocina disfrutamos y nos divertimos en la cocina, de la mano de Chefs profesionales, aprendiendo buenos h\u00e1bitos nutricionales \u00a0y nuevas t\u00e9cnicas culinarias basadas en la dieta mediterr\u00e1nea. Todo ello para fomentar el aumento del\u00a0<strong>consumo Aceite de Oliva Virgen Extra en nuestra tierra<\/strong>. Os dejamos algunas recetas basadas en el Aceite de Oliva Virgen Extra que desarrollamos en estos Talleres:<\/p><p align=\"center\"><strong><a href=\"http:\/\/centrodeolivaryaceite.com\/wp-content\/uploads\/2015\/02\/risoto.jpg\"><img class=\"aligncenter\" src=\"http:\/\/centrodeolivaryaceite.com\/wp-content\/uploads\/2015\/02\/risoto.jpg\" alt=\"risoto\" width=\"242\" height=\"242\" \/><\/a><\/strong><\/p><p style=\"text-align: center;\" align=\"center\"><b>RISOTTO DE HONGOS, FOIE Y PARMESANO:<\/b><\/p><p>INGREDIENTES:100 gr arroz de grano gordo,\u00a0250 cl de nata liquida 36%,\u00a0100 gr foie mi cuit.100gr de mantequilla, Aceite de oliva virgen extra, 1 cebolla gorda,\u00a0setas variadas,\u00a0concentrado de buey y\u00a0queso parmesano.<\/p><p>PREPARACI\u00d3N:<\/p><p>Picamos la cebolla y la ponemos a pochar en mantequilla. cuando haya pochado bien a\u00f1adimos las setas y seguimos cocinando hasta que reduzca en ese momento a\u00f1adimos la pastilla de foie y desacemos con una rasera o cuchara y a\u00f1adimos la nata, dejamos reducir otra vez 12-15 minutos.\u00a0Por otro lado blanqueamos arroz al dente y reservamos.<\/p><p>Al momento del servicio ponemos en una sarten fondo, arroz, bovril y parmesano y cocinamos hasta que emulsione.una vez coje una textura consistente pasamos al emplatado y decoracion<\/p><p><strong><a href=\"http:\/\/centrodeolivaryaceite.com\/wp-content\/uploads\/2015\/02\/postre.jpg\"><img class=\"aligncenter\" src=\"http:\/\/centrodeolivaryaceite.com\/wp-content\/uploads\/2015\/02\/postre.jpg\" alt=\"postre\" width=\"208\" height=\"208\" \/><\/a><\/strong><\/p><p style=\"text-align: center;\"><strong>PASI\u00d3N GRIEGA<\/strong><\/p><p><span style=\"line-height: 1.5em;\">INGREDIENTES:<\/span><\/p><p><span style=\"line-height: 1.5em;\">1 \u00a0Latita de uvas,\u00a0<\/span><span style=\"line-height: 1.5em;\">1 Yogurt Griego,\u00a0<\/span><span style=\"line-height: 1.5em;\">1 Cucharada de Leche Condensada,\u00a0Az\u00facar Moreno,\u00a0Az\u00facar Avainillado,\u00a0Canela y\u00a0<\/span><span style=\"line-height: 1.5em;\">Aceite de oliva Virgen Extra<\/span><\/p><p>PREPARACI\u00d3N:<\/p><p>Ponemos a macerar las uvas en Aceite de Oliva, para que las cubra.\u00a0Mezclamos el Yogurt con la Leche Condensada. Para el montaje; encima de las uvas Az\u00facar Moreno y\u00a0espu\u00e9s la crema de yogurt, y encima el az\u00facar Avainillado y espolvoreamos con Canela.<\/p><p>\u00a0<\/p><p style=\"text-align: center;\"><strong><a href=\"https:\/\/centrodeolivaryaceite.com\/wp-content\/uploads\/2015\/02\/galleta.jpg\"><img class=\"wp-image-4219 aligncenter\" src=\"https:\/\/centrodeolivaryaceite.com\/wp-content\/uploads\/2015\/02\/galleta.jpg\" alt=\"galleta\" width=\"181\" height=\"242\" \/><\/a> <\/strong><\/p><p style=\"text-align: center;\"><strong>GALLETAS DE CHOCOLATE<\/strong><\/p><p>INGREDIENTES:<\/p><p>200 gr de mantequilla ablandada, 220 g de az\u00facar blanquilla, 1 huevo mediano, 300 g de harina tamizada, 50 g de cacao en polvo y una pizca de sal<\/p><p>PREPARACI\u00d3N:<\/p><p>Precalentar el horno a 180\u00ba. \u00a0Mezclar la mantequilla, el az\u00facar y la sal hasta obtener una preparaci\u00f3n cremosa y homog\u00e9nea.<\/p><p>Batir ligeramente el huevo e incorporarlo poco a poco a la mezcla sin dejar de batir hasta que se incorpore bien. Tamizar la harina y el cacao en polvo (caso 1) y a\u00f1adirlo a la preparaci\u00f3n anterior hasta que la masa est\u00e9 homog\u00e9nea, incorporar la vainilla (caso 2) y seguir mezclando. Formar una bola, dividirla en discos de 2 cm de anchura, envolverla en film y reservarla en la nevera unas 2 horas o hasta que la masa est\u00e9 firme y fr\u00eda. .<\/p><p>Preparar una bandeja con papel del horno, estirar la masa unos 6mm de grosor sobre una superficie antiadherente o con ayuda de horno. Cortar las galletas y reservar en la nevera unos 20 min. . Hornear 13-15 min. las galletas grandes y 10-13 min las\u00a0galletas medianas, o hasta que los bordes se doren ligeramente, hornear las de mismo tama\u00f1o a la vez<\/p><p>\u00a0<\/p>","_et_gb_content_width":"","_jetpack_memberships_contains_paid_content":false,"footnotes":""},"categories":[27],"tags":[],"class_list":["post-43900","post","type-post","status-publish","format-standard","has-post-thumbnail","hentry","category-general-en"],"jetpack_featured_media_url":"https:\/\/i0.wp.com\/centrodeolivaryaceite.com\/wp-content\/uploads\/2015\/02\/Marcos-en-el-Taller.jpg?fit=960%2C720&ssl=1","jetpack_sharing_enabled":true,"jetpack_shortlink":"https:\/\/wp.me\/p95A9q-bq4","_links":{"self":[{"href":"https:\/\/centrodeolivaryaceite.com\/en\/wp-json\/wp\/v2\/posts\/43900\/"}],"collection":[{"href":"https:\/\/centrodeolivaryaceite.com\/en\/wp-json\/wp\/v2\/posts\/"}],"about":[{"href":"https:\/\/centrodeolivaryaceite.com\/en\/wp-json\/wp\/v2\/types\/post\/"}],"author":[{"embeddable":true,"href":"https:\/\/centrodeolivaryaceite.com\/en\/wp-json\/wp\/v2\/users\/1\/"}],"replies":[{"embeddable":true,"href":"https:\/\/centrodeolivaryaceite.com\/en\/wp-json\/wp\/v2\/comments\/?post=43900"}],"version-history":[{"count":1,"href":"https:\/\/centrodeolivaryaceite.com\/en\/wp-json\/wp\/v2\/posts\/43900\/revisions\/"}],"predecessor-version":[{"id":43901,"href":"https:\/\/centrodeolivaryaceite.com\/en\/wp-json\/wp\/v2\/posts\/43900\/revisions\/43901\/"}],"wp:featuredmedia":[{"embeddable":true,"href":"https:\/\/centrodeolivaryaceite.com\/en\/wp-json\/wp\/v2\/media\/39816\/"}],"wp:attachment":[{"href":"https:\/\/centrodeolivaryaceite.com\/en\/wp-json\/wp\/v2\/media\/?parent=43900"}],"wp:term":[{"taxonomy":"category","embeddable":true,"href":"https:\/\/centrodeolivaryaceite.com\/en\/wp-json\/wp\/v2\/categories\/?post=43900"},{"taxonomy":"post_tag","embeddable":true,"href":"https:\/\/centrodeolivaryaceite.com\/en\/wp-json\/wp\/v2\/tags\/?post=43900"}],"curies":[{"name":"wp","href":"https:\/\/api.w.org\/{rel}","templated":true}]}}