{"id":1862,"date":"2013-04-19T17:56:22","date_gmt":"2013-04-19T17:56:22","guid":{"rendered":"http:\/\/centrodeolivaryaceitelaloma.com\/copiablog\/?p=1862"},"modified":"2022-07-29T10:09:32","modified_gmt":"2022-07-29T10:09:32","slug":"presentacion-de-la-asociacion-olivar-y-aceite-comarca-de-la-loma","status":"publish","type":"post","link":"https:\/\/centrodeolivaryaceite.com\/es\/presentacion-de-la-asociacion-olivar-y-aceite-comarca-de-la-loma\/","title":{"rendered":"Presentaci\u00f3n de la  Asociaci\u00f3n  \u00abOlivar y Aceite\u00bb"},"content":{"rendered":"<p>[et_pb_section fb_built=\u00bb1&#8243; fullwidth=\u00bbon\u00bb custom_padding_last_edited=\u00bbon|desktop\u00bb admin_label=\u00bbSecci\u00f3n\u00bb _builder_version=\u00bb3.22&#8243; background_color=\u00bb#ffffff\u00bb background_image=\u00bbhttp:\/\/centrodeolivaryaceite.com\/wp-content\/uploads\/2016\/06\/page_header_bg_blue.jpg\u00bb custom_padding_tablet=\u00bb50px|0|50px|0&#8243; transparent_background=\u00bboff\u00bb padding_mobile=\u00bboff\u00bb make_fullwidth=\u00bboff\u00bb use_custom_width=\u00bboff\u00bb width_unit=\u00bbon\u00bb global_module=\u00bb5294&#8243; locked=\u00bboff\u00bb collapsed=\u00bboff\u00bb global_colors_info=\u00bb{}\u00bb custom_padding_phone=\u00bb50px|0|50px|0&#8243;][et_pb_fullwidth_post_title meta=\u00bboff\u00bb featured_image=\u00bboff\u00bb text_color=\u00bblight\u00bb text_background=\u00bbon\u00bb text_bg_color=\u00bbrgba(28,28,28,0.43)\u00bb admin_label=\u00bbT\u00edtulo\u00bb _builder_version=\u00bb4.17.6&#8243; _module_preset=\u00bbdefault\u00bb title_font=\u00bbRoboto Light||||\u00bb title_font_size=\u00bb35px\u00bb title_all_caps=\u00bbon\u00bb background_color=\u00bbrgba(255,255,255,0)\u00bb parallax=\u00bbon\u00bb parallax_method=\u00bboff\u00bb text_orientation=\u00bbcenter\u00bb use_border_color=\u00bboff\u00bb border_color=\u00bb#ffffff\u00bb border_style=\u00bbsolid\u00bb parallax_effect=\u00bbon\u00bb module_bg_color=\u00bbrgba(255,255,255,0)\u00bb global_colors_info=\u00bb{}\u00bb][\/et_pb_fullwidth_post_title][\/et_pb_section][et_pb_section fb_built=\u00bb1&#8243; custom_padding_last_edited=\u00bbon|desktop\u00bb admin_label=\u00bbSecci\u00f3n\u00bb _builder_version=\u00bb4.16&#8243; background_color=\u00bb#ffffff\u00bb custom_padding=\u00bb10px|||\u00bb custom_padding_tablet=\u00bb50px|0|50px|0&#8243; transparent_background=\u00bboff\u00bb padding_mobile=\u00bboff\u00bb make_fullwidth=\u00bboff\u00bb use_custom_width=\u00bboff\u00bb width_unit=\u00bbon\u00bb global_colors_info=\u00bb{}\u00bb custom_padding_phone=\u00bb50px|0|50px|0&#8243;][et_pb_row padding_mobile=\u00bboff\u00bb column_padding_mobile=\u00bbon\u00bb admin_label=\u00bbFila\u00bb _builder_version=\u00bb4.16&#8243; background_size=\u00bbinitial\u00bb background_position=\u00bbtop_left\u00bb background_repeat=\u00bbrepeat\u00bb custom_padding=\u00bb10px|||\u00bb make_fullwidth=\u00bboff\u00bb use_custom_width=\u00bboff\u00bb width_unit=\u00bbon\u00bb global_colors_info=\u00bb{}\u00bb][et_pb_column type=\u00bb4_4&#8243; _builder_version=\u00bb4.16&#8243; custom_padding=\u00bb|||\u00bb global_colors_info=\u00bb{}\u00bb custom_padding__hover=\u00bb|||\u00bb][et_pb_post_title title=\u00bboff\u00bb admin_label=\u00bbT\u00edtulo de publicaci\u00f3n\u00bb _builder_version=\u00bb4.16&#8243; title_all_caps=\u00bboff\u00bb background_color=\u00bbrgba(255,255,255,0)\u00bb parallax=\u00bbon\u00bb parallax_method=\u00bboff\u00bb use_border_color=\u00bboff\u00bb border_color=\u00bb#ffffff\u00bb border_style=\u00bbsolid\u00bb parallax_effect=\u00bbon\u00bb module_bg_color=\u00bbrgba(255,255,255,0)\u00bb global_colors_info=\u00bb{}\u00bb] [\/et_pb_post_title][\/et_pb_column][\/et_pb_row][\/et_pb_section][et_pb_section fb_built=\u00bb1&#8243; specialty=\u00bbon\u00bb custom_padding_last_edited=\u00bbon|desktop\u00bb parallax_method_1=\u00bboff\u00bb parallax_method_2=\u00bboff\u00bb admin_label=\u00bbSecci\u00f3n\u00bb _builder_version=\u00bb4.16&#8243; background_color=\u00bb#ffffff\u00bb custom_padding=\u00bb10px|||\u00bb custom_padding_tablet=\u00bb50px|0|50px|0&#8243; transparent_background=\u00bboff\u00bb padding_mobile=\u00bboff\u00bb make_fullwidth=\u00bboff\u00bb use_custom_width=\u00bboff\u00bb width_unit=\u00bbon\u00bb global_colors_info=\u00bb{}\u00bb custom_padding_phone=\u00bb50px|0|50px|0&#8243;][et_pb_column type=\u00bb2_3&#8243; specialty_columns=\u00bb2&#8243; _builder_version=\u00bb4.16&#8243; custom_padding=\u00bb|||\u00bb global_colors_info=\u00bb{}\u00bb custom_padding__hover=\u00bb|||\u00bb][et_pb_row_inner padding_mobile=\u00bboff\u00bb column_padding_mobile=\u00bbon\u00bb admin_label=\u00bbFila\u00bb _builder_version=\u00bb4.16&#8243; custom_padding=\u00bb0px|||\u00bb global_colors_info=\u00bb{}\u00bb][et_pb_column_inner saved_specialty_column_type=\u00bb2_3&#8243; _builder_version=\u00bb4.16&#8243; custom_padding=\u00bb|||\u00bb global_colors_info=\u00bb{}\u00bb custom_padding__hover=\u00bb|||\u00bb][et_pb_text admin_label=\u00bbText\u00bb _builder_version=\u00bb4.16&#8243; background_size=\u00bbinitial\u00bb background_position=\u00bbtop_left\u00bb background_repeat=\u00bbrepeat\u00bb global_colors_info=\u00bb{}\u00bb]El pasado jueves 18 de Abril a las 18:00 h, tuvo lugar en el Sal\u00f3n de Actos del Centro de Interpretaci\u00f3n Olivar y Aceite, ubicado en la Casa de la Tercia, en \u00dabeda, una \u201cJornada de Presentaci\u00f3n\u201d del Centro y de la Asociaci\u00f3n que lo gestiona, la Asociaci\u00f3n \u201cOlivar y Aceite \u201d. En el acto estuvo <strong>presente gran parte del Sector ole\u00edcola, tur\u00edstico, hostelero, restaurador de la regi\u00f3n, adem\u00e1s de empresas de cosm\u00e9tica, entidades bancarias e Instituciones<\/strong>.<\/p>\n<p>La jornada cont\u00f3 con cerca de 100 asistentes. Fue presentada y guiada por el Presidente de la Asociaci\u00f3n \u201cOlivar y Aceite\u201d, Jos\u00e9 Luis Romera. El objetivo del evento era acercar el Centro de Interpretaci\u00f3n a la Comunidad Empresarial de la regi\u00f3n as\u00ed como presentar la Asociaci\u00f3n que lo gestiona, sus Objetivos y Actuaciones presentes y futuras.<\/p>\n<p>Tras la charla informativa se procedi\u00f3 a realizar una <strong>visita guiada<\/strong> por las instalaciones. Los asistentes a la jornada, fueron acompa\u00f1ados por personal del Centro para conocer al detalle todas las posibilidades que ofrece dicho Centro de Interpretaci\u00f3n.\u00a0<strong>Se visitaron las Salas de formaci\u00f3n y Sala de Catas de Aceite<\/strong>. A continuaci\u00f3n la zona de <strong>Paneles audiovisuales monotem\u00e1ticos<\/strong>, siguiendo por el Patio con piezas antiguas de la elaboraci\u00f3n del Aceite de Oliva Virgen y la Sala de Exposiciones, con piezas de los Artesanos de \u00dabeda.<\/p>\n<p>Especial menci\u00f3n tuvo el <strong>Aula de Cocina<\/strong>, donde se realizar\u00e1n actividades formativas gastron\u00f3micas de cocina tradicional y de vanguardia; como la Sala Infantil, adaptada para que los m\u00e1s peque\u00f1os sean introducidos en el apasionante mundo del Aceite de Oliva, de la mano de la simp\u00e1tica mascota \u201cOlivia\u201d.<br \/>\nEl recorrido finaliz\u00f3 en la <strong>Tienda<\/strong>, donde se encuentran a la venta una <strong>gran variedad de Aceites de Oliva Virgen Extra<\/strong>, junto a productos t\u00edpicos de la gastronom\u00eda, cosm\u00e9tica y artesan\u00eda de la regi\u00f3n. Los asistentes pudieron degustar una gran variedad de excelentes Aceites de Oliva Virgen Extra, adem\u00e1s de conocer otros productos como Cosm\u00e9ticos elaborados con Aceite de Oliva Virgen Extra o Hueso de aceituna, usado en las calefacciones.<\/p>\n<p>Una vez terminada la visita, se emplaz\u00f3 a los asistentes a tener una relaci\u00f3n m\u00e1s directa con la Asociaci\u00f3n \u201cOlivar y Aceite\u201d a trav\u00e9s de la incorporaci\u00f3n a la misma de las diferentes entidades que asistieron al evento.<br \/>\nLa Asociaci\u00f3n se encuentra en periodo de aceptaci\u00f3n y captaci\u00f3n de socios que actualmente cuenta con miembros destacados del Sector P\u00fablico, Almazaras, Empresas de Servicios Tur\u00edsticos, Empresas de Cosm\u00e9ticos y Compa\u00f1\u00edas especializadas en Nuevas Tecnolog\u00edas.<br \/>\nLa reuni\u00f3n y presentaci\u00f3n del centro se calific\u00f3 de \u00e9xito por parte de todos los asistentes.<br \/>\n[\/et_pb_text][et_pb_comments admin_label=\u00bbComentarios\u00bb _builder_version=\u00bb4.16&#8243; use_border_color=\u00bboff\u00bb border_color=\u00bb#ffffff\u00bb border_style=\u00bbsolid\u00bb button_letter_spacing_hover=\u00bb0&#8243; global_colors_info=\u00bb{}\u00bb button_text_size__hover_enabled=\u00bboff\u00bb button_one_text_size__hover_enabled=\u00bboff\u00bb button_two_text_size__hover_enabled=\u00bboff\u00bb button_text_color__hover_enabled=\u00bboff\u00bb button_one_text_color__hover_enabled=\u00bboff\u00bb button_two_text_color__hover_enabled=\u00bboff\u00bb button_border_width__hover_enabled=\u00bboff\u00bb button_one_border_width__hover_enabled=\u00bboff\u00bb button_two_border_width__hover_enabled=\u00bboff\u00bb button_border_color__hover_enabled=\u00bboff\u00bb button_one_border_color__hover_enabled=\u00bboff\u00bb button_two_border_color__hover_enabled=\u00bboff\u00bb button_border_radius__hover_enabled=\u00bboff\u00bb button_one_border_radius__hover_enabled=\u00bboff\u00bb button_two_border_radius__hover_enabled=\u00bboff\u00bb button_letter_spacing__hover_enabled=\u00bbon\u00bb button_letter_spacing__hover=\u00bb0&#8243; button_one_letter_spacing__hover_enabled=\u00bboff\u00bb button_two_letter_spacing__hover_enabled=\u00bboff\u00bb button_bg_color__hover_enabled=\u00bboff\u00bb button_one_bg_color__hover_enabled=\u00bboff\u00bb button_two_bg_color__hover_enabled=\u00bboff\u00bb] [\/et_pb_comments][\/et_pb_column_inner][\/et_pb_row_inner][\/et_pb_column][et_pb_column type=\u00bb1_3&#8243; _builder_version=\u00bb4.16&#8243; custom_padding=\u00bb|||\u00bb global_colors_info=\u00bb{}\u00bb custom_padding__hover=\u00bb|||\u00bb][et_pb_sidebar orientation=\u00bbright\u00bb area=\u00bbsidebar-1&#8243; admin_label=\u00bbBarra lateral\u00bb _builder_version=\u00bb4.16&#8243; remove_border=\u00bboff\u00bb global_colors_info=\u00bb{}\u00bb] [\/et_pb_sidebar][\/et_pb_column][\/et_pb_section][et_pb_section fb_built=\u00bb1&#8243; custom_padding_last_edited=\u00bbon|desktop\u00bb disabled_on=\u00bbon|on|on\u00bb admin_label=\u00bbSecci\u00f3n\u00bb _builder_version=\u00bb3.0.92&#8243; background_color=\u00bb#dedacf\u00bb custom_padding_tablet=\u00bb50px|0|50px|0&#8243; transparent_background=\u00bboff\u00bb padding_mobile=\u00bboff\u00bb make_fullwidth=\u00bboff\u00bb use_custom_width=\u00bboff\u00bb width_unit=\u00bbon\u00bb disabled=\u00bbon\u00bb global_module=\u00bb5116&#8243; collapsed=\u00bboff\u00bb global_colors_info=\u00bb{}\u00bb custom_padding_phone=\u00bb50px|0|50px|0&#8243;][et_pb_row _builder_version=\u00bb4.16&#8243; global_colors_info=\u00bb{}\u00bb][et_pb_column type=\u00bb4_4&#8243; _builder_version=\u00bb4.16&#8243; custom_padding=\u00bb|||\u00bb global_colors_info=\u00bb{}\u00bb custom_padding__hover=\u00bb|||\u00bb][\/et_pb_column][\/et_pb_row][\/et_pb_section][et_pb_section fb_built=\u00bb1&#8243; custom_padding_last_edited=\u00bbon|desktop\u00bb admin_label=\u00bbSecci\u00f3n\u00bb _builder_version=\u00bb3.22&#8243; background_color=\u00bb#ffffff\u00bb custom_padding=\u00bb10px||0px|\u00bb custom_padding_tablet=\u00bb50px|0|50px|0&#8243; transparent_background=\u00bboff\u00bb padding_mobile=\u00bboff\u00bb make_fullwidth=\u00bboff\u00bb use_custom_width=\u00bboff\u00bb width_unit=\u00bbon\u00bb global_module=\u00bb5115&#8243; collapsed=\u00bboff\u00bb global_colors_info=\u00bb{}\u00bb custom_padding_phone=\u00bb50px|0|50px|0&#8243;][et_pb_row padding_mobile=\u00bboff\u00bb column_padding_mobile=\u00bbon\u00bb _builder_version=\u00bb4.16&#8243; background_size=\u00bbinitial\u00bb background_position=\u00bbtop_left\u00bb background_repeat=\u00bbrepeat\u00bb max_width=\u00bb1080px\u00bb custom_padding=\u00bb0px||0px|\u00bb make_fullwidth=\u00bboff\u00bb use_custom_width=\u00bboff\u00bb width_unit=\u00bbon\u00bb global_colors_info=\u00bb{}\u00bb][\/et_pb_row][\/et_pb_section]<\/p>\n","protected":false},"excerpt":{"rendered":"<p>El pasado jueves 18 de Abril a las 18:00 h, tuvo lugar en el Sal\u00f3n de Actos del Centro de Interpretaci\u00f3n Olivar y Aceite, ubicado en la Casa de la Tercia, en \u00dabeda, una \u201cJornada de Presentaci\u00f3n\u201d del Centro y de la Asociaci\u00f3n que lo gestiona, la Asociaci\u00f3n \u201cOlivar y Aceite \u201d. En el acto [&hellip;]<\/p>\n","protected":false},"author":1,"featured_media":1863,"comment_status":"open","ping_status":"open","sticky":false,"template":"","format":"standard","meta":{"_et_pb_use_builder":"on","_et_pb_old_content":"<p>El pasado jueves 18 de Abril a las 18:00 h, tuvo lugar en el Sal\u00f3n de Actos del Centro de Interpretaci\u00f3n Olivar y Aceite, ubicado en la Casa de la Tercia, en \u00dabeda, una \u201cJornada de Presentaci\u00f3n\u201d del Centro y de la Asociaci\u00f3n que lo gestiona, la Asociaci\u00f3n \u201cOlivar y Aceite \u201d. En el acto estuvo <strong>presente gran parte del Sector ole\u00edcola, tur\u00edstico, hostelero, restaurador de la regi\u00f3n, adem\u00e1s de empresas de cosm\u00e9tica, entidades bancarias e Instituciones<\/strong>.<\/p><p>La jornada cont\u00f3 con cerca de 100 asistentes. Fue presentada y guiada por el Presidente de la Asociaci\u00f3n \u201cOlivar y Aceite\u201d, Jos\u00e9 Luis Romera. El objetivo del evento era acercar el Centro de Interpretaci\u00f3n a la Comunidad Empresarial de la regi\u00f3n as\u00ed como presentar la Asociaci\u00f3n que lo gestiona, sus Objetivos y Actuaciones presentes y futuras.<\/p><p>Tras la charla informativa se procedi\u00f3 a realizar una <strong>visita guiada<\/strong> por las instalaciones. Los asistentes a la jornada, fueron acompa\u00f1ados por personal del Centro para conocer al detalle todas las posibilidades que ofrece dicho Centro de Interpretaci\u00f3n.\u00a0<strong>Se visitaron las Salas de formaci\u00f3n y Sala de Catas de Aceite<\/strong>. A continuaci\u00f3n la zona de <strong>Paneles audiovisuales monotem\u00e1ticos<\/strong>, siguiendo por el Patio con piezas antiguas de la elaboraci\u00f3n del Aceite de Oliva Virgen y la Sala de Exposiciones, con piezas de los Artesanos de \u00dabeda.<\/p><p>Especial menci\u00f3n tuvo el <strong>Aula de Cocina<\/strong>, donde se realizar\u00e1n actividades formativas gastron\u00f3micas de cocina tradicional y de vanguardia; como la Sala Infantil, adaptada para que los m\u00e1s peque\u00f1os sean introducidos en el apasionante mundo del Aceite de Oliva, de la mano de la simp\u00e1tica mascota \u201cOlivia\u201d.<br \/> El recorrido finaliz\u00f3 en la <strong>Tienda<\/strong>, donde se encuentran a la venta una <strong>gran variedad de Aceites de Oliva Virgen Extra<\/strong>, junto a productos t\u00edpicos de la gastronom\u00eda, cosm\u00e9tica y artesan\u00eda de la regi\u00f3n. Los asistentes pudieron degustar una gran variedad de excelentes Aceites de Oliva Virgen Extra, adem\u00e1s de conocer otros productos como Cosm\u00e9ticos elaborados con Aceite de Oliva Virgen Extra o Hueso de aceituna, usado en las calefacciones.<\/p><p>Una vez terminada la visita, se emplaz\u00f3 a los asistentes a tener una relaci\u00f3n m\u00e1s directa con la Asociaci\u00f3n \u201cOlivar y Aceite\u201d a trav\u00e9s de la incorporaci\u00f3n a la misma de las diferentes entidades que asistieron al evento.<br \/> La Asociaci\u00f3n se encuentra en periodo de aceptaci\u00f3n y captaci\u00f3n de socios que actualmente cuenta con miembros destacados del Sector P\u00fablico, Almazaras, Empresas de Servicios Tur\u00edsticos, Empresas de Cosm\u00e9ticos y Compa\u00f1\u00edas especializadas en Nuevas Tecnolog\u00edas.<br \/> La reuni\u00f3n y presentaci\u00f3n del centro se calific\u00f3 de \u00e9xito por parte de todos los asistentes.<\/p>","_et_gb_content_width":"","_jetpack_memberships_contains_paid_content":false,"footnotes":""},"categories":[1],"tags":[],"class_list":["post-1862","post","type-post","status-publish","format-standard","has-post-thumbnail","hentry","category-general"],"jetpack_featured_media_url":"https:\/\/i0.wp.com\/centrodeolivaryaceite.com\/wp-content\/uploads\/2013\/04\/DSCN2337-scaled.jpg?fit=2560%2C1920&ssl=1","jetpack_sharing_enabled":true,"jetpack_shortlink":"https:\/\/wp.me\/p95A9q-u2","_links":{"self":[{"href":"https:\/\/centrodeolivaryaceite.com\/es\/wp-json\/wp\/v2\/posts\/1862\/"}],"collection":[{"href":"https:\/\/centrodeolivaryaceite.com\/es\/wp-json\/wp\/v2\/posts\/"}],"about":[{"href":"https:\/\/centrodeolivaryaceite.com\/es\/wp-json\/wp\/v2\/types\/post\/"}],"author":[{"embeddable":true,"href":"https:\/\/centrodeolivaryaceite.com\/es\/wp-json\/wp\/v2\/users\/1\/"}],"replies":[{"embeddable":true,"href":"https:\/\/centrodeolivaryaceite.com\/es\/wp-json\/wp\/v2\/comments\/?post=1862"}],"version-history":[{"count":0,"href":"https:\/\/centrodeolivaryaceite.com\/es\/wp-json\/wp\/v2\/posts\/1862\/revisions\/"}],"wp:featuredmedia":[{"embeddable":true,"href":"https:\/\/centrodeolivaryaceite.com\/es\/wp-json\/wp\/v2\/media\/1863\/"}],"wp:attachment":[{"href":"https:\/\/centrodeolivaryaceite.com\/es\/wp-json\/wp\/v2\/media\/?parent=1862"}],"wp:term":[{"taxonomy":"category","embeddable":true,"href":"https:\/\/centrodeolivaryaceite.com\/es\/wp-json\/wp\/v2\/categories\/?post=1862"},{"taxonomy":"post_tag","embeddable":true,"href":"https:\/\/centrodeolivaryaceite.com\/es\/wp-json\/wp\/v2\/tags\/?post=1862"}],"curies":[{"name":"wp","href":"https:\/\/api.w.org\/{rel}","templated":true}]}}