{"id":1908,"date":"2013-04-30T17:54:15","date_gmt":"2013-04-30T17:54:15","guid":{"rendered":"http:\/\/centrodeolivaryaceitelaloma.com\/copiablog\/?p=1908"},"modified":"2022-07-29T10:12:15","modified_gmt":"2022-07-29T10:12:15","slug":"aprenden-los-beneficios-del-desayuno-con-aceite-de-oliva-virgen-extra","status":"publish","type":"post","link":"https:\/\/centrodeolivaryaceite.com\/es\/aprenden-los-beneficios-del-desayuno-con-aceite-de-oliva-virgen-extra\/","title":{"rendered":"Aprenden los beneficios del Desayuno con Aceite de Oliva Virgen Extra"},"content":{"rendered":"<p>[et_pb_section fb_built=\u00bb1&#8243; fullwidth=\u00bbon\u00bb custom_padding_last_edited=\u00bbon|desktop\u00bb admin_label=\u00bbSecci\u00f3n\u00bb _builder_version=\u00bb3.22&#8243; background_color=\u00bb#ffffff\u00bb background_image=\u00bbhttp:\/\/centrodeolivaryaceite.com\/wp-content\/uploads\/2016\/06\/page_header_bg_blue.jpg\u00bb custom_padding_tablet=\u00bb50px|0|50px|0&#8243; transparent_background=\u00bboff\u00bb padding_mobile=\u00bboff\u00bb make_fullwidth=\u00bboff\u00bb use_custom_width=\u00bboff\u00bb width_unit=\u00bbon\u00bb global_module=\u00bb5294&#8243; locked=\u00bboff\u00bb collapsed=\u00bboff\u00bb global_colors_info=\u00bb{}\u00bb custom_padding_phone=\u00bb50px|0|50px|0&#8243;][et_pb_fullwidth_post_title meta=\u00bboff\u00bb featured_image=\u00bboff\u00bb text_color=\u00bblight\u00bb text_background=\u00bbon\u00bb text_bg_color=\u00bbrgba(28,28,28,0.43)\u00bb admin_label=\u00bbT\u00edtulo\u00bb _builder_version=\u00bb4.17.6&#8243; _module_preset=\u00bbdefault\u00bb title_font=\u00bbRoboto Light||||\u00bb title_font_size=\u00bb35px\u00bb title_all_caps=\u00bbon\u00bb background_color=\u00bbrgba(255,255,255,0)\u00bb parallax=\u00bbon\u00bb parallax_method=\u00bboff\u00bb text_orientation=\u00bbcenter\u00bb use_border_color=\u00bboff\u00bb border_color=\u00bb#ffffff\u00bb border_style=\u00bbsolid\u00bb parallax_effect=\u00bbon\u00bb module_bg_color=\u00bbrgba(255,255,255,0)\u00bb global_colors_info=\u00bb{}\u00bb][\/et_pb_fullwidth_post_title][\/et_pb_section][et_pb_section fb_built=\u00bb1&#8243; custom_padding_last_edited=\u00bbon|desktop\u00bb admin_label=\u00bbSecci\u00f3n\u00bb _builder_version=\u00bb4.16&#8243; background_color=\u00bb#ffffff\u00bb custom_padding=\u00bb10px|||\u00bb custom_padding_tablet=\u00bb50px|0|50px|0&#8243; transparent_background=\u00bboff\u00bb padding_mobile=\u00bboff\u00bb make_fullwidth=\u00bboff\u00bb use_custom_width=\u00bboff\u00bb width_unit=\u00bbon\u00bb global_colors_info=\u00bb{}\u00bb custom_padding_phone=\u00bb50px|0|50px|0&#8243;][et_pb_row padding_mobile=\u00bboff\u00bb column_padding_mobile=\u00bbon\u00bb admin_label=\u00bbFila\u00bb _builder_version=\u00bb4.16&#8243; background_size=\u00bbinitial\u00bb background_position=\u00bbtop_left\u00bb background_repeat=\u00bbrepeat\u00bb custom_padding=\u00bb10px|||\u00bb make_fullwidth=\u00bboff\u00bb use_custom_width=\u00bboff\u00bb width_unit=\u00bbon\u00bb global_colors_info=\u00bb{}\u00bb][et_pb_column type=\u00bb4_4&#8243; _builder_version=\u00bb4.16&#8243; custom_padding=\u00bb|||\u00bb global_colors_info=\u00bb{}\u00bb custom_padding__hover=\u00bb|||\u00bb][et_pb_post_title title=\u00bboff\u00bb admin_label=\u00bbT\u00edtulo de publicaci\u00f3n\u00bb _builder_version=\u00bb4.16&#8243; title_all_caps=\u00bboff\u00bb background_color=\u00bbrgba(255,255,255,0)\u00bb parallax=\u00bbon\u00bb parallax_method=\u00bboff\u00bb use_border_color=\u00bboff\u00bb border_color=\u00bb#ffffff\u00bb border_style=\u00bbsolid\u00bb parallax_effect=\u00bbon\u00bb module_bg_color=\u00bbrgba(255,255,255,0)\u00bb global_colors_info=\u00bb{}\u00bb] [\/et_pb_post_title][\/et_pb_column][\/et_pb_row][\/et_pb_section][et_pb_section fb_built=\u00bb1&#8243; specialty=\u00bbon\u00bb custom_padding_last_edited=\u00bbon|desktop\u00bb parallax_method_1=\u00bboff\u00bb parallax_method_2=\u00bboff\u00bb admin_label=\u00bbSecci\u00f3n\u00bb _builder_version=\u00bb4.16&#8243; background_color=\u00bb#ffffff\u00bb custom_padding=\u00bb10px|||\u00bb custom_padding_tablet=\u00bb50px|0|50px|0&#8243; transparent_background=\u00bboff\u00bb padding_mobile=\u00bboff\u00bb make_fullwidth=\u00bboff\u00bb use_custom_width=\u00bboff\u00bb width_unit=\u00bbon\u00bb global_colors_info=\u00bb{}\u00bb custom_padding_phone=\u00bb50px|0|50px|0&#8243;][et_pb_column type=\u00bb2_3&#8243; specialty_columns=\u00bb2&#8243; _builder_version=\u00bb4.16&#8243; custom_padding=\u00bb|||\u00bb global_colors_info=\u00bb{}\u00bb custom_padding__hover=\u00bb|||\u00bb][et_pb_row_inner padding_mobile=\u00bboff\u00bb column_padding_mobile=\u00bbon\u00bb admin_label=\u00bbFila\u00bb _builder_version=\u00bb4.16&#8243; custom_padding=\u00bb0px|||\u00bb global_colors_info=\u00bb{}\u00bb][et_pb_column_inner saved_specialty_column_type=\u00bb2_3&#8243; _builder_version=\u00bb4.16&#8243; custom_padding=\u00bb|||\u00bb global_colors_info=\u00bb{}\u00bb custom_padding__hover=\u00bb|||\u00bb][et_pb_text admin_label=\u00bbText\u00bb _builder_version=\u00bb4.16&#8243; background_size=\u00bbinitial\u00bb background_position=\u00bbtop_left\u00bb background_repeat=\u00bbrepeat\u00bb global_colors_info=\u00bb{}\u00bb]Esta ma\u00f1ana, el Centro de Interpretaci\u00f3n Olivar y Aceite, ha recibido la visita de ni\u00f1os del Colegio \u201cVirgen de Guadalupe\u201d, de \u00dabeda organizada por el AMPA \u201cEl Barrio\u201d. Alumnos de entre 5 y 9 a\u00f1o, han pasado la ma\u00f1ana inmersos en<strong> el oleoturismo y en la Cultura del Aceite de Oliva Virgen Extra<\/strong>.<\/p>\n<p>La ma\u00f1ana ha comenzado visionando un v\u00eddeo en la Sala Infantil, sobre el Olivar y el Aceite,\u00a0 amenizado por nuestra mascota Olivia.<\/p>\n<p>Posteriormente, se les ha explicado la recolecci\u00f3n y elaboraci\u00f3n del Aceite de Oliva Virgen Extra, pr\u00e1cticamente,\u00a0<strong>como si hicieran una visita a una almazara,<\/strong> haciendo especial hincapi\u00e9 en la importancia del olivar en la regi\u00f3n, y las caracter\u00edsticas de la variedad picual. Tambi\u00e9n han conocido las propiedades saludables \u00a0y ventajas de consumir Aceite de Oliva Virgen Extra.<\/p>\n<p>Los ni\u00f1os han estado muy participativos durante todas las explicaciones y han disfrutado a su paso por la <strong>Tienda de Aceite de Oliva Virgen Extra<\/strong> del Centro, probando diferentes Aceites de Oliva.<\/p>\n<p>A continuaci\u00f3n, han admirado en nuestro patio los elementos antiguos del proceso de elaboraci\u00f3n del aceite, prestando especial atenci\u00f3n a nuestro Molino de empiedros tirado por un burro.<\/p>\n<p>Tambi\u00e9n han conocido, la exposici\u00f3n de Artesan\u00eda y Olivar, acerca de la cer\u00e1mica, forja, esparto o artesonados elaborados en \u00dabeda. Y por \u00faltimo disfrutado de un Desayuno Molinero, muy celebrado por todos.<\/p>\n<p>Esta visita, est\u00e1 dentro de las actividades dise\u00f1adas por el Centro de Interpretaci\u00f3n para ni\u00f1os y colegios, con el objetivo de que los ni\u00f1os conozcan desde edad temprana la cultura del Aceite y fomentar el desayuno saludable con Aceite de Oliva Virgen Extra.<\/p>\n<p><div class=\"tiled-gallery type-rectangular tiled-gallery-unresized\" data-original-width=\"1080\" data-carousel-extra='{&quot;blog_id&quot;:1,&quot;permalink&quot;:&quot;https:\\\/\\\/centrodeolivaryaceite.com\\\/es\\\/aprenden-los-beneficios-del-desayuno-con-aceite-de-oliva-virgen-extra\\\/&quot;,&quot;likes_blog_id&quot;:134317632}' itemscope itemtype=\"http:\/\/schema.org\/ImageGallery\" > <div class=\"gallery-row\" style=\"width: 1080px; height: 541px;\" data-original-width=\"1080\" data-original-height=\"541\" > <div class=\"gallery-group images-1\" style=\"width: 720px; height: 541px;\" data-original-width=\"720\" data-original-height=\"541\" > <div class=\"tiled-gallery-item tiled-gallery-item-large\" itemprop=\"associatedMedia\" itemscope itemtype=\"http:\/\/schema.org\/ImageObject\"> <a href=\"https:\/\/centrodeolivaryaceite.com\/es\/aprenden-los-beneficios-del-desayuno-con-aceite-de-oliva-virgen-extra\/visita-ampa-el-barrio-colegio-virgen-de-guadalupe-005\/\" border=\"0\" itemprop=\"url\"> <meta itemprop=\"width\" content=\"716\"> <meta itemprop=\"height\" content=\"537\"> <img decoding=\"async\" class=\"\" data-attachment-id=\"1910\" data-orig-file=\"https:\/\/centrodeolivaryaceite.com\/wp-content\/uploads\/2013\/04\/Visita-AMPA-el-Barrio-Colegio-Virgen-de-Guadalupe-005.jpg\" data-orig-size=\"1024,768\" data-comments-opened=\"1\" data-image-meta=\"{&quot;aperture&quot;:&quot;3.2&quot;,&quot;credit&quot;:&quot;&quot;,&quot;camera&quot;:&quot;COOLPIX S3000&quot;,&quot;caption&quot;:&quot;&quot;,&quot;created_timestamp&quot;:&quot;1367317456&quot;,&quot;copyright&quot;:&quot;&quot;,&quot;focal_length&quot;:&quot;4.9&quot;,&quot;iso&quot;:&quot;1250&quot;,&quot;shutter_speed&quot;:&quot;0.04&quot;,&quot;title&quot;:&quot;&quot;,&quot;orientation&quot;:&quot;1&quot;}\" data-image-title=\"Visita AMPA el Barrio- Colegio Virgen de Guadalupe 005\" data-image-description=\"\" data-medium-file=\"https:\/\/i0.wp.com\/centrodeolivaryaceite.com\/wp-content\/uploads\/2013\/04\/Visita-AMPA-el-Barrio-Colegio-Virgen-de-Guadalupe-005.jpg?fit=300%2C225&#038;ssl=1\" data-large-file=\"https:\/\/i0.wp.com\/centrodeolivaryaceite.com\/wp-content\/uploads\/2013\/04\/Visita-AMPA-el-Barrio-Colegio-Virgen-de-Guadalupe-005.jpg?fit=1024%2C768&#038;ssl=1\" src=\"https:\/\/i0.wp.com\/centrodeolivaryaceite.com\/wp-content\/uploads\/2013\/04\/Visita-AMPA-el-Barrio-Colegio-Virgen-de-Guadalupe-005.jpg?w=716&#038;h=537&#038;ssl=1\" srcset=\"https:\/\/i0.wp.com\/centrodeolivaryaceite.com\/wp-content\/uploads\/2013\/04\/Visita-AMPA-el-Barrio-Colegio-Virgen-de-Guadalupe-005.jpg?w=1024&amp;ssl=1 1024w, https:\/\/i0.wp.com\/centrodeolivaryaceite.com\/wp-content\/uploads\/2013\/04\/Visita-AMPA-el-Barrio-Colegio-Virgen-de-Guadalupe-005.jpg?resize=300%2C225&amp;ssl=1 300w, https:\/\/i0.wp.com\/centrodeolivaryaceite.com\/wp-content\/uploads\/2013\/04\/Visita-AMPA-el-Barrio-Colegio-Virgen-de-Guadalupe-005.jpg?resize=768%2C576&amp;ssl=1 768w, https:\/\/i0.wp.com\/centrodeolivaryaceite.com\/wp-content\/uploads\/2013\/04\/Visita-AMPA-el-Barrio-Colegio-Virgen-de-Guadalupe-005.jpg?resize=510%2C382&amp;ssl=1 510w\" width=\"716\" height=\"537\" loading=\"lazy\" data-original-width=\"716\" data-original-height=\"537\" itemprop=\"http:\/\/schema.org\/image\" title=\"Visita AMPA el Barrio- Colegio Virgen de Guadalupe 005\" alt=\"AMPA colegio guadalupe 2\" style=\"width: 716px; height: 537px;\" \/> <\/a> <\/div> <\/div> <!-- close group --> <div class=\"gallery-group images-2\" style=\"width: 360px; height: 541px;\" data-original-width=\"360\" data-original-height=\"541\" > <div class=\"tiled-gallery-item tiled-gallery-item-large\" itemprop=\"associatedMedia\" itemscope itemtype=\"http:\/\/schema.org\/ImageObject\"> <a href=\"https:\/\/centrodeolivaryaceite.com\/es\/aprenden-los-beneficios-del-desayuno-con-aceite-de-oliva-virgen-extra\/visita-ampa-el-barrio-colegio-virgen-de-guadalupe-033\/\" border=\"0\" itemprop=\"url\"> <meta itemprop=\"width\" content=\"356\"> <meta itemprop=\"height\" content=\"267\"> <img decoding=\"async\" class=\"\" data-attachment-id=\"1911\" data-orig-file=\"https:\/\/centrodeolivaryaceite.com\/wp-content\/uploads\/2013\/04\/Visita-AMPA-el-Barrio-Colegio-Virgen-de-Guadalupe-033.jpg\" data-orig-size=\"1024,768\" data-comments-opened=\"1\" data-image-meta=\"{&quot;aperture&quot;:&quot;3.2&quot;,&quot;credit&quot;:&quot;&quot;,&quot;camera&quot;:&quot;COOLPIX S3000&quot;,&quot;caption&quot;:&quot;&quot;,&quot;created_timestamp&quot;:&quot;1367320952&quot;,&quot;copyright&quot;:&quot;&quot;,&quot;focal_length&quot;:&quot;4.9&quot;,&quot;iso&quot;:&quot;320&quot;,&quot;shutter_speed&quot;:&quot;0.04&quot;,&quot;title&quot;:&quot;&quot;,&quot;orientation&quot;:&quot;1&quot;}\" data-image-title=\"Visita AMPA el Barrio- Colegio Virgen de Guadalupe 033\" data-image-description=\"\" data-medium-file=\"https:\/\/i0.wp.com\/centrodeolivaryaceite.com\/wp-content\/uploads\/2013\/04\/Visita-AMPA-el-Barrio-Colegio-Virgen-de-Guadalupe-033.jpg?fit=300%2C225&#038;ssl=1\" data-large-file=\"https:\/\/i0.wp.com\/centrodeolivaryaceite.com\/wp-content\/uploads\/2013\/04\/Visita-AMPA-el-Barrio-Colegio-Virgen-de-Guadalupe-033.jpg?fit=1024%2C768&#038;ssl=1\" src=\"https:\/\/i0.wp.com\/centrodeolivaryaceite.com\/wp-content\/uploads\/2013\/04\/Visita-AMPA-el-Barrio-Colegio-Virgen-de-Guadalupe-033.jpg?w=356&#038;h=267&#038;ssl=1\" srcset=\"https:\/\/i0.wp.com\/centrodeolivaryaceite.com\/wp-content\/uploads\/2013\/04\/Visita-AMPA-el-Barrio-Colegio-Virgen-de-Guadalupe-033.jpg?w=1024&amp;ssl=1 1024w, https:\/\/i0.wp.com\/centrodeolivaryaceite.com\/wp-content\/uploads\/2013\/04\/Visita-AMPA-el-Barrio-Colegio-Virgen-de-Guadalupe-033.jpg?resize=300%2C225&amp;ssl=1 300w, https:\/\/i0.wp.com\/centrodeolivaryaceite.com\/wp-content\/uploads\/2013\/04\/Visita-AMPA-el-Barrio-Colegio-Virgen-de-Guadalupe-033.jpg?resize=768%2C576&amp;ssl=1 768w, https:\/\/i0.wp.com\/centrodeolivaryaceite.com\/wp-content\/uploads\/2013\/04\/Visita-AMPA-el-Barrio-Colegio-Virgen-de-Guadalupe-033.jpg?resize=510%2C382&amp;ssl=1 510w\" width=\"356\" height=\"267\" loading=\"lazy\" data-original-width=\"356\" data-original-height=\"267\" itemprop=\"http:\/\/schema.org\/image\" title=\"Visita AMPA el Barrio- Colegio Virgen de Guadalupe 033\" alt=\"AMPA colegio guadalupe 3\" style=\"width: 356px; height: 267px;\" \/> <\/a> <\/div> <div class=\"tiled-gallery-item tiled-gallery-item-large\" itemprop=\"associatedMedia\" itemscope itemtype=\"http:\/\/schema.org\/ImageObject\"> <a href=\"https:\/\/centrodeolivaryaceite.com\/es\/aprenden-los-beneficios-del-desayuno-con-aceite-de-oliva-virgen-extra\/visita-ampa-el-barrio-colegio-virgen-de-guadalupe-032\/\" border=\"0\" itemprop=\"url\"> <meta itemprop=\"width\" content=\"356\"> <meta itemprop=\"height\" content=\"266\"> <img decoding=\"async\" class=\"\" data-attachment-id=\"1912\" data-orig-file=\"https:\/\/centrodeolivaryaceite.com\/wp-content\/uploads\/2013\/04\/Visita-AMPA-el-Barrio-Colegio-Virgen-de-Guadalupe-032.jpg\" data-orig-size=\"1024,768\" data-comments-opened=\"1\" data-image-meta=\"{&quot;aperture&quot;:&quot;3.2&quot;,&quot;credit&quot;:&quot;&quot;,&quot;camera&quot;:&quot;COOLPIX S3000&quot;,&quot;caption&quot;:&quot;&quot;,&quot;created_timestamp&quot;:&quot;1367320925&quot;,&quot;copyright&quot;:&quot;&quot;,&quot;focal_length&quot;:&quot;4.9&quot;,&quot;iso&quot;:&quot;400&quot;,&quot;shutter_speed&quot;:&quot;0.033333333333333&quot;,&quot;title&quot;:&quot;&quot;,&quot;orientation&quot;:&quot;1&quot;}\" data-image-title=\"Visita AMPA el Barrio- Colegio Virgen de Guadalupe 032\" data-image-description=\"\" data-medium-file=\"https:\/\/i0.wp.com\/centrodeolivaryaceite.com\/wp-content\/uploads\/2013\/04\/Visita-AMPA-el-Barrio-Colegio-Virgen-de-Guadalupe-032.jpg?fit=300%2C225&#038;ssl=1\" data-large-file=\"https:\/\/i0.wp.com\/centrodeolivaryaceite.com\/wp-content\/uploads\/2013\/04\/Visita-AMPA-el-Barrio-Colegio-Virgen-de-Guadalupe-032.jpg?fit=1024%2C768&#038;ssl=1\" src=\"https:\/\/i0.wp.com\/centrodeolivaryaceite.com\/wp-content\/uploads\/2013\/04\/Visita-AMPA-el-Barrio-Colegio-Virgen-de-Guadalupe-032.jpg?w=356&#038;h=266&#038;ssl=1\" srcset=\"https:\/\/i0.wp.com\/centrodeolivaryaceite.com\/wp-content\/uploads\/2013\/04\/Visita-AMPA-el-Barrio-Colegio-Virgen-de-Guadalupe-032.jpg?w=1024&amp;ssl=1 1024w, https:\/\/i0.wp.com\/centrodeolivaryaceite.com\/wp-content\/uploads\/2013\/04\/Visita-AMPA-el-Barrio-Colegio-Virgen-de-Guadalupe-032.jpg?resize=300%2C225&amp;ssl=1 300w, https:\/\/i0.wp.com\/centrodeolivaryaceite.com\/wp-content\/uploads\/2013\/04\/Visita-AMPA-el-Barrio-Colegio-Virgen-de-Guadalupe-032.jpg?resize=768%2C576&amp;ssl=1 768w, https:\/\/i0.wp.com\/centrodeolivaryaceite.com\/wp-content\/uploads\/2013\/04\/Visita-AMPA-el-Barrio-Colegio-Virgen-de-Guadalupe-032.jpg?resize=510%2C382&amp;ssl=1 510w\" width=\"356\" height=\"266\" loading=\"lazy\" data-original-width=\"356\" data-original-height=\"266\" itemprop=\"http:\/\/schema.org\/image\" title=\"Visita AMPA el Barrio- Colegio Virgen de Guadalupe 032\" alt=\"AMPA colegio guadalupe 4\" style=\"width: 356px; height: 266px;\" \/> <\/a> <\/div> <\/div> <!-- close group --> <\/div> <!-- close row --> <div class=\"gallery-row\" style=\"width: 1080px; height: 811px;\" data-original-width=\"1080\" data-original-height=\"811\" > <div class=\"gallery-group images-1\" style=\"width: 1080px; height: 811px;\" data-original-width=\"1080\" data-original-height=\"811\" > <div class=\"tiled-gallery-item tiled-gallery-item-large\" itemprop=\"associatedMedia\" itemscope itemtype=\"http:\/\/schema.org\/ImageObject\"> <a href=\"https:\/\/centrodeolivaryaceite.com\/es\/aprenden-los-beneficios-del-desayuno-con-aceite-de-oliva-virgen-extra\/visita-ampa-el-barrio-colegio-virgen-de-guadalupe-012\/\" border=\"0\" itemprop=\"url\"> <meta itemprop=\"width\" content=\"1076\"> <meta itemprop=\"height\" content=\"807\"> <img decoding=\"async\" class=\"\" data-attachment-id=\"1913\" data-orig-file=\"https:\/\/centrodeolivaryaceite.com\/wp-content\/uploads\/2013\/04\/Visita-AMPA-el-Barrio-Colegio-Virgen-de-Guadalupe-012.jpg\" data-orig-size=\"1024,768\" data-comments-opened=\"1\" data-image-meta=\"{&quot;aperture&quot;:&quot;3.2&quot;,&quot;credit&quot;:&quot;&quot;,&quot;camera&quot;:&quot;COOLPIX S3000&quot;,&quot;caption&quot;:&quot;&quot;,&quot;created_timestamp&quot;:&quot;1367319953&quot;,&quot;copyright&quot;:&quot;&quot;,&quot;focal_length&quot;:&quot;4.9&quot;,&quot;iso&quot;:&quot;400&quot;,&quot;shutter_speed&quot;:&quot;0.04&quot;,&quot;title&quot;:&quot;&quot;,&quot;orientation&quot;:&quot;1&quot;}\" data-image-title=\"Visita AMPA el Barrio- Colegio Virgen de Guadalupe 012\" data-image-description=\"\" data-medium-file=\"https:\/\/i0.wp.com\/centrodeolivaryaceite.com\/wp-content\/uploads\/2013\/04\/Visita-AMPA-el-Barrio-Colegio-Virgen-de-Guadalupe-012.jpg?fit=300%2C225&#038;ssl=1\" data-large-file=\"https:\/\/i0.wp.com\/centrodeolivaryaceite.com\/wp-content\/uploads\/2013\/04\/Visita-AMPA-el-Barrio-Colegio-Virgen-de-Guadalupe-012.jpg?fit=1024%2C768&#038;ssl=1\" src=\"https:\/\/i0.wp.com\/centrodeolivaryaceite.com\/wp-content\/uploads\/2013\/04\/Visita-AMPA-el-Barrio-Colegio-Virgen-de-Guadalupe-012.jpg?w=1076&#038;h=807&#038;ssl=1\" srcset=\"https:\/\/i0.wp.com\/centrodeolivaryaceite.com\/wp-content\/uploads\/2013\/04\/Visita-AMPA-el-Barrio-Colegio-Virgen-de-Guadalupe-012.jpg?w=1024&amp;ssl=1 1024w, https:\/\/i0.wp.com\/centrodeolivaryaceite.com\/wp-content\/uploads\/2013\/04\/Visita-AMPA-el-Barrio-Colegio-Virgen-de-Guadalupe-012.jpg?resize=300%2C225&amp;ssl=1 300w, https:\/\/i0.wp.com\/centrodeolivaryaceite.com\/wp-content\/uploads\/2013\/04\/Visita-AMPA-el-Barrio-Colegio-Virgen-de-Guadalupe-012.jpg?resize=768%2C576&amp;ssl=1 768w, https:\/\/i0.wp.com\/centrodeolivaryaceite.com\/wp-content\/uploads\/2013\/04\/Visita-AMPA-el-Barrio-Colegio-Virgen-de-Guadalupe-012.jpg?resize=510%2C382&amp;ssl=1 510w\" width=\"1076\" height=\"807\" loading=\"lazy\" data-original-width=\"1076\" data-original-height=\"807\" itemprop=\"http:\/\/schema.org\/image\" title=\"Visita AMPA el Barrio- Colegio Virgen de Guadalupe 012\" alt=\"AMPA colegio guadalupe 5\" style=\"width: 1076px; height: 807px;\" \/> <\/a> <\/div> <\/div> <!-- close group --> <\/div> <!-- close row --> <\/div><br \/>\n[\/et_pb_text][et_pb_comments admin_label=\u00bbComentarios\u00bb _builder_version=\u00bb4.16&#8243; use_border_color=\u00bboff\u00bb border_color=\u00bb#ffffff\u00bb border_style=\u00bbsolid\u00bb button_letter_spacing_hover=\u00bb0&#8243; global_colors_info=\u00bb{}\u00bb button_text_size__hover_enabled=\u00bboff\u00bb button_one_text_size__hover_enabled=\u00bboff\u00bb button_two_text_size__hover_enabled=\u00bboff\u00bb button_text_color__hover_enabled=\u00bboff\u00bb button_one_text_color__hover_enabled=\u00bboff\u00bb button_two_text_color__hover_enabled=\u00bboff\u00bb button_border_width__hover_enabled=\u00bboff\u00bb button_one_border_width__hover_enabled=\u00bboff\u00bb button_two_border_width__hover_enabled=\u00bboff\u00bb button_border_color__hover_enabled=\u00bboff\u00bb button_one_border_color__hover_enabled=\u00bboff\u00bb button_two_border_color__hover_enabled=\u00bboff\u00bb button_border_radius__hover_enabled=\u00bboff\u00bb button_one_border_radius__hover_enabled=\u00bboff\u00bb button_two_border_radius__hover_enabled=\u00bboff\u00bb button_letter_spacing__hover_enabled=\u00bbon\u00bb button_letter_spacing__hover=\u00bb0&#8243; button_one_letter_spacing__hover_enabled=\u00bboff\u00bb button_two_letter_spacing__hover_enabled=\u00bboff\u00bb button_bg_color__hover_enabled=\u00bboff\u00bb button_one_bg_color__hover_enabled=\u00bboff\u00bb button_two_bg_color__hover_enabled=\u00bboff\u00bb] [\/et_pb_comments][\/et_pb_column_inner][\/et_pb_row_inner][\/et_pb_column][et_pb_column type=\u00bb1_3&#8243; _builder_version=\u00bb4.16&#8243; custom_padding=\u00bb|||\u00bb global_colors_info=\u00bb{}\u00bb custom_padding__hover=\u00bb|||\u00bb][et_pb_sidebar orientation=\u00bbright\u00bb area=\u00bbsidebar-1&#8243; admin_label=\u00bbBarra lateral\u00bb _builder_version=\u00bb4.16&#8243; remove_border=\u00bboff\u00bb global_colors_info=\u00bb{}\u00bb] [\/et_pb_sidebar][\/et_pb_column][\/et_pb_section][et_pb_section fb_built=\u00bb1&#8243; custom_padding_last_edited=\u00bbon|desktop\u00bb disabled_on=\u00bbon|on|on\u00bb admin_label=\u00bbSecci\u00f3n\u00bb _builder_version=\u00bb3.0.92&#8243; background_color=\u00bb#dedacf\u00bb custom_padding_tablet=\u00bb50px|0|50px|0&#8243; transparent_background=\u00bboff\u00bb padding_mobile=\u00bboff\u00bb make_fullwidth=\u00bboff\u00bb use_custom_width=\u00bboff\u00bb width_unit=\u00bbon\u00bb disabled=\u00bbon\u00bb global_module=\u00bb5116&#8243; collapsed=\u00bboff\u00bb global_colors_info=\u00bb{}\u00bb custom_padding_phone=\u00bb50px|0|50px|0&#8243;][et_pb_row _builder_version=\u00bb4.16&#8243; global_colors_info=\u00bb{}\u00bb][et_pb_column type=\u00bb4_4&#8243; _builder_version=\u00bb4.16&#8243; custom_padding=\u00bb|||\u00bb global_colors_info=\u00bb{}\u00bb custom_padding__hover=\u00bb|||\u00bb][\/et_pb_column][\/et_pb_row][\/et_pb_section][et_pb_section fb_built=\u00bb1&#8243; custom_padding_last_edited=\u00bbon|desktop\u00bb admin_label=\u00bbSecci\u00f3n\u00bb _builder_version=\u00bb3.22&#8243; background_color=\u00bb#ffffff\u00bb custom_padding=\u00bb10px||0px|\u00bb custom_padding_tablet=\u00bb50px|0|50px|0&#8243; transparent_background=\u00bboff\u00bb padding_mobile=\u00bboff\u00bb make_fullwidth=\u00bboff\u00bb use_custom_width=\u00bboff\u00bb width_unit=\u00bbon\u00bb global_module=\u00bb5115&#8243; collapsed=\u00bboff\u00bb global_colors_info=\u00bb{}\u00bb custom_padding_phone=\u00bb50px|0|50px|0&#8243;][et_pb_row padding_mobile=\u00bboff\u00bb column_padding_mobile=\u00bbon\u00bb _builder_version=\u00bb4.16&#8243; background_size=\u00bbinitial\u00bb background_position=\u00bbtop_left\u00bb background_repeat=\u00bbrepeat\u00bb max_width=\u00bb1080px\u00bb custom_padding=\u00bb0px||0px|\u00bb make_fullwidth=\u00bboff\u00bb use_custom_width=\u00bboff\u00bb width_unit=\u00bbon\u00bb global_colors_info=\u00bb{}\u00bb][\/et_pb_row][\/et_pb_section]<\/p>\n","protected":false},"excerpt":{"rendered":"<p>Esta ma\u00f1ana, el Centro de Interpretaci\u00f3n Olivar y Aceite, ha recibido la visita de ni\u00f1os del Colegio \u201cVirgen de Guadalupe\u201d, de \u00dabeda organizada por el AMPA \u201cEl Barrio\u201d. Alumnos de entre 5 y 9 a\u00f1o, han pasado la ma\u00f1ana inmersos en el oleoturismo y en la Cultura del Aceite de Oliva Virgen Extra. La ma\u00f1ana [&hellip;]<\/p>\n","protected":false},"author":1,"featured_media":1909,"comment_status":"open","ping_status":"open","sticky":false,"template":"","format":"standard","meta":{"_et_pb_use_builder":"on","_et_pb_old_content":"<p>Esta ma\u00f1ana, el Centro de Interpretaci\u00f3n Olivar y Aceite, ha recibido la visita de ni\u00f1os del Colegio \u201cVirgen de Guadalupe\u201d, de \u00dabeda organizada por el AMPA \u201cEl Barrio\u201d. Alumnos de entre 5 y 9 a\u00f1o, han pasado la ma\u00f1ana inmersos en<strong> el oleoturismo y en la Cultura del Aceite de Oliva Virgen Extra<\/strong>.<\/p><p>La ma\u00f1ana ha comenzado visionando un v\u00eddeo en la Sala Infantil, sobre el Olivar y el Aceite,\u00a0 amenizado por nuestra mascota Olivia.<\/p><p>Posteriormente, se les ha explicado la recolecci\u00f3n y elaboraci\u00f3n del Aceite de Oliva Virgen Extra, pr\u00e1cticamente,\u00a0<strong>como si hicieran una visita a una almazara,<\/strong> haciendo especial hincapi\u00e9 en la importancia del olivar en la regi\u00f3n, y las caracter\u00edsticas de la variedad picual. Tambi\u00e9n han conocido las propiedades saludables \u00a0y ventajas de consumir Aceite de Oliva Virgen Extra.<\/p><p>Los ni\u00f1os han estado muy participativos durante todas las explicaciones y han disfrutado a su paso por la <strong>Tienda de Aceite de Oliva Virgen Extra<\/strong> del Centro, probando diferentes Aceites de Oliva.<\/p><p>A continuaci\u00f3n, han admirado en nuestro patio los elementos antiguos del proceso de elaboraci\u00f3n del aceite, prestando especial atenci\u00f3n a nuestro Molino de empiedros tirado por un burro.<\/p><p>Tambi\u00e9n han conocido, la exposici\u00f3n de Artesan\u00eda y Olivar, acerca de la cer\u00e1mica, forja, esparto o artesonados elaborados en \u00dabeda. Y por \u00faltimo disfrutado de un Desayuno Molinero, muy celebrado por todos.<\/p><p>Esta visita, est\u00e1 dentro de las actividades dise\u00f1adas por el Centro de Interpretaci\u00f3n para ni\u00f1os y colegios, con el objetivo de que los ni\u00f1os conozcan desde edad temprana la cultura del Aceite y fomentar el desayuno saludable con Aceite de Oliva Virgen Extra.<\/p><p>[gallery ids=\"1910,1911,1912,1913\"]<\/p>","_et_gb_content_width":"","_jetpack_memberships_contains_paid_content":false,"footnotes":""},"categories":[1],"tags":[],"class_list":["post-1908","post","type-post","status-publish","format-standard","has-post-thumbnail","hentry","category-general"],"jetpack_featured_media_url":"https:\/\/i0.wp.com\/centrodeolivaryaceite.com\/wp-content\/uploads\/2013\/04\/Visita-AMPA-el-Barrio-Colegio-Virgen-de-Guadalupe-037.jpg?fit=1024%2C768&ssl=1","jetpack_sharing_enabled":true,"jetpack_shortlink":"https:\/\/wp.me\/p95A9q-uM","_links":{"self":[{"href":"https:\/\/centrodeolivaryaceite.com\/es\/wp-json\/wp\/v2\/posts\/1908\/"}],"collection":[{"href":"https:\/\/centrodeolivaryaceite.com\/es\/wp-json\/wp\/v2\/posts\/"}],"about":[{"href":"https:\/\/centrodeolivaryaceite.com\/es\/wp-json\/wp\/v2\/types\/post\/"}],"author":[{"embeddable":true,"href":"https:\/\/centrodeolivaryaceite.com\/es\/wp-json\/wp\/v2\/users\/1\/"}],"replies":[{"embeddable":true,"href":"https:\/\/centrodeolivaryaceite.com\/es\/wp-json\/wp\/v2\/comments\/?post=1908"}],"version-history":[{"count":0,"href":"https:\/\/centrodeolivaryaceite.com\/es\/wp-json\/wp\/v2\/posts\/1908\/revisions\/"}],"wp:featuredmedia":[{"embeddable":true,"href":"https:\/\/centrodeolivaryaceite.com\/es\/wp-json\/wp\/v2\/media\/1909\/"}],"wp:attachment":[{"href":"https:\/\/centrodeolivaryaceite.com\/es\/wp-json\/wp\/v2\/media\/?parent=1908"}],"wp:term":[{"taxonomy":"category","embeddable":true,"href":"https:\/\/centrodeolivaryaceite.com\/es\/wp-json\/wp\/v2\/categories\/?post=1908"},{"taxonomy":"post_tag","embeddable":true,"href":"https:\/\/centrodeolivaryaceite.com\/es\/wp-json\/wp\/v2\/tags\/?post=1908"}],"curies":[{"name":"wp","href":"https:\/\/api.w.org\/{rel}","templated":true}]}}