{"id":2153,"date":"2013-06-28T09:32:11","date_gmt":"2013-06-28T09:32:11","guid":{"rendered":"http:\/\/centrodeolivaryaceitelaloma.com\/copiablog\/?p=2153"},"modified":"2022-07-29T10:28:58","modified_gmt":"2022-07-29T10:28:58","slug":"el-pasado-26-de-junio-tuvimos-el-primer-taller-de-elaboracion-de-jabones-con-aove-para-ninos","status":"publish","type":"post","link":"https:\/\/centrodeolivaryaceite.com\/es\/el-pasado-26-de-junio-tuvimos-el-primer-taller-de-elaboracion-de-jabones-con-aove-para-ninos\/","title":{"rendered":"El pasado 26 de Junio realizamos el primer Taller Infantil de Elaboraci\u00f3n de Jabones con Aceite de Oliva Virgen Extra"},"content":{"rendered":"<p>[et_pb_section fb_built=\u00bb1&#8243; fullwidth=\u00bbon\u00bb custom_padding_last_edited=\u00bbon|desktop\u00bb admin_label=\u00bbSecci\u00f3n\u00bb _builder_version=\u00bb3.22&#8243; background_color=\u00bb#ffffff\u00bb background_image=\u00bbhttp:\/\/centrodeolivaryaceite.com\/wp-content\/uploads\/2016\/06\/page_header_bg_blue.jpg\u00bb custom_padding_tablet=\u00bb50px|0|50px|0&#8243; transparent_background=\u00bboff\u00bb padding_mobile=\u00bboff\u00bb make_fullwidth=\u00bboff\u00bb use_custom_width=\u00bboff\u00bb width_unit=\u00bbon\u00bb global_module=\u00bb5294&#8243; locked=\u00bboff\u00bb collapsed=\u00bboff\u00bb global_colors_info=\u00bb{}\u00bb custom_padding_phone=\u00bb50px|0|50px|0&#8243;][et_pb_fullwidth_post_title meta=\u00bboff\u00bb featured_image=\u00bboff\u00bb text_color=\u00bblight\u00bb text_background=\u00bbon\u00bb text_bg_color=\u00bbrgba(28,28,28,0.43)\u00bb admin_label=\u00bbT\u00edtulo\u00bb _builder_version=\u00bb4.17.6&#8243; _module_preset=\u00bbdefault\u00bb title_font=\u00bbRoboto Light||||\u00bb title_font_size=\u00bb35px\u00bb title_all_caps=\u00bbon\u00bb background_color=\u00bbrgba(255,255,255,0)\u00bb parallax=\u00bbon\u00bb parallax_method=\u00bboff\u00bb text_orientation=\u00bbcenter\u00bb use_border_color=\u00bboff\u00bb border_color=\u00bb#ffffff\u00bb border_style=\u00bbsolid\u00bb parallax_effect=\u00bbon\u00bb module_bg_color=\u00bbrgba(255,255,255,0)\u00bb global_colors_info=\u00bb{}\u00bb][\/et_pb_fullwidth_post_title][\/et_pb_section][et_pb_section fb_built=\u00bb1&#8243; custom_padding_last_edited=\u00bbon|desktop\u00bb admin_label=\u00bbSecci\u00f3n\u00bb _builder_version=\u00bb4.16&#8243; background_color=\u00bb#ffffff\u00bb custom_padding=\u00bb10px|||\u00bb custom_padding_tablet=\u00bb50px|0|50px|0&#8243; transparent_background=\u00bboff\u00bb padding_mobile=\u00bboff\u00bb make_fullwidth=\u00bboff\u00bb use_custom_width=\u00bboff\u00bb width_unit=\u00bbon\u00bb global_colors_info=\u00bb{}\u00bb custom_padding_phone=\u00bb50px|0|50px|0&#8243;][et_pb_row padding_mobile=\u00bboff\u00bb column_padding_mobile=\u00bbon\u00bb admin_label=\u00bbFila\u00bb _builder_version=\u00bb4.16&#8243; background_size=\u00bbinitial\u00bb background_position=\u00bbtop_left\u00bb background_repeat=\u00bbrepeat\u00bb custom_padding=\u00bb10px|||\u00bb make_fullwidth=\u00bboff\u00bb use_custom_width=\u00bboff\u00bb width_unit=\u00bbon\u00bb global_colors_info=\u00bb{}\u00bb][et_pb_column type=\u00bb4_4&#8243; _builder_version=\u00bb4.16&#8243; custom_padding=\u00bb|||\u00bb global_colors_info=\u00bb{}\u00bb custom_padding__hover=\u00bb|||\u00bb][et_pb_post_title title=\u00bboff\u00bb admin_label=\u00bbT\u00edtulo de publicaci\u00f3n\u00bb _builder_version=\u00bb4.16&#8243; title_all_caps=\u00bboff\u00bb background_color=\u00bbrgba(255,255,255,0)\u00bb parallax=\u00bbon\u00bb parallax_method=\u00bboff\u00bb use_border_color=\u00bboff\u00bb border_color=\u00bb#ffffff\u00bb border_style=\u00bbsolid\u00bb parallax_effect=\u00bbon\u00bb module_bg_color=\u00bbrgba(255,255,255,0)\u00bb global_colors_info=\u00bb{}\u00bb] [\/et_pb_post_title][\/et_pb_column][\/et_pb_row][\/et_pb_section][et_pb_section fb_built=\u00bb1&#8243; specialty=\u00bbon\u00bb custom_padding_last_edited=\u00bbon|desktop\u00bb parallax_method_1=\u00bboff\u00bb parallax_method_2=\u00bboff\u00bb admin_label=\u00bbSecci\u00f3n\u00bb _builder_version=\u00bb4.16&#8243; background_color=\u00bb#ffffff\u00bb custom_padding=\u00bb10px|||\u00bb custom_padding_tablet=\u00bb50px|0|50px|0&#8243; transparent_background=\u00bboff\u00bb padding_mobile=\u00bboff\u00bb make_fullwidth=\u00bboff\u00bb use_custom_width=\u00bboff\u00bb width_unit=\u00bbon\u00bb global_colors_info=\u00bb{}\u00bb custom_padding_phone=\u00bb50px|0|50px|0&#8243;][et_pb_column type=\u00bb2_3&#8243; specialty_columns=\u00bb2&#8243; _builder_version=\u00bb4.16&#8243; custom_padding=\u00bb|||\u00bb global_colors_info=\u00bb{}\u00bb custom_padding__hover=\u00bb|||\u00bb][et_pb_row_inner padding_mobile=\u00bboff\u00bb column_padding_mobile=\u00bbon\u00bb admin_label=\u00bbFila\u00bb _builder_version=\u00bb4.16&#8243; custom_padding=\u00bb0px|||\u00bb global_colors_info=\u00bb{}\u00bb][et_pb_column_inner saved_specialty_column_type=\u00bb2_3&#8243; _builder_version=\u00bb4.16&#8243; custom_padding=\u00bb|||\u00bb global_colors_info=\u00bb{}\u00bb custom_padding__hover=\u00bb|||\u00bb][et_pb_text admin_label=\u00bbText\u00bb _builder_version=\u00bb4.16&#8243; background_size=\u00bbinitial\u00bb background_position=\u00bbtop_left\u00bb background_repeat=\u00bbrepeat\u00bb global_colors_info=\u00bb{}\u00bb]Una de las principales labores y objetivos del Centro de Interpretaci\u00f3n Olivar y Aceite Comarca de la Loma es difundir la <strong>cultura del olivar y el aceite entre los m\u00e1s peque\u00f1os<\/strong>, ya que son las generaciones futuras las que deparar\u00e1n el destino de este cultivo y el de la provincia. Que aprendan c\u00f3mo se recolecta la aceituna hoy en d\u00eda, como se extrae el aceite <strong>en una visita a las<\/strong> \u00a0<strong>almazaras<\/strong>, cual es la clasificaci\u00f3n del aceite de oliva en funci\u00f3n de su calidad y tambi\u00e9n que el Aceite de Oliva no sirve s\u00f3lo para ser consumido en nuestros platos, \u00a0sino que tiene multitud de aplicaciones fuera de la cocina, \u00a0son conceptos que deben conocer todos los ni\u00f1os que viven en esta tierra de olivos.<\/p>\n<p>As\u00ed pues desde su apertura, este Centro no ha parado de realizar <strong>actividades oleotur\u00edsticas<\/strong> destinadas a los m\u00e1s peque\u00f1os de la casa con varias visitas de Colegios, Asociaciones de Padres y Madres y grupos de ni\u00f1os en general. Y no pod\u00eda ser de otra forma el que ense\u00f1\u00e1ramos, otras formas de apreciar y usar el oro l\u00edquido de nuestra Comarca como por ejemplo su aplicaci\u00f3n en cosm\u00e9ticos.<\/p>\n<p>El pasado d\u00eda 26 fue un gran d\u00eda para este Centro de Interpretaci\u00f3n, \u00a0ya que desarrollamos el<strong> primer Taller \u00a0de elaboraci\u00f3n de Jabones para ni\u00f1os en nuestra Sala Infantil<\/strong>. Un taller para que \u00a0ni\u00f1os de entre cinco y doce a\u00f1os de la Comarca de La Loma aprendiesen a fabricar jabones con sus propias manos.<\/p>\n<p>Gracias a la colaboraci\u00f3n de la empresa \u00a0Cosmeticaolivo y su equipo de monitores, 29 ni\u00f1os disfrutaron de una ma\u00f1ana divertid\u00edsima. Se trat\u00f3 de una actividad propicia para que los ni\u00f1os desarrollasen su creatividad con las manos y conocieran las <strong>propiedades beneficiosas del AOVE para nuestra piel<\/strong>. Estos ni\u00f1os han fabricado su propio jab\u00f3n a partir de varios ingredientes para una vez terminado llev\u00e1rselo a sus casas. Y naturalmente, hemos trabajado s\u00f3lo con materiales inocuos para evitar cualquier peligro. Estos peque\u00f1os han mezclado colorantes, esencias y objetos decorativos para fabricar y personalizar sus propios jabones seg\u00fan el gusto de cada cual. Al terminar el trabajo los ni\u00f1os envolv\u00edan los jabones para llev\u00e1rselos a su casa ense\u00f1\u00e1ndoles lo importante que es\u00a0 recubrir el jab\u00f3n para que no se deshidrate y conserve sus propiedades. Una vez han llegado estos peque\u00f1os a casa nos consta que, una vez m\u00e1s, \u00a0han sido las estrellas de su hogar regalando y obsequiando sus propios jabones a familiares y amigos con el mayor de los orgullos e ilusiones.<\/p>\n<p>El trabajo con jabones y cosm\u00e9ticos no queda aqu\u00ed y el Centro de Interpretaci\u00f3n Olivar y Aceite ofrece un Taller, en este caso para adultos, de Elaboraci\u00f3n de Jabones para los pr\u00f3ximo 3 y 4 Julio en horario de 18:00 a 20:00. Todav\u00eda hay plazas as\u00ed que ap\u00fantate lo antes posible!!!<\/p>\n<p><div class=\"tiled-gallery type-rectangular tiled-gallery-unresized\" data-original-width=\"1080\" data-carousel-extra='{&quot;blog_id&quot;:1,&quot;permalink&quot;:&quot;https:\\\/\\\/centrodeolivaryaceite.com\\\/es\\\/el-pasado-26-de-junio-tuvimos-el-primer-taller-de-elaboracion-de-jabones-con-aove-para-ninos\\\/&quot;,&quot;likes_blog_id&quot;:134317632}' itemscope itemtype=\"http:\/\/schema.org\/ImageGallery\" > <div class=\"gallery-row\" style=\"width: 1080px; height: 904px;\" data-original-width=\"1080\" data-original-height=\"904\" > <div class=\"gallery-group images-3\" style=\"width: 401px; height: 904px;\" data-original-width=\"401\" data-original-height=\"904\" > <div class=\"tiled-gallery-item tiled-gallery-item-large\" itemprop=\"associatedMedia\" itemscope itemtype=\"http:\/\/schema.org\/ImageObject\"> <a href=\"https:\/\/centrodeolivaryaceite.com\/es\/el-pasado-26-de-junio-tuvimos-el-primer-taller-de-elaboracion-de-jabones-con-aove-para-ninos\/2013-06-26-11-17-19\/\" border=\"0\" itemprop=\"url\"> <meta itemprop=\"width\" content=\"397\"> <meta itemprop=\"height\" content=\"298\"> <img decoding=\"async\" class=\"\" data-attachment-id=\"2154\" data-orig-file=\"https:\/\/centrodeolivaryaceite.com\/wp-content\/uploads\/2013\/06\/2013-06-26-11.17.19.jpg\" data-orig-size=\"1024,768\" data-comments-opened=\"1\" data-image-meta=\"{&quot;aperture&quot;:&quot;2.6&quot;,&quot;credit&quot;:&quot;&quot;,&quot;camera&quot;:&quot;GT-I9003&quot;,&quot;caption&quot;:&quot;&quot;,&quot;created_timestamp&quot;:&quot;1372245439&quot;,&quot;copyright&quot;:&quot;&quot;,&quot;focal_length&quot;:&quot;3.43&quot;,&quot;iso&quot;:&quot;100&quot;,&quot;shutter_speed&quot;:&quot;0.0625&quot;,&quot;title&quot;:&quot;&quot;,&quot;orientation&quot;:&quot;1&quot;}\" data-image-title=\"2013-06-26 11.17.19\" data-image-description=\"\" data-medium-file=\"https:\/\/i0.wp.com\/centrodeolivaryaceite.com\/wp-content\/uploads\/2013\/06\/2013-06-26-11.17.19.jpg?fit=300%2C225&#038;ssl=1\" data-large-file=\"https:\/\/i0.wp.com\/centrodeolivaryaceite.com\/wp-content\/uploads\/2013\/06\/2013-06-26-11.17.19.jpg?fit=1024%2C768&#038;ssl=1\" src=\"https:\/\/i0.wp.com\/centrodeolivaryaceite.com\/wp-content\/uploads\/2013\/06\/2013-06-26-11.17.19.jpg?w=397&#038;h=298&#038;ssl=1\" srcset=\"https:\/\/i0.wp.com\/centrodeolivaryaceite.com\/wp-content\/uploads\/2013\/06\/2013-06-26-11.17.19.jpg?w=1024&amp;ssl=1 1024w, https:\/\/i0.wp.com\/centrodeolivaryaceite.com\/wp-content\/uploads\/2013\/06\/2013-06-26-11.17.19.jpg?resize=300%2C225&amp;ssl=1 300w, https:\/\/i0.wp.com\/centrodeolivaryaceite.com\/wp-content\/uploads\/2013\/06\/2013-06-26-11.17.19.jpg?resize=768%2C576&amp;ssl=1 768w, https:\/\/i0.wp.com\/centrodeolivaryaceite.com\/wp-content\/uploads\/2013\/06\/2013-06-26-11.17.19.jpg?resize=510%2C382&amp;ssl=1 510w\" width=\"397\" height=\"298\" loading=\"lazy\" data-original-width=\"397\" data-original-height=\"298\" itemprop=\"http:\/\/schema.org\/image\" title=\"2013-06-26 11.17.19\" alt=\"taller de cosm\u00e9tica\" style=\"width: 397px; height: 298px;\" \/> <\/a> <\/div> <div class=\"tiled-gallery-item tiled-gallery-item-large\" itemprop=\"associatedMedia\" itemscope itemtype=\"http:\/\/schema.org\/ImageObject\"> <a href=\"https:\/\/centrodeolivaryaceite.com\/es\/el-pasado-26-de-junio-tuvimos-el-primer-taller-de-elaboracion-de-jabones-con-aove-para-ninos\/2013-06-26-11-22-27\/\" border=\"0\" itemprop=\"url\"> <meta itemprop=\"width\" content=\"397\"> <meta itemprop=\"height\" content=\"297\"> <img decoding=\"async\" class=\"\" data-attachment-id=\"2155\" data-orig-file=\"https:\/\/centrodeolivaryaceite.com\/wp-content\/uploads\/2013\/06\/2013-06-26-11.22.27.jpg\" data-orig-size=\"1024,768\" data-comments-opened=\"1\" data-image-meta=\"{&quot;aperture&quot;:&quot;2.6&quot;,&quot;credit&quot;:&quot;&quot;,&quot;camera&quot;:&quot;GT-I9003&quot;,&quot;caption&quot;:&quot;&quot;,&quot;created_timestamp&quot;:&quot;1372245747&quot;,&quot;copyright&quot;:&quot;&quot;,&quot;focal_length&quot;:&quot;3.43&quot;,&quot;iso&quot;:&quot;100&quot;,&quot;shutter_speed&quot;:&quot;0.071428571428571&quot;,&quot;title&quot;:&quot;&quot;,&quot;orientation&quot;:&quot;1&quot;}\" data-image-title=\"2013-06-26 11.22.27\" data-image-description=\"\" data-medium-file=\"https:\/\/i0.wp.com\/centrodeolivaryaceite.com\/wp-content\/uploads\/2013\/06\/2013-06-26-11.22.27.jpg?fit=300%2C225&#038;ssl=1\" data-large-file=\"https:\/\/i0.wp.com\/centrodeolivaryaceite.com\/wp-content\/uploads\/2013\/06\/2013-06-26-11.22.27.jpg?fit=1024%2C768&#038;ssl=1\" src=\"https:\/\/i0.wp.com\/centrodeolivaryaceite.com\/wp-content\/uploads\/2013\/06\/2013-06-26-11.22.27.jpg?w=397&#038;h=297&#038;ssl=1\" srcset=\"https:\/\/i0.wp.com\/centrodeolivaryaceite.com\/wp-content\/uploads\/2013\/06\/2013-06-26-11.22.27.jpg?w=1024&amp;ssl=1 1024w, https:\/\/i0.wp.com\/centrodeolivaryaceite.com\/wp-content\/uploads\/2013\/06\/2013-06-26-11.22.27.jpg?resize=300%2C225&amp;ssl=1 300w, https:\/\/i0.wp.com\/centrodeolivaryaceite.com\/wp-content\/uploads\/2013\/06\/2013-06-26-11.22.27.jpg?resize=768%2C576&amp;ssl=1 768w, https:\/\/i0.wp.com\/centrodeolivaryaceite.com\/wp-content\/uploads\/2013\/06\/2013-06-26-11.22.27.jpg?resize=510%2C382&amp;ssl=1 510w\" width=\"397\" height=\"297\" loading=\"lazy\" data-original-width=\"397\" data-original-height=\"297\" itemprop=\"http:\/\/schema.org\/image\" title=\"2013-06-26 11.22.27\" alt=\"Monitora\" style=\"width: 397px; height: 297px;\" \/> <\/a> <\/div> <div class=\"tiled-gallery-item tiled-gallery-item-large\" itemprop=\"associatedMedia\" itemscope itemtype=\"http:\/\/schema.org\/ImageObject\"> <a href=\"https:\/\/centrodeolivaryaceite.com\/es\/el-pasado-26-de-junio-tuvimos-el-primer-taller-de-elaboracion-de-jabones-con-aove-para-ninos\/2013-06-26-11-23-08\/\" border=\"0\" itemprop=\"url\"> <meta itemprop=\"width\" content=\"397\"> <meta itemprop=\"height\" content=\"297\"> <img decoding=\"async\" class=\"\" data-attachment-id=\"2156\" data-orig-file=\"https:\/\/centrodeolivaryaceite.com\/wp-content\/uploads\/2013\/06\/2013-06-26-11.23.08.jpg\" data-orig-size=\"1024,768\" data-comments-opened=\"1\" data-image-meta=\"{&quot;aperture&quot;:&quot;2.6&quot;,&quot;credit&quot;:&quot;&quot;,&quot;camera&quot;:&quot;GT-I9003&quot;,&quot;caption&quot;:&quot;&quot;,&quot;created_timestamp&quot;:&quot;1372245787&quot;,&quot;copyright&quot;:&quot;&quot;,&quot;focal_length&quot;:&quot;3.43&quot;,&quot;iso&quot;:&quot;100&quot;,&quot;shutter_speed&quot;:&quot;0.052631578947368&quot;,&quot;title&quot;:&quot;&quot;,&quot;orientation&quot;:&quot;1&quot;}\" data-image-title=\"2013-06-26 11.23.08\" data-image-description=\"\" data-medium-file=\"https:\/\/i0.wp.com\/centrodeolivaryaceite.com\/wp-content\/uploads\/2013\/06\/2013-06-26-11.23.08.jpg?fit=300%2C225&#038;ssl=1\" data-large-file=\"https:\/\/i0.wp.com\/centrodeolivaryaceite.com\/wp-content\/uploads\/2013\/06\/2013-06-26-11.23.08.jpg?fit=1024%2C768&#038;ssl=1\" src=\"https:\/\/i0.wp.com\/centrodeolivaryaceite.com\/wp-content\/uploads\/2013\/06\/2013-06-26-11.23.08.jpg?w=397&#038;h=297&#038;ssl=1\" srcset=\"https:\/\/i0.wp.com\/centrodeolivaryaceite.com\/wp-content\/uploads\/2013\/06\/2013-06-26-11.23.08.jpg?w=1024&amp;ssl=1 1024w, https:\/\/i0.wp.com\/centrodeolivaryaceite.com\/wp-content\/uploads\/2013\/06\/2013-06-26-11.23.08.jpg?resize=300%2C225&amp;ssl=1 300w, https:\/\/i0.wp.com\/centrodeolivaryaceite.com\/wp-content\/uploads\/2013\/06\/2013-06-26-11.23.08.jpg?resize=768%2C576&amp;ssl=1 768w, https:\/\/i0.wp.com\/centrodeolivaryaceite.com\/wp-content\/uploads\/2013\/06\/2013-06-26-11.23.08.jpg?resize=510%2C382&amp;ssl=1 510w\" width=\"397\" height=\"297\" loading=\"lazy\" data-original-width=\"397\" data-original-height=\"297\" itemprop=\"http:\/\/schema.org\/image\" title=\"2013-06-26 11.23.08\" alt=\"Muy atentos\" style=\"width: 397px; height: 297px;\" \/> <\/a> <\/div> <\/div> <!-- close group --> <div class=\"gallery-group images-1\" style=\"width: 679px; height: 904px;\" data-original-width=\"679\" data-original-height=\"904\" > <div class=\"tiled-gallery-item tiled-gallery-item-large\" itemprop=\"associatedMedia\" itemscope itemtype=\"http:\/\/schema.org\/ImageObject\"> <a href=\"https:\/\/centrodeolivaryaceite.com\/es\/el-pasado-26-de-junio-tuvimos-el-primer-taller-de-elaboracion-de-jabones-con-aove-para-ninos\/2013-06-26-10-20-05\/\" border=\"0\" itemprop=\"url\"> <meta itemprop=\"width\" content=\"675\"> <meta itemprop=\"height\" content=\"900\"> <img decoding=\"async\" class=\"\" data-attachment-id=\"2158\" data-orig-file=\"https:\/\/centrodeolivaryaceite.com\/wp-content\/uploads\/2013\/06\/2013-06-26-10.20.05.jpg\" data-orig-size=\"768,1024\" data-comments-opened=\"1\" data-image-meta=\"{&quot;aperture&quot;:&quot;2.6&quot;,&quot;credit&quot;:&quot;&quot;,&quot;camera&quot;:&quot;GT-I9003&quot;,&quot;caption&quot;:&quot;&quot;,&quot;created_timestamp&quot;:&quot;1372242005&quot;,&quot;copyright&quot;:&quot;&quot;,&quot;focal_length&quot;:&quot;3.43&quot;,&quot;iso&quot;:&quot;100&quot;,&quot;shutter_speed&quot;:&quot;0.04&quot;,&quot;title&quot;:&quot;&quot;,&quot;orientation&quot;:&quot;1&quot;}\" data-image-title=\"2013-06-26 10.20.05\" data-image-description=\"\" data-medium-file=\"https:\/\/i0.wp.com\/centrodeolivaryaceite.com\/wp-content\/uploads\/2013\/06\/2013-06-26-10.20.05.jpg?fit=225%2C300&#038;ssl=1\" data-large-file=\"https:\/\/i0.wp.com\/centrodeolivaryaceite.com\/wp-content\/uploads\/2013\/06\/2013-06-26-10.20.05.jpg?fit=768%2C1024&#038;ssl=1\" src=\"https:\/\/i0.wp.com\/centrodeolivaryaceite.com\/wp-content\/uploads\/2013\/06\/2013-06-26-10.20.05.jpg?w=675&#038;h=900&#038;ssl=1\" srcset=\"https:\/\/i0.wp.com\/centrodeolivaryaceite.com\/wp-content\/uploads\/2013\/06\/2013-06-26-10.20.05.jpg?w=768&amp;ssl=1 768w, https:\/\/i0.wp.com\/centrodeolivaryaceite.com\/wp-content\/uploads\/2013\/06\/2013-06-26-10.20.05.jpg?resize=225%2C300&amp;ssl=1 225w\" width=\"675\" height=\"900\" loading=\"lazy\" data-original-width=\"675\" data-original-height=\"900\" itemprop=\"http:\/\/schema.org\/image\" title=\"2013-06-26 10.20.05\" alt=\"Comenzando el taller\" style=\"width: 675px; height: 900px;\" \/> <\/a> <\/div> <\/div> <!-- close group --> <\/div> <!-- close row --> <div class=\"gallery-row\" style=\"width: 1080px; height: 479px;\" data-original-width=\"1080\" data-original-height=\"479\" > <div class=\"gallery-group images-1\" style=\"width: 360px; height: 479px;\" data-original-width=\"360\" data-original-height=\"479\" > <div class=\"tiled-gallery-item tiled-gallery-item-large\" itemprop=\"associatedMedia\" itemscope itemtype=\"http:\/\/schema.org\/ImageObject\"> <a href=\"https:\/\/centrodeolivaryaceite.com\/es\/el-pasado-26-de-junio-tuvimos-el-primer-taller-de-elaboracion-de-jabones-con-aove-para-ninos\/2013-06-26-11-17-00\/\" border=\"0\" itemprop=\"url\"> <meta itemprop=\"width\" content=\"356\"> <meta itemprop=\"height\" content=\"475\"> <img decoding=\"async\" class=\"\" data-attachment-id=\"2159\" data-orig-file=\"https:\/\/centrodeolivaryaceite.com\/wp-content\/uploads\/2013\/06\/2013-06-26-11.17.00.jpg\" data-orig-size=\"768,1024\" data-comments-opened=\"1\" data-image-meta=\"{&quot;aperture&quot;:&quot;2.6&quot;,&quot;credit&quot;:&quot;&quot;,&quot;camera&quot;:&quot;GT-I9003&quot;,&quot;caption&quot;:&quot;&quot;,&quot;created_timestamp&quot;:&quot;1372245420&quot;,&quot;copyright&quot;:&quot;&quot;,&quot;focal_length&quot;:&quot;3.43&quot;,&quot;iso&quot;:&quot;100&quot;,&quot;shutter_speed&quot;:&quot;0.04&quot;,&quot;title&quot;:&quot;&quot;,&quot;orientation&quot;:&quot;1&quot;}\" data-image-title=\"2013-06-26 11.17.00\" data-image-description=\"\" data-medium-file=\"https:\/\/i0.wp.com\/centrodeolivaryaceite.com\/wp-content\/uploads\/2013\/06\/2013-06-26-11.17.00.jpg?fit=225%2C300&#038;ssl=1\" data-large-file=\"https:\/\/i0.wp.com\/centrodeolivaryaceite.com\/wp-content\/uploads\/2013\/06\/2013-06-26-11.17.00.jpg?fit=768%2C1024&#038;ssl=1\" src=\"https:\/\/i0.wp.com\/centrodeolivaryaceite.com\/wp-content\/uploads\/2013\/06\/2013-06-26-11.17.00.jpg?w=356&#038;h=475&#038;ssl=1\" srcset=\"https:\/\/i0.wp.com\/centrodeolivaryaceite.com\/wp-content\/uploads\/2013\/06\/2013-06-26-11.17.00.jpg?w=768&amp;ssl=1 768w, https:\/\/i0.wp.com\/centrodeolivaryaceite.com\/wp-content\/uploads\/2013\/06\/2013-06-26-11.17.00.jpg?resize=225%2C300&amp;ssl=1 225w\" width=\"356\" height=\"475\" loading=\"lazy\" data-original-width=\"356\" data-original-height=\"475\" itemprop=\"http:\/\/schema.org\/image\" title=\"2013-06-26 11.17.00\" alt=\"Monitora\" style=\"width: 356px; height: 475px;\" \/> <\/a> <\/div> <\/div> <!-- close group --> <div class=\"gallery-group images-1\" style=\"width: 360px; height: 479px;\" data-original-width=\"360\" data-original-height=\"479\" > <div class=\"tiled-gallery-item tiled-gallery-item-large\" itemprop=\"associatedMedia\" itemscope itemtype=\"http:\/\/schema.org\/ImageObject\"> <a href=\"https:\/\/centrodeolivaryaceite.com\/es\/el-pasado-26-de-junio-tuvimos-el-primer-taller-de-elaboracion-de-jabones-con-aove-para-ninos\/2013-06-26-11-23-17\/\" border=\"0\" itemprop=\"url\"> <meta itemprop=\"width\" content=\"356\"> <meta itemprop=\"height\" content=\"475\"> <img decoding=\"async\" class=\"\" data-attachment-id=\"2160\" data-orig-file=\"https:\/\/centrodeolivaryaceite.com\/wp-content\/uploads\/2013\/06\/2013-06-26-11.23.17.jpg\" data-orig-size=\"768,1024\" data-comments-opened=\"1\" data-image-meta=\"{&quot;aperture&quot;:&quot;2.6&quot;,&quot;credit&quot;:&quot;&quot;,&quot;camera&quot;:&quot;GT-I9003&quot;,&quot;caption&quot;:&quot;&quot;,&quot;created_timestamp&quot;:&quot;1372245796&quot;,&quot;copyright&quot;:&quot;&quot;,&quot;focal_length&quot;:&quot;3.43&quot;,&quot;iso&quot;:&quot;80&quot;,&quot;shutter_speed&quot;:&quot;0.04&quot;,&quot;title&quot;:&quot;&quot;,&quot;orientation&quot;:&quot;1&quot;}\" data-image-title=\"2013-06-26 11.23.17\" data-image-description=\"\" data-medium-file=\"https:\/\/i0.wp.com\/centrodeolivaryaceite.com\/wp-content\/uploads\/2013\/06\/2013-06-26-11.23.17.jpg?fit=225%2C300&#038;ssl=1\" data-large-file=\"https:\/\/i0.wp.com\/centrodeolivaryaceite.com\/wp-content\/uploads\/2013\/06\/2013-06-26-11.23.17.jpg?fit=768%2C1024&#038;ssl=1\" src=\"https:\/\/i0.wp.com\/centrodeolivaryaceite.com\/wp-content\/uploads\/2013\/06\/2013-06-26-11.23.17.jpg?w=356&#038;h=475&#038;ssl=1\" srcset=\"https:\/\/i0.wp.com\/centrodeolivaryaceite.com\/wp-content\/uploads\/2013\/06\/2013-06-26-11.23.17.jpg?w=768&amp;ssl=1 768w, https:\/\/i0.wp.com\/centrodeolivaryaceite.com\/wp-content\/uploads\/2013\/06\/2013-06-26-11.23.17.jpg?resize=225%2C300&amp;ssl=1 225w\" width=\"356\" height=\"475\" loading=\"lazy\" data-original-width=\"356\" data-original-height=\"475\" itemprop=\"http:\/\/schema.org\/image\" title=\"2013-06-26 11.23.17\" alt=\"Sala de los ni\u00f1os\" style=\"width: 356px; height: 475px;\" \/> <\/a> <\/div> <\/div> <!-- close group --> <div class=\"gallery-group images-1\" style=\"width: 360px; height: 479px;\" data-original-width=\"360\" data-original-height=\"479\" > <div class=\"tiled-gallery-item tiled-gallery-item-large\" itemprop=\"associatedMedia\" itemscope itemtype=\"http:\/\/schema.org\/ImageObject\"> <a href=\"https:\/\/centrodeolivaryaceite.com\/es\/el-pasado-26-de-junio-tuvimos-el-primer-taller-de-elaboracion-de-jabones-con-aove-para-ninos\/2013-06-26-11-47-07\/\" border=\"0\" itemprop=\"url\"> <meta itemprop=\"width\" content=\"356\"> <meta itemprop=\"height\" content=\"475\"> <img decoding=\"async\" class=\"\" data-attachment-id=\"2161\" data-orig-file=\"https:\/\/centrodeolivaryaceite.com\/wp-content\/uploads\/2013\/06\/2013-06-26-11.47.07.jpg\" data-orig-size=\"768,1024\" data-comments-opened=\"1\" data-image-meta=\"{&quot;aperture&quot;:&quot;2.6&quot;,&quot;credit&quot;:&quot;&quot;,&quot;camera&quot;:&quot;GT-I9003&quot;,&quot;caption&quot;:&quot;&quot;,&quot;created_timestamp&quot;:&quot;1372247227&quot;,&quot;copyright&quot;:&quot;&quot;,&quot;focal_length&quot;:&quot;3.43&quot;,&quot;iso&quot;:&quot;64&quot;,&quot;shutter_speed&quot;:&quot;0.03030303030303&quot;,&quot;title&quot;:&quot;&quot;,&quot;orientation&quot;:&quot;1&quot;}\" data-image-title=\"2013-06-26 11.47.07\" data-image-description=\"\" data-medium-file=\"https:\/\/i0.wp.com\/centrodeolivaryaceite.com\/wp-content\/uploads\/2013\/06\/2013-06-26-11.47.07.jpg?fit=225%2C300&#038;ssl=1\" data-large-file=\"https:\/\/i0.wp.com\/centrodeolivaryaceite.com\/wp-content\/uploads\/2013\/06\/2013-06-26-11.47.07.jpg?fit=768%2C1024&#038;ssl=1\" src=\"https:\/\/i0.wp.com\/centrodeolivaryaceite.com\/wp-content\/uploads\/2013\/06\/2013-06-26-11.47.07.jpg?w=356&#038;h=475&#038;ssl=1\" srcset=\"https:\/\/i0.wp.com\/centrodeolivaryaceite.com\/wp-content\/uploads\/2013\/06\/2013-06-26-11.47.07.jpg?w=768&amp;ssl=1 768w, https:\/\/i0.wp.com\/centrodeolivaryaceite.com\/wp-content\/uploads\/2013\/06\/2013-06-26-11.47.07.jpg?resize=225%2C300&amp;ssl=1 225w\" width=\"356\" height=\"475\" loading=\"lazy\" data-original-width=\"356\" data-original-height=\"475\" itemprop=\"http:\/\/schema.org\/image\" title=\"2013-06-26 11.47.07\" alt=\"TALLER\" style=\"width: 356px; height: 475px;\" \/> <\/a> <\/div> <\/div> <!-- close group --> <\/div> <!-- close row --> <\/div><br \/>\n[\/et_pb_text][et_pb_comments admin_label=\u00bbComentarios\u00bb _builder_version=\u00bb4.16&#8243; use_border_color=\u00bboff\u00bb border_color=\u00bb#ffffff\u00bb border_style=\u00bbsolid\u00bb button_letter_spacing_hover=\u00bb0&#8243; global_colors_info=\u00bb{}\u00bb button_text_size__hover_enabled=\u00bboff\u00bb button_one_text_size__hover_enabled=\u00bboff\u00bb button_two_text_size__hover_enabled=\u00bboff\u00bb button_text_color__hover_enabled=\u00bboff\u00bb button_one_text_color__hover_enabled=\u00bboff\u00bb button_two_text_color__hover_enabled=\u00bboff\u00bb button_border_width__hover_enabled=\u00bboff\u00bb button_one_border_width__hover_enabled=\u00bboff\u00bb button_two_border_width__hover_enabled=\u00bboff\u00bb button_border_color__hover_enabled=\u00bboff\u00bb button_one_border_color__hover_enabled=\u00bboff\u00bb button_two_border_color__hover_enabled=\u00bboff\u00bb button_border_radius__hover_enabled=\u00bboff\u00bb button_one_border_radius__hover_enabled=\u00bboff\u00bb button_two_border_radius__hover_enabled=\u00bboff\u00bb button_letter_spacing__hover_enabled=\u00bbon\u00bb button_letter_spacing__hover=\u00bb0&#8243; button_one_letter_spacing__hover_enabled=\u00bboff\u00bb button_two_letter_spacing__hover_enabled=\u00bboff\u00bb button_bg_color__hover_enabled=\u00bboff\u00bb button_one_bg_color__hover_enabled=\u00bboff\u00bb button_two_bg_color__hover_enabled=\u00bboff\u00bb] [\/et_pb_comments][\/et_pb_column_inner][\/et_pb_row_inner][\/et_pb_column][et_pb_column type=\u00bb1_3&#8243; _builder_version=\u00bb4.16&#8243; custom_padding=\u00bb|||\u00bb global_colors_info=\u00bb{}\u00bb custom_padding__hover=\u00bb|||\u00bb][et_pb_sidebar orientation=\u00bbright\u00bb area=\u00bbsidebar-1&#8243; admin_label=\u00bbBarra lateral\u00bb _builder_version=\u00bb4.16&#8243; remove_border=\u00bboff\u00bb global_colors_info=\u00bb{}\u00bb] [\/et_pb_sidebar][\/et_pb_column][\/et_pb_section][et_pb_section fb_built=\u00bb1&#8243; custom_padding_last_edited=\u00bbon|desktop\u00bb disabled_on=\u00bbon|on|on\u00bb admin_label=\u00bbSecci\u00f3n\u00bb _builder_version=\u00bb3.0.92&#8243; background_color=\u00bb#dedacf\u00bb custom_padding_tablet=\u00bb50px|0|50px|0&#8243; transparent_background=\u00bboff\u00bb padding_mobile=\u00bboff\u00bb make_fullwidth=\u00bboff\u00bb use_custom_width=\u00bboff\u00bb width_unit=\u00bbon\u00bb disabled=\u00bbon\u00bb global_module=\u00bb5116&#8243; collapsed=\u00bboff\u00bb global_colors_info=\u00bb{}\u00bb custom_padding_phone=\u00bb50px|0|50px|0&#8243;][et_pb_row _builder_version=\u00bb4.16&#8243; global_colors_info=\u00bb{}\u00bb][et_pb_column type=\u00bb4_4&#8243; _builder_version=\u00bb4.16&#8243; custom_padding=\u00bb|||\u00bb global_colors_info=\u00bb{}\u00bb custom_padding__hover=\u00bb|||\u00bb][\/et_pb_column][\/et_pb_row][\/et_pb_section][et_pb_section fb_built=\u00bb1&#8243; custom_padding_last_edited=\u00bbon|desktop\u00bb admin_label=\u00bbSecci\u00f3n\u00bb _builder_version=\u00bb3.22&#8243; background_color=\u00bb#ffffff\u00bb custom_padding=\u00bb10px||0px|\u00bb custom_padding_tablet=\u00bb50px|0|50px|0&#8243; transparent_background=\u00bboff\u00bb padding_mobile=\u00bboff\u00bb make_fullwidth=\u00bboff\u00bb use_custom_width=\u00bboff\u00bb width_unit=\u00bbon\u00bb global_module=\u00bb5115&#8243; collapsed=\u00bboff\u00bb global_colors_info=\u00bb{}\u00bb custom_padding_phone=\u00bb50px|0|50px|0&#8243;][et_pb_row padding_mobile=\u00bboff\u00bb column_padding_mobile=\u00bbon\u00bb _builder_version=\u00bb4.16&#8243; background_size=\u00bbinitial\u00bb background_position=\u00bbtop_left\u00bb background_repeat=\u00bbrepeat\u00bb max_width=\u00bb1080px\u00bb custom_padding=\u00bb0px||0px|\u00bb make_fullwidth=\u00bboff\u00bb use_custom_width=\u00bboff\u00bb width_unit=\u00bbon\u00bb global_colors_info=\u00bb{}\u00bb][\/et_pb_row][\/et_pb_section]<\/p>\n","protected":false},"excerpt":{"rendered":"<p>Una de las principales labores y objetivos del Centro de Interpretaci\u00f3n Olivar y Aceite Comarca de la Loma es difundir la cultura del olivar y el aceite entre los m\u00e1s peque\u00f1os, ya que son las generaciones futuras las que deparar\u00e1n el destino de este cultivo y el de la provincia. Que aprendan c\u00f3mo se recolecta [&hellip;]<\/p>\n","protected":false},"author":1,"featured_media":2169,"comment_status":"open","ping_status":"open","sticky":false,"template":"","format":"standard","meta":{"_et_pb_use_builder":"on","_et_pb_old_content":"<p>Una de las principales labores y objetivos del Centro de Interpretaci\u00f3n Olivar y Aceite Comarca de la Loma es difundir la <strong>cultura del olivar y el aceite entre los m\u00e1s peque\u00f1os<\/strong>, ya que son las generaciones futuras las que deparar\u00e1n el destino de este cultivo y el de la provincia. Que aprendan c\u00f3mo se recolecta la aceituna hoy en d\u00eda, como se extrae el aceite <strong>en una visita a las<\/strong> \u00a0<strong>almazaras<\/strong>, cual es la clasificaci\u00f3n del aceite de oliva en funci\u00f3n de su calidad y tambi\u00e9n que el Aceite de Oliva no sirve s\u00f3lo para ser consumido en nuestros platos, \u00a0sino que tiene multitud de aplicaciones fuera de la cocina, \u00a0son conceptos que deben conocer todos los ni\u00f1os que viven en esta tierra de olivos.<\/p><p>As\u00ed pues desde su apertura, este Centro no ha parado de realizar <strong>actividades oleotur\u00edsticas<\/strong> destinadas a los m\u00e1s peque\u00f1os de la casa con varias visitas de Colegios, Asociaciones de Padres y Madres y grupos de ni\u00f1os en general. Y no pod\u00eda ser de otra forma el que ense\u00f1\u00e1ramos, otras formas de apreciar y usar el oro l\u00edquido de nuestra Comarca como por ejemplo su aplicaci\u00f3n en cosm\u00e9ticos.<\/p><p>El pasado d\u00eda 26 fue un gran d\u00eda para este Centro de Interpretaci\u00f3n, \u00a0ya que desarrollamos el<strong> primer Taller \u00a0de elaboraci\u00f3n de Jabones para ni\u00f1os en nuestra Sala Infantil<\/strong>. Un taller para que \u00a0ni\u00f1os de entre cinco y doce a\u00f1os de la Comarca de La Loma aprendiesen a fabricar jabones con sus propias manos.<\/p><p>Gracias a la colaboraci\u00f3n de la empresa \u00a0Cosmeticaolivo y su equipo de monitores, 29 ni\u00f1os disfrutaron de una ma\u00f1ana divertid\u00edsima. Se trat\u00f3 de una actividad propicia para que los ni\u00f1os desarrollasen su creatividad con las manos y conocieran las <strong>propiedades beneficiosas del AOVE para nuestra piel<\/strong>. Estos ni\u00f1os han fabricado su propio jab\u00f3n a partir de varios ingredientes para una vez terminado llev\u00e1rselo a sus casas. Y naturalmente, hemos trabajado s\u00f3lo con materiales inocuos para evitar cualquier peligro. Estos peque\u00f1os han mezclado colorantes, esencias y objetos decorativos para fabricar y personalizar sus propios jabones seg\u00fan el gusto de cada cual. Al terminar el trabajo los ni\u00f1os envolv\u00edan los jabones para llev\u00e1rselos a su casa ense\u00f1\u00e1ndoles lo importante que es\u00a0 recubrir el jab\u00f3n para que no se deshidrate y conserve sus propiedades. Una vez han llegado estos peque\u00f1os a casa nos consta que, una vez m\u00e1s, \u00a0han sido las estrellas de su hogar regalando y obsequiando sus propios jabones a familiares y amigos con el mayor de los orgullos e ilusiones.<\/p><p>El trabajo con jabones y cosm\u00e9ticos no queda aqu\u00ed y el Centro de Interpretaci\u00f3n Olivar y Aceite ofrece un Taller, en este caso para adultos, de Elaboraci\u00f3n de Jabones para los pr\u00f3ximo 3 y 4 Julio en horario de 18:00 a 20:00. Todav\u00eda hay plazas as\u00ed que ap\u00fantate lo antes posible!!!<\/p><p>[gallery ids=\"2154,2155,2156,2158,2159,2160,2161\"]<\/p>","_et_gb_content_width":"","_jetpack_memberships_contains_paid_content":false,"footnotes":""},"categories":[1],"tags":[],"class_list":["post-2153","post","type-post","status-publish","format-standard","has-post-thumbnail","hentry","category-general"],"jetpack_featured_media_url":"https:\/\/i0.wp.com\/centrodeolivaryaceite.com\/wp-content\/uploads\/2013\/06\/2013-06-26-10.20.052.jpg?fit=1024%2C767&ssl=1","jetpack_sharing_enabled":true,"jetpack_shortlink":"https:\/\/wp.me\/p95A9q-yJ","_links":{"self":[{"href":"https:\/\/centrodeolivaryaceite.com\/es\/wp-json\/wp\/v2\/posts\/2153\/"}],"collection":[{"href":"https:\/\/centrodeolivaryaceite.com\/es\/wp-json\/wp\/v2\/posts\/"}],"about":[{"href":"https:\/\/centrodeolivaryaceite.com\/es\/wp-json\/wp\/v2\/types\/post\/"}],"author":[{"embeddable":true,"href":"https:\/\/centrodeolivaryaceite.com\/es\/wp-json\/wp\/v2\/users\/1\/"}],"replies":[{"embeddable":true,"href":"https:\/\/centrodeolivaryaceite.com\/es\/wp-json\/wp\/v2\/comments\/?post=2153"}],"version-history":[{"count":0,"href":"https:\/\/centrodeolivaryaceite.com\/es\/wp-json\/wp\/v2\/posts\/2153\/revisions\/"}],"wp:featuredmedia":[{"embeddable":true,"href":"https:\/\/centrodeolivaryaceite.com\/es\/wp-json\/wp\/v2\/media\/2169\/"}],"wp:attachment":[{"href":"https:\/\/centrodeolivaryaceite.com\/es\/wp-json\/wp\/v2\/media\/?parent=2153"}],"wp:term":[{"taxonomy":"category","embeddable":true,"href":"https:\/\/centrodeolivaryaceite.com\/es\/wp-json\/wp\/v2\/categories\/?post=2153"},{"taxonomy":"post_tag","embeddable":true,"href":"https:\/\/centrodeolivaryaceite.com\/es\/wp-json\/wp\/v2\/tags\/?post=2153"}],"curies":[{"name":"wp","href":"https:\/\/api.w.org\/{rel}","templated":true}]}}