{"id":2441,"date":"2013-08-03T11:57:37","date_gmt":"2013-08-03T11:57:37","guid":{"rendered":"http:\/\/centrodeolivaryaceitelaloma.com\/copiablog\/?p=2441"},"modified":"2022-07-29T10:32:44","modified_gmt":"2022-07-29T10:32:44","slug":"nuevo-curso-de-cata-de-aceite-de-oliva-virgen-del-24-27-de-septiembre","status":"publish","type":"post","link":"https:\/\/centrodeolivaryaceite.com\/es\/nuevo-curso-de-cata-de-aceite-de-oliva-virgen-del-24-27-de-septiembre\/","title":{"rendered":"Curso de Cata de Aceite de Oliva Virgen, del 17 al 20 de Septiembre."},"content":{"rendered":"<p>[et_pb_section fb_built=\u00bb1&#8243; fullwidth=\u00bbon\u00bb custom_padding_last_edited=\u00bbon|desktop\u00bb admin_label=\u00bbSecci\u00f3n\u00bb _builder_version=\u00bb3.22&#8243; background_color=\u00bb#ffffff\u00bb background_image=\u00bbhttp:\/\/centrodeolivaryaceite.com\/wp-content\/uploads\/2016\/06\/page_header_bg_blue.jpg\u00bb custom_padding_tablet=\u00bb50px|0|50px|0&#8243; transparent_background=\u00bboff\u00bb padding_mobile=\u00bboff\u00bb make_fullwidth=\u00bboff\u00bb use_custom_width=\u00bboff\u00bb width_unit=\u00bbon\u00bb global_module=\u00bb5294&#8243; locked=\u00bboff\u00bb collapsed=\u00bboff\u00bb global_colors_info=\u00bb{}\u00bb custom_padding_phone=\u00bb50px|0|50px|0&#8243;][et_pb_fullwidth_post_title meta=\u00bboff\u00bb featured_image=\u00bboff\u00bb text_color=\u00bblight\u00bb text_background=\u00bbon\u00bb text_bg_color=\u00bbrgba(28,28,28,0.43)\u00bb admin_label=\u00bbT\u00edtulo\u00bb _builder_version=\u00bb4.17.6&#8243; _module_preset=\u00bbdefault\u00bb title_font=\u00bbRoboto Light||||\u00bb title_font_size=\u00bb35px\u00bb title_all_caps=\u00bbon\u00bb background_color=\u00bbrgba(255,255,255,0)\u00bb parallax=\u00bbon\u00bb parallax_method=\u00bboff\u00bb text_orientation=\u00bbcenter\u00bb use_border_color=\u00bboff\u00bb border_color=\u00bb#ffffff\u00bb border_style=\u00bbsolid\u00bb parallax_effect=\u00bbon\u00bb module_bg_color=\u00bbrgba(255,255,255,0)\u00bb global_colors_info=\u00bb{}\u00bb][\/et_pb_fullwidth_post_title][\/et_pb_section][et_pb_section fb_built=\u00bb1&#8243; custom_padding_last_edited=\u00bbon|desktop\u00bb admin_label=\u00bbSecci\u00f3n\u00bb _builder_version=\u00bb4.16&#8243; background_color=\u00bb#ffffff\u00bb custom_padding=\u00bb10px|||\u00bb custom_padding_tablet=\u00bb50px|0|50px|0&#8243; transparent_background=\u00bboff\u00bb padding_mobile=\u00bboff\u00bb make_fullwidth=\u00bboff\u00bb use_custom_width=\u00bboff\u00bb width_unit=\u00bbon\u00bb global_colors_info=\u00bb{}\u00bb custom_padding_phone=\u00bb50px|0|50px|0&#8243;][et_pb_row padding_mobile=\u00bboff\u00bb column_padding_mobile=\u00bbon\u00bb admin_label=\u00bbFila\u00bb _builder_version=\u00bb4.16&#8243; background_size=\u00bbinitial\u00bb background_position=\u00bbtop_left\u00bb background_repeat=\u00bbrepeat\u00bb custom_padding=\u00bb10px|||\u00bb make_fullwidth=\u00bboff\u00bb use_custom_width=\u00bboff\u00bb width_unit=\u00bbon\u00bb global_colors_info=\u00bb{}\u00bb][et_pb_column type=\u00bb4_4&#8243; _builder_version=\u00bb4.16&#8243; custom_padding=\u00bb|||\u00bb global_colors_info=\u00bb{}\u00bb custom_padding__hover=\u00bb|||\u00bb][et_pb_post_title title=\u00bboff\u00bb admin_label=\u00bbT\u00edtulo de publicaci\u00f3n\u00bb _builder_version=\u00bb4.16&#8243; title_all_caps=\u00bboff\u00bb background_color=\u00bbrgba(255,255,255,0)\u00bb parallax=\u00bbon\u00bb parallax_method=\u00bboff\u00bb use_border_color=\u00bboff\u00bb border_color=\u00bb#ffffff\u00bb border_style=\u00bbsolid\u00bb parallax_effect=\u00bbon\u00bb module_bg_color=\u00bbrgba(255,255,255,0)\u00bb global_colors_info=\u00bb{}\u00bb] [\/et_pb_post_title][\/et_pb_column][\/et_pb_row][\/et_pb_section][et_pb_section fb_built=\u00bb1&#8243; specialty=\u00bbon\u00bb custom_padding_last_edited=\u00bbon|desktop\u00bb parallax_method_1=\u00bboff\u00bb parallax_method_2=\u00bboff\u00bb admin_label=\u00bbSecci\u00f3n\u00bb _builder_version=\u00bb4.16&#8243; background_color=\u00bb#ffffff\u00bb custom_padding=\u00bb10px|||\u00bb custom_padding_tablet=\u00bb50px|0|50px|0&#8243; transparent_background=\u00bboff\u00bb padding_mobile=\u00bboff\u00bb make_fullwidth=\u00bboff\u00bb use_custom_width=\u00bboff\u00bb width_unit=\u00bbon\u00bb global_colors_info=\u00bb{}\u00bb custom_padding_phone=\u00bb50px|0|50px|0&#8243;][et_pb_column type=\u00bb2_3&#8243; specialty_columns=\u00bb2&#8243; _builder_version=\u00bb4.16&#8243; custom_padding=\u00bb|||\u00bb global_colors_info=\u00bb{}\u00bb custom_padding__hover=\u00bb|||\u00bb][et_pb_row_inner padding_mobile=\u00bboff\u00bb column_padding_mobile=\u00bbon\u00bb admin_label=\u00bbFila\u00bb _builder_version=\u00bb4.16&#8243; custom_padding=\u00bb0px|||\u00bb global_colors_info=\u00bb{}\u00bb][et_pb_column_inner saved_specialty_column_type=\u00bb2_3&#8243; _builder_version=\u00bb4.16&#8243; custom_padding=\u00bb|||\u00bb global_colors_info=\u00bb{}\u00bb custom_padding__hover=\u00bb|||\u00bb][et_pb_text admin_label=\u00bbText\u00bb _builder_version=\u00bb4.16&#8243; background_size=\u00bbinitial\u00bb background_position=\u00bbtop_left\u00bb background_repeat=\u00bbrepeat\u00bb global_colors_info=\u00bb{}\u00bb]Nuevo <strong>Curso de Iniciaci\u00f3n a la Cata de los aceites de oliva v\u00edrgenes. Cultura y sabor. <\/strong>Estructurado en parte\u00a0 te\u00f3rica, ense\u00f1ando las herramientas del protocolo de cata y an\u00e1lisis sensorial. Y parte pr\u00e1ctica,\u00a0 donde\u00a0 mediante la cata de diferentes aceites, aprender\u00e1s a valorar los aceites de oliva v\u00edrgenes.<\/p>\n<p>Una primera parte, dedicada a los criterios\u00a0 de calidad del aceite explicando las clasificaciones del aceite de oliva y la teor\u00eda de la caracterizaci\u00f3n sensorial, as\u00ed como las normas del Consejo Ole\u00edcola sobre la Cata de Aceites. Se explicar\u00e1n las hojas de cata, vocabularios espec\u00edfico de la cata, as\u00ed como las condiciones f\u00edsicas y psicofisiol\u00f3gicas del ensayo sensorial.<\/p>\n<p>Una segunda parte dedicada a la obtenci\u00f3n del aceite de oliva virgen, analizando cada una de las partes del proceso, desde la maduraci\u00f3n y recolecci\u00f3n del fruto hasta el almacenamiento en bodega.<\/p>\n<p>Y una \u00faltima parte dedicada a las propiedades nutricionales y saludables del aceite de oliva virgen.<\/p>\n<p>Como novedad, hemos incorporado una parte dedicada al \u00abMaridaje y aceite de oliva virgen extra\u00bb.<\/p>\n<p>Cada d\u00eda se realizar\u00e1n \u00a0catas de aceite de oliva,\u00a0 abiertas y cerradas, en la que se ense\u00f1ar\u00e1n los atributos negativos y positivos de los aceites, interpretando los perfiles sensoriales.<\/p>\n<p>En este <strong>curso de cata<\/strong> te\u00a0ense\u00f1aremos el protocolo completo de la cata de aceites, aprendiendo a distinguir los aceites por sus caracter\u00edsticas m\u00e1s destacadas. Aprender\u00e1s los atributos positivos y defectos que se pueden encontrar en un aceite y a valorar\u00a0 los distintos matices de\u00a0 las diferentes variedades de aceitunas.<\/p>\n<p>\u00a1\u00a1Adem\u00e1s de disfrutar de un mundo de sensaciones, aromas y sabores!!<\/p>\n<h3><strong>PREVIA RESERVA .PLAZAS LIMITADAS<\/strong><\/h3>\n<h3><strong>Reserva tu plaza enviando un e-mail con tus datos a info@centrodeolivaryaceitelaloma.com\/copiablog \u00f3 llamando al 953 75 58 89 . El plazo de inscripci\u00f3n finaliza el 13 de septiembre.<\/strong><\/h3>\n<p>&nbsp;<\/p>\n<p style=\"text-align: center;\"><a href=\"https:\/\/i0.wp.com\/centrodeolivaryaceite.com\/wp-content\/uploads\/2013\/08\/Cartel-Curso-de-Cata-15-h-17-20-Sept.jpg\"><img data-recalc-dims=\"1\" loading=\"lazy\" decoding=\"async\" data-attachment-id=\"2457\" data-permalink=\"https:\/\/centrodeolivaryaceite.com\/es\/nuevo-curso-de-cata-de-aceite-de-oliva-virgen-del-24-27-de-septiembre\/cartel-curso-de-cata-15-h-17-20-sept\/\" data-orig-file=\"https:\/\/i0.wp.com\/centrodeolivaryaceite.com\/wp-content\/uploads\/2013\/08\/Cartel-Curso-de-Cata-15-h-17-20-Sept.jpg?fit=1024%2C727&amp;ssl=1\" data-orig-size=\"1024,727\" data-comments-opened=\"1\" data-image-meta=\"{&quot;aperture&quot;:&quot;0&quot;,&quot;credit&quot;:&quot;&quot;,&quot;camera&quot;:&quot;&quot;,&quot;caption&quot;:&quot;&quot;,&quot;created_timestamp&quot;:&quot;0&quot;,&quot;copyright&quot;:&quot;&quot;,&quot;focal_length&quot;:&quot;0&quot;,&quot;iso&quot;:&quot;0&quot;,&quot;shutter_speed&quot;:&quot;0&quot;,&quot;title&quot;:&quot;&quot;,&quot;orientation&quot;:&quot;0&quot;}\" data-image-title=\"Cartel Curso de Cata 15 h 17-20 Sept\" data-image-description=\"\" data-image-caption=\"\" data-medium-file=\"https:\/\/i0.wp.com\/centrodeolivaryaceite.com\/wp-content\/uploads\/2013\/08\/Cartel-Curso-de-Cata-15-h-17-20-Sept.jpg?fit=300%2C213&amp;ssl=1\" data-large-file=\"https:\/\/i0.wp.com\/centrodeolivaryaceite.com\/wp-content\/uploads\/2013\/08\/Cartel-Curso-de-Cata-15-h-17-20-Sept.jpg?fit=1024%2C727&amp;ssl=1\" class=\"aligncenter wp-image-2457\" src=\"https:\/\/i0.wp.com\/centrodeolivaryaceite.com\/wp-content\/uploads\/2013\/08\/Cartel-Curso-de-Cata-15-h-17-20-Sept.jpg?resize=553%2C392\" alt=\"Cartel Curso de Cata 15 h 17-20 Sept\" width=\"553\" height=\"392\" srcset=\"https:\/\/i0.wp.com\/centrodeolivaryaceite.com\/wp-content\/uploads\/2013\/08\/Cartel-Curso-de-Cata-15-h-17-20-Sept.jpg?w=1024&amp;ssl=1 1024w, https:\/\/i0.wp.com\/centrodeolivaryaceite.com\/wp-content\/uploads\/2013\/08\/Cartel-Curso-de-Cata-15-h-17-20-Sept.jpg?resize=300%2C213&amp;ssl=1 300w, https:\/\/i0.wp.com\/centrodeolivaryaceite.com\/wp-content\/uploads\/2013\/08\/Cartel-Curso-de-Cata-15-h-17-20-Sept.jpg?resize=768%2C545&amp;ssl=1 768w, https:\/\/i0.wp.com\/centrodeolivaryaceite.com\/wp-content\/uploads\/2013\/08\/Cartel-Curso-de-Cata-15-h-17-20-Sept.jpg?resize=400%2C284&amp;ssl=1 400w\" sizes=\"(max-width: 553px) 100vw, 553px\" \/><\/a><\/p>\n<p>[\/et_pb_text][et_pb_comments admin_label=\u00bbComentarios\u00bb _builder_version=\u00bb4.16&#8243; use_border_color=\u00bboff\u00bb border_color=\u00bb#ffffff\u00bb border_style=\u00bbsolid\u00bb button_letter_spacing_hover=\u00bb0&#8243; global_colors_info=\u00bb{}\u00bb button_text_size__hover_enabled=\u00bboff\u00bb button_one_text_size__hover_enabled=\u00bboff\u00bb button_two_text_size__hover_enabled=\u00bboff\u00bb button_text_color__hover_enabled=\u00bboff\u00bb button_one_text_color__hover_enabled=\u00bboff\u00bb button_two_text_color__hover_enabled=\u00bboff\u00bb button_border_width__hover_enabled=\u00bboff\u00bb button_one_border_width__hover_enabled=\u00bboff\u00bb button_two_border_width__hover_enabled=\u00bboff\u00bb button_border_color__hover_enabled=\u00bboff\u00bb button_one_border_color__hover_enabled=\u00bboff\u00bb button_two_border_color__hover_enabled=\u00bboff\u00bb button_border_radius__hover_enabled=\u00bboff\u00bb button_one_border_radius__hover_enabled=\u00bboff\u00bb button_two_border_radius__hover_enabled=\u00bboff\u00bb button_letter_spacing__hover_enabled=\u00bbon\u00bb button_letter_spacing__hover=\u00bb0&#8243; button_one_letter_spacing__hover_enabled=\u00bboff\u00bb button_two_letter_spacing__hover_enabled=\u00bboff\u00bb button_bg_color__hover_enabled=\u00bboff\u00bb button_one_bg_color__hover_enabled=\u00bboff\u00bb button_two_bg_color__hover_enabled=\u00bboff\u00bb] [\/et_pb_comments][\/et_pb_column_inner][\/et_pb_row_inner][\/et_pb_column][et_pb_column type=\u00bb1_3&#8243; _builder_version=\u00bb4.16&#8243; custom_padding=\u00bb|||\u00bb global_colors_info=\u00bb{}\u00bb custom_padding__hover=\u00bb|||\u00bb][et_pb_sidebar orientation=\u00bbright\u00bb area=\u00bbsidebar-1&#8243; admin_label=\u00bbBarra lateral\u00bb _builder_version=\u00bb4.16&#8243; remove_border=\u00bboff\u00bb global_colors_info=\u00bb{}\u00bb] [\/et_pb_sidebar][\/et_pb_column][\/et_pb_section][et_pb_section fb_built=\u00bb1&#8243; custom_padding_last_edited=\u00bbon|desktop\u00bb disabled_on=\u00bbon|on|on\u00bb admin_label=\u00bbSecci\u00f3n\u00bb _builder_version=\u00bb3.0.92&#8243; background_color=\u00bb#dedacf\u00bb custom_padding_tablet=\u00bb50px|0|50px|0&#8243; transparent_background=\u00bboff\u00bb padding_mobile=\u00bboff\u00bb make_fullwidth=\u00bboff\u00bb use_custom_width=\u00bboff\u00bb width_unit=\u00bbon\u00bb disabled=\u00bbon\u00bb global_module=\u00bb5116&#8243; collapsed=\u00bboff\u00bb global_colors_info=\u00bb{}\u00bb custom_padding_phone=\u00bb50px|0|50px|0&#8243;][et_pb_row _builder_version=\u00bb4.16&#8243; global_colors_info=\u00bb{}\u00bb][et_pb_column type=\u00bb4_4&#8243; _builder_version=\u00bb4.16&#8243; custom_padding=\u00bb|||\u00bb global_colors_info=\u00bb{}\u00bb custom_padding__hover=\u00bb|||\u00bb][\/et_pb_column][\/et_pb_row][\/et_pb_section][et_pb_section fb_built=\u00bb1&#8243; custom_padding_last_edited=\u00bbon|desktop\u00bb admin_label=\u00bbSecci\u00f3n\u00bb _builder_version=\u00bb3.22&#8243; background_color=\u00bb#ffffff\u00bb custom_padding=\u00bb10px||0px|\u00bb custom_padding_tablet=\u00bb50px|0|50px|0&#8243; transparent_background=\u00bboff\u00bb padding_mobile=\u00bboff\u00bb make_fullwidth=\u00bboff\u00bb use_custom_width=\u00bboff\u00bb width_unit=\u00bbon\u00bb global_module=\u00bb5115&#8243; collapsed=\u00bboff\u00bb global_colors_info=\u00bb{}\u00bb custom_padding_phone=\u00bb50px|0|50px|0&#8243;][et_pb_row padding_mobile=\u00bboff\u00bb column_padding_mobile=\u00bbon\u00bb _builder_version=\u00bb4.16&#8243; background_size=\u00bbinitial\u00bb background_position=\u00bbtop_left\u00bb background_repeat=\u00bbrepeat\u00bb max_width=\u00bb1080px\u00bb custom_padding=\u00bb0px||0px|\u00bb make_fullwidth=\u00bboff\u00bb use_custom_width=\u00bboff\u00bb width_unit=\u00bbon\u00bb global_colors_info=\u00bb{}\u00bb][\/et_pb_row][\/et_pb_section]<\/p>\n","protected":false},"excerpt":{"rendered":"<p>Nuevo Curso de Iniciaci\u00f3n a la Cata de los aceites de oliva v\u00edrgenes. Cultura y sabor. Estructurado en parte\u00a0 te\u00f3rica, ense\u00f1ando las herramientas del protocolo de cata y an\u00e1lisis sensorial. Y parte pr\u00e1ctica,\u00a0 donde\u00a0 mediante la cata de diferentes aceites, aprender\u00e1s a valorar los aceites de oliva v\u00edrgenes. Una primera parte, dedicada a los criterios\u00a0 [&hellip;]<\/p>\n","protected":false},"author":1,"featured_media":2443,"comment_status":"open","ping_status":"open","sticky":false,"template":"","format":"standard","meta":{"_et_pb_use_builder":"on","_et_pb_old_content":"<p>Nuevo <strong>Curso de Iniciaci\u00f3n a la Cata de los aceites de oliva v\u00edrgenes. Cultura y sabor. <\/strong>Estructurado en parte\u00a0 te\u00f3rica, ense\u00f1ando las herramientas del protocolo de cata y an\u00e1lisis sensorial. Y parte pr\u00e1ctica,\u00a0 donde\u00a0 mediante la cata de diferentes aceites, aprender\u00e1s a valorar los aceites de oliva v\u00edrgenes.<\/p><p>Una primera parte, dedicada a los criterios\u00a0 de calidad del aceite explicando las clasificaciones del aceite de oliva y la teor\u00eda de la caracterizaci\u00f3n sensorial, as\u00ed como las normas del Consejo Ole\u00edcola sobre la Cata de Aceites. Se explicar\u00e1n las hojas de cata, vocabularios espec\u00edfico de la cata, as\u00ed como las condiciones f\u00edsicas y psicofisiol\u00f3gicas del ensayo sensorial.<\/p><p>Una segunda parte dedicada a la obtenci\u00f3n del aceite de oliva virgen, analizando cada una de las partes del proceso, desde la maduraci\u00f3n y recolecci\u00f3n del fruto hasta el almacenamiento en bodega.<\/p><p>Y una \u00faltima parte dedicada a las propiedades nutricionales y saludables del aceite de oliva virgen.<\/p><p>Como novedad, hemos incorporado una parte dedicada al \"Maridaje y aceite de oliva virgen extra\".<\/p><p>Cada d\u00eda se realizar\u00e1n \u00a0catas de aceite de oliva,\u00a0 abiertas y cerradas, en la que se ense\u00f1ar\u00e1n los atributos negativos y positivos de los aceites, interpretando los perfiles sensoriales.<\/p><p>En este <strong>curso de cata<\/strong> te\u00a0ense\u00f1aremos el protocolo completo de la cata de aceites, aprendiendo a distinguir los aceites por sus caracter\u00edsticas m\u00e1s destacadas. Aprender\u00e1s los atributos positivos y defectos que se pueden encontrar en un aceite y a valorar\u00a0 los distintos matices de\u00a0 las diferentes variedades de aceitunas.<\/p><p>\u00a1\u00a1Adem\u00e1s de disfrutar de un mundo de sensaciones, aromas y sabores!!<\/p><h3><strong>PREVIA RESERVA .PLAZAS LIMITADAS<\/strong><\/h3><h3><strong>Reserva tu plaza enviando un e-mail con tus datos a info@centrodeolivaryaceitelaloma.com\/copiablog \u00f3 llamando al 953 75 58 89 . El plazo de inscripci\u00f3n finaliza el 13 de septiembre.<\/strong><\/h3><p>\u00a0<\/p><p style=\"text-align: center;\"><a href=\"http:\/\/centrodeolivaryaceite.com\/wp-content\/uploads\/2013\/08\/Cartel-Curso-de-Cata-15-h-17-20-Sept.jpg\"><img class=\"aligncenter wp-image-2457\" src=\"http:\/\/centrodeolivaryaceite.com\/wp-content\/uploads\/2013\/08\/Cartel-Curso-de-Cata-15-h-17-20-Sept.jpg\" alt=\"Cartel Curso de Cata 15 h 17-20 Sept\" width=\"553\" height=\"392\" \/><\/a><\/p>","_et_gb_content_width":"","_jetpack_memberships_contains_paid_content":false,"footnotes":""},"categories":[1],"tags":[],"class_list":["post-2441","post","type-post","status-publish","format-standard","has-post-thumbnail","hentry","category-general"],"jetpack_featured_media_url":"https:\/\/i0.wp.com\/centrodeolivaryaceite.com\/wp-content\/uploads\/2013\/08\/122.jpg?fit=1024%2C678&ssl=1","jetpack_sharing_enabled":true,"jetpack_shortlink":"https:\/\/wp.me\/p95A9q-Dn","_links":{"self":[{"href":"https:\/\/centrodeolivaryaceite.com\/es\/wp-json\/wp\/v2\/posts\/2441\/"}],"collection":[{"href":"https:\/\/centrodeolivaryaceite.com\/es\/wp-json\/wp\/v2\/posts\/"}],"about":[{"href":"https:\/\/centrodeolivaryaceite.com\/es\/wp-json\/wp\/v2\/types\/post\/"}],"author":[{"embeddable":true,"href":"https:\/\/centrodeolivaryaceite.com\/es\/wp-json\/wp\/v2\/users\/1\/"}],"replies":[{"embeddable":true,"href":"https:\/\/centrodeolivaryaceite.com\/es\/wp-json\/wp\/v2\/comments\/?post=2441"}],"version-history":[{"count":0,"href":"https:\/\/centrodeolivaryaceite.com\/es\/wp-json\/wp\/v2\/posts\/2441\/revisions\/"}],"wp:featuredmedia":[{"embeddable":true,"href":"https:\/\/centrodeolivaryaceite.com\/es\/wp-json\/wp\/v2\/media\/2443\/"}],"wp:attachment":[{"href":"https:\/\/centrodeolivaryaceite.com\/es\/wp-json\/wp\/v2\/media\/?parent=2441"}],"wp:term":[{"taxonomy":"category","embeddable":true,"href":"https:\/\/centrodeolivaryaceite.com\/es\/wp-json\/wp\/v2\/categories\/?post=2441"},{"taxonomy":"post_tag","embeddable":true,"href":"https:\/\/centrodeolivaryaceite.com\/es\/wp-json\/wp\/v2\/tags\/?post=2441"}],"curies":[{"name":"wp","href":"https:\/\/api.w.org\/{rel}","templated":true}]}}