{"id":2483,"date":"2013-09-25T10:38:44","date_gmt":"2013-09-25T10:38:44","guid":{"rendered":"http:\/\/centrodeolivaryaceitelaloma.com\/copiablog\/?p=2483"},"modified":"2022-07-29T10:38:42","modified_gmt":"2022-07-29T10:38:42","slug":"nuevo-galardon-para-el-aove-pagos-de-toral-en-olivinus-2013","status":"publish","type":"post","link":"https:\/\/centrodeolivaryaceite.com\/es\/nuevo-galardon-para-el-aove-pagos-de-toral-en-olivinus-2013\/","title":{"rendered":"Nuevo galard\u00f3n para el AOVE Pagos de Toral en Olivinus 2013"},"content":{"rendered":"<p>[et_pb_section fb_built=\u00bb1&#8243; fullwidth=\u00bbon\u00bb custom_padding_last_edited=\u00bbon|desktop\u00bb admin_label=\u00bbSecci\u00f3n\u00bb _builder_version=\u00bb3.22&#8243; background_color=\u00bb#ffffff\u00bb background_image=\u00bbhttp:\/\/centrodeolivaryaceite.com\/wp-content\/uploads\/2016\/06\/page_header_bg_blue.jpg\u00bb custom_padding_tablet=\u00bb50px|0|50px|0&#8243; custom_padding_phone=\u00bb50px|0|50px|0&#8243; transparent_background=\u00bboff\u00bb padding_mobile=\u00bboff\u00bb make_fullwidth=\u00bboff\u00bb use_custom_width=\u00bboff\u00bb width_unit=\u00bbon\u00bb global_module=\u00bb5294&#8243; locked=\u00bboff\u00bb collapsed=\u00bboff\u00bb global_colors_info=\u00bb{}\u00bb][et_pb_fullwidth_post_title meta=\u00bboff\u00bb featured_image=\u00bboff\u00bb text_color=\u00bblight\u00bb text_background=\u00bbon\u00bb text_bg_color=\u00bbrgba(28,28,28,0.43)\u00bb admin_label=\u00bbT\u00edtulo\u00bb _builder_version=\u00bb4.17.6&#8243; _module_preset=\u00bbdefault\u00bb title_font=\u00bbRoboto Light||||\u00bb title_font_size=\u00bb35px\u00bb title_all_caps=\u00bbon\u00bb background_color=\u00bbrgba(255,255,255,0)\u00bb parallax=\u00bbon\u00bb parallax_method=\u00bboff\u00bb text_orientation=\u00bbcenter\u00bb parallax_effect=\u00bbon\u00bb module_bg_color=\u00bbrgba(255,255,255,0)\u00bb use_border_color=\u00bboff\u00bb border_color=\u00bb#ffffff\u00bb border_style=\u00bbsolid\u00bb global_colors_info=\u00bb{}\u00bb][\/et_pb_fullwidth_post_title][\/et_pb_section][et_pb_section fb_built=\u00bb1&#8243; custom_padding_last_edited=\u00bbon|desktop\u00bb admin_label=\u00bbSecci\u00f3n\u00bb _builder_version=\u00bb4.16&#8243; background_color=\u00bb#ffffff\u00bb custom_padding=\u00bb10px|||\u00bb custom_padding_tablet=\u00bb50px|0|50px|0&#8243; custom_padding_phone=\u00bb50px|0|50px|0&#8243; transparent_background=\u00bboff\u00bb padding_mobile=\u00bboff\u00bb make_fullwidth=\u00bboff\u00bb use_custom_width=\u00bboff\u00bb width_unit=\u00bbon\u00bb global_colors_info=\u00bb{}\u00bb][et_pb_row padding_mobile=\u00bboff\u00bb column_padding_mobile=\u00bbon\u00bb admin_label=\u00bbFila\u00bb _builder_version=\u00bb4.16&#8243; background_size=\u00bbinitial\u00bb background_position=\u00bbtop_left\u00bb background_repeat=\u00bbrepeat\u00bb custom_padding=\u00bb10px|||\u00bb make_fullwidth=\u00bboff\u00bb use_custom_width=\u00bboff\u00bb width_unit=\u00bbon\u00bb global_colors_info=\u00bb{}\u00bb][et_pb_column type=\u00bb4_4&#8243; _builder_version=\u00bb4.16&#8243; custom_padding=\u00bb|||\u00bb global_colors_info=\u00bb{}\u00bb custom_padding__hover=\u00bb|||\u00bb][et_pb_post_title title=\u00bboff\u00bb admin_label=\u00bbT\u00edtulo de publicaci\u00f3n\u00bb _builder_version=\u00bb4.16&#8243; title_all_caps=\u00bboff\u00bb background_color=\u00bbrgba(255,255,255,0)\u00bb parallax=\u00bbon\u00bb parallax_method=\u00bboff\u00bb parallax_effect=\u00bbon\u00bb module_bg_color=\u00bbrgba(255,255,255,0)\u00bb use_border_color=\u00bboff\u00bb border_color=\u00bb#ffffff\u00bb border_style=\u00bbsolid\u00bb global_colors_info=\u00bb{}\u00bb] [\/et_pb_post_title][\/et_pb_column][\/et_pb_row][\/et_pb_section][et_pb_section fb_built=\u00bb1&#8243; specialty=\u00bbon\u00bb custom_padding_last_edited=\u00bbon|desktop\u00bb parallax_method_1=\u00bboff\u00bb parallax_method_2=\u00bboff\u00bb admin_label=\u00bbSecci\u00f3n\u00bb _builder_version=\u00bb4.16&#8243; background_color=\u00bb#ffffff\u00bb custom_padding=\u00bb10px|||\u00bb custom_padding_tablet=\u00bb50px|0|50px|0&#8243; custom_padding_phone=\u00bb50px|0|50px|0&#8243; transparent_background=\u00bboff\u00bb padding_mobile=\u00bboff\u00bb make_fullwidth=\u00bboff\u00bb use_custom_width=\u00bboff\u00bb width_unit=\u00bbon\u00bb global_colors_info=\u00bb{}\u00bb][et_pb_column type=\u00bb2_3&#8243; specialty_columns=\u00bb2&#8243; _builder_version=\u00bb4.16&#8243; custom_padding=\u00bb|||\u00bb global_colors_info=\u00bb{}\u00bb custom_padding__hover=\u00bb|||\u00bb][et_pb_row_inner padding_mobile=\u00bboff\u00bb column_padding_mobile=\u00bbon\u00bb admin_label=\u00bbFila\u00bb _builder_version=\u00bb4.16&#8243; custom_padding=\u00bb0px|||\u00bb global_colors_info=\u00bb{}\u00bb][et_pb_column_inner saved_specialty_column_type=\u00bb2_3&#8243; _builder_version=\u00bb4.16&#8243; custom_padding=\u00bb|||\u00bb global_colors_info=\u00bb{}\u00bb custom_padding__hover=\u00bb|||\u00bb][et_pb_text admin_label=\u00bbText\u00bb _builder_version=\u00bb4.16&#8243; background_size=\u00bbinitial\u00bb background_position=\u00bbtop_left\u00bb background_repeat=\u00bbrepeat\u00bb global_colors_info=\u00bb{}\u00bb]De nuevo el aceite ubetense \u201cPagos de Toral\u201d\u00a0 acaba de ser galardonado en el concurso m\u00e1s importante del mundo \u201cOLIVINUS\u201d celebrado a finales de Agosto de 2013 en Mendoza (Argentina) consiguiendo el distintivo de \u201cGRAN PRESTIGIO ORO\u201d y \u201cMenci\u00f3n \u2013 Packaging cl\u00e1sico\u201d a nuestro estuche y presentaci\u00f3n del producto.<\/p>\n<p>En este momento, Olivinus 2013 es uno de los concursos m\u00e1s importantes sobre Aceite de Oliva Virgen Extra a nivel mundial. En su octava edici\u00f3n, cuenta con cobertura de medios internacionales, con un \u00fanico proceso de evaluaci\u00f3n de la competencia y con la calidad y experiencia de los magistrados que, sin duda, hace de OLIVINUS una de las competiciones m\u00e1s fiables y probadas en su g\u00e9nero.<\/p>\n<p>En este Concurso Mundial de Aceite de Oliva Virgen Extra,\u00a0 OLIVINUS 2013 han sido premiados los mejores Aceites de Oliva Virgen Extra de entre un total de m\u00e1s de 500 AOVE\u00b4s presentados, correspondientes a Aceite Virgen Extra de empresas de 21 pa\u00edses de todo el mundo.<\/p>\n<p>Un total de 35 expertos estuvieron presentes, con la direcci\u00f3n general de Ing. Qco. Raul Castellani y la Direcci\u00f3n T\u00e9cnica de Dr. Antonio Giuseppe Lauro, de Regia Calabria, Italia.<\/p>\n<p><b>Las medallas de \u201cGran Prestigio\u201d<\/b> se otorgan a aceites Virgen Extra con m\u00e1s de 86 puntos, las de <b>\u201cPrestigio\u201d<\/b> entre 76 a 85 puntos y las medallas de <b>\u201cOro\u201d<\/b> entre 65 y 75 puntos.\u00a0Los premios se repartieron entre aceites de Argentina (86), <b>Espa\u00f1a (42)<\/b>, Uruguay (23), Portugal (15), Chile (14), Italia (13), Usa (7), Grecia (7); Croacia (2), Israel (1) y South \u00c1frica (1).\u00a0El concurso s\u00f3lo premi\u00f3 con la calidad Virgen Extra, al 41,9% de los AOVE\u00b4s presentados, \u00a0lo que muestra la alta exigencia de los mismos.<\/p>\n<p>Unos reconocimientos que vienen a recompensar la labor que realiza tanto con el \u00a0trabajo en el campo como en la elaboraci\u00f3n \u00a0en f\u00e1brica que todo el equipo de Pagos de Toral lleva a cabo a lo largo de todo el a\u00f1o. Nuestros pagos de olivar propios y el control de todo el proceso de producci\u00f3n hacen que se mantenga el m\u00e1ximo nivel de calidad, que tras Terraolivo 2013 y Olivinus 2013 comienza a ser reconocido dentro y fuera de nuestras fronteras. Pagos de Toral se encuentra\u00a0muy satisfecho con los logros obtenidos en la corta trayectoria de tiempo y esperan seguir trabajando en la misma l\u00ednea siempre intentando elaborar el mejor aceite del mundo y obteni\u00e9ndolo de nuestros pagos de familia teniendo en la memoria a D. Jos\u00e9 Toral Fern\u00e1ndez, quien tantos a\u00f1os cultiv\u00f3 estos pagos de olivar y cuya experiencia es la estela que siguen.<\/p>\n<p>\u00a1un cuidado exquisito s\u00f3lo\u00a0puede obtener resultados inmejorables!<\/p>\n<p>\u201cPagos de Toral\u201d<\/p>\n<p><div class=\"tiled-gallery type-rectangular tiled-gallery-unresized\" data-original-width=\"1080\" data-carousel-extra='{&quot;blog_id&quot;:1,&quot;permalink&quot;:&quot;https:\\\/\\\/centrodeolivaryaceite.com\\\/es\\\/nuevo-galardon-para-el-aove-pagos-de-toral-en-olivinus-2013\\\/&quot;,&quot;likes_blog_id&quot;:134317632}' itemscope itemtype=\"http:\/\/schema.org\/ImageGallery\" > <div class=\"gallery-row\" style=\"width: 1080px; height: 681px;\" data-original-width=\"1080\" data-original-height=\"681\" > <div class=\"gallery-group images-1\" style=\"width: 681px; height: 681px;\" data-original-width=\"681\" data-original-height=\"681\" > <div class=\"tiled-gallery-item tiled-gallery-item-large\" itemprop=\"associatedMedia\" itemscope itemtype=\"http:\/\/schema.org\/ImageObject\"> <a href=\"https:\/\/centrodeolivaryaceite.com\/es\/nuevo-galardon-para-el-aove-pagos-de-toral-en-olivinus-2013\/olivinus-2013\/\" border=\"0\" itemprop=\"url\"> <meta itemprop=\"width\" content=\"677\"> <meta itemprop=\"height\" content=\"677\"> <img decoding=\"async\" class=\"\" data-attachment-id=\"2490\" data-orig-file=\"https:\/\/centrodeolivaryaceite.com\/wp-content\/uploads\/2013\/09\/olivinus-2013.jpg\" data-orig-size=\"141,141\" data-comments-opened=\"1\" data-image-meta=\"{&quot;aperture&quot;:&quot;0&quot;,&quot;credit&quot;:&quot;&quot;,&quot;camera&quot;:&quot;&quot;,&quot;caption&quot;:&quot;&quot;,&quot;created_timestamp&quot;:&quot;0&quot;,&quot;copyright&quot;:&quot;&quot;,&quot;focal_length&quot;:&quot;0&quot;,&quot;iso&quot;:&quot;0&quot;,&quot;shutter_speed&quot;:&quot;0&quot;,&quot;title&quot;:&quot;&quot;,&quot;orientation&quot;:&quot;0&quot;}\" data-image-title=\"olivinus 2013\" data-image-description=\"\" data-medium-file=\"https:\/\/i0.wp.com\/centrodeolivaryaceite.com\/wp-content\/uploads\/2013\/09\/olivinus-2013.jpg?fit=141%2C141&#038;ssl=1\" data-large-file=\"https:\/\/i0.wp.com\/centrodeolivaryaceite.com\/wp-content\/uploads\/2013\/09\/olivinus-2013.jpg?fit=141%2C141&#038;ssl=1\" src=\"https:\/\/i0.wp.com\/centrodeolivaryaceite.com\/wp-content\/uploads\/2013\/09\/olivinus-2013.jpg?w=677&#038;h=677&#038;crop=1&#038;ssl=1\" width=\"677\" height=\"677\" loading=\"lazy\" data-original-width=\"677\" data-original-height=\"677\" itemprop=\"http:\/\/schema.org\/image\" title=\"olivinus 2013\" alt=\"Gran Premio\" style=\"width: 677px; height: 677px;\" \/> <\/a> <\/div> <\/div> <!-- close group --> <div class=\"gallery-group images-2\" style=\"width: 399px; height: 681px;\" data-original-width=\"399\" data-original-height=\"681\" > <div class=\"tiled-gallery-item tiled-gallery-item-large\" itemprop=\"associatedMedia\" itemscope itemtype=\"http:\/\/schema.org\/ImageObject\"> <a href=\"https:\/\/centrodeolivaryaceite.com\/es\/nuevo-galardon-para-el-aove-pagos-de-toral-en-olivinus-2013\/gran-prestigio-oro-olivinus-2013-2\/\" border=\"0\" itemprop=\"url\"> <meta itemprop=\"width\" content=\"395\"> <meta itemprop=\"height\" content=\"394\"> <img decoding=\"async\" class=\"\" data-attachment-id=\"2491\" data-orig-file=\"https:\/\/centrodeolivaryaceite.com\/wp-content\/uploads\/2013\/09\/Gran-Prestigio-Oro-Olivinus-20131.jpg\" data-orig-size=\"177,177\" data-comments-opened=\"1\" data-image-meta=\"{&quot;aperture&quot;:&quot;0&quot;,&quot;credit&quot;:&quot;&quot;,&quot;camera&quot;:&quot;&quot;,&quot;caption&quot;:&quot;&quot;,&quot;created_timestamp&quot;:&quot;0&quot;,&quot;copyright&quot;:&quot;&quot;,&quot;focal_length&quot;:&quot;0&quot;,&quot;iso&quot;:&quot;0&quot;,&quot;shutter_speed&quot;:&quot;0&quot;,&quot;title&quot;:&quot;&quot;,&quot;orientation&quot;:&quot;0&quot;}\" data-image-title=\"Gran Prestigio Oro &#8211; Olivinus 2013\" data-image-description=\"\" data-medium-file=\"https:\/\/i0.wp.com\/centrodeolivaryaceite.com\/wp-content\/uploads\/2013\/09\/Gran-Prestigio-Oro-Olivinus-20131.jpg?fit=177%2C177&#038;ssl=1\" data-large-file=\"https:\/\/i0.wp.com\/centrodeolivaryaceite.com\/wp-content\/uploads\/2013\/09\/Gran-Prestigio-Oro-Olivinus-20131.jpg?fit=177%2C177&#038;ssl=1\" src=\"https:\/\/i0.wp.com\/centrodeolivaryaceite.com\/wp-content\/uploads\/2013\/09\/Gran-Prestigio-Oro-Olivinus-20131.jpg?w=395&#038;h=394&#038;ssl=1\" srcset=\"https:\/\/i0.wp.com\/centrodeolivaryaceite.com\/wp-content\/uploads\/2013\/09\/Gran-Prestigio-Oro-Olivinus-20131.jpg?w=177&amp;ssl=1 177w, https:\/\/i0.wp.com\/centrodeolivaryaceite.com\/wp-content\/uploads\/2013\/09\/Gran-Prestigio-Oro-Olivinus-20131.jpg?resize=150%2C150&amp;ssl=1 150w\" width=\"395\" height=\"394\" loading=\"lazy\" data-original-width=\"395\" data-original-height=\"394\" itemprop=\"http:\/\/schema.org\/image\" title=\"Gran Prestigio Oro - Olivinus 2013\" alt=\"Premio OLIVINUS a el AOVE de Pagos de Toral\" style=\"width: 395px; height: 394px;\" \/> <\/a> <\/div> <div class=\"tiled-gallery-item tiled-gallery-item-large\" itemprop=\"associatedMedia\" itemscope itemtype=\"http:\/\/schema.org\/ImageObject\"> <a href=\"https:\/\/centrodeolivaryaceite.com\/es\/nuevo-galardon-para-el-aove-pagos-de-toral-en-olivinus-2013\/mencion-olivinus-2013\/\" border=\"0\" itemprop=\"url\"> <meta itemprop=\"width\" content=\"395\"> <meta itemprop=\"height\" content=\"279\"> <img decoding=\"async\" class=\"\" data-attachment-id=\"2489\" data-orig-file=\"https:\/\/centrodeolivaryaceite.com\/wp-content\/uploads\/2013\/09\/Mencion-Olivinus-2013.jpg\" data-orig-size=\"1024,724\" data-comments-opened=\"1\" data-image-meta=\"{&quot;aperture&quot;:&quot;0&quot;,&quot;credit&quot;:&quot;&quot;,&quot;camera&quot;:&quot;&quot;,&quot;caption&quot;:&quot;&quot;,&quot;created_timestamp&quot;:&quot;0&quot;,&quot;copyright&quot;:&quot;&quot;,&quot;focal_length&quot;:&quot;0&quot;,&quot;iso&quot;:&quot;0&quot;,&quot;shutter_speed&quot;:&quot;0&quot;,&quot;title&quot;:&quot;&quot;,&quot;orientation&quot;:&quot;0&quot;}\" data-image-title=\"Mencion Olivinus 2013\" data-image-description=\"\" data-medium-file=\"https:\/\/i0.wp.com\/centrodeolivaryaceite.com\/wp-content\/uploads\/2013\/09\/Mencion-Olivinus-2013.jpg?fit=300%2C212&#038;ssl=1\" data-large-file=\"https:\/\/i0.wp.com\/centrodeolivaryaceite.com\/wp-content\/uploads\/2013\/09\/Mencion-Olivinus-2013.jpg?fit=1024%2C724&#038;ssl=1\" src=\"https:\/\/i0.wp.com\/centrodeolivaryaceite.com\/wp-content\/uploads\/2013\/09\/Mencion-Olivinus-2013.jpg?w=395&#038;h=279&#038;ssl=1\" srcset=\"https:\/\/i0.wp.com\/centrodeolivaryaceite.com\/wp-content\/uploads\/2013\/09\/Mencion-Olivinus-2013.jpg?w=1024&amp;ssl=1 1024w, https:\/\/i0.wp.com\/centrodeolivaryaceite.com\/wp-content\/uploads\/2013\/09\/Mencion-Olivinus-2013.jpg?resize=300%2C212&amp;ssl=1 300w, https:\/\/i0.wp.com\/centrodeolivaryaceite.com\/wp-content\/uploads\/2013\/09\/Mencion-Olivinus-2013.jpg?resize=768%2C543&amp;ssl=1 768w, https:\/\/i0.wp.com\/centrodeolivaryaceite.com\/wp-content\/uploads\/2013\/09\/Mencion-Olivinus-2013.jpg?resize=400%2C284&amp;ssl=1 400w\" width=\"395\" height=\"279\" loading=\"lazy\" data-original-width=\"395\" data-original-height=\"279\" itemprop=\"http:\/\/schema.org\/image\" title=\"Mencion Olivinus 2013\" alt=\"7\u00ba Concurso Internacional de AOVE\" style=\"width: 395px; height: 279px;\" \/> <\/a> <\/div> <\/div> <!-- close group --> <\/div> <!-- close row --> <div class=\"gallery-row\" style=\"width: 1080px; height: 765px;\" data-original-width=\"1080\" data-original-height=\"765\" > <div class=\"gallery-group images-1\" style=\"width: 1080px; height: 765px;\" data-original-width=\"1080\" data-original-height=\"765\" > <div class=\"tiled-gallery-item tiled-gallery-item-large\" itemprop=\"associatedMedia\" itemscope itemtype=\"http:\/\/schema.org\/ImageObject\"> <a href=\"https:\/\/centrodeolivaryaceite.com\/es\/nuevo-galardon-para-el-aove-pagos-de-toral-en-olivinus-2013\/gran-prestigio-oro-olivinus-2013\/\" border=\"0\" itemprop=\"url\"> <meta itemprop=\"width\" content=\"1076\"> <meta itemprop=\"height\" content=\"761\"> <img decoding=\"async\" class=\"\" data-attachment-id=\"2487\" data-orig-file=\"https:\/\/centrodeolivaryaceite.com\/wp-content\/uploads\/2013\/09\/Gran-Prestigio-Oro-Olivinus-2013.jpg\" data-orig-size=\"1024,724\" data-comments-opened=\"1\" data-image-meta=\"{&quot;aperture&quot;:&quot;0&quot;,&quot;credit&quot;:&quot;&quot;,&quot;camera&quot;:&quot;&quot;,&quot;caption&quot;:&quot;&quot;,&quot;created_timestamp&quot;:&quot;0&quot;,&quot;copyright&quot;:&quot;&quot;,&quot;focal_length&quot;:&quot;0&quot;,&quot;iso&quot;:&quot;0&quot;,&quot;shutter_speed&quot;:&quot;0&quot;,&quot;title&quot;:&quot;&quot;,&quot;orientation&quot;:&quot;0&quot;}\" data-image-title=\"Gran Prestigio Oro Olivinus 2013\" data-image-description=\"\" data-medium-file=\"https:\/\/i0.wp.com\/centrodeolivaryaceite.com\/wp-content\/uploads\/2013\/09\/Gran-Prestigio-Oro-Olivinus-2013.jpg?fit=300%2C212&#038;ssl=1\" data-large-file=\"https:\/\/i0.wp.com\/centrodeolivaryaceite.com\/wp-content\/uploads\/2013\/09\/Gran-Prestigio-Oro-Olivinus-2013.jpg?fit=1024%2C724&#038;ssl=1\" src=\"https:\/\/i0.wp.com\/centrodeolivaryaceite.com\/wp-content\/uploads\/2013\/09\/Gran-Prestigio-Oro-Olivinus-2013.jpg?w=1076&#038;h=761&#038;ssl=1\" srcset=\"https:\/\/i0.wp.com\/centrodeolivaryaceite.com\/wp-content\/uploads\/2013\/09\/Gran-Prestigio-Oro-Olivinus-2013.jpg?w=1024&amp;ssl=1 1024w, https:\/\/i0.wp.com\/centrodeolivaryaceite.com\/wp-content\/uploads\/2013\/09\/Gran-Prestigio-Oro-Olivinus-2013.jpg?resize=300%2C212&amp;ssl=1 300w, https:\/\/i0.wp.com\/centrodeolivaryaceite.com\/wp-content\/uploads\/2013\/09\/Gran-Prestigio-Oro-Olivinus-2013.jpg?resize=768%2C543&amp;ssl=1 768w, https:\/\/i0.wp.com\/centrodeolivaryaceite.com\/wp-content\/uploads\/2013\/09\/Gran-Prestigio-Oro-Olivinus-2013.jpg?resize=400%2C284&amp;ssl=1 400w\" width=\"1076\" height=\"761\" loading=\"lazy\" data-original-width=\"1076\" data-original-height=\"761\" itemprop=\"http:\/\/schema.org\/image\" title=\"Gran Prestigio Oro Olivinus 2013\" alt=\"Premio Gran Prestigio Oro\" style=\"width: 1076px; height: 761px;\" \/> <\/a> <\/div> <\/div> <!-- close group --> <\/div> <!-- close row --> <\/div><br \/>\n[\/et_pb_text][et_pb_comments admin_label=\u00bbComentarios\u00bb _builder_version=\u00bb4.16&#8243; use_border_color=\u00bboff\u00bb border_color=\u00bb#ffffff\u00bb border_style=\u00bbsolid\u00bb button_letter_spacing_hover=\u00bb0&#8243; global_colors_info=\u00bb{}\u00bb button_text_size__hover_enabled=\u00bboff\u00bb button_one_text_size__hover_enabled=\u00bboff\u00bb button_two_text_size__hover_enabled=\u00bboff\u00bb button_text_color__hover_enabled=\u00bboff\u00bb button_one_text_color__hover_enabled=\u00bboff\u00bb button_two_text_color__hover_enabled=\u00bboff\u00bb button_border_width__hover_enabled=\u00bboff\u00bb button_one_border_width__hover_enabled=\u00bboff\u00bb button_two_border_width__hover_enabled=\u00bboff\u00bb button_border_color__hover_enabled=\u00bboff\u00bb button_one_border_color__hover_enabled=\u00bboff\u00bb button_two_border_color__hover_enabled=\u00bboff\u00bb button_border_radius__hover_enabled=\u00bboff\u00bb button_one_border_radius__hover_enabled=\u00bboff\u00bb button_two_border_radius__hover_enabled=\u00bboff\u00bb button_letter_spacing__hover_enabled=\u00bbon\u00bb button_letter_spacing__hover=\u00bb0&#8243; button_one_letter_spacing__hover_enabled=\u00bboff\u00bb button_two_letter_spacing__hover_enabled=\u00bboff\u00bb button_bg_color__hover_enabled=\u00bboff\u00bb button_one_bg_color__hover_enabled=\u00bboff\u00bb button_two_bg_color__hover_enabled=\u00bboff\u00bb] [\/et_pb_comments][\/et_pb_column_inner][\/et_pb_row_inner][\/et_pb_column][et_pb_column type=\u00bb1_3&#8243; _builder_version=\u00bb4.16&#8243; custom_padding=\u00bb|||\u00bb global_colors_info=\u00bb{}\u00bb custom_padding__hover=\u00bb|||\u00bb][et_pb_sidebar orientation=\u00bbright\u00bb area=\u00bbsidebar-1&#8243; admin_label=\u00bbBarra lateral\u00bb _builder_version=\u00bb4.16&#8243; remove_border=\u00bboff\u00bb global_colors_info=\u00bb{}\u00bb] [\/et_pb_sidebar][\/et_pb_column][\/et_pb_section][et_pb_section fb_built=\u00bb1&#8243; custom_padding_last_edited=\u00bbon|desktop\u00bb disabled_on=\u00bbon|on|on\u00bb admin_label=\u00bbSecci\u00f3n\u00bb _builder_version=\u00bb3.0.92&#8243; background_color=\u00bb#dedacf\u00bb custom_padding_tablet=\u00bb50px|0|50px|0&#8243; custom_padding_phone=\u00bb\u00bb transparent_background=\u00bboff\u00bb padding_mobile=\u00bboff\u00bb make_fullwidth=\u00bboff\u00bb use_custom_width=\u00bboff\u00bb width_unit=\u00bbon\u00bb disabled=\u00bbon\u00bb global_module=\u00bb5116&#8243; collapsed=\u00bboff\u00bb global_colors_info=\u00bb{}\u00bb][et_pb_row _builder_version=\u00bb4.16&#8243; global_colors_info=\u00bb{}\u00bb][et_pb_column type=\u00bb4_4&#8243; _builder_version=\u00bb4.16&#8243; custom_padding=\u00bb|||\u00bb global_colors_info=\u00bb{}\u00bb custom_padding__hover=\u00bb|||\u00bb][\/et_pb_column][\/et_pb_row][\/et_pb_section][et_pb_section fb_built=\u00bb1&#8243; custom_padding_last_edited=\u00bbon|desktop\u00bb admin_label=\u00bbSecci\u00f3n\u00bb _builder_version=\u00bb3.22&#8243; background_color=\u00bb#ffffff\u00bb custom_padding=\u00bb10px||0px|\u00bb custom_padding_tablet=\u00bb50px|0|50px|0&#8243; custom_padding_phone=\u00bb\u00bb transparent_background=\u00bboff\u00bb padding_mobile=\u00bboff\u00bb make_fullwidth=\u00bboff\u00bb use_custom_width=\u00bboff\u00bb width_unit=\u00bbon\u00bb global_module=\u00bb5115&#8243; collapsed=\u00bboff\u00bb global_colors_info=\u00bb{}\u00bb][et_pb_row padding_mobile=\u00bboff\u00bb column_padding_mobile=\u00bbon\u00bb _builder_version=\u00bb4.16&#8243; background_size=\u00bbinitial\u00bb background_position=\u00bbtop_left\u00bb background_repeat=\u00bbrepeat\u00bb max_width=\u00bb1080px\u00bb custom_padding=\u00bb0px||0px|\u00bb make_fullwidth=\u00bboff\u00bb use_custom_width=\u00bboff\u00bb width_unit=\u00bbon\u00bb global_colors_info=\u00bb{}\u00bb][\/et_pb_row][\/et_pb_section]<\/p>\n","protected":false},"excerpt":{"rendered":"<p>De nuevo el aceite ubetense \u201cPagos de Toral\u201d\u00a0 acaba de ser galardonado en el concurso m\u00e1s importante del mundo \u201cOLIVINUS\u201d celebrado a finales de Agosto de 2013 en Mendoza (Argentina) consiguiendo el distintivo de \u201cGRAN PRESTIGIO ORO\u201d y \u201cMenci\u00f3n \u2013 Packaging cl\u00e1sico\u201d a nuestro estuche y presentaci\u00f3n del producto. En este momento, Olivinus 2013 es [&hellip;]<\/p>\n","protected":false},"author":1,"featured_media":2487,"comment_status":"open","ping_status":"open","sticky":false,"template":"","format":"standard","meta":{"_et_pb_use_builder":"on","_et_pb_old_content":"<p>De nuevo el aceite ubetense \u201cPagos de Toral\u201d\u00a0 acaba de ser galardonado en el concurso m\u00e1s importante del mundo \u201cOLIVINUS\u201d celebrado a finales de Agosto de 2013 en Mendoza (Argentina) consiguiendo el distintivo de \u201cGRAN PRESTIGIO ORO\u201d y \u201cMenci\u00f3n \u2013 Packaging cl\u00e1sico\u201d a nuestro estuche y presentaci\u00f3n del producto.<\/p><p>En este momento, Olivinus 2013 es uno de los concursos m\u00e1s importantes sobre Aceite de Oliva Virgen Extra a nivel mundial. En su octava edici\u00f3n, cuenta con cobertura de medios internacionales, con un \u00fanico proceso de evaluaci\u00f3n de la competencia y con la calidad y experiencia de los magistrados que, sin duda, hace de OLIVINUS una de las competiciones m\u00e1s fiables y probadas en su g\u00e9nero.<\/p><p>En este Concurso Mundial de Aceite de Oliva Virgen Extra,\u00a0 OLIVINUS 2013 han sido premiados los mejores Aceites de Oliva Virgen Extra de entre un total de m\u00e1s de 500 AOVE\u00b4s presentados, correspondientes a Aceite Virgen Extra de empresas de 21 pa\u00edses de todo el mundo.<\/p><p>Un total de 35 expertos estuvieron presentes, con la direcci\u00f3n general de Ing. Qco. Raul Castellani y la Direcci\u00f3n T\u00e9cnica de Dr. Antonio Giuseppe Lauro, de Regia Calabria, Italia.<\/p><p><b>Las medallas de \u201cGran Prestigio\u201d<\/b> se otorgan a aceites Virgen Extra con m\u00e1s de 86 puntos, las de <b>\u201cPrestigio\u201d<\/b> entre 76 a 85 puntos y las medallas de <b>\u201cOro\u201d<\/b> entre 65 y 75 puntos.\u00a0Los premios se repartieron entre aceites de Argentina (86), <b>Espa\u00f1a (42)<\/b>, Uruguay (23), Portugal (15), Chile (14), Italia (13), Usa (7), Grecia (7); Croacia (2), Israel (1) y South \u00c1frica (1).\u00a0El concurso s\u00f3lo premi\u00f3 con la calidad Virgen Extra, al 41,9% de los AOVE\u00b4s presentados, \u00a0lo que muestra la alta exigencia de los mismos.<\/p><p>Unos reconocimientos que vienen a recompensar la labor que realiza tanto con el \u00a0trabajo en el campo como en la elaboraci\u00f3n \u00a0en f\u00e1brica que todo el equipo de Pagos de Toral lleva a cabo a lo largo de todo el a\u00f1o. Nuestros pagos de olivar propios y el control de todo el proceso de producci\u00f3n hacen que se mantenga el m\u00e1ximo nivel de calidad, que tras Terraolivo 2013 y Olivinus 2013 comienza a ser reconocido dentro y fuera de nuestras fronteras. Pagos de Toral se encuentra\u00a0muy satisfecho con los logros obtenidos en la corta trayectoria de tiempo y esperan seguir trabajando en la misma l\u00ednea siempre intentando elaborar el mejor aceite del mundo y obteni\u00e9ndolo de nuestros pagos de familia teniendo en la memoria a D. Jos\u00e9 Toral Fern\u00e1ndez, quien tantos a\u00f1os cultiv\u00f3 estos pagos de olivar y cuya experiencia es la estela que siguen.<\/p><p>\u00a1un cuidado exquisito s\u00f3lo\u00a0puede obtener resultados inmejorables!<\/p><p>\u201cPagos de Toral\u201d<\/p><p>[gallery ids=\"2490,2491,2489,2487\"]<\/p>","_et_gb_content_width":"","_jetpack_memberships_contains_paid_content":false,"footnotes":""},"categories":[1],"tags":[],"class_list":["post-2483","post","type-post","status-publish","format-standard","has-post-thumbnail","hentry","category-general"],"jetpack_featured_media_url":"https:\/\/i0.wp.com\/centrodeolivaryaceite.com\/wp-content\/uploads\/2013\/09\/Gran-Prestigio-Oro-Olivinus-2013.jpg?fit=1024%2C724&ssl=1","jetpack_sharing_enabled":true,"jetpack_shortlink":"https:\/\/wp.me\/p95A9q-E3","_links":{"self":[{"href":"https:\/\/centrodeolivaryaceite.com\/es\/wp-json\/wp\/v2\/posts\/2483\/"}],"collection":[{"href":"https:\/\/centrodeolivaryaceite.com\/es\/wp-json\/wp\/v2\/posts\/"}],"about":[{"href":"https:\/\/centrodeolivaryaceite.com\/es\/wp-json\/wp\/v2\/types\/post\/"}],"author":[{"embeddable":true,"href":"https:\/\/centrodeolivaryaceite.com\/es\/wp-json\/wp\/v2\/users\/1\/"}],"replies":[{"embeddable":true,"href":"https:\/\/centrodeolivaryaceite.com\/es\/wp-json\/wp\/v2\/comments\/?post=2483"}],"version-history":[{"count":0,"href":"https:\/\/centrodeolivaryaceite.com\/es\/wp-json\/wp\/v2\/posts\/2483\/revisions\/"}],"wp:featuredmedia":[{"embeddable":true,"href":"https:\/\/centrodeolivaryaceite.com\/es\/wp-json\/wp\/v2\/media\/2487\/"}],"wp:attachment":[{"href":"https:\/\/centrodeolivaryaceite.com\/es\/wp-json\/wp\/v2\/media\/?parent=2483"}],"wp:term":[{"taxonomy":"category","embeddable":true,"href":"https:\/\/centrodeolivaryaceite.com\/es\/wp-json\/wp\/v2\/categories\/?post=2483"},{"taxonomy":"post_tag","embeddable":true,"href":"https:\/\/centrodeolivaryaceite.com\/es\/wp-json\/wp\/v2\/tags\/?post=2483"}],"curies":[{"name":"wp","href":"https:\/\/api.w.org\/{rel}","templated":true}]}}