{"id":2554,"date":"2013-10-18T16:34:46","date_gmt":"2013-10-18T16:34:46","guid":{"rendered":"http:\/\/centrodeolivaryaceitelaloma.com\/copiablog\/?p=2554"},"modified":"2022-07-29T10:39:39","modified_gmt":"2022-07-29T10:39:39","slug":"nuevo-curso-de-cocina-arroz-y-aceite-de-oliva-virgen-extra","status":"publish","type":"post","link":"https:\/\/centrodeolivaryaceite.com\/es\/nuevo-curso-de-cocina-arroz-y-aceite-de-oliva-virgen-extra\/","title":{"rendered":"Nuevo Curso de Cocina: Arroz y Aceite de Oliva Virgen Extra"},"content":{"rendered":"<p>[et_pb_section fb_built=\u00bb1&#8243; fullwidth=\u00bbon\u00bb custom_padding_last_edited=\u00bbon|desktop\u00bb admin_label=\u00bbSecci\u00f3n\u00bb _builder_version=\u00bb3.22&#8243; background_color=\u00bb#ffffff\u00bb background_image=\u00bbhttp:\/\/centrodeolivaryaceite.com\/wp-content\/uploads\/2016\/06\/page_header_bg_blue.jpg\u00bb custom_padding_tablet=\u00bb50px|0|50px|0&#8243; transparent_background=\u00bboff\u00bb padding_mobile=\u00bboff\u00bb make_fullwidth=\u00bboff\u00bb use_custom_width=\u00bboff\u00bb width_unit=\u00bbon\u00bb global_module=\u00bb5294&#8243; locked=\u00bboff\u00bb collapsed=\u00bboff\u00bb global_colors_info=\u00bb{}\u00bb custom_padding_phone=\u00bb50px|0|50px|0&#8243;][et_pb_fullwidth_post_title meta=\u00bboff\u00bb featured_image=\u00bboff\u00bb text_color=\u00bblight\u00bb text_background=\u00bbon\u00bb text_bg_color=\u00bbrgba(28,28,28,0.43)\u00bb admin_label=\u00bbT\u00edtulo\u00bb _builder_version=\u00bb4.17.6&#8243; _module_preset=\u00bbdefault\u00bb title_font=\u00bbRoboto Light||||\u00bb title_font_size=\u00bb35px\u00bb title_all_caps=\u00bbon\u00bb background_color=\u00bbrgba(255,255,255,0)\u00bb parallax=\u00bbon\u00bb parallax_method=\u00bboff\u00bb text_orientation=\u00bbcenter\u00bb use_border_color=\u00bboff\u00bb border_color=\u00bb#ffffff\u00bb border_style=\u00bbsolid\u00bb parallax_effect=\u00bbon\u00bb module_bg_color=\u00bbrgba(255,255,255,0)\u00bb global_colors_info=\u00bb{}\u00bb][\/et_pb_fullwidth_post_title][\/et_pb_section][et_pb_section fb_built=\u00bb1&#8243; custom_padding_last_edited=\u00bbon|desktop\u00bb admin_label=\u00bbSecci\u00f3n\u00bb _builder_version=\u00bb4.16&#8243; background_color=\u00bb#ffffff\u00bb custom_padding=\u00bb10px|||\u00bb custom_padding_tablet=\u00bb50px|0|50px|0&#8243; transparent_background=\u00bboff\u00bb padding_mobile=\u00bboff\u00bb make_fullwidth=\u00bboff\u00bb use_custom_width=\u00bboff\u00bb width_unit=\u00bbon\u00bb global_colors_info=\u00bb{}\u00bb custom_padding_phone=\u00bb50px|0|50px|0&#8243;][et_pb_row padding_mobile=\u00bboff\u00bb column_padding_mobile=\u00bbon\u00bb admin_label=\u00bbFila\u00bb _builder_version=\u00bb4.16&#8243; background_size=\u00bbinitial\u00bb background_position=\u00bbtop_left\u00bb background_repeat=\u00bbrepeat\u00bb custom_padding=\u00bb10px|||\u00bb make_fullwidth=\u00bboff\u00bb use_custom_width=\u00bboff\u00bb width_unit=\u00bbon\u00bb global_colors_info=\u00bb{}\u00bb][et_pb_column type=\u00bb4_4&#8243; _builder_version=\u00bb4.16&#8243; custom_padding=\u00bb|||\u00bb global_colors_info=\u00bb{}\u00bb custom_padding__hover=\u00bb|||\u00bb][et_pb_post_title title=\u00bboff\u00bb admin_label=\u00bbT\u00edtulo de publicaci\u00f3n\u00bb _builder_version=\u00bb4.16&#8243; title_all_caps=\u00bboff\u00bb background_color=\u00bbrgba(255,255,255,0)\u00bb parallax=\u00bbon\u00bb parallax_method=\u00bboff\u00bb use_border_color=\u00bboff\u00bb border_color=\u00bb#ffffff\u00bb border_style=\u00bbsolid\u00bb parallax_effect=\u00bbon\u00bb module_bg_color=\u00bbrgba(255,255,255,0)\u00bb global_colors_info=\u00bb{}\u00bb] [\/et_pb_post_title][\/et_pb_column][\/et_pb_row][\/et_pb_section][et_pb_section fb_built=\u00bb1&#8243; specialty=\u00bbon\u00bb custom_padding_last_edited=\u00bbon|desktop\u00bb parallax_method_1=\u00bboff\u00bb parallax_method_2=\u00bboff\u00bb admin_label=\u00bbSecci\u00f3n\u00bb _builder_version=\u00bb4.16&#8243; background_color=\u00bb#ffffff\u00bb custom_padding=\u00bb10px|||\u00bb custom_padding_tablet=\u00bb50px|0|50px|0&#8243; transparent_background=\u00bboff\u00bb padding_mobile=\u00bboff\u00bb make_fullwidth=\u00bboff\u00bb use_custom_width=\u00bboff\u00bb width_unit=\u00bbon\u00bb global_colors_info=\u00bb{}\u00bb custom_padding_phone=\u00bb50px|0|50px|0&#8243;][et_pb_column type=\u00bb2_3&#8243; specialty_columns=\u00bb2&#8243; _builder_version=\u00bb4.16&#8243; custom_padding=\u00bb|||\u00bb global_colors_info=\u00bb{}\u00bb custom_padding__hover=\u00bb|||\u00bb][et_pb_row_inner padding_mobile=\u00bboff\u00bb column_padding_mobile=\u00bbon\u00bb admin_label=\u00bbFila\u00bb _builder_version=\u00bb4.16&#8243; custom_padding=\u00bb0px|||\u00bb global_colors_info=\u00bb{}\u00bb][et_pb_column_inner saved_specialty_column_type=\u00bb2_3&#8243; _builder_version=\u00bb4.16&#8243; custom_padding=\u00bb|||\u00bb global_colors_info=\u00bb{}\u00bb custom_padding__hover=\u00bb|||\u00bb][et_pb_text admin_label=\u00bbText\u00bb _builder_version=\u00bb4.16&#8243; background_size=\u00bbinitial\u00bb background_position=\u00bbtop_left\u00bb background_repeat=\u00bbrepeat\u00bb global_colors_info=\u00bb{}\u00bb]<\/p>\n<p style=\"text-align: center;\">IMPORTANTE: Por motivos ajenos al Centro de Interpretaci\u00f3n Olivar y Aceite se retrasa la celebraci\u00f3n del Curso.<\/p>\n<p>El Centro de Interpretaci\u00f3n Olivar y Aceite organiza y ofrece a trav\u00e9s de su <strong>Aula de Cocina un Curso de Cocina basado en el Aceite de Oliva Virgen Extra<\/strong> y los Arroces y sus diferentes formas de preparaci\u00f3n.\u00a0Aprende a preparar diferentes tipos de arroces con la base de la dieta mediterr\u00e1nea, el AOVE. Y como no, al terminar cada sesi\u00f3n daremos buena cuenta de los platos preparados.\u00a0 Aprende, disfruta y come!!!<\/p>\n<p>Dirigido a cualquier persona, amateur o profesional de la hosteler\u00eda y restauraci\u00f3n, que desee aprender o perfeccionar la elaboraci\u00f3n de platos con base arrocera.\u00a0El Curso se celebrar\u00e1 durante los d\u00edas 30 de Noviembre y 1 de Diciembre en el Aula de Cocina del Centro de Interpretaci\u00f3n Olivar y Aceite, en\u00a0 \u00dabeda (Ja\u00e9n) en sus instalaciones de la Calle Corredera de San Fernando 32.<\/p>\n<p>La programaci\u00f3n del curso ser\u00e1 la siguiente:<\/p>\n<p><span style=\"text-decoration: underline;\">S\u00c1BADO 30 de Noviembre: PAELLA VALENCIANA (POLLO Y CONEJO) Y ARROZ MELOSO DEL SENYORET<\/span><\/p>\n<ul>\n<li>Presentaci\u00f3n e inicio de las jornadas a las 09:00 h de la ma\u00f1ana.<\/li>\n<li>Comienzo del taller pr\u00e1ctico a las 12:00 h.<\/li>\n<li>Degustaci\u00f3n de arroz a las 14:30 h.<\/li>\n<\/ul>\n<p><span style=\"text-decoration: underline;\">DOMINGO 1 de Diciembre: PAELLA DE SETAS, FOIE Y SOLOMILLO DE PATO Y ARROZ MELOSO DE MARISCO EN PARISSIEN (SARTEN PROFUNDA)<\/span><\/p>\n<ul>\n<li>Inicio a las 10:00 h de la ma\u00f1ana.<\/li>\n<li>Comienzo del taller pr\u00e1ctico a las 12:00 h.<\/li>\n<li>Degustaci\u00f3n de arroz a las 14:30 h.<\/li>\n<\/ul>\n<p>El plazo de inscripci\u00f3n finaliza el 8 de Noviembre y hay plazas limitadas.\u00a0 Para cualquier duda o petici\u00f3n de informaci\u00f3n contacte con el tfno. 953755889 y en el mail <a href=\"mailto:info@centrodeolivaryaceitelaloma.com\/copiablog\">info@centrodeolivaryaceitelaloma.com\/copiablog<\/a>.<\/p>\n<p>&nbsp;<br \/>\n[\/et_pb_text][et_pb_comments admin_label=\u00bbComentarios\u00bb _builder_version=\u00bb4.16&#8243; use_border_color=\u00bboff\u00bb border_color=\u00bb#ffffff\u00bb border_style=\u00bbsolid\u00bb button_letter_spacing_hover=\u00bb0&#8243; global_colors_info=\u00bb{}\u00bb button_text_size__hover_enabled=\u00bboff\u00bb button_one_text_size__hover_enabled=\u00bboff\u00bb button_two_text_size__hover_enabled=\u00bboff\u00bb button_text_color__hover_enabled=\u00bboff\u00bb button_one_text_color__hover_enabled=\u00bboff\u00bb button_two_text_color__hover_enabled=\u00bboff\u00bb button_border_width__hover_enabled=\u00bboff\u00bb button_one_border_width__hover_enabled=\u00bboff\u00bb button_two_border_width__hover_enabled=\u00bboff\u00bb button_border_color__hover_enabled=\u00bboff\u00bb button_one_border_color__hover_enabled=\u00bboff\u00bb button_two_border_color__hover_enabled=\u00bboff\u00bb button_border_radius__hover_enabled=\u00bboff\u00bb button_one_border_radius__hover_enabled=\u00bboff\u00bb button_two_border_radius__hover_enabled=\u00bboff\u00bb button_letter_spacing__hover_enabled=\u00bbon\u00bb button_letter_spacing__hover=\u00bb0&#8243; button_one_letter_spacing__hover_enabled=\u00bboff\u00bb button_two_letter_spacing__hover_enabled=\u00bboff\u00bb button_bg_color__hover_enabled=\u00bboff\u00bb button_one_bg_color__hover_enabled=\u00bboff\u00bb button_two_bg_color__hover_enabled=\u00bboff\u00bb] [\/et_pb_comments][\/et_pb_column_inner][\/et_pb_row_inner][\/et_pb_column][et_pb_column type=\u00bb1_3&#8243; _builder_version=\u00bb4.16&#8243; custom_padding=\u00bb|||\u00bb global_colors_info=\u00bb{}\u00bb custom_padding__hover=\u00bb|||\u00bb][et_pb_sidebar orientation=\u00bbright\u00bb area=\u00bbsidebar-1&#8243; admin_label=\u00bbBarra lateral\u00bb _builder_version=\u00bb4.16&#8243; remove_border=\u00bboff\u00bb global_colors_info=\u00bb{}\u00bb] [\/et_pb_sidebar][\/et_pb_column][\/et_pb_section][et_pb_section fb_built=\u00bb1&#8243; custom_padding_last_edited=\u00bbon|desktop\u00bb disabled_on=\u00bbon|on|on\u00bb admin_label=\u00bbSecci\u00f3n\u00bb _builder_version=\u00bb3.0.92&#8243; background_color=\u00bb#dedacf\u00bb custom_padding_tablet=\u00bb50px|0|50px|0&#8243; transparent_background=\u00bboff\u00bb padding_mobile=\u00bboff\u00bb make_fullwidth=\u00bboff\u00bb use_custom_width=\u00bboff\u00bb width_unit=\u00bbon\u00bb disabled=\u00bbon\u00bb global_module=\u00bb5116&#8243; collapsed=\u00bboff\u00bb global_colors_info=\u00bb{}\u00bb custom_padding_phone=\u00bb50px|0|50px|0&#8243;][et_pb_row _builder_version=\u00bb4.16&#8243; global_colors_info=\u00bb{}\u00bb][et_pb_column type=\u00bb4_4&#8243; _builder_version=\u00bb4.16&#8243; custom_padding=\u00bb|||\u00bb global_colors_info=\u00bb{}\u00bb custom_padding__hover=\u00bb|||\u00bb][\/et_pb_column][\/et_pb_row][\/et_pb_section][et_pb_section fb_built=\u00bb1&#8243; custom_padding_last_edited=\u00bbon|desktop\u00bb admin_label=\u00bbSecci\u00f3n\u00bb _builder_version=\u00bb3.22&#8243; background_color=\u00bb#ffffff\u00bb custom_padding=\u00bb10px||0px|\u00bb custom_padding_tablet=\u00bb50px|0|50px|0&#8243; transparent_background=\u00bboff\u00bb padding_mobile=\u00bboff\u00bb make_fullwidth=\u00bboff\u00bb use_custom_width=\u00bboff\u00bb width_unit=\u00bbon\u00bb global_module=\u00bb5115&#8243; collapsed=\u00bboff\u00bb global_colors_info=\u00bb{}\u00bb custom_padding_phone=\u00bb50px|0|50px|0&#8243;][et_pb_row padding_mobile=\u00bboff\u00bb column_padding_mobile=\u00bbon\u00bb _builder_version=\u00bb4.16&#8243; background_size=\u00bbinitial\u00bb background_position=\u00bbtop_left\u00bb background_repeat=\u00bbrepeat\u00bb max_width=\u00bb1080px\u00bb custom_padding=\u00bb0px||0px|\u00bb make_fullwidth=\u00bboff\u00bb use_custom_width=\u00bboff\u00bb width_unit=\u00bbon\u00bb global_colors_info=\u00bb{}\u00bb][\/et_pb_row][\/et_pb_section]<\/p>\n","protected":false},"excerpt":{"rendered":"<p>IMPORTANTE: Por motivos ajenos al Centro de Interpretaci\u00f3n Olivar y Aceite se retrasa la celebraci\u00f3n del Curso. El Centro de Interpretaci\u00f3n Olivar y Aceite organiza y ofrece a trav\u00e9s de su Aula de Cocina un Curso de Cocina basado en el Aceite de Oliva Virgen Extra y los Arroces y sus diferentes formas de preparaci\u00f3n.\u00a0Aprende [&hellip;]<\/p>\n","protected":false},"author":1,"featured_media":2558,"comment_status":"open","ping_status":"open","sticky":false,"template":"","format":"standard","meta":{"_et_pb_use_builder":"on","_et_pb_old_content":"<p style=\"text-align: center;\">IMPORTANTE: Por motivos ajenos al Centro de Interpretaci\u00f3n Olivar y Aceite se retrasa la celebraci\u00f3n del Curso.<\/p><p>El Centro de Interpretaci\u00f3n Olivar y Aceite organiza y ofrece a trav\u00e9s de su <strong>Aula de Cocina un Curso de Cocina basado en el Aceite de Oliva Virgen Extra<\/strong> y los Arroces y sus diferentes formas de preparaci\u00f3n.\u00a0Aprende a preparar diferentes tipos de arroces con la base de la dieta mediterr\u00e1nea, el AOVE. Y como no, al terminar cada sesi\u00f3n daremos buena cuenta de los platos preparados.\u00a0 Aprende, disfruta y come!!!<\/p><p>Dirigido a cualquier persona, amateur o profesional de la hosteler\u00eda y restauraci\u00f3n, que desee aprender o perfeccionar la elaboraci\u00f3n de platos con base arrocera.\u00a0El Curso se celebrar\u00e1 durante los d\u00edas 30 de Noviembre y 1 de Diciembre en el Aula de Cocina del Centro de Interpretaci\u00f3n Olivar y Aceite, en\u00a0 \u00dabeda (Ja\u00e9n) en sus instalaciones de la Calle Corredera de San Fernando 32.<\/p><p>La programaci\u00f3n del curso ser\u00e1 la siguiente:<\/p><p><span style=\"text-decoration: underline;\">S\u00c1BADO 30 de Noviembre: PAELLA VALENCIANA (POLLO Y CONEJO) Y ARROZ MELOSO DEL SENYORET<\/span><\/p><ul><li>Presentaci\u00f3n e inicio de las jornadas a las 09:00 h de la ma\u00f1ana.<\/li><li>Comienzo del taller pr\u00e1ctico a las 12:00 h.<\/li><li>Degustaci\u00f3n de arroz a las 14:30 h.<\/li><\/ul><p><span style=\"text-decoration: underline;\">DOMINGO 1 de Diciembre: PAELLA DE SETAS, FOIE Y SOLOMILLO DE PATO Y ARROZ MELOSO DE MARISCO EN PARISSIEN (SARTEN PROFUNDA)<\/span><\/p><ul><li>Inicio a las 10:00 h de la ma\u00f1ana.<\/li><li>Comienzo del taller pr\u00e1ctico a las 12:00 h.<\/li><li>Degustaci\u00f3n de arroz a las 14:30 h.<\/li><\/ul><p>El plazo de inscripci\u00f3n finaliza el 8 de Noviembre y hay plazas limitadas.\u00a0 Para cualquier duda o petici\u00f3n de informaci\u00f3n contacte con el tfno. 953755889 y en el mail <a href=\"mailto:info@centrodeolivaryaceitelaloma.com\/copiablog\">info@centrodeolivaryaceitelaloma.com\/copiablog<\/a>.<\/p><p>\u00a0<\/p>","_et_gb_content_width":"","_jetpack_memberships_contains_paid_content":false,"footnotes":""},"categories":[1],"tags":[],"class_list":["post-2554","post","type-post","status-publish","format-standard","has-post-thumbnail","hentry","category-general"],"jetpack_featured_media_url":"https:\/\/i0.wp.com\/centrodeolivaryaceite.com\/wp-content\/uploads\/2013\/10\/arroz1.jpg?fit=1024%2C649&ssl=1","jetpack_sharing_enabled":true,"jetpack_shortlink":"https:\/\/wp.me\/p95A9q-Fc","_links":{"self":[{"href":"https:\/\/centrodeolivaryaceite.com\/es\/wp-json\/wp\/v2\/posts\/2554\/"}],"collection":[{"href":"https:\/\/centrodeolivaryaceite.com\/es\/wp-json\/wp\/v2\/posts\/"}],"about":[{"href":"https:\/\/centrodeolivaryaceite.com\/es\/wp-json\/wp\/v2\/types\/post\/"}],"author":[{"embeddable":true,"href":"https:\/\/centrodeolivaryaceite.com\/es\/wp-json\/wp\/v2\/users\/1\/"}],"replies":[{"embeddable":true,"href":"https:\/\/centrodeolivaryaceite.com\/es\/wp-json\/wp\/v2\/comments\/?post=2554"}],"version-history":[{"count":0,"href":"https:\/\/centrodeolivaryaceite.com\/es\/wp-json\/wp\/v2\/posts\/2554\/revisions\/"}],"wp:featuredmedia":[{"embeddable":true,"href":"https:\/\/centrodeolivaryaceite.com\/es\/wp-json\/wp\/v2\/media\/2558\/"}],"wp:attachment":[{"href":"https:\/\/centrodeolivaryaceite.com\/es\/wp-json\/wp\/v2\/media\/?parent=2554"}],"wp:term":[{"taxonomy":"category","embeddable":true,"href":"https:\/\/centrodeolivaryaceite.com\/es\/wp-json\/wp\/v2\/categories\/?post=2554"},{"taxonomy":"post_tag","embeddable":true,"href":"https:\/\/centrodeolivaryaceite.com\/es\/wp-json\/wp\/v2\/tags\/?post=2554"}],"curies":[{"name":"wp","href":"https:\/\/api.w.org\/{rel}","templated":true}]}}