{"id":2603,"date":"2013-11-07T19:29:58","date_gmt":"2013-11-07T19:29:58","guid":{"rendered":"http:\/\/centrodeolivaryaceitelaloma.com\/copiablog\/?p=2603"},"modified":"2022-07-29T10:39:45","modified_gmt":"2022-07-29T10:39:45","slug":"el-centro-de-interpretacion-olivar-y-aceite-nombra-al-disenador-moises-nieto-embajador-del-aceite-de-oliva-virgen-extra","status":"publish","type":"post","link":"https:\/\/centrodeolivaryaceite.com\/es\/el-centro-de-interpretacion-olivar-y-aceite-nombra-al-disenador-moises-nieto-embajador-del-aceite-de-oliva-virgen-extra\/","title":{"rendered":"El Centro de Interpretaci\u00f3n Olivar y Aceite nombra al dise\u00f1ador Mois\u00e9s Nieto \u2018Embajador del Aceite de Oliva Virgen Extra\u2019"},"content":{"rendered":"<p>[et_pb_section fb_built=\u00bb1&#8243; fullwidth=\u00bbon\u00bb custom_padding_last_edited=\u00bbon|desktop\u00bb admin_label=\u00bbSecci\u00f3n\u00bb _builder_version=\u00bb3.22&#8243; background_color=\u00bb#ffffff\u00bb background_image=\u00bbhttp:\/\/centrodeolivaryaceite.com\/wp-content\/uploads\/2016\/06\/page_header_bg_blue.jpg\u00bb custom_padding_tablet=\u00bb50px|0|50px|0&#8243; transparent_background=\u00bboff\u00bb padding_mobile=\u00bboff\u00bb make_fullwidth=\u00bboff\u00bb use_custom_width=\u00bboff\u00bb width_unit=\u00bbon\u00bb global_module=\u00bb5294&#8243; locked=\u00bboff\u00bb collapsed=\u00bboff\u00bb global_colors_info=\u00bb{}\u00bb custom_padding_phone=\u00bb50px|0|50px|0&#8243;][et_pb_fullwidth_post_title meta=\u00bboff\u00bb featured_image=\u00bboff\u00bb text_color=\u00bblight\u00bb text_background=\u00bbon\u00bb text_bg_color=\u00bbrgba(28,28,28,0.43)\u00bb admin_label=\u00bbT\u00edtulo\u00bb _builder_version=\u00bb4.17.6&#8243; _module_preset=\u00bbdefault\u00bb title_font=\u00bbRoboto Light||||\u00bb title_font_size=\u00bb35px\u00bb title_all_caps=\u00bbon\u00bb background_color=\u00bbrgba(255,255,255,0)\u00bb parallax=\u00bbon\u00bb parallax_method=\u00bboff\u00bb text_orientation=\u00bbcenter\u00bb use_border_color=\u00bboff\u00bb border_color=\u00bb#ffffff\u00bb border_style=\u00bbsolid\u00bb parallax_effect=\u00bbon\u00bb module_bg_color=\u00bbrgba(255,255,255,0)\u00bb global_colors_info=\u00bb{}\u00bb][\/et_pb_fullwidth_post_title][\/et_pb_section][et_pb_section fb_built=\u00bb1&#8243; custom_padding_last_edited=\u00bbon|desktop\u00bb admin_label=\u00bbSecci\u00f3n\u00bb _builder_version=\u00bb4.16&#8243; background_color=\u00bb#ffffff\u00bb custom_padding=\u00bb10px|||\u00bb custom_padding_tablet=\u00bb50px|0|50px|0&#8243; transparent_background=\u00bboff\u00bb padding_mobile=\u00bboff\u00bb make_fullwidth=\u00bboff\u00bb use_custom_width=\u00bboff\u00bb width_unit=\u00bbon\u00bb global_colors_info=\u00bb{}\u00bb custom_padding_phone=\u00bb50px|0|50px|0&#8243;][et_pb_row padding_mobile=\u00bboff\u00bb column_padding_mobile=\u00bbon\u00bb admin_label=\u00bbFila\u00bb _builder_version=\u00bb4.16&#8243; background_size=\u00bbinitial\u00bb background_position=\u00bbtop_left\u00bb background_repeat=\u00bbrepeat\u00bb custom_padding=\u00bb10px|||\u00bb make_fullwidth=\u00bboff\u00bb use_custom_width=\u00bboff\u00bb width_unit=\u00bbon\u00bb global_colors_info=\u00bb{}\u00bb][et_pb_column type=\u00bb4_4&#8243; _builder_version=\u00bb4.16&#8243; custom_padding=\u00bb|||\u00bb global_colors_info=\u00bb{}\u00bb custom_padding__hover=\u00bb|||\u00bb][et_pb_post_title title=\u00bboff\u00bb admin_label=\u00bbT\u00edtulo de publicaci\u00f3n\u00bb _builder_version=\u00bb4.16&#8243; title_all_caps=\u00bboff\u00bb background_color=\u00bbrgba(255,255,255,0)\u00bb parallax=\u00bbon\u00bb parallax_method=\u00bboff\u00bb use_border_color=\u00bboff\u00bb border_color=\u00bb#ffffff\u00bb border_style=\u00bbsolid\u00bb parallax_effect=\u00bbon\u00bb module_bg_color=\u00bbrgba(255,255,255,0)\u00bb global_colors_info=\u00bb{}\u00bb] [\/et_pb_post_title][\/et_pb_column][\/et_pb_row][\/et_pb_section][et_pb_section fb_built=\u00bb1&#8243; specialty=\u00bbon\u00bb custom_padding_last_edited=\u00bbon|desktop\u00bb parallax_method_1=\u00bboff\u00bb parallax_method_2=\u00bboff\u00bb admin_label=\u00bbSecci\u00f3n\u00bb _builder_version=\u00bb4.16&#8243; background_color=\u00bb#ffffff\u00bb custom_padding=\u00bb10px|||\u00bb custom_padding_tablet=\u00bb50px|0|50px|0&#8243; transparent_background=\u00bboff\u00bb padding_mobile=\u00bboff\u00bb make_fullwidth=\u00bboff\u00bb use_custom_width=\u00bboff\u00bb width_unit=\u00bbon\u00bb global_colors_info=\u00bb{}\u00bb custom_padding_phone=\u00bb50px|0|50px|0&#8243;][et_pb_column type=\u00bb2_3&#8243; specialty_columns=\u00bb2&#8243; _builder_version=\u00bb4.16&#8243; custom_padding=\u00bb|||\u00bb global_colors_info=\u00bb{}\u00bb custom_padding__hover=\u00bb|||\u00bb][et_pb_row_inner padding_mobile=\u00bboff\u00bb column_padding_mobile=\u00bbon\u00bb admin_label=\u00bbFila\u00bb _builder_version=\u00bb4.16&#8243; custom_padding=\u00bb0px|||\u00bb global_colors_info=\u00bb{}\u00bb][et_pb_column_inner saved_specialty_column_type=\u00bb2_3&#8243; _builder_version=\u00bb4.16&#8243; custom_padding=\u00bb|||\u00bb global_colors_info=\u00bb{}\u00bb custom_padding__hover=\u00bb|||\u00bb][et_pb_text admin_label=\u00bbText\u00bb _builder_version=\u00bb4.16&#8243; background_size=\u00bbinitial\u00bb background_position=\u00bbtop_left\u00bb background_repeat=\u00bbrepeat\u00bb global_colors_info=\u00bb{}\u00bb]<\/p>\n<p style=\"text-align: justify;\" align=\"center\"><span style=\"text-align: left;\">El dise\u00f1ador ubetense Mois\u00e9s Nieto ser\u00e1 el \u2018Embajador del Aceite de Oliva Virgen Extra\u2019 para llevar por todo el mundo la calidad extraordinaria de la producci\u00f3n de la Provincia de Ja\u00e9n. Un reconocimiento al talento del modisto ubetense que triunfa con sus dise\u00f1os en todo el mundo y con el que desde el Centro de Interpretaci\u00f3n \u2018Aceite y Olivar\u2019 de \u00dabeda se pretende \u201c<strong>poner de moda nuestro aceite de oliva<\/strong>\u201d.<\/span><\/p>\n<p style=\"text-align: justify;\">As\u00ed lo ha destacado hoy el concejal de Agricultura y Presidente de la Asociaci\u00f3n Olivar y Aceite, Jos\u00e9 Luis Romera, en la presentaci\u00f3n del acto de entrega de este reconocimiento que se celebrar\u00e1 ma\u00f1ana a las 19.30 horas en las instalaciones del Centro. Una oportunidad para \u201cunir dos sectores que cada vez m\u00e1s van de la mano, como son la moda y el aceite de oliva\u201d, porque, como ha explicado, la comercializaci\u00f3n del producto agr\u00edcola \u201cpasa cada vez m\u00e1s por vestirlo de producto de alt\u00edsima calidad con dise\u00f1o exclusivo\u201d.<\/p>\n<p style=\"text-align: justify;\">Por ello, Romera cree que Mois\u00e9s Nieto, Ganador del Premio L\u00b4oreal 2012, ser\u00e1 un \u201cembajador de lujo para nuestro aceite\u201d por su juventud, por su talento y su proyecci\u00f3n internacional. \u201cUn verdadero privilegio poder contar con su colaboraci\u00f3n y las muchas facilidades que nos ha dado para <strong>formar parte de este proyecto oleotur\u00edstico<\/strong>\u201d. De hecho, la implicaci\u00f3n del dise\u00f1ador con la tradici\u00f3n artesanal de \u00dabeda como la alfarer\u00eda ha quedado en muchas ocasiones patente en sus colecciones.<\/p>\n<p style=\"text-align: justify;\">Desde la Asociaci\u00f3n \u2018Olivar y Aceite\u2019 que gestiona el Centro de Interpretaci\u00f3n se quiere as\u00ed dar un espacio de reconocimiento a \u201clos muchos ubetenses que triunfan en el mundo gracias a su talento, haci\u00e9ndose un hueco en sectores tan complicados como, en el caso de Mois\u00e9s Nieto, la moda\u201d. El propio dise\u00f1ador recibir\u00e1 ma\u00f1ana viernes el nombramiento como \u2018Embajador\u2019 en el Centro.<\/p>\n<p style=\"text-align: justify;\"><b>Mois\u00e9s Nieto, proyecci\u00f3n mundial<\/b><\/p>\n<p style=\"text-align: justify;\">La profesi\u00f3n y obra de Mois\u00e9s Nieto (\u00dabeda, 1984) surgen de una amplia formaci\u00f3n en el terreno art\u00edstico, result\u00f3 que el dise\u00f1o era lo suyo. Dise\u00f1o de mobiliario y gr\u00e1fica publicitaria fueron los inicios en su camino hacia el dise\u00f1o textil. Estudi\u00f3 Indumentaria y Patronaje y finaliz\u00f3 en 2010 su licenciatura de Moda en\u00a0<i>IED <\/i>Madrid.<\/p>\n<p style=\"text-align: justify;\">En 2008, gana el concurso \u2018Una Novia de Impresi\u00f3n\u2019 organizado por Canon Espa\u00f1a y Lorenzo Caprile. En 2009 tiene la oportunidad de poder trabajar mano a mano con Klaver van Engelen en la bienal de moda de Holanda y es finalista de Triumph Internacional Awards.<\/p>\n<p style=\"text-align: justify;\">A la vez es asistente e ilustrador del dise\u00f1ador Antonio Alvarado en sus \u00faltimas tres colecciones y dise\u00f1ador para la firma Bimba y Lola. En 2010, presenta su colecci\u00f3n por primera vez en una pasarela, la andaluza \u2018South 36.32N\u2019, colecci\u00f3n que despierta el inter\u00e9s de la prensa y le abre las puertas para presentarse y ganar el prestigioso concurso dirigido por Franca Sozzani,\u00a0\u2018My own show\u2019, organizado por el Instituto Europeo de Dise\u00f1o.<\/p>\n<p style=\"text-align: justify;\">Ese mismo a\u00f1o presenta colecci\u00f3n por primera vez en\u00a0\u2018El Ego de Cibeles Madrid<i> <\/i>Fashion Week\u2019 \u2018Bautismo O\/I 2012\u2019 y, por otro lado, viaja a Mil\u00e1n para presentar \u2018Raiz\u2019 donde es comisariado por el Grupo Valentino. Actualmente sigue presentando colecci\u00f3n en\u00a0\u2018El Ego de Cibeles\u2019\u00a0y ha desfilado en varias pasarelas nacionales como\u00a0\u2018South.36.32N\u2019, e internacionales como \u2018Pasarela Internacional por la Paz\u2019<i> <\/i>en Mexico\u00a0o\u00a0\u2018Museum Fashion Week\u2019\u00a0en Portugal.<\/p>\n<p style=\"text-align: center;\"><a href=\"https:\/\/i0.wp.com\/centrodeolivaryaceite.com\/wp-content\/uploads\/2013\/11\/PRESENTACION-MOISES-NIETO-INVITACION.jpg\"><img data-recalc-dims=\"1\" loading=\"lazy\" decoding=\"async\" data-attachment-id=\"2605\" data-permalink=\"https:\/\/centrodeolivaryaceite.com\/es\/el-centro-de-interpretacion-olivar-y-aceite-nombra-al-disenador-moises-nieto-embajador-del-aceite-de-oliva-virgen-extra\/presentacion-moises-nieto-invitacion\/\" data-orig-file=\"https:\/\/i0.wp.com\/centrodeolivaryaceite.com\/wp-content\/uploads\/2013\/11\/PRESENTACION-MOISES-NIETO-INVITACION.jpg?fit=1024%2C724&amp;ssl=1\" data-orig-size=\"1024,724\" data-comments-opened=\"1\" data-image-meta=\"{&quot;aperture&quot;:&quot;0&quot;,&quot;credit&quot;:&quot;&quot;,&quot;camera&quot;:&quot;&quot;,&quot;caption&quot;:&quot;&quot;,&quot;created_timestamp&quot;:&quot;0&quot;,&quot;copyright&quot;:&quot;&quot;,&quot;focal_length&quot;:&quot;0&quot;,&quot;iso&quot;:&quot;0&quot;,&quot;shutter_speed&quot;:&quot;0&quot;,&quot;title&quot;:&quot;&quot;,&quot;orientation&quot;:&quot;1&quot;}\" data-image-title=\"PRESENTACION MOISES NIETO-INVITACION\" data-image-description=\"\" data-image-caption=\"\" data-medium-file=\"https:\/\/i0.wp.com\/centrodeolivaryaceite.com\/wp-content\/uploads\/2013\/11\/PRESENTACION-MOISES-NIETO-INVITACION.jpg?fit=300%2C212&amp;ssl=1\" data-large-file=\"https:\/\/i0.wp.com\/centrodeolivaryaceite.com\/wp-content\/uploads\/2013\/11\/PRESENTACION-MOISES-NIETO-INVITACION.jpg?fit=1024%2C724&amp;ssl=1\" class=\"aligncenter wp-image-2605\" src=\"https:\/\/i0.wp.com\/centrodeolivaryaceite.com\/wp-content\/uploads\/2013\/11\/PRESENTACION-MOISES-NIETO-INVITACION.jpg?resize=516%2C365\" alt=\"PRESENTACION MOISES NIETO-INVITACION\" width=\"516\" height=\"365\" srcset=\"https:\/\/i0.wp.com\/centrodeolivaryaceite.com\/wp-content\/uploads\/2013\/11\/PRESENTACION-MOISES-NIETO-INVITACION.jpg?w=1024&amp;ssl=1 1024w, https:\/\/i0.wp.com\/centrodeolivaryaceite.com\/wp-content\/uploads\/2013\/11\/PRESENTACION-MOISES-NIETO-INVITACION.jpg?resize=300%2C212&amp;ssl=1 300w, https:\/\/i0.wp.com\/centrodeolivaryaceite.com\/wp-content\/uploads\/2013\/11\/PRESENTACION-MOISES-NIETO-INVITACION.jpg?resize=768%2C543&amp;ssl=1 768w, https:\/\/i0.wp.com\/centrodeolivaryaceite.com\/wp-content\/uploads\/2013\/11\/PRESENTACION-MOISES-NIETO-INVITACION.jpg?resize=400%2C284&amp;ssl=1 400w\" sizes=\"(max-width: 516px) 100vw, 516px\" \/><\/a><\/p>\n<p>[\/et_pb_text][et_pb_comments admin_label=\u00bbComentarios\u00bb _builder_version=\u00bb4.16&#8243; use_border_color=\u00bboff\u00bb border_color=\u00bb#ffffff\u00bb border_style=\u00bbsolid\u00bb button_letter_spacing_hover=\u00bb0&#8243; global_colors_info=\u00bb{}\u00bb button_text_size__hover_enabled=\u00bboff\u00bb button_one_text_size__hover_enabled=\u00bboff\u00bb button_two_text_size__hover_enabled=\u00bboff\u00bb button_text_color__hover_enabled=\u00bboff\u00bb button_one_text_color__hover_enabled=\u00bboff\u00bb button_two_text_color__hover_enabled=\u00bboff\u00bb button_border_width__hover_enabled=\u00bboff\u00bb button_one_border_width__hover_enabled=\u00bboff\u00bb button_two_border_width__hover_enabled=\u00bboff\u00bb button_border_color__hover_enabled=\u00bboff\u00bb button_one_border_color__hover_enabled=\u00bboff\u00bb button_two_border_color__hover_enabled=\u00bboff\u00bb button_border_radius__hover_enabled=\u00bboff\u00bb button_one_border_radius__hover_enabled=\u00bboff\u00bb button_two_border_radius__hover_enabled=\u00bboff\u00bb button_letter_spacing__hover_enabled=\u00bbon\u00bb button_letter_spacing__hover=\u00bb0&#8243; button_one_letter_spacing__hover_enabled=\u00bboff\u00bb button_two_letter_spacing__hover_enabled=\u00bboff\u00bb button_bg_color__hover_enabled=\u00bboff\u00bb button_one_bg_color__hover_enabled=\u00bboff\u00bb button_two_bg_color__hover_enabled=\u00bboff\u00bb] [\/et_pb_comments][\/et_pb_column_inner][\/et_pb_row_inner][\/et_pb_column][et_pb_column type=\u00bb1_3&#8243; _builder_version=\u00bb4.16&#8243; custom_padding=\u00bb|||\u00bb global_colors_info=\u00bb{}\u00bb custom_padding__hover=\u00bb|||\u00bb][et_pb_sidebar orientation=\u00bbright\u00bb area=\u00bbsidebar-1&#8243; admin_label=\u00bbBarra lateral\u00bb _builder_version=\u00bb4.16&#8243; remove_border=\u00bboff\u00bb global_colors_info=\u00bb{}\u00bb] [\/et_pb_sidebar][\/et_pb_column][\/et_pb_section][et_pb_section fb_built=\u00bb1&#8243; custom_padding_last_edited=\u00bbon|desktop\u00bb disabled_on=\u00bbon|on|on\u00bb admin_label=\u00bbSecci\u00f3n\u00bb _builder_version=\u00bb3.0.92&#8243; background_color=\u00bb#dedacf\u00bb custom_padding_tablet=\u00bb50px|0|50px|0&#8243; transparent_background=\u00bboff\u00bb padding_mobile=\u00bboff\u00bb make_fullwidth=\u00bboff\u00bb use_custom_width=\u00bboff\u00bb width_unit=\u00bbon\u00bb disabled=\u00bbon\u00bb global_module=\u00bb5116&#8243; collapsed=\u00bboff\u00bb global_colors_info=\u00bb{}\u00bb custom_padding_phone=\u00bb50px|0|50px|0&#8243;][et_pb_row _builder_version=\u00bb4.16&#8243; global_colors_info=\u00bb{}\u00bb][et_pb_column type=\u00bb4_4&#8243; _builder_version=\u00bb4.16&#8243; custom_padding=\u00bb|||\u00bb global_colors_info=\u00bb{}\u00bb custom_padding__hover=\u00bb|||\u00bb][\/et_pb_column][\/et_pb_row][\/et_pb_section][et_pb_section fb_built=\u00bb1&#8243; custom_padding_last_edited=\u00bbon|desktop\u00bb admin_label=\u00bbSecci\u00f3n\u00bb _builder_version=\u00bb3.22&#8243; background_color=\u00bb#ffffff\u00bb custom_padding=\u00bb10px||0px|\u00bb custom_padding_tablet=\u00bb50px|0|50px|0&#8243; transparent_background=\u00bboff\u00bb padding_mobile=\u00bboff\u00bb make_fullwidth=\u00bboff\u00bb use_custom_width=\u00bboff\u00bb width_unit=\u00bbon\u00bb global_module=\u00bb5115&#8243; collapsed=\u00bboff\u00bb global_colors_info=\u00bb{}\u00bb custom_padding_phone=\u00bb50px|0|50px|0&#8243;][et_pb_row padding_mobile=\u00bboff\u00bb column_padding_mobile=\u00bbon\u00bb _builder_version=\u00bb4.16&#8243; background_size=\u00bbinitial\u00bb background_position=\u00bbtop_left\u00bb background_repeat=\u00bbrepeat\u00bb max_width=\u00bb1080px\u00bb custom_padding=\u00bb0px||0px|\u00bb make_fullwidth=\u00bboff\u00bb use_custom_width=\u00bboff\u00bb width_unit=\u00bbon\u00bb global_colors_info=\u00bb{}\u00bb][\/et_pb_row][\/et_pb_section]<\/p>\n","protected":false},"excerpt":{"rendered":"<p>El dise\u00f1ador ubetense Mois\u00e9s Nieto ser\u00e1 el \u2018Embajador del Aceite de Oliva Virgen Extra\u2019 para llevar por todo el mundo la calidad extraordinaria de la producci\u00f3n de la Provincia de Ja\u00e9n. Un reconocimiento al talento del modisto ubetense que triunfa con sus dise\u00f1os en todo el mundo y con el que desde el Centro de [&hellip;]<\/p>\n","protected":false},"author":1,"featured_media":2611,"comment_status":"open","ping_status":"open","sticky":false,"template":"","format":"standard","meta":{"_et_pb_use_builder":"on","_et_pb_old_content":"<p style=\"text-align: justify;\" align=\"center\"><span style=\"text-align: left;\">El dise\u00f1ador ubetense Mois\u00e9s Nieto ser\u00e1 el \u2018Embajador del Aceite de Oliva Virgen Extra\u2019 para llevar por todo el mundo la calidad extraordinaria de la producci\u00f3n de la Provincia de Ja\u00e9n. Un reconocimiento al talento del modisto ubetense que triunfa con sus dise\u00f1os en todo el mundo y con el que desde el Centro de Interpretaci\u00f3n \u2018Aceite y Olivar\u2019 de \u00dabeda se pretende \u201c<strong>poner de moda nuestro aceite de oliva<\/strong>\u201d.<\/span><\/p><p style=\"text-align: justify;\">As\u00ed lo ha destacado hoy el concejal de Agricultura y Presidente de la Asociaci\u00f3n Olivar y Aceite, Jos\u00e9 Luis Romera, en la presentaci\u00f3n del acto de entrega de este reconocimiento que se celebrar\u00e1 ma\u00f1ana a las 19.30 horas en las instalaciones del Centro. Una oportunidad para \u201cunir dos sectores que cada vez m\u00e1s van de la mano, como son la moda y el aceite de oliva\u201d, porque, como ha explicado, la comercializaci\u00f3n del producto agr\u00edcola \u201cpasa cada vez m\u00e1s por vestirlo de producto de alt\u00edsima calidad con dise\u00f1o exclusivo\u201d.<\/p><p style=\"text-align: justify;\">Por ello, Romera cree que Mois\u00e9s Nieto, Ganador del Premio L\u00b4oreal 2012, ser\u00e1 un \u201cembajador de lujo para nuestro aceite\u201d por su juventud, por su talento y su proyecci\u00f3n internacional. \u201cUn verdadero privilegio poder contar con su colaboraci\u00f3n y las muchas facilidades que nos ha dado para <strong>formar parte de este proyecto oleotur\u00edstico<\/strong>\u201d. De hecho, la implicaci\u00f3n del dise\u00f1ador con la tradici\u00f3n artesanal de \u00dabeda como la alfarer\u00eda ha quedado en muchas ocasiones patente en sus colecciones.<\/p><p style=\"text-align: justify;\">Desde la Asociaci\u00f3n \u2018Olivar y Aceite\u2019 que gestiona el Centro de Interpretaci\u00f3n se quiere as\u00ed dar un espacio de reconocimiento a \u201clos muchos ubetenses que triunfan en el mundo gracias a su talento, haci\u00e9ndose un hueco en sectores tan complicados como, en el caso de Mois\u00e9s Nieto, la moda\u201d. El propio dise\u00f1ador recibir\u00e1 ma\u00f1ana viernes el nombramiento como \u2018Embajador\u2019 en el Centro.<\/p><p style=\"text-align: justify;\"><b>Mois\u00e9s Nieto, proyecci\u00f3n mundial<\/b><\/p><p style=\"text-align: justify;\">La profesi\u00f3n y obra de Mois\u00e9s Nieto (\u00dabeda, 1984) surgen de una amplia formaci\u00f3n en el terreno art\u00edstico, result\u00f3 que el dise\u00f1o era lo suyo. Dise\u00f1o de mobiliario y gr\u00e1fica publicitaria fueron los inicios en su camino hacia el dise\u00f1o textil. Estudi\u00f3 Indumentaria y Patronaje y finaliz\u00f3 en 2010 su licenciatura de Moda en\u00a0<i>IED <\/i>Madrid.<\/p><p style=\"text-align: justify;\">En 2008, gana el concurso \u2018Una Novia de Impresi\u00f3n\u2019 organizado por Canon Espa\u00f1a y Lorenzo Caprile. En 2009 tiene la oportunidad de poder trabajar mano a mano con Klaver van Engelen en la bienal de moda de Holanda y es finalista de Triumph Internacional Awards.<\/p><p style=\"text-align: justify;\">A la vez es asistente e ilustrador del dise\u00f1ador Antonio Alvarado en sus \u00faltimas tres colecciones y dise\u00f1ador para la firma Bimba y Lola. En 2010, presenta su colecci\u00f3n por primera vez en una pasarela, la andaluza \u2018South 36.32N\u2019, colecci\u00f3n que despierta el inter\u00e9s de la prensa y le abre las puertas para presentarse y ganar el prestigioso concurso dirigido por Franca Sozzani,\u00a0\u2018My own show\u2019, organizado por el Instituto Europeo de Dise\u00f1o.<\/p><p style=\"text-align: justify;\">Ese mismo a\u00f1o presenta colecci\u00f3n por primera vez en\u00a0\u2018El Ego de Cibeles Madrid<i> <\/i>Fashion Week\u2019 \u2018Bautismo O\/I 2012\u2019 y, por otro lado, viaja a Mil\u00e1n para presentar \u2018Raiz\u2019 donde es comisariado por el Grupo Valentino. Actualmente sigue presentando colecci\u00f3n en\u00a0\u2018El Ego de Cibeles\u2019\u00a0y ha desfilado en varias pasarelas nacionales como\u00a0\u2018South.36.32N\u2019, e internacionales como \u2018Pasarela Internacional por la Paz\u2019<i> <\/i>en Mexico\u00a0o\u00a0\u2018Museum Fashion Week\u2019\u00a0en Portugal.<\/p><p style=\"text-align: center;\"><a href=\"http:\/\/centrodeolivaryaceite.com\/wp-content\/uploads\/2013\/11\/PRESENTACION-MOISES-NIETO-INVITACION.jpg\"><img class=\"aligncenter wp-image-2605\" src=\"http:\/\/centrodeolivaryaceite.com\/wp-content\/uploads\/2013\/11\/PRESENTACION-MOISES-NIETO-INVITACION.jpg\" alt=\"PRESENTACION MOISES NIETO-INVITACION\" width=\"516\" height=\"365\" \/><\/a><\/p>","_et_gb_content_width":"","_jetpack_memberships_contains_paid_content":false,"footnotes":""},"categories":[1],"tags":[],"class_list":["post-2603","post","type-post","status-publish","format-standard","has-post-thumbnail","hentry","category-general"],"jetpack_featured_media_url":"https:\/\/i0.wp.com\/centrodeolivaryaceite.com\/wp-content\/uploads\/2013\/11\/moises.jpg?fit=1024%2C457&ssl=1","jetpack_sharing_enabled":true,"jetpack_shortlink":"https:\/\/wp.me\/p95A9q-FZ","_links":{"self":[{"href":"https:\/\/centrodeolivaryaceite.com\/es\/wp-json\/wp\/v2\/posts\/2603\/"}],"collection":[{"href":"https:\/\/centrodeolivaryaceite.com\/es\/wp-json\/wp\/v2\/posts\/"}],"about":[{"href":"https:\/\/centrodeolivaryaceite.com\/es\/wp-json\/wp\/v2\/types\/post\/"}],"author":[{"embeddable":true,"href":"https:\/\/centrodeolivaryaceite.com\/es\/wp-json\/wp\/v2\/users\/1\/"}],"replies":[{"embeddable":true,"href":"https:\/\/centrodeolivaryaceite.com\/es\/wp-json\/wp\/v2\/comments\/?post=2603"}],"version-history":[{"count":0,"href":"https:\/\/centrodeolivaryaceite.com\/es\/wp-json\/wp\/v2\/posts\/2603\/revisions\/"}],"wp:featuredmedia":[{"embeddable":true,"href":"https:\/\/centrodeolivaryaceite.com\/es\/wp-json\/wp\/v2\/media\/2611\/"}],"wp:attachment":[{"href":"https:\/\/centrodeolivaryaceite.com\/es\/wp-json\/wp\/v2\/media\/?parent=2603"}],"wp:term":[{"taxonomy":"category","embeddable":true,"href":"https:\/\/centrodeolivaryaceite.com\/es\/wp-json\/wp\/v2\/categories\/?post=2603"},{"taxonomy":"post_tag","embeddable":true,"href":"https:\/\/centrodeolivaryaceite.com\/es\/wp-json\/wp\/v2\/tags\/?post=2603"}],"curies":[{"name":"wp","href":"https:\/\/api.w.org\/{rel}","templated":true}]}}