{"id":2618,"date":"2013-11-24T13:31:33","date_gmt":"2013-11-24T13:31:33","guid":{"rendered":"http:\/\/centrodeolivaryaceitelaloma.com\/copiablog\/?p=2618"},"modified":"2022-07-29T10:39:56","modified_gmt":"2022-07-29T10:39:56","slug":"el-centro-de-interpretacion-olivar-y-aceite-presenta-los-aoves-de-nueva-campana","status":"publish","type":"post","link":"https:\/\/centrodeolivaryaceite.com\/es\/el-centro-de-interpretacion-olivar-y-aceite-presenta-los-aoves-de-nueva-campana\/","title":{"rendered":"El Centro de Interpretaci\u00f3n Olivar y Aceite presenta los AOVEs de Nueva Campa\u00f1a"},"content":{"rendered":"<p>[et_pb_section fb_built=\u00bb1&#8243; fullwidth=\u00bbon\u00bb custom_padding_last_edited=\u00bbon|desktop\u00bb admin_label=\u00bbSecci\u00f3n\u00bb _builder_version=\u00bb3.22&#8243; background_color=\u00bb#ffffff\u00bb background_image=\u00bbhttp:\/\/centrodeolivaryaceite.com\/wp-content\/uploads\/2016\/06\/page_header_bg_blue.jpg\u00bb custom_padding_tablet=\u00bb50px|0|50px|0&#8243; transparent_background=\u00bboff\u00bb padding_mobile=\u00bboff\u00bb make_fullwidth=\u00bboff\u00bb use_custom_width=\u00bboff\u00bb width_unit=\u00bbon\u00bb global_module=\u00bb5294&#8243; locked=\u00bboff\u00bb collapsed=\u00bboff\u00bb global_colors_info=\u00bb{}\u00bb custom_padding_phone=\u00bb50px|0|50px|0&#8243;][et_pb_fullwidth_post_title meta=\u00bboff\u00bb featured_image=\u00bboff\u00bb text_color=\u00bblight\u00bb text_background=\u00bbon\u00bb text_bg_color=\u00bbrgba(28,28,28,0.43)\u00bb admin_label=\u00bbT\u00edtulo\u00bb _builder_version=\u00bb4.17.6&#8243; _module_preset=\u00bbdefault\u00bb title_font=\u00bbRoboto Light||||\u00bb title_font_size=\u00bb35px\u00bb title_all_caps=\u00bbon\u00bb background_color=\u00bbrgba(255,255,255,0)\u00bb parallax=\u00bbon\u00bb parallax_method=\u00bboff\u00bb text_orientation=\u00bbcenter\u00bb use_border_color=\u00bboff\u00bb border_color=\u00bb#ffffff\u00bb border_style=\u00bbsolid\u00bb parallax_effect=\u00bbon\u00bb module_bg_color=\u00bbrgba(255,255,255,0)\u00bb global_colors_info=\u00bb{}\u00bb][\/et_pb_fullwidth_post_title][\/et_pb_section][et_pb_section fb_built=\u00bb1&#8243; custom_padding_last_edited=\u00bbon|desktop\u00bb admin_label=\u00bbSecci\u00f3n\u00bb _builder_version=\u00bb4.16&#8243; background_color=\u00bb#ffffff\u00bb custom_padding=\u00bb10px|||\u00bb custom_padding_tablet=\u00bb50px|0|50px|0&#8243; transparent_background=\u00bboff\u00bb padding_mobile=\u00bboff\u00bb make_fullwidth=\u00bboff\u00bb use_custom_width=\u00bboff\u00bb width_unit=\u00bbon\u00bb global_colors_info=\u00bb{}\u00bb custom_padding_phone=\u00bb50px|0|50px|0&#8243;][et_pb_row padding_mobile=\u00bboff\u00bb column_padding_mobile=\u00bbon\u00bb admin_label=\u00bbFila\u00bb _builder_version=\u00bb4.16&#8243; background_size=\u00bbinitial\u00bb background_position=\u00bbtop_left\u00bb background_repeat=\u00bbrepeat\u00bb custom_padding=\u00bb10px|||\u00bb make_fullwidth=\u00bboff\u00bb use_custom_width=\u00bboff\u00bb width_unit=\u00bbon\u00bb global_colors_info=\u00bb{}\u00bb][et_pb_column type=\u00bb4_4&#8243; _builder_version=\u00bb4.16&#8243; custom_padding=\u00bb|||\u00bb global_colors_info=\u00bb{}\u00bb custom_padding__hover=\u00bb|||\u00bb][et_pb_post_title title=\u00bboff\u00bb admin_label=\u00bbT\u00edtulo de publicaci\u00f3n\u00bb _builder_version=\u00bb4.16&#8243; title_all_caps=\u00bboff\u00bb background_color=\u00bbrgba(255,255,255,0)\u00bb parallax=\u00bbon\u00bb parallax_method=\u00bboff\u00bb use_border_color=\u00bboff\u00bb border_color=\u00bb#ffffff\u00bb border_style=\u00bbsolid\u00bb parallax_effect=\u00bbon\u00bb module_bg_color=\u00bbrgba(255,255,255,0)\u00bb global_colors_info=\u00bb{}\u00bb] [\/et_pb_post_title][\/et_pb_column][\/et_pb_row][\/et_pb_section][et_pb_section fb_built=\u00bb1&#8243; specialty=\u00bbon\u00bb custom_padding_last_edited=\u00bbon|desktop\u00bb parallax_method_1=\u00bboff\u00bb parallax_method_2=\u00bboff\u00bb admin_label=\u00bbSecci\u00f3n\u00bb _builder_version=\u00bb4.16&#8243; background_color=\u00bb#ffffff\u00bb custom_padding=\u00bb10px|||\u00bb custom_padding_tablet=\u00bb50px|0|50px|0&#8243; transparent_background=\u00bboff\u00bb padding_mobile=\u00bboff\u00bb make_fullwidth=\u00bboff\u00bb use_custom_width=\u00bboff\u00bb width_unit=\u00bbon\u00bb global_colors_info=\u00bb{}\u00bb custom_padding_phone=\u00bb50px|0|50px|0&#8243;][et_pb_column type=\u00bb2_3&#8243; specialty_columns=\u00bb2&#8243; _builder_version=\u00bb4.16&#8243; custom_padding=\u00bb|||\u00bb global_colors_info=\u00bb{}\u00bb custom_padding__hover=\u00bb|||\u00bb][et_pb_row_inner padding_mobile=\u00bboff\u00bb column_padding_mobile=\u00bbon\u00bb admin_label=\u00bbFila\u00bb _builder_version=\u00bb4.16&#8243; custom_padding=\u00bb0px|||\u00bb global_colors_info=\u00bb{}\u00bb][et_pb_column_inner saved_specialty_column_type=\u00bb2_3&#8243; _builder_version=\u00bb4.16&#8243; custom_padding=\u00bb|||\u00bb global_colors_info=\u00bb{}\u00bb custom_padding__hover=\u00bb|||\u00bb][et_pb_text admin_label=\u00bbText\u00bb _builder_version=\u00bb4.16&#8243; background_size=\u00bbinitial\u00bb background_position=\u00bbtop_left\u00bb background_repeat=\u00bbrepeat\u00bb global_colors_info=\u00bb{}\u00bb]El Centro de Interpretaci\u00f3n Olivar y Aceite ha presentado los <strong>Aceites de Oliva Virgen Extra de Recolecci\u00f3n Temprana de la nueva campa\u00f1a<\/strong> 2013-2014 en sus instalaciones. Cinco importantes empresas del sector ole\u00edcola, que forman parte de la Asociaci\u00f3n Olivar y Aceite, presentaron sus aceites verdes de nueva campa\u00f1a, pertenecientes a las marcas: Pradolivo, Cortijo Espiritu Santo, Claramunt , Pagos de Toral y Olivar de Plata.<\/p>\n<p>Los asistentes pudieron saborear diferentes aceites de cosecha temprana, provenientes de aceitunas todav\u00eda verdes, de las variedades picual, arbequina y frantoio, que han sido recogidas del \u00e1rbol entre octubre y principios de noviembre, que son procesadas nada m\u00e1s ser recolectadas, y que dan lugar a aceites j\u00f3venes, intensos, fragantes, muy frutados y con mucho car\u00e1cter. Toda una sinfon\u00eda de sabores y olores, que nos proporcionan los aceites verdes de recolecci\u00f3n temprana: aceites frutados intensos, que recuerdan a fruta verde, a hoja de olivo y a hierba reci\u00e9n cortada; con picor y amargor medio, resultando muy equilibrados y persistentes. La alcachofa, la c\u00e1scara de pl\u00e1tano y la almendra verde, as\u00ed como la tomatera son sus principales aromas.<\/p>\n<p>Cada vez m\u00e1s empresas realizan la pr\u00e1ctica de la recolecci\u00f3n temprana en sus olivares para <strong>obtener los mejores aceites de oliva virgen extra de la campa\u00f1a y vender m\u00e1s AOVE<\/strong>, muchos de los cuales se presentan a los diferentes concursos nacionales e internacionales que se realizan a lo largo del a\u00f1o. El hecho es que este tipo de aceites \u201cverdes\u201d son m\u00e1s apreciados y a la vez m\u00e1s caros ya que son recogidos al inicio de la campa\u00f1a, antes y durante el proceso de envero de la aceituna (cambio de color de la aceituna de verde a morado derivado de la maduraci\u00f3n de la misma) y son necesarios m\u00e1s kilos de fruto para obtener un litro de oro l\u00edquido. Adem\u00e1s requieren un procedimiento de recolecci\u00f3n m\u00e1s dificultoso y caro ya que la aceituna al no estar madura no cae f\u00e1cilmente del \u00e1rbol y si el fruto sufre o cae al suelo, el aceite pierde calidad.<\/p>\n<p>Tras esta Presentaci\u00f3n, ya est\u00e1n disponibles para la venta en la <strong>Tienda de Aceite de Oliva Virgen Extra<\/strong> del Centro de Interpretaci\u00f3n Olivar y Aceite estas joyas l\u00edquidas para degustarlas en tu propia cocina. Acercate a nuestra tienda y hazte con ellos!!<\/p>\n<p><div class=\"tiled-gallery type-rectangular tiled-gallery-unresized\" data-original-width=\"1080\" data-carousel-extra='{&quot;blog_id&quot;:1,&quot;permalink&quot;:&quot;https:\\\/\\\/centrodeolivaryaceite.com\\\/es\\\/el-centro-de-interpretacion-olivar-y-aceite-presenta-los-aoves-de-nueva-campana\\\/&quot;,&quot;likes_blog_id&quot;:134317632}' itemscope itemtype=\"http:\/\/schema.org\/ImageGallery\" > <div class=\"gallery-row\" style=\"width: 1080px; height: 500px;\" data-original-width=\"1080\" data-original-height=\"500\" > <div class=\"gallery-group images-1\" style=\"width: 748px; height: 500px;\" data-original-width=\"748\" data-original-height=\"500\" > <div class=\"tiled-gallery-item tiled-gallery-item-large\" itemprop=\"associatedMedia\" itemscope itemtype=\"http:\/\/schema.org\/ImageObject\"> <a href=\"https:\/\/centrodeolivaryaceite.com\/es\/el-centro-de-interpretacion-olivar-y-aceite-presenta-los-aoves-de-nueva-campana\/1452083_415099861948867_583854545_n\/\" border=\"0\" itemprop=\"url\"> <meta itemprop=\"width\" content=\"744\"> <meta itemprop=\"height\" content=\"496\"> <img decoding=\"async\" class=\"\" data-attachment-id=\"2620\" data-orig-file=\"https:\/\/centrodeolivaryaceite.com\/wp-content\/uploads\/2013\/11\/1452083_415099861948867_583854545_n.jpg\" data-orig-size=\"550,367\" data-comments-opened=\"1\" data-image-meta=\"{&quot;aperture&quot;:&quot;0&quot;,&quot;credit&quot;:&quot;&quot;,&quot;camera&quot;:&quot;&quot;,&quot;caption&quot;:&quot;&quot;,&quot;created_timestamp&quot;:&quot;0&quot;,&quot;copyright&quot;:&quot;&quot;,&quot;focal_length&quot;:&quot;0&quot;,&quot;iso&quot;:&quot;0&quot;,&quot;shutter_speed&quot;:&quot;0&quot;,&quot;title&quot;:&quot;&quot;,&quot;orientation&quot;:&quot;0&quot;}\" data-image-title=\"Presentaci\u00f3n de AOVEs\" data-image-description=\"\" data-medium-file=\"https:\/\/i0.wp.com\/centrodeolivaryaceite.com\/wp-content\/uploads\/2013\/11\/1452083_415099861948867_583854545_n.jpg?fit=300%2C200&#038;ssl=1\" data-large-file=\"https:\/\/i0.wp.com\/centrodeolivaryaceite.com\/wp-content\/uploads\/2013\/11\/1452083_415099861948867_583854545_n.jpg?fit=550%2C367&#038;ssl=1\" src=\"https:\/\/i0.wp.com\/centrodeolivaryaceite.com\/wp-content\/uploads\/2013\/11\/1452083_415099861948867_583854545_n.jpg?w=744&#038;h=496&#038;ssl=1\" srcset=\"https:\/\/i0.wp.com\/centrodeolivaryaceite.com\/wp-content\/uploads\/2013\/11\/1452083_415099861948867_583854545_n.jpg?w=550&amp;ssl=1 550w, https:\/\/i0.wp.com\/centrodeolivaryaceite.com\/wp-content\/uploads\/2013\/11\/1452083_415099861948867_583854545_n.jpg?resize=300%2C200&amp;ssl=1 300w\" width=\"744\" height=\"496\" loading=\"lazy\" data-original-width=\"744\" data-original-height=\"496\" itemprop=\"http:\/\/schema.org\/image\" title=\"Presentaci\u00f3n de AOVEs\" alt=\"Todos reunidos\" style=\"width: 744px; height: 496px;\" \/> <\/a> <\/div> <\/div> <!-- close group --> <div class=\"gallery-group images-2\" style=\"width: 332px; height: 500px;\" data-original-width=\"332\" data-original-height=\"500\" > <div class=\"tiled-gallery-item tiled-gallery-item-large\" itemprop=\"associatedMedia\" itemscope itemtype=\"http:\/\/schema.org\/ImageObject\"> <a href=\"https:\/\/centrodeolivaryaceite.com\/es\/el-centro-de-interpretacion-olivar-y-aceite-presenta-los-aoves-de-nueva-campana\/20131119_124700\/\" border=\"0\" itemprop=\"url\"> <meta itemprop=\"width\" content=\"328\"> <meta itemprop=\"height\" content=\"246\"> <img decoding=\"async\" class=\"\" data-attachment-id=\"2621\" data-orig-file=\"https:\/\/centrodeolivaryaceite.com\/wp-content\/uploads\/2013\/11\/20131119_124700.jpg\" data-orig-size=\"448,336\" data-comments-opened=\"1\" data-image-meta=\"{&quot;aperture&quot;:&quot;2.6&quot;,&quot;credit&quot;:&quot;&quot;,&quot;camera&quot;:&quot;GT-I8190N&quot;,&quot;caption&quot;:&quot;?????????????&quot;,&quot;created_timestamp&quot;:&quot;1384865219&quot;,&quot;copyright&quot;:&quot;&quot;,&quot;focal_length&quot;:&quot;3.54&quot;,&quot;iso&quot;:&quot;100&quot;,&quot;shutter_speed&quot;:&quot;0.083333&quot;,&quot;title&quot;:&quot;&quot;,&quot;orientation&quot;:&quot;1&quot;}\" data-image-title=\"Presentaci\u00f3n de AOVEs\" data-image-description=\"&lt;p&gt;?????????????&lt;\/p&gt; \" data-medium-file=\"https:\/\/i0.wp.com\/centrodeolivaryaceite.com\/wp-content\/uploads\/2013\/11\/20131119_124700.jpg?fit=300%2C225&#038;ssl=1\" data-large-file=\"https:\/\/i0.wp.com\/centrodeolivaryaceite.com\/wp-content\/uploads\/2013\/11\/20131119_124700.jpg?fit=448%2C336&#038;ssl=1\" src=\"https:\/\/i0.wp.com\/centrodeolivaryaceite.com\/wp-content\/uploads\/2013\/11\/20131119_124700.jpg?w=328&#038;h=246&#038;ssl=1\" srcset=\"https:\/\/i0.wp.com\/centrodeolivaryaceite.com\/wp-content\/uploads\/2013\/11\/20131119_124700.jpg?w=448&amp;ssl=1 448w, https:\/\/i0.wp.com\/centrodeolivaryaceite.com\/wp-content\/uploads\/2013\/11\/20131119_124700.jpg?resize=300%2C225&amp;ssl=1 300w\" width=\"328\" height=\"246\" loading=\"lazy\" data-original-width=\"328\" data-original-height=\"246\" itemprop=\"http:\/\/schema.org\/image\" title=\"Presentaci\u00f3n de AOVEs\" alt=\"Nueva campa\u00f1a\" style=\"width: 328px; height: 246px;\" \/> <\/a> <\/div> <div class=\"tiled-gallery-item tiled-gallery-item-large\" itemprop=\"associatedMedia\" itemscope itemtype=\"http:\/\/schema.org\/ImageObject\"> <a href=\"https:\/\/centrodeolivaryaceite.com\/es\/el-centro-de-interpretacion-olivar-y-aceite-presenta-los-aoves-de-nueva-campana\/20131119_124642\/\" border=\"0\" itemprop=\"url\"> <meta itemprop=\"width\" content=\"328\"> <meta itemprop=\"height\" content=\"246\"> <img decoding=\"async\" class=\"\" data-attachment-id=\"2622\" data-orig-file=\"https:\/\/centrodeolivaryaceite.com\/wp-content\/uploads\/2013\/11\/20131119_124642.jpg\" data-orig-size=\"448,336\" data-comments-opened=\"1\" data-image-meta=\"{&quot;aperture&quot;:&quot;2.6&quot;,&quot;credit&quot;:&quot;&quot;,&quot;camera&quot;:&quot;GT-I8190N&quot;,&quot;caption&quot;:&quot;?????????????&quot;,&quot;created_timestamp&quot;:&quot;1384865202&quot;,&quot;copyright&quot;:&quot;&quot;,&quot;focal_length&quot;:&quot;3.54&quot;,&quot;iso&quot;:&quot;100&quot;,&quot;shutter_speed&quot;:&quot;0.083333&quot;,&quot;title&quot;:&quot;&quot;,&quot;orientation&quot;:&quot;1&quot;}\" data-image-title=\"Presentaci\u00f3n de AOVEs\" data-image-description=\"&lt;p&gt;?????????????&lt;\/p&gt; \" data-medium-file=\"https:\/\/i0.wp.com\/centrodeolivaryaceite.com\/wp-content\/uploads\/2013\/11\/20131119_124642.jpg?fit=300%2C225&#038;ssl=1\" data-large-file=\"https:\/\/i0.wp.com\/centrodeolivaryaceite.com\/wp-content\/uploads\/2013\/11\/20131119_124642.jpg?fit=448%2C336&#038;ssl=1\" src=\"https:\/\/i0.wp.com\/centrodeolivaryaceite.com\/wp-content\/uploads\/2013\/11\/20131119_124642.jpg?w=328&#038;h=246&#038;ssl=1\" srcset=\"https:\/\/i0.wp.com\/centrodeolivaryaceite.com\/wp-content\/uploads\/2013\/11\/20131119_124642.jpg?w=448&amp;ssl=1 448w, https:\/\/i0.wp.com\/centrodeolivaryaceite.com\/wp-content\/uploads\/2013\/11\/20131119_124642.jpg?resize=300%2C225&amp;ssl=1 300w\" width=\"328\" height=\"246\" loading=\"lazy\" data-original-width=\"328\" data-original-height=\"246\" itemprop=\"http:\/\/schema.org\/image\" title=\"Presentaci\u00f3n de AOVEs\" alt=\"Presentaci\u00f3n en tienda\" style=\"width: 328px; height: 246px;\" \/> <\/a> <\/div> <\/div> <!-- close group --> <\/div> <!-- close row --> <div class=\"gallery-row\" style=\"width: 1080px; height: 251px;\" data-original-width=\"1080\" data-original-height=\"251\" > <div class=\"gallery-group images-1\" style=\"width: 333px; height: 251px;\" data-original-width=\"333\" data-original-height=\"251\" > <div class=\"tiled-gallery-item tiled-gallery-item-large\" itemprop=\"associatedMedia\" itemscope itemtype=\"http:\/\/schema.org\/ImageObject\"> <a href=\"https:\/\/centrodeolivaryaceite.com\/es\/el-centro-de-interpretacion-olivar-y-aceite-presenta-los-aoves-de-nueva-campana\/20131119_124005\/\" border=\"0\" itemprop=\"url\"> <meta itemprop=\"width\" content=\"329\"> <meta itemprop=\"height\" content=\"247\"> <img decoding=\"async\" class=\"\" data-attachment-id=\"2623\" data-orig-file=\"https:\/\/centrodeolivaryaceite.com\/wp-content\/uploads\/2013\/11\/20131119_124005.jpg\" data-orig-size=\"448,336\" data-comments-opened=\"1\" data-image-meta=\"{&quot;aperture&quot;:&quot;2.6&quot;,&quot;credit&quot;:&quot;&quot;,&quot;camera&quot;:&quot;GT-I8190N&quot;,&quot;caption&quot;:&quot;?????????????&quot;,&quot;created_timestamp&quot;:&quot;1384864804&quot;,&quot;copyright&quot;:&quot;&quot;,&quot;focal_length&quot;:&quot;3.54&quot;,&quot;iso&quot;:&quot;100&quot;,&quot;shutter_speed&quot;:&quot;0.083333&quot;,&quot;title&quot;:&quot;&quot;,&quot;orientation&quot;:&quot;1&quot;}\" data-image-title=\"Presentaci\u00f3n de AOVEs\" data-image-description=\"&lt;p&gt;?????????????&lt;\/p&gt; \" data-medium-file=\"https:\/\/i0.wp.com\/centrodeolivaryaceite.com\/wp-content\/uploads\/2013\/11\/20131119_124005.jpg?fit=300%2C225&#038;ssl=1\" data-large-file=\"https:\/\/i0.wp.com\/centrodeolivaryaceite.com\/wp-content\/uploads\/2013\/11\/20131119_124005.jpg?fit=448%2C336&#038;ssl=1\" src=\"https:\/\/i0.wp.com\/centrodeolivaryaceite.com\/wp-content\/uploads\/2013\/11\/20131119_124005.jpg?w=329&#038;h=247&#038;ssl=1\" srcset=\"https:\/\/i0.wp.com\/centrodeolivaryaceite.com\/wp-content\/uploads\/2013\/11\/20131119_124005.jpg?w=448&amp;ssl=1 448w, https:\/\/i0.wp.com\/centrodeolivaryaceite.com\/wp-content\/uploads\/2013\/11\/20131119_124005.jpg?resize=300%2C225&amp;ssl=1 300w\" width=\"329\" height=\"247\" loading=\"lazy\" data-original-width=\"329\" data-original-height=\"247\" itemprop=\"http:\/\/schema.org\/image\" title=\"Presentaci\u00f3n de AOVEs\" alt=\"Tienda\" style=\"width: 329px; height: 247px;\" \/> <\/a> <\/div> <\/div> <!-- close group --> <div class=\"gallery-group images-1\" style=\"width: 374px; height: 251px;\" data-original-width=\"374\" data-original-height=\"251\" > <div class=\"tiled-gallery-item tiled-gallery-item-large\" itemprop=\"associatedMedia\" itemscope itemtype=\"http:\/\/schema.org\/ImageObject\"> <a href=\"https:\/\/centrodeolivaryaceite.com\/es\/el-centro-de-interpretacion-olivar-y-aceite-presenta-los-aoves-de-nueva-campana\/537335_415099891948864_1850975164_n\/\" border=\"0\" itemprop=\"url\"> <meta itemprop=\"width\" content=\"370\"> <meta itemprop=\"height\" content=\"247\"> <img decoding=\"async\" class=\"\" data-attachment-id=\"2624\" data-orig-file=\"https:\/\/centrodeolivaryaceite.com\/wp-content\/uploads\/2013\/11\/537335_415099891948864_1850975164_n.jpg\" data-orig-size=\"550,367\" data-comments-opened=\"1\" data-image-meta=\"{&quot;aperture&quot;:&quot;0&quot;,&quot;credit&quot;:&quot;&quot;,&quot;camera&quot;:&quot;&quot;,&quot;caption&quot;:&quot;&quot;,&quot;created_timestamp&quot;:&quot;0&quot;,&quot;copyright&quot;:&quot;&quot;,&quot;focal_length&quot;:&quot;0&quot;,&quot;iso&quot;:&quot;0&quot;,&quot;shutter_speed&quot;:&quot;0&quot;,&quot;title&quot;:&quot;&quot;,&quot;orientation&quot;:&quot;0&quot;}\" data-image-title=\"Presentaci\u00f3n de AOVEs\" data-image-description=\"\" data-medium-file=\"https:\/\/i0.wp.com\/centrodeolivaryaceite.com\/wp-content\/uploads\/2013\/11\/537335_415099891948864_1850975164_n.jpg?fit=300%2C200&#038;ssl=1\" data-large-file=\"https:\/\/i0.wp.com\/centrodeolivaryaceite.com\/wp-content\/uploads\/2013\/11\/537335_415099891948864_1850975164_n.jpg?fit=550%2C367&#038;ssl=1\" src=\"https:\/\/i0.wp.com\/centrodeolivaryaceite.com\/wp-content\/uploads\/2013\/11\/537335_415099891948864_1850975164_n.jpg?w=370&#038;h=247&#038;ssl=1\" srcset=\"https:\/\/i0.wp.com\/centrodeolivaryaceite.com\/wp-content\/uploads\/2013\/11\/537335_415099891948864_1850975164_n.jpg?w=550&amp;ssl=1 550w, https:\/\/i0.wp.com\/centrodeolivaryaceite.com\/wp-content\/uploads\/2013\/11\/537335_415099891948864_1850975164_n.jpg?resize=300%2C200&amp;ssl=1 300w\" width=\"370\" height=\"247\" loading=\"lazy\" data-original-width=\"370\" data-original-height=\"247\" itemprop=\"http:\/\/schema.org\/image\" title=\"Presentaci\u00f3n de AOVEs\" alt=\"AOVE 2014\" style=\"width: 370px; height: 247px;\" \/> <\/a> <\/div> <\/div> <!-- close group --> <div class=\"gallery-group images-1\" style=\"width: 373px; height: 251px;\" data-original-width=\"373\" data-original-height=\"251\" > <div class=\"tiled-gallery-item tiled-gallery-item-large\" itemprop=\"associatedMedia\" itemscope itemtype=\"http:\/\/schema.org\/ImageObject\"> <a href=\"https:\/\/centrodeolivaryaceite.com\/es\/el-centro-de-interpretacion-olivar-y-aceite-presenta-los-aoves-de-nueva-campana\/1394388_415099895282197_455685170_n\/\" border=\"0\" itemprop=\"url\"> <meta itemprop=\"width\" content=\"369\"> <meta itemprop=\"height\" content=\"247\"> <img decoding=\"async\" class=\"\" data-attachment-id=\"2625\" data-orig-file=\"https:\/\/centrodeolivaryaceite.com\/wp-content\/uploads\/2013\/11\/1394388_415099895282197_455685170_n.jpg\" data-orig-size=\"550,367\" data-comments-opened=\"1\" data-image-meta=\"{&quot;aperture&quot;:&quot;0&quot;,&quot;credit&quot;:&quot;&quot;,&quot;camera&quot;:&quot;&quot;,&quot;caption&quot;:&quot;&quot;,&quot;created_timestamp&quot;:&quot;0&quot;,&quot;copyright&quot;:&quot;&quot;,&quot;focal_length&quot;:&quot;0&quot;,&quot;iso&quot;:&quot;0&quot;,&quot;shutter_speed&quot;:&quot;0&quot;,&quot;title&quot;:&quot;&quot;,&quot;orientation&quot;:&quot;0&quot;}\" data-image-title=\"Presentaci\u00f3n de AOVEs\" data-image-description=\"\" data-medium-file=\"https:\/\/i0.wp.com\/centrodeolivaryaceite.com\/wp-content\/uploads\/2013\/11\/1394388_415099895282197_455685170_n.jpg?fit=300%2C200&#038;ssl=1\" data-large-file=\"https:\/\/i0.wp.com\/centrodeolivaryaceite.com\/wp-content\/uploads\/2013\/11\/1394388_415099895282197_455685170_n.jpg?fit=550%2C367&#038;ssl=1\" src=\"https:\/\/i0.wp.com\/centrodeolivaryaceite.com\/wp-content\/uploads\/2013\/11\/1394388_415099895282197_455685170_n.jpg?w=369&#038;h=247&#038;ssl=1\" srcset=\"https:\/\/i0.wp.com\/centrodeolivaryaceite.com\/wp-content\/uploads\/2013\/11\/1394388_415099895282197_455685170_n.jpg?w=550&amp;ssl=1 550w, https:\/\/i0.wp.com\/centrodeolivaryaceite.com\/wp-content\/uploads\/2013\/11\/1394388_415099895282197_455685170_n.jpg?resize=300%2C200&amp;ssl=1 300w\" width=\"369\" height=\"247\" loading=\"lazy\" data-original-width=\"369\" data-original-height=\"247\" itemprop=\"http:\/\/schema.org\/image\" title=\"Presentaci\u00f3n de AOVEs\" alt=\"Nuevos AOVE\" style=\"width: 369px; height: 247px;\" \/> <\/a> <\/div> <\/div> <!-- close group --> <\/div> <!-- close row --> <\/div><br \/>\n[\/et_pb_text][et_pb_comments admin_label=\u00bbComentarios\u00bb _builder_version=\u00bb4.16&#8243; use_border_color=\u00bboff\u00bb border_color=\u00bb#ffffff\u00bb border_style=\u00bbsolid\u00bb button_letter_spacing_hover=\u00bb0&#8243; global_colors_info=\u00bb{}\u00bb button_text_size__hover_enabled=\u00bboff\u00bb button_one_text_size__hover_enabled=\u00bboff\u00bb button_two_text_size__hover_enabled=\u00bboff\u00bb button_text_color__hover_enabled=\u00bboff\u00bb button_one_text_color__hover_enabled=\u00bboff\u00bb button_two_text_color__hover_enabled=\u00bboff\u00bb button_border_width__hover_enabled=\u00bboff\u00bb button_one_border_width__hover_enabled=\u00bboff\u00bb button_two_border_width__hover_enabled=\u00bboff\u00bb button_border_color__hover_enabled=\u00bboff\u00bb button_one_border_color__hover_enabled=\u00bboff\u00bb button_two_border_color__hover_enabled=\u00bboff\u00bb button_border_radius__hover_enabled=\u00bboff\u00bb button_one_border_radius__hover_enabled=\u00bboff\u00bb button_two_border_radius__hover_enabled=\u00bboff\u00bb button_letter_spacing__hover_enabled=\u00bbon\u00bb button_letter_spacing__hover=\u00bb0&#8243; button_one_letter_spacing__hover_enabled=\u00bboff\u00bb button_two_letter_spacing__hover_enabled=\u00bboff\u00bb button_bg_color__hover_enabled=\u00bboff\u00bb button_one_bg_color__hover_enabled=\u00bboff\u00bb button_two_bg_color__hover_enabled=\u00bboff\u00bb] [\/et_pb_comments][\/et_pb_column_inner][\/et_pb_row_inner][\/et_pb_column][et_pb_column type=\u00bb1_3&#8243; _builder_version=\u00bb4.16&#8243; custom_padding=\u00bb|||\u00bb global_colors_info=\u00bb{}\u00bb custom_padding__hover=\u00bb|||\u00bb][et_pb_sidebar orientation=\u00bbright\u00bb area=\u00bbsidebar-1&#8243; admin_label=\u00bbBarra lateral\u00bb _builder_version=\u00bb4.16&#8243; remove_border=\u00bboff\u00bb global_colors_info=\u00bb{}\u00bb] [\/et_pb_sidebar][\/et_pb_column][\/et_pb_section][et_pb_section fb_built=\u00bb1&#8243; custom_padding_last_edited=\u00bbon|desktop\u00bb disabled_on=\u00bbon|on|on\u00bb admin_label=\u00bbSecci\u00f3n\u00bb _builder_version=\u00bb3.0.92&#8243; background_color=\u00bb#dedacf\u00bb custom_padding_tablet=\u00bb50px|0|50px|0&#8243; transparent_background=\u00bboff\u00bb padding_mobile=\u00bboff\u00bb make_fullwidth=\u00bboff\u00bb use_custom_width=\u00bboff\u00bb width_unit=\u00bbon\u00bb disabled=\u00bbon\u00bb global_module=\u00bb5116&#8243; collapsed=\u00bboff\u00bb global_colors_info=\u00bb{}\u00bb custom_padding_phone=\u00bb50px|0|50px|0&#8243;][et_pb_row _builder_version=\u00bb4.16&#8243; global_colors_info=\u00bb{}\u00bb][et_pb_column type=\u00bb4_4&#8243; _builder_version=\u00bb4.16&#8243; custom_padding=\u00bb|||\u00bb global_colors_info=\u00bb{}\u00bb custom_padding__hover=\u00bb|||\u00bb][\/et_pb_column][\/et_pb_row][\/et_pb_section][et_pb_section fb_built=\u00bb1&#8243; custom_padding_last_edited=\u00bbon|desktop\u00bb admin_label=\u00bbSecci\u00f3n\u00bb _builder_version=\u00bb3.22&#8243; background_color=\u00bb#ffffff\u00bb custom_padding=\u00bb10px||0px|\u00bb custom_padding_tablet=\u00bb50px|0|50px|0&#8243; transparent_background=\u00bboff\u00bb padding_mobile=\u00bboff\u00bb make_fullwidth=\u00bboff\u00bb use_custom_width=\u00bboff\u00bb width_unit=\u00bbon\u00bb global_module=\u00bb5115&#8243; collapsed=\u00bboff\u00bb global_colors_info=\u00bb{}\u00bb custom_padding_phone=\u00bb50px|0|50px|0&#8243;][et_pb_row padding_mobile=\u00bboff\u00bb column_padding_mobile=\u00bbon\u00bb _builder_version=\u00bb4.16&#8243; background_size=\u00bbinitial\u00bb background_position=\u00bbtop_left\u00bb background_repeat=\u00bbrepeat\u00bb max_width=\u00bb1080px\u00bb custom_padding=\u00bb0px||0px|\u00bb make_fullwidth=\u00bboff\u00bb use_custom_width=\u00bboff\u00bb width_unit=\u00bbon\u00bb global_colors_info=\u00bb{}\u00bb][\/et_pb_row][\/et_pb_section]<\/p>\n","protected":false},"excerpt":{"rendered":"<p>El Centro de Interpretaci\u00f3n Olivar y Aceite ha presentado los Aceites de Oliva Virgen Extra de Recolecci\u00f3n Temprana de la nueva campa\u00f1a 2013-2014 en sus instalaciones. Cinco importantes empresas del sector ole\u00edcola, que forman parte de la Asociaci\u00f3n Olivar y Aceite, presentaron sus aceites verdes de nueva campa\u00f1a, pertenecientes a las marcas: Pradolivo, Cortijo Espiritu [&hellip;]<\/p>\n","protected":false},"author":1,"featured_media":2625,"comment_status":"open","ping_status":"open","sticky":false,"template":"","format":"standard","meta":{"_et_pb_use_builder":"on","_et_pb_old_content":"<p>El Centro de Interpretaci\u00f3n Olivar y Aceite ha presentado los <strong>Aceites de Oliva Virgen Extra de Recolecci\u00f3n Temprana de la nueva campa\u00f1a<\/strong> 2013-2014 en sus instalaciones. Cinco importantes empresas del sector ole\u00edcola, que forman parte de la Asociaci\u00f3n Olivar y Aceite, presentaron sus aceites verdes de nueva campa\u00f1a, pertenecientes a las marcas: Pradolivo, Cortijo Espiritu Santo, Claramunt , Pagos de Toral y Olivar de Plata.<\/p><p>Los asistentes pudieron saborear diferentes aceites de cosecha temprana, provenientes de aceitunas todav\u00eda verdes, de las variedades picual, arbequina y frantoio, que han sido recogidas del \u00e1rbol entre octubre y principios de noviembre, que son procesadas nada m\u00e1s ser recolectadas, y que dan lugar a aceites j\u00f3venes, intensos, fragantes, muy frutados y con mucho car\u00e1cter. Toda una sinfon\u00eda de sabores y olores, que nos proporcionan los aceites verdes de recolecci\u00f3n temprana: aceites frutados intensos, que recuerdan a fruta verde, a hoja de olivo y a hierba reci\u00e9n cortada; con picor y amargor medio, resultando muy equilibrados y persistentes. La alcachofa, la c\u00e1scara de pl\u00e1tano y la almendra verde, as\u00ed como la tomatera son sus principales aromas.<\/p><p>Cada vez m\u00e1s empresas realizan la pr\u00e1ctica de la recolecci\u00f3n temprana en sus olivares para <strong>obtener los mejores aceites de oliva virgen extra de la campa\u00f1a y vender m\u00e1s AOVE<\/strong>, muchos de los cuales se presentan a los diferentes concursos nacionales e internacionales que se realizan a lo largo del a\u00f1o. El hecho es que este tipo de aceites \u201cverdes\u201d son m\u00e1s apreciados y a la vez m\u00e1s caros ya que son recogidos al inicio de la campa\u00f1a, antes y durante el proceso de envero de la aceituna (cambio de color de la aceituna de verde a morado derivado de la maduraci\u00f3n de la misma) y son necesarios m\u00e1s kilos de fruto para obtener un litro de oro l\u00edquido. Adem\u00e1s requieren un procedimiento de recolecci\u00f3n m\u00e1s dificultoso y caro ya que la aceituna al no estar madura no cae f\u00e1cilmente del \u00e1rbol y si el fruto sufre o cae al suelo, el aceite pierde calidad.<\/p><p>Tras esta Presentaci\u00f3n, ya est\u00e1n disponibles para la venta en la <strong>Tienda de Aceite de Oliva Virgen Extra<\/strong> del Centro de Interpretaci\u00f3n Olivar y Aceite estas joyas l\u00edquidas para degustarlas en tu propia cocina. Acercate a nuestra tienda y hazte con ellos!!<\/p><p>[gallery ids=\"2620,2621,2622,2623,2624,2625\"]<\/p>","_et_gb_content_width":"","_jetpack_memberships_contains_paid_content":false,"footnotes":""},"categories":[1],"tags":[],"class_list":["post-2618","post","type-post","status-publish","format-standard","has-post-thumbnail","hentry","category-general"],"jetpack_featured_media_url":"https:\/\/i0.wp.com\/centrodeolivaryaceite.com\/wp-content\/uploads\/2013\/11\/1394388_415099895282197_455685170_n.jpg?fit=550%2C367&ssl=1","jetpack_sharing_enabled":true,"jetpack_shortlink":"https:\/\/wp.me\/p95A9q-Ge","_links":{"self":[{"href":"https:\/\/centrodeolivaryaceite.com\/es\/wp-json\/wp\/v2\/posts\/2618\/"}],"collection":[{"href":"https:\/\/centrodeolivaryaceite.com\/es\/wp-json\/wp\/v2\/posts\/"}],"about":[{"href":"https:\/\/centrodeolivaryaceite.com\/es\/wp-json\/wp\/v2\/types\/post\/"}],"author":[{"embeddable":true,"href":"https:\/\/centrodeolivaryaceite.com\/es\/wp-json\/wp\/v2\/users\/1\/"}],"replies":[{"embeddable":true,"href":"https:\/\/centrodeolivaryaceite.com\/es\/wp-json\/wp\/v2\/comments\/?post=2618"}],"version-history":[{"count":0,"href":"https:\/\/centrodeolivaryaceite.com\/es\/wp-json\/wp\/v2\/posts\/2618\/revisions\/"}],"wp:featuredmedia":[{"embeddable":true,"href":"https:\/\/centrodeolivaryaceite.com\/es\/wp-json\/wp\/v2\/media\/2625\/"}],"wp:attachment":[{"href":"https:\/\/centrodeolivaryaceite.com\/es\/wp-json\/wp\/v2\/media\/?parent=2618"}],"wp:term":[{"taxonomy":"category","embeddable":true,"href":"https:\/\/centrodeolivaryaceite.com\/es\/wp-json\/wp\/v2\/categories\/?post=2618"},{"taxonomy":"post_tag","embeddable":true,"href":"https:\/\/centrodeolivaryaceite.com\/es\/wp-json\/wp\/v2\/tags\/?post=2618"}],"curies":[{"name":"wp","href":"https:\/\/api.w.org\/{rel}","templated":true}]}}