{"id":2632,"date":"2013-11-28T18:45:23","date_gmt":"2013-11-28T18:45:23","guid":{"rendered":"http:\/\/centrodeolivaryaceitelaloma.com\/copiablog\/?p=2632"},"modified":"2022-07-29T10:39:58","modified_gmt":"2022-07-29T10:39:58","slug":"divertidisimo-taller-de-cocina-para-ninos-celebrado-en-nuestro-aula-de-cocina","status":"publish","type":"post","link":"https:\/\/centrodeolivaryaceite.com\/es\/divertidisimo-taller-de-cocina-para-ninos-celebrado-en-nuestro-aula-de-cocina\/","title":{"rendered":"Divertid\u00edsimo Taller de Cocina para Ni\u00f1os celebrado en nuestro Aula de Cocina"},"content":{"rendered":"<p>[et_pb_section fb_built=\u00bb1&#8243; fullwidth=\u00bbon\u00bb custom_padding_last_edited=\u00bbon|desktop\u00bb admin_label=\u00bbSecci\u00f3n\u00bb _builder_version=\u00bb3.22&#8243; background_color=\u00bb#ffffff\u00bb background_image=\u00bbhttp:\/\/centrodeolivaryaceite.com\/wp-content\/uploads\/2016\/06\/page_header_bg_blue.jpg\u00bb custom_padding_tablet=\u00bb50px|0|50px|0&#8243; transparent_background=\u00bboff\u00bb padding_mobile=\u00bboff\u00bb make_fullwidth=\u00bboff\u00bb use_custom_width=\u00bboff\u00bb width_unit=\u00bbon\u00bb global_module=\u00bb5294&#8243; locked=\u00bboff\u00bb collapsed=\u00bboff\u00bb global_colors_info=\u00bb{}\u00bb custom_padding_phone=\u00bb50px|0|50px|0&#8243;][et_pb_fullwidth_post_title meta=\u00bboff\u00bb featured_image=\u00bboff\u00bb text_color=\u00bblight\u00bb text_background=\u00bbon\u00bb text_bg_color=\u00bbrgba(28,28,28,0.43)\u00bb admin_label=\u00bbT\u00edtulo\u00bb _builder_version=\u00bb4.17.6&#8243; _module_preset=\u00bbdefault\u00bb title_font=\u00bbRoboto Light||||\u00bb title_font_size=\u00bb35px\u00bb title_all_caps=\u00bbon\u00bb background_color=\u00bbrgba(255,255,255,0)\u00bb parallax=\u00bbon\u00bb parallax_method=\u00bboff\u00bb text_orientation=\u00bbcenter\u00bb use_border_color=\u00bboff\u00bb border_color=\u00bb#ffffff\u00bb border_style=\u00bbsolid\u00bb parallax_effect=\u00bbon\u00bb module_bg_color=\u00bbrgba(255,255,255,0)\u00bb global_colors_info=\u00bb{}\u00bb][\/et_pb_fullwidth_post_title][\/et_pb_section][et_pb_section fb_built=\u00bb1&#8243; custom_padding_last_edited=\u00bbon|desktop\u00bb admin_label=\u00bbSecci\u00f3n\u00bb _builder_version=\u00bb4.16&#8243; background_color=\u00bb#ffffff\u00bb custom_padding=\u00bb10px|||\u00bb custom_padding_tablet=\u00bb50px|0|50px|0&#8243; transparent_background=\u00bboff\u00bb padding_mobile=\u00bboff\u00bb make_fullwidth=\u00bboff\u00bb use_custom_width=\u00bboff\u00bb width_unit=\u00bbon\u00bb global_colors_info=\u00bb{}\u00bb custom_padding_phone=\u00bb50px|0|50px|0&#8243;][et_pb_row padding_mobile=\u00bboff\u00bb column_padding_mobile=\u00bbon\u00bb admin_label=\u00bbFila\u00bb _builder_version=\u00bb4.16&#8243; background_size=\u00bbinitial\u00bb background_position=\u00bbtop_left\u00bb background_repeat=\u00bbrepeat\u00bb custom_padding=\u00bb10px|||\u00bb make_fullwidth=\u00bboff\u00bb use_custom_width=\u00bboff\u00bb width_unit=\u00bbon\u00bb global_colors_info=\u00bb{}\u00bb][et_pb_column type=\u00bb4_4&#8243; _builder_version=\u00bb4.16&#8243; custom_padding=\u00bb|||\u00bb global_colors_info=\u00bb{}\u00bb custom_padding__hover=\u00bb|||\u00bb][et_pb_post_title title=\u00bboff\u00bb admin_label=\u00bbT\u00edtulo de publicaci\u00f3n\u00bb _builder_version=\u00bb4.16&#8243; title_all_caps=\u00bboff\u00bb background_color=\u00bbrgba(255,255,255,0)\u00bb parallax=\u00bbon\u00bb parallax_method=\u00bboff\u00bb use_border_color=\u00bboff\u00bb border_color=\u00bb#ffffff\u00bb border_style=\u00bbsolid\u00bb parallax_effect=\u00bbon\u00bb module_bg_color=\u00bbrgba(255,255,255,0)\u00bb global_colors_info=\u00bb{}\u00bb] [\/et_pb_post_title][\/et_pb_column][\/et_pb_row][\/et_pb_section][et_pb_section fb_built=\u00bb1&#8243; specialty=\u00bbon\u00bb custom_padding_last_edited=\u00bbon|desktop\u00bb parallax_method_1=\u00bboff\u00bb parallax_method_2=\u00bboff\u00bb admin_label=\u00bbSecci\u00f3n\u00bb _builder_version=\u00bb4.16&#8243; background_color=\u00bb#ffffff\u00bb custom_padding=\u00bb10px|||\u00bb custom_padding_tablet=\u00bb50px|0|50px|0&#8243; transparent_background=\u00bboff\u00bb padding_mobile=\u00bboff\u00bb make_fullwidth=\u00bboff\u00bb use_custom_width=\u00bboff\u00bb width_unit=\u00bbon\u00bb global_colors_info=\u00bb{}\u00bb custom_padding_phone=\u00bb50px|0|50px|0&#8243;][et_pb_column type=\u00bb2_3&#8243; specialty_columns=\u00bb2&#8243; _builder_version=\u00bb4.16&#8243; custom_padding=\u00bb|||\u00bb global_colors_info=\u00bb{}\u00bb custom_padding__hover=\u00bb|||\u00bb][et_pb_row_inner padding_mobile=\u00bboff\u00bb column_padding_mobile=\u00bbon\u00bb admin_label=\u00bbFila\u00bb _builder_version=\u00bb4.16&#8243; custom_padding=\u00bb0px|||\u00bb global_colors_info=\u00bb{}\u00bb][et_pb_column_inner saved_specialty_column_type=\u00bb2_3&#8243; _builder_version=\u00bb4.16&#8243; custom_padding=\u00bb|||\u00bb global_colors_info=\u00bb{}\u00bb custom_padding__hover=\u00bb|||\u00bb][et_pb_text admin_label=\u00bbText\u00bb _builder_version=\u00bb4.16&#8243; background_size=\u00bbinitial\u00bb background_position=\u00bbtop_left\u00bb background_repeat=\u00bbrepeat\u00bb global_colors_info=\u00bb{}\u00bb]El Centro de Interpretaci\u00f3n Olivar y Aceite acogi\u00f3 el s\u00e1bado 23 de noviembre, a 26 ni\u00f1os de edades entre 6 y 9 a\u00f1os, para celebrar un <strong>Taller de Cocina infantil con AOVE<\/strong>.<\/p>\n<p>Los ni\u00f1os han conocido los beneficios de la Dieta Mediterr\u00e1nea y de su pilar fundamental el Aceite de Oliva Virgen Extra, y los diferentes alimentos seg\u00fan su clasificaci\u00f3n y propiedades, a trav\u00e9s de la Pir\u00e1mide de la Dieta Mediterr\u00e1nea.<\/p>\n<p>El objetivo de esta actividad es inculcar h\u00e1bitos alimenticios \u00a0saludables a los ni\u00f1os, para fomentar una alimentaci\u00f3n sana y equilibrada, fundamental para un adecuado crecimiento y desarrollo de los ni\u00f1os,\u00a0 teniendo como protagonista el Aceite de Oliva Virgen Extra.<\/p>\n<p>Los peque\u00f1os chefs han aprendido a elaborar recetas sencillas usando t\u00e9cnicas b\u00e1sicas, y desarrollando sus habilidades, a la vez que les ha resultado un juego divertido. Adem\u00e1s esta actividad les permite estimular su imaginaci\u00f3n, creatividad y habilidades combinando a la vez sabores,\u00a0 formas y colores.\u00a0De esta forma, elaboraron och\u00edos, pan, empanadas, sandwiches, o piruletas que despu\u00e9s probaron y tambi\u00e9n pudieron llevarse a casa.<\/p>\n<p>Desde el Centro de Interpretaci\u00f3n Olivar y Aceite, se contempla como uno de sus objetivos principales <strong>divulgar entre los ni\u00f1os la cultura del aceite de oliva virgen extra<\/strong> y que conozcan la importancia de la ingesta habitual frente a otras grasas, debido a sus propiedades saludables y nutricionales.<\/p>\n<p>Debido al \u00e9xito obtenido, se realizar\u00e1n nuevas sesiones de este Taller de Cocina para Ni\u00f1os y otras actividades gastron\u00f3micas con ni\u00f1os y adultos en nuestro Aula de Cocina de cara a esta pr\u00f3xima Navidad. Os iremos informando. Estad atentos a nuestro Blog, Facebook y Twitter!!!<\/p>\n<p><div class=\"tiled-gallery type-rectangular tiled-gallery-unresized\" data-original-width=\"1080\" data-carousel-extra='{&quot;blog_id&quot;:1,&quot;permalink&quot;:&quot;https:\\\/\\\/centrodeolivaryaceite.com\\\/es\\\/divertidisimo-taller-de-cocina-para-ninos-celebrado-en-nuestro-aula-de-cocina\\\/&quot;,&quot;likes_blog_id&quot;:134317632}' itemscope itemtype=\"http:\/\/schema.org\/ImageGallery\" > <div class=\"gallery-row\" style=\"width: 1080px; height: 317px;\" data-original-width=\"1080\" data-original-height=\"317\" > <div class=\"gallery-group images-1\" style=\"width: 421px; height: 317px;\" data-original-width=\"421\" data-original-height=\"317\" > <div class=\"tiled-gallery-item tiled-gallery-item-large\" itemprop=\"associatedMedia\" itemscope itemtype=\"http:\/\/schema.org\/ImageObject\"> <a href=\"https:\/\/centrodeolivaryaceite.com\/es\/divertidisimo-taller-de-cocina-para-ninos-celebrado-en-nuestro-aula-de-cocina\/2013-11-23-11-34-12\/\" border=\"0\" itemprop=\"url\"> <meta itemprop=\"width\" content=\"417\"> <meta itemprop=\"height\" content=\"313\"> <img decoding=\"async\" class=\"\" data-attachment-id=\"2633\" data-orig-file=\"https:\/\/centrodeolivaryaceite.com\/wp-content\/uploads\/2013\/11\/2013-11-23-11.34.12.jpg\" data-orig-size=\"448,336\" data-comments-opened=\"1\" data-image-meta=\"{&quot;aperture&quot;:&quot;2.6&quot;,&quot;credit&quot;:&quot;&quot;,&quot;camera&quot;:&quot;GT-I9003&quot;,&quot;caption&quot;:&quot;&quot;,&quot;created_timestamp&quot;:&quot;1385206452&quot;,&quot;copyright&quot;:&quot;&quot;,&quot;focal_length&quot;:&quot;3.43&quot;,&quot;iso&quot;:&quot;80&quot;,&quot;shutter_speed&quot;:&quot;0.03030303030303&quot;,&quot;title&quot;:&quot;&quot;,&quot;orientation&quot;:&quot;1&quot;}\" data-image-title=\"Taller de Cocina de Ni\u00f1os\" data-image-description=\"\" data-medium-file=\"https:\/\/i0.wp.com\/centrodeolivaryaceite.com\/wp-content\/uploads\/2013\/11\/2013-11-23-11.34.12.jpg?fit=300%2C225&#038;ssl=1\" data-large-file=\"https:\/\/i0.wp.com\/centrodeolivaryaceite.com\/wp-content\/uploads\/2013\/11\/2013-11-23-11.34.12.jpg?fit=448%2C336&#038;ssl=1\" src=\"https:\/\/i0.wp.com\/centrodeolivaryaceite.com\/wp-content\/uploads\/2013\/11\/2013-11-23-11.34.12.jpg?w=417&#038;h=313&#038;ssl=1\" srcset=\"https:\/\/i0.wp.com\/centrodeolivaryaceite.com\/wp-content\/uploads\/2013\/11\/2013-11-23-11.34.12.jpg?w=448&amp;ssl=1 448w, https:\/\/i0.wp.com\/centrodeolivaryaceite.com\/wp-content\/uploads\/2013\/11\/2013-11-23-11.34.12.jpg?resize=300%2C225&amp;ssl=1 300w\" width=\"417\" height=\"313\" loading=\"lazy\" data-original-width=\"417\" data-original-height=\"313\" itemprop=\"http:\/\/schema.org\/image\" title=\"Taller de Cocina de Ni\u00f1os\" alt=\"Preparados para comenzar el taller\" style=\"width: 417px; height: 313px;\" \/> <\/a> <\/div> <\/div> <!-- close group --> <div class=\"gallery-group images-1\" style=\"width: 421px; height: 317px;\" data-original-width=\"421\" data-original-height=\"317\" > <div class=\"tiled-gallery-item tiled-gallery-item-large\" itemprop=\"associatedMedia\" itemscope itemtype=\"http:\/\/schema.org\/ImageObject\"> <a href=\"https:\/\/centrodeolivaryaceite.com\/es\/divertidisimo-taller-de-cocina-para-ninos-celebrado-en-nuestro-aula-de-cocina\/2013-11-23-11-35-45\/\" border=\"0\" itemprop=\"url\"> <meta itemprop=\"width\" content=\"417\"> <meta itemprop=\"height\" content=\"313\"> <img decoding=\"async\" class=\"\" data-attachment-id=\"2635\" data-orig-file=\"https:\/\/centrodeolivaryaceite.com\/wp-content\/uploads\/2013\/11\/2013-11-23-11.35.45.jpg\" data-orig-size=\"448,336\" data-comments-opened=\"1\" data-image-meta=\"{&quot;aperture&quot;:&quot;2.6&quot;,&quot;credit&quot;:&quot;&quot;,&quot;camera&quot;:&quot;GT-I9003&quot;,&quot;caption&quot;:&quot;&quot;,&quot;created_timestamp&quot;:&quot;1385206545&quot;,&quot;copyright&quot;:&quot;&quot;,&quot;focal_length&quot;:&quot;3.43&quot;,&quot;iso&quot;:&quot;80&quot;,&quot;shutter_speed&quot;:&quot;0.03030303030303&quot;,&quot;title&quot;:&quot;&quot;,&quot;orientation&quot;:&quot;1&quot;}\" data-image-title=\"Taller de Cocina de Ni\u00f1os\" data-image-description=\"\" data-medium-file=\"https:\/\/i0.wp.com\/centrodeolivaryaceite.com\/wp-content\/uploads\/2013\/11\/2013-11-23-11.35.45.jpg?fit=300%2C225&#038;ssl=1\" data-large-file=\"https:\/\/i0.wp.com\/centrodeolivaryaceite.com\/wp-content\/uploads\/2013\/11\/2013-11-23-11.35.45.jpg?fit=448%2C336&#038;ssl=1\" src=\"https:\/\/i0.wp.com\/centrodeolivaryaceite.com\/wp-content\/uploads\/2013\/11\/2013-11-23-11.35.45.jpg?w=417&#038;h=313&#038;ssl=1\" srcset=\"https:\/\/i0.wp.com\/centrodeolivaryaceite.com\/wp-content\/uploads\/2013\/11\/2013-11-23-11.35.45.jpg?w=448&amp;ssl=1 448w, https:\/\/i0.wp.com\/centrodeolivaryaceite.com\/wp-content\/uploads\/2013\/11\/2013-11-23-11.35.45.jpg?resize=300%2C225&amp;ssl=1 300w\" width=\"417\" height=\"313\" loading=\"lazy\" data-original-width=\"417\" data-original-height=\"313\" itemprop=\"http:\/\/schema.org\/image\" title=\"Taller de Cocina de Ni\u00f1os\" alt=\"Piramide alimenticia\" style=\"width: 417px; height: 313px;\" \/> <\/a> <\/div> <\/div> <!-- close group --> <div class=\"gallery-group images-1\" style=\"width: 238px; height: 317px;\" data-original-width=\"238\" data-original-height=\"317\" > <div class=\"tiled-gallery-item tiled-gallery-item-small\" itemprop=\"associatedMedia\" itemscope itemtype=\"http:\/\/schema.org\/ImageObject\"> <a href=\"https:\/\/centrodeolivaryaceite.com\/es\/divertidisimo-taller-de-cocina-para-ninos-celebrado-en-nuestro-aula-de-cocina\/2013-11-23-11-36-13\/\" border=\"0\" itemprop=\"url\"> <meta itemprop=\"width\" content=\"234\"> <meta itemprop=\"height\" content=\"313\"> <img decoding=\"async\" class=\"\" data-attachment-id=\"2636\" data-orig-file=\"https:\/\/centrodeolivaryaceite.com\/wp-content\/uploads\/2013\/11\/2013-11-23-11.36.13.jpg\" data-orig-size=\"336,448\" data-comments-opened=\"1\" data-image-meta=\"{&quot;aperture&quot;:&quot;2.6&quot;,&quot;credit&quot;:&quot;&quot;,&quot;camera&quot;:&quot;GT-I9003&quot;,&quot;caption&quot;:&quot;&quot;,&quot;created_timestamp&quot;:&quot;1385206573&quot;,&quot;copyright&quot;:&quot;&quot;,&quot;focal_length&quot;:&quot;3.43&quot;,&quot;iso&quot;:&quot;80&quot;,&quot;shutter_speed&quot;:&quot;0.03030303030303&quot;,&quot;title&quot;:&quot;&quot;,&quot;orientation&quot;:&quot;1&quot;}\" data-image-title=\"Taller de Cocina de Ni\u00f1os\" data-image-description=\"\" data-medium-file=\"https:\/\/i0.wp.com\/centrodeolivaryaceite.com\/wp-content\/uploads\/2013\/11\/2013-11-23-11.36.13.jpg?fit=225%2C300&#038;ssl=1\" data-large-file=\"https:\/\/i0.wp.com\/centrodeolivaryaceite.com\/wp-content\/uploads\/2013\/11\/2013-11-23-11.36.13.jpg?fit=336%2C448&#038;ssl=1\" src=\"https:\/\/i0.wp.com\/centrodeolivaryaceite.com\/wp-content\/uploads\/2013\/11\/2013-11-23-11.36.13.jpg?w=234&#038;h=313&#038;ssl=1\" srcset=\"https:\/\/i0.wp.com\/centrodeolivaryaceite.com\/wp-content\/uploads\/2013\/11\/2013-11-23-11.36.13.jpg?w=336&amp;ssl=1 336w, https:\/\/i0.wp.com\/centrodeolivaryaceite.com\/wp-content\/uploads\/2013\/11\/2013-11-23-11.36.13.jpg?resize=225%2C300&amp;ssl=1 225w\" width=\"234\" height=\"313\" loading=\"lazy\" data-original-width=\"234\" data-original-height=\"313\" itemprop=\"http:\/\/schema.org\/image\" title=\"Taller de Cocina de Ni\u00f1os\" alt=\"Taller de Cocina de Ni\u00f1os\" style=\"width: 234px; height: 313px;\" \/> <\/a> <\/div> <\/div> <!-- close group --> <\/div> <!-- close row --> <div class=\"gallery-row\" style=\"width: 1080px; height: 520px;\" data-original-width=\"1080\" data-original-height=\"520\" > <div class=\"gallery-group images-1\" style=\"width: 391px; height: 520px;\" data-original-width=\"391\" data-original-height=\"520\" > <div class=\"tiled-gallery-item tiled-gallery-item-large\" itemprop=\"associatedMedia\" itemscope itemtype=\"http:\/\/schema.org\/ImageObject\"> <a href=\"https:\/\/centrodeolivaryaceite.com\/es\/divertidisimo-taller-de-cocina-para-ninos-celebrado-en-nuestro-aula-de-cocina\/2013-11-23-11-33-40\/\" border=\"0\" itemprop=\"url\"> <meta itemprop=\"width\" content=\"387\"> <meta itemprop=\"height\" content=\"516\"> <img decoding=\"async\" class=\"\" data-attachment-id=\"2637\" data-orig-file=\"https:\/\/centrodeolivaryaceite.com\/wp-content\/uploads\/2013\/11\/2013-11-23-11.33.40.jpg\" data-orig-size=\"336,448\" data-comments-opened=\"1\" data-image-meta=\"{&quot;aperture&quot;:&quot;2.6&quot;,&quot;credit&quot;:&quot;&quot;,&quot;camera&quot;:&quot;GT-I9003&quot;,&quot;caption&quot;:&quot;&quot;,&quot;created_timestamp&quot;:&quot;1385206419&quot;,&quot;copyright&quot;:&quot;&quot;,&quot;focal_length&quot;:&quot;3.43&quot;,&quot;iso&quot;:&quot;80&quot;,&quot;shutter_speed&quot;:&quot;0.03030303030303&quot;,&quot;title&quot;:&quot;&quot;,&quot;orientation&quot;:&quot;1&quot;}\" data-image-title=\"Taller de Cocina de Ni\u00f1os\" data-image-description=\"\" data-medium-file=\"https:\/\/i0.wp.com\/centrodeolivaryaceite.com\/wp-content\/uploads\/2013\/11\/2013-11-23-11.33.40.jpg?fit=225%2C300&#038;ssl=1\" data-large-file=\"https:\/\/i0.wp.com\/centrodeolivaryaceite.com\/wp-content\/uploads\/2013\/11\/2013-11-23-11.33.40.jpg?fit=336%2C448&#038;ssl=1\" src=\"https:\/\/i0.wp.com\/centrodeolivaryaceite.com\/wp-content\/uploads\/2013\/11\/2013-11-23-11.33.40.jpg?w=387&#038;h=516&#038;ssl=1\" srcset=\"https:\/\/i0.wp.com\/centrodeolivaryaceite.com\/wp-content\/uploads\/2013\/11\/2013-11-23-11.33.40.jpg?w=336&amp;ssl=1 336w, https:\/\/i0.wp.com\/centrodeolivaryaceite.com\/wp-content\/uploads\/2013\/11\/2013-11-23-11.33.40.jpg?resize=225%2C300&amp;ssl=1 225w\" width=\"387\" height=\"516\" loading=\"lazy\" data-original-width=\"387\" data-original-height=\"516\" itemprop=\"http:\/\/schema.org\/image\" title=\"Taller de Cocina de Ni\u00f1os\" alt=\"Cocina para ni\u00f1os\" style=\"width: 387px; height: 516px;\" \/> <\/a> <\/div> <\/div> <!-- close group --> <div class=\"gallery-group images-1\" style=\"width: 689px; height: 520px;\" data-original-width=\"689\" data-original-height=\"520\" > <div class=\"tiled-gallery-item tiled-gallery-item-large\" itemprop=\"associatedMedia\" itemscope itemtype=\"http:\/\/schema.org\/ImageObject\"> <a href=\"https:\/\/centrodeolivaryaceite.com\/es\/divertidisimo-taller-de-cocina-para-ninos-celebrado-en-nuestro-aula-de-cocina\/1455879_219541281552352_476641955_n-1-2\/\" border=\"0\" itemprop=\"url\"> <meta itemprop=\"width\" content=\"685\"> <meta itemprop=\"height\" content=\"516\"> <img decoding=\"async\" class=\"\" data-attachment-id=\"2644\" data-orig-file=\"https:\/\/centrodeolivaryaceite.com\/wp-content\/uploads\/2013\/11\/1455879_219541281552352_476641955_n-11.jpg\" data-orig-size=\"1020,768\" data-comments-opened=\"1\" data-image-meta=\"{&quot;aperture&quot;:&quot;0&quot;,&quot;credit&quot;:&quot;&quot;,&quot;camera&quot;:&quot;&quot;,&quot;caption&quot;:&quot;&quot;,&quot;created_timestamp&quot;:&quot;0&quot;,&quot;copyright&quot;:&quot;&quot;,&quot;focal_length&quot;:&quot;0&quot;,&quot;iso&quot;:&quot;0&quot;,&quot;shutter_speed&quot;:&quot;0&quot;,&quot;title&quot;:&quot;&quot;,&quot;orientation&quot;:&quot;0&quot;}\" data-image-title=\"Taller de Cocina para ni\u00f1os\" data-image-description=\"\" data-medium-file=\"https:\/\/i0.wp.com\/centrodeolivaryaceite.com\/wp-content\/uploads\/2013\/11\/1455879_219541281552352_476641955_n-11.jpg?fit=300%2C226&#038;ssl=1\" data-large-file=\"https:\/\/i0.wp.com\/centrodeolivaryaceite.com\/wp-content\/uploads\/2013\/11\/1455879_219541281552352_476641955_n-11.jpg?fit=1020%2C768&#038;ssl=1\" src=\"https:\/\/i0.wp.com\/centrodeolivaryaceite.com\/wp-content\/uploads\/2013\/11\/1455879_219541281552352_476641955_n-11.jpg?w=685&#038;h=516&#038;ssl=1\" srcset=\"https:\/\/i0.wp.com\/centrodeolivaryaceite.com\/wp-content\/uploads\/2013\/11\/1455879_219541281552352_476641955_n-11.jpg?w=1020&amp;ssl=1 1020w, https:\/\/i0.wp.com\/centrodeolivaryaceite.com\/wp-content\/uploads\/2013\/11\/1455879_219541281552352_476641955_n-11.jpg?resize=300%2C226&amp;ssl=1 300w, https:\/\/i0.wp.com\/centrodeolivaryaceite.com\/wp-content\/uploads\/2013\/11\/1455879_219541281552352_476641955_n-11.jpg?resize=768%2C578&amp;ssl=1 768w\" width=\"685\" height=\"516\" loading=\"lazy\" data-original-width=\"685\" data-original-height=\"516\" itemprop=\"http:\/\/schema.org\/image\" title=\"Taller de Cocina para ni\u00f1os\" alt=\"Todos juntos\" style=\"width: 685px; height: 516px;\" \/> <\/a> <\/div> <\/div> <!-- close group --> <\/div> <!-- close row --> <\/div><br \/>\n[\/et_pb_text][et_pb_comments admin_label=\u00bbComentarios\u00bb _builder_version=\u00bb4.16&#8243; use_border_color=\u00bboff\u00bb border_color=\u00bb#ffffff\u00bb border_style=\u00bbsolid\u00bb button_letter_spacing_hover=\u00bb0&#8243; global_colors_info=\u00bb{}\u00bb button_text_size__hover_enabled=\u00bboff\u00bb button_one_text_size__hover_enabled=\u00bboff\u00bb button_two_text_size__hover_enabled=\u00bboff\u00bb button_text_color__hover_enabled=\u00bboff\u00bb button_one_text_color__hover_enabled=\u00bboff\u00bb button_two_text_color__hover_enabled=\u00bboff\u00bb button_border_width__hover_enabled=\u00bboff\u00bb button_one_border_width__hover_enabled=\u00bboff\u00bb button_two_border_width__hover_enabled=\u00bboff\u00bb button_border_color__hover_enabled=\u00bboff\u00bb button_one_border_color__hover_enabled=\u00bboff\u00bb button_two_border_color__hover_enabled=\u00bboff\u00bb button_border_radius__hover_enabled=\u00bboff\u00bb button_one_border_radius__hover_enabled=\u00bboff\u00bb button_two_border_radius__hover_enabled=\u00bboff\u00bb button_letter_spacing__hover_enabled=\u00bbon\u00bb button_letter_spacing__hover=\u00bb0&#8243; button_one_letter_spacing__hover_enabled=\u00bboff\u00bb button_two_letter_spacing__hover_enabled=\u00bboff\u00bb button_bg_color__hover_enabled=\u00bboff\u00bb button_one_bg_color__hover_enabled=\u00bboff\u00bb button_two_bg_color__hover_enabled=\u00bboff\u00bb] [\/et_pb_comments][\/et_pb_column_inner][\/et_pb_row_inner][\/et_pb_column][et_pb_column type=\u00bb1_3&#8243; _builder_version=\u00bb4.16&#8243; custom_padding=\u00bb|||\u00bb global_colors_info=\u00bb{}\u00bb custom_padding__hover=\u00bb|||\u00bb][et_pb_sidebar orientation=\u00bbright\u00bb area=\u00bbsidebar-1&#8243; admin_label=\u00bbBarra lateral\u00bb _builder_version=\u00bb4.16&#8243; remove_border=\u00bboff\u00bb global_colors_info=\u00bb{}\u00bb] [\/et_pb_sidebar][\/et_pb_column][\/et_pb_section][et_pb_section fb_built=\u00bb1&#8243; custom_padding_last_edited=\u00bbon|desktop\u00bb disabled_on=\u00bbon|on|on\u00bb admin_label=\u00bbSecci\u00f3n\u00bb _builder_version=\u00bb3.0.92&#8243; background_color=\u00bb#dedacf\u00bb custom_padding_tablet=\u00bb50px|0|50px|0&#8243; transparent_background=\u00bboff\u00bb padding_mobile=\u00bboff\u00bb make_fullwidth=\u00bboff\u00bb use_custom_width=\u00bboff\u00bb width_unit=\u00bbon\u00bb disabled=\u00bbon\u00bb global_module=\u00bb5116&#8243; collapsed=\u00bboff\u00bb global_colors_info=\u00bb{}\u00bb custom_padding_phone=\u00bb50px|0|50px|0&#8243;][et_pb_row _builder_version=\u00bb4.16&#8243; global_colors_info=\u00bb{}\u00bb][et_pb_column type=\u00bb4_4&#8243; _builder_version=\u00bb4.16&#8243; custom_padding=\u00bb|||\u00bb global_colors_info=\u00bb{}\u00bb custom_padding__hover=\u00bb|||\u00bb][\/et_pb_column][\/et_pb_row][\/et_pb_section][et_pb_section fb_built=\u00bb1&#8243; custom_padding_last_edited=\u00bbon|desktop\u00bb admin_label=\u00bbSecci\u00f3n\u00bb _builder_version=\u00bb3.22&#8243; background_color=\u00bb#ffffff\u00bb custom_padding=\u00bb10px||0px|\u00bb custom_padding_tablet=\u00bb50px|0|50px|0&#8243; transparent_background=\u00bboff\u00bb padding_mobile=\u00bboff\u00bb make_fullwidth=\u00bboff\u00bb use_custom_width=\u00bboff\u00bb width_unit=\u00bbon\u00bb global_module=\u00bb5115&#8243; collapsed=\u00bboff\u00bb global_colors_info=\u00bb{}\u00bb custom_padding_phone=\u00bb50px|0|50px|0&#8243;][et_pb_row padding_mobile=\u00bboff\u00bb column_padding_mobile=\u00bbon\u00bb _builder_version=\u00bb4.16&#8243; background_size=\u00bbinitial\u00bb background_position=\u00bbtop_left\u00bb background_repeat=\u00bbrepeat\u00bb max_width=\u00bb1080px\u00bb custom_padding=\u00bb0px||0px|\u00bb make_fullwidth=\u00bboff\u00bb use_custom_width=\u00bboff\u00bb width_unit=\u00bbon\u00bb global_colors_info=\u00bb{}\u00bb][\/et_pb_row][\/et_pb_section]<\/p>\n","protected":false},"excerpt":{"rendered":"<p>El Centro de Interpretaci\u00f3n Olivar y Aceite acogi\u00f3 el s\u00e1bado 23 de noviembre, a 26 ni\u00f1os de edades entre 6 y 9 a\u00f1os, para celebrar un Taller de Cocina infantil con AOVE. Los ni\u00f1os han conocido los beneficios de la Dieta Mediterr\u00e1nea y de su pilar fundamental el Aceite de Oliva Virgen Extra, y los [&hellip;]<\/p>\n","protected":false},"author":1,"featured_media":2649,"comment_status":"open","ping_status":"open","sticky":false,"template":"","format":"standard","meta":{"_et_pb_use_builder":"on","_et_pb_old_content":"<p>El Centro de Interpretaci\u00f3n Olivar y Aceite acogi\u00f3 el s\u00e1bado 23 de noviembre, a 26 ni\u00f1os de edades entre 6 y 9 a\u00f1os, para celebrar un <strong>Taller de Cocina infantil con AOVE<\/strong>.<\/p><p>Los ni\u00f1os han conocido los beneficios de la Dieta Mediterr\u00e1nea y de su pilar fundamental el Aceite de Oliva Virgen Extra, y los diferentes alimentos seg\u00fan su clasificaci\u00f3n y propiedades, a trav\u00e9s de la Pir\u00e1mide de la Dieta Mediterr\u00e1nea.<\/p><p>El objetivo de esta actividad es inculcar h\u00e1bitos alimenticios \u00a0saludables a los ni\u00f1os, para fomentar una alimentaci\u00f3n sana y equilibrada, fundamental para un adecuado crecimiento y desarrollo de los ni\u00f1os,\u00a0 teniendo como protagonista el Aceite de Oliva Virgen Extra.<\/p><p>Los peque\u00f1os chefs han aprendido a elaborar recetas sencillas usando t\u00e9cnicas b\u00e1sicas, y desarrollando sus habilidades, a la vez que les ha resultado un juego divertido. Adem\u00e1s esta actividad les permite estimular su imaginaci\u00f3n, creatividad y habilidades combinando a la vez sabores,\u00a0 formas y colores.\u00a0De esta forma, elaboraron och\u00edos, pan, empanadas, sandwiches, o piruletas que despu\u00e9s probaron y tambi\u00e9n pudieron llevarse a casa.<\/p><p>Desde el Centro de Interpretaci\u00f3n Olivar y Aceite, se contempla como uno de sus objetivos principales <strong>divulgar entre los ni\u00f1os la cultura del aceite de oliva virgen extra<\/strong> y que conozcan la importancia de la ingesta habitual frente a otras grasas, debido a sus propiedades saludables y nutricionales.<\/p><p>Debido al \u00e9xito obtenido, se realizar\u00e1n nuevas sesiones de este Taller de Cocina para Ni\u00f1os y otras actividades gastron\u00f3micas con ni\u00f1os y adultos en nuestro Aula de Cocina de cara a esta pr\u00f3xima Navidad. Os iremos informando. Estad atentos a nuestro Blog, Facebook y Twitter!!!<\/p><p>[gallery ids=\"2633,2635,2636,2637,2644\"]<\/p>","_et_gb_content_width":"","_jetpack_memberships_contains_paid_content":false,"footnotes":""},"categories":[1],"tags":[],"class_list":["post-2632","post","type-post","status-publish","format-standard","has-post-thumbnail","hentry","category-general"],"jetpack_featured_media_url":"https:\/\/i0.wp.com\/centrodeolivaryaceite.com\/wp-content\/uploads\/2013\/11\/2013-11-23-11.34.301.jpg?fit=1004%2C768&ssl=1","jetpack_sharing_enabled":true,"jetpack_shortlink":"https:\/\/wp.me\/p95A9q-Gs","_links":{"self":[{"href":"https:\/\/centrodeolivaryaceite.com\/es\/wp-json\/wp\/v2\/posts\/2632\/"}],"collection":[{"href":"https:\/\/centrodeolivaryaceite.com\/es\/wp-json\/wp\/v2\/posts\/"}],"about":[{"href":"https:\/\/centrodeolivaryaceite.com\/es\/wp-json\/wp\/v2\/types\/post\/"}],"author":[{"embeddable":true,"href":"https:\/\/centrodeolivaryaceite.com\/es\/wp-json\/wp\/v2\/users\/1\/"}],"replies":[{"embeddable":true,"href":"https:\/\/centrodeolivaryaceite.com\/es\/wp-json\/wp\/v2\/comments\/?post=2632"}],"version-history":[{"count":0,"href":"https:\/\/centrodeolivaryaceite.com\/es\/wp-json\/wp\/v2\/posts\/2632\/revisions\/"}],"wp:featuredmedia":[{"embeddable":true,"href":"https:\/\/centrodeolivaryaceite.com\/es\/wp-json\/wp\/v2\/media\/2649\/"}],"wp:attachment":[{"href":"https:\/\/centrodeolivaryaceite.com\/es\/wp-json\/wp\/v2\/media\/?parent=2632"}],"wp:term":[{"taxonomy":"category","embeddable":true,"href":"https:\/\/centrodeolivaryaceite.com\/es\/wp-json\/wp\/v2\/categories\/?post=2632"},{"taxonomy":"post_tag","embeddable":true,"href":"https:\/\/centrodeolivaryaceite.com\/es\/wp-json\/wp\/v2\/tags\/?post=2632"}],"curies":[{"name":"wp","href":"https:\/\/api.w.org\/{rel}","templated":true}]}}