{"id":3018,"date":"2014-02-28T13:30:00","date_gmt":"2014-02-28T13:30:00","guid":{"rendered":"http:\/\/centrodeolivaryaceitelaloma.com\/copiablog\/?p=3018"},"modified":"2022-07-29T10:41:01","modified_gmt":"2022-07-29T10:41:01","slug":"finalizada-nuestra-tercera-edicion-del-curso-de-cata-de-aceite-de-oliva-virgen-cultura-y-sabor","status":"publish","type":"post","link":"https:\/\/centrodeolivaryaceite.com\/es\/finalizada-nuestra-tercera-edicion-del-curso-de-cata-de-aceite-de-oliva-virgen-cultura-y-sabor\/","title":{"rendered":"Finalizada nuestra tercera edici\u00f3n del Curso de Cata de Aceite de Oliva Virgen,  Cultura y Sabor."},"content":{"rendered":"<p>[et_pb_section fb_built=\u00bb1&#8243; fullwidth=\u00bbon\u00bb custom_padding_last_edited=\u00bbon|desktop\u00bb admin_label=\u00bbSecci\u00f3n\u00bb _builder_version=\u00bb3.22&#8243; background_color=\u00bb#ffffff\u00bb background_image=\u00bbhttp:\/\/centrodeolivaryaceite.com\/wp-content\/uploads\/2016\/06\/page_header_bg_blue.jpg\u00bb custom_padding_tablet=\u00bb50px|0|50px|0&#8243; transparent_background=\u00bboff\u00bb padding_mobile=\u00bboff\u00bb make_fullwidth=\u00bboff\u00bb use_custom_width=\u00bboff\u00bb width_unit=\u00bbon\u00bb global_module=\u00bb5294&#8243; locked=\u00bboff\u00bb collapsed=\u00bboff\u00bb global_colors_info=\u00bb{}\u00bb custom_padding_phone=\u00bb50px|0|50px|0&#8243;][et_pb_fullwidth_post_title meta=\u00bboff\u00bb featured_image=\u00bboff\u00bb text_color=\u00bblight\u00bb text_background=\u00bbon\u00bb text_bg_color=\u00bbrgba(28,28,28,0.43)\u00bb admin_label=\u00bbT\u00edtulo\u00bb _builder_version=\u00bb4.17.6&#8243; _module_preset=\u00bbdefault\u00bb title_font=\u00bbRoboto Light||||\u00bb title_font_size=\u00bb35px\u00bb title_all_caps=\u00bbon\u00bb background_color=\u00bbrgba(255,255,255,0)\u00bb parallax=\u00bbon\u00bb parallax_method=\u00bboff\u00bb text_orientation=\u00bbcenter\u00bb use_border_color=\u00bboff\u00bb border_color=\u00bb#ffffff\u00bb border_style=\u00bbsolid\u00bb parallax_effect=\u00bbon\u00bb module_bg_color=\u00bbrgba(255,255,255,0)\u00bb global_colors_info=\u00bb{}\u00bb][\/et_pb_fullwidth_post_title][\/et_pb_section][et_pb_section fb_built=\u00bb1&#8243; custom_padding_last_edited=\u00bbon|desktop\u00bb admin_label=\u00bbSecci\u00f3n\u00bb _builder_version=\u00bb4.16&#8243; background_color=\u00bb#ffffff\u00bb custom_padding=\u00bb10px|||\u00bb custom_padding_tablet=\u00bb50px|0|50px|0&#8243; transparent_background=\u00bboff\u00bb padding_mobile=\u00bboff\u00bb make_fullwidth=\u00bboff\u00bb use_custom_width=\u00bboff\u00bb width_unit=\u00bbon\u00bb global_colors_info=\u00bb{}\u00bb custom_padding_phone=\u00bb50px|0|50px|0&#8243;][et_pb_row padding_mobile=\u00bboff\u00bb column_padding_mobile=\u00bbon\u00bb admin_label=\u00bbFila\u00bb _builder_version=\u00bb4.16&#8243; background_size=\u00bbinitial\u00bb background_position=\u00bbtop_left\u00bb background_repeat=\u00bbrepeat\u00bb custom_padding=\u00bb10px|||\u00bb make_fullwidth=\u00bboff\u00bb use_custom_width=\u00bboff\u00bb width_unit=\u00bbon\u00bb global_colors_info=\u00bb{}\u00bb][et_pb_column type=\u00bb4_4&#8243; _builder_version=\u00bb4.16&#8243; custom_padding=\u00bb|||\u00bb global_colors_info=\u00bb{}\u00bb custom_padding__hover=\u00bb|||\u00bb][et_pb_post_title title=\u00bboff\u00bb admin_label=\u00bbT\u00edtulo de publicaci\u00f3n\u00bb _builder_version=\u00bb4.16&#8243; title_all_caps=\u00bboff\u00bb background_color=\u00bbrgba(255,255,255,0)\u00bb parallax=\u00bbon\u00bb parallax_method=\u00bboff\u00bb use_border_color=\u00bboff\u00bb border_color=\u00bb#ffffff\u00bb border_style=\u00bbsolid\u00bb parallax_effect=\u00bbon\u00bb module_bg_color=\u00bbrgba(255,255,255,0)\u00bb global_colors_info=\u00bb{}\u00bb] [\/et_pb_post_title][\/et_pb_column][\/et_pb_row][\/et_pb_section][et_pb_section fb_built=\u00bb1&#8243; specialty=\u00bbon\u00bb custom_padding_last_edited=\u00bbon|desktop\u00bb parallax_method_1=\u00bboff\u00bb parallax_method_2=\u00bboff\u00bb admin_label=\u00bbSecci\u00f3n\u00bb _builder_version=\u00bb4.16&#8243; background_color=\u00bb#ffffff\u00bb custom_padding=\u00bb10px|||\u00bb custom_padding_tablet=\u00bb50px|0|50px|0&#8243; transparent_background=\u00bboff\u00bb padding_mobile=\u00bboff\u00bb make_fullwidth=\u00bboff\u00bb use_custom_width=\u00bboff\u00bb width_unit=\u00bbon\u00bb global_colors_info=\u00bb{}\u00bb custom_padding_phone=\u00bb50px|0|50px|0&#8243;][et_pb_column type=\u00bb2_3&#8243; specialty_columns=\u00bb2&#8243; _builder_version=\u00bb4.16&#8243; custom_padding=\u00bb|||\u00bb global_colors_info=\u00bb{}\u00bb custom_padding__hover=\u00bb|||\u00bb][et_pb_row_inner padding_mobile=\u00bboff\u00bb column_padding_mobile=\u00bbon\u00bb admin_label=\u00bbFila\u00bb _builder_version=\u00bb4.16&#8243; custom_padding=\u00bb0px|||\u00bb global_colors_info=\u00bb{}\u00bb][et_pb_column_inner saved_specialty_column_type=\u00bb2_3&#8243; _builder_version=\u00bb4.16&#8243; custom_padding=\u00bb|||\u00bb global_colors_info=\u00bb{}\u00bb custom_padding__hover=\u00bb|||\u00bb][et_pb_text admin_label=\u00bbText\u00bb _builder_version=\u00bb4.16&#8243; background_size=\u00bbinitial\u00bb background_position=\u00bbtop_left\u00bb background_repeat=\u00bbrepeat\u00bb global_colors_info=\u00bb{}\u00bb]<span style=\"line-height: 1.5em;\">El Centro de Interpretaci\u00f3n Olivar y Aceite, celebr\u00f3 del 11 al 14 de febrero, la tercera edici\u00f3n del <\/span><strong>Curso de Cata de Aceite de Oliva Virgen, Cultura y Sabor<\/strong> con una estupenda participaci\u00f3n y una gran acogida<span style=\"line-height: 1.5em;\">.<\/span><\/p>\n<p>Veinte alumnos procedentes principalmente de diferentes puntos de la provincia y de lugares m\u00e1s lejanos, como Granada y Mallorca, dedicados al sector del aceite, hosteler\u00eda y turismo, principalmente, han \u00a0participado durante cuatro d\u00edas para aprender el protocolo completo de la cata de aceites y valorar los aceites de oliva v\u00edrgenes.<\/p>\n<p>Este curso ha sido impartido por Soledad Rom\u00e1n, gerente del Centro de Olivar y Aceite, Tom\u00e1s M\u00e9ndez, t\u00e9cnico del Centro, Jose Miguel Mart\u00ednez, Ingeniero agr\u00f3nomo y Anselmo Ju\u00e1rez, jefe de Cocina del restaurante Zeitum.<\/p>\n<p>Durante el curso se han tratado entre otros temas: <strong>criterios de Calidad, clases de Aceites, teor\u00eda de la caracterizaci\u00f3n sensorial<\/strong>, as\u00ed como las normas del Consejo Ole\u00edcola sobre la Cata de Aceites, normas de etiquetado, proceso de <strong>elaboraci\u00f3n del aceite de oliva virgen con una visita virtual a una almazara<\/strong>, analizando cada una de las partes del proceso, desde la maduraci\u00f3n y recolecci\u00f3n del fruto hasta el almacenamiento en bodega; adem\u00e1s de la composici\u00f3n qu\u00edmica, propiedades nutricionales y saludables del aceite de oliva virgen.<\/p>\n<p>Cada d\u00eda se han realizado sesiones pr\u00e1cticas, durante las cuales se han catado aceites de calidades y variedades de aceitunas diferentes, ense\u00f1ando a identificar los atributos negativos y positivos de dichos aceites e interpretar los perfiles sensoriales. Todo ello \u00a0con el fin de obtener una buena base de cata y poder aplicarla en los diferentes \u00e1mbitos de trabajo de los alumnos.<\/p>\n<p>Adem\u00e1s, como otro atractivo m\u00e1s en este curso,\u00a0 el \u00faltimo d\u00eda se dedic\u00f3 a la \u201cCata hedon\u00edstica, Maridaje y Aceite de oliva virgen extra\u201d. Se realiz\u00f3 una Cata Hedon\u00edstica, de tres AOVEs de variedades diferentes, picual, arbequina y frantoio, con los cuales, el jefe de cocina del Restaurante Zeitum, elabor\u00f3 en el Aula de Cocina del Centro, tres platos diferentes, insistiendo en aprender a usar las diferentes variedades de aceites de oliva virgen extra en la cocina, ya que aportar\u00e1n sabores y olores diferentes a los platos.<\/p>\n<p>Tras el \u00e9xito de este curso, pr\u00f3ximamente desde el Centro de Interpretaci\u00f3n se anunciar\u00e1n las fechas de celebraci\u00f3n de la <strong>cuarta edici\u00f3n del Curso de Cata, Cultura y Sabor, y de la primera edici\u00f3n del Curso Avanzado de Cata<\/strong> para aquellas personas que ya posean una base de Cata de Aceite o que hayan pasado por las tres ediciones de nuestro Curso de Cata.<\/p>\n<p>Si est\u00e1s interesado y quieres recibir informaci\u00f3n sobre este tipo de cursos o sobre cualquier otro tipo de formaci\u00f3n en aceite u olivar\u00a0solamente\u00a0has de contactarnos dejando tus datos a trav\u00e9s de nuestro mail <a href=\"mailto:info@centrodeolivaryaceitelaloma.com\/copiablog\">info@centrodeolivaryaceitelaloma.com\/copiablog<\/a> o bien sigui\u00e9ndonos en redes sociales a trav\u00e9s de los siguientes enlaces: <a href=\"http:\/\/www.facebook.com\/OlivaryAceiteCentroDeInterpretacion\">Facebook<\/a> \/ <a href=\"http:\/\/twitter.com\/olivaryaceite\">Twitter<\/a>.<\/p>\n<p><div class=\"tiled-gallery type-rectangular tiled-gallery-unresized\" data-original-width=\"1080\" data-carousel-extra='{&quot;blog_id&quot;:1,&quot;permalink&quot;:&quot;https:\\\/\\\/centrodeolivaryaceite.com\\\/es\\\/finalizada-nuestra-tercera-edicion-del-curso-de-cata-de-aceite-de-oliva-virgen-cultura-y-sabor\\\/&quot;,&quot;likes_blog_id&quot;:134317632}' itemscope itemtype=\"http:\/\/schema.org\/ImageGallery\" > <div class=\"gallery-row\" style=\"width: 1080px; height: 225px;\" data-original-width=\"1080\" data-original-height=\"225\" > <div class=\"gallery-group images-1\" style=\"width: 373px; height: 225px;\" data-original-width=\"373\" data-original-height=\"225\" > <div class=\"tiled-gallery-item tiled-gallery-item-large\" itemprop=\"associatedMedia\" itemscope itemtype=\"http:\/\/schema.org\/ImageObject\"> <a href=\"https:\/\/centrodeolivaryaceite.com\/es\/finalizada-nuestra-tercera-edicion-del-curso-de-cata-de-aceite-de-oliva-virgen-cultura-y-sabor\/curso-de-cata-olivar-y-aceite\/\" border=\"0\" itemprop=\"url\"> <meta itemprop=\"width\" content=\"369\"> <meta itemprop=\"height\" content=\"221\"> <img decoding=\"async\" class=\"\" data-attachment-id=\"3019\" data-orig-file=\"https:\/\/centrodeolivaryaceite.com\/wp-content\/uploads\/2014\/02\/Curso-de-Cata-Olivar-y-Aceite-.jpg\" data-orig-size=\"448,268\" data-comments-opened=\"1\" data-image-meta=\"{&quot;aperture&quot;:&quot;0&quot;,&quot;credit&quot;:&quot;&quot;,&quot;camera&quot;:&quot;HTC Desire X&quot;,&quot;caption&quot;:&quot;&quot;,&quot;created_timestamp&quot;:&quot;1392147623&quot;,&quot;copyright&quot;:&quot;&quot;,&quot;focal_length&quot;:&quot;2.97&quot;,&quot;iso&quot;:&quot;544&quot;,&quot;shutter_speed&quot;:&quot;0&quot;,&quot;title&quot;:&quot;&quot;,&quot;orientation&quot;:&quot;0&quot;}\" data-image-title=\"Curso de Cata Olivar y Aceite\" data-image-description=\"\" data-medium-file=\"https:\/\/i0.wp.com\/centrodeolivaryaceite.com\/wp-content\/uploads\/2014\/02\/Curso-de-Cata-Olivar-y-Aceite-.jpg?fit=300%2C179&#038;ssl=1\" data-large-file=\"https:\/\/i0.wp.com\/centrodeolivaryaceite.com\/wp-content\/uploads\/2014\/02\/Curso-de-Cata-Olivar-y-Aceite-.jpg?fit=448%2C268&#038;ssl=1\" src=\"https:\/\/i0.wp.com\/centrodeolivaryaceite.com\/wp-content\/uploads\/2014\/02\/Curso-de-Cata-Olivar-y-Aceite-.jpg?w=369&#038;h=221&#038;ssl=1\" srcset=\"https:\/\/i0.wp.com\/centrodeolivaryaceite.com\/wp-content\/uploads\/2014\/02\/Curso-de-Cata-Olivar-y-Aceite-.jpg?w=448&amp;ssl=1 448w, https:\/\/i0.wp.com\/centrodeolivaryaceite.com\/wp-content\/uploads\/2014\/02\/Curso-de-Cata-Olivar-y-Aceite-.jpg?resize=300%2C179&amp;ssl=1 300w\" width=\"369\" height=\"221\" loading=\"lazy\" data-original-width=\"369\" data-original-height=\"221\" itemprop=\"http:\/\/schema.org\/image\" title=\"Curso de Cata Olivar y Aceite\" alt=\"Nuestros catadores\" style=\"width: 369px; height: 221px;\" \/> <\/a> <\/div> <\/div> <!-- close group --> <div class=\"gallery-group images-1\" style=\"width: 372px; height: 225px;\" data-original-width=\"372\" data-original-height=\"225\" > <div class=\"tiled-gallery-item tiled-gallery-item-large\" itemprop=\"associatedMedia\" itemscope itemtype=\"http:\/\/schema.org\/ImageObject\"> <a href=\"https:\/\/centrodeolivaryaceite.com\/es\/finalizada-nuestra-tercera-edicion-del-curso-de-cata-de-aceite-de-oliva-virgen-cultura-y-sabor\/curso-de-cata-olivar-y-aceite-3\/\" border=\"0\" itemprop=\"url\"> <meta itemprop=\"width\" content=\"368\"> <meta itemprop=\"height\" content=\"221\"> <img decoding=\"async\" class=\"\" data-attachment-id=\"3021\" data-orig-file=\"https:\/\/centrodeolivaryaceite.com\/wp-content\/uploads\/2014\/02\/Curso-de-Cata-Olivar-y-Aceite-3.jpg\" data-orig-size=\"448,268\" data-comments-opened=\"1\" data-image-meta=\"{&quot;aperture&quot;:&quot;0&quot;,&quot;credit&quot;:&quot;&quot;,&quot;camera&quot;:&quot;HTC Desire X&quot;,&quot;caption&quot;:&quot;&quot;,&quot;created_timestamp&quot;:&quot;1392409988&quot;,&quot;copyright&quot;:&quot;&quot;,&quot;focal_length&quot;:&quot;2.97&quot;,&quot;iso&quot;:&quot;126&quot;,&quot;shutter_speed&quot;:&quot;0&quot;,&quot;title&quot;:&quot;&quot;,&quot;orientation&quot;:&quot;0&quot;}\" data-image-title=\"Curso de Cata Olivar y Aceite 3\" data-image-description=\"\" data-medium-file=\"https:\/\/i0.wp.com\/centrodeolivaryaceite.com\/wp-content\/uploads\/2014\/02\/Curso-de-Cata-Olivar-y-Aceite-3.jpg?fit=300%2C179&#038;ssl=1\" data-large-file=\"https:\/\/i0.wp.com\/centrodeolivaryaceite.com\/wp-content\/uploads\/2014\/02\/Curso-de-Cata-Olivar-y-Aceite-3.jpg?fit=448%2C268&#038;ssl=1\" src=\"https:\/\/i0.wp.com\/centrodeolivaryaceite.com\/wp-content\/uploads\/2014\/02\/Curso-de-Cata-Olivar-y-Aceite-3.jpg?w=368&#038;h=221&#038;ssl=1\" srcset=\"https:\/\/i0.wp.com\/centrodeolivaryaceite.com\/wp-content\/uploads\/2014\/02\/Curso-de-Cata-Olivar-y-Aceite-3.jpg?w=448&amp;ssl=1 448w, https:\/\/i0.wp.com\/centrodeolivaryaceite.com\/wp-content\/uploads\/2014\/02\/Curso-de-Cata-Olivar-y-Aceite-3.jpg?resize=300%2C179&amp;ssl=1 300w\" width=\"368\" height=\"221\" loading=\"lazy\" data-original-width=\"368\" data-original-height=\"221\" itemprop=\"http:\/\/schema.org\/image\" title=\"Curso de Cata Olivar y Aceite 3\" alt=\"Aperitivo al finalizar el curso\" style=\"width: 368px; height: 221px;\" \/> <\/a> <\/div> <\/div> <!-- close group --> <div class=\"gallery-group images-1\" style=\"width: 335px; height: 225px;\" data-original-width=\"335\" data-original-height=\"225\" > <div class=\"tiled-gallery-item tiled-gallery-item-large\" itemprop=\"associatedMedia\" itemscope itemtype=\"http:\/\/schema.org\/ImageObject\"> <a href=\"https:\/\/centrodeolivaryaceite.com\/es\/finalizada-nuestra-tercera-edicion-del-curso-de-cata-de-aceite-de-oliva-virgen-cultura-y-sabor\/curso-de-cata-olivar-y-aceite-1-2\/\" border=\"0\" itemprop=\"url\"> <meta itemprop=\"width\" content=\"331\"> <meta itemprop=\"height\" content=\"221\"> <img decoding=\"async\" class=\"\" data-attachment-id=\"3025\" data-orig-file=\"https:\/\/centrodeolivaryaceite.com\/wp-content\/uploads\/2014\/02\/Curso-de-Cata-Olivar-y-Aceite-11.jpg\" data-orig-size=\"402,268\" data-comments-opened=\"1\" data-image-meta=\"{&quot;aperture&quot;:&quot;0&quot;,&quot;credit&quot;:&quot;&quot;,&quot;camera&quot;:&quot;HTC Desire X&quot;,&quot;caption&quot;:&quot;&quot;,&quot;created_timestamp&quot;:&quot;1392233163&quot;,&quot;copyright&quot;:&quot;&quot;,&quot;focal_length&quot;:&quot;2.97&quot;,&quot;iso&quot;:&quot;211&quot;,&quot;shutter_speed&quot;:&quot;0&quot;,&quot;title&quot;:&quot;&quot;,&quot;orientation&quot;:&quot;0&quot;}\" data-image-title=\"Curso de Cata Olivar y Aceite 1\" data-image-description=\"\" data-medium-file=\"https:\/\/i0.wp.com\/centrodeolivaryaceite.com\/wp-content\/uploads\/2014\/02\/Curso-de-Cata-Olivar-y-Aceite-11.jpg?fit=300%2C200&#038;ssl=1\" data-large-file=\"https:\/\/i0.wp.com\/centrodeolivaryaceite.com\/wp-content\/uploads\/2014\/02\/Curso-de-Cata-Olivar-y-Aceite-11.jpg?fit=402%2C268&#038;ssl=1\" src=\"https:\/\/i0.wp.com\/centrodeolivaryaceite.com\/wp-content\/uploads\/2014\/02\/Curso-de-Cata-Olivar-y-Aceite-11.jpg?w=331&#038;h=221&#038;ssl=1\" srcset=\"https:\/\/i0.wp.com\/centrodeolivaryaceite.com\/wp-content\/uploads\/2014\/02\/Curso-de-Cata-Olivar-y-Aceite-11.jpg?w=402&amp;ssl=1 402w, https:\/\/i0.wp.com\/centrodeolivaryaceite.com\/wp-content\/uploads\/2014\/02\/Curso-de-Cata-Olivar-y-Aceite-11.jpg?resize=300%2C200&amp;ssl=1 300w, https:\/\/i0.wp.com\/centrodeolivaryaceite.com\/wp-content\/uploads\/2014\/02\/Curso-de-Cata-Olivar-y-Aceite-11.jpg?resize=400%2C268&amp;ssl=1 400w\" width=\"331\" height=\"221\" loading=\"lazy\" data-original-width=\"331\" data-original-height=\"221\" itemprop=\"http:\/\/schema.org\/image\" title=\"Curso de Cata Olivar y Aceite 1\" alt=\"Curso de Cata Olivar y Aceite 1\" style=\"width: 331px; height: 221px;\" \/> <\/a> <\/div> <\/div> <!-- close group --> <\/div> <!-- close row --> <\/div><br \/>\n[\/et_pb_text][et_pb_comments admin_label=\u00bbComentarios\u00bb _builder_version=\u00bb4.16&#8243; use_border_color=\u00bboff\u00bb border_color=\u00bb#ffffff\u00bb border_style=\u00bbsolid\u00bb button_letter_spacing_hover=\u00bb0&#8243; global_colors_info=\u00bb{}\u00bb button_text_size__hover_enabled=\u00bboff\u00bb button_one_text_size__hover_enabled=\u00bboff\u00bb button_two_text_size__hover_enabled=\u00bboff\u00bb button_text_color__hover_enabled=\u00bboff\u00bb button_one_text_color__hover_enabled=\u00bboff\u00bb button_two_text_color__hover_enabled=\u00bboff\u00bb button_border_width__hover_enabled=\u00bboff\u00bb button_one_border_width__hover_enabled=\u00bboff\u00bb button_two_border_width__hover_enabled=\u00bboff\u00bb button_border_color__hover_enabled=\u00bboff\u00bb button_one_border_color__hover_enabled=\u00bboff\u00bb button_two_border_color__hover_enabled=\u00bboff\u00bb button_border_radius__hover_enabled=\u00bboff\u00bb button_one_border_radius__hover_enabled=\u00bboff\u00bb button_two_border_radius__hover_enabled=\u00bboff\u00bb button_letter_spacing__hover_enabled=\u00bbon\u00bb button_letter_spacing__hover=\u00bb0&#8243; button_one_letter_spacing__hover_enabled=\u00bboff\u00bb button_two_letter_spacing__hover_enabled=\u00bboff\u00bb button_bg_color__hover_enabled=\u00bboff\u00bb button_one_bg_color__hover_enabled=\u00bboff\u00bb button_two_bg_color__hover_enabled=\u00bboff\u00bb] [\/et_pb_comments][\/et_pb_column_inner][\/et_pb_row_inner][\/et_pb_column][et_pb_column type=\u00bb1_3&#8243; _builder_version=\u00bb4.16&#8243; custom_padding=\u00bb|||\u00bb global_colors_info=\u00bb{}\u00bb custom_padding__hover=\u00bb|||\u00bb][et_pb_sidebar orientation=\u00bbright\u00bb area=\u00bbsidebar-1&#8243; admin_label=\u00bbBarra lateral\u00bb _builder_version=\u00bb4.16&#8243; remove_border=\u00bboff\u00bb global_colors_info=\u00bb{}\u00bb] [\/et_pb_sidebar][\/et_pb_column][\/et_pb_section][et_pb_section fb_built=\u00bb1&#8243; custom_padding_last_edited=\u00bbon|desktop\u00bb disabled_on=\u00bbon|on|on\u00bb admin_label=\u00bbSecci\u00f3n\u00bb _builder_version=\u00bb3.0.92&#8243; background_color=\u00bb#dedacf\u00bb custom_padding_tablet=\u00bb50px|0|50px|0&#8243; transparent_background=\u00bboff\u00bb padding_mobile=\u00bboff\u00bb make_fullwidth=\u00bboff\u00bb use_custom_width=\u00bboff\u00bb width_unit=\u00bbon\u00bb disabled=\u00bbon\u00bb global_module=\u00bb5116&#8243; collapsed=\u00bboff\u00bb global_colors_info=\u00bb{}\u00bb custom_padding_phone=\u00bb50px|0|50px|0&#8243;][et_pb_row _builder_version=\u00bb4.16&#8243; global_colors_info=\u00bb{}\u00bb][et_pb_column type=\u00bb4_4&#8243; _builder_version=\u00bb4.16&#8243; custom_padding=\u00bb|||\u00bb global_colors_info=\u00bb{}\u00bb custom_padding__hover=\u00bb|||\u00bb][\/et_pb_column][\/et_pb_row][\/et_pb_section][et_pb_section fb_built=\u00bb1&#8243; custom_padding_last_edited=\u00bbon|desktop\u00bb admin_label=\u00bbSecci\u00f3n\u00bb _builder_version=\u00bb3.22&#8243; background_color=\u00bb#ffffff\u00bb custom_padding=\u00bb10px||0px|\u00bb custom_padding_tablet=\u00bb50px|0|50px|0&#8243; transparent_background=\u00bboff\u00bb padding_mobile=\u00bboff\u00bb make_fullwidth=\u00bboff\u00bb use_custom_width=\u00bboff\u00bb width_unit=\u00bbon\u00bb global_module=\u00bb5115&#8243; collapsed=\u00bboff\u00bb global_colors_info=\u00bb{}\u00bb custom_padding_phone=\u00bb50px|0|50px|0&#8243;][et_pb_row padding_mobile=\u00bboff\u00bb column_padding_mobile=\u00bbon\u00bb _builder_version=\u00bb4.16&#8243; background_size=\u00bbinitial\u00bb background_position=\u00bbtop_left\u00bb background_repeat=\u00bbrepeat\u00bb max_width=\u00bb1080px\u00bb custom_padding=\u00bb0px||0px|\u00bb make_fullwidth=\u00bboff\u00bb use_custom_width=\u00bboff\u00bb width_unit=\u00bbon\u00bb global_colors_info=\u00bb{}\u00bb][\/et_pb_row][\/et_pb_section]<\/p>\n","protected":false},"excerpt":{"rendered":"<p>El Centro de Interpretaci\u00f3n Olivar y Aceite, celebr\u00f3 del 11 al 14 de febrero, la tercera edici\u00f3n del Curso de Cata de Aceite de Oliva Virgen, Cultura y Sabor con una estupenda participaci\u00f3n y una gran acogida. Veinte alumnos procedentes principalmente de diferentes puntos de la provincia y de lugares m\u00e1s lejanos, como Granada y [&hellip;]<\/p>\n","protected":false},"author":1,"featured_media":3026,"comment_status":"open","ping_status":"open","sticky":false,"template":"","format":"standard","meta":{"_et_pb_use_builder":"on","_et_pb_old_content":"<p><span style=\"line-height: 1.5em;\">El Centro de Interpretaci\u00f3n Olivar y Aceite, celebr\u00f3 del 11 al 14 de febrero, la tercera edici\u00f3n del <\/span><strong>Curso de Cata de Aceite de Oliva Virgen, Cultura y Sabor<\/strong> con una estupenda participaci\u00f3n y una gran acogida<span style=\"line-height: 1.5em;\">.<\/span><\/p><p>Veinte alumnos procedentes principalmente de diferentes puntos de la provincia y de lugares m\u00e1s lejanos, como Granada y Mallorca, dedicados al sector del aceite, hosteler\u00eda y turismo, principalmente, han \u00a0participado durante cuatro d\u00edas para aprender el protocolo completo de la cata de aceites y valorar los aceites de oliva v\u00edrgenes.<\/p><p>Este curso ha sido impartido por Soledad Rom\u00e1n, gerente del Centro de Olivar y Aceite, Tom\u00e1s M\u00e9ndez, t\u00e9cnico del Centro, Jose Miguel Mart\u00ednez, Ingeniero agr\u00f3nomo y Anselmo Ju\u00e1rez, jefe de Cocina del restaurante Zeitum.<\/p><p>Durante el curso se han tratado entre otros temas: <strong>criterios de Calidad, clases de Aceites, teor\u00eda de la caracterizaci\u00f3n sensorial<\/strong>, as\u00ed como las normas del Consejo Ole\u00edcola sobre la Cata de Aceites, normas de etiquetado, proceso de <strong>elaboraci\u00f3n del aceite de oliva virgen con una visita virtual a una almazara<\/strong>, analizando cada una de las partes del proceso, desde la maduraci\u00f3n y recolecci\u00f3n del fruto hasta el almacenamiento en bodega; adem\u00e1s de la composici\u00f3n qu\u00edmica, propiedades nutricionales y saludables del aceite de oliva virgen.<\/p><p>Cada d\u00eda se han realizado sesiones pr\u00e1cticas, durante las cuales se han catado aceites de calidades y variedades de aceitunas diferentes, ense\u00f1ando a identificar los atributos negativos y positivos de dichos aceites e interpretar los perfiles sensoriales. Todo ello \u00a0con el fin de obtener una buena base de cata y poder aplicarla en los diferentes \u00e1mbitos de trabajo de los alumnos.<\/p><p>Adem\u00e1s, como otro atractivo m\u00e1s en este curso,\u00a0 el \u00faltimo d\u00eda se dedic\u00f3 a la \u201cCata hedon\u00edstica, Maridaje y Aceite de oliva virgen extra\u201d. Se realiz\u00f3 una Cata Hedon\u00edstica, de tres AOVEs de variedades diferentes, picual, arbequina y frantoio, con los cuales, el jefe de cocina del Restaurante Zeitum, elabor\u00f3 en el Aula de Cocina del Centro, tres platos diferentes, insistiendo en aprender a usar las diferentes variedades de aceites de oliva virgen extra en la cocina, ya que aportar\u00e1n sabores y olores diferentes a los platos.<\/p><p>Tras el \u00e9xito de este curso, pr\u00f3ximamente desde el Centro de Interpretaci\u00f3n se anunciar\u00e1n las fechas de celebraci\u00f3n de la <strong>cuarta edici\u00f3n del Curso de Cata, Cultura y Sabor, y de la primera edici\u00f3n del Curso Avanzado de Cata<\/strong> para aquellas personas que ya posean una base de Cata de Aceite o que hayan pasado por las tres ediciones de nuestro Curso de Cata.<\/p><p>Si est\u00e1s interesado y quieres recibir informaci\u00f3n sobre este tipo de cursos o sobre cualquier otro tipo de formaci\u00f3n en aceite u olivar\u00a0solamente\u00a0has de contactarnos dejando tus datos a trav\u00e9s de nuestro mail <a href=\"mailto:info@centrodeolivaryaceitelaloma.com\/copiablog\">info@centrodeolivaryaceitelaloma.com\/copiablog<\/a> o bien sigui\u00e9ndonos en redes sociales a trav\u00e9s de los siguientes enlaces: <a href=\"http:\/\/www.facebook.com\/OlivaryAceiteCentroDeInterpretacion\">Facebook<\/a> \/ <a href=\"http:\/\/twitter.com\/olivaryaceite\">Twitter<\/a>.<\/p><p>[gallery ids=\"3019,3021,3025\"]<\/p>","_et_gb_content_width":"","_jetpack_memberships_contains_paid_content":false,"footnotes":""},"categories":[1],"tags":[],"class_list":["post-3018","post","type-post","status-publish","format-standard","has-post-thumbnail","hentry","category-general"],"jetpack_featured_media_url":"https:\/\/i0.wp.com\/centrodeolivaryaceite.com\/wp-content\/uploads\/2014\/02\/Curso-de-cata.jpg?fit=1296%2C776&ssl=1","jetpack_sharing_enabled":true,"jetpack_shortlink":"https:\/\/wp.me\/p95A9q-MG","_links":{"self":[{"href":"https:\/\/centrodeolivaryaceite.com\/es\/wp-json\/wp\/v2\/posts\/3018\/"}],"collection":[{"href":"https:\/\/centrodeolivaryaceite.com\/es\/wp-json\/wp\/v2\/posts\/"}],"about":[{"href":"https:\/\/centrodeolivaryaceite.com\/es\/wp-json\/wp\/v2\/types\/post\/"}],"author":[{"embeddable":true,"href":"https:\/\/centrodeolivaryaceite.com\/es\/wp-json\/wp\/v2\/users\/1\/"}],"replies":[{"embeddable":true,"href":"https:\/\/centrodeolivaryaceite.com\/es\/wp-json\/wp\/v2\/comments\/?post=3018"}],"version-history":[{"count":0,"href":"https:\/\/centrodeolivaryaceite.com\/es\/wp-json\/wp\/v2\/posts\/3018\/revisions\/"}],"wp:featuredmedia":[{"embeddable":true,"href":"https:\/\/centrodeolivaryaceite.com\/es\/wp-json\/wp\/v2\/media\/3026\/"}],"wp:attachment":[{"href":"https:\/\/centrodeolivaryaceite.com\/es\/wp-json\/wp\/v2\/media\/?parent=3018"}],"wp:term":[{"taxonomy":"category","embeddable":true,"href":"https:\/\/centrodeolivaryaceite.com\/es\/wp-json\/wp\/v2\/categories\/?post=3018"},{"taxonomy":"post_tag","embeddable":true,"href":"https:\/\/centrodeolivaryaceite.com\/es\/wp-json\/wp\/v2\/tags\/?post=3018"}],"curies":[{"name":"wp","href":"https:\/\/api.w.org\/{rel}","templated":true}]}}