{"id":3137,"date":"2014-04-09T10:45:35","date_gmt":"2014-04-09T10:45:35","guid":{"rendered":"http:\/\/centrodeolivaryaceitelaloma.com\/copiablog\/?p=3137"},"modified":"2022-07-29T10:42:03","modified_gmt":"2022-07-29T10:42:03","slug":"la-asociacion-olivar-y-aceite-sigue-creciendo","status":"publish","type":"post","link":"https:\/\/centrodeolivaryaceite.com\/es\/la-asociacion-olivar-y-aceite-sigue-creciendo\/","title":{"rendered":"La Asociaci\u00f3n Olivar y Aceite sigue creciendo"},"content":{"rendered":"<p>[et_pb_section fb_built=\u00bb1&#8243; fullwidth=\u00bbon\u00bb custom_padding_last_edited=\u00bbon|desktop\u00bb admin_label=\u00bbSecci\u00f3n\u00bb _builder_version=\u00bb3.22&#8243; background_color=\u00bb#ffffff\u00bb background_image=\u00bbhttp:\/\/centrodeolivaryaceite.com\/wp-content\/uploads\/2016\/06\/page_header_bg_blue.jpg\u00bb custom_padding_tablet=\u00bb50px|0|50px|0&#8243; transparent_background=\u00bboff\u00bb padding_mobile=\u00bboff\u00bb make_fullwidth=\u00bboff\u00bb use_custom_width=\u00bboff\u00bb width_unit=\u00bbon\u00bb global_module=\u00bb5294&#8243; locked=\u00bboff\u00bb collapsed=\u00bboff\u00bb global_colors_info=\u00bb{}\u00bb custom_padding_phone=\u00bb50px|0|50px|0&#8243;][et_pb_fullwidth_post_title meta=\u00bboff\u00bb featured_image=\u00bboff\u00bb text_color=\u00bblight\u00bb text_background=\u00bbon\u00bb text_bg_color=\u00bbrgba(28,28,28,0.43)\u00bb admin_label=\u00bbT\u00edtulo\u00bb _builder_version=\u00bb4.17.6&#8243; _module_preset=\u00bbdefault\u00bb title_font=\u00bbRoboto Light||||\u00bb title_font_size=\u00bb35px\u00bb title_all_caps=\u00bbon\u00bb background_color=\u00bbrgba(255,255,255,0)\u00bb parallax=\u00bbon\u00bb parallax_method=\u00bboff\u00bb text_orientation=\u00bbcenter\u00bb use_border_color=\u00bboff\u00bb border_color=\u00bb#ffffff\u00bb border_style=\u00bbsolid\u00bb parallax_effect=\u00bbon\u00bb module_bg_color=\u00bbrgba(255,255,255,0)\u00bb global_colors_info=\u00bb{}\u00bb][\/et_pb_fullwidth_post_title][\/et_pb_section][et_pb_section fb_built=\u00bb1&#8243; custom_padding_last_edited=\u00bbon|desktop\u00bb admin_label=\u00bbSecci\u00f3n\u00bb _builder_version=\u00bb4.16&#8243; background_color=\u00bb#ffffff\u00bb custom_padding=\u00bb10px|||\u00bb custom_padding_tablet=\u00bb50px|0|50px|0&#8243; transparent_background=\u00bboff\u00bb padding_mobile=\u00bboff\u00bb make_fullwidth=\u00bboff\u00bb use_custom_width=\u00bboff\u00bb width_unit=\u00bbon\u00bb global_colors_info=\u00bb{}\u00bb custom_padding_phone=\u00bb50px|0|50px|0&#8243;][et_pb_row padding_mobile=\u00bboff\u00bb column_padding_mobile=\u00bbon\u00bb admin_label=\u00bbFila\u00bb _builder_version=\u00bb4.16&#8243; background_size=\u00bbinitial\u00bb background_position=\u00bbtop_left\u00bb background_repeat=\u00bbrepeat\u00bb custom_padding=\u00bb10px|||\u00bb make_fullwidth=\u00bboff\u00bb use_custom_width=\u00bboff\u00bb width_unit=\u00bbon\u00bb global_colors_info=\u00bb{}\u00bb][et_pb_column type=\u00bb4_4&#8243; _builder_version=\u00bb4.16&#8243; custom_padding=\u00bb|||\u00bb global_colors_info=\u00bb{}\u00bb custom_padding__hover=\u00bb|||\u00bb][et_pb_post_title title=\u00bboff\u00bb admin_label=\u00bbT\u00edtulo de publicaci\u00f3n\u00bb _builder_version=\u00bb4.16&#8243; title_all_caps=\u00bboff\u00bb background_color=\u00bbrgba(255,255,255,0)\u00bb parallax=\u00bbon\u00bb parallax_method=\u00bboff\u00bb use_border_color=\u00bboff\u00bb border_color=\u00bb#ffffff\u00bb border_style=\u00bbsolid\u00bb parallax_effect=\u00bbon\u00bb module_bg_color=\u00bbrgba(255,255,255,0)\u00bb global_colors_info=\u00bb{}\u00bb] [\/et_pb_post_title][\/et_pb_column][\/et_pb_row][\/et_pb_section][et_pb_section fb_built=\u00bb1&#8243; specialty=\u00bbon\u00bb custom_padding_last_edited=\u00bbon|desktop\u00bb parallax_method_1=\u00bboff\u00bb parallax_method_2=\u00bboff\u00bb admin_label=\u00bbSecci\u00f3n\u00bb _builder_version=\u00bb4.16&#8243; background_color=\u00bb#ffffff\u00bb custom_padding=\u00bb10px|||\u00bb custom_padding_tablet=\u00bb50px|0|50px|0&#8243; transparent_background=\u00bboff\u00bb padding_mobile=\u00bboff\u00bb make_fullwidth=\u00bboff\u00bb use_custom_width=\u00bboff\u00bb width_unit=\u00bbon\u00bb global_colors_info=\u00bb{}\u00bb custom_padding_phone=\u00bb50px|0|50px|0&#8243;][et_pb_column type=\u00bb2_3&#8243; specialty_columns=\u00bb2&#8243; _builder_version=\u00bb4.16&#8243; custom_padding=\u00bb|||\u00bb global_colors_info=\u00bb{}\u00bb custom_padding__hover=\u00bb|||\u00bb][et_pb_row_inner padding_mobile=\u00bboff\u00bb column_padding_mobile=\u00bbon\u00bb admin_label=\u00bbFila\u00bb _builder_version=\u00bb4.16&#8243; custom_padding=\u00bb0px|||\u00bb global_colors_info=\u00bb{}\u00bb][et_pb_column_inner saved_specialty_column_type=\u00bb2_3&#8243; _builder_version=\u00bb4.16&#8243; custom_padding=\u00bb|||\u00bb global_colors_info=\u00bb{}\u00bb custom_padding__hover=\u00bb|||\u00bb][et_pb_text admin_label=\u00bbText\u00bb _builder_version=\u00bb4.16&#8243; background_size=\u00bbinitial\u00bb background_position=\u00bbtop_left\u00bb background_repeat=\u00bbrepeat\u00bb global_colors_info=\u00bb{}\u00bb]<\/p>\n<p style=\"text-align: justify;\">Tras s\u00f3lo un a\u00f1o de su creaci\u00f3n, la Asociaci\u00f3n Olivar y Aceite contin\u00faa con su labor de <strong>divulgaci\u00f3n y promoci\u00f3n sobre el Aceite de Oliva<\/strong> de nuestra provincia y registra un crecimiento notable en cuanto al n\u00famero de asociados, lo que se traduce en la captaci\u00f3n de 9 nuevos socios. El organismo aglutina en la actualidad a 27 empresas, entre las que se encuentran Empresas Productoras y Comercializadoras de Aceite de Oliva, Asociaciones, Empresas de Cosm\u00e9tica, Restaurantes o Empresas de Servicios Tur\u00edsticos.<\/p>\n<p style=\"text-align: justify;\">Recientemente el Centro de Interpretaci\u00f3n Olivar y Aceite en \u00dabeda <strong>ha acogido las presentaciones en nuestra tienda de AOVE<\/strong> de las nuevas empresas que se han unido a la Asociaci\u00f3n Olivar y Aceite , gestora del Centro de Interpretaci\u00f3n.\u00a0\u00a0Las empresas que se incorporan a la asociaci\u00f3n han sido:<\/p>\n<p style=\"text-align: justify;\"><a href=\"https:\/\/i0.wp.com\/centrodeolivaryaceite.com\/wp-content\/uploads\/2013\/07\/jaencoop.jpg\"><img data-recalc-dims=\"1\" loading=\"lazy\" decoding=\"async\" data-attachment-id=\"2515\" data-permalink=\"https:\/\/centrodeolivaryaceite.com\/es\/jaencoop\/\" data-orig-file=\"https:\/\/i0.wp.com\/centrodeolivaryaceite.com\/wp-content\/uploads\/2013\/07\/jaencoop.jpg?fit=160%2C120&amp;ssl=1\" data-orig-size=\"160,120\" data-comments-opened=\"1\" data-image-meta=\"{&quot;aperture&quot;:&quot;0&quot;,&quot;credit&quot;:&quot;&quot;,&quot;camera&quot;:&quot;&quot;,&quot;caption&quot;:&quot;&quot;,&quot;created_timestamp&quot;:&quot;0&quot;,&quot;copyright&quot;:&quot;&quot;,&quot;focal_length&quot;:&quot;0&quot;,&quot;iso&quot;:&quot;0&quot;,&quot;shutter_speed&quot;:&quot;0&quot;,&quot;title&quot;:&quot;&quot;,&quot;orientation&quot;:&quot;0&quot;}\" data-image-title=\"jaencoop\" data-image-description=\"\" data-image-caption=\"\" data-medium-file=\"https:\/\/i0.wp.com\/centrodeolivaryaceite.com\/wp-content\/uploads\/2013\/07\/jaencoop.jpg?fit=160%2C120&amp;ssl=1\" data-large-file=\"https:\/\/i0.wp.com\/centrodeolivaryaceite.com\/wp-content\/uploads\/2013\/07\/jaencoop.jpg?fit=160%2C120&amp;ssl=1\" class=\"aligncenter size-full wp-image-2515\" src=\"https:\/\/i0.wp.com\/centrodeolivaryaceite.com\/wp-content\/uploads\/2013\/07\/jaencoop.jpg?resize=160%2C120\" alt=\"jaencoop\" width=\"160\" height=\"120\" \/><\/a><\/p>\n<p style=\"text-align: justify;\">Jaencoop (Villanueva del Arzobispo) \/ Envasado de AOVE: Sociedad Cooperativa de Segundo Grado que agrupa a\u00a0 8.000 olivareros y varias cooperativas ole\u00edcolas de las comarcas de La Loma, Sierra de Segura, Sierra de Cazorla, Sierra de las Villas y El Condado y que actualmente es la segunda mayor productora ole\u00edcola. Comercializa m\u00e1s de 50 millones de kilos de aceite y factura 80 millones de euros anualmente.<\/p>\n<p style=\"text-align: justify;\">\u00a0<a href=\"https:\/\/i0.wp.com\/centrodeolivaryaceite.com\/wp-content\/uploads\/2013\/07\/notaliv.png\"><img data-recalc-dims=\"1\" loading=\"lazy\" decoding=\"async\" data-attachment-id=\"2888\" data-permalink=\"https:\/\/centrodeolivaryaceite.com\/es\/notaliv\/\" data-orig-file=\"https:\/\/i0.wp.com\/centrodeolivaryaceite.com\/wp-content\/uploads\/2013\/07\/notaliv.png?fit=358%2C120&amp;ssl=1\" data-orig-size=\"358,120\" data-comments-opened=\"1\" data-image-meta=\"{&quot;aperture&quot;:&quot;0&quot;,&quot;credit&quot;:&quot;&quot;,&quot;camera&quot;:&quot;&quot;,&quot;caption&quot;:&quot;&quot;,&quot;created_timestamp&quot;:&quot;0&quot;,&quot;copyright&quot;:&quot;&quot;,&quot;focal_length&quot;:&quot;0&quot;,&quot;iso&quot;:&quot;0&quot;,&quot;shutter_speed&quot;:&quot;0&quot;,&quot;title&quot;:&quot;&quot;,&quot;orientation&quot;:&quot;0&quot;}\" data-image-title=\"notaliv\" data-image-description=\"\" data-image-caption=\"\" data-medium-file=\"https:\/\/i0.wp.com\/centrodeolivaryaceite.com\/wp-content\/uploads\/2013\/07\/notaliv.png?fit=300%2C101&amp;ssl=1\" data-large-file=\"https:\/\/i0.wp.com\/centrodeolivaryaceite.com\/wp-content\/uploads\/2013\/07\/notaliv.png?fit=358%2C120&amp;ssl=1\" class=\"aligncenter wp-image-2888\" src=\"https:\/\/i0.wp.com\/centrodeolivaryaceite.com\/wp-content\/uploads\/2013\/07\/notaliv.png?resize=215%2C72\" alt=\"notaliv\" width=\"215\" height=\"72\" srcset=\"https:\/\/i0.wp.com\/centrodeolivaryaceite.com\/wp-content\/uploads\/2013\/07\/notaliv.png?w=358&amp;ssl=1 358w, https:\/\/i0.wp.com\/centrodeolivaryaceite.com\/wp-content\/uploads\/2013\/07\/notaliv.png?resize=300%2C101&amp;ssl=1 300w\" sizes=\"(max-width: 215px) 100vw, 215px\" \/><\/a><\/p>\n<p style=\"text-align: justify;\">Notaliv (Villacarrillo) \/ Cosm\u00e9tica con AOVE: Empresa de Cosm\u00e9tica Natural fabricante de productos elaborados con Aceite de Oliva Virgen Extra. Empresa, creada por tres mujeres emprendedoras Villacarillo, fabrica productos cien por cien naturales elaborados en un setenta por ciento con aceite de oliva virgen extra y el resto con esencias naturales de temporada.<\/p>\n<p style=\"text-align: justify;\"><a href=\"http:\/\/www.castillodesabiote.com\/\"><img data-recalc-dims=\"1\" loading=\"lazy\" decoding=\"async\" class=\"aligncenter\" src=\"https:\/\/i0.wp.com\/centrodeolivaryaceite.com\/wp-content\/uploads\/2013\/07\/CASTILLO-DE-SABIOTE.jpg?resize=150%2C147\" alt=\"CASTILLO DE SABIOTE\" width=\"150\" height=\"147\" \/><\/a><\/p>\n<p style=\"text-align: justify;\">Castillo de Sabiote (Sabiote) \/ Elaboraci\u00f3n y Envasado con AOVE: Comienza su andadura en la campa\u00f1a 2004\/2005, un nuevo proyecto empresarial en Sabiote provincia de Ja\u00e9n CASTILLO DE SABIOTE SL,\u00a0 Almazara y envasadora de Aceite de Oliva Virgen Extra. Cuenta con diferentes modelos de envase tanto en AOVE filtrado como sin filtrar.<\/p>\n<p style=\"text-align: justify;\"><a href=\"http:\/\/artechocchocolates.blogspot.com.es\/\"><img data-recalc-dims=\"1\" loading=\"lazy\" decoding=\"async\" class=\"aligncenter\" src=\"https:\/\/i0.wp.com\/centrodeolivaryaceite.com\/wp-content\/uploads\/2013\/07\/artechoc.jpg?resize=132%2C120\" alt=\"artechoc\" width=\"132\" height=\"120\" \/><\/a><\/p>\n<p style=\"text-align: justify;\">Artechoc (Baeza) \/ Elaboraci\u00f3n de chocolates con AOVE: Peque\u00f1a empresa familiar dedicada a la elaboraci\u00f3n artesanal de chocolates. Aprovechando la privilegiada ubicaci\u00f3n en Baeza, rodeados por m\u00e1s de 60 millones de olivos, hacen del aceite de oliva virgen extra el ingrediente caracter\u00edstico en todos sus chocolates. Entre sus elaboraciones se pueden encontrar chocolates macizos y rellenos con diferentes cremas elaboradas con recetas propias.<\/p>\n<p style=\"text-align: justify;\"><a href=\"http:\/\/www.puertadelasvillas.com\/\"><img data-recalc-dims=\"1\" loading=\"lazy\" decoding=\"async\" class=\"aligncenter\" src=\"https:\/\/i0.wp.com\/centrodeolivaryaceite.com\/wp-content\/uploads\/2013\/07\/SCA-San-Vicente.png?resize=176%2C120\" alt=\"SCA San Vicente\" width=\"176\" height=\"120\" \/><\/a><\/p>\n<p style=\"text-align: justify;\">SCA San Vicente (Mog\u00f3n) \/ Elaboraci\u00f3n y Envasado con AOVE: Cooperativa San Vicente de Mog\u00f3n innovadora y con gran trayectoria en elaboraci\u00f3n de AOVEs y que se ha convertido en \u00abpionera\u00bb en la provincia de Ja\u00e9n en la producci\u00f3n de aceite de oliva con el sello de calidad kosher para el mercado jud\u00edo adem\u00e1s de crear un marca para su AOVE de recolecci\u00f3n temprana, Puerta de las Villas.<\/p>\n<p style=\"text-align: justify;\"><a href=\"http:\/\/www.gruporaicesdejaen.com\/\"><img data-recalc-dims=\"1\" loading=\"lazy\" decoding=\"async\" class=\"aligncenter\" src=\"https:\/\/i0.wp.com\/centrodeolivaryaceite.com\/wp-content\/uploads\/2013\/07\/Logo_Ra%C3%ADciesdeJa%C3%A9n-01.jpg?resize=152%2C120\" alt=\"RGB b\u00e1sico\" width=\"152\" height=\"120\" \/><\/a><\/p>\n<p style=\"text-align: justify;\">Grupo Ra\u00edces de Ja\u00e9n (Canena) \/ Envasado de AOVE: Empresa comercializadora de Aceites de Oliva ubicada en la localidad de Canena y que recientemente comienza su andadura. En la actualidad posee varias marcas y productos en relaci\u00f3n al Aceite de Oliva, contando con un AOVE de gama Premium denominado Corona Condado y un AOVE de cultivo ecol\u00f3gico denominado \u201cLa Minilla\u201d.<\/p>\n<p style=\"text-align: justify;\"><a href=\"http:\/\/www.sierradegenave.es\/\" target=\"_blank\" rel=\"noopener\"><img data-recalc-dims=\"1\" loading=\"lazy\" decoding=\"async\" class=\"aligncenter\" src=\"https:\/\/i0.wp.com\/centrodeolivaryaceite.com\/wp-content\/uploads\/2013\/07\/Sierra-de-Genave.png?resize=166%2C120\" alt=\"Sierra de Genave\" width=\"166\" height=\"120\" \/><\/a><\/p>\n<p style=\"text-align: justify;\">SCA Sierra de G\u00e9nave: Fundada en 1989, cuenta en la actualidad con m\u00e1s de 100 socios y unas 2.000 hect\u00e1reas de producci\u00f3n \u00a0dedicadas exclusivamente a la producci\u00f3n de aceituna ecol\u00f3gica, y su aceite ecol\u00f3gico llega \u00aba los principales mercados nacionales e internacionales\u00bb. En la actualidad comercializa AOVE de gama premium y grandes formatos siendo una de las marcas m\u00e1s conocidas en AOVE ecol\u00f3gico a nivel estatal.<\/p>\n<p style=\"text-align: justify;\"><a href=\"http:\/\/www.fococonsultores.es\/\" target=\"_blank\" rel=\"noopener\"><img data-recalc-dims=\"1\" loading=\"lazy\" decoding=\"async\" class=\"aligncenter\" src=\"https:\/\/i0.wp.com\/centrodeolivaryaceite.com\/wp-content\/uploads\/2013\/07\/FOCO.jpg?resize=121%2C120\" alt=\"FO&amp;CO\" width=\"121\" height=\"120\" \/><\/a><\/p>\n<p style=\"text-align: justify;\">FO&amp;CO Consultores: FO&amp;CO Consultores fue fundada en el a\u00f1o 1996, por un equipo de profesionales de diferentes sectores. La principal baza y fuerza de foco consultores es la capacidad de los profesionales que lo componen para compartir sus distintas habilidades para con sus respectivos clientes. Los principales valores y principios en los que se basa nuestra empresa son: la Transparencia, el Respeto, el Servicio al cliente y el Compromiso y Lealtad.<\/p>\n<p style=\"text-align: justify;\"><a href=\"http:\/\/www.artesaniadeubeda.com\/\" target=\"_blank\" rel=\"noopener\"><img loading=\"lazy\" decoding=\"async\" class=\"aligncenter\" src=\"http:\/\/centrodeolivaryaceite.com\/wp-content\/uploads\/2013\/07\/ARTESANOS.bmp\" alt=\"ARTESANOS\" width=\"358\" height=\"71\" \/><\/a><\/p>\n<p style=\"text-align: justify;\">Asociaci\u00f3n de Artesanos de \u00dabeda: La Asociaci\u00f3n de Artesanos de \u00dabeda, nace aproximadamente a finales de los a\u00f1os 70, actualmente cuenta con aproximadamente 30 socios, artesanos de la ciudad. El objetivo de la asociaci\u00f3n es el de unir fuerzas a la hora de conseguir unos objetivos que individualmente complicados. Siendo un ejemplo de colaboraci\u00f3n entre artesan\u00edas y artesanos que altruistamente y por el bien com\u00fan, trabajan para revalorizar y divulgar unos de los bienes culturales m\u00e1s importantes de la ciudad de \u00dabeda: la Artesan\u00eda.<\/p>\n<p>[\/et_pb_text][et_pb_comments admin_label=\u00bbComentarios\u00bb _builder_version=\u00bb4.16&#8243; use_border_color=\u00bboff\u00bb border_color=\u00bb#ffffff\u00bb border_style=\u00bbsolid\u00bb button_letter_spacing_hover=\u00bb0&#8243; global_colors_info=\u00bb{}\u00bb button_text_size__hover_enabled=\u00bboff\u00bb button_one_text_size__hover_enabled=\u00bboff\u00bb button_two_text_size__hover_enabled=\u00bboff\u00bb button_text_color__hover_enabled=\u00bboff\u00bb button_one_text_color__hover_enabled=\u00bboff\u00bb button_two_text_color__hover_enabled=\u00bboff\u00bb button_border_width__hover_enabled=\u00bboff\u00bb button_one_border_width__hover_enabled=\u00bboff\u00bb button_two_border_width__hover_enabled=\u00bboff\u00bb button_border_color__hover_enabled=\u00bboff\u00bb button_one_border_color__hover_enabled=\u00bboff\u00bb button_two_border_color__hover_enabled=\u00bboff\u00bb button_border_radius__hover_enabled=\u00bboff\u00bb button_one_border_radius__hover_enabled=\u00bboff\u00bb button_two_border_radius__hover_enabled=\u00bboff\u00bb button_letter_spacing__hover_enabled=\u00bbon\u00bb button_letter_spacing__hover=\u00bb0&#8243; button_one_letter_spacing__hover_enabled=\u00bboff\u00bb button_two_letter_spacing__hover_enabled=\u00bboff\u00bb button_bg_color__hover_enabled=\u00bboff\u00bb button_one_bg_color__hover_enabled=\u00bboff\u00bb button_two_bg_color__hover_enabled=\u00bboff\u00bb] [\/et_pb_comments][\/et_pb_column_inner][\/et_pb_row_inner][\/et_pb_column][et_pb_column type=\u00bb1_3&#8243; _builder_version=\u00bb4.16&#8243; custom_padding=\u00bb|||\u00bb global_colors_info=\u00bb{}\u00bb custom_padding__hover=\u00bb|||\u00bb][et_pb_sidebar orientation=\u00bbright\u00bb area=\u00bbsidebar-1&#8243; admin_label=\u00bbBarra lateral\u00bb _builder_version=\u00bb4.16&#8243; remove_border=\u00bboff\u00bb global_colors_info=\u00bb{}\u00bb] [\/et_pb_sidebar][\/et_pb_column][\/et_pb_section][et_pb_section fb_built=\u00bb1&#8243; custom_padding_last_edited=\u00bbon|desktop\u00bb disabled_on=\u00bbon|on|on\u00bb admin_label=\u00bbSecci\u00f3n\u00bb _builder_version=\u00bb3.0.92&#8243; background_color=\u00bb#dedacf\u00bb custom_padding_tablet=\u00bb50px|0|50px|0&#8243; transparent_background=\u00bboff\u00bb padding_mobile=\u00bboff\u00bb make_fullwidth=\u00bboff\u00bb use_custom_width=\u00bboff\u00bb width_unit=\u00bbon\u00bb disabled=\u00bbon\u00bb global_module=\u00bb5116&#8243; collapsed=\u00bboff\u00bb global_colors_info=\u00bb{}\u00bb custom_padding_phone=\u00bb50px|0|50px|0&#8243;][et_pb_row _builder_version=\u00bb4.16&#8243; global_colors_info=\u00bb{}\u00bb][et_pb_column type=\u00bb4_4&#8243; _builder_version=\u00bb4.16&#8243; custom_padding=\u00bb|||\u00bb global_colors_info=\u00bb{}\u00bb custom_padding__hover=\u00bb|||\u00bb][\/et_pb_column][\/et_pb_row][\/et_pb_section][et_pb_section fb_built=\u00bb1&#8243; custom_padding_last_edited=\u00bbon|desktop\u00bb admin_label=\u00bbSecci\u00f3n\u00bb _builder_version=\u00bb3.22&#8243; background_color=\u00bb#ffffff\u00bb custom_padding=\u00bb10px||0px|\u00bb custom_padding_tablet=\u00bb50px|0|50px|0&#8243; transparent_background=\u00bboff\u00bb padding_mobile=\u00bboff\u00bb make_fullwidth=\u00bboff\u00bb use_custom_width=\u00bboff\u00bb width_unit=\u00bbon\u00bb global_module=\u00bb5115&#8243; collapsed=\u00bboff\u00bb global_colors_info=\u00bb{}\u00bb custom_padding_phone=\u00bb50px|0|50px|0&#8243;][et_pb_row padding_mobile=\u00bboff\u00bb column_padding_mobile=\u00bbon\u00bb _builder_version=\u00bb4.16&#8243; background_size=\u00bbinitial\u00bb background_position=\u00bbtop_left\u00bb background_repeat=\u00bbrepeat\u00bb max_width=\u00bb1080px\u00bb custom_padding=\u00bb0px||0px|\u00bb make_fullwidth=\u00bboff\u00bb use_custom_width=\u00bboff\u00bb width_unit=\u00bbon\u00bb global_colors_info=\u00bb{}\u00bb][\/et_pb_row][\/et_pb_section]<\/p>\n","protected":false},"excerpt":{"rendered":"<p>Tras s\u00f3lo un a\u00f1o de su creaci\u00f3n, la Asociaci\u00f3n Olivar y Aceite contin\u00faa con su labor de divulgaci\u00f3n y promoci\u00f3n sobre el Aceite de Oliva de nuestra provincia y registra un crecimiento notable en cuanto al n\u00famero de asociados, lo que se traduce en la captaci\u00f3n de 9 nuevos socios. El organismo aglutina en la [&hellip;]<\/p>\n","protected":false},"author":1,"featured_media":3148,"comment_status":"open","ping_status":"open","sticky":false,"template":"","format":"standard","meta":{"_et_pb_use_builder":"on","_et_pb_old_content":"<p style=\"text-align: justify;\">Tras s\u00f3lo un a\u00f1o de su creaci\u00f3n, la Asociaci\u00f3n Olivar y Aceite contin\u00faa con su labor de <strong>divulgaci\u00f3n y promoci\u00f3n sobre el Aceite de Oliva<\/strong> de nuestra provincia y registra un crecimiento notable en cuanto al n\u00famero de asociados, lo que se traduce en la captaci\u00f3n de 9 nuevos socios. El organismo aglutina en la actualidad a 27 empresas, entre las que se encuentran Empresas Productoras y Comercializadoras de Aceite de Oliva, Asociaciones, Empresas de Cosm\u00e9tica, Restaurantes o Empresas de Servicios Tur\u00edsticos.<\/p><p style=\"text-align: justify;\">Recientemente el Centro de Interpretaci\u00f3n Olivar y Aceite en \u00dabeda <strong>ha acogido las presentaciones en nuestra tienda de AOVE<\/strong> de las nuevas empresas que se han unido a la Asociaci\u00f3n Olivar y Aceite , gestora del Centro de Interpretaci\u00f3n.\u00a0\u00a0Las empresas que se incorporan a la asociaci\u00f3n han sido:<\/p><p style=\"text-align: justify;\"><a href=\"http:\/\/centrodeolivaryaceite.com\/wp-content\/uploads\/2013\/07\/jaencoop.jpg\"><img class=\"aligncenter size-full wp-image-2515\" src=\"http:\/\/centrodeolivaryaceite.com\/wp-content\/uploads\/2013\/07\/jaencoop.jpg\" alt=\"jaencoop\" width=\"160\" height=\"120\" \/><\/a><\/p><p style=\"text-align: justify;\">Jaencoop (Villanueva del Arzobispo) \/ Envasado de AOVE: Sociedad Cooperativa de Segundo Grado que agrupa a\u00a0 8.000 olivareros y varias cooperativas ole\u00edcolas de las comarcas de La Loma, Sierra de Segura, Sierra de Cazorla, Sierra de las Villas y El Condado y que actualmente es la segunda mayor productora ole\u00edcola. Comercializa m\u00e1s de 50 millones de kilos de aceite y factura 80 millones de euros anualmente.<\/p><p style=\"text-align: justify;\">\u00a0<a href=\"https:\/\/centrodeolivaryaceite.com\/wp-content\/uploads\/2013\/07\/notaliv.png\"><img class=\"aligncenter wp-image-2888\" src=\"https:\/\/centrodeolivaryaceite.com\/wp-content\/uploads\/2013\/07\/notaliv.png\" alt=\"notaliv\" width=\"215\" height=\"72\" \/><\/a><\/p><p style=\"text-align: justify;\">Notaliv (Villacarrillo) \/ Cosm\u00e9tica con AOVE: Empresa de Cosm\u00e9tica Natural fabricante de productos elaborados con Aceite de Oliva Virgen Extra. Empresa, creada por tres mujeres emprendedoras Villacarillo, fabrica productos cien por cien naturales elaborados en un setenta por ciento con aceite de oliva virgen extra y el resto con esencias naturales de temporada.<\/p><p style=\"text-align: justify;\"><a href=\"http:\/\/www.castillodesabiote.com\/\"><img class=\"aligncenter\" src=\"http:\/\/centrodeolivaryaceite.com\/wp-content\/uploads\/2013\/07\/CASTILLO-DE-SABIOTE.jpg\" alt=\"CASTILLO DE SABIOTE\" width=\"150\" height=\"147\" \/><\/a><\/p><p style=\"text-align: justify;\">Castillo de Sabiote (Sabiote) \/ Elaboraci\u00f3n y Envasado con AOVE: Comienza su andadura en la campa\u00f1a 2004\/2005, un nuevo proyecto empresarial en Sabiote provincia de Ja\u00e9n CASTILLO DE SABIOTE SL,\u00a0 Almazara y envasadora de Aceite de Oliva Virgen Extra. Cuenta con diferentes modelos de envase tanto en AOVE filtrado como sin filtrar.<\/p><p style=\"text-align: justify;\"><a href=\"http:\/\/artechocchocolates.blogspot.com.es\/\"><img class=\"aligncenter\" src=\"http:\/\/centrodeolivaryaceite.com\/wp-content\/uploads\/2013\/07\/artechoc.jpg\" alt=\"artechoc\" width=\"132\" height=\"120\" \/><\/a><\/p><p style=\"text-align: justify;\">Artechoc (Baeza) \/ Elaboraci\u00f3n de chocolates con AOVE: Peque\u00f1a empresa familiar dedicada a la elaboraci\u00f3n artesanal de chocolates. Aprovechando la privilegiada ubicaci\u00f3n en Baeza, rodeados por m\u00e1s de 60 millones de olivos, hacen del aceite de oliva virgen extra el ingrediente caracter\u00edstico en todos sus chocolates. Entre sus elaboraciones se pueden encontrar chocolates macizos y rellenos con diferentes cremas elaboradas con recetas propias.<\/p><p style=\"text-align: justify;\"><a href=\"http:\/\/www.puertadelasvillas.com\/\"><img class=\"aligncenter\" src=\"http:\/\/centrodeolivaryaceite.com\/wp-content\/uploads\/2013\/07\/SCA-San-Vicente.png\" alt=\"SCA San Vicente\" width=\"176\" height=\"120\" \/><\/a><\/p><p style=\"text-align: justify;\">SCA San Vicente (Mog\u00f3n) \/ Elaboraci\u00f3n y Envasado con AOVE: Cooperativa San Vicente de Mog\u00f3n innovadora y con gran trayectoria en elaboraci\u00f3n de AOVEs y que se ha convertido en \"pionera\" en la provincia de Ja\u00e9n en la producci\u00f3n de aceite de oliva con el sello de calidad kosher para el mercado jud\u00edo adem\u00e1s de crear un marca para su AOVE de recolecci\u00f3n temprana, Puerta de las Villas.<\/p><p style=\"text-align: justify;\"><a href=\"http:\/\/www.gruporaicesdejaen.com\/\"><img class=\"aligncenter\" src=\"http:\/\/centrodeolivaryaceite.com\/wp-content\/uploads\/2013\/07\/Logo_Ra\u00edciesdeJa\u00e9n-01.jpg\" alt=\"RGB b\u00e1sico\" width=\"152\" height=\"120\" \/><\/a><\/p><p style=\"text-align: justify;\">Grupo Ra\u00edces de Ja\u00e9n (Canena) \/ Envasado de AOVE: Empresa comercializadora de Aceites de Oliva ubicada en la localidad de Canena y que recientemente comienza su andadura. En la actualidad posee varias marcas y productos en relaci\u00f3n al Aceite de Oliva, contando con un AOVE de gama Premium denominado Corona Condado y un AOVE de cultivo ecol\u00f3gico denominado \u201cLa Minilla\u201d.<\/p><p style=\"text-align: justify;\"><a href=\"http:\/\/www.sierradegenave.es\/\" target=\"_blank\"><img class=\"aligncenter\" src=\"http:\/\/centrodeolivaryaceite.com\/wp-content\/uploads\/2013\/07\/Sierra-de-Genave.png\" alt=\"Sierra de Genave\" width=\"166\" height=\"120\" \/><\/a><\/p><p style=\"text-align: justify;\">SCA Sierra de G\u00e9nave: Fundada en 1989, cuenta en la actualidad con m\u00e1s de 100 socios y unas 2.000 hect\u00e1reas de producci\u00f3n \u00a0dedicadas exclusivamente a la producci\u00f3n de aceituna ecol\u00f3gica, y su aceite ecol\u00f3gico llega \"a los principales mercados nacionales e internacionales\". En la actualidad comercializa AOVE de gama premium y grandes formatos siendo una de las marcas m\u00e1s conocidas en AOVE ecol\u00f3gico a nivel estatal.<\/p><p style=\"text-align: justify;\"><a href=\"http:\/\/www.fococonsultores.es\/\" target=\"_blank\"><img class=\"aligncenter\" src=\"http:\/\/centrodeolivaryaceite.com\/wp-content\/uploads\/2013\/07\/FOCO.jpg\" alt=\"FO&CO\" width=\"121\" height=\"120\" \/><\/a><\/p><p style=\"text-align: justify;\">FO&CO Consultores: FO&CO Consultores fue fundada en el a\u00f1o 1996, por un equipo de profesionales de diferentes sectores. La principal baza y fuerza de foco consultores es la capacidad de los profesionales que lo componen para compartir sus distintas habilidades para con sus respectivos clientes. Los principales valores y principios en los que se basa nuestra empresa son: la Transparencia, el Respeto, el Servicio al cliente y el Compromiso y Lealtad.<\/p><p style=\"text-align: justify;\"><a href=\"http:\/\/www.artesaniadeubeda.com\/\" target=\"_blank\"><img class=\"aligncenter\" src=\"http:\/\/centrodeolivaryaceite.com\/wp-content\/uploads\/2013\/07\/ARTESANOS.bmp\" alt=\"ARTESANOS\" width=\"358\" height=\"71\" \/><\/a><\/p><p style=\"text-align: justify;\">Asociaci\u00f3n de Artesanos de \u00dabeda: La Asociaci\u00f3n de Artesanos de \u00dabeda, nace aproximadamente a finales de los a\u00f1os 70, actualmente cuenta con aproximadamente 30 socios, artesanos de la ciudad. El objetivo de la asociaci\u00f3n es el de unir fuerzas a la hora de conseguir unos objetivos que individualmente complicados. Siendo un ejemplo de colaboraci\u00f3n entre artesan\u00edas y artesanos que altruistamente y por el bien com\u00fan, trabajan para revalorizar y divulgar unos de los bienes culturales m\u00e1s importantes de la ciudad de \u00dabeda: la Artesan\u00eda.<\/p>","_et_gb_content_width":"","_jetpack_memberships_contains_paid_content":false,"footnotes":""},"categories":[1],"tags":[],"class_list":["post-3137","post","type-post","status-publish","format-standard","has-post-thumbnail","hentry","category-general"],"jetpack_featured_media_url":"https:\/\/i0.wp.com\/centrodeolivaryaceite.com\/wp-content\/uploads\/2014\/04\/IMAG1169.jpg?fit=1275%2C763&ssl=1","jetpack_sharing_enabled":true,"jetpack_shortlink":"https:\/\/wp.me\/p95A9q-OB","_links":{"self":[{"href":"https:\/\/centrodeolivaryaceite.com\/es\/wp-json\/wp\/v2\/posts\/3137\/"}],"collection":[{"href":"https:\/\/centrodeolivaryaceite.com\/es\/wp-json\/wp\/v2\/posts\/"}],"about":[{"href":"https:\/\/centrodeolivaryaceite.com\/es\/wp-json\/wp\/v2\/types\/post\/"}],"author":[{"embeddable":true,"href":"https:\/\/centrodeolivaryaceite.com\/es\/wp-json\/wp\/v2\/users\/1\/"}],"replies":[{"embeddable":true,"href":"https:\/\/centrodeolivaryaceite.com\/es\/wp-json\/wp\/v2\/comments\/?post=3137"}],"version-history":[{"count":0,"href":"https:\/\/centrodeolivaryaceite.com\/es\/wp-json\/wp\/v2\/posts\/3137\/revisions\/"}],"wp:featuredmedia":[{"embeddable":true,"href":"https:\/\/centrodeolivaryaceite.com\/es\/wp-json\/wp\/v2\/media\/3148\/"}],"wp:attachment":[{"href":"https:\/\/centrodeolivaryaceite.com\/es\/wp-json\/wp\/v2\/media\/?parent=3137"}],"wp:term":[{"taxonomy":"category","embeddable":true,"href":"https:\/\/centrodeolivaryaceite.com\/es\/wp-json\/wp\/v2\/categories\/?post=3137"},{"taxonomy":"post_tag","embeddable":true,"href":"https:\/\/centrodeolivaryaceite.com\/es\/wp-json\/wp\/v2\/tags\/?post=3137"}],"curies":[{"name":"wp","href":"https:\/\/api.w.org\/{rel}","templated":true}]}}