{"id":3149,"date":"2014-04-17T11:58:12","date_gmt":"2014-04-17T11:58:12","guid":{"rendered":"http:\/\/centrodeolivaryaceitelaloma.com\/copiablog\/?p=3149"},"modified":"2022-07-29T10:42:21","modified_gmt":"2022-07-29T10:42:21","slug":"acabamos-esta-nueva-edicion-de-los-talleres-de-cocina-para-ninos-y-adultos","status":"publish","type":"post","link":"https:\/\/centrodeolivaryaceite.com\/es\/acabamos-esta-nueva-edicion-de-los-talleres-de-cocina-para-ninos-y-adultos\/","title":{"rendered":"Acabamos esta nueva edici\u00f3n de los Talleres de Cocina para Ni\u00f1os y Adultos"},"content":{"rendered":"<p>[et_pb_section fb_built=\u00bb1&#8243; fullwidth=\u00bbon\u00bb custom_padding_last_edited=\u00bbon|desktop\u00bb admin_label=\u00bbSecci\u00f3n\u00bb _builder_version=\u00bb3.22&#8243; background_color=\u00bb#ffffff\u00bb background_image=\u00bbhttp:\/\/centrodeolivaryaceite.com\/wp-content\/uploads\/2016\/06\/page_header_bg_blue.jpg\u00bb custom_padding_tablet=\u00bb50px|0|50px|0&#8243; transparent_background=\u00bboff\u00bb padding_mobile=\u00bboff\u00bb make_fullwidth=\u00bboff\u00bb use_custom_width=\u00bboff\u00bb width_unit=\u00bbon\u00bb global_module=\u00bb5294&#8243; locked=\u00bboff\u00bb collapsed=\u00bboff\u00bb global_colors_info=\u00bb{}\u00bb custom_padding_phone=\u00bb50px|0|50px|0&#8243;][et_pb_fullwidth_post_title meta=\u00bboff\u00bb featured_image=\u00bboff\u00bb text_color=\u00bblight\u00bb text_background=\u00bbon\u00bb text_bg_color=\u00bbrgba(28,28,28,0.43)\u00bb admin_label=\u00bbT\u00edtulo\u00bb _builder_version=\u00bb4.17.6&#8243; _module_preset=\u00bbdefault\u00bb title_font=\u00bbRoboto Light||||\u00bb title_font_size=\u00bb35px\u00bb title_all_caps=\u00bbon\u00bb background_color=\u00bbrgba(255,255,255,0)\u00bb parallax=\u00bbon\u00bb parallax_method=\u00bboff\u00bb text_orientation=\u00bbcenter\u00bb use_border_color=\u00bboff\u00bb border_color=\u00bb#ffffff\u00bb border_style=\u00bbsolid\u00bb parallax_effect=\u00bbon\u00bb module_bg_color=\u00bbrgba(255,255,255,0)\u00bb global_colors_info=\u00bb{}\u00bb][\/et_pb_fullwidth_post_title][\/et_pb_section][et_pb_section fb_built=\u00bb1&#8243; custom_padding_last_edited=\u00bbon|desktop\u00bb admin_label=\u00bbSecci\u00f3n\u00bb _builder_version=\u00bb4.16&#8243; background_color=\u00bb#ffffff\u00bb custom_padding=\u00bb10px|||\u00bb custom_padding_tablet=\u00bb50px|0|50px|0&#8243; transparent_background=\u00bboff\u00bb padding_mobile=\u00bboff\u00bb make_fullwidth=\u00bboff\u00bb use_custom_width=\u00bboff\u00bb width_unit=\u00bbon\u00bb global_colors_info=\u00bb{}\u00bb custom_padding_phone=\u00bb50px|0|50px|0&#8243;][et_pb_row padding_mobile=\u00bboff\u00bb column_padding_mobile=\u00bbon\u00bb admin_label=\u00bbFila\u00bb _builder_version=\u00bb4.16&#8243; background_size=\u00bbinitial\u00bb background_position=\u00bbtop_left\u00bb background_repeat=\u00bbrepeat\u00bb custom_padding=\u00bb10px|||\u00bb make_fullwidth=\u00bboff\u00bb use_custom_width=\u00bboff\u00bb width_unit=\u00bbon\u00bb global_colors_info=\u00bb{}\u00bb][et_pb_column type=\u00bb4_4&#8243; _builder_version=\u00bb4.16&#8243; custom_padding=\u00bb|||\u00bb global_colors_info=\u00bb{}\u00bb custom_padding__hover=\u00bb|||\u00bb][et_pb_post_title title=\u00bboff\u00bb admin_label=\u00bbT\u00edtulo de publicaci\u00f3n\u00bb _builder_version=\u00bb4.16&#8243; title_all_caps=\u00bboff\u00bb background_color=\u00bbrgba(255,255,255,0)\u00bb parallax=\u00bbon\u00bb parallax_method=\u00bboff\u00bb use_border_color=\u00bboff\u00bb border_color=\u00bb#ffffff\u00bb border_style=\u00bbsolid\u00bb parallax_effect=\u00bbon\u00bb module_bg_color=\u00bbrgba(255,255,255,0)\u00bb global_colors_info=\u00bb{}\u00bb] [\/et_pb_post_title][\/et_pb_column][\/et_pb_row][\/et_pb_section][et_pb_section fb_built=\u00bb1&#8243; specialty=\u00bbon\u00bb custom_padding_last_edited=\u00bbon|desktop\u00bb parallax_method_1=\u00bboff\u00bb parallax_method_2=\u00bboff\u00bb admin_label=\u00bbSecci\u00f3n\u00bb _builder_version=\u00bb4.16&#8243; background_color=\u00bb#ffffff\u00bb custom_padding=\u00bb10px|||\u00bb custom_padding_tablet=\u00bb50px|0|50px|0&#8243; transparent_background=\u00bboff\u00bb padding_mobile=\u00bboff\u00bb make_fullwidth=\u00bboff\u00bb use_custom_width=\u00bboff\u00bb width_unit=\u00bbon\u00bb global_colors_info=\u00bb{}\u00bb custom_padding_phone=\u00bb50px|0|50px|0&#8243;][et_pb_column type=\u00bb2_3&#8243; specialty_columns=\u00bb2&#8243; _builder_version=\u00bb4.16&#8243; custom_padding=\u00bb|||\u00bb global_colors_info=\u00bb{}\u00bb custom_padding__hover=\u00bb|||\u00bb][et_pb_row_inner padding_mobile=\u00bboff\u00bb column_padding_mobile=\u00bbon\u00bb admin_label=\u00bbFila\u00bb _builder_version=\u00bb4.16&#8243; custom_padding=\u00bb0px|||\u00bb global_colors_info=\u00bb{}\u00bb][et_pb_column_inner saved_specialty_column_type=\u00bb2_3&#8243; _builder_version=\u00bb4.16&#8243; custom_padding=\u00bb|||\u00bb global_colors_info=\u00bb{}\u00bb custom_padding__hover=\u00bb|||\u00bb][et_pb_text admin_label=\u00bbText\u00bb _builder_version=\u00bb4.16&#8243; background_size=\u00bbinitial\u00bb background_position=\u00bbtop_left\u00bb background_repeat=\u00bbrepeat\u00bb global_colors_info=\u00bb{}\u00bb]El Centro de Interpretaci\u00f3n Olivar y Aceite contin\u00faa desarrollando su labor promocional del Aceite de Oliva Virgen Extra de nuestra tierra entre los <strong>visitantes que hacen turismo en \u00dabeda \u00a0y\u00a0<\/strong>que pasan unos d\u00edas en nuestras ciudades patrimonio de la humanidad a trav\u00e9s de un paseo por nuestro recorrido expositivo y museo ole\u00edcola.<\/p>\n<p>Adem\u00e1s, el Centro, ofrece otras actividades paralelas especialmente ideadas para los residentes en \u00dabeda y alrededores como, conferencias o formaci\u00f3n, as\u00ed como lo son los <strong>Talleres de Cocina para Ni\u00f1os y Adultos<\/strong> que se llevan desarrollando desde el mes de Marzo en nuestro Aula de Cocina.<\/p>\n<p><span style=\"line-height: 1.5em;\">En cuanto a los Talleres dedicados a los m\u00e1s peque\u00f1os, los objetivos de su realizaci\u00f3n radican en la promoci\u00f3n de la educaci\u00f3n nutricional a trav\u00e9s de la habilidades personales haci\u00e9ndoles part\u00edcipes\u00a0<\/span>activamente<span style=\"line-height: 1.5em;\">\u00a0de la cocina a la misma vez que desarrollan sus sentidos y su creatividad al manipular alimentos y elaborar recetas. Pero, no olvidemos que el fin principal es \u00a0tratar de inculcar\u00a0<\/span>h\u00e1bitos<span style=\"line-height: 1.5em;\">\u00a0saludables para una alimentaci\u00f3n sana y equilibrada, teniendo como referente principal el\u00a0Aceite de Oliva Virgen Extra.\u00a0<\/span><\/p>\n<p>Un aspecto positivo de estos Talleres es que han sido organizados por edades, llegando el caso de que los m\u00e1s peque\u00f1os (de 3 a 5 a\u00f1os) han podido compartir experiencias y estrechar lazos con sus padres. Con los m\u00e1s peque\u00f1os (6 a 10 a\u00f1os) se intentaba cocinar jugando fomentando a la vez la creatividad, la imaginaci\u00f3n y la autoestima y con aquellos ni\u00f1os con m\u00e1s edad (10 a 15 a\u00f1os) se inculcan t\u00e9cnicas gastron\u00f3micas que luego puedan aplicar en casa ayudando a preparar el almuerzo o la cena.\u00a0En esta ocasi\u00f3n los peque\u00f1os chefs han aprendido a elaborar recetas sencillas a la vez que atractivas para sus futuros comensales. Los m\u00e1s peque\u00f1os se deleitaron con Och\u00edos, Pan, Empanadas, Sandwiches, o Piruletas de chocolate y los m\u00e1s mayores con\u00a0Bolitas crujientes de calabac\u00edn, Hamburguesitas de pescado, \u00d1oquis caseros o Peritas de pur\u00e9 de patata. Adem\u00e1s todo lo que elaboraron, lo probaron y tambi\u00e9n pudieron llev\u00e1rselo a casa.<\/p>\n<p>Respecto a los Talleres para Adultos, adem\u00e1s de pasar un rato agradable aprendiendo y cocinando, han servido para que aquellos que lo hayan querido as\u00ed aumenten su curriculum profesional con la inclusi\u00f3n de esta actividad. Si bien el enfoque difer\u00eda respecto a los Talleres infantiles, una actividad m\u00e1s profesional, el objetivo primordial era <strong>disfrutar de la cocina basada en el Aceite de Oliva Virgen Extra<\/strong>. Recetas m\u00e1s t\u00e9cnicas, como Salmorejo de fresas con virutas de queso de cabra o Canel\u00f3n de calabac\u00edn relleno de queso brie, fueron las que se elaboraron.<\/p>\n<p>A\u00fan tenemos abierta una sesi\u00f3n del Taller de Peque\u00f1os Chefs para el d\u00eda 25 de Abril a las 17:00 para ni\u00f1os con edades comprendidas entre los 10 y 15 a\u00f1os. Si te das prisa a\u00fan puedes lograr tu plaza.<\/p>\n<p><span style=\"line-height: 1.5em;\">Y adem\u00e1s estamos preparando nuevas sesiones de talleres y actividades gastron\u00f3micas tras la Semana Santa. Os iremos informando. Estad atentos a nuestro Blog, Facebook y Twitter!!!<\/span><\/p>\n<p><div class=\"tiled-gallery type-rectangular tiled-gallery-unresized\" data-original-width=\"1080\" data-carousel-extra='{&quot;blog_id&quot;:1,&quot;permalink&quot;:&quot;https:\\\/\\\/centrodeolivaryaceite.com\\\/es\\\/acabamos-esta-nueva-edicion-de-los-talleres-de-cocina-para-ninos-y-adultos\\\/&quot;,&quot;likes_blog_id&quot;:134317632}' itemscope itemtype=\"http:\/\/schema.org\/ImageGallery\" > <div class=\"gallery-row\" style=\"width: 1080px; height: 888px;\" data-original-width=\"1080\" data-original-height=\"888\" > <div class=\"gallery-group images-1\" style=\"width: 667px; height: 888px;\" data-original-width=\"667\" data-original-height=\"888\" > <div class=\"tiled-gallery-item tiled-gallery-item-large\" itemprop=\"associatedMedia\" itemscope itemtype=\"http:\/\/schema.org\/ImageObject\"> <a href=\"https:\/\/centrodeolivaryaceite.com\/es\/acabamos-esta-nueva-edicion-de-los-talleres-de-cocina-para-ninos-y-adultos\/talleres-3\/\" border=\"0\" itemprop=\"url\"> <meta itemprop=\"width\" content=\"663\"> <meta itemprop=\"height\" content=\"884\"> <img decoding=\"async\" class=\"\" data-attachment-id=\"3162\" data-orig-file=\"https:\/\/centrodeolivaryaceite.com\/wp-content\/uploads\/2014\/04\/Talleres-3.jpg\" data-orig-size=\"540,720\" data-comments-opened=\"1\" data-image-meta=\"{&quot;aperture&quot;:&quot;0&quot;,&quot;credit&quot;:&quot;&quot;,&quot;camera&quot;:&quot;&quot;,&quot;caption&quot;:&quot;&quot;,&quot;created_timestamp&quot;:&quot;0&quot;,&quot;copyright&quot;:&quot;&quot;,&quot;focal_length&quot;:&quot;0&quot;,&quot;iso&quot;:&quot;0&quot;,&quot;shutter_speed&quot;:&quot;0&quot;,&quot;title&quot;:&quot;&quot;,&quot;orientation&quot;:&quot;0&quot;}\" data-image-title=\"Talleres 3\" data-image-description=\"\" data-medium-file=\"https:\/\/i0.wp.com\/centrodeolivaryaceite.com\/wp-content\/uploads\/2014\/04\/Talleres-3.jpg?fit=225%2C300&#038;ssl=1\" data-large-file=\"https:\/\/i0.wp.com\/centrodeolivaryaceite.com\/wp-content\/uploads\/2014\/04\/Talleres-3.jpg?fit=540%2C720&#038;ssl=1\" src=\"https:\/\/i0.wp.com\/centrodeolivaryaceite.com\/wp-content\/uploads\/2014\/04\/Talleres-3.jpg?w=663&#038;h=884&#038;ssl=1\" srcset=\"https:\/\/i0.wp.com\/centrodeolivaryaceite.com\/wp-content\/uploads\/2014\/04\/Talleres-3.jpg?w=540&amp;ssl=1 540w, https:\/\/i0.wp.com\/centrodeolivaryaceite.com\/wp-content\/uploads\/2014\/04\/Talleres-3.jpg?resize=225%2C300&amp;ssl=1 225w\" width=\"663\" height=\"884\" loading=\"lazy\" data-original-width=\"663\" data-original-height=\"884\" itemprop=\"http:\/\/schema.org\/image\" title=\"Talleres 3\" alt=\"Atentos a la receta\" style=\"width: 663px; height: 884px;\" \/> <\/a> <\/div> <\/div> <!-- close group --> <div class=\"gallery-group images-3\" style=\"width: 413px; height: 888px;\" data-original-width=\"413\" data-original-height=\"888\" > <div class=\"tiled-gallery-item tiled-gallery-item-large\" itemprop=\"associatedMedia\" itemscope itemtype=\"http:\/\/schema.org\/ImageObject\"> <a href=\"https:\/\/centrodeolivaryaceite.com\/es\/acabamos-esta-nueva-edicion-de-los-talleres-de-cocina-para-ninos-y-adultos\/talleres-4\/\" border=\"0\" itemprop=\"url\"> <meta itemprop=\"width\" content=\"409\"> <meta itemprop=\"height\" content=\"307\"> <img decoding=\"async\" class=\"\" data-attachment-id=\"3163\" data-orig-file=\"https:\/\/centrodeolivaryaceite.com\/wp-content\/uploads\/2014\/04\/Talleres-4.jpg\" data-orig-size=\"720,540\" data-comments-opened=\"1\" data-image-meta=\"{&quot;aperture&quot;:&quot;0&quot;,&quot;credit&quot;:&quot;&quot;,&quot;camera&quot;:&quot;&quot;,&quot;caption&quot;:&quot;&quot;,&quot;created_timestamp&quot;:&quot;0&quot;,&quot;copyright&quot;:&quot;&quot;,&quot;focal_length&quot;:&quot;0&quot;,&quot;iso&quot;:&quot;0&quot;,&quot;shutter_speed&quot;:&quot;0&quot;,&quot;title&quot;:&quot;&quot;,&quot;orientation&quot;:&quot;0&quot;}\" data-image-title=\"Talleres 4\" data-image-description=\"\" data-medium-file=\"https:\/\/i0.wp.com\/centrodeolivaryaceite.com\/wp-content\/uploads\/2014\/04\/Talleres-4.jpg?fit=300%2C225&#038;ssl=1\" data-large-file=\"https:\/\/i0.wp.com\/centrodeolivaryaceite.com\/wp-content\/uploads\/2014\/04\/Talleres-4.jpg?fit=720%2C540&#038;ssl=1\" src=\"https:\/\/i0.wp.com\/centrodeolivaryaceite.com\/wp-content\/uploads\/2014\/04\/Talleres-4.jpg?w=409&#038;h=307&#038;ssl=1\" srcset=\"https:\/\/i0.wp.com\/centrodeolivaryaceite.com\/wp-content\/uploads\/2014\/04\/Talleres-4.jpg?w=720&amp;ssl=1 720w, https:\/\/i0.wp.com\/centrodeolivaryaceite.com\/wp-content\/uploads\/2014\/04\/Talleres-4.jpg?resize=300%2C225&amp;ssl=1 300w, https:\/\/i0.wp.com\/centrodeolivaryaceite.com\/wp-content\/uploads\/2014\/04\/Talleres-4.jpg?resize=510%2C382&amp;ssl=1 510w\" width=\"409\" height=\"307\" loading=\"lazy\" data-original-width=\"409\" data-original-height=\"307\" itemprop=\"http:\/\/schema.org\/image\" title=\"Talleres 4\" alt=\"Talleres 4\" style=\"width: 409px; height: 307px;\" \/> <\/a> <\/div> <div class=\"tiled-gallery-item tiled-gallery-item-large\" itemprop=\"associatedMedia\" itemscope itemtype=\"http:\/\/schema.org\/ImageObject\"> <a href=\"https:\/\/centrodeolivaryaceite.com\/es\/acabamos-esta-nueva-edicion-de-los-talleres-de-cocina-para-ninos-y-adultos\/talleres-5\/\" border=\"0\" itemprop=\"url\"> <meta itemprop=\"width\" content=\"409\"> <meta itemprop=\"height\" content=\"307\"> <img decoding=\"async\" class=\"\" data-attachment-id=\"3164\" data-orig-file=\"https:\/\/centrodeolivaryaceite.com\/wp-content\/uploads\/2014\/04\/Talleres-5.jpg\" data-orig-size=\"720,540\" data-comments-opened=\"1\" data-image-meta=\"{&quot;aperture&quot;:&quot;0&quot;,&quot;credit&quot;:&quot;&quot;,&quot;camera&quot;:&quot;&quot;,&quot;caption&quot;:&quot;&quot;,&quot;created_timestamp&quot;:&quot;0&quot;,&quot;copyright&quot;:&quot;&quot;,&quot;focal_length&quot;:&quot;0&quot;,&quot;iso&quot;:&quot;0&quot;,&quot;shutter_speed&quot;:&quot;0&quot;,&quot;title&quot;:&quot;&quot;,&quot;orientation&quot;:&quot;0&quot;}\" data-image-title=\"Talleres 5\" data-image-description=\"\" data-medium-file=\"https:\/\/i0.wp.com\/centrodeolivaryaceite.com\/wp-content\/uploads\/2014\/04\/Talleres-5.jpg?fit=300%2C225&#038;ssl=1\" data-large-file=\"https:\/\/i0.wp.com\/centrodeolivaryaceite.com\/wp-content\/uploads\/2014\/04\/Talleres-5.jpg?fit=720%2C540&#038;ssl=1\" src=\"https:\/\/i0.wp.com\/centrodeolivaryaceite.com\/wp-content\/uploads\/2014\/04\/Talleres-5.jpg?w=409&#038;h=307&#038;ssl=1\" srcset=\"https:\/\/i0.wp.com\/centrodeolivaryaceite.com\/wp-content\/uploads\/2014\/04\/Talleres-5.jpg?w=720&amp;ssl=1 720w, https:\/\/i0.wp.com\/centrodeolivaryaceite.com\/wp-content\/uploads\/2014\/04\/Talleres-5.jpg?resize=300%2C225&amp;ssl=1 300w, https:\/\/i0.wp.com\/centrodeolivaryaceite.com\/wp-content\/uploads\/2014\/04\/Talleres-5.jpg?resize=510%2C382&amp;ssl=1 510w\" width=\"409\" height=\"307\" loading=\"lazy\" data-original-width=\"409\" data-original-height=\"307\" itemprop=\"http:\/\/schema.org\/image\" title=\"Talleres 5\" alt=\"Los peques cocinando\" style=\"width: 409px; height: 307px;\" \/> <\/a> <\/div> <div class=\"tiled-gallery-item tiled-gallery-item-large\" itemprop=\"associatedMedia\" itemscope itemtype=\"http:\/\/schema.org\/ImageObject\"> <a href=\"https:\/\/centrodeolivaryaceite.com\/es\/acabamos-esta-nueva-edicion-de-los-talleres-de-cocina-para-ninos-y-adultos\/talleres-6\/\" border=\"0\" itemprop=\"url\"> <meta itemprop=\"width\" content=\"409\"> <meta itemprop=\"height\" content=\"262\"> <img decoding=\"async\" class=\"\" data-attachment-id=\"3165\" data-orig-file=\"https:\/\/centrodeolivaryaceite.com\/wp-content\/uploads\/2014\/04\/Talleres-6.jpg\" data-orig-size=\"720,462\" data-comments-opened=\"1\" data-image-meta=\"{&quot;aperture&quot;:&quot;0&quot;,&quot;credit&quot;:&quot;&quot;,&quot;camera&quot;:&quot;&quot;,&quot;caption&quot;:&quot;&quot;,&quot;created_timestamp&quot;:&quot;0&quot;,&quot;copyright&quot;:&quot;&quot;,&quot;focal_length&quot;:&quot;0&quot;,&quot;iso&quot;:&quot;0&quot;,&quot;shutter_speed&quot;:&quot;0&quot;,&quot;title&quot;:&quot;&quot;,&quot;orientation&quot;:&quot;0&quot;}\" data-image-title=\"Talleres 6\" data-image-description=\"\" data-medium-file=\"https:\/\/i0.wp.com\/centrodeolivaryaceite.com\/wp-content\/uploads\/2014\/04\/Talleres-6.jpg?fit=300%2C193&#038;ssl=1\" data-large-file=\"https:\/\/i0.wp.com\/centrodeolivaryaceite.com\/wp-content\/uploads\/2014\/04\/Talleres-6.jpg?fit=720%2C462&#038;ssl=1\" src=\"https:\/\/i0.wp.com\/centrodeolivaryaceite.com\/wp-content\/uploads\/2014\/04\/Talleres-6.jpg?w=409&#038;h=262&#038;ssl=1\" srcset=\"https:\/\/i0.wp.com\/centrodeolivaryaceite.com\/wp-content\/uploads\/2014\/04\/Talleres-6.jpg?w=720&amp;ssl=1 720w, https:\/\/i0.wp.com\/centrodeolivaryaceite.com\/wp-content\/uploads\/2014\/04\/Talleres-6.jpg?resize=300%2C193&amp;ssl=1 300w\" width=\"409\" height=\"262\" loading=\"lazy\" data-original-width=\"409\" data-original-height=\"262\" itemprop=\"http:\/\/schema.org\/image\" title=\"Talleres 6\" alt=\"Despu\u00e9s de cocinar, a comer\" style=\"width: 409px; height: 262px;\" \/> <\/a> <\/div> <\/div> <!-- close group --> <\/div> <!-- close row --> <div class=\"gallery-row\" style=\"width: 1080px; height: 541px;\" data-original-width=\"1080\" data-original-height=\"541\" > <div class=\"gallery-group images-1\" style=\"width: 720px; height: 541px;\" data-original-width=\"720\" data-original-height=\"541\" > <div class=\"tiled-gallery-item tiled-gallery-item-large\" itemprop=\"associatedMedia\" itemscope itemtype=\"http:\/\/schema.org\/ImageObject\"> <a href=\"https:\/\/centrodeolivaryaceite.com\/es\/acabamos-esta-nueva-edicion-de-los-talleres-de-cocina-para-ninos-y-adultos\/talleres\/\" border=\"0\" itemprop=\"url\"> <meta itemprop=\"width\" content=\"716\"> <meta itemprop=\"height\" content=\"537\"> <img decoding=\"async\" class=\"\" data-attachment-id=\"3166\" data-orig-file=\"https:\/\/centrodeolivaryaceite.com\/wp-content\/uploads\/2014\/04\/Talleres.jpg\" data-orig-size=\"720,540\" data-comments-opened=\"1\" data-image-meta=\"{&quot;aperture&quot;:&quot;0&quot;,&quot;credit&quot;:&quot;&quot;,&quot;camera&quot;:&quot;&quot;,&quot;caption&quot;:&quot;&quot;,&quot;created_timestamp&quot;:&quot;0&quot;,&quot;copyright&quot;:&quot;&quot;,&quot;focal_length&quot;:&quot;0&quot;,&quot;iso&quot;:&quot;0&quot;,&quot;shutter_speed&quot;:&quot;0&quot;,&quot;title&quot;:&quot;&quot;,&quot;orientation&quot;:&quot;0&quot;}\" data-image-title=\"Talleres\" data-image-description=\"\" data-medium-file=\"https:\/\/i0.wp.com\/centrodeolivaryaceite.com\/wp-content\/uploads\/2014\/04\/Talleres.jpg?fit=300%2C225&#038;ssl=1\" data-large-file=\"https:\/\/i0.wp.com\/centrodeolivaryaceite.com\/wp-content\/uploads\/2014\/04\/Talleres.jpg?fit=720%2C540&#038;ssl=1\" src=\"https:\/\/i0.wp.com\/centrodeolivaryaceite.com\/wp-content\/uploads\/2014\/04\/Talleres.jpg?w=716&#038;h=537&#038;ssl=1\" srcset=\"https:\/\/i0.wp.com\/centrodeolivaryaceite.com\/wp-content\/uploads\/2014\/04\/Talleres.jpg?w=720&amp;ssl=1 720w, https:\/\/i0.wp.com\/centrodeolivaryaceite.com\/wp-content\/uploads\/2014\/04\/Talleres.jpg?resize=300%2C225&amp;ssl=1 300w, https:\/\/i0.wp.com\/centrodeolivaryaceite.com\/wp-content\/uploads\/2014\/04\/Talleres.jpg?resize=510%2C382&amp;ssl=1 510w\" width=\"716\" height=\"537\" loading=\"lazy\" data-original-width=\"716\" data-original-height=\"537\" itemprop=\"http:\/\/schema.org\/image\" title=\"Talleres\" alt=\"Nuestros peque\u00f1os chef\" style=\"width: 716px; height: 537px;\" \/> <\/a> <\/div> <\/div> <!-- close group --> <div class=\"gallery-group images-2\" style=\"width: 360px; height: 541px;\" data-original-width=\"360\" data-original-height=\"541\" > <div class=\"tiled-gallery-item tiled-gallery-item-large\" itemprop=\"associatedMedia\" itemscope itemtype=\"http:\/\/schema.org\/ImageObject\"> <a href=\"https:\/\/centrodeolivaryaceite.com\/es\/acabamos-esta-nueva-edicion-de-los-talleres-de-cocina-para-ninos-y-adultos\/talleres-1\/\" border=\"0\" itemprop=\"url\"> <meta itemprop=\"width\" content=\"356\"> <meta itemprop=\"height\" content=\"267\"> <img decoding=\"async\" class=\"\" data-attachment-id=\"3167\" data-orig-file=\"https:\/\/centrodeolivaryaceite.com\/wp-content\/uploads\/2014\/04\/Talleres-1.jpg\" data-orig-size=\"720,540\" data-comments-opened=\"1\" data-image-meta=\"{&quot;aperture&quot;:&quot;0&quot;,&quot;credit&quot;:&quot;&quot;,&quot;camera&quot;:&quot;&quot;,&quot;caption&quot;:&quot;&quot;,&quot;created_timestamp&quot;:&quot;0&quot;,&quot;copyright&quot;:&quot;&quot;,&quot;focal_length&quot;:&quot;0&quot;,&quot;iso&quot;:&quot;0&quot;,&quot;shutter_speed&quot;:&quot;0&quot;,&quot;title&quot;:&quot;&quot;,&quot;orientation&quot;:&quot;0&quot;}\" data-image-title=\"Talleres 1\" data-image-description=\"\" data-medium-file=\"https:\/\/i0.wp.com\/centrodeolivaryaceite.com\/wp-content\/uploads\/2014\/04\/Talleres-1.jpg?fit=300%2C225&#038;ssl=1\" data-large-file=\"https:\/\/i0.wp.com\/centrodeolivaryaceite.com\/wp-content\/uploads\/2014\/04\/Talleres-1.jpg?fit=720%2C540&#038;ssl=1\" src=\"https:\/\/i0.wp.com\/centrodeolivaryaceite.com\/wp-content\/uploads\/2014\/04\/Talleres-1.jpg?w=356&#038;h=267&#038;ssl=1\" srcset=\"https:\/\/i0.wp.com\/centrodeolivaryaceite.com\/wp-content\/uploads\/2014\/04\/Talleres-1.jpg?w=720&amp;ssl=1 720w, https:\/\/i0.wp.com\/centrodeolivaryaceite.com\/wp-content\/uploads\/2014\/04\/Talleres-1.jpg?resize=300%2C225&amp;ssl=1 300w, https:\/\/i0.wp.com\/centrodeolivaryaceite.com\/wp-content\/uploads\/2014\/04\/Talleres-1.jpg?resize=510%2C382&amp;ssl=1 510w\" width=\"356\" height=\"267\" loading=\"lazy\" data-original-width=\"356\" data-original-height=\"267\" itemprop=\"http:\/\/schema.org\/image\" title=\"Talleres 1\" alt=\"Como se divierten cocinando\" style=\"width: 356px; height: 267px;\" \/> <\/a> <\/div> <div class=\"tiled-gallery-item tiled-gallery-item-large\" itemprop=\"associatedMedia\" itemscope itemtype=\"http:\/\/schema.org\/ImageObject\"> <a href=\"https:\/\/centrodeolivaryaceite.com\/es\/acabamos-esta-nueva-edicion-de-los-talleres-de-cocina-para-ninos-y-adultos\/talleres-2\/\" border=\"0\" itemprop=\"url\"> <meta itemprop=\"width\" content=\"356\"> <meta itemprop=\"height\" content=\"266\"> <img decoding=\"async\" class=\"\" data-attachment-id=\"3168\" data-orig-file=\"https:\/\/centrodeolivaryaceite.com\/wp-content\/uploads\/2014\/04\/Talleres-2.jpg\" data-orig-size=\"720,540\" data-comments-opened=\"1\" data-image-meta=\"{&quot;aperture&quot;:&quot;0&quot;,&quot;credit&quot;:&quot;&quot;,&quot;camera&quot;:&quot;&quot;,&quot;caption&quot;:&quot;&quot;,&quot;created_timestamp&quot;:&quot;0&quot;,&quot;copyright&quot;:&quot;&quot;,&quot;focal_length&quot;:&quot;0&quot;,&quot;iso&quot;:&quot;0&quot;,&quot;shutter_speed&quot;:&quot;0&quot;,&quot;title&quot;:&quot;&quot;,&quot;orientation&quot;:&quot;0&quot;}\" data-image-title=\"Talleres 2\" data-image-description=\"\" data-medium-file=\"https:\/\/i0.wp.com\/centrodeolivaryaceite.com\/wp-content\/uploads\/2014\/04\/Talleres-2.jpg?fit=300%2C225&#038;ssl=1\" data-large-file=\"https:\/\/i0.wp.com\/centrodeolivaryaceite.com\/wp-content\/uploads\/2014\/04\/Talleres-2.jpg?fit=720%2C540&#038;ssl=1\" src=\"https:\/\/i0.wp.com\/centrodeolivaryaceite.com\/wp-content\/uploads\/2014\/04\/Talleres-2.jpg?w=356&#038;h=266&#038;ssl=1\" srcset=\"https:\/\/i0.wp.com\/centrodeolivaryaceite.com\/wp-content\/uploads\/2014\/04\/Talleres-2.jpg?w=720&amp;ssl=1 720w, https:\/\/i0.wp.com\/centrodeolivaryaceite.com\/wp-content\/uploads\/2014\/04\/Talleres-2.jpg?resize=300%2C225&amp;ssl=1 300w, https:\/\/i0.wp.com\/centrodeolivaryaceite.com\/wp-content\/uploads\/2014\/04\/Talleres-2.jpg?resize=510%2C382&amp;ssl=1 510w\" width=\"356\" height=\"266\" loading=\"lazy\" data-original-width=\"356\" data-original-height=\"266\" itemprop=\"http:\/\/schema.org\/image\" title=\"Talleres 2\" alt=\"Los peque\u00f1os cocineros\" style=\"width: 356px; height: 266px;\" \/> <\/a> <\/div> <\/div> <!-- close group --> <\/div> <!-- close row --> <div class=\"gallery-row\" style=\"width: 1080px; height: 811px;\" data-original-width=\"1080\" data-original-height=\"811\" > <div class=\"gallery-group images-1\" style=\"width: 1080px; height: 811px;\" data-original-width=\"1080\" data-original-height=\"811\" > <div class=\"tiled-gallery-item tiled-gallery-item-large\" itemprop=\"associatedMedia\" itemscope itemtype=\"http:\/\/schema.org\/ImageObject\"> <a href=\"https:\/\/centrodeolivaryaceite.com\/es\/acabamos-esta-nueva-edicion-de-los-talleres-de-cocina-para-ninos-y-adultos\/taller-de-adultos\/\" border=\"0\" itemprop=\"url\"> <meta itemprop=\"width\" content=\"1076\"> <meta itemprop=\"height\" content=\"807\"> <img decoding=\"async\" class=\"\" data-attachment-id=\"3173\" data-orig-file=\"https:\/\/centrodeolivaryaceite.com\/wp-content\/uploads\/2014\/04\/Taller-de-Adultos.jpg\" data-orig-size=\"800,600\" data-comments-opened=\"1\" data-image-meta=\"{&quot;aperture&quot;:&quot;0&quot;,&quot;credit&quot;:&quot;&quot;,&quot;camera&quot;:&quot;&quot;,&quot;caption&quot;:&quot;&quot;,&quot;created_timestamp&quot;:&quot;0&quot;,&quot;copyright&quot;:&quot;&quot;,&quot;focal_length&quot;:&quot;0&quot;,&quot;iso&quot;:&quot;0&quot;,&quot;shutter_speed&quot;:&quot;0&quot;,&quot;title&quot;:&quot;&quot;,&quot;orientation&quot;:&quot;0&quot;}\" data-image-title=\"Taller de Adultos\" data-image-description=\"\" data-medium-file=\"https:\/\/i0.wp.com\/centrodeolivaryaceite.com\/wp-content\/uploads\/2014\/04\/Taller-de-Adultos.jpg?fit=300%2C225&#038;ssl=1\" data-large-file=\"https:\/\/i0.wp.com\/centrodeolivaryaceite.com\/wp-content\/uploads\/2014\/04\/Taller-de-Adultos.jpg?fit=800%2C600&#038;ssl=1\" src=\"https:\/\/i0.wp.com\/centrodeolivaryaceite.com\/wp-content\/uploads\/2014\/04\/Taller-de-Adultos.jpg?w=1076&#038;h=807&#038;ssl=1\" srcset=\"https:\/\/i0.wp.com\/centrodeolivaryaceite.com\/wp-content\/uploads\/2014\/04\/Taller-de-Adultos.jpg?w=800&amp;ssl=1 800w, https:\/\/i0.wp.com\/centrodeolivaryaceite.com\/wp-content\/uploads\/2014\/04\/Taller-de-Adultos.jpg?resize=300%2C225&amp;ssl=1 300w, https:\/\/i0.wp.com\/centrodeolivaryaceite.com\/wp-content\/uploads\/2014\/04\/Taller-de-Adultos.jpg?resize=768%2C576&amp;ssl=1 768w, https:\/\/i0.wp.com\/centrodeolivaryaceite.com\/wp-content\/uploads\/2014\/04\/Taller-de-Adultos.jpg?resize=510%2C382&amp;ssl=1 510w\" width=\"1076\" height=\"807\" loading=\"lazy\" data-original-width=\"1076\" data-original-height=\"807\" itemprop=\"http:\/\/schema.org\/image\" title=\"Taller de Adultos\" alt=\"Foto del taller de adultos\" style=\"width: 1076px; height: 807px;\" \/> <\/a> <\/div> <\/div> <!-- close group --> <\/div> <!-- close row --> <\/div><br \/>\n[\/et_pb_text][et_pb_comments admin_label=\u00bbComentarios\u00bb _builder_version=\u00bb4.16&#8243; use_border_color=\u00bboff\u00bb border_color=\u00bb#ffffff\u00bb border_style=\u00bbsolid\u00bb button_letter_spacing_hover=\u00bb0&#8243; global_colors_info=\u00bb{}\u00bb button_text_size__hover_enabled=\u00bboff\u00bb button_one_text_size__hover_enabled=\u00bboff\u00bb button_two_text_size__hover_enabled=\u00bboff\u00bb button_text_color__hover_enabled=\u00bboff\u00bb button_one_text_color__hover_enabled=\u00bboff\u00bb button_two_text_color__hover_enabled=\u00bboff\u00bb button_border_width__hover_enabled=\u00bboff\u00bb button_one_border_width__hover_enabled=\u00bboff\u00bb button_two_border_width__hover_enabled=\u00bboff\u00bb button_border_color__hover_enabled=\u00bboff\u00bb button_one_border_color__hover_enabled=\u00bboff\u00bb button_two_border_color__hover_enabled=\u00bboff\u00bb button_border_radius__hover_enabled=\u00bboff\u00bb button_one_border_radius__hover_enabled=\u00bboff\u00bb button_two_border_radius__hover_enabled=\u00bboff\u00bb button_letter_spacing__hover_enabled=\u00bbon\u00bb button_letter_spacing__hover=\u00bb0&#8243; button_one_letter_spacing__hover_enabled=\u00bboff\u00bb button_two_letter_spacing__hover_enabled=\u00bboff\u00bb button_bg_color__hover_enabled=\u00bboff\u00bb button_one_bg_color__hover_enabled=\u00bboff\u00bb button_two_bg_color__hover_enabled=\u00bboff\u00bb] [\/et_pb_comments][\/et_pb_column_inner][\/et_pb_row_inner][\/et_pb_column][et_pb_column type=\u00bb1_3&#8243; _builder_version=\u00bb4.16&#8243; custom_padding=\u00bb|||\u00bb global_colors_info=\u00bb{}\u00bb custom_padding__hover=\u00bb|||\u00bb][et_pb_sidebar orientation=\u00bbright\u00bb area=\u00bbsidebar-1&#8243; admin_label=\u00bbBarra lateral\u00bb _builder_version=\u00bb4.16&#8243; remove_border=\u00bboff\u00bb global_colors_info=\u00bb{}\u00bb] [\/et_pb_sidebar][\/et_pb_column][\/et_pb_section][et_pb_section fb_built=\u00bb1&#8243; custom_padding_last_edited=\u00bbon|desktop\u00bb disabled_on=\u00bbon|on|on\u00bb admin_label=\u00bbSecci\u00f3n\u00bb _builder_version=\u00bb3.0.92&#8243; background_color=\u00bb#dedacf\u00bb custom_padding_tablet=\u00bb50px|0|50px|0&#8243; transparent_background=\u00bboff\u00bb padding_mobile=\u00bboff\u00bb make_fullwidth=\u00bboff\u00bb use_custom_width=\u00bboff\u00bb width_unit=\u00bbon\u00bb disabled=\u00bbon\u00bb global_module=\u00bb5116&#8243; collapsed=\u00bboff\u00bb global_colors_info=\u00bb{}\u00bb custom_padding_phone=\u00bb50px|0|50px|0&#8243;][et_pb_row _builder_version=\u00bb4.16&#8243; global_colors_info=\u00bb{}\u00bb][et_pb_column type=\u00bb4_4&#8243; _builder_version=\u00bb4.16&#8243; custom_padding=\u00bb|||\u00bb global_colors_info=\u00bb{}\u00bb custom_padding__hover=\u00bb|||\u00bb][\/et_pb_column][\/et_pb_row][\/et_pb_section][et_pb_section fb_built=\u00bb1&#8243; custom_padding_last_edited=\u00bbon|desktop\u00bb admin_label=\u00bbSecci\u00f3n\u00bb _builder_version=\u00bb3.22&#8243; background_color=\u00bb#ffffff\u00bb custom_padding=\u00bb10px||0px|\u00bb custom_padding_tablet=\u00bb50px|0|50px|0&#8243; transparent_background=\u00bboff\u00bb padding_mobile=\u00bboff\u00bb make_fullwidth=\u00bboff\u00bb use_custom_width=\u00bboff\u00bb width_unit=\u00bbon\u00bb global_module=\u00bb5115&#8243; collapsed=\u00bboff\u00bb global_colors_info=\u00bb{}\u00bb custom_padding_phone=\u00bb50px|0|50px|0&#8243;][et_pb_row padding_mobile=\u00bboff\u00bb column_padding_mobile=\u00bbon\u00bb _builder_version=\u00bb4.16&#8243; background_size=\u00bbinitial\u00bb background_position=\u00bbtop_left\u00bb background_repeat=\u00bbrepeat\u00bb max_width=\u00bb1080px\u00bb custom_padding=\u00bb0px||0px|\u00bb make_fullwidth=\u00bboff\u00bb use_custom_width=\u00bboff\u00bb width_unit=\u00bbon\u00bb global_colors_info=\u00bb{}\u00bb][\/et_pb_row][\/et_pb_section]<\/p>\n","protected":false},"excerpt":{"rendered":"<p>El Centro de Interpretaci\u00f3n Olivar y Aceite contin\u00faa desarrollando su labor promocional del Aceite de Oliva Virgen Extra de nuestra tierra entre los visitantes que hacen turismo en \u00dabeda \u00a0y\u00a0que pasan unos d\u00edas en nuestras ciudades patrimonio de la humanidad a trav\u00e9s de un paseo por nuestro recorrido expositivo y museo ole\u00edcola. Adem\u00e1s, el Centro, [&hellip;]<\/p>\n","protected":false},"author":1,"featured_media":3170,"comment_status":"open","ping_status":"open","sticky":false,"template":"","format":"standard","meta":{"_et_pb_use_builder":"on","_et_pb_old_content":"<p>El Centro de Interpretaci\u00f3n Olivar y Aceite contin\u00faa desarrollando su labor promocional del Aceite de Oliva Virgen Extra de nuestra tierra entre los <strong>visitantes que hacen turismo en \u00dabeda \u00a0y\u00a0<\/strong>que pasan unos d\u00edas en nuestras ciudades patrimonio de la humanidad a trav\u00e9s de un paseo por nuestro recorrido expositivo y museo ole\u00edcola.<\/p><p>Adem\u00e1s, el Centro, ofrece otras actividades paralelas especialmente ideadas para los residentes en \u00dabeda y alrededores como, conferencias o formaci\u00f3n, as\u00ed como lo son los <strong>Talleres de Cocina para Ni\u00f1os y Adultos<\/strong> que se llevan desarrollando desde el mes de Marzo en nuestro Aula de Cocina.<\/p><p><span style=\"line-height: 1.5em;\">En cuanto a los Talleres dedicados a los m\u00e1s peque\u00f1os, los objetivos de su realizaci\u00f3n radican en la promoci\u00f3n de la educaci\u00f3n nutricional a trav\u00e9s de la habilidades personales haci\u00e9ndoles part\u00edcipes\u00a0<\/span>activamente<span style=\"line-height: 1.5em;\">\u00a0de la cocina a la misma vez que desarrollan sus sentidos y su creatividad al manipular alimentos y elaborar recetas. Pero, no olvidemos que el fin principal es \u00a0tratar de inculcar\u00a0<\/span>h\u00e1bitos<span style=\"line-height: 1.5em;\">\u00a0saludables para una alimentaci\u00f3n sana y equilibrada, teniendo como referente principal el\u00a0Aceite de Oliva Virgen Extra.\u00a0<\/span><\/p><p>Un aspecto positivo de estos Talleres es que han sido organizados por edades, llegando el caso de que los m\u00e1s peque\u00f1os (de 3 a 5 a\u00f1os) han podido compartir experiencias y estrechar lazos con sus padres. Con los m\u00e1s peque\u00f1os (6 a 10 a\u00f1os) se intentaba cocinar jugando fomentando a la vez la creatividad, la imaginaci\u00f3n y la autoestima y con aquellos ni\u00f1os con m\u00e1s edad (10 a 15 a\u00f1os) se inculcan t\u00e9cnicas gastron\u00f3micas que luego puedan aplicar en casa ayudando a preparar el almuerzo o la cena.\u00a0En esta ocasi\u00f3n los peque\u00f1os chefs han aprendido a elaborar recetas sencillas a la vez que atractivas para sus futuros comensales. Los m\u00e1s peque\u00f1os se deleitaron con Och\u00edos, Pan, Empanadas, Sandwiches, o Piruletas de chocolate y los m\u00e1s mayores con\u00a0Bolitas crujientes de calabac\u00edn, Hamburguesitas de pescado, \u00d1oquis caseros o Peritas de pur\u00e9 de patata. Adem\u00e1s todo lo que elaboraron, lo probaron y tambi\u00e9n pudieron llev\u00e1rselo a casa.<\/p><p>Respecto a los Talleres para Adultos, adem\u00e1s de pasar un rato agradable aprendiendo y cocinando, han servido para que aquellos que lo hayan querido as\u00ed aumenten su curriculum profesional con la inclusi\u00f3n de esta actividad. Si bien el enfoque difer\u00eda respecto a los Talleres infantiles, una actividad m\u00e1s profesional, el objetivo primordial era <strong>disfrutar de la cocina basada en el Aceite de Oliva Virgen Extra<\/strong>. Recetas m\u00e1s t\u00e9cnicas, como Salmorejo de fresas con virutas de queso de cabra o Canel\u00f3n de calabac\u00edn relleno de queso brie, fueron las que se elaboraron.<\/p><p>A\u00fan tenemos abierta una sesi\u00f3n del Taller de Peque\u00f1os Chefs para el d\u00eda 25 de Abril a las 17:00 para ni\u00f1os con edades comprendidas entre los 10 y 15 a\u00f1os. Si te das prisa a\u00fan puedes lograr tu plaza.<\/p><p><span style=\"line-height: 1.5em;\">Y adem\u00e1s estamos preparando nuevas sesiones de talleres y actividades gastron\u00f3micas tras la Semana Santa. Os iremos informando. Estad atentos a nuestro Blog, Facebook y Twitter!!!<\/span><\/p><p>[gallery ids=\"3162,3163,3164,3165,3166,3167,3168,3173\"]<\/p>","_et_gb_content_width":"","_jetpack_memberships_contains_paid_content":false,"footnotes":""},"categories":[1],"tags":[],"class_list":["post-3149","post","type-post","status-publish","format-standard","has-post-thumbnail","hentry","category-general"],"jetpack_featured_media_url":"https:\/\/i0.wp.com\/centrodeolivaryaceite.com\/wp-content\/uploads\/2014\/04\/IMG-20140315-WA0003.jpg?fit=800%2C600&ssl=1","jetpack_sharing_enabled":true,"jetpack_shortlink":"https:\/\/wp.me\/p95A9q-ON","_links":{"self":[{"href":"https:\/\/centrodeolivaryaceite.com\/es\/wp-json\/wp\/v2\/posts\/3149\/"}],"collection":[{"href":"https:\/\/centrodeolivaryaceite.com\/es\/wp-json\/wp\/v2\/posts\/"}],"about":[{"href":"https:\/\/centrodeolivaryaceite.com\/es\/wp-json\/wp\/v2\/types\/post\/"}],"author":[{"embeddable":true,"href":"https:\/\/centrodeolivaryaceite.com\/es\/wp-json\/wp\/v2\/users\/1\/"}],"replies":[{"embeddable":true,"href":"https:\/\/centrodeolivaryaceite.com\/es\/wp-json\/wp\/v2\/comments\/?post=3149"}],"version-history":[{"count":0,"href":"https:\/\/centrodeolivaryaceite.com\/es\/wp-json\/wp\/v2\/posts\/3149\/revisions\/"}],"wp:featuredmedia":[{"embeddable":true,"href":"https:\/\/centrodeolivaryaceite.com\/es\/wp-json\/wp\/v2\/media\/3170\/"}],"wp:attachment":[{"href":"https:\/\/centrodeolivaryaceite.com\/es\/wp-json\/wp\/v2\/media\/?parent=3149"}],"wp:term":[{"taxonomy":"category","embeddable":true,"href":"https:\/\/centrodeolivaryaceite.com\/es\/wp-json\/wp\/v2\/categories\/?post=3149"},{"taxonomy":"post_tag","embeddable":true,"href":"https:\/\/centrodeolivaryaceite.com\/es\/wp-json\/wp\/v2\/tags\/?post=3149"}],"curies":[{"name":"wp","href":"https:\/\/api.w.org\/{rel}","templated":true}]}}