{"id":3202,"date":"2014-05-04T11:45:42","date_gmt":"2014-05-04T11:45:42","guid":{"rendered":"http:\/\/centrodeolivaryaceitelaloma.com\/copiablog\/?p=3202"},"modified":"2022-07-29T10:43:07","modified_gmt":"2022-07-29T10:43:07","slug":"exposicion-fotografica-olea-europea-la-molienda-de-riogordo","status":"publish","type":"post","link":"https:\/\/centrodeolivaryaceite.com\/es\/exposicion-fotografica-olea-europea-la-molienda-de-riogordo\/","title":{"rendered":"Exposici\u00f3n fotogr\u00e1fica Olea europea: \u00abLa Molienda de Riogordo\u00bb"},"content":{"rendered":"<p>[et_pb_section fb_built=\u00bb1&#8243; fullwidth=\u00bbon\u00bb custom_padding_last_edited=\u00bbon|desktop\u00bb admin_label=\u00bbSecci\u00f3n\u00bb _builder_version=\u00bb3.22&#8243; background_color=\u00bb#ffffff\u00bb background_image=\u00bbhttp:\/\/centrodeolivaryaceite.com\/wp-content\/uploads\/2016\/06\/page_header_bg_blue.jpg\u00bb custom_padding_tablet=\u00bb50px|0|50px|0&#8243; transparent_background=\u00bboff\u00bb padding_mobile=\u00bboff\u00bb make_fullwidth=\u00bboff\u00bb use_custom_width=\u00bboff\u00bb width_unit=\u00bbon\u00bb global_module=\u00bb5294&#8243; locked=\u00bboff\u00bb collapsed=\u00bboff\u00bb global_colors_info=\u00bb{}\u00bb custom_padding_phone=\u00bb50px|0|50px|0&#8243;][et_pb_fullwidth_post_title meta=\u00bboff\u00bb featured_image=\u00bboff\u00bb text_color=\u00bblight\u00bb text_background=\u00bbon\u00bb text_bg_color=\u00bbrgba(28,28,28,0.43)\u00bb admin_label=\u00bbT\u00edtulo\u00bb _builder_version=\u00bb4.17.6&#8243; _module_preset=\u00bbdefault\u00bb title_font=\u00bbRoboto Light||||\u00bb title_font_size=\u00bb35px\u00bb title_all_caps=\u00bbon\u00bb background_color=\u00bbrgba(255,255,255,0)\u00bb parallax=\u00bbon\u00bb parallax_method=\u00bboff\u00bb text_orientation=\u00bbcenter\u00bb use_border_color=\u00bboff\u00bb border_color=\u00bb#ffffff\u00bb border_style=\u00bbsolid\u00bb parallax_effect=\u00bbon\u00bb module_bg_color=\u00bbrgba(255,255,255,0)\u00bb global_colors_info=\u00bb{}\u00bb][\/et_pb_fullwidth_post_title][\/et_pb_section][et_pb_section fb_built=\u00bb1&#8243; custom_padding_last_edited=\u00bbon|desktop\u00bb admin_label=\u00bbSecci\u00f3n\u00bb _builder_version=\u00bb4.16&#8243; background_color=\u00bb#ffffff\u00bb custom_padding=\u00bb10px|||\u00bb custom_padding_tablet=\u00bb50px|0|50px|0&#8243; transparent_background=\u00bboff\u00bb padding_mobile=\u00bboff\u00bb make_fullwidth=\u00bboff\u00bb use_custom_width=\u00bboff\u00bb width_unit=\u00bbon\u00bb global_colors_info=\u00bb{}\u00bb custom_padding_phone=\u00bb50px|0|50px|0&#8243;][et_pb_row padding_mobile=\u00bboff\u00bb column_padding_mobile=\u00bbon\u00bb admin_label=\u00bbFila\u00bb _builder_version=\u00bb4.16&#8243; background_size=\u00bbinitial\u00bb background_position=\u00bbtop_left\u00bb background_repeat=\u00bbrepeat\u00bb custom_padding=\u00bb10px|||\u00bb make_fullwidth=\u00bboff\u00bb use_custom_width=\u00bboff\u00bb width_unit=\u00bbon\u00bb global_colors_info=\u00bb{}\u00bb][et_pb_column type=\u00bb4_4&#8243; _builder_version=\u00bb4.16&#8243; custom_padding=\u00bb|||\u00bb global_colors_info=\u00bb{}\u00bb custom_padding__hover=\u00bb|||\u00bb][et_pb_post_title title=\u00bboff\u00bb admin_label=\u00bbT\u00edtulo de publicaci\u00f3n\u00bb _builder_version=\u00bb4.16&#8243; title_all_caps=\u00bboff\u00bb background_color=\u00bbrgba(255,255,255,0)\u00bb parallax=\u00bbon\u00bb parallax_method=\u00bboff\u00bb use_border_color=\u00bboff\u00bb border_color=\u00bb#ffffff\u00bb border_style=\u00bbsolid\u00bb parallax_effect=\u00bbon\u00bb module_bg_color=\u00bbrgba(255,255,255,0)\u00bb global_colors_info=\u00bb{}\u00bb] [\/et_pb_post_title][\/et_pb_column][\/et_pb_row][\/et_pb_section][et_pb_section fb_built=\u00bb1&#8243; specialty=\u00bbon\u00bb custom_padding_last_edited=\u00bbon|desktop\u00bb parallax_method_1=\u00bboff\u00bb parallax_method_2=\u00bboff\u00bb admin_label=\u00bbSecci\u00f3n\u00bb _builder_version=\u00bb4.16&#8243; background_color=\u00bb#ffffff\u00bb custom_padding=\u00bb10px|||\u00bb custom_padding_tablet=\u00bb50px|0|50px|0&#8243; transparent_background=\u00bboff\u00bb padding_mobile=\u00bboff\u00bb make_fullwidth=\u00bboff\u00bb use_custom_width=\u00bboff\u00bb width_unit=\u00bbon\u00bb global_colors_info=\u00bb{}\u00bb custom_padding_phone=\u00bb50px|0|50px|0&#8243;][et_pb_column type=\u00bb2_3&#8243; specialty_columns=\u00bb2&#8243; _builder_version=\u00bb4.16&#8243; custom_padding=\u00bb|||\u00bb global_colors_info=\u00bb{}\u00bb custom_padding__hover=\u00bb|||\u00bb][et_pb_row_inner padding_mobile=\u00bboff\u00bb column_padding_mobile=\u00bbon\u00bb admin_label=\u00bbFila\u00bb _builder_version=\u00bb4.16&#8243; custom_padding=\u00bb0px|||\u00bb global_colors_info=\u00bb{}\u00bb][et_pb_column_inner saved_specialty_column_type=\u00bb2_3&#8243; _builder_version=\u00bb4.16&#8243; custom_padding=\u00bb|||\u00bb global_colors_info=\u00bb{}\u00bb custom_padding__hover=\u00bb|||\u00bb][et_pb_text admin_label=\u00bbText\u00bb _builder_version=\u00bb4.16&#8243; background_size=\u00bbinitial\u00bb background_position=\u00bbtop_left\u00bb background_repeat=\u00bbrepeat\u00bb text_orientation=\u00bbleft\u00bb use_border_color=\u00bboff\u00bb border_color=\u00bb#ffffff\u00bb border_style=\u00bbsolid\u00bb global_colors_info=\u00bb{}\u00bb]El Centro de Interpretaci\u00f3n Olivar y Aceite acoge en su Sala de Exposiciones desde el pasado 30 de Abril y hasta el pr\u00f3ximo 7 Julio la <strong>exposici\u00f3n fotogr\u00e1fica dedicada a \u00abLa Molienda de Riogordo<\/strong>\u00ab. Una colecci\u00f3n nos transporta a los antiguos procedimientos tradicionales de la extracci\u00f3n del aceite. Otro atractivo m\u00e1s para el <strong>turismo que nos visita en \u00dabeda<\/strong> \u00a0y quiere disfrutar de la cultura del aceite de oliva de primera mano.<\/p>\n<p>La <strong>inauguraci\u00f3n de esta exposici\u00f3n tuvo lugar en la tarde del pasado 30 de Abril<\/strong> y corri\u00f3 a cargo de diferentes personalidades, todas ellas muy relacionadas con el aceite de oliva. Este acto estuvo dividido en una primera parte donde tuvo lugar una serie de conferencias magistrales sobre el oro l\u00edquido y en la segunda parte los asistentes pudieron deleitarse con las obras de las que consta esta exposici\u00f3n. Durante el turno de conferencias intervinieron en primer lugar\u00a0 Francisco Lorenzo Tapia con una disertaci\u00f3n que lleva por t\u00edtulo: \u201cLa Axarqu\u00eda malague\u00f1a, una comarca virgen extra\u201c para, una vez terminado, proseguir con una retrospectiva de Enrique God\u00ednez Luque sobre \u201cEl arte publicitario del Aceite de Oliva espa\u00f1ol\u201d. Finalmente, Antonio Campos el autor de la obra, coment\u00f3 su experiencia en la difusi\u00f3n de la cultura del olivo y el significado de las obras expuestas.<\/p>\n<p>La exposici\u00f3n en s\u00ed es parte de la colecci\u00f3n Olea europea que es una alabanza a lo antiguo. Fotograf\u00edas unidas por una est\u00e9tica monocrom\u00e1tica que nos transportan en el tiempo hacia una dimensi\u00f3n en la que lo viejo y obsoleto son a\u00fan m\u00e1s bellos merced a las huellas que el uso y los elementos les han ido aportando. A pesar de su sencillez y espontaneidad, tienen mucha fuerza expresiva. Todo ello girando alrededor de la Molienda de Riogordo.<\/p>\n<p>Riogordo celebra a\u00f1o tras a\u00f1o, en el \u00faltimo fin de semana de febrero, una fiesta popular sobre \u2018La Molienda\u2019, a trav\u00e9s de la cual pretende acercar las costumbres y tradiciones en torno a la elaboraci\u00f3n del aceite de oliva virgen, especialmente de la variedad verdial. Esta variedad de aceituna predomina en regi\u00f3n de la Axarqu\u00eda y de ella depende parte de la econom\u00eda de gran parte de la poblaci\u00f3n desde tiempos pasados. M\u00e1s de 2.500 personas, entre vecinos y visitantes, se dan cita anualmente \u00a0en torno a los actos de \u2018<strong>La Molienda\u2019, \u00a0una actividad oleotur\u00edstica<\/strong> con diferentes actividades como representaciones teatrales, \u00a0<strong>visitas guiadas a antiguas almazaras<\/strong>\u00a0 o actividades espec\u00edficas, dirigidas a escolares y profesionales. \u00a0Con ese objetivo de rememorar tiempos pasados, cada a\u00f1o se desarrolla una jornada formativa y l\u00fadica en el estupendo escenario del Museo Etnogr\u00e1fico de Riogordo y la cual ilustra la exposici\u00f3n fotogr\u00e1fica que acogemos.<\/p>\n<p>&nbsp;<br \/>\n[\/et_pb_text][et_pb_comments admin_label=\u00bbComentarios\u00bb _builder_version=\u00bb4.16&#8243; use_border_color=\u00bboff\u00bb border_color=\u00bb#ffffff\u00bb border_style=\u00bbsolid\u00bb button_letter_spacing_hover=\u00bb0&#8243; global_colors_info=\u00bb{}\u00bb button_text_size__hover_enabled=\u00bboff\u00bb button_one_text_size__hover_enabled=\u00bboff\u00bb button_two_text_size__hover_enabled=\u00bboff\u00bb button_text_color__hover_enabled=\u00bboff\u00bb button_one_text_color__hover_enabled=\u00bboff\u00bb button_two_text_color__hover_enabled=\u00bboff\u00bb button_border_width__hover_enabled=\u00bboff\u00bb button_one_border_width__hover_enabled=\u00bboff\u00bb button_two_border_width__hover_enabled=\u00bboff\u00bb button_border_color__hover_enabled=\u00bboff\u00bb button_one_border_color__hover_enabled=\u00bboff\u00bb button_two_border_color__hover_enabled=\u00bboff\u00bb button_border_radius__hover_enabled=\u00bboff\u00bb button_one_border_radius__hover_enabled=\u00bboff\u00bb button_two_border_radius__hover_enabled=\u00bboff\u00bb button_letter_spacing__hover_enabled=\u00bbon\u00bb button_letter_spacing__hover=\u00bb0&#8243; button_one_letter_spacing__hover_enabled=\u00bboff\u00bb button_two_letter_spacing__hover_enabled=\u00bboff\u00bb button_bg_color__hover_enabled=\u00bboff\u00bb button_one_bg_color__hover_enabled=\u00bboff\u00bb button_two_bg_color__hover_enabled=\u00bboff\u00bb] [\/et_pb_comments][\/et_pb_column_inner][\/et_pb_row_inner][\/et_pb_column][et_pb_column type=\u00bb1_3&#8243; _builder_version=\u00bb4.16&#8243; custom_padding=\u00bb|||\u00bb global_colors_info=\u00bb{}\u00bb custom_padding__hover=\u00bb|||\u00bb][et_pb_sidebar orientation=\u00bbright\u00bb area=\u00bbsidebar-1&#8243; admin_label=\u00bbBarra lateral\u00bb _builder_version=\u00bb4.16&#8243; remove_border=\u00bboff\u00bb global_colors_info=\u00bb{}\u00bb] [\/et_pb_sidebar][\/et_pb_column][\/et_pb_section][et_pb_section fb_built=\u00bb1&#8243; custom_padding_last_edited=\u00bbon|desktop\u00bb disabled_on=\u00bbon|on|on\u00bb admin_label=\u00bbSecci\u00f3n\u00bb _builder_version=\u00bb3.0.92&#8243; background_color=\u00bb#dedacf\u00bb custom_padding_tablet=\u00bb50px|0|50px|0&#8243; transparent_background=\u00bboff\u00bb padding_mobile=\u00bboff\u00bb make_fullwidth=\u00bboff\u00bb use_custom_width=\u00bboff\u00bb width_unit=\u00bbon\u00bb disabled=\u00bbon\u00bb global_module=\u00bb5116&#8243; collapsed=\u00bboff\u00bb global_colors_info=\u00bb{}\u00bb custom_padding_phone=\u00bb50px|0|50px|0&#8243;][et_pb_row _builder_version=\u00bb4.16&#8243; global_colors_info=\u00bb{}\u00bb][et_pb_column type=\u00bb4_4&#8243; _builder_version=\u00bb4.16&#8243; custom_padding=\u00bb|||\u00bb global_colors_info=\u00bb{}\u00bb custom_padding__hover=\u00bb|||\u00bb][\/et_pb_column][\/et_pb_row][\/et_pb_section][et_pb_section fb_built=\u00bb1&#8243; custom_padding_last_edited=\u00bbon|desktop\u00bb admin_label=\u00bbSecci\u00f3n\u00bb _builder_version=\u00bb3.22&#8243; background_color=\u00bb#ffffff\u00bb custom_padding=\u00bb10px||0px|\u00bb custom_padding_tablet=\u00bb50px|0|50px|0&#8243; transparent_background=\u00bboff\u00bb padding_mobile=\u00bboff\u00bb make_fullwidth=\u00bboff\u00bb use_custom_width=\u00bboff\u00bb width_unit=\u00bbon\u00bb global_module=\u00bb5115&#8243; collapsed=\u00bboff\u00bb global_colors_info=\u00bb{}\u00bb custom_padding_phone=\u00bb50px|0|50px|0&#8243;][et_pb_row padding_mobile=\u00bboff\u00bb column_padding_mobile=\u00bbon\u00bb _builder_version=\u00bb4.16&#8243; background_size=\u00bbinitial\u00bb background_position=\u00bbtop_left\u00bb background_repeat=\u00bbrepeat\u00bb max_width=\u00bb1080px\u00bb custom_padding=\u00bb0px||0px|\u00bb make_fullwidth=\u00bboff\u00bb use_custom_width=\u00bboff\u00bb width_unit=\u00bbon\u00bb global_colors_info=\u00bb{}\u00bb][\/et_pb_row][\/et_pb_section]<\/p>\n","protected":false},"excerpt":{"rendered":"<p>El Centro de Interpretaci\u00f3n Olivar y Aceite acoge en su Sala de Exposiciones desde el pasado 30 de Abril y hasta el pr\u00f3ximo 7 Julio la exposici\u00f3n fotogr\u00e1fica dedicada a \u00abLa Molienda de Riogordo\u00bb. Una colecci\u00f3n nos transporta a los antiguos procedimientos tradicionales de la extracci\u00f3n del aceite. Otro atractivo m\u00e1s para el turismo que [&hellip;]<\/p>\n","protected":false},"author":1,"featured_media":3215,"comment_status":"open","ping_status":"open","sticky":false,"template":"","format":"standard","meta":{"_et_pb_use_builder":"on","_et_pb_old_content":"<p>El Centro de Interpretaci\u00f3n Olivar y Aceite acoge en su Sala de Exposiciones desde el pasado 30 de Abril y hasta el pr\u00f3ximo 7 Julio la <strong>exposici\u00f3n fotogr\u00e1fica dedicada a \"La Molienda de Riogordo<\/strong>\". Una colecci\u00f3n nos transporta a los antiguos procedimientos tradicionales de la extracci\u00f3n del aceite. Otro atractivo m\u00e1s para el <strong>turismo que nos visita en \u00dabeda<\/strong> \u00a0y quiere disfrutar de la cultura del aceite de oliva de primera mano.<\/p><p>La <strong>inauguraci\u00f3n de esta exposici\u00f3n tuvo lugar en la tarde del pasado 30 de Abril<\/strong> y corri\u00f3 a cargo de diferentes personalidades, todas ellas muy relacionadas con el aceite de oliva. Este acto estuvo dividido en una primera parte donde tuvo lugar una serie de conferencias magistrales sobre el oro l\u00edquido y en la segunda parte los asistentes pudieron deleitarse con las obras de las que consta esta exposici\u00f3n. Durante el turno de conferencias intervinieron en primer lugar\u00a0 Francisco Lorenzo Tapia con una disertaci\u00f3n que lleva por t\u00edtulo: \u201cLa Axarqu\u00eda malague\u00f1a, una comarca virgen extra\u201c para, una vez terminado, proseguir con una retrospectiva de Enrique God\u00ednez Luque sobre \u201cEl arte publicitario del Aceite de Oliva espa\u00f1ol\u201d. Finalmente, Antonio Campos el autor de la obra, coment\u00f3 su experiencia en la difusi\u00f3n de la cultura del olivo y el significado de las obras expuestas.<\/p><p>La exposici\u00f3n en s\u00ed es parte de la colecci\u00f3n Olea europea que es una alabanza a lo antiguo. Fotograf\u00edas unidas por una est\u00e9tica monocrom\u00e1tica que nos transportan en el tiempo hacia una dimensi\u00f3n en la que lo viejo y obsoleto son a\u00fan m\u00e1s bellos merced a las huellas que el uso y los elementos les han ido aportando. A pesar de su sencillez y espontaneidad, tienen mucha fuerza expresiva. Todo ello girando alrededor de la Molienda de Riogordo.<\/p><p>Riogordo celebra a\u00f1o tras a\u00f1o, en el \u00faltimo fin de semana de febrero, una fiesta popular sobre \u2018La Molienda\u2019, a trav\u00e9s de la cual pretende acercar las costumbres y tradiciones en torno a la elaboraci\u00f3n del aceite de oliva virgen, especialmente de la variedad verdial. Esta variedad de aceituna predomina en regi\u00f3n de la Axarqu\u00eda y de ella depende parte de la econom\u00eda de gran parte de la poblaci\u00f3n desde tiempos pasados. M\u00e1s de 2.500 personas, entre vecinos y visitantes, se dan cita anualmente \u00a0en torno a los actos de \u2018<strong>La Molienda\u2019, \u00a0una actividad oleotur\u00edstica<\/strong> con diferentes actividades como representaciones teatrales, \u00a0<strong>visitas guiadas a antiguas almazaras<\/strong>\u00a0 o actividades espec\u00edficas, dirigidas a escolares y profesionales. \u00a0Con ese objetivo de rememorar tiempos pasados, cada a\u00f1o se desarrolla una jornada formativa y l\u00fadica en el estupendo escenario del Museo Etnogr\u00e1fico de Riogordo y la cual ilustra la exposici\u00f3n fotogr\u00e1fica que acogemos.<\/p><p><a href=\"http:\/\/centrodeolivaryaceite.com\/wp-content\/uploads\/2014\/05\/Cartel_Exposici\u00f3n.jpg\"><img class=\"aligncenter size-full wp-image-3203\" src=\"http:\/\/centrodeolivaryaceite.com\/wp-content\/uploads\/2014\/05\/Cartel_Exposici\u00f3n.jpg\" alt=\"Cartel_Exposici\u00f3n\" width=\"317\" height=\"448\" \/><\/a><\/p>","_et_gb_content_width":"","_jetpack_memberships_contains_paid_content":false,"footnotes":""},"categories":[1],"tags":[],"class_list":["post-3202","post","type-post","status-publish","format-standard","has-post-thumbnail","hentry","category-general"],"jetpack_featured_media_url":"https:\/\/i0.wp.com\/centrodeolivaryaceite.com\/wp-content\/uploads\/2014\/05\/aceitunas.jpg?fit=640%2C465&ssl=1","jetpack_sharing_enabled":true,"jetpack_shortlink":"https:\/\/wp.me\/p95A9q-PE","_links":{"self":[{"href":"https:\/\/centrodeolivaryaceite.com\/es\/wp-json\/wp\/v2\/posts\/3202\/"}],"collection":[{"href":"https:\/\/centrodeolivaryaceite.com\/es\/wp-json\/wp\/v2\/posts\/"}],"about":[{"href":"https:\/\/centrodeolivaryaceite.com\/es\/wp-json\/wp\/v2\/types\/post\/"}],"author":[{"embeddable":true,"href":"https:\/\/centrodeolivaryaceite.com\/es\/wp-json\/wp\/v2\/users\/1\/"}],"replies":[{"embeddable":true,"href":"https:\/\/centrodeolivaryaceite.com\/es\/wp-json\/wp\/v2\/comments\/?post=3202"}],"version-history":[{"count":0,"href":"https:\/\/centrodeolivaryaceite.com\/es\/wp-json\/wp\/v2\/posts\/3202\/revisions\/"}],"wp:featuredmedia":[{"embeddable":true,"href":"https:\/\/centrodeolivaryaceite.com\/es\/wp-json\/wp\/v2\/media\/3215\/"}],"wp:attachment":[{"href":"https:\/\/centrodeolivaryaceite.com\/es\/wp-json\/wp\/v2\/media\/?parent=3202"}],"wp:term":[{"taxonomy":"category","embeddable":true,"href":"https:\/\/centrodeolivaryaceite.com\/es\/wp-json\/wp\/v2\/categories\/?post=3202"},{"taxonomy":"post_tag","embeddable":true,"href":"https:\/\/centrodeolivaryaceite.com\/es\/wp-json\/wp\/v2\/tags\/?post=3202"}],"curies":[{"name":"wp","href":"https:\/\/api.w.org\/{rel}","templated":true}]}}