{"id":3301,"date":"2014-06-01T09:17:57","date_gmt":"2014-06-01T09:17:57","guid":{"rendered":"http:\/\/centrodeolivaryaceitelaloma.com\/copiablog\/?p=3301"},"modified":"2022-07-29T10:49:39","modified_gmt":"2022-07-29T10:49:39","slug":"picual-la-variedad-de-aceituna-mas-predominante","status":"publish","type":"post","link":"https:\/\/centrodeolivaryaceite.com\/es\/picual-la-variedad-de-aceituna-mas-predominante\/","title":{"rendered":"Picual, la variedad de aceituna m\u00e1s predominante"},"content":{"rendered":"<p>[et_pb_section fb_built=\u00bb1&#8243; fullwidth=\u00bbon\u00bb custom_padding_last_edited=\u00bbon|desktop\u00bb admin_label=\u00bbSecci\u00f3n\u00bb _builder_version=\u00bb3.22&#8243; background_color=\u00bb#ffffff\u00bb background_image=\u00bbhttp:\/\/centrodeolivaryaceite.com\/wp-content\/uploads\/2016\/06\/page_header_bg_blue.jpg\u00bb custom_padding_tablet=\u00bb50px|0|50px|0&#8243; custom_padding_phone=\u00bb50px|0|50px|0&#8243; transparent_background=\u00bboff\u00bb padding_mobile=\u00bboff\u00bb make_fullwidth=\u00bboff\u00bb use_custom_width=\u00bboff\u00bb width_unit=\u00bbon\u00bb global_module=\u00bb5294&#8243; locked=\u00bboff\u00bb collapsed=\u00bboff\u00bb global_colors_info=\u00bb{}\u00bb][et_pb_fullwidth_post_title meta=\u00bboff\u00bb featured_image=\u00bboff\u00bb text_color=\u00bblight\u00bb text_background=\u00bbon\u00bb text_bg_color=\u00bbrgba(28,28,28,0.43)\u00bb admin_label=\u00bbT\u00edtulo\u00bb _builder_version=\u00bb4.17.6&#8243; _module_preset=\u00bbdefault\u00bb title_font=\u00bbRoboto Light||||\u00bb title_font_size=\u00bb35px\u00bb title_all_caps=\u00bbon\u00bb background_color=\u00bbrgba(255,255,255,0)\u00bb parallax=\u00bbon\u00bb parallax_method=\u00bboff\u00bb text_orientation=\u00bbcenter\u00bb parallax_effect=\u00bbon\u00bb module_bg_color=\u00bbrgba(255,255,255,0)\u00bb use_border_color=\u00bboff\u00bb border_color=\u00bb#ffffff\u00bb border_style=\u00bbsolid\u00bb global_colors_info=\u00bb{}\u00bb][\/et_pb_fullwidth_post_title][\/et_pb_section][et_pb_section fb_built=\u00bb1&#8243; custom_padding_last_edited=\u00bbon|desktop\u00bb admin_label=\u00bbSecci\u00f3n\u00bb _builder_version=\u00bb4.16&#8243; background_color=\u00bb#ffffff\u00bb custom_padding=\u00bb10px|||\u00bb custom_padding_tablet=\u00bb50px|0|50px|0&#8243; custom_padding_phone=\u00bb50px|0|50px|0&#8243; transparent_background=\u00bboff\u00bb padding_mobile=\u00bboff\u00bb make_fullwidth=\u00bboff\u00bb use_custom_width=\u00bboff\u00bb width_unit=\u00bbon\u00bb global_colors_info=\u00bb{}\u00bb][et_pb_row padding_mobile=\u00bboff\u00bb column_padding_mobile=\u00bbon\u00bb admin_label=\u00bbFila\u00bb _builder_version=\u00bb4.16&#8243; background_size=\u00bbinitial\u00bb background_position=\u00bbtop_left\u00bb background_repeat=\u00bbrepeat\u00bb custom_padding=\u00bb10px|||\u00bb make_fullwidth=\u00bboff\u00bb use_custom_width=\u00bboff\u00bb width_unit=\u00bbon\u00bb global_colors_info=\u00bb{}\u00bb][et_pb_column type=\u00bb4_4&#8243; _builder_version=\u00bb4.16&#8243; custom_padding=\u00bb|||\u00bb global_colors_info=\u00bb{}\u00bb custom_padding__hover=\u00bb|||\u00bb][et_pb_post_title title=\u00bboff\u00bb admin_label=\u00bbT\u00edtulo de publicaci\u00f3n\u00bb _builder_version=\u00bb4.16&#8243; title_all_caps=\u00bboff\u00bb background_color=\u00bbrgba(255,255,255,0)\u00bb parallax=\u00bbon\u00bb parallax_method=\u00bboff\u00bb parallax_effect=\u00bbon\u00bb module_bg_color=\u00bbrgba(255,255,255,0)\u00bb use_border_color=\u00bboff\u00bb border_color=\u00bb#ffffff\u00bb border_style=\u00bbsolid\u00bb global_colors_info=\u00bb{}\u00bb] [\/et_pb_post_title][\/et_pb_column][\/et_pb_row][\/et_pb_section][et_pb_section fb_built=\u00bb1&#8243; specialty=\u00bbon\u00bb custom_padding_last_edited=\u00bbon|desktop\u00bb parallax_method_1=\u00bboff\u00bb parallax_method_2=\u00bboff\u00bb admin_label=\u00bbSecci\u00f3n\u00bb _builder_version=\u00bb4.16&#8243; background_color=\u00bb#ffffff\u00bb custom_padding=\u00bb10px|||\u00bb custom_padding_tablet=\u00bb50px|0|50px|0&#8243; custom_padding_phone=\u00bb50px|0|50px|0&#8243; transparent_background=\u00bboff\u00bb padding_mobile=\u00bboff\u00bb make_fullwidth=\u00bboff\u00bb use_custom_width=\u00bboff\u00bb width_unit=\u00bbon\u00bb global_colors_info=\u00bb{}\u00bb][et_pb_column type=\u00bb2_3&#8243; specialty_columns=\u00bb2&#8243; _builder_version=\u00bb4.16&#8243; custom_padding=\u00bb|||\u00bb global_colors_info=\u00bb{}\u00bb custom_padding__hover=\u00bb|||\u00bb][et_pb_row_inner padding_mobile=\u00bboff\u00bb column_padding_mobile=\u00bbon\u00bb admin_label=\u00bbFila\u00bb _builder_version=\u00bb4.16&#8243; custom_padding=\u00bb0px|||\u00bb global_colors_info=\u00bb{}\u00bb][et_pb_column_inner saved_specialty_column_type=\u00bb2_3&#8243; _builder_version=\u00bb4.16&#8243; custom_padding=\u00bb|||\u00bb global_colors_info=\u00bb{}\u00bb custom_padding__hover=\u00bb|||\u00bb][et_pb_text admin_label=\u00bbText\u00bb _builder_version=\u00bb4.16&#8243; background_size=\u00bbinitial\u00bb background_position=\u00bbtop_left\u00bb background_repeat=\u00bbrepeat\u00bb global_colors_info=\u00bb{}\u00bb]La <strong>Picual<\/strong> es una variedad de aceituna\/olivo que se encuentra con mucha facilidad en la provincia de Ja\u00e9n. De hecho es la principal variedad que se cultiva en Espa\u00f1a, con una extensi\u00f3n cercana al MILL\u00d3N de hect\u00e1reas. <strong>Un gigantesco olivar<\/strong>. Principalmente se cultiva en la comunidad de Andaluc\u00eda y recibe tambi\u00e9n otros nombres como marte\u00f1o, nevadillo y lepere\u00f1o. El nombre de picual se debe a que el fruto producido termina en una peque\u00f1a punta o pico. De ah\u00ed la palabra picual.<\/p>\n<p>Esta variedad es utilizada debido, entre otras cosas, a su precocidad de su producci\u00f3n, a la facilidad de cultivo y especialmente por la <strong>calidad del aceite de oliva<\/strong> que se obtiene. Es un \u00e1rbol de gran vigor, con ramas cortas, muy resistente a las heladas, aunque se adapta mal a las sequ\u00edas prolongadas y a los terrenos excesivamente calc\u00e1reos.\u00a0A continuaci\u00f3n os facilitamos algunos datos interesantes sobre esta variedad:<\/p>\n<p style=\"text-align: center;\">DENOMINACI\u00d3N Y SINONIMIAS<\/p>\n<p>Le apodan de Aceite, en Villacarillo, Corriente, en \u00dabeda, Morcona, en Beas de Segura, Nevado, en Porcuna y Alcal\u00e1 la Real, ,Nevado Blanco, en Pozoblanco, y Temprana, en Cazorla. Tambi\u00e9n recibe el nombre de Andaluza, Vina, Grosal, Jabata, Lopere\u00f1o, Marte\u00f1o, Monona, Pic\u00faa, Redondilla, Salgar y Sevillano.<\/p>\n<p style=\"text-align: center;\">ZONIFICACI\u00d3N<\/p>\n<p>Es la variedad m\u00e1s importante de Espa\u00f1a. Actualmente ocupa en Andaluc\u00eda m\u00e1s de 850.000 ha, dominando en las provincias de Ja\u00e9n (97 %), C\u00f3rdoba (38 %) y Granada (40%).<\/p>\n<p style=\"text-align: center;\">CONSIDERACIONES AGRON\u00d3MICAS<\/p>\n<p>Nos encontramos ante una variedad que destaca por su f\u00e1cil propagaci\u00f3n vegetativa por estaca y por estaquillado semile\u00f1oso. La entrada en producci\u00f3n es precoz y su productividad es elevada y constante. Esto unido a la elevada capacidad de brotaci\u00f3n la hacen ideal para el cultivo.<\/p>\n<p>Su \u00e9poca de floraci\u00f3n es media, siendo en Mayo habitualmente su mes ideal, y se considera autopolinizador. Respecto al envero se considera precoz y presentan una baja resistencia al desprendimiento, que facilita la recolecci\u00f3n mecanizada. El fruto posee un alto rendimiento graso y su aceite presenta un alto nivel de estabilidad lo que implica una gran resistencia a la oxidaci\u00f3n y el enranciamiento.<\/p>\n<p>Respecto a las condiciones ed\u00e1ficas y climatol\u00f3gicas, destaca por su adaptaci\u00f3n a muy diversas condiciones siendo muy tolerante al fr\u00edo, a la salinidad y al exceso de humedad en el suelo. Por el contrario, esta variedad es muy sensible a la sequ\u00eda y a los terrenos calizos.<\/p>\n<p>Es una variedad tolerante a tuberculosis, pero, por el contrario, se ve muy afectado por repilo, la cochinilla o el prays.<\/p>\n<p style=\"text-align: center;\"><span style=\"text-decoration: underline;\">Caracter\u00edsticas del \u00e1rbol:<\/span><br \/>\nVIGOR: medio<br \/>\nPORTE: abierto<br \/>\nDENSIDAD DE COPA: espesa<\/p>\n<p style=\"text-align: center;\"><a href=\"http:\/\/centrodeolivaryaceite.com\/wp-content\/uploads\/2014\/05\/aceituna.jpg\"><br \/>\n<\/a> <a href=\"http:\/\/centrodeolivaryaceite.com\/wp-content\/uploads\/2014\/05\/hoja.png\"><br \/>\n<\/a> <a href=\"https:\/\/i0.wp.com\/centrodeolivaryaceite.com\/wp-content\/uploads\/2014\/05\/picual.jpg\"><img data-recalc-dims=\"1\" loading=\"lazy\" decoding=\"async\" data-attachment-id=\"3304\" data-permalink=\"https:\/\/centrodeolivaryaceite.com\/es\/picual-la-variedad-de-aceituna-mas-predominante\/picual\/\" data-orig-file=\"https:\/\/i0.wp.com\/centrodeolivaryaceite.com\/wp-content\/uploads\/2014\/05\/picual.jpg?fit=578%2C406&amp;ssl=1\" data-orig-size=\"578,406\" data-comments-opened=\"1\" data-image-meta=\"{&quot;aperture&quot;:&quot;0&quot;,&quot;credit&quot;:&quot;&quot;,&quot;camera&quot;:&quot;&quot;,&quot;caption&quot;:&quot;&quot;,&quot;created_timestamp&quot;:&quot;0&quot;,&quot;copyright&quot;:&quot;&quot;,&quot;focal_length&quot;:&quot;0&quot;,&quot;iso&quot;:&quot;0&quot;,&quot;shutter_speed&quot;:&quot;0&quot;,&quot;title&quot;:&quot;&quot;,&quot;orientation&quot;:&quot;0&quot;}\" data-image-title=\"picual\" data-image-description=\"\" data-image-caption=\"\" data-medium-file=\"https:\/\/i0.wp.com\/centrodeolivaryaceite.com\/wp-content\/uploads\/2014\/05\/picual.jpg?fit=300%2C211&amp;ssl=1\" data-large-file=\"https:\/\/i0.wp.com\/centrodeolivaryaceite.com\/wp-content\/uploads\/2014\/05\/picual.jpg?fit=578%2C406&amp;ssl=1\" class=\"aligncenter wp-image-3304\" src=\"https:\/\/i0.wp.com\/centrodeolivaryaceite.com\/wp-content\/uploads\/2014\/05\/picual.jpg?resize=347%2C244\" alt=\"picual\" width=\"347\" height=\"244\" srcset=\"https:\/\/i0.wp.com\/centrodeolivaryaceite.com\/wp-content\/uploads\/2014\/05\/picual.jpg?w=578&amp;ssl=1 578w, https:\/\/i0.wp.com\/centrodeolivaryaceite.com\/wp-content\/uploads\/2014\/05\/picual.jpg?resize=300%2C211&amp;ssl=1 300w\" sizes=\"(max-width: 347px) 100vw, 347px\" \/><\/a><\/p>\n<p style=\"text-align: center;\"><span style=\"text-decoration: underline;\">Caracter\u00edsticas de la hoja:<\/span><br \/>\nFORMA: el\u00edptico-lanceolada<br \/>\nLONGITUD: media<br \/>\nANCHURA: media<\/p>\n<p style=\"text-align: center;\"><a href=\"https:\/\/i0.wp.com\/centrodeolivaryaceite.com\/wp-content\/uploads\/2014\/05\/hoja.png\"><img data-recalc-dims=\"1\" loading=\"lazy\" decoding=\"async\" src=\"https:\/\/i0.wp.com\/centrodeolivaryaceite.com\/wp-content\/uploads\/2014\/05\/hoja.png?resize=308%2C275\" alt=\"hoja\" width=\"308\" height=\"275\" \/><\/a><\/p>\n<p style=\"text-align: center;\"><span style=\"text-decoration: underline;\">Caracter\u00edsticas del fruto:<\/span><br \/>\nPESO: medio<br \/>\nFORMA: ovoidal<br \/>\nGRADO DE SIMETR\u00cdA: asim\u00e9trico<br \/>\nDI\u00c1METRO TRANSVERSAL M\u00c1XIMO: centrado<br \/>\nGRADO DE SIMETR\u00cdA (B): sim\u00e9trico-ligeramente asim\u00e9trico<br \/>\n\u00c1PICE: redondeado<br \/>\nBASE: truncada<br \/>\nPEZ\u00d3N: ausente o esbozado<br \/>\nLENTICELAS: abundantes y peque\u00f1as<br \/>\nCOLOR EN MADURACI\u00d3N: negro<\/p>\n<p><a href=\"https:\/\/i0.wp.com\/centrodeolivaryaceite.com\/wp-content\/uploads\/2014\/05\/aceituna.jpg\"><img data-recalc-dims=\"1\" loading=\"lazy\" decoding=\"async\" class=\"aligncenter\" src=\"https:\/\/i0.wp.com\/centrodeolivaryaceite.com\/wp-content\/uploads\/2014\/05\/aceituna.jpg?resize=242%2C210\" alt=\"aceituna\" width=\"242\" height=\"210\" \/><\/a><\/p>\n<p>&nbsp;<br \/>\n[\/et_pb_text][et_pb_comments admin_label=\u00bbComentarios\u00bb _builder_version=\u00bb4.16&#8243; use_border_color=\u00bboff\u00bb border_color=\u00bb#ffffff\u00bb border_style=\u00bbsolid\u00bb button_letter_spacing_hover=\u00bb0&#8243; global_colors_info=\u00bb{}\u00bb button_text_size__hover_enabled=\u00bboff\u00bb button_one_text_size__hover_enabled=\u00bboff\u00bb button_two_text_size__hover_enabled=\u00bboff\u00bb button_text_color__hover_enabled=\u00bboff\u00bb button_one_text_color__hover_enabled=\u00bboff\u00bb button_two_text_color__hover_enabled=\u00bboff\u00bb button_border_width__hover_enabled=\u00bboff\u00bb button_one_border_width__hover_enabled=\u00bboff\u00bb button_two_border_width__hover_enabled=\u00bboff\u00bb button_border_color__hover_enabled=\u00bboff\u00bb button_one_border_color__hover_enabled=\u00bboff\u00bb button_two_border_color__hover_enabled=\u00bboff\u00bb button_border_radius__hover_enabled=\u00bboff\u00bb button_one_border_radius__hover_enabled=\u00bboff\u00bb button_two_border_radius__hover_enabled=\u00bboff\u00bb button_letter_spacing__hover_enabled=\u00bbon\u00bb button_letter_spacing__hover=\u00bb0&#8243; button_one_letter_spacing__hover_enabled=\u00bboff\u00bb button_two_letter_spacing__hover_enabled=\u00bboff\u00bb button_bg_color__hover_enabled=\u00bboff\u00bb button_one_bg_color__hover_enabled=\u00bboff\u00bb button_two_bg_color__hover_enabled=\u00bboff\u00bb] [\/et_pb_comments][\/et_pb_column_inner][\/et_pb_row_inner][\/et_pb_column][et_pb_column type=\u00bb1_3&#8243; _builder_version=\u00bb4.16&#8243; custom_padding=\u00bb|||\u00bb global_colors_info=\u00bb{}\u00bb custom_padding__hover=\u00bb|||\u00bb][et_pb_sidebar orientation=\u00bbright\u00bb area=\u00bbsidebar-1&#8243; admin_label=\u00bbBarra lateral\u00bb _builder_version=\u00bb4.16&#8243; remove_border=\u00bboff\u00bb global_colors_info=\u00bb{}\u00bb] [\/et_pb_sidebar][\/et_pb_column][\/et_pb_section][et_pb_section fb_built=\u00bb1&#8243; custom_padding_last_edited=\u00bbon|desktop\u00bb disabled_on=\u00bbon|on|on\u00bb admin_label=\u00bbSecci\u00f3n\u00bb _builder_version=\u00bb3.0.92&#8243; background_color=\u00bb#dedacf\u00bb custom_padding_tablet=\u00bb50px|0|50px|0&#8243; custom_padding_phone=\u00bb\u00bb transparent_background=\u00bboff\u00bb padding_mobile=\u00bboff\u00bb make_fullwidth=\u00bboff\u00bb use_custom_width=\u00bboff\u00bb width_unit=\u00bbon\u00bb disabled=\u00bbon\u00bb global_module=\u00bb5116&#8243; collapsed=\u00bboff\u00bb global_colors_info=\u00bb{}\u00bb][et_pb_row _builder_version=\u00bb4.16&#8243; global_colors_info=\u00bb{}\u00bb][et_pb_column type=\u00bb4_4&#8243; _builder_version=\u00bb4.16&#8243; custom_padding=\u00bb|||\u00bb global_colors_info=\u00bb{}\u00bb custom_padding__hover=\u00bb|||\u00bb][\/et_pb_column][\/et_pb_row][\/et_pb_section][et_pb_section fb_built=\u00bb1&#8243; custom_padding_last_edited=\u00bbon|desktop\u00bb admin_label=\u00bbSecci\u00f3n\u00bb _builder_version=\u00bb3.22&#8243; background_color=\u00bb#ffffff\u00bb custom_padding=\u00bb10px||0px|\u00bb custom_padding_tablet=\u00bb50px|0|50px|0&#8243; custom_padding_phone=\u00bb\u00bb transparent_background=\u00bboff\u00bb padding_mobile=\u00bboff\u00bb make_fullwidth=\u00bboff\u00bb use_custom_width=\u00bboff\u00bb width_unit=\u00bbon\u00bb global_module=\u00bb5115&#8243; collapsed=\u00bboff\u00bb global_colors_info=\u00bb{}\u00bb][et_pb_row padding_mobile=\u00bboff\u00bb column_padding_mobile=\u00bbon\u00bb _builder_version=\u00bb4.16&#8243; background_size=\u00bbinitial\u00bb background_position=\u00bbtop_left\u00bb background_repeat=\u00bbrepeat\u00bb max_width=\u00bb1080px\u00bb custom_padding=\u00bb0px||0px|\u00bb make_fullwidth=\u00bboff\u00bb use_custom_width=\u00bboff\u00bb width_unit=\u00bbon\u00bb global_colors_info=\u00bb{}\u00bb][\/et_pb_row][\/et_pb_section]<\/p>\n","protected":false},"excerpt":{"rendered":"<p>La Picual es una variedad de aceituna\/olivo que se encuentra con mucha facilidad en la provincia de Ja\u00e9n. De hecho es la principal variedad que se cultiva en Espa\u00f1a, con una extensi\u00f3n cercana al MILL\u00d3N de hect\u00e1reas. Un gigantesco olivar. Principalmente se cultiva en la comunidad de Andaluc\u00eda y recibe tambi\u00e9n otros nombres como marte\u00f1o, [&hellip;]<\/p>\n","protected":false},"author":1,"featured_media":3305,"comment_status":"open","ping_status":"open","sticky":false,"template":"","format":"standard","meta":{"_et_pb_use_builder":"on","_et_pb_old_content":"<p>La <strong>Picual<\/strong> es una variedad de aceituna\/olivo que se encuentra con mucha facilidad en la provincia de Ja\u00e9n. De hecho es la principal variedad que se cultiva en Espa\u00f1a, con una extensi\u00f3n cercana al MILL\u00d3N de hect\u00e1reas. <strong>Un gigantesco olivar<\/strong>. Principalmente se cultiva en la comunidad de Andaluc\u00eda y recibe tambi\u00e9n otros nombres como marte\u00f1o, nevadillo y lepere\u00f1o. El nombre de picual se debe a que el fruto producido termina en una peque\u00f1a punta o pico. De ah\u00ed la palabra picual.<\/p><p>Esta variedad es utilizada debido, entre otras cosas, a su precocidad de su producci\u00f3n, a la facilidad de cultivo y especialmente por la <strong>calidad del aceite de oliva<\/strong> que se obtiene. Es un \u00e1rbol de gran vigor, con ramas cortas, muy resistente a las heladas, aunque se adapta mal a las sequ\u00edas prolongadas y a los terrenos excesivamente calc\u00e1reos.\u00a0A continuaci\u00f3n os facilitamos algunos datos interesantes sobre esta variedad:<\/p><p style=\"text-align: center;\">DENOMINACI\u00d3N Y SINONIMIAS<\/p><p>Le apodan de Aceite, en Villacarillo, Corriente, en \u00dabeda, Morcona, en Beas de Segura, Nevado, en Porcuna y Alcal\u00e1 la Real, ,Nevado Blanco, en Pozoblanco, y Temprana, en Cazorla. Tambi\u00e9n recibe el nombre de Andaluza, Vina, Grosal, Jabata, Lopere\u00f1o, Marte\u00f1o, Monona, Pic\u00faa, Redondilla, Salgar y Sevillano.<\/p><p style=\"text-align: center;\">ZONIFICACI\u00d3N<\/p><p>Es la variedad m\u00e1s importante de Espa\u00f1a. Actualmente ocupa en Andaluc\u00eda m\u00e1s de 850.000 ha, dominando en las provincias de Ja\u00e9n (97 %), C\u00f3rdoba (38 %) y Granada (40%).<\/p><p style=\"text-align: center;\">CONSIDERACIONES AGRON\u00d3MICAS<\/p><p>Nos encontramos ante una variedad que destaca por su f\u00e1cil propagaci\u00f3n vegetativa por estaca y por estaquillado semile\u00f1oso. La entrada en producci\u00f3n es precoz y su productividad es elevada y constante. Esto unido a la elevada capacidad de brotaci\u00f3n la hacen ideal para el cultivo.<\/p><p>Su \u00e9poca de floraci\u00f3n es media, siendo en Mayo habitualmente su mes ideal, y se considera autopolinizador. Respecto al envero se considera precoz y presentan una baja resistencia al desprendimiento, que facilita la recolecci\u00f3n mecanizada. El fruto posee un alto rendimiento graso y su aceite presenta un alto nivel de estabilidad lo que implica una gran resistencia a la oxidaci\u00f3n y el enranciamiento.<\/p><p>Respecto a las condiciones ed\u00e1ficas y climatol\u00f3gicas, destaca por su adaptaci\u00f3n a muy diversas condiciones siendo muy tolerante al fr\u00edo, a la salinidad y al exceso de humedad en el suelo. Por el contrario, esta variedad es muy sensible a la sequ\u00eda y a los terrenos calizos.<\/p><p>Es una variedad tolerante a tuberculosis, pero, por el contrario, se ve muy afectado por repilo, la cochinilla o el prays.<\/p><p style=\"text-align: center;\"><span style=\"text-decoration: underline;\">Caracter\u00edsticas del \u00e1rbol:<\/span><br \/> VIGOR: medio<br \/> PORTE: abierto<br \/> DENSIDAD DE COPA: espesa<\/p><p style=\"text-align: center;\"><a href=\"http:\/\/centrodeolivaryaceite.com\/wp-content\/uploads\/2014\/05\/aceituna.jpg\"><br \/> <\/a> <a href=\"http:\/\/centrodeolivaryaceite.com\/wp-content\/uploads\/2014\/05\/hoja.png\"><br \/> <\/a> <a href=\"http:\/\/centrodeolivaryaceite.com\/wp-content\/uploads\/2014\/05\/picual.jpg\"><img class=\"aligncenter wp-image-3304\" src=\"http:\/\/centrodeolivaryaceite.com\/wp-content\/uploads\/2014\/05\/picual.jpg\" alt=\"picual\" width=\"347\" height=\"244\" \/><\/a><\/p><p style=\"text-align: center;\"><span style=\"text-decoration: underline;\">Caracter\u00edsticas de la hoja:<\/span><br \/> FORMA: el\u00edptico-lanceolada<br \/> LONGITUD: media<br \/> ANCHURA: media<\/p><p style=\"text-align: center;\"><a href=\"http:\/\/centrodeolivaryaceite.com\/wp-content\/uploads\/2014\/05\/hoja.png\"><img src=\"http:\/\/centrodeolivaryaceite.com\/wp-content\/uploads\/2014\/05\/hoja.png\" alt=\"hoja\" width=\"308\" height=\"275\" \/><\/a><\/p><p style=\"text-align: center;\"><span style=\"text-decoration: underline;\">Caracter\u00edsticas del fruto:<\/span><br \/> PESO: medio<br \/> FORMA: ovoidal<br \/> GRADO DE SIMETR\u00cdA: asim\u00e9trico<br \/> DI\u00c1METRO TRANSVERSAL M\u00c1XIMO: centrado<br \/> GRADO DE SIMETR\u00cdA (B): sim\u00e9trico-ligeramente asim\u00e9trico<br \/> \u00c1PICE: redondeado<br \/> BASE: truncada<br \/> PEZ\u00d3N: ausente o esbozado<br \/> LENTICELAS: abundantes y peque\u00f1as<br \/> COLOR EN MADURACI\u00d3N: negro<\/p><p><a href=\"http:\/\/centrodeolivaryaceite.com\/wp-content\/uploads\/2014\/05\/aceituna.jpg\"><img class=\"aligncenter\" src=\"http:\/\/centrodeolivaryaceite.com\/wp-content\/uploads\/2014\/05\/aceituna.jpg\" alt=\"aceituna\" width=\"242\" height=\"210\" \/><\/a><\/p><p>\u00a0<\/p>","_et_gb_content_width":"","_jetpack_memberships_contains_paid_content":false,"footnotes":""},"categories":[39],"tags":[],"class_list":["post-3301","post","type-post","status-publish","format-standard","has-post-thumbnail","hentry","category-variedades-de-aceituna"],"jetpack_featured_media_url":"https:\/\/i0.wp.com\/centrodeolivaryaceite.com\/wp-content\/uploads\/2014\/05\/olivar.jpg?fit=1600%2C1200&ssl=1","jetpack_sharing_enabled":true,"jetpack_shortlink":"https:\/\/wp.me\/p95A9q-Rf","_links":{"self":[{"href":"https:\/\/centrodeolivaryaceite.com\/es\/wp-json\/wp\/v2\/posts\/3301\/"}],"collection":[{"href":"https:\/\/centrodeolivaryaceite.com\/es\/wp-json\/wp\/v2\/posts\/"}],"about":[{"href":"https:\/\/centrodeolivaryaceite.com\/es\/wp-json\/wp\/v2\/types\/post\/"}],"author":[{"embeddable":true,"href":"https:\/\/centrodeolivaryaceite.com\/es\/wp-json\/wp\/v2\/users\/1\/"}],"replies":[{"embeddable":true,"href":"https:\/\/centrodeolivaryaceite.com\/es\/wp-json\/wp\/v2\/comments\/?post=3301"}],"version-history":[{"count":0,"href":"https:\/\/centrodeolivaryaceite.com\/es\/wp-json\/wp\/v2\/posts\/3301\/revisions\/"}],"wp:featuredmedia":[{"embeddable":true,"href":"https:\/\/centrodeolivaryaceite.com\/es\/wp-json\/wp\/v2\/media\/3305\/"}],"wp:attachment":[{"href":"https:\/\/centrodeolivaryaceite.com\/es\/wp-json\/wp\/v2\/media\/?parent=3301"}],"wp:term":[{"taxonomy":"category","embeddable":true,"href":"https:\/\/centrodeolivaryaceite.com\/es\/wp-json\/wp\/v2\/categories\/?post=3301"},{"taxonomy":"post_tag","embeddable":true,"href":"https:\/\/centrodeolivaryaceite.com\/es\/wp-json\/wp\/v2\/tags\/?post=3301"}],"curies":[{"name":"wp","href":"https:\/\/api.w.org\/{rel}","templated":true}]}}