{"id":3380,"date":"2014-06-22T10:38:12","date_gmt":"2014-06-22T10:38:12","guid":{"rendered":"http:\/\/centrodeolivaryaceitelaloma.com\/copiablog\/?p=3380"},"modified":"2022-07-29T10:50:32","modified_gmt":"2022-07-29T10:50:32","slug":"arbequina-una-variedad-en-expansion","status":"publish","type":"post","link":"https:\/\/centrodeolivaryaceite.com\/es\/arbequina-una-variedad-en-expansion\/","title":{"rendered":"Arbequina, una variedad en expansi\u00f3n"},"content":{"rendered":"<p>[et_pb_section fb_built=\u00bb1&#8243; fullwidth=\u00bbon\u00bb custom_padding_last_edited=\u00bbon|desktop\u00bb admin_label=\u00bbSecci\u00f3n\u00bb _builder_version=\u00bb3.22&#8243; background_color=\u00bb#ffffff\u00bb background_image=\u00bbhttp:\/\/centrodeolivaryaceite.com\/wp-content\/uploads\/2016\/06\/page_header_bg_blue.jpg\u00bb custom_padding_tablet=\u00bb50px|0|50px|0&#8243; transparent_background=\u00bboff\u00bb padding_mobile=\u00bboff\u00bb make_fullwidth=\u00bboff\u00bb use_custom_width=\u00bboff\u00bb width_unit=\u00bbon\u00bb global_module=\u00bb5294&#8243; locked=\u00bboff\u00bb collapsed=\u00bboff\u00bb global_colors_info=\u00bb{}\u00bb custom_padding_phone=\u00bb50px|0|50px|0&#8243;][et_pb_fullwidth_post_title meta=\u00bboff\u00bb featured_image=\u00bboff\u00bb text_color=\u00bblight\u00bb text_background=\u00bbon\u00bb text_bg_color=\u00bbrgba(28,28,28,0.43)\u00bb admin_label=\u00bbT\u00edtulo\u00bb _builder_version=\u00bb4.17.6&#8243; _module_preset=\u00bbdefault\u00bb title_font=\u00bbRoboto Light||||\u00bb title_font_size=\u00bb35px\u00bb title_all_caps=\u00bbon\u00bb background_color=\u00bbrgba(255,255,255,0)\u00bb parallax=\u00bbon\u00bb parallax_method=\u00bboff\u00bb text_orientation=\u00bbcenter\u00bb use_border_color=\u00bboff\u00bb border_color=\u00bb#ffffff\u00bb border_style=\u00bbsolid\u00bb parallax_effect=\u00bbon\u00bb module_bg_color=\u00bbrgba(255,255,255,0)\u00bb global_colors_info=\u00bb{}\u00bb][\/et_pb_fullwidth_post_title][\/et_pb_section][et_pb_section fb_built=\u00bb1&#8243; custom_padding_last_edited=\u00bbon|desktop\u00bb admin_label=\u00bbSecci\u00f3n\u00bb _builder_version=\u00bb4.16&#8243; background_color=\u00bb#ffffff\u00bb custom_padding=\u00bb10px|||\u00bb custom_padding_tablet=\u00bb50px|0|50px|0&#8243; transparent_background=\u00bboff\u00bb padding_mobile=\u00bboff\u00bb make_fullwidth=\u00bboff\u00bb use_custom_width=\u00bboff\u00bb width_unit=\u00bbon\u00bb global_colors_info=\u00bb{}\u00bb custom_padding_phone=\u00bb50px|0|50px|0&#8243;][et_pb_row padding_mobile=\u00bboff\u00bb column_padding_mobile=\u00bbon\u00bb admin_label=\u00bbFila\u00bb _builder_version=\u00bb4.16&#8243; background_size=\u00bbinitial\u00bb background_position=\u00bbtop_left\u00bb background_repeat=\u00bbrepeat\u00bb custom_padding=\u00bb10px|||\u00bb make_fullwidth=\u00bboff\u00bb use_custom_width=\u00bboff\u00bb width_unit=\u00bbon\u00bb global_colors_info=\u00bb{}\u00bb][et_pb_column type=\u00bb4_4&#8243; _builder_version=\u00bb4.16&#8243; custom_padding=\u00bb|||\u00bb global_colors_info=\u00bb{}\u00bb custom_padding__hover=\u00bb|||\u00bb][et_pb_post_title title=\u00bboff\u00bb admin_label=\u00bbT\u00edtulo de publicaci\u00f3n\u00bb _builder_version=\u00bb4.16&#8243; title_all_caps=\u00bboff\u00bb background_color=\u00bbrgba(255,255,255,0)\u00bb parallax=\u00bbon\u00bb parallax_method=\u00bboff\u00bb use_border_color=\u00bboff\u00bb border_color=\u00bb#ffffff\u00bb border_style=\u00bbsolid\u00bb parallax_effect=\u00bbon\u00bb module_bg_color=\u00bbrgba(255,255,255,0)\u00bb global_colors_info=\u00bb{}\u00bb] [\/et_pb_post_title][\/et_pb_column][\/et_pb_row][\/et_pb_section][et_pb_section fb_built=\u00bb1&#8243; specialty=\u00bbon\u00bb custom_padding_last_edited=\u00bbon|desktop\u00bb parallax_method_1=\u00bboff\u00bb parallax_method_2=\u00bboff\u00bb admin_label=\u00bbSecci\u00f3n\u00bb _builder_version=\u00bb4.16&#8243; background_color=\u00bb#ffffff\u00bb custom_padding=\u00bb10px|||\u00bb custom_padding_tablet=\u00bb50px|0|50px|0&#8243; transparent_background=\u00bboff\u00bb padding_mobile=\u00bboff\u00bb make_fullwidth=\u00bboff\u00bb use_custom_width=\u00bboff\u00bb width_unit=\u00bbon\u00bb global_colors_info=\u00bb{}\u00bb custom_padding_phone=\u00bb50px|0|50px|0&#8243;][et_pb_column type=\u00bb2_3&#8243; specialty_columns=\u00bb2&#8243; _builder_version=\u00bb4.16&#8243; custom_padding=\u00bb|||\u00bb global_colors_info=\u00bb{}\u00bb custom_padding__hover=\u00bb|||\u00bb][et_pb_row_inner padding_mobile=\u00bboff\u00bb column_padding_mobile=\u00bbon\u00bb admin_label=\u00bbFila\u00bb _builder_version=\u00bb4.16&#8243; custom_padding=\u00bb0px|||\u00bb global_colors_info=\u00bb{}\u00bb][et_pb_column_inner saved_specialty_column_type=\u00bb2_3&#8243; _builder_version=\u00bb4.16&#8243; custom_padding=\u00bb|||\u00bb global_colors_info=\u00bb{}\u00bb custom_padding__hover=\u00bb|||\u00bb][et_pb_text admin_label=\u00bbText\u00bb _builder_version=\u00bb4.16&#8243; background_size=\u00bbinitial\u00bb background_position=\u00bbtop_left\u00bb background_repeat=\u00bbrepeat\u00bb global_colors_info=\u00bb{}\u00bb]La <strong>arbequina<\/strong> es una variedad de olivo que procede de Palestina y su introducci\u00f3n en Espa\u00f1a se atribuye al duque de Medinaceli en el siglo XVII. Se tiene constancia de que el duque viv\u00eda en el castillo-palacio de Arbeca, Catalu\u00f1a, y se supone que este es el origen adem\u00e1s que recibe esta variedad en honor al municipio donde el duque resid\u00eda.\u00a0Hoy en d\u00eda es la variedad m\u00e1s plantada en Espa\u00f1a y posiblemente en el mundo debido a su buena adaptaci\u00f3n a sistemas de cultivo de alta densidad, cultivos superintensivos, y que son los m\u00e1s \u00a0mecanizados. <strong>El aceite de oliva que se vende con esta variedad<\/strong> es muy aceptado fuera de nuestras fronteras. \u00a0<span style=\"line-height: 1.5em;\">A continuaci\u00f3n os facilitamos algunos datos interesantes sobre esta variedad:<\/span><\/p>\n<p style=\"text-align: center;\">DENOMINACI\u00d3N Y SINONIMIAS<\/p>\n<p>Topon\u00edmico de Arbeca, localidad de L\u00e9rida donde se supone que se inici\u00f3 su cultivo. Existe otra sinonimia que es la denominaci\u00f3n Blanca en Barbastro.<\/p>\n<p style=\"text-align: center;\">ZONIFICACI\u00d3N<\/p>\n<p>La Arbequina es la variedad m\u00e1s importante de Catalu\u00f1a donde actualmente ocupa m\u00e1s de 55.000 ha. Es la variedad base de las Denominaciones de Origen catalanas \u201cLes Garrigues\u201d (Lleida) y \u201cSiurana\u201d (Tarragona).\u00a0No obstante, se encuentra con facilidad en Arag\u00f3n y desde hace pocos a\u00f1os en Andaluc\u00eda, donde \u00a0es una de las variedades que m\u00e1s se utiliza para nuevas plantaciones ocupando m\u00e1s de 20.000 ha en plantaciones intensivas. Fuera de nuestras fronteras se ecuentran poblaciones de esta variedad en Argentina y Uruguay.<\/p>\n<p style=\"text-align: center;\">CONSIDERACIONES AGRON\u00d3MICAS<\/p>\n<p>Esta variedad se caracteriza por un poder de enraizamiento alto, por un vigor reducido y por\u00a0una precoz entrada en producci\u00f3n, lo que la hace ideal para su uso en en plantaciones intensivas que buscan altas y regulares producciones. Respecto a su \u00e9poca de floraci\u00f3n se puede decir que es media y adem\u00e1s es considerada autocompatible. A tener en cuenta en la cosecha, es que la fuerza de retenci\u00f3n del fruto es media, esto unido a su peque\u00f1o tama\u00f1o hace dif\u00edcil la recolecci\u00f3n mec\u00e1nica con vibrador de troncos. No obstante, al hablar del zumo que produce, \u00a0su rendimiento graso es elevado y la calidad de su aceite es excelente, principalmente por sus buenas caracter\u00edsticas organol\u00e9pticas. Desgraciadamente su estabilidad es baja, lo que provoca que pierda estas excelentes propiedades con facilidad. Agron\u00f3micamente es una variedad resistente al fr\u00edo, tolerante a la salinidad y susceptible a la clorosis f\u00e9rrica en terrenos muy calizos. Respecto a las plagas y enfermedades, es considerada sensible a la mosca y verticilosis y tolerante al repilo.<\/p>\n<p>&nbsp;<\/p>\n<p style=\"text-align: center;\">Caracter\u00edsticas del \u00e1rbol:<br \/>\nVIGOR: bajo<br \/>\nPORTE: abierto<br \/>\nDENSIDAD DE COPA: media<\/p>\n<p><a href=\"http:\/\/centrodeolivaryaceite.com\/wp-content\/uploads\/2014\/05\/aceituna.jpg\"><br \/>\n<\/a><a href=\"http:\/\/centrodeolivaryaceite.com\/wp-content\/uploads\/2014\/05\/hoja.png\"><br \/>\n<\/a><a href=\"https:\/\/i0.wp.com\/centrodeolivaryaceite.com\/wp-content\/uploads\/2014\/06\/arbequina.jpg\"><img data-recalc-dims=\"1\" loading=\"lazy\" decoding=\"async\" data-attachment-id=\"3382\" data-permalink=\"https:\/\/centrodeolivaryaceite.com\/es\/arbequina-una-variedad-en-expansion\/arbequina\/\" data-orig-file=\"https:\/\/i0.wp.com\/centrodeolivaryaceite.com\/wp-content\/uploads\/2014\/06\/arbequina.jpg?fit=655%2C434&amp;ssl=1\" data-orig-size=\"655,434\" data-comments-opened=\"1\" data-image-meta=\"{&quot;aperture&quot;:&quot;0&quot;,&quot;credit&quot;:&quot;&quot;,&quot;camera&quot;:&quot;&quot;,&quot;caption&quot;:&quot;&quot;,&quot;created_timestamp&quot;:&quot;0&quot;,&quot;copyright&quot;:&quot;&quot;,&quot;focal_length&quot;:&quot;0&quot;,&quot;iso&quot;:&quot;0&quot;,&quot;shutter_speed&quot;:&quot;0&quot;,&quot;title&quot;:&quot;&quot;,&quot;orientation&quot;:&quot;0&quot;}\" data-image-title=\"arbequina\" data-image-description=\"\" data-image-caption=\"\" data-medium-file=\"https:\/\/i0.wp.com\/centrodeolivaryaceite.com\/wp-content\/uploads\/2014\/06\/arbequina.jpg?fit=300%2C199&amp;ssl=1\" data-large-file=\"https:\/\/i0.wp.com\/centrodeolivaryaceite.com\/wp-content\/uploads\/2014\/06\/arbequina.jpg?fit=655%2C434&amp;ssl=1\" class=\"wp-image-3382 aligncenter\" src=\"https:\/\/i0.wp.com\/centrodeolivaryaceite.com\/wp-content\/uploads\/2014\/06\/arbequina.jpg?resize=393%2C260\" alt=\"arbequina\" width=\"393\" height=\"260\" srcset=\"https:\/\/i0.wp.com\/centrodeolivaryaceite.com\/wp-content\/uploads\/2014\/06\/arbequina.jpg?w=655&amp;ssl=1 655w, https:\/\/i0.wp.com\/centrodeolivaryaceite.com\/wp-content\/uploads\/2014\/06\/arbequina.jpg?resize=300%2C199&amp;ssl=1 300w\" sizes=\"(max-width: 393px) 100vw, 393px\" \/><\/a><\/p>\n<p style=\"text-align: center;\">Caracter\u00edsticas de la hoja:<br \/>\nFORMA: el\u00edptico-lanceolada<br \/>\nLONGITUD: media<br \/>\nANCHURA: media<\/p>\n<p style=\"text-align: center;\"><a href=\"https:\/\/i0.wp.com\/centrodeolivaryaceite.com\/wp-content\/uploads\/2014\/06\/hoja-arbequina.png\"><img data-recalc-dims=\"1\" loading=\"lazy\" decoding=\"async\" src=\"https:\/\/i0.wp.com\/centrodeolivaryaceite.com\/wp-content\/uploads\/2014\/06\/hoja-arbequina.png?resize=171%2C225\" alt=\"hoja arbequina\" width=\"171\" height=\"225\" \/><\/a><\/p>\n<p style=\"text-align: center;\">Caracter\u00edsticas del fruto:<br \/>\nPESO: medio<br \/>\nFORMA: ovoidal<br \/>\nGRADO DE SIMETR\u00cdA: asim\u00e9trico<br \/>\nDI\u00c1METRO TRANSVERSAL M\u00c1XIMO: centrado<br \/>\nGRADO DE SIMETR\u00cdA (B): sim\u00e9trico-ligeramente asim\u00e9trico<br \/>\n\u00c1PICE: redondeado<br \/>\nBASE: truncada<br \/>\nPEZ\u00d3N: ausente o esbozado<br \/>\nCOLOR EN MADURACI\u00d3N: negro<\/p>\n<p>&nbsp;<\/p>\n<p style=\"text-align: center;\">\u00a0<a href=\"https:\/\/i0.wp.com\/centrodeolivaryaceite.com\/wp-content\/uploads\/2014\/06\/aceituna-arbequina.png\"><img data-recalc-dims=\"1\" loading=\"lazy\" decoding=\"async\" src=\"https:\/\/i0.wp.com\/centrodeolivaryaceite.com\/wp-content\/uploads\/2014\/06\/aceituna-arbequina.png?resize=212%2C185\" alt=\"aceituna arbequina\" width=\"212\" height=\"185\" \/><\/a><\/p>\n<p>[\/et_pb_text][et_pb_comments admin_label=\u00bbComentarios\u00bb _builder_version=\u00bb4.16&#8243; use_border_color=\u00bboff\u00bb border_color=\u00bb#ffffff\u00bb border_style=\u00bbsolid\u00bb button_letter_spacing_hover=\u00bb0&#8243; global_colors_info=\u00bb{}\u00bb button_text_size__hover_enabled=\u00bboff\u00bb button_one_text_size__hover_enabled=\u00bboff\u00bb button_two_text_size__hover_enabled=\u00bboff\u00bb button_text_color__hover_enabled=\u00bboff\u00bb button_one_text_color__hover_enabled=\u00bboff\u00bb button_two_text_color__hover_enabled=\u00bboff\u00bb button_border_width__hover_enabled=\u00bboff\u00bb button_one_border_width__hover_enabled=\u00bboff\u00bb button_two_border_width__hover_enabled=\u00bboff\u00bb button_border_color__hover_enabled=\u00bboff\u00bb button_one_border_color__hover_enabled=\u00bboff\u00bb button_two_border_color__hover_enabled=\u00bboff\u00bb button_border_radius__hover_enabled=\u00bboff\u00bb button_one_border_radius__hover_enabled=\u00bboff\u00bb button_two_border_radius__hover_enabled=\u00bboff\u00bb button_letter_spacing__hover_enabled=\u00bbon\u00bb button_letter_spacing__hover=\u00bb0&#8243; button_one_letter_spacing__hover_enabled=\u00bboff\u00bb button_two_letter_spacing__hover_enabled=\u00bboff\u00bb button_bg_color__hover_enabled=\u00bboff\u00bb button_one_bg_color__hover_enabled=\u00bboff\u00bb button_two_bg_color__hover_enabled=\u00bboff\u00bb] [\/et_pb_comments][\/et_pb_column_inner][\/et_pb_row_inner][\/et_pb_column][et_pb_column type=\u00bb1_3&#8243; _builder_version=\u00bb4.16&#8243; custom_padding=\u00bb|||\u00bb global_colors_info=\u00bb{}\u00bb custom_padding__hover=\u00bb|||\u00bb][et_pb_sidebar orientation=\u00bbright\u00bb area=\u00bbsidebar-1&#8243; admin_label=\u00bbBarra lateral\u00bb _builder_version=\u00bb4.16&#8243; remove_border=\u00bboff\u00bb global_colors_info=\u00bb{}\u00bb] [\/et_pb_sidebar][\/et_pb_column][\/et_pb_section][et_pb_section fb_built=\u00bb1&#8243; custom_padding_last_edited=\u00bbon|desktop\u00bb disabled_on=\u00bbon|on|on\u00bb admin_label=\u00bbSecci\u00f3n\u00bb _builder_version=\u00bb3.0.92&#8243; background_color=\u00bb#dedacf\u00bb custom_padding_tablet=\u00bb50px|0|50px|0&#8243; transparent_background=\u00bboff\u00bb padding_mobile=\u00bboff\u00bb make_fullwidth=\u00bboff\u00bb use_custom_width=\u00bboff\u00bb width_unit=\u00bbon\u00bb disabled=\u00bbon\u00bb global_module=\u00bb5116&#8243; collapsed=\u00bboff\u00bb global_colors_info=\u00bb{}\u00bb custom_padding_phone=\u00bb50px|0|50px|0&#8243;][et_pb_row _builder_version=\u00bb4.16&#8243; global_colors_info=\u00bb{}\u00bb][et_pb_column type=\u00bb4_4&#8243; _builder_version=\u00bb4.16&#8243; custom_padding=\u00bb|||\u00bb global_colors_info=\u00bb{}\u00bb custom_padding__hover=\u00bb|||\u00bb][\/et_pb_column][\/et_pb_row][\/et_pb_section][et_pb_section fb_built=\u00bb1&#8243; custom_padding_last_edited=\u00bbon|desktop\u00bb admin_label=\u00bbSecci\u00f3n\u00bb _builder_version=\u00bb3.22&#8243; background_color=\u00bb#ffffff\u00bb custom_padding=\u00bb10px||0px|\u00bb custom_padding_tablet=\u00bb50px|0|50px|0&#8243; transparent_background=\u00bboff\u00bb padding_mobile=\u00bboff\u00bb make_fullwidth=\u00bboff\u00bb use_custom_width=\u00bboff\u00bb width_unit=\u00bbon\u00bb global_module=\u00bb5115&#8243; collapsed=\u00bboff\u00bb global_colors_info=\u00bb{}\u00bb custom_padding_phone=\u00bb50px|0|50px|0&#8243;][et_pb_row padding_mobile=\u00bboff\u00bb column_padding_mobile=\u00bbon\u00bb _builder_version=\u00bb4.16&#8243; background_size=\u00bbinitial\u00bb background_position=\u00bbtop_left\u00bb background_repeat=\u00bbrepeat\u00bb max_width=\u00bb1080px\u00bb custom_padding=\u00bb0px||0px|\u00bb make_fullwidth=\u00bboff\u00bb use_custom_width=\u00bboff\u00bb width_unit=\u00bbon\u00bb global_colors_info=\u00bb{}\u00bb][\/et_pb_row][\/et_pb_section]<\/p>\n","protected":false},"excerpt":{"rendered":"<p>La arbequina es una variedad de olivo que procede de Palestina y su introducci\u00f3n en Espa\u00f1a se atribuye al duque de Medinaceli en el siglo XVII. Se tiene constancia de que el duque viv\u00eda en el castillo-palacio de Arbeca, Catalu\u00f1a, y se supone que este es el origen adem\u00e1s que recibe esta variedad en honor [&hellip;]<\/p>\n","protected":false},"author":1,"featured_media":3390,"comment_status":"open","ping_status":"open","sticky":false,"template":"","format":"standard","meta":{"_et_pb_use_builder":"on","_et_pb_old_content":"<p>La <strong>arbequina<\/strong> es una variedad de olivo que procede de Palestina y su introducci\u00f3n en Espa\u00f1a se atribuye al duque de Medinaceli en el siglo XVII. Se tiene constancia de que el duque viv\u00eda en el castillo-palacio de Arbeca, Catalu\u00f1a, y se supone que este es el origen adem\u00e1s que recibe esta variedad en honor al municipio donde el duque resid\u00eda.\u00a0Hoy en d\u00eda es la variedad m\u00e1s plantada en Espa\u00f1a y posiblemente en el mundo debido a su buena adaptaci\u00f3n a sistemas de cultivo de alta densidad, cultivos superintensivos, y que son los m\u00e1s \u00a0mecanizados. <strong>El aceite de oliva que se vende con esta variedad<\/strong> es muy aceptado fuera de nuestras fronteras. \u00a0<span style=\"line-height: 1.5em;\">A continuaci\u00f3n os facilitamos algunos datos interesantes sobre esta variedad:<\/span><\/p><p style=\"text-align: center;\">DENOMINACI\u00d3N Y SINONIMIAS<\/p><p>Topon\u00edmico de Arbeca, localidad de L\u00e9rida donde se supone que se inici\u00f3 su cultivo. Existe otra sinonimia que es la denominaci\u00f3n Blanca en Barbastro.<\/p><p style=\"text-align: center;\">ZONIFICACI\u00d3N<\/p><p>La Arbequina es la variedad m\u00e1s importante de Catalu\u00f1a donde actualmente ocupa m\u00e1s de 55.000 ha. Es la variedad base de las Denominaciones de Origen catalanas \u201cLes Garrigues\u201d (Lleida) y \u201cSiurana\u201d (Tarragona).\u00a0No obstante, se encuentra con facilidad en Arag\u00f3n y desde hace pocos a\u00f1os en Andaluc\u00eda, donde \u00a0es una de las variedades que m\u00e1s se utiliza para nuevas plantaciones ocupando m\u00e1s de 20.000 ha en plantaciones intensivas. Fuera de nuestras fronteras se ecuentran poblaciones de esta variedad en Argentina y Uruguay.<\/p><p style=\"text-align: center;\">CONSIDERACIONES AGRON\u00d3MICAS<\/p><p>Esta variedad se caracteriza por un poder de enraizamiento alto, por un vigor reducido y por\u00a0una precoz entrada en producci\u00f3n, lo que la hace ideal para su uso en en plantaciones intensivas que buscan altas y regulares producciones. Respecto a su \u00e9poca de floraci\u00f3n se puede decir que es media y adem\u00e1s es considerada autocompatible. A tener en cuenta en la cosecha, es que la fuerza de retenci\u00f3n del fruto es media, esto unido a su peque\u00f1o tama\u00f1o hace dif\u00edcil la recolecci\u00f3n mec\u00e1nica con vibrador de troncos. No obstante, al hablar del zumo que produce, \u00a0su rendimiento graso es elevado y la calidad de su aceite es excelente, principalmente por sus buenas caracter\u00edsticas organol\u00e9pticas. Desgraciadamente su estabilidad es baja, lo que provoca que pierda estas excelentes propiedades con facilidad. Agron\u00f3micamente es una variedad resistente al fr\u00edo, tolerante a la salinidad y susceptible a la clorosis f\u00e9rrica en terrenos muy calizos. Respecto a las plagas y enfermedades, es considerada sensible a la mosca y verticilosis y tolerante al repilo.<\/p><p>\u00a0<\/p><p style=\"text-align: center;\">Caracter\u00edsticas del \u00e1rbol:<br \/> VIGOR: bajo<br \/> PORTE: abierto<br \/> DENSIDAD DE COPA: media<\/p><p><a href=\"http:\/\/centrodeolivaryaceite.com\/wp-content\/uploads\/2014\/05\/aceituna.jpg\"><br \/> <\/a><a href=\"http:\/\/centrodeolivaryaceite.com\/wp-content\/uploads\/2014\/05\/hoja.png\"><br \/> <\/a><a href=\"http:\/\/centrodeolivaryaceite.com\/wp-content\/uploads\/2014\/06\/arbequina.jpg\"><img class=\"wp-image-3382 aligncenter\" src=\"http:\/\/centrodeolivaryaceite.com\/wp-content\/uploads\/2014\/06\/arbequina.jpg\" alt=\"arbequina\" width=\"393\" height=\"260\" \/><\/a><\/p><p style=\"text-align: center;\">Caracter\u00edsticas de la hoja:<br \/> FORMA: el\u00edptico-lanceolada<br \/> LONGITUD: media<br \/> ANCHURA: media<\/p><p style=\"text-align: center;\"><a href=\"http:\/\/centrodeolivaryaceite.com\/wp-content\/uploads\/2014\/06\/hoja-arbequina.png\"><img src=\"http:\/\/centrodeolivaryaceite.com\/wp-content\/uploads\/2014\/06\/hoja-arbequina.png\" alt=\"hoja arbequina\" width=\"171\" height=\"225\" \/><\/a><\/p><p style=\"text-align: center;\">Caracter\u00edsticas del fruto:<br \/> PESO: medio<br \/> FORMA: ovoidal<br \/> GRADO DE SIMETR\u00cdA: asim\u00e9trico<br \/> DI\u00c1METRO TRANSVERSAL M\u00c1XIMO: centrado<br \/> GRADO DE SIMETR\u00cdA (B): sim\u00e9trico-ligeramente asim\u00e9trico<br \/> \u00c1PICE: redondeado<br \/> BASE: truncada<br \/> PEZ\u00d3N: ausente o esbozado<br \/> COLOR EN MADURACI\u00d3N: negro<\/p><p>\u00a0<\/p><p style=\"text-align: center;\">\u00a0<a href=\"http:\/\/centrodeolivaryaceite.com\/wp-content\/uploads\/2014\/06\/aceituna-arbequina.png\"><img src=\"http:\/\/centrodeolivaryaceite.com\/wp-content\/uploads\/2014\/06\/aceituna-arbequina.png\" alt=\"aceituna arbequina\" width=\"212\" height=\"185\" \/><\/a><\/p>","_et_gb_content_width":"","_jetpack_memberships_contains_paid_content":false,"footnotes":""},"categories":[39],"tags":[],"class_list":["post-3380","post","type-post","status-publish","format-standard","has-post-thumbnail","hentry","category-variedades-de-aceituna"],"jetpack_featured_media_url":"https:\/\/i0.wp.com\/centrodeolivaryaceite.com\/wp-content\/uploads\/2014\/06\/800px-Arbequina_Mallola72_12_febrer_2006_072.jpg?fit=800%2C600&ssl=1","jetpack_sharing_enabled":true,"jetpack_shortlink":"https:\/\/wp.me\/p95A9q-Sw","_links":{"self":[{"href":"https:\/\/centrodeolivaryaceite.com\/es\/wp-json\/wp\/v2\/posts\/3380\/"}],"collection":[{"href":"https:\/\/centrodeolivaryaceite.com\/es\/wp-json\/wp\/v2\/posts\/"}],"about":[{"href":"https:\/\/centrodeolivaryaceite.com\/es\/wp-json\/wp\/v2\/types\/post\/"}],"author":[{"embeddable":true,"href":"https:\/\/centrodeolivaryaceite.com\/es\/wp-json\/wp\/v2\/users\/1\/"}],"replies":[{"embeddable":true,"href":"https:\/\/centrodeolivaryaceite.com\/es\/wp-json\/wp\/v2\/comments\/?post=3380"}],"version-history":[{"count":0,"href":"https:\/\/centrodeolivaryaceite.com\/es\/wp-json\/wp\/v2\/posts\/3380\/revisions\/"}],"wp:featuredmedia":[{"embeddable":true,"href":"https:\/\/centrodeolivaryaceite.com\/es\/wp-json\/wp\/v2\/media\/3390\/"}],"wp:attachment":[{"href":"https:\/\/centrodeolivaryaceite.com\/es\/wp-json\/wp\/v2\/media\/?parent=3380"}],"wp:term":[{"taxonomy":"category","embeddable":true,"href":"https:\/\/centrodeolivaryaceite.com\/es\/wp-json\/wp\/v2\/categories\/?post=3380"},{"taxonomy":"post_tag","embeddable":true,"href":"https:\/\/centrodeolivaryaceite.com\/es\/wp-json\/wp\/v2\/tags\/?post=3380"}],"curies":[{"name":"wp","href":"https:\/\/api.w.org\/{rel}","templated":true}]}}