{"id":3415,"date":"2014-06-28T18:35:47","date_gmt":"2014-06-28T18:35:47","guid":{"rendered":"http:\/\/centrodeolivaryaceitelaloma.com\/copiablog\/?p=3415"},"modified":"2022-07-29T10:51:52","modified_gmt":"2022-07-29T10:51:52","slug":"nuestros-cursos-curso-de-cata-de-aov-nivel-avanzado","status":"publish","type":"post","link":"https:\/\/centrodeolivaryaceite.com\/es\/nuestros-cursos-curso-de-cata-de-aov-nivel-avanzado\/","title":{"rendered":"Nuestros cursos: Curso de Cata de AOV, Nivel Avanzado"},"content":{"rendered":"<p>[et_pb_section fb_built=\u00bb1&#8243; fullwidth=\u00bbon\u00bb custom_padding_last_edited=\u00bbon|desktop\u00bb admin_label=\u00bbSecci\u00f3n\u00bb _builder_version=\u00bb3.22&#8243; background_color=\u00bb#ffffff\u00bb background_image=\u00bbhttp:\/\/centrodeolivaryaceite.com\/wp-content\/uploads\/2016\/06\/page_header_bg_blue.jpg\u00bb custom_padding_tablet=\u00bb50px|0|50px|0&#8243; transparent_background=\u00bboff\u00bb padding_mobile=\u00bboff\u00bb make_fullwidth=\u00bboff\u00bb use_custom_width=\u00bboff\u00bb width_unit=\u00bbon\u00bb global_module=\u00bb5294&#8243; locked=\u00bboff\u00bb collapsed=\u00bboff\u00bb global_colors_info=\u00bb{}\u00bb custom_padding_phone=\u00bb50px|0|50px|0&#8243;][et_pb_fullwidth_post_title meta=\u00bboff\u00bb featured_image=\u00bboff\u00bb text_color=\u00bblight\u00bb text_background=\u00bbon\u00bb text_bg_color=\u00bbrgba(28,28,28,0.43)\u00bb admin_label=\u00bbT\u00edtulo\u00bb _builder_version=\u00bb4.17.6&#8243; _module_preset=\u00bbdefault\u00bb title_font=\u00bbRoboto Light||||\u00bb title_font_size=\u00bb35px\u00bb title_all_caps=\u00bbon\u00bb background_color=\u00bbrgba(255,255,255,0)\u00bb parallax=\u00bbon\u00bb parallax_method=\u00bboff\u00bb text_orientation=\u00bbcenter\u00bb use_border_color=\u00bboff\u00bb border_color=\u00bb#ffffff\u00bb border_style=\u00bbsolid\u00bb parallax_effect=\u00bbon\u00bb module_bg_color=\u00bbrgba(255,255,255,0)\u00bb global_colors_info=\u00bb{}\u00bb][\/et_pb_fullwidth_post_title][\/et_pb_section][et_pb_section fb_built=\u00bb1&#8243; custom_padding_last_edited=\u00bbon|desktop\u00bb admin_label=\u00bbSecci\u00f3n\u00bb _builder_version=\u00bb4.16&#8243; background_color=\u00bb#ffffff\u00bb custom_padding=\u00bb10px|||\u00bb custom_padding_tablet=\u00bb50px|0|50px|0&#8243; transparent_background=\u00bboff\u00bb padding_mobile=\u00bboff\u00bb make_fullwidth=\u00bboff\u00bb use_custom_width=\u00bboff\u00bb width_unit=\u00bbon\u00bb global_colors_info=\u00bb{}\u00bb custom_padding_phone=\u00bb50px|0|50px|0&#8243;][et_pb_row padding_mobile=\u00bboff\u00bb column_padding_mobile=\u00bbon\u00bb admin_label=\u00bbFila\u00bb _builder_version=\u00bb4.16&#8243; background_size=\u00bbinitial\u00bb background_position=\u00bbtop_left\u00bb background_repeat=\u00bbrepeat\u00bb custom_padding=\u00bb10px|||\u00bb make_fullwidth=\u00bboff\u00bb use_custom_width=\u00bboff\u00bb width_unit=\u00bbon\u00bb global_colors_info=\u00bb{}\u00bb][et_pb_column type=\u00bb4_4&#8243; _builder_version=\u00bb4.16&#8243; custom_padding=\u00bb|||\u00bb global_colors_info=\u00bb{}\u00bb custom_padding__hover=\u00bb|||\u00bb][et_pb_post_title title=\u00bboff\u00bb admin_label=\u00bbT\u00edtulo de publicaci\u00f3n\u00bb _builder_version=\u00bb4.16&#8243; title_all_caps=\u00bboff\u00bb background_color=\u00bbrgba(255,255,255,0)\u00bb parallax=\u00bbon\u00bb parallax_method=\u00bboff\u00bb use_border_color=\u00bboff\u00bb border_color=\u00bb#ffffff\u00bb border_style=\u00bbsolid\u00bb parallax_effect=\u00bbon\u00bb module_bg_color=\u00bbrgba(255,255,255,0)\u00bb global_colors_info=\u00bb{}\u00bb] [\/et_pb_post_title][\/et_pb_column][\/et_pb_row][\/et_pb_section][et_pb_section fb_built=\u00bb1&#8243; specialty=\u00bbon\u00bb custom_padding_last_edited=\u00bbon|desktop\u00bb parallax_method_1=\u00bboff\u00bb parallax_method_2=\u00bboff\u00bb admin_label=\u00bbSecci\u00f3n\u00bb _builder_version=\u00bb4.16&#8243; background_color=\u00bb#ffffff\u00bb custom_padding=\u00bb10px|||\u00bb custom_padding_tablet=\u00bb50px|0|50px|0&#8243; transparent_background=\u00bboff\u00bb padding_mobile=\u00bboff\u00bb make_fullwidth=\u00bboff\u00bb use_custom_width=\u00bboff\u00bb width_unit=\u00bbon\u00bb global_colors_info=\u00bb{}\u00bb custom_padding_phone=\u00bb50px|0|50px|0&#8243;][et_pb_column type=\u00bb2_3&#8243; specialty_columns=\u00bb2&#8243; _builder_version=\u00bb4.16&#8243; custom_padding=\u00bb|||\u00bb global_colors_info=\u00bb{}\u00bb custom_padding__hover=\u00bb|||\u00bb][et_pb_row_inner padding_mobile=\u00bboff\u00bb column_padding_mobile=\u00bbon\u00bb admin_label=\u00bbFila\u00bb _builder_version=\u00bb4.16&#8243; custom_padding=\u00bb0px|||\u00bb global_colors_info=\u00bb{}\u00bb][et_pb_column_inner saved_specialty_column_type=\u00bb2_3&#8243; _builder_version=\u00bb4.16&#8243; custom_padding=\u00bb|||\u00bb global_colors_info=\u00bb{}\u00bb custom_padding__hover=\u00bb|||\u00bb][et_pb_text admin_label=\u00bbText\u00bb _builder_version=\u00bb4.16&#8243; background_size=\u00bbinitial\u00bb background_position=\u00bbtop_left\u00bb background_repeat=\u00bbrepeat\u00bb global_colors_info=\u00bb{}\u00bb]El Centro de Interpretaci\u00f3n Olivar y Aceite ha acogido recientemente la primera edici\u00f3n del <strong>curso de cata de aceites de oliva V\u00edrgenes, en su nivel avanzado<\/strong>, con el fin de profundizar en el an\u00e1lisis sensorial del aceite de oliva virgen . El curso ha completado todas sus plazas, asistiendo <strong>25 profesionales del sector ole\u00edcola<\/strong>, procedentes de diferentes puntos de la provincia de Ja\u00e9n, y de otras zonas de la geograf\u00eda espa\u00f1ola y mundial, como Granada, M\u00e1laga, Murcia, Ciudad Real y Colombia, <strong>con unos conocimientos b\u00e1sicos en la cata de aceite<\/strong>, para profundizar en la valoraci\u00f3n organol\u00e9ptica de los aceites de oliva v\u00edrgenes y perfeccionar sus habilidades sensoriales.<\/p>\n<p><a href=\"https:\/\/i0.wp.com\/centrodeolivaryaceite.com\/wp-content\/uploads\/2014\/06\/SAM_0592.jpg\"><img data-recalc-dims=\"1\" loading=\"lazy\" decoding=\"async\" data-attachment-id=\"3421\" data-permalink=\"https:\/\/centrodeolivaryaceite.com\/es\/nuestros-cursos-curso-de-cata-de-aov-nivel-avanzado\/samsung-camera-pictures-2\/\" data-orig-file=\"https:\/\/i0.wp.com\/centrodeolivaryaceite.com\/wp-content\/uploads\/2014\/06\/SAM_0592.jpg?fit=433%2C324&amp;ssl=1\" data-orig-size=\"433,324\" data-comments-opened=\"1\" data-image-meta=\"{&quot;aperture&quot;:&quot;3.2&quot;,&quot;credit&quot;:&quot;&quot;,&quot;camera&quot;:&quot;WB200F\/WB201F\/WB202F&quot;,&quot;caption&quot;:&quot;SAMSUNG CAMERA PICTURES&quot;,&quot;created_timestamp&quot;:&quot;1402427752&quot;,&quot;copyright&quot;:&quot;Copyright 2012&quot;,&quot;focal_length&quot;:&quot;4&quot;,&quot;iso&quot;:&quot;160&quot;,&quot;shutter_speed&quot;:&quot;0.05&quot;,&quot;title&quot;:&quot;SAMSUNG CAMERA PICTURES&quot;,&quot;orientation&quot;:&quot;1&quot;}\" data-image-title=\"Curso Cata AOV Nivel Avanzado 2\" data-image-description=\"\" data-image-caption=\"\" data-medium-file=\"https:\/\/i0.wp.com\/centrodeolivaryaceite.com\/wp-content\/uploads\/2014\/06\/SAM_0592.jpg?fit=300%2C224&amp;ssl=1\" data-large-file=\"https:\/\/i0.wp.com\/centrodeolivaryaceite.com\/wp-content\/uploads\/2014\/06\/SAM_0592.jpg?fit=433%2C324&amp;ssl=1\" class=\"wp-image-3421 aligncenter\" src=\"https:\/\/i0.wp.com\/centrodeolivaryaceite.com\/wp-content\/uploads\/2014\/06\/SAM_0592.jpg?resize=303%2C227\" alt=\"Curso Cata AOV Nivel Avanzado 2\" width=\"303\" height=\"227\" srcset=\"https:\/\/i0.wp.com\/centrodeolivaryaceite.com\/wp-content\/uploads\/2014\/06\/SAM_0592.jpg?w=433&amp;ssl=1 433w, https:\/\/i0.wp.com\/centrodeolivaryaceite.com\/wp-content\/uploads\/2014\/06\/SAM_0592.jpg?resize=300%2C224&amp;ssl=1 300w\" sizes=\"(max-width: 303px) 100vw, 303px\" \/><\/a><\/p>\n<p>Como novedad en este curso, se han realizado diferentes pruebas organol\u00e9pticas, adem\u00e1s de catar m\u00e1s de 30 aceites, entre ellos variedades de aceituna espa\u00f1olas at\u00edpicas, como pico lim\u00f3n, ocal, acebuche, arbosana, arroniz,\u2026 adem\u00e1s de catas de aceites de otros pa\u00edses (Italia, Grecia, Uruguay y Francia), aceites ecol\u00f3gicos y aceites premiados en concursos nacionales e internacionales.\u00a0En un apartado m\u00e1s sofisticado y comercial se han visto los conceptos b\u00e1sicos de la sumiller\u00eda de aceite y maridaje, y la cata hedonista.<\/p>\n<p>Como profesorado se ha contado con expertos como Br\u00edgida Jim\u00e9nez Herrera, directora del IFAPA de Cabra; Marino Uceda, IADA Ingenieros. Elai\u00f3logo; M\u00aa Paz Aguilera Citoliva; Soledad Rom\u00e1n, y Tom\u00e1s M\u00e9ndez, C.I. Olivar y Aceite; Juan Molina Martinez, AOVE Cortijo Spiritu Santo, y Joaqu\u00edn Claramunt, agr\u00f3nomo y agricultor de AOVE Claramunt.<\/p>\n<p style=\"text-align: center;\"><a href=\"https:\/\/i0.wp.com\/centrodeolivaryaceite.com\/wp-content\/uploads\/2014\/06\/SAM_0649.jpg\"><img data-recalc-dims=\"1\" loading=\"lazy\" decoding=\"async\" class=\"aligncenter\" src=\"https:\/\/i0.wp.com\/centrodeolivaryaceite.com\/wp-content\/uploads\/2014\/06\/SAM_0649.jpg?resize=346%2C259\" alt=\"Curso Cata AOV Nivel Avanzado 3\" width=\"346\" height=\"259\" \/><\/a><\/p>\n<p>Ya se encuentran planificados los pr\u00f3ximos Cursos de Cata en el Centro de Interpretaci\u00f3n Olivar y Aceite. \u00a0En concreto, <strong>la Cuarta Edici\u00f3n del Curso de Cata de Aceite de Oliva Virgen, Cultura y Sabor, que tendr\u00e1 lugar del 26 al 29 de Agosto y la\u00a0Segunda Edici\u00f3n del Curso de Cata de Aceite de Oliva Virgen, NIVEL AVANZADO, \u00a0del 16 al 19 de Septiembre<\/strong>, \u00a0celebr\u00e1ndose ambas en nuestras instalaciones de \u00dabeda. Si se encuentra interesado en cualquiera de estos cursos puede obtener m\u00e1s informaci\u00f3n\u00a0enviando un mail con tus datos\u00a0 y tel\u00e9fono a <a href=\"mailto:info@centrodeolivaryaceitelaloma.com\/copiablog\">info@centrodeolivaryaceitelaloma.com\/copiablog<\/a> o llamando al 953755889.<br \/>\n[\/et_pb_text][et_pb_comments admin_label=\u00bbComentarios\u00bb _builder_version=\u00bb4.16&#8243; use_border_color=\u00bboff\u00bb border_color=\u00bb#ffffff\u00bb border_style=\u00bbsolid\u00bb button_letter_spacing_hover=\u00bb0&#8243; global_colors_info=\u00bb{}\u00bb button_text_size__hover_enabled=\u00bboff\u00bb button_one_text_size__hover_enabled=\u00bboff\u00bb button_two_text_size__hover_enabled=\u00bboff\u00bb button_text_color__hover_enabled=\u00bboff\u00bb button_one_text_color__hover_enabled=\u00bboff\u00bb button_two_text_color__hover_enabled=\u00bboff\u00bb button_border_width__hover_enabled=\u00bboff\u00bb button_one_border_width__hover_enabled=\u00bboff\u00bb button_two_border_width__hover_enabled=\u00bboff\u00bb button_border_color__hover_enabled=\u00bboff\u00bb button_one_border_color__hover_enabled=\u00bboff\u00bb button_two_border_color__hover_enabled=\u00bboff\u00bb button_border_radius__hover_enabled=\u00bboff\u00bb button_one_border_radius__hover_enabled=\u00bboff\u00bb button_two_border_radius__hover_enabled=\u00bboff\u00bb button_letter_spacing__hover_enabled=\u00bbon\u00bb button_letter_spacing__hover=\u00bb0&#8243; button_one_letter_spacing__hover_enabled=\u00bboff\u00bb button_two_letter_spacing__hover_enabled=\u00bboff\u00bb button_bg_color__hover_enabled=\u00bboff\u00bb button_one_bg_color__hover_enabled=\u00bboff\u00bb button_two_bg_color__hover_enabled=\u00bboff\u00bb] [\/et_pb_comments][\/et_pb_column_inner][\/et_pb_row_inner][\/et_pb_column][et_pb_column type=\u00bb1_3&#8243; _builder_version=\u00bb4.16&#8243; custom_padding=\u00bb|||\u00bb global_colors_info=\u00bb{}\u00bb custom_padding__hover=\u00bb|||\u00bb][et_pb_sidebar orientation=\u00bbright\u00bb area=\u00bbsidebar-1&#8243; admin_label=\u00bbBarra lateral\u00bb _builder_version=\u00bb4.16&#8243; remove_border=\u00bboff\u00bb global_colors_info=\u00bb{}\u00bb] [\/et_pb_sidebar][\/et_pb_column][\/et_pb_section][et_pb_section fb_built=\u00bb1&#8243; custom_padding_last_edited=\u00bbon|desktop\u00bb disabled_on=\u00bbon|on|on\u00bb admin_label=\u00bbSecci\u00f3n\u00bb _builder_version=\u00bb3.0.92&#8243; background_color=\u00bb#dedacf\u00bb custom_padding_tablet=\u00bb50px|0|50px|0&#8243; transparent_background=\u00bboff\u00bb padding_mobile=\u00bboff\u00bb make_fullwidth=\u00bboff\u00bb use_custom_width=\u00bboff\u00bb width_unit=\u00bbon\u00bb disabled=\u00bbon\u00bb global_module=\u00bb5116&#8243; collapsed=\u00bboff\u00bb global_colors_info=\u00bb{}\u00bb custom_padding_phone=\u00bb50px|0|50px|0&#8243;][et_pb_row _builder_version=\u00bb4.16&#8243; global_colors_info=\u00bb{}\u00bb][et_pb_column type=\u00bb4_4&#8243; _builder_version=\u00bb4.16&#8243; custom_padding=\u00bb|||\u00bb global_colors_info=\u00bb{}\u00bb custom_padding__hover=\u00bb|||\u00bb][\/et_pb_column][\/et_pb_row][\/et_pb_section][et_pb_section fb_built=\u00bb1&#8243; custom_padding_last_edited=\u00bbon|desktop\u00bb admin_label=\u00bbSecci\u00f3n\u00bb _builder_version=\u00bb3.22&#8243; background_color=\u00bb#ffffff\u00bb custom_padding=\u00bb10px||0px|\u00bb custom_padding_tablet=\u00bb50px|0|50px|0&#8243; transparent_background=\u00bboff\u00bb padding_mobile=\u00bboff\u00bb make_fullwidth=\u00bboff\u00bb use_custom_width=\u00bboff\u00bb width_unit=\u00bbon\u00bb global_module=\u00bb5115&#8243; collapsed=\u00bboff\u00bb global_colors_info=\u00bb{}\u00bb custom_padding_phone=\u00bb50px|0|50px|0&#8243;][et_pb_row padding_mobile=\u00bboff\u00bb column_padding_mobile=\u00bbon\u00bb _builder_version=\u00bb4.16&#8243; background_size=\u00bbinitial\u00bb background_position=\u00bbtop_left\u00bb background_repeat=\u00bbrepeat\u00bb max_width=\u00bb1080px\u00bb custom_padding=\u00bb0px||0px|\u00bb make_fullwidth=\u00bboff\u00bb use_custom_width=\u00bboff\u00bb width_unit=\u00bbon\u00bb global_colors_info=\u00bb{}\u00bb][\/et_pb_row][\/et_pb_section]<\/p>\n","protected":false},"excerpt":{"rendered":"<p>El Centro de Interpretaci\u00f3n Olivar y Aceite ha acogido recientemente la primera edici\u00f3n del curso de cata de aceites de oliva V\u00edrgenes, en su nivel avanzado, con el fin de profundizar en el an\u00e1lisis sensorial del aceite de oliva virgen . El curso ha completado todas sus plazas, asistiendo 25 profesionales del sector ole\u00edcola, procedentes [&hellip;]<\/p>\n","protected":false},"author":1,"featured_media":3420,"comment_status":"open","ping_status":"open","sticky":false,"template":"","format":"standard","meta":{"_et_pb_use_builder":"on","_et_pb_old_content":"<p>El Centro de Interpretaci\u00f3n Olivar y Aceite ha acogido recientemente la primera edici\u00f3n del <strong>curso de cata de aceites de oliva V\u00edrgenes, en su nivel avanzado<\/strong>, con el fin de profundizar en el an\u00e1lisis sensorial del aceite de oliva virgen . El curso ha completado todas sus plazas, asistiendo <strong>25 profesionales del sector ole\u00edcola<\/strong>, procedentes de diferentes puntos de la provincia de Ja\u00e9n, y de otras zonas de la geograf\u00eda espa\u00f1ola y mundial, como Granada, M\u00e1laga, Murcia, Ciudad Real y Colombia, <strong>con unos conocimientos b\u00e1sicos en la cata de aceite<\/strong>, para profundizar en la valoraci\u00f3n organol\u00e9ptica de los aceites de oliva v\u00edrgenes y perfeccionar sus habilidades sensoriales.<\/p><p><a href=\"http:\/\/centrodeolivaryaceite.com\/wp-content\/uploads\/2014\/06\/SAM_0592.jpg\"><img class=\"wp-image-3421 aligncenter\" src=\"http:\/\/centrodeolivaryaceite.com\/wp-content\/uploads\/2014\/06\/SAM_0592.jpg\" alt=\"Curso Cata AOV Nivel Avanzado 2\" width=\"303\" height=\"227\" \/><\/a><\/p><p>Como novedad en este curso, se han realizado diferentes pruebas organol\u00e9pticas, adem\u00e1s de catar m\u00e1s de 30 aceites, entre ellos variedades de aceituna espa\u00f1olas at\u00edpicas, como pico lim\u00f3n, ocal, acebuche, arbosana, arroniz,\u2026 adem\u00e1s de catas de aceites de otros pa\u00edses (Italia, Grecia, Uruguay y Francia), aceites ecol\u00f3gicos y aceites premiados en concursos nacionales e internacionales.\u00a0En un apartado m\u00e1s sofisticado y comercial se han visto los conceptos b\u00e1sicos de la sumiller\u00eda de aceite y maridaje, y la cata hedonista.<\/p><p>Como profesorado se ha contado con expertos como Br\u00edgida Jim\u00e9nez Herrera, directora del IFAPA de Cabra; Marino Uceda, IADA Ingenieros. Elai\u00f3logo; M\u00aa Paz Aguilera Citoliva; Soledad Rom\u00e1n, y Tom\u00e1s M\u00e9ndez, C.I. Olivar y Aceite; Juan Molina Martinez, AOVE Cortijo Spiritu Santo, y Joaqu\u00edn Claramunt, agr\u00f3nomo y agricultor de AOVE Claramunt.<\/p><p style=\"text-align: center;\"><a href=\"http:\/\/centrodeolivaryaceite.com\/wp-content\/uploads\/2014\/06\/SAM_0649.jpg\"><img class=\"aligncenter\" src=\"http:\/\/centrodeolivaryaceite.com\/wp-content\/uploads\/2014\/06\/SAM_0649.jpg\" alt=\"Curso Cata AOV Nivel Avanzado 3\" width=\"346\" height=\"259\" \/><\/a><\/p><p>Ya se encuentran planificados los pr\u00f3ximos Cursos de Cata en el Centro de Interpretaci\u00f3n Olivar y Aceite. \u00a0En concreto, <strong>la Cuarta Edici\u00f3n del Curso de Cata de Aceite de Oliva Virgen, Cultura y Sabor, que tendr\u00e1 lugar del 26 al 29 de Agosto y la\u00a0Segunda Edici\u00f3n del Curso de Cata de Aceite de Oliva Virgen, NIVEL AVANZADO, \u00a0del 16 al 19 de Septiembre<\/strong>, \u00a0celebr\u00e1ndose ambas en nuestras instalaciones de \u00dabeda. Si se encuentra interesado en cualquiera de estos cursos puede obtener m\u00e1s informaci\u00f3n\u00a0enviando un mail con tus datos\u00a0 y tel\u00e9fono a <a href=\"mailto:info@centrodeolivaryaceitelaloma.com\/copiablog\">info@centrodeolivaryaceitelaloma.com\/copiablog<\/a> o llamando al 953755889.<\/p>","_et_gb_content_width":"","_jetpack_memberships_contains_paid_content":false,"footnotes":""},"categories":[1],"tags":[],"class_list":["post-3415","post","type-post","status-publish","format-standard","has-post-thumbnail","hentry","category-general"],"jetpack_featured_media_url":"https:\/\/i0.wp.com\/centrodeolivaryaceite.com\/wp-content\/uploads\/2014\/06\/SAM_0629.jpg?fit=562%2C421&ssl=1","jetpack_sharing_enabled":true,"jetpack_shortlink":"https:\/\/wp.me\/p95A9q-T5","_links":{"self":[{"href":"https:\/\/centrodeolivaryaceite.com\/es\/wp-json\/wp\/v2\/posts\/3415\/"}],"collection":[{"href":"https:\/\/centrodeolivaryaceite.com\/es\/wp-json\/wp\/v2\/posts\/"}],"about":[{"href":"https:\/\/centrodeolivaryaceite.com\/es\/wp-json\/wp\/v2\/types\/post\/"}],"author":[{"embeddable":true,"href":"https:\/\/centrodeolivaryaceite.com\/es\/wp-json\/wp\/v2\/users\/1\/"}],"replies":[{"embeddable":true,"href":"https:\/\/centrodeolivaryaceite.com\/es\/wp-json\/wp\/v2\/comments\/?post=3415"}],"version-history":[{"count":0,"href":"https:\/\/centrodeolivaryaceite.com\/es\/wp-json\/wp\/v2\/posts\/3415\/revisions\/"}],"wp:featuredmedia":[{"embeddable":true,"href":"https:\/\/centrodeolivaryaceite.com\/es\/wp-json\/wp\/v2\/media\/3420\/"}],"wp:attachment":[{"href":"https:\/\/centrodeolivaryaceite.com\/es\/wp-json\/wp\/v2\/media\/?parent=3415"}],"wp:term":[{"taxonomy":"category","embeddable":true,"href":"https:\/\/centrodeolivaryaceite.com\/es\/wp-json\/wp\/v2\/categories\/?post=3415"},{"taxonomy":"post_tag","embeddable":true,"href":"https:\/\/centrodeolivaryaceite.com\/es\/wp-json\/wp\/v2\/tags\/?post=3415"}],"curies":[{"name":"wp","href":"https:\/\/api.w.org\/{rel}","templated":true}]}}