{"id":3440,"date":"2014-07-31T08:30:09","date_gmt":"2014-07-31T08:30:09","guid":{"rendered":"http:\/\/centrodeolivaryaceitelaloma.com\/copiablog\/?p=3440"},"modified":"2022-07-29T10:56:47","modified_gmt":"2022-07-29T10:56:47","slug":"cultivando-la-cultura-del-aove-entre-los-mas-pequenos","status":"publish","type":"post","link":"https:\/\/centrodeolivaryaceite.com\/es\/cultivando-la-cultura-del-aove-entre-los-mas-pequenos\/","title":{"rendered":"Cultivando la Cultura del AOVE entre los m\u00e1s peque\u00f1os"},"content":{"rendered":"<p>[et_pb_section fb_built=\u00bb1&#8243; fullwidth=\u00bbon\u00bb custom_padding_last_edited=\u00bbon|desktop\u00bb admin_label=\u00bbSecci\u00f3n\u00bb _builder_version=\u00bb3.22&#8243; background_color=\u00bb#ffffff\u00bb background_image=\u00bbhttp:\/\/centrodeolivaryaceite.com\/wp-content\/uploads\/2016\/06\/page_header_bg_blue.jpg\u00bb custom_padding_tablet=\u00bb50px|0|50px|0&#8243; transparent_background=\u00bboff\u00bb padding_mobile=\u00bboff\u00bb make_fullwidth=\u00bboff\u00bb use_custom_width=\u00bboff\u00bb width_unit=\u00bbon\u00bb global_module=\u00bb5294&#8243; locked=\u00bboff\u00bb collapsed=\u00bboff\u00bb global_colors_info=\u00bb{}\u00bb custom_padding_phone=\u00bb50px|0|50px|0&#8243;][et_pb_fullwidth_post_title meta=\u00bboff\u00bb featured_image=\u00bboff\u00bb text_color=\u00bblight\u00bb text_background=\u00bbon\u00bb text_bg_color=\u00bbrgba(28,28,28,0.43)\u00bb admin_label=\u00bbT\u00edtulo\u00bb _builder_version=\u00bb4.17.6&#8243; _module_preset=\u00bbdefault\u00bb title_font=\u00bbRoboto Light||||\u00bb title_font_size=\u00bb35px\u00bb title_all_caps=\u00bbon\u00bb background_color=\u00bbrgba(255,255,255,0)\u00bb parallax=\u00bbon\u00bb parallax_method=\u00bboff\u00bb text_orientation=\u00bbcenter\u00bb use_border_color=\u00bboff\u00bb border_color=\u00bb#ffffff\u00bb border_style=\u00bbsolid\u00bb parallax_effect=\u00bbon\u00bb module_bg_color=\u00bbrgba(255,255,255,0)\u00bb global_colors_info=\u00bb{}\u00bb][\/et_pb_fullwidth_post_title][\/et_pb_section][et_pb_section fb_built=\u00bb1&#8243; custom_padding_last_edited=\u00bbon|desktop\u00bb admin_label=\u00bbSecci\u00f3n\u00bb _builder_version=\u00bb4.16&#8243; background_color=\u00bb#ffffff\u00bb custom_padding=\u00bb10px|||\u00bb custom_padding_tablet=\u00bb50px|0|50px|0&#8243; transparent_background=\u00bboff\u00bb padding_mobile=\u00bboff\u00bb make_fullwidth=\u00bboff\u00bb use_custom_width=\u00bboff\u00bb width_unit=\u00bbon\u00bb global_colors_info=\u00bb{}\u00bb custom_padding_phone=\u00bb50px|0|50px|0&#8243;][et_pb_row padding_mobile=\u00bboff\u00bb column_padding_mobile=\u00bbon\u00bb admin_label=\u00bbFila\u00bb _builder_version=\u00bb4.16&#8243; background_size=\u00bbinitial\u00bb background_position=\u00bbtop_left\u00bb background_repeat=\u00bbrepeat\u00bb custom_padding=\u00bb10px|||\u00bb make_fullwidth=\u00bboff\u00bb use_custom_width=\u00bboff\u00bb width_unit=\u00bbon\u00bb global_colors_info=\u00bb{}\u00bb][et_pb_column type=\u00bb4_4&#8243; _builder_version=\u00bb4.16&#8243; custom_padding=\u00bb|||\u00bb global_colors_info=\u00bb{}\u00bb custom_padding__hover=\u00bb|||\u00bb][et_pb_post_title title=\u00bboff\u00bb admin_label=\u00bbT\u00edtulo de publicaci\u00f3n\u00bb _builder_version=\u00bb4.16&#8243; title_all_caps=\u00bboff\u00bb background_color=\u00bbrgba(255,255,255,0)\u00bb parallax=\u00bbon\u00bb parallax_method=\u00bboff\u00bb use_border_color=\u00bboff\u00bb border_color=\u00bb#ffffff\u00bb border_style=\u00bbsolid\u00bb parallax_effect=\u00bbon\u00bb module_bg_color=\u00bbrgba(255,255,255,0)\u00bb global_colors_info=\u00bb{}\u00bb] [\/et_pb_post_title][\/et_pb_column][\/et_pb_row][\/et_pb_section][et_pb_section fb_built=\u00bb1&#8243; specialty=\u00bbon\u00bb custom_padding_last_edited=\u00bbon|desktop\u00bb parallax_method_1=\u00bboff\u00bb parallax_method_2=\u00bboff\u00bb admin_label=\u00bbSecci\u00f3n\u00bb _builder_version=\u00bb4.16&#8243; background_color=\u00bb#ffffff\u00bb custom_padding=\u00bb10px|||\u00bb custom_padding_tablet=\u00bb50px|0|50px|0&#8243; transparent_background=\u00bboff\u00bb padding_mobile=\u00bboff\u00bb make_fullwidth=\u00bboff\u00bb use_custom_width=\u00bboff\u00bb width_unit=\u00bbon\u00bb global_colors_info=\u00bb{}\u00bb custom_padding_phone=\u00bb50px|0|50px|0&#8243;][et_pb_column type=\u00bb2_3&#8243; specialty_columns=\u00bb2&#8243; _builder_version=\u00bb4.16&#8243; custom_padding=\u00bb|||\u00bb global_colors_info=\u00bb{}\u00bb custom_padding__hover=\u00bb|||\u00bb][et_pb_row_inner padding_mobile=\u00bboff\u00bb column_padding_mobile=\u00bbon\u00bb admin_label=\u00bbFila\u00bb _builder_version=\u00bb4.16&#8243; custom_padding=\u00bb0px|||\u00bb global_colors_info=\u00bb{}\u00bb][et_pb_column_inner saved_specialty_column_type=\u00bb2_3&#8243; _builder_version=\u00bb4.16&#8243; custom_padding=\u00bb|||\u00bb global_colors_info=\u00bb{}\u00bb custom_padding__hover=\u00bb|||\u00bb][et_pb_text admin_label=\u00bbText\u00bb _builder_version=\u00bb4.16&#8243; background_size=\u00bbinitial\u00bb background_position=\u00bbtop_left\u00bb background_repeat=\u00bbrepeat\u00bb text_orientation=\u00bbleft\u00bb use_border_color=\u00bboff\u00bb border_color=\u00bb#ffffff\u00bb border_style=\u00bbsolid\u00bb global_colors_info=\u00bb{}\u00bb]Debemos tener en cuenta la siguiente frase: \u00abEl <strong>futuro del Olivar y del Sector Ole\u00edcola<\/strong> no est\u00e1 en nosotros mismos, sino en nuestros hijos\u00bb. Por tanto, es fundamental hacer una labor intensa y continua de divulgaci\u00f3n y fomento de la <strong>cultura del aceite de oliva virgen extra entre los m\u00e1s peque\u00f1os<\/strong>. As\u00ed lo creemos en la Asociaci\u00f3n Olivar y Aceite y por eso volcamos muchos de nuestros esfuerzos en llevar esta labor a cabo.<\/p>\n<p>Aprovechando que el verano y las vacaciones de los reyes de la casa ya han llegado, desde el Centro de Interpretaci\u00f3n Olivar y Aceite, ponemos en marcha <strong>diferentes actividades oleotur\u00edsticas<\/strong> para arraigar la cultura del AOVE en ellos. Adem\u00e1s es justo ahora cuando los padres necesitan encontrar actividades que les puedan liberar de sus hijos, manteni\u00e9ndolos ocupados, mientras desarrollan su jornada laboral u otros quehaceres.<\/p>\n<p>Entre estas actividades, en el mes de Julio recibimos la visita de varios grupos de ni\u00f1os de entre 4 y 12 a\u00f1os del Campamento Urbano de \u00dabeda. Son los <span style=\"text-decoration: underline;\">Campamentos de Verano con AOVE<\/span>. \u00a0A trav\u00e9s de una visita al Centro, un desayuno basado en el AOVE y un Taller de Cata infantil les inculcamos directrices sobre una alimentaci\u00f3n saludable con AOVE. Todo ello de manera entretenida y did\u00e1ctica ya que aprender de una forma divertida genera una mejor asimilaci\u00f3n de conocimientos. Lo pasaron en grande sinti\u00e9ndose expertos catadores por un d\u00eda!!<\/p>\n<p>Pero no solo ense\u00f1amos que el Aceite de Oliva Virgen Extra es la base de la alimentaci\u00f3n variada y equilibrada y su consumo aumenta la esperanza de vida, reduce la posibilidad de sufrir afecciones cardiovasculares y frena la progresi\u00f3n de diferentes tipos de c\u00e1ncer, entre otras bondades. Tambi\u00e9n inculcamos que el AOVE tiene propiedades saludables para nuestra piel a trav\u00e9s de <span style=\"text-decoration: underline;\">Talleres de Elaboraci\u00f3n de Jabones con Aceite de Oliva Virgen Extra para ni\u00f1os y adultos<\/span>. Aprendemos a elaborar diferentes tipos de jabones con diversos ingredientes siempre basados en el AOVE. Y adem\u00e1s de aprender, es una gran satisfacci\u00f3n llevarse a casa todo lo que han fabricado con sus manos!!<\/p>\n<p>Por otro lado, fomentar la cultura del olivar tambi\u00e9n es aprender de sus subproductos, de artesan\u00eda, de historia\u2026\u2026\u2026\u2026\u2026\u2026.. por este motivo desarrollamos <span style=\"text-decoration: underline;\">Talleres de Cer\u00e1mica Divertida<\/span> donde los ni\u00f1os aprenden de cer\u00e1mica y artesan\u00eda con cuentos, juegos o manualidades. A la vez que ampl\u00edan su creatividad o su desarrollo cognitivo conocen algunas curiosidades y datos que hacen del olivo, un cultivo tan singular.<\/p>\n<p><a href=\"https:\/\/i0.wp.com\/centrodeolivaryaceite.com\/wp-content\/uploads\/2014\/07\/Talleres-de-Cocina-Refrescante.jpg\"><img data-recalc-dims=\"1\" loading=\"lazy\" decoding=\"async\" data-attachment-id=\"3455\" data-permalink=\"https:\/\/centrodeolivaryaceite.com\/es\/cultivando-la-cultura-del-aove-entre-los-mas-pequenos\/talleres-de-cocina-refrescante\/\" data-orig-file=\"https:\/\/i0.wp.com\/centrodeolivaryaceite.com\/wp-content\/uploads\/2014\/07\/Talleres-de-Cocina-Refrescante.jpg?fit=678%2C960&amp;ssl=1\" data-orig-size=\"678,960\" data-comments-opened=\"1\" data-image-meta=\"{&quot;aperture&quot;:&quot;0&quot;,&quot;credit&quot;:&quot;&quot;,&quot;camera&quot;:&quot;&quot;,&quot;caption&quot;:&quot;&quot;,&quot;created_timestamp&quot;:&quot;0&quot;,&quot;copyright&quot;:&quot;&quot;,&quot;focal_length&quot;:&quot;0&quot;,&quot;iso&quot;:&quot;0&quot;,&quot;shutter_speed&quot;:&quot;0&quot;,&quot;title&quot;:&quot;&quot;,&quot;orientation&quot;:&quot;0&quot;}\" data-image-title=\"Talleres de Cocina Refrescante\" data-image-description=\"\" data-image-caption=\"\" data-medium-file=\"https:\/\/i0.wp.com\/centrodeolivaryaceite.com\/wp-content\/uploads\/2014\/07\/Talleres-de-Cocina-Refrescante.jpg?fit=212%2C300&amp;ssl=1\" data-large-file=\"https:\/\/i0.wp.com\/centrodeolivaryaceite.com\/wp-content\/uploads\/2014\/07\/Talleres-de-Cocina-Refrescante.jpg?fit=678%2C960&amp;ssl=1\" class=\"wp-image-3455 aligncenter\" src=\"https:\/\/i0.wp.com\/centrodeolivaryaceite.com\/wp-content\/uploads\/2014\/07\/Talleres-de-Cocina-Refrescante.jpg?resize=200%2C282\" alt=\"Talleres de Cocina Refrescante\" width=\"200\" height=\"282\" srcset=\"https:\/\/i0.wp.com\/centrodeolivaryaceite.com\/wp-content\/uploads\/2014\/07\/Talleres-de-Cocina-Refrescante.jpg?w=678&amp;ssl=1 678w, https:\/\/i0.wp.com\/centrodeolivaryaceite.com\/wp-content\/uploads\/2014\/07\/Talleres-de-Cocina-Refrescante.jpg?resize=212%2C300&amp;ssl=1 212w\" sizes=\"(max-width: 200px) 100vw, 200px\" \/><\/a><\/p>\n<p>Por \u00faltimo, para el mes de Agosto ya se encuentra planificado un nuevo Taller de Cocina para ni\u00f1os. En este caso es el <span style=\"text-decoration: underline;\">Taller de Cocina Refrescante con Aceite de Oliva Virgen Extra<\/span> que se celebrar\u00e1 el pr\u00f3ximo Mi\u00e9rcoles 20 de Agosto a las 10:30 en el Centro de Interpretaci\u00f3n Olivar y Aceite. Un taller para convertirse en un \u00abmini master chef\u00bb aprendiendo recetas f\u00e1ciles y sanas para disfrutar estas vacaciones. Lo dicho, aprender y disfrutar con el AOVE es fomentar una cultura sana y f\u00e9rtil sobre el olivar y el oro l\u00edquido.<\/p>\n<p><div class=\"tiled-gallery type-rectangular tiled-gallery-unresized\" data-original-width=\"1080\" data-carousel-extra='{&quot;blog_id&quot;:1,&quot;permalink&quot;:&quot;https:\\\/\\\/centrodeolivaryaceite.com\\\/es\\\/cultivando-la-cultura-del-aove-entre-los-mas-pequenos\\\/&quot;,&quot;likes_blog_id&quot;:134317632}' itemscope itemtype=\"http:\/\/schema.org\/ImageGallery\" > <div class=\"gallery-row\" style=\"width: 1080px; height: 541px;\" data-original-width=\"1080\" data-original-height=\"541\" > <div class=\"gallery-group images-1\" style=\"width: 720px; height: 541px;\" data-original-width=\"720\" data-original-height=\"541\" > <div class=\"tiled-gallery-item tiled-gallery-item-large\" itemprop=\"associatedMedia\" itemscope itemtype=\"http:\/\/schema.org\/ImageObject\"> <a href=\"https:\/\/centrodeolivaryaceite.com\/es\/cultivando-la-cultura-del-aove-entre-los-mas-pequenos\/jabones-2-2\/\" border=\"0\" itemprop=\"url\"> <meta itemprop=\"width\" content=\"716\"> <meta itemprop=\"height\" content=\"537\"> <img decoding=\"async\" class=\"\" data-attachment-id=\"3450\" data-orig-file=\"https:\/\/centrodeolivaryaceite.com\/wp-content\/uploads\/2014\/07\/jabones-2.jpg\" data-orig-size=\"960,720\" data-comments-opened=\"1\" data-image-meta=\"{&quot;aperture&quot;:&quot;0&quot;,&quot;credit&quot;:&quot;&quot;,&quot;camera&quot;:&quot;&quot;,&quot;caption&quot;:&quot;&quot;,&quot;created_timestamp&quot;:&quot;0&quot;,&quot;copyright&quot;:&quot;&quot;,&quot;focal_length&quot;:&quot;0&quot;,&quot;iso&quot;:&quot;0&quot;,&quot;shutter_speed&quot;:&quot;0&quot;,&quot;title&quot;:&quot;&quot;,&quot;orientation&quot;:&quot;0&quot;}\" data-image-title=\"jabones 2\" data-image-description=\"\" data-medium-file=\"https:\/\/i0.wp.com\/centrodeolivaryaceite.com\/wp-content\/uploads\/2014\/07\/jabones-2.jpg?fit=300%2C225&#038;ssl=1\" data-large-file=\"https:\/\/i0.wp.com\/centrodeolivaryaceite.com\/wp-content\/uploads\/2014\/07\/jabones-2.jpg?fit=960%2C720&#038;ssl=1\" src=\"https:\/\/i0.wp.com\/centrodeolivaryaceite.com\/wp-content\/uploads\/2014\/07\/jabones-2.jpg?w=716&#038;h=537&#038;ssl=1\" srcset=\"https:\/\/i0.wp.com\/centrodeolivaryaceite.com\/wp-content\/uploads\/2014\/07\/jabones-2.jpg?w=960&amp;ssl=1 960w, https:\/\/i0.wp.com\/centrodeolivaryaceite.com\/wp-content\/uploads\/2014\/07\/jabones-2.jpg?resize=300%2C225&amp;ssl=1 300w, https:\/\/i0.wp.com\/centrodeolivaryaceite.com\/wp-content\/uploads\/2014\/07\/jabones-2.jpg?resize=768%2C576&amp;ssl=1 768w, https:\/\/i0.wp.com\/centrodeolivaryaceite.com\/wp-content\/uploads\/2014\/07\/jabones-2.jpg?resize=510%2C382&amp;ssl=1 510w\" width=\"716\" height=\"537\" loading=\"lazy\" data-original-width=\"716\" data-original-height=\"537\" itemprop=\"http:\/\/schema.org\/image\" title=\"jabones 2\" alt=\"taller para adultos\" style=\"width: 716px; height: 537px;\" \/> <\/a> <\/div> <\/div> <!-- close group --> <div class=\"gallery-group images-2\" style=\"width: 360px; height: 541px;\" data-original-width=\"360\" data-original-height=\"541\" > <div class=\"tiled-gallery-item tiled-gallery-item-large\" itemprop=\"associatedMedia\" itemscope itemtype=\"http:\/\/schema.org\/ImageObject\"> <a href=\"https:\/\/centrodeolivaryaceite.com\/es\/cultivando-la-cultura-del-aove-entre-los-mas-pequenos\/campamentos\/\" border=\"0\" itemprop=\"url\"> <meta itemprop=\"width\" content=\"356\"> <meta itemprop=\"height\" content=\"267\"> <img decoding=\"async\" class=\"\" data-attachment-id=\"3448\" data-orig-file=\"https:\/\/centrodeolivaryaceite.com\/wp-content\/uploads\/2014\/07\/Campamentos.jpg\" data-orig-size=\"960,720\" data-comments-opened=\"1\" data-image-meta=\"{&quot;aperture&quot;:&quot;0&quot;,&quot;credit&quot;:&quot;&quot;,&quot;camera&quot;:&quot;&quot;,&quot;caption&quot;:&quot;&quot;,&quot;created_timestamp&quot;:&quot;0&quot;,&quot;copyright&quot;:&quot;&quot;,&quot;focal_length&quot;:&quot;0&quot;,&quot;iso&quot;:&quot;0&quot;,&quot;shutter_speed&quot;:&quot;0&quot;,&quot;title&quot;:&quot;&quot;,&quot;orientation&quot;:&quot;0&quot;}\" data-image-title=\"Campamentos\" data-image-description=\"\" data-medium-file=\"https:\/\/i0.wp.com\/centrodeolivaryaceite.com\/wp-content\/uploads\/2014\/07\/Campamentos.jpg?fit=300%2C225&#038;ssl=1\" data-large-file=\"https:\/\/i0.wp.com\/centrodeolivaryaceite.com\/wp-content\/uploads\/2014\/07\/Campamentos.jpg?fit=960%2C720&#038;ssl=1\" src=\"https:\/\/i0.wp.com\/centrodeolivaryaceite.com\/wp-content\/uploads\/2014\/07\/Campamentos.jpg?w=356&#038;h=267&#038;ssl=1\" srcset=\"https:\/\/i0.wp.com\/centrodeolivaryaceite.com\/wp-content\/uploads\/2014\/07\/Campamentos.jpg?w=960&amp;ssl=1 960w, https:\/\/i0.wp.com\/centrodeolivaryaceite.com\/wp-content\/uploads\/2014\/07\/Campamentos.jpg?resize=300%2C225&amp;ssl=1 300w, https:\/\/i0.wp.com\/centrodeolivaryaceite.com\/wp-content\/uploads\/2014\/07\/Campamentos.jpg?resize=768%2C576&amp;ssl=1 768w, https:\/\/i0.wp.com\/centrodeolivaryaceite.com\/wp-content\/uploads\/2014\/07\/Campamentos.jpg?resize=510%2C382&amp;ssl=1 510w\" width=\"356\" height=\"267\" loading=\"lazy\" data-original-width=\"356\" data-original-height=\"267\" itemprop=\"http:\/\/schema.org\/image\" title=\"Campamentos\" alt=\"Visita ni\u00f1os del campamento\" style=\"width: 356px; height: 267px;\" \/> <\/a> <\/div> <div class=\"tiled-gallery-item tiled-gallery-item-large\" itemprop=\"associatedMedia\" itemscope itemtype=\"http:\/\/schema.org\/ImageObject\"> <a href=\"https:\/\/centrodeolivaryaceite.com\/es\/cultivando-la-cultura-del-aove-entre-los-mas-pequenos\/campamentos-con-aove\/\" border=\"0\" itemprop=\"url\"> <meta itemprop=\"width\" content=\"356\"> <meta itemprop=\"height\" content=\"266\"> <img decoding=\"async\" class=\"\" data-attachment-id=\"3447\" data-orig-file=\"https:\/\/centrodeolivaryaceite.com\/wp-content\/uploads\/2014\/07\/campamentos-con-AOVE.jpg\" data-orig-size=\"960,720\" data-comments-opened=\"1\" data-image-meta=\"{&quot;aperture&quot;:&quot;0&quot;,&quot;credit&quot;:&quot;&quot;,&quot;camera&quot;:&quot;&quot;,&quot;caption&quot;:&quot;&quot;,&quot;created_timestamp&quot;:&quot;0&quot;,&quot;copyright&quot;:&quot;&quot;,&quot;focal_length&quot;:&quot;0&quot;,&quot;iso&quot;:&quot;0&quot;,&quot;shutter_speed&quot;:&quot;0&quot;,&quot;title&quot;:&quot;&quot;,&quot;orientation&quot;:&quot;0&quot;}\" data-image-title=\"campamentos con AOVE\" data-image-description=\"\" data-medium-file=\"https:\/\/i0.wp.com\/centrodeolivaryaceite.com\/wp-content\/uploads\/2014\/07\/campamentos-con-AOVE.jpg?fit=300%2C225&#038;ssl=1\" data-large-file=\"https:\/\/i0.wp.com\/centrodeolivaryaceite.com\/wp-content\/uploads\/2014\/07\/campamentos-con-AOVE.jpg?fit=960%2C720&#038;ssl=1\" src=\"https:\/\/i0.wp.com\/centrodeolivaryaceite.com\/wp-content\/uploads\/2014\/07\/campamentos-con-AOVE.jpg?w=356&#038;h=266&#038;ssl=1\" srcset=\"https:\/\/i0.wp.com\/centrodeolivaryaceite.com\/wp-content\/uploads\/2014\/07\/campamentos-con-AOVE.jpg?w=960&amp;ssl=1 960w, https:\/\/i0.wp.com\/centrodeolivaryaceite.com\/wp-content\/uploads\/2014\/07\/campamentos-con-AOVE.jpg?resize=300%2C225&amp;ssl=1 300w, https:\/\/i0.wp.com\/centrodeolivaryaceite.com\/wp-content\/uploads\/2014\/07\/campamentos-con-AOVE.jpg?resize=768%2C576&amp;ssl=1 768w, https:\/\/i0.wp.com\/centrodeolivaryaceite.com\/wp-content\/uploads\/2014\/07\/campamentos-con-AOVE.jpg?resize=510%2C382&amp;ssl=1 510w\" width=\"356\" height=\"266\" loading=\"lazy\" data-original-width=\"356\" data-original-height=\"266\" itemprop=\"http:\/\/schema.org\/image\" title=\"campamentos con AOVE\" alt=\"ni\u00f1os del campamento de verano\" style=\"width: 356px; height: 266px;\" \/> <\/a> <\/div> <\/div> <!-- close group --> <\/div> <!-- close row --> <\/div><br \/>\n[\/et_pb_text][et_pb_comments admin_label=\u00bbComentarios\u00bb _builder_version=\u00bb4.16&#8243; use_border_color=\u00bboff\u00bb border_color=\u00bb#ffffff\u00bb border_style=\u00bbsolid\u00bb button_letter_spacing_hover=\u00bb0&#8243; global_colors_info=\u00bb{}\u00bb button_text_size__hover_enabled=\u00bboff\u00bb button_one_text_size__hover_enabled=\u00bboff\u00bb button_two_text_size__hover_enabled=\u00bboff\u00bb button_text_color__hover_enabled=\u00bboff\u00bb button_one_text_color__hover_enabled=\u00bboff\u00bb button_two_text_color__hover_enabled=\u00bboff\u00bb button_border_width__hover_enabled=\u00bboff\u00bb button_one_border_width__hover_enabled=\u00bboff\u00bb button_two_border_width__hover_enabled=\u00bboff\u00bb button_border_color__hover_enabled=\u00bboff\u00bb button_one_border_color__hover_enabled=\u00bboff\u00bb button_two_border_color__hover_enabled=\u00bboff\u00bb button_border_radius__hover_enabled=\u00bboff\u00bb button_one_border_radius__hover_enabled=\u00bboff\u00bb button_two_border_radius__hover_enabled=\u00bboff\u00bb button_letter_spacing__hover_enabled=\u00bbon\u00bb button_letter_spacing__hover=\u00bb0&#8243; button_one_letter_spacing__hover_enabled=\u00bboff\u00bb button_two_letter_spacing__hover_enabled=\u00bboff\u00bb button_bg_color__hover_enabled=\u00bboff\u00bb button_one_bg_color__hover_enabled=\u00bboff\u00bb button_two_bg_color__hover_enabled=\u00bboff\u00bb] [\/et_pb_comments][\/et_pb_column_inner][\/et_pb_row_inner][\/et_pb_column][et_pb_column type=\u00bb1_3&#8243; _builder_version=\u00bb4.16&#8243; custom_padding=\u00bb|||\u00bb global_colors_info=\u00bb{}\u00bb custom_padding__hover=\u00bb|||\u00bb][et_pb_sidebar orientation=\u00bbright\u00bb area=\u00bbsidebar-1&#8243; admin_label=\u00bbBarra lateral\u00bb _builder_version=\u00bb4.16&#8243; remove_border=\u00bboff\u00bb global_colors_info=\u00bb{}\u00bb] [\/et_pb_sidebar][\/et_pb_column][\/et_pb_section][et_pb_section fb_built=\u00bb1&#8243; custom_padding_last_edited=\u00bbon|desktop\u00bb disabled_on=\u00bbon|on|on\u00bb admin_label=\u00bbSecci\u00f3n\u00bb _builder_version=\u00bb3.0.92&#8243; background_color=\u00bb#dedacf\u00bb custom_padding_tablet=\u00bb50px|0|50px|0&#8243; transparent_background=\u00bboff\u00bb padding_mobile=\u00bboff\u00bb make_fullwidth=\u00bboff\u00bb use_custom_width=\u00bboff\u00bb width_unit=\u00bbon\u00bb disabled=\u00bbon\u00bb global_module=\u00bb5116&#8243; collapsed=\u00bboff\u00bb global_colors_info=\u00bb{}\u00bb custom_padding_phone=\u00bb50px|0|50px|0&#8243;][et_pb_row _builder_version=\u00bb4.16&#8243; global_colors_info=\u00bb{}\u00bb][et_pb_column type=\u00bb4_4&#8243; _builder_version=\u00bb4.16&#8243; custom_padding=\u00bb|||\u00bb global_colors_info=\u00bb{}\u00bb custom_padding__hover=\u00bb|||\u00bb][\/et_pb_column][\/et_pb_row][\/et_pb_section][et_pb_section fb_built=\u00bb1&#8243; custom_padding_last_edited=\u00bbon|desktop\u00bb admin_label=\u00bbSecci\u00f3n\u00bb _builder_version=\u00bb3.22&#8243; background_color=\u00bb#ffffff\u00bb custom_padding=\u00bb10px||0px|\u00bb custom_padding_tablet=\u00bb50px|0|50px|0&#8243; transparent_background=\u00bboff\u00bb padding_mobile=\u00bboff\u00bb make_fullwidth=\u00bboff\u00bb use_custom_width=\u00bboff\u00bb width_unit=\u00bbon\u00bb global_module=\u00bb5115&#8243; collapsed=\u00bboff\u00bb global_colors_info=\u00bb{}\u00bb custom_padding_phone=\u00bb50px|0|50px|0&#8243;][et_pb_row padding_mobile=\u00bboff\u00bb column_padding_mobile=\u00bbon\u00bb _builder_version=\u00bb4.16&#8243; background_size=\u00bbinitial\u00bb background_position=\u00bbtop_left\u00bb background_repeat=\u00bbrepeat\u00bb max_width=\u00bb1080px\u00bb custom_padding=\u00bb0px||0px|\u00bb make_fullwidth=\u00bboff\u00bb use_custom_width=\u00bboff\u00bb width_unit=\u00bbon\u00bb global_colors_info=\u00bb{}\u00bb][\/et_pb_row][\/et_pb_section]<\/p>\n","protected":false},"excerpt":{"rendered":"<p>Debemos tener en cuenta la siguiente frase: \u00abEl futuro del Olivar y del Sector Ole\u00edcola no est\u00e1 en nosotros mismos, sino en nuestros hijos\u00bb. Por tanto, es fundamental hacer una labor intensa y continua de divulgaci\u00f3n y fomento de la cultura del aceite de oliva virgen extra entre los m\u00e1s peque\u00f1os. As\u00ed lo creemos en [&hellip;]<\/p>\n","protected":false},"author":1,"featured_media":3453,"comment_status":"open","ping_status":"open","sticky":false,"template":"","format":"standard","meta":{"_et_pb_use_builder":"on","_et_pb_old_content":"<p>Debemos tener en cuenta la siguiente frase: \"El <strong>futuro del Olivar y del Sector Ole\u00edcola<\/strong> no est\u00e1 en nosotros mismos, sino en nuestros hijos\". Por tanto, es fundamental hacer una labor intensa y continua de divulgaci\u00f3n y fomento de la <strong>cultura del aceite de oliva virgen extra entre los m\u00e1s peque\u00f1os<\/strong>. As\u00ed lo creemos en la Asociaci\u00f3n Olivar y Aceite y por eso volcamos muchos de nuestros esfuerzos en llevar esta labor a cabo.<\/p><p>Aprovechando que el verano y las vacaciones de los reyes de la casa ya han llegado, desde el Centro de Interpretaci\u00f3n Olivar y Aceite, ponemos en marcha <strong>diferentes actividades oleotur\u00edsticas<\/strong> para arraigar la cultura del AOVE en ellos. Adem\u00e1s es justo ahora cuando los padres necesitan encontrar actividades que les puedan liberar de sus hijos, manteni\u00e9ndolos ocupados, mientras desarrollan su jornada laboral u otros quehaceres.<\/p><p>Entre estas actividades, en el mes de Julio recibimos la visita de varios grupos de ni\u00f1os de entre 4 y 12 a\u00f1os del Campamento Urbano de \u00dabeda. Son los <span style=\"text-decoration: underline;\">Campamentos de Verano con AOVE<\/span>. \u00a0A trav\u00e9s de una visita al Centro, un desayuno basado en el AOVE y un Taller de Cata infantil les inculcamos directrices sobre una alimentaci\u00f3n saludable con AOVE. Todo ello de manera entretenida y did\u00e1ctica ya que aprender de una forma divertida genera una mejor asimilaci\u00f3n de conocimientos. Lo pasaron en grande sinti\u00e9ndose expertos catadores por un d\u00eda!!<\/p><p>Pero no solo ense\u00f1amos que el Aceite de Oliva Virgen Extra es la base de la alimentaci\u00f3n variada y equilibrada y su consumo aumenta la esperanza de vida, reduce la posibilidad de sufrir afecciones cardiovasculares y frena la progresi\u00f3n de diferentes tipos de c\u00e1ncer, entre otras bondades. Tambi\u00e9n inculcamos que el AOVE tiene propiedades saludables para nuestra piel a trav\u00e9s de <span style=\"text-decoration: underline;\">Talleres de Elaboraci\u00f3n de Jabones con Aceite de Oliva Virgen Extra para ni\u00f1os y adultos<\/span>. Aprendemos a elaborar diferentes tipos de jabones con diversos ingredientes siempre basados en el AOVE. Y adem\u00e1s de aprender, es una gran satisfacci\u00f3n llevarse a casa todo lo que han fabricado con sus manos!!<\/p><p>Por otro lado, fomentar la cultura del olivar tambi\u00e9n es aprender de sus subproductos, de artesan\u00eda, de historia\u2026\u2026\u2026\u2026\u2026\u2026.. por este motivo desarrollamos <span style=\"text-decoration: underline;\">Talleres de Cer\u00e1mica Divertida<\/span> donde los ni\u00f1os aprenden de cer\u00e1mica y artesan\u00eda con cuentos, juegos o manualidades. A la vez que ampl\u00edan su creatividad o su desarrollo cognitivo conocen algunas curiosidades y datos que hacen del olivo, un cultivo tan singular.<\/p><p><a href=\"http:\/\/centrodeolivaryaceite.com\/wp-content\/uploads\/2014\/07\/Talleres-de-Cocina-Refrescante.jpg\"><img class=\"wp-image-3455 aligncenter\" src=\"http:\/\/centrodeolivaryaceite.com\/wp-content\/uploads\/2014\/07\/Talleres-de-Cocina-Refrescante.jpg\" alt=\"Talleres de Cocina Refrescante\" width=\"200\" height=\"282\" \/><\/a><\/p><p>Por \u00faltimo, para el mes de Agosto ya se encuentra planificado un nuevo Taller de Cocina para ni\u00f1os. En este caso es el <span style=\"text-decoration: underline;\">Taller de Cocina Refrescante con Aceite de Oliva Virgen Extra<\/span> que se celebrar\u00e1 el pr\u00f3ximo Mi\u00e9rcoles 20 de Agosto a las 10:30 en el Centro de Interpretaci\u00f3n Olivar y Aceite. Un taller para convertirse en un \"mini master chef\" aprendiendo recetas f\u00e1ciles y sanas para disfrutar estas vacaciones. Lo dicho, aprender y disfrutar con el AOVE es fomentar una cultura sana y f\u00e9rtil sobre el olivar y el oro l\u00edquido.<\/p><p>[gallery ids=\"3452,3451,3449,3450,3448,3447\"]<\/p>","_et_gb_content_width":"","_jetpack_memberships_contains_paid_content":false,"footnotes":""},"categories":[1],"tags":[],"class_list":["post-3440","post","type-post","status-publish","format-standard","has-post-thumbnail","hentry","category-general"],"jetpack_featured_media_url":"https:\/\/i0.wp.com\/centrodeolivaryaceite.com\/wp-content\/uploads\/2014\/07\/olivicultura.jpg?fit=960%2C720&ssl=1","jetpack_sharing_enabled":true,"jetpack_shortlink":"https:\/\/wp.me\/p95A9q-Tu","_links":{"self":[{"href":"https:\/\/centrodeolivaryaceite.com\/es\/wp-json\/wp\/v2\/posts\/3440\/"}],"collection":[{"href":"https:\/\/centrodeolivaryaceite.com\/es\/wp-json\/wp\/v2\/posts\/"}],"about":[{"href":"https:\/\/centrodeolivaryaceite.com\/es\/wp-json\/wp\/v2\/types\/post\/"}],"author":[{"embeddable":true,"href":"https:\/\/centrodeolivaryaceite.com\/es\/wp-json\/wp\/v2\/users\/1\/"}],"replies":[{"embeddable":true,"href":"https:\/\/centrodeolivaryaceite.com\/es\/wp-json\/wp\/v2\/comments\/?post=3440"}],"version-history":[{"count":0,"href":"https:\/\/centrodeolivaryaceite.com\/es\/wp-json\/wp\/v2\/posts\/3440\/revisions\/"}],"wp:featuredmedia":[{"embeddable":true,"href":"https:\/\/centrodeolivaryaceite.com\/es\/wp-json\/wp\/v2\/media\/3453\/"}],"wp:attachment":[{"href":"https:\/\/centrodeolivaryaceite.com\/es\/wp-json\/wp\/v2\/media\/?parent=3440"}],"wp:term":[{"taxonomy":"category","embeddable":true,"href":"https:\/\/centrodeolivaryaceite.com\/es\/wp-json\/wp\/v2\/categories\/?post=3440"},{"taxonomy":"post_tag","embeddable":true,"href":"https:\/\/centrodeolivaryaceite.com\/es\/wp-json\/wp\/v2\/tags\/?post=3440"}],"curies":[{"name":"wp","href":"https:\/\/api.w.org\/{rel}","templated":true}]}}