{"id":34895,"date":"2017-09-03T08:46:23","date_gmt":"2017-09-03T08:46:23","guid":{"rendered":"http:\/\/centrodeolivaryaceite.com\/?p=34895"},"modified":"2022-08-02T08:05:18","modified_gmt":"2022-08-02T08:05:18","slug":"pequechef-del-aove-concurso-de-cocina-infantil-de-olivar-y-aceite-dirigido-a-los-pequenos-de-la-casa","status":"publish","type":"post","link":"https:\/\/centrodeolivaryaceite.com\/es\/pequechef-del-aove-concurso-de-cocina-infantil-de-olivar-y-aceite-dirigido-a-los-pequenos-de-la-casa\/","title":{"rendered":"\u201cPEQUECHEF DEL AOVE\u201d, CONCURSO DE COCINA INFANTIL,  DE \u201cOLIVAR Y ACEITE\u201d DIRIGIDO A LOS PEQUE\u00d1OS DE LA CASA"},"content":{"rendered":"<p>[et_pb_section fb_built=\u00bb1&#8243; fullwidth=\u00bbon\u00bb custom_padding_last_edited=\u00bbon|desktop\u00bb admin_label=\u00bbSecci\u00f3n\u00bb _builder_version=\u00bb3.22&#8243; background_color=\u00bb#ffffff\u00bb background_image=\u00bbhttp:\/\/centrodeolivaryaceite.com\/wp-content\/uploads\/2016\/06\/page_header_bg_blue.jpg\u00bb custom_padding_tablet=\u00bb50px|0|50px|0&#8243; custom_padding_phone=\u00bb50px|0|50px|0&#8243; transparent_background=\u00bboff\u00bb padding_mobile=\u00bboff\u00bb make_fullwidth=\u00bboff\u00bb use_custom_width=\u00bboff\u00bb width_unit=\u00bbon\u00bb global_module=\u00bb5294&#8243; locked=\u00bboff\u00bb collapsed=\u00bboff\u00bb global_colors_info=\u00bb{}\u00bb][et_pb_fullwidth_post_title meta=\u00bboff\u00bb featured_image=\u00bboff\u00bb text_color=\u00bblight\u00bb text_background=\u00bbon\u00bb text_bg_color=\u00bbrgba(28,28,28,0.43)\u00bb admin_label=\u00bbT\u00edtulo\u00bb _builder_version=\u00bb4.17.6&#8243; _module_preset=\u00bbdefault\u00bb title_font=\u00bbRoboto Light||||\u00bb title_font_size=\u00bb35px\u00bb title_all_caps=\u00bbon\u00bb background_color=\u00bbrgba(255,255,255,0)\u00bb parallax=\u00bbon\u00bb parallax_method=\u00bboff\u00bb text_orientation=\u00bbcenter\u00bb use_border_color=\u00bboff\u00bb border_color=\u00bb#ffffff\u00bb border_style=\u00bbsolid\u00bb parallax_effect=\u00bbon\u00bb module_bg_color=\u00bbrgba(255,255,255,0)\u00bb global_colors_info=\u00bb{}\u00bb][\/et_pb_fullwidth_post_title][\/et_pb_section][et_pb_section fb_built=\u00bb1&#8243; custom_padding_last_edited=\u00bbon|desktop\u00bb _builder_version=\u00bb4.16&#8243; background_color=\u00bb#ffffff\u00bb custom_padding=\u00bb10px|||\u00bb custom_padding_tablet=\u00bb50px|0|50px|0&#8243; transparent_background=\u00bboff\u00bb padding_mobile=\u00bboff\u00bb make_fullwidth=\u00bboff\u00bb use_custom_width=\u00bboff\u00bb width_unit=\u00bbon\u00bb global_colors_info=\u00bb{}\u00bb custom_padding_phone=\u00bb50px|0|50px|0&#8243;][et_pb_row padding_mobile=\u00bboff\u00bb column_padding_mobile=\u00bbon\u00bb _builder_version=\u00bb4.16&#8243; background_size=\u00bbinitial\u00bb background_position=\u00bbtop_left\u00bb background_repeat=\u00bbrepeat\u00bb custom_padding=\u00bb10px|||\u00bb make_fullwidth=\u00bboff\u00bb use_custom_width=\u00bboff\u00bb width_unit=\u00bbon\u00bb global_colors_info=\u00bb{}\u00bb][et_pb_column type=\u00bb4_4&#8243; _builder_version=\u00bb4.16&#8243; custom_padding=\u00bb|||\u00bb global_colors_info=\u00bb{}\u00bb custom_padding__hover=\u00bb|||\u00bb][et_pb_post_title title=\u00bboff\u00bb featured_image=\u00bboff\u00bb _builder_version=\u00bb4.16&#8243; background_color=\u00bbrgba(255,255,255,0)\u00bb parallax=\u00bbon\u00bb parallax_method=\u00bboff\u00bb border_style=\u00bbsolid\u00bb parallax_effect=\u00bbon\u00bb module_bg_color=\u00bbrgba(255,255,255,0)\u00bb global_colors_info=\u00bb{}\u00bb][\/et_pb_post_title][\/et_pb_column][\/et_pb_row][\/et_pb_section][et_pb_section fb_built=\u00bb1&#8243; specialty=\u00bbon\u00bb custom_padding_last_edited=\u00bbon|desktop\u00bb parallax_method_1=\u00bboff\u00bb parallax_method_2=\u00bboff\u00bb _builder_version=\u00bb4.16&#8243; background_color=\u00bb#ffffff\u00bb custom_padding=\u00bb10px|||\u00bb custom_padding_tablet=\u00bb50px|0|50px|0&#8243; transparent_background=\u00bboff\u00bb padding_mobile=\u00bboff\u00bb make_fullwidth=\u00bboff\u00bb use_custom_width=\u00bboff\u00bb width_unit=\u00bbon\u00bb global_colors_info=\u00bb{}\u00bb custom_padding_phone=\u00bb50px|0|50px|0&#8243;][et_pb_column type=\u00bb2_3&#8243; specialty_columns=\u00bb2&#8243; _builder_version=\u00bb4.16&#8243; custom_padding=\u00bb|||\u00bb global_colors_info=\u00bb{}\u00bb custom_padding__hover=\u00bb|||\u00bb][et_pb_row_inner padding_mobile=\u00bboff\u00bb column_padding_mobile=\u00bbon\u00bb admin_label=\u00bbFila\u00bb _builder_version=\u00bb4.16&#8243; custom_padding=\u00bb0px|||\u00bb global_colors_info=\u00bb{}\u00bb][et_pb_column_inner saved_specialty_column_type=\u00bb2_3&#8243; _builder_version=\u00bb4.16&#8243; custom_padding=\u00bb|||\u00bb global_colors_info=\u00bb{}\u00bb custom_padding__hover=\u00bb|||\u00bb][et_pb_text admin_label=\u00bbTexto a reemplazar\u00bb _builder_version=\u00bb4.16&#8243; text_orientation=\u00bbleft\u00bb border_style=\u00bbsolid\u00bb global_colors_info=\u00bb{}\u00bb]<a href=\"http:\/\/centrodeolivaryaceite.com\/pequechef\/cartel-para-web-y-redes\/\" rel=\"attachment wp-att-34863\"><img data-recalc-dims=\"1\" loading=\"lazy\" decoding=\"async\" data-attachment-id=\"34863\" data-permalink=\"https:\/\/centrodeolivaryaceite.com\/es\/cartel-para-web-y-redes\/\" data-orig-file=\"https:\/\/i0.wp.com\/centrodeolivaryaceite.com\/wp-content\/uploads\/2017\/09\/cartel-para-web-y-redes.jpg?fit=1701%2C2586&amp;ssl=1\" data-orig-size=\"1701,2586\" data-comments-opened=\"1\" data-image-meta=\"{&quot;aperture&quot;:&quot;0&quot;,&quot;credit&quot;:&quot;Conxy Gastroandalusi&quot;,&quot;camera&quot;:&quot;&quot;,&quot;caption&quot;:&quot;&quot;,&quot;created_timestamp&quot;:&quot;0&quot;,&quot;copyright&quot;:&quot;&quot;,&quot;focal_length&quot;:&quot;0&quot;,&quot;iso&quot;:&quot;0&quot;,&quot;shutter_speed&quot;:&quot;0&quot;,&quot;title&quot;:&quot;&quot;,&quot;orientation&quot;:&quot;1&quot;}\" data-image-title=\"cartel para web y redes\" data-image-description=\"\" data-image-caption=\"\" data-medium-file=\"https:\/\/i0.wp.com\/centrodeolivaryaceite.com\/wp-content\/uploads\/2017\/09\/cartel-para-web-y-redes.jpg?fit=197%2C300&amp;ssl=1\" data-large-file=\"https:\/\/i0.wp.com\/centrodeolivaryaceite.com\/wp-content\/uploads\/2017\/09\/cartel-para-web-y-redes.jpg?fit=674%2C1024&amp;ssl=1\" class=\"wp-image-34863 aligncenter\" src=\"https:\/\/i0.wp.com\/centrodeolivaryaceite.com\/wp-content\/uploads\/2017\/09\/cartel-para-web-y-redes.jpg?resize=407%2C619\" alt=\"\" width=\"407\" height=\"619\" srcset=\"https:\/\/i0.wp.com\/centrodeolivaryaceite.com\/wp-content\/uploads\/2017\/09\/cartel-para-web-y-redes.jpg?w=1701&amp;ssl=1 1701w, https:\/\/i0.wp.com\/centrodeolivaryaceite.com\/wp-content\/uploads\/2017\/09\/cartel-para-web-y-redes.jpg?resize=197%2C300&amp;ssl=1 197w, https:\/\/i0.wp.com\/centrodeolivaryaceite.com\/wp-content\/uploads\/2017\/09\/cartel-para-web-y-redes.jpg?resize=768%2C1168&amp;ssl=1 768w, https:\/\/i0.wp.com\/centrodeolivaryaceite.com\/wp-content\/uploads\/2017\/09\/cartel-para-web-y-redes.jpg?resize=674%2C1024&amp;ssl=1 674w, https:\/\/i0.wp.com\/centrodeolivaryaceite.com\/wp-content\/uploads\/2017\/09\/cartel-para-web-y-redes.jpg?resize=1080%2C1642&amp;ssl=1 1080w\" sizes=\"(max-width: 407px) 100vw, 407px\" \/><\/a><\/p>\n<p>En el espacio cocina del Centro de Interpretaci\u00f3n \u201cOlivar y Aceite\u201d se ha presentado una nueva iniciativa para dar a conocer y promocionar el aceite de oliva virgen extra. Se trata de un concurso de cocina dirigido a los m\u00e1s peque\u00f1os de la casa, que ha sido bautizado como \u201cPequechef del AOVE\u201d.<\/p>\n<p>Una cita que se desarrollar\u00e1 dentro de las actividades programadas para la trig\u00e9simo quinta edici\u00f3n de la Feria de Maquinaria Agr\u00edcola (FEMA), ha explicado el presidente de la entidad y edil de agricultura del Ayuntamiento ubetense, Javier G\u00e1mez.<\/p>\n<p>El Centro de Interpretaci\u00f3n ya particip\u00f3 en la pasada edici\u00f3n de la FEMA, con expositores en los que algunos de sus socios mostraban sus productos, adem\u00e1s se realizaron una serie de demostraciones culinarias, con el objetivo de mostrar los maridajes que se puedan elaborar de una manera f\u00e1cil y sencilla, con las distintas variedades de zumo de aceituna que se producen en la provincia. Asimismo la entidad impuls\u00f3 la primera edici\u00f3n de las Jornadas T\u00e9cnicas \u201cOlivar y Aceite\u201d,\u00a0 varias conferencias dirigidas a profesionales del sector en las que participaron algunos \u201cpesos pesados\u201d del mundo del olivar,\u00a0 entre otras Br\u00edgida Jim\u00e9nez, directora del IFAPA de Cabra-C\u00f3rdoba, Mercedes Uceda, de la empresa \u201cIADA Ingenieros\u201d o Mar\u00eda del Mar Manrique, t\u00e9cnica de la cooperativa Puerta de las Villas, ha recordado el presidente de la entidad.<\/p>\n<p><a href=\"http:\/\/centrodeolivaryaceite.com\/pequechef-del-aove-concurso-de-cocina-infantil-de-olivar-y-aceite-dirigido-a-los-pequenos-de-la-casa\/dsc_0175\/\" rel=\"attachment wp-att-34898\"><img data-recalc-dims=\"1\" loading=\"lazy\" decoding=\"async\" data-attachment-id=\"34898\" data-permalink=\"https:\/\/centrodeolivaryaceite.com\/es\/pequechef-del-aove-concurso-de-cocina-infantil-de-olivar-y-aceite-dirigido-a-los-pequenos-de-la-casa\/dsc_0175\/\" data-orig-file=\"https:\/\/i0.wp.com\/centrodeolivaryaceite.com\/wp-content\/uploads\/2017\/09\/DSC_0175.jpg?fit=1024%2C680&amp;ssl=1\" data-orig-size=\"1024,680\" data-comments-opened=\"1\" data-image-meta=\"{&quot;aperture&quot;:&quot;4&quot;,&quot;credit&quot;:&quot;&quot;,&quot;camera&quot;:&quot;NIKON D300&quot;,&quot;caption&quot;:&quot;????????????????????????????????????&quot;,&quot;created_timestamp&quot;:&quot;1504265141&quot;,&quot;copyright&quot;:&quot;&quot;,&quot;focal_length&quot;:&quot;25&quot;,&quot;iso&quot;:&quot;200&quot;,&quot;shutter_speed&quot;:&quot;0.02&quot;,&quot;title&quot;:&quot;&quot;,&quot;orientation&quot;:&quot;1&quot;}\" data-image-title=\"DSC_0175\" data-image-description=\"\" data-image-caption=\"&lt;p&gt;????????????????????????????????????&lt;\/p&gt;\n\" data-medium-file=\"https:\/\/i0.wp.com\/centrodeolivaryaceite.com\/wp-content\/uploads\/2017\/09\/DSC_0175.jpg?fit=300%2C199&amp;ssl=1\" data-large-file=\"https:\/\/i0.wp.com\/centrodeolivaryaceite.com\/wp-content\/uploads\/2017\/09\/DSC_0175.jpg?fit=1024%2C680&amp;ssl=1\" class=\"wp-image-34898 aligncenter\" src=\"https:\/\/i0.wp.com\/centrodeolivaryaceite.com\/wp-content\/uploads\/2017\/09\/DSC_0175.jpg?resize=621%2C412\" alt=\"\" width=\"621\" height=\"412\" srcset=\"https:\/\/i0.wp.com\/centrodeolivaryaceite.com\/wp-content\/uploads\/2017\/09\/DSC_0175.jpg?w=1024&amp;ssl=1 1024w, https:\/\/i0.wp.com\/centrodeolivaryaceite.com\/wp-content\/uploads\/2017\/09\/DSC_0175.jpg?resize=300%2C199&amp;ssl=1 300w, https:\/\/i0.wp.com\/centrodeolivaryaceite.com\/wp-content\/uploads\/2017\/09\/DSC_0175.jpg?resize=768%2C510&amp;ssl=1 768w\" sizes=\"(max-width: 621px) 100vw, 621px\" \/><\/a><\/p>\n<p>As\u00ed este a\u00f1o, ha continuado G\u00e1mez, \u201cvamos a seguir creciendo y ocupando m\u00e1s espacio dentro de la carpa de muestras, lugar donde nuestros socios se ubicaron el a\u00f1o pasado y all\u00ed ser\u00e1 donde se celebre el concurso de cocina infantil \u201cPequechef del AOVE\u201d, ha explicado G\u00e1mez. En relaci\u00f3n al concurso se han preparado unas bases de la que se seleccionar\u00e1n cinco finalistas, para que el 17 de septiembre realicen su receta en directo. Los interesados en participar deben mandar un video elaborando un plato adem\u00e1s de indicar sus datos personales, a la siguiente direcci\u00f3n pequechefaove@gmail.com\u201d.<\/p>\n<p>\u201cEntre los v\u00eddeos recibidos el jurado seleccionar\u00e1 a los cinco mejores, donde se valorar\u00e1 la creatividad, el uso de productos saludables y que el ingrediente estrella del plato sea el virgen extra\u201d, ha explicado la gerente de \u201cOlivar y Aceite\u201d, Soledad Rom\u00e1n. El jurado estar\u00e1 compuesto por cinco miembros, entre los que habr\u00e1 un representante de la Administraci\u00f3n local,\u00a0 del Centro de Interpretaci\u00f3n, Carmen Morillo, por Ole\u00edcola Ja\u00e9n, Dar\u00edo D\u00edaz, presidente de la Asociaci\u00f3n Gastron\u00f3mica Santo Reino y \u201cCarmina\u201d, bloguera del blog gastron\u00f3mico \u201cCarmina en la Cocina,\u201d muy conocida en la provincia jiennense. Y la presentadora del concurso ser\u00e1 Manuela Monsalve, la sabiote\u00f1a finalista en el programa de cocina de Canal Sur \u201cla Tapa es nuestra\u201d<\/p>\n<p>La inscripci\u00f3n es gratuita, pudiendo participar menores de edades comprendidas entre los 8 y 12 a\u00f1os. Los interesados pueden inscribirse hasta el 11 de septiembre en la web\u00a0<a href=\"http:\/\/centrodelolivaryaceite.com\/pequechef\/\">http:\/\/centrodelolivaryaceite.com\/pequechef\/<\/a>.\u00a0 Cada uno de los cinco finalistas recibir\u00e1 un lote de regalos entre los que no faltar\u00e1 aceite de oliva virgen extra de Ole\u00edcola Ja\u00e9n, patrocinador del concurso as\u00ed como juegos de mesa, libros de cocina, material escolar o deportivo, aportados por Don Juguet\u00f3n, Librer\u00eda Studio, Comercial y Deportes Biedma.<\/p>\n<p><a href=\"http:\/\/centrodeolivaryaceite.com\/pequechef\/pequechef-1\/\" rel=\"attachment wp-att-34862\"><img data-recalc-dims=\"1\" loading=\"lazy\" decoding=\"async\" data-attachment-id=\"34862\" data-permalink=\"https:\/\/centrodeolivaryaceite.com\/es\/pequechef-1\/\" data-orig-file=\"https:\/\/i0.wp.com\/centrodeolivaryaceite.com\/wp-content\/uploads\/2017\/09\/PEQUECHEF-1.jpg?fit=4893%2C2804&amp;ssl=1\" data-orig-size=\"4893,2804\" data-comments-opened=\"1\" data-image-meta=\"{&quot;aperture&quot;:&quot;3.2&quot;,&quot;credit&quot;:&quot;conxy&quot;,&quot;camera&quot;:&quot;Canon PowerShot G7 X Mark II&quot;,&quot;caption&quot;:&quot;&quot;,&quot;created_timestamp&quot;:&quot;1504257126&quot;,&quot;copyright&quot;:&quot;Conxy Jimenez Sanchez&quot;,&quot;focal_length&quot;:&quot;8.8&quot;,&quot;iso&quot;:&quot;125&quot;,&quot;shutter_speed&quot;:&quot;0.0333333333333&quot;,&quot;title&quot;:&quot;&quot;,&quot;orientation&quot;:&quot;0&quot;}\" data-image-title=\"PEQUECHEF-1\" data-image-description=\"\" data-image-caption=\"\" data-medium-file=\"https:\/\/i0.wp.com\/centrodeolivaryaceite.com\/wp-content\/uploads\/2017\/09\/PEQUECHEF-1.jpg?fit=300%2C172&amp;ssl=1\" data-large-file=\"https:\/\/i0.wp.com\/centrodeolivaryaceite.com\/wp-content\/uploads\/2017\/09\/PEQUECHEF-1.jpg?fit=1024%2C587&amp;ssl=1\" class=\"wp-image-34862 aligncenter\" src=\"https:\/\/i0.wp.com\/centrodeolivaryaceite.com\/wp-content\/uploads\/2017\/09\/PEQUECHEF-1.jpg?resize=507%2C291\" alt=\"\" width=\"507\" height=\"291\" srcset=\"https:\/\/i0.wp.com\/centrodeolivaryaceite.com\/wp-content\/uploads\/2017\/09\/PEQUECHEF-1.jpg?w=4893&amp;ssl=1 4893w, https:\/\/i0.wp.com\/centrodeolivaryaceite.com\/wp-content\/uploads\/2017\/09\/PEQUECHEF-1.jpg?resize=300%2C172&amp;ssl=1 300w, https:\/\/i0.wp.com\/centrodeolivaryaceite.com\/wp-content\/uploads\/2017\/09\/PEQUECHEF-1.jpg?resize=768%2C440&amp;ssl=1 768w, https:\/\/i0.wp.com\/centrodeolivaryaceite.com\/wp-content\/uploads\/2017\/09\/PEQUECHEF-1.jpg?resize=1024%2C587&amp;ssl=1 1024w, https:\/\/i0.wp.com\/centrodeolivaryaceite.com\/wp-content\/uploads\/2017\/09\/PEQUECHEF-1.jpg?resize=1080%2C619&amp;ssl=1 1080w, https:\/\/i0.wp.com\/centrodeolivaryaceite.com\/wp-content\/uploads\/2017\/09\/PEQUECHEF-1.jpg?w=2160&amp;ssl=1 2160w, https:\/\/i0.wp.com\/centrodeolivaryaceite.com\/wp-content\/uploads\/2017\/09\/PEQUECHEF-1.jpg?w=3240&amp;ssl=1 3240w\" sizes=\"(max-width: 507px) 100vw, 507px\" \/><\/a><\/p>\n<p>\u201cCon esta iniciativa pretendemos que los 20.000 visitantes potenciales que se espera pasen por las instalaciones de la Feria de Maquinaria Agr\u00edcola conozcan \u201cOlivar y Aceite\u201d, pues tendr\u00e1n la oportunidad de conocer las propiedades de los AOVEs y productos derivados del aceite de oliva y del olivar, de la mano de quienes mejor los conocen, sus productores. Asimismo se realizaran catas de aceite de oliva virgen extra tanto para mayores como para ni\u00f1os, dirigida por los t\u00e9cnicos del centro\u201d, ha manifestado el presidente del Centro de Interpretaci\u00f3n.<\/p>\n<p>\u201cLos peque\u00f1os de la casa son muy importantes para nosotros como entidad, pues ser\u00e1n los consumidores y profesionales del futuro y los encargados de trasmitir el patrimonio cultural del mundo del olivar, por este motivo a lo largo del a\u00f1o realizamos distintas actividades dirigidas espec\u00edficamente a ellos. Hecho por el que la Asociaci\u00f3n Espa\u00f1ola de Municipios del Olivar (AEMO) nos concedi\u00f3 el pasado mes de mayo por la iniciativa \u201cCocina divertida y saludable para ni\u00f1os\u201d, ha subrayado G\u00e1mez.<\/p>\n<p><a href=\"http:\/\/centrodeolivaryaceite.com\/pequechef-del-aove-concurso-de-cocina-infantil-de-olivar-y-aceite-dirigido-a-los-pequenos-de-la-casa\/dsc_0167\/\" rel=\"attachment wp-att-34899\"><img data-recalc-dims=\"1\" loading=\"lazy\" decoding=\"async\" data-attachment-id=\"34899\" data-permalink=\"https:\/\/centrodeolivaryaceite.com\/es\/pequechef-del-aove-concurso-de-cocina-infantil-de-olivar-y-aceite-dirigido-a-los-pequenos-de-la-casa\/dsc_0167\/\" data-orig-file=\"https:\/\/i0.wp.com\/centrodeolivaryaceite.com\/wp-content\/uploads\/2017\/09\/DSC_0167.jpg?fit=1024%2C680&amp;ssl=1\" data-orig-size=\"1024,680\" data-comments-opened=\"1\" data-image-meta=\"{&quot;aperture&quot;:&quot;3.5&quot;,&quot;credit&quot;:&quot;&quot;,&quot;camera&quot;:&quot;NIKON D300&quot;,&quot;caption&quot;:&quot;????????????????????????????????????&quot;,&quot;created_timestamp&quot;:&quot;1504265010&quot;,&quot;copyright&quot;:&quot;&quot;,&quot;focal_length&quot;:&quot;18&quot;,&quot;iso&quot;:&quot;200&quot;,&quot;shutter_speed&quot;:&quot;0.02&quot;,&quot;title&quot;:&quot;&quot;,&quot;orientation&quot;:&quot;1&quot;}\" data-image-title=\"DSC_0167\" data-image-description=\"\" data-image-caption=\"&lt;p&gt;????????????????????????????????????&lt;\/p&gt;\n\" data-medium-file=\"https:\/\/i0.wp.com\/centrodeolivaryaceite.com\/wp-content\/uploads\/2017\/09\/DSC_0167.jpg?fit=300%2C199&amp;ssl=1\" data-large-file=\"https:\/\/i0.wp.com\/centrodeolivaryaceite.com\/wp-content\/uploads\/2017\/09\/DSC_0167.jpg?fit=1024%2C680&amp;ssl=1\" class=\"wp-image-34899 aligncenter\" src=\"https:\/\/i0.wp.com\/centrodeolivaryaceite.com\/wp-content\/uploads\/2017\/09\/DSC_0167.jpg?resize=593%2C394\" alt=\"\" width=\"593\" height=\"394\" srcset=\"https:\/\/i0.wp.com\/centrodeolivaryaceite.com\/wp-content\/uploads\/2017\/09\/DSC_0167.jpg?w=1024&amp;ssl=1 1024w, https:\/\/i0.wp.com\/centrodeolivaryaceite.com\/wp-content\/uploads\/2017\/09\/DSC_0167.jpg?resize=300%2C199&amp;ssl=1 300w, https:\/\/i0.wp.com\/centrodeolivaryaceite.com\/wp-content\/uploads\/2017\/09\/DSC_0167.jpg?resize=768%2C510&amp;ssl=1 768w\" sizes=\"(max-width: 593px) 100vw, 593px\" \/><\/a><\/p>\n<p>Por su parte,\u00a0 Carmen Morillo, de Ole\u00edcola Ja\u00e9n, adem\u00e1s de socio de la entidad se suma como patrocinar de esta iniciativa, pues seg\u00fan Morillo \u201ccuando nos comentaron la idea desde \u201cOlivar y Aceite\u201d nos encant\u00f3, pues debemos fomentar como productores y como padres la alimentaci\u00f3n saludable entre los m\u00e1s peque\u00f1os, y el consumo del zumo de aceituna. Para ello todas las recetas ser\u00e1n elaboradas con aceites Ole\u00edcola Ja\u00e9n, utilizando la variedad que ellos consideren m\u00e1s adecuada en relaci\u00f3n al plato a elaborar. Adem\u00e1s para que sigan creciendo y fomentando su pasi\u00f3n por los fogones, parte de los premios que se llevar\u00e1n a casa estos \u201cpeque\u00f1os cocineros\u201d ser\u00e1n unos lotes de aceites de nuestra marca\u201d, ha manifestado Morillo.<br \/>\n[\/et_pb_text][et_pb_comments _builder_version=\u00bb4.16&#8243; use_border_color=\u00bboff\u00bb border_color=\u00bb#ffffff\u00bb border_style=\u00bbsolid\u00bb button_letter_spacing_hover=\u00bb0&#8243; global_colors_info=\u00bb{}\u00bb button_text_size__hover_enabled=\u00bboff\u00bb button_one_text_size__hover_enabled=\u00bboff\u00bb button_two_text_size__hover_enabled=\u00bboff\u00bb button_text_color__hover_enabled=\u00bboff\u00bb button_one_text_color__hover_enabled=\u00bboff\u00bb button_two_text_color__hover_enabled=\u00bboff\u00bb button_border_width__hover_enabled=\u00bboff\u00bb button_one_border_width__hover_enabled=\u00bboff\u00bb button_two_border_width__hover_enabled=\u00bboff\u00bb button_border_color__hover_enabled=\u00bboff\u00bb button_one_border_color__hover_enabled=\u00bboff\u00bb button_two_border_color__hover_enabled=\u00bboff\u00bb button_border_radius__hover_enabled=\u00bboff\u00bb button_one_border_radius__hover_enabled=\u00bboff\u00bb button_two_border_radius__hover_enabled=\u00bboff\u00bb button_letter_spacing__hover_enabled=\u00bbon\u00bb button_letter_spacing__hover=\u00bb0&#8243; button_one_letter_spacing__hover_enabled=\u00bboff\u00bb button_two_letter_spacing__hover_enabled=\u00bboff\u00bb button_bg_color__hover_enabled=\u00bboff\u00bb button_one_bg_color__hover_enabled=\u00bboff\u00bb button_two_bg_color__hover_enabled=\u00bboff\u00bb][\/et_pb_comments][\/et_pb_column_inner][\/et_pb_row_inner][\/et_pb_column][et_pb_column type=\u00bb1_3&#8243; _builder_version=\u00bb4.16&#8243; custom_padding=\u00bb|||\u00bb global_colors_info=\u00bb{}\u00bb custom_padding__hover=\u00bb|||\u00bb][et_pb_sidebar orientation=\u00bbright\u00bb area=\u00bbsidebar-1&#8243; _builder_version=\u00bb4.16&#8243; remove_border=\u00bboff\u00bb global_colors_info=\u00bb{}\u00bb][\/et_pb_sidebar][\/et_pb_column][\/et_pb_section][et_pb_section fb_built=\u00bb1&#8243; custom_padding_last_edited=\u00bbon|desktop\u00bb disabled_on=\u00bbon|on|on\u00bb _builder_version=\u00bb3.0.92&#8243; background_color=\u00bb#dedacf\u00bb custom_padding_tablet=\u00bb50px|0|50px|0&#8243; padding_mobile=\u00bboff\u00bb disabled=\u00bbon\u00bb global_module=\u00bb5116&#8243; collapsed=\u00bboff\u00bb global_colors_info=\u00bb{}\u00bb custom_padding_phone=\u00bb50px|0|50px|0&#8243;][et_pb_row _builder_version=\u00bb4.16&#8243; global_colors_info=\u00bb{}\u00bb][et_pb_column type=\u00bb4_4&#8243; _builder_version=\u00bb4.16&#8243; custom_padding=\u00bb|||\u00bb global_colors_info=\u00bb{}\u00bb custom_padding__hover=\u00bb|||\u00bb][\/et_pb_column][\/et_pb_row][\/et_pb_section][et_pb_section fb_built=\u00bb1&#8243; custom_padding_last_edited=\u00bbon|desktop\u00bb _builder_version=\u00bb3.22&#8243; background_color=\u00bb#ffffff\u00bb custom_padding=\u00bb10px||0px|\u00bb custom_padding_tablet=\u00bb50px|0|50px|0&#8243; transparent_background=\u00bboff\u00bb padding_mobile=\u00bboff\u00bb make_fullwidth=\u00bboff\u00bb use_custom_width=\u00bboff\u00bb width_unit=\u00bbon\u00bb global_module=\u00bb5115&#8243; collapsed=\u00bboff\u00bb global_colors_info=\u00bb{}\u00bb custom_padding_phone=\u00bb50px|0|50px|0&#8243;][et_pb_row padding_mobile=\u00bboff\u00bb column_padding_mobile=\u00bbon\u00bb _builder_version=\u00bb4.16&#8243; background_size=\u00bbinitial\u00bb background_position=\u00bbtop_left\u00bb background_repeat=\u00bbrepeat\u00bb max_width=\u00bb1080px\u00bb custom_padding=\u00bb0px||0px|\u00bb make_fullwidth=\u00bboff\u00bb use_custom_width=\u00bboff\u00bb width_unit=\u00bbon\u00bb global_colors_info=\u00bb{}\u00bb][\/et_pb_row][\/et_pb_section][et_pb_section fb_built=\u00bb1&#8243; _builder_version=\u00bb4.16&#8243; global_colors_info=\u00bb{}\u00bb][et_pb_row _builder_version=\u00bb4.16&#8243; background_size=\u00bbinitial\u00bb background_position=\u00bbtop_left\u00bb background_repeat=\u00bbrepeat\u00bb global_colors_info=\u00bb{}\u00bb][\/et_pb_row][\/et_pb_section]<\/p>\n","protected":false},"excerpt":{"rendered":"<p>En el espacio cocina del Centro de Interpretaci\u00f3n \u201cOlivar y Aceite\u201d se ha presentado una nueva iniciativa para dar a conocer y promocionar el aceite de oliva virgen extra. Se trata de un concurso de cocina dirigido a los m\u00e1s peque\u00f1os de la casa, que ha sido bautizado como \u201cPequechef del AOVE\u201d. Una cita que [&hellip;]<\/p>\n","protected":false},"author":1,"featured_media":34863,"comment_status":"open","ping_status":"open","sticky":false,"template":"","format":"standard","meta":{"_et_pb_use_builder":"on","_et_pb_old_content":"","_et_gb_content_width":"","_jetpack_memberships_contains_paid_content":false,"footnotes":""},"categories":[37,1],"tags":[],"class_list":["post-34895","post","type-post","status-publish","format-standard","has-post-thumbnail","hentry","category-gastronomia","category-general"],"jetpack_featured_media_url":"https:\/\/i0.wp.com\/centrodeolivaryaceite.com\/wp-content\/uploads\/2017\/09\/cartel-para-web-y-redes.jpg?fit=1701%2C2586&ssl=1","jetpack_sharing_enabled":true,"jetpack_shortlink":"https:\/\/wp.me\/p95A9q-94P","_links":{"self":[{"href":"https:\/\/centrodeolivaryaceite.com\/es\/wp-json\/wp\/v2\/posts\/34895\/"}],"collection":[{"href":"https:\/\/centrodeolivaryaceite.com\/es\/wp-json\/wp\/v2\/posts\/"}],"about":[{"href":"https:\/\/centrodeolivaryaceite.com\/es\/wp-json\/wp\/v2\/types\/post\/"}],"author":[{"embeddable":true,"href":"https:\/\/centrodeolivaryaceite.com\/es\/wp-json\/wp\/v2\/users\/1\/"}],"replies":[{"embeddable":true,"href":"https:\/\/centrodeolivaryaceite.com\/es\/wp-json\/wp\/v2\/comments\/?post=34895"}],"version-history":[{"count":0,"href":"https:\/\/centrodeolivaryaceite.com\/es\/wp-json\/wp\/v2\/posts\/34895\/revisions\/"}],"wp:featuredmedia":[{"embeddable":true,"href":"https:\/\/centrodeolivaryaceite.com\/es\/wp-json\/wp\/v2\/media\/34863\/"}],"wp:attachment":[{"href":"https:\/\/centrodeolivaryaceite.com\/es\/wp-json\/wp\/v2\/media\/?parent=34895"}],"wp:term":[{"taxonomy":"category","embeddable":true,"href":"https:\/\/centrodeolivaryaceite.com\/es\/wp-json\/wp\/v2\/categories\/?post=34895"},{"taxonomy":"post_tag","embeddable":true,"href":"https:\/\/centrodeolivaryaceite.com\/es\/wp-json\/wp\/v2\/tags\/?post=34895"}],"curies":[{"name":"wp","href":"https:\/\/api.w.org\/{rel}","templated":true}]}}