{"id":34974,"date":"2017-09-12T12:01:27","date_gmt":"2017-09-12T12:01:27","guid":{"rendered":"http:\/\/centrodeolivaryaceite.com\/?p=34974"},"modified":"2022-08-02T08:05:22","modified_gmt":"2022-08-02T08:05:22","slug":"cultura-y-sabor-en-la-decimo-sexta-edicion-del-curso-de-iniciacion-de-cata-de-aceite-de-oliva-virgen","status":"publish","type":"post","link":"https:\/\/centrodeolivaryaceite.com\/es\/cultura-y-sabor-en-la-decimo-sexta-edicion-del-curso-de-iniciacion-de-cata-de-aceite-de-oliva-virgen\/","title":{"rendered":"CULTURA Y SABOR EN LA D\u00c9CIMO SEXTA EDICI\u00d3N DEL CURSO DE INICIACI\u00d3N DE CATA DE ACEITE DE OLIVA VIRGEN"},"content":{"rendered":"<p>[et_pb_section fb_built=\u00bb1&#8243; fullwidth=\u00bbon\u00bb custom_padding_last_edited=\u00bbon|desktop\u00bb admin_label=\u00bbSecci\u00f3n\u00bb _builder_version=\u00bb3.22&#8243; background_color=\u00bb#ffffff\u00bb background_image=\u00bbhttp:\/\/centrodeolivaryaceite.com\/wp-content\/uploads\/2016\/06\/page_header_bg_blue.jpg\u00bb custom_padding_tablet=\u00bb50px|0|50px|0&#8243; custom_padding_phone=\u00bb50px|0|50px|0&#8243; transparent_background=\u00bboff\u00bb padding_mobile=\u00bboff\u00bb make_fullwidth=\u00bboff\u00bb use_custom_width=\u00bboff\u00bb width_unit=\u00bbon\u00bb global_module=\u00bb5294&#8243; locked=\u00bboff\u00bb collapsed=\u00bboff\u00bb global_colors_info=\u00bb{}\u00bb][et_pb_fullwidth_post_title meta=\u00bboff\u00bb featured_image=\u00bboff\u00bb text_color=\u00bblight\u00bb text_background=\u00bbon\u00bb text_bg_color=\u00bbrgba(28,28,28,0.43)\u00bb admin_label=\u00bbT\u00edtulo\u00bb _builder_version=\u00bb4.17.6&#8243; _module_preset=\u00bbdefault\u00bb title_font=\u00bbRoboto Light||||\u00bb title_font_size=\u00bb35px\u00bb title_all_caps=\u00bbon\u00bb background_color=\u00bbrgba(255,255,255,0)\u00bb parallax=\u00bbon\u00bb parallax_method=\u00bboff\u00bb text_orientation=\u00bbcenter\u00bb use_border_color=\u00bboff\u00bb border_color=\u00bb#ffffff\u00bb border_style=\u00bbsolid\u00bb parallax_effect=\u00bbon\u00bb module_bg_color=\u00bbrgba(255,255,255,0)\u00bb global_colors_info=\u00bb{}\u00bb][\/et_pb_fullwidth_post_title][\/et_pb_section][et_pb_section fb_built=\u00bb1&#8243; custom_padding_last_edited=\u00bbon|desktop\u00bb _builder_version=\u00bb4.16&#8243; background_color=\u00bb#ffffff\u00bb custom_padding=\u00bb10px|||\u00bb custom_padding_tablet=\u00bb50px|0|50px|0&#8243; transparent_background=\u00bboff\u00bb padding_mobile=\u00bboff\u00bb make_fullwidth=\u00bboff\u00bb use_custom_width=\u00bboff\u00bb width_unit=\u00bbon\u00bb global_colors_info=\u00bb{}\u00bb custom_padding_phone=\u00bb50px|0|50px|0&#8243;][et_pb_row padding_mobile=\u00bboff\u00bb column_padding_mobile=\u00bbon\u00bb _builder_version=\u00bb4.16&#8243; background_size=\u00bbinitial\u00bb background_position=\u00bbtop_left\u00bb background_repeat=\u00bbrepeat\u00bb custom_padding=\u00bb10px|||\u00bb make_fullwidth=\u00bboff\u00bb use_custom_width=\u00bboff\u00bb width_unit=\u00bbon\u00bb global_colors_info=\u00bb{}\u00bb][et_pb_column type=\u00bb4_4&#8243; _builder_version=\u00bb4.16&#8243; custom_padding=\u00bb|||\u00bb global_colors_info=\u00bb{}\u00bb custom_padding__hover=\u00bb|||\u00bb][et_pb_post_title title=\u00bboff\u00bb _builder_version=\u00bb4.16&#8243; title_all_caps=\u00bboff\u00bb background_color=\u00bbrgba(255,255,255,0)\u00bb parallax=\u00bbon\u00bb parallax_method=\u00bboff\u00bb use_border_color=\u00bboff\u00bb border_color=\u00bb#ffffff\u00bb border_style=\u00bbsolid\u00bb parallax_effect=\u00bbon\u00bb module_bg_color=\u00bbrgba(255,255,255,0)\u00bb global_colors_info=\u00bb{}\u00bb][\/et_pb_post_title][\/et_pb_column][\/et_pb_row][\/et_pb_section][et_pb_section fb_built=\u00bb1&#8243; specialty=\u00bbon\u00bb custom_padding_last_edited=\u00bbon|desktop\u00bb parallax_method_1=\u00bboff\u00bb parallax_method_2=\u00bboff\u00bb _builder_version=\u00bb4.16&#8243; background_color=\u00bb#ffffff\u00bb custom_padding=\u00bb10px|||\u00bb custom_padding_tablet=\u00bb50px|0|50px|0&#8243; transparent_background=\u00bboff\u00bb padding_mobile=\u00bboff\u00bb make_fullwidth=\u00bboff\u00bb use_custom_width=\u00bboff\u00bb width_unit=\u00bbon\u00bb global_colors_info=\u00bb{}\u00bb custom_padding_phone=\u00bb50px|0|50px|0&#8243;][et_pb_column type=\u00bb2_3&#8243; specialty_columns=\u00bb2&#8243; _builder_version=\u00bb4.16&#8243; custom_padding=\u00bb|||\u00bb global_colors_info=\u00bb{}\u00bb custom_padding__hover=\u00bb|||\u00bb][et_pb_row_inner padding_mobile=\u00bboff\u00bb column_padding_mobile=\u00bbon\u00bb admin_label=\u00bbFila\u00bb _builder_version=\u00bb4.16&#8243; custom_padding=\u00bb0px|||\u00bb global_colors_info=\u00bb{}\u00bb][et_pb_column_inner saved_specialty_column_type=\u00bb2_3&#8243; _builder_version=\u00bb4.16&#8243; custom_padding=\u00bb|||\u00bb global_colors_info=\u00bb{}\u00bb custom_padding__hover=\u00bb|||\u00bb][et_pb_text admin_label=\u00bbTexto a reemplazar\u00bb _builder_version=\u00bb4.16&#8243; text_orientation=\u00bbleft\u00bb border_style=\u00bbsolid\u00bb global_colors_info=\u00bb{}\u00bb]Con el mes de septiembre comienza una nueva temporada de cursos en el Centro de Interpretaci\u00f3n \u201cOlivar y Aceite\u201d, cursos de formaci\u00f3n muy demandados por la ciudadan\u00eda que cada vez tiene m\u00e1s inter\u00e9s en conocer las bondades y peculiaridades del zumo de aceituna, algo a lo que contribuye diariamente la entidad respaldada por sus socios.<\/p>\n<p>El presidente de \u201cOlivar y Aceite\u201d, Javier G\u00e1mez ha recordado que la formaci\u00f3n es una de los pilares del Centro, \u201cya que no se puede apreciar o querer\u00a0 aquello que no se conoce, de ah\u00ed que ofrezcamos este tipo de cursos, desde los de iniciaci\u00f3n a los de perfeccionamiento, pues una vez que se comienza a conocer el apasionante mundo del aceite de oliva virgen es imposible no querer seguir aprendiendo\u201d, ha manifestado G\u00e1mez.<\/p>\n<p><a href=\"http:\/\/centrodeolivaryaceite.com\/cultura-y-sabor-en-la-decimo-sexta-edicion-del-curso-de-iniciacion-de-cata-de-aceite-de-oliva-virgen\/curso-de-cata-inciacion-11\/\" rel=\"attachment wp-att-34988\"><img data-recalc-dims=\"1\" loading=\"lazy\" decoding=\"async\" data-attachment-id=\"34988\" data-permalink=\"https:\/\/centrodeolivaryaceite.com\/es\/cultura-y-sabor-en-la-decimo-sexta-edicion-del-curso-de-iniciacion-de-cata-de-aceite-de-oliva-virgen\/curso-de-cata-inciacion-11\/\" data-orig-file=\"https:\/\/i0.wp.com\/centrodeolivaryaceite.com\/wp-content\/uploads\/2017\/09\/CURSO-DE-CATA-INCIACI%C3%93N-11.jpg?fit=448%2C299&amp;ssl=1\" data-orig-size=\"448,299\" data-comments-opened=\"1\" data-image-meta=\"{&quot;aperture&quot;:&quot;2.8&quot;,&quot;credit&quot;:&quot;&quot;,&quot;camera&quot;:&quot;NIKON D500&quot;,&quot;caption&quot;:&quot;&quot;,&quot;created_timestamp&quot;:&quot;1504957989&quot;,&quot;copyright&quot;:&quot;&quot;,&quot;focal_length&quot;:&quot;55&quot;,&quot;iso&quot;:&quot;800&quot;,&quot;shutter_speed&quot;:&quot;0.008&quot;,&quot;title&quot;:&quot;&quot;,&quot;orientation&quot;:&quot;1&quot;}\" data-image-title=\"CURSO DE CATA INCIACI\u00d3N 11\" data-image-description=\"\" data-image-caption=\"\" data-medium-file=\"https:\/\/i0.wp.com\/centrodeolivaryaceite.com\/wp-content\/uploads\/2017\/09\/CURSO-DE-CATA-INCIACI%C3%93N-11.jpg?fit=300%2C200&amp;ssl=1\" data-large-file=\"https:\/\/i0.wp.com\/centrodeolivaryaceite.com\/wp-content\/uploads\/2017\/09\/CURSO-DE-CATA-INCIACI%C3%93N-11.jpg?fit=448%2C299&amp;ssl=1\" class=\"size-full wp-image-34988 aligncenter\" src=\"https:\/\/i0.wp.com\/centrodeolivaryaceite.com\/wp-content\/uploads\/2017\/09\/CURSO-DE-CATA-INCIACI%C3%93N-11.jpg?resize=448%2C299\" alt=\"\" width=\"448\" height=\"299\" srcset=\"https:\/\/i0.wp.com\/centrodeolivaryaceite.com\/wp-content\/uploads\/2017\/09\/CURSO-DE-CATA-INCIACI%C3%93N-11.jpg?w=448&amp;ssl=1 448w, https:\/\/i0.wp.com\/centrodeolivaryaceite.com\/wp-content\/uploads\/2017\/09\/CURSO-DE-CATA-INCIACI%C3%93N-11.jpg?resize=300%2C200&amp;ssl=1 300w\" sizes=\"(max-width: 448px) 100vw, 448px\" \/><\/a><\/p>\n<p>Este fin de semana las instalaciones del Centro de Interpretaci\u00f3n han acogido la d\u00e9cimo sexta edici\u00f3n del \u201cCurso de Iniciaci\u00f3n a la Cata del Aceite de Oliva Virgen. Cultura y Sabor\u201d. Un curso al que han asistido 21 personas procedentes de distintas ciudades de la geograf\u00eda espa\u00f1ola as\u00ed como ciudadanos de otros pa\u00edses afincados en el nuestro. Por poner un ejemplo el curso ha contado con la presencia de ciudadanos de Polonia o Portugal,\u00a0 as\u00ed como compatriotas llegados de C\u00f3rdoba, Sevilla o Barcelona.<\/p>\n<p>En lo que al curso se refiere tiene un apartado te\u00f3rico y pr\u00e1ctico adem\u00e1s de una sesi\u00f3n de maridaje con diferentes alimentos. A lo largo de las jornadas\u00a0 se han catado m\u00e1s de 25 muestras de aceites de distintas variedades y procedencias, tanto aquellos con aromas y caracter\u00edsticas agradables y de calidad como otros con defectos apreciables, \u201cpues aunque se caten aceites de la misma variedad, se comportan y expresan de manera diferente dependiendo de su procedencia\u201d, indic\u00f3 la gerente del Centro. Los profesionales encargados de impartir el curso han hecho especial hincapi\u00e9 en la detecci\u00f3n de atributos negativos en aceites con patrones de defectos o en aceites mal elaborados. Los encargados de dirigir esta iniciativa formativa destacamos han sido la gerente y el t\u00e9cnico de \u201colivar y Aceite\u201d, Soledad Rom\u00e1n y Tom\u00e1s M\u00e9ndez, respectivamente.<\/p>\n<p><a href=\"http:\/\/centrodeolivaryaceite.com\/cultura-y-sabor-en-la-decimo-sexta-edicion-del-curso-de-iniciacion-de-cata-de-aceite-de-oliva-virgen\/curso-de-cata-inciacion-08\/\" rel=\"attachment wp-att-34985\"><img data-recalc-dims=\"1\" loading=\"lazy\" decoding=\"async\" data-attachment-id=\"34985\" data-permalink=\"https:\/\/centrodeolivaryaceite.com\/es\/cultura-y-sabor-en-la-decimo-sexta-edicion-del-curso-de-iniciacion-de-cata-de-aceite-de-oliva-virgen\/curso-de-cata-inciacion-08\/\" data-orig-file=\"https:\/\/i0.wp.com\/centrodeolivaryaceite.com\/wp-content\/uploads\/2017\/09\/CURSO-DE-CATA-INCIACI%C3%93N-08.jpg?fit=448%2C299&amp;ssl=1\" data-orig-size=\"448,299\" data-comments-opened=\"1\" data-image-meta=\"{&quot;aperture&quot;:&quot;2.8&quot;,&quot;credit&quot;:&quot;&quot;,&quot;camera&quot;:&quot;NIKON D500&quot;,&quot;caption&quot;:&quot;&quot;,&quot;created_timestamp&quot;:&quot;1504957243&quot;,&quot;copyright&quot;:&quot;&quot;,&quot;focal_length&quot;:&quot;55&quot;,&quot;iso&quot;:&quot;800&quot;,&quot;shutter_speed&quot;:&quot;0.01&quot;,&quot;title&quot;:&quot;&quot;,&quot;orientation&quot;:&quot;1&quot;}\" data-image-title=\"CURSO DE CATA INCIACI\u00d3N 08\" data-image-description=\"\" data-image-caption=\"\" data-medium-file=\"https:\/\/i0.wp.com\/centrodeolivaryaceite.com\/wp-content\/uploads\/2017\/09\/CURSO-DE-CATA-INCIACI%C3%93N-08.jpg?fit=300%2C200&amp;ssl=1\" data-large-file=\"https:\/\/i0.wp.com\/centrodeolivaryaceite.com\/wp-content\/uploads\/2017\/09\/CURSO-DE-CATA-INCIACI%C3%93N-08.jpg?fit=448%2C299&amp;ssl=1\" class=\"size-full wp-image-34985 aligncenter\" src=\"https:\/\/i0.wp.com\/centrodeolivaryaceite.com\/wp-content\/uploads\/2017\/09\/CURSO-DE-CATA-INCIACI%C3%93N-08.jpg?resize=448%2C299\" alt=\"\" width=\"448\" height=\"299\" srcset=\"https:\/\/i0.wp.com\/centrodeolivaryaceite.com\/wp-content\/uploads\/2017\/09\/CURSO-DE-CATA-INCIACI%C3%93N-08.jpg?w=448&amp;ssl=1 448w, https:\/\/i0.wp.com\/centrodeolivaryaceite.com\/wp-content\/uploads\/2017\/09\/CURSO-DE-CATA-INCIACI%C3%93N-08.jpg?resize=300%2C200&amp;ssl=1 300w\" sizes=\"(max-width: 448px) 100vw, 448px\" \/><\/a><\/p>\n<p>Durante el curso de iniciaci\u00f3n los asistentes aprendieron a identificar aromas y sabores propios de las variedades de la zona, como\u00a0 picual\u00a0 o arbequina,\u00a0 y pudieron conocer otras procedentes de distintas lugares de Espa\u00f1a como manzanilla u hojiblanca. Asimismo para finalizar la jornada del s\u00e1bado se realiz\u00f3 un maridaje donde los asistentes comprobaron lo importante que es elegir la variedad de zumo de aceituna que mejor le va a determinados alimentos. Al ser un curso de inicializaci\u00f3n el maridaje se realiz\u00f3 con tomate, queso fresco y chocolate, para facilitar la identificaci\u00f3n de los sabores y comprobar la armon\u00eda de los productos con las distintas variedades de AOVE.<\/p>\n<p><a href=\"http:\/\/centrodeolivaryaceite.com\/cultura-y-sabor-en-la-decimo-sexta-edicion-del-curso-de-iniciacion-de-cata-de-aceite-de-oliva-virgen\/curso-de-cata-inciacion-17\/\" rel=\"attachment wp-att-34994\"><img data-recalc-dims=\"1\" loading=\"lazy\" decoding=\"async\" data-attachment-id=\"34994\" data-permalink=\"https:\/\/centrodeolivaryaceite.com\/es\/cultura-y-sabor-en-la-decimo-sexta-edicion-del-curso-de-iniciacion-de-cata-de-aceite-de-oliva-virgen\/curso-de-cata-inciacion-17\/\" data-orig-file=\"https:\/\/i0.wp.com\/centrodeolivaryaceite.com\/wp-content\/uploads\/2017\/09\/CURSO-DE-CATA-INCIACI%C3%93N-17.jpg?fit=448%2C299&amp;ssl=1\" data-orig-size=\"448,299\" data-comments-opened=\"1\" data-image-meta=\"{&quot;aperture&quot;:&quot;2.8&quot;,&quot;credit&quot;:&quot;&quot;,&quot;camera&quot;:&quot;NIKON D500&quot;,&quot;caption&quot;:&quot;&quot;,&quot;created_timestamp&quot;:&quot;1504964306&quot;,&quot;copyright&quot;:&quot;&quot;,&quot;focal_length&quot;:&quot;17&quot;,&quot;iso&quot;:&quot;800&quot;,&quot;shutter_speed&quot;:&quot;0.01&quot;,&quot;title&quot;:&quot;&quot;,&quot;orientation&quot;:&quot;1&quot;}\" data-image-title=\"CURSO DE CATA INCIACI\u00d3N 17\" data-image-description=\"\" data-image-caption=\"\" data-medium-file=\"https:\/\/i0.wp.com\/centrodeolivaryaceite.com\/wp-content\/uploads\/2017\/09\/CURSO-DE-CATA-INCIACI%C3%93N-17.jpg?fit=300%2C200&amp;ssl=1\" data-large-file=\"https:\/\/i0.wp.com\/centrodeolivaryaceite.com\/wp-content\/uploads\/2017\/09\/CURSO-DE-CATA-INCIACI%C3%93N-17.jpg?fit=448%2C299&amp;ssl=1\" class=\"size-full wp-image-34994 aligncenter\" src=\"https:\/\/i0.wp.com\/centrodeolivaryaceite.com\/wp-content\/uploads\/2017\/09\/CURSO-DE-CATA-INCIACI%C3%93N-17.jpg?resize=448%2C299\" alt=\"\" width=\"448\" height=\"299\" srcset=\"https:\/\/i0.wp.com\/centrodeolivaryaceite.com\/wp-content\/uploads\/2017\/09\/CURSO-DE-CATA-INCIACI%C3%93N-17.jpg?w=448&amp;ssl=1 448w, https:\/\/i0.wp.com\/centrodeolivaryaceite.com\/wp-content\/uploads\/2017\/09\/CURSO-DE-CATA-INCIACI%C3%93N-17.jpg?resize=300%2C200&amp;ssl=1 300w\" sizes=\"(max-width: 448px) 100vw, 448px\" \/><\/a><\/p>\n<p>En otro orden de cosas el presidente de la entidad explic\u00f3 que el pasado martes se reuni\u00f3 la nueva Junta Directiva, donde se decidi\u00f3 continuar con la acci\u00f3n formativa e intensificar lo m\u00e1ximo posible los cursos de cata porque \u201cel objetivo es que la cultura del aceite y el olivar llegue al mayor n\u00famero de personas posible, para ello ofertamos distintas modalidades que se adaptan a las necesidades de los asistentes\u201d, ha se\u00f1alado G\u00e1mez.<\/p>\n<p>Adelant\u00f3 G\u00e1mez que el Centro de Interpretaci\u00f3n estar\u00e1 muy presente en la Feria de Maquinaria Agr\u00edcola (FEMA) que se celebrar\u00e1 del 14 al 17 de septiembre en el recinto ferial. Evento dedicado al mundo de la agricultura y especialmente al sector del olivar. All\u00ed, ha indicado el presidente de la entidad \u201cOlivar y Aceite\u201d, \u201cestar\u00e1 presente con m\u00e1s de 20 socios del centro. Adem\u00e1s realizaremos catas de aceite\u00a0 para mayores y peque\u00f1os, demostraciones culinarias en directo as\u00ed como la segunda edici\u00f3n de las Jornadas T\u00e9cnicas \u201cOlivar y Aceite\u201d, que contar\u00e1n con la presencia de profesionales de gran prestigio en el sector entre las que se encuentra\u00a0 Juan Vilar\u201d.<\/p>\n<p>Asimismo record\u00f3 que a\u00fan se encuentra abierto el plazo de inscripci\u00f3n para participar en la Gran Final del Concurso de Cocina Infantil \u201cPequechef del Aove\u201d que se celebrar\u00e1 el 17 de este mes, dentro de las diferentes propuestas con las que \u201cOlivar y Aceite\u201d participa en la FEMA.<\/p>\n<p><div class=\"tiled-gallery type-rectangular tiled-gallery-unresized\" data-original-width=\"1080\" data-carousel-extra='{&quot;blog_id&quot;:1,&quot;permalink&quot;:&quot;https:\\\/\\\/centrodeolivaryaceite.com\\\/es\\\/cultura-y-sabor-en-la-decimo-sexta-edicion-del-curso-de-iniciacion-de-cata-de-aceite-de-oliva-virgen\\\/&quot;,&quot;likes_blog_id&quot;:134317632}' itemscope itemtype=\"http:\/\/schema.org\/ImageGallery\" > <div class=\"gallery-row\" style=\"width: 1080px; height: 482px;\" data-original-width=\"1080\" data-original-height=\"482\" > <div class=\"gallery-group images-1\" style=\"width: 721px; height: 482px;\" data-original-width=\"721\" data-original-height=\"482\" > <div class=\"tiled-gallery-item tiled-gallery-item-large\" itemprop=\"associatedMedia\" itemscope itemtype=\"http:\/\/schema.org\/ImageObject\"> <a href=\"https:\/\/centrodeolivaryaceite.com\/es\/cultura-y-sabor-en-la-decimo-sexta-edicion-del-curso-de-iniciacion-de-cata-de-aceite-de-oliva-virgen\/curso-de-cata-inciacion-24\/\" border=\"0\" itemprop=\"url\"> <meta itemprop=\"width\" content=\"717\"> <meta itemprop=\"height\" content=\"478\"> <img decoding=\"async\" class=\"\" data-attachment-id=\"34977\" data-orig-file=\"https:\/\/centrodeolivaryaceite.com\/wp-content\/uploads\/2017\/09\/CURSO-DE-CATA-INCIACI\u00d3N-24.jpg\" data-orig-size=\"448,299\" data-comments-opened=\"1\" data-image-meta=\"{&quot;aperture&quot;:&quot;2.8&quot;,&quot;credit&quot;:&quot;&quot;,&quot;camera&quot;:&quot;NIKON D500&quot;,&quot;caption&quot;:&quot;&quot;,&quot;created_timestamp&quot;:&quot;1504964759&quot;,&quot;copyright&quot;:&quot;&quot;,&quot;focal_length&quot;:&quot;50&quot;,&quot;iso&quot;:&quot;800&quot;,&quot;shutter_speed&quot;:&quot;0.01&quot;,&quot;title&quot;:&quot;&quot;,&quot;orientation&quot;:&quot;1&quot;}\" data-image-title=\"CURSO DE CATA INCIACI\u00d3N 24\" data-image-description=\"\" data-medium-file=\"https:\/\/i0.wp.com\/centrodeolivaryaceite.com\/wp-content\/uploads\/2017\/09\/CURSO-DE-CATA-INCIACI%C3%93N-24.jpg?fit=300%2C200&#038;ssl=1\" data-large-file=\"https:\/\/i0.wp.com\/centrodeolivaryaceite.com\/wp-content\/uploads\/2017\/09\/CURSO-DE-CATA-INCIACI%C3%93N-24.jpg?fit=448%2C299&#038;ssl=1\" src=\"https:\/\/i0.wp.com\/centrodeolivaryaceite.com\/wp-content\/uploads\/2017\/09\/CURSO-DE-CATA-INCIACI%C3%93N-24.jpg?w=717&#038;h=478&#038;ssl=1\" width=\"717\" height=\"478\" loading=\"lazy\" data-original-width=\"717\" data-original-height=\"478\" itemprop=\"http:\/\/schema.org\/image\" title=\"CURSO DE CATA INCIACI\u00d3N 24\" alt=\"maridaje\" style=\"width: 717px; height: 478px;\" \/> <\/a> <\/div> <\/div> <!-- close group --> <div class=\"gallery-group images-2\" style=\"width: 359px; height: 482px;\" data-original-width=\"359\" data-original-height=\"482\" > <div class=\"tiled-gallery-item tiled-gallery-item-large\" itemprop=\"associatedMedia\" itemscope itemtype=\"http:\/\/schema.org\/ImageObject\"> <a href=\"https:\/\/centrodeolivaryaceite.com\/es\/cultura-y-sabor-en-la-decimo-sexta-edicion-del-curso-de-iniciacion-de-cata-de-aceite-de-oliva-virgen\/curso-de-cata-inciacion-01\/\" border=\"0\" itemprop=\"url\"> <meta itemprop=\"width\" content=\"355\"> <meta itemprop=\"height\" content=\"237\"> <img decoding=\"async\" class=\"\" data-attachment-id=\"34978\" data-orig-file=\"https:\/\/centrodeolivaryaceite.com\/wp-content\/uploads\/2017\/09\/CURSO-DE-CATA-INCIACI\u00d3N-01.jpg\" data-orig-size=\"448,299\" data-comments-opened=\"1\" data-image-meta=\"{&quot;aperture&quot;:&quot;2.8&quot;,&quot;credit&quot;:&quot;&quot;,&quot;camera&quot;:&quot;NIKON D500&quot;,&quot;caption&quot;:&quot;&quot;,&quot;created_timestamp&quot;:&quot;1504894365&quot;,&quot;copyright&quot;:&quot;&quot;,&quot;focal_length&quot;:&quot;17&quot;,&quot;iso&quot;:&quot;640&quot;,&quot;shutter_speed&quot;:&quot;0.01&quot;,&quot;title&quot;:&quot;&quot;,&quot;orientation&quot;:&quot;1&quot;}\" data-image-title=\"CURSO DE CATA INCIACI\u00d3N 01\" data-image-description=\"\" data-medium-file=\"https:\/\/i0.wp.com\/centrodeolivaryaceite.com\/wp-content\/uploads\/2017\/09\/CURSO-DE-CATA-INCIACI%C3%93N-01.jpg?fit=300%2C200&#038;ssl=1\" data-large-file=\"https:\/\/i0.wp.com\/centrodeolivaryaceite.com\/wp-content\/uploads\/2017\/09\/CURSO-DE-CATA-INCIACI%C3%93N-01.jpg?fit=448%2C299&#038;ssl=1\" src=\"https:\/\/i0.wp.com\/centrodeolivaryaceite.com\/wp-content\/uploads\/2017\/09\/CURSO-DE-CATA-INCIACI%C3%93N-01.jpg?w=355&#038;h=237&#038;ssl=1\" width=\"355\" height=\"237\" loading=\"lazy\" data-original-width=\"355\" data-original-height=\"237\" itemprop=\"http:\/\/schema.org\/image\" title=\"CURSO DE CATA INCIACI\u00d3N 01\" alt=\"Alumnos del Curso\" style=\"width: 355px; height: 237px;\" \/> <\/a> <\/div> <div class=\"tiled-gallery-item tiled-gallery-item-large\" itemprop=\"associatedMedia\" itemscope itemtype=\"http:\/\/schema.org\/ImageObject\"> <a href=\"https:\/\/centrodeolivaryaceite.com\/es\/cultura-y-sabor-en-la-decimo-sexta-edicion-del-curso-de-iniciacion-de-cata-de-aceite-de-oliva-virgen\/curso-de-cata-inciacion-02\/\" border=\"0\" itemprop=\"url\"> <meta itemprop=\"width\" content=\"355\"> <meta itemprop=\"height\" content=\"237\"> <img decoding=\"async\" class=\"\" data-attachment-id=\"34979\" data-orig-file=\"https:\/\/centrodeolivaryaceite.com\/wp-content\/uploads\/2017\/09\/CURSO-DE-CATA-INCIACI\u00d3N-02.jpg\" data-orig-size=\"448,299\" data-comments-opened=\"1\" data-image-meta=\"{&quot;aperture&quot;:&quot;2.8&quot;,&quot;credit&quot;:&quot;&quot;,&quot;camera&quot;:&quot;NIKON D500&quot;,&quot;caption&quot;:&quot;&quot;,&quot;created_timestamp&quot;:&quot;1504894541&quot;,&quot;copyright&quot;:&quot;&quot;,&quot;focal_length&quot;:&quot;26&quot;,&quot;iso&quot;:&quot;800&quot;,&quot;shutter_speed&quot;:&quot;0.01&quot;,&quot;title&quot;:&quot;&quot;,&quot;orientation&quot;:&quot;1&quot;}\" data-image-title=\"CURSO DE CATA INCIACI\u00d3N 02\" data-image-description=\"\" data-medium-file=\"https:\/\/i0.wp.com\/centrodeolivaryaceite.com\/wp-content\/uploads\/2017\/09\/CURSO-DE-CATA-INCIACI%C3%93N-02.jpg?fit=300%2C200&#038;ssl=1\" data-large-file=\"https:\/\/i0.wp.com\/centrodeolivaryaceite.com\/wp-content\/uploads\/2017\/09\/CURSO-DE-CATA-INCIACI%C3%93N-02.jpg?fit=448%2C299&#038;ssl=1\" src=\"https:\/\/i0.wp.com\/centrodeolivaryaceite.com\/wp-content\/uploads\/2017\/09\/CURSO-DE-CATA-INCIACI%C3%93N-02.jpg?w=355&#038;h=237&#038;ssl=1\" width=\"355\" height=\"237\" loading=\"lazy\" data-original-width=\"355\" data-original-height=\"237\" itemprop=\"http:\/\/schema.org\/image\" title=\"CURSO DE CATA INCIACI\u00d3N 02\" alt=\"Cuestionario\" style=\"width: 355px; height: 237px;\" \/> <\/a> <\/div> <\/div> <!-- close group --> <\/div> <!-- close row --> <div class=\"gallery-row\" style=\"width: 1080px; height: 228px;\" data-original-width=\"1080\" data-original-height=\"228\" > <div class=\"gallery-group images-1\" style=\"width: 402px; height: 228px;\" data-original-width=\"402\" data-original-height=\"228\" > <div class=\"tiled-gallery-item tiled-gallery-item-large\" itemprop=\"associatedMedia\" itemscope itemtype=\"http:\/\/schema.org\/ImageObject\"> <a href=\"https:\/\/centrodeolivaryaceite.com\/es\/cultura-y-sabor-en-la-decimo-sexta-edicion-del-curso-de-iniciacion-de-cata-de-aceite-de-oliva-virgen\/curso-de-cata-inciacion-03\/\" border=\"0\" itemprop=\"url\"> <meta itemprop=\"width\" content=\"398\"> <meta itemprop=\"height\" content=\"224\"> <img decoding=\"async\" class=\"\" data-attachment-id=\"34980\" data-orig-file=\"https:\/\/centrodeolivaryaceite.com\/wp-content\/uploads\/2017\/09\/CURSO-DE-CATA-INCIACI\u00d3N-03.jpg\" data-orig-size=\"448,252\" data-comments-opened=\"1\" data-image-meta=\"{&quot;aperture&quot;:&quot;2.8&quot;,&quot;credit&quot;:&quot;&quot;,&quot;camera&quot;:&quot;NIKON D500&quot;,&quot;caption&quot;:&quot;&quot;,&quot;created_timestamp&quot;:&quot;1504894692&quot;,&quot;copyright&quot;:&quot;&quot;,&quot;focal_length&quot;:&quot;17&quot;,&quot;iso&quot;:&quot;800&quot;,&quot;shutter_speed&quot;:&quot;0.01&quot;,&quot;title&quot;:&quot;&quot;,&quot;orientation&quot;:&quot;1&quot;}\" data-image-title=\"CURSO DE CATA INCIACI\u00d3N 03\" data-image-description=\"\" data-medium-file=\"https:\/\/i0.wp.com\/centrodeolivaryaceite.com\/wp-content\/uploads\/2017\/09\/CURSO-DE-CATA-INCIACI%C3%93N-03.jpg?fit=300%2C169&#038;ssl=1\" data-large-file=\"https:\/\/i0.wp.com\/centrodeolivaryaceite.com\/wp-content\/uploads\/2017\/09\/CURSO-DE-CATA-INCIACI%C3%93N-03.jpg?fit=448%2C252&#038;ssl=1\" src=\"https:\/\/i0.wp.com\/centrodeolivaryaceite.com\/wp-content\/uploads\/2017\/09\/CURSO-DE-CATA-INCIACI%C3%93N-03.jpg?w=398&#038;h=224&#038;ssl=1\" width=\"398\" height=\"224\" loading=\"lazy\" data-original-width=\"398\" data-original-height=\"224\" itemprop=\"http:\/\/schema.org\/image\" title=\"CURSO DE CATA INCIACI\u00d3N 03\" alt=\"Preguntas en Curso\" style=\"width: 398px; height: 224px;\" \/> <\/a> <\/div> <\/div> <!-- close group --> <div class=\"gallery-group images-1\" style=\"width: 339px; height: 228px;\" data-original-width=\"339\" data-original-height=\"228\" > <div class=\"tiled-gallery-item tiled-gallery-item-large\" itemprop=\"associatedMedia\" itemscope itemtype=\"http:\/\/schema.org\/ImageObject\"> <a href=\"https:\/\/centrodeolivaryaceite.com\/es\/cultura-y-sabor-en-la-decimo-sexta-edicion-del-curso-de-iniciacion-de-cata-de-aceite-de-oliva-virgen\/curso-de-cata-inciacion-04\/\" border=\"0\" itemprop=\"url\"> <meta itemprop=\"width\" content=\"335\"> <meta itemprop=\"height\" content=\"224\"> <img decoding=\"async\" class=\"\" data-attachment-id=\"34981\" data-orig-file=\"https:\/\/centrodeolivaryaceite.com\/wp-content\/uploads\/2017\/09\/CURSO-DE-CATA-INCIACI\u00d3N-04.jpg\" data-orig-size=\"448,299\" data-comments-opened=\"1\" data-image-meta=\"{&quot;aperture&quot;:&quot;2.8&quot;,&quot;credit&quot;:&quot;&quot;,&quot;camera&quot;:&quot;NIKON D500&quot;,&quot;caption&quot;:&quot;&quot;,&quot;created_timestamp&quot;:&quot;1504894829&quot;,&quot;copyright&quot;:&quot;&quot;,&quot;focal_length&quot;:&quot;31&quot;,&quot;iso&quot;:&quot;800&quot;,&quot;shutter_speed&quot;:&quot;0.01&quot;,&quot;title&quot;:&quot;&quot;,&quot;orientation&quot;:&quot;1&quot;}\" data-image-title=\"CURSO DE CATA INCIACI\u00d3N 04\" data-image-description=\"\" data-medium-file=\"https:\/\/i0.wp.com\/centrodeolivaryaceite.com\/wp-content\/uploads\/2017\/09\/CURSO-DE-CATA-INCIACI%C3%93N-04.jpg?fit=300%2C200&#038;ssl=1\" data-large-file=\"https:\/\/i0.wp.com\/centrodeolivaryaceite.com\/wp-content\/uploads\/2017\/09\/CURSO-DE-CATA-INCIACI%C3%93N-04.jpg?fit=448%2C299&#038;ssl=1\" src=\"https:\/\/i0.wp.com\/centrodeolivaryaceite.com\/wp-content\/uploads\/2017\/09\/CURSO-DE-CATA-INCIACI%C3%93N-04.jpg?w=335&#038;h=224&#038;ssl=1\" width=\"335\" height=\"224\" loading=\"lazy\" data-original-width=\"335\" data-original-height=\"224\" itemprop=\"http:\/\/schema.org\/image\" title=\"CURSO DE CATA INCIACI\u00d3N 04\" alt=\"Tomando notas\" style=\"width: 335px; height: 224px;\" \/> <\/a> <\/div> <\/div> <!-- close group --> <div class=\"gallery-group images-1\" style=\"width: 339px; height: 228px;\" data-original-width=\"339\" data-original-height=\"228\" > <div class=\"tiled-gallery-item tiled-gallery-item-large\" itemprop=\"associatedMedia\" itemscope itemtype=\"http:\/\/schema.org\/ImageObject\"> <a href=\"https:\/\/centrodeolivaryaceite.com\/es\/cultura-y-sabor-en-la-decimo-sexta-edicion-del-curso-de-iniciacion-de-cata-de-aceite-de-oliva-virgen\/curso-de-cata-inciacion-05\/\" border=\"0\" itemprop=\"url\"> <meta itemprop=\"width\" content=\"335\"> <meta itemprop=\"height\" content=\"224\"> <img decoding=\"async\" class=\"\" data-attachment-id=\"34982\" data-orig-file=\"https:\/\/centrodeolivaryaceite.com\/wp-content\/uploads\/2017\/09\/CURSO-DE-CATA-INCIACI\u00d3N-05.jpg\" data-orig-size=\"448,299\" data-comments-opened=\"1\" data-image-meta=\"{&quot;aperture&quot;:&quot;2.8&quot;,&quot;credit&quot;:&quot;&quot;,&quot;camera&quot;:&quot;NIKON D500&quot;,&quot;caption&quot;:&quot;&quot;,&quot;created_timestamp&quot;:&quot;1504894979&quot;,&quot;copyright&quot;:&quot;&quot;,&quot;focal_length&quot;:&quot;20&quot;,&quot;iso&quot;:&quot;800&quot;,&quot;shutter_speed&quot;:&quot;0.01&quot;,&quot;title&quot;:&quot;&quot;,&quot;orientation&quot;:&quot;1&quot;}\" data-image-title=\"CURSO DE CATA INCIACI\u00d3N 05\" data-image-description=\"\" data-medium-file=\"https:\/\/i0.wp.com\/centrodeolivaryaceite.com\/wp-content\/uploads\/2017\/09\/CURSO-DE-CATA-INCIACI%C3%93N-05.jpg?fit=300%2C200&#038;ssl=1\" data-large-file=\"https:\/\/i0.wp.com\/centrodeolivaryaceite.com\/wp-content\/uploads\/2017\/09\/CURSO-DE-CATA-INCIACI%C3%93N-05.jpg?fit=448%2C299&#038;ssl=1\" src=\"https:\/\/i0.wp.com\/centrodeolivaryaceite.com\/wp-content\/uploads\/2017\/09\/CURSO-DE-CATA-INCIACI%C3%93N-05.jpg?w=335&#038;h=224&#038;ssl=1\" width=\"335\" height=\"224\" loading=\"lazy\" data-original-width=\"335\" data-original-height=\"224\" itemprop=\"http:\/\/schema.org\/image\" title=\"CURSO DE CATA INCIACI\u00d3N 05\" alt=\"Tom\u00e1s M\u00e9ndez en Curso\" style=\"width: 335px; height: 224px;\" \/> <\/a> <\/div> <\/div> <!-- close group --> <\/div> <!-- close row --> <div class=\"gallery-row\" style=\"width: 1080px; height: 482px;\" data-original-width=\"1080\" data-original-height=\"482\" > <div class=\"gallery-group images-2\" style=\"width: 359px; height: 482px;\" data-original-width=\"359\" data-original-height=\"482\" > <div class=\"tiled-gallery-item tiled-gallery-item-large\" itemprop=\"associatedMedia\" itemscope itemtype=\"http:\/\/schema.org\/ImageObject\"> <a href=\"https:\/\/centrodeolivaryaceite.com\/es\/cultura-y-sabor-en-la-decimo-sexta-edicion-del-curso-de-iniciacion-de-cata-de-aceite-de-oliva-virgen\/curso-de-cata-inciacion-06\/\" border=\"0\" itemprop=\"url\"> <meta itemprop=\"width\" content=\"355\"> <meta itemprop=\"height\" content=\"237\"> <img decoding=\"async\" class=\"\" data-attachment-id=\"34983\" data-orig-file=\"https:\/\/centrodeolivaryaceite.com\/wp-content\/uploads\/2017\/09\/CURSO-DE-CATA-INCIACI\u00d3N-06.jpg\" data-orig-size=\"448,299\" data-comments-opened=\"1\" data-image-meta=\"{&quot;aperture&quot;:&quot;2.8&quot;,&quot;credit&quot;:&quot;&quot;,&quot;camera&quot;:&quot;NIKON D500&quot;,&quot;caption&quot;:&quot;&quot;,&quot;created_timestamp&quot;:&quot;1504957164&quot;,&quot;copyright&quot;:&quot;&quot;,&quot;focal_length&quot;:&quot;52&quot;,&quot;iso&quot;:&quot;800&quot;,&quot;shutter_speed&quot;:&quot;0.0125&quot;,&quot;title&quot;:&quot;&quot;,&quot;orientation&quot;:&quot;1&quot;}\" data-image-title=\"CURSO DE CATA INCIACI\u00d3N 06\" data-image-description=\"\" data-medium-file=\"https:\/\/i0.wp.com\/centrodeolivaryaceite.com\/wp-content\/uploads\/2017\/09\/CURSO-DE-CATA-INCIACI%C3%93N-06.jpg?fit=300%2C200&#038;ssl=1\" data-large-file=\"https:\/\/i0.wp.com\/centrodeolivaryaceite.com\/wp-content\/uploads\/2017\/09\/CURSO-DE-CATA-INCIACI%C3%93N-06.jpg?fit=448%2C299&#038;ssl=1\" src=\"https:\/\/i0.wp.com\/centrodeolivaryaceite.com\/wp-content\/uploads\/2017\/09\/CURSO-DE-CATA-INCIACI%C3%93N-06.jpg?w=355&#038;h=237&#038;ssl=1\" width=\"355\" height=\"237\" loading=\"lazy\" data-original-width=\"355\" data-original-height=\"237\" itemprop=\"http:\/\/schema.org\/image\" title=\"CURSO DE CATA INCIACI\u00d3N 06\" alt=\"Javi G\u00e1mez\" style=\"width: 355px; height: 237px;\" \/> <\/a> <\/div> <div class=\"tiled-gallery-item tiled-gallery-item-large\" itemprop=\"associatedMedia\" itemscope itemtype=\"http:\/\/schema.org\/ImageObject\"> <a href=\"https:\/\/centrodeolivaryaceite.com\/es\/cultura-y-sabor-en-la-decimo-sexta-edicion-del-curso-de-iniciacion-de-cata-de-aceite-de-oliva-virgen\/curso-de-cata-inciacion-07\/\" border=\"0\" itemprop=\"url\"> <meta itemprop=\"width\" content=\"355\"> <meta itemprop=\"height\" content=\"237\"> <img decoding=\"async\" class=\"\" data-attachment-id=\"34984\" data-orig-file=\"https:\/\/centrodeolivaryaceite.com\/wp-content\/uploads\/2017\/09\/CURSO-DE-CATA-INCIACI\u00d3N-07.jpg\" data-orig-size=\"448,299\" data-comments-opened=\"1\" data-image-meta=\"{&quot;aperture&quot;:&quot;2.8&quot;,&quot;credit&quot;:&quot;&quot;,&quot;camera&quot;:&quot;NIKON D500&quot;,&quot;caption&quot;:&quot;&quot;,&quot;created_timestamp&quot;:&quot;1504957218&quot;,&quot;copyright&quot;:&quot;&quot;,&quot;focal_length&quot;:&quot;17&quot;,&quot;iso&quot;:&quot;800&quot;,&quot;shutter_speed&quot;:&quot;0.0125&quot;,&quot;title&quot;:&quot;&quot;,&quot;orientation&quot;:&quot;1&quot;}\" data-image-title=\"CURSO DE CATA INCIACI\u00d3N 07\" data-image-description=\"\" data-medium-file=\"https:\/\/i0.wp.com\/centrodeolivaryaceite.com\/wp-content\/uploads\/2017\/09\/CURSO-DE-CATA-INCIACI%C3%93N-07.jpg?fit=300%2C200&#038;ssl=1\" data-large-file=\"https:\/\/i0.wp.com\/centrodeolivaryaceite.com\/wp-content\/uploads\/2017\/09\/CURSO-DE-CATA-INCIACI%C3%93N-07.jpg?fit=448%2C299&#038;ssl=1\" src=\"https:\/\/i0.wp.com\/centrodeolivaryaceite.com\/wp-content\/uploads\/2017\/09\/CURSO-DE-CATA-INCIACI%C3%93N-07.jpg?w=355&#038;h=237&#038;ssl=1\" width=\"355\" height=\"237\" loading=\"lazy\" data-original-width=\"355\" data-original-height=\"237\" itemprop=\"http:\/\/schema.org\/image\" title=\"CURSO DE CATA INCIACI\u00d3N 07\" alt=\"Asistentes a Curso\" style=\"width: 355px; height: 237px;\" \/> <\/a> <\/div> <\/div> <!-- close group --> <div class=\"gallery-group images-1\" style=\"width: 721px; height: 482px;\" data-original-width=\"721\" data-original-height=\"482\" > <div class=\"tiled-gallery-item tiled-gallery-item-large\" itemprop=\"associatedMedia\" itemscope itemtype=\"http:\/\/schema.org\/ImageObject\"> <a href=\"https:\/\/centrodeolivaryaceite.com\/es\/cultura-y-sabor-en-la-decimo-sexta-edicion-del-curso-de-iniciacion-de-cata-de-aceite-de-oliva-virgen\/curso-de-cata-inciacion-08\/\" border=\"0\" itemprop=\"url\"> <meta itemprop=\"width\" content=\"717\"> <meta itemprop=\"height\" content=\"478\"> <img decoding=\"async\" class=\"\" data-attachment-id=\"34985\" data-orig-file=\"https:\/\/centrodeolivaryaceite.com\/wp-content\/uploads\/2017\/09\/CURSO-DE-CATA-INCIACI\u00d3N-08.jpg\" data-orig-size=\"448,299\" data-comments-opened=\"1\" data-image-meta=\"{&quot;aperture&quot;:&quot;2.8&quot;,&quot;credit&quot;:&quot;&quot;,&quot;camera&quot;:&quot;NIKON D500&quot;,&quot;caption&quot;:&quot;&quot;,&quot;created_timestamp&quot;:&quot;1504957243&quot;,&quot;copyright&quot;:&quot;&quot;,&quot;focal_length&quot;:&quot;55&quot;,&quot;iso&quot;:&quot;800&quot;,&quot;shutter_speed&quot;:&quot;0.01&quot;,&quot;title&quot;:&quot;&quot;,&quot;orientation&quot;:&quot;1&quot;}\" data-image-title=\"CURSO DE CATA INCIACI\u00d3N 08\" data-image-description=\"\" data-medium-file=\"https:\/\/i0.wp.com\/centrodeolivaryaceite.com\/wp-content\/uploads\/2017\/09\/CURSO-DE-CATA-INCIACI%C3%93N-08.jpg?fit=300%2C200&#038;ssl=1\" data-large-file=\"https:\/\/i0.wp.com\/centrodeolivaryaceite.com\/wp-content\/uploads\/2017\/09\/CURSO-DE-CATA-INCIACI%C3%93N-08.jpg?fit=448%2C299&#038;ssl=1\" src=\"https:\/\/i0.wp.com\/centrodeolivaryaceite.com\/wp-content\/uploads\/2017\/09\/CURSO-DE-CATA-INCIACI%C3%93N-08.jpg?w=717&#038;h=478&#038;ssl=1\" width=\"717\" height=\"478\" loading=\"lazy\" data-original-width=\"717\" data-original-height=\"478\" itemprop=\"http:\/\/schema.org\/image\" title=\"CURSO DE CATA INCIACI\u00d3N 08\" alt=\"Aceites de Curso\" style=\"width: 717px; height: 478px;\" \/> <\/a> <\/div> <\/div> <!-- close group --> <\/div> <!-- close row --> <div class=\"gallery-row\" style=\"width: 1080px; height: 362px;\" data-original-width=\"1080\" data-original-height=\"362\" > <div class=\"gallery-group images-1\" style=\"width: 540px; height: 362px;\" data-original-width=\"540\" data-original-height=\"362\" > <div class=\"tiled-gallery-item tiled-gallery-item-large\" itemprop=\"associatedMedia\" itemscope itemtype=\"http:\/\/schema.org\/ImageObject\"> <a href=\"https:\/\/centrodeolivaryaceite.com\/es\/cultura-y-sabor-en-la-decimo-sexta-edicion-del-curso-de-iniciacion-de-cata-de-aceite-de-oliva-virgen\/curso-de-cata-inciacion-09\/\" border=\"0\" itemprop=\"url\"> <meta itemprop=\"width\" content=\"536\"> <meta itemprop=\"height\" content=\"358\"> <img decoding=\"async\" class=\"\" data-attachment-id=\"34986\" data-orig-file=\"https:\/\/centrodeolivaryaceite.com\/wp-content\/uploads\/2017\/09\/CURSO-DE-CATA-INCIACI\u00d3N-09.jpg\" data-orig-size=\"448,299\" data-comments-opened=\"1\" data-image-meta=\"{&quot;aperture&quot;:&quot;2.8&quot;,&quot;credit&quot;:&quot;&quot;,&quot;camera&quot;:&quot;NIKON D500&quot;,&quot;caption&quot;:&quot;&quot;,&quot;created_timestamp&quot;:&quot;1504957258&quot;,&quot;copyright&quot;:&quot;&quot;,&quot;focal_length&quot;:&quot;17&quot;,&quot;iso&quot;:&quot;800&quot;,&quot;shutter_speed&quot;:&quot;0.01&quot;,&quot;title&quot;:&quot;&quot;,&quot;orientation&quot;:&quot;1&quot;}\" data-image-title=\"CURSO DE CATA INCIACI\u00d3N 09\" data-image-description=\"\" data-medium-file=\"https:\/\/i0.wp.com\/centrodeolivaryaceite.com\/wp-content\/uploads\/2017\/09\/CURSO-DE-CATA-INCIACI%C3%93N-09.jpg?fit=300%2C200&#038;ssl=1\" data-large-file=\"https:\/\/i0.wp.com\/centrodeolivaryaceite.com\/wp-content\/uploads\/2017\/09\/CURSO-DE-CATA-INCIACI%C3%93N-09.jpg?fit=448%2C299&#038;ssl=1\" src=\"https:\/\/i0.wp.com\/centrodeolivaryaceite.com\/wp-content\/uploads\/2017\/09\/CURSO-DE-CATA-INCIACI%C3%93N-09.jpg?w=536&#038;h=358&#038;ssl=1\" width=\"536\" height=\"358\" loading=\"lazy\" data-original-width=\"536\" data-original-height=\"358\" itemprop=\"http:\/\/schema.org\/image\" title=\"CURSO DE CATA INCIACI\u00d3N 09\" alt=\"Alumnos\" style=\"width: 536px; height: 358px;\" \/> <\/a> <\/div> <\/div> <!-- close group --> <div class=\"gallery-group images-1\" style=\"width: 540px; height: 362px;\" data-original-width=\"540\" data-original-height=\"362\" > <div class=\"tiled-gallery-item tiled-gallery-item-large\" itemprop=\"associatedMedia\" itemscope itemtype=\"http:\/\/schema.org\/ImageObject\"> <a href=\"https:\/\/centrodeolivaryaceite.com\/es\/cultura-y-sabor-en-la-decimo-sexta-edicion-del-curso-de-iniciacion-de-cata-de-aceite-de-oliva-virgen\/curso-de-cata-inciacion-10\/\" border=\"0\" itemprop=\"url\"> <meta itemprop=\"width\" content=\"536\"> <meta itemprop=\"height\" content=\"358\"> <img decoding=\"async\" class=\"\" data-attachment-id=\"34987\" data-orig-file=\"https:\/\/centrodeolivaryaceite.com\/wp-content\/uploads\/2017\/09\/CURSO-DE-CATA-INCIACI\u00d3N-10.jpg\" data-orig-size=\"448,299\" data-comments-opened=\"1\" data-image-meta=\"{&quot;aperture&quot;:&quot;2.8&quot;,&quot;credit&quot;:&quot;&quot;,&quot;camera&quot;:&quot;NIKON D500&quot;,&quot;caption&quot;:&quot;&quot;,&quot;created_timestamp&quot;:&quot;1504957952&quot;,&quot;copyright&quot;:&quot;&quot;,&quot;focal_length&quot;:&quot;24&quot;,&quot;iso&quot;:&quot;800&quot;,&quot;shutter_speed&quot;:&quot;0.01&quot;,&quot;title&quot;:&quot;&quot;,&quot;orientation&quot;:&quot;1&quot;}\" data-image-title=\"CURSO DE CATA INCIACI\u00d3N 10\" data-image-description=\"\" data-medium-file=\"https:\/\/i0.wp.com\/centrodeolivaryaceite.com\/wp-content\/uploads\/2017\/09\/CURSO-DE-CATA-INCIACI%C3%93N-10.jpg?fit=300%2C200&#038;ssl=1\" data-large-file=\"https:\/\/i0.wp.com\/centrodeolivaryaceite.com\/wp-content\/uploads\/2017\/09\/CURSO-DE-CATA-INCIACI%C3%93N-10.jpg?fit=448%2C299&#038;ssl=1\" src=\"https:\/\/i0.wp.com\/centrodeolivaryaceite.com\/wp-content\/uploads\/2017\/09\/CURSO-DE-CATA-INCIACI%C3%93N-10.jpg?w=536&#038;h=358&#038;ssl=1\" width=\"536\" height=\"358\" loading=\"lazy\" data-original-width=\"536\" data-original-height=\"358\" itemprop=\"http:\/\/schema.org\/image\" title=\"CURSO DE CATA INCIACI\u00d3N 10\" alt=\"Curso de Iniciaci\u00f3n con Sole Rom\u00e1n\" style=\"width: 536px; height: 358px;\" \/> <\/a> <\/div> <\/div> <!-- close group --> <\/div> <!-- close row --> <div class=\"gallery-row\" style=\"width: 1080px; height: 482px;\" data-original-width=\"1080\" data-original-height=\"482\" > <div class=\"gallery-group images-1\" style=\"width: 721px; height: 482px;\" data-original-width=\"721\" data-original-height=\"482\" > <div class=\"tiled-gallery-item tiled-gallery-item-large\" itemprop=\"associatedMedia\" itemscope itemtype=\"http:\/\/schema.org\/ImageObject\"> <a href=\"https:\/\/centrodeolivaryaceite.com\/es\/cultura-y-sabor-en-la-decimo-sexta-edicion-del-curso-de-iniciacion-de-cata-de-aceite-de-oliva-virgen\/curso-de-cata-inciacion-11\/\" border=\"0\" itemprop=\"url\"> <meta itemprop=\"width\" content=\"717\"> <meta itemprop=\"height\" content=\"478\"> <img decoding=\"async\" class=\"\" data-attachment-id=\"34988\" data-orig-file=\"https:\/\/centrodeolivaryaceite.com\/wp-content\/uploads\/2017\/09\/CURSO-DE-CATA-INCIACI\u00d3N-11.jpg\" data-orig-size=\"448,299\" data-comments-opened=\"1\" data-image-meta=\"{&quot;aperture&quot;:&quot;2.8&quot;,&quot;credit&quot;:&quot;&quot;,&quot;camera&quot;:&quot;NIKON D500&quot;,&quot;caption&quot;:&quot;&quot;,&quot;created_timestamp&quot;:&quot;1504957989&quot;,&quot;copyright&quot;:&quot;&quot;,&quot;focal_length&quot;:&quot;55&quot;,&quot;iso&quot;:&quot;800&quot;,&quot;shutter_speed&quot;:&quot;0.008&quot;,&quot;title&quot;:&quot;&quot;,&quot;orientation&quot;:&quot;1&quot;}\" data-image-title=\"CURSO DE CATA INCIACI\u00d3N 11\" data-image-description=\"\" data-medium-file=\"https:\/\/i0.wp.com\/centrodeolivaryaceite.com\/wp-content\/uploads\/2017\/09\/CURSO-DE-CATA-INCIACI%C3%93N-11.jpg?fit=300%2C200&#038;ssl=1\" data-large-file=\"https:\/\/i0.wp.com\/centrodeolivaryaceite.com\/wp-content\/uploads\/2017\/09\/CURSO-DE-CATA-INCIACI%C3%93N-11.jpg?fit=448%2C299&#038;ssl=1\" src=\"https:\/\/i0.wp.com\/centrodeolivaryaceite.com\/wp-content\/uploads\/2017\/09\/CURSO-DE-CATA-INCIACI%C3%93N-11.jpg?w=717&#038;h=478&#038;ssl=1\" width=\"717\" height=\"478\" loading=\"lazy\" data-original-width=\"717\" data-original-height=\"478\" itemprop=\"http:\/\/schema.org\/image\" title=\"CURSO DE CATA INCIACI\u00d3N 11\" alt=\"Sole Rom\u00e1n en curso\" style=\"width: 717px; height: 478px;\" \/> <\/a> <\/div> <\/div> <!-- close group --> <div class=\"gallery-group images-2\" style=\"width: 359px; height: 482px;\" data-original-width=\"359\" data-original-height=\"482\" > <div class=\"tiled-gallery-item tiled-gallery-item-large\" itemprop=\"associatedMedia\" itemscope itemtype=\"http:\/\/schema.org\/ImageObject\"> <a href=\"https:\/\/centrodeolivaryaceite.com\/es\/cultura-y-sabor-en-la-decimo-sexta-edicion-del-curso-de-iniciacion-de-cata-de-aceite-de-oliva-virgen\/curso-de-cata-inciacion-12\/\" border=\"0\" itemprop=\"url\"> <meta itemprop=\"width\" content=\"355\"> <meta itemprop=\"height\" content=\"237\"> <img decoding=\"async\" class=\"\" data-attachment-id=\"34989\" data-orig-file=\"https:\/\/centrodeolivaryaceite.com\/wp-content\/uploads\/2017\/09\/CURSO-DE-CATA-INCIACI\u00d3N-12.jpg\" data-orig-size=\"448,299\" data-comments-opened=\"1\" data-image-meta=\"{&quot;aperture&quot;:&quot;2.8&quot;,&quot;credit&quot;:&quot;&quot;,&quot;camera&quot;:&quot;NIKON D500&quot;,&quot;caption&quot;:&quot;&quot;,&quot;created_timestamp&quot;:&quot;1504958268&quot;,&quot;copyright&quot;:&quot;&quot;,&quot;focal_length&quot;:&quot;17&quot;,&quot;iso&quot;:&quot;800&quot;,&quot;shutter_speed&quot;:&quot;0.02&quot;,&quot;title&quot;:&quot;&quot;,&quot;orientation&quot;:&quot;1&quot;}\" data-image-title=\"CURSO DE CATA INCIACI\u00d3N 12\" data-image-description=\"\" data-medium-file=\"https:\/\/i0.wp.com\/centrodeolivaryaceite.com\/wp-content\/uploads\/2017\/09\/CURSO-DE-CATA-INCIACI%C3%93N-12.jpg?fit=300%2C200&#038;ssl=1\" data-large-file=\"https:\/\/i0.wp.com\/centrodeolivaryaceite.com\/wp-content\/uploads\/2017\/09\/CURSO-DE-CATA-INCIACI%C3%93N-12.jpg?fit=448%2C299&#038;ssl=1\" src=\"https:\/\/i0.wp.com\/centrodeolivaryaceite.com\/wp-content\/uploads\/2017\/09\/CURSO-DE-CATA-INCIACI%C3%93N-12.jpg?w=355&#038;h=237&#038;ssl=1\" width=\"355\" height=\"237\" loading=\"lazy\" data-original-width=\"355\" data-original-height=\"237\" itemprop=\"http:\/\/schema.org\/image\" title=\"CURSO DE CATA INCIACI\u00d3N 12\" alt=\"Oliendo\" style=\"width: 355px; height: 237px;\" \/> <\/a> <\/div> <div class=\"tiled-gallery-item tiled-gallery-item-large\" itemprop=\"associatedMedia\" itemscope itemtype=\"http:\/\/schema.org\/ImageObject\"> <a href=\"https:\/\/centrodeolivaryaceite.com\/es\/cultura-y-sabor-en-la-decimo-sexta-edicion-del-curso-de-iniciacion-de-cata-de-aceite-de-oliva-virgen\/curso-de-cata-inciacion-13\/\" border=\"0\" itemprop=\"url\"> <meta itemprop=\"width\" content=\"355\"> <meta itemprop=\"height\" content=\"237\"> <img decoding=\"async\" class=\"\" data-attachment-id=\"34990\" data-orig-file=\"https:\/\/centrodeolivaryaceite.com\/wp-content\/uploads\/2017\/09\/CURSO-DE-CATA-INCIACI\u00d3N-13.jpg\" data-orig-size=\"448,299\" data-comments-opened=\"1\" data-image-meta=\"{&quot;aperture&quot;:&quot;2.8&quot;,&quot;credit&quot;:&quot;&quot;,&quot;camera&quot;:&quot;NIKON D500&quot;,&quot;caption&quot;:&quot;&quot;,&quot;created_timestamp&quot;:&quot;1504958320&quot;,&quot;copyright&quot;:&quot;&quot;,&quot;focal_length&quot;:&quot;17&quot;,&quot;iso&quot;:&quot;800&quot;,&quot;shutter_speed&quot;:&quot;0.02&quot;,&quot;title&quot;:&quot;&quot;,&quot;orientation&quot;:&quot;1&quot;}\" data-image-title=\"CURSO DE CATA INCIACI\u00d3N 13\" data-image-description=\"\" data-medium-file=\"https:\/\/i0.wp.com\/centrodeolivaryaceite.com\/wp-content\/uploads\/2017\/09\/CURSO-DE-CATA-INCIACI%C3%93N-13.jpg?fit=300%2C200&#038;ssl=1\" data-large-file=\"https:\/\/i0.wp.com\/centrodeolivaryaceite.com\/wp-content\/uploads\/2017\/09\/CURSO-DE-CATA-INCIACI%C3%93N-13.jpg?fit=448%2C299&#038;ssl=1\" src=\"https:\/\/i0.wp.com\/centrodeolivaryaceite.com\/wp-content\/uploads\/2017\/09\/CURSO-DE-CATA-INCIACI%C3%93N-13.jpg?w=355&#038;h=237&#038;ssl=1\" width=\"355\" height=\"237\" loading=\"lazy\" data-original-width=\"355\" data-original-height=\"237\" itemprop=\"http:\/\/schema.org\/image\" title=\"CURSO DE CATA INCIACI\u00d3N 13\" alt=\"Explicaci\u00f3n en Curso\" style=\"width: 355px; height: 237px;\" \/> <\/a> <\/div> <\/div> <!-- close group --> <\/div> <!-- close row --> <div class=\"gallery-row\" style=\"width: 1080px; height: 242px;\" data-original-width=\"1080\" data-original-height=\"242\" > <div class=\"gallery-group images-1\" style=\"width: 360px; height: 242px;\" data-original-width=\"360\" data-original-height=\"242\" > <div class=\"tiled-gallery-item tiled-gallery-item-large\" itemprop=\"associatedMedia\" itemscope itemtype=\"http:\/\/schema.org\/ImageObject\"> <a href=\"https:\/\/centrodeolivaryaceite.com\/es\/cultura-y-sabor-en-la-decimo-sexta-edicion-del-curso-de-iniciacion-de-cata-de-aceite-de-oliva-virgen\/curso-de-cata-inciacion-14\/\" border=\"0\" itemprop=\"url\"> <meta itemprop=\"width\" content=\"356\"> <meta itemprop=\"height\" content=\"238\"> <img decoding=\"async\" class=\"\" data-attachment-id=\"34991\" data-orig-file=\"https:\/\/centrodeolivaryaceite.com\/wp-content\/uploads\/2017\/09\/CURSO-DE-CATA-INCIACI\u00d3N-14.jpg\" data-orig-size=\"448,299\" data-comments-opened=\"1\" data-image-meta=\"{&quot;aperture&quot;:&quot;2.8&quot;,&quot;credit&quot;:&quot;&quot;,&quot;camera&quot;:&quot;NIKON D500&quot;,&quot;caption&quot;:&quot;&quot;,&quot;created_timestamp&quot;:&quot;1504958340&quot;,&quot;copyright&quot;:&quot;&quot;,&quot;focal_length&quot;:&quot;17&quot;,&quot;iso&quot;:&quot;800&quot;,&quot;shutter_speed&quot;:&quot;0.02&quot;,&quot;title&quot;:&quot;&quot;,&quot;orientation&quot;:&quot;1&quot;}\" data-image-title=\"CURSO DE CATA INCIACI\u00d3N 14\" data-image-description=\"\" data-medium-file=\"https:\/\/i0.wp.com\/centrodeolivaryaceite.com\/wp-content\/uploads\/2017\/09\/CURSO-DE-CATA-INCIACI%C3%93N-14.jpg?fit=300%2C200&#038;ssl=1\" data-large-file=\"https:\/\/i0.wp.com\/centrodeolivaryaceite.com\/wp-content\/uploads\/2017\/09\/CURSO-DE-CATA-INCIACI%C3%93N-14.jpg?fit=448%2C299&#038;ssl=1\" src=\"https:\/\/i0.wp.com\/centrodeolivaryaceite.com\/wp-content\/uploads\/2017\/09\/CURSO-DE-CATA-INCIACI%C3%93N-14.jpg?w=356&#038;h=238&#038;ssl=1\" width=\"356\" height=\"238\" loading=\"lazy\" data-original-width=\"356\" data-original-height=\"238\" itemprop=\"http:\/\/schema.org\/image\" title=\"CURSO DE CATA INCIACI\u00d3N 14\" alt=\"Sole Rom\u00e1n explicando\" style=\"width: 356px; height: 238px;\" \/> <\/a> <\/div> <\/div> <!-- close group --> <div class=\"gallery-group images-1\" style=\"width: 360px; height: 242px;\" data-original-width=\"360\" data-original-height=\"242\" > <div class=\"tiled-gallery-item tiled-gallery-item-large\" itemprop=\"associatedMedia\" itemscope itemtype=\"http:\/\/schema.org\/ImageObject\"> <a href=\"https:\/\/centrodeolivaryaceite.com\/es\/cultura-y-sabor-en-la-decimo-sexta-edicion-del-curso-de-iniciacion-de-cata-de-aceite-de-oliva-virgen\/curso-de-cata-inciacion-15\/\" border=\"0\" itemprop=\"url\"> <meta itemprop=\"width\" content=\"356\"> <meta itemprop=\"height\" content=\"238\"> <img decoding=\"async\" class=\"\" data-attachment-id=\"34992\" data-orig-file=\"https:\/\/centrodeolivaryaceite.com\/wp-content\/uploads\/2017\/09\/CURSO-DE-CATA-INCIACI\u00d3N-15.jpg\" data-orig-size=\"448,299\" data-comments-opened=\"1\" data-image-meta=\"{&quot;aperture&quot;:&quot;2.8&quot;,&quot;credit&quot;:&quot;&quot;,&quot;camera&quot;:&quot;NIKON D500&quot;,&quot;caption&quot;:&quot;&quot;,&quot;created_timestamp&quot;:&quot;1504958381&quot;,&quot;copyright&quot;:&quot;&quot;,&quot;focal_length&quot;:&quot;26&quot;,&quot;iso&quot;:&quot;800&quot;,&quot;shutter_speed&quot;:&quot;0.02&quot;,&quot;title&quot;:&quot;&quot;,&quot;orientation&quot;:&quot;1&quot;}\" data-image-title=\"CURSO DE CATA INCIACI\u00d3N 15\" data-image-description=\"\" data-medium-file=\"https:\/\/i0.wp.com\/centrodeolivaryaceite.com\/wp-content\/uploads\/2017\/09\/CURSO-DE-CATA-INCIACI%C3%93N-15.jpg?fit=300%2C200&#038;ssl=1\" data-large-file=\"https:\/\/i0.wp.com\/centrodeolivaryaceite.com\/wp-content\/uploads\/2017\/09\/CURSO-DE-CATA-INCIACI%C3%93N-15.jpg?fit=448%2C299&#038;ssl=1\" src=\"https:\/\/i0.wp.com\/centrodeolivaryaceite.com\/wp-content\/uploads\/2017\/09\/CURSO-DE-CATA-INCIACI%C3%93N-15.jpg?w=356&#038;h=238&#038;ssl=1\" width=\"356\" height=\"238\" loading=\"lazy\" data-original-width=\"356\" data-original-height=\"238\" itemprop=\"http:\/\/schema.org\/image\" title=\"CURSO DE CATA INCIACI\u00d3N 15\" alt=\"Alumnos en cata\" style=\"width: 356px; height: 238px;\" \/> <\/a> <\/div> <\/div> <!-- close group --> <div class=\"gallery-group images-1\" style=\"width: 360px; height: 242px;\" data-original-width=\"360\" data-original-height=\"242\" > <div class=\"tiled-gallery-item tiled-gallery-item-large\" itemprop=\"associatedMedia\" itemscope itemtype=\"http:\/\/schema.org\/ImageObject\"> <a href=\"https:\/\/centrodeolivaryaceite.com\/es\/cultura-y-sabor-en-la-decimo-sexta-edicion-del-curso-de-iniciacion-de-cata-de-aceite-de-oliva-virgen\/curso-de-cata-inciacion-16\/\" border=\"0\" itemprop=\"url\"> <meta itemprop=\"width\" content=\"356\"> <meta itemprop=\"height\" content=\"238\"> <img decoding=\"async\" class=\"\" data-attachment-id=\"34993\" data-orig-file=\"https:\/\/centrodeolivaryaceite.com\/wp-content\/uploads\/2017\/09\/CURSO-DE-CATA-INCIACI\u00d3N-16.jpg\" data-orig-size=\"448,299\" data-comments-opened=\"1\" data-image-meta=\"{&quot;aperture&quot;:&quot;2.8&quot;,&quot;credit&quot;:&quot;&quot;,&quot;camera&quot;:&quot;NIKON D500&quot;,&quot;caption&quot;:&quot;&quot;,&quot;created_timestamp&quot;:&quot;1504958451&quot;,&quot;copyright&quot;:&quot;&quot;,&quot;focal_length&quot;:&quot;19&quot;,&quot;iso&quot;:&quot;800&quot;,&quot;shutter_speed&quot;:&quot;0.02&quot;,&quot;title&quot;:&quot;&quot;,&quot;orientation&quot;:&quot;1&quot;}\" data-image-title=\"CURSO DE CATA INCIACI\u00d3N 16\" data-image-description=\"\" data-medium-file=\"https:\/\/i0.wp.com\/centrodeolivaryaceite.com\/wp-content\/uploads\/2017\/09\/CURSO-DE-CATA-INCIACI%C3%93N-16.jpg?fit=300%2C200&#038;ssl=1\" data-large-file=\"https:\/\/i0.wp.com\/centrodeolivaryaceite.com\/wp-content\/uploads\/2017\/09\/CURSO-DE-CATA-INCIACI%C3%93N-16.jpg?fit=448%2C299&#038;ssl=1\" src=\"https:\/\/i0.wp.com\/centrodeolivaryaceite.com\/wp-content\/uploads\/2017\/09\/CURSO-DE-CATA-INCIACI%C3%93N-16.jpg?w=356&#038;h=238&#038;ssl=1\" width=\"356\" height=\"238\" loading=\"lazy\" data-original-width=\"356\" data-original-height=\"238\" itemprop=\"http:\/\/schema.org\/image\" title=\"CURSO DE CATA INCIACI\u00d3N 16\" alt=\"Curso de Iniciaci\u00f3n\" style=\"width: 356px; height: 238px;\" \/> <\/a> <\/div> <\/div> <!-- close group --> <\/div> <!-- close row --> <div class=\"gallery-row\" style=\"width: 1080px; height: 482px;\" data-original-width=\"1080\" data-original-height=\"482\" > <div class=\"gallery-group images-2\" style=\"width: 359px; height: 482px;\" data-original-width=\"359\" data-original-height=\"482\" > <div class=\"tiled-gallery-item tiled-gallery-item-large\" itemprop=\"associatedMedia\" itemscope itemtype=\"http:\/\/schema.org\/ImageObject\"> <a href=\"https:\/\/centrodeolivaryaceite.com\/es\/cultura-y-sabor-en-la-decimo-sexta-edicion-del-curso-de-iniciacion-de-cata-de-aceite-de-oliva-virgen\/curso-de-cata-inciacion-17\/\" border=\"0\" itemprop=\"url\"> <meta itemprop=\"width\" content=\"355\"> <meta itemprop=\"height\" content=\"237\"> <img decoding=\"async\" class=\"\" data-attachment-id=\"34994\" data-orig-file=\"https:\/\/centrodeolivaryaceite.com\/wp-content\/uploads\/2017\/09\/CURSO-DE-CATA-INCIACI\u00d3N-17.jpg\" data-orig-size=\"448,299\" data-comments-opened=\"1\" data-image-meta=\"{&quot;aperture&quot;:&quot;2.8&quot;,&quot;credit&quot;:&quot;&quot;,&quot;camera&quot;:&quot;NIKON D500&quot;,&quot;caption&quot;:&quot;&quot;,&quot;created_timestamp&quot;:&quot;1504964306&quot;,&quot;copyright&quot;:&quot;&quot;,&quot;focal_length&quot;:&quot;17&quot;,&quot;iso&quot;:&quot;800&quot;,&quot;shutter_speed&quot;:&quot;0.01&quot;,&quot;title&quot;:&quot;&quot;,&quot;orientation&quot;:&quot;1&quot;}\" data-image-title=\"CURSO DE CATA INCIACI\u00d3N 17\" data-image-description=\"\" data-medium-file=\"https:\/\/i0.wp.com\/centrodeolivaryaceite.com\/wp-content\/uploads\/2017\/09\/CURSO-DE-CATA-INCIACI%C3%93N-17.jpg?fit=300%2C200&#038;ssl=1\" data-large-file=\"https:\/\/i0.wp.com\/centrodeolivaryaceite.com\/wp-content\/uploads\/2017\/09\/CURSO-DE-CATA-INCIACI%C3%93N-17.jpg?fit=448%2C299&#038;ssl=1\" src=\"https:\/\/i0.wp.com\/centrodeolivaryaceite.com\/wp-content\/uploads\/2017\/09\/CURSO-DE-CATA-INCIACI%C3%93N-17.jpg?w=355&#038;h=237&#038;ssl=1\" width=\"355\" height=\"237\" loading=\"lazy\" data-original-width=\"355\" data-original-height=\"237\" itemprop=\"http:\/\/schema.org\/image\" title=\"CURSO DE CATA INCIACI\u00d3N 17\" alt=\"Curso de Cata y maridaje\" style=\"width: 355px; height: 237px;\" \/> <\/a> <\/div> <div class=\"tiled-gallery-item tiled-gallery-item-large\" itemprop=\"associatedMedia\" itemscope itemtype=\"http:\/\/schema.org\/ImageObject\"> <a href=\"https:\/\/centrodeolivaryaceite.com\/es\/cultura-y-sabor-en-la-decimo-sexta-edicion-del-curso-de-iniciacion-de-cata-de-aceite-de-oliva-virgen\/curso-de-cata-inciacion-18\/\" border=\"0\" itemprop=\"url\"> <meta itemprop=\"width\" content=\"355\"> <meta itemprop=\"height\" content=\"237\"> <img decoding=\"async\" class=\"\" data-attachment-id=\"34995\" data-orig-file=\"https:\/\/centrodeolivaryaceite.com\/wp-content\/uploads\/2017\/09\/CURSO-DE-CATA-INCIACI\u00d3N-18.jpg\" data-orig-size=\"448,299\" data-comments-opened=\"1\" data-image-meta=\"{&quot;aperture&quot;:&quot;2.8&quot;,&quot;credit&quot;:&quot;&quot;,&quot;camera&quot;:&quot;NIKON D500&quot;,&quot;caption&quot;:&quot;&quot;,&quot;created_timestamp&quot;:&quot;1504964321&quot;,&quot;copyright&quot;:&quot;&quot;,&quot;focal_length&quot;:&quot;34&quot;,&quot;iso&quot;:&quot;800&quot;,&quot;shutter_speed&quot;:&quot;0.01&quot;,&quot;title&quot;:&quot;&quot;,&quot;orientation&quot;:&quot;1&quot;}\" data-image-title=\"CURSO DE CATA INCIACI\u00d3N 18\" data-image-description=\"\" data-medium-file=\"https:\/\/i0.wp.com\/centrodeolivaryaceite.com\/wp-content\/uploads\/2017\/09\/CURSO-DE-CATA-INCIACI%C3%93N-18.jpg?fit=300%2C200&#038;ssl=1\" data-large-file=\"https:\/\/i0.wp.com\/centrodeolivaryaceite.com\/wp-content\/uploads\/2017\/09\/CURSO-DE-CATA-INCIACI%C3%93N-18.jpg?fit=448%2C299&#038;ssl=1\" src=\"https:\/\/i0.wp.com\/centrodeolivaryaceite.com\/wp-content\/uploads\/2017\/09\/CURSO-DE-CATA-INCIACI%C3%93N-18.jpg?w=355&#038;h=237&#038;ssl=1\" width=\"355\" height=\"237\" loading=\"lazy\" data-original-width=\"355\" data-original-height=\"237\" itemprop=\"http:\/\/schema.org\/image\" title=\"CURSO DE CATA INCIACI\u00d3N 18\" alt=\"Alumnos en maridaje\" style=\"width: 355px; height: 237px;\" \/> <\/a> <\/div> <\/div> <!-- close group --> <div class=\"gallery-group images-1\" style=\"width: 721px; height: 482px;\" data-original-width=\"721\" data-original-height=\"482\" > <div class=\"tiled-gallery-item tiled-gallery-item-large\" itemprop=\"associatedMedia\" itemscope itemtype=\"http:\/\/schema.org\/ImageObject\"> <a href=\"https:\/\/centrodeolivaryaceite.com\/es\/cultura-y-sabor-en-la-decimo-sexta-edicion-del-curso-de-iniciacion-de-cata-de-aceite-de-oliva-virgen\/curso-de-cata-inciacion-19\/\" border=\"0\" itemprop=\"url\"> <meta itemprop=\"width\" content=\"717\"> <meta itemprop=\"height\" content=\"478\"> <img decoding=\"async\" class=\"\" data-attachment-id=\"34996\" data-orig-file=\"https:\/\/centrodeolivaryaceite.com\/wp-content\/uploads\/2017\/09\/CURSO-DE-CATA-INCIACI\u00d3N-19.jpg\" data-orig-size=\"448,299\" data-comments-opened=\"1\" data-image-meta=\"{&quot;aperture&quot;:&quot;2.8&quot;,&quot;credit&quot;:&quot;&quot;,&quot;camera&quot;:&quot;NIKON D500&quot;,&quot;caption&quot;:&quot;&quot;,&quot;created_timestamp&quot;:&quot;1504964366&quot;,&quot;copyright&quot;:&quot;&quot;,&quot;focal_length&quot;:&quot;17&quot;,&quot;iso&quot;:&quot;800&quot;,&quot;shutter_speed&quot;:&quot;0.01&quot;,&quot;title&quot;:&quot;&quot;,&quot;orientation&quot;:&quot;1&quot;}\" data-image-title=\"CURSO DE CATA INCIACI\u00d3N 19\" data-image-description=\"\" data-medium-file=\"https:\/\/i0.wp.com\/centrodeolivaryaceite.com\/wp-content\/uploads\/2017\/09\/CURSO-DE-CATA-INCIACI%C3%93N-19.jpg?fit=300%2C200&#038;ssl=1\" data-large-file=\"https:\/\/i0.wp.com\/centrodeolivaryaceite.com\/wp-content\/uploads\/2017\/09\/CURSO-DE-CATA-INCIACI%C3%93N-19.jpg?fit=448%2C299&#038;ssl=1\" src=\"https:\/\/i0.wp.com\/centrodeolivaryaceite.com\/wp-content\/uploads\/2017\/09\/CURSO-DE-CATA-INCIACI%C3%93N-19.jpg?w=717&#038;h=478&#038;ssl=1\" width=\"717\" height=\"478\" loading=\"lazy\" data-original-width=\"717\" data-original-height=\"478\" itemprop=\"http:\/\/schema.org\/image\" title=\"CURSO DE CATA INCIACI\u00d3N 19\" alt=\"Final de curso\" style=\"width: 717px; height: 478px;\" \/> <\/a> <\/div> <\/div> <!-- close group --> <\/div> <!-- close row --> <div class=\"gallery-row\" style=\"width: 1080px; height: 926px;\" data-original-width=\"1080\" data-original-height=\"926\" > <div class=\"gallery-group images-3\" style=\"width: 461px; height: 926px;\" data-original-width=\"461\" data-original-height=\"926\" > <div class=\"tiled-gallery-item tiled-gallery-item-large\" itemprop=\"associatedMedia\" itemscope itemtype=\"http:\/\/schema.org\/ImageObject\"> <a href=\"https:\/\/centrodeolivaryaceite.com\/es\/cultura-y-sabor-en-la-decimo-sexta-edicion-del-curso-de-iniciacion-de-cata-de-aceite-de-oliva-virgen\/curso-de-cata-inciacion-20\/\" border=\"0\" itemprop=\"url\"> <meta itemprop=\"width\" content=\"457\"> <meta itemprop=\"height\" content=\"305\"> <img decoding=\"async\" class=\"\" data-attachment-id=\"34997\" data-orig-file=\"https:\/\/centrodeolivaryaceite.com\/wp-content\/uploads\/2017\/09\/CURSO-DE-CATA-INCIACI\u00d3N-20.jpg\" data-orig-size=\"448,299\" data-comments-opened=\"1\" data-image-meta=\"{&quot;aperture&quot;:&quot;2.8&quot;,&quot;credit&quot;:&quot;&quot;,&quot;camera&quot;:&quot;NIKON D500&quot;,&quot;caption&quot;:&quot;&quot;,&quot;created_timestamp&quot;:&quot;1504964520&quot;,&quot;copyright&quot;:&quot;&quot;,&quot;focal_length&quot;:&quot;35&quot;,&quot;iso&quot;:&quot;800&quot;,&quot;shutter_speed&quot;:&quot;0.01&quot;,&quot;title&quot;:&quot;&quot;,&quot;orientation&quot;:&quot;1&quot;}\" data-image-title=\"CURSO DE CATA INCIACI\u00d3N 20\" data-image-description=\"\" data-medium-file=\"https:\/\/i0.wp.com\/centrodeolivaryaceite.com\/wp-content\/uploads\/2017\/09\/CURSO-DE-CATA-INCIACI%C3%93N-20.jpg?fit=300%2C200&#038;ssl=1\" data-large-file=\"https:\/\/i0.wp.com\/centrodeolivaryaceite.com\/wp-content\/uploads\/2017\/09\/CURSO-DE-CATA-INCIACI%C3%93N-20.jpg?fit=448%2C299&#038;ssl=1\" src=\"https:\/\/i0.wp.com\/centrodeolivaryaceite.com\/wp-content\/uploads\/2017\/09\/CURSO-DE-CATA-INCIACI%C3%93N-20.jpg?w=457&#038;h=305&#038;ssl=1\" width=\"457\" height=\"305\" loading=\"lazy\" data-original-width=\"457\" data-original-height=\"305\" itemprop=\"http:\/\/schema.org\/image\" title=\"CURSO DE CATA INCIACI\u00d3N 20\" alt=\"Maridaje\" style=\"width: 457px; height: 305px;\" \/> <\/a> <\/div> <div class=\"tiled-gallery-item tiled-gallery-item-large\" itemprop=\"associatedMedia\" itemscope itemtype=\"http:\/\/schema.org\/ImageObject\"> <a href=\"https:\/\/centrodeolivaryaceite.com\/es\/cultura-y-sabor-en-la-decimo-sexta-edicion-del-curso-de-iniciacion-de-cata-de-aceite-de-oliva-virgen\/curso-de-cata-inciacion-21\/\" border=\"0\" itemprop=\"url\"> <meta itemprop=\"width\" content=\"457\"> <meta itemprop=\"height\" content=\"305\"> <img decoding=\"async\" class=\"\" data-attachment-id=\"34998\" data-orig-file=\"https:\/\/centrodeolivaryaceite.com\/wp-content\/uploads\/2017\/09\/CURSO-DE-CATA-INCIACI\u00d3N-21.jpg\" data-orig-size=\"448,299\" data-comments-opened=\"1\" data-image-meta=\"{&quot;aperture&quot;:&quot;2.8&quot;,&quot;credit&quot;:&quot;&quot;,&quot;camera&quot;:&quot;NIKON D500&quot;,&quot;caption&quot;:&quot;&quot;,&quot;created_timestamp&quot;:&quot;1504964531&quot;,&quot;copyright&quot;:&quot;&quot;,&quot;focal_length&quot;:&quot;17&quot;,&quot;iso&quot;:&quot;800&quot;,&quot;shutter_speed&quot;:&quot;0.01&quot;,&quot;title&quot;:&quot;&quot;,&quot;orientation&quot;:&quot;1&quot;}\" data-image-title=\"CURSO DE CATA INCIACI\u00d3N 21\" data-image-description=\"\" data-medium-file=\"https:\/\/i0.wp.com\/centrodeolivaryaceite.com\/wp-content\/uploads\/2017\/09\/CURSO-DE-CATA-INCIACI%C3%93N-21.jpg?fit=300%2C200&#038;ssl=1\" data-large-file=\"https:\/\/i0.wp.com\/centrodeolivaryaceite.com\/wp-content\/uploads\/2017\/09\/CURSO-DE-CATA-INCIACI%C3%93N-21.jpg?fit=448%2C299&#038;ssl=1\" src=\"https:\/\/i0.wp.com\/centrodeolivaryaceite.com\/wp-content\/uploads\/2017\/09\/CURSO-DE-CATA-INCIACI%C3%93N-21.jpg?w=457&#038;h=305&#038;ssl=1\" width=\"457\" height=\"305\" loading=\"lazy\" data-original-width=\"457\" data-original-height=\"305\" itemprop=\"http:\/\/schema.org\/image\" title=\"CURSO DE CATA INCIACI\u00d3N 21\" alt=\"Maridaje en Curso\" style=\"width: 457px; height: 305px;\" \/> <\/a> <\/div> <div class=\"tiled-gallery-item tiled-gallery-item-large\" itemprop=\"associatedMedia\" itemscope itemtype=\"http:\/\/schema.org\/ImageObject\"> <a href=\"https:\/\/centrodeolivaryaceite.com\/es\/cultura-y-sabor-en-la-decimo-sexta-edicion-del-curso-de-iniciacion-de-cata-de-aceite-de-oliva-virgen\/curso-de-cata-inciacion-22\/\" border=\"0\" itemprop=\"url\"> <meta itemprop=\"width\" content=\"457\"> <meta itemprop=\"height\" content=\"304\"> <img decoding=\"async\" class=\"\" data-attachment-id=\"34999\" data-orig-file=\"https:\/\/centrodeolivaryaceite.com\/wp-content\/uploads\/2017\/09\/CURSO-DE-CATA-INCIACI\u00d3N-22.jpg\" data-orig-size=\"448,299\" data-comments-opened=\"1\" data-image-meta=\"{&quot;aperture&quot;:&quot;2.8&quot;,&quot;credit&quot;:&quot;&quot;,&quot;camera&quot;:&quot;NIKON D500&quot;,&quot;caption&quot;:&quot;&quot;,&quot;created_timestamp&quot;:&quot;1504964629&quot;,&quot;copyright&quot;:&quot;&quot;,&quot;focal_length&quot;:&quot;19&quot;,&quot;iso&quot;:&quot;800&quot;,&quot;shutter_speed&quot;:&quot;0.01&quot;,&quot;title&quot;:&quot;&quot;,&quot;orientation&quot;:&quot;1&quot;}\" data-image-title=\"CURSO DE CATA INCIACI\u00d3N 22\" data-image-description=\"\" data-medium-file=\"https:\/\/i0.wp.com\/centrodeolivaryaceite.com\/wp-content\/uploads\/2017\/09\/CURSO-DE-CATA-INCIACI%C3%93N-22.jpg?fit=300%2C200&#038;ssl=1\" data-large-file=\"https:\/\/i0.wp.com\/centrodeolivaryaceite.com\/wp-content\/uploads\/2017\/09\/CURSO-DE-CATA-INCIACI%C3%93N-22.jpg?fit=448%2C299&#038;ssl=1\" src=\"https:\/\/i0.wp.com\/centrodeolivaryaceite.com\/wp-content\/uploads\/2017\/09\/CURSO-DE-CATA-INCIACI%C3%93N-22.jpg?w=457&#038;h=304&#038;ssl=1\" width=\"457\" height=\"304\" loading=\"lazy\" data-original-width=\"457\" data-original-height=\"304\" itemprop=\"http:\/\/schema.org\/image\" title=\"CURSO DE CATA INCIACI\u00d3N 22\" alt=\"Maridaje\" style=\"width: 457px; height: 304px;\" \/> <\/a> <\/div> <\/div> <!-- close group --> <div class=\"gallery-group images-1\" style=\"width: 619px; height: 926px;\" data-original-width=\"619\" data-original-height=\"926\" > <div class=\"tiled-gallery-item tiled-gallery-item-large\" itemprop=\"associatedMedia\" itemscope itemtype=\"http:\/\/schema.org\/ImageObject\"> <a href=\"https:\/\/centrodeolivaryaceite.com\/es\/cultura-y-sabor-en-la-decimo-sexta-edicion-del-curso-de-iniciacion-de-cata-de-aceite-de-oliva-virgen\/curso-de-cata-inciacion-23\/\" border=\"0\" itemprop=\"url\"> <meta itemprop=\"width\" content=\"615\"> <meta itemprop=\"height\" content=\"922\"> <img decoding=\"async\" class=\"\" data-attachment-id=\"35000\" data-orig-file=\"https:\/\/centrodeolivaryaceite.com\/wp-content\/uploads\/2017\/09\/CURSO-DE-CATA-INCIACI\u00d3N-23.jpg\" data-orig-size=\"299,448\" data-comments-opened=\"1\" data-image-meta=\"{&quot;aperture&quot;:&quot;2.8&quot;,&quot;credit&quot;:&quot;&quot;,&quot;camera&quot;:&quot;NIKON D500&quot;,&quot;caption&quot;:&quot;&quot;,&quot;created_timestamp&quot;:&quot;1504964660&quot;,&quot;copyright&quot;:&quot;&quot;,&quot;focal_length&quot;:&quot;17&quot;,&quot;iso&quot;:&quot;800&quot;,&quot;shutter_speed&quot;:&quot;0.01&quot;,&quot;title&quot;:&quot;&quot;,&quot;orientation&quot;:&quot;1&quot;}\" data-image-title=\"CURSO DE CATA INCIACI\u00d3N 23\" data-image-description=\"\" data-medium-file=\"https:\/\/i0.wp.com\/centrodeolivaryaceite.com\/wp-content\/uploads\/2017\/09\/CURSO-DE-CATA-INCIACI%C3%93N-23.jpg?fit=200%2C300&#038;ssl=1\" data-large-file=\"https:\/\/i0.wp.com\/centrodeolivaryaceite.com\/wp-content\/uploads\/2017\/09\/CURSO-DE-CATA-INCIACI%C3%93N-23.jpg?fit=299%2C448&#038;ssl=1\" src=\"https:\/\/i0.wp.com\/centrodeolivaryaceite.com\/wp-content\/uploads\/2017\/09\/CURSO-DE-CATA-INCIACI%C3%93N-23.jpg?w=615&#038;h=922&#038;ssl=1\" width=\"615\" height=\"922\" loading=\"lazy\" data-original-width=\"615\" data-original-height=\"922\" itemprop=\"http:\/\/schema.org\/image\" title=\"CURSO DE CATA INCIACI\u00d3N 23\" alt=\"Curso de Cata\" style=\"width: 615px; height: 922px;\" \/> <\/a> <\/div> <\/div> <!-- close group --> <\/div> <!-- close row --> <\/div><br \/>\n[\/et_pb_text][et_pb_comments _builder_version=\u00bb4.16&#8243; use_border_color=\u00bboff\u00bb border_color=\u00bb#ffffff\u00bb border_style=\u00bbsolid\u00bb button_letter_spacing_hover=\u00bb0&#8243; global_colors_info=\u00bb{}\u00bb button_text_size__hover_enabled=\u00bboff\u00bb button_one_text_size__hover_enabled=\u00bboff\u00bb button_two_text_size__hover_enabled=\u00bboff\u00bb button_text_color__hover_enabled=\u00bboff\u00bb button_one_text_color__hover_enabled=\u00bboff\u00bb button_two_text_color__hover_enabled=\u00bboff\u00bb button_border_width__hover_enabled=\u00bboff\u00bb button_one_border_width__hover_enabled=\u00bboff\u00bb button_two_border_width__hover_enabled=\u00bboff\u00bb button_border_color__hover_enabled=\u00bboff\u00bb button_one_border_color__hover_enabled=\u00bboff\u00bb button_two_border_color__hover_enabled=\u00bboff\u00bb button_border_radius__hover_enabled=\u00bboff\u00bb button_one_border_radius__hover_enabled=\u00bboff\u00bb button_two_border_radius__hover_enabled=\u00bboff\u00bb button_letter_spacing__hover_enabled=\u00bbon\u00bb button_letter_spacing__hover=\u00bb0&#8243; button_one_letter_spacing__hover_enabled=\u00bboff\u00bb button_two_letter_spacing__hover_enabled=\u00bboff\u00bb button_bg_color__hover_enabled=\u00bboff\u00bb button_one_bg_color__hover_enabled=\u00bboff\u00bb button_two_bg_color__hover_enabled=\u00bboff\u00bb][\/et_pb_comments][\/et_pb_column_inner][\/et_pb_row_inner][\/et_pb_column][et_pb_column type=\u00bb1_3&#8243; _builder_version=\u00bb4.16&#8243; custom_padding=\u00bb|||\u00bb global_colors_info=\u00bb{}\u00bb custom_padding__hover=\u00bb|||\u00bb][et_pb_sidebar orientation=\u00bbright\u00bb area=\u00bbsidebar-1&#8243; _builder_version=\u00bb4.16&#8243; remove_border=\u00bboff\u00bb global_colors_info=\u00bb{}\u00bb][\/et_pb_sidebar][\/et_pb_column][\/et_pb_section][et_pb_section fb_built=\u00bb1&#8243; custom_padding_last_edited=\u00bbon|desktop\u00bb disabled_on=\u00bbon|on|on\u00bb _builder_version=\u00bb3.0.92&#8243; background_color=\u00bb#dedacf\u00bb custom_padding_tablet=\u00bb50px|0|50px|0&#8243; padding_mobile=\u00bboff\u00bb disabled=\u00bbon\u00bb global_module=\u00bb5116&#8243; collapsed=\u00bboff\u00bb global_colors_info=\u00bb{}\u00bb custom_padding_phone=\u00bb50px|0|50px|0&#8243;][et_pb_row _builder_version=\u00bb4.16&#8243; global_colors_info=\u00bb{}\u00bb][et_pb_column type=\u00bb4_4&#8243; _builder_version=\u00bb4.16&#8243; custom_padding=\u00bb|||\u00bb global_colors_info=\u00bb{}\u00bb custom_padding__hover=\u00bb|||\u00bb][\/et_pb_column][\/et_pb_row][\/et_pb_section][et_pb_section fb_built=\u00bb1&#8243; custom_padding_last_edited=\u00bbon|desktop\u00bb _builder_version=\u00bb3.22&#8243; background_color=\u00bb#ffffff\u00bb custom_padding=\u00bb10px||0px|\u00bb custom_padding_tablet=\u00bb50px|0|50px|0&#8243; transparent_background=\u00bboff\u00bb padding_mobile=\u00bboff\u00bb make_fullwidth=\u00bboff\u00bb use_custom_width=\u00bboff\u00bb width_unit=\u00bbon\u00bb global_module=\u00bb5115&#8243; collapsed=\u00bboff\u00bb global_colors_info=\u00bb{}\u00bb custom_padding_phone=\u00bb50px|0|50px|0&#8243;][et_pb_row padding_mobile=\u00bboff\u00bb column_padding_mobile=\u00bbon\u00bb _builder_version=\u00bb4.16&#8243; background_size=\u00bbinitial\u00bb background_position=\u00bbtop_left\u00bb background_repeat=\u00bbrepeat\u00bb max_width=\u00bb1080px\u00bb custom_padding=\u00bb0px||0px|\u00bb make_fullwidth=\u00bboff\u00bb use_custom_width=\u00bboff\u00bb width_unit=\u00bbon\u00bb global_colors_info=\u00bb{}\u00bb][\/et_pb_row][\/et_pb_section][et_pb_section fb_built=\u00bb1&#8243; _builder_version=\u00bb4.16&#8243; global_colors_info=\u00bb{}\u00bb][et_pb_row _builder_version=\u00bb4.16&#8243; background_size=\u00bbinitial\u00bb background_position=\u00bbtop_left\u00bb background_repeat=\u00bbrepeat\u00bb global_colors_info=\u00bb{}\u00bb][\/et_pb_row][\/et_pb_section]<\/p>\n","protected":false},"excerpt":{"rendered":"<p>Con el mes de septiembre comienza una nueva temporada de cursos en el Centro de Interpretaci\u00f3n \u201cOlivar y Aceite\u201d, cursos de formaci\u00f3n muy demandados por la ciudadan\u00eda que cada vez tiene m\u00e1s inter\u00e9s en conocer las bondades y peculiaridades del zumo de aceituna, algo a lo que contribuye diariamente la entidad respaldada por sus socios. [&hellip;]<\/p>\n","protected":false},"author":1,"featured_media":34976,"comment_status":"open","ping_status":"open","sticky":false,"template":"","format":"standard","meta":{"_et_pb_use_builder":"on","_et_pb_old_content":"","_et_gb_content_width":"","_jetpack_memberships_contains_paid_content":false,"footnotes":""},"categories":[1],"tags":[],"class_list":["post-34974","post","type-post","status-publish","format-standard","has-post-thumbnail","hentry","category-general"],"jetpack_featured_media_url":"https:\/\/i0.wp.com\/centrodeolivaryaceite.com\/wp-content\/uploads\/2017\/09\/PORTADA.jpg?fit=1024%2C683&ssl=1","jetpack_sharing_enabled":true,"jetpack_shortlink":"https:\/\/wp.me\/p95A9q-966","_links":{"self":[{"href":"https:\/\/centrodeolivaryaceite.com\/es\/wp-json\/wp\/v2\/posts\/34974\/"}],"collection":[{"href":"https:\/\/centrodeolivaryaceite.com\/es\/wp-json\/wp\/v2\/posts\/"}],"about":[{"href":"https:\/\/centrodeolivaryaceite.com\/es\/wp-json\/wp\/v2\/types\/post\/"}],"author":[{"embeddable":true,"href":"https:\/\/centrodeolivaryaceite.com\/es\/wp-json\/wp\/v2\/users\/1\/"}],"replies":[{"embeddable":true,"href":"https:\/\/centrodeolivaryaceite.com\/es\/wp-json\/wp\/v2\/comments\/?post=34974"}],"version-history":[{"count":0,"href":"https:\/\/centrodeolivaryaceite.com\/es\/wp-json\/wp\/v2\/posts\/34974\/revisions\/"}],"wp:featuredmedia":[{"embeddable":true,"href":"https:\/\/centrodeolivaryaceite.com\/es\/wp-json\/wp\/v2\/media\/34976\/"}],"wp:attachment":[{"href":"https:\/\/centrodeolivaryaceite.com\/es\/wp-json\/wp\/v2\/media\/?parent=34974"}],"wp:term":[{"taxonomy":"category","embeddable":true,"href":"https:\/\/centrodeolivaryaceite.com\/es\/wp-json\/wp\/v2\/categories\/?post=34974"},{"taxonomy":"post_tag","embeddable":true,"href":"https:\/\/centrodeolivaryaceite.com\/es\/wp-json\/wp\/v2\/tags\/?post=34974"}],"curies":[{"name":"wp","href":"https:\/\/api.w.org\/{rel}","templated":true}]}}