{"id":35004,"date":"2017-09-15T09:09:38","date_gmt":"2017-09-15T09:09:38","guid":{"rendered":"http:\/\/centrodeolivaryaceite.com\/?p=35004"},"modified":"2022-08-02T08:06:41","modified_gmt":"2022-08-02T08:06:41","slug":"oleicola-san-francisco-socio-del-centro-de-interpretacion-olivar-y-aceite-galardonado-con-el-premio-jaen-paraiso-interior-2017","status":"publish","type":"post","link":"https:\/\/centrodeolivaryaceite.com\/es\/oleicola-san-francisco-socio-del-centro-de-interpretacion-olivar-y-aceite-galardonado-con-el-premio-jaen-paraiso-interior-2017\/","title":{"rendered":"OLE\u00cdCOLA SAN FRANCISCO SOCIO, DEL CENTRO DE INTERPRETACI\u00d3N \u201cOLIVAR Y ACEITE\u201d, GALARDONADO CON EL PREMIO JA\u00c9N PARAISO INTERIOR 2017."},"content":{"rendered":"<p>[et_pb_section fb_built=\u00bb1&#8243; fullwidth=\u00bbon\u00bb custom_padding_last_edited=\u00bbon|desktop\u00bb admin_label=\u00bbSecci\u00f3n\u00bb _builder_version=\u00bb3.22&#8243; background_color=\u00bb#ffffff\u00bb background_image=\u00bbhttp:\/\/centrodeolivaryaceite.com\/wp-content\/uploads\/2016\/06\/page_header_bg_blue.jpg\u00bb custom_padding_tablet=\u00bb50px|0|50px|0&#8243; custom_padding_phone=\u00bb50px|0|50px|0&#8243; transparent_background=\u00bboff\u00bb padding_mobile=\u00bboff\u00bb make_fullwidth=\u00bboff\u00bb use_custom_width=\u00bboff\u00bb width_unit=\u00bbon\u00bb global_module=\u00bb5294&#8243; locked=\u00bboff\u00bb collapsed=\u00bboff\u00bb global_colors_info=\u00bb{}\u00bb][et_pb_fullwidth_post_title meta=\u00bboff\u00bb featured_image=\u00bboff\u00bb text_color=\u00bblight\u00bb text_background=\u00bbon\u00bb text_bg_color=\u00bbrgba(28,28,28,0.43)\u00bb admin_label=\u00bbT\u00edtulo\u00bb _builder_version=\u00bb4.17.6&#8243; _module_preset=\u00bbdefault\u00bb title_font=\u00bbRoboto Light||||\u00bb title_font_size=\u00bb35px\u00bb title_all_caps=\u00bbon\u00bb background_color=\u00bbrgba(255,255,255,0)\u00bb parallax=\u00bbon\u00bb parallax_method=\u00bboff\u00bb text_orientation=\u00bbcenter\u00bb parallax_effect=\u00bbon\u00bb module_bg_color=\u00bbrgba(255,255,255,0)\u00bb use_border_color=\u00bboff\u00bb border_color=\u00bb#ffffff\u00bb border_style=\u00bbsolid\u00bb global_colors_info=\u00bb{}\u00bb][\/et_pb_fullwidth_post_title][\/et_pb_section][et_pb_section fb_built=\u00bb1&#8243; custom_padding_last_edited=\u00bbon|desktop\u00bb _builder_version=\u00bb4.16&#8243; background_color=\u00bb#ffffff\u00bb custom_padding=\u00bb10px|||\u00bb custom_padding_tablet=\u00bb50px|0|50px|0&#8243; transparent_background=\u00bboff\u00bb padding_mobile=\u00bboff\u00bb make_fullwidth=\u00bboff\u00bb use_custom_width=\u00bboff\u00bb width_unit=\u00bbon\u00bb global_colors_info=\u00bb{}\u00bb custom_padding_phone=\u00bb50px|0|50px|0&#8243;][et_pb_row padding_mobile=\u00bboff\u00bb column_padding_mobile=\u00bbon\u00bb _builder_version=\u00bb4.16&#8243; background_size=\u00bbinitial\u00bb background_position=\u00bbtop_left\u00bb background_repeat=\u00bbrepeat\u00bb custom_padding=\u00bb10px|||\u00bb make_fullwidth=\u00bboff\u00bb use_custom_width=\u00bboff\u00bb width_unit=\u00bbon\u00bb global_colors_info=\u00bb{}\u00bb][et_pb_column type=\u00bb4_4&#8243; _builder_version=\u00bb4.16&#8243; custom_padding=\u00bb|||\u00bb global_colors_info=\u00bb{}\u00bb custom_padding__hover=\u00bb|||\u00bb][et_pb_post_title title=\u00bboff\u00bb _builder_version=\u00bb4.16&#8243; title_all_caps=\u00bboff\u00bb background_color=\u00bbrgba(255,255,255,0)\u00bb parallax=\u00bbon\u00bb parallax_method=\u00bboff\u00bb parallax_effect=\u00bbon\u00bb module_bg_color=\u00bbrgba(255,255,255,0)\u00bb use_border_color=\u00bboff\u00bb border_color=\u00bb#ffffff\u00bb border_style=\u00bbsolid\u00bb global_colors_info=\u00bb{}\u00bb][\/et_pb_post_title][\/et_pb_column][\/et_pb_row][\/et_pb_section][et_pb_section fb_built=\u00bb1&#8243; specialty=\u00bbon\u00bb custom_padding_last_edited=\u00bbon|desktop\u00bb parallax_method_1=\u00bboff\u00bb parallax_method_2=\u00bboff\u00bb _builder_version=\u00bb4.16&#8243; background_color=\u00bb#ffffff\u00bb custom_padding=\u00bb10px|||\u00bb custom_padding_tablet=\u00bb50px|0|50px|0&#8243; transparent_background=\u00bboff\u00bb padding_mobile=\u00bboff\u00bb make_fullwidth=\u00bboff\u00bb use_custom_width=\u00bboff\u00bb width_unit=\u00bbon\u00bb global_colors_info=\u00bb{}\u00bb custom_padding_phone=\u00bb50px|0|50px|0&#8243;][et_pb_column type=\u00bb2_3&#8243; specialty_columns=\u00bb2&#8243; _builder_version=\u00bb4.16&#8243; custom_padding=\u00bb|||\u00bb global_colors_info=\u00bb{}\u00bb custom_padding__hover=\u00bb|||\u00bb][et_pb_row_inner padding_mobile=\u00bboff\u00bb column_padding_mobile=\u00bbon\u00bb admin_label=\u00bbFila\u00bb _builder_version=\u00bb4.16&#8243; custom_padding=\u00bb0px|||\u00bb global_colors_info=\u00bb{}\u00bb][et_pb_column_inner saved_specialty_column_type=\u00bb2_3&#8243; _builder_version=\u00bb4.16&#8243; custom_padding=\u00bb|||\u00bb global_colors_info=\u00bb{}\u00bb custom_padding__hover=\u00bb|||\u00bb][et_pb_text admin_label=\u00bbTexto a reemplazar\u00bb _builder_version=\u00bb4.16&#8243; text_orientation=\u00bbleft\u00bb border_style=\u00bbsolid\u00bb global_colors_info=\u00bb{}\u00bb]El Centro de Interpretaci\u00f3n \u201cOlivar y Aceite\u201d ha mostrado su satisfacci\u00f3n por el galard\u00f3n concedido por la Diputaci\u00f3n Provincial a la empresa Ole\u00edcola San Francisco, uno de sus socios, pues como ha manifestado el presidente de \u201cOlivar y Aceite\u201d, Javier G\u00e1mez, \u201clos logros de la gran familia, m\u00e1s de 60 socios,\u00a0 que ya forman los miembros de la entidad son logros que celebramos el resto de miembros del Centro de Interpretaci\u00f3n, pues este tipo de premios hace que se reconozca la labor que vienen realizando d\u00eda tras d\u00eda el sector ole\u00edcola y en este caso particular Ole\u00edcola San Francisco\u201d.<\/p>\n<p>\u201cUna empresa familiar, que cuenta con una dilatada trayectoria profesional, fundada en 1989, ubicada en el municipio de Begijar, y aunque comenzaron con mucha ilusi\u00f3n y pocos medios, hoy por hoy se encuentran a la vanguardia en medios de producci\u00f3n\u201d, ha remarcado G\u00e1mez. Buen ejemplo del trabajo y la apuesta decidida por elaborar un aceite de oliva virgen extra de calidad, ha continuado el presidente de \u201cOlivar y Aceite\u201d, son las numerosas distinciones que ha recibido, entre los que se encuentran\u00a0 el premio a la almazara revelaci\u00f3n del a\u00f1o otorgado por la gu\u00eda Flos Olei 2015, Premio Bandera de Andaluc\u00eda en 2017, por su apuesta en la modernizaci\u00f3n del proceso de producci\u00f3n o el \u00faltimo, por el momento de estos reconocimientos, que\u00a0 llega de la mano de la Diputaci\u00f3n Provincial que le ha otorgado el Premio Ja\u00e9n Para\u00edso Interior 2017. Adem\u00e1s, la calidad de sus aceites ha sido reconocida en muchos concursos internacionales y nacionales, como Terra Oleum, Ecotrama, Terraolivo, Biol o el distintivo Ja\u00e9n Degusta Calidad Oro.<\/p>\n<p>La empresa Ole\u00edcola San Francisco es dirigida desde 2010 por los hermanos Manuel y Jos\u00e9 Antonio Jim\u00e9nez. Ambos reconocen que los inicios fueron dif\u00edciles, ya que los medios con los que contaban eran los de la \u00e9poca, prensas hidr\u00e1ulicas, capachos, pozuelos de decantaci\u00f3n, grandes atrojes. Aunque con mucho esfuerzo e ilusi\u00f3n hemos conseguido que a d\u00eda de hoy Ole\u00edcola San Francisco cuente con unas modernas instalaciones y un sistema de producci\u00f3n ejemplar en el sector.<\/p>\n<p>Por su parte Jos\u00e9 Antonio Jim\u00e9nez, codirector de la empresa ha mostrado su satisfacci\u00f3n personal por el galard\u00f3n recibido que adem\u00e1s es una alegr\u00eda para el sector ole\u00edcola pues \u201ceste tipo de distinciones repercuten en todos aquellos que hemos decidido apostar por la cultura del aceite\u201d, ha declarado Jim\u00e9nez. Asimismo ha se\u00f1alado el firme compromiso de\u00a0 Ole\u00edcola San Francisco con el aceite, la calidad y el oleoturismo, \u201cactividad por la que luchamos a diario\u201d, ha manifestado el codirector de la empresa.<\/p>\n<p>Por otro lado Manuel Jim\u00e9nez director de producci\u00f3n de Ole\u00edcola San Francisco ha indicado \u201clo dif\u00edcil que es compaginar la actividad industrial con la tur\u00edstica, una realidad que solo es posible gracias al equipo humano que nos rodea y que hace posible esta doble actividad. Nuestra empresa produce aceites de alta gama tratando de ampliar las sensaciones que ofrecemos al consumidor.<\/p>\n<p>Somos difusores de la variedad picual, que defendemos a capa y espada\u00a0 adem\u00e1s distribuimos un arbequino temprano, desde hace unos a\u00f1os\u201d, ha concluido el director de producci\u00f3n de Ole\u00edcola San Francisco.<\/p>\n<p><a href=\"http:\/\/centrodeolivaryaceite.com\/oleicola-san-francisco-socio-del-centro-de-interpretacion-olivar-y-aceite-galardonado-con-el-premio-jaen-paraiso-interior-2017\/premio-jaen-paraiso-interior-2\/\" rel=\"attachment wp-att-35005\"><img data-recalc-dims=\"1\" loading=\"lazy\" decoding=\"async\" data-attachment-id=\"35005\" data-permalink=\"https:\/\/centrodeolivaryaceite.com\/es\/oleicola-san-francisco-socio-del-centro-de-interpretacion-olivar-y-aceite-galardonado-con-el-premio-jaen-paraiso-interior-2017\/premio-jaen-paraiso-interior-2\/\" data-orig-file=\"https:\/\/i0.wp.com\/centrodeolivaryaceite.com\/wp-content\/uploads\/2017\/09\/premio-jaen-paraiso-interior-2.jpg?fit=1024%2C680&amp;ssl=1\" data-orig-size=\"1024,680\" data-comments-opened=\"1\" data-image-meta=\"{&quot;aperture&quot;:&quot;3.5&quot;,&quot;credit&quot;:&quot;&quot;,&quot;camera&quot;:&quot;NIKON D300&quot;,&quot;caption&quot;:&quot;????????????????????????????????????&quot;,&quot;created_timestamp&quot;:&quot;1505306880&quot;,&quot;copyright&quot;:&quot;&quot;,&quot;focal_length&quot;:&quot;18&quot;,&quot;iso&quot;:&quot;320&quot;,&quot;shutter_speed&quot;:&quot;0.02&quot;,&quot;title&quot;:&quot;&quot;,&quot;orientation&quot;:&quot;1&quot;}\" data-image-title=\"premio jaen paraiso interior 2\" data-image-description=\"\" data-image-caption=\"\" data-medium-file=\"https:\/\/i0.wp.com\/centrodeolivaryaceite.com\/wp-content\/uploads\/2017\/09\/premio-jaen-paraiso-interior-2.jpg?fit=300%2C199&amp;ssl=1\" data-large-file=\"https:\/\/i0.wp.com\/centrodeolivaryaceite.com\/wp-content\/uploads\/2017\/09\/premio-jaen-paraiso-interior-2.jpg?fit=1024%2C680&amp;ssl=1\" class=\"wp-image-35005 aligncenter\" src=\"https:\/\/i0.wp.com\/centrodeolivaryaceite.com\/wp-content\/uploads\/2017\/09\/premio-jaen-paraiso-interior-2.jpg?resize=584%2C388\" alt=\"\" width=\"584\" height=\"388\" srcset=\"https:\/\/i0.wp.com\/centrodeolivaryaceite.com\/wp-content\/uploads\/2017\/09\/premio-jaen-paraiso-interior-2.jpg?w=1024&amp;ssl=1 1024w, https:\/\/i0.wp.com\/centrodeolivaryaceite.com\/wp-content\/uploads\/2017\/09\/premio-jaen-paraiso-interior-2.jpg?resize=300%2C199&amp;ssl=1 300w, https:\/\/i0.wp.com\/centrodeolivaryaceite.com\/wp-content\/uploads\/2017\/09\/premio-jaen-paraiso-interior-2.jpg?resize=768%2C510&amp;ssl=1 768w\" sizes=\"(max-width: 584px) 100vw, 584px\" \/><\/a><\/p>\n<p><strong>Acciones formativas <\/strong><\/p>\n<p>El Centro de Interpretaci\u00f3n oferta la und\u00e9cima edici\u00f3n del curso de cata de aceite de oliva virgen avanzado, que celebrar\u00e1 su los d\u00edas 22 y 23 de septiembre y el curso de perfeccionamiento, que est\u00e1 en su tercera edici\u00f3n, se celebrar\u00e1 en octubre, los d\u00edas 6 y 7. Cursos que pueden realizarse a trav\u00e9s de la formaci\u00f3n bonificada.<\/p>\n<p>Adem\u00e1s de impulsar la primera edici\u00f3n del Curso de Sumiller de AOVE, el primero en la provincia de Ja\u00e9n, en el que se quiere profesionalizar la figura del sumiller de aceite de oliva en los restaurantes, al igual que existe el sumiller de vinos, queremos formar a aquellos interesados en estos cursos, con el fin de aconsejar a los clientes sobre los diferentes aspectos del aceite, que sepa explicar las bondades del producto, que responda a las dudas surgidas por parte del consumidor, almacenamiento, gesti\u00f3n del aceite en bodega, recomendaciones o maridaje con otros alimentos. Curso planificado en tres sesiones, los d\u00edas 23 y 30 de octubre y 6 de noviembre, con 25 horas de duraci\u00f3n en el que se contar\u00e1 con profesionales de reconocido prestigio.<br \/>\n[\/et_pb_text][et_pb_comments _builder_version=\u00bb4.16&#8243; use_border_color=\u00bboff\u00bb border_color=\u00bb#ffffff\u00bb border_style=\u00bbsolid\u00bb button_letter_spacing_hover=\u00bb0&#8243; global_colors_info=\u00bb{}\u00bb button_text_size__hover_enabled=\u00bboff\u00bb button_one_text_size__hover_enabled=\u00bboff\u00bb button_two_text_size__hover_enabled=\u00bboff\u00bb button_text_color__hover_enabled=\u00bboff\u00bb button_one_text_color__hover_enabled=\u00bboff\u00bb button_two_text_color__hover_enabled=\u00bboff\u00bb button_border_width__hover_enabled=\u00bboff\u00bb button_one_border_width__hover_enabled=\u00bboff\u00bb button_two_border_width__hover_enabled=\u00bboff\u00bb button_border_color__hover_enabled=\u00bboff\u00bb button_one_border_color__hover_enabled=\u00bboff\u00bb button_two_border_color__hover_enabled=\u00bboff\u00bb button_border_radius__hover_enabled=\u00bboff\u00bb button_one_border_radius__hover_enabled=\u00bboff\u00bb button_two_border_radius__hover_enabled=\u00bboff\u00bb button_letter_spacing__hover_enabled=\u00bbon\u00bb button_letter_spacing__hover=\u00bb0&#8243; button_one_letter_spacing__hover_enabled=\u00bboff\u00bb button_two_letter_spacing__hover_enabled=\u00bboff\u00bb button_bg_color__hover_enabled=\u00bboff\u00bb button_one_bg_color__hover_enabled=\u00bboff\u00bb button_two_bg_color__hover_enabled=\u00bboff\u00bb][\/et_pb_comments][\/et_pb_column_inner][\/et_pb_row_inner][\/et_pb_column][et_pb_column type=\u00bb1_3&#8243; _builder_version=\u00bb4.16&#8243; custom_padding=\u00bb|||\u00bb global_colors_info=\u00bb{}\u00bb custom_padding__hover=\u00bb|||\u00bb][et_pb_sidebar orientation=\u00bbright\u00bb area=\u00bbsidebar-1&#8243; _builder_version=\u00bb4.16&#8243; remove_border=\u00bboff\u00bb global_colors_info=\u00bb{}\u00bb][\/et_pb_sidebar][\/et_pb_column][\/et_pb_section]<\/p>\n","protected":false},"excerpt":{"rendered":"<p>El Centro de Interpretaci\u00f3n \u201cOlivar y Aceite\u201d ha mostrado su satisfacci\u00f3n por el galard\u00f3n concedido por la Diputaci\u00f3n Provincial a la empresa Ole\u00edcola San Francisco, uno de sus socios, pues como ha manifestado el presidente de \u201cOlivar y Aceite\u201d, Javier G\u00e1mez, \u201clos logros de la gran familia, m\u00e1s de 60 socios,\u00a0 que ya forman los [&hellip;]<\/p>\n","protected":false},"author":1,"featured_media":35006,"comment_status":"open","ping_status":"open","sticky":false,"template":"","format":"standard","meta":{"_et_pb_use_builder":"on","_et_pb_old_content":"","_et_gb_content_width":"","_jetpack_memberships_contains_paid_content":false,"footnotes":""},"categories":[1],"tags":[],"class_list":["post-35004","post","type-post","status-publish","format-standard","has-post-thumbnail","hentry","category-general"],"jetpack_featured_media_url":"https:\/\/i0.wp.com\/centrodeolivaryaceite.com\/wp-content\/uploads\/2017\/09\/premio-jaen-paraiso-interior-1.jpg?fit=1024%2C680&ssl=1","jetpack_sharing_enabled":true,"jetpack_shortlink":"https:\/\/wp.me\/p95A9q-96A","_links":{"self":[{"href":"https:\/\/centrodeolivaryaceite.com\/es\/wp-json\/wp\/v2\/posts\/35004\/"}],"collection":[{"href":"https:\/\/centrodeolivaryaceite.com\/es\/wp-json\/wp\/v2\/posts\/"}],"about":[{"href":"https:\/\/centrodeolivaryaceite.com\/es\/wp-json\/wp\/v2\/types\/post\/"}],"author":[{"embeddable":true,"href":"https:\/\/centrodeolivaryaceite.com\/es\/wp-json\/wp\/v2\/users\/1\/"}],"replies":[{"embeddable":true,"href":"https:\/\/centrodeolivaryaceite.com\/es\/wp-json\/wp\/v2\/comments\/?post=35004"}],"version-history":[{"count":0,"href":"https:\/\/centrodeolivaryaceite.com\/es\/wp-json\/wp\/v2\/posts\/35004\/revisions\/"}],"wp:featuredmedia":[{"embeddable":true,"href":"https:\/\/centrodeolivaryaceite.com\/es\/wp-json\/wp\/v2\/media\/35006\/"}],"wp:attachment":[{"href":"https:\/\/centrodeolivaryaceite.com\/es\/wp-json\/wp\/v2\/media\/?parent=35004"}],"wp:term":[{"taxonomy":"category","embeddable":true,"href":"https:\/\/centrodeolivaryaceite.com\/es\/wp-json\/wp\/v2\/categories\/?post=35004"},{"taxonomy":"post_tag","embeddable":true,"href":"https:\/\/centrodeolivaryaceite.com\/es\/wp-json\/wp\/v2\/tags\/?post=35004"}],"curies":[{"name":"wp","href":"https:\/\/api.w.org\/{rel}","templated":true}]}}