{"id":35134,"date":"2017-09-27T18:18:07","date_gmt":"2017-09-27T18:18:07","guid":{"rendered":"http:\/\/centrodeolivaryaceite.com\/?p=35134"},"modified":"2022-08-02T08:08:02","modified_gmt":"2022-08-02T08:08:02","slug":"el-curso-avanzado-de-cata-de-aceite-de-oliva-virgen-celebra-su-undecima-edicion","status":"publish","type":"post","link":"https:\/\/centrodeolivaryaceite.com\/es\/el-curso-avanzado-de-cata-de-aceite-de-oliva-virgen-celebra-su-undecima-edicion\/","title":{"rendered":"EL CURSO AVANZADO DE CATA DE ACEITE DE OLIVA VIRGEN CELEBRA SU UND\u00c9CIMA EDICI\u00d3N"},"content":{"rendered":"<p>[et_pb_section fb_built=\u00bb1&#8243; fullwidth=\u00bbon\u00bb custom_padding_last_edited=\u00bbon|desktop\u00bb admin_label=\u00bbSecci\u00f3n\u00bb _builder_version=\u00bb3.22&#8243; background_color=\u00bb#ffffff\u00bb background_image=\u00bbhttp:\/\/centrodeolivaryaceite.com\/wp-content\/uploads\/2016\/06\/page_header_bg_blue.jpg\u00bb custom_padding_tablet=\u00bb50px|0|50px|0&#8243; custom_padding_phone=\u00bb50px|0|50px|0&#8243; transparent_background=\u00bboff\u00bb padding_mobile=\u00bboff\u00bb make_fullwidth=\u00bboff\u00bb use_custom_width=\u00bboff\u00bb width_unit=\u00bbon\u00bb global_module=\u00bb5294&#8243; locked=\u00bboff\u00bb collapsed=\u00bboff\u00bb global_colors_info=\u00bb{}\u00bb][et_pb_fullwidth_post_title meta=\u00bboff\u00bb featured_image=\u00bboff\u00bb text_color=\u00bblight\u00bb text_background=\u00bbon\u00bb text_bg_color=\u00bbrgba(28,28,28,0.43)\u00bb admin_label=\u00bbT\u00edtulo\u00bb _builder_version=\u00bb4.17.6&#8243; _module_preset=\u00bbdefault\u00bb title_font=\u00bbRoboto Light||||\u00bb title_font_size=\u00bb35px\u00bb title_all_caps=\u00bbon\u00bb background_color=\u00bbrgba(255,255,255,0)\u00bb parallax=\u00bbon\u00bb parallax_method=\u00bboff\u00bb text_orientation=\u00bbcenter\u00bb use_border_color=\u00bboff\u00bb border_color=\u00bb#ffffff\u00bb border_style=\u00bbsolid\u00bb parallax_effect=\u00bbon\u00bb module_bg_color=\u00bbrgba(255,255,255,0)\u00bb global_colors_info=\u00bb{}\u00bb][\/et_pb_fullwidth_post_title][\/et_pb_section][et_pb_section fb_built=\u00bb1&#8243; custom_padding_last_edited=\u00bbon|desktop\u00bb _builder_version=\u00bb4.16&#8243; background_color=\u00bb#ffffff\u00bb custom_padding=\u00bb10px|||\u00bb custom_padding_tablet=\u00bb50px|0|50px|0&#8243; transparent_background=\u00bboff\u00bb padding_mobile=\u00bboff\u00bb make_fullwidth=\u00bboff\u00bb use_custom_width=\u00bboff\u00bb width_unit=\u00bbon\u00bb global_colors_info=\u00bb{}\u00bb custom_padding_phone=\u00bb50px|0|50px|0&#8243;][et_pb_row padding_mobile=\u00bboff\u00bb column_padding_mobile=\u00bbon\u00bb _builder_version=\u00bb4.16&#8243; background_size=\u00bbinitial\u00bb background_position=\u00bbtop_left\u00bb background_repeat=\u00bbrepeat\u00bb custom_padding=\u00bb10px|||\u00bb make_fullwidth=\u00bboff\u00bb use_custom_width=\u00bboff\u00bb width_unit=\u00bbon\u00bb global_colors_info=\u00bb{}\u00bb][et_pb_column type=\u00bb4_4&#8243; _builder_version=\u00bb4.16&#8243; custom_padding=\u00bb|||\u00bb global_colors_info=\u00bb{}\u00bb custom_padding__hover=\u00bb|||\u00bb][et_pb_post_title title=\u00bboff\u00bb _builder_version=\u00bb4.16&#8243; title_all_caps=\u00bboff\u00bb background_color=\u00bbrgba(255,255,255,0)\u00bb parallax=\u00bbon\u00bb parallax_method=\u00bboff\u00bb use_border_color=\u00bboff\u00bb border_color=\u00bb#ffffff\u00bb border_style=\u00bbsolid\u00bb parallax_effect=\u00bbon\u00bb module_bg_color=\u00bbrgba(255,255,255,0)\u00bb global_colors_info=\u00bb{}\u00bb][\/et_pb_post_title][\/et_pb_column][\/et_pb_row][\/et_pb_section][et_pb_section fb_built=\u00bb1&#8243; specialty=\u00bbon\u00bb custom_padding_last_edited=\u00bbon|desktop\u00bb parallax_method_1=\u00bboff\u00bb parallax_method_2=\u00bboff\u00bb _builder_version=\u00bb4.16&#8243; background_color=\u00bb#ffffff\u00bb custom_padding=\u00bb10px|||\u00bb custom_padding_tablet=\u00bb50px|0|50px|0&#8243; transparent_background=\u00bboff\u00bb padding_mobile=\u00bboff\u00bb make_fullwidth=\u00bboff\u00bb use_custom_width=\u00bboff\u00bb width_unit=\u00bbon\u00bb global_colors_info=\u00bb{}\u00bb custom_padding_phone=\u00bb50px|0|50px|0&#8243;][et_pb_column type=\u00bb2_3&#8243; specialty_columns=\u00bb2&#8243; _builder_version=\u00bb4.16&#8243; custom_padding=\u00bb|||\u00bb global_colors_info=\u00bb{}\u00bb custom_padding__hover=\u00bb|||\u00bb][et_pb_row_inner padding_mobile=\u00bboff\u00bb column_padding_mobile=\u00bbon\u00bb admin_label=\u00bbFila\u00bb _builder_version=\u00bb4.16&#8243; custom_padding=\u00bb0px|||\u00bb global_colors_info=\u00bb{}\u00bb][et_pb_column_inner saved_specialty_column_type=\u00bb2_3&#8243; _builder_version=\u00bb4.16&#8243; custom_padding=\u00bb|||\u00bb global_colors_info=\u00bb{}\u00bb custom_padding__hover=\u00bb|||\u00bb][et_pb_text admin_label=\u00bbTexto a reemplazar\u00bb _builder_version=\u00bb4.16&#8243; text_orientation=\u00bbleft\u00bb border_style=\u00bbsolid\u00bb global_colors_info=\u00bb{}\u00bb]En el\u00a0 Centro de Interpretaci\u00f3n \u201cOlivar y Aceite\u201d, siempre hay un sitio reservado para la formaci\u00f3n, pues sin conocimientos no se puede amar ni apreciar el aceite de oliva virgen extra. As\u00ed la nueva temporada de formaci\u00f3n de la entidad arranc\u00f3 los d\u00edas 22 y 23 de septiembre con la celebraci\u00f3n de la und\u00e9cima edici\u00f3n del curso avanzado en esta materia,\u00a0 al que asistieron 10 alumnos procedentes de distintos lugares de la geograf\u00eda espa\u00f1ola como Granada, M\u00e1laga, Sevilla o Barcelona, adem\u00e1s de distintos puntos de la provincia jienense.<\/p>\n<p>L\u00ednea de formaci\u00f3n, que como ha indicado el presidente de \u201cOlivar y Aceite\u201d, Javier G\u00e1mez, \u201cpretende introducir en el apasionante mundo del aceite\u00a0 tanto a profesionales como a enamorados del oro l\u00edquido, por eso cubrimos todos los aspectos de la formaci\u00f3n desde el inicial, al de perfeccionamiento pasando por el curso de cata avanzado, que es el que se est\u00e1 impartiendo\u201d. As\u00ed, ha continuado G\u00e1mez, \u201cno solo se centra en la cata sino que se profundiza en el an\u00e1lisis sensorial, algo de sumiller\u00eda para conseguir un conocimiento m\u00e1s profundo sobre el AOVE para as\u00ed saber elegir el zumo de aceituna que potencie y mejor maride con determinados productos y disfrutar de una buena mesa teniendo como protagonista el aceite de oliva virgen extra\u201d, ha indicado el presidente de la entidad.<\/p>\n<p>El curso se ha centrado\u00a0 en aspectos concretos y especializados tanto de la t\u00e9cnica de cata como del mundo ole\u00edcola. Cada d\u00eda se imparti\u00f3 una parte pr\u00e1ctica, en las que, mediante la cata de aceites procedentes con diferentes variedades de aceituna, los alumnos participantes perfeccionaron su valoraci\u00f3n de los aceites de oliva v\u00edrgenes.<\/p>\n<p>De entre las m\u00e1s de 260 variedades cultivadas de oliva que hay en Espa\u00f1a, el alumnado ha catado algunas de las m\u00e1s conocidas como picual, arbequina, hojiblanca, y otras menos como la variedad tetuda, oliana o arbosana. Pero no todos los zumos de aceituna catados han sido nacionales tambi\u00e9n se han probado otras variedades procedentes de Italia y Grecia. De entre las variedades italianas encontramos la biancolilla, moresca y el frantoio.<\/p>\n<p>Ente los temas tratados en las 12 horas de duraci\u00f3n del curso se ha introducido al alumnado a la t\u00e9cnica de cata y unas pruebas para la selecci\u00f3n de un panel de cata, como ordenaci\u00f3n o selecci\u00f3n por intensidad. Tambi\u00e9n se ha ofrecido a los asistentes\u00a0 una peque\u00f1a formaci\u00f3n relacionada con\u00a0 la sumiller\u00eda de aceite, catando para ello variedades espa\u00f1olas y extranjeras. Adem\u00e1s tambi\u00e9n se ha realizado una retrospectiva de los diferentes premios y concursos tanto nacionales como internacionales. Tras ello se cataron varios aceites galardonados en algunos de dichos cert\u00e1menes.<\/p>\n<p>Todos los cursos, con independencia de su nivel, terminan con un\u00a0 maridaje con distintos productos. En concreto en esta edici\u00f3n del curso avanzado de cata de aceite los asistentes han degustado un salmorejo, queso curado y naranja con canela para comprobar como los diferentes aromas y sabores de los zumos de aceituna conjugan\u00a0 o var\u00edan en funci\u00f3n de los productos y de la variedad o calidad de los aceites utilizados.<\/p>\n<p>Para impartir la d\u00e9cimo primera edici\u00f3n de nivel avanzado se ha contado con la presencia de Antonia Fern\u00e1ndez, doctora en Ciencias Qu\u00edmicas, as\u00ed como la\u00a0 gerente\u00a0 y el\u00a0 t\u00e9cnico\u00a0 del Centro de Interpretaci\u00f3n, Soledad Rom\u00e1n y Tom\u00e1s M\u00e9ndez, respectivamente.<\/p>\n<p><strong>Formaci\u00f3n<\/strong><\/p>\n<p>Entre las ofertas formativas que ofrece \u201cOlivar y Aceite\u201d, la tercera edici\u00f3n del taller de perfeccionamiento se desarrollar\u00e1 los d\u00edas 6 y 7 de octubre, curso que puede realizarse a trav\u00e9s de la formaci\u00f3n bonificada.<\/p>\n<p>Asimismo el Centro pone en marcha la primera edici\u00f3n del Curso de Sumiller de AOVE, el cual ser\u00e1 el primero en la provincia de Ja\u00e9n, en el que se quiere profesionalizar la figura del sumiller de aceite de oliva en los restaurantes.\u00a0 Curso que constar\u00e1 de tres sesiones, que se desarrollar\u00e1 los\u00a0 d\u00edas 23 y 30 de octubre, 6 y 13 de noviembre, con 30 horas de duraci\u00f3n.<\/p>\n<p>Tambi\u00e9n este a\u00f1o y dentro de la apuesta por la formaci\u00f3n a profesionales y amantes del mundo del aceite de oliva virgen \u201cOlivar y Aceite\u201d ha impulsada el primer Club de Cata de Aceite Oliva Virgen Extra, a nivel provincial y regional de la que celebraremos la quinta sesi\u00f3n del Club de Cata el pr\u00f3ximo 25 de noviembre, que\u00a0 contar\u00e1 con los<\/p>\n<div class=\"tiled-gallery type-rectangular tiled-gallery-unresized\" data-original-width=\"1080\" data-carousel-extra='{&quot;blog_id&quot;:1,&quot;permalink&quot;:&quot;https:\\\/\\\/centrodeolivaryaceite.com\\\/es\\\/el-curso-avanzado-de-cata-de-aceite-de-oliva-virgen-celebra-su-undecima-edicion\\\/&quot;,&quot;likes_blog_id&quot;:134317632}' itemscope itemtype=\"http:\/\/schema.org\/ImageGallery\" > <div class=\"gallery-row\" style=\"width: 1080px; height: 482px;\" data-original-width=\"1080\" data-original-height=\"482\" > <div class=\"gallery-group images-1\" style=\"width: 721px; height: 482px;\" data-original-width=\"721\" data-original-height=\"482\" > <div class=\"tiled-gallery-item tiled-gallery-item-large\" itemprop=\"associatedMedia\" itemscope itemtype=\"http:\/\/schema.org\/ImageObject\"> <a href=\"https:\/\/centrodeolivaryaceite.com\/es\/el-curso-avanzado-de-cata-de-aceite-de-oliva-virgen-celebra-su-undecima-edicion\/curso-avanzado-de-cata-17\/\" border=\"0\" itemprop=\"url\"> <meta itemprop=\"width\" content=\"717\"> <meta itemprop=\"height\" content=\"478\"> <img decoding=\"async\" class=\"\" data-attachment-id=\"35136\" data-orig-file=\"https:\/\/centrodeolivaryaceite.com\/wp-content\/uploads\/2017\/09\/CURSO-AVANZADO-DE-CATA-17.jpg\" data-orig-size=\"448,299\" data-comments-opened=\"1\" data-image-meta=\"{&quot;aperture&quot;:&quot;2.8&quot;,&quot;credit&quot;:&quot;&quot;,&quot;camera&quot;:&quot;NIKON D500&quot;,&quot;caption&quot;:&quot;&quot;,&quot;created_timestamp&quot;:&quot;1506104471&quot;,&quot;copyright&quot;:&quot;&quot;,&quot;focal_length&quot;:&quot;28&quot;,&quot;iso&quot;:&quot;640&quot;,&quot;shutter_speed&quot;:&quot;0.01&quot;,&quot;title&quot;:&quot;&quot;,&quot;orientation&quot;:&quot;1&quot;}\" data-image-title=\"CURSO AVANZADO DE CATA 17\" data-image-description=\"\" data-medium-file=\"https:\/\/i0.wp.com\/centrodeolivaryaceite.com\/wp-content\/uploads\/2017\/09\/CURSO-AVANZADO-DE-CATA-17.jpg?fit=300%2C200&#038;ssl=1\" data-large-file=\"https:\/\/i0.wp.com\/centrodeolivaryaceite.com\/wp-content\/uploads\/2017\/09\/CURSO-AVANZADO-DE-CATA-17.jpg?fit=448%2C299&#038;ssl=1\" src=\"https:\/\/i0.wp.com\/centrodeolivaryaceite.com\/wp-content\/uploads\/2017\/09\/CURSO-AVANZADO-DE-CATA-17.jpg?w=717&#038;h=478&#038;ssl=1\" srcset=\"https:\/\/i0.wp.com\/centrodeolivaryaceite.com\/wp-content\/uploads\/2017\/09\/CURSO-AVANZADO-DE-CATA-17.jpg?w=448&amp;ssl=1 448w, https:\/\/i0.wp.com\/centrodeolivaryaceite.com\/wp-content\/uploads\/2017\/09\/CURSO-AVANZADO-DE-CATA-17.jpg?resize=300%2C200&amp;ssl=1 300w\" width=\"717\" height=\"478\" loading=\"lazy\" data-original-width=\"717\" data-original-height=\"478\" itemprop=\"http:\/\/schema.org\/image\" title=\"CURSO AVANZADO DE CATA 17\" alt=\"Mirando una botella\" style=\"width: 717px; height: 478px;\" \/> <\/a> <\/div> <\/div> <!-- close group --> <div class=\"gallery-group images-2\" style=\"width: 359px; height: 482px;\" data-original-width=\"359\" data-original-height=\"482\" > <div class=\"tiled-gallery-item tiled-gallery-item-large\" itemprop=\"associatedMedia\" itemscope itemtype=\"http:\/\/schema.org\/ImageObject\"> <a href=\"https:\/\/centrodeolivaryaceite.com\/es\/el-curso-avanzado-de-cata-de-aceite-de-oliva-virgen-celebra-su-undecima-edicion\/curso-avanzado-de-cata-01\/\" border=\"0\" itemprop=\"url\"> <meta itemprop=\"width\" content=\"355\"> <meta itemprop=\"height\" content=\"237\"> <img decoding=\"async\" class=\"\" data-attachment-id=\"35138\" data-orig-file=\"https:\/\/centrodeolivaryaceite.com\/wp-content\/uploads\/2017\/09\/CURSO-AVANZADO-DE-CATA-01.jpg\" data-orig-size=\"448,299\" data-comments-opened=\"1\" data-image-meta=\"{&quot;aperture&quot;:&quot;2.8&quot;,&quot;credit&quot;:&quot;&quot;,&quot;camera&quot;:&quot;NIKON D500&quot;,&quot;caption&quot;:&quot;&quot;,&quot;created_timestamp&quot;:&quot;1506103354&quot;,&quot;copyright&quot;:&quot;&quot;,&quot;focal_length&quot;:&quot;31&quot;,&quot;iso&quot;:&quot;500&quot;,&quot;shutter_speed&quot;:&quot;0.0166666666667&quot;,&quot;title&quot;:&quot;&quot;,&quot;orientation&quot;:&quot;1&quot;}\" data-image-title=\"CURSO AVANZADO DE CATA 01\" data-image-description=\"\" data-medium-file=\"https:\/\/i0.wp.com\/centrodeolivaryaceite.com\/wp-content\/uploads\/2017\/09\/CURSO-AVANZADO-DE-CATA-01.jpg?fit=300%2C200&#038;ssl=1\" data-large-file=\"https:\/\/i0.wp.com\/centrodeolivaryaceite.com\/wp-content\/uploads\/2017\/09\/CURSO-AVANZADO-DE-CATA-01.jpg?fit=448%2C299&#038;ssl=1\" src=\"https:\/\/i0.wp.com\/centrodeolivaryaceite.com\/wp-content\/uploads\/2017\/09\/CURSO-AVANZADO-DE-CATA-01.jpg?w=355&#038;h=237&#038;ssl=1\" srcset=\"https:\/\/i0.wp.com\/centrodeolivaryaceite.com\/wp-content\/uploads\/2017\/09\/CURSO-AVANZADO-DE-CATA-01.jpg?w=448&amp;ssl=1 448w, https:\/\/i0.wp.com\/centrodeolivaryaceite.com\/wp-content\/uploads\/2017\/09\/CURSO-AVANZADO-DE-CATA-01.jpg?resize=300%2C200&amp;ssl=1 300w\" width=\"355\" height=\"237\" loading=\"lazy\" data-original-width=\"355\" data-original-height=\"237\" itemprop=\"http:\/\/schema.org\/image\" title=\"CURSO AVANZADO DE CATA 01\" alt=\"Curso avanzado de Cata\" style=\"width: 355px; height: 237px;\" \/> <\/a> <\/div> <div class=\"tiled-gallery-item tiled-gallery-item-large\" itemprop=\"associatedMedia\" itemscope itemtype=\"http:\/\/schema.org\/ImageObject\"> <a href=\"https:\/\/centrodeolivaryaceite.com\/es\/el-curso-avanzado-de-cata-de-aceite-de-oliva-virgen-celebra-su-undecima-edicion\/curso-avanzado-de-cata-02\/\" border=\"0\" itemprop=\"url\"> <meta itemprop=\"width\" content=\"355\"> <meta itemprop=\"height\" content=\"237\"> <img decoding=\"async\" class=\"\" data-attachment-id=\"35139\" data-orig-file=\"https:\/\/centrodeolivaryaceite.com\/wp-content\/uploads\/2017\/09\/CURSO-AVANZADO-DE-CATA-02.jpg\" data-orig-size=\"448,299\" data-comments-opened=\"1\" data-image-meta=\"{&quot;aperture&quot;:&quot;2.8&quot;,&quot;credit&quot;:&quot;&quot;,&quot;camera&quot;:&quot;NIKON D500&quot;,&quot;caption&quot;:&quot;&quot;,&quot;created_timestamp&quot;:&quot;1506103675&quot;,&quot;copyright&quot;:&quot;&quot;,&quot;focal_length&quot;:&quot;55&quot;,&quot;iso&quot;:&quot;640&quot;,&quot;shutter_speed&quot;:&quot;0.0125&quot;,&quot;title&quot;:&quot;&quot;,&quot;orientation&quot;:&quot;1&quot;}\" data-image-title=\"CURSO AVANZADO DE CATA 02\" data-image-description=\"\" data-medium-file=\"https:\/\/i0.wp.com\/centrodeolivaryaceite.com\/wp-content\/uploads\/2017\/09\/CURSO-AVANZADO-DE-CATA-02.jpg?fit=300%2C200&#038;ssl=1\" data-large-file=\"https:\/\/i0.wp.com\/centrodeolivaryaceite.com\/wp-content\/uploads\/2017\/09\/CURSO-AVANZADO-DE-CATA-02.jpg?fit=448%2C299&#038;ssl=1\" src=\"https:\/\/i0.wp.com\/centrodeolivaryaceite.com\/wp-content\/uploads\/2017\/09\/CURSO-AVANZADO-DE-CATA-02.jpg?w=355&#038;h=237&#038;ssl=1\" srcset=\"https:\/\/i0.wp.com\/centrodeolivaryaceite.com\/wp-content\/uploads\/2017\/09\/CURSO-AVANZADO-DE-CATA-02.jpg?w=448&amp;ssl=1 448w, https:\/\/i0.wp.com\/centrodeolivaryaceite.com\/wp-content\/uploads\/2017\/09\/CURSO-AVANZADO-DE-CATA-02.jpg?resize=300%2C200&amp;ssl=1 300w\" width=\"355\" height=\"237\" loading=\"lazy\" data-original-width=\"355\" data-original-height=\"237\" itemprop=\"http:\/\/schema.org\/image\" title=\"CURSO AVANZADO DE CATA 02\" alt=\"To\u00f1i Fern\u00e1ndez\" style=\"width: 355px; height: 237px;\" \/> <\/a> <\/div> <\/div> <!-- close group --> <\/div> <!-- close row --> <div class=\"gallery-row\" style=\"width: 1080px; height: 242px;\" data-original-width=\"1080\" data-original-height=\"242\" > <div class=\"gallery-group images-1\" style=\"width: 360px; height: 242px;\" data-original-width=\"360\" data-original-height=\"242\" > <div class=\"tiled-gallery-item tiled-gallery-item-large\" itemprop=\"associatedMedia\" itemscope itemtype=\"http:\/\/schema.org\/ImageObject\"> <a href=\"https:\/\/centrodeolivaryaceite.com\/es\/el-curso-avanzado-de-cata-de-aceite-de-oliva-virgen-celebra-su-undecima-edicion\/curso-avanzado-de-cata-03\/\" border=\"0\" itemprop=\"url\"> <meta itemprop=\"width\" content=\"356\"> <meta itemprop=\"height\" content=\"238\"> <img decoding=\"async\" class=\"\" data-attachment-id=\"35140\" data-orig-file=\"https:\/\/centrodeolivaryaceite.com\/wp-content\/uploads\/2017\/09\/CURSO-AVANZADO-DE-CATA-03.jpg\" data-orig-size=\"448,299\" data-comments-opened=\"1\" data-image-meta=\"{&quot;aperture&quot;:&quot;2.8&quot;,&quot;credit&quot;:&quot;&quot;,&quot;camera&quot;:&quot;NIKON D500&quot;,&quot;caption&quot;:&quot;&quot;,&quot;created_timestamp&quot;:&quot;1506103701&quot;,&quot;copyright&quot;:&quot;&quot;,&quot;focal_length&quot;:&quot;31&quot;,&quot;iso&quot;:&quot;640&quot;,&quot;shutter_speed&quot;:&quot;0.0166666666667&quot;,&quot;title&quot;:&quot;&quot;,&quot;orientation&quot;:&quot;1&quot;}\" data-image-title=\"CURSO AVANZADO DE CATA 03\" data-image-description=\"\" data-medium-file=\"https:\/\/i0.wp.com\/centrodeolivaryaceite.com\/wp-content\/uploads\/2017\/09\/CURSO-AVANZADO-DE-CATA-03.jpg?fit=300%2C200&#038;ssl=1\" data-large-file=\"https:\/\/i0.wp.com\/centrodeolivaryaceite.com\/wp-content\/uploads\/2017\/09\/CURSO-AVANZADO-DE-CATA-03.jpg?fit=448%2C299&#038;ssl=1\" src=\"https:\/\/i0.wp.com\/centrodeolivaryaceite.com\/wp-content\/uploads\/2017\/09\/CURSO-AVANZADO-DE-CATA-03.jpg?w=356&#038;h=238&#038;ssl=1\" srcset=\"https:\/\/i0.wp.com\/centrodeolivaryaceite.com\/wp-content\/uploads\/2017\/09\/CURSO-AVANZADO-DE-CATA-03.jpg?w=448&amp;ssl=1 448w, https:\/\/i0.wp.com\/centrodeolivaryaceite.com\/wp-content\/uploads\/2017\/09\/CURSO-AVANZADO-DE-CATA-03.jpg?resize=300%2C200&amp;ssl=1 300w\" width=\"356\" height=\"238\" loading=\"lazy\" data-original-width=\"356\" data-original-height=\"238\" itemprop=\"http:\/\/schema.org\/image\" title=\"CURSO AVANZADO DE CATA 03\" alt=\"Curso de cata\" style=\"width: 356px; height: 238px;\" \/> <\/a> <\/div> <\/div> <!-- close group --> <div class=\"gallery-group images-1\" style=\"width: 360px; height: 242px;\" data-original-width=\"360\" data-original-height=\"242\" > <div class=\"tiled-gallery-item tiled-gallery-item-large\" itemprop=\"associatedMedia\" itemscope itemtype=\"http:\/\/schema.org\/ImageObject\"> <a href=\"https:\/\/centrodeolivaryaceite.com\/es\/el-curso-avanzado-de-cata-de-aceite-de-oliva-virgen-celebra-su-undecima-edicion\/curso-avanzado-de-cata-04\/\" border=\"0\" itemprop=\"url\"> <meta itemprop=\"width\" content=\"356\"> <meta itemprop=\"height\" content=\"238\"> <img decoding=\"async\" class=\"\" data-attachment-id=\"35141\" data-orig-file=\"https:\/\/centrodeolivaryaceite.com\/wp-content\/uploads\/2017\/09\/CURSO-AVANZADO-DE-CATA-04.jpg\" data-orig-size=\"448,299\" data-comments-opened=\"1\" data-image-meta=\"{&quot;aperture&quot;:&quot;2.8&quot;,&quot;credit&quot;:&quot;&quot;,&quot;camera&quot;:&quot;NIKON D500&quot;,&quot;caption&quot;:&quot;&quot;,&quot;created_timestamp&quot;:&quot;1506103753&quot;,&quot;copyright&quot;:&quot;&quot;,&quot;focal_length&quot;:&quot;55&quot;,&quot;iso&quot;:&quot;800&quot;,&quot;shutter_speed&quot;:&quot;0.01&quot;,&quot;title&quot;:&quot;&quot;,&quot;orientation&quot;:&quot;1&quot;}\" data-image-title=\"CURSO AVANZADO DE CATA 04\" data-image-description=\"\" data-medium-file=\"https:\/\/i0.wp.com\/centrodeolivaryaceite.com\/wp-content\/uploads\/2017\/09\/CURSO-AVANZADO-DE-CATA-04.jpg?fit=300%2C200&#038;ssl=1\" data-large-file=\"https:\/\/i0.wp.com\/centrodeolivaryaceite.com\/wp-content\/uploads\/2017\/09\/CURSO-AVANZADO-DE-CATA-04.jpg?fit=448%2C299&#038;ssl=1\" src=\"https:\/\/i0.wp.com\/centrodeolivaryaceite.com\/wp-content\/uploads\/2017\/09\/CURSO-AVANZADO-DE-CATA-04.jpg?w=356&#038;h=238&#038;ssl=1\" srcset=\"https:\/\/i0.wp.com\/centrodeolivaryaceite.com\/wp-content\/uploads\/2017\/09\/CURSO-AVANZADO-DE-CATA-04.jpg?w=448&amp;ssl=1 448w, https:\/\/i0.wp.com\/centrodeolivaryaceite.com\/wp-content\/uploads\/2017\/09\/CURSO-AVANZADO-DE-CATA-04.jpg?resize=300%2C200&amp;ssl=1 300w\" width=\"356\" height=\"238\" loading=\"lazy\" data-original-width=\"356\" data-original-height=\"238\" itemprop=\"http:\/\/schema.org\/image\" title=\"CURSO AVANZADO DE CATA 04\" alt=\"Curso\" style=\"width: 356px; height: 238px;\" \/> <\/a> <\/div> <\/div> <!-- close group --> <div class=\"gallery-group images-1\" style=\"width: 360px; height: 242px;\" data-original-width=\"360\" data-original-height=\"242\" > <div class=\"tiled-gallery-item tiled-gallery-item-large\" itemprop=\"associatedMedia\" itemscope itemtype=\"http:\/\/schema.org\/ImageObject\"> <a href=\"https:\/\/centrodeolivaryaceite.com\/es\/el-curso-avanzado-de-cata-de-aceite-de-oliva-virgen-celebra-su-undecima-edicion\/curso-avanzado-de-cata-05\/\" border=\"0\" itemprop=\"url\"> <meta itemprop=\"width\" content=\"356\"> <meta itemprop=\"height\" content=\"238\"> <img decoding=\"async\" class=\"\" data-attachment-id=\"35142\" data-orig-file=\"https:\/\/centrodeolivaryaceite.com\/wp-content\/uploads\/2017\/09\/CURSO-AVANZADO-DE-CATA-05.jpg\" data-orig-size=\"448,299\" data-comments-opened=\"1\" data-image-meta=\"{&quot;aperture&quot;:&quot;2.8&quot;,&quot;credit&quot;:&quot;&quot;,&quot;camera&quot;:&quot;NIKON D500&quot;,&quot;caption&quot;:&quot;&quot;,&quot;created_timestamp&quot;:&quot;1506103758&quot;,&quot;copyright&quot;:&quot;&quot;,&quot;focal_length&quot;:&quot;38&quot;,&quot;iso&quot;:&quot;800&quot;,&quot;shutter_speed&quot;:&quot;0.01&quot;,&quot;title&quot;:&quot;&quot;,&quot;orientation&quot;:&quot;1&quot;}\" data-image-title=\"CURSO AVANZADO DE CATA 05\" data-image-description=\"\" data-medium-file=\"https:\/\/i0.wp.com\/centrodeolivaryaceite.com\/wp-content\/uploads\/2017\/09\/CURSO-AVANZADO-DE-CATA-05.jpg?fit=300%2C200&#038;ssl=1\" data-large-file=\"https:\/\/i0.wp.com\/centrodeolivaryaceite.com\/wp-content\/uploads\/2017\/09\/CURSO-AVANZADO-DE-CATA-05.jpg?fit=448%2C299&#038;ssl=1\" src=\"https:\/\/i0.wp.com\/centrodeolivaryaceite.com\/wp-content\/uploads\/2017\/09\/CURSO-AVANZADO-DE-CATA-05.jpg?w=356&#038;h=238&#038;ssl=1\" srcset=\"https:\/\/i0.wp.com\/centrodeolivaryaceite.com\/wp-content\/uploads\/2017\/09\/CURSO-AVANZADO-DE-CATA-05.jpg?w=448&amp;ssl=1 448w, https:\/\/i0.wp.com\/centrodeolivaryaceite.com\/wp-content\/uploads\/2017\/09\/CURSO-AVANZADO-DE-CATA-05.jpg?resize=300%2C200&amp;ssl=1 300w\" width=\"356\" height=\"238\" loading=\"lazy\" data-original-width=\"356\" data-original-height=\"238\" itemprop=\"http:\/\/schema.org\/image\" title=\"CURSO AVANZADO DE CATA 05\" alt=\"To\u00f1i y Sole\" style=\"width: 356px; height: 238px;\" \/> <\/a> <\/div> <\/div> <!-- close group --> <\/div> <!-- close row --> <div class=\"gallery-row\" style=\"width: 1080px; height: 482px;\" data-original-width=\"1080\" data-original-height=\"482\" > <div class=\"gallery-group images-2\" style=\"width: 359px; height: 482px;\" data-original-width=\"359\" data-original-height=\"482\" > <div class=\"tiled-gallery-item tiled-gallery-item-large\" itemprop=\"associatedMedia\" itemscope itemtype=\"http:\/\/schema.org\/ImageObject\"> <a href=\"https:\/\/centrodeolivaryaceite.com\/es\/el-curso-avanzado-de-cata-de-aceite-de-oliva-virgen-celebra-su-undecima-edicion\/curso-avanzado-de-cata-06\/\" border=\"0\" itemprop=\"url\"> <meta itemprop=\"width\" content=\"355\"> <meta itemprop=\"height\" content=\"237\"> <img decoding=\"async\" class=\"\" data-attachment-id=\"35143\" data-orig-file=\"https:\/\/centrodeolivaryaceite.com\/wp-content\/uploads\/2017\/09\/CURSO-AVANZADO-DE-CATA-06.jpg\" data-orig-size=\"448,299\" data-comments-opened=\"1\" data-image-meta=\"{&quot;aperture&quot;:&quot;2.8&quot;,&quot;credit&quot;:&quot;&quot;,&quot;camera&quot;:&quot;NIKON D500&quot;,&quot;caption&quot;:&quot;&quot;,&quot;created_timestamp&quot;:&quot;1506103842&quot;,&quot;copyright&quot;:&quot;&quot;,&quot;focal_length&quot;:&quot;32&quot;,&quot;iso&quot;:&quot;640&quot;,&quot;shutter_speed&quot;:&quot;0.0125&quot;,&quot;title&quot;:&quot;&quot;,&quot;orientation&quot;:&quot;1&quot;}\" data-image-title=\"CURSO AVANZADO DE CATA 06\" data-image-description=\"\" data-medium-file=\"https:\/\/i0.wp.com\/centrodeolivaryaceite.com\/wp-content\/uploads\/2017\/09\/CURSO-AVANZADO-DE-CATA-06.jpg?fit=300%2C200&#038;ssl=1\" data-large-file=\"https:\/\/i0.wp.com\/centrodeolivaryaceite.com\/wp-content\/uploads\/2017\/09\/CURSO-AVANZADO-DE-CATA-06.jpg?fit=448%2C299&#038;ssl=1\" src=\"https:\/\/i0.wp.com\/centrodeolivaryaceite.com\/wp-content\/uploads\/2017\/09\/CURSO-AVANZADO-DE-CATA-06.jpg?w=355&#038;h=237&#038;ssl=1\" srcset=\"https:\/\/i0.wp.com\/centrodeolivaryaceite.com\/wp-content\/uploads\/2017\/09\/CURSO-AVANZADO-DE-CATA-06.jpg?w=448&amp;ssl=1 448w, https:\/\/i0.wp.com\/centrodeolivaryaceite.com\/wp-content\/uploads\/2017\/09\/CURSO-AVANZADO-DE-CATA-06.jpg?resize=300%2C200&amp;ssl=1 300w\" width=\"355\" height=\"237\" loading=\"lazy\" data-original-width=\"355\" data-original-height=\"237\" itemprop=\"http:\/\/schema.org\/image\" title=\"CURSO AVANZADO DE CATA 06\" alt=\"Alumnos en cata\" style=\"width: 355px; height: 237px;\" \/> <\/a> <\/div> <div class=\"tiled-gallery-item tiled-gallery-item-large\" itemprop=\"associatedMedia\" itemscope itemtype=\"http:\/\/schema.org\/ImageObject\"> <a href=\"https:\/\/centrodeolivaryaceite.com\/es\/el-curso-avanzado-de-cata-de-aceite-de-oliva-virgen-celebra-su-undecima-edicion\/curso-avanzado-de-cata-07\/\" border=\"0\" itemprop=\"url\"> <meta itemprop=\"width\" content=\"355\"> <meta itemprop=\"height\" content=\"237\"> <img decoding=\"async\" class=\"\" data-attachment-id=\"35144\" data-orig-file=\"https:\/\/centrodeolivaryaceite.com\/wp-content\/uploads\/2017\/09\/CURSO-AVANZADO-DE-CATA-07.jpg\" data-orig-size=\"448,299\" data-comments-opened=\"1\" data-image-meta=\"{&quot;aperture&quot;:&quot;2.8&quot;,&quot;credit&quot;:&quot;&quot;,&quot;camera&quot;:&quot;NIKON D500&quot;,&quot;caption&quot;:&quot;&quot;,&quot;created_timestamp&quot;:&quot;1506103851&quot;,&quot;copyright&quot;:&quot;&quot;,&quot;focal_length&quot;:&quot;17&quot;,&quot;iso&quot;:&quot;640&quot;,&quot;shutter_speed&quot;:&quot;0.0125&quot;,&quot;title&quot;:&quot;&quot;,&quot;orientation&quot;:&quot;1&quot;}\" data-image-title=\"CURSO AVANZADO DE CATA 07\" data-image-description=\"\" data-medium-file=\"https:\/\/i0.wp.com\/centrodeolivaryaceite.com\/wp-content\/uploads\/2017\/09\/CURSO-AVANZADO-DE-CATA-07.jpg?fit=300%2C200&#038;ssl=1\" data-large-file=\"https:\/\/i0.wp.com\/centrodeolivaryaceite.com\/wp-content\/uploads\/2017\/09\/CURSO-AVANZADO-DE-CATA-07.jpg?fit=448%2C299&#038;ssl=1\" src=\"https:\/\/i0.wp.com\/centrodeolivaryaceite.com\/wp-content\/uploads\/2017\/09\/CURSO-AVANZADO-DE-CATA-07.jpg?w=355&#038;h=237&#038;ssl=1\" srcset=\"https:\/\/i0.wp.com\/centrodeolivaryaceite.com\/wp-content\/uploads\/2017\/09\/CURSO-AVANZADO-DE-CATA-07.jpg?w=448&amp;ssl=1 448w, https:\/\/i0.wp.com\/centrodeolivaryaceite.com\/wp-content\/uploads\/2017\/09\/CURSO-AVANZADO-DE-CATA-07.jpg?resize=300%2C200&amp;ssl=1 300w\" width=\"355\" height=\"237\" loading=\"lazy\" data-original-width=\"355\" data-original-height=\"237\" itemprop=\"http:\/\/schema.org\/image\" title=\"CURSO AVANZADO DE CATA 07\" alt=\"Curso avanzado\" style=\"width: 355px; height: 237px;\" \/> <\/a> <\/div> <\/div> <!-- close group --> <div class=\"gallery-group images-1\" style=\"width: 721px; height: 482px;\" data-original-width=\"721\" data-original-height=\"482\" > <div class=\"tiled-gallery-item tiled-gallery-item-large\" itemprop=\"associatedMedia\" itemscope itemtype=\"http:\/\/schema.org\/ImageObject\"> <a href=\"https:\/\/centrodeolivaryaceite.com\/es\/el-curso-avanzado-de-cata-de-aceite-de-oliva-virgen-celebra-su-undecima-edicion\/curso-avanzado-de-cata-08\/\" border=\"0\" itemprop=\"url\"> <meta itemprop=\"width\" content=\"717\"> <meta itemprop=\"height\" content=\"478\"> <img decoding=\"async\" class=\"\" data-attachment-id=\"35145\" data-orig-file=\"https:\/\/centrodeolivaryaceite.com\/wp-content\/uploads\/2017\/09\/CURSO-AVANZADO-DE-CATA-08.jpg\" data-orig-size=\"448,299\" data-comments-opened=\"1\" data-image-meta=\"{&quot;aperture&quot;:&quot;2.8&quot;,&quot;credit&quot;:&quot;&quot;,&quot;camera&quot;:&quot;NIKON D500&quot;,&quot;caption&quot;:&quot;&quot;,&quot;created_timestamp&quot;:&quot;1506103866&quot;,&quot;copyright&quot;:&quot;&quot;,&quot;focal_length&quot;:&quot;17&quot;,&quot;iso&quot;:&quot;640&quot;,&quot;shutter_speed&quot;:&quot;0.0125&quot;,&quot;title&quot;:&quot;&quot;,&quot;orientation&quot;:&quot;1&quot;}\" data-image-title=\"CURSO AVANZADO DE CATA 08\" data-image-description=\"\" data-medium-file=\"https:\/\/i0.wp.com\/centrodeolivaryaceite.com\/wp-content\/uploads\/2017\/09\/CURSO-AVANZADO-DE-CATA-08.jpg?fit=300%2C200&#038;ssl=1\" data-large-file=\"https:\/\/i0.wp.com\/centrodeolivaryaceite.com\/wp-content\/uploads\/2017\/09\/CURSO-AVANZADO-DE-CATA-08.jpg?fit=448%2C299&#038;ssl=1\" src=\"https:\/\/i0.wp.com\/centrodeolivaryaceite.com\/wp-content\/uploads\/2017\/09\/CURSO-AVANZADO-DE-CATA-08.jpg?w=717&#038;h=478&#038;ssl=1\" srcset=\"https:\/\/i0.wp.com\/centrodeolivaryaceite.com\/wp-content\/uploads\/2017\/09\/CURSO-AVANZADO-DE-CATA-08.jpg?w=448&amp;ssl=1 448w, https:\/\/i0.wp.com\/centrodeolivaryaceite.com\/wp-content\/uploads\/2017\/09\/CURSO-AVANZADO-DE-CATA-08.jpg?resize=300%2C200&amp;ssl=1 300w\" width=\"717\" height=\"478\" loading=\"lazy\" data-original-width=\"717\" data-original-height=\"478\" itemprop=\"http:\/\/schema.org\/image\" title=\"CURSO AVANZADO DE CATA 08\" alt=\"Cata en el Centro\" style=\"width: 717px; height: 478px;\" \/> <\/a> <\/div> <\/div> <!-- close group --> <\/div> <!-- close row --> <div class=\"gallery-row\" style=\"width: 1080px; height: 362px;\" data-original-width=\"1080\" data-original-height=\"362\" > <div class=\"gallery-group images-1\" style=\"width: 540px; height: 362px;\" data-original-width=\"540\" data-original-height=\"362\" > <div class=\"tiled-gallery-item tiled-gallery-item-large\" itemprop=\"associatedMedia\" itemscope itemtype=\"http:\/\/schema.org\/ImageObject\"> <a href=\"https:\/\/centrodeolivaryaceite.com\/es\/el-curso-avanzado-de-cata-de-aceite-de-oliva-virgen-celebra-su-undecima-edicion\/curso-avanzado-de-cata-09\/\" border=\"0\" itemprop=\"url\"> <meta itemprop=\"width\" content=\"536\"> <meta itemprop=\"height\" content=\"358\"> <img decoding=\"async\" class=\"\" data-attachment-id=\"35146\" data-orig-file=\"https:\/\/centrodeolivaryaceite.com\/wp-content\/uploads\/2017\/09\/CURSO-AVANZADO-DE-CATA-09.jpg\" data-orig-size=\"448,299\" data-comments-opened=\"1\" data-image-meta=\"{&quot;aperture&quot;:&quot;2.8&quot;,&quot;credit&quot;:&quot;&quot;,&quot;camera&quot;:&quot;NIKON D500&quot;,&quot;caption&quot;:&quot;&quot;,&quot;created_timestamp&quot;:&quot;1506103872&quot;,&quot;copyright&quot;:&quot;&quot;,&quot;focal_length&quot;:&quot;28&quot;,&quot;iso&quot;:&quot;640&quot;,&quot;shutter_speed&quot;:&quot;0.0125&quot;,&quot;title&quot;:&quot;&quot;,&quot;orientation&quot;:&quot;1&quot;}\" data-image-title=\"CURSO AVANZADO DE CATA 09\" data-image-description=\"\" data-medium-file=\"https:\/\/i0.wp.com\/centrodeolivaryaceite.com\/wp-content\/uploads\/2017\/09\/CURSO-AVANZADO-DE-CATA-09.jpg?fit=300%2C200&#038;ssl=1\" data-large-file=\"https:\/\/i0.wp.com\/centrodeolivaryaceite.com\/wp-content\/uploads\/2017\/09\/CURSO-AVANZADO-DE-CATA-09.jpg?fit=448%2C299&#038;ssl=1\" src=\"https:\/\/i0.wp.com\/centrodeolivaryaceite.com\/wp-content\/uploads\/2017\/09\/CURSO-AVANZADO-DE-CATA-09.jpg?w=536&#038;h=358&#038;ssl=1\" srcset=\"https:\/\/i0.wp.com\/centrodeolivaryaceite.com\/wp-content\/uploads\/2017\/09\/CURSO-AVANZADO-DE-CATA-09.jpg?w=448&amp;ssl=1 448w, https:\/\/i0.wp.com\/centrodeolivaryaceite.com\/wp-content\/uploads\/2017\/09\/CURSO-AVANZADO-DE-CATA-09.jpg?resize=300%2C200&amp;ssl=1 300w\" width=\"536\" height=\"358\" loading=\"lazy\" data-original-width=\"536\" data-original-height=\"358\" itemprop=\"http:\/\/schema.org\/image\" title=\"CURSO AVANZADO DE CATA 09\" alt=\"Cata\" style=\"width: 536px; height: 358px;\" \/> <\/a> <\/div> <\/div> <!-- close group --> <div class=\"gallery-group images-1\" style=\"width: 540px; height: 362px;\" data-original-width=\"540\" data-original-height=\"362\" > <div class=\"tiled-gallery-item tiled-gallery-item-large\" itemprop=\"associatedMedia\" itemscope itemtype=\"http:\/\/schema.org\/ImageObject\"> <a href=\"https:\/\/centrodeolivaryaceite.com\/es\/el-curso-avanzado-de-cata-de-aceite-de-oliva-virgen-celebra-su-undecima-edicion\/curso-avanzado-de-cata-10\/\" border=\"0\" itemprop=\"url\"> <meta itemprop=\"width\" content=\"536\"> <meta itemprop=\"height\" content=\"358\"> <img decoding=\"async\" class=\"\" data-attachment-id=\"35147\" data-orig-file=\"https:\/\/centrodeolivaryaceite.com\/wp-content\/uploads\/2017\/09\/CURSO-AVANZADO-DE-CATA-10.jpg\" data-orig-size=\"448,299\" data-comments-opened=\"1\" data-image-meta=\"{&quot;aperture&quot;:&quot;2.8&quot;,&quot;credit&quot;:&quot;&quot;,&quot;camera&quot;:&quot;NIKON D500&quot;,&quot;caption&quot;:&quot;&quot;,&quot;created_timestamp&quot;:&quot;1506103932&quot;,&quot;copyright&quot;:&quot;&quot;,&quot;focal_length&quot;:&quot;24&quot;,&quot;iso&quot;:&quot;640&quot;,&quot;shutter_speed&quot;:&quot;0.0125&quot;,&quot;title&quot;:&quot;&quot;,&quot;orientation&quot;:&quot;1&quot;}\" data-image-title=\"CURSO AVANZADO DE CATA 10\" data-image-description=\"\" data-medium-file=\"https:\/\/i0.wp.com\/centrodeolivaryaceite.com\/wp-content\/uploads\/2017\/09\/CURSO-AVANZADO-DE-CATA-10.jpg?fit=300%2C200&#038;ssl=1\" data-large-file=\"https:\/\/i0.wp.com\/centrodeolivaryaceite.com\/wp-content\/uploads\/2017\/09\/CURSO-AVANZADO-DE-CATA-10.jpg?fit=448%2C299&#038;ssl=1\" src=\"https:\/\/i0.wp.com\/centrodeolivaryaceite.com\/wp-content\/uploads\/2017\/09\/CURSO-AVANZADO-DE-CATA-10.jpg?w=536&#038;h=358&#038;ssl=1\" srcset=\"https:\/\/i0.wp.com\/centrodeolivaryaceite.com\/wp-content\/uploads\/2017\/09\/CURSO-AVANZADO-DE-CATA-10.jpg?w=448&amp;ssl=1 448w, https:\/\/i0.wp.com\/centrodeolivaryaceite.com\/wp-content\/uploads\/2017\/09\/CURSO-AVANZADO-DE-CATA-10.jpg?resize=300%2C200&amp;ssl=1 300w\" width=\"536\" height=\"358\" loading=\"lazy\" data-original-width=\"536\" data-original-height=\"358\" itemprop=\"http:\/\/schema.org\/image\" title=\"CURSO AVANZADO DE CATA 10\" alt=\"AOVE y cata\" style=\"width: 536px; height: 358px;\" \/> <\/a> <\/div> <\/div> <!-- close group --> <\/div> <!-- close row --> <div class=\"gallery-row\" style=\"width: 1080px; height: 482px;\" data-original-width=\"1080\" data-original-height=\"482\" > <div class=\"gallery-group images-1\" style=\"width: 721px; height: 482px;\" data-original-width=\"721\" data-original-height=\"482\" > <div class=\"tiled-gallery-item tiled-gallery-item-large\" itemprop=\"associatedMedia\" itemscope itemtype=\"http:\/\/schema.org\/ImageObject\"> <a href=\"https:\/\/centrodeolivaryaceite.com\/es\/el-curso-avanzado-de-cata-de-aceite-de-oliva-virgen-celebra-su-undecima-edicion\/curso-avanzado-de-cata-11\/\" border=\"0\" itemprop=\"url\"> <meta itemprop=\"width\" content=\"717\"> <meta itemprop=\"height\" content=\"478\"> <img decoding=\"async\" class=\"\" data-attachment-id=\"35148\" data-orig-file=\"https:\/\/centrodeolivaryaceite.com\/wp-content\/uploads\/2017\/09\/CURSO-AVANZADO-DE-CATA-11.jpg\" data-orig-size=\"448,299\" data-comments-opened=\"1\" data-image-meta=\"{&quot;aperture&quot;:&quot;2.8&quot;,&quot;credit&quot;:&quot;&quot;,&quot;camera&quot;:&quot;NIKON D500&quot;,&quot;caption&quot;:&quot;&quot;,&quot;created_timestamp&quot;:&quot;1506103944&quot;,&quot;copyright&quot;:&quot;&quot;,&quot;focal_length&quot;:&quot;30&quot;,&quot;iso&quot;:&quot;640&quot;,&quot;shutter_speed&quot;:&quot;0.0125&quot;,&quot;title&quot;:&quot;&quot;,&quot;orientation&quot;:&quot;1&quot;}\" data-image-title=\"CURSO AVANZADO DE CATA 11\" data-image-description=\"\" data-medium-file=\"https:\/\/i0.wp.com\/centrodeolivaryaceite.com\/wp-content\/uploads\/2017\/09\/CURSO-AVANZADO-DE-CATA-11.jpg?fit=300%2C200&#038;ssl=1\" data-large-file=\"https:\/\/i0.wp.com\/centrodeolivaryaceite.com\/wp-content\/uploads\/2017\/09\/CURSO-AVANZADO-DE-CATA-11.jpg?fit=448%2C299&#038;ssl=1\" src=\"https:\/\/i0.wp.com\/centrodeolivaryaceite.com\/wp-content\/uploads\/2017\/09\/CURSO-AVANZADO-DE-CATA-11.jpg?w=717&#038;h=478&#038;ssl=1\" srcset=\"https:\/\/i0.wp.com\/centrodeolivaryaceite.com\/wp-content\/uploads\/2017\/09\/CURSO-AVANZADO-DE-CATA-11.jpg?w=448&amp;ssl=1 448w, https:\/\/i0.wp.com\/centrodeolivaryaceite.com\/wp-content\/uploads\/2017\/09\/CURSO-AVANZADO-DE-CATA-11.jpg?resize=300%2C200&amp;ssl=1 300w\" width=\"717\" height=\"478\" loading=\"lazy\" data-original-width=\"717\" data-original-height=\"478\" itemprop=\"http:\/\/schema.org\/image\" title=\"CURSO AVANZADO DE CATA 11\" alt=\"Identificando aromas\" style=\"width: 717px; height: 478px;\" \/> <\/a> <\/div> <\/div> <!-- close group --> <div class=\"gallery-group images-2\" style=\"width: 359px; height: 482px;\" data-original-width=\"359\" data-original-height=\"482\" > <div class=\"tiled-gallery-item tiled-gallery-item-large\" itemprop=\"associatedMedia\" itemscope itemtype=\"http:\/\/schema.org\/ImageObject\"> <a href=\"https:\/\/centrodeolivaryaceite.com\/es\/el-curso-avanzado-de-cata-de-aceite-de-oliva-virgen-celebra-su-undecima-edicion\/curso-avanzado-de-cata-12\/\" border=\"0\" itemprop=\"url\"> <meta itemprop=\"width\" content=\"355\"> <meta itemprop=\"height\" content=\"237\"> <img decoding=\"async\" class=\"\" data-attachment-id=\"35149\" data-orig-file=\"https:\/\/centrodeolivaryaceite.com\/wp-content\/uploads\/2017\/09\/CURSO-AVANZADO-DE-CATA-12.jpg\" data-orig-size=\"448,299\" data-comments-opened=\"1\" data-image-meta=\"{&quot;aperture&quot;:&quot;2.8&quot;,&quot;credit&quot;:&quot;&quot;,&quot;camera&quot;:&quot;NIKON D500&quot;,&quot;caption&quot;:&quot;&quot;,&quot;created_timestamp&quot;:&quot;1506103959&quot;,&quot;copyright&quot;:&quot;&quot;,&quot;focal_length&quot;:&quot;38&quot;,&quot;iso&quot;:&quot;640&quot;,&quot;shutter_speed&quot;:&quot;0.0125&quot;,&quot;title&quot;:&quot;&quot;,&quot;orientation&quot;:&quot;1&quot;}\" data-image-title=\"CURSO AVANZADO DE CATA 12\" data-image-description=\"\" data-medium-file=\"https:\/\/i0.wp.com\/centrodeolivaryaceite.com\/wp-content\/uploads\/2017\/09\/CURSO-AVANZADO-DE-CATA-12.jpg?fit=300%2C200&#038;ssl=1\" data-large-file=\"https:\/\/i0.wp.com\/centrodeolivaryaceite.com\/wp-content\/uploads\/2017\/09\/CURSO-AVANZADO-DE-CATA-12.jpg?fit=448%2C299&#038;ssl=1\" src=\"https:\/\/i0.wp.com\/centrodeolivaryaceite.com\/wp-content\/uploads\/2017\/09\/CURSO-AVANZADO-DE-CATA-12.jpg?w=355&#038;h=237&#038;ssl=1\" srcset=\"https:\/\/i0.wp.com\/centrodeolivaryaceite.com\/wp-content\/uploads\/2017\/09\/CURSO-AVANZADO-DE-CATA-12.jpg?w=448&amp;ssl=1 448w, https:\/\/i0.wp.com\/centrodeolivaryaceite.com\/wp-content\/uploads\/2017\/09\/CURSO-AVANZADO-DE-CATA-12.jpg?resize=300%2C200&amp;ssl=1 300w\" width=\"355\" height=\"237\" loading=\"lazy\" data-original-width=\"355\" data-original-height=\"237\" itemprop=\"http:\/\/schema.org\/image\" title=\"CURSO AVANZADO DE CATA 12\" alt=\"Catar AOVEs\" style=\"width: 355px; height: 237px;\" \/> <\/a> <\/div> <div class=\"tiled-gallery-item tiled-gallery-item-large\" itemprop=\"associatedMedia\" itemscope itemtype=\"http:\/\/schema.org\/ImageObject\"> <a href=\"https:\/\/centrodeolivaryaceite.com\/es\/el-curso-avanzado-de-cata-de-aceite-de-oliva-virgen-celebra-su-undecima-edicion\/curso-avanzado-de-cata-13\/\" border=\"0\" itemprop=\"url\"> <meta itemprop=\"width\" content=\"355\"> <meta itemprop=\"height\" content=\"237\"> <img decoding=\"async\" class=\"\" data-attachment-id=\"35150\" data-orig-file=\"https:\/\/centrodeolivaryaceite.com\/wp-content\/uploads\/2017\/09\/CURSO-AVANZADO-DE-CATA-13.jpg\" data-orig-size=\"448,299\" data-comments-opened=\"1\" data-image-meta=\"{&quot;aperture&quot;:&quot;2.8&quot;,&quot;credit&quot;:&quot;&quot;,&quot;camera&quot;:&quot;NIKON D500&quot;,&quot;caption&quot;:&quot;&quot;,&quot;created_timestamp&quot;:&quot;1506103984&quot;,&quot;copyright&quot;:&quot;&quot;,&quot;focal_length&quot;:&quot;20&quot;,&quot;iso&quot;:&quot;640&quot;,&quot;shutter_speed&quot;:&quot;0.0125&quot;,&quot;title&quot;:&quot;&quot;,&quot;orientation&quot;:&quot;1&quot;}\" data-image-title=\"CURSO AVANZADO DE CATA 13\" data-image-description=\"\" data-medium-file=\"https:\/\/i0.wp.com\/centrodeolivaryaceite.com\/wp-content\/uploads\/2017\/09\/CURSO-AVANZADO-DE-CATA-13.jpg?fit=300%2C200&#038;ssl=1\" data-large-file=\"https:\/\/i0.wp.com\/centrodeolivaryaceite.com\/wp-content\/uploads\/2017\/09\/CURSO-AVANZADO-DE-CATA-13.jpg?fit=448%2C299&#038;ssl=1\" src=\"https:\/\/i0.wp.com\/centrodeolivaryaceite.com\/wp-content\/uploads\/2017\/09\/CURSO-AVANZADO-DE-CATA-13.jpg?w=355&#038;h=237&#038;ssl=1\" srcset=\"https:\/\/i0.wp.com\/centrodeolivaryaceite.com\/wp-content\/uploads\/2017\/09\/CURSO-AVANZADO-DE-CATA-13.jpg?w=448&amp;ssl=1 448w, https:\/\/i0.wp.com\/centrodeolivaryaceite.com\/wp-content\/uploads\/2017\/09\/CURSO-AVANZADO-DE-CATA-13.jpg?resize=300%2C200&amp;ssl=1 300w\" width=\"355\" height=\"237\" loading=\"lazy\" data-original-width=\"355\" data-original-height=\"237\" itemprop=\"http:\/\/schema.org\/image\" title=\"CURSO AVANZADO DE CATA 13\" alt=\"Cata avanzada\" style=\"width: 355px; height: 237px;\" \/> <\/a> <\/div> <\/div> <!-- close group --> <\/div> <!-- close row --> <div class=\"gallery-row\" style=\"width: 1080px; height: 242px;\" data-original-width=\"1080\" data-original-height=\"242\" > <div class=\"gallery-group images-1\" style=\"width: 360px; height: 242px;\" data-original-width=\"360\" data-original-height=\"242\" > <div class=\"tiled-gallery-item tiled-gallery-item-large\" itemprop=\"associatedMedia\" itemscope itemtype=\"http:\/\/schema.org\/ImageObject\"> <a href=\"https:\/\/centrodeolivaryaceite.com\/es\/el-curso-avanzado-de-cata-de-aceite-de-oliva-virgen-celebra-su-undecima-edicion\/curso-avanzado-de-cata-14\/\" border=\"0\" itemprop=\"url\"> <meta itemprop=\"width\" content=\"356\"> <meta itemprop=\"height\" content=\"238\"> <img decoding=\"async\" class=\"\" data-attachment-id=\"35151\" data-orig-file=\"https:\/\/centrodeolivaryaceite.com\/wp-content\/uploads\/2017\/09\/CURSO-AVANZADO-DE-CATA-14.jpg\" data-orig-size=\"448,299\" data-comments-opened=\"1\" data-image-meta=\"{&quot;aperture&quot;:&quot;2.8&quot;,&quot;credit&quot;:&quot;&quot;,&quot;camera&quot;:&quot;NIKON D500&quot;,&quot;caption&quot;:&quot;&quot;,&quot;created_timestamp&quot;:&quot;1506103991&quot;,&quot;copyright&quot;:&quot;&quot;,&quot;focal_length&quot;:&quot;50&quot;,&quot;iso&quot;:&quot;640&quot;,&quot;shutter_speed&quot;:&quot;0.0125&quot;,&quot;title&quot;:&quot;&quot;,&quot;orientation&quot;:&quot;1&quot;}\" data-image-title=\"CURSO AVANZADO DE CATA 14\" data-image-description=\"\" data-medium-file=\"https:\/\/i0.wp.com\/centrodeolivaryaceite.com\/wp-content\/uploads\/2017\/09\/CURSO-AVANZADO-DE-CATA-14.jpg?fit=300%2C200&#038;ssl=1\" data-large-file=\"https:\/\/i0.wp.com\/centrodeolivaryaceite.com\/wp-content\/uploads\/2017\/09\/CURSO-AVANZADO-DE-CATA-14.jpg?fit=448%2C299&#038;ssl=1\" src=\"https:\/\/i0.wp.com\/centrodeolivaryaceite.com\/wp-content\/uploads\/2017\/09\/CURSO-AVANZADO-DE-CATA-14.jpg?w=356&#038;h=238&#038;ssl=1\" srcset=\"https:\/\/i0.wp.com\/centrodeolivaryaceite.com\/wp-content\/uploads\/2017\/09\/CURSO-AVANZADO-DE-CATA-14.jpg?w=448&amp;ssl=1 448w, https:\/\/i0.wp.com\/centrodeolivaryaceite.com\/wp-content\/uploads\/2017\/09\/CURSO-AVANZADO-DE-CATA-14.jpg?resize=300%2C200&amp;ssl=1 300w\" width=\"356\" height=\"238\" loading=\"lazy\" data-original-width=\"356\" data-original-height=\"238\" itemprop=\"http:\/\/schema.org\/image\" title=\"CURSO AVANZADO DE CATA 14\" alt=\"Ordenando copas\" style=\"width: 356px; height: 238px;\" \/> <\/a> <\/div> <\/div> <!-- close group --> <div class=\"gallery-group images-1\" style=\"width: 360px; height: 242px;\" data-original-width=\"360\" data-original-height=\"242\" > <div class=\"tiled-gallery-item tiled-gallery-item-large\" itemprop=\"associatedMedia\" itemscope itemtype=\"http:\/\/schema.org\/ImageObject\"> <a href=\"https:\/\/centrodeolivaryaceite.com\/es\/el-curso-avanzado-de-cata-de-aceite-de-oliva-virgen-celebra-su-undecima-edicion\/curso-avanzado-de-cata-15\/\" border=\"0\" itemprop=\"url\"> <meta itemprop=\"width\" content=\"356\"> <meta itemprop=\"height\" content=\"238\"> <img decoding=\"async\" class=\"\" data-attachment-id=\"35152\" data-orig-file=\"https:\/\/centrodeolivaryaceite.com\/wp-content\/uploads\/2017\/09\/CURSO-AVANZADO-DE-CATA-15.jpg\" data-orig-size=\"448,299\" data-comments-opened=\"1\" data-image-meta=\"{&quot;aperture&quot;:&quot;2.8&quot;,&quot;credit&quot;:&quot;&quot;,&quot;camera&quot;:&quot;NIKON D500&quot;,&quot;caption&quot;:&quot;&quot;,&quot;created_timestamp&quot;:&quot;1506104022&quot;,&quot;copyright&quot;:&quot;&quot;,&quot;focal_length&quot;:&quot;45&quot;,&quot;iso&quot;:&quot;640&quot;,&quot;shutter_speed&quot;:&quot;0.0125&quot;,&quot;title&quot;:&quot;&quot;,&quot;orientation&quot;:&quot;1&quot;}\" data-image-title=\"CURSO AVANZADO DE CATA 15\" data-image-description=\"\" data-medium-file=\"https:\/\/i0.wp.com\/centrodeolivaryaceite.com\/wp-content\/uploads\/2017\/09\/CURSO-AVANZADO-DE-CATA-15.jpg?fit=300%2C200&#038;ssl=1\" data-large-file=\"https:\/\/i0.wp.com\/centrodeolivaryaceite.com\/wp-content\/uploads\/2017\/09\/CURSO-AVANZADO-DE-CATA-15.jpg?fit=448%2C299&#038;ssl=1\" src=\"https:\/\/i0.wp.com\/centrodeolivaryaceite.com\/wp-content\/uploads\/2017\/09\/CURSO-AVANZADO-DE-CATA-15.jpg?w=356&#038;h=238&#038;ssl=1\" srcset=\"https:\/\/i0.wp.com\/centrodeolivaryaceite.com\/wp-content\/uploads\/2017\/09\/CURSO-AVANZADO-DE-CATA-15.jpg?w=448&amp;ssl=1 448w, https:\/\/i0.wp.com\/centrodeolivaryaceite.com\/wp-content\/uploads\/2017\/09\/CURSO-AVANZADO-DE-CATA-15.jpg?resize=300%2C200&amp;ssl=1 300w\" width=\"356\" height=\"238\" loading=\"lazy\" data-original-width=\"356\" data-original-height=\"238\" itemprop=\"http:\/\/schema.org\/image\" title=\"CURSO AVANZADO DE CATA 15\" alt=\"Oliendo en cata\" style=\"width: 356px; height: 238px;\" \/> <\/a> <\/div> <\/div> <!-- close group --> <div class=\"gallery-group images-1\" style=\"width: 360px; height: 242px;\" data-original-width=\"360\" data-original-height=\"242\" > <div class=\"tiled-gallery-item tiled-gallery-item-large\" itemprop=\"associatedMedia\" itemscope itemtype=\"http:\/\/schema.org\/ImageObject\"> <a href=\"https:\/\/centrodeolivaryaceite.com\/es\/el-curso-avanzado-de-cata-de-aceite-de-oliva-virgen-celebra-su-undecima-edicion\/curso-avanzado-de-cata-16\/\" border=\"0\" itemprop=\"url\"> <meta itemprop=\"width\" content=\"356\"> <meta itemprop=\"height\" content=\"238\"> <img decoding=\"async\" class=\"\" data-attachment-id=\"35153\" data-orig-file=\"https:\/\/centrodeolivaryaceite.com\/wp-content\/uploads\/2017\/09\/CURSO-AVANZADO-DE-CATA-16.jpg\" data-orig-size=\"448,299\" data-comments-opened=\"1\" data-image-meta=\"{&quot;aperture&quot;:&quot;2.8&quot;,&quot;credit&quot;:&quot;&quot;,&quot;camera&quot;:&quot;NIKON D500&quot;,&quot;caption&quot;:&quot;&quot;,&quot;created_timestamp&quot;:&quot;1506104043&quot;,&quot;copyright&quot;:&quot;&quot;,&quot;focal_length&quot;:&quot;55&quot;,&quot;iso&quot;:&quot;640&quot;,&quot;shutter_speed&quot;:&quot;0.0166666666667&quot;,&quot;title&quot;:&quot;&quot;,&quot;orientation&quot;:&quot;1&quot;}\" data-image-title=\"CURSO AVANZADO DE CATA 16\" data-image-description=\"\" data-medium-file=\"https:\/\/i0.wp.com\/centrodeolivaryaceite.com\/wp-content\/uploads\/2017\/09\/CURSO-AVANZADO-DE-CATA-16.jpg?fit=300%2C200&#038;ssl=1\" data-large-file=\"https:\/\/i0.wp.com\/centrodeolivaryaceite.com\/wp-content\/uploads\/2017\/09\/CURSO-AVANZADO-DE-CATA-16.jpg?fit=448%2C299&#038;ssl=1\" src=\"https:\/\/i0.wp.com\/centrodeolivaryaceite.com\/wp-content\/uploads\/2017\/09\/CURSO-AVANZADO-DE-CATA-16.jpg?w=356&#038;h=238&#038;ssl=1\" srcset=\"https:\/\/i0.wp.com\/centrodeolivaryaceite.com\/wp-content\/uploads\/2017\/09\/CURSO-AVANZADO-DE-CATA-16.jpg?w=448&amp;ssl=1 448w, https:\/\/i0.wp.com\/centrodeolivaryaceite.com\/wp-content\/uploads\/2017\/09\/CURSO-AVANZADO-DE-CATA-16.jpg?resize=300%2C200&amp;ssl=1 300w\" width=\"356\" height=\"238\" loading=\"lazy\" data-original-width=\"356\" data-original-height=\"238\" itemprop=\"http:\/\/schema.org\/image\" title=\"CURSO AVANZADO DE CATA 16\" alt=\"Cata\" style=\"width: 356px; height: 238px;\" \/> <\/a> <\/div> <\/div> <!-- close group --> <\/div> <!-- close row --> <\/div>\n<p>mejores profesionales del sector.<br \/>\n[\/et_pb_text][et_pb_comments _builder_version=\u00bb4.16&#8243; use_border_color=\u00bboff\u00bb border_color=\u00bb#ffffff\u00bb border_style=\u00bbsolid\u00bb button_letter_spacing_hover=\u00bb0&#8243; global_colors_info=\u00bb{}\u00bb button_text_size__hover_enabled=\u00bboff\u00bb button_one_text_size__hover_enabled=\u00bboff\u00bb button_two_text_size__hover_enabled=\u00bboff\u00bb button_text_color__hover_enabled=\u00bboff\u00bb button_one_text_color__hover_enabled=\u00bboff\u00bb button_two_text_color__hover_enabled=\u00bboff\u00bb button_border_width__hover_enabled=\u00bboff\u00bb button_one_border_width__hover_enabled=\u00bboff\u00bb button_two_border_width__hover_enabled=\u00bboff\u00bb button_border_color__hover_enabled=\u00bboff\u00bb button_one_border_color__hover_enabled=\u00bboff\u00bb button_two_border_color__hover_enabled=\u00bboff\u00bb button_border_radius__hover_enabled=\u00bboff\u00bb button_one_border_radius__hover_enabled=\u00bboff\u00bb button_two_border_radius__hover_enabled=\u00bboff\u00bb button_letter_spacing__hover_enabled=\u00bbon\u00bb button_letter_spacing__hover=\u00bb0&#8243; button_one_letter_spacing__hover_enabled=\u00bboff\u00bb button_two_letter_spacing__hover_enabled=\u00bboff\u00bb button_bg_color__hover_enabled=\u00bboff\u00bb button_one_bg_color__hover_enabled=\u00bboff\u00bb button_two_bg_color__hover_enabled=\u00bboff\u00bb][\/et_pb_comments][\/et_pb_column_inner][\/et_pb_row_inner][\/et_pb_column][et_pb_column type=\u00bb1_3&#8243; _builder_version=\u00bb4.16&#8243; custom_padding=\u00bb|||\u00bb global_colors_info=\u00bb{}\u00bb custom_padding__hover=\u00bb|||\u00bb][et_pb_sidebar orientation=\u00bbright\u00bb area=\u00bbsidebar-1&#8243; _builder_version=\u00bb4.16&#8243; remove_border=\u00bboff\u00bb global_colors_info=\u00bb{}\u00bb][\/et_pb_sidebar][\/et_pb_column][\/et_pb_section][et_pb_section fb_built=\u00bb1&#8243; custom_padding_last_edited=\u00bbon|desktop\u00bb disabled_on=\u00bbon|on|on\u00bb _builder_version=\u00bb3.0.92&#8243; background_color=\u00bb#dedacf\u00bb custom_padding_tablet=\u00bb50px|0|50px|0&#8243; padding_mobile=\u00bboff\u00bb disabled=\u00bbon\u00bb global_module=\u00bb5116&#8243; collapsed=\u00bboff\u00bb global_colors_info=\u00bb{}\u00bb custom_padding_phone=\u00bb50px|0|50px|0&#8243;][et_pb_row _builder_version=\u00bb4.16&#8243; global_colors_info=\u00bb{}\u00bb][et_pb_column type=\u00bb4_4&#8243; _builder_version=\u00bb4.16&#8243; custom_padding=\u00bb|||\u00bb global_colors_info=\u00bb{}\u00bb custom_padding__hover=\u00bb|||\u00bb][\/et_pb_column][\/et_pb_row][\/et_pb_section][et_pb_section fb_built=\u00bb1&#8243; custom_padding_last_edited=\u00bbon|desktop\u00bb _builder_version=\u00bb3.22&#8243; background_color=\u00bb#ffffff\u00bb custom_padding=\u00bb10px||0px|\u00bb custom_padding_tablet=\u00bb50px|0|50px|0&#8243; transparent_background=\u00bboff\u00bb padding_mobile=\u00bboff\u00bb make_fullwidth=\u00bboff\u00bb use_custom_width=\u00bboff\u00bb width_unit=\u00bbon\u00bb global_module=\u00bb5115&#8243; collapsed=\u00bboff\u00bb global_colors_info=\u00bb{}\u00bb custom_padding_phone=\u00bb50px|0|50px|0&#8243;][et_pb_row padding_mobile=\u00bboff\u00bb column_padding_mobile=\u00bbon\u00bb _builder_version=\u00bb4.16&#8243; background_size=\u00bbinitial\u00bb background_position=\u00bbtop_left\u00bb background_repeat=\u00bbrepeat\u00bb max_width=\u00bb1080px\u00bb custom_padding=\u00bb0px||0px|\u00bb make_fullwidth=\u00bboff\u00bb use_custom_width=\u00bboff\u00bb width_unit=\u00bbon\u00bb global_colors_info=\u00bb{}\u00bb][\/et_pb_row][\/et_pb_section][et_pb_section fb_built=\u00bb1&#8243; _builder_version=\u00bb4.16&#8243; global_colors_info=\u00bb{}\u00bb][et_pb_row _builder_version=\u00bb4.16&#8243; background_size=\u00bbinitial\u00bb background_position=\u00bbtop_left\u00bb background_repeat=\u00bbrepeat\u00bb global_colors_info=\u00bb{}\u00bb][\/et_pb_row][\/et_pb_section]<\/p>\n","protected":false},"excerpt":{"rendered":"<p>En el\u00a0 Centro de Interpretaci\u00f3n \u201cOlivar y Aceite\u201d, siempre hay un sitio reservado para la formaci\u00f3n, pues sin conocimientos no se puede amar ni apreciar el aceite de oliva virgen extra. As\u00ed la nueva temporada de formaci\u00f3n de la entidad arranc\u00f3 los d\u00edas 22 y 23 de septiembre con la celebraci\u00f3n de la und\u00e9cima edici\u00f3n [&hellip;]<\/p>\n","protected":false},"author":1,"featured_media":35137,"comment_status":"open","ping_status":"open","sticky":false,"template":"","format":"standard","meta":{"_et_pb_use_builder":"on","_et_pb_old_content":"","_et_gb_content_width":"","_jetpack_memberships_contains_paid_content":false,"footnotes":""},"categories":[1],"tags":[],"class_list":["post-35134","post","type-post","status-publish","format-standard","has-post-thumbnail","hentry","category-general"],"jetpack_featured_media_url":"https:\/\/i0.wp.com\/centrodeolivaryaceite.com\/wp-content\/uploads\/2017\/09\/Copia-de-CURSO-AVANZADO-DE-CATA-09.jpg?fit=1024%2C683&ssl=1","jetpack_sharing_enabled":true,"jetpack_shortlink":"https:\/\/wp.me\/p95A9q-98G","_links":{"self":[{"href":"https:\/\/centrodeolivaryaceite.com\/es\/wp-json\/wp\/v2\/posts\/35134\/"}],"collection":[{"href":"https:\/\/centrodeolivaryaceite.com\/es\/wp-json\/wp\/v2\/posts\/"}],"about":[{"href":"https:\/\/centrodeolivaryaceite.com\/es\/wp-json\/wp\/v2\/types\/post\/"}],"author":[{"embeddable":true,"href":"https:\/\/centrodeolivaryaceite.com\/es\/wp-json\/wp\/v2\/users\/1\/"}],"replies":[{"embeddable":true,"href":"https:\/\/centrodeolivaryaceite.com\/es\/wp-json\/wp\/v2\/comments\/?post=35134"}],"version-history":[{"count":0,"href":"https:\/\/centrodeolivaryaceite.com\/es\/wp-json\/wp\/v2\/posts\/35134\/revisions\/"}],"wp:featuredmedia":[{"embeddable":true,"href":"https:\/\/centrodeolivaryaceite.com\/es\/wp-json\/wp\/v2\/media\/35137\/"}],"wp:attachment":[{"href":"https:\/\/centrodeolivaryaceite.com\/es\/wp-json\/wp\/v2\/media\/?parent=35134"}],"wp:term":[{"taxonomy":"category","embeddable":true,"href":"https:\/\/centrodeolivaryaceite.com\/es\/wp-json\/wp\/v2\/categories\/?post=35134"},{"taxonomy":"post_tag","embeddable":true,"href":"https:\/\/centrodeolivaryaceite.com\/es\/wp-json\/wp\/v2\/tags\/?post=35134"}],"curies":[{"name":"wp","href":"https:\/\/api.w.org\/{rel}","templated":true}]}}