{"id":3529,"date":"2014-10-26T13:24:27","date_gmt":"2014-10-26T13:24:27","guid":{"rendered":"http:\/\/centrodeolivaryaceitelaloma.com\/copiablog\/?p=3529"},"modified":"2022-07-29T11:13:37","modified_gmt":"2022-07-29T11:13:37","slug":"la-historia-del-olivo-roma","status":"publish","type":"post","link":"https:\/\/centrodeolivaryaceite.com\/es\/la-historia-del-olivo-roma\/","title":{"rendered":"La Historia del Olivo: Roma"},"content":{"rendered":"<p>[et_pb_section fb_built=\u00bb1&#8243; fullwidth=\u00bbon\u00bb custom_padding_last_edited=\u00bbon|desktop\u00bb admin_label=\u00bbSecci\u00f3n\u00bb _builder_version=\u00bb3.22&#8243; background_color=\u00bb#ffffff\u00bb background_image=\u00bbhttp:\/\/centrodeolivaryaceite.com\/wp-content\/uploads\/2016\/06\/page_header_bg_blue.jpg\u00bb custom_padding_tablet=\u00bb50px|0|50px|0&#8243; transparent_background=\u00bboff\u00bb padding_mobile=\u00bboff\u00bb make_fullwidth=\u00bboff\u00bb use_custom_width=\u00bboff\u00bb width_unit=\u00bbon\u00bb global_module=\u00bb5294&#8243; locked=\u00bboff\u00bb collapsed=\u00bboff\u00bb global_colors_info=\u00bb{}\u00bb custom_padding_phone=\u00bb50px|0|50px|0&#8243;][et_pb_fullwidth_post_title meta=\u00bboff\u00bb featured_image=\u00bboff\u00bb text_color=\u00bblight\u00bb text_background=\u00bbon\u00bb text_bg_color=\u00bbrgba(28,28,28,0.43)\u00bb admin_label=\u00bbT\u00edtulo\u00bb _builder_version=\u00bb4.17.6&#8243; _module_preset=\u00bbdefault\u00bb title_font=\u00bbRoboto Light||||\u00bb title_font_size=\u00bb35px\u00bb title_all_caps=\u00bbon\u00bb background_color=\u00bbrgba(255,255,255,0)\u00bb parallax=\u00bbon\u00bb parallax_method=\u00bboff\u00bb text_orientation=\u00bbcenter\u00bb use_border_color=\u00bboff\u00bb border_color=\u00bb#ffffff\u00bb border_style=\u00bbsolid\u00bb parallax_effect=\u00bbon\u00bb module_bg_color=\u00bbrgba(255,255,255,0)\u00bb global_colors_info=\u00bb{}\u00bb][\/et_pb_fullwidth_post_title][\/et_pb_section][et_pb_section fb_built=\u00bb1&#8243; custom_padding_last_edited=\u00bbon|desktop\u00bb admin_label=\u00bbSecci\u00f3n\u00bb _builder_version=\u00bb4.16&#8243; background_color=\u00bb#ffffff\u00bb custom_padding=\u00bb10px|||\u00bb custom_padding_tablet=\u00bb50px|0|50px|0&#8243; transparent_background=\u00bboff\u00bb padding_mobile=\u00bboff\u00bb make_fullwidth=\u00bboff\u00bb use_custom_width=\u00bboff\u00bb width_unit=\u00bbon\u00bb global_colors_info=\u00bb{}\u00bb custom_padding_phone=\u00bb50px|0|50px|0&#8243;][et_pb_row padding_mobile=\u00bboff\u00bb column_padding_mobile=\u00bbon\u00bb admin_label=\u00bbFila\u00bb _builder_version=\u00bb4.16&#8243; background_size=\u00bbinitial\u00bb background_position=\u00bbtop_left\u00bb background_repeat=\u00bbrepeat\u00bb custom_padding=\u00bb10px|||\u00bb make_fullwidth=\u00bboff\u00bb use_custom_width=\u00bboff\u00bb width_unit=\u00bbon\u00bb global_colors_info=\u00bb{}\u00bb][et_pb_column type=\u00bb4_4&#8243; _builder_version=\u00bb4.16&#8243; custom_padding=\u00bb|||\u00bb global_colors_info=\u00bb{}\u00bb custom_padding__hover=\u00bb|||\u00bb][et_pb_post_title title=\u00bboff\u00bb admin_label=\u00bbT\u00edtulo de publicaci\u00f3n\u00bb _builder_version=\u00bb4.16&#8243; title_all_caps=\u00bboff\u00bb background_color=\u00bbrgba(255,255,255,0)\u00bb parallax=\u00bbon\u00bb parallax_method=\u00bboff\u00bb use_border_color=\u00bboff\u00bb border_color=\u00bb#ffffff\u00bb border_style=\u00bbsolid\u00bb parallax_effect=\u00bbon\u00bb module_bg_color=\u00bbrgba(255,255,255,0)\u00bb global_colors_info=\u00bb{}\u00bb] [\/et_pb_post_title][\/et_pb_column][\/et_pb_row][\/et_pb_section][et_pb_section fb_built=\u00bb1&#8243; specialty=\u00bbon\u00bb custom_padding_last_edited=\u00bbon|desktop\u00bb parallax_method_1=\u00bboff\u00bb parallax_method_2=\u00bboff\u00bb admin_label=\u00bbSecci\u00f3n\u00bb _builder_version=\u00bb4.16&#8243; background_color=\u00bb#ffffff\u00bb custom_padding=\u00bb10px|||\u00bb custom_padding_tablet=\u00bb50px|0|50px|0&#8243; transparent_background=\u00bboff\u00bb padding_mobile=\u00bboff\u00bb make_fullwidth=\u00bboff\u00bb use_custom_width=\u00bboff\u00bb width_unit=\u00bbon\u00bb global_colors_info=\u00bb{}\u00bb custom_padding_phone=\u00bb50px|0|50px|0&#8243;][et_pb_column type=\u00bb2_3&#8243; specialty_columns=\u00bb2&#8243; _builder_version=\u00bb4.16&#8243; custom_padding=\u00bb|||\u00bb global_colors_info=\u00bb{}\u00bb custom_padding__hover=\u00bb|||\u00bb][et_pb_row_inner padding_mobile=\u00bboff\u00bb column_padding_mobile=\u00bbon\u00bb admin_label=\u00bbFila\u00bb _builder_version=\u00bb4.16&#8243; custom_padding=\u00bb0px|||\u00bb global_colors_info=\u00bb{}\u00bb][et_pb_column_inner saved_specialty_column_type=\u00bb2_3&#8243; _builder_version=\u00bb4.16&#8243; custom_padding=\u00bb|||\u00bb global_colors_info=\u00bb{}\u00bb custom_padding__hover=\u00bb|||\u00bb][et_pb_text admin_label=\u00bbText\u00bb _builder_version=\u00bb4.16&#8243; background_size=\u00bbinitial\u00bb background_position=\u00bbtop_left\u00bb background_repeat=\u00bbrepeat\u00bb global_colors_info=\u00bb{}\u00bb]<\/p>\n<div>\n<p>Esta cultura fueron sin duda los grandes propagadores del cultivo del olivo en toda la cuenca mediterr\u00e1nea. Su dominio de Europa se tradujo, a trav\u00e9s del Mare Nostrum como medio de transporte, en un aumento del uso del aceite de oliva entre sus poblaciones al mismo tiempo que \u00a0su imperio crec\u00eda.<\/p>\n<p><a href=\"https:\/\/i0.wp.com\/centrodeolivaryaceite.com\/wp-content\/uploads\/2014\/10\/romanos.jpg\"><img data-recalc-dims=\"1\" loading=\"lazy\" decoding=\"async\" data-attachment-id=\"3777\" data-permalink=\"https:\/\/centrodeolivaryaceite.com\/es\/la-historia-del-olivo-roma\/romanos\/\" data-orig-file=\"https:\/\/i0.wp.com\/centrodeolivaryaceite.com\/wp-content\/uploads\/2014\/10\/romanos-scaled.jpg?fit=2560%2C1707&amp;ssl=1\" data-orig-size=\"2560,1707\" data-comments-opened=\"1\" data-image-meta=\"{&quot;aperture&quot;:&quot;5.6&quot;,&quot;credit&quot;:&quot;&quot;,&quot;camera&quot;:&quot;Canon EOS 350D DIGITAL&quot;,&quot;caption&quot;:&quot;&quot;,&quot;created_timestamp&quot;:&quot;1119037466&quot;,&quot;copyright&quot;:&quot;&quot;,&quot;focal_length&quot;:&quot;51&quot;,&quot;iso&quot;:&quot;200&quot;,&quot;shutter_speed&quot;:&quot;0.016666666666667&quot;,&quot;title&quot;:&quot;&quot;,&quot;orientation&quot;:&quot;1&quot;}\" data-image-title=\"romanos\" data-image-description=\"\" data-image-caption=\"\" data-medium-file=\"https:\/\/i0.wp.com\/centrodeolivaryaceite.com\/wp-content\/uploads\/2014\/10\/romanos-scaled.jpg?fit=300%2C200&amp;ssl=1\" data-large-file=\"https:\/\/i0.wp.com\/centrodeolivaryaceite.com\/wp-content\/uploads\/2014\/10\/romanos-scaled.jpg?fit=1024%2C683&amp;ssl=1\" class=\"wp-image-3777 aligncenter\" src=\"https:\/\/i0.wp.com\/centrodeolivaryaceite.com\/wp-content\/uploads\/2014\/10\/romanos.jpg?resize=269%2C179\" alt=\"romanos\" width=\"269\" height=\"179\" \/><\/a><\/p>\n<\/div>\n<p>Esta pasi\u00f3n por el olivo\u00a0les lleg\u00f3 a trav\u00e9s de la civilizaci\u00f3n griegos, siendo Sicilia la primera regi\u00f3n en ser cultivada a gran escala. Y son muchos los usos del aceite de oliva (oleum) en la vida cotidiana de la \u00e9poca. Existen muchos ejemplos tanto de la alta sociedad como del pueblo llano. Y no solo como alimento. De hecho, Ner\u00f3n usaba agua, aceite de oliva y p\u00e9talos de rosas tanto en fiestas como a diario y en las termas romanas era costumbre ungirse con aceite de oliva aromatizado previamente con hierbas silvestres.<\/p>\n<div>\n<p>Una curiosidad es que a Claudio Galeno (129-199 d.C.), m\u00e9dico en la escuela de gladiadores de P\u00e9rgamo, se le atribuye la creaci\u00f3n de la primera crema hidratante de la historia a partir de aceite de oliva, agua y cera de abejas, proporcionando hidrataci\u00f3n y mejoras en la piel.<\/p>\n<p>Pero, por supuesto, el oleum era alimento para los romanos. Y el m\u00e1s apreciado como no puede ser de otra forma era el\u00a0\u201coleum hispanicum\u201d, procedente de Hispania. Este producto sol\u00eda llegar al puerto de Ostia, y de ah\u00ed a Roma a trav\u00e9s del Tiber, en barcos creados a tal efecto. Solo transportaban aceite y se llamaban \u201cnavi oleari\u201d . Transportaban atadas las \u00e1nforas que se usaban en el comercio y que ten\u00edan una capacidad media de 50 litros.<\/p>\n<p><a href=\"https:\/\/i0.wp.com\/centrodeolivaryaceite.com\/wp-content\/uploads\/2014\/10\/anphora.jpg\"><img data-recalc-dims=\"1\" loading=\"lazy\" decoding=\"async\" data-attachment-id=\"3774\" data-permalink=\"https:\/\/centrodeolivaryaceite.com\/es\/la-historia-del-olivo-roma\/anphora\/\" data-orig-file=\"https:\/\/i0.wp.com\/centrodeolivaryaceite.com\/wp-content\/uploads\/2014\/10\/anphora.jpg?fit=1662%2C1680&amp;ssl=1\" data-orig-size=\"1662,1680\" data-comments-opened=\"1\" data-image-meta=\"{&quot;aperture&quot;:&quot;0&quot;,&quot;credit&quot;:&quot;&quot;,&quot;camera&quot;:&quot;&quot;,&quot;caption&quot;:&quot;&quot;,&quot;created_timestamp&quot;:&quot;0&quot;,&quot;copyright&quot;:&quot;&quot;,&quot;focal_length&quot;:&quot;0&quot;,&quot;iso&quot;:&quot;0&quot;,&quot;shutter_speed&quot;:&quot;0&quot;,&quot;title&quot;:&quot;&quot;,&quot;orientation&quot;:&quot;1&quot;}\" data-image-title=\"anphora\" data-image-description=\"\" data-image-caption=\"\" data-medium-file=\"https:\/\/i0.wp.com\/centrodeolivaryaceite.com\/wp-content\/uploads\/2014\/10\/anphora.jpg?fit=297%2C300&amp;ssl=1\" data-large-file=\"https:\/\/i0.wp.com\/centrodeolivaryaceite.com\/wp-content\/uploads\/2014\/10\/anphora.jpg?fit=1013%2C1024&amp;ssl=1\" class=\"wp-image-3774 aligncenter\" src=\"https:\/\/i0.wp.com\/centrodeolivaryaceite.com\/wp-content\/uploads\/2014\/10\/anphora.jpg?resize=215%2C218\" alt=\"anphora\" width=\"215\" height=\"218\" srcset=\"https:\/\/i0.wp.com\/centrodeolivaryaceite.com\/wp-content\/uploads\/2014\/10\/anphora.jpg?w=1662&amp;ssl=1 1662w, https:\/\/i0.wp.com\/centrodeolivaryaceite.com\/wp-content\/uploads\/2014\/10\/anphora.jpg?resize=297%2C300&amp;ssl=1 297w, https:\/\/i0.wp.com\/centrodeolivaryaceite.com\/wp-content\/uploads\/2014\/10\/anphora.jpg?resize=1013%2C1024&amp;ssl=1 1013w, https:\/\/i0.wp.com\/centrodeolivaryaceite.com\/wp-content\/uploads\/2014\/10\/anphora.jpg?resize=768%2C776&amp;ssl=1 768w, https:\/\/i0.wp.com\/centrodeolivaryaceite.com\/wp-content\/uploads\/2014\/10\/anphora.jpg?resize=1520%2C1536&amp;ssl=1 1520w, https:\/\/i0.wp.com\/centrodeolivaryaceite.com\/wp-content\/uploads\/2014\/10\/anphora.jpg?resize=1080%2C1092&amp;ssl=1 1080w\" sizes=\"(max-width: 215px) 100vw, 215px\" \/><\/a><\/p>\n<p>Hasta ten\u00edan su propia clasificaci\u00f3n del aceite de oliva:<\/p>\n<p>&#8211; \u201coleum ex albis ulivis\u201d procedente de las aceitunas verdes.<br \/>\n&#8211; \u201coleum viride\u201d procedente de aceitunas recogidas en el estado de envero.<br \/>\n&#8211; \u201coleum maturum\u201d procedente de aceitunas maduras.<br \/>\n&#8211; \u201coleum caducum\u201d procedente de aceitunas ca\u00eddas a la tierra y tocadas.<br \/>\n&#8211; \u201coleum cibarium\u201d procedente de aceitunas casi podridas, que fue destinado a la alimentaci\u00f3n de los esclavos.<\/p>\n<\/div>\n<p>Era tan importante el comercio y el uso del aceite de oliva que hasta nuestros d\u00edas ha llegado un hallazgo que atestigua este papel crucial en esta civilizaci\u00f3n. El Monte Testaccio. El Monte de los Tiestos. Un monte artificial creado por fragmentos cer\u00e1micos, de unos 35 metros de altura y alrededor de una milla de per\u00edmetro, localizado cerca del Tiber.<\/p>\n<p>Cerca del puerto de Ostia, se descubri\u00f3 que este un monte que se pensaba que era natural y que sin embargo un monte artificial que se realiz\u00f3 con m\u00e1s de 40 millones de \u00e1nforas usadas para el transporte de aceite. Se sabe por la catas que se han realizado en este monte que provienen en su mayor\u00eda desde las provincias B\u00e9lica y Tarraconense de la Hispania ya que en los tiestos se han hallado restos de los sellos de estas provincias.<\/p>\n<p><a href=\"https:\/\/i0.wp.com\/centrodeolivaryaceite.com\/wp-content\/uploads\/2014\/10\/testaccio.jpg\"><img data-recalc-dims=\"1\" loading=\"lazy\" decoding=\"async\" data-attachment-id=\"3775\" data-permalink=\"https:\/\/centrodeolivaryaceite.com\/es\/la-historia-del-olivo-roma\/digital-stillcamera\/\" data-orig-file=\"https:\/\/i0.wp.com\/centrodeolivaryaceite.com\/wp-content\/uploads\/2014\/10\/testaccio.jpg?fit=2272%2C1704&amp;ssl=1\" data-orig-size=\"2272,1704\" data-comments-opened=\"1\" data-image-meta=\"{&quot;aperture&quot;:&quot;5.6&quot;,&quot;credit&quot;:&quot;&quot;,&quot;camera&quot;:&quot;DiMAGE E40&quot;,&quot;caption&quot;:&quot;Digital StillCamera&quot;,&quot;created_timestamp&quot;:&quot;1133707957&quot;,&quot;copyright&quot;:&quot;&quot;,&quot;focal_length&quot;:&quot;0&quot;,&quot;iso&quot;:&quot;50&quot;,&quot;shutter_speed&quot;:&quot;0.008&quot;,&quot;title&quot;:&quot;Digital StillCamera&quot;,&quot;orientation&quot;:&quot;1&quot;}\" data-image-title=\"Digital StillCamera\" data-image-description=\"\" data-image-caption=\"\" data-medium-file=\"https:\/\/i0.wp.com\/centrodeolivaryaceite.com\/wp-content\/uploads\/2014\/10\/testaccio.jpg?fit=300%2C225&amp;ssl=1\" data-large-file=\"https:\/\/i0.wp.com\/centrodeolivaryaceite.com\/wp-content\/uploads\/2014\/10\/testaccio.jpg?fit=1024%2C768&amp;ssl=1\" class=\"wp-image-3775 aligncenter\" src=\"https:\/\/i0.wp.com\/centrodeolivaryaceite.com\/wp-content\/uploads\/2014\/10\/testaccio.jpg?resize=295%2C221\" alt=\"Digital StillCamera\" width=\"295\" height=\"221\" srcset=\"https:\/\/i0.wp.com\/centrodeolivaryaceite.com\/wp-content\/uploads\/2014\/10\/testaccio.jpg?w=2272&amp;ssl=1 2272w, https:\/\/i0.wp.com\/centrodeolivaryaceite.com\/wp-content\/uploads\/2014\/10\/testaccio.jpg?resize=300%2C225&amp;ssl=1 300w, https:\/\/i0.wp.com\/centrodeolivaryaceite.com\/wp-content\/uploads\/2014\/10\/testaccio.jpg?resize=1024%2C768&amp;ssl=1 1024w, https:\/\/i0.wp.com\/centrodeolivaryaceite.com\/wp-content\/uploads\/2014\/10\/testaccio.jpg?resize=768%2C576&amp;ssl=1 768w, https:\/\/i0.wp.com\/centrodeolivaryaceite.com\/wp-content\/uploads\/2014\/10\/testaccio.jpg?resize=1536%2C1152&amp;ssl=1 1536w, https:\/\/i0.wp.com\/centrodeolivaryaceite.com\/wp-content\/uploads\/2014\/10\/testaccio.jpg?resize=2048%2C1536&amp;ssl=1 2048w, https:\/\/i0.wp.com\/centrodeolivaryaceite.com\/wp-content\/uploads\/2014\/10\/testaccio.jpg?resize=510%2C382&amp;ssl=1 510w, https:\/\/i0.wp.com\/centrodeolivaryaceite.com\/wp-content\/uploads\/2014\/10\/testaccio.jpg?resize=1080%2C810&amp;ssl=1 1080w, https:\/\/i0.wp.com\/centrodeolivaryaceite.com\/wp-content\/uploads\/2014\/10\/testaccio.jpg?w=2160&amp;ssl=1 2160w\" sizes=\"(max-width: 295px) 100vw, 295px\" \/><\/a><\/p>\n<p>Por todo ello, los romanos consideraban el aceite de oliva como un art\u00edculo de lujo, m\u00e1s que un producto necesario para la vida, y por ello su consumo no estaba al alcance del pueblo llano, adem\u00e1s de estar prohibido para finalidades profanas.<br \/>\n[\/et_pb_text][et_pb_comments admin_label=\u00bbComentarios\u00bb _builder_version=\u00bb4.16&#8243; use_border_color=\u00bboff\u00bb border_color=\u00bb#ffffff\u00bb border_style=\u00bbsolid\u00bb button_letter_spacing_hover=\u00bb0&#8243; global_colors_info=\u00bb{}\u00bb button_text_size__hover_enabled=\u00bboff\u00bb button_one_text_size__hover_enabled=\u00bboff\u00bb button_two_text_size__hover_enabled=\u00bboff\u00bb button_text_color__hover_enabled=\u00bboff\u00bb button_one_text_color__hover_enabled=\u00bboff\u00bb button_two_text_color__hover_enabled=\u00bboff\u00bb button_border_width__hover_enabled=\u00bboff\u00bb button_one_border_width__hover_enabled=\u00bboff\u00bb button_two_border_width__hover_enabled=\u00bboff\u00bb button_border_color__hover_enabled=\u00bboff\u00bb button_one_border_color__hover_enabled=\u00bboff\u00bb button_two_border_color__hover_enabled=\u00bboff\u00bb button_border_radius__hover_enabled=\u00bboff\u00bb button_one_border_radius__hover_enabled=\u00bboff\u00bb button_two_border_radius__hover_enabled=\u00bboff\u00bb button_letter_spacing__hover_enabled=\u00bbon\u00bb button_letter_spacing__hover=\u00bb0&#8243; button_one_letter_spacing__hover_enabled=\u00bboff\u00bb button_two_letter_spacing__hover_enabled=\u00bboff\u00bb button_bg_color__hover_enabled=\u00bboff\u00bb button_one_bg_color__hover_enabled=\u00bboff\u00bb button_two_bg_color__hover_enabled=\u00bboff\u00bb] [\/et_pb_comments][\/et_pb_column_inner][\/et_pb_row_inner][\/et_pb_column][et_pb_column type=\u00bb1_3&#8243; _builder_version=\u00bb4.16&#8243; custom_padding=\u00bb|||\u00bb global_colors_info=\u00bb{}\u00bb custom_padding__hover=\u00bb|||\u00bb][et_pb_sidebar orientation=\u00bbright\u00bb area=\u00bbsidebar-1&#8243; admin_label=\u00bbBarra lateral\u00bb _builder_version=\u00bb4.16&#8243; remove_border=\u00bboff\u00bb global_colors_info=\u00bb{}\u00bb] [\/et_pb_sidebar][\/et_pb_column][\/et_pb_section][et_pb_section fb_built=\u00bb1&#8243; custom_padding_last_edited=\u00bbon|desktop\u00bb disabled_on=\u00bbon|on|on\u00bb admin_label=\u00bbSecci\u00f3n\u00bb _builder_version=\u00bb3.0.92&#8243; background_color=\u00bb#dedacf\u00bb custom_padding_tablet=\u00bb50px|0|50px|0&#8243; transparent_background=\u00bboff\u00bb padding_mobile=\u00bboff\u00bb make_fullwidth=\u00bboff\u00bb use_custom_width=\u00bboff\u00bb width_unit=\u00bbon\u00bb disabled=\u00bbon\u00bb global_module=\u00bb5116&#8243; collapsed=\u00bboff\u00bb global_colors_info=\u00bb{}\u00bb custom_padding_phone=\u00bb50px|0|50px|0&#8243;][et_pb_row _builder_version=\u00bb4.16&#8243; global_colors_info=\u00bb{}\u00bb][et_pb_column type=\u00bb4_4&#8243; _builder_version=\u00bb4.16&#8243; custom_padding=\u00bb|||\u00bb global_colors_info=\u00bb{}\u00bb custom_padding__hover=\u00bb|||\u00bb][\/et_pb_column][\/et_pb_row][\/et_pb_section][et_pb_section fb_built=\u00bb1&#8243; custom_padding_last_edited=\u00bbon|desktop\u00bb admin_label=\u00bbSecci\u00f3n\u00bb _builder_version=\u00bb3.22&#8243; background_color=\u00bb#ffffff\u00bb custom_padding=\u00bb10px||0px|\u00bb custom_padding_tablet=\u00bb50px|0|50px|0&#8243; transparent_background=\u00bboff\u00bb padding_mobile=\u00bboff\u00bb make_fullwidth=\u00bboff\u00bb use_custom_width=\u00bboff\u00bb width_unit=\u00bbon\u00bb global_module=\u00bb5115&#8243; collapsed=\u00bboff\u00bb global_colors_info=\u00bb{}\u00bb custom_padding_phone=\u00bb50px|0|50px|0&#8243;][et_pb_row padding_mobile=\u00bboff\u00bb column_padding_mobile=\u00bbon\u00bb _builder_version=\u00bb4.16&#8243; background_size=\u00bbinitial\u00bb background_position=\u00bbtop_left\u00bb background_repeat=\u00bbrepeat\u00bb max_width=\u00bb1080px\u00bb custom_padding=\u00bb0px||0px|\u00bb make_fullwidth=\u00bboff\u00bb use_custom_width=\u00bboff\u00bb width_unit=\u00bbon\u00bb global_colors_info=\u00bb{}\u00bb][\/et_pb_row][\/et_pb_section]<\/p>\n","protected":false},"excerpt":{"rendered":"<p>Esta cultura fueron sin duda los grandes propagadores del cultivo del olivo en toda la cuenca mediterr\u00e1nea. Su dominio de Europa se tradujo, a trav\u00e9s del Mare Nostrum como medio de transporte, en un aumento del uso del aceite de oliva entre sus poblaciones al mismo tiempo que \u00a0su imperio crec\u00eda. Esta pasi\u00f3n por el [&hellip;]<\/p>\n","protected":false},"author":1,"featured_media":3776,"comment_status":"open","ping_status":"open","sticky":false,"template":"","format":"standard","meta":{"_et_pb_use_builder":"on","_et_pb_old_content":"<div><p>Esta cultura fueron sin duda los grandes propagadores del cultivo del olivo en toda la cuenca mediterr\u00e1nea. Su dominio de Europa se tradujo, a trav\u00e9s del Mare Nostrum como medio de transporte, en un aumento del uso del aceite de oliva entre sus poblaciones al mismo tiempo que \u00a0su imperio crec\u00eda.<\/p><p><a href=\"http:\/\/centrodeolivaryaceite.com\/wp-content\/uploads\/2014\/10\/romanos.jpg\"><img class=\"wp-image-3777 aligncenter\" src=\"http:\/\/centrodeolivaryaceite.com\/wp-content\/uploads\/2014\/10\/romanos.jpg\" alt=\"romanos\" width=\"269\" height=\"179\" \/><\/a><\/p><\/div><p>Esta pasi\u00f3n por el olivo\u00a0les lleg\u00f3 a trav\u00e9s de la civilizaci\u00f3n griegos, siendo Sicilia la primera regi\u00f3n en ser cultivada a gran escala. Y son muchos los usos del aceite de oliva (oleum) en la vida cotidiana de la \u00e9poca. Existen muchos ejemplos tanto de la alta sociedad como del pueblo llano. Y no solo como alimento. De hecho, Ner\u00f3n usaba agua, aceite de oliva y p\u00e9talos de rosas tanto en fiestas como a diario y en las termas romanas era costumbre ungirse con aceite de oliva aromatizado previamente con hierbas silvestres.<\/p><div><p>Una curiosidad es que a Claudio Galeno (129-199 d.C.), m\u00e9dico en la escuela de gladiadores de P\u00e9rgamo, se le atribuye la creaci\u00f3n de la primera crema hidratante de la historia a partir de aceite de oliva, agua y cera de abejas, proporcionando hidrataci\u00f3n y mejoras en la piel.<\/p><p>Pero, por supuesto, el oleum era alimento para los romanos. Y el m\u00e1s apreciado como no puede ser de otra forma era el\u00a0\u201coleum hispanicum\u201d, procedente de Hispania. Este producto sol\u00eda llegar al puerto de Ostia, y de ah\u00ed a Roma a trav\u00e9s del Tiber, en barcos creados a tal efecto. Solo transportaban aceite y se llamaban \u201cnavi oleari\u201d . Transportaban atadas las \u00e1nforas que se usaban en el comercio y que ten\u00edan una capacidad media de 50 litros.<\/p><p><a href=\"http:\/\/centrodeolivaryaceite.com\/wp-content\/uploads\/2014\/10\/anphora.jpg\"><img class=\"wp-image-3774 aligncenter\" src=\"http:\/\/centrodeolivaryaceite.com\/wp-content\/uploads\/2014\/10\/anphora.jpg\" alt=\"anphora\" width=\"215\" height=\"218\" \/><\/a><\/p><p>Hasta ten\u00edan su propia clasificaci\u00f3n del aceite de oliva:<\/p><p>- \u201coleum ex albis ulivis\u201d procedente de las aceitunas verdes.<br \/> - \u201coleum viride\u201d procedente de aceitunas recogidas en el estado de envero.<br \/> - \u201coleum maturum\u201d procedente de aceitunas maduras.<br \/> - \u201coleum caducum\u201d procedente de aceitunas ca\u00eddas a la tierra y tocadas.<br \/> - \u201coleum cibarium\u201d procedente de aceitunas casi podridas, que fue destinado a la alimentaci\u00f3n de los esclavos.<\/p><\/div><p>Era tan importante el comercio y el uso del aceite de oliva que hasta nuestros d\u00edas ha llegado un hallazgo que atestigua este papel crucial en esta civilizaci\u00f3n. El Monte Testaccio. El Monte de los Tiestos. Un monte artificial creado por fragmentos cer\u00e1micos, de unos 35 metros de altura y alrededor de una milla de per\u00edmetro, localizado cerca del Tiber.<\/p><p>Cerca del puerto de Ostia, se descubri\u00f3 que este un monte que se pensaba que era natural y que sin embargo un monte artificial que se realiz\u00f3 con m\u00e1s de 40 millones de \u00e1nforas usadas para el transporte de aceite. Se sabe por la catas que se han realizado en este monte que provienen en su mayor\u00eda desde las provincias B\u00e9lica y Tarraconense de la Hispania ya que en los tiestos se han hallado restos de los sellos de estas provincias.<\/p><p><a href=\"http:\/\/centrodeolivaryaceite.com\/wp-content\/uploads\/2014\/10\/testaccio.jpg\"><img class=\"wp-image-3775 aligncenter\" src=\"http:\/\/centrodeolivaryaceite.com\/wp-content\/uploads\/2014\/10\/testaccio.jpg\" alt=\"Digital StillCamera\" width=\"295\" height=\"221\" \/><\/a><\/p><p>Por todo ello, los romanos consideraban el aceite de oliva como un art\u00edculo de lujo, m\u00e1s que un producto necesario para la vida, y por ello su consumo no estaba al alcance del pueblo llano, adem\u00e1s de estar prohibido para finalidades profanas.<\/p>","_et_gb_content_width":"","_jetpack_memberships_contains_paid_content":false,"footnotes":""},"categories":[38],"tags":[],"class_list":["post-3529","post","type-post","status-publish","format-standard","has-post-thumbnail","hentry","category-historia"],"jetpack_featured_media_url":"https:\/\/i0.wp.com\/centrodeolivaryaceite.com\/wp-content\/uploads\/2014\/10\/imperio-romano.jpg?fit=800%2C634&ssl=1","jetpack_sharing_enabled":true,"jetpack_shortlink":"https:\/\/wp.me\/p95A9q-UV","_links":{"self":[{"href":"https:\/\/centrodeolivaryaceite.com\/es\/wp-json\/wp\/v2\/posts\/3529\/"}],"collection":[{"href":"https:\/\/centrodeolivaryaceite.com\/es\/wp-json\/wp\/v2\/posts\/"}],"about":[{"href":"https:\/\/centrodeolivaryaceite.com\/es\/wp-json\/wp\/v2\/types\/post\/"}],"author":[{"embeddable":true,"href":"https:\/\/centrodeolivaryaceite.com\/es\/wp-json\/wp\/v2\/users\/1\/"}],"replies":[{"embeddable":true,"href":"https:\/\/centrodeolivaryaceite.com\/es\/wp-json\/wp\/v2\/comments\/?post=3529"}],"version-history":[{"count":0,"href":"https:\/\/centrodeolivaryaceite.com\/es\/wp-json\/wp\/v2\/posts\/3529\/revisions\/"}],"wp:featuredmedia":[{"embeddable":true,"href":"https:\/\/centrodeolivaryaceite.com\/es\/wp-json\/wp\/v2\/media\/3776\/"}],"wp:attachment":[{"href":"https:\/\/centrodeolivaryaceite.com\/es\/wp-json\/wp\/v2\/media\/?parent=3529"}],"wp:term":[{"taxonomy":"category","embeddable":true,"href":"https:\/\/centrodeolivaryaceite.com\/es\/wp-json\/wp\/v2\/categories\/?post=3529"},{"taxonomy":"post_tag","embeddable":true,"href":"https:\/\/centrodeolivaryaceite.com\/es\/wp-json\/wp\/v2\/tags\/?post=3529"}],"curies":[{"name":"wp","href":"https:\/\/api.w.org\/{rel}","templated":true}]}}