{"id":3542,"date":"2014-08-24T11:58:24","date_gmt":"2014-08-24T11:58:24","guid":{"rendered":"http:\/\/centrodeolivaryaceitelaloma.com\/copiablog\/?p=3542"},"modified":"2022-07-29T10:57:07","modified_gmt":"2022-07-29T10:57:07","slug":"i-jornadas-virgen-extra-patrimonio-saludable","status":"publish","type":"post","link":"https:\/\/centrodeolivaryaceite.com\/es\/i-jornadas-virgen-extra-patrimonio-saludable\/","title":{"rendered":"I Jornadas \u2018Virgen Extra, Patrimonio Saludable\u2019"},"content":{"rendered":"<p>[et_pb_section fb_built=\u00bb1&#8243; fullwidth=\u00bbon\u00bb custom_padding_last_edited=\u00bbon|desktop\u00bb admin_label=\u00bbSecci\u00f3n\u00bb _builder_version=\u00bb3.22&#8243; background_color=\u00bb#ffffff\u00bb background_image=\u00bbhttp:\/\/centrodeolivaryaceite.com\/wp-content\/uploads\/2016\/06\/page_header_bg_blue.jpg\u00bb custom_padding_tablet=\u00bb50px|0|50px|0&#8243; transparent_background=\u00bboff\u00bb padding_mobile=\u00bboff\u00bb make_fullwidth=\u00bboff\u00bb use_custom_width=\u00bboff\u00bb width_unit=\u00bbon\u00bb global_module=\u00bb5294&#8243; locked=\u00bboff\u00bb collapsed=\u00bboff\u00bb global_colors_info=\u00bb{}\u00bb custom_padding_phone=\u00bb50px|0|50px|0&#8243;][et_pb_fullwidth_post_title meta=\u00bboff\u00bb featured_image=\u00bboff\u00bb text_color=\u00bblight\u00bb text_background=\u00bbon\u00bb text_bg_color=\u00bbrgba(28,28,28,0.43)\u00bb admin_label=\u00bbT\u00edtulo\u00bb _builder_version=\u00bb4.17.6&#8243; _module_preset=\u00bbdefault\u00bb title_font=\u00bbRoboto Light||||\u00bb title_font_size=\u00bb35px\u00bb title_all_caps=\u00bbon\u00bb background_color=\u00bbrgba(255,255,255,0)\u00bb parallax=\u00bbon\u00bb parallax_method=\u00bboff\u00bb text_orientation=\u00bbcenter\u00bb use_border_color=\u00bboff\u00bb border_color=\u00bb#ffffff\u00bb border_style=\u00bbsolid\u00bb parallax_effect=\u00bbon\u00bb module_bg_color=\u00bbrgba(255,255,255,0)\u00bb global_colors_info=\u00bb{}\u00bb][\/et_pb_fullwidth_post_title][\/et_pb_section][et_pb_section fb_built=\u00bb1&#8243; custom_padding_last_edited=\u00bbon|desktop\u00bb admin_label=\u00bbSecci\u00f3n\u00bb _builder_version=\u00bb4.16&#8243; background_color=\u00bb#ffffff\u00bb custom_padding=\u00bb10px|||\u00bb custom_padding_tablet=\u00bb50px|0|50px|0&#8243; transparent_background=\u00bboff\u00bb padding_mobile=\u00bboff\u00bb make_fullwidth=\u00bboff\u00bb use_custom_width=\u00bboff\u00bb width_unit=\u00bbon\u00bb global_colors_info=\u00bb{}\u00bb custom_padding_phone=\u00bb50px|0|50px|0&#8243;][et_pb_row padding_mobile=\u00bboff\u00bb column_padding_mobile=\u00bbon\u00bb admin_label=\u00bbFila\u00bb _builder_version=\u00bb4.16&#8243; background_size=\u00bbinitial\u00bb background_position=\u00bbtop_left\u00bb background_repeat=\u00bbrepeat\u00bb custom_padding=\u00bb10px|||\u00bb make_fullwidth=\u00bboff\u00bb use_custom_width=\u00bboff\u00bb width_unit=\u00bbon\u00bb global_colors_info=\u00bb{}\u00bb][et_pb_column type=\u00bb4_4&#8243; _builder_version=\u00bb4.16&#8243; custom_padding=\u00bb|||\u00bb global_colors_info=\u00bb{}\u00bb custom_padding__hover=\u00bb|||\u00bb][et_pb_post_title title=\u00bboff\u00bb admin_label=\u00bbT\u00edtulo de publicaci\u00f3n\u00bb _builder_version=\u00bb4.16&#8243; title_all_caps=\u00bboff\u00bb background_color=\u00bbrgba(255,255,255,0)\u00bb parallax=\u00bbon\u00bb parallax_method=\u00bboff\u00bb use_border_color=\u00bboff\u00bb border_color=\u00bb#ffffff\u00bb border_style=\u00bbsolid\u00bb parallax_effect=\u00bbon\u00bb module_bg_color=\u00bbrgba(255,255,255,0)\u00bb global_colors_info=\u00bb{}\u00bb] [\/et_pb_post_title][\/et_pb_column][\/et_pb_row][\/et_pb_section][et_pb_section fb_built=\u00bb1&#8243; specialty=\u00bbon\u00bb custom_padding_last_edited=\u00bbon|desktop\u00bb parallax_method_1=\u00bboff\u00bb parallax_method_2=\u00bboff\u00bb admin_label=\u00bbSecci\u00f3n\u00bb _builder_version=\u00bb4.16&#8243; background_color=\u00bb#ffffff\u00bb custom_padding=\u00bb10px|||\u00bb custom_padding_tablet=\u00bb50px|0|50px|0&#8243; transparent_background=\u00bboff\u00bb padding_mobile=\u00bboff\u00bb make_fullwidth=\u00bboff\u00bb use_custom_width=\u00bboff\u00bb width_unit=\u00bbon\u00bb global_colors_info=\u00bb{}\u00bb custom_padding_phone=\u00bb50px|0|50px|0&#8243;][et_pb_column type=\u00bb2_3&#8243; specialty_columns=\u00bb2&#8243; _builder_version=\u00bb4.16&#8243; custom_padding=\u00bb|||\u00bb global_colors_info=\u00bb{}\u00bb custom_padding__hover=\u00bb|||\u00bb][et_pb_row_inner padding_mobile=\u00bboff\u00bb column_padding_mobile=\u00bbon\u00bb admin_label=\u00bbFila\u00bb _builder_version=\u00bb4.16&#8243; custom_padding=\u00bb0px|||\u00bb global_colors_info=\u00bb{}\u00bb][et_pb_column_inner saved_specialty_column_type=\u00bb2_3&#8243; _builder_version=\u00bb4.16&#8243; custom_padding=\u00bb|||\u00bb global_colors_info=\u00bb{}\u00bb custom_padding__hover=\u00bb|||\u00bb][et_pb_text admin_label=\u00bbText\u00bb _builder_version=\u00bb4.16&#8243; background_size=\u00bbinitial\u00bb background_position=\u00bbtop_left\u00bb background_repeat=\u00bbrepeat\u00bb global_colors_info=\u00bb{}\u00bb]Una de las principales aspiraciones que tiene la Asociaci\u00f3n Olivar y Aceite es colocar el oro l\u00edquido de nuestra provincia en el lugar que se merece. No solamente a trav\u00e9s de las diferentes actividades oleotur\u00edsticas que se desarrollan en el Centro de Interpretaci\u00f3n Olivar y Aceite como puedan ser Talleres de Cata, Visitas para Coleg\u00edos o Talleres de Cocina para ni\u00f1os, adultos y profesionales, sino que tambi\u00e9n organiza actividades y conferencias con repercusi\u00f3n nacional e internacional que puedan impulsar el nombre de nuestro tan apreciado Aceite de Oliva Virgen Extra.<\/p>\n<p>Es por ello que el Centro de Interpretaci\u00f3n Olivar y Aceite va a desarrollar para el pr\u00f3ximo 24 de septiembre las I Jornadas \u201cVirgen Extra Patrimonio Saludable\u201d. Esta cita se enfocar\u00e1 hacia la promoci\u00f3n y divulgaci\u00f3n del Aceite de Oliva Virgen Extra desde diferentes vertientes: la promoci\u00f3n, experiencia, salud y gastronom\u00eda. Unas jornadas de conferencia que contar\u00e1n con ponentes de primer\u00edsimo nivel en cada una de estas l\u00edneas.<\/p>\n<p>En palabras del presidente de la Asociaci\u00f3n Olivar y Aceite, Jos\u00e9 Luis Romera, el principal objetivo que persiguen estas jornadas es poner en valor el aceite de oliva virgen extra por medio de expertos de fama y gran trayectoria que aporten todo su conocimiento y experiencia sobre este apreciado producto. Esta jornadas ser\u00e1n un evento de magnitud nacional e internacional que atraer\u00e1\u00a0 a personas de todo el pa\u00eds y de fuera de nuestras fronteras.<\/p>\n<p>Un \u00e1mbito importante de estas jornadas ser\u00e1 el concerniente al apartado de salud y que estar\u00e1 representado por primera vez en la provincia de Ja\u00e9n por el estudio Predimed. Este estudio pionero se encarga de analizar c\u00f3mo las personas de estudio o pacientes que siguen las recomendaciones sobre dieta mediterr\u00e1nea suplementada con aceite de oliva mejoran los niveles de colesterol, presi\u00f3n arterial, glucosa en sangre e inflamaci\u00f3n y, adem\u00e1s, muestran un mayor aumento del colesterol bueno en sangre.<\/p>\n<p>Todo ello sin olvidar que las jornadas tienen adem\u00e1s una componente solidaria, ya que los cinco euros de cuota de inscripci\u00f3n para asistir se destinar\u00e1n \u00edntegramente a la Fundaci\u00f3n Huerta de San Antonio encargada de la rehabilitaci\u00f3n de la iglesia de San Lorenzo. En pr\u00f3ximas fechas iremos adelantando m\u00e1s informaci\u00f3n relevante acerca de estas atractivas Jornadas. Seguid atentos!!<\/p>\n<p style=\"text-align: center;\"><a href=\"http:\/\/centrodeolivaryaceite.com\/wp-content\/uploads\/2014\/08\/D\u00cdPTICO_JORNADAS-.pdf\"><strong>Click aqu\u00ed para descargar el Programa de las\u00a0\u00a0I Jornadas: Virgen Extra, Patrimonio Saludable<\/strong><\/a><\/p>\n<p style=\"text-align: center;\"><strong><a title=\"Inscripci\u00f3n I Jornadas Virgen Extra Patrimonio Saludable\" href=\"http:\/\/centrodeolivaryaceite.com\/inscripcion-jornadas-virgen-extra-patrimonio-saludable\/\">Click aqu\u00ed para ir a la Inscripci\u00f3n de las I Jornadas: Virgen Extra, Patrimonio Saludable<\/a><\/strong><\/p>\n<p><a href=\"https:\/\/i0.wp.com\/centrodeolivaryaceite.com\/wp-content\/uploads\/2014\/08\/jornadas.jpg\"><img data-recalc-dims=\"1\" loading=\"lazy\" decoding=\"async\" data-attachment-id=\"3543\" data-permalink=\"https:\/\/centrodeolivaryaceite.com\/es\/i-jornadas-virgen-extra-patrimonio-saludable\/jornadas\/\" data-orig-file=\"https:\/\/i0.wp.com\/centrodeolivaryaceite.com\/wp-content\/uploads\/2014\/08\/jornadas.jpg?fit=602%2C960&amp;ssl=1\" data-orig-size=\"602,960\" data-comments-opened=\"1\" data-image-meta=\"{&quot;aperture&quot;:&quot;0&quot;,&quot;credit&quot;:&quot;&quot;,&quot;camera&quot;:&quot;&quot;,&quot;caption&quot;:&quot;&quot;,&quot;created_timestamp&quot;:&quot;0&quot;,&quot;copyright&quot;:&quot;&quot;,&quot;focal_length&quot;:&quot;0&quot;,&quot;iso&quot;:&quot;0&quot;,&quot;shutter_speed&quot;:&quot;0&quot;,&quot;title&quot;:&quot;&quot;,&quot;orientation&quot;:&quot;0&quot;}\" data-image-title=\"jornadas\" data-image-description=\"\" data-image-caption=\"\" data-medium-file=\"https:\/\/i0.wp.com\/centrodeolivaryaceite.com\/wp-content\/uploads\/2014\/08\/jornadas.jpg?fit=188%2C300&amp;ssl=1\" data-large-file=\"https:\/\/i0.wp.com\/centrodeolivaryaceite.com\/wp-content\/uploads\/2014\/08\/jornadas.jpg?fit=602%2C960&amp;ssl=1\" class=\"wp-image-3543 aligncenter\" src=\"https:\/\/i0.wp.com\/centrodeolivaryaceite.com\/wp-content\/uploads\/2014\/08\/jornadas.jpg?resize=253%2C403\" alt=\"jornadas\" width=\"253\" height=\"403\" srcset=\"https:\/\/i0.wp.com\/centrodeolivaryaceite.com\/wp-content\/uploads\/2014\/08\/jornadas.jpg?w=602&amp;ssl=1 602w, https:\/\/i0.wp.com\/centrodeolivaryaceite.com\/wp-content\/uploads\/2014\/08\/jornadas.jpg?resize=188%2C300&amp;ssl=1 188w\" sizes=\"(max-width: 253px) 100vw, 253px\" \/><\/a><\/p>\n<p>&nbsp;<\/p>\n<p style=\"text-align: center;\"><a href=\"https:\/\/i0.wp.com\/centrodeolivaryaceite.com\/wp-content\/uploads\/2014\/09\/cartel_logos-photocall.jpg\"><img data-recalc-dims=\"1\" loading=\"lazy\" decoding=\"async\" src=\"https:\/\/i0.wp.com\/centrodeolivaryaceite.com\/wp-content\/uploads\/2014\/09\/cartel_logos-photocall.jpg?resize=506%2C419\" alt=\"cartel_logos \" width=\"506\" height=\"419\" \/><\/a><\/p>\n<p>[\/et_pb_text][et_pb_comments admin_label=\u00bbComentarios\u00bb _builder_version=\u00bb4.16&#8243; use_border_color=\u00bboff\u00bb border_color=\u00bb#ffffff\u00bb border_style=\u00bbsolid\u00bb button_letter_spacing_hover=\u00bb0&#8243; global_colors_info=\u00bb{}\u00bb button_text_size__hover_enabled=\u00bboff\u00bb button_one_text_size__hover_enabled=\u00bboff\u00bb button_two_text_size__hover_enabled=\u00bboff\u00bb button_text_color__hover_enabled=\u00bboff\u00bb button_one_text_color__hover_enabled=\u00bboff\u00bb button_two_text_color__hover_enabled=\u00bboff\u00bb button_border_width__hover_enabled=\u00bboff\u00bb button_one_border_width__hover_enabled=\u00bboff\u00bb button_two_border_width__hover_enabled=\u00bboff\u00bb button_border_color__hover_enabled=\u00bboff\u00bb button_one_border_color__hover_enabled=\u00bboff\u00bb button_two_border_color__hover_enabled=\u00bboff\u00bb button_border_radius__hover_enabled=\u00bboff\u00bb button_one_border_radius__hover_enabled=\u00bboff\u00bb button_two_border_radius__hover_enabled=\u00bboff\u00bb button_letter_spacing__hover_enabled=\u00bbon\u00bb button_letter_spacing__hover=\u00bb0&#8243; button_one_letter_spacing__hover_enabled=\u00bboff\u00bb button_two_letter_spacing__hover_enabled=\u00bboff\u00bb button_bg_color__hover_enabled=\u00bboff\u00bb button_one_bg_color__hover_enabled=\u00bboff\u00bb button_two_bg_color__hover_enabled=\u00bboff\u00bb] [\/et_pb_comments][\/et_pb_column_inner][\/et_pb_row_inner][\/et_pb_column][et_pb_column type=\u00bb1_3&#8243; _builder_version=\u00bb4.16&#8243; custom_padding=\u00bb|||\u00bb global_colors_info=\u00bb{}\u00bb custom_padding__hover=\u00bb|||\u00bb][et_pb_sidebar orientation=\u00bbright\u00bb area=\u00bbsidebar-1&#8243; admin_label=\u00bbBarra lateral\u00bb _builder_version=\u00bb4.16&#8243; remove_border=\u00bboff\u00bb global_colors_info=\u00bb{}\u00bb] [\/et_pb_sidebar][\/et_pb_column][\/et_pb_section][et_pb_section fb_built=\u00bb1&#8243; custom_padding_last_edited=\u00bbon|desktop\u00bb disabled_on=\u00bbon|on|on\u00bb admin_label=\u00bbSecci\u00f3n\u00bb _builder_version=\u00bb3.0.92&#8243; background_color=\u00bb#dedacf\u00bb custom_padding_tablet=\u00bb50px|0|50px|0&#8243; transparent_background=\u00bboff\u00bb padding_mobile=\u00bboff\u00bb make_fullwidth=\u00bboff\u00bb use_custom_width=\u00bboff\u00bb width_unit=\u00bbon\u00bb disabled=\u00bbon\u00bb global_module=\u00bb5116&#8243; collapsed=\u00bboff\u00bb global_colors_info=\u00bb{}\u00bb custom_padding_phone=\u00bb50px|0|50px|0&#8243;][et_pb_row _builder_version=\u00bb4.16&#8243; global_colors_info=\u00bb{}\u00bb][et_pb_column type=\u00bb4_4&#8243; _builder_version=\u00bb4.16&#8243; custom_padding=\u00bb|||\u00bb global_colors_info=\u00bb{}\u00bb custom_padding__hover=\u00bb|||\u00bb][\/et_pb_column][\/et_pb_row][\/et_pb_section][et_pb_section fb_built=\u00bb1&#8243; custom_padding_last_edited=\u00bbon|desktop\u00bb admin_label=\u00bbSecci\u00f3n\u00bb _builder_version=\u00bb3.22&#8243; background_color=\u00bb#ffffff\u00bb custom_padding=\u00bb10px||0px|\u00bb custom_padding_tablet=\u00bb50px|0|50px|0&#8243; transparent_background=\u00bboff\u00bb padding_mobile=\u00bboff\u00bb make_fullwidth=\u00bboff\u00bb use_custom_width=\u00bboff\u00bb width_unit=\u00bbon\u00bb global_module=\u00bb5115&#8243; collapsed=\u00bboff\u00bb global_colors_info=\u00bb{}\u00bb custom_padding_phone=\u00bb50px|0|50px|0&#8243;][et_pb_row padding_mobile=\u00bboff\u00bb column_padding_mobile=\u00bbon\u00bb _builder_version=\u00bb4.16&#8243; background_size=\u00bbinitial\u00bb background_position=\u00bbtop_left\u00bb background_repeat=\u00bbrepeat\u00bb max_width=\u00bb1080px\u00bb custom_padding=\u00bb0px||0px|\u00bb make_fullwidth=\u00bboff\u00bb use_custom_width=\u00bboff\u00bb width_unit=\u00bbon\u00bb global_colors_info=\u00bb{}\u00bb][\/et_pb_row][\/et_pb_section]<\/p>\n","protected":false},"excerpt":{"rendered":"<p>Una de las principales aspiraciones que tiene la Asociaci\u00f3n Olivar y Aceite es colocar el oro l\u00edquido de nuestra provincia en el lugar que se merece. No solamente a trav\u00e9s de las diferentes actividades oleotur\u00edsticas que se desarrollan en el Centro de Interpretaci\u00f3n Olivar y Aceite como puedan ser Talleres de Cata, Visitas para Coleg\u00edos [&hellip;]<\/p>\n","protected":false},"author":1,"featured_media":3543,"comment_status":"open","ping_status":"open","sticky":false,"template":"","format":"standard","meta":{"_et_pb_use_builder":"on","_et_pb_old_content":"<p>Una de las principales aspiraciones que tiene la Asociaci\u00f3n Olivar y Aceite es colocar el oro l\u00edquido de nuestra provincia en el lugar que se merece. No solamente a trav\u00e9s de las diferentes actividades oleotur\u00edsticas que se desarrollan en el Centro de Interpretaci\u00f3n Olivar y Aceite como puedan ser Talleres de Cata, Visitas para Coleg\u00edos o Talleres de Cocina para ni\u00f1os, adultos y profesionales, sino que tambi\u00e9n organiza actividades y conferencias con repercusi\u00f3n nacional e internacional que puedan impulsar el nombre de nuestro tan apreciado Aceite de Oliva Virgen Extra.<\/p><p>Es por ello que el Centro de Interpretaci\u00f3n Olivar y Aceite va a desarrollar para el pr\u00f3ximo 24 de septiembre las I Jornadas \u201cVirgen Extra Patrimonio Saludable\u201d. Esta cita se enfocar\u00e1 hacia la promoci\u00f3n y divulgaci\u00f3n del Aceite de Oliva Virgen Extra desde diferentes vertientes: la promoci\u00f3n, experiencia, salud y gastronom\u00eda. Unas jornadas de conferencia que contar\u00e1n con ponentes de primer\u00edsimo nivel en cada una de estas l\u00edneas.<\/p><p>En palabras del presidente de la Asociaci\u00f3n Olivar y Aceite, Jos\u00e9 Luis Romera, el principal objetivo que persiguen estas jornadas es poner en valor el aceite de oliva virgen extra por medio de expertos de fama y gran trayectoria que aporten todo su conocimiento y experiencia sobre este apreciado producto. Esta jornadas ser\u00e1n un evento de magnitud nacional e internacional que atraer\u00e1\u00a0 a personas de todo el pa\u00eds y de fuera de nuestras fronteras.<\/p><p>Un \u00e1mbito importante de estas jornadas ser\u00e1 el concerniente al apartado de salud y que estar\u00e1 representado por primera vez en la provincia de Ja\u00e9n por el estudio Predimed. Este estudio pionero se encarga de analizar c\u00f3mo las personas de estudio o pacientes que siguen las recomendaciones sobre dieta mediterr\u00e1nea suplementada con aceite de oliva mejoran los niveles de colesterol, presi\u00f3n arterial, glucosa en sangre e inflamaci\u00f3n y, adem\u00e1s, muestran un mayor aumento del colesterol bueno en sangre.<\/p><p>Todo ello sin olvidar que las jornadas tienen adem\u00e1s una componente solidaria, ya que los cinco euros de cuota de inscripci\u00f3n para asistir se destinar\u00e1n \u00edntegramente a la Fundaci\u00f3n Huerta de San Antonio encargada de la rehabilitaci\u00f3n de la iglesia de San Lorenzo. En pr\u00f3ximas fechas iremos adelantando m\u00e1s informaci\u00f3n relevante acerca de estas atractivas Jornadas. Seguid atentos!!<\/p><p style=\"text-align: center;\"><a href=\"http:\/\/centrodeolivaryaceite.com\/wp-content\/uploads\/2014\/08\/D\u00cdPTICO_JORNADAS-.pdf\"><strong>Click aqu\u00ed para descargar el Programa de las\u00a0\u00a0I Jornadas: Virgen Extra, Patrimonio Saludable<\/strong><\/a><\/p><p style=\"text-align: center;\"><strong><a title=\"Inscripci\u00f3n I Jornadas Virgen Extra Patrimonio Saludable\" href=\"http:\/\/centrodeolivaryaceite.com\/inscripcion-jornadas-virgen-extra-patrimonio-saludable\/\">Click aqu\u00ed para ir a la Inscripci\u00f3n de las I Jornadas: Virgen Extra, Patrimonio Saludable<\/a><\/strong><\/p><p><a href=\"http:\/\/centrodeolivaryaceite.com\/wp-content\/uploads\/2014\/08\/jornadas.jpg\"><img class=\"wp-image-3543 aligncenter\" src=\"http:\/\/centrodeolivaryaceite.com\/wp-content\/uploads\/2014\/08\/jornadas.jpg\" alt=\"jornadas\" width=\"253\" height=\"403\" \/><\/a><\/p><p>\u00a0<\/p><p style=\"text-align: center;\"><a href=\"http:\/\/centrodeolivaryaceite.com\/wp-content\/uploads\/2014\/09\/cartel_logos-photocall.jpg\"><img src=\"http:\/\/centrodeolivaryaceite.com\/wp-content\/uploads\/2014\/09\/cartel_logos-photocall.jpg\" alt=\"cartel_logos \" width=\"506\" height=\"419\" \/><\/a><\/p>","_et_gb_content_width":"","_jetpack_memberships_contains_paid_content":false,"footnotes":""},"categories":[1],"tags":[],"class_list":["post-3542","post","type-post","status-publish","format-standard","has-post-thumbnail","hentry","category-general"],"jetpack_featured_media_url":"https:\/\/i0.wp.com\/centrodeolivaryaceite.com\/wp-content\/uploads\/2014\/08\/jornadas.jpg?fit=602%2C960&ssl=1","jetpack_sharing_enabled":true,"jetpack_shortlink":"https:\/\/wp.me\/p95A9q-V8","_links":{"self":[{"href":"https:\/\/centrodeolivaryaceite.com\/es\/wp-json\/wp\/v2\/posts\/3542\/"}],"collection":[{"href":"https:\/\/centrodeolivaryaceite.com\/es\/wp-json\/wp\/v2\/posts\/"}],"about":[{"href":"https:\/\/centrodeolivaryaceite.com\/es\/wp-json\/wp\/v2\/types\/post\/"}],"author":[{"embeddable":true,"href":"https:\/\/centrodeolivaryaceite.com\/es\/wp-json\/wp\/v2\/users\/1\/"}],"replies":[{"embeddable":true,"href":"https:\/\/centrodeolivaryaceite.com\/es\/wp-json\/wp\/v2\/comments\/?post=3542"}],"version-history":[{"count":0,"href":"https:\/\/centrodeolivaryaceite.com\/es\/wp-json\/wp\/v2\/posts\/3542\/revisions\/"}],"wp:featuredmedia":[{"embeddable":true,"href":"https:\/\/centrodeolivaryaceite.com\/es\/wp-json\/wp\/v2\/media\/3543\/"}],"wp:attachment":[{"href":"https:\/\/centrodeolivaryaceite.com\/es\/wp-json\/wp\/v2\/media\/?parent=3542"}],"wp:term":[{"taxonomy":"category","embeddable":true,"href":"https:\/\/centrodeolivaryaceite.com\/es\/wp-json\/wp\/v2\/categories\/?post=3542"},{"taxonomy":"post_tag","embeddable":true,"href":"https:\/\/centrodeolivaryaceite.com\/es\/wp-json\/wp\/v2\/tags\/?post=3542"}],"curies":[{"name":"wp","href":"https:\/\/api.w.org\/{rel}","templated":true}]}}