{"id":35961,"date":"2017-12-05T17:19:57","date_gmt":"2017-12-05T17:19:57","guid":{"rendered":"http:\/\/centrodeolivaryaceite.com\/?p=35961"},"modified":"2022-08-02T08:09:16","modified_gmt":"2022-08-02T08:09:16","slug":"aceites-de-elaboracion-temprana-protagonistas-de-la-quinta-sesion-del-club-de-cata-olivar-y-aceite-2","status":"publish","type":"post","link":"https:\/\/centrodeolivaryaceite.com\/es\/aceites-de-elaboracion-temprana-protagonistas-de-la-quinta-sesion-del-club-de-cata-olivar-y-aceite-2\/","title":{"rendered":"JORNADA DE PUERTAS ABIERTAS DEL CENTRO DE INTERPRETACI\u00d3N \u201cOLIVAR Y ACEITE\u201d PARA LA PRESENTACI\u00d3N DE ACEITES PREMIUM"},"content":{"rendered":"<p>[et_pb_section fb_built=\u00bb1&#8243; fullwidth=\u00bbon\u00bb custom_padding_last_edited=\u00bbon|desktop\u00bb admin_label=\u00bbSecci\u00f3n\u00bb _builder_version=\u00bb3.22&#8243; background_color=\u00bb#ffffff\u00bb background_image=\u00bbhttp:\/\/centrodeolivaryaceite.com\/wp-content\/uploads\/2016\/06\/page_header_bg_blue.jpg\u00bb custom_padding_tablet=\u00bb50px|0|50px|0&#8243; custom_padding_phone=\u00bb50px|0|50px|0&#8243; transparent_background=\u00bboff\u00bb padding_mobile=\u00bboff\u00bb make_fullwidth=\u00bboff\u00bb use_custom_width=\u00bboff\u00bb width_unit=\u00bbon\u00bb global_module=\u00bb5294&#8243; locked=\u00bboff\u00bb collapsed=\u00bboff\u00bb global_colors_info=\u00bb{}\u00bb][et_pb_fullwidth_post_title meta=\u00bboff\u00bb featured_image=\u00bboff\u00bb text_color=\u00bblight\u00bb text_background=\u00bbon\u00bb text_bg_color=\u00bbrgba(28,28,28,0.43)\u00bb admin_label=\u00bbT\u00edtulo\u00bb _builder_version=\u00bb4.17.6&#8243; _module_preset=\u00bbdefault\u00bb title_font=\u00bbRoboto Light||||\u00bb title_font_size=\u00bb35px\u00bb title_all_caps=\u00bbon\u00bb background_color=\u00bbrgba(255,255,255,0)\u00bb parallax=\u00bbon\u00bb parallax_method=\u00bboff\u00bb text_orientation=\u00bbcenter\u00bb use_border_color=\u00bboff\u00bb border_color=\u00bb#ffffff\u00bb border_style=\u00bbsolid\u00bb parallax_effect=\u00bbon\u00bb module_bg_color=\u00bbrgba(255,255,255,0)\u00bb global_colors_info=\u00bb{}\u00bb][\/et_pb_fullwidth_post_title][\/et_pb_section][et_pb_section fb_built=\u00bb1&#8243; custom_padding_last_edited=\u00bbon|desktop\u00bb _builder_version=\u00bb4.16&#8243; background_color=\u00bb#ffffff\u00bb custom_padding=\u00bb10px|||\u00bb custom_padding_tablet=\u00bb50px|0|50px|0&#8243; custom_padding_phone=\u00bb\u00bb transparent_background=\u00bboff\u00bb padding_mobile=\u00bboff\u00bb make_fullwidth=\u00bboff\u00bb use_custom_width=\u00bboff\u00bb width_unit=\u00bbon\u00bb global_colors_info=\u00bb{}\u00bb][et_pb_row padding_mobile=\u00bboff\u00bb column_padding_mobile=\u00bbon\u00bb _builder_version=\u00bb4.16&#8243; background_size=\u00bbinitial\u00bb background_position=\u00bbtop_left\u00bb background_repeat=\u00bbrepeat\u00bb custom_padding=\u00bb10px|||\u00bb make_fullwidth=\u00bboff\u00bb use_custom_width=\u00bboff\u00bb width_unit=\u00bbon\u00bb global_colors_info=\u00bb{}\u00bb][et_pb_column type=\u00bb4_4&#8243; _builder_version=\u00bb4.16&#8243; custom_padding=\u00bb|||\u00bb global_colors_info=\u00bb{}\u00bb custom_padding__hover=\u00bb|||\u00bb][et_pb_post_title title=\u00bboff\u00bb _builder_version=\u00bb4.16&#8243; title_all_caps=\u00bboff\u00bb background_color=\u00bbrgba(255,255,255,0)\u00bb parallax=\u00bbon\u00bb use_border_color=\u00bboff\u00bb border_color=\u00bb#ffffff\u00bb border_style=\u00bbsolid\u00bb parallax_effect=\u00bbon\u00bb module_bg_color=\u00bbrgba(255,255,255,0)\u00bb global_colors_info=\u00bb{}\u00bb][\/et_pb_post_title][\/et_pb_column][\/et_pb_row][\/et_pb_section][et_pb_section fb_built=\u00bb1&#8243; specialty=\u00bbon\u00bb custom_padding_last_edited=\u00bbon|desktop\u00bb parallax_method_1=\u00bboff\u00bb parallax_method_2=\u00bboff\u00bb _builder_version=\u00bb4.16&#8243; background_color=\u00bb#ffffff\u00bb custom_padding=\u00bb10px|||\u00bb custom_padding_tablet=\u00bb50px|0|50px|0&#8243; custom_padding_phone=\u00bb\u00bb transparent_background=\u00bboff\u00bb padding_mobile=\u00bboff\u00bb make_fullwidth=\u00bboff\u00bb use_custom_width=\u00bboff\u00bb width_unit=\u00bbon\u00bb global_colors_info=\u00bb{}\u00bb][et_pb_column type=\u00bb2_3&#8243; specialty_columns=\u00bb2&#8243; _builder_version=\u00bb4.16&#8243; custom_padding=\u00bb|||\u00bb global_colors_info=\u00bb{}\u00bb custom_padding__hover=\u00bb|||\u00bb][et_pb_row_inner padding_mobile=\u00bboff\u00bb column_padding_mobile=\u00bbon\u00bb admin_label=\u00bbFila\u00bb _builder_version=\u00bb4.16&#8243; custom_padding=\u00bb0px|||\u00bb global_colors_info=\u00bb{}\u00bb][et_pb_column_inner saved_specialty_column_type=\u00bb2_3&#8243; _builder_version=\u00bb4.16&#8243; custom_padding=\u00bb|||\u00bb global_colors_info=\u00bb{}\u00bb custom_padding__hover=\u00bb|||\u00bb][et_pb_text admin_label=\u00bbTexto a reemplazar\u00bb _builder_version=\u00bb4.16&#8243; text_orientation=\u00bbleft\u00bb module_alignment=\u00bbleft\u00bb border_style=\u00bbsolid\u00bb global_colors_info=\u00bb{}\u00bb]Una vez m\u00e1s la ciudad de \u00dabeda volver\u00e1 a ser el epicentro del mundo del olivar gracias a una nueva jornada de puertas abiertas del Centro de Interpretaci\u00f3n \u201cOlivar y Aceite\u201d. Entidad que tiene como objetivo promocionar y difundir la cultura del olivar y del aceite, a trav\u00e9s de las distintas iniciativas que pone en marcha a lo largo del a\u00f1o. No obstante en esta ocasi\u00f3n se centrar\u00e1 en dar a conocer las bondades y versatilidad de los aceites de nueva cosecha.<\/p>\n<p>\u201cLa iniciativa tendr\u00e1 lugar el s\u00e1bado 9 de diciembre en el Centro Cultural del Hospital de Santiago, dicha actividad se realizaba con anterioridad en las instalaciones del propio Centro pero dada la gran aceptaci\u00f3n con la que goza y la gran participaci\u00f3n de socios, se decidi\u00f3 trasladarla el a\u00f1o pasado al Hospital de Santiago\u201d, ha indicado el presidente de la entidad, Javier G\u00e1mez.<\/p>\n<p>Para facilitar que la poblaci\u00f3n pueda \u00a0disfrutar de esta jornada se realiza en s\u00e1bado y adem\u00e1s coincidiendo con el puente de la Constituci\u00f3n, fecha en la que se prev\u00e9 que haya una gran afluencia de turistas en la ciudad, \u201cde este modo creamos sinergias entre el sector tur\u00edstico y el mundo del aceite, ya que el aceite de oliva virgen extra de \u00dabeda y de la provincia es un importante baluarte tur\u00edstico\u201d,\u00a0 ha se\u00f1alado G\u00e1mez.<\/p>\n<p>Los visitantes conocer\u00e1n de mano de los propios productores los aceites as\u00ed como los dem\u00e1s productos que comercializan. Ser\u00e1n veintid\u00f3s socios de la entidad los que participen de esta Jornada de Puertas Abiertas, de los m\u00e1s de sesenta socios que componen la gran familia de \u201cOlivar y Aceite\u201d, entre los que se encuentran La Carrera, Picualia, Haza la Centenosa, \u00c1gape de Florencio Aguilera, \u00d3leo Rinc\u00f3n, Sp\u00edritu Santo, Se\u00f1or\u00edo de las Almenas, Lupo Terra, Finca Las Manillas, Sabor D\u00b4Oro, Jaencoop, Tierras de Tavara, Notaliv, Uno, Ole\u00edcola San Francisco, Don Diego, Gloriae, Cosm\u00e9tica El Olivo, Ole\u00edcola Ja\u00e9n, Picu\u00e9lite, Novecientos y Puerta de las Villas.<\/p>\n<p>\u201cLa presentaci\u00f3n de los AOVEs, todos ellos producidos en la provincia de Ja\u00e9n, se complementar\u00e1 con otras actividades como catas para ni\u00f1os y adultos, un curso de cocina infantil as\u00ed como demostraciones culinarias y degustaciones en directo\u201d, ha explicado G\u00e1mez. Para el showcooking se contar\u00e1 con la presencia de tres grandes cocineros jiennenses, como son Alejo P\u00e9rez de la Taper\u00eda-Restaurante Rastro, Anselmo Ju\u00e1rez de Restaurante Zeit\u00fam y la chef freelance Manuela Monsalve, que deleitar\u00e1n al p\u00fablico con las recetas que elaborar\u00e1n, regadas con los mejores aceites<\/p>\n<p>Premium, \u201cpara que los asistentes conozcan de primera mano algunos de los posibles maridajes que ofrecen las distintas variedades de zumo de aceituna que se producen en Ja\u00e9n\u201d,\u00a0 ha aseverado Javier G\u00e1mez.<\/p>\n<p>Asimismo el presidente de la entidad ha adelantado que todos los fines de semana del mes de diciembre se realizaran presentaciones y catas de miembros de \u201cOlivar y Aceite\u201d en las dependencias de la entidad. Concretamente el pr\u00f3ximo s\u00e1bado 2 de diciembre a las 12:30 horas, se realizar\u00e1 la presentaci\u00f3n, cata y degustaci\u00f3n gratuita del zumo de aceituna de Campos de Tosca.<\/p>\n<p>Por ultimo G\u00e1mez ha aprovechado la ocasi\u00f3n para agradecer la colaboraci\u00f3n y el apoyo que el Centro de Interpretaci\u00f3n recibe de la Diputaci\u00f3n Provincial de Ja\u00e9n y de la Administraci\u00f3n local as\u00ed como la de entidades privadas como Caja Rural, \u201cya que gracias a ellos ser\u00e1 posible la celebraci\u00f3n de la Jornada de Puertas Abiertas as\u00ed como otras iniciativas que la entidad ha realizado y realizar\u00e1 en los pr\u00f3ximos meses\u201d. Igualmente ha adelanto que la Fundaci\u00f3n Caja Rural va a formar parte de \u201cOlivar y Aceite\u201d. Asimismo G\u00e1mez ha hecho hincapi\u00e9 en la labor que realizan los socios para que la difusi\u00f3n de la cultura el aceite y del olivar sea cada vez mayor, ha se\u00f1alado el presidente de la entidad.<\/p>\n<p>Otras acciones formativas<\/p>\n<p>El Centro de Interpretaci\u00f3n trabaja a diario para promocionar y divulgar la cultura del zumo de aceituna y del olivar, por eso este a\u00f1o ha impulsado junto a IADA Ingenieros, socios de \u201cOlivar y Aceite\u201d, el \u201cClub de cata Olivar y Aceite\u201d. Una iniciativa pionera en Andaluc\u00eda, dirigida tanto a profesionales que quieran profundizar y ampliar sus conocimientos sobre el oro l\u00edquido como a amantes del aceite de oliva virgen extra. Un club que celebra sesiones de car\u00e1cter bimensual y que el pr\u00f3ximo 15 de diciembre realizar\u00e1 la \u00faltima de las sesiones previstas para este a\u00f1o.<br \/>\n[\/et_pb_text][et_pb_comments _builder_version=\u00bb4.16&#8243; use_border_color=\u00bboff\u00bb border_color=\u00bb#ffffff\u00bb border_style=\u00bbsolid\u00bb button_letter_spacing_hover=\u00bb0&#8243; global_colors_info=\u00bb{}\u00bb button_text_size__hover_enabled=\u00bboff\u00bb button_one_text_size__hover_enabled=\u00bboff\u00bb button_two_text_size__hover_enabled=\u00bboff\u00bb button_text_color__hover_enabled=\u00bboff\u00bb button_one_text_color__hover_enabled=\u00bboff\u00bb button_two_text_color__hover_enabled=\u00bboff\u00bb button_border_width__hover_enabled=\u00bboff\u00bb button_one_border_width__hover_enabled=\u00bboff\u00bb button_two_border_width__hover_enabled=\u00bboff\u00bb button_border_color__hover_enabled=\u00bboff\u00bb button_one_border_color__hover_enabled=\u00bboff\u00bb button_two_border_color__hover_enabled=\u00bboff\u00bb button_border_radius__hover_enabled=\u00bboff\u00bb button_one_border_radius__hover_enabled=\u00bboff\u00bb button_two_border_radius__hover_enabled=\u00bboff\u00bb button_letter_spacing__hover_enabled=\u00bbon\u00bb button_letter_spacing__hover=\u00bb0&#8243; button_one_letter_spacing__hover_enabled=\u00bboff\u00bb button_two_letter_spacing__hover_enabled=\u00bboff\u00bb button_bg_color__hover_enabled=\u00bboff\u00bb button_one_bg_color__hover_enabled=\u00bboff\u00bb button_two_bg_color__hover_enabled=\u00bboff\u00bb][\/et_pb_comments][\/et_pb_column_inner][\/et_pb_row_inner][\/et_pb_column][et_pb_column type=\u00bb1_3&#8243; _builder_version=\u00bb4.16&#8243; custom_padding=\u00bb|||\u00bb global_colors_info=\u00bb{}\u00bb custom_padding__hover=\u00bb|||\u00bb][et_pb_sidebar orientation=\u00bbright\u00bb area=\u00bbsidebar-1&#8243; _builder_version=\u00bb4.16&#8243; remove_border=\u00bboff\u00bb global_colors_info=\u00bb{}\u00bb][\/et_pb_sidebar][\/et_pb_column][\/et_pb_section][et_pb_section fb_built=\u00bb1&#8243; custom_padding_last_edited=\u00bbon|desktop\u00bb disabled_on=\u00bbon|on|on\u00bb _builder_version=\u00bb3.0.92&#8243; background_color=\u00bb#dedacf\u00bb custom_padding_tablet=\u00bb50px|0|50px|0&#8243; custom_padding_phone=\u00bb\u00bb disabled=\u00bbon\u00bb global_module=\u00bb5116&#8243; collapsed=\u00bboff\u00bb global_colors_info=\u00bb{}\u00bb][et_pb_row _builder_version=\u00bb4.16&#8243; global_colors_info=\u00bb{}\u00bb][et_pb_column type=\u00bb4_4&#8243; _builder_version=\u00bb4.16&#8243; custom_padding=\u00bb|||\u00bb global_colors_info=\u00bb{}\u00bb custom_padding__hover=\u00bb|||\u00bb][\/et_pb_column][\/et_pb_row][\/et_pb_section][et_pb_section fb_built=\u00bb1&#8243; custom_padding_last_edited=\u00bbon|desktop\u00bb _builder_version=\u00bb3.22&#8243; background_color=\u00bb#ffffff\u00bb custom_padding=\u00bb10px||0px|\u00bb custom_padding_tablet=\u00bb50px|0|50px|0&#8243; custom_padding_phone=\u00bb\u00bb transparent_background=\u00bboff\u00bb padding_mobile=\u00bboff\u00bb make_fullwidth=\u00bboff\u00bb use_custom_width=\u00bboff\u00bb width_unit=\u00bbon\u00bb global_module=\u00bb5115&#8243; collapsed=\u00bboff\u00bb global_colors_info=\u00bb{}\u00bb][et_pb_row padding_mobile=\u00bboff\u00bb column_padding_mobile=\u00bbon\u00bb _builder_version=\u00bb4.16&#8243; background_size=\u00bbinitial\u00bb background_position=\u00bbtop_left\u00bb background_repeat=\u00bbrepeat\u00bb max_width=\u00bb1080px\u00bb custom_padding=\u00bb0px||0px|\u00bb make_fullwidth=\u00bboff\u00bb use_custom_width=\u00bboff\u00bb width_unit=\u00bbon\u00bb global_colors_info=\u00bb{}\u00bb][\/et_pb_row][\/et_pb_section]<\/p>\n","protected":false},"excerpt":{"rendered":"<p>Una vez m\u00e1s la ciudad de \u00dabeda volver\u00e1 a ser el epicentro del mundo del olivar gracias a una nueva jornada de puertas abiertas del Centro de Interpretaci\u00f3n \u201cOlivar y Aceite\u201d. Entidad que tiene como objetivo promocionar y difundir la cultura del olivar y del aceite, a trav\u00e9s de las distintas iniciativas que pone en [&hellip;]<\/p>\n","protected":false},"author":1,"featured_media":35928,"comment_status":"open","ping_status":"open","sticky":false,"template":"","format":"standard","meta":{"_et_pb_use_builder":"on","_et_pb_old_content":"El Centro de Interpretaci\u00f3n \u201cOlivar y Aceite\u201d puso en marcha a principios de este a\u00f1o, una iniciativa novedosa y pionera tanto a nivel provincial como regional, el Club de Cata \u201cOlivar y Aceite\u201d, en colaboraci\u00f3n con uno de sus socios, IADA Ingenieros. El objetivo del Club de Cata \u201cOlivar y Aceite\u201d es ser un punto de encuentro y debate de aficionados y profesionales para profu<span class=\"text_exposed_show\">ndizar en el conocimiento del aceite de oliva virgen extra y disfrutar de la experiencia sensorial de aceites de diferentes procedencias, nacionales e internacionales.<\/span>\r\n<div class=\"text_exposed_show\">\r\n\r\nUn proyecto que se est\u00e1 consolidando poco a poco, \u201ces una actividad de las m\u00e1s fuertes, de mayor importancia y relevancia, porque se centra en la formaci\u00f3n y perfeccionamiento en la cata del aceite. Adem\u00e1s cada vez son m\u00e1s las personas interesadas por el club de cata\u201d recalc\u00f3 Javier G\u00e1mez.\r\n\r\nEn concreto, el viernes 17 de noviembre se celebr\u00f3 la quinta edici\u00f3n a la que asistieron 17 personas, entre las que se encontraban productores as\u00ed como profesionales y amantes del mundo del aceite, llegados desde distintos puntos de la geograf\u00eda espa\u00f1ola, como Barcelona o Granada, \u201clo que indica que la promoci\u00f3n y difusi\u00f3n sobre el mundo del aceite y del olivar, que estamos realizando, desde el Centro de Interpretaci\u00f3n est\u00e1 llegando a todos los rincones de la geograf\u00eda\u201d, se\u00f1al\u00f3 el presidente de la asociaci\u00f3n \u201cOlivar y Aceite\u201d.\r\n\r\nEn esta ocasi\u00f3n la sesi\u00f3n se dedic\u00f3 a los aceites de nueva campa\u00f1a de la provincia de Ja\u00e9n. Se cataron ocho aceites premium o aceites tempranos, de las variedades picual, arbequina, hojiblanca, frantoio, koroneiki, carrasque\u00f1o y royal. Para esta ocasi\u00f3n se cont\u00f3 con la presencia de Mercedes Uceda, directora de calidad de IADA Ingenieros, el jefe de cocina del Restaurante-Taper\u00eda El Rastro, Alejo P\u00e9rez, as\u00ed como con Soledad Rom\u00e1n y Tom\u00e1s M\u00e9ndez, gerente y t\u00e9cnico del Centro de Interpretaci\u00f3n, respectivamente.\r\n\r\n\u201cLos asistentes en la sesi\u00f3n del Club de Cata \u201cOlivar y Aceite\u201d aprendieron a distinguir cada variedad y diferenciar los matices que desarrolla cada una de ellas\u201d, se\u00f1al\u00f3 G\u00e1mez. El broche de oro a la jornada lo puso el chef del Restaurante-Taper\u00eda El Rastro, que elabor\u00f3 cuatro tapas con algunos de los AOVEs catados a lo largo de la jornada. Entre otros platos los asistentes degustaron un maki-sushi de caballa, aguacate y zanahoria y un nigiri-sushi de lomo de ciervo, ambas recetas elaboradas con el biodin\u00e1mico arbequino, una crema de pavo de huerta, con panceta ib\u00e9rica salada, nieve de jam\u00f3n serrano y almendra tostada rallada, realizada con la variedad frantoio, y langostinos con alcachofa regados con el picual. Para poner el punto dulce al maridaje Alejo realiz\u00f3 unos bocados dulces de medias lunas de caramelo con espuma de flan, con toque de mandarina picante y toque de cayena, elaborados con la variedad hojiblanca.\r\n\r\n[gallery type=\"rectangular\" ids=\"35827,35826,35825,35824,35823,35822,35821,35820,35819,35818,35817,35816,35815,35814,35813,35812,35811,35810,35809,35808,35807,35806,35805,35804,35803\"]\r\n\r\n<\/div>","_et_gb_content_width":"","_jetpack_memberships_contains_paid_content":false,"footnotes":""},"categories":[1],"tags":[],"class_list":["post-35961","post","type-post","status-publish","format-standard","has-post-thumbnail","hentry","category-general"],"jetpack_featured_media_url":"https:\/\/i0.wp.com\/centrodeolivaryaceite.com\/wp-content\/uploads\/2017\/12\/Jornadas-AOVE-Hospital-de-Santiago.jpg?fit=682%2C960&ssl=1","jetpack_sharing_enabled":true,"jetpack_shortlink":"https:\/\/wp.me\/p95A9q-9m1","_links":{"self":[{"href":"https:\/\/centrodeolivaryaceite.com\/es\/wp-json\/wp\/v2\/posts\/35961\/"}],"collection":[{"href":"https:\/\/centrodeolivaryaceite.com\/es\/wp-json\/wp\/v2\/posts\/"}],"about":[{"href":"https:\/\/centrodeolivaryaceite.com\/es\/wp-json\/wp\/v2\/types\/post\/"}],"author":[{"embeddable":true,"href":"https:\/\/centrodeolivaryaceite.com\/es\/wp-json\/wp\/v2\/users\/1\/"}],"replies":[{"embeddable":true,"href":"https:\/\/centrodeolivaryaceite.com\/es\/wp-json\/wp\/v2\/comments\/?post=35961"}],"version-history":[{"count":0,"href":"https:\/\/centrodeolivaryaceite.com\/es\/wp-json\/wp\/v2\/posts\/35961\/revisions\/"}],"wp:featuredmedia":[{"embeddable":true,"href":"https:\/\/centrodeolivaryaceite.com\/es\/wp-json\/wp\/v2\/media\/35928\/"}],"wp:attachment":[{"href":"https:\/\/centrodeolivaryaceite.com\/es\/wp-json\/wp\/v2\/media\/?parent=35961"}],"wp:term":[{"taxonomy":"category","embeddable":true,"href":"https:\/\/centrodeolivaryaceite.com\/es\/wp-json\/wp\/v2\/categories\/?post=35961"},{"taxonomy":"post_tag","embeddable":true,"href":"https:\/\/centrodeolivaryaceite.com\/es\/wp-json\/wp\/v2\/tags\/?post=35961"}],"curies":[{"name":"wp","href":"https:\/\/api.w.org\/{rel}","templated":true}]}}