{"id":36175,"date":"2018-02-14T18:01:41","date_gmt":"2018-02-14T18:01:41","guid":{"rendered":"http:\/\/centrodeolivaryaceite.com\/?p=36175"},"modified":"2018-02-24T17:02:27","modified_gmt":"2018-02-24T17:02:27","slug":"el-gruppo-pieralisi-se-convierte-en-el-patrocinador-principal-del-centro-de-interpretacion-olivar-y-aceite","status":"publish","type":"post","link":"https:\/\/centrodeolivaryaceite.com\/es\/el-gruppo-pieralisi-se-convierte-en-el-patrocinador-principal-del-centro-de-interpretacion-olivar-y-aceite\/","title":{"rendered":"EL GRUPPO PIERALISI SE CONVIERTE EN EL PATROCINADOR PRINCIPAL DEL CENTRO DE INTERPRETACI\u00d3N \u201cOLIVAR Y ACEITE\u201d"},"content":{"rendered":"<p>[et_pb_section bb_built=\u00bb1&#8243; fullwidth=\u00bbon\u00bb specialty=\u00bboff\u00bb background_image=\u00bbhttp:\/\/centrodeolivaryaceite.com\/wp-content\/uploads\/2016\/06\/page_header_bg_blue.jpg\u00bb transparent_background=\u00bboff\u00bb background_color=\u00bb#ffffff\u00bb allow_player_pause=\u00bboff\u00bb inner_shadow=\u00bboff\u00bb parallax=\u00bboff\u00bb parallax_method=\u00bboff\u00bb padding_mobile=\u00bboff\u00bb make_fullwidth=\u00bboff\u00bb use_custom_width=\u00bboff\u00bb width_unit=\u00bbon\u00bb make_equal=\u00bboff\u00bb use_custom_gutter=\u00bboff\u00bb custom_padding_tablet=\u00bb50px|0|50px|0&#8243; custom_padding_last_edited=\u00bbon|desktop\u00bb global_module=\u00bb5294&#8243;][et_pb_fullwidth_post_title admin_label=\u00bbT\u00edtulo\u00bb global_parent=\u00bb5294&#8243; title=\u00bbon\u00bb meta=\u00bboff\u00bb author=\u00bbon\u00bb date=\u00bbon\u00bb categories=\u00bbon\u00bb comments=\u00bbon\u00bb featured_image=\u00bboff\u00bb featured_placement=\u00bbbelow\u00bb parallax_effect=\u00bbon\u00bb parallax_method=\u00bboff\u00bb text_orientation=\u00bbcenter\u00bb text_color=\u00bblight\u00bb text_background=\u00bbon\u00bb text_bg_color=\u00bbrgba(28,28,28,0.43)\u00bb module_bg_color=\u00bbrgba(255,255,255,0)\u00bb title_all_caps=\u00bbon\u00bb use_border_color=\u00bboff\u00bb border_color=\u00bb#ffffff\u00bb border_style=\u00bbsolid\u00bb title_font=\u00bbRoboto Light||||\u00bb title_font_size=\u00bb35px\u00bb background_position=\u00bbtop_left\u00bb background_repeat=\u00bbrepeat\u00bb background_size=\u00bbinitial\u00bb parallax=\u00bbon\u00bb background_color=\u00bbrgba(255,255,255,0)\u00bb \/][\/et_pb_section][et_pb_section bb_built=\u00bb1&#8243; fullwidth=\u00bboff\u00bb specialty=\u00bboff\u00bb transparent_background=\u00bboff\u00bb background_color=\u00bb#ffffff\u00bb allow_player_pause=\u00bboff\u00bb inner_shadow=\u00bboff\u00bb parallax=\u00bboff\u00bb parallax_method=\u00bboff\u00bb custom_padding=\u00bb10px|||\u00bb padding_mobile=\u00bboff\u00bb make_fullwidth=\u00bboff\u00bb use_custom_width=\u00bboff\u00bb width_unit=\u00bbon\u00bb make_equal=\u00bboff\u00bb use_custom_gutter=\u00bboff\u00bb custom_padding_tablet=\u00bb50px|0|50px|0&#8243; custom_padding_last_edited=\u00bbon|desktop\u00bb][et_pb_row make_fullwidth=\u00bboff\u00bb use_custom_width=\u00bboff\u00bb width_unit=\u00bbon\u00bb use_custom_gutter=\u00bboff\u00bb custom_padding=\u00bb10px|||\u00bb padding_mobile=\u00bboff\u00bb allow_player_pause=\u00bboff\u00bb parallax=\u00bboff\u00bb parallax_method=\u00bboff\u00bb make_equal=\u00bboff\u00bb parallax_1=\u00bboff\u00bb parallax_method_1=\u00bboff\u00bb column_padding_mobile=\u00bbon\u00bb background_position=\u00bbtop_left\u00bb background_repeat=\u00bbrepeat\u00bb background_size=\u00bbinitial\u00bb][et_pb_column type=\u00bb4_4&#8243;][et_pb_post_title title=\u00bboff\u00bb meta=\u00bbon\u00bb author=\u00bbon\u00bb date=\u00bbon\u00bb categories=\u00bbon\u00bb comments=\u00bbon\u00bb featured_image=\u00bbon\u00bb featured_placement=\u00bbbelow\u00bb parallax_effect=\u00bbon\u00bb parallax_method=\u00bbon\u00bb text_orientation=\u00bbleft\u00bb text_color=\u00bbdark\u00bb text_background=\u00bboff\u00bb text_bg_color=\u00bbrgba(255,255,255,0.9)\u00bb module_bg_color=\u00bbrgba(255,255,255,0)\u00bb title_all_caps=\u00bboff\u00bb use_border_color=\u00bboff\u00bb border_color=\u00bb#ffffff\u00bb border_style=\u00bbsolid\u00bb _builder_version=\u00bb3.0.92&#8243; \/][\/et_pb_column][\/et_pb_row][\/et_pb_section][et_pb_section bb_built=\u00bb1&#8243; fullwidth=\u00bboff\u00bb specialty=\u00bbon\u00bb transparent_background=\u00bboff\u00bb background_color=\u00bb#ffffff\u00bb allow_player_pause=\u00bboff\u00bb inner_shadow=\u00bboff\u00bb parallax=\u00bboff\u00bb parallax_method=\u00bboff\u00bb custom_padding=\u00bb10px|||\u00bb padding_mobile=\u00bboff\u00bb make_fullwidth=\u00bboff\u00bb use_custom_width=\u00bboff\u00bb width_unit=\u00bbon\u00bb make_equal=\u00bboff\u00bb use_custom_gutter=\u00bboff\u00bb parallax_1=\u00bboff\u00bb parallax_method_1=\u00bboff\u00bb parallax_2=\u00bboff\u00bb parallax_method_2=\u00bboff\u00bb custom_padding_tablet=\u00bb50px|0|50px|0&#8243; custom_padding_last_edited=\u00bbon|desktop\u00bb][et_pb_column type=\u00bb2_3&#8243; specialty_columns=\u00bb2&#8243;][et_pb_row_inner admin_label=\u00bbFila\u00bb custom_padding=\u00bb0px|||\u00bb padding_mobile=\u00bboff\u00bb use_custom_gutter=\u00bboff\u00bb column_padding_mobile=\u00bbon\u00bb make_equal=\u00bboff\u00bb parallax_1=\u00bboff\u00bb parallax_method_1=\u00bboff\u00bb][et_pb_column_inner type=\u00bb4_4&#8243; saved_specialty_column_type=\u00bb2_3&#8243;][et_pb_text admin_label=\u00bbTexto a reemplazar\u00bb background_layout=\u00bblight\u00bb use_border_color=\u00bboff\u00bb border_color=\u00bb#ffffff\u00bb border_style=\u00bbsolid\u00bb _builder_version=\u00bb3.0.92&#8243;]<\/p>\n<p>El\u00a0Gruppo Pieralisi\u00a0se incorpora como patrocinador principal del Centro Olivar y Aceite, lo que supone un apoyo institucional de \u201cgran envergadura\u201d al tratarse de una compa\u00f1\u00eda que, desde su fundaci\u00f3n en el a\u00f1o 1888, apuesta por la innovaci\u00f3n, desarrollo e investigaci\u00f3n en el mundo del olivar. Con este patrocinio, Pieralisi muestra el \u201cfirme\u201d prop\u00f3sito de reforzar e impulsar las actividades de este centro, una entidad referente en el sector agr\u00edcola, seg\u00fan informan los responsables de esta entidad.<\/p>\n<p>El Centro es una iniciativa puesta en marcha por el Ayuntamiento de \u00dabeda en 2013 y que est\u00e1 gestionado por la Asociaci\u00f3n Olivar y Aceite, sin \u00e1nimo de lucro, que agrupa entidades p\u00fablicas y privadas como ayuntamientos, almazaras, organizaciones agrarias, empresas de ingenier\u00eda y servicios tur\u00edsticos o empresas que trabajan con el AOVE como materia prima, todas ellas con el objetivo de promover la cultura del aceite de oliva y el oleoturismo.<br \/>\nEl Centro est\u00e1 situado en el edificio de la Casa de la Tercia de \u00dabeda y cuenta con m\u00e1s de 1.200 metros cuadrados incluyendo diferentes \u00e1reas entre las que destacan una zona de museo, salas de exposiciones, aulas de cocina e infantiles, salas de conferencias y de formaci\u00f3n.<br \/>\nDesde su apertura, el Centro ha centrado sus esfuerzos en la promoci\u00f3n y divulgaci\u00f3n de la cultura milenaria del olivar, a trav\u00e9s de las diferentes actividades programadas para todo tipo de p\u00fablico, como cursos de formaci\u00f3n, catas, talleres de cocina, el club de cata pionero en Andaluc\u00eda, conferencias, visitas a almazaras, presentaciones de los productos de nuestros socios, jornadas de puertas abiertas y muchas actividades m\u00e1s.<br \/>\nEn coherencia con esta trayectoria, durante esa andadura se han sumado a este \u201cinnovador proyecto\u201d m\u00e1s de sesenta empresas relacionadas con este sector, las cuales se han convertido en un pilar b\u00e1sico para Olivar y Aceite, ya que su trabajo se hace imprescindible para la consecuci\u00f3n de los objetivos por todos perseguidos.<br \/>\nFruto de ese conjunto de sinergias, destaca el reconocimiento en 2017 de la Asociaci\u00f3n Espa\u00f1ola de Municipios del Olivo (AEMO) a esta entidad por su trabajo continuo en la difusi\u00f3n de la cultura del olivo, a trav\u00e9s del programa \u201cCocina divertida y saludable para ni\u00f1os\u201d, que pretende educar a los m\u00e1s peque\u00f1os en la cultura del AOVE porque ellos ser\u00e1n los consumidores y a la vez los profesionales del sector en un futuro no tan lejano.<br \/>\nEl presidente de la asociaci\u00f3n que gestiona el Centro Interpretaci\u00f3n Olivar y Aceite, Javier G\u00e1mez, ha mostrado su satisfacci\u00f3n por la firma de este acuerdo, porque \u201cque Gruppo Pieralisi se convierta en patrocinador principal supone una inestimable recompensa al trabajo realizado en estos a\u00f1os de andadura en la promoci\u00f3n y divulgaci\u00f3n de la cultura de nuestro oro l\u00edquido a trav\u00e9s de todas las actividades planificadas, lo que nos indica que caminamos en la direcci\u00f3n correcta\u201d.<br \/>\nPasi\u00f3n por la innovaci\u00f3n en el olivar<br \/>\nEl acuerdo de patrocinio, adem\u00e1s de potenciar las iniciativas que se desarrollen en pro de la promoci\u00f3n y divulgaci\u00f3n de la cultura del olivar y del aceite de oliva virgen extra, se caracteriza por el deseo de participaci\u00f3n de Gruppo Pieralisi \u201cen el d\u00eda a d\u00eda del Centro, estando presente en todas las actividades que se lleven a cabo, siendo un miembro activo m\u00e1s dentro de la entidad, as\u00ed como cooperando en las diversas propuestas formativas planteadas, lo que demuestra la decisiva apuesta de la firma italiana por la labor did\u00e1ctica que desde el Centro de Interpretaci\u00f3n se lleva a cabo\u201d, subrayan los responsables del Centro.<br \/>\nEl Centro recuerda, adem\u00e1s, que la pasi\u00f3n por la innovaci\u00f3n \u201cmarca el camino\u201d del Grupo Pieralisi ya desde su origen, cuando a finales del siglo XIX Adeodato Pieralisi fund\u00f3 en Monsano el primer taller. En los a\u00f1os 60, Pieralisi \u201crevolucion\u00f3\u201d los sistemas tradicionales de extracci\u00f3n del aceite de oliva, introduciendo el primer decantador para el proceso en continuo de la aceituna y, en la actualidad, la empresa cuenta con 26.000 clientes directos, 650 distribuidores en el mundo y un volumen de negocio de 140 millones de euros anuales.<\/p>\n<div class=\"tiled-gallery type-rectangular tiled-gallery-unresized\" data-original-width=\"1080\" data-carousel-extra='{&quot;blog_id&quot;:1,&quot;permalink&quot;:&quot;https:\\\/\\\/centrodeolivaryaceite.com\\\/es\\\/el-gruppo-pieralisi-se-convierte-en-el-patrocinador-principal-del-centro-de-interpretacion-olivar-y-aceite\\\/&quot;,&quot;likes_blog_id&quot;:134317632}' itemscope itemtype=\"http:\/\/schema.org\/ImageGallery\" > <div class=\"gallery-row\" style=\"width: 1080px; height: 482px;\" data-original-width=\"1080\" data-original-height=\"482\" > <div class=\"gallery-group images-1\" style=\"width: 721px; height: 482px;\" data-original-width=\"721\" data-original-height=\"482\" > <div class=\"tiled-gallery-item tiled-gallery-item-large\" itemprop=\"associatedMedia\" itemscope itemtype=\"http:\/\/schema.org\/ImageObject\"> <a href=\"https:\/\/centrodeolivaryaceite.com\/es\/el-gruppo-pieralisi-se-convierte-en-el-patrocinador-principal-del-centro-de-interpretacion-olivar-y-aceite\/presentacion-gruppo-pieralisi-08\/\" border=\"0\" itemprop=\"url\"> <meta itemprop=\"width\" content=\"717\"> <meta itemprop=\"height\" content=\"478\"> <img decoding=\"async\" class=\"\" data-attachment-id=\"36177\" data-orig-file=\"https:\/\/centrodeolivaryaceite.com\/wp-content\/uploads\/2018\/02\/Presentaci\u00f3n-gruppo-pieralisi-08.jpg\" data-orig-size=\"448,299\" data-comments-opened=\"1\" data-image-meta=\"{&quot;aperture&quot;:&quot;2.8&quot;,&quot;credit&quot;:&quot;&quot;,&quot;camera&quot;:&quot;NIKON D500&quot;,&quot;caption&quot;:&quot;&quot;,&quot;created_timestamp&quot;:&quot;1518176859&quot;,&quot;copyright&quot;:&quot;&quot;,&quot;focal_length&quot;:&quot;18&quot;,&quot;iso&quot;:&quot;1250&quot;,&quot;shutter_speed&quot;:&quot;0.02&quot;,&quot;title&quot;:&quot;&quot;,&quot;orientation&quot;:&quot;1&quot;}\" data-image-title=\"Presentaci\u00f3n gruppo pieralisi 08\" data-image-description=\"\" data-medium-file=\"https:\/\/i0.wp.com\/centrodeolivaryaceite.com\/wp-content\/uploads\/2018\/02\/Presentaci%C3%B3n-gruppo-pieralisi-08.jpg?fit=300%2C200&#038;ssl=1\" data-large-file=\"https:\/\/i0.wp.com\/centrodeolivaryaceite.com\/wp-content\/uploads\/2018\/02\/Presentaci%C3%B3n-gruppo-pieralisi-08.jpg?fit=448%2C299&#038;ssl=1\" src=\"https:\/\/i0.wp.com\/centrodeolivaryaceite.com\/wp-content\/uploads\/2018\/02\/Presentaci%C3%B3n-gruppo-pieralisi-08.jpg?w=717&#038;h=478&#038;ssl=1\" width=\"717\" height=\"478\" loading=\"lazy\" data-original-width=\"717\" data-original-height=\"478\" itemprop=\"http:\/\/schema.org\/image\" title=\"Presentaci\u00f3n gruppo pieralisi 08\" alt=\"Logo de Olivar y Aceite\" style=\"width: 717px; height: 478px;\" \/> <\/a> <\/div> <\/div> <!-- close group --> <div class=\"gallery-group images-2\" style=\"width: 359px; height: 482px;\" data-original-width=\"359\" data-original-height=\"482\" > <div class=\"tiled-gallery-item tiled-gallery-item-large\" itemprop=\"associatedMedia\" itemscope itemtype=\"http:\/\/schema.org\/ImageObject\"> <a href=\"https:\/\/centrodeolivaryaceite.com\/es\/el-gruppo-pieralisi-se-convierte-en-el-patrocinador-principal-del-centro-de-interpretacion-olivar-y-aceite\/presentacion-gruppo-pieralisi-09\/\" border=\"0\" itemprop=\"url\"> <meta itemprop=\"width\" content=\"355\"> <meta itemprop=\"height\" content=\"237\"> <img decoding=\"async\" class=\"\" data-attachment-id=\"36178\" data-orig-file=\"https:\/\/centrodeolivaryaceite.com\/wp-content\/uploads\/2018\/02\/Presentaci\u00f3n-gruppo-pieralisi-09.jpg\" data-orig-size=\"448,299\" data-comments-opened=\"1\" data-image-meta=\"{&quot;aperture&quot;:&quot;2.8&quot;,&quot;credit&quot;:&quot;&quot;,&quot;camera&quot;:&quot;NIKON D500&quot;,&quot;caption&quot;:&quot;&quot;,&quot;created_timestamp&quot;:&quot;1518176865&quot;,&quot;copyright&quot;:&quot;&quot;,&quot;focal_length&quot;:&quot;19&quot;,&quot;iso&quot;:&quot;1250&quot;,&quot;shutter_speed&quot;:&quot;0.02&quot;,&quot;title&quot;:&quot;&quot;,&quot;orientation&quot;:&quot;1&quot;}\" data-image-title=\"Presentaci\u00f3n gruppo pieralisi 09\" data-image-description=\"\" data-medium-file=\"https:\/\/i0.wp.com\/centrodeolivaryaceite.com\/wp-content\/uploads\/2018\/02\/Presentaci%C3%B3n-gruppo-pieralisi-09.jpg?fit=300%2C200&#038;ssl=1\" data-large-file=\"https:\/\/i0.wp.com\/centrodeolivaryaceite.com\/wp-content\/uploads\/2018\/02\/Presentaci%C3%B3n-gruppo-pieralisi-09.jpg?fit=448%2C299&#038;ssl=1\" src=\"https:\/\/i0.wp.com\/centrodeolivaryaceite.com\/wp-content\/uploads\/2018\/02\/Presentaci%C3%B3n-gruppo-pieralisi-09.jpg?w=355&#038;h=237&#038;ssl=1\" width=\"355\" height=\"237\" loading=\"lazy\" data-original-width=\"355\" data-original-height=\"237\" itemprop=\"http:\/\/schema.org\/image\" title=\"Presentaci\u00f3n gruppo pieralisi 09\" alt=\"Nuevo patr\u00f3n en Olivar y Aceite\" style=\"width: 355px; height: 237px;\" \/> <\/a> <\/div> <div class=\"tiled-gallery-item tiled-gallery-item-large\" itemprop=\"associatedMedia\" itemscope itemtype=\"http:\/\/schema.org\/ImageObject\"> <a href=\"https:\/\/centrodeolivaryaceite.com\/es\/el-gruppo-pieralisi-se-convierte-en-el-patrocinador-principal-del-centro-de-interpretacion-olivar-y-aceite\/presentacion-gruppo-pieralisi-10\/\" border=\"0\" itemprop=\"url\"> <meta itemprop=\"width\" content=\"355\"> <meta itemprop=\"height\" content=\"237\"> <img decoding=\"async\" class=\"\" data-attachment-id=\"36179\" data-orig-file=\"https:\/\/centrodeolivaryaceite.com\/wp-content\/uploads\/2018\/02\/Presentaci\u00f3n-gruppo-pieralisi-10.jpg\" data-orig-size=\"448,299\" data-comments-opened=\"1\" data-image-meta=\"{&quot;aperture&quot;:&quot;2.8&quot;,&quot;credit&quot;:&quot;&quot;,&quot;camera&quot;:&quot;NIKON D500&quot;,&quot;caption&quot;:&quot;&quot;,&quot;created_timestamp&quot;:&quot;1518176873&quot;,&quot;copyright&quot;:&quot;&quot;,&quot;focal_length&quot;:&quot;17&quot;,&quot;iso&quot;:&quot;1250&quot;,&quot;shutter_speed&quot;:&quot;0.02&quot;,&quot;title&quot;:&quot;&quot;,&quot;orientation&quot;:&quot;1&quot;}\" data-image-title=\"Presentaci\u00f3n gruppo pieralisi 10\" data-image-description=\"\" data-medium-file=\"https:\/\/i0.wp.com\/centrodeolivaryaceite.com\/wp-content\/uploads\/2018\/02\/Presentaci%C3%B3n-gruppo-pieralisi-10.jpg?fit=300%2C200&#038;ssl=1\" data-large-file=\"https:\/\/i0.wp.com\/centrodeolivaryaceite.com\/wp-content\/uploads\/2018\/02\/Presentaci%C3%B3n-gruppo-pieralisi-10.jpg?fit=448%2C299&#038;ssl=1\" src=\"https:\/\/i0.wp.com\/centrodeolivaryaceite.com\/wp-content\/uploads\/2018\/02\/Presentaci%C3%B3n-gruppo-pieralisi-10.jpg?w=355&#038;h=237&#038;ssl=1\" width=\"355\" height=\"237\" loading=\"lazy\" data-original-width=\"355\" data-original-height=\"237\" itemprop=\"http:\/\/schema.org\/image\" title=\"Presentaci\u00f3n gruppo pieralisi 10\" alt=\"Pieralisi y su patrocinio\" style=\"width: 355px; height: 237px;\" \/> <\/a> <\/div> <\/div> <!-- close group --> <\/div> <!-- close row --> <div class=\"gallery-row\" style=\"width: 1080px; height: 242px;\" data-original-width=\"1080\" data-original-height=\"242\" > <div class=\"gallery-group images-1\" style=\"width: 360px; height: 242px;\" data-original-width=\"360\" data-original-height=\"242\" > <div class=\"tiled-gallery-item tiled-gallery-item-large\" itemprop=\"associatedMedia\" itemscope itemtype=\"http:\/\/schema.org\/ImageObject\"> <a href=\"https:\/\/centrodeolivaryaceite.com\/es\/el-gruppo-pieralisi-se-convierte-en-el-patrocinador-principal-del-centro-de-interpretacion-olivar-y-aceite\/presentacion-gruppo-pieralisi-01\/\" border=\"0\" itemprop=\"url\"> <meta itemprop=\"width\" content=\"356\"> <meta itemprop=\"height\" content=\"238\"> <img decoding=\"async\" class=\"\" data-attachment-id=\"36180\" data-orig-file=\"https:\/\/centrodeolivaryaceite.com\/wp-content\/uploads\/2018\/02\/Presentaci\u00f3n-gruppo-pieralisi-01.jpg\" data-orig-size=\"448,299\" data-comments-opened=\"1\" data-image-meta=\"{&quot;aperture&quot;:&quot;2.8&quot;,&quot;credit&quot;:&quot;&quot;,&quot;camera&quot;:&quot;NIKON D500&quot;,&quot;caption&quot;:&quot;&quot;,&quot;created_timestamp&quot;:&quot;1518176319&quot;,&quot;copyright&quot;:&quot;&quot;,&quot;focal_length&quot;:&quot;19&quot;,&quot;iso&quot;:&quot;800&quot;,&quot;shutter_speed&quot;:&quot;0.02&quot;,&quot;title&quot;:&quot;&quot;,&quot;orientation&quot;:&quot;1&quot;}\" data-image-title=\"Presentaci\u00f3n gruppo pieralisi 01\" data-image-description=\"\" data-medium-file=\"https:\/\/i0.wp.com\/centrodeolivaryaceite.com\/wp-content\/uploads\/2018\/02\/Presentaci%C3%B3n-gruppo-pieralisi-01.jpg?fit=300%2C200&#038;ssl=1\" data-large-file=\"https:\/\/i0.wp.com\/centrodeolivaryaceite.com\/wp-content\/uploads\/2018\/02\/Presentaci%C3%B3n-gruppo-pieralisi-01.jpg?fit=448%2C299&#038;ssl=1\" src=\"https:\/\/i0.wp.com\/centrodeolivaryaceite.com\/wp-content\/uploads\/2018\/02\/Presentaci%C3%B3n-gruppo-pieralisi-01.jpg?w=356&#038;h=238&#038;ssl=1\" width=\"356\" height=\"238\" loading=\"lazy\" data-original-width=\"356\" data-original-height=\"238\" itemprop=\"http:\/\/schema.org\/image\" title=\"Presentaci\u00f3n gruppo pieralisi 01\" alt=\"Entrevista\" style=\"width: 356px; height: 238px;\" \/> <\/a> <\/div> <\/div> <!-- close group --> <div class=\"gallery-group images-1\" style=\"width: 360px; height: 242px;\" data-original-width=\"360\" data-original-height=\"242\" > <div class=\"tiled-gallery-item tiled-gallery-item-large\" itemprop=\"associatedMedia\" itemscope itemtype=\"http:\/\/schema.org\/ImageObject\"> <a href=\"https:\/\/centrodeolivaryaceite.com\/es\/el-gruppo-pieralisi-se-convierte-en-el-patrocinador-principal-del-centro-de-interpretacion-olivar-y-aceite\/presentacion-gruppo-pieralisi-02\/\" border=\"0\" itemprop=\"url\"> <meta itemprop=\"width\" content=\"356\"> <meta itemprop=\"height\" content=\"238\"> <img decoding=\"async\" class=\"\" data-attachment-id=\"36181\" data-orig-file=\"https:\/\/centrodeolivaryaceite.com\/wp-content\/uploads\/2018\/02\/Presentaci\u00f3n-gruppo-pieralisi-02.jpg\" data-orig-size=\"448,299\" data-comments-opened=\"1\" data-image-meta=\"{&quot;aperture&quot;:&quot;2.8&quot;,&quot;credit&quot;:&quot;&quot;,&quot;camera&quot;:&quot;NIKON D500&quot;,&quot;caption&quot;:&quot;&quot;,&quot;created_timestamp&quot;:&quot;1518176335&quot;,&quot;copyright&quot;:&quot;&quot;,&quot;focal_length&quot;:&quot;17&quot;,&quot;iso&quot;:&quot;800&quot;,&quot;shutter_speed&quot;:&quot;0.02&quot;,&quot;title&quot;:&quot;&quot;,&quot;orientation&quot;:&quot;1&quot;}\" data-image-title=\"Presentaci\u00f3n gruppo pieralisi 02\" data-image-description=\"\" data-medium-file=\"https:\/\/i0.wp.com\/centrodeolivaryaceite.com\/wp-content\/uploads\/2018\/02\/Presentaci%C3%B3n-gruppo-pieralisi-02.jpg?fit=300%2C200&#038;ssl=1\" data-large-file=\"https:\/\/i0.wp.com\/centrodeolivaryaceite.com\/wp-content\/uploads\/2018\/02\/Presentaci%C3%B3n-gruppo-pieralisi-02.jpg?fit=448%2C299&#038;ssl=1\" src=\"https:\/\/i0.wp.com\/centrodeolivaryaceite.com\/wp-content\/uploads\/2018\/02\/Presentaci%C3%B3n-gruppo-pieralisi-02.jpg?w=356&#038;h=238&#038;ssl=1\" width=\"356\" height=\"238\" loading=\"lazy\" data-original-width=\"356\" data-original-height=\"238\" itemprop=\"http:\/\/schema.org\/image\" title=\"Presentaci\u00f3n gruppo pieralisi 02\" alt=\"Pieralisi en \u00dabeda\" style=\"width: 356px; height: 238px;\" \/> <\/a> <\/div> <\/div> <!-- close group --> <div class=\"gallery-group images-1\" style=\"width: 360px; height: 242px;\" data-original-width=\"360\" data-original-height=\"242\" > <div class=\"tiled-gallery-item tiled-gallery-item-large\" itemprop=\"associatedMedia\" itemscope itemtype=\"http:\/\/schema.org\/ImageObject\"> <a href=\"https:\/\/centrodeolivaryaceite.com\/es\/el-gruppo-pieralisi-se-convierte-en-el-patrocinador-principal-del-centro-de-interpretacion-olivar-y-aceite\/presentacion-gruppo-pieralisi-03\/\" border=\"0\" itemprop=\"url\"> <meta itemprop=\"width\" content=\"356\"> <meta itemprop=\"height\" content=\"238\"> <img decoding=\"async\" class=\"\" data-attachment-id=\"36182\" data-orig-file=\"https:\/\/centrodeolivaryaceite.com\/wp-content\/uploads\/2018\/02\/Presentaci\u00f3n-gruppo-pieralisi-03.jpg\" data-orig-size=\"448,299\" data-comments-opened=\"1\" data-image-meta=\"{&quot;aperture&quot;:&quot;2.8&quot;,&quot;credit&quot;:&quot;&quot;,&quot;camera&quot;:&quot;NIKON D500&quot;,&quot;caption&quot;:&quot;&quot;,&quot;created_timestamp&quot;:&quot;1518176362&quot;,&quot;copyright&quot;:&quot;&quot;,&quot;focal_length&quot;:&quot;17&quot;,&quot;iso&quot;:&quot;800&quot;,&quot;shutter_speed&quot;:&quot;0.02&quot;,&quot;title&quot;:&quot;&quot;,&quot;orientation&quot;:&quot;1&quot;}\" data-image-title=\"Presentaci\u00f3n gruppo pieralisi 03\" data-image-description=\"\" data-medium-file=\"https:\/\/i0.wp.com\/centrodeolivaryaceite.com\/wp-content\/uploads\/2018\/02\/Presentaci%C3%B3n-gruppo-pieralisi-03.jpg?fit=300%2C200&#038;ssl=1\" data-large-file=\"https:\/\/i0.wp.com\/centrodeolivaryaceite.com\/wp-content\/uploads\/2018\/02\/Presentaci%C3%B3n-gruppo-pieralisi-03.jpg?fit=448%2C299&#038;ssl=1\" src=\"https:\/\/i0.wp.com\/centrodeolivaryaceite.com\/wp-content\/uploads\/2018\/02\/Presentaci%C3%B3n-gruppo-pieralisi-03.jpg?w=356&#038;h=238&#038;ssl=1\" width=\"356\" height=\"238\" loading=\"lazy\" data-original-width=\"356\" data-original-height=\"238\" itemprop=\"http:\/\/schema.org\/image\" title=\"Presentaci\u00f3n gruppo pieralisi 03\" alt=\"Rueda de prensa\" style=\"width: 356px; height: 238px;\" \/> <\/a> <\/div> <\/div> <!-- close group --> <\/div> <!-- close row --> <div class=\"gallery-row\" style=\"width: 1080px; height: 182px;\" data-original-width=\"1080\" data-original-height=\"182\" > <div class=\"gallery-group images-1\" style=\"width: 270px; height: 182px;\" data-original-width=\"270\" data-original-height=\"182\" > <div class=\"tiled-gallery-item tiled-gallery-item-large\" itemprop=\"associatedMedia\" itemscope itemtype=\"http:\/\/schema.org\/ImageObject\"> <a href=\"https:\/\/centrodeolivaryaceite.com\/es\/el-gruppo-pieralisi-se-convierte-en-el-patrocinador-principal-del-centro-de-interpretacion-olivar-y-aceite\/presentacion-gruppo-pieralisi-04\/\" border=\"0\" itemprop=\"url\"> <meta itemprop=\"width\" content=\"266\"> <meta itemprop=\"height\" content=\"178\"> <img decoding=\"async\" class=\"\" data-attachment-id=\"36183\" data-orig-file=\"https:\/\/centrodeolivaryaceite.com\/wp-content\/uploads\/2018\/02\/Presentaci\u00f3n-gruppo-pieralisi-04.jpg\" data-orig-size=\"448,299\" data-comments-opened=\"1\" data-image-meta=\"{&quot;aperture&quot;:&quot;2.8&quot;,&quot;credit&quot;:&quot;&quot;,&quot;camera&quot;:&quot;NIKON D500&quot;,&quot;caption&quot;:&quot;&quot;,&quot;created_timestamp&quot;:&quot;1518176377&quot;,&quot;copyright&quot;:&quot;&quot;,&quot;focal_length&quot;:&quot;17&quot;,&quot;iso&quot;:&quot;800&quot;,&quot;shutter_speed&quot;:&quot;0.02&quot;,&quot;title&quot;:&quot;&quot;,&quot;orientation&quot;:&quot;1&quot;}\" data-image-title=\"Presentaci\u00f3n gruppo pieralisi 04\" data-image-description=\"\" data-medium-file=\"https:\/\/i0.wp.com\/centrodeolivaryaceite.com\/wp-content\/uploads\/2018\/02\/Presentaci%C3%B3n-gruppo-pieralisi-04.jpg?fit=300%2C200&#038;ssl=1\" data-large-file=\"https:\/\/i0.wp.com\/centrodeolivaryaceite.com\/wp-content\/uploads\/2018\/02\/Presentaci%C3%B3n-gruppo-pieralisi-04.jpg?fit=448%2C299&#038;ssl=1\" src=\"https:\/\/i0.wp.com\/centrodeolivaryaceite.com\/wp-content\/uploads\/2018\/02\/Presentaci%C3%B3n-gruppo-pieralisi-04.jpg?w=266&#038;h=178&#038;ssl=1\" width=\"266\" height=\"178\" loading=\"lazy\" data-original-width=\"266\" data-original-height=\"178\" itemprop=\"http:\/\/schema.org\/image\" title=\"Presentaci\u00f3n gruppo pieralisi 04\" alt=\"Pieralisi y Olivar y Aceite\" style=\"width: 266px; height: 178px;\" \/> <\/a> <\/div> <\/div> <!-- close group --> <div class=\"gallery-group images-1\" style=\"width: 270px; height: 182px;\" data-original-width=\"270\" data-original-height=\"182\" > <div class=\"tiled-gallery-item tiled-gallery-item-large\" itemprop=\"associatedMedia\" itemscope itemtype=\"http:\/\/schema.org\/ImageObject\"> <a href=\"https:\/\/centrodeolivaryaceite.com\/es\/el-gruppo-pieralisi-se-convierte-en-el-patrocinador-principal-del-centro-de-interpretacion-olivar-y-aceite\/presentacion-gruppo-pieralisi-05\/\" border=\"0\" itemprop=\"url\"> <meta itemprop=\"width\" content=\"266\"> <meta itemprop=\"height\" content=\"178\"> <img decoding=\"async\" class=\"\" data-attachment-id=\"36184\" data-orig-file=\"https:\/\/centrodeolivaryaceite.com\/wp-content\/uploads\/2018\/02\/Presentaci\u00f3n-gruppo-pieralisi-05.jpg\" data-orig-size=\"448,299\" data-comments-opened=\"1\" data-image-meta=\"{&quot;aperture&quot;:&quot;2.8&quot;,&quot;credit&quot;:&quot;&quot;,&quot;camera&quot;:&quot;NIKON D500&quot;,&quot;caption&quot;:&quot;&quot;,&quot;created_timestamp&quot;:&quot;1518176388&quot;,&quot;copyright&quot;:&quot;&quot;,&quot;focal_length&quot;:&quot;17&quot;,&quot;iso&quot;:&quot;800&quot;,&quot;shutter_speed&quot;:&quot;0.02&quot;,&quot;title&quot;:&quot;&quot;,&quot;orientation&quot;:&quot;1&quot;}\" data-image-title=\"Presentaci\u00f3n gruppo pieralisi 05\" data-image-description=\"\" data-medium-file=\"https:\/\/i0.wp.com\/centrodeolivaryaceite.com\/wp-content\/uploads\/2018\/02\/Presentaci%C3%B3n-gruppo-pieralisi-05.jpg?fit=300%2C200&#038;ssl=1\" data-large-file=\"https:\/\/i0.wp.com\/centrodeolivaryaceite.com\/wp-content\/uploads\/2018\/02\/Presentaci%C3%B3n-gruppo-pieralisi-05.jpg?fit=448%2C299&#038;ssl=1\" src=\"https:\/\/i0.wp.com\/centrodeolivaryaceite.com\/wp-content\/uploads\/2018\/02\/Presentaci%C3%B3n-gruppo-pieralisi-05.jpg?w=266&#038;h=178&#038;ssl=1\" width=\"266\" height=\"178\" loading=\"lazy\" data-original-width=\"266\" data-original-height=\"178\" itemprop=\"http:\/\/schema.org\/image\" title=\"Presentaci\u00f3n gruppo pieralisi 05\" alt=\"Rueda de prensa\" style=\"width: 266px; height: 178px;\" \/> <\/a> <\/div> <\/div> <!-- close group --> <div class=\"gallery-group images-1\" style=\"width: 270px; height: 182px;\" data-original-width=\"270\" data-original-height=\"182\" > <div class=\"tiled-gallery-item tiled-gallery-item-large\" itemprop=\"associatedMedia\" itemscope itemtype=\"http:\/\/schema.org\/ImageObject\"> <a href=\"https:\/\/centrodeolivaryaceite.com\/es\/el-gruppo-pieralisi-se-convierte-en-el-patrocinador-principal-del-centro-de-interpretacion-olivar-y-aceite\/presentacion-gruppo-pieralisi-06\/\" border=\"0\" itemprop=\"url\"> <meta itemprop=\"width\" content=\"266\"> <meta itemprop=\"height\" content=\"178\"> <img decoding=\"async\" class=\"\" data-attachment-id=\"36185\" data-orig-file=\"https:\/\/centrodeolivaryaceite.com\/wp-content\/uploads\/2018\/02\/Presentaci\u00f3n-gruppo-pieralisi-06.jpg\" data-orig-size=\"448,299\" data-comments-opened=\"1\" data-image-meta=\"{&quot;aperture&quot;:&quot;2.8&quot;,&quot;credit&quot;:&quot;&quot;,&quot;camera&quot;:&quot;NIKON D500&quot;,&quot;caption&quot;:&quot;&quot;,&quot;created_timestamp&quot;:&quot;1518176420&quot;,&quot;copyright&quot;:&quot;&quot;,&quot;focal_length&quot;:&quot;24&quot;,&quot;iso&quot;:&quot;800&quot;,&quot;shutter_speed&quot;:&quot;0.02&quot;,&quot;title&quot;:&quot;&quot;,&quot;orientation&quot;:&quot;1&quot;}\" data-image-title=\"Presentaci\u00f3n gruppo pieralisi 06\" data-image-description=\"\" data-medium-file=\"https:\/\/i0.wp.com\/centrodeolivaryaceite.com\/wp-content\/uploads\/2018\/02\/Presentaci%C3%B3n-gruppo-pieralisi-06.jpg?fit=300%2C200&#038;ssl=1\" data-large-file=\"https:\/\/i0.wp.com\/centrodeolivaryaceite.com\/wp-content\/uploads\/2018\/02\/Presentaci%C3%B3n-gruppo-pieralisi-06.jpg?fit=448%2C299&#038;ssl=1\" src=\"https:\/\/i0.wp.com\/centrodeolivaryaceite.com\/wp-content\/uploads\/2018\/02\/Presentaci%C3%B3n-gruppo-pieralisi-06.jpg?w=266&#038;h=178&#038;ssl=1\" width=\"266\" height=\"178\" loading=\"lazy\" data-original-width=\"266\" data-original-height=\"178\" itemprop=\"http:\/\/schema.org\/image\" title=\"Presentaci\u00f3n gruppo pieralisi 06\" alt=\"Presentando a Pieralisi\" style=\"width: 266px; height: 178px;\" \/> <\/a> <\/div> <\/div> <!-- close group --> <div class=\"gallery-group images-1\" style=\"width: 270px; height: 182px;\" data-original-width=\"270\" data-original-height=\"182\" > <div class=\"tiled-gallery-item tiled-gallery-item-large\" itemprop=\"associatedMedia\" itemscope itemtype=\"http:\/\/schema.org\/ImageObject\"> <a href=\"https:\/\/centrodeolivaryaceite.com\/es\/el-gruppo-pieralisi-se-convierte-en-el-patrocinador-principal-del-centro-de-interpretacion-olivar-y-aceite\/presentacion-gruppo-pieralisi-07\/\" border=\"0\" itemprop=\"url\"> <meta itemprop=\"width\" content=\"266\"> <meta itemprop=\"height\" content=\"178\"> <img decoding=\"async\" class=\"\" data-attachment-id=\"36186\" data-orig-file=\"https:\/\/centrodeolivaryaceite.com\/wp-content\/uploads\/2018\/02\/Presentaci\u00f3n-gruppo-pieralisi-07.jpg\" data-orig-size=\"448,299\" data-comments-opened=\"1\" data-image-meta=\"{&quot;aperture&quot;:&quot;2.8&quot;,&quot;credit&quot;:&quot;&quot;,&quot;camera&quot;:&quot;NIKON D500&quot;,&quot;caption&quot;:&quot;&quot;,&quot;created_timestamp&quot;:&quot;1518176566&quot;,&quot;copyright&quot;:&quot;&quot;,&quot;focal_length&quot;:&quot;20&quot;,&quot;iso&quot;:&quot;800&quot;,&quot;shutter_speed&quot;:&quot;0.02&quot;,&quot;title&quot;:&quot;&quot;,&quot;orientation&quot;:&quot;1&quot;}\" data-image-title=\"Presentaci\u00f3n gruppo pieralisi 07\" data-image-description=\"\" data-medium-file=\"https:\/\/i0.wp.com\/centrodeolivaryaceite.com\/wp-content\/uploads\/2018\/02\/Presentaci%C3%B3n-gruppo-pieralisi-07.jpg?fit=300%2C200&#038;ssl=1\" data-large-file=\"https:\/\/i0.wp.com\/centrodeolivaryaceite.com\/wp-content\/uploads\/2018\/02\/Presentaci%C3%B3n-gruppo-pieralisi-07.jpg?fit=448%2C299&#038;ssl=1\" src=\"https:\/\/i0.wp.com\/centrodeolivaryaceite.com\/wp-content\/uploads\/2018\/02\/Presentaci%C3%B3n-gruppo-pieralisi-07.jpg?w=266&#038;h=178&#038;ssl=1\" width=\"266\" height=\"178\" loading=\"lazy\" data-original-width=\"266\" data-original-height=\"178\" itemprop=\"http:\/\/schema.org\/image\" title=\"Presentaci\u00f3n gruppo pieralisi 07\" alt=\"Giuseppe Parma en el Centro de Interpretaci\u00f3n Olivar y Aceite\" style=\"width: 266px; height: 178px;\" \/> <\/a> <\/div> <\/div> <!-- close group --> <\/div> <!-- close row --> <\/div>\n<p>[\/et_pb_text][et_pb_comments show_avatar=\u00bbon\u00bb show_reply=\u00bbon\u00bb show_count=\u00bbon\u00bb background_layout=\u00bblight\u00bb use_border_color=\u00bboff\u00bb border_color=\u00bb#ffffff\u00bb border_style=\u00bbsolid\u00bb custom_button=\u00bboff\u00bb button_letter_spacing=\u00bb0&#8243; button_use_icon=\u00bbdefault\u00bb button_icon_placement=\u00bbright\u00bb button_on_hover=\u00bbon\u00bb button_letter_spacing_hover=\u00bb0&#8243; \/][\/et_pb_column_inner][\/et_pb_row_inner][\/et_pb_column][et_pb_column type=\u00bb1_3&#8243;][et_pb_sidebar orientation=\u00bbright\u00bb area=\u00bbsidebar-1&#8243; background_layout=\u00bblight\u00bb remove_border=\u00bboff\u00bb \/][\/et_pb_column][\/et_pb_section][et_pb_section bb_built=\u00bb1&#8243; background_color=\u00bb#dedacf\u00bb _builder_version=\u00bb3.0.92&#8243; custom_padding_tablet=\u00bb50px|0|50px|0&#8243; custom_padding_last_edited=\u00bbon|desktop\u00bb disabled=\u00bbon\u00bb disabled_on=\u00bbon|on|on\u00bb global_module=\u00bb5116&#8243;][et_pb_row global_parent=\u00bb5116&#8243; _builder_version=\u00bb3.0.92&#8243;][et_pb_column type=\u00bb4_4&#8243;][\/et_pb_column][\/et_pb_row][\/et_pb_section][et_pb_section bb_built=\u00bb1&#8243; fullwidth=\u00bboff\u00bb specialty=\u00bboff\u00bb transparent_background=\u00bboff\u00bb background_color=\u00bb#ffffff\u00bb allow_player_pause=\u00bboff\u00bb inner_shadow=\u00bboff\u00bb parallax=\u00bboff\u00bb parallax_method=\u00bboff\u00bb custom_padding=\u00bb10px||0px|\u00bb padding_mobile=\u00bboff\u00bb make_fullwidth=\u00bboff\u00bb use_custom_width=\u00bboff\u00bb width_unit=\u00bbon\u00bb make_equal=\u00bboff\u00bb use_custom_gutter=\u00bboff\u00bb custom_padding_tablet=\u00bb50px|0|50px|0&#8243; custom_padding_last_edited=\u00bbon|desktop\u00bb global_module=\u00bb5115&#8243;][et_pb_row global_parent=\u00bb5115&#8243; make_fullwidth=\u00bboff\u00bb use_custom_width=\u00bboff\u00bb width_unit=\u00bbon\u00bb use_custom_gutter=\u00bboff\u00bb custom_padding=\u00bb0px||0px|\u00bb padding_mobile=\u00bboff\u00bb allow_player_pause=\u00bboff\u00bb parallax=\u00bboff\u00bb parallax_method=\u00bboff\u00bb make_equal=\u00bboff\u00bb parallax_1=\u00bboff\u00bb parallax_method_1=\u00bboff\u00bb parallax_2=\u00bboff\u00bb parallax_method_2=\u00bboff\u00bb column_padding_mobile=\u00bbon\u00bb background_position=\u00bbtop_left\u00bb background_repeat=\u00bbrepeat\u00bb background_size=\u00bbinitial\u00bb][\/et_pb_row][\/et_pb_section][et_pb_section bb_built=\u00bb1&#8243;][et_pb_row][\/et_pb_row][\/et_pb_section]<\/p>\n","protected":false},"excerpt":{"rendered":"<p>El\u00a0Gruppo Pieralisi\u00a0se incorpora como patrocinador principal del Centro Olivar y Aceite, lo que supone un apoyo institucional de \u201cgran envergadura\u201d al tratarse de una compa\u00f1\u00eda que, desde su fundaci\u00f3n en el a\u00f1o 1888, apuesta por la innovaci\u00f3n, desarrollo e investigaci\u00f3n en el mundo del olivar. Con este patrocinio, Pieralisi muestra el \u201cfirme\u201d prop\u00f3sito de reforzar [&hellip;]<\/p>\n","protected":false},"author":1,"featured_media":36190,"comment_status":"open","ping_status":"open","sticky":false,"template":"","format":"standard","meta":{"_et_pb_use_builder":"on","_et_pb_old_content":"","_et_gb_content_width":"","_jetpack_memberships_contains_paid_content":false,"footnotes":""},"categories":[1],"tags":[],"class_list":["post-36175","post","type-post","status-publish","format-standard","has-post-thumbnail","hentry","category-general"],"jetpack_featured_media_url":"https:\/\/i0.wp.com\/centrodeolivaryaceite.com\/wp-content\/uploads\/2018\/02\/DSC_0984.jpg?fit=1024%2C683&ssl=1","jetpack_sharing_enabled":true,"jetpack_shortlink":"https:\/\/wp.me\/p95A9q-9pt","_links":{"self":[{"href":"https:\/\/centrodeolivaryaceite.com\/es\/wp-json\/wp\/v2\/posts\/36175\/"}],"collection":[{"href":"https:\/\/centrodeolivaryaceite.com\/es\/wp-json\/wp\/v2\/posts\/"}],"about":[{"href":"https:\/\/centrodeolivaryaceite.com\/es\/wp-json\/wp\/v2\/types\/post\/"}],"author":[{"embeddable":true,"href":"https:\/\/centrodeolivaryaceite.com\/es\/wp-json\/wp\/v2\/users\/1\/"}],"replies":[{"embeddable":true,"href":"https:\/\/centrodeolivaryaceite.com\/es\/wp-json\/wp\/v2\/comments\/?post=36175"}],"version-history":[{"count":0,"href":"https:\/\/centrodeolivaryaceite.com\/es\/wp-json\/wp\/v2\/posts\/36175\/revisions\/"}],"wp:featuredmedia":[{"embeddable":true,"href":"https:\/\/centrodeolivaryaceite.com\/es\/wp-json\/wp\/v2\/media\/36190\/"}],"wp:attachment":[{"href":"https:\/\/centrodeolivaryaceite.com\/es\/wp-json\/wp\/v2\/media\/?parent=36175"}],"wp:term":[{"taxonomy":"category","embeddable":true,"href":"https:\/\/centrodeolivaryaceite.com\/es\/wp-json\/wp\/v2\/categories\/?post=36175"},{"taxonomy":"post_tag","embeddable":true,"href":"https:\/\/centrodeolivaryaceite.com\/es\/wp-json\/wp\/v2\/tags\/?post=36175"}],"curies":[{"name":"wp","href":"https:\/\/api.w.org\/{rel}","templated":true}]}}