{"id":36257,"date":"2018-02-24T18:57:56","date_gmt":"2018-02-24T18:57:56","guid":{"rendered":"http:\/\/centrodeolivaryaceite.com\/?p=36257"},"modified":"2018-02-24T18:57:56","modified_gmt":"2018-02-24T18:57:56","slug":"nueva-edicion-del-curso-de-iniciacion-a-la-cata-de-aceite-de-oliva-virgen-extra-en-el-centro-de-interpretacion","status":"publish","type":"post","link":"https:\/\/centrodeolivaryaceite.com\/es\/nueva-edicion-del-curso-de-iniciacion-a-la-cata-de-aceite-de-oliva-virgen-extra-en-el-centro-de-interpretacion\/","title":{"rendered":"NUEVA EDICI\u00d3N DEL CURSO DE INICIACI\u00d3N A LA CATA DE ACEITE DE OLIVA VIRGEN EXTRA EN EL CENTRO DE INTERPRETACI\u00d3N"},"content":{"rendered":"<p>[et_pb_section bb_built=\u00bb1&#8243; fullwidth=\u00bbon\u00bb specialty=\u00bboff\u00bb background_image=\u00bbhttp:\/\/centrodeolivaryaceite.com\/wp-content\/uploads\/2016\/06\/page_header_bg_blue.jpg\u00bb transparent_background=\u00bboff\u00bb background_color=\u00bb#ffffff\u00bb allow_player_pause=\u00bboff\u00bb inner_shadow=\u00bboff\u00bb parallax=\u00bboff\u00bb parallax_method=\u00bboff\u00bb padding_mobile=\u00bboff\u00bb make_fullwidth=\u00bboff\u00bb use_custom_width=\u00bboff\u00bb width_unit=\u00bbon\u00bb make_equal=\u00bboff\u00bb use_custom_gutter=\u00bboff\u00bb custom_padding_tablet=\u00bb50px|0|50px|0&#8243; custom_padding_last_edited=\u00bbon|desktop\u00bb global_module=\u00bb5294&#8243;][et_pb_fullwidth_post_title admin_label=\u00bbT\u00edtulo\u00bb global_parent=\u00bb5294&#8243; title=\u00bbon\u00bb meta=\u00bboff\u00bb author=\u00bbon\u00bb date=\u00bbon\u00bb categories=\u00bbon\u00bb comments=\u00bbon\u00bb featured_image=\u00bboff\u00bb featured_placement=\u00bbbelow\u00bb parallax_effect=\u00bbon\u00bb parallax_method=\u00bbon\u00bb text_orientation=\u00bbcenter\u00bb text_color=\u00bblight\u00bb text_background=\u00bbon\u00bb text_bg_color=\u00bbrgba(28,28,28,0.43)\u00bb module_bg_color=\u00bbrgba(255,255,255,0)\u00bb title_all_caps=\u00bbon\u00bb use_border_color=\u00bboff\u00bb border_color=\u00bb#ffffff\u00bb border_style=\u00bbsolid\u00bb title_font=\u00bbRoboto Light||||\u00bb title_font_size=\u00bb35px\u00bb background_position=\u00bbtop_left\u00bb background_repeat=\u00bbrepeat\u00bb background_size=\u00bbinitial\u00bb parallax=\u00bbon\u00bb background_color=\u00bbrgba(255,255,255,0)\u00bb \/][\/et_pb_section][et_pb_section bb_built=\u00bb1&#8243; fullwidth=\u00bboff\u00bb specialty=\u00bboff\u00bb transparent_background=\u00bboff\u00bb background_color=\u00bb#ffffff\u00bb allow_player_pause=\u00bboff\u00bb inner_shadow=\u00bboff\u00bb parallax=\u00bboff\u00bb parallax_method=\u00bboff\u00bb custom_padding=\u00bb10px|||\u00bb padding_mobile=\u00bboff\u00bb make_fullwidth=\u00bboff\u00bb use_custom_width=\u00bboff\u00bb width_unit=\u00bbon\u00bb make_equal=\u00bboff\u00bb use_custom_gutter=\u00bboff\u00bb][et_pb_row make_fullwidth=\u00bboff\u00bb use_custom_width=\u00bboff\u00bb width_unit=\u00bbon\u00bb use_custom_gutter=\u00bboff\u00bb custom_padding=\u00bb10px|||\u00bb padding_mobile=\u00bboff\u00bb allow_player_pause=\u00bboff\u00bb parallax=\u00bboff\u00bb parallax_method=\u00bboff\u00bb make_equal=\u00bboff\u00bb parallax_1=\u00bboff\u00bb parallax_method_1=\u00bboff\u00bb column_padding_mobile=\u00bbon\u00bb][et_pb_column type=\u00bb4_4&#8243;][et_pb_post_title title=\u00bboff\u00bb meta=\u00bbon\u00bb author=\u00bbon\u00bb date=\u00bbon\u00bb categories=\u00bbon\u00bb comments=\u00bbon\u00bb featured_image=\u00bbon\u00bb featured_placement=\u00bbbelow\u00bb parallax_effect=\u00bbon\u00bb parallax_method=\u00bbon\u00bb text_orientation=\u00bbleft\u00bb text_color=\u00bbdark\u00bb text_background=\u00bboff\u00bb text_bg_color=\u00bbrgba(255,255,255,0.9)\u00bb module_bg_color=\u00bbrgba(255,255,255,0)\u00bb title_all_caps=\u00bboff\u00bb use_border_color=\u00bboff\u00bb border_color=\u00bb#ffffff\u00bb border_style=\u00bbsolid\u00bb \/][\/et_pb_column][\/et_pb_row][\/et_pb_section][et_pb_section bb_built=\u00bb1&#8243; fullwidth=\u00bboff\u00bb specialty=\u00bbon\u00bb transparent_background=\u00bboff\u00bb background_color=\u00bb#ffffff\u00bb allow_player_pause=\u00bboff\u00bb inner_shadow=\u00bboff\u00bb parallax=\u00bboff\u00bb parallax_method=\u00bboff\u00bb custom_padding=\u00bb10px|||\u00bb padding_mobile=\u00bboff\u00bb make_fullwidth=\u00bboff\u00bb use_custom_width=\u00bboff\u00bb width_unit=\u00bbon\u00bb make_equal=\u00bboff\u00bb use_custom_gutter=\u00bboff\u00bb parallax_1=\u00bboff\u00bb parallax_method_1=\u00bboff\u00bb parallax_2=\u00bboff\u00bb parallax_method_2=\u00bboff\u00bb][et_pb_column type=\u00bb2_3&#8243; specialty_columns=\u00bb2&#8243;][et_pb_row_inner admin_label=\u00bbFila\u00bb custom_padding=\u00bb0px|||\u00bb padding_mobile=\u00bboff\u00bb use_custom_gutter=\u00bboff\u00bb column_padding_mobile=\u00bbon\u00bb make_equal=\u00bboff\u00bb parallax_1=\u00bboff\u00bb parallax_method_1=\u00bboff\u00bb][et_pb_column_inner type=\u00bb4_4&#8243; saved_specialty_column_type=\u00bb2_3&#8243;][et_pb_text admin_label=\u00bbTexto a reemplazar\u00bb background_layout=\u00bblight\u00bb use_border_color=\u00bboff\u00bb border_color=\u00bb#ffffff\u00bb border_style=\u00bbsolid\u00bb _builder_version=\u00bb3.0.92&#8243;]<\/p>\n<p>La formaci\u00f3n es uno de los pilares b\u00e1sicos del Centro de Interpretaci\u00f3n \u201cOlivar y Aceite\u201d que junto otras actividades desarrolladas, como la presentaci\u00f3n, cata y degustaci\u00f3n de los aceites de sus socios, sirven para dar a conocer y contribuir a la promoci\u00f3n del aceite de oliva virgen extra y de la cultura del olivar.\u00a0 De ah\u00ed que una de las primeras acciones formativas que pone en marcha \u201cOlivar y Aceite\u201d de cara al ejercicio 2018 sea nuevas ediciones de los cursos de cata que tan buena acogida ha tenido por parte del p\u00fablico, y que van dirigidos tanto a profesionales de sectores tan dispares como hosteler\u00eda, restauraci\u00f3n, turismo, ingenieros agr\u00f3nomos\u2026 as\u00ed como aquellas personas que quieran profundizar en sus conocimientos sobre el oro l\u00edquido, como se\u00f1al\u00f3 el presidente de la entidad, Javier G\u00e1mez.<\/p>\n<p>En concreto los d\u00edas 23 y 24 de febrero el centro ha acogido la d\u00e9cimo s\u00e9ptima edici\u00f3n del Curso de Iniciaci\u00f3n a la Cata de Aceites. Sesi\u00f3n formativa con\u00a0 una duraci\u00f3n de 12\u00a0 horas\u00a0 que contempla aspectos te\u00f3ricos y pr\u00e1cticos para adquirir una base sobre el an\u00e1lisis sensorial de la cata de aceite.\u00a0 En concreto, los asistentes se iniciaron en el conocimiento de la calidad de los aceites, su clasificaci\u00f3n y an\u00e1lisis sensorial inicial entre los que destacan los aspectos fisiol\u00f3gicos del oro l\u00edquido, as\u00ed como entrenar los sentidos con los que catamos, olfato y gusto. Adem\u00e1s los inscritos, durante el curso realizaron pruebas de identificaci\u00f3n de aromas y sabores para entrenar los sentidos de cara a trabajar la cata del aceite.<\/p>\n<p>Como punto de partida se les hizo una introducci\u00f3n acerca de los atributos positivos y negativos que podr\u00e1n encontrar en el zumo de aceituna. Despu\u00e9s se adentraron en la t\u00e9cnica de cata oficial, llegando a probar m\u00e1s de veinticinco aceites tanto defectuosos, lampantes, aceites de oliva virgen y aceites de aceite de oliva virgen extra. El objetivo de esta l\u00ednea formativa es que el alumno sea capaz de identificar los atributos negativos o defectos de los aceites catados, ya que les servir\u00e1 para diferenciar entre las distintas clases de aceites que se pueden encontrar en el mercado. Para cerrar la parte pr\u00e1ctica se ofreci\u00f3\u00a0 a los asistentes un maridaje, en el que degustaron diferentes productos y alimentos, entre otros tomate, chocolate, queso fresco y naranja\u00a0 con canela, con distintos tipos de aceites.<\/p>\n<p>El curso fue impartido por los t\u00e9cnicos del Centro de Interpretaci\u00f3n, Soledad Rom\u00e1n y Tom\u00e1s M\u00e9ndez, al que asistieron una quincena de personas interesadas en profundizar sus conocimientos acerca del aceite de oliva virgen extra llegados desde distintos puntos de la geograf\u00eda andaluza, concretamente de las provincias de C\u00f3rdoba, Granada y Ja\u00e9n.<\/p>\n<div class=\"tiled-gallery type-rectangular tiled-gallery-unresized\" data-original-width=\"1080\" data-carousel-extra='{&quot;blog_id&quot;:1,&quot;permalink&quot;:&quot;https:\\\/\\\/centrodeolivaryaceite.com\\\/es\\\/nueva-edicion-del-curso-de-iniciacion-a-la-cata-de-aceite-de-oliva-virgen-extra-en-el-centro-de-interpretacion\\\/&quot;,&quot;likes_blog_id&quot;:134317632}' itemscope itemtype=\"http:\/\/schema.org\/ImageGallery\" > <div class=\"gallery-row\" style=\"width: 1080px; height: 482px;\" data-original-width=\"1080\" data-original-height=\"482\" > <div class=\"gallery-group images-1\" style=\"width: 721px; height: 482px;\" data-original-width=\"721\" data-original-height=\"482\" > <div class=\"tiled-gallery-item tiled-gallery-item-large\" itemprop=\"associatedMedia\" itemscope itemtype=\"http:\/\/schema.org\/ImageObject\"> <a href=\"https:\/\/centrodeolivaryaceite.com\/es\/nueva-edicion-del-curso-de-iniciacion-a-la-cata-de-aceite-de-oliva-virgen-extra-en-el-centro-de-interpretacion\/curso-de-inciacion-a-la-cata-1\/\" border=\"0\" itemprop=\"url\"> <meta itemprop=\"width\" content=\"717\"> <meta itemprop=\"height\" content=\"478\"> <img decoding=\"async\" class=\"\" data-attachment-id=\"36259\" data-orig-file=\"https:\/\/centrodeolivaryaceite.com\/wp-content\/uploads\/2018\/02\/curso-de-inciacion-a-la-cata-1.jpg\" data-orig-size=\"448,299\" data-comments-opened=\"1\" data-image-meta=\"{&quot;aperture&quot;:&quot;3.2&quot;,&quot;credit&quot;:&quot;&quot;,&quot;camera&quot;:&quot;NIKON D500&quot;,&quot;caption&quot;:&quot;&quot;,&quot;created_timestamp&quot;:&quot;1519409235&quot;,&quot;copyright&quot;:&quot;&quot;,&quot;focal_length&quot;:&quot;55&quot;,&quot;iso&quot;:&quot;800&quot;,&quot;shutter_speed&quot;:&quot;0.0166666666667&quot;,&quot;title&quot;:&quot;&quot;,&quot;orientation&quot;:&quot;1&quot;}\" data-image-title=\"curso de inciacion a la cata 1\" data-image-description=\"\" data-medium-file=\"https:\/\/i0.wp.com\/centrodeolivaryaceite.com\/wp-content\/uploads\/2018\/02\/curso-de-inciacion-a-la-cata-1.jpg?fit=300%2C200&#038;ssl=1\" data-large-file=\"https:\/\/i0.wp.com\/centrodeolivaryaceite.com\/wp-content\/uploads\/2018\/02\/curso-de-inciacion-a-la-cata-1.jpg?fit=448%2C299&#038;ssl=1\" src=\"https:\/\/i0.wp.com\/centrodeolivaryaceite.com\/wp-content\/uploads\/2018\/02\/curso-de-inciacion-a-la-cata-1.jpg?w=717&#038;h=478&#038;ssl=1\" srcset=\"https:\/\/i0.wp.com\/centrodeolivaryaceite.com\/wp-content\/uploads\/2018\/02\/curso-de-inciacion-a-la-cata-1.jpg?w=448&amp;ssl=1 448w, https:\/\/i0.wp.com\/centrodeolivaryaceite.com\/wp-content\/uploads\/2018\/02\/curso-de-inciacion-a-la-cata-1.jpg?resize=300%2C200&amp;ssl=1 300w\" width=\"717\" height=\"478\" loading=\"lazy\" data-original-width=\"717\" data-original-height=\"478\" itemprop=\"http:\/\/schema.org\/image\" title=\"curso de inciacion a la cata 1\" alt=\"Descubrir la cata\" style=\"width: 717px; height: 478px;\" \/> <\/a> <\/div> <\/div> <!-- close group --> <div class=\"gallery-group images-2\" style=\"width: 359px; height: 482px;\" data-original-width=\"359\" data-original-height=\"482\" > <div class=\"tiled-gallery-item tiled-gallery-item-large\" itemprop=\"associatedMedia\" itemscope itemtype=\"http:\/\/schema.org\/ImageObject\"> <a href=\"https:\/\/centrodeolivaryaceite.com\/es\/nueva-edicion-del-curso-de-iniciacion-a-la-cata-de-aceite-de-oliva-virgen-extra-en-el-centro-de-interpretacion\/curso-de-inciacion-a-la-cata-2\/\" border=\"0\" itemprop=\"url\"> <meta itemprop=\"width\" content=\"355\"> <meta itemprop=\"height\" content=\"237\"> <img decoding=\"async\" class=\"\" data-attachment-id=\"36260\" data-orig-file=\"https:\/\/centrodeolivaryaceite.com\/wp-content\/uploads\/2018\/02\/curso-de-inciacion-a-la-cata-2.jpg\" data-orig-size=\"448,299\" data-comments-opened=\"1\" data-image-meta=\"{&quot;aperture&quot;:&quot;2.8&quot;,&quot;credit&quot;:&quot;&quot;,&quot;camera&quot;:&quot;NIKON D500&quot;,&quot;caption&quot;:&quot;&quot;,&quot;created_timestamp&quot;:&quot;1519409375&quot;,&quot;copyright&quot;:&quot;&quot;,&quot;focal_length&quot;:&quot;19&quot;,&quot;iso&quot;:&quot;500&quot;,&quot;shutter_speed&quot;:&quot;0.01&quot;,&quot;title&quot;:&quot;&quot;,&quot;orientation&quot;:&quot;1&quot;}\" data-image-title=\"curso de inciacion a la cata 2\" data-image-description=\"\" data-medium-file=\"https:\/\/i0.wp.com\/centrodeolivaryaceite.com\/wp-content\/uploads\/2018\/02\/curso-de-inciacion-a-la-cata-2.jpg?fit=300%2C200&#038;ssl=1\" data-large-file=\"https:\/\/i0.wp.com\/centrodeolivaryaceite.com\/wp-content\/uploads\/2018\/02\/curso-de-inciacion-a-la-cata-2.jpg?fit=448%2C299&#038;ssl=1\" src=\"https:\/\/i0.wp.com\/centrodeolivaryaceite.com\/wp-content\/uploads\/2018\/02\/curso-de-inciacion-a-la-cata-2.jpg?w=355&#038;h=237&#038;ssl=1\" srcset=\"https:\/\/i0.wp.com\/centrodeolivaryaceite.com\/wp-content\/uploads\/2018\/02\/curso-de-inciacion-a-la-cata-2.jpg?w=448&amp;ssl=1 448w, https:\/\/i0.wp.com\/centrodeolivaryaceite.com\/wp-content\/uploads\/2018\/02\/curso-de-inciacion-a-la-cata-2.jpg?resize=300%2C200&amp;ssl=1 300w\" width=\"355\" height=\"237\" loading=\"lazy\" data-original-width=\"355\" data-original-height=\"237\" itemprop=\"http:\/\/schema.org\/image\" title=\"curso de inciacion a la cata 2\" alt=\"Iniciando la cata\" style=\"width: 355px; height: 237px;\" \/> <\/a> <\/div> <div class=\"tiled-gallery-item tiled-gallery-item-large\" itemprop=\"associatedMedia\" itemscope itemtype=\"http:\/\/schema.org\/ImageObject\"> <a href=\"https:\/\/centrodeolivaryaceite.com\/es\/nueva-edicion-del-curso-de-iniciacion-a-la-cata-de-aceite-de-oliva-virgen-extra-en-el-centro-de-interpretacion\/curso-de-inciacion-a-la-cata-3\/\" border=\"0\" itemprop=\"url\"> <meta itemprop=\"width\" content=\"355\"> <meta itemprop=\"height\" content=\"237\"> <img decoding=\"async\" class=\"\" data-attachment-id=\"36261\" data-orig-file=\"https:\/\/centrodeolivaryaceite.com\/wp-content\/uploads\/2018\/02\/curso-de-inciacion-a-la-cata-3.jpg\" data-orig-size=\"448,299\" data-comments-opened=\"1\" data-image-meta=\"{&quot;aperture&quot;:&quot;2.8&quot;,&quot;credit&quot;:&quot;&quot;,&quot;camera&quot;:&quot;NIKON D500&quot;,&quot;caption&quot;:&quot;&quot;,&quot;created_timestamp&quot;:&quot;1519409545&quot;,&quot;copyright&quot;:&quot;&quot;,&quot;focal_length&quot;:&quot;26&quot;,&quot;iso&quot;:&quot;400&quot;,&quot;shutter_speed&quot;:&quot;0.016666666666667&quot;,&quot;title&quot;:&quot;&quot;,&quot;orientation&quot;:&quot;1&quot;}\" data-image-title=\"curso de inciacion a la cata 3\" data-image-description=\"\" data-medium-file=\"https:\/\/i0.wp.com\/centrodeolivaryaceite.com\/wp-content\/uploads\/2018\/02\/curso-de-inciacion-a-la-cata-3.jpg?fit=300%2C200&#038;ssl=1\" data-large-file=\"https:\/\/i0.wp.com\/centrodeolivaryaceite.com\/wp-content\/uploads\/2018\/02\/curso-de-inciacion-a-la-cata-3.jpg?fit=448%2C299&#038;ssl=1\" src=\"https:\/\/i0.wp.com\/centrodeolivaryaceite.com\/wp-content\/uploads\/2018\/02\/curso-de-inciacion-a-la-cata-3.jpg?w=355&#038;h=237&#038;ssl=1\" srcset=\"https:\/\/i0.wp.com\/centrodeolivaryaceite.com\/wp-content\/uploads\/2018\/02\/curso-de-inciacion-a-la-cata-3.jpg?w=448&amp;ssl=1 448w, https:\/\/i0.wp.com\/centrodeolivaryaceite.com\/wp-content\/uploads\/2018\/02\/curso-de-inciacion-a-la-cata-3.jpg?resize=300%2C200&amp;ssl=1 300w\" width=\"355\" height=\"237\" loading=\"lazy\" data-original-width=\"355\" data-original-height=\"237\" itemprop=\"http:\/\/schema.org\/image\" title=\"curso de inciacion a la cata 3\" alt=\"Explicaci\u00f3n de cata\" style=\"width: 355px; height: 237px;\" \/> <\/a> <\/div> <\/div> <!-- close group --> <\/div> <!-- close row --> <div class=\"gallery-row\" style=\"width: 1080px; height: 242px;\" data-original-width=\"1080\" data-original-height=\"242\" > <div class=\"gallery-group images-1\" style=\"width: 360px; height: 242px;\" data-original-width=\"360\" data-original-height=\"242\" > <div class=\"tiled-gallery-item tiled-gallery-item-large\" itemprop=\"associatedMedia\" itemscope itemtype=\"http:\/\/schema.org\/ImageObject\"> <a href=\"https:\/\/centrodeolivaryaceite.com\/es\/nueva-edicion-del-curso-de-iniciacion-a-la-cata-de-aceite-de-oliva-virgen-extra-en-el-centro-de-interpretacion\/curso-de-inciacion-a-la-cata-4\/\" border=\"0\" itemprop=\"url\"> <meta itemprop=\"width\" content=\"356\"> <meta itemprop=\"height\" content=\"238\"> <img decoding=\"async\" class=\"\" data-attachment-id=\"36262\" data-orig-file=\"https:\/\/centrodeolivaryaceite.com\/wp-content\/uploads\/2018\/02\/curso-de-inciacion-a-la-cata-4.jpg\" data-orig-size=\"1024,683\" data-comments-opened=\"1\" data-image-meta=\"{&quot;aperture&quot;:&quot;2.8&quot;,&quot;credit&quot;:&quot;&quot;,&quot;camera&quot;:&quot;NIKON D500&quot;,&quot;caption&quot;:&quot;&quot;,&quot;created_timestamp&quot;:&quot;1519409731&quot;,&quot;copyright&quot;:&quot;&quot;,&quot;focal_length&quot;:&quot;26&quot;,&quot;iso&quot;:&quot;640&quot;,&quot;shutter_speed&quot;:&quot;0.016666666666667&quot;,&quot;title&quot;:&quot;&quot;,&quot;orientation&quot;:&quot;1&quot;}\" data-image-title=\"curso de inciacion a la cata 4\" data-image-description=\"\" data-medium-file=\"https:\/\/i0.wp.com\/centrodeolivaryaceite.com\/wp-content\/uploads\/2018\/02\/curso-de-inciacion-a-la-cata-4.jpg?fit=300%2C200&#038;ssl=1\" data-large-file=\"https:\/\/i0.wp.com\/centrodeolivaryaceite.com\/wp-content\/uploads\/2018\/02\/curso-de-inciacion-a-la-cata-4.jpg?fit=1024%2C683&#038;ssl=1\" src=\"https:\/\/i0.wp.com\/centrodeolivaryaceite.com\/wp-content\/uploads\/2018\/02\/curso-de-inciacion-a-la-cata-4.jpg?w=356&#038;h=238&#038;ssl=1\" srcset=\"https:\/\/i0.wp.com\/centrodeolivaryaceite.com\/wp-content\/uploads\/2018\/02\/curso-de-inciacion-a-la-cata-4.jpg?w=1024&amp;ssl=1 1024w, https:\/\/i0.wp.com\/centrodeolivaryaceite.com\/wp-content\/uploads\/2018\/02\/curso-de-inciacion-a-la-cata-4.jpg?resize=300%2C200&amp;ssl=1 300w, https:\/\/i0.wp.com\/centrodeolivaryaceite.com\/wp-content\/uploads\/2018\/02\/curso-de-inciacion-a-la-cata-4.jpg?resize=768%2C512&amp;ssl=1 768w\" width=\"356\" height=\"238\" loading=\"lazy\" data-original-width=\"356\" data-original-height=\"238\" itemprop=\"http:\/\/schema.org\/image\" title=\"curso de inciacion a la cata 4\" alt=\"Copas de cata\" style=\"width: 356px; height: 238px;\" \/> <\/a> <\/div> <\/div> <!-- close group --> <div class=\"gallery-group images-1\" style=\"width: 360px; height: 242px;\" data-original-width=\"360\" data-original-height=\"242\" > <div class=\"tiled-gallery-item tiled-gallery-item-large\" itemprop=\"associatedMedia\" itemscope itemtype=\"http:\/\/schema.org\/ImageObject\"> <a href=\"https:\/\/centrodeolivaryaceite.com\/es\/nueva-edicion-del-curso-de-iniciacion-a-la-cata-de-aceite-de-oliva-virgen-extra-en-el-centro-de-interpretacion\/curso-de-inciacion-a-la-cata-5\/\" border=\"0\" itemprop=\"url\"> <meta itemprop=\"width\" content=\"356\"> <meta itemprop=\"height\" content=\"238\"> <img decoding=\"async\" class=\"\" data-attachment-id=\"36263\" data-orig-file=\"https:\/\/centrodeolivaryaceite.com\/wp-content\/uploads\/2018\/02\/curso-de-inciacion-a-la-cata-5.jpg\" data-orig-size=\"448,299\" data-comments-opened=\"1\" data-image-meta=\"{&quot;aperture&quot;:&quot;2.8&quot;,&quot;credit&quot;:&quot;&quot;,&quot;camera&quot;:&quot;NIKON D500&quot;,&quot;caption&quot;:&quot;&quot;,&quot;created_timestamp&quot;:&quot;1519409749&quot;,&quot;copyright&quot;:&quot;&quot;,&quot;focal_length&quot;:&quot;26&quot;,&quot;iso&quot;:&quot;640&quot;,&quot;shutter_speed&quot;:&quot;0.0166666666667&quot;,&quot;title&quot;:&quot;&quot;,&quot;orientation&quot;:&quot;1&quot;}\" data-image-title=\"curso de inciacion a la cata 5\" data-image-description=\"\" data-medium-file=\"https:\/\/i0.wp.com\/centrodeolivaryaceite.com\/wp-content\/uploads\/2018\/02\/curso-de-inciacion-a-la-cata-5.jpg?fit=300%2C200&#038;ssl=1\" data-large-file=\"https:\/\/i0.wp.com\/centrodeolivaryaceite.com\/wp-content\/uploads\/2018\/02\/curso-de-inciacion-a-la-cata-5.jpg?fit=448%2C299&#038;ssl=1\" src=\"https:\/\/i0.wp.com\/centrodeolivaryaceite.com\/wp-content\/uploads\/2018\/02\/curso-de-inciacion-a-la-cata-5.jpg?w=356&#038;h=238&#038;ssl=1\" srcset=\"https:\/\/i0.wp.com\/centrodeolivaryaceite.com\/wp-content\/uploads\/2018\/02\/curso-de-inciacion-a-la-cata-5.jpg?w=448&amp;ssl=1 448w, https:\/\/i0.wp.com\/centrodeolivaryaceite.com\/wp-content\/uploads\/2018\/02\/curso-de-inciacion-a-la-cata-5.jpg?resize=300%2C200&amp;ssl=1 300w\" width=\"356\" height=\"238\" loading=\"lazy\" data-original-width=\"356\" data-original-height=\"238\" itemprop=\"http:\/\/schema.org\/image\" title=\"curso de inciacion a la cata 5\" alt=\"Apuntes de cata\" style=\"width: 356px; height: 238px;\" \/> <\/a> <\/div> <\/div> <!-- close group --> <div class=\"gallery-group images-1\" style=\"width: 360px; height: 242px;\" data-original-width=\"360\" data-original-height=\"242\" > <div class=\"tiled-gallery-item tiled-gallery-item-large\" itemprop=\"associatedMedia\" itemscope itemtype=\"http:\/\/schema.org\/ImageObject\"> <a href=\"https:\/\/centrodeolivaryaceite.com\/es\/nueva-edicion-del-curso-de-iniciacion-a-la-cata-de-aceite-de-oliva-virgen-extra-en-el-centro-de-interpretacion\/curso-de-inciacion-a-la-cata-6\/\" border=\"0\" itemprop=\"url\"> <meta itemprop=\"width\" content=\"356\"> <meta itemprop=\"height\" content=\"238\"> <img decoding=\"async\" class=\"\" data-attachment-id=\"36264\" data-orig-file=\"https:\/\/centrodeolivaryaceite.com\/wp-content\/uploads\/2018\/02\/curso-de-inciacion-a-la-cata-6.jpg\" data-orig-size=\"448,299\" data-comments-opened=\"1\" data-image-meta=\"{&quot;aperture&quot;:&quot;2.8&quot;,&quot;credit&quot;:&quot;&quot;,&quot;camera&quot;:&quot;NIKON D500&quot;,&quot;caption&quot;:&quot;&quot;,&quot;created_timestamp&quot;:&quot;1519409926&quot;,&quot;copyright&quot;:&quot;&quot;,&quot;focal_length&quot;:&quot;17&quot;,&quot;iso&quot;:&quot;400&quot;,&quot;shutter_speed&quot;:&quot;0.016666666666667&quot;,&quot;title&quot;:&quot;&quot;,&quot;orientation&quot;:&quot;1&quot;}\" data-image-title=\"curso de inciacion a la cata 6\" data-image-description=\"\" data-medium-file=\"https:\/\/i0.wp.com\/centrodeolivaryaceite.com\/wp-content\/uploads\/2018\/02\/curso-de-inciacion-a-la-cata-6.jpg?fit=300%2C200&#038;ssl=1\" data-large-file=\"https:\/\/i0.wp.com\/centrodeolivaryaceite.com\/wp-content\/uploads\/2018\/02\/curso-de-inciacion-a-la-cata-6.jpg?fit=448%2C299&#038;ssl=1\" src=\"https:\/\/i0.wp.com\/centrodeolivaryaceite.com\/wp-content\/uploads\/2018\/02\/curso-de-inciacion-a-la-cata-6.jpg?w=356&#038;h=238&#038;ssl=1\" srcset=\"https:\/\/i0.wp.com\/centrodeolivaryaceite.com\/wp-content\/uploads\/2018\/02\/curso-de-inciacion-a-la-cata-6.jpg?w=448&amp;ssl=1 448w, https:\/\/i0.wp.com\/centrodeolivaryaceite.com\/wp-content\/uploads\/2018\/02\/curso-de-inciacion-a-la-cata-6.jpg?resize=300%2C200&amp;ssl=1 300w\" width=\"356\" height=\"238\" loading=\"lazy\" data-original-width=\"356\" data-original-height=\"238\" itemprop=\"http:\/\/schema.org\/image\" title=\"curso de inciacion a la cata 6\" alt=\"Explicando la ficha de cata\" style=\"width: 356px; height: 238px;\" \/> <\/a> <\/div> <\/div> <!-- close group --> <\/div> <!-- close row --> <div class=\"gallery-row\" style=\"width: 1080px; height: 482px;\" data-original-width=\"1080\" data-original-height=\"482\" > <div class=\"gallery-group images-2\" style=\"width: 359px; height: 482px;\" data-original-width=\"359\" data-original-height=\"482\" > <div class=\"tiled-gallery-item tiled-gallery-item-large\" itemprop=\"associatedMedia\" itemscope itemtype=\"http:\/\/schema.org\/ImageObject\"> <a href=\"https:\/\/centrodeolivaryaceite.com\/es\/nueva-edicion-del-curso-de-iniciacion-a-la-cata-de-aceite-de-oliva-virgen-extra-en-el-centro-de-interpretacion\/curso-de-inciacion-a-la-cata-7\/\" border=\"0\" itemprop=\"url\"> <meta itemprop=\"width\" content=\"355\"> <meta itemprop=\"height\" content=\"237\"> <img decoding=\"async\" class=\"\" data-attachment-id=\"36265\" data-orig-file=\"https:\/\/centrodeolivaryaceite.com\/wp-content\/uploads\/2018\/02\/curso-de-inciacion-a-la-cata-7.jpg\" data-orig-size=\"448,299\" data-comments-opened=\"1\" data-image-meta=\"{&quot;aperture&quot;:&quot;2.8&quot;,&quot;credit&quot;:&quot;&quot;,&quot;camera&quot;:&quot;NIKON D500&quot;,&quot;caption&quot;:&quot;&quot;,&quot;created_timestamp&quot;:&quot;1519409938&quot;,&quot;copyright&quot;:&quot;&quot;,&quot;focal_length&quot;:&quot;17&quot;,&quot;iso&quot;:&quot;400&quot;,&quot;shutter_speed&quot;:&quot;0.016666666666667&quot;,&quot;title&quot;:&quot;&quot;,&quot;orientation&quot;:&quot;1&quot;}\" data-image-title=\"curso de inciacion a la cata 7\" data-image-description=\"\" data-medium-file=\"https:\/\/i0.wp.com\/centrodeolivaryaceite.com\/wp-content\/uploads\/2018\/02\/curso-de-inciacion-a-la-cata-7.jpg?fit=300%2C200&#038;ssl=1\" data-large-file=\"https:\/\/i0.wp.com\/centrodeolivaryaceite.com\/wp-content\/uploads\/2018\/02\/curso-de-inciacion-a-la-cata-7.jpg?fit=448%2C299&#038;ssl=1\" src=\"https:\/\/i0.wp.com\/centrodeolivaryaceite.com\/wp-content\/uploads\/2018\/02\/curso-de-inciacion-a-la-cata-7.jpg?w=355&#038;h=237&#038;ssl=1\" srcset=\"https:\/\/i0.wp.com\/centrodeolivaryaceite.com\/wp-content\/uploads\/2018\/02\/curso-de-inciacion-a-la-cata-7.jpg?w=448&amp;ssl=1 448w, https:\/\/i0.wp.com\/centrodeolivaryaceite.com\/wp-content\/uploads\/2018\/02\/curso-de-inciacion-a-la-cata-7.jpg?resize=300%2C200&amp;ssl=1 300w\" width=\"355\" height=\"237\" loading=\"lazy\" data-original-width=\"355\" data-original-height=\"237\" itemprop=\"http:\/\/schema.org\/image\" title=\"curso de inciacion a la cata 7\" alt=\"Tom\u00e1s M\u00e9ndez en cata\" style=\"width: 355px; height: 237px;\" \/> <\/a> <\/div> <div class=\"tiled-gallery-item tiled-gallery-item-large\" itemprop=\"associatedMedia\" itemscope itemtype=\"http:\/\/schema.org\/ImageObject\"> <a href=\"https:\/\/centrodeolivaryaceite.com\/es\/nueva-edicion-del-curso-de-iniciacion-a-la-cata-de-aceite-de-oliva-virgen-extra-en-el-centro-de-interpretacion\/curso-de-inciacion-a-la-cata-8\/\" border=\"0\" itemprop=\"url\"> <meta itemprop=\"width\" content=\"355\"> <meta itemprop=\"height\" content=\"237\"> <img decoding=\"async\" class=\"\" data-attachment-id=\"36266\" data-orig-file=\"https:\/\/centrodeolivaryaceite.com\/wp-content\/uploads\/2018\/02\/curso-de-inciacion-a-la-cata-8.jpg\" data-orig-size=\"448,299\" data-comments-opened=\"1\" data-image-meta=\"{&quot;aperture&quot;:&quot;2.8&quot;,&quot;credit&quot;:&quot;&quot;,&quot;camera&quot;:&quot;NIKON D500&quot;,&quot;caption&quot;:&quot;&quot;,&quot;created_timestamp&quot;:&quot;1519409971&quot;,&quot;copyright&quot;:&quot;&quot;,&quot;focal_length&quot;:&quot;17&quot;,&quot;iso&quot;:&quot;400&quot;,&quot;shutter_speed&quot;:&quot;0.0166666666667&quot;,&quot;title&quot;:&quot;&quot;,&quot;orientation&quot;:&quot;1&quot;}\" data-image-title=\"curso de inciacion a la cata 8\" data-image-description=\"\" data-medium-file=\"https:\/\/i0.wp.com\/centrodeolivaryaceite.com\/wp-content\/uploads\/2018\/02\/curso-de-inciacion-a-la-cata-8.jpg?fit=300%2C200&#038;ssl=1\" data-large-file=\"https:\/\/i0.wp.com\/centrodeolivaryaceite.com\/wp-content\/uploads\/2018\/02\/curso-de-inciacion-a-la-cata-8.jpg?fit=448%2C299&#038;ssl=1\" src=\"https:\/\/i0.wp.com\/centrodeolivaryaceite.com\/wp-content\/uploads\/2018\/02\/curso-de-inciacion-a-la-cata-8.jpg?w=355&#038;h=237&#038;ssl=1\" srcset=\"https:\/\/i0.wp.com\/centrodeolivaryaceite.com\/wp-content\/uploads\/2018\/02\/curso-de-inciacion-a-la-cata-8.jpg?w=448&amp;ssl=1 448w, https:\/\/i0.wp.com\/centrodeolivaryaceite.com\/wp-content\/uploads\/2018\/02\/curso-de-inciacion-a-la-cata-8.jpg?resize=300%2C200&amp;ssl=1 300w\" width=\"355\" height=\"237\" loading=\"lazy\" data-original-width=\"355\" data-original-height=\"237\" itemprop=\"http:\/\/schema.org\/image\" title=\"curso de inciacion a la cata 8\" alt=\"Ense\u00f1ando a catar\" style=\"width: 355px; height: 237px;\" \/> <\/a> <\/div> <\/div> <!-- close group --> <div class=\"gallery-group images-1\" style=\"width: 721px; height: 482px;\" data-original-width=\"721\" data-original-height=\"482\" > <div class=\"tiled-gallery-item tiled-gallery-item-large\" itemprop=\"associatedMedia\" itemscope itemtype=\"http:\/\/schema.org\/ImageObject\"> <a href=\"https:\/\/centrodeolivaryaceite.com\/es\/nueva-edicion-del-curso-de-iniciacion-a-la-cata-de-aceite-de-oliva-virgen-extra-en-el-centro-de-interpretacion\/curso-de-cata-11\/\" border=\"0\" itemprop=\"url\"> <meta itemprop=\"width\" content=\"717\"> <meta itemprop=\"height\" content=\"478\"> <img decoding=\"async\" class=\"\" data-attachment-id=\"36267\" data-orig-file=\"https:\/\/centrodeolivaryaceite.com\/wp-content\/uploads\/2018\/02\/curso-de-cata-11.jpg\" data-orig-size=\"448,299\" data-comments-opened=\"1\" data-image-meta=\"{&quot;aperture&quot;:&quot;4.5&quot;,&quot;credit&quot;:&quot;&quot;,&quot;camera&quot;:&quot;NIKON D500&quot;,&quot;caption&quot;:&quot;&quot;,&quot;created_timestamp&quot;:&quot;1519388615&quot;,&quot;copyright&quot;:&quot;&quot;,&quot;focal_length&quot;:&quot;38&quot;,&quot;iso&quot;:&quot;800&quot;,&quot;shutter_speed&quot;:&quot;0.0166666666667&quot;,&quot;title&quot;:&quot;&quot;,&quot;orientation&quot;:&quot;1&quot;}\" data-image-title=\"curso de cata 11\" data-image-description=\"\" data-medium-file=\"https:\/\/i0.wp.com\/centrodeolivaryaceite.com\/wp-content\/uploads\/2018\/02\/curso-de-cata-11.jpg?fit=300%2C200&#038;ssl=1\" data-large-file=\"https:\/\/i0.wp.com\/centrodeolivaryaceite.com\/wp-content\/uploads\/2018\/02\/curso-de-cata-11.jpg?fit=448%2C299&#038;ssl=1\" src=\"https:\/\/i0.wp.com\/centrodeolivaryaceite.com\/wp-content\/uploads\/2018\/02\/curso-de-cata-11.jpg?w=717&#038;h=478&#038;ssl=1\" srcset=\"https:\/\/i0.wp.com\/centrodeolivaryaceite.com\/wp-content\/uploads\/2018\/02\/curso-de-cata-11.jpg?w=448&amp;ssl=1 448w, https:\/\/i0.wp.com\/centrodeolivaryaceite.com\/wp-content\/uploads\/2018\/02\/curso-de-cata-11.jpg?resize=300%2C200&amp;ssl=1 300w\" width=\"717\" height=\"478\" loading=\"lazy\" data-original-width=\"717\" data-original-height=\"478\" itemprop=\"http:\/\/schema.org\/image\" title=\"curso de cata 11\" alt=\"Atributos del AOVE\" style=\"width: 717px; height: 478px;\" \/> <\/a> <\/div> <\/div> <!-- close group --> <\/div> <!-- close row --> <div class=\"gallery-row\" style=\"width: 1080px; height: 362px;\" data-original-width=\"1080\" data-original-height=\"362\" > <div class=\"gallery-group images-1\" style=\"width: 540px; height: 362px;\" data-original-width=\"540\" data-original-height=\"362\" > <div class=\"tiled-gallery-item tiled-gallery-item-large\" itemprop=\"associatedMedia\" itemscope itemtype=\"http:\/\/schema.org\/ImageObject\"> <a href=\"https:\/\/centrodeolivaryaceite.com\/es\/nueva-edicion-del-curso-de-iniciacion-a-la-cata-de-aceite-de-oliva-virgen-extra-en-el-centro-de-interpretacion\/curso-de-cata-01\/\" border=\"0\" itemprop=\"url\"> <meta itemprop=\"width\" content=\"536\"> <meta itemprop=\"height\" content=\"358\"> <img decoding=\"async\" class=\"\" data-attachment-id=\"36268\" data-orig-file=\"https:\/\/centrodeolivaryaceite.com\/wp-content\/uploads\/2018\/02\/curso-de-cata-01.jpg\" data-orig-size=\"448,299\" data-comments-opened=\"1\" data-image-meta=\"{&quot;aperture&quot;:&quot;4.5&quot;,&quot;credit&quot;:&quot;&quot;,&quot;camera&quot;:&quot;NIKON D500&quot;,&quot;caption&quot;:&quot;&quot;,&quot;created_timestamp&quot;:&quot;1519388215&quot;,&quot;copyright&quot;:&quot;&quot;,&quot;focal_length&quot;:&quot;17&quot;,&quot;iso&quot;:&quot;800&quot;,&quot;shutter_speed&quot;:&quot;0.0166666666667&quot;,&quot;title&quot;:&quot;&quot;,&quot;orientation&quot;:&quot;1&quot;}\" data-image-title=\"curso de cata 01\" data-image-description=\"\" data-medium-file=\"https:\/\/i0.wp.com\/centrodeolivaryaceite.com\/wp-content\/uploads\/2018\/02\/curso-de-cata-01.jpg?fit=300%2C200&#038;ssl=1\" data-large-file=\"https:\/\/i0.wp.com\/centrodeolivaryaceite.com\/wp-content\/uploads\/2018\/02\/curso-de-cata-01.jpg?fit=448%2C299&#038;ssl=1\" src=\"https:\/\/i0.wp.com\/centrodeolivaryaceite.com\/wp-content\/uploads\/2018\/02\/curso-de-cata-01.jpg?w=536&#038;h=358&#038;ssl=1\" srcset=\"https:\/\/i0.wp.com\/centrodeolivaryaceite.com\/wp-content\/uploads\/2018\/02\/curso-de-cata-01.jpg?w=448&amp;ssl=1 448w, https:\/\/i0.wp.com\/centrodeolivaryaceite.com\/wp-content\/uploads\/2018\/02\/curso-de-cata-01.jpg?resize=300%2C200&amp;ssl=1 300w\" width=\"536\" height=\"358\" loading=\"lazy\" data-original-width=\"536\" data-original-height=\"358\" itemprop=\"http:\/\/schema.org\/image\" title=\"curso de cata 01\" alt=\"Olivar y Aceite en \u00dabeda\" style=\"width: 536px; height: 358px;\" \/> <\/a> <\/div> <\/div> <!-- close group --> <div class=\"gallery-group images-1\" style=\"width: 540px; height: 362px;\" data-original-width=\"540\" data-original-height=\"362\" > <div class=\"tiled-gallery-item tiled-gallery-item-large\" itemprop=\"associatedMedia\" itemscope itemtype=\"http:\/\/schema.org\/ImageObject\"> <a href=\"https:\/\/centrodeolivaryaceite.com\/es\/nueva-edicion-del-curso-de-iniciacion-a-la-cata-de-aceite-de-oliva-virgen-extra-en-el-centro-de-interpretacion\/curso-de-cata-02\/\" border=\"0\" itemprop=\"url\"> <meta itemprop=\"width\" content=\"536\"> <meta itemprop=\"height\" content=\"358\"> <img decoding=\"async\" class=\"\" data-attachment-id=\"36269\" data-orig-file=\"https:\/\/centrodeolivaryaceite.com\/wp-content\/uploads\/2018\/02\/curso-de-cata-02.jpg\" data-orig-size=\"448,299\" data-comments-opened=\"1\" data-image-meta=\"{&quot;aperture&quot;:&quot;3.2&quot;,&quot;credit&quot;:&quot;&quot;,&quot;camera&quot;:&quot;NIKON D500&quot;,&quot;caption&quot;:&quot;&quot;,&quot;created_timestamp&quot;:&quot;1519388280&quot;,&quot;copyright&quot;:&quot;&quot;,&quot;focal_length&quot;:&quot;17&quot;,&quot;iso&quot;:&quot;800&quot;,&quot;shutter_speed&quot;:&quot;0.0166666666667&quot;,&quot;title&quot;:&quot;&quot;,&quot;orientation&quot;:&quot;1&quot;}\" data-image-title=\"curso de cata 02\" data-image-description=\"\" data-medium-file=\"https:\/\/i0.wp.com\/centrodeolivaryaceite.com\/wp-content\/uploads\/2018\/02\/curso-de-cata-02.jpg?fit=300%2C200&#038;ssl=1\" data-large-file=\"https:\/\/i0.wp.com\/centrodeolivaryaceite.com\/wp-content\/uploads\/2018\/02\/curso-de-cata-02.jpg?fit=448%2C299&#038;ssl=1\" src=\"https:\/\/i0.wp.com\/centrodeolivaryaceite.com\/wp-content\/uploads\/2018\/02\/curso-de-cata-02.jpg?w=536&#038;h=358&#038;ssl=1\" srcset=\"https:\/\/i0.wp.com\/centrodeolivaryaceite.com\/wp-content\/uploads\/2018\/02\/curso-de-cata-02.jpg?w=448&amp;ssl=1 448w, https:\/\/i0.wp.com\/centrodeolivaryaceite.com\/wp-content\/uploads\/2018\/02\/curso-de-cata-02.jpg?resize=300%2C200&amp;ssl=1 300w\" width=\"536\" height=\"358\" loading=\"lazy\" data-original-width=\"536\" data-original-height=\"358\" itemprop=\"http:\/\/schema.org\/image\" title=\"curso de cata 02\" alt=\"Curso en \u00dabeda\" style=\"width: 536px; height: 358px;\" \/> <\/a> <\/div> <\/div> <!-- close group --> <\/div> <!-- close row --> <div class=\"gallery-row\" style=\"width: 1080px; height: 482px;\" data-original-width=\"1080\" data-original-height=\"482\" > <div class=\"gallery-group images-1\" style=\"width: 721px; height: 482px;\" data-original-width=\"721\" data-original-height=\"482\" > <div class=\"tiled-gallery-item tiled-gallery-item-large\" itemprop=\"associatedMedia\" itemscope itemtype=\"http:\/\/schema.org\/ImageObject\"> <a href=\"https:\/\/centrodeolivaryaceite.com\/es\/nueva-edicion-del-curso-de-iniciacion-a-la-cata-de-aceite-de-oliva-virgen-extra-en-el-centro-de-interpretacion\/curso-de-cata-03\/\" border=\"0\" itemprop=\"url\"> <meta itemprop=\"width\" content=\"717\"> <meta itemprop=\"height\" content=\"478\"> <img decoding=\"async\" class=\"\" data-attachment-id=\"36270\" data-orig-file=\"https:\/\/centrodeolivaryaceite.com\/wp-content\/uploads\/2018\/02\/curso-de-cata-03.jpg\" data-orig-size=\"448,299\" data-comments-opened=\"1\" data-image-meta=\"{&quot;aperture&quot;:&quot;4&quot;,&quot;credit&quot;:&quot;&quot;,&quot;camera&quot;:&quot;NIKON D500&quot;,&quot;caption&quot;:&quot;&quot;,&quot;created_timestamp&quot;:&quot;1519388298&quot;,&quot;copyright&quot;:&quot;&quot;,&quot;focal_length&quot;:&quot;17&quot;,&quot;iso&quot;:&quot;800&quot;,&quot;shutter_speed&quot;:&quot;0.0166666666667&quot;,&quot;title&quot;:&quot;&quot;,&quot;orientation&quot;:&quot;1&quot;}\" data-image-title=\"curso de cata 03\" data-image-description=\"\" data-medium-file=\"https:\/\/i0.wp.com\/centrodeolivaryaceite.com\/wp-content\/uploads\/2018\/02\/curso-de-cata-03.jpg?fit=300%2C200&#038;ssl=1\" data-large-file=\"https:\/\/i0.wp.com\/centrodeolivaryaceite.com\/wp-content\/uploads\/2018\/02\/curso-de-cata-03.jpg?fit=448%2C299&#038;ssl=1\" src=\"https:\/\/i0.wp.com\/centrodeolivaryaceite.com\/wp-content\/uploads\/2018\/02\/curso-de-cata-03.jpg?w=717&#038;h=478&#038;ssl=1\" srcset=\"https:\/\/i0.wp.com\/centrodeolivaryaceite.com\/wp-content\/uploads\/2018\/02\/curso-de-cata-03.jpg?w=448&amp;ssl=1 448w, https:\/\/i0.wp.com\/centrodeolivaryaceite.com\/wp-content\/uploads\/2018\/02\/curso-de-cata-03.jpg?resize=300%2C200&amp;ssl=1 300w\" width=\"717\" height=\"478\" loading=\"lazy\" data-original-width=\"717\" data-original-height=\"478\" itemprop=\"http:\/\/schema.org\/image\" title=\"curso de cata 03\" alt=\"Sole Rom\u00e1n\" style=\"width: 717px; height: 478px;\" \/> <\/a> <\/div> <\/div> <!-- close group --> <div class=\"gallery-group images-2\" style=\"width: 359px; height: 482px;\" data-original-width=\"359\" data-original-height=\"482\" > <div class=\"tiled-gallery-item tiled-gallery-item-large\" itemprop=\"associatedMedia\" itemscope itemtype=\"http:\/\/schema.org\/ImageObject\"> <a href=\"https:\/\/centrodeolivaryaceite.com\/es\/nueva-edicion-del-curso-de-iniciacion-a-la-cata-de-aceite-de-oliva-virgen-extra-en-el-centro-de-interpretacion\/curso-de-cata-04\/\" border=\"0\" itemprop=\"url\"> <meta itemprop=\"width\" content=\"355\"> <meta itemprop=\"height\" content=\"237\"> <img decoding=\"async\" class=\"\" data-attachment-id=\"36271\" data-orig-file=\"https:\/\/centrodeolivaryaceite.com\/wp-content\/uploads\/2018\/02\/curso-de-cata-04.jpg\" data-orig-size=\"448,299\" data-comments-opened=\"1\" data-image-meta=\"{&quot;aperture&quot;:&quot;3.5&quot;,&quot;credit&quot;:&quot;&quot;,&quot;camera&quot;:&quot;NIKON D500&quot;,&quot;caption&quot;:&quot;&quot;,&quot;created_timestamp&quot;:&quot;1519388324&quot;,&quot;copyright&quot;:&quot;&quot;,&quot;focal_length&quot;:&quot;17&quot;,&quot;iso&quot;:&quot;800&quot;,&quot;shutter_speed&quot;:&quot;0.0166666666667&quot;,&quot;title&quot;:&quot;&quot;,&quot;orientation&quot;:&quot;1&quot;}\" data-image-title=\"curso de cata 04\" data-image-description=\"\" data-medium-file=\"https:\/\/i0.wp.com\/centrodeolivaryaceite.com\/wp-content\/uploads\/2018\/02\/curso-de-cata-04.jpg?fit=300%2C200&#038;ssl=1\" data-large-file=\"https:\/\/i0.wp.com\/centrodeolivaryaceite.com\/wp-content\/uploads\/2018\/02\/curso-de-cata-04.jpg?fit=448%2C299&#038;ssl=1\" src=\"https:\/\/i0.wp.com\/centrodeolivaryaceite.com\/wp-content\/uploads\/2018\/02\/curso-de-cata-04.jpg?w=355&#038;h=237&#038;ssl=1\" srcset=\"https:\/\/i0.wp.com\/centrodeolivaryaceite.com\/wp-content\/uploads\/2018\/02\/curso-de-cata-04.jpg?w=448&amp;ssl=1 448w, https:\/\/i0.wp.com\/centrodeolivaryaceite.com\/wp-content\/uploads\/2018\/02\/curso-de-cata-04.jpg?resize=300%2C200&amp;ssl=1 300w\" width=\"355\" height=\"237\" loading=\"lazy\" data-original-width=\"355\" data-original-height=\"237\" itemprop=\"http:\/\/schema.org\/image\" title=\"curso de cata 04\" alt=\"Test de cata\" style=\"width: 355px; height: 237px;\" \/> <\/a> <\/div> <div class=\"tiled-gallery-item tiled-gallery-item-large\" itemprop=\"associatedMedia\" itemscope itemtype=\"http:\/\/schema.org\/ImageObject\"> <a href=\"https:\/\/centrodeolivaryaceite.com\/es\/nueva-edicion-del-curso-de-iniciacion-a-la-cata-de-aceite-de-oliva-virgen-extra-en-el-centro-de-interpretacion\/curso-de-cata-05\/\" border=\"0\" itemprop=\"url\"> <meta itemprop=\"width\" content=\"355\"> <meta itemprop=\"height\" content=\"237\"> <img decoding=\"async\" class=\"\" data-attachment-id=\"36272\" data-orig-file=\"https:\/\/centrodeolivaryaceite.com\/wp-content\/uploads\/2018\/02\/curso-de-cata-05.jpg\" data-orig-size=\"448,299\" data-comments-opened=\"1\" data-image-meta=\"{&quot;aperture&quot;:&quot;3.5&quot;,&quot;credit&quot;:&quot;&quot;,&quot;camera&quot;:&quot;NIKON D500&quot;,&quot;caption&quot;:&quot;&quot;,&quot;created_timestamp&quot;:&quot;1519388415&quot;,&quot;copyright&quot;:&quot;&quot;,&quot;focal_length&quot;:&quot;23&quot;,&quot;iso&quot;:&quot;800&quot;,&quot;shutter_speed&quot;:&quot;0.0166666666667&quot;,&quot;title&quot;:&quot;&quot;,&quot;orientation&quot;:&quot;1&quot;}\" data-image-title=\"curso de cata 05\" data-image-description=\"\" data-medium-file=\"https:\/\/i0.wp.com\/centrodeolivaryaceite.com\/wp-content\/uploads\/2018\/02\/curso-de-cata-05.jpg?fit=300%2C200&#038;ssl=1\" data-large-file=\"https:\/\/i0.wp.com\/centrodeolivaryaceite.com\/wp-content\/uploads\/2018\/02\/curso-de-cata-05.jpg?fit=448%2C299&#038;ssl=1\" src=\"https:\/\/i0.wp.com\/centrodeolivaryaceite.com\/wp-content\/uploads\/2018\/02\/curso-de-cata-05.jpg?w=355&#038;h=237&#038;ssl=1\" srcset=\"https:\/\/i0.wp.com\/centrodeolivaryaceite.com\/wp-content\/uploads\/2018\/02\/curso-de-cata-05.jpg?w=448&amp;ssl=1 448w, https:\/\/i0.wp.com\/centrodeolivaryaceite.com\/wp-content\/uploads\/2018\/02\/curso-de-cata-05.jpg?resize=300%2C200&amp;ssl=1 300w\" width=\"355\" height=\"237\" loading=\"lazy\" data-original-width=\"355\" data-original-height=\"237\" itemprop=\"http:\/\/schema.org\/image\" title=\"curso de cata 05\" alt=\"Olor y AOVE\" style=\"width: 355px; height: 237px;\" \/> <\/a> <\/div> <\/div> <!-- close group --> <\/div> <!-- close row --> <div class=\"gallery-row\" style=\"width: 1080px; height: 242px;\" data-original-width=\"1080\" data-original-height=\"242\" > <div class=\"gallery-group images-1\" style=\"width: 360px; height: 242px;\" data-original-width=\"360\" data-original-height=\"242\" > <div class=\"tiled-gallery-item tiled-gallery-item-large\" itemprop=\"associatedMedia\" itemscope itemtype=\"http:\/\/schema.org\/ImageObject\"> <a href=\"https:\/\/centrodeolivaryaceite.com\/es\/nueva-edicion-del-curso-de-iniciacion-a-la-cata-de-aceite-de-oliva-virgen-extra-en-el-centro-de-interpretacion\/curso-de-cata-06\/\" border=\"0\" itemprop=\"url\"> <meta itemprop=\"width\" content=\"356\"> <meta itemprop=\"height\" content=\"238\"> <img decoding=\"async\" class=\"\" data-attachment-id=\"36273\" data-orig-file=\"https:\/\/centrodeolivaryaceite.com\/wp-content\/uploads\/2018\/02\/curso-de-cata-06.jpg\" data-orig-size=\"448,299\" data-comments-opened=\"1\" data-image-meta=\"{&quot;aperture&quot;:&quot;2.8&quot;,&quot;credit&quot;:&quot;&quot;,&quot;camera&quot;:&quot;NIKON D500&quot;,&quot;caption&quot;:&quot;&quot;,&quot;created_timestamp&quot;:&quot;1519388418&quot;,&quot;copyright&quot;:&quot;&quot;,&quot;focal_length&quot;:&quot;24&quot;,&quot;iso&quot;:&quot;800&quot;,&quot;shutter_speed&quot;:&quot;0.0166666666667&quot;,&quot;title&quot;:&quot;&quot;,&quot;orientation&quot;:&quot;1&quot;}\" data-image-title=\"curso de cata 06\" data-image-description=\"\" data-medium-file=\"https:\/\/i0.wp.com\/centrodeolivaryaceite.com\/wp-content\/uploads\/2018\/02\/curso-de-cata-06.jpg?fit=300%2C200&#038;ssl=1\" data-large-file=\"https:\/\/i0.wp.com\/centrodeolivaryaceite.com\/wp-content\/uploads\/2018\/02\/curso-de-cata-06.jpg?fit=448%2C299&#038;ssl=1\" src=\"https:\/\/i0.wp.com\/centrodeolivaryaceite.com\/wp-content\/uploads\/2018\/02\/curso-de-cata-06.jpg?w=356&#038;h=238&#038;ssl=1\" srcset=\"https:\/\/i0.wp.com\/centrodeolivaryaceite.com\/wp-content\/uploads\/2018\/02\/curso-de-cata-06.jpg?w=448&amp;ssl=1 448w, https:\/\/i0.wp.com\/centrodeolivaryaceite.com\/wp-content\/uploads\/2018\/02\/curso-de-cata-06.jpg?resize=300%2C200&amp;ssl=1 300w\" width=\"356\" height=\"238\" loading=\"lazy\" data-original-width=\"356\" data-original-height=\"238\" itemprop=\"http:\/\/schema.org\/image\" title=\"curso de cata 06\" alt=\"Aromas y AOVE\" style=\"width: 356px; height: 238px;\" \/> <\/a> <\/div> <\/div> <!-- close group --> <div class=\"gallery-group images-1\" style=\"width: 360px; height: 242px;\" data-original-width=\"360\" data-original-height=\"242\" > <div class=\"tiled-gallery-item tiled-gallery-item-large\" itemprop=\"associatedMedia\" itemscope itemtype=\"http:\/\/schema.org\/ImageObject\"> <a href=\"https:\/\/centrodeolivaryaceite.com\/es\/nueva-edicion-del-curso-de-iniciacion-a-la-cata-de-aceite-de-oliva-virgen-extra-en-el-centro-de-interpretacion\/curso-de-cata-07\/\" border=\"0\" itemprop=\"url\"> <meta itemprop=\"width\" content=\"356\"> <meta itemprop=\"height\" content=\"238\"> <img decoding=\"async\" class=\"\" data-attachment-id=\"36274\" data-orig-file=\"https:\/\/centrodeolivaryaceite.com\/wp-content\/uploads\/2018\/02\/curso-de-cata-07.jpg\" data-orig-size=\"448,299\" data-comments-opened=\"1\" data-image-meta=\"{&quot;aperture&quot;:&quot;3.2&quot;,&quot;credit&quot;:&quot;&quot;,&quot;camera&quot;:&quot;NIKON D500&quot;,&quot;caption&quot;:&quot;&quot;,&quot;created_timestamp&quot;:&quot;1519388448&quot;,&quot;copyright&quot;:&quot;&quot;,&quot;focal_length&quot;:&quot;35&quot;,&quot;iso&quot;:&quot;800&quot;,&quot;shutter_speed&quot;:&quot;0.0166666666667&quot;,&quot;title&quot;:&quot;&quot;,&quot;orientation&quot;:&quot;1&quot;}\" data-image-title=\"curso de cata 07\" data-image-description=\"\" data-medium-file=\"https:\/\/i0.wp.com\/centrodeolivaryaceite.com\/wp-content\/uploads\/2018\/02\/curso-de-cata-07.jpg?fit=300%2C200&#038;ssl=1\" data-large-file=\"https:\/\/i0.wp.com\/centrodeolivaryaceite.com\/wp-content\/uploads\/2018\/02\/curso-de-cata-07.jpg?fit=448%2C299&#038;ssl=1\" src=\"https:\/\/i0.wp.com\/centrodeolivaryaceite.com\/wp-content\/uploads\/2018\/02\/curso-de-cata-07.jpg?w=356&#038;h=238&#038;ssl=1\" srcset=\"https:\/\/i0.wp.com\/centrodeolivaryaceite.com\/wp-content\/uploads\/2018\/02\/curso-de-cata-07.jpg?w=448&amp;ssl=1 448w, https:\/\/i0.wp.com\/centrodeolivaryaceite.com\/wp-content\/uploads\/2018\/02\/curso-de-cata-07.jpg?resize=300%2C200&amp;ssl=1 300w\" width=\"356\" height=\"238\" loading=\"lazy\" data-original-width=\"356\" data-original-height=\"238\" itemprop=\"http:\/\/schema.org\/image\" title=\"curso de cata 07\" alt=\"Oliendo\" style=\"width: 356px; height: 238px;\" \/> <\/a> <\/div> <\/div> <!-- close group --> <div class=\"gallery-group images-1\" style=\"width: 360px; height: 242px;\" data-original-width=\"360\" data-original-height=\"242\" > <div class=\"tiled-gallery-item tiled-gallery-item-large\" itemprop=\"associatedMedia\" itemscope itemtype=\"http:\/\/schema.org\/ImageObject\"> <a href=\"https:\/\/centrodeolivaryaceite.com\/es\/nueva-edicion-del-curso-de-iniciacion-a-la-cata-de-aceite-de-oliva-virgen-extra-en-el-centro-de-interpretacion\/curso-de-cata-08\/\" border=\"0\" itemprop=\"url\"> <meta itemprop=\"width\" content=\"356\"> <meta itemprop=\"height\" content=\"238\"> <img decoding=\"async\" class=\"\" data-attachment-id=\"36275\" data-orig-file=\"https:\/\/centrodeolivaryaceite.com\/wp-content\/uploads\/2018\/02\/curso-de-cata-08.jpg\" data-orig-size=\"448,299\" data-comments-opened=\"1\" data-image-meta=\"{&quot;aperture&quot;:&quot;3.5&quot;,&quot;credit&quot;:&quot;&quot;,&quot;camera&quot;:&quot;NIKON D500&quot;,&quot;caption&quot;:&quot;&quot;,&quot;created_timestamp&quot;:&quot;1519388453&quot;,&quot;copyright&quot;:&quot;&quot;,&quot;focal_length&quot;:&quot;17&quot;,&quot;iso&quot;:&quot;800&quot;,&quot;shutter_speed&quot;:&quot;0.0166666666667&quot;,&quot;title&quot;:&quot;&quot;,&quot;orientation&quot;:&quot;1&quot;}\" data-image-title=\"curso de cata 08\" data-image-description=\"\" data-medium-file=\"https:\/\/i0.wp.com\/centrodeolivaryaceite.com\/wp-content\/uploads\/2018\/02\/curso-de-cata-08.jpg?fit=300%2C200&#038;ssl=1\" data-large-file=\"https:\/\/i0.wp.com\/centrodeolivaryaceite.com\/wp-content\/uploads\/2018\/02\/curso-de-cata-08.jpg?fit=448%2C299&#038;ssl=1\" src=\"https:\/\/i0.wp.com\/centrodeolivaryaceite.com\/wp-content\/uploads\/2018\/02\/curso-de-cata-08.jpg?w=356&#038;h=238&#038;ssl=1\" srcset=\"https:\/\/i0.wp.com\/centrodeolivaryaceite.com\/wp-content\/uploads\/2018\/02\/curso-de-cata-08.jpg?w=448&amp;ssl=1 448w, https:\/\/i0.wp.com\/centrodeolivaryaceite.com\/wp-content\/uploads\/2018\/02\/curso-de-cata-08.jpg?resize=300%2C200&amp;ssl=1 300w\" width=\"356\" height=\"238\" loading=\"lazy\" data-original-width=\"356\" data-original-height=\"238\" itemprop=\"http:\/\/schema.org\/image\" title=\"curso de cata 08\" alt=\"Curso avanzado de cata\" style=\"width: 356px; height: 238px;\" \/> <\/a> <\/div> <\/div> <!-- close group --> <\/div> <!-- close row --> <div class=\"gallery-row\" style=\"width: 1080px; height: 362px;\" data-original-width=\"1080\" data-original-height=\"362\" > <div class=\"gallery-group images-1\" style=\"width: 540px; height: 362px;\" data-original-width=\"540\" data-original-height=\"362\" > <div class=\"tiled-gallery-item tiled-gallery-item-large\" itemprop=\"associatedMedia\" itemscope itemtype=\"http:\/\/schema.org\/ImageObject\"> <a href=\"https:\/\/centrodeolivaryaceite.com\/es\/nueva-edicion-del-curso-de-iniciacion-a-la-cata-de-aceite-de-oliva-virgen-extra-en-el-centro-de-interpretacion\/curso-de-cata-09\/\" border=\"0\" itemprop=\"url\"> <meta itemprop=\"width\" content=\"536\"> <meta itemprop=\"height\" content=\"358\"> <img decoding=\"async\" class=\"\" data-attachment-id=\"36276\" data-orig-file=\"https:\/\/centrodeolivaryaceite.com\/wp-content\/uploads\/2018\/02\/curso-de-cata-09.jpg\" data-orig-size=\"448,299\" data-comments-opened=\"1\" data-image-meta=\"{&quot;aperture&quot;:&quot;3.5&quot;,&quot;credit&quot;:&quot;&quot;,&quot;camera&quot;:&quot;NIKON D500&quot;,&quot;caption&quot;:&quot;&quot;,&quot;created_timestamp&quot;:&quot;1519388471&quot;,&quot;copyright&quot;:&quot;&quot;,&quot;focal_length&quot;:&quot;32&quot;,&quot;iso&quot;:&quot;800&quot;,&quot;shutter_speed&quot;:&quot;0.0166666666667&quot;,&quot;title&quot;:&quot;&quot;,&quot;orientation&quot;:&quot;1&quot;}\" data-image-title=\"curso de cata 09\" data-image-description=\"\" data-medium-file=\"https:\/\/i0.wp.com\/centrodeolivaryaceite.com\/wp-content\/uploads\/2018\/02\/curso-de-cata-09.jpg?fit=300%2C200&#038;ssl=1\" data-large-file=\"https:\/\/i0.wp.com\/centrodeolivaryaceite.com\/wp-content\/uploads\/2018\/02\/curso-de-cata-09.jpg?fit=448%2C299&#038;ssl=1\" src=\"https:\/\/i0.wp.com\/centrodeolivaryaceite.com\/wp-content\/uploads\/2018\/02\/curso-de-cata-09.jpg?w=536&#038;h=358&#038;ssl=1\" srcset=\"https:\/\/i0.wp.com\/centrodeolivaryaceite.com\/wp-content\/uploads\/2018\/02\/curso-de-cata-09.jpg?w=448&amp;ssl=1 448w, https:\/\/i0.wp.com\/centrodeolivaryaceite.com\/wp-content\/uploads\/2018\/02\/curso-de-cata-09.jpg?resize=300%2C200&amp;ssl=1 300w\" width=\"536\" height=\"358\" loading=\"lazy\" data-original-width=\"536\" data-original-height=\"358\" itemprop=\"http:\/\/schema.org\/image\" title=\"curso de cata 09\" alt=\"Proceso de Cata\" style=\"width: 536px; height: 358px;\" \/> <\/a> <\/div> <\/div> <!-- close group --> <div class=\"gallery-group images-1\" style=\"width: 540px; height: 362px;\" data-original-width=\"540\" data-original-height=\"362\" > <div class=\"tiled-gallery-item tiled-gallery-item-large\" itemprop=\"associatedMedia\" itemscope itemtype=\"http:\/\/schema.org\/ImageObject\"> <a href=\"https:\/\/centrodeolivaryaceite.com\/es\/nueva-edicion-del-curso-de-iniciacion-a-la-cata-de-aceite-de-oliva-virgen-extra-en-el-centro-de-interpretacion\/curso-de-cata-10\/\" border=\"0\" itemprop=\"url\"> <meta itemprop=\"width\" content=\"536\"> <meta itemprop=\"height\" content=\"358\"> <img decoding=\"async\" class=\"\" data-attachment-id=\"36277\" data-orig-file=\"https:\/\/centrodeolivaryaceite.com\/wp-content\/uploads\/2018\/02\/curso-de-cata-10.jpg\" data-orig-size=\"448,299\" data-comments-opened=\"1\" data-image-meta=\"{&quot;aperture&quot;:&quot;3.5&quot;,&quot;credit&quot;:&quot;&quot;,&quot;camera&quot;:&quot;NIKON D500&quot;,&quot;caption&quot;:&quot;&quot;,&quot;created_timestamp&quot;:&quot;1519388512&quot;,&quot;copyright&quot;:&quot;&quot;,&quot;focal_length&quot;:&quot;17&quot;,&quot;iso&quot;:&quot;800&quot;,&quot;shutter_speed&quot;:&quot;0.0166666666667&quot;,&quot;title&quot;:&quot;&quot;,&quot;orientation&quot;:&quot;1&quot;}\" data-image-title=\"curso de cata 10\" data-image-description=\"\" data-medium-file=\"https:\/\/i0.wp.com\/centrodeolivaryaceite.com\/wp-content\/uploads\/2018\/02\/curso-de-cata-10.jpg?fit=300%2C200&#038;ssl=1\" data-large-file=\"https:\/\/i0.wp.com\/centrodeolivaryaceite.com\/wp-content\/uploads\/2018\/02\/curso-de-cata-10.jpg?fit=448%2C299&#038;ssl=1\" src=\"https:\/\/i0.wp.com\/centrodeolivaryaceite.com\/wp-content\/uploads\/2018\/02\/curso-de-cata-10.jpg?w=536&#038;h=358&#038;ssl=1\" srcset=\"https:\/\/i0.wp.com\/centrodeolivaryaceite.com\/wp-content\/uploads\/2018\/02\/curso-de-cata-10.jpg?w=448&amp;ssl=1 448w, https:\/\/i0.wp.com\/centrodeolivaryaceite.com\/wp-content\/uploads\/2018\/02\/curso-de-cata-10.jpg?resize=300%2C200&amp;ssl=1 300w\" width=\"536\" height=\"358\" loading=\"lazy\" data-original-width=\"536\" data-original-height=\"358\" itemprop=\"http:\/\/schema.org\/image\" title=\"curso de cata 10\" alt=\"Curso de Cata\" style=\"width: 536px; height: 358px;\" \/> <\/a> <\/div> <\/div> <!-- close group --> <\/div> <!-- close row --> <\/div>\n<p>[\/et_pb_text][et_pb_comments show_avatar=\u00bbon\u00bb show_reply=\u00bbon\u00bb show_count=\u00bbon\u00bb background_layout=\u00bblight\u00bb use_border_color=\u00bboff\u00bb border_color=\u00bb#ffffff\u00bb border_style=\u00bbsolid\u00bb custom_button=\u00bboff\u00bb button_letter_spacing=\u00bb0&#8243; button_use_icon=\u00bbdefault\u00bb button_icon_placement=\u00bbright\u00bb button_on_hover=\u00bbon\u00bb button_letter_spacing_hover=\u00bb0&#8243; \/][\/et_pb_column_inner][\/et_pb_row_inner][\/et_pb_column][et_pb_column type=\u00bb1_3&#8243;][et_pb_sidebar orientation=\u00bbright\u00bb area=\u00bbsidebar-1&#8243; background_layout=\u00bblight\u00bb remove_border=\u00bboff\u00bb \/][\/et_pb_column][\/et_pb_section][et_pb_section bb_built=\u00bb1&#8243; background_color=\u00bb#dedacf\u00bb _builder_version=\u00bb3.0.92&#8243; custom_padding_tablet=\u00bb50px|0|50px|0&#8243; custom_padding_last_edited=\u00bbon|desktop\u00bb disabled=\u00bbon\u00bb disabled_on=\u00bbon|on|on\u00bb global_module=\u00bb5116&#8243;][et_pb_row global_parent=\u00bb5116&#8243; _builder_version=\u00bb3.0.92&#8243;][et_pb_column type=\u00bb4_4&#8243;][\/et_pb_column][\/et_pb_row][\/et_pb_section][et_pb_section bb_built=\u00bb1&#8243; fullwidth=\u00bboff\u00bb specialty=\u00bboff\u00bb transparent_background=\u00bboff\u00bb background_color=\u00bb#ffffff\u00bb allow_player_pause=\u00bboff\u00bb inner_shadow=\u00bboff\u00bb parallax=\u00bboff\u00bb parallax_method=\u00bboff\u00bb custom_padding=\u00bb10px||0px|\u00bb padding_mobile=\u00bboff\u00bb make_fullwidth=\u00bboff\u00bb use_custom_width=\u00bboff\u00bb width_unit=\u00bbon\u00bb make_equal=\u00bboff\u00bb use_custom_gutter=\u00bboff\u00bb custom_padding_tablet=\u00bb50px|0|50px|0&#8243; custom_padding_last_edited=\u00bbon|desktop\u00bb global_module=\u00bb5115&#8243;][et_pb_row global_parent=\u00bb5115&#8243; make_fullwidth=\u00bboff\u00bb use_custom_width=\u00bboff\u00bb width_unit=\u00bbon\u00bb use_custom_gutter=\u00bboff\u00bb custom_padding=\u00bb0px||0px|\u00bb padding_mobile=\u00bboff\u00bb allow_player_pause=\u00bboff\u00bb parallax=\u00bboff\u00bb parallax_method=\u00bboff\u00bb make_equal=\u00bboff\u00bb parallax_1=\u00bboff\u00bb parallax_method_1=\u00bboff\u00bb parallax_2=\u00bboff\u00bb parallax_method_2=\u00bboff\u00bb column_padding_mobile=\u00bbon\u00bb background_position=\u00bbtop_left\u00bb background_repeat=\u00bbrepeat\u00bb background_size=\u00bbinitial\u00bb][\/et_pb_row][\/et_pb_section][et_pb_section bb_built=\u00bb1&#8243;][et_pb_row][\/et_pb_row][\/et_pb_section]<\/p>\n","protected":false},"excerpt":{"rendered":"<p>La formaci\u00f3n es uno de los pilares b\u00e1sicos del Centro de Interpretaci\u00f3n \u201cOlivar y Aceite\u201d que junto otras actividades desarrolladas, como la presentaci\u00f3n, cata y degustaci\u00f3n de los aceites de sus socios, sirven para dar a conocer y contribuir a la promoci\u00f3n del aceite de oliva virgen extra y de la cultura del olivar.\u00a0 De [&hellip;]<\/p>\n","protected":false},"author":1,"featured_media":36262,"comment_status":"open","ping_status":"open","sticky":false,"template":"","format":"standard","meta":{"_et_pb_use_builder":"on","_et_pb_old_content":"","_et_gb_content_width":"","_jetpack_memberships_contains_paid_content":false,"footnotes":""},"categories":[1],"tags":[],"class_list":["post-36257","post","type-post","status-publish","format-standard","has-post-thumbnail","hentry","category-general"],"jetpack_featured_media_url":"https:\/\/i0.wp.com\/centrodeolivaryaceite.com\/wp-content\/uploads\/2018\/02\/curso-de-inciacion-a-la-cata-4.jpg?fit=1024%2C683&ssl=1","jetpack_sharing_enabled":true,"jetpack_shortlink":"https:\/\/wp.me\/p95A9q-9qN","_links":{"self":[{"href":"https:\/\/centrodeolivaryaceite.com\/es\/wp-json\/wp\/v2\/posts\/36257\/"}],"collection":[{"href":"https:\/\/centrodeolivaryaceite.com\/es\/wp-json\/wp\/v2\/posts\/"}],"about":[{"href":"https:\/\/centrodeolivaryaceite.com\/es\/wp-json\/wp\/v2\/types\/post\/"}],"author":[{"embeddable":true,"href":"https:\/\/centrodeolivaryaceite.com\/es\/wp-json\/wp\/v2\/users\/1\/"}],"replies":[{"embeddable":true,"href":"https:\/\/centrodeolivaryaceite.com\/es\/wp-json\/wp\/v2\/comments\/?post=36257"}],"version-history":[{"count":0,"href":"https:\/\/centrodeolivaryaceite.com\/es\/wp-json\/wp\/v2\/posts\/36257\/revisions\/"}],"wp:featuredmedia":[{"embeddable":true,"href":"https:\/\/centrodeolivaryaceite.com\/es\/wp-json\/wp\/v2\/media\/36262\/"}],"wp:attachment":[{"href":"https:\/\/centrodeolivaryaceite.com\/es\/wp-json\/wp\/v2\/media\/?parent=36257"}],"wp:term":[{"taxonomy":"category","embeddable":true,"href":"https:\/\/centrodeolivaryaceite.com\/es\/wp-json\/wp\/v2\/categories\/?post=36257"},{"taxonomy":"post_tag","embeddable":true,"href":"https:\/\/centrodeolivaryaceite.com\/es\/wp-json\/wp\/v2\/tags\/?post=36257"}],"curies":[{"name":"wp","href":"https:\/\/api.w.org\/{rel}","templated":true}]}}