{"id":36381,"date":"2018-03-27T17:52:14","date_gmt":"2018-03-27T17:52:14","guid":{"rendered":"http:\/\/centrodeolivaryaceite.com\/?p=36381"},"modified":"2018-03-27T17:58:49","modified_gmt":"2018-03-27T17:58:49","slug":"5-aniversario-centro-olivar-y-aceite","status":"publish","type":"post","link":"https:\/\/centrodeolivaryaceite.com\/es\/5-aniversario-centro-olivar-y-aceite\/","title":{"rendered":"EL CENTRO DE INTERPRETACI\u00d3N \u2018OLIVAR Y ACEITE\u2019 CELEBRA UN LUSTRO DE VIDA CON UNA JORNADA DE PUERTAS ABIERTAS"},"content":{"rendered":"<p>[et_pb_section bb_built=\u00bb1&#8243; fullwidth=\u00bbon\u00bb specialty=\u00bboff\u00bb background_image=\u00bbhttp:\/\/centrodeolivaryaceite.com\/wp-content\/uploads\/2016\/06\/page_header_bg_blue.jpg\u00bb transparent_background=\u00bboff\u00bb background_color=\u00bb#ffffff\u00bb allow_player_pause=\u00bboff\u00bb inner_shadow=\u00bboff\u00bb parallax=\u00bboff\u00bb parallax_method=\u00bboff\u00bb padding_mobile=\u00bboff\u00bb make_fullwidth=\u00bboff\u00bb use_custom_width=\u00bboff\u00bb width_unit=\u00bbon\u00bb make_equal=\u00bboff\u00bb use_custom_gutter=\u00bboff\u00bb custom_padding_tablet=\u00bb50px|0|50px|0&#8243; custom_padding_last_edited=\u00bbon|desktop\u00bb global_module=\u00bb5294&#8243;][et_pb_fullwidth_post_title admin_label=\u00bbT\u00edtulo\u00bb global_parent=\u00bb5294&#8243; title=\u00bbon\u00bb meta=\u00bboff\u00bb author=\u00bbon\u00bb date=\u00bbon\u00bb categories=\u00bbon\u00bb comments=\u00bbon\u00bb featured_image=\u00bboff\u00bb featured_placement=\u00bbbelow\u00bb parallax_effect=\u00bbon\u00bb parallax_method=\u00bboff\u00bb text_orientation=\u00bbcenter\u00bb text_color=\u00bblight\u00bb text_background=\u00bbon\u00bb text_bg_color=\u00bbrgba(28,28,28,0.43)\u00bb module_bg_color=\u00bbrgba(255,255,255,0)\u00bb title_all_caps=\u00bbon\u00bb use_border_color=\u00bboff\u00bb border_color=\u00bb#ffffff\u00bb border_style=\u00bbsolid\u00bb title_font=\u00bbRoboto Light||||\u00bb title_font_size=\u00bb35px\u00bb background_position=\u00bbtop_left\u00bb background_repeat=\u00bbrepeat\u00bb background_size=\u00bbinitial\u00bb parallax=\u00bbon\u00bb background_color=\u00bbrgba(255,255,255,0)\u00bb \/][\/et_pb_section][et_pb_section bb_built=\u00bb1&#8243; fullwidth=\u00bboff\u00bb specialty=\u00bboff\u00bb transparent_background=\u00bboff\u00bb background_color=\u00bb#ffffff\u00bb allow_player_pause=\u00bboff\u00bb inner_shadow=\u00bboff\u00bb parallax=\u00bboff\u00bb parallax_method=\u00bboff\u00bb custom_padding=\u00bb10px|||\u00bb padding_mobile=\u00bboff\u00bb make_fullwidth=\u00bboff\u00bb use_custom_width=\u00bboff\u00bb width_unit=\u00bbon\u00bb make_equal=\u00bboff\u00bb use_custom_gutter=\u00bboff\u00bb custom_padding_tablet=\u00bb50px|0|50px|0&#8243; custom_padding_last_edited=\u00bbon|desktop\u00bb][et_pb_row make_fullwidth=\u00bboff\u00bb use_custom_width=\u00bboff\u00bb width_unit=\u00bbon\u00bb use_custom_gutter=\u00bboff\u00bb custom_padding=\u00bb10px|||\u00bb padding_mobile=\u00bboff\u00bb allow_player_pause=\u00bboff\u00bb parallax=\u00bboff\u00bb parallax_method=\u00bboff\u00bb make_equal=\u00bboff\u00bb parallax_1=\u00bboff\u00bb parallax_method_1=\u00bboff\u00bb column_padding_mobile=\u00bbon\u00bb background_position=\u00bbtop_left\u00bb background_repeat=\u00bbrepeat\u00bb background_size=\u00bbinitial\u00bb][et_pb_column type=\u00bb4_4&#8243;][et_pb_post_title title=\u00bboff\u00bb meta=\u00bbon\u00bb author=\u00bbon\u00bb date=\u00bbon\u00bb categories=\u00bbon\u00bb comments=\u00bbon\u00bb featured_image=\u00bbon\u00bb featured_placement=\u00bbbelow\u00bb parallax_effect=\u00bbon\u00bb parallax_method=\u00bboff\u00bb text_orientation=\u00bbleft\u00bb text_color=\u00bbdark\u00bb text_background=\u00bboff\u00bb text_bg_color=\u00bbrgba(255,255,255,0.9)\u00bb module_bg_color=\u00bbrgba(255,255,255,0)\u00bb title_all_caps=\u00bboff\u00bb use_border_color=\u00bboff\u00bb border_color=\u00bb#ffffff\u00bb border_style=\u00bbsolid\u00bb parallax=\u00bbon\u00bb background_color=\u00bbrgba(255,255,255,0)\u00bb \/][\/et_pb_column][\/et_pb_row][\/et_pb_section][et_pb_section bb_built=\u00bb1&#8243; fullwidth=\u00bboff\u00bb specialty=\u00bbon\u00bb transparent_background=\u00bboff\u00bb background_color=\u00bb#ffffff\u00bb allow_player_pause=\u00bboff\u00bb inner_shadow=\u00bboff\u00bb parallax=\u00bboff\u00bb parallax_method=\u00bboff\u00bb custom_padding=\u00bb10px|||\u00bb padding_mobile=\u00bboff\u00bb make_fullwidth=\u00bboff\u00bb use_custom_width=\u00bboff\u00bb width_unit=\u00bbon\u00bb make_equal=\u00bboff\u00bb use_custom_gutter=\u00bboff\u00bb parallax_1=\u00bboff\u00bb parallax_method_1=\u00bboff\u00bb parallax_2=\u00bboff\u00bb parallax_method_2=\u00bboff\u00bb custom_padding_tablet=\u00bb50px|0|50px|0&#8243; custom_padding_last_edited=\u00bbon|desktop\u00bb][et_pb_column type=\u00bb2_3&#8243; specialty_columns=\u00bb2&#8243;][et_pb_row_inner admin_label=\u00bbFila\u00bb custom_padding=\u00bb0px|||\u00bb padding_mobile=\u00bboff\u00bb use_custom_gutter=\u00bboff\u00bb column_padding_mobile=\u00bbon\u00bb make_equal=\u00bboff\u00bb parallax_1=\u00bboff\u00bb parallax_method_1=\u00bboff\u00bb][et_pb_column_inner type=\u00bb4_4&#8243; saved_specialty_column_type=\u00bb2_3&#8243;][et_pb_text admin_label=\u00bbTexto a reemplazar\u00bb background_layout=\u00bblight\u00bb use_border_color=\u00bboff\u00bb _builder_version=\u00bb3.0.92&#8243;]<\/p>\n<p>La Asociaci\u00f3n y el Centro de Interpretaci\u00f3n \u2018Olivar y Aceite\u2019 quieren celebrar el quinto aniversario de su fundaci\u00f3n con una Jornada de Puertas Abiertas en la que participar\u00e1n diecisiete de los sesenta y siete socios que forman parte de la entidad. Acto que se desarrollar\u00e1 el s\u00e1bado 31 de marzo, desde las 11 a las 14:30 horas,\u00a0\u00a0 en las instalaciones del centro, ubicadas en la Corredera de San Fernando, n\u00famero 32. Dependiendo de la climatolog\u00eda se har\u00e1 bien el patio del Centro o en las distintas dependencias, en el caso de que lloviera.<\/p>\n<p>La Jornada de Puertas Abiertas se realiza en S\u00e1bado de Gloria aprovechando la gran afluencia que registra la ciudad patrimonial en los d\u00edas de Semana Santa, \u201coportunidad \u00fanica de seguir creando sinergias, entre turismo y cultura, en este caso la cultura del olivar y del aceite de oliva virgen extra\u201d, puntualiz\u00f3 el presidente de la entidad, Javier G\u00e1mez.<\/p>\n<p>En concreto, diecisiete empresas, todas ellas relacionadas con el sector presentar\u00e1n sus productos al p\u00fablico entre los que se encuentran aceites, semillas, cosm\u00e9tica, mermeladas, infusiones o chocolate, de las siguientes empresas Artechoc, Haza la Centenosa, Se\u00f1or\u00edo de las Almenas, Gloriae, Re-Present, Picu\u00e9lite, Finca Las Manillas, Florencio Aguilera, Rotalaya, Salinas Don Diego, Ole\u00edcola Ja\u00e9n, Aceites Uno, Notaliv, Pagos de Toral, Puertas de Las Villas, Lupo Terra y \u00d3leo Rinc\u00f3n. Ser\u00e1n los propios productores los que expliquen a los visitantes las propiedades de sus productos, adem\u00e1s de poder degustarlos \u201cin situ\u201d.<\/p>\n<p>Igualmente cuatro grandes cocineros de la provincia, algunos de ellos socios de \u2018Olivar y Aceite\u2019 elaborar\u00e1n 400 tapas para que el p\u00fablico pueda conocer c\u00f3mo maridar las distintas variedades de zumos de aceite que se presentan en las Jornadas de Puertas Abiertas.<\/p>\n<p>G\u00e1mez quiso destacar el trabajo realizado por los t\u00e9cnicos de \u2018Olivar y Aceite\u2019, Soledad Rom\u00e1n y Tom\u00e1s M\u00e9ndez, de los que afirm\u00f3 \u201cson el baluarte de la entidad y es gracias a ellos a los que \u2018Olivar y Aceite\u2019 ha ido creciendo exponencialmente, pues de los quince socios con los que la entidad inici\u00f3 su andadura, hoy por hoy son sesenta y siete los miembros que forman parte de la asociaci\u00f3n. Un Centro de Interpretaci\u00f3n formado por un tr\u00edpode, sus t\u00e9cnicos, el ayuntamiento y otra pata fundamental son los socios, sin cuyo esfuerzo y compromiso no podr\u00eda hacerse realidad algunas de las iniciativas que se ponen en marcha, como la Jornada de Puertas Abiertas\u201d.<\/p>\n<p>El objetivo de esta iniciativa subray\u00f3 G\u00e1mez \u201ces poner en valor el aceite de oliva virgen extra y la agricultura de la provincia, en una ciudad patrimonio de la humanidad,\u00a0 referente tur\u00edstico, que recibe a lo largo del a\u00f1o cientos de visitantes\u201d.<\/p>\n<p>Adem\u00e1s de esta iniciativa, record\u00f3 el presidente de \u2018Olivar y Aceite\u2019, \u201crealizamos jornadas de formaci\u00f3n, presentaciones y catas de aceite, visitas guiadas, tanto en nuestras instalaciones como en almazaras poniendo en valor el Oleoturismo, pues cada vez son m\u00e1s las personas interesadas en profundizar en el apasionante mundo del zumo de aceituna, desde que se recoge el fruto hasta que se sirve en la mesa, acciones que hacen que el Centro de Interpretaci\u00f3n sea un referente no solo a nivel provincial sino regional y que le han hecho merecedor de distinciones como Medalla de Oro al M\u00e9rito en el Trabajo, concedida por la Asociaci\u00f3n Europea de Econom\u00eda y Competitividad.<\/p>\n<p>\u201cIgualmente los peque\u00f1os y j\u00f3venes ocupan un lugar destacado dentro del organigrama y actividades de la entidad, pues ser\u00e1n los profesionales del futuro y los encargados de dar a conocer el aceite de oliva virgen extra no solo en la provincia sino en el resto del mundo, que es uno de los objetivos principales de \u2018Olivar y Aceite\u2019, que nuestro oro l\u00edquido sea conocido por su calidad internacionalmente\u201d, concluy\u00f3 G\u00e1mez.<\/p>\n<p>Los interesados en realizar alg\u00fan curso u obtener m\u00e1s informaci\u00f3n acerca de otras actividades que impulsa la entidad pueden hacerlo en el propio centro, ubicado en la Corredera de San Fernando, 32; llamando al tel\u00e9fono 953755889 o bien mandando un correo a info@centrodeolivaryaceite.com.<\/p>\n<p><a href=\"http:\/\/centrodeolivaryaceite.com\/home\/jornada-de-puertas-abiertas-2018\/\" rel=\"attachment wp-att-36378\"><img data-recalc-dims=\"1\" loading=\"lazy\" decoding=\"async\" data-attachment-id=\"36378\" data-permalink=\"https:\/\/centrodeolivaryaceite.com\/es\/home-2\/jornada-de-puertas-abiertas-2018\/\" data-orig-file=\"https:\/\/i0.wp.com\/centrodeolivaryaceite.com\/wp-content\/uploads\/2018\/03\/JORNADA-DE-PUERTAS-ABIERTAS-2018.jpg?fit=649%2C960&amp;ssl=1\" data-orig-size=\"649,960\" data-comments-opened=\"1\" data-image-meta=\"{&quot;aperture&quot;:&quot;0&quot;,&quot;credit&quot;:&quot;&quot;,&quot;camera&quot;:&quot;&quot;,&quot;caption&quot;:&quot;&quot;,&quot;created_timestamp&quot;:&quot;0&quot;,&quot;copyright&quot;:&quot;&quot;,&quot;focal_length&quot;:&quot;0&quot;,&quot;iso&quot;:&quot;0&quot;,&quot;shutter_speed&quot;:&quot;0&quot;,&quot;title&quot;:&quot;&quot;,&quot;orientation&quot;:&quot;0&quot;}\" data-image-title=\"JORNADA DE PUERTAS ABIERTAS 2018\" data-image-description=\"\" data-image-caption=\"\" data-medium-file=\"https:\/\/i0.wp.com\/centrodeolivaryaceite.com\/wp-content\/uploads\/2018\/03\/JORNADA-DE-PUERTAS-ABIERTAS-2018.jpg?fit=203%2C300&amp;ssl=1\" data-large-file=\"https:\/\/i0.wp.com\/centrodeolivaryaceite.com\/wp-content\/uploads\/2018\/03\/JORNADA-DE-PUERTAS-ABIERTAS-2018.jpg?fit=649%2C960&amp;ssl=1\" class=\"aligncenter size-full wp-image-36378\" src=\"https:\/\/i0.wp.com\/centrodeolivaryaceite.com\/wp-content\/uploads\/2018\/03\/JORNADA-DE-PUERTAS-ABIERTAS-2018.jpg?resize=649%2C960\" alt=\"\" width=\"649\" height=\"960\" srcset=\"https:\/\/i0.wp.com\/centrodeolivaryaceite.com\/wp-content\/uploads\/2018\/03\/JORNADA-DE-PUERTAS-ABIERTAS-2018.jpg?w=649&amp;ssl=1 649w, https:\/\/i0.wp.com\/centrodeolivaryaceite.com\/wp-content\/uploads\/2018\/03\/JORNADA-DE-PUERTAS-ABIERTAS-2018.jpg?resize=203%2C300&amp;ssl=1 203w\" sizes=\"(max-width: 649px) 100vw, 649px\" \/><\/a><\/p>\n<p>[\/et_pb_text][et_pb_comments show_avatar=\u00bbon\u00bb show_reply=\u00bbon\u00bb show_count=\u00bbon\u00bb background_layout=\u00bblight\u00bb use_border_color=\u00bboff\u00bb border_color=\u00bb#ffffff\u00bb border_style=\u00bbsolid\u00bb custom_button=\u00bboff\u00bb button_letter_spacing=\u00bb0&#8243; button_use_icon=\u00bbdefault\u00bb button_icon_placement=\u00bbright\u00bb button_on_hover=\u00bbon\u00bb button_letter_spacing_hover=\u00bb0&#8243; \/][\/et_pb_column_inner][\/et_pb_row_inner][\/et_pb_column][et_pb_column type=\u00bb1_3&#8243;][et_pb_sidebar orientation=\u00bbright\u00bb area=\u00bbsidebar-1&#8243; background_layout=\u00bblight\u00bb remove_border=\u00bboff\u00bb \/][\/et_pb_column][\/et_pb_section][et_pb_section bb_built=\u00bb1&#8243; background_color=\u00bb#dedacf\u00bb _builder_version=\u00bb3.0.92&#8243; custom_padding_tablet=\u00bb50px|0|50px|0&#8243; custom_padding_last_edited=\u00bbon|desktop\u00bb disabled=\u00bbon\u00bb disabled_on=\u00bbon|on|on\u00bb global_module=\u00bb5116&#8243;][et_pb_row global_parent=\u00bb5116&#8243; _builder_version=\u00bb3.0.92&#8243;][et_pb_column type=\u00bb4_4&#8243;][\/et_pb_column][\/et_pb_row][\/et_pb_section][et_pb_section bb_built=\u00bb1&#8243; fullwidth=\u00bboff\u00bb specialty=\u00bboff\u00bb transparent_background=\u00bboff\u00bb background_color=\u00bb#ffffff\u00bb allow_player_pause=\u00bboff\u00bb inner_shadow=\u00bboff\u00bb parallax=\u00bboff\u00bb parallax_method=\u00bboff\u00bb custom_padding=\u00bb10px||0px|\u00bb padding_mobile=\u00bboff\u00bb make_fullwidth=\u00bboff\u00bb use_custom_width=\u00bboff\u00bb width_unit=\u00bbon\u00bb make_equal=\u00bboff\u00bb use_custom_gutter=\u00bboff\u00bb custom_padding_tablet=\u00bb50px|0|50px|0&#8243; custom_padding_last_edited=\u00bbon|desktop\u00bb global_module=\u00bb5115&#8243;][et_pb_row global_parent=\u00bb5115&#8243; make_fullwidth=\u00bboff\u00bb use_custom_width=\u00bboff\u00bb width_unit=\u00bbon\u00bb use_custom_gutter=\u00bboff\u00bb custom_padding=\u00bb0px||0px|\u00bb padding_mobile=\u00bboff\u00bb allow_player_pause=\u00bboff\u00bb parallax=\u00bboff\u00bb parallax_method=\u00bboff\u00bb make_equal=\u00bboff\u00bb parallax_1=\u00bboff\u00bb parallax_method_1=\u00bboff\u00bb parallax_2=\u00bboff\u00bb parallax_method_2=\u00bboff\u00bb column_padding_mobile=\u00bbon\u00bb background_position=\u00bbtop_left\u00bb background_repeat=\u00bbrepeat\u00bb background_size=\u00bbinitial\u00bb][\/et_pb_row][\/et_pb_section][et_pb_section bb_built=\u00bb1&#8243;][et_pb_row][\/et_pb_row][\/et_pb_section]<\/p>\n","protected":false},"excerpt":{"rendered":"<p>La Asociaci\u00f3n y el Centro de Interpretaci\u00f3n \u2018Olivar y Aceite\u2019 quieren celebrar el quinto aniversario de su fundaci\u00f3n con una Jornada de Puertas Abiertas en la que participar\u00e1n diecisiete de los sesenta y siete socios que forman parte de la entidad. Acto que se desarrollar\u00e1 el s\u00e1bado 31 de marzo, desde las 11 a las [&hellip;]<\/p>\n","protected":false},"author":1,"featured_media":36388,"comment_status":"open","ping_status":"open","sticky":false,"template":"","format":"standard","meta":{"_et_pb_use_builder":"on","_et_pb_old_content":"","_et_gb_content_width":"","_jetpack_memberships_contains_paid_content":false,"footnotes":""},"categories":[1],"tags":[],"class_list":["post-36381","post","type-post","status-publish","format-standard","has-post-thumbnail","hentry","category-general"],"jetpack_featured_media_url":"https:\/\/i0.wp.com\/centrodeolivaryaceite.com\/wp-content\/uploads\/2018\/03\/centro-olivar-y-aceite.jpg?fit=900%2C600&ssl=1","jetpack_sharing_enabled":true,"jetpack_shortlink":"https:\/\/wp.me\/p95A9q-9sN","_links":{"self":[{"href":"https:\/\/centrodeolivaryaceite.com\/es\/wp-json\/wp\/v2\/posts\/36381\/"}],"collection":[{"href":"https:\/\/centrodeolivaryaceite.com\/es\/wp-json\/wp\/v2\/posts\/"}],"about":[{"href":"https:\/\/centrodeolivaryaceite.com\/es\/wp-json\/wp\/v2\/types\/post\/"}],"author":[{"embeddable":true,"href":"https:\/\/centrodeolivaryaceite.com\/es\/wp-json\/wp\/v2\/users\/1\/"}],"replies":[{"embeddable":true,"href":"https:\/\/centrodeolivaryaceite.com\/es\/wp-json\/wp\/v2\/comments\/?post=36381"}],"version-history":[{"count":0,"href":"https:\/\/centrodeolivaryaceite.com\/es\/wp-json\/wp\/v2\/posts\/36381\/revisions\/"}],"wp:featuredmedia":[{"embeddable":true,"href":"https:\/\/centrodeolivaryaceite.com\/es\/wp-json\/wp\/v2\/media\/36388\/"}],"wp:attachment":[{"href":"https:\/\/centrodeolivaryaceite.com\/es\/wp-json\/wp\/v2\/media\/?parent=36381"}],"wp:term":[{"taxonomy":"category","embeddable":true,"href":"https:\/\/centrodeolivaryaceite.com\/es\/wp-json\/wp\/v2\/categories\/?post=36381"},{"taxonomy":"post_tag","embeddable":true,"href":"https:\/\/centrodeolivaryaceite.com\/es\/wp-json\/wp\/v2\/tags\/?post=36381"}],"curies":[{"name":"wp","href":"https:\/\/api.w.org\/{rel}","templated":true}]}}