{"id":36438,"date":"2018-04-27T15:44:47","date_gmt":"2018-04-27T15:44:47","guid":{"rendered":"http:\/\/centrodeolivaryaceite.com\/?p=36438"},"modified":"2018-04-27T15:44:47","modified_gmt":"2018-04-27T15:44:47","slug":"vadolivo-nuevo-socio","status":"publish","type":"post","link":"https:\/\/centrodeolivaryaceite.com\/es\/vadolivo-nuevo-socio\/","title":{"rendered":"VADOLIVO SE SUMA AL PROYECTO DEL CENTRO DE INTERPRETACI\u00d3N \u2018OLIVAR Y ACEITE\u2019"},"content":{"rendered":"<p>[et_pb_section bb_built=\u00bb1&#8243; fullwidth=\u00bbon\u00bb specialty=\u00bboff\u00bb background_image=\u00bbhttp:\/\/centrodeolivaryaceite.com\/wp-content\/uploads\/2016\/06\/page_header_bg_blue.jpg\u00bb transparent_background=\u00bboff\u00bb background_color=\u00bb#ffffff\u00bb allow_player_pause=\u00bboff\u00bb inner_shadow=\u00bboff\u00bb parallax=\u00bboff\u00bb parallax_method=\u00bboff\u00bb padding_mobile=\u00bboff\u00bb make_fullwidth=\u00bboff\u00bb use_custom_width=\u00bboff\u00bb width_unit=\u00bbon\u00bb make_equal=\u00bboff\u00bb use_custom_gutter=\u00bboff\u00bb custom_padding_tablet=\u00bb50px|0|50px|0&#8243; custom_padding_last_edited=\u00bbon|desktop\u00bb global_module=\u00bb5294&#8243;][et_pb_fullwidth_post_title admin_label=\u00bbT\u00edtulo\u00bb global_parent=\u00bb5294&#8243; title=\u00bbon\u00bb meta=\u00bboff\u00bb author=\u00bbon\u00bb date=\u00bbon\u00bb categories=\u00bbon\u00bb comments=\u00bbon\u00bb featured_image=\u00bboff\u00bb featured_placement=\u00bbbelow\u00bb parallax_effect=\u00bbon\u00bb parallax_method=\u00bbon\u00bb text_orientation=\u00bbcenter\u00bb text_color=\u00bblight\u00bb text_background=\u00bbon\u00bb text_bg_color=\u00bbrgba(28,28,28,0.43)\u00bb module_bg_color=\u00bbrgba(255,255,255,0)\u00bb title_all_caps=\u00bbon\u00bb use_border_color=\u00bboff\u00bb border_color=\u00bb#ffffff\u00bb border_style=\u00bbsolid\u00bb title_font=\u00bbRoboto Light||||\u00bb title_font_size=\u00bb35px\u00bb background_position=\u00bbtop_left\u00bb background_repeat=\u00bbrepeat\u00bb background_size=\u00bbinitial\u00bb parallax=\u00bbon\u00bb background_color=\u00bbrgba(255,255,255,0)\u00bb \/][\/et_pb_section][et_pb_section bb_built=\u00bb1&#8243; fullwidth=\u00bboff\u00bb specialty=\u00bboff\u00bb transparent_background=\u00bboff\u00bb background_color=\u00bb#ffffff\u00bb allow_player_pause=\u00bboff\u00bb inner_shadow=\u00bboff\u00bb parallax=\u00bboff\u00bb parallax_method=\u00bboff\u00bb custom_padding=\u00bb10px|||\u00bb padding_mobile=\u00bboff\u00bb make_fullwidth=\u00bboff\u00bb use_custom_width=\u00bboff\u00bb width_unit=\u00bbon\u00bb make_equal=\u00bboff\u00bb use_custom_gutter=\u00bboff\u00bb custom_padding_tablet=\u00bb50px|0|50px|0&#8243; custom_padding_last_edited=\u00bbon|desktop\u00bb][et_pb_row make_fullwidth=\u00bboff\u00bb use_custom_width=\u00bboff\u00bb width_unit=\u00bbon\u00bb use_custom_gutter=\u00bboff\u00bb custom_padding=\u00bb10px|||\u00bb padding_mobile=\u00bboff\u00bb allow_player_pause=\u00bboff\u00bb parallax=\u00bboff\u00bb parallax_method=\u00bboff\u00bb make_equal=\u00bboff\u00bb parallax_1=\u00bboff\u00bb parallax_method_1=\u00bboff\u00bb column_padding_mobile=\u00bbon\u00bb background_position=\u00bbtop_left\u00bb background_repeat=\u00bbrepeat\u00bb background_size=\u00bbinitial\u00bb][et_pb_column type=\u00bb4_4&#8243;][et_pb_post_title title=\u00bboff\u00bb meta=\u00bbon\u00bb author=\u00bbon\u00bb date=\u00bbon\u00bb categories=\u00bbon\u00bb comments=\u00bbon\u00bb featured_image=\u00bbon\u00bb featured_placement=\u00bbbelow\u00bb parallax_effect=\u00bbon\u00bb parallax_method=\u00bboff\u00bb text_orientation=\u00bbleft\u00bb text_color=\u00bbdark\u00bb text_background=\u00bboff\u00bb text_bg_color=\u00bbrgba(255,255,255,0.9)\u00bb module_bg_color=\u00bbrgba(255,255,255,0)\u00bb title_all_caps=\u00bboff\u00bb use_border_color=\u00bboff\u00bb border_color=\u00bb#ffffff\u00bb border_style=\u00bbsolid\u00bb parallax=\u00bbon\u00bb background_color=\u00bbrgba(255,255,255,0)\u00bb \/][\/et_pb_column][\/et_pb_row][\/et_pb_section][et_pb_section bb_built=\u00bb1&#8243; fullwidth=\u00bboff\u00bb specialty=\u00bbon\u00bb transparent_background=\u00bboff\u00bb background_color=\u00bb#ffffff\u00bb allow_player_pause=\u00bboff\u00bb inner_shadow=\u00bboff\u00bb parallax=\u00bboff\u00bb parallax_method=\u00bboff\u00bb custom_padding=\u00bb10px|||\u00bb padding_mobile=\u00bboff\u00bb make_fullwidth=\u00bboff\u00bb use_custom_width=\u00bboff\u00bb width_unit=\u00bbon\u00bb make_equal=\u00bboff\u00bb use_custom_gutter=\u00bboff\u00bb parallax_1=\u00bboff\u00bb parallax_method_1=\u00bboff\u00bb parallax_2=\u00bboff\u00bb parallax_method_2=\u00bboff\u00bb custom_padding_tablet=\u00bb50px|0|50px|0&#8243; custom_padding_last_edited=\u00bbon|desktop\u00bb][et_pb_column type=\u00bb2_3&#8243; specialty_columns=\u00bb2&#8243;][et_pb_row_inner admin_label=\u00bbFila\u00bb custom_padding=\u00bb0px|||\u00bb padding_mobile=\u00bboff\u00bb use_custom_gutter=\u00bboff\u00bb column_padding_mobile=\u00bbon\u00bb make_equal=\u00bboff\u00bb parallax_1=\u00bboff\u00bb parallax_method_1=\u00bboff\u00bb][et_pb_column_inner type=\u00bb4_4&#8243; saved_specialty_column_type=\u00bb2_3&#8243;][et_pb_text admin_label=\u00bbTexto a reemplazar\u00bb background_layout=\u00bblight\u00bb use_border_color=\u00bboff\u00bb _builder_version=\u00bb3.0.92&#8243;]<\/p>\n<p>El Centro de Interpretaci\u00f3n \u2018Olivar y Aceite\u2019 sigue creciendo, en esta ocasi\u00f3n, Javier G\u00e1mez, presidente de la entidad present\u00f3 al que ser\u00e1 su socio n\u00famero setenta, se trata de la empresa \u2018Vadolivo S.L\u2019, una importante empresa que comparte,\u00a0 con el resto de miembros de la entidad,\u00a0 la inquietud por la promoci\u00f3n y difusi\u00f3n del aceite de oliva virgen extra y por extensi\u00f3n de la cultura del olivar.<\/p>\n<p>Adem\u00e1s subray\u00f3 G\u00e1mez, \u201cpara \u2018Olivar y Aceite\u2019 es fundamental que se vayan sumando m\u00e1s empresas a nuestro proyecto, que no para de crecer, y en el que todos trabajamos por un objetivo com\u00fan a trav\u00e9s de las distintas iniciativas que a lo largo del a\u00f1o ponemos en marcha, como actividades formativas o jornadas de puertas abiertas para las que contamos en innumerables ocasiones con el apoyo de nuestros socios y en las que se involucran otras administraciones, entre las que se encuentra la Diputaci\u00f3n Provincial de Ja\u00e9n\u201d.<\/p>\n<p>Para terminar su intervenci\u00f3n el presidente de \u2018Olivar y Aceite\u2019 record\u00f3 que la entidad en sus cinco a\u00f1os de trayectoria se ha convertido en un referente no solo provincial sino tambi\u00e9n regional del sector y buena prueba de ello son los reconocimientos que acumulan en su lustro de vida. El \u00faltimo galard\u00f3n obtenido\u00a0 \u201clo recog\u00edamos hace apenas una semana de mano de la Asociaci\u00f3n de Maestros y Operarios de Almazaras (AEMODA). Un reconocimiento que premia la trayectoria en la promoci\u00f3n del aceite de oliva y la colaboraci\u00f3n ofrecida por el equipo humano de \u2018Olivar y aceite\u2019. Igualmente, apostill\u00f3 G\u00e1mez \u201cdesde AEMODA destacan la pasi\u00f3n por difundir y promocionar el mundo del aceite de oliva del Centro de Interpretaci\u00f3n\u201d.<\/p>\n<p>Como responsables de \u2018Vadolivo\u2019 estuvieron presentes en su incorporaci\u00f3n a \u2018Olivar y Aceite\u2019, Juana Lorite y Mar\u00eda Jos\u00e9 Madue\u00f1o, encargadas de producci\u00f3n y calidad de la empresa y departamento de ventas, respectivamente.<\/p>\n<p>Por su parte Lorite, se\u00f1al\u00f3 a grandes rasgos que \u201cnuestra producci\u00f3n se centra en la variedad picual y aceite de campa\u00f1a, pero adem\u00e1s tambi\u00e9n tenemos aceites gourmet, conocidos por el p\u00fablico como verdes o de extracci\u00f3n temprana de las variedades royal, arbequino y hojiblanca. Todas ellas en producci\u00f3n convencional y ecol\u00f3gica, envasadas en blanco y diferentes colores para que los consumidores puedan distinguirlas\u201d, se\u00f1al\u00f3 la responsable de producci\u00f3n de \u2018Vadolivo\u2019. En cuanto a las caracter\u00edsticas organol\u00e9pticas las variedades picual y hojiblanca, indic\u00f3, son aceites con bastante potencia, muy verdes, con sabores a hierba fresca reci\u00e9n cortada. Con respecto al royal se\u00f1al\u00f3 que es muy frutado, con\u00a0 picor y con mucha personalidad.\u00a0 Y para finalizar del arbequino a\u00f1adi\u00f3 que es un aceite almendrado y m\u00e1s suave.<\/p>\n<p>Mar\u00eda Jos\u00e9 Madue\u00f1o a\u00f1adi\u00f3 que hace unos cuatro a\u00f1os se inici\u00f3 la conversi\u00f3n de las fincas de la variedad royal a ecol\u00f3gico, y hace dos a\u00f1os, cuando el campo estaba preparado, comenz\u00f3 la comercializaci\u00f3n de la primera tirada de la producci\u00f3n de dicha variedad, iniciativa de la que \u2018Vadolivo\u2019 es pionera, ya que la variedad royal es la \u2018joya de la corona\u2019 de nuestra marca, puesto que es la variedad aut\u00f3ctona de la Sierra de Cazorla y se comercializa bajo la denominaci\u00f3n de origen \u2018Sierra de Cazorla\u2019.<\/p>\n<div class=\"tiled-gallery type-rectangular tiled-gallery-unresized\" data-original-width=\"1080\" data-carousel-extra='{&quot;blog_id&quot;:1,&quot;permalink&quot;:&quot;https:\\\/\\\/centrodeolivaryaceite.com\\\/es\\\/vadolivo-nuevo-socio\\\/&quot;,&quot;likes_blog_id&quot;:134317632}' itemscope itemtype=\"http:\/\/schema.org\/ImageGallery\" > <div class=\"gallery-row\" style=\"width: 1080px; height: 482px;\" data-original-width=\"1080\" data-original-height=\"482\" > <div class=\"gallery-group images-1\" style=\"width: 721px; height: 482px;\" data-original-width=\"721\" data-original-height=\"482\" > <div class=\"tiled-gallery-item tiled-gallery-item-large\" itemprop=\"associatedMedia\" itemscope itemtype=\"http:\/\/schema.org\/ImageObject\"> <a href=\"https:\/\/centrodeolivaryaceite.com\/es\/vadolivo-nuevo-socio\/presentacion-de-vadolivo-4\/\" border=\"0\" itemprop=\"url\"> <meta itemprop=\"width\" content=\"717\"> <meta itemprop=\"height\" content=\"478\"> <img decoding=\"async\" class=\"\" data-attachment-id=\"36441\" data-orig-file=\"https:\/\/centrodeolivaryaceite.com\/wp-content\/uploads\/2018\/04\/Presentaci\u00f3n-de-Vadolivo-4.jpg\" data-orig-size=\"448,299\" data-comments-opened=\"1\" data-image-meta=\"{&quot;aperture&quot;:&quot;3.5&quot;,&quot;credit&quot;:&quot;&quot;,&quot;camera&quot;:&quot;NIKON D500&quot;,&quot;caption&quot;:&quot;&quot;,&quot;created_timestamp&quot;:&quot;1524748615&quot;,&quot;copyright&quot;:&quot;&quot;,&quot;focal_length&quot;:&quot;26&quot;,&quot;iso&quot;:&quot;1000&quot;,&quot;shutter_speed&quot;:&quot;0.025&quot;,&quot;title&quot;:&quot;&quot;,&quot;orientation&quot;:&quot;1&quot;}\" data-image-title=\"Presentaci\u00f3n de Vadolivo 4\" data-image-description=\"\" data-medium-file=\"https:\/\/i0.wp.com\/centrodeolivaryaceite.com\/wp-content\/uploads\/2018\/04\/Presentaci%C3%B3n-de-Vadolivo-4.jpg?fit=300%2C200&#038;ssl=1\" data-large-file=\"https:\/\/i0.wp.com\/centrodeolivaryaceite.com\/wp-content\/uploads\/2018\/04\/Presentaci%C3%B3n-de-Vadolivo-4.jpg?fit=448%2C299&#038;ssl=1\" src=\"https:\/\/i0.wp.com\/centrodeolivaryaceite.com\/wp-content\/uploads\/2018\/04\/Presentaci%C3%B3n-de-Vadolivo-4.jpg?w=717&#038;h=478&#038;ssl=1\" width=\"717\" height=\"478\" loading=\"lazy\" data-original-width=\"717\" data-original-height=\"478\" itemprop=\"http:\/\/schema.org\/image\" title=\"Presentaci\u00f3n de Vadolivo 4\" alt=\"Javier G\u00e1mez y Vadolivo\" style=\"width: 717px; height: 478px;\" \/> <\/a> <\/div> <\/div> <!-- close group --> <div class=\"gallery-group images-2\" style=\"width: 359px; height: 482px;\" data-original-width=\"359\" data-original-height=\"482\" > <div class=\"tiled-gallery-item tiled-gallery-item-large\" itemprop=\"associatedMedia\" itemscope itemtype=\"http:\/\/schema.org\/ImageObject\"> <a href=\"https:\/\/centrodeolivaryaceite.com\/es\/vadolivo-nuevo-socio\/presentacion-de-vadolivo-5\/\" border=\"0\" itemprop=\"url\"> <meta itemprop=\"width\" content=\"355\"> <meta itemprop=\"height\" content=\"237\"> <img decoding=\"async\" class=\"\" data-attachment-id=\"36442\" data-orig-file=\"https:\/\/centrodeolivaryaceite.com\/wp-content\/uploads\/2018\/04\/Presentaci\u00f3n-de-Vadolivo-5.jpg\" data-orig-size=\"448,299\" data-comments-opened=\"1\" data-image-meta=\"{&quot;aperture&quot;:&quot;2.8&quot;,&quot;credit&quot;:&quot;&quot;,&quot;camera&quot;:&quot;NIKON D500&quot;,&quot;caption&quot;:&quot;&quot;,&quot;created_timestamp&quot;:&quot;1524748803&quot;,&quot;copyright&quot;:&quot;&quot;,&quot;focal_length&quot;:&quot;38&quot;,&quot;iso&quot;:&quot;800&quot;,&quot;shutter_speed&quot;:&quot;0.025&quot;,&quot;title&quot;:&quot;&quot;,&quot;orientation&quot;:&quot;1&quot;}\" data-image-title=\"Presentaci\u00f3n de Vadolivo 5\" data-image-description=\"\" data-medium-file=\"https:\/\/i0.wp.com\/centrodeolivaryaceite.com\/wp-content\/uploads\/2018\/04\/Presentaci%C3%B3n-de-Vadolivo-5.jpg?fit=300%2C200&#038;ssl=1\" data-large-file=\"https:\/\/i0.wp.com\/centrodeolivaryaceite.com\/wp-content\/uploads\/2018\/04\/Presentaci%C3%B3n-de-Vadolivo-5.jpg?fit=448%2C299&#038;ssl=1\" src=\"https:\/\/i0.wp.com\/centrodeolivaryaceite.com\/wp-content\/uploads\/2018\/04\/Presentaci%C3%B3n-de-Vadolivo-5.jpg?w=355&#038;h=237&#038;ssl=1\" width=\"355\" height=\"237\" loading=\"lazy\" data-original-width=\"355\" data-original-height=\"237\" itemprop=\"http:\/\/schema.org\/image\" title=\"Presentaci\u00f3n de Vadolivo 5\" alt=\"Presentando Vadolivo\" style=\"width: 355px; height: 237px;\" \/> <\/a> <\/div> <div class=\"tiled-gallery-item tiled-gallery-item-large\" itemprop=\"associatedMedia\" itemscope itemtype=\"http:\/\/schema.org\/ImageObject\"> <a href=\"https:\/\/centrodeolivaryaceite.com\/es\/vadolivo-nuevo-socio\/presentacion-de-vadolivo-1\/\" border=\"0\" itemprop=\"url\"> <meta itemprop=\"width\" content=\"355\"> <meta itemprop=\"height\" content=\"237\"> <img decoding=\"async\" class=\"\" data-attachment-id=\"36443\" data-orig-file=\"https:\/\/centrodeolivaryaceite.com\/wp-content\/uploads\/2018\/04\/Presentaci\u00f3n-de-Vadolivo-1.jpg\" data-orig-size=\"448,299\" data-comments-opened=\"1\" data-image-meta=\"{&quot;aperture&quot;:&quot;4&quot;,&quot;credit&quot;:&quot;&quot;,&quot;camera&quot;:&quot;NIKON D500&quot;,&quot;caption&quot;:&quot;&quot;,&quot;created_timestamp&quot;:&quot;1524747362&quot;,&quot;copyright&quot;:&quot;&quot;,&quot;focal_length&quot;:&quot;19&quot;,&quot;iso&quot;:&quot;1000&quot;,&quot;shutter_speed&quot;:&quot;0.025&quot;,&quot;title&quot;:&quot;&quot;,&quot;orientation&quot;:&quot;1&quot;}\" data-image-title=\"Presentaci\u00f3n de Vadolivo 1\" data-image-description=\"\" data-medium-file=\"https:\/\/i0.wp.com\/centrodeolivaryaceite.com\/wp-content\/uploads\/2018\/04\/Presentaci%C3%B3n-de-Vadolivo-1.jpg?fit=300%2C200&#038;ssl=1\" data-large-file=\"https:\/\/i0.wp.com\/centrodeolivaryaceite.com\/wp-content\/uploads\/2018\/04\/Presentaci%C3%B3n-de-Vadolivo-1.jpg?fit=448%2C299&#038;ssl=1\" src=\"https:\/\/i0.wp.com\/centrodeolivaryaceite.com\/wp-content\/uploads\/2018\/04\/Presentaci%C3%B3n-de-Vadolivo-1.jpg?w=355&#038;h=237&#038;ssl=1\" width=\"355\" height=\"237\" loading=\"lazy\" data-original-width=\"355\" data-original-height=\"237\" itemprop=\"http:\/\/schema.org\/image\" title=\"Presentaci\u00f3n de Vadolivo 1\" alt=\"Aceites Sierra de Cazorla\" style=\"width: 355px; height: 237px;\" \/> <\/a> <\/div> <\/div> <!-- close group --> <\/div> <!-- close row --> <div class=\"gallery-row\" style=\"width: 1080px; height: 722px;\" data-original-width=\"1080\" data-original-height=\"722\" > <div class=\"gallery-group images-1\" style=\"width: 1080px; height: 722px;\" data-original-width=\"1080\" data-original-height=\"722\" > <div class=\"tiled-gallery-item tiled-gallery-item-large\" itemprop=\"associatedMedia\" itemscope itemtype=\"http:\/\/schema.org\/ImageObject\"> <a href=\"https:\/\/centrodeolivaryaceite.com\/es\/vadolivo-nuevo-socio\/presentacion-de-vadolivo-2\/\" border=\"0\" itemprop=\"url\"> <meta itemprop=\"width\" content=\"1076\"> <meta itemprop=\"height\" content=\"718\"> <img decoding=\"async\" class=\"\" data-attachment-id=\"36444\" data-orig-file=\"https:\/\/centrodeolivaryaceite.com\/wp-content\/uploads\/2018\/04\/Presentaci\u00f3n-de-Vadolivo-2.jpg\" data-orig-size=\"448,299\" data-comments-opened=\"1\" data-image-meta=\"{&quot;aperture&quot;:&quot;2.8&quot;,&quot;credit&quot;:&quot;&quot;,&quot;camera&quot;:&quot;NIKON D500&quot;,&quot;caption&quot;:&quot;&quot;,&quot;created_timestamp&quot;:&quot;1524748491&quot;,&quot;copyright&quot;:&quot;&quot;,&quot;focal_length&quot;:&quot;17&quot;,&quot;iso&quot;:&quot;1000&quot;,&quot;shutter_speed&quot;:&quot;0.025&quot;,&quot;title&quot;:&quot;&quot;,&quot;orientation&quot;:&quot;1&quot;}\" data-image-title=\"Presentaci\u00f3n de Vadolivo 2\" data-image-description=\"\" data-medium-file=\"https:\/\/i0.wp.com\/centrodeolivaryaceite.com\/wp-content\/uploads\/2018\/04\/Presentaci%C3%B3n-de-Vadolivo-2.jpg?fit=300%2C200&#038;ssl=1\" data-large-file=\"https:\/\/i0.wp.com\/centrodeolivaryaceite.com\/wp-content\/uploads\/2018\/04\/Presentaci%C3%B3n-de-Vadolivo-2.jpg?fit=448%2C299&#038;ssl=1\" src=\"https:\/\/i0.wp.com\/centrodeolivaryaceite.com\/wp-content\/uploads\/2018\/04\/Presentaci%C3%B3n-de-Vadolivo-2.jpg?w=1076&#038;h=718&#038;ssl=1\" width=\"1076\" height=\"718\" loading=\"lazy\" data-original-width=\"1076\" data-original-height=\"718\" itemprop=\"http:\/\/schema.org\/image\" title=\"Presentaci\u00f3n de Vadolivo 2\" alt=\"Vadolivo socio del Centro de Interpretaci\u00f3n Olivar y Aceite\" style=\"width: 1076px; height: 718px;\" \/> <\/a> <\/div> <\/div> <!-- close group --> <\/div> <!-- close row --> <\/div>\n<p>[\/et_pb_text][et_pb_comments show_avatar=\u00bbon\u00bb show_reply=\u00bbon\u00bb show_count=\u00bbon\u00bb background_layout=\u00bblight\u00bb use_border_color=\u00bboff\u00bb border_color=\u00bb#ffffff\u00bb border_style=\u00bbsolid\u00bb custom_button=\u00bboff\u00bb button_letter_spacing=\u00bb0&#8243; button_use_icon=\u00bbdefault\u00bb button_icon_placement=\u00bbright\u00bb button_on_hover=\u00bbon\u00bb button_letter_spacing_hover=\u00bb0&#8243; \/][\/et_pb_column_inner][\/et_pb_row_inner][\/et_pb_column][et_pb_column type=\u00bb1_3&#8243;][et_pb_sidebar orientation=\u00bbright\u00bb area=\u00bbsidebar-1&#8243; background_layout=\u00bblight\u00bb remove_border=\u00bboff\u00bb \/][\/et_pb_column][\/et_pb_section][et_pb_section bb_built=\u00bb1&#8243; background_color=\u00bb#dedacf\u00bb _builder_version=\u00bb3.0.92&#8243; custom_padding_tablet=\u00bb50px|0|50px|0&#8243; custom_padding_last_edited=\u00bbon|desktop\u00bb disabled=\u00bbon\u00bb disabled_on=\u00bbon|on|on\u00bb global_module=\u00bb5116&#8243;][et_pb_row global_parent=\u00bb5116&#8243; _builder_version=\u00bb3.0.92&#8243;][et_pb_column type=\u00bb4_4&#8243;][\/et_pb_column][\/et_pb_row][\/et_pb_section][et_pb_section bb_built=\u00bb1&#8243; fullwidth=\u00bboff\u00bb specialty=\u00bboff\u00bb transparent_background=\u00bboff\u00bb background_color=\u00bb#ffffff\u00bb allow_player_pause=\u00bboff\u00bb inner_shadow=\u00bboff\u00bb parallax=\u00bboff\u00bb parallax_method=\u00bboff\u00bb custom_padding=\u00bb10px||0px|\u00bb padding_mobile=\u00bboff\u00bb make_fullwidth=\u00bboff\u00bb use_custom_width=\u00bboff\u00bb width_unit=\u00bbon\u00bb make_equal=\u00bboff\u00bb use_custom_gutter=\u00bboff\u00bb custom_padding_tablet=\u00bb50px|0|50px|0&#8243; custom_padding_last_edited=\u00bbon|desktop\u00bb global_module=\u00bb5115&#8243;][et_pb_row global_parent=\u00bb5115&#8243; make_fullwidth=\u00bboff\u00bb use_custom_width=\u00bboff\u00bb width_unit=\u00bbon\u00bb use_custom_gutter=\u00bboff\u00bb custom_padding=\u00bb0px||0px|\u00bb padding_mobile=\u00bboff\u00bb allow_player_pause=\u00bboff\u00bb parallax=\u00bboff\u00bb parallax_method=\u00bboff\u00bb make_equal=\u00bboff\u00bb parallax_1=\u00bboff\u00bb parallax_method_1=\u00bboff\u00bb parallax_2=\u00bboff\u00bb parallax_method_2=\u00bboff\u00bb column_padding_mobile=\u00bbon\u00bb background_position=\u00bbtop_left\u00bb background_repeat=\u00bbrepeat\u00bb background_size=\u00bbinitial\u00bb][\/et_pb_row][\/et_pb_section][et_pb_section bb_built=\u00bb1&#8243;][et_pb_row][\/et_pb_row][\/et_pb_section]<\/p>\n","protected":false},"excerpt":{"rendered":"<p>El Centro de Interpretaci\u00f3n \u2018Olivar y Aceite\u2019 sigue creciendo, en esta ocasi\u00f3n, Javier G\u00e1mez, presidente de la entidad present\u00f3 al que ser\u00e1 su socio n\u00famero setenta, se trata de la empresa \u2018Vadolivo S.L\u2019, una importante empresa que comparte,\u00a0 con el resto de miembros de la entidad,\u00a0 la inquietud por la promoci\u00f3n y difusi\u00f3n del aceite [&hellip;]<\/p>\n","protected":false},"author":1,"featured_media":36440,"comment_status":"open","ping_status":"open","sticky":false,"template":"","format":"standard","meta":{"_et_pb_use_builder":"on","_et_pb_old_content":"","_et_gb_content_width":"","_jetpack_memberships_contains_paid_content":false,"footnotes":""},"categories":[1],"tags":[],"class_list":["post-36438","post","type-post","status-publish","format-standard","has-post-thumbnail","hentry","category-general"],"jetpack_featured_media_url":"https:\/\/i0.wp.com\/centrodeolivaryaceite.com\/wp-content\/uploads\/2018\/04\/vadolivo.jpg?fit=1024%2C669&ssl=1","jetpack_sharing_enabled":true,"jetpack_shortlink":"https:\/\/wp.me\/p95A9q-9tI","_links":{"self":[{"href":"https:\/\/centrodeolivaryaceite.com\/es\/wp-json\/wp\/v2\/posts\/36438\/"}],"collection":[{"href":"https:\/\/centrodeolivaryaceite.com\/es\/wp-json\/wp\/v2\/posts\/"}],"about":[{"href":"https:\/\/centrodeolivaryaceite.com\/es\/wp-json\/wp\/v2\/types\/post\/"}],"author":[{"embeddable":true,"href":"https:\/\/centrodeolivaryaceite.com\/es\/wp-json\/wp\/v2\/users\/1\/"}],"replies":[{"embeddable":true,"href":"https:\/\/centrodeolivaryaceite.com\/es\/wp-json\/wp\/v2\/comments\/?post=36438"}],"version-history":[{"count":0,"href":"https:\/\/centrodeolivaryaceite.com\/es\/wp-json\/wp\/v2\/posts\/36438\/revisions\/"}],"wp:featuredmedia":[{"embeddable":true,"href":"https:\/\/centrodeolivaryaceite.com\/es\/wp-json\/wp\/v2\/media\/36440\/"}],"wp:attachment":[{"href":"https:\/\/centrodeolivaryaceite.com\/es\/wp-json\/wp\/v2\/media\/?parent=36438"}],"wp:term":[{"taxonomy":"category","embeddable":true,"href":"https:\/\/centrodeolivaryaceite.com\/es\/wp-json\/wp\/v2\/categories\/?post=36438"},{"taxonomy":"post_tag","embeddable":true,"href":"https:\/\/centrodeolivaryaceite.com\/es\/wp-json\/wp\/v2\/tags\/?post=36438"}],"curies":[{"name":"wp","href":"https:\/\/api.w.org\/{rel}","templated":true}]}}