{"id":36559,"date":"2018-06-06T11:06:03","date_gmt":"2018-06-06T11:06:03","guid":{"rendered":"http:\/\/centrodeolivaryaceite.com\/?p=36559"},"modified":"2018-06-08T18:26:45","modified_gmt":"2018-06-08T18:26:45","slug":"curso-de-maestros-de-almazara","status":"publish","type":"post","link":"https:\/\/centrodeolivaryaceite.com\/es\/curso-de-maestros-de-almazara\/","title":{"rendered":"EL CENTRO DE INTERPRETACI\u00d3N OLIVAR Y ACEITE Y AEMODA ORGANIZAN LA \u201cI EDICI\u00d3N DEL CURSO  PARA MAESTROS Y OPERARIOS DE ALMAZARAS\u201d"},"content":{"rendered":"<p>[et_pb_section bb_built=\u00bb1&#8243; fullwidth=\u00bbon\u00bb specialty=\u00bboff\u00bb background_image=\u00bbhttp:\/\/centrodeolivaryaceite.com\/wp-content\/uploads\/2016\/06\/page_header_bg_blue.jpg\u00bb transparent_background=\u00bboff\u00bb background_color=\u00bb#ffffff\u00bb allow_player_pause=\u00bboff\u00bb inner_shadow=\u00bboff\u00bb parallax=\u00bboff\u00bb parallax_method=\u00bboff\u00bb padding_mobile=\u00bboff\u00bb make_fullwidth=\u00bboff\u00bb use_custom_width=\u00bboff\u00bb width_unit=\u00bbon\u00bb make_equal=\u00bboff\u00bb use_custom_gutter=\u00bboff\u00bb custom_padding_tablet=\u00bb50px|0|50px|0&#8243; custom_padding_last_edited=\u00bbon|desktop\u00bb global_module=\u00bb5294&#8243;][et_pb_fullwidth_post_title admin_label=\u00bbT\u00edtulo\u00bb global_parent=\u00bb5294&#8243; title=\u00bbon\u00bb meta=\u00bboff\u00bb author=\u00bbon\u00bb date=\u00bbon\u00bb categories=\u00bbon\u00bb comments=\u00bbon\u00bb featured_image=\u00bboff\u00bb featured_placement=\u00bbbelow\u00bb parallax_effect=\u00bbon\u00bb parallax_method=\u00bboff\u00bb text_orientation=\u00bbcenter\u00bb text_color=\u00bblight\u00bb text_background=\u00bbon\u00bb text_bg_color=\u00bbrgba(28,28,28,0.43)\u00bb module_bg_color=\u00bbrgba(255,255,255,0)\u00bb title_all_caps=\u00bbon\u00bb use_border_color=\u00bboff\u00bb border_color=\u00bb#ffffff\u00bb border_style=\u00bbsolid\u00bb title_font=\u00bbRoboto Light||||\u00bb title_font_size=\u00bb35px\u00bb background_position=\u00bbtop_left\u00bb background_repeat=\u00bbrepeat\u00bb background_size=\u00bbinitial\u00bb parallax=\u00bbon\u00bb background_color=\u00bbrgba(255,255,255,0)\u00bb \/][\/et_pb_section][et_pb_section bb_built=\u00bb1&#8243; fullwidth=\u00bboff\u00bb specialty=\u00bboff\u00bb transparent_background=\u00bboff\u00bb background_color=\u00bb#ffffff\u00bb allow_player_pause=\u00bboff\u00bb inner_shadow=\u00bboff\u00bb parallax=\u00bboff\u00bb parallax_method=\u00bboff\u00bb custom_padding=\u00bb10px|||\u00bb padding_mobile=\u00bboff\u00bb make_fullwidth=\u00bboff\u00bb use_custom_width=\u00bboff\u00bb width_unit=\u00bbon\u00bb make_equal=\u00bboff\u00bb use_custom_gutter=\u00bboff\u00bb custom_padding_tablet=\u00bb50px|0|50px|0&#8243; custom_padding_last_edited=\u00bbon|desktop\u00bb][et_pb_row make_fullwidth=\u00bboff\u00bb use_custom_width=\u00bboff\u00bb width_unit=\u00bbon\u00bb use_custom_gutter=\u00bboff\u00bb custom_padding=\u00bb10px|||\u00bb padding_mobile=\u00bboff\u00bb allow_player_pause=\u00bboff\u00bb parallax=\u00bboff\u00bb parallax_method=\u00bboff\u00bb make_equal=\u00bboff\u00bb parallax_1=\u00bboff\u00bb parallax_method_1=\u00bboff\u00bb column_padding_mobile=\u00bbon\u00bb background_position=\u00bbtop_left\u00bb background_repeat=\u00bbrepeat\u00bb background_size=\u00bbinitial\u00bb][et_pb_column type=\u00bb4_4&#8243;][et_pb_post_title title=\u00bboff\u00bb meta=\u00bbon\u00bb author=\u00bbon\u00bb date=\u00bbon\u00bb categories=\u00bbon\u00bb comments=\u00bbon\u00bb featured_image=\u00bbon\u00bb featured_placement=\u00bbbelow\u00bb parallax_effect=\u00bbon\u00bb parallax_method=\u00bbon\u00bb text_orientation=\u00bbleft\u00bb text_color=\u00bbdark\u00bb text_background=\u00bboff\u00bb text_bg_color=\u00bbrgba(255,255,255,0.9)\u00bb module_bg_color=\u00bbrgba(255,255,255,0)\u00bb title_all_caps=\u00bboff\u00bb use_border_color=\u00bboff\u00bb border_color=\u00bb#ffffff\u00bb border_style=\u00bbsolid\u00bb parallax=\u00bbon\u00bb background_color=\u00bbrgba(255,255,255,0)\u00bb \/][\/et_pb_column][\/et_pb_row][\/et_pb_section][et_pb_section bb_built=\u00bb1&#8243; fullwidth=\u00bboff\u00bb specialty=\u00bbon\u00bb transparent_background=\u00bboff\u00bb background_color=\u00bb#ffffff\u00bb allow_player_pause=\u00bboff\u00bb inner_shadow=\u00bboff\u00bb parallax=\u00bboff\u00bb parallax_method=\u00bboff\u00bb custom_padding=\u00bb10px|||\u00bb padding_mobile=\u00bboff\u00bb make_fullwidth=\u00bboff\u00bb use_custom_width=\u00bboff\u00bb width_unit=\u00bbon\u00bb make_equal=\u00bboff\u00bb use_custom_gutter=\u00bboff\u00bb parallax_1=\u00bboff\u00bb parallax_method_1=\u00bboff\u00bb parallax_2=\u00bboff\u00bb parallax_method_2=\u00bboff\u00bb custom_padding_tablet=\u00bb50px|0|50px|0&#8243; custom_padding_last_edited=\u00bbon|desktop\u00bb][et_pb_column type=\u00bb2_3&#8243; specialty_columns=\u00bb2&#8243;][et_pb_row_inner admin_label=\u00bbFila\u00bb custom_padding=\u00bb0px|||\u00bb padding_mobile=\u00bboff\u00bb use_custom_gutter=\u00bboff\u00bb column_padding_mobile=\u00bbon\u00bb make_equal=\u00bboff\u00bb parallax_1=\u00bboff\u00bb parallax_method_1=\u00bboff\u00bb][et_pb_column_inner type=\u00bb4_4&#8243; saved_specialty_column_type=\u00bb2_3&#8243;][et_pb_text admin_label=\u00bbTexto a reemplazar\u00bb background_layout=\u00bblight\u00bb use_border_color=\u00bboff\u00bb _builder_version=\u00bb3.0.92&#8243;]<\/p>\n<p>El Centro de Interpretaci\u00f3n \u2018Olivar y Aceite\u2019 intenta estar siempre a la cabeza de la innovaci\u00f3n y atender las demandas que tanto socios como profesionales del sector demandan para completar su formaci\u00f3n. En esta ocasi\u00f3n se trata del curso para maestro y operario de almazara impulsado por \u2018Olivar y Aceite\u2019 y por la Asociaci\u00f3n Espa\u00f1ola de Operarios y Maestros de Almazara (AEMODA), para el que se cuenta con la colaboraci\u00f3n de Pieralisi, JAR, FOSS, empresas comercializadoras de maquinaria de almazara, y el laboratorio Juan Tello, que es socio de la entidad.<\/p>\n<p>\u201cUn curso que se realiza gracias al convenio que \u2018Olivar y Aceite\u2019 firm\u00f3 en su d\u00eda con AEMODA, una entidad que ha reconocido la labor que viene realizando el\u00a0 Centro de Interpretaci\u00f3n en pro de la promoci\u00f3n y difusi\u00f3n de la cultura del aceite y del olivar, otorg\u00e1ndonos este a\u00f1o 2018 uno de sus premios anuales\u201d, record\u00f3 el presidente de la entidad, Javier G\u00e1mez.<\/p>\n<p>\u201cTenemos en mente seguir ofreciendo cursos de este tipo, muy demandados por el sector y que contribuyen a su profesionalizaci\u00f3n\u201d, subray\u00f3 el presidente de \u2018Olivar y Aceite\u2019. En este punto record\u00f3 G\u00e1mez que los cursos que ha acogido durante el mes de mayo el Centro de Interpretaci\u00f3n dirigidos a restauradores, hosteleros y profesionales del sector tur\u00edstico, \u2018Curso avanzado de sumiller\u2019, fueron realizados por la entidad y cofinanciados por la Diputaci\u00f3n Provincial de Ja\u00e9n adem\u00e1s de contar con el respaldo de algunos de los socios que componen la gran familia de \u2018Olivar y Aceite\u2019.<\/p>\n<p><img data-recalc-dims=\"1\" loading=\"lazy\" decoding=\"async\" data-attachment-id=\"36561\" data-permalink=\"https:\/\/centrodeolivaryaceite.com\/es\/curso-de-maestros-de-almazara\/dsc_9469\/\" data-orig-file=\"https:\/\/i0.wp.com\/centrodeolivaryaceite.com\/wp-content\/uploads\/2018\/06\/DSC_9469.jpg?fit=448%2C299&amp;ssl=1\" data-orig-size=\"448,299\" data-comments-opened=\"1\" data-image-meta=\"{&quot;aperture&quot;:&quot;2.8&quot;,&quot;credit&quot;:&quot;&quot;,&quot;camera&quot;:&quot;NIKON D500&quot;,&quot;caption&quot;:&quot;&quot;,&quot;created_timestamp&quot;:&quot;1528197370&quot;,&quot;copyright&quot;:&quot;&quot;,&quot;focal_length&quot;:&quot;17&quot;,&quot;iso&quot;:&quot;800&quot;,&quot;shutter_speed&quot;:&quot;0.02&quot;,&quot;title&quot;:&quot;&quot;,&quot;orientation&quot;:&quot;1&quot;}\" data-image-title=\"CURSO DE MAESTROS Y OPERARIOS DE ALMAZARA\" data-image-description=\"\" data-image-caption=\"\" data-medium-file=\"https:\/\/i0.wp.com\/centrodeolivaryaceite.com\/wp-content\/uploads\/2018\/06\/DSC_9469.jpg?fit=300%2C200&amp;ssl=1\" data-large-file=\"https:\/\/i0.wp.com\/centrodeolivaryaceite.com\/wp-content\/uploads\/2018\/06\/DSC_9469.jpg?fit=448%2C299&amp;ssl=1\" class=\"aligncenter size-full wp-image-36561\" src=\"https:\/\/i0.wp.com\/centrodeolivaryaceite.com\/wp-content\/uploads\/2018\/06\/DSC_9469.jpg?resize=448%2C299\" alt=\"\" width=\"448\" height=\"299\" srcset=\"https:\/\/i0.wp.com\/centrodeolivaryaceite.com\/wp-content\/uploads\/2018\/06\/DSC_9469.jpg?w=448&amp;ssl=1 448w, https:\/\/i0.wp.com\/centrodeolivaryaceite.com\/wp-content\/uploads\/2018\/06\/DSC_9469.jpg?resize=300%2C200&amp;ssl=1 300w\" sizes=\"(max-width: 448px) 100vw, 448px\" \/><\/p>\n<p>En lo que se refiere al curso de maestro y operario de almazara tendr\u00e1 28 horas de duraci\u00f3n, con dos partes diferenciadas, una te\u00f3rica y otra pr\u00e1ctica, para que los inscritos puedan poner en pr\u00e1ctica los conocimientos adquiridos. As\u00ed el apartado de teor\u00eda se realizar\u00e1 en las instalaciones de \u2018Olivar y Aceite\u2019, los fines de semana del\u00a0 16, 17 y 23, 24 de junio. Para impartir las clases correspondientes a este apartado se contar\u00e1 con la presencia de profesionales del sector y cabezas visibles de algunos de los colaboradores que han hecho posible impulsar esta acci\u00f3n formativa. \u201cY la parte pr\u00e1ctica se llevar\u00e1 a cabo durante la campa\u00f1a de recolecci\u00f3n de aceituna de 2018, en una almazara de\u00a0 uno de los socios del centro, se\u00f1al\u00f3 G\u00e1mez, en la que est\u00e1n instaladas las m\u00e1quinas de Pieralisi, donde los asistentes podr\u00e1n ver c\u00f3mo funcionan las m\u00e1quinas y se desarrolla la labor de molturaci\u00f3n para llegar a conseguir los extraordinarios aceites que se producen en la provincia jiennenses que son alabados en todo el mundo\u201d, subray\u00f3 el presidente de \u2018Olivar y Aceite\u2019.<\/p>\n<p>Trabajamos en la formaci\u00f3n, acciones abiertas a todas las edades y \u00e1mbitos, pues dirigimos las actividades formativas que realizamos a lo largo del a\u00f1o, tanto adultos como a menores, a centros escolares y asociaciones, as\u00ed como a grupos de visitantes tanto de la provincia como de fuera de ella. Adem\u00e1s de contribuir a la profesionalizaci\u00f3n del sector a trav\u00e9s de distintas iniciativas como el Club de Cata, o el curso de sumiller\u00eda anteriormente mencionado. Para ello creamos sinergias con otras asociaciones con el \u00fanico objetivo de promocionar el aceite de oliva virgen extra de la mejor manera posible, que pasa por profesionalizar el sector aumentando todo lo posible para conocer mejor el producto estrella de la provincia, unos para producirlo y otros para poder \u201cvenderlo\u201d a los visitantes o comensales.<\/p>\n<p>Por su parte, Ra\u00fal Rosa como representante de la empresa Idelfonso Rosa Ram\u00edrez e hijos (JAR), fabricantes de maquinas receptoras de aceituna, en concreto comercializan lavadoras, despalilladoras, separadoras de pulpa hueso y pesaje autom\u00e1tico discontinuo conforme a la legalidad, a\u00f1adi\u00f3 \u201csomos socios colaboradores de AEMODA y cuando nos propusieron participar en esta acci\u00f3n formativa para contribuir a profesionalizar el sector nos congratulamos por ello ya que llevamos trabajando m\u00e1s de 40 a\u00f1os en estas l\u00ednea. La ponencia ofrecida por JAR ser\u00e1 el 23 de junio.<\/p>\n<p>\u201cEste curso va a permitir la formaci\u00f3n a partir de las t\u00e9cnicas de batido innovadoras, de un sistema muy peculiar de separaci\u00f3n y extracci\u00f3n que posee la empresa basado en el Decanter Scorpion, tambi\u00e9n abordaremos el ahorro energ\u00e9tico y consumo de agua en el sector\u201d, concluy\u00f3 Juan Manuel Armenteros, director t\u00e9cnico del grupo Pieralissi en Espa\u00f1a y Portugal. La charla pr\u00e1ctica-te\u00f3rica se desarrollar\u00e1 el 24 de junio, en el parque tecnol\u00f3gico de Geolit.<\/p>\n<p>&nbsp;<\/p>\n<p>[\/et_pb_text][et_pb_comments show_avatar=\u00bbon\u00bb show_reply=\u00bbon\u00bb show_count=\u00bbon\u00bb background_layout=\u00bblight\u00bb use_border_color=\u00bboff\u00bb border_color=\u00bb#ffffff\u00bb border_style=\u00bbsolid\u00bb custom_button=\u00bboff\u00bb button_letter_spacing=\u00bb0&#8243; button_use_icon=\u00bbdefault\u00bb button_icon_placement=\u00bbright\u00bb button_on_hover=\u00bbon\u00bb button_letter_spacing_hover=\u00bb0&#8243; \/][\/et_pb_column_inner][\/et_pb_row_inner][\/et_pb_column][et_pb_column type=\u00bb1_3&#8243;][et_pb_sidebar orientation=\u00bbright\u00bb area=\u00bbsidebar-1&#8243; background_layout=\u00bblight\u00bb remove_border=\u00bboff\u00bb \/][\/et_pb_column][\/et_pb_section][et_pb_section bb_built=\u00bb1&#8243; background_color=\u00bb#dedacf\u00bb _builder_version=\u00bb3.0.92&#8243; custom_padding_tablet=\u00bb50px|0|50px|0&#8243; custom_padding_last_edited=\u00bbon|desktop\u00bb disabled=\u00bbon\u00bb disabled_on=\u00bbon|on|on\u00bb global_module=\u00bb5116&#8243;][et_pb_row global_parent=\u00bb5116&#8243; _builder_version=\u00bb3.0.92&#8243;][et_pb_column type=\u00bb4_4&#8243;][\/et_pb_column][\/et_pb_row][\/et_pb_section][et_pb_section bb_built=\u00bb1&#8243; fullwidth=\u00bboff\u00bb specialty=\u00bboff\u00bb transparent_background=\u00bboff\u00bb background_color=\u00bb#ffffff\u00bb allow_player_pause=\u00bboff\u00bb inner_shadow=\u00bboff\u00bb parallax=\u00bboff\u00bb parallax_method=\u00bboff\u00bb custom_padding=\u00bb10px||0px|\u00bb padding_mobile=\u00bboff\u00bb make_fullwidth=\u00bboff\u00bb use_custom_width=\u00bboff\u00bb width_unit=\u00bbon\u00bb make_equal=\u00bboff\u00bb use_custom_gutter=\u00bboff\u00bb custom_padding_tablet=\u00bb50px|0|50px|0&#8243; custom_padding_last_edited=\u00bbon|desktop\u00bb global_module=\u00bb5115&#8243;][et_pb_row global_parent=\u00bb5115&#8243; make_fullwidth=\u00bboff\u00bb use_custom_width=\u00bboff\u00bb width_unit=\u00bbon\u00bb use_custom_gutter=\u00bboff\u00bb custom_padding=\u00bb0px||0px|\u00bb padding_mobile=\u00bboff\u00bb allow_player_pause=\u00bboff\u00bb parallax=\u00bboff\u00bb parallax_method=\u00bboff\u00bb make_equal=\u00bboff\u00bb parallax_1=\u00bboff\u00bb parallax_method_1=\u00bboff\u00bb parallax_2=\u00bboff\u00bb parallax_method_2=\u00bboff\u00bb column_padding_mobile=\u00bbon\u00bb background_position=\u00bbtop_left\u00bb background_repeat=\u00bbrepeat\u00bb background_size=\u00bbinitial\u00bb][\/et_pb_row][\/et_pb_section][et_pb_section bb_built=\u00bb1&#8243;][et_pb_row][\/et_pb_row][\/et_pb_section]<\/p>\n","protected":false},"excerpt":{"rendered":"<p>El Centro de Interpretaci\u00f3n \u2018Olivar y Aceite\u2019 intenta estar siempre a la cabeza de la innovaci\u00f3n y atender las demandas que tanto socios como profesionales del sector demandan para completar su formaci\u00f3n. En esta ocasi\u00f3n se trata del curso para maestro y operario de almazara impulsado por \u2018Olivar y Aceite\u2019 y por la Asociaci\u00f3n Espa\u00f1ola [&hellip;]<\/p>\n","protected":false},"author":1,"featured_media":36563,"comment_status":"open","ping_status":"open","sticky":false,"template":"","format":"standard","meta":{"_et_pb_use_builder":"on","_et_pb_old_content":"","_et_gb_content_width":"","_jetpack_memberships_contains_paid_content":false,"footnotes":""},"categories":[1],"tags":[],"class_list":["post-36559","post","type-post","status-publish","format-standard","has-post-thumbnail","hentry","category-general"],"jetpack_featured_media_url":"https:\/\/i0.wp.com\/centrodeolivaryaceite.com\/wp-content\/uploads\/2018\/06\/curso-de-maestros-de-almazara.jpg?fit=960%2C672&ssl=1","jetpack_sharing_enabled":true,"jetpack_shortlink":"https:\/\/wp.me\/p95A9q-9vF","_links":{"self":[{"href":"https:\/\/centrodeolivaryaceite.com\/es\/wp-json\/wp\/v2\/posts\/36559\/"}],"collection":[{"href":"https:\/\/centrodeolivaryaceite.com\/es\/wp-json\/wp\/v2\/posts\/"}],"about":[{"href":"https:\/\/centrodeolivaryaceite.com\/es\/wp-json\/wp\/v2\/types\/post\/"}],"author":[{"embeddable":true,"href":"https:\/\/centrodeolivaryaceite.com\/es\/wp-json\/wp\/v2\/users\/1\/"}],"replies":[{"embeddable":true,"href":"https:\/\/centrodeolivaryaceite.com\/es\/wp-json\/wp\/v2\/comments\/?post=36559"}],"version-history":[{"count":0,"href":"https:\/\/centrodeolivaryaceite.com\/es\/wp-json\/wp\/v2\/posts\/36559\/revisions\/"}],"wp:featuredmedia":[{"embeddable":true,"href":"https:\/\/centrodeolivaryaceite.com\/es\/wp-json\/wp\/v2\/media\/36563\/"}],"wp:attachment":[{"href":"https:\/\/centrodeolivaryaceite.com\/es\/wp-json\/wp\/v2\/media\/?parent=36559"}],"wp:term":[{"taxonomy":"category","embeddable":true,"href":"https:\/\/centrodeolivaryaceite.com\/es\/wp-json\/wp\/v2\/categories\/?post=36559"},{"taxonomy":"post_tag","embeddable":true,"href":"https:\/\/centrodeolivaryaceite.com\/es\/wp-json\/wp\/v2\/tags\/?post=36559"}],"curies":[{"name":"wp","href":"https:\/\/api.w.org\/{rel}","templated":true}]}}