{"id":3656,"date":"2014-09-21T08:48:00","date_gmt":"2014-09-21T08:48:00","guid":{"rendered":"http:\/\/centrodeolivaryaceitelaloma.com\/copiablog\/?p=3656"},"modified":"2022-07-29T11:11:30","modified_gmt":"2022-07-29T11:11:30","slug":"4-magnificos-ponentes-en-las-i-jornadas-virgen-extra-patrimonio-saludable-del-24-de-septiembre","status":"publish","type":"post","link":"https:\/\/centrodeolivaryaceite.com\/es\/4-magnificos-ponentes-en-las-i-jornadas-virgen-extra-patrimonio-saludable-del-24-de-septiembre\/","title":{"rendered":"4 magn\u00edficos ponentes en las I Jornadas Virgen Extra, Patrimonio Saludable del 24 de septiembre"},"content":{"rendered":"<p>[et_pb_section fb_built=\u00bb1&#8243; fullwidth=\u00bbon\u00bb custom_padding_last_edited=\u00bbon|desktop\u00bb admin_label=\u00bbSecci\u00f3n\u00bb _builder_version=\u00bb3.22&#8243; background_color=\u00bb#ffffff\u00bb background_image=\u00bbhttp:\/\/centrodeolivaryaceite.com\/wp-content\/uploads\/2016\/06\/page_header_bg_blue.jpg\u00bb custom_padding_tablet=\u00bb50px|0|50px|0&#8243; transparent_background=\u00bboff\u00bb padding_mobile=\u00bboff\u00bb make_fullwidth=\u00bboff\u00bb use_custom_width=\u00bboff\u00bb width_unit=\u00bbon\u00bb global_module=\u00bb5294&#8243; locked=\u00bboff\u00bb collapsed=\u00bboff\u00bb global_colors_info=\u00bb{}\u00bb custom_padding_phone=\u00bb50px|0|50px|0&#8243;][et_pb_fullwidth_post_title meta=\u00bboff\u00bb featured_image=\u00bboff\u00bb text_color=\u00bblight\u00bb text_background=\u00bbon\u00bb text_bg_color=\u00bbrgba(28,28,28,0.43)\u00bb admin_label=\u00bbT\u00edtulo\u00bb _builder_version=\u00bb4.17.6&#8243; _module_preset=\u00bbdefault\u00bb title_font=\u00bbRoboto Light||||\u00bb title_font_size=\u00bb35px\u00bb title_all_caps=\u00bbon\u00bb background_color=\u00bbrgba(255,255,255,0)\u00bb parallax=\u00bbon\u00bb parallax_method=\u00bboff\u00bb text_orientation=\u00bbcenter\u00bb use_border_color=\u00bboff\u00bb border_color=\u00bb#ffffff\u00bb border_style=\u00bbsolid\u00bb parallax_effect=\u00bbon\u00bb module_bg_color=\u00bbrgba(255,255,255,0)\u00bb global_colors_info=\u00bb{}\u00bb][\/et_pb_fullwidth_post_title][\/et_pb_section][et_pb_section fb_built=\u00bb1&#8243; custom_padding_last_edited=\u00bbon|desktop\u00bb admin_label=\u00bbSecci\u00f3n\u00bb _builder_version=\u00bb4.16&#8243; background_color=\u00bb#ffffff\u00bb custom_padding=\u00bb10px|||\u00bb custom_padding_tablet=\u00bb50px|0|50px|0&#8243; transparent_background=\u00bboff\u00bb padding_mobile=\u00bboff\u00bb make_fullwidth=\u00bboff\u00bb use_custom_width=\u00bboff\u00bb width_unit=\u00bbon\u00bb global_colors_info=\u00bb{}\u00bb custom_padding_phone=\u00bb50px|0|50px|0&#8243;][et_pb_row padding_mobile=\u00bboff\u00bb column_padding_mobile=\u00bbon\u00bb admin_label=\u00bbFila\u00bb _builder_version=\u00bb4.16&#8243; background_size=\u00bbinitial\u00bb background_position=\u00bbtop_left\u00bb background_repeat=\u00bbrepeat\u00bb custom_padding=\u00bb10px|||\u00bb make_fullwidth=\u00bboff\u00bb use_custom_width=\u00bboff\u00bb width_unit=\u00bbon\u00bb global_colors_info=\u00bb{}\u00bb][et_pb_column type=\u00bb4_4&#8243; _builder_version=\u00bb4.16&#8243; custom_padding=\u00bb|||\u00bb global_colors_info=\u00bb{}\u00bb custom_padding__hover=\u00bb|||\u00bb][et_pb_post_title title=\u00bboff\u00bb admin_label=\u00bbT\u00edtulo de publicaci\u00f3n\u00bb _builder_version=\u00bb4.16&#8243; title_all_caps=\u00bboff\u00bb background_color=\u00bbrgba(255,255,255,0)\u00bb parallax=\u00bbon\u00bb parallax_method=\u00bboff\u00bb use_border_color=\u00bboff\u00bb border_color=\u00bb#ffffff\u00bb border_style=\u00bbsolid\u00bb parallax_effect=\u00bbon\u00bb module_bg_color=\u00bbrgba(255,255,255,0)\u00bb global_colors_info=\u00bb{}\u00bb] [\/et_pb_post_title][\/et_pb_column][\/et_pb_row][\/et_pb_section][et_pb_section fb_built=\u00bb1&#8243; specialty=\u00bbon\u00bb custom_padding_last_edited=\u00bbon|desktop\u00bb parallax_method_1=\u00bboff\u00bb parallax_method_2=\u00bboff\u00bb admin_label=\u00bbSecci\u00f3n\u00bb _builder_version=\u00bb4.16&#8243; background_color=\u00bb#ffffff\u00bb custom_padding=\u00bb10px|||\u00bb custom_padding_tablet=\u00bb50px|0|50px|0&#8243; transparent_background=\u00bboff\u00bb padding_mobile=\u00bboff\u00bb make_fullwidth=\u00bboff\u00bb use_custom_width=\u00bboff\u00bb width_unit=\u00bbon\u00bb global_colors_info=\u00bb{}\u00bb custom_padding_phone=\u00bb50px|0|50px|0&#8243;][et_pb_column type=\u00bb2_3&#8243; specialty_columns=\u00bb2&#8243; _builder_version=\u00bb4.16&#8243; custom_padding=\u00bb|||\u00bb global_colors_info=\u00bb{}\u00bb custom_padding__hover=\u00bb|||\u00bb][et_pb_row_inner padding_mobile=\u00bboff\u00bb column_padding_mobile=\u00bbon\u00bb admin_label=\u00bbFila\u00bb _builder_version=\u00bb4.16&#8243; custom_padding=\u00bb0px|||\u00bb global_colors_info=\u00bb{}\u00bb][et_pb_column_inner saved_specialty_column_type=\u00bb2_3&#8243; _builder_version=\u00bb4.16&#8243; custom_padding=\u00bb|||\u00bb global_colors_info=\u00bb{}\u00bb custom_padding__hover=\u00bb|||\u00bb][et_pb_text admin_label=\u00bbText\u00bb _builder_version=\u00bb4.16&#8243; background_size=\u00bbinitial\u00bb background_position=\u00bbtop_left\u00bb background_repeat=\u00bbrepeat\u00bb text_orientation=\u00bbleft\u00bb use_border_color=\u00bboff\u00bb border_color=\u00bb#ffffff\u00bb border_style=\u00bbsolid\u00bb global_colors_info=\u00bb{}\u00bb]El pr\u00f3ximo 24 de septiembre, el Centro de Interpretaci\u00f3n Olivar y Aceite acoge las I Jornadas: Virgen Extra, Patrimonio Saludable. Una cita de gran importancia para el sector ole\u00edcola, que contar\u00e1 con ponentes de prestigio internacional con el objeto de divulgar desde diferentes vertientes y tem\u00e1ticas las bondades del Aceite de Oliva Virgen Extra: la promoci\u00f3n, experiencia, salud y gastronom\u00eda. Los participantes en cada una de estas tem\u00e1ticas ser\u00e1n:<\/p>\n<p style=\"text-align: center;\"><b style=\"line-height: 1.5em;\">PROMOCI\u00d3N<\/b><\/p>\n<p>Con el objetivo de transmitir la importancia de llevar a cabo campa\u00f1as de promoci\u00f3n e informaci\u00f3n, para dar a conocer las cualidades organol\u00e9pticas de los AOVEs y sus beneficiosas propiedades nutricionales y terap\u00e9uticas, que la ciencia pone de manifiesto cada d\u00eda, como herramienta fundamental para la expansi\u00f3n del\u00a0 consumo a escala mundial contaremos con:<\/p>\n<p><a href=\"https:\/\/i0.wp.com\/centrodeolivaryaceite.com\/wp-content\/uploads\/2014\/09\/teresa-perez-millan.jpg\"><img data-recalc-dims=\"1\" loading=\"lazy\" decoding=\"async\" class=\"aligncenter\" src=\"https:\/\/i0.wp.com\/centrodeolivaryaceite.com\/wp-content\/uploads\/2014\/09\/teresa-perez-millan.jpg?resize=350%2C233\" alt=\"teresa perez millan\" width=\"350\" height=\"233\" \/><\/a><\/p>\n<p style=\"text-align: center;\"><span style=\"text-decoration: underline; line-height: 1.5em;\">Teresa P\u00e9rez Mill\u00e1n. Gerente de la Interprofesional del Aceite de Oliva Espa\u00f1ol.<\/span><\/p>\n<p>Ingeniera Agr\u00f3noma, especializada en Industria Agroalimentaria, con formaci\u00f3n en Alta Gesti\u00f3n por el Instituto Internacional San Telmo. En sus 14 a\u00f1os de experiencia laboral, m\u00e1s de 12 a\u00f1os son de experiencia en el sector Agroalimentario del Aceite de Oliva, en Espa\u00f1a e Italia.<\/p>\n<p><span style=\"line-height: 1.5em;\">Actualmente se encuentra al frente de la direcci\u00f3n de la Organizaci\u00f3n Interprofesional del Aceite de Oliva Espa\u00f1ol. Responsable del arranque de la actividad econ\u00f3mica de la Organizaci\u00f3n en 2008, as\u00ed como de la definici\u00f3n, desarrollo, implantaci\u00f3n y mejora del sistema de seguimiento y control de las aportaciones econ\u00f3micas obligatorias de los agentes del sector para el desarrollo de promoci\u00f3n, impulso de estudios y seguimiento de mercados.<\/span><\/p>\n<p>Al frente de la coordinaci\u00f3n y seguimiento de las campa\u00f1as de promoci\u00f3n desarrolladas en m\u00e1s de 30 pa\u00edses, entre 2009 y 2014.<\/p>\n<p style=\"text-align: center;\"><b style=\"line-height: 1.5em;\">EXPERIENCIA<\/b><\/p>\n<p>Para conocer la experiencia de un productor de aceite de oliva virgen extra, de alta gama, firme valedor de la calidad como estrategia para posicionarse en el mercado, clave para el futuro del sector e incrementar el consumo contaremos con:<\/p>\n<p><a href=\"http:\/\/centrodeolivaryaceite.com\/4-magnificos-ponentes-en-las-i-jornadas-virgen-extra-patrimonio-saludable-del-24-de-septiembre\/marques-de-grinon-carlos-falco\/\" rel=\"attachment wp-att-5626\"><img data-recalc-dims=\"1\" loading=\"lazy\" decoding=\"async\" data-attachment-id=\"5626\" data-permalink=\"https:\/\/centrodeolivaryaceite.com\/es\/4-magnificos-ponentes-en-las-i-jornadas-virgen-extra-patrimonio-saludable-del-24-de-septiembre\/marques-de-grinon-carlos-falco\/\" data-orig-file=\"https:\/\/i0.wp.com\/centrodeolivaryaceite.com\/wp-content\/uploads\/2014\/09\/marques-de-grinon-carlos-falco.gif?fit=278%2C354&amp;ssl=1\" data-orig-size=\"278,354\" data-comments-opened=\"1\" data-image-meta=\"{&quot;aperture&quot;:&quot;0&quot;,&quot;credit&quot;:&quot;&quot;,&quot;camera&quot;:&quot;&quot;,&quot;caption&quot;:&quot;&quot;,&quot;created_timestamp&quot;:&quot;0&quot;,&quot;copyright&quot;:&quot;&quot;,&quot;focal_length&quot;:&quot;0&quot;,&quot;iso&quot;:&quot;0&quot;,&quot;shutter_speed&quot;:&quot;0&quot;,&quot;title&quot;:&quot;&quot;,&quot;orientation&quot;:&quot;0&quot;}\" data-image-title=\"marques-de-grinon-carlos-falco\" data-image-description=\"\" data-image-caption=\"\" data-medium-file=\"https:\/\/i0.wp.com\/centrodeolivaryaceite.com\/wp-content\/uploads\/2014\/09\/marques-de-grinon-carlos-falco.gif?fit=236%2C300&amp;ssl=1\" data-large-file=\"https:\/\/i0.wp.com\/centrodeolivaryaceite.com\/wp-content\/uploads\/2014\/09\/marques-de-grinon-carlos-falco.gif?fit=278%2C354&amp;ssl=1\" class=\" wp-image-5626 aligncenter\" src=\"https:\/\/i0.wp.com\/centrodeolivaryaceite.com\/wp-content\/uploads\/2014\/09\/marques-de-grinon-carlos-falco.gif?resize=220%2C280\" alt=\"marques-de-grinon-carlos-falco\" width=\"220\" height=\"280\" \/><\/a><\/p>\n<p style=\"text-align: center;\"><span style=\"text-decoration: underline; line-height: 1.5em;\">D. Carlos Falc\u00f3 y Fern\u00e1ndez de C\u00f3rdova, Marqu\u00e9s de Gri\u00f1\u00f3n.<\/span><\/p>\n<p>Ingeniero Agr\u00f3nomo por la Universidad de Lovaina (B\u00e9lgica) y, posteriormente, se gradu\u00f3 por la Universidad de California (Davis). Ha sido uno de los pioneros de la modernizaci\u00f3n de la viticultura y en la elaboraci\u00f3n de grandes vinos de pago en Espa\u00f1a. \u00a0En 2013 publica con la prestigiosa editorial alemana Hoffman &amp; Campe y Random House Mondadori, la primera edici\u00f3n de su segundo libro, Oleum, centrado en la cultura del aceite de oliva.<\/p>\n<p>Actualmente D. Carlos Falc\u00f3 es Presidente de Pagos Marqu\u00e9s de Gri\u00f1\u00f3n, S.A., as\u00ed como Presidente de C\u00edrculo Fortuny , Presidente de Grandes Pagos de Espa\u00f1a y Vicepresidente de la Real Academia de Gastronom\u00eda. Ha sido nombrado Hombre del A\u00f1o del sector del vino por la revista Gu\u00eda Pe\u00f1\u00edn Magazine,Verema.com y las revistas Gourmet (Suecia) y Der Feinshmeker (Lifetime Achievement).<\/p>\n<p>Viene dedicando desde 2000 tiempo y recursos (I+D+i) para la obtenci\u00f3n de un aceite virgen extra de alta calidad partiendo tambi\u00e9n de una tecnolog\u00eda innovadora que describe en su nuevo libro.<\/p>\n<p><span style=\"line-height: 1.5em;\">Como resultado, desde 2002 se han venido elaborando las primeras a\u00f1adas del aceite <\/span>V\u00edrgen Extra de Pago Marqu\u00e9s de Gri\u00f1\u00f3n Olevm Artis<span style=\"line-height: 1.5em;\">, considerado a nivel nacional e internacional como una aut\u00e9ntica revoluci\u00f3n de calidad en el sector. En 2013, Oleum Artis obtuvo el trofeo <\/span>Frantoio del Anno <span style=\"line-height: 1.5em;\">y la m\u00e1s alta puntuaci\u00f3n por parte de la gu\u00eda especializada <\/span>Flos Olei<span style=\"line-height: 1.5em;\">, -lider mundial- publicada por el prestigioso periodista Marco Oreggia. <\/span>Pagos Marqu\u00e9s de Gri\u00f1on <span style=\"line-height: 1.5em;\">es miembro fundador de la Asociaci\u00f3n <\/span>Grandes Pagos de Olivar, <span style=\"line-height: 1.5em;\">creada para defender el concepto de <\/span>aceite de Pago <span style=\"line-height: 1.5em;\">de alta calidad.<\/span><\/p>\n<p><span style=\"line-height: 1.5em;\">Las sucesivas cosechas de este aceite virgen extra han obtenido una extraordinaria recepci\u00f3n por parte del mercado y la cr\u00edtica especializada dentro y fuera de Espa\u00f1a, situ\u00e1ndolo en una posici\u00f3n de liderazgo entre los mejores aceites virgen extra producidos en el mundo. De hecho, la edici\u00f3n 2013 de la principal gu\u00eda internacional especializada, <\/span>Flos Olei<span style=\"line-height: 1.5em;\">, confiri\u00f3 el extravirgen Marqu\u00e9s de Gri\u00f1\u00f3n Olevm Artis la m\u00e1s alta puntuaci\u00f3n de su historia (98 puntos) y su m\u00e1ximo reconocimiento, <\/span>Almazara del a\u00f1o.<span style=\"line-height: 1.5em;\">Su hija Xandra Falc\u00f3, es actualmente Directora General de <\/span>Pagos Marqu\u00e9s de Gri\u00f1\u00f3n<span style=\"line-height: 1.5em;\">.<\/span><\/p>\n<p style=\"text-align: center;\"><b style=\"line-height: 1.5em;\">SALUD<\/b><\/p>\n<p>Con la intenci\u00f3n de divulgar los beneficios para la salud de la dieta mediterr\u00e1nea, y del aceite de oliva virgen extra, como pilar fundamental y dar a conocer los nuevos descubrimientos en esta materia contaremos con:<\/p>\n<p><a href=\"https:\/\/i0.wp.com\/centrodeolivaryaceite.com\/wp-content\/uploads\/2014\/09\/ramon-estruch.jpg\"><img data-recalc-dims=\"1\" loading=\"lazy\" decoding=\"async\" data-attachment-id=\"3661\" data-permalink=\"https:\/\/centrodeolivaryaceite.com\/es\/4-magnificos-ponentes-en-las-i-jornadas-virgen-extra-patrimonio-saludable-del-24-de-septiembre\/ramon-estruch\/\" data-orig-file=\"https:\/\/i0.wp.com\/centrodeolivaryaceite.com\/wp-content\/uploads\/2014\/09\/ramon-estruch.jpg?fit=800%2C600&amp;ssl=1\" data-orig-size=\"800,600\" data-comments-opened=\"1\" data-image-meta=\"{&quot;aperture&quot;:&quot;0&quot;,&quot;credit&quot;:&quot;&quot;,&quot;camera&quot;:&quot;&quot;,&quot;caption&quot;:&quot;&quot;,&quot;created_timestamp&quot;:&quot;0&quot;,&quot;copyright&quot;:&quot;&quot;,&quot;focal_length&quot;:&quot;0&quot;,&quot;iso&quot;:&quot;0&quot;,&quot;shutter_speed&quot;:&quot;0&quot;,&quot;title&quot;:&quot;&quot;,&quot;orientation&quot;:&quot;0&quot;}\" data-image-title=\"ramon estruch\" data-image-description=\"\" data-image-caption=\"\" data-medium-file=\"https:\/\/i0.wp.com\/centrodeolivaryaceite.com\/wp-content\/uploads\/2014\/09\/ramon-estruch.jpg?fit=300%2C225&amp;ssl=1\" data-large-file=\"https:\/\/i0.wp.com\/centrodeolivaryaceite.com\/wp-content\/uploads\/2014\/09\/ramon-estruch.jpg?fit=800%2C600&amp;ssl=1\" class=\"wp-image-3661 aligncenter\" src=\"https:\/\/i0.wp.com\/centrodeolivaryaceite.com\/wp-content\/uploads\/2014\/09\/ramon-estruch.jpg?resize=336%2C252\" alt=\"ramon estruch\" width=\"336\" height=\"252\" srcset=\"https:\/\/i0.wp.com\/centrodeolivaryaceite.com\/wp-content\/uploads\/2014\/09\/ramon-estruch.jpg?w=800&amp;ssl=1 800w, https:\/\/i0.wp.com\/centrodeolivaryaceite.com\/wp-content\/uploads\/2014\/09\/ramon-estruch.jpg?resize=300%2C225&amp;ssl=1 300w, https:\/\/i0.wp.com\/centrodeolivaryaceite.com\/wp-content\/uploads\/2014\/09\/ramon-estruch.jpg?resize=768%2C576&amp;ssl=1 768w, https:\/\/i0.wp.com\/centrodeolivaryaceite.com\/wp-content\/uploads\/2014\/09\/ramon-estruch.jpg?resize=510%2C382&amp;ssl=1 510w\" sizes=\"(max-width: 336px) 100vw, 336px\" \/><\/a><\/p>\n<p style=\"text-align: center;\"><span style=\"text-decoration: underline; line-height: 1.5em;\">D. Ram\u00f3n Estruch Riba,\u00a0Coordinador Nacional del Estudio PREDIMED<\/span><\/p>\n<p>Licenciado en Medicina y Cirug\u00eda, y doctor en Medicina porla Universidadde Barcelona. Actualmente ejerce como Consultor S\u00e9nior en el Departamento de Medicina Interna del Hospital Cl\u00ednic de Barcelona, Profesor Asociado en la Facultad de Medicina de la Universidadde Barcelona y Miembro del Comit\u00e9 Directivo del CIBER Fisiopatolog\u00eda dela Obesidadyla Nutrici\u00f3ndel Instituto de Salud Carlos III (Ministerio de Ciencia e Innovaci\u00f3n, Gobierno de Espa\u00f1a) .<\/p>\n<p><span style=\"line-height: 1.5em;\">Coordinador Nacional del Estudio PREDIMED y forma parte del Comit\u00e9 Directivo de CIBER sobre Fisiopatolog\u00eda de la Obesidad y la Nutrici\u00f3n del Instituto de Salud Carlos III de Madrid. Ha colaborado activamente con grupos de investigaci\u00f3n estadounidenses, finlandeses, franceses, ingleses e italianos. El estudio PREDIMED (Prevenci\u00f3n con Dieta Mediterr\u00e1nea) que eval\u00faa los efectos de la dieta mediterr\u00e1nea y sus principales componentes en la prevenci\u00f3n primaria de enfermedades cardiovasculares en pacientes de alto riesgo cardiovascular.<\/span><\/p>\n<p style=\"text-align: center;\"><b style=\"line-height: 1.5em;\">GASTRONOM\u00cdA<\/b><\/p>\n<p>Para aprender el uso gastron\u00f3mico de diferentes aceites de oliva virgen extra, para potenciar el sabor de los alimentos y descubrir la excelencia en el sabor y maridaje con cada variedad de aceituna y para transmitir conocimientos culinarios para enriquecer el recetario gastron\u00f3mico de los participantes, contaremos con dos ponentes, dos j\u00f3venes Chefs ubetenses con una gran trayectoria consolidada:<\/p>\n<p><a href=\"https:\/\/i0.wp.com\/centrodeolivaryaceite.com\/wp-content\/uploads\/2014\/09\/alejo-perez.jpg\"><img data-recalc-dims=\"1\" loading=\"lazy\" decoding=\"async\" class=\"aligncenter\" src=\"https:\/\/i0.wp.com\/centrodeolivaryaceite.com\/wp-content\/uploads\/2014\/09\/alejo-perez.jpg?resize=100%2C120\" alt=\"alejo perez\" width=\"100\" height=\"120\" \/><\/a><img data-recalc-dims=\"1\" loading=\"lazy\" decoding=\"async\" data-attachment-id=\"3662\" data-permalink=\"https:\/\/centrodeolivaryaceite.com\/es\/4-magnificos-ponentes-en-las-i-jornadas-virgen-extra-patrimonio-saludable-del-24-de-septiembre\/la-foto\/\" data-orig-file=\"https:\/\/i0.wp.com\/centrodeolivaryaceite.com\/wp-content\/uploads\/2014\/09\/la-foto.jpg?fit=276%2C334&amp;ssl=1\" data-orig-size=\"276,334\" data-comments-opened=\"1\" data-image-meta=\"{&quot;aperture&quot;:&quot;3.5&quot;,&quot;credit&quot;:&quot;&quot;,&quot;camera&quot;:&quot;Canon EOS 1100D&quot;,&quot;caption&quot;:&quot;&quot;,&quot;created_timestamp&quot;:&quot;1373895618&quot;,&quot;copyright&quot;:&quot;&quot;,&quot;focal_length&quot;:&quot;18&quot;,&quot;iso&quot;:&quot;250&quot;,&quot;shutter_speed&quot;:&quot;0.033333333333333&quot;,&quot;title&quot;:&quot;&quot;,&quot;orientation&quot;:&quot;1&quot;}\" data-image-title=\"la foto\" data-image-description=\"\" data-image-caption=\"\" data-medium-file=\"https:\/\/i0.wp.com\/centrodeolivaryaceite.com\/wp-content\/uploads\/2014\/09\/la-foto.jpg?fit=248%2C300&amp;ssl=1\" data-large-file=\"https:\/\/i0.wp.com\/centrodeolivaryaceite.com\/wp-content\/uploads\/2014\/09\/la-foto.jpg?fit=276%2C334&amp;ssl=1\" class=\"wp-image-3662 aligncenter\" src=\"https:\/\/i0.wp.com\/centrodeolivaryaceite.com\/wp-content\/uploads\/2014\/09\/la-foto.jpg?resize=98%2C120\" alt=\"la foto\" width=\"98\" height=\"120\" srcset=\"https:\/\/i0.wp.com\/centrodeolivaryaceite.com\/wp-content\/uploads\/2014\/09\/la-foto.jpg?w=276&amp;ssl=1 276w, https:\/\/i0.wp.com\/centrodeolivaryaceite.com\/wp-content\/uploads\/2014\/09\/la-foto.jpg?resize=248%2C300&amp;ssl=1 248w\" sizes=\"(max-width: 98px) 100vw, 98px\" \/> <a href=\"http:\/\/centrodeolivaryaceite.com\/wp-content\/uploads\/2014\/09\/alejo-perez.jpg\"><br \/>\n<\/a><\/p>\n<p style=\"text-align: center;\"><span style=\"text-decoration: underline;\">\u00a0Alejo P\u00e9rez, Chef del Restaurante Antique y Francisco Manuel Pe\u00f1uela, Chef del Restaurante Asador de Santiago<\/span><\/p>\n<p><span style=\"line-height: 1.5em;\">Ambos combinan perfectamente la tradici\u00f3n con la innovaci\u00f3n, uniendo la cocina tradicional de la zona con las m\u00e1s modernas t\u00e9cnicas y las presentaciones m\u00e1s modernas. Todo con un uso cuidado y esmerado del Aceite de Oliva Virgen Extra en sus recetas. Adem\u00e1s dominan a la perfecci\u00f3n la denominada \u201cminicocina\u201d conocida popularmente como \u201cTapeo\u201d con una amplia oferta de platos, creados a partir del AOVE como base. J\u00f3venes restauradores, con una amplia formaci\u00f3n culinaria en las mejores escuelas de Andaluc\u00eda y Espa\u00f1a y que lideran los equipos de cocina de dos restaurantes que van a la cabeza en innovaci\u00f3n en el uso del AOVE en la cocina, en la provincia de Ja\u00e9n.<\/span><\/p>\n<p style=\"text-align: center;\"><a href=\"http:\/\/centrodeolivaryaceite.com\/wp-content\/uploads\/2014\/08\/D\u00cdPTICO_JORNADAS-.pdf\"><strong>Click aqu\u00ed para descargar el Programa de las\u00a0\u00a0I Jornadas: Virgen Extra, Patrimonio Saludable<\/strong><\/a><\/p>\n<p style=\"text-align: center;\"><strong><a title=\"Inscripci\u00f3n I Jornadas Virgen Extra Patrimonio Saludable\" href=\"http:\/\/centrodeolivaryaceite.com\/inscripcion-jornadas-virgen-extra-patrimonio-saludable\/\">Click aqu\u00ed para ir a la Inscripci\u00f3n de las I Jornadas: Virgen Extra, Patrimonio Saludable<\/a><\/strong><\/p>\n<p><a href=\"https:\/\/i0.wp.com\/centrodeolivaryaceite.com\/wp-content\/uploads\/2014\/08\/jornadas.jpg\"><img data-recalc-dims=\"1\" loading=\"lazy\" decoding=\"async\" class=\"aligncenter\" src=\"https:\/\/i0.wp.com\/centrodeolivaryaceite.com\/wp-content\/uploads\/2014\/08\/jornadas.jpg?resize=253%2C403\" alt=\"jornadas\" width=\"253\" height=\"403\" \/><\/a><br \/>\n[\/et_pb_text][et_pb_comments admin_label=\u00bbComentarios\u00bb _builder_version=\u00bb4.16&#8243; use_border_color=\u00bboff\u00bb border_color=\u00bb#ffffff\u00bb border_style=\u00bbsolid\u00bb button_letter_spacing_hover=\u00bb0&#8243; global_colors_info=\u00bb{}\u00bb button_text_size__hover_enabled=\u00bboff\u00bb button_one_text_size__hover_enabled=\u00bboff\u00bb button_two_text_size__hover_enabled=\u00bboff\u00bb button_text_color__hover_enabled=\u00bboff\u00bb button_one_text_color__hover_enabled=\u00bboff\u00bb button_two_text_color__hover_enabled=\u00bboff\u00bb button_border_width__hover_enabled=\u00bboff\u00bb button_one_border_width__hover_enabled=\u00bboff\u00bb button_two_border_width__hover_enabled=\u00bboff\u00bb button_border_color__hover_enabled=\u00bboff\u00bb button_one_border_color__hover_enabled=\u00bboff\u00bb button_two_border_color__hover_enabled=\u00bboff\u00bb button_border_radius__hover_enabled=\u00bboff\u00bb button_one_border_radius__hover_enabled=\u00bboff\u00bb button_two_border_radius__hover_enabled=\u00bboff\u00bb button_letter_spacing__hover_enabled=\u00bbon\u00bb button_letter_spacing__hover=\u00bb0&#8243; button_one_letter_spacing__hover_enabled=\u00bboff\u00bb button_two_letter_spacing__hover_enabled=\u00bboff\u00bb button_bg_color__hover_enabled=\u00bboff\u00bb button_one_bg_color__hover_enabled=\u00bboff\u00bb button_two_bg_color__hover_enabled=\u00bboff\u00bb] [\/et_pb_comments][\/et_pb_column_inner][\/et_pb_row_inner][\/et_pb_column][et_pb_column type=\u00bb1_3&#8243; _builder_version=\u00bb4.16&#8243; custom_padding=\u00bb|||\u00bb global_colors_info=\u00bb{}\u00bb custom_padding__hover=\u00bb|||\u00bb][et_pb_sidebar orientation=\u00bbright\u00bb area=\u00bbsidebar-1&#8243; admin_label=\u00bbBarra lateral\u00bb _builder_version=\u00bb4.16&#8243; remove_border=\u00bboff\u00bb global_colors_info=\u00bb{}\u00bb] [\/et_pb_sidebar][\/et_pb_column][\/et_pb_section][et_pb_section fb_built=\u00bb1&#8243; custom_padding_last_edited=\u00bbon|desktop\u00bb disabled_on=\u00bbon|on|on\u00bb admin_label=\u00bbSecci\u00f3n\u00bb _builder_version=\u00bb3.0.92&#8243; background_color=\u00bb#dedacf\u00bb custom_padding_tablet=\u00bb50px|0|50px|0&#8243; transparent_background=\u00bboff\u00bb padding_mobile=\u00bboff\u00bb make_fullwidth=\u00bboff\u00bb use_custom_width=\u00bboff\u00bb width_unit=\u00bbon\u00bb disabled=\u00bbon\u00bb global_module=\u00bb5116&#8243; collapsed=\u00bboff\u00bb global_colors_info=\u00bb{}\u00bb custom_padding_phone=\u00bb50px|0|50px|0&#8243;][et_pb_row _builder_version=\u00bb4.16&#8243; global_colors_info=\u00bb{}\u00bb][et_pb_column type=\u00bb4_4&#8243; _builder_version=\u00bb4.16&#8243; custom_padding=\u00bb|||\u00bb global_colors_info=\u00bb{}\u00bb custom_padding__hover=\u00bb|||\u00bb][\/et_pb_column][\/et_pb_row][\/et_pb_section][et_pb_section fb_built=\u00bb1&#8243; custom_padding_last_edited=\u00bbon|desktop\u00bb admin_label=\u00bbSecci\u00f3n\u00bb _builder_version=\u00bb3.22&#8243; background_color=\u00bb#ffffff\u00bb custom_padding=\u00bb10px||0px|\u00bb custom_padding_tablet=\u00bb50px|0|50px|0&#8243; transparent_background=\u00bboff\u00bb padding_mobile=\u00bboff\u00bb make_fullwidth=\u00bboff\u00bb use_custom_width=\u00bboff\u00bb width_unit=\u00bbon\u00bb global_module=\u00bb5115&#8243; collapsed=\u00bboff\u00bb global_colors_info=\u00bb{}\u00bb custom_padding_phone=\u00bb50px|0|50px|0&#8243;][et_pb_row padding_mobile=\u00bboff\u00bb column_padding_mobile=\u00bbon\u00bb _builder_version=\u00bb4.16&#8243; background_size=\u00bbinitial\u00bb background_position=\u00bbtop_left\u00bb background_repeat=\u00bbrepeat\u00bb max_width=\u00bb1080px\u00bb custom_padding=\u00bb0px||0px|\u00bb make_fullwidth=\u00bboff\u00bb use_custom_width=\u00bboff\u00bb width_unit=\u00bbon\u00bb global_colors_info=\u00bb{}\u00bb][\/et_pb_row][\/et_pb_section]<\/p>\n","protected":false},"excerpt":{"rendered":"<p>El pr\u00f3ximo 24 de septiembre, el Centro de Interpretaci\u00f3n Olivar y Aceite acoge las I Jornadas: Virgen Extra, Patrimonio Saludable. Una cita de gran importancia para el sector ole\u00edcola, que contar\u00e1 con ponentes de prestigio internacional con el objeto de divulgar desde diferentes vertientes y tem\u00e1ticas las bondades del Aceite de Oliva Virgen Extra: la [&hellip;]<\/p>\n","protected":false},"author":1,"featured_media":3543,"comment_status":"open","ping_status":"open","sticky":false,"template":"","format":"standard","meta":{"_et_pb_use_builder":"on","_et_pb_old_content":"<p>El pr\u00f3ximo 24 de septiembre, el Centro de Interpretaci\u00f3n Olivar y Aceite acoge las I Jornadas: Virgen Extra, Patrimonio Saludable. Una cita de gran importancia para el sector ole\u00edcola, que contar\u00e1 con ponentes de prestigio internacional con el objeto de divulgar desde diferentes vertientes y tem\u00e1ticas las bondades del Aceite de Oliva Virgen Extra: la promoci\u00f3n, experiencia, salud y gastronom\u00eda. Los participantes en cada una de estas tem\u00e1ticas ser\u00e1n:<\/p><p style=\"text-align: center;\"><b style=\"line-height: 1.5em;\">PROMOCI\u00d3N<\/b><\/p><p>Con el objetivo de transmitir la importancia de llevar a cabo campa\u00f1as de promoci\u00f3n e informaci\u00f3n, para dar a conocer las cualidades organol\u00e9pticas de los AOVEs y sus beneficiosas propiedades nutricionales y terap\u00e9uticas, que la ciencia pone de manifiesto cada d\u00eda, como herramienta fundamental para la expansi\u00f3n del\u00a0 consumo a escala mundial contaremos con:<\/p><p><a href=\"http:\/\/centrodeolivaryaceite.com\/wp-content\/uploads\/2014\/09\/teresa-perez-millan.jpg\"><img class=\"aligncenter\" src=\"http:\/\/centrodeolivaryaceite.com\/wp-content\/uploads\/2014\/09\/teresa-perez-millan.jpg\" alt=\"teresa perez millan\" width=\"350\" height=\"233\" \/><\/a><\/p><p style=\"text-align: center;\"><span style=\"text-decoration: underline; line-height: 1.5em;\">Teresa P\u00e9rez Mill\u00e1n. Gerente de la Interprofesional del Aceite de Oliva Espa\u00f1ol.<\/span><\/p><p>Ingeniera Agr\u00f3noma, especializada en Industria Agroalimentaria, con formaci\u00f3n en Alta Gesti\u00f3n por el Instituto Internacional San Telmo. En sus 14 a\u00f1os de experiencia laboral, m\u00e1s de 12 a\u00f1os son de experiencia en el sector Agroalimentario del Aceite de Oliva, en Espa\u00f1a e Italia.<\/p><p><span style=\"line-height: 1.5em;\">Actualmente se encuentra al frente de la direcci\u00f3n de la Organizaci\u00f3n Interprofesional del Aceite de Oliva Espa\u00f1ol. Responsable del arranque de la actividad econ\u00f3mica de la Organizaci\u00f3n en 2008, as\u00ed como de la definici\u00f3n, desarrollo, implantaci\u00f3n y mejora del sistema de seguimiento y control de las aportaciones econ\u00f3micas obligatorias de los agentes del sector para el desarrollo de promoci\u00f3n, impulso de estudios y seguimiento de mercados.<\/span><\/p><p>Al frente de la coordinaci\u00f3n y seguimiento de las campa\u00f1as de promoci\u00f3n desarrolladas en m\u00e1s de 30 pa\u00edses, entre 2009 y 2014.<\/p><p style=\"text-align: center;\"><b style=\"line-height: 1.5em;\">EXPERIENCIA<\/b><\/p><p>Para conocer la experiencia de un productor de aceite de oliva virgen extra, de alta gama, firme valedor de la calidad como estrategia para posicionarse en el mercado, clave para el futuro del sector e incrementar el consumo contaremos con:<\/p><p><a href=\"http:\/\/centrodeolivaryaceite.com\/wp-content\/uploads\/2014\/09\/marques-de-gri\u00f1on.jpg\"><img class=\"aligncenter\" src=\"http:\/\/centrodeolivaryaceite.com\/wp-content\/uploads\/2014\/09\/marques-de-gri\u00f1on.jpg\" alt=\"marques de gri\u00f1on\" width=\"292\" height=\"292\" \/><\/a><\/p><p style=\"text-align: center;\"><span style=\"text-decoration: underline; line-height: 1.5em;\">D. Carlos Falc\u00f3 y Fern\u00e1ndez de C\u00f3rdova, Marqu\u00e9s de Gri\u00f1\u00f3n.<\/span><\/p><p>Ingeniero Agr\u00f3nomo por la Universidad de Lovaina (B\u00e9lgica) y, posteriormente, se gradu\u00f3 por la Universidad de California (Davis). Ha sido uno de los pioneros de la modernizaci\u00f3n de la viticultura y en la elaboraci\u00f3n de grandes vinos de pago en Espa\u00f1a. \u00a0En 2013 publica con la prestigiosa editorial alemana Hoffman & Campe y Random House Mondadori, la primera edici\u00f3n de su segundo libro, Oleum, centrado en la cultura del aceite de oliva.<\/p><p>Actualmente D. Carlos Falc\u00f3 es Presidente de Pagos Marqu\u00e9s de Gri\u00f1\u00f3n, S.A., as\u00ed como Presidente de C\u00edrculo Fortuny , Presidente de Grandes Pagos de Espa\u00f1a y Vicepresidente de la Real Academia de Gastronom\u00eda. Ha sido nombrado Hombre del A\u00f1o del sector del vino por la revista Gu\u00eda Pe\u00f1\u00edn Magazine,Verema.com y las revistas Gourmet (Suecia) y Der Feinshmeker (Lifetime Achievement).<\/p><p>Viene dedicando desde 2000 tiempo y recursos (I+D+i) para la obtenci\u00f3n de un aceite virgen extra de alta calidad partiendo tambi\u00e9n de una tecnolog\u00eda innovadora que describe en su nuevo libro.<\/p><p><span style=\"line-height: 1.5em;\">Como resultado, desde 2002 se han venido elaborando las primeras a\u00f1adas del aceite <\/span>V\u00edrgen Extra de Pago Marqu\u00e9s de Gri\u00f1\u00f3n Olevm Artis<span style=\"line-height: 1.5em;\">, considerado a nivel nacional e internacional como una aut\u00e9ntica revoluci\u00f3n de calidad en el sector. En 2013, Oleum Artis obtuvo el trofeo <\/span>Frantoio del Anno <span style=\"line-height: 1.5em;\">y la m\u00e1s alta puntuaci\u00f3n por parte de la gu\u00eda especializada <\/span>Flos Olei<span style=\"line-height: 1.5em;\">, -lider mundial- publicada por el prestigioso periodista Marco Oreggia. <\/span>Pagos Marqu\u00e9s de Gri\u00f1on <span style=\"line-height: 1.5em;\">es miembro fundador de la Asociaci\u00f3n <\/span>Grandes Pagos de Olivar, <span style=\"line-height: 1.5em;\">creada para defender el concepto de <\/span>aceite de Pago <span style=\"line-height: 1.5em;\">de alta calidad.<\/span><\/p><p><span style=\"line-height: 1.5em;\">Las sucesivas cosechas de este aceite virgen extra han obtenido una extraordinaria recepci\u00f3n por parte del mercado y la cr\u00edtica especializada dentro y fuera de Espa\u00f1a, situ\u00e1ndolo en una posici\u00f3n de liderazgo entre los mejores aceites virgen extra producidos en el mundo. De hecho, la edici\u00f3n 2013 de la principal gu\u00eda internacional especializada, <\/span>Flos Olei<span style=\"line-height: 1.5em;\">, confiri\u00f3 el extravirgen Marqu\u00e9s de Gri\u00f1\u00f3n Olevm Artis la m\u00e1s alta puntuaci\u00f3n de su historia (98 puntos) y su m\u00e1ximo reconocimiento, <\/span>Almazara del a\u00f1o.<span style=\"line-height: 1.5em;\">Su hija Xandra Falc\u00f3, es actualmente Directora General de <\/span>Pagos Marqu\u00e9s de Gri\u00f1\u00f3n<span style=\"line-height: 1.5em;\">.<\/span><\/p><p style=\"text-align: center;\"><b style=\"line-height: 1.5em;\">SALUD<\/b><\/p><p>Con la intenci\u00f3n de divulgar los beneficios para la salud de la dieta mediterr\u00e1nea, y del aceite de oliva virgen extra, como pilar fundamental y dar a conocer los nuevos descubrimientos en esta materia contaremos con:<\/p><p><a href=\"http:\/\/centrodeolivaryaceite.com\/wp-content\/uploads\/2014\/09\/ramon-estruch.jpg\"><img class=\"wp-image-3661 aligncenter\" src=\"http:\/\/centrodeolivaryaceite.com\/wp-content\/uploads\/2014\/09\/ramon-estruch.jpg\" alt=\"ramon estruch\" width=\"336\" height=\"252\" \/><\/a><\/p><p style=\"text-align: center;\"><span style=\"text-decoration: underline; line-height: 1.5em;\">D. Ram\u00f3n Estruch Riba,\u00a0Coordinador Nacional del Estudio PREDIMED<\/span><\/p><p>Licenciado en Medicina y Cirug\u00eda, y doctor en Medicina porla Universidadde Barcelona. Actualmente ejerce como Consultor S\u00e9nior en el Departamento de Medicina Interna del Hospital Cl\u00ednic de Barcelona, Profesor Asociado en la Facultad de Medicina de la Universidadde Barcelona y Miembro del Comit\u00e9 Directivo del CIBER Fisiopatolog\u00eda dela Obesidadyla Nutrici\u00f3ndel Instituto de Salud Carlos III (Ministerio de Ciencia e Innovaci\u00f3n, Gobierno de Espa\u00f1a) .<\/p><p><span style=\"line-height: 1.5em;\">Coordinador Nacional del Estudio PREDIMED y forma parte del Comit\u00e9 Directivo de CIBER sobre Fisiopatolog\u00eda de la Obesidad y la Nutrici\u00f3n del Instituto de Salud Carlos III de Madrid. Ha colaborado activamente con grupos de investigaci\u00f3n estadounidenses, finlandeses, franceses, ingleses e italianos. El estudio PREDIMED (Prevenci\u00f3n con Dieta Mediterr\u00e1nea) que eval\u00faa los efectos de la dieta mediterr\u00e1nea y sus principales componentes en la prevenci\u00f3n primaria de enfermedades cardiovasculares en pacientes de alto riesgo cardiovascular.<\/span><\/p><p style=\"text-align: center;\"><b style=\"line-height: 1.5em;\">GASTRONOM\u00cdA<\/b><\/p><p>Para aprender el uso gastron\u00f3mico de diferentes aceites de oliva virgen extra, para potenciar el sabor de los alimentos y descubrir la excelencia en el sabor y maridaje con cada variedad de aceituna y para transmitir conocimientos culinarios para enriquecer el recetario gastron\u00f3mico de los participantes, contaremos con dos ponentes, dos j\u00f3venes Chefs ubetenses con una gran trayectoria consolidada:<\/p><p><a href=\"http:\/\/centrodeolivaryaceite.com\/wp-content\/uploads\/2014\/09\/alejo-perez.jpg\"><img class=\"aligncenter\" src=\"http:\/\/centrodeolivaryaceite.com\/wp-content\/uploads\/2014\/09\/alejo-perez.jpg\" alt=\"alejo perez\" width=\"100\" height=\"120\" \/><\/a><img class=\"wp-image-3662 aligncenter\" src=\"http:\/\/centrodeolivaryaceite.com\/wp-content\/uploads\/2014\/09\/la-foto.jpg\" alt=\"la foto\" width=\"98\" height=\"120\" \/> <a href=\"http:\/\/centrodeolivaryaceite.com\/wp-content\/uploads\/2014\/09\/alejo-perez.jpg\"><br \/> <\/a><\/p><p style=\"text-align: center;\"><span style=\"text-decoration: underline;\">\u00a0Alejo P\u00e9rez, Chef del Restaurante Antique y Francisco Manuel Pe\u00f1uela, Chef del Restaurante Asador de Santiago<\/span><\/p><p><span style=\"line-height: 1.5em;\">Ambos combinan perfectamente la tradici\u00f3n con la innovaci\u00f3n, uniendo la cocina tradicional de la zona con las m\u00e1s modernas t\u00e9cnicas y las presentaciones m\u00e1s modernas. Todo con un uso cuidado y esmerado del Aceite de Oliva Virgen Extra en sus recetas. Adem\u00e1s dominan a la perfecci\u00f3n la denominada \u201cminicocina\u201d conocida popularmente como \u201cTapeo\u201d con una amplia oferta de platos, creados a partir del AOVE como base. J\u00f3venes restauradores, con una amplia formaci\u00f3n culinaria en las mejores escuelas de Andaluc\u00eda y Espa\u00f1a y que lideran los equipos de cocina de dos restaurantes que van a la cabeza en innovaci\u00f3n en el uso del AOVE en la cocina, en la provincia de Ja\u00e9n.<\/span><\/p><p style=\"text-align: center;\"><a href=\"http:\/\/centrodeolivaryaceite.com\/wp-content\/uploads\/2014\/08\/D\u00cdPTICO_JORNADAS-.pdf\"><strong>Click aqu\u00ed para descargar el Programa de las\u00a0\u00a0I Jornadas: Virgen Extra, Patrimonio Saludable<\/strong><\/a><\/p><p style=\"text-align: center;\"><strong><a title=\"Inscripci\u00f3n I Jornadas Virgen Extra Patrimonio Saludable\" href=\"http:\/\/centrodeolivaryaceite.com\/inscripcion-jornadas-virgen-extra-patrimonio-saludable\/\">Click aqu\u00ed para ir a la Inscripci\u00f3n de las I Jornadas: Virgen Extra, Patrimonio Saludable<\/a><\/strong><\/p><p><a href=\"http:\/\/centrodeolivaryaceite.com\/wp-content\/uploads\/2014\/08\/jornadas.jpg\"><img class=\"aligncenter\" src=\"http:\/\/centrodeolivaryaceite.com\/wp-content\/uploads\/2014\/08\/jornadas.jpg\" alt=\"jornadas\" width=\"253\" height=\"403\" \/><\/a><\/p>","_et_gb_content_width":"","_jetpack_memberships_contains_paid_content":false,"footnotes":""},"categories":[1],"tags":[],"class_list":["post-3656","post","type-post","status-publish","format-standard","has-post-thumbnail","hentry","category-general"],"jetpack_featured_media_url":"https:\/\/i0.wp.com\/centrodeolivaryaceite.com\/wp-content\/uploads\/2014\/08\/jornadas.jpg?fit=602%2C960&ssl=1","jetpack_sharing_enabled":true,"jetpack_shortlink":"https:\/\/wp.me\/p95A9q-WY","_links":{"self":[{"href":"https:\/\/centrodeolivaryaceite.com\/es\/wp-json\/wp\/v2\/posts\/3656\/"}],"collection":[{"href":"https:\/\/centrodeolivaryaceite.com\/es\/wp-json\/wp\/v2\/posts\/"}],"about":[{"href":"https:\/\/centrodeolivaryaceite.com\/es\/wp-json\/wp\/v2\/types\/post\/"}],"author":[{"embeddable":true,"href":"https:\/\/centrodeolivaryaceite.com\/es\/wp-json\/wp\/v2\/users\/1\/"}],"replies":[{"embeddable":true,"href":"https:\/\/centrodeolivaryaceite.com\/es\/wp-json\/wp\/v2\/comments\/?post=3656"}],"version-history":[{"count":0,"href":"https:\/\/centrodeolivaryaceite.com\/es\/wp-json\/wp\/v2\/posts\/3656\/revisions\/"}],"wp:featuredmedia":[{"embeddable":true,"href":"https:\/\/centrodeolivaryaceite.com\/es\/wp-json\/wp\/v2\/media\/3543\/"}],"wp:attachment":[{"href":"https:\/\/centrodeolivaryaceite.com\/es\/wp-json\/wp\/v2\/media\/?parent=3656"}],"wp:term":[{"taxonomy":"category","embeddable":true,"href":"https:\/\/centrodeolivaryaceite.com\/es\/wp-json\/wp\/v2\/categories\/?post=3656"},{"taxonomy":"post_tag","embeddable":true,"href":"https:\/\/centrodeolivaryaceite.com\/es\/wp-json\/wp\/v2\/tags\/?post=3656"}],"curies":[{"name":"wp","href":"https:\/\/api.w.org\/{rel}","templated":true}]}}