{"id":36747,"date":"2018-08-10T18:55:07","date_gmt":"2018-08-10T18:55:07","guid":{"rendered":"http:\/\/centrodeolivaryaceite.com\/?p=36747"},"modified":"2022-07-29T11:57:36","modified_gmt":"2022-07-29T11:57:36","slug":"presentacion-de-pequechef-del-aove-2018","status":"publish","type":"post","link":"https:\/\/centrodeolivaryaceite.com\/es\/presentacion-de-pequechef-del-aove-2018\/","title":{"rendered":"PRESENTACI\u00d3N DE PEQUECHEF DEL AOVE 2018"},"content":{"rendered":"<p>[et_pb_section fb_built=\u00bb1&#8243; fullwidth=\u00bbon\u00bb custom_padding_last_edited=\u00bbon|desktop\u00bb admin_label=\u00bbSecci\u00f3n\u00bb _builder_version=\u00bb3.22&#8243; background_color=\u00bb#ffffff\u00bb background_image=\u00bbhttp:\/\/centrodeolivaryaceite.com\/wp-content\/uploads\/2016\/06\/page_header_bg_blue.jpg\u00bb custom_padding_tablet=\u00bb50px|0|50px|0&#8243; custom_padding_phone=\u00bb\u00bb transparent_background=\u00bboff\u00bb padding_mobile=\u00bboff\u00bb make_fullwidth=\u00bboff\u00bb use_custom_width=\u00bboff\u00bb width_unit=\u00bbon\u00bb global_module=\u00bb5294&#8243; locked=\u00bboff\u00bb collapsed=\u00bboff\u00bb global_colors_info=\u00bb{}\u00bb][et_pb_fullwidth_post_title meta=\u00bboff\u00bb featured_image=\u00bboff\u00bb text_color=\u00bblight\u00bb text_background=\u00bbon\u00bb text_bg_color=\u00bbrgba(28,28,28,0.43)\u00bb admin_label=\u00bbT\u00edtulo\u00bb _builder_version=\u00bb4.17.6&#8243; _module_preset=\u00bbdefault\u00bb title_font=\u00bbRoboto Light||||\u00bb title_font_size=\u00bb35px\u00bb title_all_caps=\u00bbon\u00bb background_color=\u00bbrgba(255,255,255,0)\u00bb parallax=\u00bbon\u00bb parallax_method=\u00bboff\u00bb text_orientation=\u00bbcenter\u00bb parallax_effect=\u00bbon\u00bb module_bg_color=\u00bbrgba(255,255,255,0)\u00bb use_border_color=\u00bboff\u00bb border_color=\u00bb#ffffff\u00bb border_style=\u00bbsolid\u00bb global_colors_info=\u00bb{}\u00bb][\/et_pb_fullwidth_post_title][\/et_pb_section][et_pb_section fb_built=\u00bb1&#8243; custom_padding_last_edited=\u00bbon|desktop\u00bb _builder_version=\u00bb4.16&#8243; background_color=\u00bb#ffffff\u00bb custom_padding=\u00bb10px|||\u00bb custom_padding_tablet=\u00bb50px|0|50px|0&#8243; custom_padding_phone=\u00bb\u00bb transparent_background=\u00bboff\u00bb padding_mobile=\u00bboff\u00bb make_fullwidth=\u00bboff\u00bb use_custom_width=\u00bboff\u00bb width_unit=\u00bbon\u00bb global_colors_info=\u00bb{}\u00bb][et_pb_row padding_mobile=\u00bboff\u00bb column_padding_mobile=\u00bbon\u00bb _builder_version=\u00bb4.16&#8243; background_size=\u00bbinitial\u00bb background_position=\u00bbtop_left\u00bb background_repeat=\u00bbrepeat\u00bb custom_padding=\u00bb10px|||\u00bb make_fullwidth=\u00bboff\u00bb use_custom_width=\u00bboff\u00bb width_unit=\u00bbon\u00bb global_colors_info=\u00bb{}\u00bb][et_pb_column type=\u00bb4_4&#8243; _builder_version=\u00bb4.16&#8243; custom_padding=\u00bb|||\u00bb global_colors_info=\u00bb{}\u00bb custom_padding__hover=\u00bb|||\u00bb][et_pb_post_title title=\u00bboff\u00bb _builder_version=\u00bb4.16&#8243; title_all_caps=\u00bboff\u00bb background_color=\u00bbrgba(255,255,255,0)\u00bb parallax=\u00bbon\u00bb parallax_effect=\u00bbon\u00bb module_bg_color=\u00bbrgba(255,255,255,0)\u00bb use_border_color=\u00bboff\u00bb border_color=\u00bb#ffffff\u00bb border_style=\u00bbsolid\u00bb global_colors_info=\u00bb{}\u00bb][\/et_pb_post_title][\/et_pb_column][\/et_pb_row][\/et_pb_section][et_pb_section fb_built=\u00bb1&#8243; specialty=\u00bbon\u00bb custom_padding_last_edited=\u00bbon|desktop\u00bb parallax_method_1=\u00bboff\u00bb parallax_method_2=\u00bboff\u00bb _builder_version=\u00bb4.16&#8243; background_color=\u00bb#ffffff\u00bb custom_padding=\u00bb10px|||\u00bb custom_padding_tablet=\u00bb50px|0|50px|0&#8243; custom_padding_phone=\u00bb\u00bb transparent_background=\u00bboff\u00bb padding_mobile=\u00bboff\u00bb make_fullwidth=\u00bboff\u00bb use_custom_width=\u00bboff\u00bb width_unit=\u00bbon\u00bb global_colors_info=\u00bb{}\u00bb][et_pb_column type=\u00bb2_3&#8243; specialty_columns=\u00bb2&#8243; _builder_version=\u00bb4.16&#8243; custom_padding=\u00bb|||\u00bb global_colors_info=\u00bb{}\u00bb custom_padding__hover=\u00bb|||\u00bb][et_pb_row_inner padding_mobile=\u00bboff\u00bb column_padding_mobile=\u00bbon\u00bb admin_label=\u00bbFila\u00bb _builder_version=\u00bb4.16&#8243; custom_padding=\u00bb0px|||\u00bb global_colors_info=\u00bb{}\u00bb][et_pb_column_inner saved_specialty_column_type=\u00bb2_3&#8243; _builder_version=\u00bb4.16&#8243; custom_padding=\u00bb|||\u00bb global_colors_info=\u00bb{}\u00bb custom_padding__hover=\u00bb|||\u00bb][et_pb_text admin_label=\u00bbTexto a reemplazar\u00bb _builder_version=\u00bb4.16&#8243; use_border_color=\u00bboff\u00bb global_colors_info=\u00bb{}\u00bb]La maquinaria del Centro de Interpretaci\u00f3n \u2018Olivar y Aceite\u2019 no para ni en los meses estivales para ofrecer a la ciudadan\u00eda una gran cantidad de actividades cuyo objetivo no es otro que promocionar y difundir la cultura del mundo del aceite y del olivar.<\/p>\n<p>As\u00ed en la ma\u00f1ana de hoy el presidente de la entidad, Javier G\u00e1mez acompa\u00f1ado por Carmen Morillo, representante de Ole\u00edcola Ja\u00e9n, present\u00f3 la segunda edici\u00f3n del concurso de cocina infantil \u2018Pequechef del Aove\u2019, que se celebrar\u00e1 el pr\u00f3ximo 16 de septiembre. Actividad enmarcada dentro de la programaci\u00f3n de la\u00a0 trig\u00e9simo sexta edici\u00f3n de la Feria de Maquinaria Agr\u00edcola (FEMA).<\/p>\n<p>Se trata de un concurso dirigido a menores de edades comprendidas entre 7 y 12 a\u00f1os, que deber\u00e1n elaborar el d\u00eda del evento un plato en directo. Las bases pueden consultarse en la web del Centro de Interpretaci\u00f3n, http:\/\/centroolivaryaceite.com\/. Asimismo los interesados en participar deben enviar un correo electr\u00f3nico con la receta del plato que vayan a realizar el d\u00eda del concurso, acompa\u00f1ada de una fotograf\u00eda de la misma y la autorizaci\u00f3n del tutor o persona responsable del menor, a pequechef@gmail.com. El plazo de inscripci\u00f3n estar\u00e1 abierto hasta el pr\u00f3ximo 2 de septiembre y es gratuita.<\/p>\n<p>Entre los platos presentados el jurado elegir\u00e1 a cuatro finalistas, cuyos nombres se dar\u00e1n a conocer a trav\u00e9s de las redes sociales de \u2018Olivar y Aceite\u2019. Los seleccionados tendr\u00e1n que elaborar sus recetas el domingo 16 de septiembre en la carpa de la Feria de Maquinaria Agr\u00edcola, a partir de las 11:30 horas. All\u00ed los j\u00f3venes chef\u00a0 realizar\u00e1n sus platos de dos en dos, donde deber\u00e1n demostrar al jurado sus dotes culinarias. Adem\u00e1s se valorar\u00e1\u00a0 la creatividad, el uso de productos saludables y que el ingrediente estrella del plato sea el oro l\u00edquido, como indic\u00f3 el presidente de \u2018Olivar y Aceite\u2019, Javier G\u00e1mez. Igualmente el jurado entregar\u00e1 cuatro distinciones, entre los que se encuentran el premio a la mejor receta,\u00a0 otro al plato m\u00e1s saludable, a la elaboraci\u00f3n m\u00e1s original y por \u00faltimo a la receta que m\u00e1s aceite de oliva virgen extra utilice.<\/p>\n<p><img data-recalc-dims=\"1\" loading=\"lazy\" decoding=\"async\" data-attachment-id=\"36749\" data-permalink=\"https:\/\/centrodeolivaryaceite.com\/es\/presentacion-de-pequechef-del-aove-2018\/pequechef-2018-4\/\" data-orig-file=\"https:\/\/i0.wp.com\/centrodeolivaryaceite.com\/wp-content\/uploads\/2018\/08\/Pequechef-2018-4.jpg?fit=1024%2C683&amp;ssl=1\" data-orig-size=\"1024,683\" data-comments-opened=\"1\" data-image-meta=\"{&quot;aperture&quot;:&quot;2.8&quot;,&quot;credit&quot;:&quot;&quot;,&quot;camera&quot;:&quot;NIKON D500&quot;,&quot;caption&quot;:&quot;&quot;,&quot;created_timestamp&quot;:&quot;1533726815&quot;,&quot;copyright&quot;:&quot;&quot;,&quot;focal_length&quot;:&quot;19&quot;,&quot;iso&quot;:&quot;500&quot;,&quot;shutter_speed&quot;:&quot;0.02&quot;,&quot;title&quot;:&quot;&quot;,&quot;orientation&quot;:&quot;1&quot;}\" data-image-title=\"Pequechef 2018 4\" data-image-description=\"\" data-image-caption=\"\" data-medium-file=\"https:\/\/i0.wp.com\/centrodeolivaryaceite.com\/wp-content\/uploads\/2018\/08\/Pequechef-2018-4.jpg?fit=300%2C200&amp;ssl=1\" data-large-file=\"https:\/\/i0.wp.com\/centrodeolivaryaceite.com\/wp-content\/uploads\/2018\/08\/Pequechef-2018-4.jpg?fit=1024%2C683&amp;ssl=1\" class=\"aligncenter wp-image-36749\" src=\"https:\/\/i0.wp.com\/centrodeolivaryaceite.com\/wp-content\/uploads\/2018\/08\/Pequechef-2018-4-1024x683.jpg?resize=317%2C211\" alt=\"\" width=\"317\" height=\"211\" srcset=\"https:\/\/i0.wp.com\/centrodeolivaryaceite.com\/wp-content\/uploads\/2018\/08\/Pequechef-2018-4.jpg?w=1024&amp;ssl=1 1024w, https:\/\/i0.wp.com\/centrodeolivaryaceite.com\/wp-content\/uploads\/2018\/08\/Pequechef-2018-4.jpg?resize=300%2C200&amp;ssl=1 300w, https:\/\/i0.wp.com\/centrodeolivaryaceite.com\/wp-content\/uploads\/2018\/08\/Pequechef-2018-4.jpg?resize=768%2C512&amp;ssl=1 768w\" sizes=\"(max-width: 317px) 100vw, 317px\" \/><\/p>\n<p>\u201cUn concurso que subvenciona la Diputaci\u00f3n Provincial de Ja\u00e9n y que patrocina Ole\u00edcola Ja\u00e9n, aportando todos los productos y variedades de aceite de oliva virgen extra que en la actualidad tiene en el mercado la empresa. Y en el que adem\u00e1s distintas empresas de la ciudad donar\u00e1n diferentes regalos, entre las que se encuentran Biedma, Juguet\u00f3n, Jos\u00e9 Biedma Moya, Papeler\u00eda- librer\u00eda Studio y cosm\u00e9tica Notaliv\u201d, indic\u00f3 G\u00e1mez. As\u00ed, prosigui\u00f3 el presidente de la entidad \u201ccada uno de los cuatro finalistas recibir\u00e1 un lote de regalos entre los que no faltar\u00e1 aceite de oliva virgen extra de Ole\u00edcola Ja\u00e9n, patrocinador del concurso as\u00ed como juegos de mesa, libros de cocina, material escolar o deportivo, aportados por las empresas colaboradoras\u201d.<\/p>\n<p>Asimismo no quiso dejar pasar la oportunidad de agradecer a la empresa Ole\u00edcola Ja\u00e9n su implicaci\u00f3n en \u2018Pequechef del AOVE\u2019, pues como manifest\u00f3; \u2018es una oportunidad \u00fanica para que los peque\u00f1os de la casa demuestren sus cualidades entre fogones, peque\u00f1os cocineros que son muy importantes para nosotros como entidad, pues ser\u00e1n los consumidores y profesionales del futuro y los encargados de trasmitir el patrimonio cultural del mundo del olivar, tanto dentro como fuera de nuestras fronteras\u2019, asever\u00f3 G\u00e1mez.<\/p>\n<p>Por su parte,\u00a0 Carmen Morillo, de Ole\u00edcola Ja\u00e9n empresa socia de la entidad, se suma como patrocinador de esta iniciativa, pues seg\u00fan Morillo \u201ccuando nos comentaron la idea desde \u201cOlivar y Aceite\u201d nos encant\u00f3, ya que debemos fomentar como productores y como padres la alimentaci\u00f3n saludable entre los m\u00e1s peque\u00f1os, y el consumo del aceite de oliva virgen extra. Para ello todas las recetas ser\u00e1n elaboradas con aceites Ole\u00edcola Ja\u00e9n, utilizando la variedad que los finalistas consideren m\u00e1s adecuada en relaci\u00f3n al plato que elaboren. Adem\u00e1s para que sigan creciendo y fomentando su pasi\u00f3n por los fogones, entre los premios que se llevar\u00e1n a casa estos \u201cpeque\u00f1os cocineros\u201d habr\u00e1 unos lotes de aceites de nuestra marca\u201d, manifest\u00f3 Morillo.<\/p>\n<p>&nbsp;<br \/>\n[\/et_pb_text][et_pb_comments _builder_version=\u00bb4.16&#8243; use_border_color=\u00bboff\u00bb border_color=\u00bb#ffffff\u00bb border_style=\u00bbsolid\u00bb button_letter_spacing_hover=\u00bb0&#8243; global_colors_info=\u00bb{}\u00bb button_text_size__hover_enabled=\u00bboff\u00bb button_one_text_size__hover_enabled=\u00bboff\u00bb button_two_text_size__hover_enabled=\u00bboff\u00bb button_text_color__hover_enabled=\u00bboff\u00bb button_one_text_color__hover_enabled=\u00bboff\u00bb button_two_text_color__hover_enabled=\u00bboff\u00bb button_border_width__hover_enabled=\u00bboff\u00bb button_one_border_width__hover_enabled=\u00bboff\u00bb button_two_border_width__hover_enabled=\u00bboff\u00bb button_border_color__hover_enabled=\u00bboff\u00bb button_one_border_color__hover_enabled=\u00bboff\u00bb button_two_border_color__hover_enabled=\u00bboff\u00bb button_border_radius__hover_enabled=\u00bboff\u00bb button_one_border_radius__hover_enabled=\u00bboff\u00bb button_two_border_radius__hover_enabled=\u00bboff\u00bb button_letter_spacing__hover_enabled=\u00bbon\u00bb button_letter_spacing__hover=\u00bb0&#8243; button_one_letter_spacing__hover_enabled=\u00bboff\u00bb button_two_letter_spacing__hover_enabled=\u00bboff\u00bb button_bg_color__hover_enabled=\u00bboff\u00bb button_one_bg_color__hover_enabled=\u00bboff\u00bb button_two_bg_color__hover_enabled=\u00bboff\u00bb][\/et_pb_comments][\/et_pb_column_inner][\/et_pb_row_inner][\/et_pb_column][et_pb_column type=\u00bb1_3&#8243; _builder_version=\u00bb4.16&#8243; custom_padding=\u00bb|||\u00bb global_colors_info=\u00bb{}\u00bb custom_padding__hover=\u00bb|||\u00bb][et_pb_sidebar orientation=\u00bbright\u00bb area=\u00bbsidebar-1&#8243; _builder_version=\u00bb4.16&#8243; remove_border=\u00bboff\u00bb global_colors_info=\u00bb{}\u00bb theme_builder_area=\u00bbpost_content\u00bb][\/et_pb_sidebar][\/et_pb_column][\/et_pb_section][et_pb_section fb_built=\u00bb1&#8243; custom_padding_last_edited=\u00bbon|desktop\u00bb disabled_on=\u00bbon|on|on\u00bb _builder_version=\u00bb3.0.92&#8243; background_color=\u00bb#dedacf\u00bb custom_padding_tablet=\u00bb50px|0|50px|0&#8243; custom_padding_phone=\u00bb\u00bb disabled=\u00bbon\u00bb global_module=\u00bb5116&#8243; collapsed=\u00bboff\u00bb global_colors_info=\u00bb{}\u00bb][et_pb_row _builder_version=\u00bb4.16&#8243; global_colors_info=\u00bb{}\u00bb][et_pb_column type=\u00bb4_4&#8243; _builder_version=\u00bb4.16&#8243; custom_padding=\u00bb|||\u00bb global_colors_info=\u00bb{}\u00bb custom_padding__hover=\u00bb|||\u00bb][\/et_pb_column][\/et_pb_row][\/et_pb_section][et_pb_section fb_built=\u00bb1&#8243; custom_padding_last_edited=\u00bbon|desktop\u00bb _builder_version=\u00bb3.22&#8243; background_color=\u00bb#ffffff\u00bb custom_padding=\u00bb10px||0px|\u00bb custom_padding_tablet=\u00bb50px|0|50px|0&#8243; custom_padding_phone=\u00bb\u00bb transparent_background=\u00bboff\u00bb padding_mobile=\u00bboff\u00bb make_fullwidth=\u00bboff\u00bb use_custom_width=\u00bboff\u00bb width_unit=\u00bbon\u00bb global_module=\u00bb5115&#8243; collapsed=\u00bboff\u00bb global_colors_info=\u00bb{}\u00bb][et_pb_row padding_mobile=\u00bboff\u00bb column_padding_mobile=\u00bbon\u00bb _builder_version=\u00bb4.16&#8243; background_size=\u00bbinitial\u00bb background_position=\u00bbtop_left\u00bb background_repeat=\u00bbrepeat\u00bb max_width=\u00bb1080px\u00bb custom_padding=\u00bb0px||0px|\u00bb make_fullwidth=\u00bboff\u00bb use_custom_width=\u00bboff\u00bb width_unit=\u00bbon\u00bb global_colors_info=\u00bb{}\u00bb][\/et_pb_row][\/et_pb_section][et_pb_section fb_built=\u00bb1&#8243; _builder_version=\u00bb4.16&#8243; global_colors_info=\u00bb{}\u00bb][et_pb_row _builder_version=\u00bb4.16&#8243; background_size=\u00bbinitial\u00bb background_position=\u00bbtop_left\u00bb background_repeat=\u00bbrepeat\u00bb global_colors_info=\u00bb{}\u00bb][\/et_pb_row][\/et_pb_section]<\/p>\n","protected":false},"excerpt":{"rendered":"<p>La maquinaria del Centro de Interpretaci\u00f3n \u2018Olivar y Aceite\u2019 no para ni en los meses estivales para ofrecer a la ciudadan\u00eda una gran cantidad de actividades cuyo objetivo no es otro que promocionar y difundir la cultura del mundo del aceite y del olivar. As\u00ed en la ma\u00f1ana de hoy el presidente de la entidad, [&hellip;]<\/p>\n","protected":false},"author":1,"featured_media":36751,"comment_status":"open","ping_status":"open","sticky":false,"template":"","format":"standard","meta":{"_et_pb_use_builder":"on","_et_pb_old_content":"","_et_gb_content_width":"","_jetpack_memberships_contains_paid_content":false,"footnotes":""},"categories":[1],"tags":[],"class_list":["post-36747","post","type-post","status-publish","format-standard","has-post-thumbnail","hentry","category-general"],"jetpack_featured_media_url":"https:\/\/i0.wp.com\/centrodeolivaryaceite.com\/wp-content\/uploads\/2018\/08\/Pequechef-2018-2.jpg?fit=1024%2C683&ssl=1","jetpack_sharing_enabled":true,"jetpack_shortlink":"https:\/\/wp.me\/p95A9q-9yH","_links":{"self":[{"href":"https:\/\/centrodeolivaryaceite.com\/es\/wp-json\/wp\/v2\/posts\/36747\/"}],"collection":[{"href":"https:\/\/centrodeolivaryaceite.com\/es\/wp-json\/wp\/v2\/posts\/"}],"about":[{"href":"https:\/\/centrodeolivaryaceite.com\/es\/wp-json\/wp\/v2\/types\/post\/"}],"author":[{"embeddable":true,"href":"https:\/\/centrodeolivaryaceite.com\/es\/wp-json\/wp\/v2\/users\/1\/"}],"replies":[{"embeddable":true,"href":"https:\/\/centrodeolivaryaceite.com\/es\/wp-json\/wp\/v2\/comments\/?post=36747"}],"version-history":[{"count":0,"href":"https:\/\/centrodeolivaryaceite.com\/es\/wp-json\/wp\/v2\/posts\/36747\/revisions\/"}],"wp:featuredmedia":[{"embeddable":true,"href":"https:\/\/centrodeolivaryaceite.com\/es\/wp-json\/wp\/v2\/media\/36751\/"}],"wp:attachment":[{"href":"https:\/\/centrodeolivaryaceite.com\/es\/wp-json\/wp\/v2\/media\/?parent=36747"}],"wp:term":[{"taxonomy":"category","embeddable":true,"href":"https:\/\/centrodeolivaryaceite.com\/es\/wp-json\/wp\/v2\/categories\/?post=36747"},{"taxonomy":"post_tag","embeddable":true,"href":"https:\/\/centrodeolivaryaceite.com\/es\/wp-json\/wp\/v2\/tags\/?post=36747"}],"curies":[{"name":"wp","href":"https:\/\/api.w.org\/{rel}","templated":true}]}}