{"id":36968,"date":"2019-01-29T16:20:58","date_gmt":"2019-01-29T16:20:58","guid":{"rendered":"http:\/\/centrodeolivaryaceite.com\/?p=36968"},"modified":"2022-07-29T11:38:06","modified_gmt":"2022-07-29T11:38:06","slug":"catas-de-aove-en-las-jornadas-gastronomicas-del-renacimiento-2019","status":"publish","type":"post","link":"https:\/\/centrodeolivaryaceite.com\/es\/catas-de-aove-en-las-jornadas-gastronomicas-del-renacimiento-2019\/","title":{"rendered":"CATAS DE AOVE EN LAS JORNADAS GASTRON\u00d3MICAS DEL RENACIMIENTO 2019"},"content":{"rendered":"<p>[et_pb_section fb_built=\u00bb1&#8243; fullwidth=\u00bbon\u00bb custom_padding_last_edited=\u00bbon|desktop\u00bb admin_label=\u00bbSecci\u00f3n\u00bb _builder_version=\u00bb3.22&#8243; background_color=\u00bb#ffffff\u00bb background_image=\u00bbhttp:\/\/centrodeolivaryaceite.com\/wp-content\/uploads\/2016\/06\/page_header_bg_blue.jpg\u00bb custom_padding_tablet=\u00bb50px|0|50px|0&#8243; custom_padding_phone=\u00bb\u00bb transparent_background=\u00bboff\u00bb padding_mobile=\u00bboff\u00bb make_fullwidth=\u00bboff\u00bb use_custom_width=\u00bboff\u00bb width_unit=\u00bbon\u00bb global_module=\u00bb5294&#8243; locked=\u00bboff\u00bb collapsed=\u00bboff\u00bb global_colors_info=\u00bb{}\u00bb][et_pb_fullwidth_post_title meta=\u00bboff\u00bb featured_image=\u00bboff\u00bb text_color=\u00bblight\u00bb text_background=\u00bbon\u00bb text_bg_color=\u00bbrgba(28,28,28,0.43)\u00bb admin_label=\u00bbT\u00edtulo\u00bb _builder_version=\u00bb4.17.6&#8243; _module_preset=\u00bbdefault\u00bb title_font=\u00bbRoboto Light||||\u00bb title_font_size=\u00bb35px\u00bb title_all_caps=\u00bbon\u00bb background_color=\u00bbrgba(255,255,255,0)\u00bb parallax=\u00bbon\u00bb parallax_method=\u00bboff\u00bb text_orientation=\u00bbcenter\u00bb parallax_effect=\u00bbon\u00bb module_bg_color=\u00bbrgba(255,255,255,0)\u00bb use_border_color=\u00bboff\u00bb border_color=\u00bb#ffffff\u00bb border_style=\u00bbsolid\u00bb global_colors_info=\u00bb{}\u00bb][\/et_pb_fullwidth_post_title][\/et_pb_section][et_pb_section fb_built=\u00bb1&#8243; custom_padding_last_edited=\u00bbon|desktop\u00bb _builder_version=\u00bb4.16&#8243; background_color=\u00bb#ffffff\u00bb custom_padding=\u00bb10px|||\u00bb custom_padding_tablet=\u00bb50px|0|50px|0&#8243; custom_padding_phone=\u00bb\u00bb transparent_background=\u00bboff\u00bb padding_mobile=\u00bboff\u00bb make_fullwidth=\u00bboff\u00bb use_custom_width=\u00bboff\u00bb width_unit=\u00bbon\u00bb global_colors_info=\u00bb{}\u00bb][et_pb_row padding_mobile=\u00bboff\u00bb column_padding_mobile=\u00bbon\u00bb _builder_version=\u00bb4.16&#8243; background_size=\u00bbinitial\u00bb background_position=\u00bbtop_left\u00bb background_repeat=\u00bbrepeat\u00bb custom_padding=\u00bb10px|||\u00bb make_fullwidth=\u00bboff\u00bb use_custom_width=\u00bboff\u00bb width_unit=\u00bbon\u00bb global_colors_info=\u00bb{}\u00bb][et_pb_column type=\u00bb4_4&#8243; _builder_version=\u00bb4.16&#8243; custom_padding=\u00bb|||\u00bb global_colors_info=\u00bb{}\u00bb custom_padding__hover=\u00bb|||\u00bb][et_pb_post_title title=\u00bboff\u00bb _builder_version=\u00bb4.16&#8243; title_all_caps=\u00bboff\u00bb background_color=\u00bbrgba(255,255,255,0)\u00bb parallax=\u00bbon\u00bb parallax_effect=\u00bbon\u00bb module_bg_color=\u00bbrgba(255,255,255,0)\u00bb use_border_color=\u00bboff\u00bb border_color=\u00bb#ffffff\u00bb border_style=\u00bbsolid\u00bb global_colors_info=\u00bb{}\u00bb][\/et_pb_post_title][\/et_pb_column][\/et_pb_row][\/et_pb_section][et_pb_section fb_built=\u00bb1&#8243; specialty=\u00bbon\u00bb custom_padding_last_edited=\u00bbon|desktop\u00bb parallax_method_1=\u00bboff\u00bb parallax_method_2=\u00bboff\u00bb _builder_version=\u00bb4.16&#8243; background_color=\u00bb#ffffff\u00bb custom_padding=\u00bb10px|||\u00bb custom_padding_tablet=\u00bb50px|0|50px|0&#8243; custom_padding_phone=\u00bb\u00bb transparent_background=\u00bboff\u00bb padding_mobile=\u00bboff\u00bb make_fullwidth=\u00bboff\u00bb use_custom_width=\u00bboff\u00bb width_unit=\u00bbon\u00bb global_colors_info=\u00bb{}\u00bb][et_pb_column type=\u00bb2_3&#8243; specialty_columns=\u00bb2&#8243; _builder_version=\u00bb4.16&#8243; custom_padding=\u00bb|||\u00bb global_colors_info=\u00bb{}\u00bb custom_padding__hover=\u00bb|||\u00bb][et_pb_row_inner padding_mobile=\u00bboff\u00bb column_padding_mobile=\u00bbon\u00bb admin_label=\u00bbFila\u00bb _builder_version=\u00bb4.16&#8243; custom_padding=\u00bb0px|||\u00bb global_colors_info=\u00bb{}\u00bb][et_pb_column_inner saved_specialty_column_type=\u00bb2_3&#8243; _builder_version=\u00bb4.16&#8243; custom_padding=\u00bb|||\u00bb global_colors_info=\u00bb{}\u00bb custom_padding__hover=\u00bb|||\u00bb][et_pb_text admin_label=\u00bbTexto a reemplazar\u00bb _builder_version=\u00bb4.16&#8243; use_border_color=\u00bboff\u00bb global_colors_info=\u00bb{}\u00bb]El Centro de Interpretaci\u00f3n \u201cOlivar y Aceite\u201d impulsa a lo largo del a\u00f1o numerosas iniciativas, dirigidas a todo tipo de p\u00fablico, para difundir la cultura del mundo del olivar y del aceite de oliva virgen extra. Y desde hace tres a\u00f1os la entidad tambi\u00e9n est\u00e1 presente en las \u201cJornadas Gastron\u00f3micas en el Renacimiento\u201d, pues la cita culinaria sirve para promocionar las bondades del aceite de oliva virgen, ya que los men\u00fas elaborados por los jefes de cocina de los nueve restaurantes participantes en las jornadas est\u00e1n regados con zumo de aceituna.<\/p>\n<p>Por ello en las instalaciones del Centro de Interpretaci\u00f3n \u201cOlivar y Aceite\u201d, ha adelantado el presidente de la entidad Javier G\u00e1mez, se van a llevar a cabo tres catas de aceite con el objetivo de iniciar a los asistentes a la cata de AOVE, y ser\u00e1n los propios productores los que expliquen a los inscritos las caracter\u00edsticas de sus aceites.<\/p>\n<p>\u201cSer\u00e1n tres catas y no dos como en las anteriores ediciones, ha aclarado G\u00e1mez, puesto que son doce los aceites oficiales de las \u201cJornadas Gastron\u00f3micas en el Renacimiento\u201d, y dado que los asistentes ser\u00e1n con casi toda probabilidad principiantes o novatos en el tema, queremos hacerlo as\u00ed para que cada productor pueda explicar cu\u00e1les son las propiedades de sus aceites y los t\u00e9cnicos de \u201cOlivar y Aceite\u201d puedan iniciar a los inscritos en el apasionante mundo del olivar y del aceite\u201d.<\/p>\n<p>Conviene recordar que estos aceites se obtienen a partir de zumo de las primeras aceitunas, a\u00fan muy verde, por lo que olfativa y gustativamente dan lugar a aceites magn\u00edficos. En estos AOVEs encontramos matices muy distintos como notas herb\u00e1ceas muy frescas, notas a r\u00facula, a alcachofa, a pl\u00e1tano verde, a tomatera, a almendra verde, en contraposici\u00f3n con aceites que son m\u00e1s tard\u00edos, donde aparecen esos frutos secos m\u00e1s maduros, sabores\u00a0 a cereal o\u00a0 a campi\u00f1a, Por tanto la recolecci\u00f3n temprana ofrece un producto de grand\u00edsima calidad, como se\u00f1al\u00f3 G\u00e1mez.<\/p>\n<p>Las catas ser\u00e1n totalmente gratuitas, ha avanzado el presidente de \u201cOlivar y Aceite\u201d y se llevaran a cabo los d\u00edas 7 y 21 de febrero y 14 de marzo, en horario de tarde, a partir de las 19 horas.<\/p>\n<p>En cada una de las catas, ha continuado G\u00e1mez estar\u00e1n presentes cuatro de los aceites oficiales de las decimo octava edici\u00f3n de las \u201cJornadas Gastron\u00f3micas en el Renacimiento\u201d, que este a\u00f1o son: Castillo de Canena, \u00d1 Organic, Pagos de Toral, Melgarejo, Canalla, Cortijo Esp\u00edritu Santo;\u00a0 Cortijo La Torre, Nobleza del Sur, Haza La Centenosa,\u00a0 Oro Bail\u00e9n, Gloriae y Se\u00f1or\u00edo de las Almenas.<\/p>\n<p>Unas catas, ha subrayado G\u00e1mez, que cuentan con un aforo limitado, de ah\u00ed que sea tan importante inscribirse a las mismas. Por ello el presidente de la entidad ha facilitado el n\u00famero de tel\u00e9fono del Centro de Interpretaci\u00f3n \u201cOlivar y Aceite\u201d, el 953755889, \u00a0donde deber\u00e1n llamar los interesados en participar en cualquier de las tres catas que se van a realizar.<\/p>\n<p>Para finalizar el presidente del Centro de Interpretaci\u00f3n \u201cOlivar y Aceite\u201d quiso poner en valor la importancia de los productores de los aceites oficiales de las \u201cJornadas Gastron\u00f3micas en el Renacimiento\u201d y en especial la colaboraci\u00f3n de los socios de la entidad como\u00d1 Organic, Pagos de Toral, Cortijo Esp\u00edritu Santo, Cortijo La Torre, Nobleza del Sur, Haza La Centenosa, Oro de Bail\u00e9n, Gloriae y Se\u00f1or\u00edo de las Almenas, que se esfuerzan a diario en promocionar y difundir las magnificenciasdel oro l\u00edquido.<br \/>\n[\/et_pb_text][et_pb_comments _builder_version=\u00bb4.16&#8243; use_border_color=\u00bboff\u00bb border_color=\u00bb#ffffff\u00bb border_style=\u00bbsolid\u00bb button_letter_spacing_hover=\u00bb0&#8243; global_colors_info=\u00bb{}\u00bb button_text_size__hover_enabled=\u00bboff\u00bb button_one_text_size__hover_enabled=\u00bboff\u00bb button_two_text_size__hover_enabled=\u00bboff\u00bb button_text_color__hover_enabled=\u00bboff\u00bb button_one_text_color__hover_enabled=\u00bboff\u00bb button_two_text_color__hover_enabled=\u00bboff\u00bb button_border_width__hover_enabled=\u00bboff\u00bb button_one_border_width__hover_enabled=\u00bboff\u00bb button_two_border_width__hover_enabled=\u00bboff\u00bb button_border_color__hover_enabled=\u00bboff\u00bb button_one_border_color__hover_enabled=\u00bboff\u00bb button_two_border_color__hover_enabled=\u00bboff\u00bb button_border_radius__hover_enabled=\u00bboff\u00bb button_one_border_radius__hover_enabled=\u00bboff\u00bb button_two_border_radius__hover_enabled=\u00bboff\u00bb button_letter_spacing__hover_enabled=\u00bbon\u00bb button_letter_spacing__hover=\u00bb0&#8243; button_one_letter_spacing__hover_enabled=\u00bboff\u00bb button_two_letter_spacing__hover_enabled=\u00bboff\u00bb button_bg_color__hover_enabled=\u00bboff\u00bb button_one_bg_color__hover_enabled=\u00bboff\u00bb button_two_bg_color__hover_enabled=\u00bboff\u00bb][\/et_pb_comments][\/et_pb_column_inner][\/et_pb_row_inner][\/et_pb_column][et_pb_column type=\u00bb1_3&#8243; _builder_version=\u00bb4.16&#8243; custom_padding=\u00bb|||\u00bb global_colors_info=\u00bb{}\u00bb custom_padding__hover=\u00bb|||\u00bb][et_pb_sidebar orientation=\u00bbright\u00bb area=\u00bbsidebar-1&#8243; _builder_version=\u00bb4.16&#8243; remove_border=\u00bboff\u00bb global_colors_info=\u00bb{}\u00bb theme_builder_area=\u00bbpost_content\u00bb][\/et_pb_sidebar][\/et_pb_column][\/et_pb_section][et_pb_section fb_built=\u00bb1&#8243; custom_padding_last_edited=\u00bbon|desktop\u00bb disabled_on=\u00bbon|on|on\u00bb _builder_version=\u00bb3.0.92&#8243; background_color=\u00bb#dedacf\u00bb custom_padding_tablet=\u00bb50px|0|50px|0&#8243; custom_padding_phone=\u00bb\u00bb disabled=\u00bbon\u00bb global_module=\u00bb5116&#8243; collapsed=\u00bboff\u00bb global_colors_info=\u00bb{}\u00bb][et_pb_row _builder_version=\u00bb4.16&#8243; global_colors_info=\u00bb{}\u00bb][et_pb_column type=\u00bb4_4&#8243; _builder_version=\u00bb4.16&#8243; custom_padding=\u00bb|||\u00bb global_colors_info=\u00bb{}\u00bb custom_padding__hover=\u00bb|||\u00bb][\/et_pb_column][\/et_pb_row][\/et_pb_section][et_pb_section fb_built=\u00bb1&#8243; custom_padding_last_edited=\u00bbon|desktop\u00bb _builder_version=\u00bb3.22&#8243; background_color=\u00bb#ffffff\u00bb custom_padding=\u00bb10px||0px|\u00bb custom_padding_tablet=\u00bb50px|0|50px|0&#8243; custom_padding_phone=\u00bb\u00bb transparent_background=\u00bboff\u00bb padding_mobile=\u00bboff\u00bb make_fullwidth=\u00bboff\u00bb use_custom_width=\u00bboff\u00bb width_unit=\u00bbon\u00bb global_module=\u00bb5115&#8243; collapsed=\u00bboff\u00bb global_colors_info=\u00bb{}\u00bb][et_pb_row padding_mobile=\u00bboff\u00bb column_padding_mobile=\u00bbon\u00bb _builder_version=\u00bb4.16&#8243; background_size=\u00bbinitial\u00bb background_position=\u00bbtop_left\u00bb background_repeat=\u00bbrepeat\u00bb max_width=\u00bb1080px\u00bb custom_padding=\u00bb0px||0px|\u00bb make_fullwidth=\u00bboff\u00bb use_custom_width=\u00bboff\u00bb width_unit=\u00bbon\u00bb global_colors_info=\u00bb{}\u00bb][\/et_pb_row][\/et_pb_section][et_pb_section fb_built=\u00bb1&#8243; _builder_version=\u00bb4.16&#8243; global_colors_info=\u00bb{}\u00bb][et_pb_row _builder_version=\u00bb4.16&#8243; background_size=\u00bbinitial\u00bb background_position=\u00bbtop_left\u00bb background_repeat=\u00bbrepeat\u00bb global_colors_info=\u00bb{}\u00bb][\/et_pb_row][\/et_pb_section]<\/p>\n","protected":false},"excerpt":{"rendered":"<p>El Centro de Interpretaci\u00f3n \u201cOlivar y Aceite\u201d impulsa a lo largo del a\u00f1o numerosas iniciativas, dirigidas a todo tipo de p\u00fablico, para difundir la cultura del mundo del olivar y del aceite de oliva virgen extra. Y desde hace tres a\u00f1os la entidad tambi\u00e9n est\u00e1 presente en las \u201cJornadas Gastron\u00f3micas en el Renacimiento\u201d, pues la [&hellip;]<\/p>\n","protected":false},"author":1,"featured_media":36970,"comment_status":"open","ping_status":"open","sticky":false,"template":"","format":"standard","meta":{"_et_pb_use_builder":"on","_et_pb_old_content":"","_et_gb_content_width":"","_jetpack_memberships_contains_paid_content":false,"footnotes":""},"categories":[1],"tags":[],"class_list":["post-36968","post","type-post","status-publish","format-standard","has-post-thumbnail","hentry","category-general"],"jetpack_featured_media_url":"https:\/\/i0.wp.com\/centrodeolivaryaceite.com\/wp-content\/uploads\/2019\/01\/jornadas-gastronomicas-en-el-renacimiento.jpg?fit=670%2C430&ssl=1","jetpack_sharing_enabled":true,"jetpack_shortlink":"https:\/\/wp.me\/p95A9q-9Cg","_links":{"self":[{"href":"https:\/\/centrodeolivaryaceite.com\/es\/wp-json\/wp\/v2\/posts\/36968\/"}],"collection":[{"href":"https:\/\/centrodeolivaryaceite.com\/es\/wp-json\/wp\/v2\/posts\/"}],"about":[{"href":"https:\/\/centrodeolivaryaceite.com\/es\/wp-json\/wp\/v2\/types\/post\/"}],"author":[{"embeddable":true,"href":"https:\/\/centrodeolivaryaceite.com\/es\/wp-json\/wp\/v2\/users\/1\/"}],"replies":[{"embeddable":true,"href":"https:\/\/centrodeolivaryaceite.com\/es\/wp-json\/wp\/v2\/comments\/?post=36968"}],"version-history":[{"count":0,"href":"https:\/\/centrodeolivaryaceite.com\/es\/wp-json\/wp\/v2\/posts\/36968\/revisions\/"}],"wp:featuredmedia":[{"embeddable":true,"href":"https:\/\/centrodeolivaryaceite.com\/es\/wp-json\/wp\/v2\/media\/36970\/"}],"wp:attachment":[{"href":"https:\/\/centrodeolivaryaceite.com\/es\/wp-json\/wp\/v2\/media\/?parent=36968"}],"wp:term":[{"taxonomy":"category","embeddable":true,"href":"https:\/\/centrodeolivaryaceite.com\/es\/wp-json\/wp\/v2\/categories\/?post=36968"},{"taxonomy":"post_tag","embeddable":true,"href":"https:\/\/centrodeolivaryaceite.com\/es\/wp-json\/wp\/v2\/tags\/?post=36968"}],"curies":[{"name":"wp","href":"https:\/\/api.w.org\/{rel}","templated":true}]}}