{"id":37061,"date":"2018-10-26T18:12:12","date_gmt":"2018-10-26T18:12:12","guid":{"rendered":"http:\/\/centrodeolivaryaceite.com\/?p=37061"},"modified":"2022-07-29T11:52:49","modified_gmt":"2022-07-29T11:52:49","slug":"rutas-del-aceite-solidarias-2018","status":"publish","type":"post","link":"https:\/\/centrodeolivaryaceite.com\/es\/rutas-del-aceite-solidarias-2018\/","title":{"rendered":"RUTAS DEL ACEITE SOLIDARIAS 2018"},"content":{"rendered":"<p>[et_pb_section fb_built=\u00bb1&#8243; fullwidth=\u00bbon\u00bb custom_padding_last_edited=\u00bbon|desktop\u00bb admin_label=\u00bbSecci\u00f3n\u00bb _builder_version=\u00bb3.22&#8243; background_color=\u00bb#ffffff\u00bb background_image=\u00bbhttp:\/\/centrodeolivaryaceite.com\/wp-content\/uploads\/2016\/06\/page_header_bg_blue.jpg\u00bb custom_padding_tablet=\u00bb50px|0|50px|0&#8243; custom_padding_phone=\u00bb\u00bb transparent_background=\u00bboff\u00bb padding_mobile=\u00bboff\u00bb make_fullwidth=\u00bboff\u00bb use_custom_width=\u00bboff\u00bb width_unit=\u00bbon\u00bb global_module=\u00bb5294&#8243; locked=\u00bboff\u00bb collapsed=\u00bboff\u00bb global_colors_info=\u00bb{}\u00bb][et_pb_fullwidth_post_title meta=\u00bboff\u00bb featured_image=\u00bboff\u00bb text_color=\u00bblight\u00bb text_background=\u00bbon\u00bb text_bg_color=\u00bbrgba(28,28,28,0.43)\u00bb admin_label=\u00bbT\u00edtulo\u00bb _builder_version=\u00bb4.17.6&#8243; _module_preset=\u00bbdefault\u00bb title_font=\u00bbRoboto Light||||\u00bb title_font_size=\u00bb35px\u00bb title_all_caps=\u00bbon\u00bb background_color=\u00bbrgba(255,255,255,0)\u00bb parallax=\u00bbon\u00bb parallax_method=\u00bboff\u00bb text_orientation=\u00bbcenter\u00bb parallax_effect=\u00bbon\u00bb module_bg_color=\u00bbrgba(255,255,255,0)\u00bb use_border_color=\u00bboff\u00bb border_color=\u00bb#ffffff\u00bb border_style=\u00bbsolid\u00bb global_colors_info=\u00bb{}\u00bb][\/et_pb_fullwidth_post_title][\/et_pb_section][et_pb_section fb_built=\u00bb1&#8243; custom_padding_last_edited=\u00bbon|desktop\u00bb _builder_version=\u00bb4.16&#8243; background_color=\u00bb#ffffff\u00bb custom_padding=\u00bb10px|||\u00bb custom_padding_tablet=\u00bb50px|0|50px|0&#8243; custom_padding_phone=\u00bb\u00bb transparent_background=\u00bboff\u00bb padding_mobile=\u00bboff\u00bb make_fullwidth=\u00bboff\u00bb use_custom_width=\u00bboff\u00bb width_unit=\u00bbon\u00bb global_colors_info=\u00bb{}\u00bb][et_pb_row padding_mobile=\u00bboff\u00bb column_padding_mobile=\u00bbon\u00bb _builder_version=\u00bb4.16&#8243; background_size=\u00bbinitial\u00bb background_position=\u00bbtop_left\u00bb background_repeat=\u00bbrepeat\u00bb custom_padding=\u00bb10px|||\u00bb make_fullwidth=\u00bboff\u00bb use_custom_width=\u00bboff\u00bb width_unit=\u00bbon\u00bb global_colors_info=\u00bb{}\u00bb][et_pb_column type=\u00bb4_4&#8243; _builder_version=\u00bb4.16&#8243; custom_padding=\u00bb|||\u00bb global_colors_info=\u00bb{}\u00bb custom_padding__hover=\u00bb|||\u00bb][et_pb_post_title title=\u00bboff\u00bb _builder_version=\u00bb4.16&#8243; title_all_caps=\u00bboff\u00bb background_color=\u00bbrgba(255,255,255,0)\u00bb parallax=\u00bbon\u00bb parallax_method=\u00bboff\u00bb parallax_effect=\u00bbon\u00bb module_bg_color=\u00bbrgba(255,255,255,0)\u00bb use_border_color=\u00bboff\u00bb border_color=\u00bb#ffffff\u00bb border_style=\u00bbsolid\u00bb global_colors_info=\u00bb{}\u00bb][\/et_pb_post_title][\/et_pb_column][\/et_pb_row][\/et_pb_section][et_pb_section fb_built=\u00bb1&#8243; specialty=\u00bbon\u00bb custom_padding_last_edited=\u00bbon|desktop\u00bb parallax_method_1=\u00bboff\u00bb parallax_method_2=\u00bboff\u00bb _builder_version=\u00bb4.16&#8243; background_color=\u00bb#ffffff\u00bb custom_padding=\u00bb10px|||\u00bb custom_padding_tablet=\u00bb50px|0|50px|0&#8243; custom_padding_phone=\u00bb\u00bb transparent_background=\u00bboff\u00bb padding_mobile=\u00bboff\u00bb make_fullwidth=\u00bboff\u00bb use_custom_width=\u00bboff\u00bb width_unit=\u00bbon\u00bb global_colors_info=\u00bb{}\u00bb][et_pb_column type=\u00bb2_3&#8243; specialty_columns=\u00bb2&#8243; _builder_version=\u00bb4.16&#8243; custom_padding=\u00bb|||\u00bb global_colors_info=\u00bb{}\u00bb custom_padding__hover=\u00bb|||\u00bb][et_pb_row_inner padding_mobile=\u00bboff\u00bb column_padding_mobile=\u00bbon\u00bb admin_label=\u00bbFila\u00bb _builder_version=\u00bb4.16&#8243; custom_padding=\u00bb0px|||\u00bb global_colors_info=\u00bb{}\u00bb][et_pb_column_inner saved_specialty_column_type=\u00bb2_3&#8243; _builder_version=\u00bb4.16&#8243; custom_padding=\u00bb|||\u00bb global_colors_info=\u00bb{}\u00bb custom_padding__hover=\u00bb|||\u00bb][et_pb_text admin_label=\u00bbTexto a reemplazar\u00bb _builder_version=\u00bb4.16&#8243; use_border_color=\u00bboff\u00bb global_colors_info=\u00bb{}\u00bb]Por segundo a\u00f1o la Diputaci\u00f3n Provincial de Ja\u00e9n y el Centro de Interpretaci\u00f3n \u201cOlivar y Aceite\u201d ponen en marcha la iniciativa \u201cLas Rutas del Aceite 2018. \u00abDescubre las Almazaras y AOVES de Ja\u00e9n\u201d, una actividad que tiene por objetivo adem\u00e1s de promocionar y difundir la cultura del aceite y del olivar, dar a conocer el oleoturismo, uno de los principales reclamos tur\u00edsticos de \u201cJa\u00e9n, para\u00edso interior\u201d, especialmente en estos d\u00edas en los que ya se est\u00e1n dando a conocer los aceites de oliva virgen extra de cosecha temprana de la provincia de Ja\u00e9n en la que los 66 millones de olivos que forman el olivar m\u00e1s grande del mundo desprenden aromas a hierba fresca, a tomatera, a c\u00e1scara de almendra, entre otros matices que tambi\u00e9n nos recuerdan en boca y en nariz los aceites premium al catarlos.<\/p>\n<p>En la presentaci\u00f3n de la segunda edici\u00f3n de \u201cLas Rutas del Aceite 2018 \u00abDescubre las Almazaras y AOVES de Ja\u00e9n\u201d, estuvieron presentes el vicepresidente segundo y diputado de Promoci\u00f3n y Turismo, Manuel Fern\u00e1ndez,\u00a0el presidente del Centro de Interpretaci\u00f3n \u201cOlivar y Aceite\u201d, Javier G\u00e1mez y Andrea Mart\u00ednez miembro de la junta directiva de Asociaci\u00f3n contra las enfermedades de la sangre (ALES).<\/p>\n<p>\u201cUna actividad que vuelve a realizarse dada la gran acogida que le dispens\u00f3 el p\u00fablico en su primera edici\u00f3n y que impulsamos gracias a la ayuda de la Diputaci\u00f3n Provincial de Ja\u00e9n, apoyo esencial para que este proyecto sea una realidad y as\u00ed conseguir que el Centro de Interpretaci\u00f3n \u201cOlivar y Aceite\u201d sea una pieza fundamental en el desarrollo del Oleoturismo\u201d, subray\u00f3 G\u00e1mez.<\/p>\n<p>\u201cA lo largo de los tres meses en los que se desarrolla la actividad se visitar\u00e1n distintas almazaras de la provincia de Ja\u00e9n, que se ubican en los municipios de \u00dabeda, Bail\u00e9n, Sierra de Segura, G\u00e9nave, entre otros puntos. El objetivo de este proyecto, aclar\u00f3 el presidente de \u201cOlivar y Aceite\u201d es dar a conocer el trabajo que se realiza en el campo y las almazaras, es decir la cultura del aceite y del olivar desde su origen. Asimismo hemos de conjugar toda esa actividad con el potencial del turismo para ense\u00f1ar al mundo entero el oro l\u00edquido de la provincia de Ja\u00e9n\u201d, se\u00f1al\u00f3 G\u00e1mez.<\/p>\n<p><img data-recalc-dims=\"1\" loading=\"lazy\" decoding=\"async\" data-attachment-id=\"37066\" data-permalink=\"https:\/\/centrodeolivaryaceite.com\/es\/rutas-del-aceite-solidarias-2018\/rutas-del-aceite\/\" data-orig-file=\"https:\/\/i0.wp.com\/centrodeolivaryaceite.com\/wp-content\/uploads\/2019\/02\/RUTAS-DEL-ACEITE.jpg?fit=1024%2C683&amp;ssl=1\" data-orig-size=\"1024,683\" data-comments-opened=\"1\" data-image-meta=\"{&quot;aperture&quot;:&quot;2.8&quot;,&quot;credit&quot;:&quot;&quot;,&quot;camera&quot;:&quot;NIKON D500&quot;,&quot;caption&quot;:&quot;&quot;,&quot;created_timestamp&quot;:&quot;1541775007&quot;,&quot;copyright&quot;:&quot;&quot;,&quot;focal_length&quot;:&quot;30&quot;,&quot;iso&quot;:&quot;1000&quot;,&quot;shutter_speed&quot;:&quot;0.0166666666667&quot;,&quot;title&quot;:&quot;&quot;,&quot;orientation&quot;:&quot;1&quot;}\" data-image-title=\"RUTAS DEL ACEITE\" data-image-description=\"\" data-image-caption=\"\" data-medium-file=\"https:\/\/i0.wp.com\/centrodeolivaryaceite.com\/wp-content\/uploads\/2019\/02\/RUTAS-DEL-ACEITE.jpg?fit=300%2C200&amp;ssl=1\" data-large-file=\"https:\/\/i0.wp.com\/centrodeolivaryaceite.com\/wp-content\/uploads\/2019\/02\/RUTAS-DEL-ACEITE.jpg?fit=1024%2C683&amp;ssl=1\" class=\"size-medium wp-image-37066 aligncenter\" src=\"https:\/\/i0.wp.com\/centrodeolivaryaceite.com\/wp-content\/uploads\/2019\/02\/RUTAS-DEL-ACEITE-300x200.jpg?resize=300%2C200\" alt=\"\" width=\"300\" height=\"200\" srcset=\"https:\/\/i0.wp.com\/centrodeolivaryaceite.com\/wp-content\/uploads\/2019\/02\/RUTAS-DEL-ACEITE.jpg?resize=300%2C200&amp;ssl=1 300w, https:\/\/i0.wp.com\/centrodeolivaryaceite.com\/wp-content\/uploads\/2019\/02\/RUTAS-DEL-ACEITE.jpg?resize=768%2C512&amp;ssl=1 768w, https:\/\/i0.wp.com\/centrodeolivaryaceite.com\/wp-content\/uploads\/2019\/02\/RUTAS-DEL-ACEITE.jpg?w=1024&amp;ssl=1 1024w\" sizes=\"(max-width: 300px) 100vw, 300px\" \/><\/p>\n<p>Por su parte el diputado de Promoci\u00f3n y Turismo quiso poner en valor la apuesta decidida que la entidad hace por el oleoturismo, pues sin duda es el producto tur\u00edstico con mayor proyecci\u00f3n a nivel de turismo de interior, ya que nuestros visitantes buscan nuevas experiencias y sensaciones aspecto este que copa el mercado del turismo. Tenemos un producto con una capacidad enorme para generar experiencias y sensaciones con este mar de olivos compuesto por 66 millones de olivos, y aderezamos el oleoturismo con una serie de atractivos sin igual, como sucede con la ciudad patrimonial de \u00dabeda, pues adem\u00e1s de disfrutar de su belleza y patrimonio hist\u00f3rico y monumental vuelven a su lugar de origen con un producto, el AOVE, que pueden compartir con familiares y amigos.<\/p>\n<p>Record\u00f3 en este punto Fern\u00e1ndez Palomino\u00a0 \u00a0que la ciudad de \u00dabeda acoger\u00e1 la quinta edici\u00f3n de la Fiesta del Primer Aceite, los d\u00edas 24 y 25 de este mes. Actividad impulsada por la Diputaci\u00f3n Provincial de Ja\u00e9n junto a la Junta de Andaluc\u00eda con el objetivo de promocionar los aceites de oliva virgen extra jiennenses de cosecha temprana. Evento que se trasladar\u00e1 a la ciudad barcelonesa de Hospitalet de Llobregat el 1 y 2 de diciembre.<\/p>\n<p>En cuanto a \u201cLas Rutas del Aceite 2018 \u00abDescubre las Almazaras y AOVES de Ja\u00e9n\u201d se refiere, es una iniciativa en la que todas las empresas colaboradoras forman parte de la gran familia que a lo largo de estos a\u00f1os ha formado\u00a0 \u201cOlivar y Aceite\u201d\u00a0 y que no deja de crecer, pues cada vez son m\u00e1s las empresas interesadas en unirse a este proyecto, se\u00f1al\u00f3 el presidente de la entidad. \u00a0En concreto, en esta segunda edici\u00f3n de Las Rutas del Aceite colaboran: <a href=\"https:\/\/www.facebook.com\/cortijoespiritusanto\/?__tn__=K-R&amp;eid=ARAPP1XdpeTD3Pvfp_opVvgwql52sna5fue8MTaR-ZVkpgdBjO4fdJFIwJKoYkzWUHdRoiip_eQPXLgA&amp;fref=mentions&amp;__xts__%5B0%5D=68.ARDlVIMGt-3AYWfRXCzm9QQ6WcL3hlk9kOs6o4eAR0Kpsmv4tvezRDATwoRfRmfN106V0n2TAOeXI877xY1EFFJt1kL2I6wIuSYlZkCh1-8Z8Vxb8jN3z4RjoFoXxOhUdJCaQa-HRigZReE0WZKkujwzK6gzIRyVpNN3CgDWsGbq-j_fMgCbNDhy5hHvI1-iI_RMWwqouOWwaj9YtXFmvLxnkDM\">Cortijo Esp\u00edritu Santo<\/a>,\u00a0<a href=\"https:\/\/www.facebook.com\/OleicolaJaenAOVE\/?__tn__=K-R&amp;eid=ARDlTbMy346SM7RwI0dDpQXTX0co1en_oGIudWpcRHb65RNOF5TPpMpGc5gpe7Onq-UbmsXYHBTcRG6u&amp;fref=mentions&amp;__xts__%5B0%5D=68.ARDlVIMGt-3AYWfRXCzm9QQ6WcL3hlk9kOs6o4eAR0Kpsmv4tvezRDATwoRfRmfN106V0n2TAOeXI877xY1EFFJt1kL2I6wIuSYlZkCh1-8Z8Vxb8jN3z4RjoFoXxOhUdJCaQa-HRigZReE0WZKkujwzK6gzIRyVpNN3CgDWsGbq-j_fMgCbNDhy5hHvI1-iI_RMWwqouOWwaj9YtXFmvLxnkDM\">Ole\u00edcola Ja\u00e9n Olivar y Aceite<\/a>,\u00a0<a href=\"https:\/\/www.facebook.com\/Picualia\/?__tn__=K-R&amp;eid=ARDVEkmDCi4Qhp7c5vN1bL9j2cgPm0rIxSQesnX7Hr2vmkH4PMxn6XELoOS3qX3xWVHjWqVNYCoJM6Kd&amp;fref=mentions&amp;__xts__%5B0%5D=68.ARDlVIMGt-3AYWfRXCzm9QQ6WcL3hlk9kOs6o4eAR0Kpsmv4tvezRDATwoRfRmfN106V0n2TAOeXI877xY1EFFJt1kL2I6wIuSYlZkCh1-8Z8Vxb8jN3z4RjoFoXxOhUdJCaQa-HRigZReE0WZKkujwzK6gzIRyVpNN3CgDWsGbq-j_fMgCbNDhy5hHvI1-iI_RMWwqouOWwaj9YtXFmvLxnkDM\">Picualia<\/a>,\u00a0<a href=\"https:\/\/www.facebook.com\/tierrasdetavara\/?__tn__=K-R&amp;eid=ARDK39Q4FAYuPTjf4lNr5AAH7C_S92BfYpzPjqfN4vetFHCMJgY2OSVIP-Lt7jAJ2qavnfrZlcwpdNlQ&amp;fref=mentions&amp;__xts__%5B0%5D=68.ARDlVIMGt-3AYWfRXCzm9QQ6WcL3hlk9kOs6o4eAR0Kpsmv4tvezRDATwoRfRmfN106V0n2TAOeXI877xY1EFFJt1kL2I6wIuSYlZkCh1-8Z8Vxb8jN3z4RjoFoXxOhUdJCaQa-HRigZReE0WZKkujwzK6gzIRyVpNN3CgDWsGbq-j_fMgCbNDhy5hHvI1-iI_RMWwqouOWwaj9YtXFmvLxnkDM\">Tierras de Tavara<\/a>,\u00a0<a href=\"https:\/\/www.facebook.com\/Notaliv\/?__tn__=K-R&amp;eid=ARC9HX_-PWuT4tPmPRh-oP3WylEhqr2sIuqbYAzajuRaa27Ro4I48hQk9Dfsf6-cawQ6x2hN-G7nUXxM&amp;fref=mentions&amp;__xts__%5B0%5D=68.ARDlVIMGt-3AYWfRXCzm9QQ6WcL3hlk9kOs6o4eAR0Kpsmv4tvezRDATwoRfRmfN106V0n2TAOeXI877xY1EFFJt1kL2I6wIuSYlZkCh1-8Z8Vxb8jN3z4RjoFoXxOhUdJCaQa-HRigZReE0WZKkujwzK6gzIRyVpNN3CgDWsGbq-j_fMgCbNDhy5hHvI1-iI_RMWwqouOWwaj9YtXFmvLxnkDM\">Notaliv Cosm\u00e9tica Natural<\/a>,\u00a0<a href=\"https:\/\/www.facebook.com\/aceitepuertadelasvillas\/?__tn__=K-R&amp;eid=ARCTIjsY_Pan4RhXKsS2L4YhI-iOO-5osPvOCVA-xVidpUYOWRzhLTAm6_c3qCCtW7inHkZ8KJhGGSQR&amp;fref=mentions&amp;__xts__%5B0%5D=68.ARDlVIMGt-3AYWfRXCzm9QQ6WcL3hlk9kOs6o4eAR0Kpsmv4tvezRDATwoRfRmfN106V0n2TAOeXI877xY1EFFJt1kL2I6wIuSYlZkCh1-8Z8Vxb8jN3z4RjoFoXxOhUdJCaQa-HRigZReE0WZKkujwzK6gzIRyVpNN3CgDWsGbq-j_fMgCbNDhy5hHvI1-iI_RMWwqouOWwaj9YtXFmvLxnkDM\">Puerta de Las Villas<\/a>,\u00a0<a href=\"https:\/\/www.facebook.com\/aceitespadilla\/?__tn__=K-R&amp;eid=ARCT1fUF8ofXJft-JuMBEXOXBMN80TjIN0tV5jlLpUOOn-YXESKvQXDA9WdajpSxSNDUkkQmX7EClw4U&amp;fref=mentions&amp;__xts__%5B0%5D=68.ARDlVIMGt-3AYWfRXCzm9QQ6WcL3hlk9kOs6o4eAR0Kpsmv4tvezRDATwoRfRmfN106V0n2TAOeXI877xY1EFFJt1kL2I6wIuSYlZkCh1-8Z8Vxb8jN3z4RjoFoXxOhUdJCaQa-HRigZReE0WZKkujwzK6gzIRyVpNN3CgDWsGbq-j_fMgCbNDhy5hHvI1-iI_RMWwqouOWwaj9YtXFmvLxnkDM\">Aceites Padilla<\/a>,\u00a0<a href=\"https:\/\/www.facebook.com\/Visitaubedaybaezacom-Visitas-Guiadas-a-%C3%9Abeda-y-Baeza-131677626932929\/?__tn__=K-R&amp;eid=ARBHHgt8SmLnqSiHXk1ydcbbSwd0tb8TXkQQOnxN5vwdfUHqUZUgANPJLHDAH75SYu8zI7QALKcFRJ5S&amp;fref=mentions&amp;__xts__%5B0%5D=68.ARDlVIMGt-3AYWfRXCzm9QQ6WcL3hlk9kOs6o4eAR0Kpsmv4tvezRDATwoRfRmfN106V0n2TAOeXI877xY1EFFJt1kL2I6wIuSYlZkCh1-8Z8Vxb8jN3z4RjoFoXxOhUdJCaQa-HRigZReE0WZKkujwzK6gzIRyVpNN3CgDWsGbq-j_fMgCbNDhy5hHvI1-iI_RMWwqouOWwaj9YtXFmvLxnkDM\">Visitaubedaybaeza.com<\/a>,\u00a0<a href=\"https:\/\/www.facebook.com\/sierradegenave.sca\/?__tn__=K-R&amp;eid=ARAJu2FSLT1RvtrGY_oLXkJH4Taam8fGLPDyAHlUOcbeQqwRmnUuOcpOdlxDRKXUtyraevVfiSGudV28&amp;fref=mentions&amp;__xts__%5B0%5D=68.ARDlVIMGt-3AYWfRXCzm9QQ6WcL3hlk9kOs6o4eAR0Kpsmv4tvezRDATwoRfRmfN106V0n2TAOeXI877xY1EFFJt1kL2I6wIuSYlZkCh1-8Z8Vxb8jN3z4RjoFoXxOhUdJCaQa-HRigZReE0WZKkujwzK6gzIRyVpNN3CgDWsGbq-j_fMgCbNDhy5hHvI1-iI_RMWwqouOWwaj9YtXFmvLxnkDM\">Sierra de G\u00e9nave<\/a>,\u00a0<a href=\"https:\/\/www.facebook.com\/AceiteFincaLasManillas\/?__tn__=K-R&amp;eid=ARArTPu2RF8B8Q0lHNShiltbhsYqiWtb3xo8gJHQOhsK_bVhx6MSrMclxj2NM5gW-rDdp7i-a3ZV9zbw&amp;fref=mentions&amp;__xts__%5B0%5D=68.ARDlVIMGt-3AYWfRXCzm9QQ6WcL3hlk9kOs6o4eAR0Kpsmv4tvezRDATwoRfRmfN106V0n2TAOeXI877xY1EFFJt1kL2I6wIuSYlZkCh1-8Z8Vxb8jN3z4RjoFoXxOhUdJCaQa-HRigZReE0WZKkujwzK6gzIRyVpNN3CgDWsGbq-j_fMgCbNDhy5hHvI1-iI_RMWwqouOWwaj9YtXFmvLxnkDM\">Finca Las Manillas<\/a>,\u00a0 SCA Nuestra Se\u00f1ora de Guadalupe,\u00a0<a href=\"https:\/\/www.facebook.com\/hazalacentenosa\/?__tn__=K-R&amp;eid=ARAYiZ6rVLv37iCg1eCYeZd7RnN9l4XaklBYSaIM1qLlFA7oTgOLyM-_FUrbkip_4vmY9ZbuCRpyezQU&amp;fref=mentions&amp;__xts__%5B0%5D=68.ARDlVIMGt-3AYWfRXCzm9QQ6WcL3hlk9kOs6o4eAR0Kpsmv4tvezRDATwoRfRmfN106V0n2TAOeXI877xY1EFFJt1kL2I6wIuSYlZkCh1-8Z8Vxb8jN3z4RjoFoXxOhUdJCaQa-HRigZReE0WZKkujwzK6gzIRyVpNN3CgDWsGbq-j_fMgCbNDhy5hHvI1-iI_RMWwqouOWwaj9YtXFmvLxnkDM\">Haza La Centenosa<\/a>,\u00a0<a href=\"https:\/\/www.facebook.com\/noblezadelsur\/?__tn__=K-R&amp;eid=ARDmeFOx1TIK7N6UkkiItxmBZP_FEEjTIWGRpbTaRv1BxMocgQIRv2NBQoyuVElZuzS3QouBNLqCMCAh&amp;fref=mentions&amp;__xts__%5B0%5D=68.ARDlVIMGt-3AYWfRXCzm9QQ6WcL3hlk9kOs6o4eAR0Kpsmv4tvezRDATwoRfRmfN106V0n2TAOeXI877xY1EFFJt1kL2I6wIuSYlZkCh1-8Z8Vxb8jN3z4RjoFoXxOhUdJCaQa-HRigZReE0WZKkujwzK6gzIRyVpNN3CgDWsGbq-j_fMgCbNDhy5hHvI1-iI_RMWwqouOWwaj9YtXFmvLxnkDM\">Nobleza del Sur<\/a>, SCA Nuestra Se\u00f1ora del Pilar \/<a href=\"https:\/\/www.facebook.com\/jaencoop\/?__tn__=K-R&amp;eid=ARABOOeh8AQEmhAmz_MbatdWGoS2s6NcHzrJwwfUUPbVPthQu1Fz7bsxovhhDNGhvSm2t9RliFNLBMGV&amp;fref=mentions&amp;__xts__%5B0%5D=68.ARDlVIMGt-3AYWfRXCzm9QQ6WcL3hlk9kOs6o4eAR0Kpsmv4tvezRDATwoRfRmfN106V0n2TAOeXI877xY1EFFJt1kL2I6wIuSYlZkCh1-8Z8Vxb8jN3z4RjoFoXxOhUdJCaQa-HRigZReE0WZKkujwzK6gzIRyVpNN3CgDWsGbq-j_fMgCbNDhy5hHvI1-iI_RMWwqouOWwaj9YtXFmvLxnkDM\">Jaencoop Grupo<\/a>\u00a0y\u00a0<a href=\"https:\/\/www.facebook.com\/Cortijo.La.Torre.Andalucia\/?__tn__=K-R&amp;eid=ARDLin76FigHTKNakYY7-xUZADdLH4t60rpMJAeolA96T3iaDRv2LOzBC4ZT8EJJKawH6zJE9-S9xz7A&amp;fref=mentions&amp;__xts__%5B0%5D=68.ARDlVIMGt-3AYWfRXCzm9QQ6WcL3hlk9kOs6o4eAR0Kpsmv4tvezRDATwoRfRmfN106V0n2TAOeXI877xY1EFFJt1kL2I6wIuSYlZkCh1-8Z8Vxb8jN3z4RjoFoXxOhUdJCaQa-HRigZReE0WZKkujwzK6gzIRyVpNN3CgDWsGbq-j_fMgCbNDhy5hHvI1-iI_RMWwqouOWwaj9YtXFmvLxnkDM\">Cortijo La Torre<\/a>.<\/p>\n<p>\u201cLas Rutas del Aceite 2018 \u00abDescubre las Almazaras y AOVEs de Ja\u00e9n\u201d comenzaron el pasado 26 de octubre con la visita al Cortijo Esp\u00edritu Santo en \u00dabeda\u00a0 y terminar\u00e1n el pr\u00f3ximo 22 de diciembre con la visita a la almazara Cortijo La Torre, ubicada en Arjona. Una actividad que pretende dar a conocer a los inscritos c\u00f3mo se realiza el proceso de recolecci\u00f3n y cu\u00e1les son los pasos que se siguen cuando el producto llega a la almazara, adem\u00e1s de la visita los participantes catar\u00e1n el AOVE producido por cada uno de los socios colaboradores en la iniciativa y adem\u00e1s degustar\u00e1n un desayuno con productos t\u00edpicos de la tierra.<\/p>\n<p>No obstante,\u00a0 para aquellos interesados en profundizar en sus conocimientos sobre el aceite de oliva virgen extra y el mundo del oleoturismo tienen m\u00e1s oportunidades. As\u00ed el 17 y 18 de noviembre podr\u00e1n disfrutar de una visita a la SCA <a href=\"https:\/\/www.facebook.com\/sierradegenave.sca\/?__tn__=K-R&amp;eid=ARAJu2FSLT1RvtrGY_oLXkJH4Taam8fGLPDyAHlUOcbeQqwRmnUuOcpOdlxDRKXUtyraevVfiSGudV28&amp;fref=mentions&amp;__xts__%5B0%5D=68.ARDlVIMGt-3AYWfRXCzm9QQ6WcL3hlk9kOs6o4eAR0Kpsmv4tvezRDATwoRfRmfN106V0n2TAOeXI877xY1EFFJt1kL2I6wIuSYlZkCh1-8Z8Vxb8jN3z4RjoFoXxOhUdJCaQa-HRigZReE0WZKkujwzK6gzIRyVpNN3CgDWsGbq-j_fMgCbNDhy5hHvI1-iI_RMWwqouOWwaj9YtXFmvLxnkDM\">Sierra de G\u00e9nave<\/a> y a la <a href=\"https:\/\/www.facebook.com\/AceiteFincaLasManillas\/?__tn__=K-R&amp;eid=ARArTPu2RF8B8Q0lHNShiltbhsYqiWtb3xo8gJHQOhsK_bVhx6MSrMclxj2NM5gW-rDdp7i-a3ZV9zbw&amp;fref=mentions&amp;__xts__%5B0%5D=68.ARDlVIMGt-3AYWfRXCzm9QQ6WcL3hlk9kOs6o4eAR0Kpsmv4tvezRDATwoRfRmfN106V0n2TAOeXI877xY1EFFJt1kL2I6wIuSYlZkCh1-8Z8Vxb8jN3z4RjoFoXxOhUdJCaQa-HRigZReE0WZKkujwzK6gzIRyVpNN3CgDWsGbq-j_fMgCbNDhy5hHvI1-iI_RMWwqouOWwaj9YtXFmvLxnkDM\">Finca Las Manillas<\/a>. Asimismo durante el mes de diciembre se ofertan visitas a SCA Nuestra Se\u00f1ora de Guadalupe,\u00a0<a href=\"https:\/\/www.facebook.com\/hazalacentenosa\/?__tn__=K-R&amp;eid=ARAYiZ6rVLv37iCg1eCYeZd7RnN9l4XaklBYSaIM1qLlFA7oTgOLyM-_FUrbkip_4vmY9ZbuCRpyezQU&amp;fref=mentions&amp;__xts__%5B0%5D=68.ARDlVIMGt-3AYWfRXCzm9QQ6WcL3hlk9kOs6o4eAR0Kpsmv4tvezRDATwoRfRmfN106V0n2TAOeXI877xY1EFFJt1kL2I6wIuSYlZkCh1-8Z8Vxb8jN3z4RjoFoXxOhUdJCaQa-HRigZReE0WZKkujwzK6gzIRyVpNN3CgDWsGbq-j_fMgCbNDhy5hHvI1-iI_RMWwqouOWwaj9YtXFmvLxnkDM\">Haza La Centenosa<\/a>,\u00a0<a href=\"https:\/\/www.facebook.com\/noblezadelsur\/?__tn__=K-R&amp;eid=ARDmeFOx1TIK7N6UkkiItxmBZP_FEEjTIWGRpbTaRv1BxMocgQIRv2NBQoyuVElZuzS3QouBNLqCMCAh&amp;fref=mentions&amp;__xts__%5B0%5D=68.ARDlVIMGt-3AYWfRXCzm9QQ6WcL3hlk9kOs6o4eAR0Kpsmv4tvezRDATwoRfRmfN106V0n2TAOeXI877xY1EFFJt1kL2I6wIuSYlZkCh1-8Z8Vxb8jN3z4RjoFoXxOhUdJCaQa-HRigZReE0WZKkujwzK6gzIRyVpNN3CgDWsGbq-j_fMgCbNDhy5hHvI1-iI_RMWwqouOWwaj9YtXFmvLxnkDM\">Nobleza del Sur<\/a>, SCA Nuestra Se\u00f1ora del Pilar\/<a href=\"https:\/\/www.facebook.com\/jaencoop\/?__tn__=K-R&amp;eid=ARABOOeh8AQEmhAmz_MbatdWGoS2s6NcHzrJwwfUUPbVPthQu1Fz7bsxovhhDNGhvSm2t9RliFNLBMGV&amp;fref=mentions&amp;__xts__%5B0%5D=68.ARDlVIMGt-3AYWfRXCzm9QQ6WcL3hlk9kOs6o4eAR0Kpsmv4tvezRDATwoRfRmfN106V0n2TAOeXI877xY1EFFJt1kL2I6wIuSYlZkCh1-8Z8Vxb8jN3z4RjoFoXxOhUdJCaQa-HRigZReE0WZKkujwzK6gzIRyVpNN3CgDWsGbq-j_fMgCbNDhy5hHvI1-iI_RMWwqouOWwaj9YtXFmvLxnkDM\">Jaencoop Grupo<\/a>\u00a0y\u00a0<a href=\"https:\/\/www.facebook.com\/Cortijo.La.Torre.Andalucia\/?__tn__=K-R&amp;eid=ARDLin76FigHTKNakYY7-xUZADdLH4t60rpMJAeolA96T3iaDRv2LOzBC4ZT8EJJKawH6zJE9-S9xz7A&amp;fref=mentions&amp;__xts__%5B0%5D=68.ARDlVIMGt-3AYWfRXCzm9QQ6WcL3hlk9kOs6o4eAR0Kpsmv4tvezRDATwoRfRmfN106V0n2TAOeXI877xY1EFFJt1kL2I6wIuSYlZkCh1-8Z8Vxb8jN3z4RjoFoXxOhUdJCaQa-HRigZReE0WZKkujwzK6gzIRyVpNN3CgDWsGbq-j_fMgCbNDhy5hHvI1-iI_RMWwqouOWwaj9YtXFmvLxnkDM\">Cortijo La Torre<\/a>. Visitas que se llevar\u00e1n a cabo los d\u00edas 2, 9, 15, 16\u00a0 y 22\u00a0 de diciembre. El desplazamiento hasta la almazara corre por cuenta del interesado y el precio de la inscripci\u00f3n es de 5 euros.<\/p>\n<p>Adem\u00e1s este a\u00f1o \u201cLas Rutas del Aceite 2018 \u00abDescubre las Almazaras y AOVES de Ja\u00e9n\u201d tiene car\u00e1cter solidario,\u00a0 pues el dinero de la inscripci\u00f3n, tan solo 5 euros, ser\u00e1 donado a <a href=\"https:\/\/www.facebook.com\/alesjaen\/?__tn__=K-R&amp;eid=ARBvC26FWBQZuMO_diway9iKWQenVzQWx24TMhY2ZiDF6WfaNGB7PHL4fflomhrq5XIa2U8_2OmZEGQo&amp;fref=mentions&amp;__xts__%5B0%5D=68.ARDlVIMGt-3AYWfRXCzm9QQ6WcL3hlk9kOs6o4eAR0Kpsmv4tvezRDATwoRfRmfN106V0n2TAOeXI877xY1EFFJt1kL2I6wIuSYlZkCh1-8Z8Vxb8jN3z4RjoFoXxOhUdJCaQa-HRigZReE0WZKkujwzK6gzIRyVpNN3CgDWsGbq-j_fMgCbNDhy5hHvI1-iI_RMWwqouOWwaj9YtXFmvLxnkDM\">ALES Ja\u00e9n<\/a>. Las plazas para esta actividad son limitadas, si estas interesado puedes adquirir la tuya en la web\u00a0 <a href=\"http:\/\/www.centrodeolivaryaceite.com\">www.centrodeolivaryaceite.com<\/a>, a trav\u00e9s del correo\u00a0 <a href=\"mailto:info@centrodeolivaryaceite.com\">info@centrodeolivaryaceite.com<\/a>\u00a0 o\u00a0 en el tel\u00e9fono 953755889.<\/p>\n<p>Andrea Mart\u00ednez miembro de la junta directiva de ALES Ja\u00e9n quiso agradecer tanto a la Diputaci\u00f3n como a la entidad la colaboraci\u00f3n y solidaridad, pues con esta aportaci\u00f3n podr\u00e1n seguir ayudando y cubrir algunas de las necesidades que los menores y familiares demandan.<br \/>\n[\/et_pb_text][et_pb_comments _builder_version=\u00bb4.16&#8243; use_border_color=\u00bboff\u00bb border_color=\u00bb#ffffff\u00bb border_style=\u00bbsolid\u00bb button_letter_spacing_hover=\u00bb0&#8243; global_colors_info=\u00bb{}\u00bb button_text_size__hover_enabled=\u00bboff\u00bb button_one_text_size__hover_enabled=\u00bboff\u00bb button_two_text_size__hover_enabled=\u00bboff\u00bb button_text_color__hover_enabled=\u00bboff\u00bb button_one_text_color__hover_enabled=\u00bboff\u00bb button_two_text_color__hover_enabled=\u00bboff\u00bb button_border_width__hover_enabled=\u00bboff\u00bb button_one_border_width__hover_enabled=\u00bboff\u00bb button_two_border_width__hover_enabled=\u00bboff\u00bb button_border_color__hover_enabled=\u00bboff\u00bb button_one_border_color__hover_enabled=\u00bboff\u00bb button_two_border_color__hover_enabled=\u00bboff\u00bb button_border_radius__hover_enabled=\u00bboff\u00bb button_one_border_radius__hover_enabled=\u00bboff\u00bb button_two_border_radius__hover_enabled=\u00bboff\u00bb button_letter_spacing__hover_enabled=\u00bbon\u00bb button_letter_spacing__hover=\u00bb0&#8243; button_one_letter_spacing__hover_enabled=\u00bboff\u00bb button_two_letter_spacing__hover_enabled=\u00bboff\u00bb button_bg_color__hover_enabled=\u00bboff\u00bb button_one_bg_color__hover_enabled=\u00bboff\u00bb button_two_bg_color__hover_enabled=\u00bboff\u00bb][\/et_pb_comments][\/et_pb_column_inner][\/et_pb_row_inner][\/et_pb_column][et_pb_column type=\u00bb1_3&#8243; _builder_version=\u00bb4.16&#8243; custom_padding=\u00bb|||\u00bb global_colors_info=\u00bb{}\u00bb custom_padding__hover=\u00bb|||\u00bb][et_pb_sidebar orientation=\u00bbright\u00bb area=\u00bbsidebar-1&#8243; _builder_version=\u00bb4.16&#8243; remove_border=\u00bboff\u00bb global_colors_info=\u00bb{}\u00bb theme_builder_area=\u00bbpost_content\u00bb][\/et_pb_sidebar][\/et_pb_column][\/et_pb_section][et_pb_section fb_built=\u00bb1&#8243; custom_padding_last_edited=\u00bbon|desktop\u00bb disabled_on=\u00bbon|on|on\u00bb _builder_version=\u00bb3.0.92&#8243; background_color=\u00bb#dedacf\u00bb custom_padding_tablet=\u00bb50px|0|50px|0&#8243; custom_padding_phone=\u00bb\u00bb disabled=\u00bbon\u00bb global_module=\u00bb5116&#8243; collapsed=\u00bboff\u00bb global_colors_info=\u00bb{}\u00bb][et_pb_row _builder_version=\u00bb4.16&#8243; global_colors_info=\u00bb{}\u00bb][et_pb_column type=\u00bb4_4&#8243; _builder_version=\u00bb4.16&#8243; custom_padding=\u00bb|||\u00bb global_colors_info=\u00bb{}\u00bb custom_padding__hover=\u00bb|||\u00bb][\/et_pb_column][\/et_pb_row][\/et_pb_section][et_pb_section fb_built=\u00bb1&#8243; custom_padding_last_edited=\u00bbon|desktop\u00bb _builder_version=\u00bb3.22&#8243; background_color=\u00bb#ffffff\u00bb custom_padding=\u00bb10px||0px|\u00bb custom_padding_tablet=\u00bb50px|0|50px|0&#8243; custom_padding_phone=\u00bb\u00bb transparent_background=\u00bboff\u00bb padding_mobile=\u00bboff\u00bb make_fullwidth=\u00bboff\u00bb use_custom_width=\u00bboff\u00bb width_unit=\u00bbon\u00bb global_module=\u00bb5115&#8243; collapsed=\u00bboff\u00bb global_colors_info=\u00bb{}\u00bb][et_pb_row padding_mobile=\u00bboff\u00bb column_padding_mobile=\u00bbon\u00bb _builder_version=\u00bb4.16&#8243; background_size=\u00bbinitial\u00bb background_position=\u00bbtop_left\u00bb background_repeat=\u00bbrepeat\u00bb max_width=\u00bb1080px\u00bb custom_padding=\u00bb0px||0px|\u00bb make_fullwidth=\u00bboff\u00bb use_custom_width=\u00bboff\u00bb width_unit=\u00bbon\u00bb global_colors_info=\u00bb{}\u00bb][\/et_pb_row][\/et_pb_section][et_pb_section fb_built=\u00bb1&#8243; _builder_version=\u00bb4.16&#8243; global_colors_info=\u00bb{}\u00bb][et_pb_row _builder_version=\u00bb4.16&#8243; background_size=\u00bbinitial\u00bb background_position=\u00bbtop_left\u00bb background_repeat=\u00bbrepeat\u00bb global_colors_info=\u00bb{}\u00bb][\/et_pb_row][\/et_pb_section]<\/p>\n","protected":false},"excerpt":{"rendered":"<p>Por segundo a\u00f1o la Diputaci\u00f3n Provincial de Ja\u00e9n y el Centro de Interpretaci\u00f3n \u201cOlivar y Aceite\u201d ponen en marcha la iniciativa \u201cLas Rutas del Aceite 2018. \u00abDescubre las Almazaras y AOVES de Ja\u00e9n\u201d, una actividad que tiene por objetivo adem\u00e1s de promocionar y difundir la cultura del aceite y del olivar, dar a conocer el [&hellip;]<\/p>\n","protected":false},"author":1,"featured_media":37064,"comment_status":"open","ping_status":"open","sticky":false,"template":"","format":"standard","meta":{"_et_pb_use_builder":"on","_et_pb_old_content":"","_et_gb_content_width":"","_jetpack_memberships_contains_paid_content":false,"footnotes":""},"categories":[1],"tags":[],"class_list":["post-37061","post","type-post","status-publish","format-standard","has-post-thumbnail","hentry","category-general"],"jetpack_featured_media_url":"https:\/\/i0.wp.com\/centrodeolivaryaceite.com\/wp-content\/uploads\/2019\/02\/RUTAS-DEL-ACEITE-2.jpg?fit=1024%2C683&ssl=1","jetpack_sharing_enabled":true,"jetpack_shortlink":"https:\/\/wp.me\/p95A9q-9DL","_links":{"self":[{"href":"https:\/\/centrodeolivaryaceite.com\/es\/wp-json\/wp\/v2\/posts\/37061\/"}],"collection":[{"href":"https:\/\/centrodeolivaryaceite.com\/es\/wp-json\/wp\/v2\/posts\/"}],"about":[{"href":"https:\/\/centrodeolivaryaceite.com\/es\/wp-json\/wp\/v2\/types\/post\/"}],"author":[{"embeddable":true,"href":"https:\/\/centrodeolivaryaceite.com\/es\/wp-json\/wp\/v2\/users\/1\/"}],"replies":[{"embeddable":true,"href":"https:\/\/centrodeolivaryaceite.com\/es\/wp-json\/wp\/v2\/comments\/?post=37061"}],"version-history":[{"count":0,"href":"https:\/\/centrodeolivaryaceite.com\/es\/wp-json\/wp\/v2\/posts\/37061\/revisions\/"}],"wp:featuredmedia":[{"embeddable":true,"href":"https:\/\/centrodeolivaryaceite.com\/es\/wp-json\/wp\/v2\/media\/37064\/"}],"wp:attachment":[{"href":"https:\/\/centrodeolivaryaceite.com\/es\/wp-json\/wp\/v2\/media\/?parent=37061"}],"wp:term":[{"taxonomy":"category","embeddable":true,"href":"https:\/\/centrodeolivaryaceite.com\/es\/wp-json\/wp\/v2\/categories\/?post=37061"},{"taxonomy":"post_tag","embeddable":true,"href":"https:\/\/centrodeolivaryaceite.com\/es\/wp-json\/wp\/v2\/tags\/?post=37061"}],"curies":[{"name":"wp","href":"https:\/\/api.w.org\/{rel}","templated":true}]}}