{"id":37174,"date":"2019-03-15T17:28:46","date_gmt":"2019-03-15T17:28:46","guid":{"rendered":"http:\/\/centrodeolivaryaceite.com\/?p=37174"},"modified":"2022-07-29T11:33:48","modified_gmt":"2022-07-29T11:33:48","slug":"ii-edicion-del-curso-para-maestros-y-operarios-de-almazaras","status":"publish","type":"post","link":"https:\/\/centrodeolivaryaceite.com\/es\/ii-edicion-del-curso-para-maestros-y-operarios-de-almazaras\/","title":{"rendered":"II EDICI\u00d3N DEL CURSO  PARA MAESTROS Y OPERARIOS DE ALMAZARAS"},"content":{"rendered":"<p>[et_pb_section fb_built=\u00bb1&#8243; fullwidth=\u00bbon\u00bb custom_padding_last_edited=\u00bbon|desktop\u00bb admin_label=\u00bbSecci\u00f3n\u00bb _builder_version=\u00bb3.22&#8243; background_color=\u00bb#ffffff\u00bb background_image=\u00bbhttp:\/\/centrodeolivaryaceite.com\/wp-content\/uploads\/2016\/06\/page_header_bg_blue.jpg\u00bb custom_padding_tablet=\u00bb50px|0|50px|0&#8243; custom_padding_phone=\u00bb\u00bb transparent_background=\u00bboff\u00bb padding_mobile=\u00bboff\u00bb make_fullwidth=\u00bboff\u00bb use_custom_width=\u00bboff\u00bb width_unit=\u00bbon\u00bb global_module=\u00bb5294&#8243; locked=\u00bboff\u00bb collapsed=\u00bboff\u00bb global_colors_info=\u00bb{}\u00bb][et_pb_fullwidth_post_title meta=\u00bboff\u00bb featured_image=\u00bboff\u00bb text_color=\u00bblight\u00bb text_background=\u00bbon\u00bb text_bg_color=\u00bbrgba(28,28,28,0.43)\u00bb admin_label=\u00bbT\u00edtulo\u00bb _builder_version=\u00bb4.17.6&#8243; _module_preset=\u00bbdefault\u00bb title_font=\u00bbRoboto Light||||\u00bb title_font_size=\u00bb35px\u00bb title_all_caps=\u00bbon\u00bb background_color=\u00bbrgba(255,255,255,0)\u00bb parallax=\u00bbon\u00bb parallax_method=\u00bboff\u00bb text_orientation=\u00bbcenter\u00bb parallax_effect=\u00bbon\u00bb module_bg_color=\u00bbrgba(255,255,255,0)\u00bb use_border_color=\u00bboff\u00bb border_color=\u00bb#ffffff\u00bb border_style=\u00bbsolid\u00bb global_colors_info=\u00bb{}\u00bb][\/et_pb_fullwidth_post_title][\/et_pb_section][et_pb_section fb_built=\u00bb1&#8243; custom_padding_last_edited=\u00bbon|desktop\u00bb _builder_version=\u00bb4.16&#8243; background_color=\u00bb#ffffff\u00bb custom_padding=\u00bb10px|||\u00bb custom_padding_tablet=\u00bb50px|0|50px|0&#8243; custom_padding_phone=\u00bb\u00bb transparent_background=\u00bboff\u00bb padding_mobile=\u00bboff\u00bb make_fullwidth=\u00bboff\u00bb use_custom_width=\u00bboff\u00bb width_unit=\u00bbon\u00bb global_colors_info=\u00bb{}\u00bb][et_pb_row padding_mobile=\u00bboff\u00bb column_padding_mobile=\u00bbon\u00bb _builder_version=\u00bb4.16&#8243; background_size=\u00bbinitial\u00bb background_position=\u00bbtop_left\u00bb background_repeat=\u00bbrepeat\u00bb custom_padding=\u00bb10px|||\u00bb make_fullwidth=\u00bboff\u00bb use_custom_width=\u00bboff\u00bb width_unit=\u00bbon\u00bb global_colors_info=\u00bb{}\u00bb][et_pb_column type=\u00bb4_4&#8243; _builder_version=\u00bb4.16&#8243; custom_padding=\u00bb|||\u00bb global_colors_info=\u00bb{}\u00bb custom_padding__hover=\u00bb|||\u00bb][et_pb_post_title title=\u00bboff\u00bb _builder_version=\u00bb4.16&#8243; title_all_caps=\u00bboff\u00bb background_color=\u00bbrgba(255,255,255,0)\u00bb parallax=\u00bbon\u00bb parallax_method=\u00bboff\u00bb parallax_effect=\u00bbon\u00bb module_bg_color=\u00bbrgba(255,255,255,0)\u00bb use_border_color=\u00bboff\u00bb border_color=\u00bb#ffffff\u00bb border_style=\u00bbsolid\u00bb global_colors_info=\u00bb{}\u00bb][\/et_pb_post_title][\/et_pb_column][\/et_pb_row][\/et_pb_section][et_pb_section fb_built=\u00bb1&#8243; specialty=\u00bbon\u00bb custom_padding_last_edited=\u00bbon|desktop\u00bb parallax_method_1=\u00bboff\u00bb parallax_method_2=\u00bboff\u00bb _builder_version=\u00bb4.16&#8243; background_color=\u00bb#ffffff\u00bb custom_padding=\u00bb10px|||\u00bb custom_padding_tablet=\u00bb50px|0|50px|0&#8243; custom_padding_phone=\u00bb\u00bb transparent_background=\u00bboff\u00bb padding_mobile=\u00bboff\u00bb make_fullwidth=\u00bboff\u00bb use_custom_width=\u00bboff\u00bb width_unit=\u00bbon\u00bb global_colors_info=\u00bb{}\u00bb][et_pb_column type=\u00bb2_3&#8243; specialty_columns=\u00bb2&#8243; _builder_version=\u00bb4.16&#8243; custom_padding=\u00bb|||\u00bb global_colors_info=\u00bb{}\u00bb custom_padding__hover=\u00bb|||\u00bb][et_pb_row_inner padding_mobile=\u00bboff\u00bb column_padding_mobile=\u00bbon\u00bb admin_label=\u00bbFila\u00bb _builder_version=\u00bb4.16&#8243; custom_padding=\u00bb0px|||\u00bb global_colors_info=\u00bb{}\u00bb][et_pb_column_inner saved_specialty_column_type=\u00bb2_3&#8243; _builder_version=\u00bb4.16&#8243; custom_padding=\u00bb|||\u00bb global_colors_info=\u00bb{}\u00bb custom_padding__hover=\u00bb|||\u00bb][et_pb_text admin_label=\u00bbTexto a reemplazar\u00bb _builder_version=\u00bb4.16&#8243; use_border_color=\u00bboff\u00bb global_colors_info=\u00bb{}\u00bb]<\/p>\n<p>El sal\u00f3n de actos del Centro de Interpretaci\u00f3n \u201cOlivar y Aceite\u201d acogi\u00f3 la presentaci\u00f3n de la segunda edici\u00f3n del Curso para Maestros y Operarios \u00a0de Almazara que organiza la entidad en colaboraci\u00f3n con la Asociaci\u00f3n Espa\u00f1ola de Maestros y Operarios de Almazara (AEMODA). Se trata de una acci\u00f3n formativa que tiene mucha demanda en el sector y que ya en su primera edici\u00f3n cubri\u00f3 las plazas ofertadas r\u00e1pidamente.<\/p>\n<p>Un curso que puede hacerse gracias al patrocinio del Grupo Pieralisi, nuestro principal patrocinador, empresa a la que se han sumado otras como IMS Pesaje Industrial, Laboratorios Tello, Foss, Jar , Maquivi, \u00a0y Ferreria Alji que cuenta tambi\u00e9n con la colaboraci\u00f3n de Iada Ingenieros, Picualia y\u00a0 Juan Vilar Consultor Estrat\u00e9gico, seg\u00fan ha comentado el presidente de \u201cOlivar y Aceite\u201d, Javier G\u00e1mez.<\/p>\n<p>\u201cSon muchas las iniciativas formativas que a lo largo del a\u00f1o impulsa \u201cOlivar y Aceite\u201d dirigidas a todos tipo de p\u00fablicos pero sin duda estos cursos de especializaci\u00f3n para los profesionales del sector son muy importantes para la producci\u00f3n y posterior comercializaci\u00f3n del aceite de oliva virgen extra, del que nuestra provincia es uno de los mayores productores a nivel mundial\u201d, ha indicado G\u00e1mez.<\/p>\n<p>Por ello, ha continuado, prestamos especial atenci\u00f3n a esta actividad que cuenta con los mejores profesionales del sector y con un temario actualizado a las nuevas t\u00e9cnicas e innovaciones que se ponen en marcha cada campa\u00f1a.<\/p>\n<p>As\u00ed entre los profesores que impartir\u00e1n el curso de operario y maestro de almazaras contaremos con la presencia y conocimientos de Juan Vilar Consultor Estrat\u00e9gico, Gabriel Beltr\u00e1n y Antonio Jim\u00e9nez de Ifapa, Miguel Abad, consultor t\u00e9cnico de olivicultura y elaiotecnia, Juan Manuel Armenteros, director t\u00e9cnico del grupo Pieralisi, Juan Antonio Tello de Laboratorios Tello, Rafael Uceda de Iada Ingenieros, Ram\u00f3n Pulgar experto en cata y t\u00e9cnico en asesoramiento en olivicultura, Manuel Caravaca t\u00e9cnico de aceite y grasas as\u00ed como de direcci\u00f3n de producci\u00f3n de Molino Las Torres de Alcaudete, Pedro Manuel Fern\u00e1ndez Lozano maestro de almazara de la cooperativa Cristo de Veracruz de Beg\u00edjar, Pedro Mart\u00ednez gerente de IMS Pesaje, Javier V\u00e1zquez del departamento de calidad del Molino Don F\u00e9lix de Ronda, Fabio Foggia doctor ingeniero en desarrollo y filtraci\u00f3n de Maquivi, Mar\u00eda Paz Aguilera responsable del panel de cata y cocina experimental de Citoliva, Mariela Chova responsable de calidad del grupo Castillo de Canena, Emilio Artero maestro de almazara de Picualia en Bail\u00e9n y la gerente del Centro de Interpretaci\u00f3n, Soledad Rom\u00e1n experta en cata y an\u00e1lisis de AOVE.<\/p>\n<p>Un curso, ha incidido el presidente de \u201cOlivar y Aceite\u201d,\u00a0 muy demandado por los trabajadores de almazara o por aquellas personas que quieren formarse, el cual ser\u00e1 impartido por los mejores profesionales del sector que gozan de gran prestigio en el mundo del aceite de oliva y la olivicultura.<\/p>\n<p>En cuanto a las fechas en las que se impartir\u00e1 el curso ser\u00e1n los d\u00edas 4, 5 y 11 de mayo en las instalaciones del Centro de Interpretaci\u00f3n y el 12 de mayo se desarrollar\u00e1 en el Parque Tecnol\u00f3gico de Geolit donde el grupo Pieralisi tiene su delegaci\u00f3n. Estas jornadas ser\u00e1n eminentemente te\u00f3ricas, \u00a0pues la parte pr\u00e1ctica del curso se desarrollar\u00e1 en el mes de noviembre, en la cooperativa Virgen de Zocueca en Bail\u00e9n, donde se encuentra la almazara de Picualia, en la que se podr\u00e1n en pr\u00e1ctica los contenidos y conocimientos te\u00f3ricos adquiridos durante el curso, ha adelantado G\u00e1mez.<\/p>\n<p>Una acci\u00f3n formativa que cuenta con un n\u00famero limitado de plazas, en concreto cuarenta. Las inscripciones podr\u00e1n realizarse hasta el 30 de abril y la admisi\u00f3n se realizar\u00e1 por riguroso orden de inscripci\u00f3n, ya que es un curso muy demandado y el a\u00f1o pasado, en su primera edici\u00f3n, fue todo un \u00e9xito, ha recordado el presidente de la entidad.<\/p>\n<p>Por \u00faltimo, G\u00e1mez ha incidido en la importancia de la formaci\u00f3n de los profesionales del sector, ya que, como ha reiterado en m\u00e1s de una ocasi\u00f3n, \u201cpodemos tener en el campo a los mejores agricultores y un producto inigualable que han de complementarse con los servicios y profesionales de las empresas dedicadas a la molturaci\u00f3n, pesaje, filtraci\u00f3n y almazaras para obtener un producto de inmejorable calidad\u201d. Asimismo ha recordado el presidente de \u201cOlivar y Aceite\u201d que el curso puede realizarse de manera bonificada para trabajadores por cuenta ajena y tiene una duraci\u00f3n de 28 horas.<\/p>\n<p>Por su parte,\u00a0 Juan Alberto Cobo Soto,\u00a0 vicepresidente de la Asociaci\u00f3n Espa\u00f1ola de Operarios y Maestros de Almazara (AEMODA) ha recalcado la calidad del profesorado encargado de impartir el curso, pues con estos magn\u00edficos profesionales podremos resolver todas y cada una de las dudas que surjan en la acci\u00f3n formativa. En cuanto a los contenidos del curso, ha se\u00f1alado Cobo Soto que se han ampliado y mejorado, ya que se han incluido aspectos como las caracter\u00edsticas del aceite, patio, envasado, filtraci\u00f3n as\u00ed como las \u00faltimas t\u00e9cnicas y novedades que ha incorporado el sector en la \u00faltima campa\u00f1a de aceituna.<\/p>\n<p>Un curso que se adapta a las necesidades de los demandantes pues se realiza en fin de semana para facilitar la asistencia al mismo, ya que en d\u00edas laborables es m\u00e1s complicado, pues depende del trabajo que haya en la almazara, ha se\u00f1alado el vicepresidente de AEMODA.<\/p>\n<p>Una presentaci\u00f3n en la que estuvo presente uno de los patrocinadores del curso, Pedro Mart\u00ednez, gerente de la empresa local, IMS Pesaje, que ha explicado que\u00a0 su empresa ofrecer\u00e1 una ponencia sobre la tecnolog\u00eda 4.0, \u201cpues nuestro proyecto de implantaci\u00f3n de almazara 4.0 en la campa\u00f1a 2017\/2018 era futuro mientras que en la \u00faltima campa\u00f1a ha sido ya un realidad. Estamos encantados de poderlo presentar en este curso porque somos una empresa de \u00dabeda y qu\u00e9 mejor que la tecnolog\u00eda que aplicamos se d\u00e9 a conocer \u201cen casa\u201d. Se trata de un proyecto muy complejo pero a la par muy atractivo\u201d, ha concluido Mart\u00ednez.<\/p>\n<p>Los interesados en obtener m\u00e1s informaci\u00f3n acerca de esta u otras actividades que impulsa la entidad pueden hacerlo en el propio centro, ubicado en la Corredera de San Fernando, 32; llamando al tel\u00e9fono 953755889 o bien mandando un correo a info@centrodeolivaryaceite.com.<\/p>\n<p><a href=\"https:\/\/centrodeolivaryaceite.com\/formacion-y-cursos\/\"><img data-recalc-dims=\"1\" loading=\"lazy\" decoding=\"async\" data-attachment-id=\"37170\" data-permalink=\"https:\/\/centrodeolivaryaceite.com\/es\/home-2\/nuevo-curso-de-maestro-de-almazara-2019-v3\/\" data-orig-file=\"https:\/\/i0.wp.com\/centrodeolivaryaceite.com\/wp-content\/uploads\/2019\/03\/Nuevo-Curso-de-Maestro-de-Almazara-2019-v3.jpg?fit=1240%2C1754&amp;ssl=1\" data-orig-size=\"1240,1754\" data-comments-opened=\"1\" data-image-meta=\"{&quot;aperture&quot;:&quot;0&quot;,&quot;credit&quot;:&quot;&quot;,&quot;camera&quot;:&quot;&quot;,&quot;caption&quot;:&quot;&quot;,&quot;created_timestamp&quot;:&quot;0&quot;,&quot;copyright&quot;:&quot;&quot;,&quot;focal_length&quot;:&quot;0&quot;,&quot;iso&quot;:&quot;0&quot;,&quot;shutter_speed&quot;:&quot;0&quot;,&quot;title&quot;:&quot;&quot;,&quot;orientation&quot;:&quot;0&quot;}\" data-image-title=\"Nuevo Curso de Maestro de Almazara 2019 v3\" data-image-description=\"\" data-image-caption=\"\" data-medium-file=\"https:\/\/i0.wp.com\/centrodeolivaryaceite.com\/wp-content\/uploads\/2019\/03\/Nuevo-Curso-de-Maestro-de-Almazara-2019-v3.jpg?fit=212%2C300&amp;ssl=1\" data-large-file=\"https:\/\/i0.wp.com\/centrodeolivaryaceite.com\/wp-content\/uploads\/2019\/03\/Nuevo-Curso-de-Maestro-de-Almazara-2019-v3.jpg?fit=724%2C1024&amp;ssl=1\" class=\"aligncenter wp-image-37170 size-full\" src=\"https:\/\/i0.wp.com\/centrodeolivaryaceite.com\/wp-content\/uploads\/2019\/03\/Nuevo-Curso-de-Maestro-de-Almazara-2019-v3.jpg?resize=1080%2C1528\" alt=\"\" width=\"1080\" height=\"1528\" srcset=\"https:\/\/i0.wp.com\/centrodeolivaryaceite.com\/wp-content\/uploads\/2019\/03\/Nuevo-Curso-de-Maestro-de-Almazara-2019-v3.jpg?w=1240&amp;ssl=1 1240w, https:\/\/i0.wp.com\/centrodeolivaryaceite.com\/wp-content\/uploads\/2019\/03\/Nuevo-Curso-de-Maestro-de-Almazara-2019-v3.jpg?resize=212%2C300&amp;ssl=1 212w, https:\/\/i0.wp.com\/centrodeolivaryaceite.com\/wp-content\/uploads\/2019\/03\/Nuevo-Curso-de-Maestro-de-Almazara-2019-v3.jpg?resize=768%2C1086&amp;ssl=1 768w, https:\/\/i0.wp.com\/centrodeolivaryaceite.com\/wp-content\/uploads\/2019\/03\/Nuevo-Curso-de-Maestro-de-Almazara-2019-v3.jpg?resize=724%2C1024&amp;ssl=1 724w, https:\/\/i0.wp.com\/centrodeolivaryaceite.com\/wp-content\/uploads\/2019\/03\/Nuevo-Curso-de-Maestro-de-Almazara-2019-v3.jpg?resize=1080%2C1528&amp;ssl=1 1080w\" sizes=\"(max-width: 1080px) 100vw, 1080px\" \/><\/a><\/p>\n<p>[\/et_pb_text][et_pb_comments _builder_version=\u00bb4.16&#8243; use_border_color=\u00bboff\u00bb border_color=\u00bb#ffffff\u00bb border_style=\u00bbsolid\u00bb button_letter_spacing_hover=\u00bb0&#8243; global_colors_info=\u00bb{}\u00bb button_text_size__hover_enabled=\u00bboff\u00bb button_text_size__hover=\u00bbnull\u00bb button_one_text_size__hover_enabled=\u00bboff\u00bb button_one_text_size__hover=\u00bbnull\u00bb button_two_text_size__hover_enabled=\u00bboff\u00bb button_two_text_size__hover=\u00bbnull\u00bb button_text_color__hover_enabled=\u00bboff\u00bb button_text_color__hover=\u00bbnull\u00bb button_one_text_color__hover_enabled=\u00bboff\u00bb button_one_text_color__hover=\u00bbnull\u00bb button_two_text_color__hover_enabled=\u00bboff\u00bb button_two_text_color__hover=\u00bbnull\u00bb button_border_width__hover_enabled=\u00bboff\u00bb button_border_width__hover=\u00bbnull\u00bb button_one_border_width__hover_enabled=\u00bboff\u00bb button_one_border_width__hover=\u00bbnull\u00bb button_two_border_width__hover_enabled=\u00bboff\u00bb button_two_border_width__hover=\u00bbnull\u00bb button_border_color__hover_enabled=\u00bboff\u00bb button_border_color__hover=\u00bbnull\u00bb button_one_border_color__hover_enabled=\u00bboff\u00bb button_one_border_color__hover=\u00bbnull\u00bb button_two_border_color__hover_enabled=\u00bboff\u00bb button_two_border_color__hover=\u00bbnull\u00bb button_border_radius__hover_enabled=\u00bboff\u00bb button_border_radius__hover=\u00bbnull\u00bb button_one_border_radius__hover_enabled=\u00bboff\u00bb button_one_border_radius__hover=\u00bbnull\u00bb button_two_border_radius__hover_enabled=\u00bboff\u00bb button_two_border_radius__hover=\u00bbnull\u00bb button_letter_spacing__hover_enabled=\u00bbon\u00bb button_letter_spacing__hover=\u00bb0&#8243; button_one_letter_spacing__hover_enabled=\u00bboff\u00bb button_one_letter_spacing__hover=\u00bbnull\u00bb button_two_letter_spacing__hover_enabled=\u00bboff\u00bb button_two_letter_spacing__hover=\u00bbnull\u00bb button_bg_color__hover_enabled=\u00bboff\u00bb button_bg_color__hover=\u00bbnull\u00bb button_one_bg_color__hover_enabled=\u00bboff\u00bb button_one_bg_color__hover=\u00bbnull\u00bb button_two_bg_color__hover_enabled=\u00bboff\u00bb button_two_bg_color__hover=\u00bbnull\u00bb][\/et_pb_comments][\/et_pb_column_inner][\/et_pb_row_inner][\/et_pb_column][et_pb_column type=\u00bb1_3&#8243; _builder_version=\u00bb4.16&#8243; custom_padding=\u00bb|||\u00bb global_colors_info=\u00bb{}\u00bb custom_padding__hover=\u00bb|||\u00bb][et_pb_sidebar orientation=\u00bbright\u00bb area=\u00bbsidebar-1&#8243; _builder_version=\u00bb4.16&#8243; remove_border=\u00bboff\u00bb global_colors_info=\u00bb{}\u00bb theme_builder_area=\u00bbpost_content\u00bb][\/et_pb_sidebar][\/et_pb_column][\/et_pb_section][et_pb_section fb_built=\u00bb1&#8243; custom_padding_last_edited=\u00bbon|desktop\u00bb disabled_on=\u00bbon|on|on\u00bb _builder_version=\u00bb3.0.92&#8243; background_color=\u00bb#dedacf\u00bb custom_padding_tablet=\u00bb50px|0|50px|0&#8243; custom_padding_phone=\u00bb\u00bb disabled=\u00bbon\u00bb global_module=\u00bb5116&#8243; collapsed=\u00bboff\u00bb global_colors_info=\u00bb{}\u00bb][et_pb_row _builder_version=\u00bb4.16&#8243; global_colors_info=\u00bb{}\u00bb][et_pb_column type=\u00bb4_4&#8243; _builder_version=\u00bb4.16&#8243; custom_padding=\u00bb|||\u00bb global_colors_info=\u00bb{}\u00bb custom_padding__hover=\u00bb|||\u00bb][\/et_pb_column][\/et_pb_row][\/et_pb_section][et_pb_section fb_built=\u00bb1&#8243; custom_padding_last_edited=\u00bbon|desktop\u00bb _builder_version=\u00bb3.22&#8243; background_color=\u00bb#ffffff\u00bb custom_padding=\u00bb10px||0px|\u00bb custom_padding_tablet=\u00bb50px|0|50px|0&#8243; custom_padding_phone=\u00bb\u00bb transparent_background=\u00bboff\u00bb padding_mobile=\u00bboff\u00bb make_fullwidth=\u00bboff\u00bb use_custom_width=\u00bboff\u00bb width_unit=\u00bbon\u00bb global_module=\u00bb5115&#8243; collapsed=\u00bboff\u00bb global_colors_info=\u00bb{}\u00bb][et_pb_row padding_mobile=\u00bboff\u00bb column_padding_mobile=\u00bbon\u00bb _builder_version=\u00bb4.16&#8243; background_size=\u00bbinitial\u00bb background_position=\u00bbtop_left\u00bb background_repeat=\u00bbrepeat\u00bb max_width=\u00bb1080px\u00bb custom_padding=\u00bb0px||0px|\u00bb make_fullwidth=\u00bboff\u00bb use_custom_width=\u00bboff\u00bb width_unit=\u00bbon\u00bb global_colors_info=\u00bb{}\u00bb][\/et_pb_row][\/et_pb_section][et_pb_section fb_built=\u00bb1&#8243; _builder_version=\u00bb4.16&#8243; global_colors_info=\u00bb{}\u00bb][et_pb_row _builder_version=\u00bb4.16&#8243; background_size=\u00bbinitial\u00bb background_position=\u00bbtop_left\u00bb background_repeat=\u00bbrepeat\u00bb global_colors_info=\u00bb{}\u00bb][\/et_pb_row][\/et_pb_section]<\/p>\n","protected":false},"excerpt":{"rendered":"<p>El sal\u00f3n de actos del Centro de Interpretaci\u00f3n \u201cOlivar y Aceite\u201d acogi\u00f3 la presentaci\u00f3n de la segunda edici\u00f3n del Curso para Maestros y Operarios \u00a0de Almazara que organiza la entidad en colaboraci\u00f3n con la Asociaci\u00f3n Espa\u00f1ola de Maestros y Operarios de Almazara (AEMODA). Se trata de una acci\u00f3n formativa que tiene mucha demanda en el [&hellip;]<\/p>\n","protected":false},"author":1,"featured_media":37176,"comment_status":"open","ping_status":"open","sticky":false,"template":"","format":"standard","meta":{"_et_pb_use_builder":"on","_et_pb_old_content":"","_et_gb_content_width":"","_jetpack_memberships_contains_paid_content":false,"footnotes":""},"categories":[1],"tags":[],"class_list":["post-37174","post","type-post","status-publish","format-standard","has-post-thumbnail","hentry","category-general"],"jetpack_featured_media_url":"https:\/\/i0.wp.com\/centrodeolivaryaceite.com\/wp-content\/uploads\/2019\/03\/curso-maestros-de-almazara.jpg?fit=1024%2C683&ssl=1","jetpack_sharing_enabled":true,"jetpack_shortlink":"https:\/\/wp.me\/p95A9q-9FA","_links":{"self":[{"href":"https:\/\/centrodeolivaryaceite.com\/es\/wp-json\/wp\/v2\/posts\/37174\/"}],"collection":[{"href":"https:\/\/centrodeolivaryaceite.com\/es\/wp-json\/wp\/v2\/posts\/"}],"about":[{"href":"https:\/\/centrodeolivaryaceite.com\/es\/wp-json\/wp\/v2\/types\/post\/"}],"author":[{"embeddable":true,"href":"https:\/\/centrodeolivaryaceite.com\/es\/wp-json\/wp\/v2\/users\/1\/"}],"replies":[{"embeddable":true,"href":"https:\/\/centrodeolivaryaceite.com\/es\/wp-json\/wp\/v2\/comments\/?post=37174"}],"version-history":[{"count":0,"href":"https:\/\/centrodeolivaryaceite.com\/es\/wp-json\/wp\/v2\/posts\/37174\/revisions\/"}],"wp:featuredmedia":[{"embeddable":true,"href":"https:\/\/centrodeolivaryaceite.com\/es\/wp-json\/wp\/v2\/media\/37176\/"}],"wp:attachment":[{"href":"https:\/\/centrodeolivaryaceite.com\/es\/wp-json\/wp\/v2\/media\/?parent=37174"}],"wp:term":[{"taxonomy":"category","embeddable":true,"href":"https:\/\/centrodeolivaryaceite.com\/es\/wp-json\/wp\/v2\/categories\/?post=37174"},{"taxonomy":"post_tag","embeddable":true,"href":"https:\/\/centrodeolivaryaceite.com\/es\/wp-json\/wp\/v2\/tags\/?post=37174"}],"curies":[{"name":"wp","href":"https:\/\/api.w.org\/{rel}","templated":true}]}}