{"id":37311,"date":"2019-05-28T11:45:55","date_gmt":"2019-05-28T11:45:55","guid":{"rendered":"http:\/\/centrodeolivaryaceite.com\/?p=37311"},"modified":"2022-07-29T11:14:40","modified_gmt":"2022-07-29T11:14:40","slug":"2aedicion-del-curso-de-maestros-y-operarios-de-almazara","status":"publish","type":"post","link":"https:\/\/centrodeolivaryaceite.com\/es\/2aedicion-del-curso-de-maestros-y-operarios-de-almazara\/","title":{"rendered":"2\u00aa EDICI\u00d3N DEL CURSO DE MAESTROS Y OPERARIOS DE ALMAZARA"},"content":{"rendered":"<p>[et_pb_section fb_built=\u00bb1&#8243; fullwidth=\u00bbon\u00bb custom_padding_last_edited=\u00bbon|desktop\u00bb admin_label=\u00bbSecci\u00f3n\u00bb _builder_version=\u00bb3.22&#8243; background_color=\u00bb#ffffff\u00bb background_image=\u00bbhttp:\/\/centrodeolivaryaceite.com\/wp-content\/uploads\/2016\/06\/page_header_bg_blue.jpg\u00bb custom_padding_tablet=\u00bb50px|0|50px|0&#8243; custom_padding_phone=\u00bb\u00bb transparent_background=\u00bboff\u00bb padding_mobile=\u00bboff\u00bb make_fullwidth=\u00bboff\u00bb use_custom_width=\u00bboff\u00bb width_unit=\u00bbon\u00bb global_module=\u00bb5294&#8243; locked=\u00bboff\u00bb collapsed=\u00bboff\u00bb global_colors_info=\u00bb{}\u00bb][et_pb_fullwidth_post_title meta=\u00bboff\u00bb featured_image=\u00bboff\u00bb text_color=\u00bblight\u00bb text_background=\u00bbon\u00bb text_bg_color=\u00bbrgba(28,28,28,0.43)\u00bb admin_label=\u00bbT\u00edtulo\u00bb _builder_version=\u00bb4.17.6&#8243; _module_preset=\u00bbdefault\u00bb title_font=\u00bbRoboto Light||||\u00bb title_font_size=\u00bb35px\u00bb title_all_caps=\u00bbon\u00bb background_color=\u00bbrgba(255,255,255,0)\u00bb parallax=\u00bbon\u00bb parallax_method=\u00bboff\u00bb text_orientation=\u00bbcenter\u00bb parallax_effect=\u00bbon\u00bb module_bg_color=\u00bbrgba(255,255,255,0)\u00bb use_border_color=\u00bboff\u00bb border_color=\u00bb#ffffff\u00bb border_style=\u00bbsolid\u00bb global_colors_info=\u00bb{}\u00bb][\/et_pb_fullwidth_post_title][\/et_pb_section][et_pb_section fb_built=\u00bb1&#8243; custom_padding_last_edited=\u00bbon|desktop\u00bb _builder_version=\u00bb4.16&#8243; background_color=\u00bb#ffffff\u00bb custom_padding=\u00bb10px|||\u00bb custom_padding_tablet=\u00bb50px|0|50px|0&#8243; custom_padding_phone=\u00bb\u00bb transparent_background=\u00bboff\u00bb padding_mobile=\u00bboff\u00bb make_fullwidth=\u00bboff\u00bb use_custom_width=\u00bboff\u00bb width_unit=\u00bbon\u00bb global_colors_info=\u00bb{}\u00bb][et_pb_row padding_mobile=\u00bboff\u00bb column_padding_mobile=\u00bbon\u00bb _builder_version=\u00bb4.16&#8243; background_size=\u00bbinitial\u00bb background_position=\u00bbtop_left\u00bb background_repeat=\u00bbrepeat\u00bb max_width=\u00bb1080px\u00bb custom_padding=\u00bb10px|||\u00bb make_fullwidth=\u00bboff\u00bb use_custom_width=\u00bboff\u00bb width_unit=\u00bbon\u00bb global_colors_info=\u00bb{}\u00bb][et_pb_column type=\u00bb4_4&#8243; _builder_version=\u00bb4.16&#8243; custom_padding=\u00bb|||\u00bb global_colors_info=\u00bb{}\u00bb custom_padding__hover=\u00bb|||\u00bb][et_pb_post_title title=\u00bboff\u00bb _builder_version=\u00bb4.16&#8243; title_all_caps=\u00bboff\u00bb background_color=\u00bbrgba(255,255,255,0)\u00bb parallax=\u00bbon\u00bb parallax_method=\u00bboff\u00bb parallax_effect=\u00bbon\u00bb module_bg_color=\u00bbrgba(255,255,255,0)\u00bb use_border_color=\u00bboff\u00bb border_color=\u00bb#ffffff\u00bb border_style=\u00bbsolid\u00bb global_colors_info=\u00bb{}\u00bb][\/et_pb_post_title][\/et_pb_column][\/et_pb_row][\/et_pb_section][et_pb_section fb_built=\u00bb1&#8243; specialty=\u00bbon\u00bb custom_padding_last_edited=\u00bbon|desktop\u00bb parallax_method_1=\u00bboff\u00bb parallax_method_2=\u00bboff\u00bb _builder_version=\u00bb4.16&#8243; background_color=\u00bb#ffffff\u00bb inner_max_width=\u00bbnone\u00bb custom_padding=\u00bb10px|||\u00bb custom_padding_tablet=\u00bb50px|0|50px|0&#8243; custom_padding_phone=\u00bb\u00bb transparent_background=\u00bboff\u00bb padding_mobile=\u00bboff\u00bb make_fullwidth=\u00bboff\u00bb use_custom_width=\u00bboff\u00bb width_unit=\u00bbon\u00bb global_colors_info=\u00bb{}\u00bb][et_pb_column type=\u00bb2_3&#8243; specialty_columns=\u00bb2&#8243; _builder_version=\u00bb4.16&#8243; custom_padding=\u00bb|||\u00bb global_colors_info=\u00bb{}\u00bb custom_padding__hover=\u00bb|||\u00bb][et_pb_row_inner padding_mobile=\u00bboff\u00bb column_padding_mobile=\u00bbon\u00bb admin_label=\u00bbFila\u00bb _builder_version=\u00bb4.16&#8243; custom_padding=\u00bb0px|||\u00bb global_colors_info=\u00bb{}\u00bb][et_pb_column_inner saved_specialty_column_type=\u00bb2_3&#8243; _builder_version=\u00bb4.16&#8243; custom_padding=\u00bb|||\u00bb global_colors_info=\u00bb{}\u00bb custom_padding__hover=\u00bb|||\u00bb][et_pb_text admin_label=\u00bbTexto a reemplazar\u00bb _builder_version=\u00bb4.16&#8243; z_index_tablet=\u00bb500&#8243; use_border_color=\u00bboff\u00bb global_colors_info=\u00bb{}\u00bb]<\/p>\n<p>El Centro de Interpretaci\u00f3n \u201cOlivar y Aceite\u201d \u00a0ha acogido por segundo a\u00f1o el Curso de Operario y Maestro de Almazara, cuya primeras sesiones formativas se ha desarrollado durante el pasado fin de semana en las instalaciones de \u201cOlivar y Aceite\u201d.<\/p>\n<p>Un curso que puede hacerse gracias al patrocinio del Grupo Pieralisi,IMS Pesaje Industrial, Laboratorios Tello, Foss, Jar o Maquivi,\u00a0 y que cuenta con la colaboraci\u00f3n de Iada Ingenieros, Picualia y\u00a0 Juan Vilar, Consultor Estrat\u00e9gico, seg\u00fan ha indicado el presidente de \u201cOlivar y Aceite\u201d, Javier G\u00e1mez.<\/p>\n<p>La acci\u00f3n formativa en su primera edici\u00f3n cont\u00f3 con una gran acogida por parte de los interesados. \u201cEste a\u00f1o no ha sido menos pues se han registrado un total de 60 inscripciones, aunque solo los 50 primeros inscritos realizaran este curso, ya que se limita el n\u00famero de alumnos para cerciorarse de que adquieran los conocimientos necesarios para el desarrollo de su labor profesional en la almazara\u201d, ha subrayado\u00a0 el presidente de la entidad<\/p>\n<p>\u201cComo en su primera edici\u00f3n\u2014ha aclarado\u00a0 G\u00e1mez\u2014este curso se realiza en colaboraci\u00f3n con la Asociaci\u00f3n Espa\u00f1ola de Operarios y Maestros de Almazara (AEMODA). Dado que para nosotros, prosigui\u00f3 el presidente de la entidad, la formaci\u00f3n es fundamental, no solo a nivel del consumidor, o en los cursos de cata o con los talleres de cocina con los m\u00e1s peque\u00f1os de la casa, sino que nos estamos convirtiendo en un referente dentro del mundo del aceite de oliva a nivel profesional, y qu\u00e9 mejor que los maestros y operarios de almazara para conseguir niveles de cualificaci\u00f3n y profesionalidad que estamos consiguiendo\u201d.<\/p>\n<p>En lo que al curso se refiere consta de cinco sesiones, las tres primeras se desarrollar\u00e1n en el Centro\u2014este fin de semana y el pr\u00f3ximo s\u00e1bado 11 de mayo\u2014la cuarta sesi\u00f3n de contenidos pr\u00e1cticos, ser\u00e1 en el Parque Tecnol\u00f3gico de Geolit, donde el grupo Pieralisi tiene su delegaci\u00f3n. Adem\u00e1s de una quinta sesi\u00f3n, parte pr\u00e1ctica del curso que se desarrollar\u00e1 en el mes de noviembre, en la cooperativa Virgen de Zocueca en Bail\u00e9n, donde se encuentra la almazara de Picualia, en la que se pondr\u00e1n en pr\u00e1ctica los contenidos y conocimientos te\u00f3ricos adquiridos durante el curso, ha adelantado G\u00e1mez.<\/p>\n<p>Una acci\u00f3n formativa para la que se contar\u00e1 con profesionales del sector de primer nivel, que\u00a0 formar\u00e1n a los asistentes en temas tan importantes cono olivicultura a nivel internacional, calidad del aceite, trabajo en bodega, recepci\u00f3n de aceituna en el patio, molienda, entre otros aspectos.<\/p>\n<p>As\u00ed durante la primera sesi\u00f3n se cont\u00f3 con la presencia de Juan Vilar, consultor estrat\u00e9gico,\u00a0 que ofreci\u00f3 una ponencia acerca de \u201cOlivicultura a nivel internacional. Retos, estrategias y principales magnitudes\u201d. Seguidamente tom\u00f3 la palabra Juan Antonio Tello\u2014de Laboratorios Tello \u2013que se encarg\u00f3 de formar a los inscritos en calidad del aceite de oliva, normativa, toma de muestras, rendimiento graso y calidad, madurez as\u00ed como la interpretaci\u00f3n de datos cuantitativos de la aceituna y su importancia en la regulaci\u00f3n del sistema productivo. Adem\u00e1s Tello tambi\u00e9n les instruy\u00f3 en toma de muestras y an\u00e1lisis para la gesti\u00f3n de almazara y bodega, contaminantes, origen y control.<\/p>\n<p>Posteriormente continu\u00f3 la sesi\u00f3n formativa Rafael L\u00f3pez que disert\u00f3 sobre \u201cFactores Agron\u00f3micos e industriales que influyen en la calidad\u201d, finalizando la ma\u00f1ana Manuel Ramirez con \u201cDise\u00f1o de almazaras\u201d, ambos de Iada Ingenieros.<\/p>\n<p>Ya por la tarde los inscritos continuaron su formaci\u00f3n de la mano Gabriel Beltr\u00e1n, investigador de Ifapa Venta del Llano, que comparti\u00f3 sus conocimientos acerca de Gesti\u00f3n del patio y recepci\u00f3n de aceituna, molienda y batido.<\/p>\n<p>La segunda sesi\u00f3n desarrollada en la ma\u00f1ana del domingo cont\u00f3 con los ponentes Antonio Jim\u00e9nez\u2014de Ifapa Venta del Llano-, M Paz Aguilera\u2014jefa de panel de cata y responsable de cocina experimental de Citoliva\u2014y Soledad Rom\u00e1n\u2014gerente del Centro de Interpretaci\u00f3n\u2014que formaron a los inscritos en tecnolog\u00eda de centrifugaci\u00f3n, almacenamiento y conservaci\u00f3n y an\u00e1lisis sensorial, respectivamente, finalizando con una sesi\u00f3n de cata de aceite.<\/p>\n<p>Una acci\u00f3n formativa que sin duda derivar\u00e1 en profesionales de alto nivel pues han sido formados por los mejores expertos en aceite de oliva virgen que hay en la actualidad\u00a0 y que redundar\u00e1 en la calidad del oro liquido que el mundo entero tendr\u00e1 la oportunidad de saborear.<\/p>\n<div class=\"tiled-gallery type-rectangular tiled-gallery-unresized\" data-original-width=\"1080\" data-carousel-extra='{&quot;blog_id&quot;:1,&quot;permalink&quot;:&quot;https:\\\/\\\/centrodeolivaryaceite.com\\\/es\\\/2aedicion-del-curso-de-maestros-y-operarios-de-almazara\\\/&quot;,&quot;likes_blog_id&quot;:134317632}' itemscope itemtype=\"http:\/\/schema.org\/ImageGallery\" > <div class=\"gallery-row\" style=\"width: 1080px; height: 482px;\" data-original-width=\"1080\" data-original-height=\"482\" > <div class=\"gallery-group images-1\" style=\"width: 721px; height: 482px;\" data-original-width=\"721\" data-original-height=\"482\" > <div class=\"tiled-gallery-item tiled-gallery-item-large\" itemprop=\"associatedMedia\" itemscope itemtype=\"http:\/\/schema.org\/ImageObject\"> <a href=\"https:\/\/centrodeolivaryaceite.com\/es\/2aedicion-del-curso-de-maestros-y-operarios-de-almazara\/curso-de-maestros-y-operarios-de-almazara-02\/\" border=\"0\" itemprop=\"url\"> <meta itemprop=\"width\" content=\"717\"> <meta itemprop=\"height\" content=\"478\"> <img decoding=\"async\" class=\"\" data-attachment-id=\"37313\" data-orig-file=\"https:\/\/centrodeolivaryaceite.com\/wp-content\/uploads\/2019\/05\/CURSO-DE-MAESTROS-Y-OPERARIOS-DE-ALMAZARA-02.jpg\" data-orig-size=\"1024,683\" data-comments-opened=\"1\" data-image-meta=\"{&quot;aperture&quot;:&quot;4&quot;,&quot;credit&quot;:&quot;&quot;,&quot;camera&quot;:&quot;NIKON D500&quot;,&quot;caption&quot;:&quot;&quot;,&quot;created_timestamp&quot;:&quot;1556961297&quot;,&quot;copyright&quot;:&quot;&quot;,&quot;focal_length&quot;:&quot;46&quot;,&quot;iso&quot;:&quot;1600&quot;,&quot;shutter_speed&quot;:&quot;0.0125&quot;,&quot;title&quot;:&quot;&quot;,&quot;orientation&quot;:&quot;1&quot;}\" data-image-title=\"CURSO DE MAESTROS Y OPERARIOS DE ALMAZARA 02\" data-image-description=\"\" data-medium-file=\"https:\/\/i0.wp.com\/centrodeolivaryaceite.com\/wp-content\/uploads\/2019\/05\/CURSO-DE-MAESTROS-Y-OPERARIOS-DE-ALMAZARA-02.jpg?fit=300%2C200&#038;ssl=1\" data-large-file=\"https:\/\/i0.wp.com\/centrodeolivaryaceite.com\/wp-content\/uploads\/2019\/05\/CURSO-DE-MAESTROS-Y-OPERARIOS-DE-ALMAZARA-02.jpg?fit=1024%2C683&#038;ssl=1\" src=\"https:\/\/i0.wp.com\/centrodeolivaryaceite.com\/wp-content\/uploads\/2019\/05\/CURSO-DE-MAESTROS-Y-OPERARIOS-DE-ALMAZARA-02.jpg?w=717&#038;h=478&#038;ssl=1\" srcset=\"https:\/\/i0.wp.com\/centrodeolivaryaceite.com\/wp-content\/uploads\/2019\/05\/CURSO-DE-MAESTROS-Y-OPERARIOS-DE-ALMAZARA-02.jpg?w=1024&amp;ssl=1 1024w, https:\/\/i0.wp.com\/centrodeolivaryaceite.com\/wp-content\/uploads\/2019\/05\/CURSO-DE-MAESTROS-Y-OPERARIOS-DE-ALMAZARA-02.jpg?resize=300%2C200&amp;ssl=1 300w, https:\/\/i0.wp.com\/centrodeolivaryaceite.com\/wp-content\/uploads\/2019\/05\/CURSO-DE-MAESTROS-Y-OPERARIOS-DE-ALMAZARA-02.jpg?resize=768%2C512&amp;ssl=1 768w\" width=\"717\" height=\"478\" loading=\"lazy\" data-original-width=\"717\" data-original-height=\"478\" itemprop=\"http:\/\/schema.org\/image\" title=\"CURSO DE MAESTROS Y OPERARIOS DE ALMAZARA 02\" alt=\"Javier G\u00e1mez\" style=\"width: 717px; height: 478px;\" \/> <\/a> <\/div> <\/div> <!-- close group --> <div class=\"gallery-group images-2\" style=\"width: 359px; height: 482px;\" data-original-width=\"359\" data-original-height=\"482\" > <div class=\"tiled-gallery-item tiled-gallery-item-large\" itemprop=\"associatedMedia\" itemscope itemtype=\"http:\/\/schema.org\/ImageObject\"> <a href=\"https:\/\/centrodeolivaryaceite.com\/es\/2aedicion-del-curso-de-maestros-y-operarios-de-almazara\/curso-de-maestros-y-operarios-de-almazara-03\/\" border=\"0\" itemprop=\"url\"> <meta itemprop=\"width\" content=\"355\"> <meta itemprop=\"height\" content=\"237\"> <img decoding=\"async\" class=\"\" data-attachment-id=\"37315\" data-orig-file=\"https:\/\/centrodeolivaryaceite.com\/wp-content\/uploads\/2019\/05\/CURSO-DE-MAESTROS-Y-OPERARIOS-DE-ALMAZARA-03.jpg\" data-orig-size=\"1024,683\" data-comments-opened=\"1\" data-image-meta=\"{&quot;aperture&quot;:&quot;4&quot;,&quot;credit&quot;:&quot;&quot;,&quot;camera&quot;:&quot;NIKON D500&quot;,&quot;caption&quot;:&quot;&quot;,&quot;created_timestamp&quot;:&quot;1556961360&quot;,&quot;copyright&quot;:&quot;&quot;,&quot;focal_length&quot;:&quot;16&quot;,&quot;iso&quot;:&quot;2000&quot;,&quot;shutter_speed&quot;:&quot;0.04&quot;,&quot;title&quot;:&quot;&quot;,&quot;orientation&quot;:&quot;1&quot;}\" data-image-title=\"CURSO DE MAESTROS Y OPERARIOS DE ALMAZARA 03\" data-image-description=\"\" data-medium-file=\"https:\/\/i0.wp.com\/centrodeolivaryaceite.com\/wp-content\/uploads\/2019\/05\/CURSO-DE-MAESTROS-Y-OPERARIOS-DE-ALMAZARA-03.jpg?fit=300%2C200&#038;ssl=1\" data-large-file=\"https:\/\/i0.wp.com\/centrodeolivaryaceite.com\/wp-content\/uploads\/2019\/05\/CURSO-DE-MAESTROS-Y-OPERARIOS-DE-ALMAZARA-03.jpg?fit=1024%2C683&#038;ssl=1\" src=\"https:\/\/i0.wp.com\/centrodeolivaryaceite.com\/wp-content\/uploads\/2019\/05\/CURSO-DE-MAESTROS-Y-OPERARIOS-DE-ALMAZARA-03.jpg?w=355&#038;h=237&#038;ssl=1\" srcset=\"https:\/\/i0.wp.com\/centrodeolivaryaceite.com\/wp-content\/uploads\/2019\/05\/CURSO-DE-MAESTROS-Y-OPERARIOS-DE-ALMAZARA-03.jpg?w=1024&amp;ssl=1 1024w, https:\/\/i0.wp.com\/centrodeolivaryaceite.com\/wp-content\/uploads\/2019\/05\/CURSO-DE-MAESTROS-Y-OPERARIOS-DE-ALMAZARA-03.jpg?resize=300%2C200&amp;ssl=1 300w, https:\/\/i0.wp.com\/centrodeolivaryaceite.com\/wp-content\/uploads\/2019\/05\/CURSO-DE-MAESTROS-Y-OPERARIOS-DE-ALMAZARA-03.jpg?resize=768%2C512&amp;ssl=1 768w\" width=\"355\" height=\"237\" loading=\"lazy\" data-original-width=\"355\" data-original-height=\"237\" itemprop=\"http:\/\/schema.org\/image\" title=\"CURSO DE MAESTROS Y OPERARIOS DE ALMAZARA 03\" alt=\"Estudiantes del Curso de Maestros de Almazara\" style=\"width: 355px; height: 237px;\" \/> <\/a> <\/div> <div class=\"tiled-gallery-item tiled-gallery-item-large\" itemprop=\"associatedMedia\" itemscope itemtype=\"http:\/\/schema.org\/ImageObject\"> <a href=\"https:\/\/centrodeolivaryaceite.com\/es\/2aedicion-del-curso-de-maestros-y-operarios-de-almazara\/curso-de-maestros-y-operarios-de-almazara-04\/\" border=\"0\" itemprop=\"url\"> <meta itemprop=\"width\" content=\"355\"> <meta itemprop=\"height\" content=\"237\"> <img decoding=\"async\" class=\"\" data-attachment-id=\"37317\" data-orig-file=\"https:\/\/centrodeolivaryaceite.com\/wp-content\/uploads\/2019\/05\/CURSO-DE-MAESTROS-Y-OPERARIOS-DE-ALMAZARA-04.jpg\" data-orig-size=\"1024,683\" data-comments-opened=\"1\" data-image-meta=\"{&quot;aperture&quot;:&quot;4&quot;,&quot;credit&quot;:&quot;&quot;,&quot;camera&quot;:&quot;NIKON D500&quot;,&quot;caption&quot;:&quot;&quot;,&quot;created_timestamp&quot;:&quot;1556961458&quot;,&quot;copyright&quot;:&quot;&quot;,&quot;focal_length&quot;:&quot;25&quot;,&quot;iso&quot;:&quot;2500&quot;,&quot;shutter_speed&quot;:&quot;0.025&quot;,&quot;title&quot;:&quot;&quot;,&quot;orientation&quot;:&quot;1&quot;}\" data-image-title=\"CURSO DE MAESTROS Y OPERARIOS DE ALMAZARA 04\" data-image-description=\"\" data-medium-file=\"https:\/\/i0.wp.com\/centrodeolivaryaceite.com\/wp-content\/uploads\/2019\/05\/CURSO-DE-MAESTROS-Y-OPERARIOS-DE-ALMAZARA-04.jpg?fit=300%2C200&#038;ssl=1\" data-large-file=\"https:\/\/i0.wp.com\/centrodeolivaryaceite.com\/wp-content\/uploads\/2019\/05\/CURSO-DE-MAESTROS-Y-OPERARIOS-DE-ALMAZARA-04.jpg?fit=1024%2C683&#038;ssl=1\" src=\"https:\/\/i0.wp.com\/centrodeolivaryaceite.com\/wp-content\/uploads\/2019\/05\/CURSO-DE-MAESTROS-Y-OPERARIOS-DE-ALMAZARA-04.jpg?w=355&#038;h=237&#038;ssl=1\" srcset=\"https:\/\/i0.wp.com\/centrodeolivaryaceite.com\/wp-content\/uploads\/2019\/05\/CURSO-DE-MAESTROS-Y-OPERARIOS-DE-ALMAZARA-04.jpg?w=1024&amp;ssl=1 1024w, https:\/\/i0.wp.com\/centrodeolivaryaceite.com\/wp-content\/uploads\/2019\/05\/CURSO-DE-MAESTROS-Y-OPERARIOS-DE-ALMAZARA-04.jpg?resize=300%2C200&amp;ssl=1 300w, https:\/\/i0.wp.com\/centrodeolivaryaceite.com\/wp-content\/uploads\/2019\/05\/CURSO-DE-MAESTROS-Y-OPERARIOS-DE-ALMAZARA-04.jpg?resize=768%2C512&amp;ssl=1 768w\" width=\"355\" height=\"237\" loading=\"lazy\" data-original-width=\"355\" data-original-height=\"237\" itemprop=\"http:\/\/schema.org\/image\" title=\"CURSO DE MAESTROS Y OPERARIOS DE ALMAZARA 04\" alt=\"Qu\u00f3rum Curso de Maestros de Almazara\" style=\"width: 355px; height: 237px;\" \/> <\/a> <\/div> <\/div> <!-- close group --> <\/div> <!-- close row --> <div class=\"gallery-row\" style=\"width: 1080px; height: 241px;\" data-original-width=\"1080\" data-original-height=\"241\" > <div class=\"gallery-group images-1\" style=\"width: 360px; height: 241px;\" data-original-width=\"360\" data-original-height=\"241\" > <div class=\"tiled-gallery-item tiled-gallery-item-large\" itemprop=\"associatedMedia\" itemscope itemtype=\"http:\/\/schema.org\/ImageObject\"> <a href=\"https:\/\/centrodeolivaryaceite.com\/es\/2aedicion-del-curso-de-maestros-y-operarios-de-almazara\/curso-de-maestros-y-operarios-de-almazara-05\/\" border=\"0\" itemprop=\"url\"> <meta itemprop=\"width\" content=\"356\"> <meta itemprop=\"height\" content=\"237\"> <img decoding=\"async\" class=\"\" data-attachment-id=\"37319\" data-orig-file=\"https:\/\/centrodeolivaryaceite.com\/wp-content\/uploads\/2019\/05\/CURSO-DE-MAESTROS-Y-OPERARIOS-DE-ALMAZARA-05.jpg\" data-orig-size=\"1024,683\" data-comments-opened=\"1\" data-image-meta=\"{&quot;aperture&quot;:&quot;4&quot;,&quot;credit&quot;:&quot;&quot;,&quot;camera&quot;:&quot;NIKON D500&quot;,&quot;caption&quot;:&quot;&quot;,&quot;created_timestamp&quot;:&quot;1556961564&quot;,&quot;copyright&quot;:&quot;&quot;,&quot;focal_length&quot;:&quot;80&quot;,&quot;iso&quot;:&quot;2000&quot;,&quot;shutter_speed&quot;:&quot;0.025&quot;,&quot;title&quot;:&quot;&quot;,&quot;orientation&quot;:&quot;1&quot;}\" data-image-title=\"CURSO DE MAESTROS Y OPERARIOS DE ALMAZARA 05\" data-image-description=\"\" data-medium-file=\"https:\/\/i0.wp.com\/centrodeolivaryaceite.com\/wp-content\/uploads\/2019\/05\/CURSO-DE-MAESTROS-Y-OPERARIOS-DE-ALMAZARA-05.jpg?fit=300%2C200&#038;ssl=1\" data-large-file=\"https:\/\/i0.wp.com\/centrodeolivaryaceite.com\/wp-content\/uploads\/2019\/05\/CURSO-DE-MAESTROS-Y-OPERARIOS-DE-ALMAZARA-05.jpg?fit=1024%2C683&#038;ssl=1\" src=\"https:\/\/i0.wp.com\/centrodeolivaryaceite.com\/wp-content\/uploads\/2019\/05\/CURSO-DE-MAESTROS-Y-OPERARIOS-DE-ALMAZARA-05.jpg?w=356&#038;h=237&#038;ssl=1\" srcset=\"https:\/\/i0.wp.com\/centrodeolivaryaceite.com\/wp-content\/uploads\/2019\/05\/CURSO-DE-MAESTROS-Y-OPERARIOS-DE-ALMAZARA-05.jpg?w=1024&amp;ssl=1 1024w, https:\/\/i0.wp.com\/centrodeolivaryaceite.com\/wp-content\/uploads\/2019\/05\/CURSO-DE-MAESTROS-Y-OPERARIOS-DE-ALMAZARA-05.jpg?resize=300%2C200&amp;ssl=1 300w, https:\/\/i0.wp.com\/centrodeolivaryaceite.com\/wp-content\/uploads\/2019\/05\/CURSO-DE-MAESTROS-Y-OPERARIOS-DE-ALMAZARA-05.jpg?resize=768%2C512&amp;ssl=1 768w\" width=\"356\" height=\"237\" loading=\"lazy\" data-original-width=\"356\" data-original-height=\"237\" itemprop=\"http:\/\/schema.org\/image\" title=\"CURSO DE MAESTROS Y OPERARIOS DE ALMAZARA 05\" alt=\"Inicio del Curso de Maestros de Almazara\" style=\"width: 356px; height: 237px;\" \/> <\/a> <\/div> <\/div> <!-- close group --> <div class=\"gallery-group images-1\" style=\"width: 360px; height: 241px;\" data-original-width=\"360\" data-original-height=\"241\" > <div class=\"tiled-gallery-item tiled-gallery-item-large\" itemprop=\"associatedMedia\" itemscope itemtype=\"http:\/\/schema.org\/ImageObject\"> <a href=\"https:\/\/centrodeolivaryaceite.com\/es\/2aedicion-del-curso-de-maestros-y-operarios-de-almazara\/curso-de-maestros-y-operarios-de-almazara-06\/\" border=\"0\" itemprop=\"url\"> <meta itemprop=\"width\" content=\"356\"> <meta itemprop=\"height\" content=\"237\"> <img decoding=\"async\" class=\"\" data-attachment-id=\"37321\" data-orig-file=\"https:\/\/centrodeolivaryaceite.com\/wp-content\/uploads\/2019\/05\/CURSO-DE-MAESTROS-Y-OPERARIOS-DE-ALMAZARA-06.jpg\" data-orig-size=\"1024,683\" data-comments-opened=\"1\" data-image-meta=\"{&quot;aperture&quot;:&quot;4&quot;,&quot;credit&quot;:&quot;&quot;,&quot;camera&quot;:&quot;NIKON D500&quot;,&quot;caption&quot;:&quot;&quot;,&quot;created_timestamp&quot;:&quot;1556961713&quot;,&quot;copyright&quot;:&quot;&quot;,&quot;focal_length&quot;:&quot;16&quot;,&quot;iso&quot;:&quot;2000&quot;,&quot;shutter_speed&quot;:&quot;0.0333333333333&quot;,&quot;title&quot;:&quot;&quot;,&quot;orientation&quot;:&quot;1&quot;}\" data-image-title=\"CURSO DE MAESTROS Y OPERARIOS DE ALMAZARA 06\" data-image-description=\"\" data-medium-file=\"https:\/\/i0.wp.com\/centrodeolivaryaceite.com\/wp-content\/uploads\/2019\/05\/CURSO-DE-MAESTROS-Y-OPERARIOS-DE-ALMAZARA-06.jpg?fit=300%2C200&#038;ssl=1\" data-large-file=\"https:\/\/i0.wp.com\/centrodeolivaryaceite.com\/wp-content\/uploads\/2019\/05\/CURSO-DE-MAESTROS-Y-OPERARIOS-DE-ALMAZARA-06.jpg?fit=1024%2C683&#038;ssl=1\" src=\"https:\/\/i0.wp.com\/centrodeolivaryaceite.com\/wp-content\/uploads\/2019\/05\/CURSO-DE-MAESTROS-Y-OPERARIOS-DE-ALMAZARA-06.jpg?w=356&#038;h=237&#038;ssl=1\" srcset=\"https:\/\/i0.wp.com\/centrodeolivaryaceite.com\/wp-content\/uploads\/2019\/05\/CURSO-DE-MAESTROS-Y-OPERARIOS-DE-ALMAZARA-06.jpg?w=1024&amp;ssl=1 1024w, https:\/\/i0.wp.com\/centrodeolivaryaceite.com\/wp-content\/uploads\/2019\/05\/CURSO-DE-MAESTROS-Y-OPERARIOS-DE-ALMAZARA-06.jpg?resize=300%2C200&amp;ssl=1 300w, https:\/\/i0.wp.com\/centrodeolivaryaceite.com\/wp-content\/uploads\/2019\/05\/CURSO-DE-MAESTROS-Y-OPERARIOS-DE-ALMAZARA-06.jpg?resize=768%2C512&amp;ssl=1 768w\" width=\"356\" height=\"237\" loading=\"lazy\" data-original-width=\"356\" data-original-height=\"237\" itemprop=\"http:\/\/schema.org\/image\" title=\"CURSO DE MAESTROS Y OPERARIOS DE ALMAZARA 06\" alt=\"Javier G\u00e1mez\" style=\"width: 356px; height: 237px;\" \/> <\/a> <\/div> <\/div> <!-- close group --> <div class=\"gallery-group images-1\" style=\"width: 360px; height: 241px;\" data-original-width=\"360\" data-original-height=\"241\" > <div class=\"tiled-gallery-item tiled-gallery-item-large\" itemprop=\"associatedMedia\" itemscope itemtype=\"http:\/\/schema.org\/ImageObject\"> <a href=\"https:\/\/centrodeolivaryaceite.com\/es\/2aedicion-del-curso-de-maestros-y-operarios-de-almazara\/curso-de-maestros-y-operarios-de-almazara-07\/\" border=\"0\" itemprop=\"url\"> <meta itemprop=\"width\" content=\"356\"> <meta itemprop=\"height\" content=\"237\"> <img decoding=\"async\" class=\"\" data-attachment-id=\"37323\" data-orig-file=\"https:\/\/centrodeolivaryaceite.com\/wp-content\/uploads\/2019\/05\/CURSO-DE-MAESTROS-Y-OPERARIOS-DE-ALMAZARA-07.jpg\" data-orig-size=\"1024,683\" data-comments-opened=\"1\" data-image-meta=\"{&quot;aperture&quot;:&quot;4&quot;,&quot;credit&quot;:&quot;&quot;,&quot;camera&quot;:&quot;NIKON D500&quot;,&quot;caption&quot;:&quot;&quot;,&quot;created_timestamp&quot;:&quot;1556962694&quot;,&quot;copyright&quot;:&quot;&quot;,&quot;focal_length&quot;:&quot;35&quot;,&quot;iso&quot;:&quot;3200&quot;,&quot;shutter_speed&quot;:&quot;0.0125&quot;,&quot;title&quot;:&quot;&quot;,&quot;orientation&quot;:&quot;1&quot;}\" data-image-title=\"CURSO DE MAESTROS Y OPERARIOS DE ALMAZARA 07\" data-image-description=\"\" data-medium-file=\"https:\/\/i0.wp.com\/centrodeolivaryaceite.com\/wp-content\/uploads\/2019\/05\/CURSO-DE-MAESTROS-Y-OPERARIOS-DE-ALMAZARA-07.jpg?fit=300%2C200&#038;ssl=1\" data-large-file=\"https:\/\/i0.wp.com\/centrodeolivaryaceite.com\/wp-content\/uploads\/2019\/05\/CURSO-DE-MAESTROS-Y-OPERARIOS-DE-ALMAZARA-07.jpg?fit=1024%2C683&#038;ssl=1\" src=\"https:\/\/i0.wp.com\/centrodeolivaryaceite.com\/wp-content\/uploads\/2019\/05\/CURSO-DE-MAESTROS-Y-OPERARIOS-DE-ALMAZARA-07.jpg?w=356&#038;h=237&#038;ssl=1\" srcset=\"https:\/\/i0.wp.com\/centrodeolivaryaceite.com\/wp-content\/uploads\/2019\/05\/CURSO-DE-MAESTROS-Y-OPERARIOS-DE-ALMAZARA-07.jpg?w=1024&amp;ssl=1 1024w, https:\/\/i0.wp.com\/centrodeolivaryaceite.com\/wp-content\/uploads\/2019\/05\/CURSO-DE-MAESTROS-Y-OPERARIOS-DE-ALMAZARA-07.jpg?resize=300%2C200&amp;ssl=1 300w, https:\/\/i0.wp.com\/centrodeolivaryaceite.com\/wp-content\/uploads\/2019\/05\/CURSO-DE-MAESTROS-Y-OPERARIOS-DE-ALMAZARA-07.jpg?resize=768%2C512&amp;ssl=1 768w\" width=\"356\" height=\"237\" loading=\"lazy\" data-original-width=\"356\" data-original-height=\"237\" itemprop=\"http:\/\/schema.org\/image\" title=\"CURSO DE MAESTROS Y OPERARIOS DE ALMAZARA 07\" alt=\"Ponencia de Juan Vilar\" style=\"width: 356px; height: 237px;\" \/> <\/a> <\/div> <\/div> <!-- close group --> <\/div> <!-- close row --> <div class=\"gallery-row\" style=\"width: 1080px; height: 482px;\" data-original-width=\"1080\" data-original-height=\"482\" > <div class=\"gallery-group images-2\" style=\"width: 359px; height: 482px;\" data-original-width=\"359\" data-original-height=\"482\" > <div class=\"tiled-gallery-item tiled-gallery-item-large\" itemprop=\"associatedMedia\" itemscope itemtype=\"http:\/\/schema.org\/ImageObject\"> <a href=\"https:\/\/centrodeolivaryaceite.com\/es\/2aedicion-del-curso-de-maestros-y-operarios-de-almazara\/curso-de-maestros-y-operarios-de-almazara-08\/\" border=\"0\" itemprop=\"url\"> <meta itemprop=\"width\" content=\"355\"> <meta itemprop=\"height\" content=\"237\"> <img decoding=\"async\" class=\"\" data-attachment-id=\"37325\" data-orig-file=\"https:\/\/centrodeolivaryaceite.com\/wp-content\/uploads\/2019\/05\/CURSO-DE-MAESTROS-Y-OPERARIOS-DE-ALMAZARA-08.jpg\" data-orig-size=\"1024,683\" data-comments-opened=\"1\" data-image-meta=\"{&quot;aperture&quot;:&quot;4&quot;,&quot;credit&quot;:&quot;&quot;,&quot;camera&quot;:&quot;NIKON D500&quot;,&quot;caption&quot;:&quot;&quot;,&quot;created_timestamp&quot;:&quot;1556962818&quot;,&quot;copyright&quot;:&quot;&quot;,&quot;focal_length&quot;:&quot;16&quot;,&quot;iso&quot;:&quot;3200&quot;,&quot;shutter_speed&quot;:&quot;0.02&quot;,&quot;title&quot;:&quot;&quot;,&quot;orientation&quot;:&quot;1&quot;}\" data-image-title=\"CURSO DE MAESTROS Y OPERARIOS DE ALMAZARA 08\" data-image-description=\"\" data-medium-file=\"https:\/\/i0.wp.com\/centrodeolivaryaceite.com\/wp-content\/uploads\/2019\/05\/CURSO-DE-MAESTROS-Y-OPERARIOS-DE-ALMAZARA-08.jpg?fit=300%2C200&#038;ssl=1\" data-large-file=\"https:\/\/i0.wp.com\/centrodeolivaryaceite.com\/wp-content\/uploads\/2019\/05\/CURSO-DE-MAESTROS-Y-OPERARIOS-DE-ALMAZARA-08.jpg?fit=1024%2C683&#038;ssl=1\" src=\"https:\/\/i0.wp.com\/centrodeolivaryaceite.com\/wp-content\/uploads\/2019\/05\/CURSO-DE-MAESTROS-Y-OPERARIOS-DE-ALMAZARA-08.jpg?w=355&#038;h=237&#038;ssl=1\" srcset=\"https:\/\/i0.wp.com\/centrodeolivaryaceite.com\/wp-content\/uploads\/2019\/05\/CURSO-DE-MAESTROS-Y-OPERARIOS-DE-ALMAZARA-08.jpg?w=1024&amp;ssl=1 1024w, https:\/\/i0.wp.com\/centrodeolivaryaceite.com\/wp-content\/uploads\/2019\/05\/CURSO-DE-MAESTROS-Y-OPERARIOS-DE-ALMAZARA-08.jpg?resize=300%2C200&amp;ssl=1 300w, https:\/\/i0.wp.com\/centrodeolivaryaceite.com\/wp-content\/uploads\/2019\/05\/CURSO-DE-MAESTROS-Y-OPERARIOS-DE-ALMAZARA-08.jpg?resize=768%2C512&amp;ssl=1 768w\" width=\"355\" height=\"237\" loading=\"lazy\" data-original-width=\"355\" data-original-height=\"237\" itemprop=\"http:\/\/schema.org\/image\" title=\"CURSO DE MAESTROS Y OPERARIOS DE ALMAZARA 08\" alt=\"Juan Vilar explicando\" style=\"width: 355px; height: 237px;\" \/> <\/a> <\/div> <div class=\"tiled-gallery-item tiled-gallery-item-large\" itemprop=\"associatedMedia\" itemscope itemtype=\"http:\/\/schema.org\/ImageObject\"> <a href=\"https:\/\/centrodeolivaryaceite.com\/es\/2aedicion-del-curso-de-maestros-y-operarios-de-almazara\/curso-de-maestros-y-operarios-de-almazara-09\/\" border=\"0\" itemprop=\"url\"> <meta itemprop=\"width\" content=\"355\"> <meta itemprop=\"height\" content=\"237\"> <img decoding=\"async\" class=\"\" data-attachment-id=\"37327\" data-orig-file=\"https:\/\/centrodeolivaryaceite.com\/wp-content\/uploads\/2019\/05\/CURSO-DE-MAESTROS-Y-OPERARIOS-DE-ALMAZARA-09.jpg\" data-orig-size=\"1024,683\" data-comments-opened=\"1\" data-image-meta=\"{&quot;aperture&quot;:&quot;4&quot;,&quot;credit&quot;:&quot;&quot;,&quot;camera&quot;:&quot;NIKON D500&quot;,&quot;caption&quot;:&quot;&quot;,&quot;created_timestamp&quot;:&quot;1556962861&quot;,&quot;copyright&quot;:&quot;&quot;,&quot;focal_length&quot;:&quot;38&quot;,&quot;iso&quot;:&quot;2000&quot;,&quot;shutter_speed&quot;:&quot;0.0125&quot;,&quot;title&quot;:&quot;&quot;,&quot;orientation&quot;:&quot;1&quot;}\" data-image-title=\"CURSO DE MAESTROS Y OPERARIOS DE ALMAZARA 09\" data-image-description=\"\" data-medium-file=\"https:\/\/i0.wp.com\/centrodeolivaryaceite.com\/wp-content\/uploads\/2019\/05\/CURSO-DE-MAESTROS-Y-OPERARIOS-DE-ALMAZARA-09.jpg?fit=300%2C200&#038;ssl=1\" data-large-file=\"https:\/\/i0.wp.com\/centrodeolivaryaceite.com\/wp-content\/uploads\/2019\/05\/CURSO-DE-MAESTROS-Y-OPERARIOS-DE-ALMAZARA-09.jpg?fit=1024%2C683&#038;ssl=1\" src=\"https:\/\/i0.wp.com\/centrodeolivaryaceite.com\/wp-content\/uploads\/2019\/05\/CURSO-DE-MAESTROS-Y-OPERARIOS-DE-ALMAZARA-09.jpg?w=355&#038;h=237&#038;ssl=1\" srcset=\"https:\/\/i0.wp.com\/centrodeolivaryaceite.com\/wp-content\/uploads\/2019\/05\/CURSO-DE-MAESTROS-Y-OPERARIOS-DE-ALMAZARA-09.jpg?w=1024&amp;ssl=1 1024w, https:\/\/i0.wp.com\/centrodeolivaryaceite.com\/wp-content\/uploads\/2019\/05\/CURSO-DE-MAESTROS-Y-OPERARIOS-DE-ALMAZARA-09.jpg?resize=300%2C200&amp;ssl=1 300w, https:\/\/i0.wp.com\/centrodeolivaryaceite.com\/wp-content\/uploads\/2019\/05\/CURSO-DE-MAESTROS-Y-OPERARIOS-DE-ALMAZARA-09.jpg?resize=768%2C512&amp;ssl=1 768w\" width=\"355\" height=\"237\" loading=\"lazy\" data-original-width=\"355\" data-original-height=\"237\" itemprop=\"http:\/\/schema.org\/image\" title=\"CURSO DE MAESTROS Y OPERARIOS DE ALMAZARA 09\" alt=\"Juan Vilar\" style=\"width: 355px; height: 237px;\" \/> <\/a> <\/div> <\/div> <!-- close group --> <div class=\"gallery-group images-1\" style=\"width: 721px; height: 482px;\" data-original-width=\"721\" data-original-height=\"482\" > <div class=\"tiled-gallery-item tiled-gallery-item-large\" itemprop=\"associatedMedia\" itemscope itemtype=\"http:\/\/schema.org\/ImageObject\"> <a href=\"https:\/\/centrodeolivaryaceite.com\/es\/2aedicion-del-curso-de-maestros-y-operarios-de-almazara\/curso-de-maestros-y-operarios-de-almazara-10\/\" border=\"0\" itemprop=\"url\"> <meta itemprop=\"width\" content=\"717\"> <meta itemprop=\"height\" content=\"478\"> <img decoding=\"async\" class=\"\" data-attachment-id=\"37329\" data-orig-file=\"https:\/\/centrodeolivaryaceite.com\/wp-content\/uploads\/2019\/05\/CURSO-DE-MAESTROS-Y-OPERARIOS-DE-ALMAZARA-10.jpg\" data-orig-size=\"1024,683\" data-comments-opened=\"1\" data-image-meta=\"{&quot;aperture&quot;:&quot;4&quot;,&quot;credit&quot;:&quot;&quot;,&quot;camera&quot;:&quot;NIKON D500&quot;,&quot;caption&quot;:&quot;&quot;,&quot;created_timestamp&quot;:&quot;1556991347&quot;,&quot;copyright&quot;:&quot;&quot;,&quot;focal_length&quot;:&quot;80&quot;,&quot;iso&quot;:&quot;5000&quot;,&quot;shutter_speed&quot;:&quot;0.02&quot;,&quot;title&quot;:&quot;&quot;,&quot;orientation&quot;:&quot;1&quot;}\" data-image-title=\"CURSO DE MAESTROS Y OPERARIOS DE ALMAZARA 10\" data-image-description=\"\" data-medium-file=\"https:\/\/i0.wp.com\/centrodeolivaryaceite.com\/wp-content\/uploads\/2019\/05\/CURSO-DE-MAESTROS-Y-OPERARIOS-DE-ALMAZARA-10.jpg?fit=300%2C200&#038;ssl=1\" data-large-file=\"https:\/\/i0.wp.com\/centrodeolivaryaceite.com\/wp-content\/uploads\/2019\/05\/CURSO-DE-MAESTROS-Y-OPERARIOS-DE-ALMAZARA-10.jpg?fit=1024%2C683&#038;ssl=1\" src=\"https:\/\/i0.wp.com\/centrodeolivaryaceite.com\/wp-content\/uploads\/2019\/05\/CURSO-DE-MAESTROS-Y-OPERARIOS-DE-ALMAZARA-10.jpg?w=717&#038;h=478&#038;ssl=1\" srcset=\"https:\/\/i0.wp.com\/centrodeolivaryaceite.com\/wp-content\/uploads\/2019\/05\/CURSO-DE-MAESTROS-Y-OPERARIOS-DE-ALMAZARA-10.jpg?w=1024&amp;ssl=1 1024w, https:\/\/i0.wp.com\/centrodeolivaryaceite.com\/wp-content\/uploads\/2019\/05\/CURSO-DE-MAESTROS-Y-OPERARIOS-DE-ALMAZARA-10.jpg?resize=300%2C200&amp;ssl=1 300w, https:\/\/i0.wp.com\/centrodeolivaryaceite.com\/wp-content\/uploads\/2019\/05\/CURSO-DE-MAESTROS-Y-OPERARIOS-DE-ALMAZARA-10.jpg?resize=768%2C512&amp;ssl=1 768w\" width=\"717\" height=\"478\" loading=\"lazy\" data-original-width=\"717\" data-original-height=\"478\" itemprop=\"http:\/\/schema.org\/image\" title=\"CURSO DE MAESTROS Y OPERARIOS DE ALMAZARA 10\" alt=\"Profesor del curso de Maestros de Almazara\" style=\"width: 717px; height: 478px;\" \/> <\/a> <\/div> <\/div> <!-- close group --> <\/div> <!-- close row --> <div class=\"gallery-row\" style=\"width: 1080px; height: 181px;\" data-original-width=\"1080\" data-original-height=\"181\" > <div class=\"gallery-group images-1\" style=\"width: 270px; height: 181px;\" data-original-width=\"270\" data-original-height=\"181\" > <div class=\"tiled-gallery-item tiled-gallery-item-large\" itemprop=\"associatedMedia\" itemscope itemtype=\"http:\/\/schema.org\/ImageObject\"> <a href=\"https:\/\/centrodeolivaryaceite.com\/es\/2aedicion-del-curso-de-maestros-y-operarios-de-almazara\/curso-de-maestros-y-operarios-de-almazara-11\/\" border=\"0\" itemprop=\"url\"> <meta itemprop=\"width\" content=\"266\"> <meta itemprop=\"height\" content=\"177\"> <img decoding=\"async\" class=\"\" data-attachment-id=\"37331\" data-orig-file=\"https:\/\/centrodeolivaryaceite.com\/wp-content\/uploads\/2019\/05\/CURSO-DE-MAESTROS-Y-OPERARIOS-DE-ALMAZARA-11.jpg\" data-orig-size=\"1024,683\" data-comments-opened=\"1\" data-image-meta=\"{&quot;aperture&quot;:&quot;4&quot;,&quot;credit&quot;:&quot;&quot;,&quot;camera&quot;:&quot;NIKON D500&quot;,&quot;caption&quot;:&quot;&quot;,&quot;created_timestamp&quot;:&quot;1556991970&quot;,&quot;copyright&quot;:&quot;&quot;,&quot;focal_length&quot;:&quot;16&quot;,&quot;iso&quot;:&quot;5000&quot;,&quot;shutter_speed&quot;:&quot;0.0125&quot;,&quot;title&quot;:&quot;&quot;,&quot;orientation&quot;:&quot;1&quot;}\" data-image-title=\"CURSO DE MAESTROS Y OPERARIOS DE ALMAZARA 11\" data-image-description=\"\" data-medium-file=\"https:\/\/i0.wp.com\/centrodeolivaryaceite.com\/wp-content\/uploads\/2019\/05\/CURSO-DE-MAESTROS-Y-OPERARIOS-DE-ALMAZARA-11.jpg?fit=300%2C200&#038;ssl=1\" data-large-file=\"https:\/\/i0.wp.com\/centrodeolivaryaceite.com\/wp-content\/uploads\/2019\/05\/CURSO-DE-MAESTROS-Y-OPERARIOS-DE-ALMAZARA-11.jpg?fit=1024%2C683&#038;ssl=1\" src=\"https:\/\/i0.wp.com\/centrodeolivaryaceite.com\/wp-content\/uploads\/2019\/05\/CURSO-DE-MAESTROS-Y-OPERARIOS-DE-ALMAZARA-11.jpg?w=266&#038;h=177&#038;ssl=1\" srcset=\"https:\/\/i0.wp.com\/centrodeolivaryaceite.com\/wp-content\/uploads\/2019\/05\/CURSO-DE-MAESTROS-Y-OPERARIOS-DE-ALMAZARA-11.jpg?w=1024&amp;ssl=1 1024w, https:\/\/i0.wp.com\/centrodeolivaryaceite.com\/wp-content\/uploads\/2019\/05\/CURSO-DE-MAESTROS-Y-OPERARIOS-DE-ALMAZARA-11.jpg?resize=300%2C200&amp;ssl=1 300w, https:\/\/i0.wp.com\/centrodeolivaryaceite.com\/wp-content\/uploads\/2019\/05\/CURSO-DE-MAESTROS-Y-OPERARIOS-DE-ALMAZARA-11.jpg?resize=768%2C512&amp;ssl=1 768w\" width=\"266\" height=\"177\" loading=\"lazy\" data-original-width=\"266\" data-original-height=\"177\" itemprop=\"http:\/\/schema.org\/image\" title=\"CURSO DE MAESTROS Y OPERARIOS DE ALMAZARA 11\" alt=\"Alumnos del Curso de Maestros de Almazara\" style=\"width: 266px; height: 177px;\" \/> <\/a> <\/div> <\/div> <!-- close group --> <div class=\"gallery-group images-1\" style=\"width: 270px; height: 181px;\" data-original-width=\"270\" data-original-height=\"181\" > <div class=\"tiled-gallery-item tiled-gallery-item-large\" itemprop=\"associatedMedia\" itemscope itemtype=\"http:\/\/schema.org\/ImageObject\"> <a href=\"https:\/\/centrodeolivaryaceite.com\/es\/2aedicion-del-curso-de-maestros-y-operarios-de-almazara\/curso-de-maestros-y-operarios-de-almazara-12\/\" border=\"0\" itemprop=\"url\"> <meta itemprop=\"width\" content=\"266\"> <meta itemprop=\"height\" content=\"177\"> <img decoding=\"async\" class=\"\" data-attachment-id=\"37333\" data-orig-file=\"https:\/\/centrodeolivaryaceite.com\/wp-content\/uploads\/2019\/05\/CURSO-DE-MAESTROS-Y-OPERARIOS-DE-ALMAZARA-12.jpg\" data-orig-size=\"1024,683\" data-comments-opened=\"1\" data-image-meta=\"{&quot;aperture&quot;:&quot;4&quot;,&quot;credit&quot;:&quot;&quot;,&quot;camera&quot;:&quot;NIKON D500&quot;,&quot;caption&quot;:&quot;&quot;,&quot;created_timestamp&quot;:&quot;1556992057&quot;,&quot;copyright&quot;:&quot;&quot;,&quot;focal_length&quot;:&quot;16&quot;,&quot;iso&quot;:&quot;5000&quot;,&quot;shutter_speed&quot;:&quot;0.0125&quot;,&quot;title&quot;:&quot;&quot;,&quot;orientation&quot;:&quot;1&quot;}\" data-image-title=\"CURSO DE MAESTROS Y OPERARIOS DE ALMAZARA 12\" data-image-description=\"\" data-medium-file=\"https:\/\/i0.wp.com\/centrodeolivaryaceite.com\/wp-content\/uploads\/2019\/05\/CURSO-DE-MAESTROS-Y-OPERARIOS-DE-ALMAZARA-12.jpg?fit=300%2C200&#038;ssl=1\" data-large-file=\"https:\/\/i0.wp.com\/centrodeolivaryaceite.com\/wp-content\/uploads\/2019\/05\/CURSO-DE-MAESTROS-Y-OPERARIOS-DE-ALMAZARA-12.jpg?fit=1024%2C683&#038;ssl=1\" src=\"https:\/\/i0.wp.com\/centrodeolivaryaceite.com\/wp-content\/uploads\/2019\/05\/CURSO-DE-MAESTROS-Y-OPERARIOS-DE-ALMAZARA-12.jpg?w=266&#038;h=177&#038;ssl=1\" srcset=\"https:\/\/i0.wp.com\/centrodeolivaryaceite.com\/wp-content\/uploads\/2019\/05\/CURSO-DE-MAESTROS-Y-OPERARIOS-DE-ALMAZARA-12.jpg?w=1024&amp;ssl=1 1024w, https:\/\/i0.wp.com\/centrodeolivaryaceite.com\/wp-content\/uploads\/2019\/05\/CURSO-DE-MAESTROS-Y-OPERARIOS-DE-ALMAZARA-12.jpg?resize=300%2C200&amp;ssl=1 300w, https:\/\/i0.wp.com\/centrodeolivaryaceite.com\/wp-content\/uploads\/2019\/05\/CURSO-DE-MAESTROS-Y-OPERARIOS-DE-ALMAZARA-12.jpg?resize=768%2C512&amp;ssl=1 768w\" width=\"266\" height=\"177\" loading=\"lazy\" data-original-width=\"266\" data-original-height=\"177\" itemprop=\"http:\/\/schema.org\/image\" title=\"CURSO DE MAESTROS Y OPERARIOS DE ALMAZARA 12\" alt=\"Ponente en Curso de Maestros de Almazara\" style=\"width: 266px; height: 177px;\" \/> <\/a> <\/div> <\/div> <!-- close group --> <div class=\"gallery-group images-1\" style=\"width: 270px; height: 181px;\" data-original-width=\"270\" data-original-height=\"181\" > <div class=\"tiled-gallery-item tiled-gallery-item-large\" itemprop=\"associatedMedia\" itemscope itemtype=\"http:\/\/schema.org\/ImageObject\"> <a href=\"https:\/\/centrodeolivaryaceite.com\/es\/2aedicion-del-curso-de-maestros-y-operarios-de-almazara\/curso-de-maestros-y-operarios-de-almazara-13\/\" border=\"0\" itemprop=\"url\"> <meta itemprop=\"width\" content=\"266\"> <meta itemprop=\"height\" content=\"177\"> <img decoding=\"async\" class=\"\" data-attachment-id=\"37335\" data-orig-file=\"https:\/\/centrodeolivaryaceite.com\/wp-content\/uploads\/2019\/05\/CURSO-DE-MAESTROS-Y-OPERARIOS-DE-ALMAZARA-13.jpg\" data-orig-size=\"1024,683\" data-comments-opened=\"1\" data-image-meta=\"{&quot;aperture&quot;:&quot;4&quot;,&quot;credit&quot;:&quot;&quot;,&quot;camera&quot;:&quot;NIKON D500&quot;,&quot;caption&quot;:&quot;&quot;,&quot;created_timestamp&quot;:&quot;1556992215&quot;,&quot;copyright&quot;:&quot;&quot;,&quot;focal_length&quot;:&quot;80&quot;,&quot;iso&quot;:&quot;5000&quot;,&quot;shutter_speed&quot;:&quot;0.0125&quot;,&quot;title&quot;:&quot;&quot;,&quot;orientation&quot;:&quot;1&quot;}\" data-image-title=\"CURSO DE MAESTROS Y OPERARIOS DE ALMAZARA 13\" data-image-description=\"\" data-medium-file=\"https:\/\/i0.wp.com\/centrodeolivaryaceite.com\/wp-content\/uploads\/2019\/05\/CURSO-DE-MAESTROS-Y-OPERARIOS-DE-ALMAZARA-13.jpg?fit=300%2C200&#038;ssl=1\" data-large-file=\"https:\/\/i0.wp.com\/centrodeolivaryaceite.com\/wp-content\/uploads\/2019\/05\/CURSO-DE-MAESTROS-Y-OPERARIOS-DE-ALMAZARA-13.jpg?fit=1024%2C683&#038;ssl=1\" src=\"https:\/\/i0.wp.com\/centrodeolivaryaceite.com\/wp-content\/uploads\/2019\/05\/CURSO-DE-MAESTROS-Y-OPERARIOS-DE-ALMAZARA-13.jpg?w=266&#038;h=177&#038;ssl=1\" srcset=\"https:\/\/i0.wp.com\/centrodeolivaryaceite.com\/wp-content\/uploads\/2019\/05\/CURSO-DE-MAESTROS-Y-OPERARIOS-DE-ALMAZARA-13.jpg?w=1024&amp;ssl=1 1024w, https:\/\/i0.wp.com\/centrodeolivaryaceite.com\/wp-content\/uploads\/2019\/05\/CURSO-DE-MAESTROS-Y-OPERARIOS-DE-ALMAZARA-13.jpg?resize=300%2C200&amp;ssl=1 300w, https:\/\/i0.wp.com\/centrodeolivaryaceite.com\/wp-content\/uploads\/2019\/05\/CURSO-DE-MAESTROS-Y-OPERARIOS-DE-ALMAZARA-13.jpg?resize=768%2C512&amp;ssl=1 768w\" width=\"266\" height=\"177\" loading=\"lazy\" data-original-width=\"266\" data-original-height=\"177\" itemprop=\"http:\/\/schema.org\/image\" title=\"CURSO DE MAESTROS Y OPERARIOS DE ALMAZARA 13\" alt=\"Cursos de Maestros de Almazara\" style=\"width: 266px; height: 177px;\" \/> <\/a> <\/div> <\/div> <!-- close group --> <div class=\"gallery-group images-1\" style=\"width: 270px; height: 181px;\" data-original-width=\"270\" data-original-height=\"181\" > <div class=\"tiled-gallery-item tiled-gallery-item-large\" itemprop=\"associatedMedia\" itemscope itemtype=\"http:\/\/schema.org\/ImageObject\"> <a href=\"https:\/\/centrodeolivaryaceite.com\/es\/2aedicion-del-curso-de-maestros-y-operarios-de-almazara\/curso-de-maestros-y-operarios-de-almazara-01\/\" border=\"0\" itemprop=\"url\"> <meta itemprop=\"width\" content=\"266\"> <meta itemprop=\"height\" content=\"177\"> <img decoding=\"async\" class=\"\" data-attachment-id=\"37337\" data-orig-file=\"https:\/\/centrodeolivaryaceite.com\/wp-content\/uploads\/2019\/05\/CURSO-DE-MAESTROS-Y-OPERARIOS-DE-ALMAZARA-01.jpg\" data-orig-size=\"1024,683\" data-comments-opened=\"1\" data-image-meta=\"{&quot;aperture&quot;:&quot;4&quot;,&quot;credit&quot;:&quot;&quot;,&quot;camera&quot;:&quot;NIKON D500&quot;,&quot;caption&quot;:&quot;&quot;,&quot;created_timestamp&quot;:&quot;1556961214&quot;,&quot;copyright&quot;:&quot;&quot;,&quot;focal_length&quot;:&quot;22&quot;,&quot;iso&quot;:&quot;1600&quot;,&quot;shutter_speed&quot;:&quot;0.0166666666667&quot;,&quot;title&quot;:&quot;&quot;,&quot;orientation&quot;:&quot;1&quot;}\" data-image-title=\"CURSO DE MAESTROS Y OPERARIOS DE ALMAZARA 01\" data-image-description=\"\" data-medium-file=\"https:\/\/i0.wp.com\/centrodeolivaryaceite.com\/wp-content\/uploads\/2019\/05\/CURSO-DE-MAESTROS-Y-OPERARIOS-DE-ALMAZARA-01.jpg?fit=300%2C200&#038;ssl=1\" data-large-file=\"https:\/\/i0.wp.com\/centrodeolivaryaceite.com\/wp-content\/uploads\/2019\/05\/CURSO-DE-MAESTROS-Y-OPERARIOS-DE-ALMAZARA-01.jpg?fit=1024%2C683&#038;ssl=1\" src=\"https:\/\/i0.wp.com\/centrodeolivaryaceite.com\/wp-content\/uploads\/2019\/05\/CURSO-DE-MAESTROS-Y-OPERARIOS-DE-ALMAZARA-01.jpg?w=266&#038;h=177&#038;ssl=1\" srcset=\"https:\/\/i0.wp.com\/centrodeolivaryaceite.com\/wp-content\/uploads\/2019\/05\/CURSO-DE-MAESTROS-Y-OPERARIOS-DE-ALMAZARA-01.jpg?w=1024&amp;ssl=1 1024w, https:\/\/i0.wp.com\/centrodeolivaryaceite.com\/wp-content\/uploads\/2019\/05\/CURSO-DE-MAESTROS-Y-OPERARIOS-DE-ALMAZARA-01.jpg?resize=300%2C200&amp;ssl=1 300w, https:\/\/i0.wp.com\/centrodeolivaryaceite.com\/wp-content\/uploads\/2019\/05\/CURSO-DE-MAESTROS-Y-OPERARIOS-DE-ALMAZARA-01.jpg?resize=768%2C512&amp;ssl=1 768w\" width=\"266\" height=\"177\" loading=\"lazy\" data-original-width=\"266\" data-original-height=\"177\" itemprop=\"http:\/\/schema.org\/image\" title=\"CURSO DE MAESTROS Y OPERARIOS DE ALMAZARA 01\" alt=\"Inicio Curso de Maestros de Almazara\" style=\"width: 266px; height: 177px;\" \/> <\/a> <\/div> <\/div> <!-- close group --> <\/div> <!-- close row --> <\/div>\n<p>[\/et_pb_text][et_pb_comments _builder_version=\u00bb4.16&#8243; use_border_color=\u00bboff\u00bb border_color=\u00bb#ffffff\u00bb border_style=\u00bbsolid\u00bb button_letter_spacing_hover=\u00bb0&#8243; global_colors_info=\u00bb{}\u00bb button_text_size__hover_enabled=\u00bboff\u00bb button_text_size__hover=\u00bbnull\u00bb button_one_text_size__hover_enabled=\u00bboff\u00bb button_one_text_size__hover=\u00bbnull\u00bb button_two_text_size__hover_enabled=\u00bboff\u00bb button_two_text_size__hover=\u00bbnull\u00bb button_text_color__hover_enabled=\u00bboff\u00bb button_text_color__hover=\u00bbnull\u00bb button_one_text_color__hover_enabled=\u00bboff\u00bb button_one_text_color__hover=\u00bbnull\u00bb button_two_text_color__hover_enabled=\u00bboff\u00bb button_two_text_color__hover=\u00bbnull\u00bb button_border_width__hover_enabled=\u00bboff\u00bb button_border_width__hover=\u00bbnull\u00bb button_one_border_width__hover_enabled=\u00bboff\u00bb button_one_border_width__hover=\u00bbnull\u00bb button_two_border_width__hover_enabled=\u00bboff\u00bb button_two_border_width__hover=\u00bbnull\u00bb button_border_color__hover_enabled=\u00bboff\u00bb button_border_color__hover=\u00bbnull\u00bb button_one_border_color__hover_enabled=\u00bboff\u00bb button_one_border_color__hover=\u00bbnull\u00bb button_two_border_color__hover_enabled=\u00bboff\u00bb button_two_border_color__hover=\u00bbnull\u00bb button_border_radius__hover_enabled=\u00bboff\u00bb button_border_radius__hover=\u00bbnull\u00bb button_one_border_radius__hover_enabled=\u00bboff\u00bb button_one_border_radius__hover=\u00bbnull\u00bb button_two_border_radius__hover_enabled=\u00bboff\u00bb button_two_border_radius__hover=\u00bbnull\u00bb button_letter_spacing__hover_enabled=\u00bbon\u00bb button_letter_spacing__hover=\u00bb0&#8243; button_one_letter_spacing__hover_enabled=\u00bboff\u00bb button_one_letter_spacing__hover=\u00bbnull\u00bb button_two_letter_spacing__hover_enabled=\u00bboff\u00bb button_two_letter_spacing__hover=\u00bbnull\u00bb button_bg_color__hover_enabled=\u00bboff\u00bb button_bg_color__hover=\u00bbnull\u00bb button_one_bg_color__hover_enabled=\u00bboff\u00bb button_one_bg_color__hover=\u00bbnull\u00bb button_two_bg_color__hover_enabled=\u00bboff\u00bb button_two_bg_color__hover=\u00bbnull\u00bb][\/et_pb_comments][\/et_pb_column_inner][\/et_pb_row_inner][\/et_pb_column][et_pb_column type=\u00bb1_3&#8243; _builder_version=\u00bb4.16&#8243; custom_padding=\u00bb|||\u00bb global_colors_info=\u00bb{}\u00bb custom_padding__hover=\u00bb|||\u00bb][et_pb_sidebar orientation=\u00bbright\u00bb area=\u00bbsidebar-1&#8243; _builder_version=\u00bb4.16&#8243; remove_border=\u00bboff\u00bb global_colors_info=\u00bb{}\u00bb theme_builder_area=\u00bbpost_content\u00bb][\/et_pb_sidebar][\/et_pb_column][\/et_pb_section][et_pb_section fb_built=\u00bb1&#8243; custom_padding_last_edited=\u00bbon|desktop\u00bb disabled_on=\u00bbon|on|on\u00bb _builder_version=\u00bb3.0.92&#8243; background_color=\u00bb#dedacf\u00bb custom_padding_tablet=\u00bb50px|0|50px|0&#8243; custom_padding_phone=\u00bb\u00bb disabled=\u00bbon\u00bb global_module=\u00bb5116&#8243; collapsed=\u00bboff\u00bb global_colors_info=\u00bb{}\u00bb][et_pb_row _builder_version=\u00bb4.16&#8243; global_colors_info=\u00bb{}\u00bb][et_pb_column type=\u00bb4_4&#8243; _builder_version=\u00bb4.16&#8243; custom_padding=\u00bb|||\u00bb global_colors_info=\u00bb{}\u00bb custom_padding__hover=\u00bb|||\u00bb][\/et_pb_column][\/et_pb_row][\/et_pb_section][et_pb_section fb_built=\u00bb1&#8243; custom_padding_last_edited=\u00bbon|desktop\u00bb _builder_version=\u00bb3.22&#8243; background_color=\u00bb#ffffff\u00bb custom_padding=\u00bb10px||0px|\u00bb custom_padding_tablet=\u00bb50px|0|50px|0&#8243; custom_padding_phone=\u00bb\u00bb transparent_background=\u00bboff\u00bb padding_mobile=\u00bboff\u00bb make_fullwidth=\u00bboff\u00bb use_custom_width=\u00bboff\u00bb width_unit=\u00bbon\u00bb global_module=\u00bb5115&#8243; collapsed=\u00bboff\u00bb global_colors_info=\u00bb{}\u00bb][et_pb_row padding_mobile=\u00bboff\u00bb column_padding_mobile=\u00bbon\u00bb _builder_version=\u00bb4.16&#8243; background_size=\u00bbinitial\u00bb background_position=\u00bbtop_left\u00bb background_repeat=\u00bbrepeat\u00bb max_width=\u00bb1080px\u00bb custom_padding=\u00bb0px||0px|\u00bb make_fullwidth=\u00bboff\u00bb use_custom_width=\u00bboff\u00bb width_unit=\u00bbon\u00bb global_colors_info=\u00bb{}\u00bb][\/et_pb_row][\/et_pb_section][et_pb_section fb_built=\u00bb1&#8243; _builder_version=\u00bb4.16&#8243; global_colors_info=\u00bb{}\u00bb][et_pb_row _builder_version=\u00bb4.16&#8243; background_size=\u00bbinitial\u00bb background_position=\u00bbtop_left\u00bb background_repeat=\u00bbrepeat\u00bb global_colors_info=\u00bb{}\u00bb][\/et_pb_row][\/et_pb_section]<\/p>\n","protected":false},"excerpt":{"rendered":"<p>El Centro de Interpretaci\u00f3n \u201cOlivar y Aceite\u201d \u00a0ha acogido por segundo a\u00f1o el Curso de Operario y Maestro de Almazara, cuya primeras sesiones formativas se ha desarrollado durante el pasado fin de semana en las instalaciones de \u201cOlivar y Aceite\u201d.Un curso que puede hacerse gracias al patrocinio del Grupo Pieralisi,IMS Pesaje Industrial, Laboratorios Tello, Foss, [&hellip;]<\/p>\n","protected":false},"author":1,"featured_media":37317,"comment_status":"open","ping_status":"open","sticky":false,"template":"","format":"standard","meta":{"_et_pb_use_builder":"on","_et_pb_old_content":"","_et_gb_content_width":"","_jetpack_memberships_contains_paid_content":false,"footnotes":""},"categories":[1],"tags":[],"class_list":["post-37311","post","type-post","status-publish","format-standard","has-post-thumbnail","hentry","category-general"],"jetpack_featured_media_url":"https:\/\/i0.wp.com\/centrodeolivaryaceite.com\/wp-content\/uploads\/2019\/05\/CURSO-DE-MAESTROS-Y-OPERARIOS-DE-ALMAZARA-04.jpg?fit=1024%2C683&ssl=1","jetpack_sharing_enabled":true,"jetpack_shortlink":"https:\/\/wp.me\/p95A9q-9HN","_links":{"self":[{"href":"https:\/\/centrodeolivaryaceite.com\/es\/wp-json\/wp\/v2\/posts\/37311\/"}],"collection":[{"href":"https:\/\/centrodeolivaryaceite.com\/es\/wp-json\/wp\/v2\/posts\/"}],"about":[{"href":"https:\/\/centrodeolivaryaceite.com\/es\/wp-json\/wp\/v2\/types\/post\/"}],"author":[{"embeddable":true,"href":"https:\/\/centrodeolivaryaceite.com\/es\/wp-json\/wp\/v2\/users\/1\/"}],"replies":[{"embeddable":true,"href":"https:\/\/centrodeolivaryaceite.com\/es\/wp-json\/wp\/v2\/comments\/?post=37311"}],"version-history":[{"count":0,"href":"https:\/\/centrodeolivaryaceite.com\/es\/wp-json\/wp\/v2\/posts\/37311\/revisions\/"}],"wp:featuredmedia":[{"embeddable":true,"href":"https:\/\/centrodeolivaryaceite.com\/es\/wp-json\/wp\/v2\/media\/37317\/"}],"wp:attachment":[{"href":"https:\/\/centrodeolivaryaceite.com\/es\/wp-json\/wp\/v2\/media\/?parent=37311"}],"wp:term":[{"taxonomy":"category","embeddable":true,"href":"https:\/\/centrodeolivaryaceite.com\/es\/wp-json\/wp\/v2\/categories\/?post=37311"},{"taxonomy":"post_tag","embeddable":true,"href":"https:\/\/centrodeolivaryaceite.com\/es\/wp-json\/wp\/v2\/tags\/?post=37311"}],"curies":[{"name":"wp","href":"https:\/\/api.w.org\/{rel}","templated":true}]}}