{"id":37552,"date":"2019-06-20T17:43:35","date_gmt":"2019-06-20T17:43:35","guid":{"rendered":"http:\/\/centrodeolivaryaceite.com\/?p=37552"},"modified":"2022-07-29T11:07:18","modified_gmt":"2022-07-29T11:07:18","slug":"abierto-el-plazo-de-inscripcion-para-la-tercera-edicion-del-concurso-de-cocina-infantil-pequechef-del-aove","status":"publish","type":"post","link":"https:\/\/centrodeolivaryaceite.com\/es\/abierto-el-plazo-de-inscripcion-para-la-tercera-edicion-del-concurso-de-cocina-infantil-pequechef-del-aove\/","title":{"rendered":"ABIERTO EL PLAZO DE INSCRIPCI\u00d3N PARA LA TERCERA EDICI\u00d3N DEL CONCURSO DE COCINA  INFANTIL \u201cPEQUECHEF DEL AOVE\u201d"},"content":{"rendered":"<p>[et_pb_section fb_built=\u00bb1&#8243; fullwidth=\u00bbon\u00bb custom_padding_last_edited=\u00bbon|desktop\u00bb admin_label=\u00bbSecci\u00f3n\u00bb _builder_version=\u00bb3.22&#8243; background_color=\u00bb#ffffff\u00bb background_image=\u00bbhttp:\/\/centrodeolivaryaceite.com\/wp-content\/uploads\/2016\/06\/page_header_bg_blue.jpg\u00bb custom_padding_tablet=\u00bb50px|0|50px|0&#8243; custom_padding_phone=\u00bb\u00bb transparent_background=\u00bboff\u00bb padding_mobile=\u00bboff\u00bb make_fullwidth=\u00bboff\u00bb use_custom_width=\u00bboff\u00bb width_unit=\u00bbon\u00bb global_module=\u00bb5294&#8243; locked=\u00bboff\u00bb collapsed=\u00bboff\u00bb global_colors_info=\u00bb{}\u00bb][et_pb_fullwidth_post_title meta=\u00bboff\u00bb featured_image=\u00bboff\u00bb text_color=\u00bblight\u00bb text_background=\u00bbon\u00bb text_bg_color=\u00bbrgba(28,28,28,0.43)\u00bb admin_label=\u00bbT\u00edtulo\u00bb _builder_version=\u00bb4.17.6&#8243; _module_preset=\u00bbdefault\u00bb title_font=\u00bbRoboto Light||||\u00bb title_font_size=\u00bb35px\u00bb title_all_caps=\u00bbon\u00bb background_color=\u00bbrgba(255,255,255,0)\u00bb parallax=\u00bbon\u00bb parallax_method=\u00bboff\u00bb text_orientation=\u00bbcenter\u00bb parallax_effect=\u00bbon\u00bb module_bg_color=\u00bbrgba(255,255,255,0)\u00bb use_border_color=\u00bboff\u00bb border_color=\u00bb#ffffff\u00bb border_style=\u00bbsolid\u00bb global_colors_info=\u00bb{}\u00bb][\/et_pb_fullwidth_post_title][\/et_pb_section][et_pb_section fb_built=\u00bb1&#8243; custom_padding_last_edited=\u00bbon|desktop\u00bb _builder_version=\u00bb4.16&#8243; background_color=\u00bb#ffffff\u00bb custom_padding=\u00bb10px|||\u00bb custom_padding_tablet=\u00bb50px|0|50px|0&#8243; custom_padding_phone=\u00bb\u00bb transparent_background=\u00bboff\u00bb padding_mobile=\u00bboff\u00bb make_fullwidth=\u00bboff\u00bb use_custom_width=\u00bboff\u00bb width_unit=\u00bbon\u00bb global_colors_info=\u00bb{}\u00bb][et_pb_row padding_mobile=\u00bboff\u00bb column_padding_mobile=\u00bbon\u00bb _builder_version=\u00bb4.16&#8243; background_size=\u00bbinitial\u00bb background_position=\u00bbtop_left\u00bb background_repeat=\u00bbrepeat\u00bb max_width=\u00bb1080px\u00bb custom_padding=\u00bb10px|||\u00bb make_fullwidth=\u00bboff\u00bb use_custom_width=\u00bboff\u00bb width_unit=\u00bbon\u00bb global_colors_info=\u00bb{}\u00bb][et_pb_column type=\u00bb4_4&#8243; _builder_version=\u00bb4.16&#8243; custom_padding=\u00bb|||\u00bb global_colors_info=\u00bb{}\u00bb custom_padding__hover=\u00bb|||\u00bb][et_pb_post_title title=\u00bboff\u00bb _builder_version=\u00bb4.16&#8243; title_all_caps=\u00bboff\u00bb background_color=\u00bbrgba(255,255,255,0)\u00bb parallax=\u00bbon\u00bb parallax_method=\u00bboff\u00bb parallax_effect=\u00bbon\u00bb module_bg_color=\u00bbrgba(255,255,255,0)\u00bb use_border_color=\u00bboff\u00bb border_color=\u00bb#ffffff\u00bb border_style=\u00bbsolid\u00bb global_colors_info=\u00bb{}\u00bb][\/et_pb_post_title][\/et_pb_column][\/et_pb_row][\/et_pb_section][et_pb_section fb_built=\u00bb1&#8243; specialty=\u00bbon\u00bb custom_padding_last_edited=\u00bbon|desktop\u00bb parallax_method_1=\u00bboff\u00bb parallax_method_2=\u00bboff\u00bb _builder_version=\u00bb4.16&#8243; background_color=\u00bb#ffffff\u00bb inner_max_width=\u00bbnone\u00bb custom_padding=\u00bb10px|||\u00bb custom_padding_tablet=\u00bb50px|0|50px|0&#8243; custom_padding_phone=\u00bb\u00bb transparent_background=\u00bboff\u00bb padding_mobile=\u00bboff\u00bb make_fullwidth=\u00bboff\u00bb use_custom_width=\u00bboff\u00bb width_unit=\u00bbon\u00bb global_colors_info=\u00bb{}\u00bb][et_pb_column type=\u00bb2_3&#8243; specialty_columns=\u00bb2&#8243; _builder_version=\u00bb4.16&#8243; custom_padding=\u00bb|||\u00bb global_colors_info=\u00bb{}\u00bb custom_padding__hover=\u00bb|||\u00bb][et_pb_row_inner padding_mobile=\u00bboff\u00bb column_padding_mobile=\u00bbon\u00bb admin_label=\u00bbFila\u00bb _builder_version=\u00bb4.16&#8243; custom_padding=\u00bb0px|||\u00bb global_colors_info=\u00bb{}\u00bb][et_pb_column_inner saved_specialty_column_type=\u00bb2_3&#8243; _builder_version=\u00bb4.16&#8243; custom_padding=\u00bb|||\u00bb global_colors_info=\u00bb{}\u00bb custom_padding__hover=\u00bb|||\u00bb][et_pb_text admin_label=\u00bbTexto a reemplazar\u00bb _builder_version=\u00bb4.16&#8243; z_index_tablet=\u00bb500&#8243; use_border_color=\u00bboff\u00bb global_colors_info=\u00bb{}\u00bb]<\/p>\n<p>El presidente del Centro de Interpretaci\u00f3n \u201cOlivar y Aceite\u201d, Javier G\u00e1mez acompa\u00f1ado por el concejal de Comercio, Jos\u00e9 Luis Madue\u00f1o, ha presentado la tercera edici\u00f3n del Concurso de Cocina Infantil \u201cPequechef del AOVE\u201d, actividad que se realizar\u00e1 en el marco de la XXXVII edici\u00f3n de la Feria de Maquinaria Agr\u00edcola de \u00dabeda, a celebrar en el recinto ferial del 11 al 14 de septiembre.<\/p>\n<p>En cuanto al Concurso de Cocina Infantil \u201cPequechef del AOVE\u201d ser\u00e1 presentado por la ganadora de la edici\u00f3n anterior, Roc\u00edo D\u00edaz Sevilla, quien estar\u00e1 acompa\u00f1ada por otra persona relevante en el mundo de la gastronom\u00eda, cuyo nombre se dar\u00e1 a conocer m\u00e1s adelante, ha adelantado el presidente de Olivar y Aceite. La presente edici\u00f3n del concurso de cocina dirigido a los m\u00e1s peque\u00f1os de la casa, se llevar\u00e1 a cabo el s\u00e1bado 14 de septiembre, a partir de las 11:30 horas, en la carpa multisectorial instalada en la Feria de Maquinaria Agr\u00edcola.<\/p>\n<p>El \u201cPequechef del AOVE\u201d es \u00a0una iniciativa que impulsa el Centro de Interpretaci\u00f3n \u201cOlivar y Aceite\u201d en colaboraci\u00f3n con la Diputaci\u00f3n Provincial de Ja\u00e9n y\u00a0 Degusta Ja\u00e9n. Una actividad que cuenta con Ole\u00edcola Ja\u00e9n\u2014socio de \u201cOlivar y Aceite\u201d, como patrocinador\u2014pues los platos que elaboren los finalistas del concurso de cocina se elaborar\u00e1n, como viene siendo tradicional, con algunas de las variedades que elabora dicha marca, adem\u00e1s de regalar un lote de productos a los finalistas. Tambi\u00e9n el concurso cuenta con numerosos empresas que\u00a0 colaboran con regalos para los finalistas.<\/p>\n<p>Los interesados en participar en esta actividad pueden consultar las bases del concurso en la p\u00e1gina web de www.centrodeolivaryaceite.com como ha adelantado el presidente de la entidad. Bases de las que G\u00e1mez ha dado algunas pinceladas, como la edad de los participantes, que debe de estar entre los 7 y 12 a\u00f1os. Asimismo ha indicado que el jurado dar\u00e1 varios premios, entre los que se encuentran: a la mejor receta con AVOE, a la receta m\u00e1s saludable,\u00a0 a la receta mejor explicada, al concursante m\u00e1s limpio y ordenado o al m\u00e1s original, entre otras distinciones, adem\u00e1s de un primer premio muy especial para el ganador\/a del concurso.<\/p>\n<p>\u201cPara \u201cOlivar y Aceite\u201d, ha continuado su presidente, se trata de una de las actividades que con m\u00e1s cari\u00f1o preparamos pues va dirigida a los m\u00e1s peque\u00f1os de la casa, esos que est\u00e1n llamados a ser los embajadores de nuestro oro l\u00edquido, quienes han de empezar a conocer las bondades del aceite de oliva virgen extra desde su m\u00e1s tierna infancia\u2014pues como ha indicado en repetidas ocasiones\u2014 \u201cno se puede amar lo que no se conoce\u201d. Una iniciativa por la que fuimos premiados por la Asociaci\u00f3n Espa\u00f1ola de Municipios del Olivo (AEMO), que reconoci\u00f3 la labor de promoci\u00f3n y difusi\u00f3n de la cultura del aceite\u201d.<\/p>\n<p>En cuanto a la Feria de Maquinaria Agr\u00edcola se refiere, G\u00e1mez ha adelantado que como viene siendo tradicional el Centro de Interpretaci\u00f3n \u201cOlivar y Aceite\u201d tendr\u00e1 una presencia importante dentro de la carpa multisectorial, donde se colocar\u00e1 un expositor\u2014mesa del aceite\u2014en el que estar\u00e1n presentes todos los socios de la entidad, que a d\u00eda de hoy son m\u00e1s de setenta y cinco, pues en una cita tan importante para el sector oliv\u00edcola que no pod\u00eda faltar el aceite de oliva virgen extra, pues se trata de un espacio \u00fanico para dar a conocer los magn\u00edficos aceites que producen los socios del centro as\u00ed como otros productos elaborados con aceite de oliva virgen extra.\u00a0 Asimismo el Centro de Interpretaci\u00f3n realizar\u00e1 distintas actividades en el marco de la feria, como catas de aceite, showcooking y charlas t\u00e9cnicas, que este a\u00f1o se celebrar\u00e1n en las instalaciones de \u201cOlivar y Aceite\u201d.<\/p>\n<p>Para garantizar que todos los peque\u00f1os cocineros de la provincia puedan participar en el Concurso de Cocina Infantil Pequechef del AOVE, durante esta semana se repartir\u00e1n unos folletos en los centros educativos de la ciudad y tambi\u00e9n se dar\u00e1 a conocer la iniciativa en los campamentos urbanos\u00a0 as\u00ed como en las diferentes actividades que desde el \u00e1rea de Deportes se impulsan en la temporada estival dirigidas a los m\u00e1s peque\u00f1os de la casa.<\/p>\n<p>En otro orden de cosas, G\u00e1mez ha presentado dos cursos de cocina dirigidos a\u00a0 menores ahora que van a comenzar a disfrutar de sus vacaciones estivales. La primera de las citas tendr\u00e1 lugar el 31 de julio con un taller denominado \u201cRecetas saludables y sin gluten\u201d y el segundo taller \u201cPostres y Meriendas\u201d ser\u00e1 el 23 de agosto. Ambos cursos sar\u00e1n comienzo a las 10:30 horas y como novedad adem\u00e1s de conocer las bondades del aceite de oliva virgen extra\u2014protagonista indiscutible de los talleres de cocina\u2014practicar\u00e1n el ingl\u00e9s, ya que queremos contribuir a que los peque\u00f1os no olviden sus conocimientos de ingl\u00e9s y ampl\u00eden su vocabulario.<\/p>\n<p>[\/et_pb_text][et_pb_image src=\u00bbhttp:\/\/centrodeolivaryaceite.com\/wp-content\/uploads\/2019\/06\/CARTEL-PEQUECHEF-2019.jpg\u00bb align_tablet=\u00bbcenter\u00bb align_last_edited=\u00bbon|desktop\u00bb _builder_version=\u00bb4.16&#8243; z_index_tablet=\u00bb500&#8243; global_colors_info=\u00bb{}\u00bb align_phone=\u00bbcenter\u00bb][\/et_pb_image][et_pb_comments _builder_version=\u00bb4.16&#8243; use_border_color=\u00bboff\u00bb border_color=\u00bb#ffffff\u00bb border_style=\u00bbsolid\u00bb button_letter_spacing_hover=\u00bb0&#8243; global_colors_info=\u00bb{}\u00bb button_text_size__hover_enabled=\u00bboff\u00bb button_text_size__hover=\u00bbnull\u00bb button_one_text_size__hover_enabled=\u00bboff\u00bb button_one_text_size__hover=\u00bbnull\u00bb button_two_text_size__hover_enabled=\u00bboff\u00bb button_two_text_size__hover=\u00bbnull\u00bb button_text_color__hover_enabled=\u00bboff\u00bb button_text_color__hover=\u00bbnull\u00bb button_one_text_color__hover_enabled=\u00bboff\u00bb button_one_text_color__hover=\u00bbnull\u00bb button_two_text_color__hover_enabled=\u00bboff\u00bb button_two_text_color__hover=\u00bbnull\u00bb button_border_width__hover_enabled=\u00bboff\u00bb button_border_width__hover=\u00bbnull\u00bb button_one_border_width__hover_enabled=\u00bboff\u00bb button_one_border_width__hover=\u00bbnull\u00bb button_two_border_width__hover_enabled=\u00bboff\u00bb button_two_border_width__hover=\u00bbnull\u00bb button_border_color__hover_enabled=\u00bboff\u00bb button_border_color__hover=\u00bbnull\u00bb button_one_border_color__hover_enabled=\u00bboff\u00bb button_one_border_color__hover=\u00bbnull\u00bb button_two_border_color__hover_enabled=\u00bboff\u00bb button_two_border_color__hover=\u00bbnull\u00bb button_border_radius__hover_enabled=\u00bboff\u00bb button_border_radius__hover=\u00bbnull\u00bb button_one_border_radius__hover_enabled=\u00bboff\u00bb button_one_border_radius__hover=\u00bbnull\u00bb button_two_border_radius__hover_enabled=\u00bboff\u00bb button_two_border_radius__hover=\u00bbnull\u00bb button_letter_spacing__hover_enabled=\u00bbon\u00bb button_letter_spacing__hover=\u00bb0&#8243; button_one_letter_spacing__hover_enabled=\u00bboff\u00bb button_one_letter_spacing__hover=\u00bbnull\u00bb button_two_letter_spacing__hover_enabled=\u00bboff\u00bb button_two_letter_spacing__hover=\u00bbnull\u00bb button_bg_color__hover_enabled=\u00bboff\u00bb button_bg_color__hover=\u00bbnull\u00bb button_one_bg_color__hover_enabled=\u00bboff\u00bb button_one_bg_color__hover=\u00bbnull\u00bb button_two_bg_color__hover_enabled=\u00bboff\u00bb button_two_bg_color__hover=\u00bbnull\u00bb][\/et_pb_comments][\/et_pb_column_inner][\/et_pb_row_inner][\/et_pb_column][et_pb_column type=\u00bb1_3&#8243; _builder_version=\u00bb4.16&#8243; custom_padding=\u00bb|||\u00bb global_colors_info=\u00bb{}\u00bb custom_padding__hover=\u00bb|||\u00bb][et_pb_sidebar orientation=\u00bbright\u00bb area=\u00bbsidebar-1&#8243; _builder_version=\u00bb4.16&#8243; remove_border=\u00bboff\u00bb global_colors_info=\u00bb{}\u00bb theme_builder_area=\u00bbpost_content\u00bb][\/et_pb_sidebar][\/et_pb_column][\/et_pb_section][et_pb_section fb_built=\u00bb1&#8243; custom_padding_last_edited=\u00bbon|desktop\u00bb disabled_on=\u00bbon|on|on\u00bb _builder_version=\u00bb3.0.92&#8243; background_color=\u00bb#dedacf\u00bb custom_padding_tablet=\u00bb50px|0|50px|0&#8243; custom_padding_phone=\u00bb\u00bb disabled=\u00bbon\u00bb global_module=\u00bb5116&#8243; collapsed=\u00bboff\u00bb global_colors_info=\u00bb{}\u00bb][et_pb_row _builder_version=\u00bb4.16&#8243; global_colors_info=\u00bb{}\u00bb][et_pb_column type=\u00bb4_4&#8243; _builder_version=\u00bb4.16&#8243; custom_padding=\u00bb|||\u00bb global_colors_info=\u00bb{}\u00bb custom_padding__hover=\u00bb|||\u00bb][\/et_pb_column][\/et_pb_row][\/et_pb_section][et_pb_section fb_built=\u00bb1&#8243; custom_padding_last_edited=\u00bbon|desktop\u00bb _builder_version=\u00bb3.22&#8243; background_color=\u00bb#ffffff\u00bb custom_padding=\u00bb10px||0px|\u00bb custom_padding_tablet=\u00bb50px|0|50px|0&#8243; custom_padding_phone=\u00bb\u00bb transparent_background=\u00bboff\u00bb padding_mobile=\u00bboff\u00bb make_fullwidth=\u00bboff\u00bb use_custom_width=\u00bboff\u00bb width_unit=\u00bbon\u00bb global_module=\u00bb5115&#8243; collapsed=\u00bboff\u00bb global_colors_info=\u00bb{}\u00bb][et_pb_row padding_mobile=\u00bboff\u00bb column_padding_mobile=\u00bbon\u00bb _builder_version=\u00bb4.16&#8243; background_size=\u00bbinitial\u00bb background_position=\u00bbtop_left\u00bb background_repeat=\u00bbrepeat\u00bb max_width=\u00bb1080px\u00bb custom_padding=\u00bb0px||0px|\u00bb make_fullwidth=\u00bboff\u00bb use_custom_width=\u00bboff\u00bb width_unit=\u00bbon\u00bb global_colors_info=\u00bb{}\u00bb][\/et_pb_row][\/et_pb_section][et_pb_section fb_built=\u00bb1&#8243; _builder_version=\u00bb4.16&#8243; global_colors_info=\u00bb{}\u00bb][et_pb_row _builder_version=\u00bb4.16&#8243; background_size=\u00bbinitial\u00bb background_position=\u00bbtop_left\u00bb background_repeat=\u00bbrepeat\u00bb global_colors_info=\u00bb{}\u00bb][\/et_pb_row][\/et_pb_section]<\/p>\n","protected":false},"excerpt":{"rendered":"<p>El presidente del Centro de Interpretaci\u00f3n \u201cOlivar y Aceite\u201d, Javier G\u00e1mez acompa\u00f1ado por el concejal de Comercio, Jos\u00e9 Luis Madue\u00f1o, ha presentado la tercera edici\u00f3n del Concurso de Cocina Infantil \u201cPequechef del AOVE\u201d, actividad que se realizar\u00e1 en el marco de la XXXVII edici\u00f3n de la Feria de Maquinaria Agr\u00edcola de \u00dabeda, a celebrar en [&hellip;]<\/p>\n","protected":false},"author":1,"featured_media":37554,"comment_status":"open","ping_status":"open","sticky":false,"template":"","format":"standard","meta":{"_et_pb_use_builder":"on","_et_pb_old_content":"","_et_gb_content_width":"","_jetpack_memberships_contains_paid_content":false,"footnotes":""},"categories":[1],"tags":[],"class_list":["post-37552","post","type-post","status-publish","format-standard","has-post-thumbnail","hentry","category-general"],"jetpack_featured_media_url":"https:\/\/i0.wp.com\/centrodeolivaryaceite.com\/wp-content\/uploads\/2019\/06\/PEQUE-CHEF-2019.jpg?fit=1024%2C683&ssl=1","jetpack_sharing_enabled":true,"jetpack_shortlink":"https:\/\/wp.me\/p95A9q-9LG","_links":{"self":[{"href":"https:\/\/centrodeolivaryaceite.com\/es\/wp-json\/wp\/v2\/posts\/37552\/"}],"collection":[{"href":"https:\/\/centrodeolivaryaceite.com\/es\/wp-json\/wp\/v2\/posts\/"}],"about":[{"href":"https:\/\/centrodeolivaryaceite.com\/es\/wp-json\/wp\/v2\/types\/post\/"}],"author":[{"embeddable":true,"href":"https:\/\/centrodeolivaryaceite.com\/es\/wp-json\/wp\/v2\/users\/1\/"}],"replies":[{"embeddable":true,"href":"https:\/\/centrodeolivaryaceite.com\/es\/wp-json\/wp\/v2\/comments\/?post=37552"}],"version-history":[{"count":0,"href":"https:\/\/centrodeolivaryaceite.com\/es\/wp-json\/wp\/v2\/posts\/37552\/revisions\/"}],"wp:featuredmedia":[{"embeddable":true,"href":"https:\/\/centrodeolivaryaceite.com\/es\/wp-json\/wp\/v2\/media\/37554\/"}],"wp:attachment":[{"href":"https:\/\/centrodeolivaryaceite.com\/es\/wp-json\/wp\/v2\/media\/?parent=37552"}],"wp:term":[{"taxonomy":"category","embeddable":true,"href":"https:\/\/centrodeolivaryaceite.com\/es\/wp-json\/wp\/v2\/categories\/?post=37552"},{"taxonomy":"post_tag","embeddable":true,"href":"https:\/\/centrodeolivaryaceite.com\/es\/wp-json\/wp\/v2\/tags\/?post=37552"}],"curies":[{"name":"wp","href":"https:\/\/api.w.org\/{rel}","templated":true}]}}