{"id":3762,"date":"2014-10-16T07:35:46","date_gmt":"2014-10-16T07:35:46","guid":{"rendered":"http:\/\/centrodeolivaryaceitelaloma.com\/copiablog\/?p=3762"},"modified":"2022-07-29T11:13:31","modified_gmt":"2022-07-29T11:13:31","slug":"cursos-de-cata-de-aceite-de-oliva-virgen-edicion-fin-de-semana","status":"publish","type":"post","link":"https:\/\/centrodeolivaryaceite.com\/es\/cursos-de-cata-de-aceite-de-oliva-virgen-edicion-fin-de-semana\/","title":{"rendered":"Cursos de Cata de Aceite de Oliva Virgen, Edici\u00f3n fin de semana"},"content":{"rendered":"<p>[et_pb_section fb_built=\u00bb1&#8243; fullwidth=\u00bbon\u00bb custom_padding_last_edited=\u00bbon|desktop\u00bb admin_label=\u00bbSecci\u00f3n\u00bb _builder_version=\u00bb3.22&#8243; background_color=\u00bb#ffffff\u00bb background_image=\u00bbhttp:\/\/centrodeolivaryaceite.com\/wp-content\/uploads\/2016\/06\/page_header_bg_blue.jpg\u00bb custom_padding_tablet=\u00bb50px|0|50px|0&#8243; transparent_background=\u00bboff\u00bb padding_mobile=\u00bboff\u00bb make_fullwidth=\u00bboff\u00bb use_custom_width=\u00bboff\u00bb width_unit=\u00bbon\u00bb global_module=\u00bb5294&#8243; locked=\u00bboff\u00bb collapsed=\u00bboff\u00bb global_colors_info=\u00bb{}\u00bb custom_padding_phone=\u00bb50px|0|50px|0&#8243;][et_pb_fullwidth_post_title meta=\u00bboff\u00bb featured_image=\u00bboff\u00bb text_color=\u00bblight\u00bb text_background=\u00bbon\u00bb text_bg_color=\u00bbrgba(28,28,28,0.43)\u00bb admin_label=\u00bbT\u00edtulo\u00bb _builder_version=\u00bb4.17.6&#8243; _module_preset=\u00bbdefault\u00bb title_font=\u00bbRoboto Light||||\u00bb title_font_size=\u00bb35px\u00bb title_all_caps=\u00bbon\u00bb background_color=\u00bbrgba(255,255,255,0)\u00bb parallax=\u00bbon\u00bb parallax_method=\u00bboff\u00bb text_orientation=\u00bbcenter\u00bb use_border_color=\u00bboff\u00bb border_color=\u00bb#ffffff\u00bb border_style=\u00bbsolid\u00bb parallax_effect=\u00bbon\u00bb module_bg_color=\u00bbrgba(255,255,255,0)\u00bb global_colors_info=\u00bb{}\u00bb][\/et_pb_fullwidth_post_title][\/et_pb_section][et_pb_section fb_built=\u00bb1&#8243; custom_padding_last_edited=\u00bbon|desktop\u00bb admin_label=\u00bbSecci\u00f3n\u00bb _builder_version=\u00bb4.16&#8243; background_color=\u00bb#ffffff\u00bb custom_padding=\u00bb10px|||\u00bb custom_padding_tablet=\u00bb50px|0|50px|0&#8243; transparent_background=\u00bboff\u00bb padding_mobile=\u00bboff\u00bb make_fullwidth=\u00bboff\u00bb use_custom_width=\u00bboff\u00bb width_unit=\u00bbon\u00bb global_colors_info=\u00bb{}\u00bb custom_padding_phone=\u00bb50px|0|50px|0&#8243;][et_pb_row padding_mobile=\u00bboff\u00bb column_padding_mobile=\u00bbon\u00bb admin_label=\u00bbFila\u00bb _builder_version=\u00bb4.16&#8243; background_size=\u00bbinitial\u00bb background_position=\u00bbtop_left\u00bb background_repeat=\u00bbrepeat\u00bb custom_padding=\u00bb10px|||\u00bb make_fullwidth=\u00bboff\u00bb use_custom_width=\u00bboff\u00bb width_unit=\u00bbon\u00bb global_colors_info=\u00bb{}\u00bb][et_pb_column type=\u00bb4_4&#8243; _builder_version=\u00bb4.16&#8243; custom_padding=\u00bb|||\u00bb global_colors_info=\u00bb{}\u00bb custom_padding__hover=\u00bb|||\u00bb][et_pb_post_title title=\u00bboff\u00bb admin_label=\u00bbT\u00edtulo de publicaci\u00f3n\u00bb _builder_version=\u00bb4.16&#8243; title_all_caps=\u00bboff\u00bb background_color=\u00bbrgba(255,255,255,0)\u00bb parallax=\u00bbon\u00bb parallax_method=\u00bboff\u00bb use_border_color=\u00bboff\u00bb border_color=\u00bb#ffffff\u00bb border_style=\u00bbsolid\u00bb parallax_effect=\u00bbon\u00bb module_bg_color=\u00bbrgba(255,255,255,0)\u00bb global_colors_info=\u00bb{}\u00bb] [\/et_pb_post_title][\/et_pb_column][\/et_pb_row][\/et_pb_section][et_pb_section fb_built=\u00bb1&#8243; specialty=\u00bbon\u00bb custom_padding_last_edited=\u00bbon|desktop\u00bb parallax_method_1=\u00bboff\u00bb parallax_method_2=\u00bboff\u00bb admin_label=\u00bbSecci\u00f3n\u00bb _builder_version=\u00bb4.16&#8243; background_color=\u00bb#ffffff\u00bb custom_padding=\u00bb10px|||\u00bb custom_padding_tablet=\u00bb50px|0|50px|0&#8243; transparent_background=\u00bboff\u00bb padding_mobile=\u00bboff\u00bb make_fullwidth=\u00bboff\u00bb use_custom_width=\u00bboff\u00bb width_unit=\u00bbon\u00bb global_colors_info=\u00bb{}\u00bb custom_padding_phone=\u00bb50px|0|50px|0&#8243;][et_pb_column type=\u00bb2_3&#8243; specialty_columns=\u00bb2&#8243; _builder_version=\u00bb4.16&#8243; custom_padding=\u00bb|||\u00bb global_colors_info=\u00bb{}\u00bb custom_padding__hover=\u00bb|||\u00bb][et_pb_row_inner padding_mobile=\u00bboff\u00bb column_padding_mobile=\u00bbon\u00bb admin_label=\u00bbFila\u00bb _builder_version=\u00bb4.16&#8243; custom_padding=\u00bb0px|||\u00bb global_colors_info=\u00bb{}\u00bb][et_pb_column_inner saved_specialty_column_type=\u00bb2_3&#8243; _builder_version=\u00bb4.16&#8243; custom_padding=\u00bb|||\u00bb global_colors_info=\u00bb{}\u00bb custom_padding__hover=\u00bb|||\u00bb][et_pb_text admin_label=\u00bbText\u00bb _builder_version=\u00bb4.16&#8243; background_size=\u00bbinitial\u00bb background_position=\u00bbtop_left\u00bb background_repeat=\u00bbrepeat\u00bb text_orientation=\u00bbleft\u00bb use_border_color=\u00bboff\u00bb border_color=\u00bb#ffffff\u00bb border_style=\u00bbsolid\u00bb global_colors_info=\u00bb{}\u00bb]Tras las peticiones recibidas\u00a0en\u00a0\u00a0las \u00faltimas ediciones de nuestras actividades de formaci\u00f3n, ponemos en marcha nuestros Cursos de\u00a0\u00a0Cata, en formato reducido para el fin de semana. Si no has podido asistir en\u00a0\u00a0anteriores ocasiones\u00a0\u00a0por tu jornada laboral o por la lejan\u00eda de tu domicilio,\u00a0\u00a0esta opci\u00f3n es la ideal\u00a0para ti.<\/p>\n<p>De una manera comprimida, tocaremos diferentes\u00a0aspectos te\u00f3ricos, concretos\u00a0\u00a0y especializados tanto de la t\u00e9cnica de cata como del mundo\u00a0\u00a0ole\u00edcola. Y como ya\u00a0es costumbre en nuestros cursos, disfrutaremos con una parte\u00a0\u00a0pr\u00e1ctica, donde\u00a0mediante la cata de aceites, perfeccionar\u00e1s tu valoraci\u00f3n\u00a0de los aceites de oliva v\u00edrgenes.<\/p>\n<p><span style=\"line-height: 1.5em;\">Las fechas para estos cursos son las siguientes:<\/span><\/p>\n<p>&#8211; Curso de Iniciaci\u00f3n a la Cata el 24 y 25 de Octubre<br \/>\n&#8211; Curso de Nivel Avanzado el 7 y 8 de Noviembre.<\/p>\n<p>Estos cursos se desarrollar\u00e1n el viernes en horario de tarde de 17:00 a 21:00 y el s\u00e1bado en horario de ma\u00f1ana de 10:00 y 14:00.\u00a0Puedes inscribirte en uno solo o en ambos a la vez si lo desea. El plazo\u00a0de inscripci\u00f3n se\u00a0\u00a0realizar\u00e1 por estricto orden de matriculaci\u00f3n.<\/p>\n<p>M\u00e1s\u00a0informaci\u00f3n sobre precios y\u00a0reservas en el mail\u00a0<a href=\"mailto:info@centrodeolivaryaceitelaloma.com\/copiablog\">info@<wbr \/>centrodeolivaryaceitelaloma.<wbr \/>com<\/a>\u00a0o llamando al 953 755889.<\/p>\n<p><span style=\"line-height: 1.5em;\">\u00a0<\/span><\/p>\n<div id=\"fbPhotoSnowliftOwnerButtons\"><\/div>\n<p>.<\/p>\n<p>&nbsp;<br \/>\n[\/et_pb_text][et_pb_comments admin_label=\u00bbComentarios\u00bb _builder_version=\u00bb4.16&#8243; use_border_color=\u00bboff\u00bb border_color=\u00bb#ffffff\u00bb border_style=\u00bbsolid\u00bb button_letter_spacing_hover=\u00bb0&#8243; global_colors_info=\u00bb{}\u00bb button_text_size__hover_enabled=\u00bboff\u00bb button_one_text_size__hover_enabled=\u00bboff\u00bb button_two_text_size__hover_enabled=\u00bboff\u00bb button_text_color__hover_enabled=\u00bboff\u00bb button_one_text_color__hover_enabled=\u00bboff\u00bb button_two_text_color__hover_enabled=\u00bboff\u00bb button_border_width__hover_enabled=\u00bboff\u00bb button_one_border_width__hover_enabled=\u00bboff\u00bb button_two_border_width__hover_enabled=\u00bboff\u00bb button_border_color__hover_enabled=\u00bboff\u00bb button_one_border_color__hover_enabled=\u00bboff\u00bb button_two_border_color__hover_enabled=\u00bboff\u00bb button_border_radius__hover_enabled=\u00bboff\u00bb button_one_border_radius__hover_enabled=\u00bboff\u00bb button_two_border_radius__hover_enabled=\u00bboff\u00bb button_letter_spacing__hover_enabled=\u00bbon\u00bb button_letter_spacing__hover=\u00bb0&#8243; button_one_letter_spacing__hover_enabled=\u00bboff\u00bb button_two_letter_spacing__hover_enabled=\u00bboff\u00bb button_bg_color__hover_enabled=\u00bboff\u00bb button_one_bg_color__hover_enabled=\u00bboff\u00bb button_two_bg_color__hover_enabled=\u00bboff\u00bb] [\/et_pb_comments][\/et_pb_column_inner][\/et_pb_row_inner][\/et_pb_column][et_pb_column type=\u00bb1_3&#8243; _builder_version=\u00bb4.16&#8243; custom_padding=\u00bb|||\u00bb global_colors_info=\u00bb{}\u00bb custom_padding__hover=\u00bb|||\u00bb][et_pb_sidebar orientation=\u00bbright\u00bb area=\u00bbsidebar-1&#8243; admin_label=\u00bbBarra lateral\u00bb _builder_version=\u00bb4.16&#8243; remove_border=\u00bboff\u00bb global_colors_info=\u00bb{}\u00bb] [\/et_pb_sidebar][\/et_pb_column][\/et_pb_section][et_pb_section fb_built=\u00bb1&#8243; custom_padding_last_edited=\u00bbon|desktop\u00bb disabled_on=\u00bbon|on|on\u00bb admin_label=\u00bbSecci\u00f3n\u00bb _builder_version=\u00bb3.0.92&#8243; background_color=\u00bb#dedacf\u00bb custom_padding_tablet=\u00bb50px|0|50px|0&#8243; transparent_background=\u00bboff\u00bb padding_mobile=\u00bboff\u00bb make_fullwidth=\u00bboff\u00bb use_custom_width=\u00bboff\u00bb width_unit=\u00bbon\u00bb disabled=\u00bbon\u00bb global_module=\u00bb5116&#8243; collapsed=\u00bboff\u00bb global_colors_info=\u00bb{}\u00bb custom_padding_phone=\u00bb50px|0|50px|0&#8243;][et_pb_row _builder_version=\u00bb4.16&#8243; global_colors_info=\u00bb{}\u00bb][et_pb_column type=\u00bb4_4&#8243; _builder_version=\u00bb4.16&#8243; custom_padding=\u00bb|||\u00bb global_colors_info=\u00bb{}\u00bb custom_padding__hover=\u00bb|||\u00bb][\/et_pb_column][\/et_pb_row][\/et_pb_section][et_pb_section fb_built=\u00bb1&#8243; custom_padding_last_edited=\u00bbon|desktop\u00bb admin_label=\u00bbSecci\u00f3n\u00bb _builder_version=\u00bb3.22&#8243; background_color=\u00bb#ffffff\u00bb custom_padding=\u00bb10px||0px|\u00bb custom_padding_tablet=\u00bb50px|0|50px|0&#8243; transparent_background=\u00bboff\u00bb padding_mobile=\u00bboff\u00bb make_fullwidth=\u00bboff\u00bb use_custom_width=\u00bboff\u00bb width_unit=\u00bbon\u00bb global_module=\u00bb5115&#8243; collapsed=\u00bboff\u00bb global_colors_info=\u00bb{}\u00bb custom_padding_phone=\u00bb50px|0|50px|0&#8243;][et_pb_row padding_mobile=\u00bboff\u00bb column_padding_mobile=\u00bbon\u00bb _builder_version=\u00bb4.16&#8243; background_size=\u00bbinitial\u00bb background_position=\u00bbtop_left\u00bb background_repeat=\u00bbrepeat\u00bb max_width=\u00bb1080px\u00bb custom_padding=\u00bb0px||0px|\u00bb make_fullwidth=\u00bboff\u00bb use_custom_width=\u00bboff\u00bb width_unit=\u00bbon\u00bb global_colors_info=\u00bb{}\u00bb][\/et_pb_row][\/et_pb_section]<\/p>\n","protected":false},"excerpt":{"rendered":"<p>Tras las peticiones recibidas\u00a0en\u00a0\u00a0las \u00faltimas ediciones de nuestras actividades de formaci\u00f3n, ponemos en marcha nuestros Cursos de\u00a0\u00a0Cata, en formato reducido para el fin de semana. Si no has podido asistir en\u00a0\u00a0anteriores ocasiones\u00a0\u00a0por tu jornada laboral o por la lejan\u00eda de tu domicilio,\u00a0\u00a0esta opci\u00f3n es la ideal\u00a0para ti. De una manera comprimida, tocaremos diferentes\u00a0aspectos te\u00f3ricos, concretos\u00a0\u00a0y [&hellip;]<\/p>\n","protected":false},"author":1,"featured_media":1485,"comment_status":"open","ping_status":"open","sticky":false,"template":"","format":"standard","meta":{"_et_pb_use_builder":"on","_et_pb_old_content":"<p>Tras las peticiones recibidas\u00a0en\u00a0\u00a0las \u00faltimas ediciones de nuestras actividades de formaci\u00f3n, ponemos en marcha nuestros Cursos de\u00a0\u00a0Cata, en formato reducido para el fin de semana. Si no has podido asistir en\u00a0\u00a0anteriores ocasiones\u00a0\u00a0por tu jornada laboral o por la lejan\u00eda de tu domicilio,\u00a0\u00a0esta opci\u00f3n es la ideal\u00a0para ti.<\/p><p>De una manera comprimida, tocaremos diferentes\u00a0aspectos te\u00f3ricos, concretos\u00a0\u00a0y especializados tanto de la t\u00e9cnica de cata como del mundo\u00a0\u00a0ole\u00edcola. Y como ya\u00a0es costumbre en nuestros cursos, disfrutaremos con una parte\u00a0\u00a0pr\u00e1ctica, donde\u00a0mediante la cata de aceites, perfeccionar\u00e1s tu valoraci\u00f3n\u00a0de los aceites de oliva v\u00edrgenes.<\/p><p><span style=\"line-height: 1.5em;\">Las fechas para estos cursos son las siguientes:<\/span><\/p><p>- Curso de Iniciaci\u00f3n a la Cata el 24 y 25 de Octubre<br \/> - Curso de Nivel Avanzado el 7 y 8 de Noviembre.<\/p><p>Estos cursos se desarrollar\u00e1n el viernes en horario de tarde de 17:00 a 21:00 y el s\u00e1bado en horario de ma\u00f1ana de 10:00 y 14:00.\u00a0Puedes inscribirte en uno solo o en ambos a la vez si lo desea. El plazo\u00a0de inscripci\u00f3n se\u00a0\u00a0realizar\u00e1 por estricto orden de matriculaci\u00f3n.<\/p><p>M\u00e1s\u00a0informaci\u00f3n sobre precios y\u00a0reservas en el mail\u00a0<a href=\"mailto:info@centrodeolivaryaceitelaloma.com\/copiablog\">info@<wbr \/>centrodeolivaryaceitelaloma.<wbr \/>com<\/a>\u00a0o llamando al 953 755889.<\/p><p><a href=\"http:\/\/centrodeolivaryaceite.com\/wp-content\/uploads\/2014\/10\/Cursos-de-Cata.-Edici\u00f3n-Fin-de-semana..jpg\"><img class=\"wp-image-3763 aligncenter\" src=\"http:\/\/centrodeolivaryaceite.com\/wp-content\/uploads\/2014\/10\/Cursos-de-Cata.-Edici\u00f3n-Fin-de-semana..jpg\" alt=\"Cursos de Cata. Edici\u00f3n Fin de semana.\" width=\"407\" height=\"576\" \/><\/a><span style=\"line-height: 1.5em;\">\u00a0<\/span><\/p><div id=\"fbPhotoSnowliftOwnerButtons\">\u00a0<\/div><p>.<\/p><p>\u00a0<\/p>","_et_gb_content_width":"","_jetpack_memberships_contains_paid_content":false,"footnotes":""},"categories":[1],"tags":[],"class_list":["post-3762","post","type-post","status-publish","format-standard","has-post-thumbnail","hentry","category-general"],"jetpack_featured_media_url":"https:\/\/i0.wp.com\/centrodeolivaryaceite.com\/wp-content\/uploads\/2010\/08\/DSC2122.jpg?fit=1024%2C625&ssl=1","jetpack_sharing_enabled":true,"jetpack_shortlink":"https:\/\/wp.me\/p95A9q-YG","_links":{"self":[{"href":"https:\/\/centrodeolivaryaceite.com\/es\/wp-json\/wp\/v2\/posts\/3762\/"}],"collection":[{"href":"https:\/\/centrodeolivaryaceite.com\/es\/wp-json\/wp\/v2\/posts\/"}],"about":[{"href":"https:\/\/centrodeolivaryaceite.com\/es\/wp-json\/wp\/v2\/types\/post\/"}],"author":[{"embeddable":true,"href":"https:\/\/centrodeolivaryaceite.com\/es\/wp-json\/wp\/v2\/users\/1\/"}],"replies":[{"embeddable":true,"href":"https:\/\/centrodeolivaryaceite.com\/es\/wp-json\/wp\/v2\/comments\/?post=3762"}],"version-history":[{"count":0,"href":"https:\/\/centrodeolivaryaceite.com\/es\/wp-json\/wp\/v2\/posts\/3762\/revisions\/"}],"wp:featuredmedia":[{"embeddable":true,"href":"https:\/\/centrodeolivaryaceite.com\/es\/wp-json\/wp\/v2\/media\/1485\/"}],"wp:attachment":[{"href":"https:\/\/centrodeolivaryaceite.com\/es\/wp-json\/wp\/v2\/media\/?parent=3762"}],"wp:term":[{"taxonomy":"category","embeddable":true,"href":"https:\/\/centrodeolivaryaceite.com\/es\/wp-json\/wp\/v2\/categories\/?post=3762"},{"taxonomy":"post_tag","embeddable":true,"href":"https:\/\/centrodeolivaryaceite.com\/es\/wp-json\/wp\/v2\/tags\/?post=3762"}],"curies":[{"name":"wp","href":"https:\/\/api.w.org\/{rel}","templated":true}]}}