{"id":37794,"date":"2019-08-02T16:54:30","date_gmt":"2019-08-02T16:54:30","guid":{"rendered":"https:\/\/centrodeolivaryaceite.com\/?p=37794"},"modified":"2022-07-29T11:01:22","modified_gmt":"2022-07-29T11:01:22","slug":"taller-de-cocina-infantil-recetas-dulces-y-saladas-sin-gluten","status":"publish","type":"post","link":"https:\/\/centrodeolivaryaceite.com\/es\/taller-de-cocina-infantil-recetas-dulces-y-saladas-sin-gluten\/","title":{"rendered":"Taller de Cocina Infantil: Recetas dulces y saladas sin gluten"},"content":{"rendered":"<p>[et_pb_section fb_built=\u00bb1&#8243; fullwidth=\u00bbon\u00bb custom_padding_last_edited=\u00bbon|desktop\u00bb admin_label=\u00bbSecci\u00f3n\u00bb _builder_version=\u00bb3.22&#8243; background_color=\u00bb#ffffff\u00bb background_image=\u00bbhttp:\/\/centrodeolivaryaceite.com\/wp-content\/uploads\/2016\/06\/page_header_bg_blue.jpg\u00bb custom_padding_tablet=\u00bb50px|0|50px|0&#8243; custom_padding_phone=\u00bb\u00bb transparent_background=\u00bboff\u00bb padding_mobile=\u00bboff\u00bb make_fullwidth=\u00bboff\u00bb use_custom_width=\u00bboff\u00bb width_unit=\u00bbon\u00bb global_module=\u00bb5294&#8243; locked=\u00bboff\u00bb collapsed=\u00bboff\u00bb global_colors_info=\u00bb{}\u00bb][et_pb_fullwidth_post_title meta=\u00bboff\u00bb featured_image=\u00bboff\u00bb text_color=\u00bblight\u00bb text_background=\u00bbon\u00bb text_bg_color=\u00bbrgba(28,28,28,0.43)\u00bb admin_label=\u00bbT\u00edtulo\u00bb _builder_version=\u00bb4.17.6&#8243; _module_preset=\u00bbdefault\u00bb title_font=\u00bbRoboto Light||||\u00bb title_font_size=\u00bb35px\u00bb title_all_caps=\u00bbon\u00bb background_color=\u00bbrgba(255,255,255,0)\u00bb parallax=\u00bbon\u00bb parallax_method=\u00bboff\u00bb text_orientation=\u00bbcenter\u00bb parallax_effect=\u00bbon\u00bb module_bg_color=\u00bbrgba(255,255,255,0)\u00bb use_border_color=\u00bboff\u00bb border_color=\u00bb#ffffff\u00bb border_style=\u00bbsolid\u00bb global_colors_info=\u00bb{}\u00bb][\/et_pb_fullwidth_post_title][\/et_pb_section][et_pb_section fb_built=\u00bb1&#8243; custom_padding_last_edited=\u00bbon|desktop\u00bb _builder_version=\u00bb4.16&#8243; background_color=\u00bb#ffffff\u00bb custom_padding=\u00bb10px|||\u00bb custom_padding_tablet=\u00bb50px|0|50px|0&#8243; custom_padding_phone=\u00bb\u00bb transparent_background=\u00bboff\u00bb padding_mobile=\u00bboff\u00bb make_fullwidth=\u00bboff\u00bb use_custom_width=\u00bboff\u00bb width_unit=\u00bbon\u00bb global_colors_info=\u00bb{}\u00bb][et_pb_row padding_mobile=\u00bboff\u00bb column_padding_mobile=\u00bbon\u00bb _builder_version=\u00bb4.16&#8243; background_size=\u00bbinitial\u00bb background_position=\u00bbtop_left\u00bb background_repeat=\u00bbrepeat\u00bb max_width=\u00bb1080px\u00bb custom_padding=\u00bb10px|||\u00bb make_fullwidth=\u00bboff\u00bb use_custom_width=\u00bboff\u00bb width_unit=\u00bbon\u00bb global_colors_info=\u00bb{}\u00bb][et_pb_column type=\u00bb4_4&#8243; _builder_version=\u00bb4.16&#8243; custom_padding=\u00bb|||\u00bb global_colors_info=\u00bb{}\u00bb custom_padding__hover=\u00bb|||\u00bb][et_pb_post_title title=\u00bboff\u00bb _builder_version=\u00bb4.16&#8243; title_all_caps=\u00bboff\u00bb background_color=\u00bbrgba(255,255,255,0)\u00bb parallax=\u00bbon\u00bb parallax_effect=\u00bbon\u00bb module_bg_color=\u00bbrgba(255,255,255,0)\u00bb use_border_color=\u00bboff\u00bb border_color=\u00bb#ffffff\u00bb border_style=\u00bbsolid\u00bb global_colors_info=\u00bb{}\u00bb][\/et_pb_post_title][\/et_pb_column][\/et_pb_row][\/et_pb_section][et_pb_section fb_built=\u00bb1&#8243; specialty=\u00bbon\u00bb custom_padding_last_edited=\u00bbon|desktop\u00bb parallax_method_1=\u00bboff\u00bb parallax_method_2=\u00bboff\u00bb _builder_version=\u00bb4.16&#8243; background_color=\u00bb#ffffff\u00bb inner_max_width=\u00bbnone\u00bb custom_padding=\u00bb10px|||\u00bb custom_padding_tablet=\u00bb50px|0|50px|0&#8243; custom_padding_phone=\u00bb\u00bb transparent_background=\u00bboff\u00bb padding_mobile=\u00bboff\u00bb make_fullwidth=\u00bboff\u00bb use_custom_width=\u00bboff\u00bb width_unit=\u00bbon\u00bb global_colors_info=\u00bb{}\u00bb][et_pb_column type=\u00bb2_3&#8243; specialty_columns=\u00bb2&#8243; _builder_version=\u00bb4.16&#8243; custom_padding=\u00bb|||\u00bb global_colors_info=\u00bb{}\u00bb custom_padding__hover=\u00bb|||\u00bb][et_pb_row_inner padding_mobile=\u00bboff\u00bb column_padding_mobile=\u00bbon\u00bb admin_label=\u00bbFila\u00bb _builder_version=\u00bb4.16&#8243; custom_padding=\u00bb0px|||\u00bb global_colors_info=\u00bb{}\u00bb][et_pb_column_inner saved_specialty_column_type=\u00bb2_3&#8243; _builder_version=\u00bb4.16&#8243; custom_padding=\u00bb|||\u00bb global_colors_info=\u00bb{}\u00bb custom_padding__hover=\u00bb|||\u00bb][et_pb_text admin_label=\u00bbTexto a reemplazar\u00bb _builder_version=\u00bb4.16&#8243; z_index_tablet=\u00bb500&#8243; box_shadow_horizontal_tablet=\u00bb0px\u00bb box_shadow_vertical_tablet=\u00bb0px\u00bb box_shadow_blur_tablet=\u00bb40px\u00bb box_shadow_spread_tablet=\u00bb0px\u00bb use_border_color=\u00bboff\u00bb global_colors_info=\u00bb{}\u00bb]<\/p>\n<p>Promocionar la cultura del aceite de oliva y del olivar es el objetivo principal del Centro de Interpretaci\u00f3n \u201cOlivar y Aceite\u201d desde que abri\u00f3 sus puertas y puso en marcha este proyecto, al que hoy en d\u00eda se han sumado ya setenta y cinco socios, pertenecientes a diferentes sectores como restauraci\u00f3n, turismo, dise\u00f1o y como no productores de aceite de oliva. Una difusi\u00f3n que la entidad realiza a trav\u00e9s de distintas iniciativas dirigidas a todo tipo de p\u00fablico como catas de aceite de oliva, talleres de cocina o jornadas de puertas abiertas.<\/p>\n<p>Pero sin duda una de los sectores de la poblaci\u00f3n al que presta especial atenci\u00f3n la entidad es a los peque\u00f1os de la casa, pues como ha manifestado en m\u00e1s de una ocasi\u00f3n el presidente de \u201cOlivar y Aceite\u201d, Javier G\u00e1mez, \u201cson los futuros consumidores del aceite de oliva virgen extra y los mejores embajadores del producto estrella de la provincia jiennense\u201d.<\/p>\n<p>As\u00ed durante los meses estivales el Centro de Interpretaci\u00f3n oferta talleres de Cocina de Verano \u201cDivertida y Saludable\u201d para los que cuenta con el apoyo de la Diputaci\u00f3n Provincial y Degusta Ja\u00e9n. Concretamente durante la jornada de hoy se ha desarrollado el primero de los talleres que se ha denominado \u201cRecetas dulces y saladas sin gluten\u201d. Una iniciativa muy interesante pues cada vez son m\u00e1s las personas que presentan intolerancia o alergia al gluten, como ha destacado el presidente del Centro de Interpretaci\u00f3n \u201cOlivar y Aceite\u201d, Javier G\u00e1mez.<\/p>\n<p>Adem\u00e1s los menores utilizaron para la elaboraci\u00f3n de las recetas, un aceite de oliva virgen extra, de Nobleza del Sur\u2014uno\u00a0 de los socios de la entidad\u2014que ha creado la marca pensando especialmente en los m\u00e1s peque\u00f1os de la casa, y que han bautizado como \u201cOnly for Children\u201d pues presenta un sabor en boca m\u00e1s suave, lo que lo hace m\u00e1s atractivo para los peque\u00f1os consumidores.<\/p>\n<p>Una actividad a la que han asistido 13 menores que de la mano de la gerente del Centro de Interpretaci\u00f3n, Soledad Rom\u00e1n, han aprendido a elaborar \u201cmakis de pepino y arroz\u201d\u2014una versi\u00f3n del cl\u00e1sico sushi llamado \u00abmaki\u00bb\u2014en el que se cambian las\u00a0 hojas de alga nori por pepino,\u00a0 unas deliciosas hamburguesas caseras de salm\u00f3n y merluza y el punto dulce de las elaboraciones lo ha puesto un flan de mel\u00f3n.<\/p>\n<p>Asimismo los inscritos han degustado un desayuno saludable compuesto de pan con aceite y tomate y una deliciosa granizada de mel\u00f3n, para combatir las altas temperaturas t\u00edpicas de estas fechas. Pero esto no es todo, pues de la mano de nuestros t\u00e9cnicos han realizado un repaso por sus conocimientos de la lengua de Shakespeare, adem\u00e1s de ampliar su vocabulario con palabras que hasta el momento desconoc\u00edan y que forman parte de los ingredientes utilizados en la elaboraci\u00f3n de los platos realizados por los peque\u00f1os chef, que han degustado todas y cada una de las recetas que han elaborado en el taller.<\/p>\n<p><strong>\u00a0<\/strong><strong>Otras actividades <\/strong><\/p>\n<p>La pr\u00f3xima cita con los peque\u00f1os de la casa se desarrollar\u00e1 el 23 de agosto, a partir de las 10:30 horas en el espacio cocina de la entidad, aprovechando que se encuentran disfrutando de sus vacaciones estivales. Se trata de una\u00a0 actividad en la que los menores adem\u00e1s de\u00a0 divertirse y aprender\u00e1n a elaborar \u201cPostres y meriendas\u201d, y degustar\u00e1n un desayuno saludable a la vez que realizar\u00e1n un repaso de sus conocimientos y ampliar\u00e1n su vocabulario ingl\u00e9s con palabras relacionadas con las recetas realizadas.<\/p>\n<div class=\"tiled-gallery type-rectangular tiled-gallery-unresized\" data-original-width=\"1080\" data-carousel-extra='{&quot;blog_id&quot;:1,&quot;permalink&quot;:&quot;https:\\\/\\\/centrodeolivaryaceite.com\\\/es\\\/taller-de-cocina-infantil-recetas-dulces-y-saladas-sin-gluten\\\/&quot;,&quot;likes_blog_id&quot;:134317632}' itemscope itemtype=\"http:\/\/schema.org\/ImageGallery\" > <div class=\"gallery-row\" style=\"width: 1080px; height: 482px;\" data-original-width=\"1080\" data-original-height=\"482\" > <div class=\"gallery-group images-1\" style=\"width: 721px; height: 482px;\" data-original-width=\"721\" data-original-height=\"482\" > <div class=\"tiled-gallery-item tiled-gallery-item-large\" itemprop=\"associatedMedia\" itemscope itemtype=\"http:\/\/schema.org\/ImageObject\"> <a href=\"https:\/\/centrodeolivaryaceite.com\/es\/taller-de-cocina-infantil-recetas-dulces-y-saladas-sin-gluten\/taller-de-cocina-sin-gluten-1\/\" border=\"0\" itemprop=\"url\"> <meta itemprop=\"width\" content=\"717\"> <meta itemprop=\"height\" content=\"478\"> <img decoding=\"async\" class=\"\" data-attachment-id=\"37814\" data-orig-file=\"https:\/\/centrodeolivaryaceite.com\/wp-content\/uploads\/2019\/08\/Taller-de-cocina-sin-gluten-1.jpg\" data-orig-size=\"2048,1365\" data-comments-opened=\"1\" data-image-meta=\"{&quot;aperture&quot;:&quot;0&quot;,&quot;credit&quot;:&quot;&quot;,&quot;camera&quot;:&quot;&quot;,&quot;caption&quot;:&quot;&quot;,&quot;created_timestamp&quot;:&quot;0&quot;,&quot;copyright&quot;:&quot;&quot;,&quot;focal_length&quot;:&quot;0&quot;,&quot;iso&quot;:&quot;0&quot;,&quot;shutter_speed&quot;:&quot;0&quot;,&quot;title&quot;:&quot;&quot;,&quot;orientation&quot;:&quot;0&quot;}\" data-image-title=\"Taller de cocina sin gluten (1)\" data-image-description=\"\" data-medium-file=\"https:\/\/i0.wp.com\/centrodeolivaryaceite.com\/wp-content\/uploads\/2019\/08\/Taller-de-cocina-sin-gluten-1.jpg?fit=300%2C200&#038;ssl=1\" data-large-file=\"https:\/\/i0.wp.com\/centrodeolivaryaceite.com\/wp-content\/uploads\/2019\/08\/Taller-de-cocina-sin-gluten-1.jpg?fit=1024%2C683&#038;ssl=1\" src=\"https:\/\/i0.wp.com\/centrodeolivaryaceite.com\/wp-content\/uploads\/2019\/08\/Taller-de-cocina-sin-gluten-1.jpg?w=717&#038;h=478&#038;ssl=1\" srcset=\"https:\/\/i0.wp.com\/centrodeolivaryaceite.com\/wp-content\/uploads\/2019\/08\/Taller-de-cocina-sin-gluten-1.jpg?w=2048&amp;ssl=1 2048w, https:\/\/i0.wp.com\/centrodeolivaryaceite.com\/wp-content\/uploads\/2019\/08\/Taller-de-cocina-sin-gluten-1.jpg?resize=300%2C200&amp;ssl=1 300w, https:\/\/i0.wp.com\/centrodeolivaryaceite.com\/wp-content\/uploads\/2019\/08\/Taller-de-cocina-sin-gluten-1.jpg?resize=768%2C512&amp;ssl=1 768w, https:\/\/i0.wp.com\/centrodeolivaryaceite.com\/wp-content\/uploads\/2019\/08\/Taller-de-cocina-sin-gluten-1.jpg?resize=1024%2C683&amp;ssl=1 1024w, https:\/\/i0.wp.com\/centrodeolivaryaceite.com\/wp-content\/uploads\/2019\/08\/Taller-de-cocina-sin-gluten-1.jpg?resize=1080%2C720&amp;ssl=1 1080w\" width=\"717\" height=\"478\" loading=\"lazy\" data-original-width=\"717\" data-original-height=\"478\" itemprop=\"http:\/\/schema.org\/image\" title=\"Taller de cocina sin gluten (1)\" alt=\"Elaboraci\u00f3n plato de cocina veraniega.\" style=\"width: 717px; height: 478px;\" \/> <\/a> <\/div> <\/div> <!-- close group --> <div class=\"gallery-group images-2\" style=\"width: 359px; height: 482px;\" data-original-width=\"359\" data-original-height=\"482\" > <div class=\"tiled-gallery-item tiled-gallery-item-large\" itemprop=\"associatedMedia\" itemscope itemtype=\"http:\/\/schema.org\/ImageObject\"> <a href=\"https:\/\/centrodeolivaryaceite.com\/es\/taller-de-cocina-infantil-recetas-dulces-y-saladas-sin-gluten\/taller-de-cocina-sin-gluten-10\/\" border=\"0\" itemprop=\"url\"> <meta itemprop=\"width\" content=\"355\"> <meta itemprop=\"height\" content=\"237\"> <img decoding=\"async\" class=\"\" data-attachment-id=\"37812\" data-orig-file=\"https:\/\/centrodeolivaryaceite.com\/wp-content\/uploads\/2019\/08\/Taller-de-cocina-sin-gluten-10.jpg\" data-orig-size=\"2048,1365\" data-comments-opened=\"1\" data-image-meta=\"{&quot;aperture&quot;:&quot;0&quot;,&quot;credit&quot;:&quot;&quot;,&quot;camera&quot;:&quot;&quot;,&quot;caption&quot;:&quot;&quot;,&quot;created_timestamp&quot;:&quot;0&quot;,&quot;copyright&quot;:&quot;&quot;,&quot;focal_length&quot;:&quot;0&quot;,&quot;iso&quot;:&quot;0&quot;,&quot;shutter_speed&quot;:&quot;0&quot;,&quot;title&quot;:&quot;&quot;,&quot;orientation&quot;:&quot;0&quot;}\" data-image-title=\"Taller de cocina sin gluten (10)\" data-image-description=\"\" data-medium-file=\"https:\/\/i0.wp.com\/centrodeolivaryaceite.com\/wp-content\/uploads\/2019\/08\/Taller-de-cocina-sin-gluten-10.jpg?fit=300%2C200&#038;ssl=1\" data-large-file=\"https:\/\/i0.wp.com\/centrodeolivaryaceite.com\/wp-content\/uploads\/2019\/08\/Taller-de-cocina-sin-gluten-10.jpg?fit=1024%2C683&#038;ssl=1\" src=\"https:\/\/i0.wp.com\/centrodeolivaryaceite.com\/wp-content\/uploads\/2019\/08\/Taller-de-cocina-sin-gluten-10.jpg?w=355&#038;h=237&#038;ssl=1\" srcset=\"https:\/\/i0.wp.com\/centrodeolivaryaceite.com\/wp-content\/uploads\/2019\/08\/Taller-de-cocina-sin-gluten-10.jpg?w=2048&amp;ssl=1 2048w, https:\/\/i0.wp.com\/centrodeolivaryaceite.com\/wp-content\/uploads\/2019\/08\/Taller-de-cocina-sin-gluten-10.jpg?resize=300%2C200&amp;ssl=1 300w, https:\/\/i0.wp.com\/centrodeolivaryaceite.com\/wp-content\/uploads\/2019\/08\/Taller-de-cocina-sin-gluten-10.jpg?resize=768%2C512&amp;ssl=1 768w, https:\/\/i0.wp.com\/centrodeolivaryaceite.com\/wp-content\/uploads\/2019\/08\/Taller-de-cocina-sin-gluten-10.jpg?resize=1024%2C683&amp;ssl=1 1024w, https:\/\/i0.wp.com\/centrodeolivaryaceite.com\/wp-content\/uploads\/2019\/08\/Taller-de-cocina-sin-gluten-10.jpg?resize=1080%2C720&amp;ssl=1 1080w\" width=\"355\" height=\"237\" loading=\"lazy\" data-original-width=\"355\" data-original-height=\"237\" itemprop=\"http:\/\/schema.org\/image\" title=\"Taller de cocina sin gluten (10)\" alt=\"Apertura del taller de cocina veraniega.\" style=\"width: 355px; height: 237px;\" \/> <\/a> <\/div> <div class=\"tiled-gallery-item tiled-gallery-item-large\" itemprop=\"associatedMedia\" itemscope itemtype=\"http:\/\/schema.org\/ImageObject\"> <a href=\"https:\/\/centrodeolivaryaceite.com\/es\/taller-de-cocina-infantil-recetas-dulces-y-saladas-sin-gluten\/taller-de-cocina-sin-gluten-9\/\" border=\"0\" itemprop=\"url\"> <meta itemprop=\"width\" content=\"355\"> <meta itemprop=\"height\" content=\"237\"> <img decoding=\"async\" class=\"\" data-attachment-id=\"37810\" data-orig-file=\"https:\/\/centrodeolivaryaceite.com\/wp-content\/uploads\/2019\/08\/Taller-de-cocina-sin-gluten-9.jpg\" data-orig-size=\"2048,1365\" data-comments-opened=\"1\" data-image-meta=\"{&quot;aperture&quot;:&quot;0&quot;,&quot;credit&quot;:&quot;&quot;,&quot;camera&quot;:&quot;&quot;,&quot;caption&quot;:&quot;&quot;,&quot;created_timestamp&quot;:&quot;0&quot;,&quot;copyright&quot;:&quot;&quot;,&quot;focal_length&quot;:&quot;0&quot;,&quot;iso&quot;:&quot;0&quot;,&quot;shutter_speed&quot;:&quot;0&quot;,&quot;title&quot;:&quot;&quot;,&quot;orientation&quot;:&quot;0&quot;}\" data-image-title=\"Taller de cocina sin gluten (9)\" data-image-description=\"\" data-medium-file=\"https:\/\/i0.wp.com\/centrodeolivaryaceite.com\/wp-content\/uploads\/2019\/08\/Taller-de-cocina-sin-gluten-9.jpg?fit=300%2C200&#038;ssl=1\" data-large-file=\"https:\/\/i0.wp.com\/centrodeolivaryaceite.com\/wp-content\/uploads\/2019\/08\/Taller-de-cocina-sin-gluten-9.jpg?fit=1024%2C683&#038;ssl=1\" src=\"https:\/\/i0.wp.com\/centrodeolivaryaceite.com\/wp-content\/uploads\/2019\/08\/Taller-de-cocina-sin-gluten-9.jpg?w=355&#038;h=237&#038;ssl=1\" srcset=\"https:\/\/i0.wp.com\/centrodeolivaryaceite.com\/wp-content\/uploads\/2019\/08\/Taller-de-cocina-sin-gluten-9.jpg?w=2048&amp;ssl=1 2048w, https:\/\/i0.wp.com\/centrodeolivaryaceite.com\/wp-content\/uploads\/2019\/08\/Taller-de-cocina-sin-gluten-9.jpg?resize=300%2C200&amp;ssl=1 300w, https:\/\/i0.wp.com\/centrodeolivaryaceite.com\/wp-content\/uploads\/2019\/08\/Taller-de-cocina-sin-gluten-9.jpg?resize=768%2C512&amp;ssl=1 768w, https:\/\/i0.wp.com\/centrodeolivaryaceite.com\/wp-content\/uploads\/2019\/08\/Taller-de-cocina-sin-gluten-9.jpg?resize=1024%2C683&amp;ssl=1 1024w, https:\/\/i0.wp.com\/centrodeolivaryaceite.com\/wp-content\/uploads\/2019\/08\/Taller-de-cocina-sin-gluten-9.jpg?resize=1080%2C720&amp;ssl=1 1080w\" width=\"355\" height=\"237\" loading=\"lazy\" data-original-width=\"355\" data-original-height=\"237\" itemprop=\"http:\/\/schema.org\/image\" title=\"Taller de cocina sin gluten (9)\" alt=\"Elaboraci\u00f3n de platos para el taller de cocina.\" style=\"width: 355px; height: 237px;\" \/> <\/a> <\/div> <\/div> <!-- close group --> <\/div> <!-- close row --> <div class=\"gallery-row\" style=\"width: 1080px; height: 241px;\" data-original-width=\"1080\" data-original-height=\"241\" > <div class=\"gallery-group images-1\" style=\"width: 360px; height: 241px;\" data-original-width=\"360\" data-original-height=\"241\" > <div class=\"tiled-gallery-item tiled-gallery-item-large\" itemprop=\"associatedMedia\" itemscope itemtype=\"http:\/\/schema.org\/ImageObject\"> <a href=\"https:\/\/centrodeolivaryaceite.com\/es\/taller-de-cocina-infantil-recetas-dulces-y-saladas-sin-gluten\/taller-de-cocina-sin-gluten-8\/\" border=\"0\" itemprop=\"url\"> <meta itemprop=\"width\" content=\"356\"> <meta itemprop=\"height\" content=\"237\"> <img decoding=\"async\" class=\"\" data-attachment-id=\"37808\" data-orig-file=\"https:\/\/centrodeolivaryaceite.com\/wp-content\/uploads\/2019\/08\/Taller-de-cocina-sin-gluten-8.jpg\" data-orig-size=\"2048,1365\" data-comments-opened=\"1\" data-image-meta=\"{&quot;aperture&quot;:&quot;0&quot;,&quot;credit&quot;:&quot;&quot;,&quot;camera&quot;:&quot;&quot;,&quot;caption&quot;:&quot;&quot;,&quot;created_timestamp&quot;:&quot;0&quot;,&quot;copyright&quot;:&quot;&quot;,&quot;focal_length&quot;:&quot;0&quot;,&quot;iso&quot;:&quot;0&quot;,&quot;shutter_speed&quot;:&quot;0&quot;,&quot;title&quot;:&quot;&quot;,&quot;orientation&quot;:&quot;0&quot;}\" data-image-title=\"Taller de cocina sin gluten (8)\" data-image-description=\"\" data-medium-file=\"https:\/\/i0.wp.com\/centrodeolivaryaceite.com\/wp-content\/uploads\/2019\/08\/Taller-de-cocina-sin-gluten-8.jpg?fit=300%2C200&#038;ssl=1\" data-large-file=\"https:\/\/i0.wp.com\/centrodeolivaryaceite.com\/wp-content\/uploads\/2019\/08\/Taller-de-cocina-sin-gluten-8.jpg?fit=1024%2C683&#038;ssl=1\" src=\"https:\/\/i0.wp.com\/centrodeolivaryaceite.com\/wp-content\/uploads\/2019\/08\/Taller-de-cocina-sin-gluten-8.jpg?w=356&#038;h=237&#038;ssl=1\" srcset=\"https:\/\/i0.wp.com\/centrodeolivaryaceite.com\/wp-content\/uploads\/2019\/08\/Taller-de-cocina-sin-gluten-8.jpg?w=2048&amp;ssl=1 2048w, https:\/\/i0.wp.com\/centrodeolivaryaceite.com\/wp-content\/uploads\/2019\/08\/Taller-de-cocina-sin-gluten-8.jpg?resize=300%2C200&amp;ssl=1 300w, https:\/\/i0.wp.com\/centrodeolivaryaceite.com\/wp-content\/uploads\/2019\/08\/Taller-de-cocina-sin-gluten-8.jpg?resize=768%2C512&amp;ssl=1 768w, https:\/\/i0.wp.com\/centrodeolivaryaceite.com\/wp-content\/uploads\/2019\/08\/Taller-de-cocina-sin-gluten-8.jpg?resize=1024%2C683&amp;ssl=1 1024w, https:\/\/i0.wp.com\/centrodeolivaryaceite.com\/wp-content\/uploads\/2019\/08\/Taller-de-cocina-sin-gluten-8.jpg?resize=1080%2C720&amp;ssl=1 1080w\" width=\"356\" height=\"237\" loading=\"lazy\" data-original-width=\"356\" data-original-height=\"237\" itemprop=\"http:\/\/schema.org\/image\" title=\"Taller de cocina sin gluten (8)\" alt=\"Elaboraci\u00f3n de hamburguesas de pescado sin gluten.\" style=\"width: 356px; height: 237px;\" \/> <\/a> <\/div> <\/div> <!-- close group --> <div class=\"gallery-group images-1\" style=\"width: 360px; height: 241px;\" data-original-width=\"360\" data-original-height=\"241\" > <div class=\"tiled-gallery-item tiled-gallery-item-large\" itemprop=\"associatedMedia\" itemscope itemtype=\"http:\/\/schema.org\/ImageObject\"> <a href=\"https:\/\/centrodeolivaryaceite.com\/es\/taller-de-cocina-infantil-recetas-dulces-y-saladas-sin-gluten\/taller-de-cocina-sin-gluten-7\/\" border=\"0\" itemprop=\"url\"> <meta itemprop=\"width\" content=\"356\"> <meta itemprop=\"height\" content=\"237\"> <img decoding=\"async\" class=\"\" data-attachment-id=\"37806\" data-orig-file=\"https:\/\/centrodeolivaryaceite.com\/wp-content\/uploads\/2019\/08\/Taller-de-cocina-sin-gluten-7.jpg\" data-orig-size=\"2048,1365\" data-comments-opened=\"1\" data-image-meta=\"{&quot;aperture&quot;:&quot;0&quot;,&quot;credit&quot;:&quot;&quot;,&quot;camera&quot;:&quot;&quot;,&quot;caption&quot;:&quot;&quot;,&quot;created_timestamp&quot;:&quot;0&quot;,&quot;copyright&quot;:&quot;&quot;,&quot;focal_length&quot;:&quot;0&quot;,&quot;iso&quot;:&quot;0&quot;,&quot;shutter_speed&quot;:&quot;0&quot;,&quot;title&quot;:&quot;&quot;,&quot;orientation&quot;:&quot;0&quot;}\" data-image-title=\"Taller de cocina sin gluten (7)\" data-image-description=\"\" data-medium-file=\"https:\/\/i0.wp.com\/centrodeolivaryaceite.com\/wp-content\/uploads\/2019\/08\/Taller-de-cocina-sin-gluten-7.jpg?fit=300%2C200&#038;ssl=1\" data-large-file=\"https:\/\/i0.wp.com\/centrodeolivaryaceite.com\/wp-content\/uploads\/2019\/08\/Taller-de-cocina-sin-gluten-7.jpg?fit=1024%2C683&#038;ssl=1\" src=\"https:\/\/i0.wp.com\/centrodeolivaryaceite.com\/wp-content\/uploads\/2019\/08\/Taller-de-cocina-sin-gluten-7.jpg?w=356&#038;h=237&#038;ssl=1\" srcset=\"https:\/\/i0.wp.com\/centrodeolivaryaceite.com\/wp-content\/uploads\/2019\/08\/Taller-de-cocina-sin-gluten-7.jpg?w=2048&amp;ssl=1 2048w, https:\/\/i0.wp.com\/centrodeolivaryaceite.com\/wp-content\/uploads\/2019\/08\/Taller-de-cocina-sin-gluten-7.jpg?resize=300%2C200&amp;ssl=1 300w, https:\/\/i0.wp.com\/centrodeolivaryaceite.com\/wp-content\/uploads\/2019\/08\/Taller-de-cocina-sin-gluten-7.jpg?resize=768%2C512&amp;ssl=1 768w, https:\/\/i0.wp.com\/centrodeolivaryaceite.com\/wp-content\/uploads\/2019\/08\/Taller-de-cocina-sin-gluten-7.jpg?resize=1024%2C683&amp;ssl=1 1024w, https:\/\/i0.wp.com\/centrodeolivaryaceite.com\/wp-content\/uploads\/2019\/08\/Taller-de-cocina-sin-gluten-7.jpg?resize=1080%2C720&amp;ssl=1 1080w\" width=\"356\" height=\"237\" loading=\"lazy\" data-original-width=\"356\" data-original-height=\"237\" itemprop=\"http:\/\/schema.org\/image\" title=\"Taller de cocina sin gluten (7)\" alt=\"Participantes atendiendo en el taller de cocina.\" style=\"width: 356px; height: 237px;\" \/> <\/a> <\/div> <\/div> <!-- close group --> <div class=\"gallery-group images-1\" style=\"width: 360px; height: 241px;\" data-original-width=\"360\" data-original-height=\"241\" > <div class=\"tiled-gallery-item tiled-gallery-item-large\" itemprop=\"associatedMedia\" itemscope itemtype=\"http:\/\/schema.org\/ImageObject\"> <a href=\"https:\/\/centrodeolivaryaceite.com\/es\/taller-de-cocina-infantil-recetas-dulces-y-saladas-sin-gluten\/taller-de-cocina-sin-gluten-6\/\" border=\"0\" itemprop=\"url\"> <meta itemprop=\"width\" content=\"356\"> <meta itemprop=\"height\" content=\"237\"> <img decoding=\"async\" class=\"\" data-attachment-id=\"37804\" data-orig-file=\"https:\/\/centrodeolivaryaceite.com\/wp-content\/uploads\/2019\/08\/Taller-de-cocina-sin-gluten-6.jpg\" data-orig-size=\"2048,1365\" data-comments-opened=\"1\" data-image-meta=\"{&quot;aperture&quot;:&quot;0&quot;,&quot;credit&quot;:&quot;&quot;,&quot;camera&quot;:&quot;&quot;,&quot;caption&quot;:&quot;&quot;,&quot;created_timestamp&quot;:&quot;0&quot;,&quot;copyright&quot;:&quot;&quot;,&quot;focal_length&quot;:&quot;0&quot;,&quot;iso&quot;:&quot;0&quot;,&quot;shutter_speed&quot;:&quot;0&quot;,&quot;title&quot;:&quot;&quot;,&quot;orientation&quot;:&quot;0&quot;}\" data-image-title=\"Taller de cocina sin gluten (6)\" data-image-description=\"\" data-medium-file=\"https:\/\/i0.wp.com\/centrodeolivaryaceite.com\/wp-content\/uploads\/2019\/08\/Taller-de-cocina-sin-gluten-6.jpg?fit=300%2C200&#038;ssl=1\" data-large-file=\"https:\/\/i0.wp.com\/centrodeolivaryaceite.com\/wp-content\/uploads\/2019\/08\/Taller-de-cocina-sin-gluten-6.jpg?fit=1024%2C683&#038;ssl=1\" src=\"https:\/\/i0.wp.com\/centrodeolivaryaceite.com\/wp-content\/uploads\/2019\/08\/Taller-de-cocina-sin-gluten-6.jpg?w=356&#038;h=237&#038;ssl=1\" srcset=\"https:\/\/i0.wp.com\/centrodeolivaryaceite.com\/wp-content\/uploads\/2019\/08\/Taller-de-cocina-sin-gluten-6.jpg?w=2048&amp;ssl=1 2048w, https:\/\/i0.wp.com\/centrodeolivaryaceite.com\/wp-content\/uploads\/2019\/08\/Taller-de-cocina-sin-gluten-6.jpg?resize=300%2C200&amp;ssl=1 300w, https:\/\/i0.wp.com\/centrodeolivaryaceite.com\/wp-content\/uploads\/2019\/08\/Taller-de-cocina-sin-gluten-6.jpg?resize=768%2C512&amp;ssl=1 768w, https:\/\/i0.wp.com\/centrodeolivaryaceite.com\/wp-content\/uploads\/2019\/08\/Taller-de-cocina-sin-gluten-6.jpg?resize=1024%2C683&amp;ssl=1 1024w, https:\/\/i0.wp.com\/centrodeolivaryaceite.com\/wp-content\/uploads\/2019\/08\/Taller-de-cocina-sin-gluten-6.jpg?resize=1080%2C720&amp;ssl=1 1080w\" width=\"356\" height=\"237\" loading=\"lazy\" data-original-width=\"356\" data-original-height=\"237\" itemprop=\"http:\/\/schema.org\/image\" title=\"Taller de cocina sin gluten (6)\" alt=\"Aplicaci\u00f3n de AOVE en los platos del taller.\" style=\"width: 356px; height: 237px;\" \/> <\/a> <\/div> <\/div> <!-- close group --> <\/div> <!-- close row --> <div class=\"gallery-row\" style=\"width: 1080px; height: 181px;\" data-original-width=\"1080\" data-original-height=\"181\" > <div class=\"gallery-group images-1\" style=\"width: 270px; height: 181px;\" data-original-width=\"270\" data-original-height=\"181\" > <div class=\"tiled-gallery-item tiled-gallery-item-large\" itemprop=\"associatedMedia\" itemscope itemtype=\"http:\/\/schema.org\/ImageObject\"> <a href=\"https:\/\/centrodeolivaryaceite.com\/es\/taller-de-cocina-infantil-recetas-dulces-y-saladas-sin-gluten\/taller-de-cocina-sin-gluten-5\/\" border=\"0\" itemprop=\"url\"> <meta itemprop=\"width\" content=\"266\"> <meta itemprop=\"height\" content=\"177\"> <img decoding=\"async\" class=\"\" data-attachment-id=\"37802\" data-orig-file=\"https:\/\/centrodeolivaryaceite.com\/wp-content\/uploads\/2019\/08\/Taller-de-cocina-sin-gluten-5.jpg\" data-orig-size=\"2048,1365\" data-comments-opened=\"1\" data-image-meta=\"{&quot;aperture&quot;:&quot;0&quot;,&quot;credit&quot;:&quot;&quot;,&quot;camera&quot;:&quot;&quot;,&quot;caption&quot;:&quot;&quot;,&quot;created_timestamp&quot;:&quot;0&quot;,&quot;copyright&quot;:&quot;&quot;,&quot;focal_length&quot;:&quot;0&quot;,&quot;iso&quot;:&quot;0&quot;,&quot;shutter_speed&quot;:&quot;0&quot;,&quot;title&quot;:&quot;&quot;,&quot;orientation&quot;:&quot;0&quot;}\" data-image-title=\"Taller de cocina sin gluten (5)\" data-image-description=\"\" data-medium-file=\"https:\/\/i0.wp.com\/centrodeolivaryaceite.com\/wp-content\/uploads\/2019\/08\/Taller-de-cocina-sin-gluten-5.jpg?fit=300%2C200&#038;ssl=1\" data-large-file=\"https:\/\/i0.wp.com\/centrodeolivaryaceite.com\/wp-content\/uploads\/2019\/08\/Taller-de-cocina-sin-gluten-5.jpg?fit=1024%2C683&#038;ssl=1\" src=\"https:\/\/i0.wp.com\/centrodeolivaryaceite.com\/wp-content\/uploads\/2019\/08\/Taller-de-cocina-sin-gluten-5.jpg?w=266&#038;h=177&#038;ssl=1\" srcset=\"https:\/\/i0.wp.com\/centrodeolivaryaceite.com\/wp-content\/uploads\/2019\/08\/Taller-de-cocina-sin-gluten-5.jpg?w=2048&amp;ssl=1 2048w, https:\/\/i0.wp.com\/centrodeolivaryaceite.com\/wp-content\/uploads\/2019\/08\/Taller-de-cocina-sin-gluten-5.jpg?resize=300%2C200&amp;ssl=1 300w, https:\/\/i0.wp.com\/centrodeolivaryaceite.com\/wp-content\/uploads\/2019\/08\/Taller-de-cocina-sin-gluten-5.jpg?resize=768%2C512&amp;ssl=1 768w, https:\/\/i0.wp.com\/centrodeolivaryaceite.com\/wp-content\/uploads\/2019\/08\/Taller-de-cocina-sin-gluten-5.jpg?resize=1024%2C683&amp;ssl=1 1024w, https:\/\/i0.wp.com\/centrodeolivaryaceite.com\/wp-content\/uploads\/2019\/08\/Taller-de-cocina-sin-gluten-5.jpg?resize=1080%2C720&amp;ssl=1 1080w\" width=\"266\" height=\"177\" loading=\"lazy\" data-original-width=\"266\" data-original-height=\"177\" itemprop=\"http:\/\/schema.org\/image\" title=\"Taller de cocina sin gluten (5)\" alt=\"Elaboraci\u00f3n de sushi casero vegetal.\" style=\"width: 266px; height: 177px;\" \/> <\/a> <\/div> <\/div> <!-- close group --> <div class=\"gallery-group images-1\" style=\"width: 270px; height: 181px;\" data-original-width=\"270\" data-original-height=\"181\" > <div class=\"tiled-gallery-item tiled-gallery-item-large\" itemprop=\"associatedMedia\" itemscope itemtype=\"http:\/\/schema.org\/ImageObject\"> <a href=\"https:\/\/centrodeolivaryaceite.com\/es\/taller-de-cocina-infantil-recetas-dulces-y-saladas-sin-gluten\/taller-de-cocina-sin-gluten-4\/\" border=\"0\" itemprop=\"url\"> <meta itemprop=\"width\" content=\"266\"> <meta itemprop=\"height\" content=\"177\"> <img decoding=\"async\" class=\"\" data-attachment-id=\"37800\" data-orig-file=\"https:\/\/centrodeolivaryaceite.com\/wp-content\/uploads\/2019\/08\/Taller-de-cocina-sin-gluten-4.jpg\" data-orig-size=\"2048,1365\" data-comments-opened=\"1\" data-image-meta=\"{&quot;aperture&quot;:&quot;0&quot;,&quot;credit&quot;:&quot;&quot;,&quot;camera&quot;:&quot;&quot;,&quot;caption&quot;:&quot;&quot;,&quot;created_timestamp&quot;:&quot;0&quot;,&quot;copyright&quot;:&quot;&quot;,&quot;focal_length&quot;:&quot;0&quot;,&quot;iso&quot;:&quot;0&quot;,&quot;shutter_speed&quot;:&quot;0&quot;,&quot;title&quot;:&quot;&quot;,&quot;orientation&quot;:&quot;0&quot;}\" data-image-title=\"Taller de cocina sin gluten (4)\" data-image-description=\"\" data-medium-file=\"https:\/\/i0.wp.com\/centrodeolivaryaceite.com\/wp-content\/uploads\/2019\/08\/Taller-de-cocina-sin-gluten-4.jpg?fit=300%2C200&#038;ssl=1\" data-large-file=\"https:\/\/i0.wp.com\/centrodeolivaryaceite.com\/wp-content\/uploads\/2019\/08\/Taller-de-cocina-sin-gluten-4.jpg?fit=1024%2C683&#038;ssl=1\" src=\"https:\/\/i0.wp.com\/centrodeolivaryaceite.com\/wp-content\/uploads\/2019\/08\/Taller-de-cocina-sin-gluten-4.jpg?w=266&#038;h=177&#038;ssl=1\" srcset=\"https:\/\/i0.wp.com\/centrodeolivaryaceite.com\/wp-content\/uploads\/2019\/08\/Taller-de-cocina-sin-gluten-4.jpg?w=2048&amp;ssl=1 2048w, https:\/\/i0.wp.com\/centrodeolivaryaceite.com\/wp-content\/uploads\/2019\/08\/Taller-de-cocina-sin-gluten-4.jpg?resize=300%2C200&amp;ssl=1 300w, https:\/\/i0.wp.com\/centrodeolivaryaceite.com\/wp-content\/uploads\/2019\/08\/Taller-de-cocina-sin-gluten-4.jpg?resize=768%2C512&amp;ssl=1 768w, https:\/\/i0.wp.com\/centrodeolivaryaceite.com\/wp-content\/uploads\/2019\/08\/Taller-de-cocina-sin-gluten-4.jpg?resize=1024%2C683&amp;ssl=1 1024w, https:\/\/i0.wp.com\/centrodeolivaryaceite.com\/wp-content\/uploads\/2019\/08\/Taller-de-cocina-sin-gluten-4.jpg?resize=1080%2C720&amp;ssl=1 1080w\" width=\"266\" height=\"177\" loading=\"lazy\" data-original-width=\"266\" data-original-height=\"177\" itemprop=\"http:\/\/schema.org\/image\" title=\"Taller de cocina sin gluten (4)\" alt=\"Fase final del taller de cocina.\" style=\"width: 266px; height: 177px;\" \/> <\/a> <\/div> <\/div> <!-- close group --> <div class=\"gallery-group images-1\" style=\"width: 270px; height: 181px;\" data-original-width=\"270\" data-original-height=\"181\" > <div class=\"tiled-gallery-item tiled-gallery-item-large\" itemprop=\"associatedMedia\" itemscope itemtype=\"http:\/\/schema.org\/ImageObject\"> <a href=\"https:\/\/centrodeolivaryaceite.com\/es\/taller-de-cocina-infantil-recetas-dulces-y-saladas-sin-gluten\/taller-de-cocina-sin-gluten-3\/\" border=\"0\" itemprop=\"url\"> <meta itemprop=\"width\" content=\"266\"> <meta itemprop=\"height\" content=\"177\"> <img decoding=\"async\" class=\"\" data-attachment-id=\"37798\" data-orig-file=\"https:\/\/centrodeolivaryaceite.com\/wp-content\/uploads\/2019\/08\/Taller-de-cocina-sin-gluten-3.jpg\" data-orig-size=\"2048,1365\" data-comments-opened=\"1\" data-image-meta=\"{&quot;aperture&quot;:&quot;0&quot;,&quot;credit&quot;:&quot;&quot;,&quot;camera&quot;:&quot;&quot;,&quot;caption&quot;:&quot;&quot;,&quot;created_timestamp&quot;:&quot;0&quot;,&quot;copyright&quot;:&quot;&quot;,&quot;focal_length&quot;:&quot;0&quot;,&quot;iso&quot;:&quot;0&quot;,&quot;shutter_speed&quot;:&quot;0&quot;,&quot;title&quot;:&quot;&quot;,&quot;orientation&quot;:&quot;0&quot;}\" data-image-title=\"Taller de cocina sin gluten (3)\" data-image-description=\"\" data-medium-file=\"https:\/\/i0.wp.com\/centrodeolivaryaceite.com\/wp-content\/uploads\/2019\/08\/Taller-de-cocina-sin-gluten-3.jpg?fit=300%2C200&#038;ssl=1\" data-large-file=\"https:\/\/i0.wp.com\/centrodeolivaryaceite.com\/wp-content\/uploads\/2019\/08\/Taller-de-cocina-sin-gluten-3.jpg?fit=1024%2C683&#038;ssl=1\" src=\"https:\/\/i0.wp.com\/centrodeolivaryaceite.com\/wp-content\/uploads\/2019\/08\/Taller-de-cocina-sin-gluten-3.jpg?w=266&#038;h=177&#038;ssl=1\" srcset=\"https:\/\/i0.wp.com\/centrodeolivaryaceite.com\/wp-content\/uploads\/2019\/08\/Taller-de-cocina-sin-gluten-3.jpg?w=2048&amp;ssl=1 2048w, https:\/\/i0.wp.com\/centrodeolivaryaceite.com\/wp-content\/uploads\/2019\/08\/Taller-de-cocina-sin-gluten-3.jpg?resize=300%2C200&amp;ssl=1 300w, https:\/\/i0.wp.com\/centrodeolivaryaceite.com\/wp-content\/uploads\/2019\/08\/Taller-de-cocina-sin-gluten-3.jpg?resize=768%2C512&amp;ssl=1 768w, https:\/\/i0.wp.com\/centrodeolivaryaceite.com\/wp-content\/uploads\/2019\/08\/Taller-de-cocina-sin-gluten-3.jpg?resize=1024%2C683&amp;ssl=1 1024w, https:\/\/i0.wp.com\/centrodeolivaryaceite.com\/wp-content\/uploads\/2019\/08\/Taller-de-cocina-sin-gluten-3.jpg?resize=1080%2C720&amp;ssl=1 1080w\" width=\"266\" height=\"177\" loading=\"lazy\" data-original-width=\"266\" data-original-height=\"177\" itemprop=\"http:\/\/schema.org\/image\" title=\"Taller de cocina sin gluten (3)\" alt=\"Entrega de diplomas a los asistentes al taller.\" style=\"width: 266px; height: 177px;\" \/> <\/a> <\/div> <\/div> <!-- close group --> <div class=\"gallery-group images-1\" style=\"width: 270px; height: 181px;\" data-original-width=\"270\" data-original-height=\"181\" > <div class=\"tiled-gallery-item tiled-gallery-item-large\" itemprop=\"associatedMedia\" itemscope itemtype=\"http:\/\/schema.org\/ImageObject\"> <a href=\"https:\/\/centrodeolivaryaceite.com\/es\/taller-de-cocina-infantil-recetas-dulces-y-saladas-sin-gluten\/taller-de-cocina-sin-gluten-2\/\" border=\"0\" itemprop=\"url\"> <meta itemprop=\"width\" content=\"266\"> <meta itemprop=\"height\" content=\"177\"> <img decoding=\"async\" class=\"\" data-attachment-id=\"37796\" data-orig-file=\"https:\/\/centrodeolivaryaceite.com\/wp-content\/uploads\/2019\/08\/Taller-de-cocina-sin-gluten-2.jpg\" data-orig-size=\"2048,1365\" data-comments-opened=\"1\" data-image-meta=\"{&quot;aperture&quot;:&quot;0&quot;,&quot;credit&quot;:&quot;&quot;,&quot;camera&quot;:&quot;&quot;,&quot;caption&quot;:&quot;&quot;,&quot;created_timestamp&quot;:&quot;0&quot;,&quot;copyright&quot;:&quot;&quot;,&quot;focal_length&quot;:&quot;0&quot;,&quot;iso&quot;:&quot;0&quot;,&quot;shutter_speed&quot;:&quot;0&quot;,&quot;title&quot;:&quot;&quot;,&quot;orientation&quot;:&quot;0&quot;}\" data-image-title=\"Taller de cocina sin gluten (2)\" data-image-description=\"\" data-medium-file=\"https:\/\/i0.wp.com\/centrodeolivaryaceite.com\/wp-content\/uploads\/2019\/08\/Taller-de-cocina-sin-gluten-2.jpg?fit=300%2C200&#038;ssl=1\" data-large-file=\"https:\/\/i0.wp.com\/centrodeolivaryaceite.com\/wp-content\/uploads\/2019\/08\/Taller-de-cocina-sin-gluten-2.jpg?fit=1024%2C683&#038;ssl=1\" src=\"https:\/\/i0.wp.com\/centrodeolivaryaceite.com\/wp-content\/uploads\/2019\/08\/Taller-de-cocina-sin-gluten-2.jpg?w=266&#038;h=177&#038;ssl=1\" srcset=\"https:\/\/i0.wp.com\/centrodeolivaryaceite.com\/wp-content\/uploads\/2019\/08\/Taller-de-cocina-sin-gluten-2.jpg?w=2048&amp;ssl=1 2048w, https:\/\/i0.wp.com\/centrodeolivaryaceite.com\/wp-content\/uploads\/2019\/08\/Taller-de-cocina-sin-gluten-2.jpg?resize=300%2C200&amp;ssl=1 300w, https:\/\/i0.wp.com\/centrodeolivaryaceite.com\/wp-content\/uploads\/2019\/08\/Taller-de-cocina-sin-gluten-2.jpg?resize=768%2C512&amp;ssl=1 768w, https:\/\/i0.wp.com\/centrodeolivaryaceite.com\/wp-content\/uploads\/2019\/08\/Taller-de-cocina-sin-gluten-2.jpg?resize=1024%2C683&amp;ssl=1 1024w, https:\/\/i0.wp.com\/centrodeolivaryaceite.com\/wp-content\/uploads\/2019\/08\/Taller-de-cocina-sin-gluten-2.jpg?resize=1080%2C720&amp;ssl=1 1080w\" width=\"266\" height=\"177\" loading=\"lazy\" data-original-width=\"266\" data-original-height=\"177\" itemprop=\"http:\/\/schema.org\/image\" title=\"Taller de cocina sin gluten (2)\" alt=\"AOVE Centenarium Premium Only For Children, patrocinador del evento.\" style=\"width: 266px; height: 177px;\" \/> <\/a> <\/div> <\/div> <!-- close group --> <\/div> <!-- close row --> <\/div>\n<p>[\/et_pb_text][et_pb_comments _builder_version=\u00bb4.16&#8243; use_border_color=\u00bboff\u00bb border_color=\u00bb#ffffff\u00bb border_style=\u00bbsolid\u00bb button_letter_spacing_hover=\u00bb0&#8243; global_colors_info=\u00bb{}\u00bb button_text_size__hover_enabled=\u00bboff\u00bb button_text_size__hover=\u00bbnull\u00bb button_one_text_size__hover_enabled=\u00bboff\u00bb button_one_text_size__hover=\u00bbnull\u00bb button_two_text_size__hover_enabled=\u00bboff\u00bb button_two_text_size__hover=\u00bbnull\u00bb button_text_color__hover_enabled=\u00bboff\u00bb button_text_color__hover=\u00bbnull\u00bb button_one_text_color__hover_enabled=\u00bboff\u00bb button_one_text_color__hover=\u00bbnull\u00bb button_two_text_color__hover_enabled=\u00bboff\u00bb button_two_text_color__hover=\u00bbnull\u00bb button_border_width__hover_enabled=\u00bboff\u00bb button_border_width__hover=\u00bbnull\u00bb button_one_border_width__hover_enabled=\u00bboff\u00bb button_one_border_width__hover=\u00bbnull\u00bb button_two_border_width__hover_enabled=\u00bboff\u00bb button_two_border_width__hover=\u00bbnull\u00bb button_border_color__hover_enabled=\u00bboff\u00bb button_border_color__hover=\u00bbnull\u00bb button_one_border_color__hover_enabled=\u00bboff\u00bb button_one_border_color__hover=\u00bbnull\u00bb button_two_border_color__hover_enabled=\u00bboff\u00bb button_two_border_color__hover=\u00bbnull\u00bb button_border_radius__hover_enabled=\u00bboff\u00bb button_border_radius__hover=\u00bbnull\u00bb button_one_border_radius__hover_enabled=\u00bboff\u00bb button_one_border_radius__hover=\u00bbnull\u00bb button_two_border_radius__hover_enabled=\u00bboff\u00bb button_two_border_radius__hover=\u00bbnull\u00bb button_letter_spacing__hover_enabled=\u00bbon\u00bb button_letter_spacing__hover=\u00bb0&#8243; button_one_letter_spacing__hover_enabled=\u00bboff\u00bb button_one_letter_spacing__hover=\u00bbnull\u00bb button_two_letter_spacing__hover_enabled=\u00bboff\u00bb button_two_letter_spacing__hover=\u00bbnull\u00bb button_bg_color__hover_enabled=\u00bboff\u00bb button_bg_color__hover=\u00bbnull\u00bb button_one_bg_color__hover_enabled=\u00bboff\u00bb button_one_bg_color__hover=\u00bbnull\u00bb button_two_bg_color__hover_enabled=\u00bboff\u00bb button_two_bg_color__hover=\u00bbnull\u00bb][\/et_pb_comments][\/et_pb_column_inner][\/et_pb_row_inner][\/et_pb_column][et_pb_column type=\u00bb1_3&#8243; _builder_version=\u00bb4.16&#8243; custom_padding=\u00bb|||\u00bb global_colors_info=\u00bb{}\u00bb custom_padding__hover=\u00bb|||\u00bb][et_pb_sidebar orientation=\u00bbright\u00bb area=\u00bbsidebar-1&#8243; _builder_version=\u00bb4.16&#8243; remove_border=\u00bboff\u00bb global_colors_info=\u00bb{}\u00bb theme_builder_area=\u00bbpost_content\u00bb][\/et_pb_sidebar][\/et_pb_column][\/et_pb_section][et_pb_section fb_built=\u00bb1&#8243; custom_padding_last_edited=\u00bbon|desktop\u00bb disabled_on=\u00bbon|on|on\u00bb _builder_version=\u00bb3.0.92&#8243; background_color=\u00bb#dedacf\u00bb custom_padding_tablet=\u00bb50px|0|50px|0&#8243; custom_padding_phone=\u00bb\u00bb disabled=\u00bbon\u00bb global_module=\u00bb5116&#8243; collapsed=\u00bboff\u00bb global_colors_info=\u00bb{}\u00bb][et_pb_row _builder_version=\u00bb4.16&#8243; global_colors_info=\u00bb{}\u00bb][et_pb_column type=\u00bb4_4&#8243; _builder_version=\u00bb4.16&#8243; custom_padding=\u00bb|||\u00bb global_colors_info=\u00bb{}\u00bb custom_padding__hover=\u00bb|||\u00bb][\/et_pb_column][\/et_pb_row][\/et_pb_section][et_pb_section fb_built=\u00bb1&#8243; custom_padding_last_edited=\u00bbon|desktop\u00bb _builder_version=\u00bb3.22&#8243; background_color=\u00bb#ffffff\u00bb custom_padding=\u00bb10px||0px|\u00bb custom_padding_tablet=\u00bb50px|0|50px|0&#8243; custom_padding_phone=\u00bb\u00bb transparent_background=\u00bboff\u00bb padding_mobile=\u00bboff\u00bb make_fullwidth=\u00bboff\u00bb use_custom_width=\u00bboff\u00bb width_unit=\u00bbon\u00bb global_module=\u00bb5115&#8243; collapsed=\u00bboff\u00bb global_colors_info=\u00bb{}\u00bb][et_pb_row padding_mobile=\u00bboff\u00bb column_padding_mobile=\u00bbon\u00bb _builder_version=\u00bb4.16&#8243; background_size=\u00bbinitial\u00bb background_position=\u00bbtop_left\u00bb background_repeat=\u00bbrepeat\u00bb max_width=\u00bb1080px\u00bb custom_padding=\u00bb0px||0px|\u00bb make_fullwidth=\u00bboff\u00bb use_custom_width=\u00bboff\u00bb width_unit=\u00bbon\u00bb global_colors_info=\u00bb{}\u00bb][\/et_pb_row][\/et_pb_section][et_pb_section fb_built=\u00bb1&#8243; _builder_version=\u00bb4.16&#8243; global_colors_info=\u00bb{}\u00bb][et_pb_row _builder_version=\u00bb4.16&#8243; background_size=\u00bbinitial\u00bb background_position=\u00bbtop_left\u00bb background_repeat=\u00bbrepeat\u00bb global_colors_info=\u00bb{}\u00bb][\/et_pb_row][\/et_pb_section]<\/p>\n","protected":false},"excerpt":{"rendered":"<p>Promocionar la cultura del aceite de oliva y del olivar es el objetivo principal del Centro de Interpretaci\u00f3n \u201cOlivar y Aceite\u201d desde que abri\u00f3 sus puertas y puso en marcha este proyecto, al que hoy en d\u00eda se han sumado ya setenta y cinco socios, pertenecientes a diferentes sectores como restauraci\u00f3n, turismo, dise\u00f1o y como [&hellip;]<\/p>\n","protected":false},"author":1,"featured_media":37802,"comment_status":"open","ping_status":"open","sticky":false,"template":"","format":"standard","meta":{"_et_pb_use_builder":"on","_et_pb_old_content":"","_et_gb_content_width":"","_jetpack_memberships_contains_paid_content":false,"footnotes":""},"categories":[37,1],"tags":[],"class_list":["post-37794","post","type-post","status-publish","format-standard","has-post-thumbnail","hentry","category-gastronomia","category-general"],"jetpack_featured_media_url":"https:\/\/i0.wp.com\/centrodeolivaryaceite.com\/wp-content\/uploads\/2019\/08\/Taller-de-cocina-sin-gluten-5.jpg?fit=2048%2C1365&ssl=1","jetpack_sharing_enabled":true,"jetpack_shortlink":"https:\/\/wp.me\/p95A9q-9PA","_links":{"self":[{"href":"https:\/\/centrodeolivaryaceite.com\/es\/wp-json\/wp\/v2\/posts\/37794\/"}],"collection":[{"href":"https:\/\/centrodeolivaryaceite.com\/es\/wp-json\/wp\/v2\/posts\/"}],"about":[{"href":"https:\/\/centrodeolivaryaceite.com\/es\/wp-json\/wp\/v2\/types\/post\/"}],"author":[{"embeddable":true,"href":"https:\/\/centrodeolivaryaceite.com\/es\/wp-json\/wp\/v2\/users\/1\/"}],"replies":[{"embeddable":true,"href":"https:\/\/centrodeolivaryaceite.com\/es\/wp-json\/wp\/v2\/comments\/?post=37794"}],"version-history":[{"count":0,"href":"https:\/\/centrodeolivaryaceite.com\/es\/wp-json\/wp\/v2\/posts\/37794\/revisions\/"}],"wp:featuredmedia":[{"embeddable":true,"href":"https:\/\/centrodeolivaryaceite.com\/es\/wp-json\/wp\/v2\/media\/37802\/"}],"wp:attachment":[{"href":"https:\/\/centrodeolivaryaceite.com\/es\/wp-json\/wp\/v2\/media\/?parent=37794"}],"wp:term":[{"taxonomy":"category","embeddable":true,"href":"https:\/\/centrodeolivaryaceite.com\/es\/wp-json\/wp\/v2\/categories\/?post=37794"},{"taxonomy":"post_tag","embeddable":true,"href":"https:\/\/centrodeolivaryaceite.com\/es\/wp-json\/wp\/v2\/tags\/?post=37794"}],"curies":[{"name":"wp","href":"https:\/\/api.w.org\/{rel}","templated":true}]}}