{"id":3802,"date":"2014-11-02T13:02:26","date_gmt":"2014-11-02T13:02:26","guid":{"rendered":"http:\/\/centrodeolivaryaceitelaloma.com\/copiablog\/?p=3802"},"modified":"2022-07-29T11:13:50","modified_gmt":"2022-07-29T11:13:50","slug":"presentacion-de-aceites-de-oliva-virgen-extra-de-nueva-cosecha-en-el-centro-de-interpretacion-olivar-y-aceite","status":"publish","type":"post","link":"https:\/\/centrodeolivaryaceite.com\/es\/presentacion-de-aceites-de-oliva-virgen-extra-de-nueva-cosecha-en-el-centro-de-interpretacion-olivar-y-aceite\/","title":{"rendered":"Presentaci\u00f3n de aceites de oliva virgen extra de nueva cosecha en el Centro de Interpretaci\u00f3n Olivar y Aceite"},"content":{"rendered":"<p>[et_pb_section fb_built=\u00bb1&#8243; fullwidth=\u00bbon\u00bb custom_padding_last_edited=\u00bbon|desktop\u00bb admin_label=\u00bbSecci\u00f3n\u00bb _builder_version=\u00bb3.22&#8243; background_color=\u00bb#ffffff\u00bb background_image=\u00bbhttp:\/\/centrodeolivaryaceite.com\/wp-content\/uploads\/2016\/06\/page_header_bg_blue.jpg\u00bb custom_padding_tablet=\u00bb50px|0|50px|0&#8243; transparent_background=\u00bboff\u00bb padding_mobile=\u00bboff\u00bb make_fullwidth=\u00bboff\u00bb use_custom_width=\u00bboff\u00bb width_unit=\u00bbon\u00bb global_module=\u00bb5294&#8243; locked=\u00bboff\u00bb collapsed=\u00bboff\u00bb global_colors_info=\u00bb{}\u00bb custom_padding_phone=\u00bb50px|0|50px|0&#8243;][et_pb_fullwidth_post_title meta=\u00bboff\u00bb featured_image=\u00bboff\u00bb text_color=\u00bblight\u00bb text_background=\u00bbon\u00bb text_bg_color=\u00bbrgba(28,28,28,0.43)\u00bb admin_label=\u00bbT\u00edtulo\u00bb _builder_version=\u00bb4.17.6&#8243; _module_preset=\u00bbdefault\u00bb title_font=\u00bbRoboto Light||||\u00bb title_font_size=\u00bb35px\u00bb title_all_caps=\u00bbon\u00bb background_color=\u00bbrgba(255,255,255,0)\u00bb parallax=\u00bbon\u00bb parallax_method=\u00bboff\u00bb text_orientation=\u00bbcenter\u00bb use_border_color=\u00bboff\u00bb border_color=\u00bb#ffffff\u00bb border_style=\u00bbsolid\u00bb parallax_effect=\u00bbon\u00bb module_bg_color=\u00bbrgba(255,255,255,0)\u00bb global_colors_info=\u00bb{}\u00bb][\/et_pb_fullwidth_post_title][\/et_pb_section][et_pb_section fb_built=\u00bb1&#8243; custom_padding_last_edited=\u00bbon|desktop\u00bb admin_label=\u00bbSecci\u00f3n\u00bb _builder_version=\u00bb4.16&#8243; background_color=\u00bb#ffffff\u00bb custom_padding=\u00bb10px|||\u00bb custom_padding_tablet=\u00bb50px|0|50px|0&#8243; transparent_background=\u00bboff\u00bb padding_mobile=\u00bboff\u00bb make_fullwidth=\u00bboff\u00bb use_custom_width=\u00bboff\u00bb width_unit=\u00bbon\u00bb global_colors_info=\u00bb{}\u00bb custom_padding_phone=\u00bb50px|0|50px|0&#8243;][et_pb_row padding_mobile=\u00bboff\u00bb column_padding_mobile=\u00bbon\u00bb admin_label=\u00bbFila\u00bb _builder_version=\u00bb4.16&#8243; background_size=\u00bbinitial\u00bb background_position=\u00bbtop_left\u00bb background_repeat=\u00bbrepeat\u00bb custom_padding=\u00bb10px|||\u00bb make_fullwidth=\u00bboff\u00bb use_custom_width=\u00bboff\u00bb width_unit=\u00bbon\u00bb global_colors_info=\u00bb{}\u00bb][et_pb_column type=\u00bb4_4&#8243; _builder_version=\u00bb4.16&#8243; custom_padding=\u00bb|||\u00bb global_colors_info=\u00bb{}\u00bb custom_padding__hover=\u00bb|||\u00bb][et_pb_post_title title=\u00bboff\u00bb admin_label=\u00bbT\u00edtulo de publicaci\u00f3n\u00bb _builder_version=\u00bb4.16&#8243; title_all_caps=\u00bboff\u00bb background_color=\u00bbrgba(255,255,255,0)\u00bb parallax=\u00bbon\u00bb parallax_method=\u00bboff\u00bb use_border_color=\u00bboff\u00bb border_color=\u00bb#ffffff\u00bb border_style=\u00bbsolid\u00bb parallax_effect=\u00bbon\u00bb module_bg_color=\u00bbrgba(255,255,255,0)\u00bb global_colors_info=\u00bb{}\u00bb] [\/et_pb_post_title][\/et_pb_column][\/et_pb_row][\/et_pb_section][et_pb_section fb_built=\u00bb1&#8243; specialty=\u00bbon\u00bb custom_padding_last_edited=\u00bbon|desktop\u00bb parallax_method_1=\u00bboff\u00bb parallax_method_2=\u00bboff\u00bb admin_label=\u00bbSecci\u00f3n\u00bb _builder_version=\u00bb4.16&#8243; background_color=\u00bb#ffffff\u00bb custom_padding=\u00bb10px|||\u00bb custom_padding_tablet=\u00bb50px|0|50px|0&#8243; transparent_background=\u00bboff\u00bb padding_mobile=\u00bboff\u00bb make_fullwidth=\u00bboff\u00bb use_custom_width=\u00bboff\u00bb width_unit=\u00bbon\u00bb global_colors_info=\u00bb{}\u00bb custom_padding_phone=\u00bb50px|0|50px|0&#8243;][et_pb_column type=\u00bb2_3&#8243; specialty_columns=\u00bb2&#8243; _builder_version=\u00bb4.16&#8243; custom_padding=\u00bb|||\u00bb global_colors_info=\u00bb{}\u00bb custom_padding__hover=\u00bb|||\u00bb][et_pb_row_inner padding_mobile=\u00bboff\u00bb column_padding_mobile=\u00bbon\u00bb admin_label=\u00bbFila\u00bb _builder_version=\u00bb4.16&#8243; custom_padding=\u00bb0px|||\u00bb global_colors_info=\u00bb{}\u00bb][et_pb_column_inner saved_specialty_column_type=\u00bb2_3&#8243; _builder_version=\u00bb4.16&#8243; custom_padding=\u00bb|||\u00bb global_colors_info=\u00bb{}\u00bb custom_padding__hover=\u00bb|||\u00bb][et_pb_text admin_label=\u00bbText\u00bb _builder_version=\u00bb4.16&#8243; background_size=\u00bbinitial\u00bb background_position=\u00bbtop_left\u00bb background_repeat=\u00bbrepeat\u00bb global_colors_info=\u00bb{}\u00bb]El Centro de Interpretaci\u00f3n Olivar y Aceite acogi\u00f3 el pasado\u00a0viernes 31 de octubre la presentaci\u00f3n de los aceites de oliva virgen extra de recolecci\u00f3n temprana, de la nueva campa\u00f1a, elaborados con aceitunas principalmente verdes recogidas durante el mes de octubre y con un esmerado proceso desde el \u00e1rbol hasta la botella.<\/p>\n<p>Aceites de oliva virgen extra, de la m\u00e1xima calidad, pertenecientes a 16 empresas que forman parte de la Asociaci\u00f3n Olivar y Aceite provincia de Ja\u00e9n, gestora del centro, fueron las encargadas de deleitarnos con sus nuevos productos. En total 16\u00a0marcas fueron las que presentaron sus AOVEs:\u00a0Pradolivo, Cortijo Spiritu Santo La Carrera, Pagos de Toral, Claramunt ,Corona del Condado, Puerta de Las Villas, Nobleza del Sur, Olvero, Tierras de Tavara, \u00d1 Organic, Ole\u00edcola Ja\u00e9n, Cortijo la Torre, Jaencoop , Sierra de G\u00e9nave y Elizondo\u00a0.<\/p>\n<p>De manera gratuita, los asistentes tuvieron la la\u00a0oportunidad\u00a0de catar, degustar y saborear los primeros aceites de diferentes variedades, picual, arbequina y frantoio. Zumos j\u00f3venes, intensos, fragantes, muy frutados y con mucho car\u00e1cter, que hicieron que los presentes disfrutaran de una sinfon\u00eda de sabores y olores gracias a unos aceites frutados intensos, que recuerdan a fruta verde, \u00a0hoja de olivo e hierba reci\u00e9n cortada, con picor y amargor medio, resultando muy equilibrados y persistentes. Aromas a la alcachofa, la c\u00e1scara de pl\u00e1tano y la almendra verde, as\u00ed como la tomatera, tambi\u00e9n patentes en su olor inundaron nuestro precioso museo con estas maravillosas fragancias.<\/p>\n<p>Paralelamente se pudieron degustar diferentes elaboraciones y platos realizados con los diferentes AOVEs que participaron en el evento. Recetas tales como crema parmentier, piruletas de chocolate, salmorejo o ensalada de bacalao. A medida que los visitantes pasaban por cada uno de los stands, pod\u00edan ir comparando como maridaban los diferentes platos en funci\u00f3n de si se utilizaba un aceite u otro. Este fue otro disfrute m\u00e1s de aquellos que decidieron acercarse a compartir esta experiencia \u00fanica que son los AOVEs de nueva campa\u00f1a.<\/p>\n<p>Desde el Centro de Interpretaci\u00f3n Olivar y Aceite se destaca la gran calidad de estos aceites de\u00a0alta\u00a0gama, as\u00ed como sus matices sensoriales, considerados \u00abun lujo para los sentidos\u00bb. El objetivo de esta actividad fue divulgar la cultura del aceite de oliva virgen extra de calidad.\u00a0Diecis\u00e9is marcas de aceite de excelente calidad, para disfrutar de una \u00a0experiencia sensorial \u00fanica en el Centro de Interpretaci\u00f3n de manera gratuita y amena.<\/p>\n<p><div class=\"tiled-gallery type-rectangular tiled-gallery-unresized\" data-original-width=\"1080\" data-carousel-extra='{&quot;blog_id&quot;:1,&quot;permalink&quot;:&quot;https:\\\/\\\/centrodeolivaryaceite.com\\\/es\\\/presentacion-de-aceites-de-oliva-virgen-extra-de-nueva-cosecha-en-el-centro-de-interpretacion-olivar-y-aceite\\\/&quot;,&quot;likes_blog_id&quot;:134317632}' itemscope itemtype=\"http:\/\/schema.org\/ImageGallery\" > <div class=\"gallery-row\" style=\"width: 1080px; height: 720px;\" data-original-width=\"1080\" data-original-height=\"720\" > <div class=\"gallery-group images-1\" style=\"width: 720px; height: 720px;\" data-original-width=\"720\" data-original-height=\"720\" > <div class=\"tiled-gallery-item tiled-gallery-item-large\" itemprop=\"associatedMedia\" itemscope itemtype=\"http:\/\/schema.org\/ImageObject\"> <a href=\"https:\/\/centrodeolivaryaceite.com\/es\/presentacion-de-aceites-de-oliva-virgen-extra-de-nueva-cosecha-en-el-centro-de-interpretacion-olivar-y-aceite\/samsung-camera-pictures-44\/\" border=\"0\" itemprop=\"url\"> <meta itemprop=\"width\" content=\"716\"> <meta itemprop=\"height\" content=\"716\"> <img decoding=\"async\" class=\"\" data-attachment-id=\"3803\" data-orig-file=\"https:\/\/centrodeolivaryaceite.com\/wp-content\/uploads\/2014\/11\/6.jpg\" data-orig-size=\"336,336\" data-comments-opened=\"1\" data-image-meta=\"{&quot;aperture&quot;:&quot;3.2&quot;,&quot;credit&quot;:&quot;&quot;,&quot;camera&quot;:&quot;WB200F\\\/WB201F\\\/WB202F&quot;,&quot;caption&quot;:&quot;SAMSUNG CAMERA PICTURES&quot;,&quot;created_timestamp&quot;:&quot;1414779094&quot;,&quot;copyright&quot;:&quot;Copyright 2012&quot;,&quot;focal_length&quot;:&quot;4&quot;,&quot;iso&quot;:&quot;80&quot;,&quot;shutter_speed&quot;:&quot;0.008&quot;,&quot;title&quot;:&quot;SAMSUNG CAMERA PICTURES&quot;,&quot;orientation&quot;:&quot;1&quot;}\" data-image-title=\"Presentaci\u00f3n de AOVEs\" data-image-description=\"\" data-medium-file=\"https:\/\/i0.wp.com\/centrodeolivaryaceite.com\/wp-content\/uploads\/2014\/11\/6.jpg?fit=300%2C300&#038;ssl=1\" data-large-file=\"https:\/\/i0.wp.com\/centrodeolivaryaceite.com\/wp-content\/uploads\/2014\/11\/6.jpg?fit=336%2C336&#038;ssl=1\" src=\"https:\/\/i0.wp.com\/centrodeolivaryaceite.com\/wp-content\/uploads\/2014\/11\/6.jpg?w=716&#038;h=716&#038;crop=1&#038;ssl=1\" srcset=\"https:\/\/i0.wp.com\/centrodeolivaryaceite.com\/wp-content\/uploads\/2014\/11\/6.jpg?w=336&amp;ssl=1 336w, https:\/\/i0.wp.com\/centrodeolivaryaceite.com\/wp-content\/uploads\/2014\/11\/6.jpg?resize=300%2C300&amp;ssl=1 300w, https:\/\/i0.wp.com\/centrodeolivaryaceite.com\/wp-content\/uploads\/2014\/11\/6.jpg?resize=150%2C150&amp;ssl=1 150w\" width=\"716\" height=\"716\" loading=\"lazy\" data-original-width=\"716\" data-original-height=\"716\" itemprop=\"http:\/\/schema.org\/image\" title=\"Presentaci\u00f3n de AOVEs\" alt=\"Ole\u00edcola Ja\u00e9n\" style=\"width: 716px; height: 716px;\" \/> <\/a> <\/div> <\/div> <!-- close group --> <div class=\"gallery-group images-2\" style=\"width: 360px; height: 720px;\" data-original-width=\"360\" data-original-height=\"720\" > <div class=\"tiled-gallery-item tiled-gallery-item-large\" itemprop=\"associatedMedia\" itemscope itemtype=\"http:\/\/schema.org\/ImageObject\"> <a href=\"https:\/\/centrodeolivaryaceite.com\/es\/presentacion-de-aceites-de-oliva-virgen-extra-de-nueva-cosecha-en-el-centro-de-interpretacion-olivar-y-aceite\/samsung-camera-pictures-45\/\" border=\"0\" itemprop=\"url\"> <meta itemprop=\"width\" content=\"356\"> <meta itemprop=\"height\" content=\"356\"> <img decoding=\"async\" class=\"\" data-attachment-id=\"3804\" data-orig-file=\"https:\/\/centrodeolivaryaceite.com\/wp-content\/uploads\/2014\/11\/7.jpg\" data-orig-size=\"336,336\" data-comments-opened=\"1\" data-image-meta=\"{&quot;aperture&quot;:&quot;3.2&quot;,&quot;credit&quot;:&quot;&quot;,&quot;camera&quot;:&quot;WB200F\\\/WB201F\\\/WB202F&quot;,&quot;caption&quot;:&quot;SAMSUNG CAMERA PICTURES&quot;,&quot;created_timestamp&quot;:&quot;1414779144&quot;,&quot;copyright&quot;:&quot;Copyright 2012&quot;,&quot;focal_length&quot;:&quot;4&quot;,&quot;iso&quot;:&quot;80&quot;,&quot;shutter_speed&quot;:&quot;0.016666666666667&quot;,&quot;title&quot;:&quot;SAMSUNG CAMERA PICTURES&quot;,&quot;orientation&quot;:&quot;1&quot;}\" data-image-title=\"Presentaci\u00f3n de AOVEs\" data-image-description=\"\" data-medium-file=\"https:\/\/i0.wp.com\/centrodeolivaryaceite.com\/wp-content\/uploads\/2014\/11\/7.jpg?fit=300%2C300&#038;ssl=1\" data-large-file=\"https:\/\/i0.wp.com\/centrodeolivaryaceite.com\/wp-content\/uploads\/2014\/11\/7.jpg?fit=336%2C336&#038;ssl=1\" src=\"https:\/\/i0.wp.com\/centrodeolivaryaceite.com\/wp-content\/uploads\/2014\/11\/7.jpg?w=356&#038;h=356&#038;crop=1&#038;ssl=1\" srcset=\"https:\/\/i0.wp.com\/centrodeolivaryaceite.com\/wp-content\/uploads\/2014\/11\/7.jpg?w=336&amp;ssl=1 336w, https:\/\/i0.wp.com\/centrodeolivaryaceite.com\/wp-content\/uploads\/2014\/11\/7.jpg?resize=300%2C300&amp;ssl=1 300w, https:\/\/i0.wp.com\/centrodeolivaryaceite.com\/wp-content\/uploads\/2014\/11\/7.jpg?resize=150%2C150&amp;ssl=1 150w\" width=\"356\" height=\"356\" loading=\"lazy\" data-original-width=\"356\" data-original-height=\"356\" itemprop=\"http:\/\/schema.org\/image\" title=\"Presentaci\u00f3n de AOVEs\" alt=\"Olvero\" style=\"width: 356px; height: 356px;\" \/> <\/a> <\/div> <div class=\"tiled-gallery-item tiled-gallery-item-large\" itemprop=\"associatedMedia\" itemscope itemtype=\"http:\/\/schema.org\/ImageObject\"> <a href=\"https:\/\/centrodeolivaryaceite.com\/es\/presentacion-de-aceites-de-oliva-virgen-extra-de-nueva-cosecha-en-el-centro-de-interpretacion-olivar-y-aceite\/samsung-camera-pictures-46\/\" border=\"0\" itemprop=\"url\"> <meta itemprop=\"width\" content=\"356\"> <meta itemprop=\"height\" content=\"356\"> <img decoding=\"async\" class=\"\" data-attachment-id=\"3805\" data-orig-file=\"https:\/\/centrodeolivaryaceite.com\/wp-content\/uploads\/2014\/11\/8.jpg\" data-orig-size=\"336,336\" data-comments-opened=\"1\" data-image-meta=\"{&quot;aperture&quot;:&quot;3.2&quot;,&quot;credit&quot;:&quot;&quot;,&quot;camera&quot;:&quot;WB200F\\\/WB201F\\\/WB202F&quot;,&quot;caption&quot;:&quot;SAMSUNG CAMERA PICTURES&quot;,&quot;created_timestamp&quot;:&quot;1414779156&quot;,&quot;copyright&quot;:&quot;Copyright 2012&quot;,&quot;focal_length&quot;:&quot;4&quot;,&quot;iso&quot;:&quot;80&quot;,&quot;shutter_speed&quot;:&quot;0.016666666666667&quot;,&quot;title&quot;:&quot;SAMSUNG CAMERA PICTURES&quot;,&quot;orientation&quot;:&quot;1&quot;}\" data-image-title=\"Presentaci\u00f3n de AOVEs\" data-image-description=\"\" data-medium-file=\"https:\/\/i0.wp.com\/centrodeolivaryaceite.com\/wp-content\/uploads\/2014\/11\/8.jpg?fit=300%2C300&#038;ssl=1\" data-large-file=\"https:\/\/i0.wp.com\/centrodeolivaryaceite.com\/wp-content\/uploads\/2014\/11\/8.jpg?fit=336%2C336&#038;ssl=1\" src=\"https:\/\/i0.wp.com\/centrodeolivaryaceite.com\/wp-content\/uploads\/2014\/11\/8.jpg?w=356&#038;h=356&#038;crop=1&#038;ssl=1\" srcset=\"https:\/\/i0.wp.com\/centrodeolivaryaceite.com\/wp-content\/uploads\/2014\/11\/8.jpg?w=336&amp;ssl=1 336w, https:\/\/i0.wp.com\/centrodeolivaryaceite.com\/wp-content\/uploads\/2014\/11\/8.jpg?resize=300%2C300&amp;ssl=1 300w, https:\/\/i0.wp.com\/centrodeolivaryaceite.com\/wp-content\/uploads\/2014\/11\/8.jpg?resize=150%2C150&amp;ssl=1 150w\" width=\"356\" height=\"356\" loading=\"lazy\" data-original-width=\"356\" data-original-height=\"356\" itemprop=\"http:\/\/schema.org\/image\" title=\"Presentaci\u00f3n de AOVEs\" alt=\"Productores\" style=\"width: 356px; height: 356px;\" \/> <\/a> <\/div> <\/div> <!-- close group --> <\/div> <!-- close row --> <div class=\"gallery-row\" style=\"width: 1080px; height: 360px;\" data-original-width=\"1080\" data-original-height=\"360\" > <div class=\"gallery-group images-1\" style=\"width: 360px; height: 360px;\" data-original-width=\"360\" data-original-height=\"360\" > <div class=\"tiled-gallery-item tiled-gallery-item-large\" itemprop=\"associatedMedia\" itemscope itemtype=\"http:\/\/schema.org\/ImageObject\"> <a href=\"https:\/\/centrodeolivaryaceite.com\/es\/presentacion-de-aceites-de-oliva-virgen-extra-de-nueva-cosecha-en-el-centro-de-interpretacion-olivar-y-aceite\/samsung-camera-pictures-47\/\" border=\"0\" itemprop=\"url\"> <meta itemprop=\"width\" content=\"356\"> <meta itemprop=\"height\" content=\"356\"> <img decoding=\"async\" class=\"\" data-attachment-id=\"3806\" data-orig-file=\"https:\/\/centrodeolivaryaceite.com\/wp-content\/uploads\/2014\/11\/9.jpg\" data-orig-size=\"336,336\" data-comments-opened=\"1\" data-image-meta=\"{&quot;aperture&quot;:&quot;3.2&quot;,&quot;credit&quot;:&quot;&quot;,&quot;camera&quot;:&quot;WB200F\\\/WB201F\\\/WB202F&quot;,&quot;caption&quot;:&quot;SAMSUNG CAMERA PICTURES&quot;,&quot;created_timestamp&quot;:&quot;1414779165&quot;,&quot;copyright&quot;:&quot;Copyright 2012&quot;,&quot;focal_length&quot;:&quot;4&quot;,&quot;iso&quot;:&quot;80&quot;,&quot;shutter_speed&quot;:&quot;0.011111111111111&quot;,&quot;title&quot;:&quot;SAMSUNG CAMERA PICTURES&quot;,&quot;orientation&quot;:&quot;1&quot;}\" data-image-title=\"Presentaci\u00f3n de AOVEs\" data-image-description=\"\" data-medium-file=\"https:\/\/i0.wp.com\/centrodeolivaryaceite.com\/wp-content\/uploads\/2014\/11\/9.jpg?fit=300%2C300&#038;ssl=1\" data-large-file=\"https:\/\/i0.wp.com\/centrodeolivaryaceite.com\/wp-content\/uploads\/2014\/11\/9.jpg?fit=336%2C336&#038;ssl=1\" src=\"https:\/\/i0.wp.com\/centrodeolivaryaceite.com\/wp-content\/uploads\/2014\/11\/9.jpg?w=356&#038;h=356&#038;crop=1&#038;ssl=1\" srcset=\"https:\/\/i0.wp.com\/centrodeolivaryaceite.com\/wp-content\/uploads\/2014\/11\/9.jpg?w=336&amp;ssl=1 336w, https:\/\/i0.wp.com\/centrodeolivaryaceite.com\/wp-content\/uploads\/2014\/11\/9.jpg?resize=300%2C300&amp;ssl=1 300w, https:\/\/i0.wp.com\/centrodeolivaryaceite.com\/wp-content\/uploads\/2014\/11\/9.jpg?resize=150%2C150&amp;ssl=1 150w\" width=\"356\" height=\"356\" loading=\"lazy\" data-original-width=\"356\" data-original-height=\"356\" itemprop=\"http:\/\/schema.org\/image\" title=\"Presentaci\u00f3n de AOVEs\" alt=\"Poniendo aceite\" style=\"width: 356px; height: 356px;\" \/> <\/a> <\/div> <\/div> <!-- close group --> <div class=\"gallery-group images-1\" style=\"width: 360px; height: 360px;\" data-original-width=\"360\" data-original-height=\"360\" > <div class=\"tiled-gallery-item tiled-gallery-item-large\" itemprop=\"associatedMedia\" itemscope itemtype=\"http:\/\/schema.org\/ImageObject\"> <a href=\"https:\/\/centrodeolivaryaceite.com\/es\/presentacion-de-aceites-de-oliva-virgen-extra-de-nueva-cosecha-en-el-centro-de-interpretacion-olivar-y-aceite\/samsung-camera-pictures-48\/\" border=\"0\" itemprop=\"url\"> <meta itemprop=\"width\" content=\"356\"> <meta itemprop=\"height\" content=\"356\"> <img decoding=\"async\" class=\"\" data-attachment-id=\"3807\" data-orig-file=\"https:\/\/centrodeolivaryaceite.com\/wp-content\/uploads\/2014\/11\/10.jpg\" data-orig-size=\"336,336\" data-comments-opened=\"1\" data-image-meta=\"{&quot;aperture&quot;:&quot;3.2&quot;,&quot;credit&quot;:&quot;&quot;,&quot;camera&quot;:&quot;WB200F\\\/WB201F\\\/WB202F&quot;,&quot;caption&quot;:&quot;SAMSUNG CAMERA PICTURES&quot;,&quot;created_timestamp&quot;:&quot;1414779177&quot;,&quot;copyright&quot;:&quot;Copyright 2012&quot;,&quot;focal_length&quot;:&quot;4&quot;,&quot;iso&quot;:&quot;80&quot;,&quot;shutter_speed&quot;:&quot;0.008&quot;,&quot;title&quot;:&quot;SAMSUNG CAMERA PICTURES&quot;,&quot;orientation&quot;:&quot;1&quot;}\" data-image-title=\"Presentaci\u00f3n de AOVEs\" data-image-description=\"\" data-medium-file=\"https:\/\/i0.wp.com\/centrodeolivaryaceite.com\/wp-content\/uploads\/2014\/11\/10.jpg?fit=300%2C300&#038;ssl=1\" data-large-file=\"https:\/\/i0.wp.com\/centrodeolivaryaceite.com\/wp-content\/uploads\/2014\/11\/10.jpg?fit=336%2C336&#038;ssl=1\" src=\"https:\/\/i0.wp.com\/centrodeolivaryaceite.com\/wp-content\/uploads\/2014\/11\/10.jpg?w=356&#038;h=356&#038;crop=1&#038;ssl=1\" srcset=\"https:\/\/i0.wp.com\/centrodeolivaryaceite.com\/wp-content\/uploads\/2014\/11\/10.jpg?w=336&amp;ssl=1 336w, https:\/\/i0.wp.com\/centrodeolivaryaceite.com\/wp-content\/uploads\/2014\/11\/10.jpg?resize=300%2C300&amp;ssl=1 300w, https:\/\/i0.wp.com\/centrodeolivaryaceite.com\/wp-content\/uploads\/2014\/11\/10.jpg?resize=150%2C150&amp;ssl=1 150w\" width=\"356\" height=\"356\" loading=\"lazy\" data-original-width=\"356\" data-original-height=\"356\" itemprop=\"http:\/\/schema.org\/image\" title=\"Presentaci\u00f3n de AOVEs\" alt=\"Asistentes\" style=\"width: 356px; height: 356px;\" \/> <\/a> <\/div> <\/div> <!-- close group --> <div class=\"gallery-group images-1\" style=\"width: 360px; height: 360px;\" data-original-width=\"360\" data-original-height=\"360\" > <div class=\"tiled-gallery-item tiled-gallery-item-large\" itemprop=\"associatedMedia\" itemscope itemtype=\"http:\/\/schema.org\/ImageObject\"> <a href=\"https:\/\/centrodeolivaryaceite.com\/es\/presentacion-de-aceites-de-oliva-virgen-extra-de-nueva-cosecha-en-el-centro-de-interpretacion-olivar-y-aceite\/samsung-camera-pictures-49\/\" border=\"0\" itemprop=\"url\"> <meta itemprop=\"width\" content=\"356\"> <meta itemprop=\"height\" content=\"356\"> <img decoding=\"async\" class=\"\" data-attachment-id=\"3808\" data-orig-file=\"https:\/\/centrodeolivaryaceite.com\/wp-content\/uploads\/2014\/11\/11.jpg\" data-orig-size=\"336,336\" data-comments-opened=\"1\" data-image-meta=\"{&quot;aperture&quot;:&quot;3.2&quot;,&quot;credit&quot;:&quot;&quot;,&quot;camera&quot;:&quot;WB200F\\\/WB201F\\\/WB202F&quot;,&quot;caption&quot;:&quot;SAMSUNG CAMERA PICTURES&quot;,&quot;created_timestamp&quot;:&quot;1414779205&quot;,&quot;copyright&quot;:&quot;Copyright 2012&quot;,&quot;focal_length&quot;:&quot;4&quot;,&quot;iso&quot;:&quot;80&quot;,&quot;shutter_speed&quot;:&quot;0.016666666666667&quot;,&quot;title&quot;:&quot;SAMSUNG CAMERA PICTURES&quot;,&quot;orientation&quot;:&quot;1&quot;}\" data-image-title=\"Presentaci\u00f3n de AOVEs\" data-image-description=\"\" data-medium-file=\"https:\/\/i0.wp.com\/centrodeolivaryaceite.com\/wp-content\/uploads\/2014\/11\/11.jpg?fit=300%2C300&#038;ssl=1\" data-large-file=\"https:\/\/i0.wp.com\/centrodeolivaryaceite.com\/wp-content\/uploads\/2014\/11\/11.jpg?fit=336%2C336&#038;ssl=1\" src=\"https:\/\/i0.wp.com\/centrodeolivaryaceite.com\/wp-content\/uploads\/2014\/11\/11.jpg?w=356&#038;h=356&#038;crop=1&#038;ssl=1\" srcset=\"https:\/\/i0.wp.com\/centrodeolivaryaceite.com\/wp-content\/uploads\/2014\/11\/11.jpg?w=336&amp;ssl=1 336w, https:\/\/i0.wp.com\/centrodeolivaryaceite.com\/wp-content\/uploads\/2014\/11\/11.jpg?resize=300%2C300&amp;ssl=1 300w, https:\/\/i0.wp.com\/centrodeolivaryaceite.com\/wp-content\/uploads\/2014\/11\/11.jpg?resize=150%2C150&amp;ssl=1 150w\" width=\"356\" height=\"356\" loading=\"lazy\" data-original-width=\"356\" data-original-height=\"356\" itemprop=\"http:\/\/schema.org\/image\" title=\"Presentaci\u00f3n de AOVEs\" alt=\"muralla\" style=\"width: 356px; height: 356px;\" \/> <\/a> <\/div> <\/div> <!-- close group --> <\/div> <!-- close row --> <div class=\"gallery-row\" style=\"width: 1080px; height: 720px;\" data-original-width=\"1080\" data-original-height=\"720\" > <div class=\"gallery-group images-2\" style=\"width: 360px; height: 720px;\" data-original-width=\"360\" data-original-height=\"720\" > <div class=\"tiled-gallery-item tiled-gallery-item-large\" itemprop=\"associatedMedia\" itemscope itemtype=\"http:\/\/schema.org\/ImageObject\"> <a href=\"https:\/\/centrodeolivaryaceite.com\/es\/presentacion-de-aceites-de-oliva-virgen-extra-de-nueva-cosecha-en-el-centro-de-interpretacion-olivar-y-aceite\/samsung-camera-pictures-50\/\" border=\"0\" itemprop=\"url\"> <meta itemprop=\"width\" content=\"356\"> <meta itemprop=\"height\" content=\"356\"> <img decoding=\"async\" class=\"\" data-attachment-id=\"3809\" data-orig-file=\"https:\/\/centrodeolivaryaceite.com\/wp-content\/uploads\/2014\/11\/12.jpg\" data-orig-size=\"336,336\" data-comments-opened=\"1\" data-image-meta=\"{&quot;aperture&quot;:&quot;3.2&quot;,&quot;credit&quot;:&quot;&quot;,&quot;camera&quot;:&quot;WB200F\\\/WB201F\\\/WB202F&quot;,&quot;caption&quot;:&quot;SAMSUNG CAMERA PICTURES&quot;,&quot;created_timestamp&quot;:&quot;1414779213&quot;,&quot;copyright&quot;:&quot;Copyright 2012&quot;,&quot;focal_length&quot;:&quot;4&quot;,&quot;iso&quot;:&quot;80&quot;,&quot;shutter_speed&quot;:&quot;0.011111111111111&quot;,&quot;title&quot;:&quot;SAMSUNG CAMERA PICTURES&quot;,&quot;orientation&quot;:&quot;1&quot;}\" data-image-title=\"Presentaci\u00f3n de AOVEs\" data-image-description=\"\" data-medium-file=\"https:\/\/i0.wp.com\/centrodeolivaryaceite.com\/wp-content\/uploads\/2014\/11\/12.jpg?fit=300%2C300&#038;ssl=1\" data-large-file=\"https:\/\/i0.wp.com\/centrodeolivaryaceite.com\/wp-content\/uploads\/2014\/11\/12.jpg?fit=336%2C336&#038;ssl=1\" src=\"https:\/\/i0.wp.com\/centrodeolivaryaceite.com\/wp-content\/uploads\/2014\/11\/12.jpg?w=356&#038;h=356&#038;crop=1&#038;ssl=1\" srcset=\"https:\/\/i0.wp.com\/centrodeolivaryaceite.com\/wp-content\/uploads\/2014\/11\/12.jpg?w=336&amp;ssl=1 336w, https:\/\/i0.wp.com\/centrodeolivaryaceite.com\/wp-content\/uploads\/2014\/11\/12.jpg?resize=300%2C300&amp;ssl=1 300w, https:\/\/i0.wp.com\/centrodeolivaryaceite.com\/wp-content\/uploads\/2014\/11\/12.jpg?resize=150%2C150&amp;ssl=1 150w\" width=\"356\" height=\"356\" loading=\"lazy\" data-original-width=\"356\" data-original-height=\"356\" itemprop=\"http:\/\/schema.org\/image\" title=\"Presentaci\u00f3n de AOVEs\" alt=\"Foto de productoras\" style=\"width: 356px; height: 356px;\" \/> <\/a> <\/div> <div class=\"tiled-gallery-item tiled-gallery-item-large\" itemprop=\"associatedMedia\" itemscope itemtype=\"http:\/\/schema.org\/ImageObject\"> <a href=\"https:\/\/centrodeolivaryaceite.com\/es\/presentacion-de-aceites-de-oliva-virgen-extra-de-nueva-cosecha-en-el-centro-de-interpretacion-olivar-y-aceite\/samsung-camera-pictures-51\/\" border=\"0\" itemprop=\"url\"> <meta itemprop=\"width\" content=\"356\"> <meta itemprop=\"height\" content=\"356\"> <img decoding=\"async\" class=\"\" data-attachment-id=\"3810\" data-orig-file=\"https:\/\/centrodeolivaryaceite.com\/wp-content\/uploads\/2014\/11\/13.jpg\" data-orig-size=\"336,336\" data-comments-opened=\"1\" data-image-meta=\"{&quot;aperture&quot;:&quot;3.2&quot;,&quot;credit&quot;:&quot;&quot;,&quot;camera&quot;:&quot;WB200F\\\/WB201F\\\/WB202F&quot;,&quot;caption&quot;:&quot;SAMSUNG CAMERA PICTURES&quot;,&quot;created_timestamp&quot;:&quot;1414779258&quot;,&quot;copyright&quot;:&quot;Copyright 2012&quot;,&quot;focal_length&quot;:&quot;4&quot;,&quot;iso&quot;:&quot;80&quot;,&quot;shutter_speed&quot;:&quot;0.008&quot;,&quot;title&quot;:&quot;SAMSUNG CAMERA PICTURES&quot;,&quot;orientation&quot;:&quot;1&quot;}\" data-image-title=\"Presentaci\u00f3n de AOVEs\" data-image-description=\"\" data-medium-file=\"https:\/\/i0.wp.com\/centrodeolivaryaceite.com\/wp-content\/uploads\/2014\/11\/13.jpg?fit=300%2C300&#038;ssl=1\" data-large-file=\"https:\/\/i0.wp.com\/centrodeolivaryaceite.com\/wp-content\/uploads\/2014\/11\/13.jpg?fit=336%2C336&#038;ssl=1\" src=\"https:\/\/i0.wp.com\/centrodeolivaryaceite.com\/wp-content\/uploads\/2014\/11\/13.jpg?w=356&#038;h=356&#038;crop=1&#038;ssl=1\" srcset=\"https:\/\/i0.wp.com\/centrodeolivaryaceite.com\/wp-content\/uploads\/2014\/11\/13.jpg?w=336&amp;ssl=1 336w, https:\/\/i0.wp.com\/centrodeolivaryaceite.com\/wp-content\/uploads\/2014\/11\/13.jpg?resize=300%2C300&amp;ssl=1 300w, https:\/\/i0.wp.com\/centrodeolivaryaceite.com\/wp-content\/uploads\/2014\/11\/13.jpg?resize=150%2C150&amp;ssl=1 150w\" width=\"356\" height=\"356\" loading=\"lazy\" data-original-width=\"356\" data-original-height=\"356\" itemprop=\"http:\/\/schema.org\/image\" title=\"Presentaci\u00f3n de AOVEs\" alt=\"Elizondo\" style=\"width: 356px; height: 356px;\" \/> <\/a> <\/div> <\/div> <!-- close group --> <div class=\"gallery-group images-1\" style=\"width: 720px; height: 720px;\" data-original-width=\"720\" data-original-height=\"720\" > <div class=\"tiled-gallery-item tiled-gallery-item-large\" itemprop=\"associatedMedia\" itemscope itemtype=\"http:\/\/schema.org\/ImageObject\"> <a href=\"https:\/\/centrodeolivaryaceite.com\/es\/presentacion-de-aceites-de-oliva-virgen-extra-de-nueva-cosecha-en-el-centro-de-interpretacion-olivar-y-aceite\/samsung-camera-pictures-52\/\" border=\"0\" itemprop=\"url\"> <meta itemprop=\"width\" content=\"716\"> <meta itemprop=\"height\" content=\"716\"> <img decoding=\"async\" class=\"\" data-attachment-id=\"3811\" data-orig-file=\"https:\/\/centrodeolivaryaceite.com\/wp-content\/uploads\/2014\/11\/14.jpg\" data-orig-size=\"336,336\" data-comments-opened=\"1\" data-image-meta=\"{&quot;aperture&quot;:&quot;3.2&quot;,&quot;credit&quot;:&quot;&quot;,&quot;camera&quot;:&quot;WB200F\\\/WB201F\\\/WB202F&quot;,&quot;caption&quot;:&quot;SAMSUNG CAMERA PICTURES&quot;,&quot;created_timestamp&quot;:&quot;1414779283&quot;,&quot;copyright&quot;:&quot;Copyright 2012&quot;,&quot;focal_length&quot;:&quot;4&quot;,&quot;iso&quot;:&quot;80&quot;,&quot;shutter_speed&quot;:&quot;0.0055555555555556&quot;,&quot;title&quot;:&quot;SAMSUNG CAMERA PICTURES&quot;,&quot;orientation&quot;:&quot;1&quot;}\" data-image-title=\"Presentaci\u00f3n de AOVEs\" data-image-description=\"\" data-medium-file=\"https:\/\/i0.wp.com\/centrodeolivaryaceite.com\/wp-content\/uploads\/2014\/11\/14.jpg?fit=300%2C300&#038;ssl=1\" data-large-file=\"https:\/\/i0.wp.com\/centrodeolivaryaceite.com\/wp-content\/uploads\/2014\/11\/14.jpg?fit=336%2C336&#038;ssl=1\" src=\"https:\/\/i0.wp.com\/centrodeolivaryaceite.com\/wp-content\/uploads\/2014\/11\/14.jpg?w=716&#038;h=716&#038;crop=1&#038;ssl=1\" srcset=\"https:\/\/i0.wp.com\/centrodeolivaryaceite.com\/wp-content\/uploads\/2014\/11\/14.jpg?w=336&amp;ssl=1 336w, https:\/\/i0.wp.com\/centrodeolivaryaceite.com\/wp-content\/uploads\/2014\/11\/14.jpg?resize=300%2C300&amp;ssl=1 300w, https:\/\/i0.wp.com\/centrodeolivaryaceite.com\/wp-content\/uploads\/2014\/11\/14.jpg?resize=150%2C150&amp;ssl=1 150w\" width=\"716\" height=\"716\" loading=\"lazy\" data-original-width=\"716\" data-original-height=\"716\" itemprop=\"http:\/\/schema.org\/image\" title=\"Presentaci\u00f3n de AOVEs\" alt=\"Copas\" style=\"width: 716px; height: 716px;\" \/> <\/a> <\/div> <\/div> <!-- close group --> <\/div> <!-- close row --> <div class=\"gallery-row\" style=\"width: 1080px; height: 540px;\" data-original-width=\"1080\" data-original-height=\"540\" > <div class=\"gallery-group images-1\" style=\"width: 540px; height: 540px;\" data-original-width=\"540\" data-original-height=\"540\" > <div class=\"tiled-gallery-item tiled-gallery-item-large\" itemprop=\"associatedMedia\" itemscope itemtype=\"http:\/\/schema.org\/ImageObject\"> <a href=\"https:\/\/centrodeolivaryaceite.com\/es\/presentacion-de-aceites-de-oliva-virgen-extra-de-nueva-cosecha-en-el-centro-de-interpretacion-olivar-y-aceite\/samsung-camera-pictures-53\/\" border=\"0\" itemprop=\"url\"> <meta itemprop=\"width\" content=\"536\"> <meta itemprop=\"height\" content=\"536\"> <img decoding=\"async\" class=\"\" data-attachment-id=\"3812\" data-orig-file=\"https:\/\/centrodeolivaryaceite.com\/wp-content\/uploads\/2014\/11\/15.jpg\" data-orig-size=\"336,336\" data-comments-opened=\"1\" data-image-meta=\"{&quot;aperture&quot;:&quot;3.2&quot;,&quot;credit&quot;:&quot;&quot;,&quot;camera&quot;:&quot;WB200F\\\/WB201F\\\/WB202F&quot;,&quot;caption&quot;:&quot;SAMSUNG CAMERA PICTURES&quot;,&quot;created_timestamp&quot;:&quot;1414779305&quot;,&quot;copyright&quot;:&quot;Copyright 2012&quot;,&quot;focal_length&quot;:&quot;4&quot;,&quot;iso&quot;:&quot;80&quot;,&quot;shutter_speed&quot;:&quot;0.016666666666667&quot;,&quot;title&quot;:&quot;SAMSUNG CAMERA PICTURES&quot;,&quot;orientation&quot;:&quot;1&quot;}\" data-image-title=\"Presentaci\u00f3n de AOVEs\" data-image-description=\"\" data-medium-file=\"https:\/\/i0.wp.com\/centrodeolivaryaceite.com\/wp-content\/uploads\/2014\/11\/15.jpg?fit=300%2C300&#038;ssl=1\" data-large-file=\"https:\/\/i0.wp.com\/centrodeolivaryaceite.com\/wp-content\/uploads\/2014\/11\/15.jpg?fit=336%2C336&#038;ssl=1\" src=\"https:\/\/i0.wp.com\/centrodeolivaryaceite.com\/wp-content\/uploads\/2014\/11\/15.jpg?w=536&#038;h=536&#038;crop=1&#038;ssl=1\" srcset=\"https:\/\/i0.wp.com\/centrodeolivaryaceite.com\/wp-content\/uploads\/2014\/11\/15.jpg?w=336&amp;ssl=1 336w, https:\/\/i0.wp.com\/centrodeolivaryaceite.com\/wp-content\/uploads\/2014\/11\/15.jpg?resize=300%2C300&amp;ssl=1 300w, https:\/\/i0.wp.com\/centrodeolivaryaceite.com\/wp-content\/uploads\/2014\/11\/15.jpg?resize=150%2C150&amp;ssl=1 150w\" width=\"536\" height=\"536\" loading=\"lazy\" data-original-width=\"536\" data-original-height=\"536\" itemprop=\"http:\/\/schema.org\/image\" title=\"Presentaci\u00f3n de AOVEs\" alt=\"Jaencoopp\" style=\"width: 536px; height: 536px;\" \/> <\/a> <\/div> <\/div> <!-- close group --> <div class=\"gallery-group images-1\" style=\"width: 540px; height: 540px;\" data-original-width=\"540\" data-original-height=\"540\" > <div class=\"tiled-gallery-item tiled-gallery-item-large\" itemprop=\"associatedMedia\" itemscope itemtype=\"http:\/\/schema.org\/ImageObject\"> <a href=\"https:\/\/centrodeolivaryaceite.com\/es\/presentacion-de-aceites-de-oliva-virgen-extra-de-nueva-cosecha-en-el-centro-de-interpretacion-olivar-y-aceite\/samsung-camera-pictures-54\/\" border=\"0\" itemprop=\"url\"> <meta itemprop=\"width\" content=\"536\"> <meta itemprop=\"height\" content=\"536\"> <img decoding=\"async\" class=\"\" data-attachment-id=\"3813\" data-orig-file=\"https:\/\/centrodeolivaryaceite.com\/wp-content\/uploads\/2014\/11\/16.jpg\" data-orig-size=\"336,336\" data-comments-opened=\"1\" data-image-meta=\"{&quot;aperture&quot;:&quot;3.2&quot;,&quot;credit&quot;:&quot;&quot;,&quot;camera&quot;:&quot;WB200F\\\/WB201F\\\/WB202F&quot;,&quot;caption&quot;:&quot;SAMSUNG CAMERA PICTURES&quot;,&quot;created_timestamp&quot;:&quot;1414779321&quot;,&quot;copyright&quot;:&quot;Copyright 2012&quot;,&quot;focal_length&quot;:&quot;4&quot;,&quot;iso&quot;:&quot;80&quot;,&quot;shutter_speed&quot;:&quot;0.011111111111111&quot;,&quot;title&quot;:&quot;SAMSUNG CAMERA PICTURES&quot;,&quot;orientation&quot;:&quot;1&quot;}\" data-image-title=\"Presentaci\u00f3n de AOVEs\" data-image-description=\"\" data-medium-file=\"https:\/\/i0.wp.com\/centrodeolivaryaceite.com\/wp-content\/uploads\/2014\/11\/16.jpg?fit=300%2C300&#038;ssl=1\" data-large-file=\"https:\/\/i0.wp.com\/centrodeolivaryaceite.com\/wp-content\/uploads\/2014\/11\/16.jpg?fit=336%2C336&#038;ssl=1\" src=\"https:\/\/i0.wp.com\/centrodeolivaryaceite.com\/wp-content\/uploads\/2014\/11\/16.jpg?w=536&#038;h=536&#038;crop=1&#038;ssl=1\" srcset=\"https:\/\/i0.wp.com\/centrodeolivaryaceite.com\/wp-content\/uploads\/2014\/11\/16.jpg?w=336&amp;ssl=1 336w, https:\/\/i0.wp.com\/centrodeolivaryaceite.com\/wp-content\/uploads\/2014\/11\/16.jpg?resize=300%2C300&amp;ssl=1 300w, https:\/\/i0.wp.com\/centrodeolivaryaceite.com\/wp-content\/uploads\/2014\/11\/16.jpg?resize=150%2C150&amp;ssl=1 150w\" width=\"536\" height=\"536\" loading=\"lazy\" data-original-width=\"536\" data-original-height=\"536\" itemprop=\"http:\/\/schema.org\/image\" title=\"Presentaci\u00f3n de AOVEs\" alt=\"Cortijo la Torres\" style=\"width: 536px; height: 536px;\" \/> <\/a> <\/div> <\/div> <!-- close group --> <\/div> <!-- close row --> <div class=\"gallery-row\" style=\"width: 1080px; height: 720px;\" data-original-width=\"1080\" data-original-height=\"720\" > <div class=\"gallery-group images-1\" style=\"width: 720px; height: 720px;\" data-original-width=\"720\" data-original-height=\"720\" > <div class=\"tiled-gallery-item tiled-gallery-item-large\" itemprop=\"associatedMedia\" itemscope itemtype=\"http:\/\/schema.org\/ImageObject\"> <a href=\"https:\/\/centrodeolivaryaceite.com\/es\/presentacion-de-aceites-de-oliva-virgen-extra-de-nueva-cosecha-en-el-centro-de-interpretacion-olivar-y-aceite\/samsung-camera-pictures-55\/\" border=\"0\" itemprop=\"url\"> <meta itemprop=\"width\" content=\"716\"> <meta itemprop=\"height\" content=\"716\"> <img decoding=\"async\" class=\"\" data-attachment-id=\"3814\" data-orig-file=\"https:\/\/centrodeolivaryaceite.com\/wp-content\/uploads\/2014\/11\/17.jpg\" data-orig-size=\"336,336\" data-comments-opened=\"1\" data-image-meta=\"{&quot;aperture&quot;:&quot;3.6&quot;,&quot;credit&quot;:&quot;&quot;,&quot;camera&quot;:&quot;WB200F\\\/WB201F\\\/WB202F&quot;,&quot;caption&quot;:&quot;SAMSUNG CAMERA PICTURES&quot;,&quot;created_timestamp&quot;:&quot;1414779343&quot;,&quot;copyright&quot;:&quot;Copyright 2012&quot;,&quot;focal_length&quot;:&quot;6.8&quot;,&quot;iso&quot;:&quot;80&quot;,&quot;shutter_speed&quot;:&quot;0.016666666666667&quot;,&quot;title&quot;:&quot;SAMSUNG CAMERA PICTURES&quot;,&quot;orientation&quot;:&quot;1&quot;}\" data-image-title=\"Presentaci\u00f3n de AOVEs\" data-image-description=\"\" data-medium-file=\"https:\/\/i0.wp.com\/centrodeolivaryaceite.com\/wp-content\/uploads\/2014\/11\/17.jpg?fit=300%2C300&#038;ssl=1\" data-large-file=\"https:\/\/i0.wp.com\/centrodeolivaryaceite.com\/wp-content\/uploads\/2014\/11\/17.jpg?fit=336%2C336&#038;ssl=1\" src=\"https:\/\/i0.wp.com\/centrodeolivaryaceite.com\/wp-content\/uploads\/2014\/11\/17.jpg?w=716&#038;h=716&#038;crop=1&#038;ssl=1\" srcset=\"https:\/\/i0.wp.com\/centrodeolivaryaceite.com\/wp-content\/uploads\/2014\/11\/17.jpg?w=336&amp;ssl=1 336w, https:\/\/i0.wp.com\/centrodeolivaryaceite.com\/wp-content\/uploads\/2014\/11\/17.jpg?resize=300%2C300&amp;ssl=1 300w, https:\/\/i0.wp.com\/centrodeolivaryaceite.com\/wp-content\/uploads\/2014\/11\/17.jpg?resize=150%2C150&amp;ssl=1 150w\" width=\"716\" height=\"716\" loading=\"lazy\" data-original-width=\"716\" data-original-height=\"716\" itemprop=\"http:\/\/schema.org\/image\" title=\"Presentaci\u00f3n de AOVEs\" alt=\"Nobleza\" style=\"width: 716px; height: 716px;\" \/> <\/a> <\/div> <\/div> <!-- close group --> <div class=\"gallery-group images-2\" style=\"width: 360px; height: 720px;\" data-original-width=\"360\" data-original-height=\"720\" > <div class=\"tiled-gallery-item tiled-gallery-item-large\" itemprop=\"associatedMedia\" itemscope itemtype=\"http:\/\/schema.org\/ImageObject\"> <a href=\"https:\/\/centrodeolivaryaceite.com\/es\/presentacion-de-aceites-de-oliva-virgen-extra-de-nueva-cosecha-en-el-centro-de-interpretacion-olivar-y-aceite\/samsung-camera-pictures-56\/\" border=\"0\" itemprop=\"url\"> <meta itemprop=\"width\" content=\"356\"> <meta itemprop=\"height\" content=\"356\"> <img decoding=\"async\" class=\"\" data-attachment-id=\"3815\" data-orig-file=\"https:\/\/centrodeolivaryaceite.com\/wp-content\/uploads\/2014\/11\/18.jpg\" data-orig-size=\"336,336\" data-comments-opened=\"1\" data-image-meta=\"{&quot;aperture&quot;:&quot;3.2&quot;,&quot;credit&quot;:&quot;&quot;,&quot;camera&quot;:&quot;WB200F\\\/WB201F\\\/WB202F&quot;,&quot;caption&quot;:&quot;SAMSUNG CAMERA PICTURES&quot;,&quot;created_timestamp&quot;:&quot;1414779353&quot;,&quot;copyright&quot;:&quot;Copyright 2012&quot;,&quot;focal_length&quot;:&quot;4&quot;,&quot;iso&quot;:&quot;80&quot;,&quot;shutter_speed&quot;:&quot;0.016666666666667&quot;,&quot;title&quot;:&quot;SAMSUNG CAMERA PICTURES&quot;,&quot;orientation&quot;:&quot;1&quot;}\" data-image-title=\"Presentaci\u00f3n de AOVEs\" data-image-description=\"\" data-medium-file=\"https:\/\/i0.wp.com\/centrodeolivaryaceite.com\/wp-content\/uploads\/2014\/11\/18.jpg?fit=300%2C300&#038;ssl=1\" data-large-file=\"https:\/\/i0.wp.com\/centrodeolivaryaceite.com\/wp-content\/uploads\/2014\/11\/18.jpg?fit=336%2C336&#038;ssl=1\" src=\"https:\/\/i0.wp.com\/centrodeolivaryaceite.com\/wp-content\/uploads\/2014\/11\/18.jpg?w=356&#038;h=356&#038;crop=1&#038;ssl=1\" srcset=\"https:\/\/i0.wp.com\/centrodeolivaryaceite.com\/wp-content\/uploads\/2014\/11\/18.jpg?w=336&amp;ssl=1 336w, https:\/\/i0.wp.com\/centrodeolivaryaceite.com\/wp-content\/uploads\/2014\/11\/18.jpg?resize=300%2C300&amp;ssl=1 300w, https:\/\/i0.wp.com\/centrodeolivaryaceite.com\/wp-content\/uploads\/2014\/11\/18.jpg?resize=150%2C150&amp;ssl=1 150w\" width=\"356\" height=\"356\" loading=\"lazy\" data-original-width=\"356\" data-original-height=\"356\" itemprop=\"http:\/\/schema.org\/image\" title=\"Presentaci\u00f3n de AOVEs\" alt=\"Presentaci\u00f3n\" style=\"width: 356px; height: 356px;\" \/> <\/a> <\/div> <div class=\"tiled-gallery-item tiled-gallery-item-large\" itemprop=\"associatedMedia\" itemscope itemtype=\"http:\/\/schema.org\/ImageObject\"> <a href=\"https:\/\/centrodeolivaryaceite.com\/es\/presentacion-de-aceites-de-oliva-virgen-extra-de-nueva-cosecha-en-el-centro-de-interpretacion-olivar-y-aceite\/samsung-camera-pictures-57\/\" border=\"0\" itemprop=\"url\"> <meta itemprop=\"width\" content=\"356\"> <meta itemprop=\"height\" content=\"356\"> <img decoding=\"async\" class=\"\" data-attachment-id=\"3816\" data-orig-file=\"https:\/\/centrodeolivaryaceite.com\/wp-content\/uploads\/2014\/11\/19.jpg\" data-orig-size=\"336,336\" data-comments-opened=\"1\" data-image-meta=\"{&quot;aperture&quot;:&quot;3.8&quot;,&quot;credit&quot;:&quot;&quot;,&quot;camera&quot;:&quot;WB200F\\\/WB201F\\\/WB202F&quot;,&quot;caption&quot;:&quot;SAMSUNG CAMERA PICTURES&quot;,&quot;created_timestamp&quot;:&quot;1414779377&quot;,&quot;copyright&quot;:&quot;Copyright 2012&quot;,&quot;focal_length&quot;:&quot;8.7&quot;,&quot;iso&quot;:&quot;80&quot;,&quot;shutter_speed&quot;:&quot;0.016666666666667&quot;,&quot;title&quot;:&quot;SAMSUNG CAMERA PICTURES&quot;,&quot;orientation&quot;:&quot;1&quot;}\" data-image-title=\"Presentaci\u00f3n de AOVEs\" data-image-description=\"\" data-medium-file=\"https:\/\/i0.wp.com\/centrodeolivaryaceite.com\/wp-content\/uploads\/2014\/11\/19.jpg?fit=300%2C300&#038;ssl=1\" data-large-file=\"https:\/\/i0.wp.com\/centrodeolivaryaceite.com\/wp-content\/uploads\/2014\/11\/19.jpg?fit=336%2C336&#038;ssl=1\" src=\"https:\/\/i0.wp.com\/centrodeolivaryaceite.com\/wp-content\/uploads\/2014\/11\/19.jpg?w=356&#038;h=356&#038;crop=1&#038;ssl=1\" srcset=\"https:\/\/i0.wp.com\/centrodeolivaryaceite.com\/wp-content\/uploads\/2014\/11\/19.jpg?w=336&amp;ssl=1 336w, https:\/\/i0.wp.com\/centrodeolivaryaceite.com\/wp-content\/uploads\/2014\/11\/19.jpg?resize=300%2C300&amp;ssl=1 300w, https:\/\/i0.wp.com\/centrodeolivaryaceite.com\/wp-content\/uploads\/2014\/11\/19.jpg?resize=150%2C150&amp;ssl=1 150w\" width=\"356\" height=\"356\" loading=\"lazy\" data-original-width=\"356\" data-original-height=\"356\" itemprop=\"http:\/\/schema.org\/image\" title=\"Presentaci\u00f3n de AOVEs\" alt=\"Tierras de Tavara\" style=\"width: 356px; height: 356px;\" \/> <\/a> <\/div> <\/div> <!-- close group --> <\/div> <!-- close row --> <div class=\"gallery-row\" style=\"width: 1080px; height: 360px;\" data-original-width=\"1080\" data-original-height=\"360\" > <div class=\"gallery-group images-1\" style=\"width: 360px; height: 360px;\" data-original-width=\"360\" data-original-height=\"360\" > <div class=\"tiled-gallery-item tiled-gallery-item-large\" itemprop=\"associatedMedia\" itemscope itemtype=\"http:\/\/schema.org\/ImageObject\"> <a href=\"https:\/\/centrodeolivaryaceite.com\/es\/presentacion-de-aceites-de-oliva-virgen-extra-de-nueva-cosecha-en-el-centro-de-interpretacion-olivar-y-aceite\/samsung-camera-pictures-58\/\" border=\"0\" itemprop=\"url\"> <meta itemprop=\"width\" content=\"356\"> <meta itemprop=\"height\" content=\"356\"> <img decoding=\"async\" class=\"\" data-attachment-id=\"3817\" data-orig-file=\"https:\/\/centrodeolivaryaceite.com\/wp-content\/uploads\/2014\/11\/20.jpg\" data-orig-size=\"336,336\" data-comments-opened=\"1\" data-image-meta=\"{&quot;aperture&quot;:&quot;3.8&quot;,&quot;credit&quot;:&quot;&quot;,&quot;camera&quot;:&quot;WB200F\\\/WB201F\\\/WB202F&quot;,&quot;caption&quot;:&quot;SAMSUNG CAMERA PICTURES&quot;,&quot;created_timestamp&quot;:&quot;1414779383&quot;,&quot;copyright&quot;:&quot;Copyright 2012&quot;,&quot;focal_length&quot;:&quot;8.7&quot;,&quot;iso&quot;:&quot;80&quot;,&quot;shutter_speed&quot;:&quot;0.022222222222222&quot;,&quot;title&quot;:&quot;SAMSUNG CAMERA PICTURES&quot;,&quot;orientation&quot;:&quot;1&quot;}\" data-image-title=\"Presentaci\u00f3n de AOVEs\" data-image-description=\"\" data-medium-file=\"https:\/\/i0.wp.com\/centrodeolivaryaceite.com\/wp-content\/uploads\/2014\/11\/20.jpg?fit=300%2C300&#038;ssl=1\" data-large-file=\"https:\/\/i0.wp.com\/centrodeolivaryaceite.com\/wp-content\/uploads\/2014\/11\/20.jpg?fit=336%2C336&#038;ssl=1\" src=\"https:\/\/i0.wp.com\/centrodeolivaryaceite.com\/wp-content\/uploads\/2014\/11\/20.jpg?w=356&#038;h=356&#038;crop=1&#038;ssl=1\" srcset=\"https:\/\/i0.wp.com\/centrodeolivaryaceite.com\/wp-content\/uploads\/2014\/11\/20.jpg?w=336&amp;ssl=1 336w, https:\/\/i0.wp.com\/centrodeolivaryaceite.com\/wp-content\/uploads\/2014\/11\/20.jpg?resize=300%2C300&amp;ssl=1 300w, https:\/\/i0.wp.com\/centrodeolivaryaceite.com\/wp-content\/uploads\/2014\/11\/20.jpg?resize=150%2C150&amp;ssl=1 150w\" width=\"356\" height=\"356\" loading=\"lazy\" data-original-width=\"356\" data-original-height=\"356\" itemprop=\"http:\/\/schema.org\/image\" title=\"Presentaci\u00f3n de AOVEs\" alt=\"Foto productores\" style=\"width: 356px; height: 356px;\" \/> <\/a> <\/div> <\/div> <!-- close group --> <div class=\"gallery-group images-1\" style=\"width: 360px; height: 360px;\" data-original-width=\"360\" data-original-height=\"360\" > <div class=\"tiled-gallery-item tiled-gallery-item-large\" itemprop=\"associatedMedia\" itemscope itemtype=\"http:\/\/schema.org\/ImageObject\"> <a href=\"https:\/\/centrodeolivaryaceite.com\/es\/presentacion-de-aceites-de-oliva-virgen-extra-de-nueva-cosecha-en-el-centro-de-interpretacion-olivar-y-aceite\/samsung-camera-pictures-59\/\" border=\"0\" itemprop=\"url\"> <meta itemprop=\"width\" content=\"356\"> <meta itemprop=\"height\" content=\"356\"> <img decoding=\"async\" class=\"\" data-attachment-id=\"3818\" data-orig-file=\"https:\/\/centrodeolivaryaceite.com\/wp-content\/uploads\/2014\/11\/21.jpg\" data-orig-size=\"336,336\" data-comments-opened=\"1\" data-image-meta=\"{&quot;aperture&quot;:&quot;3.2&quot;,&quot;credit&quot;:&quot;&quot;,&quot;camera&quot;:&quot;WB200F\\\/WB201F\\\/WB202F&quot;,&quot;caption&quot;:&quot;SAMSUNG CAMERA PICTURES&quot;,&quot;created_timestamp&quot;:&quot;1414779415&quot;,&quot;copyright&quot;:&quot;Copyright 2012&quot;,&quot;focal_length&quot;:&quot;4&quot;,&quot;iso&quot;:&quot;80&quot;,&quot;shutter_speed&quot;:&quot;0.016666666666667&quot;,&quot;title&quot;:&quot;SAMSUNG CAMERA PICTURES&quot;,&quot;orientation&quot;:&quot;1&quot;}\" data-image-title=\"Presentaci\u00f3n de AOVEs\" data-image-description=\"\" data-medium-file=\"https:\/\/i0.wp.com\/centrodeolivaryaceite.com\/wp-content\/uploads\/2014\/11\/21.jpg?fit=300%2C300&#038;ssl=1\" data-large-file=\"https:\/\/i0.wp.com\/centrodeolivaryaceite.com\/wp-content\/uploads\/2014\/11\/21.jpg?fit=336%2C336&#038;ssl=1\" src=\"https:\/\/i0.wp.com\/centrodeolivaryaceite.com\/wp-content\/uploads\/2014\/11\/21.jpg?w=356&#038;h=356&#038;crop=1&#038;ssl=1\" srcset=\"https:\/\/i0.wp.com\/centrodeolivaryaceite.com\/wp-content\/uploads\/2014\/11\/21.jpg?w=336&amp;ssl=1 336w, https:\/\/i0.wp.com\/centrodeolivaryaceite.com\/wp-content\/uploads\/2014\/11\/21.jpg?resize=300%2C300&amp;ssl=1 300w, https:\/\/i0.wp.com\/centrodeolivaryaceite.com\/wp-content\/uploads\/2014\/11\/21.jpg?resize=150%2C150&amp;ssl=1 150w\" width=\"356\" height=\"356\" loading=\"lazy\" data-original-width=\"356\" data-original-height=\"356\" itemprop=\"http:\/\/schema.org\/image\" title=\"Presentaci\u00f3n de AOVEs\" alt=\"La carrera\" style=\"width: 356px; height: 356px;\" \/> <\/a> <\/div> <\/div> <!-- close group --> <div class=\"gallery-group images-1\" style=\"width: 360px; height: 360px;\" data-original-width=\"360\" data-original-height=\"360\" > <div class=\"tiled-gallery-item tiled-gallery-item-large\" itemprop=\"associatedMedia\" itemscope itemtype=\"http:\/\/schema.org\/ImageObject\"> <a href=\"https:\/\/centrodeolivaryaceite.com\/es\/presentacion-de-aceites-de-oliva-virgen-extra-de-nueva-cosecha-en-el-centro-de-interpretacion-olivar-y-aceite\/samsung-camera-pictures-60\/\" border=\"0\" itemprop=\"url\"> <meta itemprop=\"width\" content=\"356\"> <meta itemprop=\"height\" content=\"356\"> <img decoding=\"async\" class=\"\" data-attachment-id=\"3819\" data-orig-file=\"https:\/\/centrodeolivaryaceite.com\/wp-content\/uploads\/2014\/11\/22.jpg\" data-orig-size=\"336,336\" data-comments-opened=\"1\" data-image-meta=\"{&quot;aperture&quot;:&quot;3.2&quot;,&quot;credit&quot;:&quot;&quot;,&quot;camera&quot;:&quot;WB200F\\\/WB201F\\\/WB202F&quot;,&quot;caption&quot;:&quot;SAMSUNG CAMERA PICTURES&quot;,&quot;created_timestamp&quot;:&quot;1414780173&quot;,&quot;copyright&quot;:&quot;Copyright 2012&quot;,&quot;focal_length&quot;:&quot;4&quot;,&quot;iso&quot;:&quot;80&quot;,&quot;shutter_speed&quot;:&quot;0.022222222222222&quot;,&quot;title&quot;:&quot;SAMSUNG CAMERA PICTURES&quot;,&quot;orientation&quot;:&quot;1&quot;}\" data-image-title=\"Presentaci\u00f3n de AOVEs\" data-image-description=\"\" data-medium-file=\"https:\/\/i0.wp.com\/centrodeolivaryaceite.com\/wp-content\/uploads\/2014\/11\/22.jpg?fit=300%2C300&#038;ssl=1\" data-large-file=\"https:\/\/i0.wp.com\/centrodeolivaryaceite.com\/wp-content\/uploads\/2014\/11\/22.jpg?fit=336%2C336&#038;ssl=1\" src=\"https:\/\/i0.wp.com\/centrodeolivaryaceite.com\/wp-content\/uploads\/2014\/11\/22.jpg?w=356&#038;h=356&#038;crop=1&#038;ssl=1\" srcset=\"https:\/\/i0.wp.com\/centrodeolivaryaceite.com\/wp-content\/uploads\/2014\/11\/22.jpg?w=336&amp;ssl=1 336w, https:\/\/i0.wp.com\/centrodeolivaryaceite.com\/wp-content\/uploads\/2014\/11\/22.jpg?resize=300%2C300&amp;ssl=1 300w, https:\/\/i0.wp.com\/centrodeolivaryaceite.com\/wp-content\/uploads\/2014\/11\/22.jpg?resize=150%2C150&amp;ssl=1 150w\" width=\"356\" height=\"356\" loading=\"lazy\" data-original-width=\"356\" data-original-height=\"356\" itemprop=\"http:\/\/schema.org\/image\" title=\"Presentaci\u00f3n de AOVEs\" alt=\"Foto de familia\" style=\"width: 356px; height: 356px;\" \/> <\/a> <\/div> <\/div> <!-- close group --> <\/div> <!-- close row --> <div class=\"gallery-row\" style=\"width: 1080px; height: 720px;\" data-original-width=\"1080\" data-original-height=\"720\" > <div class=\"gallery-group images-2\" style=\"width: 360px; height: 720px;\" data-original-width=\"360\" data-original-height=\"720\" > <div class=\"tiled-gallery-item tiled-gallery-item-large\" itemprop=\"associatedMedia\" itemscope itemtype=\"http:\/\/schema.org\/ImageObject\"> <a href=\"https:\/\/centrodeolivaryaceite.com\/es\/presentacion-de-aceites-de-oliva-virgen-extra-de-nueva-cosecha-en-el-centro-de-interpretacion-olivar-y-aceite\/samsung-camera-pictures-61\/\" border=\"0\" itemprop=\"url\"> <meta itemprop=\"width\" content=\"356\"> <meta itemprop=\"height\" content=\"356\"> <img decoding=\"async\" class=\"\" data-attachment-id=\"3820\" data-orig-file=\"https:\/\/centrodeolivaryaceite.com\/wp-content\/uploads\/2014\/11\/23.jpg\" data-orig-size=\"336,336\" data-comments-opened=\"1\" data-image-meta=\"{&quot;aperture&quot;:&quot;3.2&quot;,&quot;credit&quot;:&quot;&quot;,&quot;camera&quot;:&quot;WB200F\\\/WB201F\\\/WB202F&quot;,&quot;caption&quot;:&quot;SAMSUNG CAMERA PICTURES&quot;,&quot;created_timestamp&quot;:&quot;1414780562&quot;,&quot;copyright&quot;:&quot;Copyright 2012&quot;,&quot;focal_length&quot;:&quot;4&quot;,&quot;iso&quot;:&quot;80&quot;,&quot;shutter_speed&quot;:&quot;0.022222222222222&quot;,&quot;title&quot;:&quot;SAMSUNG CAMERA PICTURES&quot;,&quot;orientation&quot;:&quot;1&quot;}\" data-image-title=\"Presentaci\u00f3n de AOVEs\" data-image-description=\"\" data-medium-file=\"https:\/\/i0.wp.com\/centrodeolivaryaceite.com\/wp-content\/uploads\/2014\/11\/23.jpg?fit=300%2C300&#038;ssl=1\" data-large-file=\"https:\/\/i0.wp.com\/centrodeolivaryaceite.com\/wp-content\/uploads\/2014\/11\/23.jpg?fit=336%2C336&#038;ssl=1\" src=\"https:\/\/i0.wp.com\/centrodeolivaryaceite.com\/wp-content\/uploads\/2014\/11\/23.jpg?w=356&#038;h=356&#038;crop=1&#038;ssl=1\" srcset=\"https:\/\/i0.wp.com\/centrodeolivaryaceite.com\/wp-content\/uploads\/2014\/11\/23.jpg?w=336&amp;ssl=1 336w, https:\/\/i0.wp.com\/centrodeolivaryaceite.com\/wp-content\/uploads\/2014\/11\/23.jpg?resize=300%2C300&amp;ssl=1 300w, https:\/\/i0.wp.com\/centrodeolivaryaceite.com\/wp-content\/uploads\/2014\/11\/23.jpg?resize=150%2C150&amp;ssl=1 150w\" width=\"356\" height=\"356\" loading=\"lazy\" data-original-width=\"356\" data-original-height=\"356\" itemprop=\"http:\/\/schema.org\/image\" title=\"Presentaci\u00f3n de AOVEs\" alt=\"Visitantes\" style=\"width: 356px; height: 356px;\" \/> <\/a> <\/div> <div class=\"tiled-gallery-item tiled-gallery-item-large\" itemprop=\"associatedMedia\" itemscope itemtype=\"http:\/\/schema.org\/ImageObject\"> <a href=\"https:\/\/centrodeolivaryaceite.com\/es\/presentacion-de-aceites-de-oliva-virgen-extra-de-nueva-cosecha-en-el-centro-de-interpretacion-olivar-y-aceite\/samsung-camera-pictures-62\/\" border=\"0\" itemprop=\"url\"> <meta itemprop=\"width\" content=\"356\"> <meta itemprop=\"height\" content=\"356\"> <img decoding=\"async\" class=\"\" data-attachment-id=\"3821\" data-orig-file=\"https:\/\/centrodeolivaryaceite.com\/wp-content\/uploads\/2014\/11\/24.jpg\" data-orig-size=\"336,336\" data-comments-opened=\"1\" data-image-meta=\"{&quot;aperture&quot;:&quot;3.2&quot;,&quot;credit&quot;:&quot;&quot;,&quot;camera&quot;:&quot;WB200F\\\/WB201F\\\/WB202F&quot;,&quot;caption&quot;:&quot;SAMSUNG CAMERA PICTURES&quot;,&quot;created_timestamp&quot;:&quot;1414780572&quot;,&quot;copyright&quot;:&quot;Copyright 2012&quot;,&quot;focal_length&quot;:&quot;4&quot;,&quot;iso&quot;:&quot;80&quot;,&quot;shutter_speed&quot;:&quot;0.016666666666667&quot;,&quot;title&quot;:&quot;SAMSUNG CAMERA PICTURES&quot;,&quot;orientation&quot;:&quot;1&quot;}\" data-image-title=\"Presentaci\u00f3n de AOVEs\" data-image-description=\"\" data-medium-file=\"https:\/\/i0.wp.com\/centrodeolivaryaceite.com\/wp-content\/uploads\/2014\/11\/24.jpg?fit=300%2C300&#038;ssl=1\" data-large-file=\"https:\/\/i0.wp.com\/centrodeolivaryaceite.com\/wp-content\/uploads\/2014\/11\/24.jpg?fit=336%2C336&#038;ssl=1\" src=\"https:\/\/i0.wp.com\/centrodeolivaryaceite.com\/wp-content\/uploads\/2014\/11\/24.jpg?w=356&#038;h=356&#038;crop=1&#038;ssl=1\" srcset=\"https:\/\/i0.wp.com\/centrodeolivaryaceite.com\/wp-content\/uploads\/2014\/11\/24.jpg?w=336&amp;ssl=1 336w, https:\/\/i0.wp.com\/centrodeolivaryaceite.com\/wp-content\/uploads\/2014\/11\/24.jpg?resize=300%2C300&amp;ssl=1 300w, https:\/\/i0.wp.com\/centrodeolivaryaceite.com\/wp-content\/uploads\/2014\/11\/24.jpg?resize=150%2C150&amp;ssl=1 150w\" width=\"356\" height=\"356\" loading=\"lazy\" data-original-width=\"356\" data-original-height=\"356\" itemprop=\"http:\/\/schema.org\/image\" title=\"Presentaci\u00f3n de AOVEs\" alt=\"Asistentes\" style=\"width: 356px; height: 356px;\" \/> <\/a> <\/div> <\/div> <!-- close group --> <div class=\"gallery-group images-1\" style=\"width: 720px; height: 720px;\" data-original-width=\"720\" data-original-height=\"720\" > <div class=\"tiled-gallery-item tiled-gallery-item-large\" itemprop=\"associatedMedia\" itemscope itemtype=\"http:\/\/schema.org\/ImageObject\"> <a href=\"https:\/\/centrodeolivaryaceite.com\/es\/presentacion-de-aceites-de-oliva-virgen-extra-de-nueva-cosecha-en-el-centro-de-interpretacion-olivar-y-aceite\/samsung-camera-pictures-63\/\" border=\"0\" itemprop=\"url\"> <meta itemprop=\"width\" content=\"716\"> <meta itemprop=\"height\" content=\"716\"> <img decoding=\"async\" class=\"\" data-attachment-id=\"3822\" data-orig-file=\"https:\/\/centrodeolivaryaceite.com\/wp-content\/uploads\/2014\/11\/25.jpg\" data-orig-size=\"336,336\" data-comments-opened=\"1\" data-image-meta=\"{&quot;aperture&quot;:&quot;3.2&quot;,&quot;credit&quot;:&quot;&quot;,&quot;camera&quot;:&quot;WB200F\\\/WB201F\\\/WB202F&quot;,&quot;caption&quot;:&quot;SAMSUNG CAMERA PICTURES&quot;,&quot;created_timestamp&quot;:&quot;1414780583&quot;,&quot;copyright&quot;:&quot;Copyright 2012&quot;,&quot;focal_length&quot;:&quot;4&quot;,&quot;iso&quot;:&quot;80&quot;,&quot;shutter_speed&quot;:&quot;0.016666666666667&quot;,&quot;title&quot;:&quot;SAMSUNG CAMERA PICTURES&quot;,&quot;orientation&quot;:&quot;1&quot;}\" data-image-title=\"Presentaci\u00f3n de AOVEs\" data-image-description=\"\" data-medium-file=\"https:\/\/i0.wp.com\/centrodeolivaryaceite.com\/wp-content\/uploads\/2014\/11\/25.jpg?fit=300%2C300&#038;ssl=1\" data-large-file=\"https:\/\/i0.wp.com\/centrodeolivaryaceite.com\/wp-content\/uploads\/2014\/11\/25.jpg?fit=336%2C336&#038;ssl=1\" src=\"https:\/\/i0.wp.com\/centrodeolivaryaceite.com\/wp-content\/uploads\/2014\/11\/25.jpg?w=716&#038;h=716&#038;crop=1&#038;ssl=1\" srcset=\"https:\/\/i0.wp.com\/centrodeolivaryaceite.com\/wp-content\/uploads\/2014\/11\/25.jpg?w=336&amp;ssl=1 336w, https:\/\/i0.wp.com\/centrodeolivaryaceite.com\/wp-content\/uploads\/2014\/11\/25.jpg?resize=300%2C300&amp;ssl=1 300w, https:\/\/i0.wp.com\/centrodeolivaryaceite.com\/wp-content\/uploads\/2014\/11\/25.jpg?resize=150%2C150&amp;ssl=1 150w\" width=\"716\" height=\"716\" loading=\"lazy\" data-original-width=\"716\" data-original-height=\"716\" itemprop=\"http:\/\/schema.org\/image\" title=\"Presentaci\u00f3n de AOVEs\" alt=\"Patio del Centro de Interpretaci\u00f3n\" style=\"width: 716px; height: 716px;\" \/> <\/a> <\/div> <\/div> <!-- close group --> <\/div> <!-- close row --> <div class=\"gallery-row\" style=\"width: 1080px; height: 540px;\" data-original-width=\"1080\" data-original-height=\"540\" > <div class=\"gallery-group images-1\" style=\"width: 540px; height: 540px;\" data-original-width=\"540\" data-original-height=\"540\" > <div class=\"tiled-gallery-item tiled-gallery-item-large\" itemprop=\"associatedMedia\" itemscope itemtype=\"http:\/\/schema.org\/ImageObject\"> <a href=\"https:\/\/centrodeolivaryaceite.com\/es\/presentacion-de-aceites-de-oliva-virgen-extra-de-nueva-cosecha-en-el-centro-de-interpretacion-olivar-y-aceite\/samsung-camera-pictures-64\/\" border=\"0\" itemprop=\"url\"> <meta itemprop=\"width\" content=\"536\"> <meta itemprop=\"height\" content=\"536\"> <img decoding=\"async\" class=\"\" data-attachment-id=\"3823\" data-orig-file=\"https:\/\/centrodeolivaryaceite.com\/wp-content\/uploads\/2014\/11\/26.jpg\" data-orig-size=\"336,336\" data-comments-opened=\"1\" data-image-meta=\"{&quot;aperture&quot;:&quot;3.2&quot;,&quot;credit&quot;:&quot;&quot;,&quot;camera&quot;:&quot;WB200F\\\/WB201F\\\/WB202F&quot;,&quot;caption&quot;:&quot;SAMSUNG CAMERA PICTURES&quot;,&quot;created_timestamp&quot;:&quot;1414780595&quot;,&quot;copyright&quot;:&quot;Copyright 2012&quot;,&quot;focal_length&quot;:&quot;4&quot;,&quot;iso&quot;:&quot;80&quot;,&quot;shutter_speed&quot;:&quot;0.022222222222222&quot;,&quot;title&quot;:&quot;SAMSUNG CAMERA PICTURES&quot;,&quot;orientation&quot;:&quot;1&quot;}\" data-image-title=\"Presentaci\u00f3n de AOVEs\" data-image-description=\"\" data-medium-file=\"https:\/\/i0.wp.com\/centrodeolivaryaceite.com\/wp-content\/uploads\/2014\/11\/26.jpg?fit=300%2C300&#038;ssl=1\" data-large-file=\"https:\/\/i0.wp.com\/centrodeolivaryaceite.com\/wp-content\/uploads\/2014\/11\/26.jpg?fit=336%2C336&#038;ssl=1\" src=\"https:\/\/i0.wp.com\/centrodeolivaryaceite.com\/wp-content\/uploads\/2014\/11\/26.jpg?w=536&#038;h=536&#038;crop=1&#038;ssl=1\" srcset=\"https:\/\/i0.wp.com\/centrodeolivaryaceite.com\/wp-content\/uploads\/2014\/11\/26.jpg?w=336&amp;ssl=1 336w, https:\/\/i0.wp.com\/centrodeolivaryaceite.com\/wp-content\/uploads\/2014\/11\/26.jpg?resize=300%2C300&amp;ssl=1 300w, https:\/\/i0.wp.com\/centrodeolivaryaceite.com\/wp-content\/uploads\/2014\/11\/26.jpg?resize=150%2C150&amp;ssl=1 150w\" width=\"536\" height=\"536\" loading=\"lazy\" data-original-width=\"536\" data-original-height=\"536\" itemprop=\"http:\/\/schema.org\/image\" title=\"Presentaci\u00f3n de AOVEs\" alt=\"Visitantes\" style=\"width: 536px; height: 536px;\" \/> <\/a> <\/div> <\/div> <!-- close group --> <div class=\"gallery-group images-1\" style=\"width: 540px; height: 540px;\" data-original-width=\"540\" data-original-height=\"540\" > <div class=\"tiled-gallery-item tiled-gallery-item-large\" itemprop=\"associatedMedia\" itemscope itemtype=\"http:\/\/schema.org\/ImageObject\"> <a href=\"https:\/\/centrodeolivaryaceite.com\/es\/presentacion-de-aceites-de-oliva-virgen-extra-de-nueva-cosecha-en-el-centro-de-interpretacion-olivar-y-aceite\/samsung-camera-pictures-65\/\" border=\"0\" itemprop=\"url\"> <meta itemprop=\"width\" content=\"536\"> <meta itemprop=\"height\" content=\"536\"> <img decoding=\"async\" class=\"\" data-attachment-id=\"3824\" data-orig-file=\"https:\/\/centrodeolivaryaceite.com\/wp-content\/uploads\/2014\/11\/27.jpg\" data-orig-size=\"336,336\" data-comments-opened=\"1\" data-image-meta=\"{&quot;aperture&quot;:&quot;3.2&quot;,&quot;credit&quot;:&quot;&quot;,&quot;camera&quot;:&quot;WB200F\\\/WB201F\\\/WB202F&quot;,&quot;caption&quot;:&quot;SAMSUNG CAMERA PICTURES&quot;,&quot;created_timestamp&quot;:&quot;1414780601&quot;,&quot;copyright&quot;:&quot;Copyright 2012&quot;,&quot;focal_length&quot;:&quot;4&quot;,&quot;iso&quot;:&quot;80&quot;,&quot;shutter_speed&quot;:&quot;0.022222222222222&quot;,&quot;title&quot;:&quot;SAMSUNG CAMERA PICTURES&quot;,&quot;orientation&quot;:&quot;1&quot;}\" data-image-title=\"Presentaci\u00f3n de AOVEs\" data-image-description=\"\" data-medium-file=\"https:\/\/i0.wp.com\/centrodeolivaryaceite.com\/wp-content\/uploads\/2014\/11\/27.jpg?fit=300%2C300&#038;ssl=1\" data-large-file=\"https:\/\/i0.wp.com\/centrodeolivaryaceite.com\/wp-content\/uploads\/2014\/11\/27.jpg?fit=336%2C336&#038;ssl=1\" src=\"https:\/\/i0.wp.com\/centrodeolivaryaceite.com\/wp-content\/uploads\/2014\/11\/27.jpg?w=536&#038;h=536&#038;crop=1&#038;ssl=1\" srcset=\"https:\/\/i0.wp.com\/centrodeolivaryaceite.com\/wp-content\/uploads\/2014\/11\/27.jpg?w=336&amp;ssl=1 336w, https:\/\/i0.wp.com\/centrodeolivaryaceite.com\/wp-content\/uploads\/2014\/11\/27.jpg?resize=300%2C300&amp;ssl=1 300w, https:\/\/i0.wp.com\/centrodeolivaryaceite.com\/wp-content\/uploads\/2014\/11\/27.jpg?resize=150%2C150&amp;ssl=1 150w\" width=\"536\" height=\"536\" loading=\"lazy\" data-original-width=\"536\" data-original-height=\"536\" itemprop=\"http:\/\/schema.org\/image\" title=\"Presentaci\u00f3n de AOVEs\" alt=\"Patio\" style=\"width: 536px; height: 536px;\" \/> <\/a> <\/div> <\/div> <!-- close group --> <\/div> <!-- close row --> <div class=\"gallery-row\" style=\"width: 1080px; height: 720px;\" data-original-width=\"1080\" data-original-height=\"720\" > <div class=\"gallery-group images-1\" style=\"width: 720px; height: 720px;\" data-original-width=\"720\" data-original-height=\"720\" > <div class=\"tiled-gallery-item tiled-gallery-item-large\" itemprop=\"associatedMedia\" itemscope itemtype=\"http:\/\/schema.org\/ImageObject\"> <a href=\"https:\/\/centrodeolivaryaceite.com\/es\/presentacion-de-aceites-de-oliva-virgen-extra-de-nueva-cosecha-en-el-centro-de-interpretacion-olivar-y-aceite\/samsung-camera-pictures-66\/\" border=\"0\" itemprop=\"url\"> <meta itemprop=\"width\" content=\"716\"> <meta itemprop=\"height\" content=\"716\"> <img decoding=\"async\" class=\"\" data-attachment-id=\"3825\" data-orig-file=\"https:\/\/centrodeolivaryaceite.com\/wp-content\/uploads\/2014\/11\/28.jpg\" data-orig-size=\"336,336\" data-comments-opened=\"1\" data-image-meta=\"{&quot;aperture&quot;:&quot;3.2&quot;,&quot;credit&quot;:&quot;&quot;,&quot;camera&quot;:&quot;WB200F\\\/WB201F\\\/WB202F&quot;,&quot;caption&quot;:&quot;SAMSUNG CAMERA PICTURES&quot;,&quot;created_timestamp&quot;:&quot;1414781285&quot;,&quot;copyright&quot;:&quot;Copyright 2012&quot;,&quot;focal_length&quot;:&quot;4&quot;,&quot;iso&quot;:&quot;80&quot;,&quot;shutter_speed&quot;:&quot;0.033333333333333&quot;,&quot;title&quot;:&quot;SAMSUNG CAMERA PICTURES&quot;,&quot;orientation&quot;:&quot;1&quot;}\" data-image-title=\"Presentaci\u00f3n de AOVEs\" data-image-description=\"\" data-medium-file=\"https:\/\/i0.wp.com\/centrodeolivaryaceite.com\/wp-content\/uploads\/2014\/11\/28.jpg?fit=300%2C300&#038;ssl=1\" data-large-file=\"https:\/\/i0.wp.com\/centrodeolivaryaceite.com\/wp-content\/uploads\/2014\/11\/28.jpg?fit=336%2C336&#038;ssl=1\" src=\"https:\/\/i0.wp.com\/centrodeolivaryaceite.com\/wp-content\/uploads\/2014\/11\/28.jpg?w=716&#038;h=716&#038;crop=1&#038;ssl=1\" srcset=\"https:\/\/i0.wp.com\/centrodeolivaryaceite.com\/wp-content\/uploads\/2014\/11\/28.jpg?w=336&amp;ssl=1 336w, https:\/\/i0.wp.com\/centrodeolivaryaceite.com\/wp-content\/uploads\/2014\/11\/28.jpg?resize=300%2C300&amp;ssl=1 300w, https:\/\/i0.wp.com\/centrodeolivaryaceite.com\/wp-content\/uploads\/2014\/11\/28.jpg?resize=150%2C150&amp;ssl=1 150w\" width=\"716\" height=\"716\" loading=\"lazy\" data-original-width=\"716\" data-original-height=\"716\" itemprop=\"http:\/\/schema.org\/image\" title=\"Presentaci\u00f3n de AOVEs\" alt=\"Pagos de Toral\" style=\"width: 716px; height: 716px;\" \/> <\/a> <\/div> <\/div> <!-- close group --> <div class=\"gallery-group images-2\" style=\"width: 360px; height: 720px;\" data-original-width=\"360\" data-original-height=\"720\" > <div class=\"tiled-gallery-item tiled-gallery-item-large\" itemprop=\"associatedMedia\" itemscope itemtype=\"http:\/\/schema.org\/ImageObject\"> <a href=\"https:\/\/centrodeolivaryaceite.com\/es\/presentacion-de-aceites-de-oliva-virgen-extra-de-nueva-cosecha-en-el-centro-de-interpretacion-olivar-y-aceite\/samsung-camera-pictures-67\/\" border=\"0\" itemprop=\"url\"> <meta itemprop=\"width\" content=\"356\"> <meta itemprop=\"height\" content=\"356\"> <img decoding=\"async\" class=\"\" data-attachment-id=\"3826\" data-orig-file=\"https:\/\/centrodeolivaryaceite.com\/wp-content\/uploads\/2014\/11\/29.jpg\" data-orig-size=\"336,336\" data-comments-opened=\"1\" data-image-meta=\"{&quot;aperture&quot;:&quot;3.2&quot;,&quot;credit&quot;:&quot;&quot;,&quot;camera&quot;:&quot;WB200F\\\/WB201F\\\/WB202F&quot;,&quot;caption&quot;:&quot;SAMSUNG CAMERA PICTURES&quot;,&quot;created_timestamp&quot;:&quot;1414781333&quot;,&quot;copyright&quot;:&quot;Copyright 2012&quot;,&quot;focal_length&quot;:&quot;4&quot;,&quot;iso&quot;:&quot;80&quot;,&quot;shutter_speed&quot;:&quot;0.033333333333333&quot;,&quot;title&quot;:&quot;SAMSUNG CAMERA PICTURES&quot;,&quot;orientation&quot;:&quot;1&quot;}\" data-image-title=\"Presentaci\u00f3n de AOVEs\" data-image-description=\"\" data-medium-file=\"https:\/\/i0.wp.com\/centrodeolivaryaceite.com\/wp-content\/uploads\/2014\/11\/29.jpg?fit=300%2C300&#038;ssl=1\" data-large-file=\"https:\/\/i0.wp.com\/centrodeolivaryaceite.com\/wp-content\/uploads\/2014\/11\/29.jpg?fit=336%2C336&#038;ssl=1\" src=\"https:\/\/i0.wp.com\/centrodeolivaryaceite.com\/wp-content\/uploads\/2014\/11\/29.jpg?w=356&#038;h=356&#038;crop=1&#038;ssl=1\" srcset=\"https:\/\/i0.wp.com\/centrodeolivaryaceite.com\/wp-content\/uploads\/2014\/11\/29.jpg?w=336&amp;ssl=1 336w, https:\/\/i0.wp.com\/centrodeolivaryaceite.com\/wp-content\/uploads\/2014\/11\/29.jpg?resize=300%2C300&amp;ssl=1 300w, https:\/\/i0.wp.com\/centrodeolivaryaceite.com\/wp-content\/uploads\/2014\/11\/29.jpg?resize=150%2C150&amp;ssl=1 150w\" width=\"356\" height=\"356\" loading=\"lazy\" data-original-width=\"356\" data-original-height=\"356\" itemprop=\"http:\/\/schema.org\/image\" title=\"Presentaci\u00f3n de AOVEs\" alt=\"\u00d1 Organic\" style=\"width: 356px; height: 356px;\" \/> <\/a> <\/div> <div class=\"tiled-gallery-item tiled-gallery-item-large\" itemprop=\"associatedMedia\" itemscope itemtype=\"http:\/\/schema.org\/ImageObject\"> <a href=\"https:\/\/centrodeolivaryaceite.com\/es\/presentacion-de-aceites-de-oliva-virgen-extra-de-nueva-cosecha-en-el-centro-de-interpretacion-olivar-y-aceite\/samsung-camera-pictures-68\/\" border=\"0\" itemprop=\"url\"> <meta itemprop=\"width\" content=\"356\"> <meta itemprop=\"height\" content=\"356\"> <img decoding=\"async\" class=\"\" data-attachment-id=\"3827\" data-orig-file=\"https:\/\/centrodeolivaryaceite.com\/wp-content\/uploads\/2014\/11\/30.jpg\" data-orig-size=\"336,336\" data-comments-opened=\"1\" data-image-meta=\"{&quot;aperture&quot;:&quot;3.2&quot;,&quot;credit&quot;:&quot;&quot;,&quot;camera&quot;:&quot;WB200F\\\/WB201F\\\/WB202F&quot;,&quot;caption&quot;:&quot;SAMSUNG CAMERA PICTURES&quot;,&quot;created_timestamp&quot;:&quot;1414781346&quot;,&quot;copyright&quot;:&quot;Copyright 2012&quot;,&quot;focal_length&quot;:&quot;4&quot;,&quot;iso&quot;:&quot;80&quot;,&quot;shutter_speed&quot;:&quot;0.033333333333333&quot;,&quot;title&quot;:&quot;SAMSUNG CAMERA PICTURES&quot;,&quot;orientation&quot;:&quot;1&quot;}\" data-image-title=\"Presentaci\u00f3n de AOVEs\" data-image-description=\"\" data-medium-file=\"https:\/\/i0.wp.com\/centrodeolivaryaceite.com\/wp-content\/uploads\/2014\/11\/30.jpg?fit=300%2C300&#038;ssl=1\" data-large-file=\"https:\/\/i0.wp.com\/centrodeolivaryaceite.com\/wp-content\/uploads\/2014\/11\/30.jpg?fit=336%2C336&#038;ssl=1\" src=\"https:\/\/i0.wp.com\/centrodeolivaryaceite.com\/wp-content\/uploads\/2014\/11\/30.jpg?w=356&#038;h=356&#038;crop=1&#038;ssl=1\" srcset=\"https:\/\/i0.wp.com\/centrodeolivaryaceite.com\/wp-content\/uploads\/2014\/11\/30.jpg?w=336&amp;ssl=1 336w, https:\/\/i0.wp.com\/centrodeolivaryaceite.com\/wp-content\/uploads\/2014\/11\/30.jpg?resize=300%2C300&amp;ssl=1 300w, https:\/\/i0.wp.com\/centrodeolivaryaceite.com\/wp-content\/uploads\/2014\/11\/30.jpg?resize=150%2C150&amp;ssl=1 150w\" width=\"356\" height=\"356\" loading=\"lazy\" data-original-width=\"356\" data-original-height=\"356\" itemprop=\"http:\/\/schema.org\/image\" title=\"Presentaci\u00f3n de AOVEs\" alt=\"Cortijo Spiritu Santo\" style=\"width: 356px; height: 356px;\" \/> <\/a> <\/div> <\/div> <!-- close group --> <\/div> <!-- close row --> <div class=\"gallery-row\" style=\"width: 1080px; height: 360px;\" data-original-width=\"1080\" data-original-height=\"360\" > <div class=\"gallery-group images-1\" style=\"width: 360px; height: 360px;\" data-original-width=\"360\" data-original-height=\"360\" > <div class=\"tiled-gallery-item tiled-gallery-item-large\" itemprop=\"associatedMedia\" itemscope itemtype=\"http:\/\/schema.org\/ImageObject\"> <a href=\"https:\/\/centrodeolivaryaceite.com\/es\/presentacion-de-aceites-de-oliva-virgen-extra-de-nueva-cosecha-en-el-centro-de-interpretacion-olivar-y-aceite\/samsung-camera-pictures-69\/\" border=\"0\" itemprop=\"url\"> <meta itemprop=\"width\" content=\"356\"> <meta itemprop=\"height\" content=\"356\"> <img decoding=\"async\" class=\"\" data-attachment-id=\"3828\" data-orig-file=\"https:\/\/centrodeolivaryaceite.com\/wp-content\/uploads\/2014\/11\/31.jpg\" data-orig-size=\"336,336\" data-comments-opened=\"1\" data-image-meta=\"{&quot;aperture&quot;:&quot;3.2&quot;,&quot;credit&quot;:&quot;&quot;,&quot;camera&quot;:&quot;WB200F\\\/WB201F\\\/WB202F&quot;,&quot;caption&quot;:&quot;SAMSUNG CAMERA PICTURES&quot;,&quot;created_timestamp&quot;:&quot;1414781470&quot;,&quot;copyright&quot;:&quot;Copyright 2012&quot;,&quot;focal_length&quot;:&quot;4&quot;,&quot;iso&quot;:&quot;80&quot;,&quot;shutter_speed&quot;:&quot;0.033333333333333&quot;,&quot;title&quot;:&quot;SAMSUNG CAMERA PICTURES&quot;,&quot;orientation&quot;:&quot;1&quot;}\" data-image-title=\"Presentaci\u00f3n de AOVEs\" data-image-description=\"\" data-medium-file=\"https:\/\/i0.wp.com\/centrodeolivaryaceite.com\/wp-content\/uploads\/2014\/11\/31.jpg?fit=300%2C300&#038;ssl=1\" data-large-file=\"https:\/\/i0.wp.com\/centrodeolivaryaceite.com\/wp-content\/uploads\/2014\/11\/31.jpg?fit=336%2C336&#038;ssl=1\" src=\"https:\/\/i0.wp.com\/centrodeolivaryaceite.com\/wp-content\/uploads\/2014\/11\/31.jpg?w=356&#038;h=356&#038;crop=1&#038;ssl=1\" srcset=\"https:\/\/i0.wp.com\/centrodeolivaryaceite.com\/wp-content\/uploads\/2014\/11\/31.jpg?w=336&amp;ssl=1 336w, https:\/\/i0.wp.com\/centrodeolivaryaceite.com\/wp-content\/uploads\/2014\/11\/31.jpg?resize=300%2C300&amp;ssl=1 300w, https:\/\/i0.wp.com\/centrodeolivaryaceite.com\/wp-content\/uploads\/2014\/11\/31.jpg?resize=150%2C150&amp;ssl=1 150w\" width=\"356\" height=\"356\" loading=\"lazy\" data-original-width=\"356\" data-original-height=\"356\" itemprop=\"http:\/\/schema.org\/image\" title=\"Presentaci\u00f3n de AOVEs\" alt=\"Prologo\" style=\"width: 356px; height: 356px;\" \/> <\/a> <\/div> <\/div> <!-- close group --> <div class=\"gallery-group images-1\" style=\"width: 360px; height: 360px;\" data-original-width=\"360\" data-original-height=\"360\" > <div class=\"tiled-gallery-item tiled-gallery-item-large\" itemprop=\"associatedMedia\" itemscope itemtype=\"http:\/\/schema.org\/ImageObject\"> <a href=\"https:\/\/centrodeolivaryaceite.com\/es\/presentacion-de-aceites-de-oliva-virgen-extra-de-nueva-cosecha-en-el-centro-de-interpretacion-olivar-y-aceite\/samsung-camera-pictures-70\/\" border=\"0\" itemprop=\"url\"> <meta itemprop=\"width\" content=\"356\"> <meta itemprop=\"height\" content=\"356\"> <img decoding=\"async\" class=\"\" data-attachment-id=\"3829\" data-orig-file=\"https:\/\/centrodeolivaryaceite.com\/wp-content\/uploads\/2014\/11\/32.jpg\" data-orig-size=\"336,336\" data-comments-opened=\"1\" data-image-meta=\"{&quot;aperture&quot;:&quot;3.2&quot;,&quot;credit&quot;:&quot;&quot;,&quot;camera&quot;:&quot;WB200F\\\/WB201F\\\/WB202F&quot;,&quot;caption&quot;:&quot;SAMSUNG CAMERA PICTURES&quot;,&quot;created_timestamp&quot;:&quot;1414782269&quot;,&quot;copyright&quot;:&quot;Copyright 2012&quot;,&quot;focal_length&quot;:&quot;4&quot;,&quot;iso&quot;:&quot;200&quot;,&quot;shutter_speed&quot;:&quot;0.05&quot;,&quot;title&quot;:&quot;SAMSUNG CAMERA PICTURES&quot;,&quot;orientation&quot;:&quot;1&quot;}\" data-image-title=\"Presentaci\u00f3n de AOVEs\" data-image-description=\"\" data-medium-file=\"https:\/\/i0.wp.com\/centrodeolivaryaceite.com\/wp-content\/uploads\/2014\/11\/32.jpg?fit=300%2C300&#038;ssl=1\" data-large-file=\"https:\/\/i0.wp.com\/centrodeolivaryaceite.com\/wp-content\/uploads\/2014\/11\/32.jpg?fit=336%2C336&#038;ssl=1\" src=\"https:\/\/i0.wp.com\/centrodeolivaryaceite.com\/wp-content\/uploads\/2014\/11\/32.jpg?w=356&#038;h=356&#038;crop=1&#038;ssl=1\" srcset=\"https:\/\/i0.wp.com\/centrodeolivaryaceite.com\/wp-content\/uploads\/2014\/11\/32.jpg?w=336&amp;ssl=1 336w, https:\/\/i0.wp.com\/centrodeolivaryaceite.com\/wp-content\/uploads\/2014\/11\/32.jpg?resize=300%2C300&amp;ssl=1 300w, https:\/\/i0.wp.com\/centrodeolivaryaceite.com\/wp-content\/uploads\/2014\/11\/32.jpg?resize=150%2C150&amp;ssl=1 150w\" width=\"356\" height=\"356\" loading=\"lazy\" data-original-width=\"356\" data-original-height=\"356\" itemprop=\"http:\/\/schema.org\/image\" title=\"Presentaci\u00f3n de AOVEs\" alt=\"Tierras de tavara\" style=\"width: 356px; height: 356px;\" \/> <\/a> <\/div> <\/div> <!-- close group --> <div class=\"gallery-group images-1\" style=\"width: 360px; height: 360px;\" data-original-width=\"360\" data-original-height=\"360\" > <div class=\"tiled-gallery-item tiled-gallery-item-large\" itemprop=\"associatedMedia\" itemscope itemtype=\"http:\/\/schema.org\/ImageObject\"> <a href=\"https:\/\/centrodeolivaryaceite.com\/es\/presentacion-de-aceites-de-oliva-virgen-extra-de-nueva-cosecha-en-el-centro-de-interpretacion-olivar-y-aceite\/samsung-camera-pictures-71\/\" border=\"0\" itemprop=\"url\"> <meta itemprop=\"width\" content=\"356\"> <meta itemprop=\"height\" content=\"356\"> <img decoding=\"async\" class=\"\" data-attachment-id=\"3830\" data-orig-file=\"https:\/\/centrodeolivaryaceite.com\/wp-content\/uploads\/2014\/11\/33.jpg\" data-orig-size=\"336,336\" data-comments-opened=\"1\" data-image-meta=\"{&quot;aperture&quot;:&quot;3.2&quot;,&quot;credit&quot;:&quot;&quot;,&quot;camera&quot;:&quot;WB200F\\\/WB201F\\\/WB202F&quot;,&quot;caption&quot;:&quot;SAMSUNG CAMERA PICTURES&quot;,&quot;created_timestamp&quot;:&quot;1414782284&quot;,&quot;copyright&quot;:&quot;Copyright 2012&quot;,&quot;focal_length&quot;:&quot;4&quot;,&quot;iso&quot;:&quot;160&quot;,&quot;shutter_speed&quot;:&quot;0.033333333333333&quot;,&quot;title&quot;:&quot;SAMSUNG CAMERA PICTURES&quot;,&quot;orientation&quot;:&quot;1&quot;}\" data-image-title=\"Presentaci\u00f3n de AOVEs\" data-image-description=\"\" data-medium-file=\"https:\/\/i0.wp.com\/centrodeolivaryaceite.com\/wp-content\/uploads\/2014\/11\/33.jpg?fit=300%2C300&#038;ssl=1\" data-large-file=\"https:\/\/i0.wp.com\/centrodeolivaryaceite.com\/wp-content\/uploads\/2014\/11\/33.jpg?fit=336%2C336&#038;ssl=1\" src=\"https:\/\/i0.wp.com\/centrodeolivaryaceite.com\/wp-content\/uploads\/2014\/11\/33.jpg?w=356&#038;h=356&#038;crop=1&#038;ssl=1\" srcset=\"https:\/\/i0.wp.com\/centrodeolivaryaceite.com\/wp-content\/uploads\/2014\/11\/33.jpg?w=336&amp;ssl=1 336w, https:\/\/i0.wp.com\/centrodeolivaryaceite.com\/wp-content\/uploads\/2014\/11\/33.jpg?resize=300%2C300&amp;ssl=1 300w, https:\/\/i0.wp.com\/centrodeolivaryaceite.com\/wp-content\/uploads\/2014\/11\/33.jpg?resize=150%2C150&amp;ssl=1 150w\" width=\"356\" height=\"356\" loading=\"lazy\" data-original-width=\"356\" data-original-height=\"356\" itemprop=\"http:\/\/schema.org\/image\" title=\"Presentaci\u00f3n de AOVEs\" alt=\"Claramunt\" style=\"width: 356px; height: 356px;\" \/> <\/a> <\/div> <\/div> <!-- close group --> <\/div> <!-- close row --> <div class=\"gallery-row\" style=\"width: 1080px; height: 720px;\" data-original-width=\"1080\" data-original-height=\"720\" > <div class=\"gallery-group images-2\" style=\"width: 360px; height: 720px;\" data-original-width=\"360\" data-original-height=\"720\" > <div class=\"tiled-gallery-item tiled-gallery-item-large\" itemprop=\"associatedMedia\" itemscope itemtype=\"http:\/\/schema.org\/ImageObject\"> <a href=\"https:\/\/centrodeolivaryaceite.com\/es\/presentacion-de-aceites-de-oliva-virgen-extra-de-nueva-cosecha-en-el-centro-de-interpretacion-olivar-y-aceite\/samsung-camera-pictures-72\/\" border=\"0\" itemprop=\"url\"> <meta itemprop=\"width\" content=\"356\"> <meta itemprop=\"height\" content=\"356\"> <img decoding=\"async\" class=\"\" data-attachment-id=\"3831\" data-orig-file=\"https:\/\/centrodeolivaryaceite.com\/wp-content\/uploads\/2014\/11\/34.jpg\" data-orig-size=\"336,336\" data-comments-opened=\"1\" data-image-meta=\"{&quot;aperture&quot;:&quot;3.2&quot;,&quot;credit&quot;:&quot;&quot;,&quot;camera&quot;:&quot;WB200F\\\/WB201F\\\/WB202F&quot;,&quot;caption&quot;:&quot;SAMSUNG CAMERA PICTURES&quot;,&quot;created_timestamp&quot;:&quot;1414782292&quot;,&quot;copyright&quot;:&quot;Copyright 2012&quot;,&quot;focal_length&quot;:&quot;4&quot;,&quot;iso&quot;:&quot;160&quot;,&quot;shutter_speed&quot;:&quot;0.033333333333333&quot;,&quot;title&quot;:&quot;SAMSUNG CAMERA PICTURES&quot;,&quot;orientation&quot;:&quot;1&quot;}\" data-image-title=\"Presentaci\u00f3n de AOVEs\" data-image-description=\"\" data-medium-file=\"https:\/\/i0.wp.com\/centrodeolivaryaceite.com\/wp-content\/uploads\/2014\/11\/34.jpg?fit=300%2C300&#038;ssl=1\" data-large-file=\"https:\/\/i0.wp.com\/centrodeolivaryaceite.com\/wp-content\/uploads\/2014\/11\/34.jpg?fit=336%2C336&#038;ssl=1\" src=\"https:\/\/i0.wp.com\/centrodeolivaryaceite.com\/wp-content\/uploads\/2014\/11\/34.jpg?w=356&#038;h=356&#038;crop=1&#038;ssl=1\" srcset=\"https:\/\/i0.wp.com\/centrodeolivaryaceite.com\/wp-content\/uploads\/2014\/11\/34.jpg?w=336&amp;ssl=1 336w, https:\/\/i0.wp.com\/centrodeolivaryaceite.com\/wp-content\/uploads\/2014\/11\/34.jpg?resize=300%2C300&amp;ssl=1 300w, https:\/\/i0.wp.com\/centrodeolivaryaceite.com\/wp-content\/uploads\/2014\/11\/34.jpg?resize=150%2C150&amp;ssl=1 150w\" width=\"356\" height=\"356\" loading=\"lazy\" data-original-width=\"356\" data-original-height=\"356\" itemprop=\"http:\/\/schema.org\/image\" title=\"Presentaci\u00f3n de AOVEs\" alt=\"Elizondo\" style=\"width: 356px; height: 356px;\" \/> <\/a> <\/div> <div class=\"tiled-gallery-item tiled-gallery-item-large\" itemprop=\"associatedMedia\" itemscope itemtype=\"http:\/\/schema.org\/ImageObject\"> <a href=\"https:\/\/centrodeolivaryaceite.com\/es\/presentacion-de-aceites-de-oliva-virgen-extra-de-nueva-cosecha-en-el-centro-de-interpretacion-olivar-y-aceite\/samsung-camera-pictures-73\/\" border=\"0\" itemprop=\"url\"> <meta itemprop=\"width\" content=\"356\"> <meta itemprop=\"height\" content=\"356\"> <img decoding=\"async\" class=\"\" data-attachment-id=\"3832\" data-orig-file=\"https:\/\/centrodeolivaryaceite.com\/wp-content\/uploads\/2014\/11\/35.jpg\" data-orig-size=\"336,336\" data-comments-opened=\"1\" data-image-meta=\"{&quot;aperture&quot;:&quot;3.2&quot;,&quot;credit&quot;:&quot;&quot;,&quot;camera&quot;:&quot;WB200F\\\/WB201F\\\/WB202F&quot;,&quot;caption&quot;:&quot;SAMSUNG CAMERA PICTURES&quot;,&quot;created_timestamp&quot;:&quot;1414782357&quot;,&quot;copyright&quot;:&quot;Copyright 2012&quot;,&quot;focal_length&quot;:&quot;4&quot;,&quot;iso&quot;:&quot;240&quot;,&quot;shutter_speed&quot;:&quot;0.05&quot;,&quot;title&quot;:&quot;SAMSUNG CAMERA PICTURES&quot;,&quot;orientation&quot;:&quot;1&quot;}\" data-image-title=\"Presentaci\u00f3n de AOVEs\" data-image-description=\"\" data-medium-file=\"https:\/\/i0.wp.com\/centrodeolivaryaceite.com\/wp-content\/uploads\/2014\/11\/35.jpg?fit=300%2C300&#038;ssl=1\" data-large-file=\"https:\/\/i0.wp.com\/centrodeolivaryaceite.com\/wp-content\/uploads\/2014\/11\/35.jpg?fit=336%2C336&#038;ssl=1\" src=\"https:\/\/i0.wp.com\/centrodeolivaryaceite.com\/wp-content\/uploads\/2014\/11\/35.jpg?w=356&#038;h=356&#038;crop=1&#038;ssl=1\" srcset=\"https:\/\/i0.wp.com\/centrodeolivaryaceite.com\/wp-content\/uploads\/2014\/11\/35.jpg?w=336&amp;ssl=1 336w, https:\/\/i0.wp.com\/centrodeolivaryaceite.com\/wp-content\/uploads\/2014\/11\/35.jpg?resize=300%2C300&amp;ssl=1 300w, https:\/\/i0.wp.com\/centrodeolivaryaceite.com\/wp-content\/uploads\/2014\/11\/35.jpg?resize=150%2C150&amp;ssl=1 150w\" width=\"356\" height=\"356\" loading=\"lazy\" data-original-width=\"356\" data-original-height=\"356\" itemprop=\"http:\/\/schema.org\/image\" title=\"Presentaci\u00f3n de AOVEs\" alt=\"Patio del Centro\" style=\"width: 356px; height: 356px;\" \/> <\/a> <\/div> <\/div> <!-- close group --> <div class=\"gallery-group images-1\" style=\"width: 720px; height: 720px;\" data-original-width=\"720\" data-original-height=\"720\" > <div class=\"tiled-gallery-item tiled-gallery-item-large\" itemprop=\"associatedMedia\" itemscope itemtype=\"http:\/\/schema.org\/ImageObject\"> <a href=\"https:\/\/centrodeolivaryaceite.com\/es\/presentacion-de-aceites-de-oliva-virgen-extra-de-nueva-cosecha-en-el-centro-de-interpretacion-olivar-y-aceite\/samsung-camera-pictures-74\/\" border=\"0\" itemprop=\"url\"> <meta itemprop=\"width\" content=\"716\"> <meta itemprop=\"height\" content=\"716\"> <img decoding=\"async\" class=\"\" data-attachment-id=\"3833\" data-orig-file=\"https:\/\/centrodeolivaryaceite.com\/wp-content\/uploads\/2014\/11\/36.jpg\" data-orig-size=\"336,336\" data-comments-opened=\"1\" data-image-meta=\"{&quot;aperture&quot;:&quot;3.2&quot;,&quot;credit&quot;:&quot;&quot;,&quot;camera&quot;:&quot;WB200F\\\/WB201F\\\/WB202F&quot;,&quot;caption&quot;:&quot;SAMSUNG CAMERA PICTURES&quot;,&quot;created_timestamp&quot;:&quot;1414782364&quot;,&quot;copyright&quot;:&quot;Copyright 2012&quot;,&quot;focal_length&quot;:&quot;4&quot;,&quot;iso&quot;:&quot;240&quot;,&quot;shutter_speed&quot;:&quot;0.05&quot;,&quot;title&quot;:&quot;SAMSUNG CAMERA PICTURES&quot;,&quot;orientation&quot;:&quot;1&quot;}\" data-image-title=\"Presentaci\u00f3n de AOVEs\" data-image-description=\"\" data-medium-file=\"https:\/\/i0.wp.com\/centrodeolivaryaceite.com\/wp-content\/uploads\/2014\/11\/36.jpg?fit=300%2C300&#038;ssl=1\" data-large-file=\"https:\/\/i0.wp.com\/centrodeolivaryaceite.com\/wp-content\/uploads\/2014\/11\/36.jpg?fit=336%2C336&#038;ssl=1\" src=\"https:\/\/i0.wp.com\/centrodeolivaryaceite.com\/wp-content\/uploads\/2014\/11\/36.jpg?w=716&#038;h=716&#038;crop=1&#038;ssl=1\" srcset=\"https:\/\/i0.wp.com\/centrodeolivaryaceite.com\/wp-content\/uploads\/2014\/11\/36.jpg?w=336&amp;ssl=1 336w, https:\/\/i0.wp.com\/centrodeolivaryaceite.com\/wp-content\/uploads\/2014\/11\/36.jpg?resize=300%2C300&amp;ssl=1 300w, https:\/\/i0.wp.com\/centrodeolivaryaceite.com\/wp-content\/uploads\/2014\/11\/36.jpg?resize=150%2C150&amp;ssl=1 150w\" width=\"716\" height=\"716\" loading=\"lazy\" data-original-width=\"716\" data-original-height=\"716\" itemprop=\"http:\/\/schema.org\/image\" title=\"Presentaci\u00f3n de AOVEs\" alt=\"Patio\" style=\"width: 716px; height: 716px;\" \/> <\/a> <\/div> <\/div> <!-- close group --> <\/div> <!-- close row --> <div class=\"gallery-row\" style=\"width: 1080px; height: 540px;\" data-original-width=\"1080\" data-original-height=\"540\" > <div class=\"gallery-group images-1\" style=\"width: 540px; height: 540px;\" data-original-width=\"540\" data-original-height=\"540\" > <div class=\"tiled-gallery-item tiled-gallery-item-large\" itemprop=\"associatedMedia\" itemscope itemtype=\"http:\/\/schema.org\/ImageObject\"> <a href=\"https:\/\/centrodeolivaryaceite.com\/es\/presentacion-de-aceites-de-oliva-virgen-extra-de-nueva-cosecha-en-el-centro-de-interpretacion-olivar-y-aceite\/samsung-camera-pictures-75\/\" border=\"0\" itemprop=\"url\"> <meta itemprop=\"width\" content=\"536\"> <meta itemprop=\"height\" content=\"536\"> <img decoding=\"async\" class=\"\" data-attachment-id=\"3834\" data-orig-file=\"https:\/\/centrodeolivaryaceite.com\/wp-content\/uploads\/2014\/11\/1.jpg\" data-orig-size=\"336,336\" data-comments-opened=\"1\" data-image-meta=\"{&quot;aperture&quot;:&quot;3.2&quot;,&quot;credit&quot;:&quot;&quot;,&quot;camera&quot;:&quot;WB200F\\\/WB201F\\\/WB202F&quot;,&quot;caption&quot;:&quot;SAMSUNG CAMERA PICTURES&quot;,&quot;created_timestamp&quot;:&quot;1414778306&quot;,&quot;copyright&quot;:&quot;Copyright 2012&quot;,&quot;focal_length&quot;:&quot;4&quot;,&quot;iso&quot;:&quot;80&quot;,&quot;shutter_speed&quot;:&quot;0.008&quot;,&quot;title&quot;:&quot;SAMSUNG CAMERA PICTURES&quot;,&quot;orientation&quot;:&quot;1&quot;}\" data-image-title=\"Presentaci\u00f3n de AOVEs\" data-image-description=\"\" data-medium-file=\"https:\/\/i0.wp.com\/centrodeolivaryaceite.com\/wp-content\/uploads\/2014\/11\/1.jpg?fit=300%2C300&#038;ssl=1\" data-large-file=\"https:\/\/i0.wp.com\/centrodeolivaryaceite.com\/wp-content\/uploads\/2014\/11\/1.jpg?fit=336%2C336&#038;ssl=1\" src=\"https:\/\/i0.wp.com\/centrodeolivaryaceite.com\/wp-content\/uploads\/2014\/11\/1.jpg?w=536&#038;h=536&#038;crop=1&#038;ssl=1\" srcset=\"https:\/\/i0.wp.com\/centrodeolivaryaceite.com\/wp-content\/uploads\/2014\/11\/1.jpg?w=336&amp;ssl=1 336w, https:\/\/i0.wp.com\/centrodeolivaryaceite.com\/wp-content\/uploads\/2014\/11\/1.jpg?resize=300%2C300&amp;ssl=1 300w, https:\/\/i0.wp.com\/centrodeolivaryaceite.com\/wp-content\/uploads\/2014\/11\/1.jpg?resize=150%2C150&amp;ssl=1 150w\" width=\"536\" height=\"536\" loading=\"lazy\" data-original-width=\"536\" data-original-height=\"536\" itemprop=\"http:\/\/schema.org\/image\" title=\"Presentaci\u00f3n de AOVEs\" alt=\"Cortijo la Torre\" style=\"width: 536px; height: 536px;\" \/> <\/a> <\/div> <\/div> <!-- close group --> <div class=\"gallery-group images-1\" style=\"width: 540px; height: 540px;\" data-original-width=\"540\" data-original-height=\"540\" > <div class=\"tiled-gallery-item tiled-gallery-item-large\" itemprop=\"associatedMedia\" itemscope itemtype=\"http:\/\/schema.org\/ImageObject\"> <a href=\"https:\/\/centrodeolivaryaceite.com\/es\/presentacion-de-aceites-de-oliva-virgen-extra-de-nueva-cosecha-en-el-centro-de-interpretacion-olivar-y-aceite\/samsung-camera-pictures-76\/\" border=\"0\" itemprop=\"url\"> <meta itemprop=\"width\" content=\"536\"> <meta itemprop=\"height\" content=\"536\"> <img decoding=\"async\" class=\"\" data-attachment-id=\"3835\" data-orig-file=\"https:\/\/centrodeolivaryaceite.com\/wp-content\/uploads\/2014\/11\/2.jpg\" data-orig-size=\"336,336\" data-comments-opened=\"1\" data-image-meta=\"{&quot;aperture&quot;:&quot;3.2&quot;,&quot;credit&quot;:&quot;&quot;,&quot;camera&quot;:&quot;WB200F\\\/WB201F\\\/WB202F&quot;,&quot;caption&quot;:&quot;SAMSUNG CAMERA PICTURES&quot;,&quot;created_timestamp&quot;:&quot;1414778331&quot;,&quot;copyright&quot;:&quot;Copyright 2012&quot;,&quot;focal_length&quot;:&quot;4&quot;,&quot;iso&quot;:&quot;80&quot;,&quot;shutter_speed&quot;:&quot;0.0055555555555556&quot;,&quot;title&quot;:&quot;SAMSUNG CAMERA PICTURES&quot;,&quot;orientation&quot;:&quot;1&quot;}\" data-image-title=\"Presentaci\u00f3n de AOVEs\" data-image-description=\"\" data-medium-file=\"https:\/\/i0.wp.com\/centrodeolivaryaceite.com\/wp-content\/uploads\/2014\/11\/2.jpg?fit=300%2C300&#038;ssl=1\" data-large-file=\"https:\/\/i0.wp.com\/centrodeolivaryaceite.com\/wp-content\/uploads\/2014\/11\/2.jpg?fit=336%2C336&#038;ssl=1\" src=\"https:\/\/i0.wp.com\/centrodeolivaryaceite.com\/wp-content\/uploads\/2014\/11\/2.jpg?w=536&#038;h=536&#038;crop=1&#038;ssl=1\" srcset=\"https:\/\/i0.wp.com\/centrodeolivaryaceite.com\/wp-content\/uploads\/2014\/11\/2.jpg?w=336&amp;ssl=1 336w, https:\/\/i0.wp.com\/centrodeolivaryaceite.com\/wp-content\/uploads\/2014\/11\/2.jpg?resize=300%2C300&amp;ssl=1 300w, https:\/\/i0.wp.com\/centrodeolivaryaceite.com\/wp-content\/uploads\/2014\/11\/2.jpg?resize=150%2C150&amp;ssl=1 150w\" width=\"536\" height=\"536\" loading=\"lazy\" data-original-width=\"536\" data-original-height=\"536\" itemprop=\"http:\/\/schema.org\/image\" title=\"Presentaci\u00f3n de AOVEs\" alt=\"Claramunt\" style=\"width: 536px; height: 536px;\" \/> <\/a> <\/div> <\/div> <!-- close group --> <\/div> <!-- close row --> <div class=\"gallery-row\" style=\"width: 1080px; height: 720px;\" data-original-width=\"1080\" data-original-height=\"720\" > <div class=\"gallery-group images-1\" style=\"width: 720px; height: 720px;\" data-original-width=\"720\" data-original-height=\"720\" > <div class=\"tiled-gallery-item tiled-gallery-item-large\" itemprop=\"associatedMedia\" itemscope itemtype=\"http:\/\/schema.org\/ImageObject\"> <a href=\"https:\/\/centrodeolivaryaceite.com\/es\/presentacion-de-aceites-de-oliva-virgen-extra-de-nueva-cosecha-en-el-centro-de-interpretacion-olivar-y-aceite\/samsung-camera-pictures-77\/\" border=\"0\" itemprop=\"url\"> <meta itemprop=\"width\" content=\"716\"> <meta itemprop=\"height\" content=\"716\"> <img decoding=\"async\" class=\"\" data-attachment-id=\"3836\" data-orig-file=\"https:\/\/centrodeolivaryaceite.com\/wp-content\/uploads\/2014\/11\/3.jpg\" data-orig-size=\"336,336\" data-comments-opened=\"1\" data-image-meta=\"{&quot;aperture&quot;:&quot;3.2&quot;,&quot;credit&quot;:&quot;&quot;,&quot;camera&quot;:&quot;WB200F\\\/WB201F\\\/WB202F&quot;,&quot;caption&quot;:&quot;SAMSUNG CAMERA PICTURES&quot;,&quot;created_timestamp&quot;:&quot;1414778351&quot;,&quot;copyright&quot;:&quot;Copyright 2012&quot;,&quot;focal_length&quot;:&quot;4&quot;,&quot;iso&quot;:&quot;80&quot;,&quot;shutter_speed&quot;:&quot;0.011111111111111&quot;,&quot;title&quot;:&quot;SAMSUNG CAMERA PICTURES&quot;,&quot;orientation&quot;:&quot;1&quot;}\" data-image-title=\"Presentaci\u00f3n de AOVEs\" data-image-description=\"\" data-medium-file=\"https:\/\/i0.wp.com\/centrodeolivaryaceite.com\/wp-content\/uploads\/2014\/11\/3.jpg?fit=300%2C300&#038;ssl=1\" data-large-file=\"https:\/\/i0.wp.com\/centrodeolivaryaceite.com\/wp-content\/uploads\/2014\/11\/3.jpg?fit=336%2C336&#038;ssl=1\" src=\"https:\/\/i0.wp.com\/centrodeolivaryaceite.com\/wp-content\/uploads\/2014\/11\/3.jpg?w=716&#038;h=716&#038;crop=1&#038;ssl=1\" srcset=\"https:\/\/i0.wp.com\/centrodeolivaryaceite.com\/wp-content\/uploads\/2014\/11\/3.jpg?w=336&amp;ssl=1 336w, https:\/\/i0.wp.com\/centrodeolivaryaceite.com\/wp-content\/uploads\/2014\/11\/3.jpg?resize=300%2C300&amp;ssl=1 300w, https:\/\/i0.wp.com\/centrodeolivaryaceite.com\/wp-content\/uploads\/2014\/11\/3.jpg?resize=150%2C150&amp;ssl=1 150w\" width=\"716\" height=\"716\" loading=\"lazy\" data-original-width=\"716\" data-original-height=\"716\" itemprop=\"http:\/\/schema.org\/image\" title=\"Presentaci\u00f3n de AOVEs\" alt=\"Patio del Centro\" style=\"width: 716px; height: 716px;\" \/> <\/a> <\/div> <\/div> <!-- close group --> <div class=\"gallery-group images-2\" style=\"width: 360px; height: 720px;\" data-original-width=\"360\" data-original-height=\"720\" > <div class=\"tiled-gallery-item tiled-gallery-item-large\" itemprop=\"associatedMedia\" itemscope itemtype=\"http:\/\/schema.org\/ImageObject\"> <a href=\"https:\/\/centrodeolivaryaceite.com\/es\/presentacion-de-aceites-de-oliva-virgen-extra-de-nueva-cosecha-en-el-centro-de-interpretacion-olivar-y-aceite\/samsung-camera-pictures-78\/\" border=\"0\" itemprop=\"url\"> <meta itemprop=\"width\" content=\"356\"> <meta itemprop=\"height\" content=\"356\"> <img decoding=\"async\" class=\"\" data-attachment-id=\"3837\" data-orig-file=\"https:\/\/centrodeolivaryaceite.com\/wp-content\/uploads\/2014\/11\/4.jpg\" data-orig-size=\"336,336\" data-comments-opened=\"1\" data-image-meta=\"{&quot;aperture&quot;:&quot;3.2&quot;,&quot;credit&quot;:&quot;&quot;,&quot;camera&quot;:&quot;WB200F\\\/WB201F\\\/WB202F&quot;,&quot;caption&quot;:&quot;SAMSUNG CAMERA PICTURES&quot;,&quot;created_timestamp&quot;:&quot;1414779035&quot;,&quot;copyright&quot;:&quot;Copyright 2012&quot;,&quot;focal_length&quot;:&quot;4&quot;,&quot;iso&quot;:&quot;80&quot;,&quot;shutter_speed&quot;:&quot;0.011111111111111&quot;,&quot;title&quot;:&quot;SAMSUNG CAMERA PICTURES&quot;,&quot;orientation&quot;:&quot;1&quot;}\" data-image-title=\"Presentaci\u00f3n de AOVEs\" data-image-description=\"\" data-medium-file=\"https:\/\/i0.wp.com\/centrodeolivaryaceite.com\/wp-content\/uploads\/2014\/11\/4.jpg?fit=300%2C300&#038;ssl=1\" data-large-file=\"https:\/\/i0.wp.com\/centrodeolivaryaceite.com\/wp-content\/uploads\/2014\/11\/4.jpg?fit=336%2C336&#038;ssl=1\" src=\"https:\/\/i0.wp.com\/centrodeolivaryaceite.com\/wp-content\/uploads\/2014\/11\/4.jpg?w=356&#038;h=356&#038;crop=1&#038;ssl=1\" srcset=\"https:\/\/i0.wp.com\/centrodeolivaryaceite.com\/wp-content\/uploads\/2014\/11\/4.jpg?w=336&amp;ssl=1 336w, https:\/\/i0.wp.com\/centrodeolivaryaceite.com\/wp-content\/uploads\/2014\/11\/4.jpg?resize=300%2C300&amp;ssl=1 300w, https:\/\/i0.wp.com\/centrodeolivaryaceite.com\/wp-content\/uploads\/2014\/11\/4.jpg?resize=150%2C150&amp;ssl=1 150w\" width=\"356\" height=\"356\" loading=\"lazy\" data-original-width=\"356\" data-original-height=\"356\" itemprop=\"http:\/\/schema.org\/image\" title=\"Presentaci\u00f3n de AOVEs\" alt=\"Visitantes\" style=\"width: 356px; height: 356px;\" \/> <\/a> <\/div> <div class=\"tiled-gallery-item tiled-gallery-item-large\" itemprop=\"associatedMedia\" itemscope itemtype=\"http:\/\/schema.org\/ImageObject\"> <a href=\"https:\/\/centrodeolivaryaceite.com\/es\/presentacion-de-aceites-de-oliva-virgen-extra-de-nueva-cosecha-en-el-centro-de-interpretacion-olivar-y-aceite\/samsung-camera-pictures-79\/\" border=\"0\" itemprop=\"url\"> <meta itemprop=\"width\" content=\"356\"> <meta itemprop=\"height\" content=\"356\"> <img decoding=\"async\" class=\"\" data-attachment-id=\"3838\" data-orig-file=\"https:\/\/centrodeolivaryaceite.com\/wp-content\/uploads\/2014\/11\/5.jpg\" data-orig-size=\"336,336\" data-comments-opened=\"1\" data-image-meta=\"{&quot;aperture&quot;:&quot;3.2&quot;,&quot;credit&quot;:&quot;&quot;,&quot;camera&quot;:&quot;WB200F\\\/WB201F\\\/WB202F&quot;,&quot;caption&quot;:&quot;SAMSUNG CAMERA PICTURES&quot;,&quot;created_timestamp&quot;:&quot;1414779083&quot;,&quot;copyright&quot;:&quot;Copyright 2012&quot;,&quot;focal_length&quot;:&quot;4&quot;,&quot;iso&quot;:&quot;80&quot;,&quot;shutter_speed&quot;:&quot;0.011111111111111&quot;,&quot;title&quot;:&quot;SAMSUNG CAMERA PICTURES&quot;,&quot;orientation&quot;:&quot;1&quot;}\" data-image-title=\"Presentaci\u00f3n de AOVEs\" data-image-description=\"\" data-medium-file=\"https:\/\/i0.wp.com\/centrodeolivaryaceite.com\/wp-content\/uploads\/2014\/11\/5.jpg?fit=300%2C300&#038;ssl=1\" data-large-file=\"https:\/\/i0.wp.com\/centrodeolivaryaceite.com\/wp-content\/uploads\/2014\/11\/5.jpg?fit=336%2C336&#038;ssl=1\" src=\"https:\/\/i0.wp.com\/centrodeolivaryaceite.com\/wp-content\/uploads\/2014\/11\/5.jpg?w=356&#038;h=356&#038;crop=1&#038;ssl=1\" srcset=\"https:\/\/i0.wp.com\/centrodeolivaryaceite.com\/wp-content\/uploads\/2014\/11\/5.jpg?w=336&amp;ssl=1 336w, https:\/\/i0.wp.com\/centrodeolivaryaceite.com\/wp-content\/uploads\/2014\/11\/5.jpg?resize=300%2C300&amp;ssl=1 300w, https:\/\/i0.wp.com\/centrodeolivaryaceite.com\/wp-content\/uploads\/2014\/11\/5.jpg?resize=150%2C150&amp;ssl=1 150w\" width=\"356\" height=\"356\" loading=\"lazy\" data-original-width=\"356\" data-original-height=\"356\" itemprop=\"http:\/\/schema.org\/image\" title=\"Presentaci\u00f3n de AOVEs\" alt=\"Jornadas abiertas\" style=\"width: 356px; height: 356px;\" \/> <\/a> <\/div> <\/div> <!-- close group --> <\/div> <!-- close row --> <div class=\"gallery-row\" style=\"width: 1080px; height: 904px;\" data-original-width=\"1080\" data-original-height=\"904\" > <div class=\"gallery-group images-3\" style=\"width: 401px; height: 904px;\" data-original-width=\"401\" data-original-height=\"904\" > <div class=\"tiled-gallery-item tiled-gallery-item-large\" itemprop=\"associatedMedia\" itemscope itemtype=\"http:\/\/schema.org\/ImageObject\"> <a href=\"https:\/\/centrodeolivaryaceite.com\/es\/presentacion-de-aceites-de-oliva-virgen-extra-de-nueva-cosecha-en-el-centro-de-interpretacion-olivar-y-aceite\/p1040552\/\" border=\"0\" itemprop=\"url\"> <meta itemprop=\"width\" content=\"397\"> <meta itemprop=\"height\" content=\"298\"> <img decoding=\"async\" class=\"\" data-attachment-id=\"3843\" data-orig-file=\"https:\/\/centrodeolivaryaceite.com\/wp-content\/uploads\/2014\/11\/P1040552.jpg\" data-orig-size=\"448,336\" data-comments-opened=\"1\" data-image-meta=\"{&quot;aperture&quot;:&quot;2.8&quot;,&quot;credit&quot;:&quot;&quot;,&quot;camera&quot;:&quot;DMC-FZ38&quot;,&quot;caption&quot;:&quot;&quot;,&quot;created_timestamp&quot;:&quot;1414780985&quot;,&quot;copyright&quot;:&quot;&quot;,&quot;focal_length&quot;:&quot;4.8&quot;,&quot;iso&quot;:&quot;125&quot;,&quot;shutter_speed&quot;:&quot;0.033333333333333&quot;,&quot;title&quot;:&quot;&quot;,&quot;orientation&quot;:&quot;1&quot;}\" data-image-title=\"P1040552\" data-image-description=\"\" data-medium-file=\"https:\/\/i0.wp.com\/centrodeolivaryaceite.com\/wp-content\/uploads\/2014\/11\/P1040552.jpg?fit=300%2C225&#038;ssl=1\" data-large-file=\"https:\/\/i0.wp.com\/centrodeolivaryaceite.com\/wp-content\/uploads\/2014\/11\/P1040552.jpg?fit=448%2C336&#038;ssl=1\" src=\"https:\/\/i0.wp.com\/centrodeolivaryaceite.com\/wp-content\/uploads\/2014\/11\/P1040552.jpg?w=397&#038;h=298&#038;ssl=1\" srcset=\"https:\/\/i0.wp.com\/centrodeolivaryaceite.com\/wp-content\/uploads\/2014\/11\/P1040552.jpg?w=448&amp;ssl=1 448w, https:\/\/i0.wp.com\/centrodeolivaryaceite.com\/wp-content\/uploads\/2014\/11\/P1040552.jpg?resize=300%2C225&amp;ssl=1 300w\" width=\"397\" height=\"298\" loading=\"lazy\" data-original-width=\"397\" data-original-height=\"298\" itemprop=\"http:\/\/schema.org\/image\" title=\"P1040552\" alt=\"Tapas\" style=\"width: 397px; height: 298px;\" \/> <\/a> <\/div> <div class=\"tiled-gallery-item tiled-gallery-item-large\" itemprop=\"associatedMedia\" itemscope itemtype=\"http:\/\/schema.org\/ImageObject\"> <a href=\"https:\/\/centrodeolivaryaceite.com\/es\/presentacion-de-aceites-de-oliva-virgen-extra-de-nueva-cosecha-en-el-centro-de-interpretacion-olivar-y-aceite\/p1040555\/\" border=\"0\" itemprop=\"url\"> <meta itemprop=\"width\" content=\"397\"> <meta itemprop=\"height\" content=\"297\"> <img decoding=\"async\" class=\"\" data-attachment-id=\"3847\" data-orig-file=\"https:\/\/centrodeolivaryaceite.com\/wp-content\/uploads\/2014\/11\/P1040555.jpg\" data-orig-size=\"448,336\" data-comments-opened=\"1\" data-image-meta=\"{&quot;aperture&quot;:&quot;3.6&quot;,&quot;credit&quot;:&quot;&quot;,&quot;camera&quot;:&quot;DMC-FZ38&quot;,&quot;caption&quot;:&quot;&quot;,&quot;created_timestamp&quot;:&quot;1414781089&quot;,&quot;copyright&quot;:&quot;&quot;,&quot;focal_length&quot;:&quot;24.5&quot;,&quot;iso&quot;:&quot;160&quot;,&quot;shutter_speed&quot;:&quot;0.025&quot;,&quot;title&quot;:&quot;&quot;,&quot;orientation&quot;:&quot;1&quot;}\" data-image-title=\"Maridaje del AOVE\" data-image-description=\"\" data-medium-file=\"https:\/\/i0.wp.com\/centrodeolivaryaceite.com\/wp-content\/uploads\/2014\/11\/P1040555.jpg?fit=300%2C225&#038;ssl=1\" data-large-file=\"https:\/\/i0.wp.com\/centrodeolivaryaceite.com\/wp-content\/uploads\/2014\/11\/P1040555.jpg?fit=448%2C336&#038;ssl=1\" src=\"https:\/\/i0.wp.com\/centrodeolivaryaceite.com\/wp-content\/uploads\/2014\/11\/P1040555.jpg?w=397&#038;h=297&#038;ssl=1\" srcset=\"https:\/\/i0.wp.com\/centrodeolivaryaceite.com\/wp-content\/uploads\/2014\/11\/P1040555.jpg?w=448&amp;ssl=1 448w, https:\/\/i0.wp.com\/centrodeolivaryaceite.com\/wp-content\/uploads\/2014\/11\/P1040555.jpg?resize=300%2C225&amp;ssl=1 300w\" width=\"397\" height=\"297\" loading=\"lazy\" data-original-width=\"397\" data-original-height=\"297\" itemprop=\"http:\/\/schema.org\/image\" title=\"Maridaje del AOVE\" alt=\"Anita cocinando\" style=\"width: 397px; height: 297px;\" \/> <\/a> <\/div> <div class=\"tiled-gallery-item tiled-gallery-item-large\" itemprop=\"associatedMedia\" itemscope itemtype=\"http:\/\/schema.org\/ImageObject\"> <a href=\"https:\/\/centrodeolivaryaceite.com\/es\/presentacion-de-aceites-de-oliva-virgen-extra-de-nueva-cosecha-en-el-centro-de-interpretacion-olivar-y-aceite\/p1040554\/\" border=\"0\" itemprop=\"url\"> <meta itemprop=\"width\" content=\"397\"> <meta itemprop=\"height\" content=\"297\"> <img decoding=\"async\" class=\"\" data-attachment-id=\"3848\" data-orig-file=\"https:\/\/centrodeolivaryaceite.com\/wp-content\/uploads\/2014\/11\/P1040554.jpg\" data-orig-size=\"448,336\" data-comments-opened=\"1\" data-image-meta=\"{&quot;aperture&quot;:&quot;3.6&quot;,&quot;credit&quot;:&quot;&quot;,&quot;camera&quot;:&quot;DMC-FZ38&quot;,&quot;caption&quot;:&quot;&quot;,&quot;created_timestamp&quot;:&quot;1414781079&quot;,&quot;copyright&quot;:&quot;&quot;,&quot;focal_length&quot;:&quot;24.5&quot;,&quot;iso&quot;:&quot;200&quot;,&quot;shutter_speed&quot;:&quot;0.025&quot;,&quot;title&quot;:&quot;&quot;,&quot;orientation&quot;:&quot;1&quot;}\" data-image-title=\"Maridaje del AOVE\" data-image-description=\"\" data-medium-file=\"https:\/\/i0.wp.com\/centrodeolivaryaceite.com\/wp-content\/uploads\/2014\/11\/P1040554.jpg?fit=300%2C225&#038;ssl=1\" data-large-file=\"https:\/\/i0.wp.com\/centrodeolivaryaceite.com\/wp-content\/uploads\/2014\/11\/P1040554.jpg?fit=448%2C336&#038;ssl=1\" src=\"https:\/\/i0.wp.com\/centrodeolivaryaceite.com\/wp-content\/uploads\/2014\/11\/P1040554.jpg?w=397&#038;h=297&#038;ssl=1\" srcset=\"https:\/\/i0.wp.com\/centrodeolivaryaceite.com\/wp-content\/uploads\/2014\/11\/P1040554.jpg?w=448&amp;ssl=1 448w, https:\/\/i0.wp.com\/centrodeolivaryaceite.com\/wp-content\/uploads\/2014\/11\/P1040554.jpg?resize=300%2C225&amp;ssl=1 300w\" width=\"397\" height=\"297\" loading=\"lazy\" data-original-width=\"397\" data-original-height=\"297\" itemprop=\"http:\/\/schema.org\/image\" title=\"Maridaje del AOVE\" alt=\"Taller de Cocina\" style=\"width: 397px; height: 297px;\" \/> <\/a> <\/div> <\/div> <!-- close group --> <div class=\"gallery-group images-1\" style=\"width: 679px; height: 904px;\" data-original-width=\"679\" data-original-height=\"904\" > <div class=\"tiled-gallery-item tiled-gallery-item-large\" itemprop=\"associatedMedia\" itemscope itemtype=\"http:\/\/schema.org\/ImageObject\"> <a href=\"https:\/\/centrodeolivaryaceite.com\/es\/presentacion-de-aceites-de-oliva-virgen-extra-de-nueva-cosecha-en-el-centro-de-interpretacion-olivar-y-aceite\/p1040603\/\" border=\"0\" itemprop=\"url\"> <meta itemprop=\"width\" content=\"675\"> <meta itemprop=\"height\" content=\"900\"> <img decoding=\"async\" class=\"\" data-attachment-id=\"3844\" data-orig-file=\"https:\/\/centrodeolivaryaceite.com\/wp-content\/uploads\/2014\/11\/P1040603.jpg\" data-orig-size=\"336,448\" data-comments-opened=\"1\" data-image-meta=\"{&quot;aperture&quot;:&quot;3&quot;,&quot;credit&quot;:&quot;&quot;,&quot;camera&quot;:&quot;DMC-FZ38&quot;,&quot;caption&quot;:&quot;&quot;,&quot;created_timestamp&quot;:&quot;1414786513&quot;,&quot;copyright&quot;:&quot;&quot;,&quot;focal_length&quot;:&quot;6&quot;,&quot;iso&quot;:&quot;400&quot;,&quot;shutter_speed&quot;:&quot;0.125&quot;,&quot;title&quot;:&quot;&quot;,&quot;orientation&quot;:&quot;1&quot;}\" data-image-title=\"Maridaje del AOVE\" data-image-description=\"\" data-medium-file=\"https:\/\/i0.wp.com\/centrodeolivaryaceite.com\/wp-content\/uploads\/2014\/11\/P1040603.jpg?fit=225%2C300&#038;ssl=1\" data-large-file=\"https:\/\/i0.wp.com\/centrodeolivaryaceite.com\/wp-content\/uploads\/2014\/11\/P1040603.jpg?fit=336%2C448&#038;ssl=1\" src=\"https:\/\/i0.wp.com\/centrodeolivaryaceite.com\/wp-content\/uploads\/2014\/11\/P1040603.jpg?w=675&#038;h=900&#038;ssl=1\" srcset=\"https:\/\/i0.wp.com\/centrodeolivaryaceite.com\/wp-content\/uploads\/2014\/11\/P1040603.jpg?w=336&amp;ssl=1 336w, https:\/\/i0.wp.com\/centrodeolivaryaceite.com\/wp-content\/uploads\/2014\/11\/P1040603.jpg?resize=225%2C300&amp;ssl=1 225w\" width=\"675\" height=\"900\" loading=\"lazy\" data-original-width=\"675\" data-original-height=\"900\" itemprop=\"http:\/\/schema.org\/image\" title=\"Maridaje del AOVE\" alt=\"Comida\" style=\"width: 675px; height: 900px;\" \/> <\/a> <\/div> <\/div> <!-- close group --> <\/div> <!-- close row --> <div class=\"gallery-row\" style=\"width: 1080px; height: 519px;\" data-original-width=\"1080\" data-original-height=\"519\" > <div class=\"gallery-group images-1\" style=\"width: 390px; height: 519px;\" data-original-width=\"390\" data-original-height=\"519\" > <div class=\"tiled-gallery-item tiled-gallery-item-large\" itemprop=\"associatedMedia\" itemscope itemtype=\"http:\/\/schema.org\/ImageObject\"> <a href=\"https:\/\/centrodeolivaryaceite.com\/es\/presentacion-de-aceites-de-oliva-virgen-extra-de-nueva-cosecha-en-el-centro-de-interpretacion-olivar-y-aceite\/p1040602\/\" border=\"0\" itemprop=\"url\"> <meta itemprop=\"width\" content=\"386\"> <meta itemprop=\"height\" content=\"515\"> <img decoding=\"async\" class=\"\" data-attachment-id=\"3845\" data-orig-file=\"https:\/\/centrodeolivaryaceite.com\/wp-content\/uploads\/2014\/11\/P1040602.jpg\" data-orig-size=\"336,448\" data-comments-opened=\"1\" data-image-meta=\"{&quot;aperture&quot;:&quot;3.2&quot;,&quot;credit&quot;:&quot;&quot;,&quot;camera&quot;:&quot;DMC-FZ38&quot;,&quot;caption&quot;:&quot;&quot;,&quot;created_timestamp&quot;:&quot;1414786499&quot;,&quot;copyright&quot;:&quot;&quot;,&quot;focal_length&quot;:&quot;10.8&quot;,&quot;iso&quot;:&quot;400&quot;,&quot;shutter_speed&quot;:&quot;0.076923076923077&quot;,&quot;title&quot;:&quot;&quot;,&quot;orientation&quot;:&quot;1&quot;}\" data-image-title=\"Maridaje del AOVE\" data-image-description=\"\" data-medium-file=\"https:\/\/i0.wp.com\/centrodeolivaryaceite.com\/wp-content\/uploads\/2014\/11\/P1040602.jpg?fit=225%2C300&#038;ssl=1\" data-large-file=\"https:\/\/i0.wp.com\/centrodeolivaryaceite.com\/wp-content\/uploads\/2014\/11\/P1040602.jpg?fit=336%2C448&#038;ssl=1\" src=\"https:\/\/i0.wp.com\/centrodeolivaryaceite.com\/wp-content\/uploads\/2014\/11\/P1040602.jpg?w=386&#038;h=515&#038;ssl=1\" srcset=\"https:\/\/i0.wp.com\/centrodeolivaryaceite.com\/wp-content\/uploads\/2014\/11\/P1040602.jpg?w=336&amp;ssl=1 336w, https:\/\/i0.wp.com\/centrodeolivaryaceite.com\/wp-content\/uploads\/2014\/11\/P1040602.jpg?resize=225%2C300&amp;ssl=1 225w\" width=\"386\" height=\"515\" loading=\"lazy\" data-original-width=\"386\" data-original-height=\"515\" itemprop=\"http:\/\/schema.org\/image\" title=\"Maridaje del AOVE\" alt=\"Cocina\" style=\"width: 386px; height: 515px;\" \/> <\/a> <\/div> <\/div> <!-- close group --> <div class=\"gallery-group images-1\" style=\"width: 690px; height: 519px;\" data-original-width=\"690\" data-original-height=\"519\" > <div class=\"tiled-gallery-item tiled-gallery-item-large\" itemprop=\"associatedMedia\" itemscope itemtype=\"http:\/\/schema.org\/ImageObject\"> <a href=\"https:\/\/centrodeolivaryaceite.com\/es\/presentacion-de-aceites-de-oliva-virgen-extra-de-nueva-cosecha-en-el-centro-de-interpretacion-olivar-y-aceite\/p1040601\/\" border=\"0\" itemprop=\"url\"> <meta itemprop=\"width\" content=\"686\"> <meta itemprop=\"height\" content=\"515\"> <img decoding=\"async\" class=\"\" data-attachment-id=\"3846\" data-orig-file=\"https:\/\/centrodeolivaryaceite.com\/wp-content\/uploads\/2014\/11\/P1040601.jpg\" data-orig-size=\"448,336\" data-comments-opened=\"1\" data-image-meta=\"{&quot;aperture&quot;:&quot;3.6&quot;,&quot;credit&quot;:&quot;&quot;,&quot;camera&quot;:&quot;DMC-FZ38&quot;,&quot;caption&quot;:&quot;&quot;,&quot;created_timestamp&quot;:&quot;1414786483&quot;,&quot;copyright&quot;:&quot;&quot;,&quot;focal_length&quot;:&quot;20.8&quot;,&quot;iso&quot;:&quot;320&quot;,&quot;shutter_speed&quot;:&quot;0.125&quot;,&quot;title&quot;:&quot;&quot;,&quot;orientation&quot;:&quot;1&quot;}\" data-image-title=\"Maridaje del AOVE\" data-image-description=\"\" data-medium-file=\"https:\/\/i0.wp.com\/centrodeolivaryaceite.com\/wp-content\/uploads\/2014\/11\/P1040601.jpg?fit=300%2C225&#038;ssl=1\" data-large-file=\"https:\/\/i0.wp.com\/centrodeolivaryaceite.com\/wp-content\/uploads\/2014\/11\/P1040601.jpg?fit=448%2C336&#038;ssl=1\" src=\"https:\/\/i0.wp.com\/centrodeolivaryaceite.com\/wp-content\/uploads\/2014\/11\/P1040601.jpg?w=686&#038;h=515&#038;ssl=1\" srcset=\"https:\/\/i0.wp.com\/centrodeolivaryaceite.com\/wp-content\/uploads\/2014\/11\/P1040601.jpg?w=448&amp;ssl=1 448w, https:\/\/i0.wp.com\/centrodeolivaryaceite.com\/wp-content\/uploads\/2014\/11\/P1040601.jpg?resize=300%2C225&amp;ssl=1 300w\" width=\"686\" height=\"515\" loading=\"lazy\" data-original-width=\"686\" data-original-height=\"515\" itemprop=\"http:\/\/schema.org\/image\" title=\"Maridaje del AOVE\" alt=\"Salmorejo\" style=\"width: 686px; height: 515px;\" \/> <\/a> <\/div> <\/div> <!-- close group --> <\/div> <!-- close row --> <\/div><br \/>\n[\/et_pb_text][et_pb_comments admin_label=\u00bbComentarios\u00bb _builder_version=\u00bb4.16&#8243; use_border_color=\u00bboff\u00bb border_color=\u00bb#ffffff\u00bb border_style=\u00bbsolid\u00bb button_letter_spacing_hover=\u00bb0&#8243; global_colors_info=\u00bb{}\u00bb button_text_size__hover_enabled=\u00bboff\u00bb button_one_text_size__hover_enabled=\u00bboff\u00bb button_two_text_size__hover_enabled=\u00bboff\u00bb button_text_color__hover_enabled=\u00bboff\u00bb button_one_text_color__hover_enabled=\u00bboff\u00bb button_two_text_color__hover_enabled=\u00bboff\u00bb button_border_width__hover_enabled=\u00bboff\u00bb button_one_border_width__hover_enabled=\u00bboff\u00bb button_two_border_width__hover_enabled=\u00bboff\u00bb button_border_color__hover_enabled=\u00bboff\u00bb button_one_border_color__hover_enabled=\u00bboff\u00bb button_two_border_color__hover_enabled=\u00bboff\u00bb button_border_radius__hover_enabled=\u00bboff\u00bb button_one_border_radius__hover_enabled=\u00bboff\u00bb button_two_border_radius__hover_enabled=\u00bboff\u00bb button_letter_spacing__hover_enabled=\u00bbon\u00bb button_letter_spacing__hover=\u00bb0&#8243; button_one_letter_spacing__hover_enabled=\u00bboff\u00bb button_two_letter_spacing__hover_enabled=\u00bboff\u00bb button_bg_color__hover_enabled=\u00bboff\u00bb button_one_bg_color__hover_enabled=\u00bboff\u00bb button_two_bg_color__hover_enabled=\u00bboff\u00bb] [\/et_pb_comments][\/et_pb_column_inner][\/et_pb_row_inner][\/et_pb_column][et_pb_column type=\u00bb1_3&#8243; _builder_version=\u00bb4.16&#8243; custom_padding=\u00bb|||\u00bb global_colors_info=\u00bb{}\u00bb custom_padding__hover=\u00bb|||\u00bb][et_pb_sidebar orientation=\u00bbright\u00bb area=\u00bbsidebar-1&#8243; admin_label=\u00bbBarra lateral\u00bb _builder_version=\u00bb4.16&#8243; remove_border=\u00bboff\u00bb global_colors_info=\u00bb{}\u00bb] [\/et_pb_sidebar][\/et_pb_column][\/et_pb_section][et_pb_section fb_built=\u00bb1&#8243; custom_padding_last_edited=\u00bbon|desktop\u00bb disabled_on=\u00bbon|on|on\u00bb admin_label=\u00bbSecci\u00f3n\u00bb _builder_version=\u00bb3.0.92&#8243; background_color=\u00bb#dedacf\u00bb custom_padding_tablet=\u00bb50px|0|50px|0&#8243; transparent_background=\u00bboff\u00bb padding_mobile=\u00bboff\u00bb make_fullwidth=\u00bboff\u00bb use_custom_width=\u00bboff\u00bb width_unit=\u00bbon\u00bb disabled=\u00bbon\u00bb global_module=\u00bb5116&#8243; collapsed=\u00bboff\u00bb global_colors_info=\u00bb{}\u00bb custom_padding_phone=\u00bb50px|0|50px|0&#8243;][et_pb_row _builder_version=\u00bb4.16&#8243; global_colors_info=\u00bb{}\u00bb][et_pb_column type=\u00bb4_4&#8243; _builder_version=\u00bb4.16&#8243; custom_padding=\u00bb|||\u00bb global_colors_info=\u00bb{}\u00bb custom_padding__hover=\u00bb|||\u00bb][\/et_pb_column][\/et_pb_row][\/et_pb_section][et_pb_section fb_built=\u00bb1&#8243; custom_padding_last_edited=\u00bbon|desktop\u00bb admin_label=\u00bbSecci\u00f3n\u00bb _builder_version=\u00bb3.22&#8243; background_color=\u00bb#ffffff\u00bb custom_padding=\u00bb10px||0px|\u00bb custom_padding_tablet=\u00bb50px|0|50px|0&#8243; transparent_background=\u00bboff\u00bb padding_mobile=\u00bboff\u00bb make_fullwidth=\u00bboff\u00bb use_custom_width=\u00bboff\u00bb width_unit=\u00bbon\u00bb global_module=\u00bb5115&#8243; collapsed=\u00bboff\u00bb global_colors_info=\u00bb{}\u00bb custom_padding_phone=\u00bb50px|0|50px|0&#8243;][et_pb_row padding_mobile=\u00bboff\u00bb column_padding_mobile=\u00bbon\u00bb _builder_version=\u00bb4.16&#8243; background_size=\u00bbinitial\u00bb background_position=\u00bbtop_left\u00bb background_repeat=\u00bbrepeat\u00bb max_width=\u00bb1080px\u00bb custom_padding=\u00bb0px||0px|\u00bb make_fullwidth=\u00bboff\u00bb use_custom_width=\u00bboff\u00bb width_unit=\u00bbon\u00bb global_colors_info=\u00bb{}\u00bb][\/et_pb_row][\/et_pb_section]<\/p>\n","protected":false},"excerpt":{"rendered":"<p>El Centro de Interpretaci\u00f3n Olivar y Aceite acogi\u00f3 el pasado\u00a0viernes 31 de octubre la presentaci\u00f3n de los aceites de oliva virgen extra de recolecci\u00f3n temprana, de la nueva campa\u00f1a, elaborados con aceitunas principalmente verdes recogidas durante el mes de octubre y con un esmerado proceso desde el \u00e1rbol hasta la botella. Aceites de oliva virgen [&hellip;]<\/p>\n","protected":false},"author":1,"featured_media":3746,"comment_status":"open","ping_status":"open","sticky":false,"template":"","format":"standard","meta":{"_et_pb_use_builder":"on","_et_pb_old_content":"<p>El Centro de Interpretaci\u00f3n Olivar y Aceite acogi\u00f3 el pasado\u00a0viernes 31 de octubre la presentaci\u00f3n de los aceites de oliva virgen extra de recolecci\u00f3n temprana, de la nueva campa\u00f1a, elaborados con aceitunas principalmente verdes recogidas durante el mes de octubre y con un esmerado proceso desde el \u00e1rbol hasta la botella.<\/p><p>Aceites de oliva virgen extra, de la m\u00e1xima calidad, pertenecientes a 16 empresas que forman parte de la Asociaci\u00f3n Olivar y Aceite provincia de Ja\u00e9n, gestora del centro, fueron las encargadas de deleitarnos con sus nuevos productos. En total 16\u00a0marcas fueron las que presentaron sus AOVEs:\u00a0Pradolivo, Cortijo Spiritu Santo La Carrera, Pagos de Toral, Claramunt ,Corona del Condado, Puerta de Las Villas, Nobleza del Sur, Olvero, Tierras de Tavara, \u00d1 Organic, Ole\u00edcola Ja\u00e9n, Cortijo la Torre, Jaencoop , Sierra de G\u00e9nave y Elizondo\u00a0.<\/p><p>De manera gratuita, los asistentes tuvieron la la\u00a0oportunidad\u00a0de catar, degustar y saborear los primeros aceites de diferentes variedades, picual, arbequina y frantoio. Zumos j\u00f3venes, intensos, fragantes, muy frutados y con mucho car\u00e1cter, que hicieron que los presentes disfrutaran de una sinfon\u00eda de sabores y olores gracias a unos aceites frutados intensos, que recuerdan a fruta verde, \u00a0hoja de olivo e hierba reci\u00e9n cortada, con picor y amargor medio, resultando muy equilibrados y persistentes. Aromas a la alcachofa, la c\u00e1scara de pl\u00e1tano y la almendra verde, as\u00ed como la tomatera, tambi\u00e9n patentes en su olor inundaron nuestro precioso museo con estas maravillosas fragancias.<\/p><p>Paralelamente se pudieron degustar diferentes elaboraciones y platos realizados con los diferentes AOVEs que participaron en el evento. Recetas tales como crema parmentier, piruletas de chocolate, salmorejo o ensalada de bacalao. A medida que los visitantes pasaban por cada uno de los stands, pod\u00edan ir comparando como maridaban los diferentes platos en funci\u00f3n de si se utilizaba un aceite u otro. Este fue otro disfrute m\u00e1s de aquellos que decidieron acercarse a compartir esta experiencia \u00fanica que son los AOVEs de nueva campa\u00f1a.<\/p><p>Desde el Centro de Interpretaci\u00f3n Olivar y Aceite se destaca la gran calidad de estos aceites de\u00a0alta\u00a0gama, as\u00ed como sus matices sensoriales, considerados \u00abun lujo para los sentidos\u00bb. El objetivo de esta actividad fue divulgar la cultura del aceite de oliva virgen extra de calidad.\u00a0Diecis\u00e9is marcas de aceite de excelente calidad, para disfrutar de una \u00a0experiencia sensorial \u00fanica en el Centro de Interpretaci\u00f3n de manera gratuita y amena.<\/p><p>[gallery ids=\"3803,3804,3805,3806,3807,3808,3809,3810,3811,3812,3813,3814,3815,3816,3817,3818,3819,3820,3821,3822,3823,3824,3825,3826,3827,3828,3829,3830,3831,3832,3833,3834,3835,3836,3837,3838,3843,3847,3848,3844,3845,3846\"]<\/p>","_et_gb_content_width":"","_jetpack_memberships_contains_paid_content":false,"footnotes":""},"categories":[1],"tags":[],"class_list":["post-3802","post","type-post","status-publish","format-standard","has-post-thumbnail","hentry","category-general"],"jetpack_featured_media_url":"https:\/\/i0.wp.com\/centrodeolivaryaceite.com\/wp-content\/uploads\/2014\/10\/aceite.jpg?fit=640%2C427&ssl=1","jetpack_sharing_enabled":true,"jetpack_shortlink":"https:\/\/wp.me\/p95A9q-Zk","_links":{"self":[{"href":"https:\/\/centrodeolivaryaceite.com\/es\/wp-json\/wp\/v2\/posts\/3802\/"}],"collection":[{"href":"https:\/\/centrodeolivaryaceite.com\/es\/wp-json\/wp\/v2\/posts\/"}],"about":[{"href":"https:\/\/centrodeolivaryaceite.com\/es\/wp-json\/wp\/v2\/types\/post\/"}],"author":[{"embeddable":true,"href":"https:\/\/centrodeolivaryaceite.com\/es\/wp-json\/wp\/v2\/users\/1\/"}],"replies":[{"embeddable":true,"href":"https:\/\/centrodeolivaryaceite.com\/es\/wp-json\/wp\/v2\/comments\/?post=3802"}],"version-history":[{"count":0,"href":"https:\/\/centrodeolivaryaceite.com\/es\/wp-json\/wp\/v2\/posts\/3802\/revisions\/"}],"wp:featuredmedia":[{"embeddable":true,"href":"https:\/\/centrodeolivaryaceite.com\/es\/wp-json\/wp\/v2\/media\/3746\/"}],"wp:attachment":[{"href":"https:\/\/centrodeolivaryaceite.com\/es\/wp-json\/wp\/v2\/media\/?parent=3802"}],"wp:term":[{"taxonomy":"category","embeddable":true,"href":"https:\/\/centrodeolivaryaceite.com\/es\/wp-json\/wp\/v2\/categories\/?post=3802"},{"taxonomy":"post_tag","embeddable":true,"href":"https:\/\/centrodeolivaryaceite.com\/es\/wp-json\/wp\/v2\/tags\/?post=3802"}],"curies":[{"name":"wp","href":"https:\/\/api.w.org\/{rel}","templated":true}]}}