{"id":38078,"date":"2019-10-16T17:23:59","date_gmt":"2019-10-16T17:23:59","guid":{"rendered":"https:\/\/centrodeolivaryaceite.com\/?p=38078"},"modified":"2022-07-29T10:50:43","modified_gmt":"2022-07-29T10:50:43","slug":"pagos-de-toral-y-cortijo-spiritu-santo-presentan-sus-aoves-de-cosecha-temprana","status":"publish","type":"post","link":"https:\/\/centrodeolivaryaceite.com\/es\/pagos-de-toral-y-cortijo-spiritu-santo-presentan-sus-aoves-de-cosecha-temprana\/","title":{"rendered":"PAGOS DE TORAL Y CORTIJO SP\u00cdRITU SANTO PRESENTAN SUS AOVES DE COSECHA TEMPRANA"},"content":{"rendered":"<p>[et_pb_section fb_built=\u00bb1&#8243; fullwidth=\u00bbon\u00bb custom_padding_last_edited=\u00bbon|desktop\u00bb admin_label=\u00bbSecci\u00f3n\u00bb _builder_version=\u00bb3.22&#8243; background_color=\u00bb#ffffff\u00bb background_image=\u00bbhttp:\/\/centrodeolivaryaceite.com\/wp-content\/uploads\/2016\/06\/page_header_bg_blue.jpg\u00bb custom_padding_tablet=\u00bb50px|0|50px|0&#8243; custom_padding_phone=\u00bb\u00bb transparent_background=\u00bboff\u00bb padding_mobile=\u00bboff\u00bb make_fullwidth=\u00bboff\u00bb use_custom_width=\u00bboff\u00bb width_unit=\u00bbon\u00bb global_module=\u00bb5294&#8243; locked=\u00bboff\u00bb collapsed=\u00bboff\u00bb global_colors_info=\u00bb{}\u00bb][et_pb_fullwidth_post_title meta=\u00bboff\u00bb featured_image=\u00bboff\u00bb text_color=\u00bblight\u00bb text_background=\u00bbon\u00bb text_bg_color=\u00bbrgba(28,28,28,0.43)\u00bb admin_label=\u00bbT\u00edtulo\u00bb _builder_version=\u00bb4.17.6&#8243; _module_preset=\u00bbdefault\u00bb title_font=\u00bbRoboto Light||||\u00bb title_font_size=\u00bb35px\u00bb title_all_caps=\u00bbon\u00bb background_color=\u00bbrgba(255,255,255,0)\u00bb parallax=\u00bbon\u00bb parallax_method=\u00bboff\u00bb text_orientation=\u00bbcenter\u00bb parallax_effect=\u00bbon\u00bb module_bg_color=\u00bbrgba(255,255,255,0)\u00bb use_border_color=\u00bboff\u00bb border_color=\u00bb#ffffff\u00bb border_style=\u00bbsolid\u00bb global_colors_info=\u00bb{}\u00bb][\/et_pb_fullwidth_post_title][\/et_pb_section][et_pb_section fb_built=\u00bb1&#8243; custom_padding_last_edited=\u00bbon|desktop\u00bb _builder_version=\u00bb4.16&#8243; background_color=\u00bb#ffffff\u00bb custom_padding=\u00bb10px|||\u00bb custom_padding_tablet=\u00bb50px|0|50px|0&#8243; custom_padding_phone=\u00bb\u00bb transparent_background=\u00bboff\u00bb padding_mobile=\u00bboff\u00bb make_fullwidth=\u00bboff\u00bb use_custom_width=\u00bboff\u00bb width_unit=\u00bbon\u00bb global_colors_info=\u00bb{}\u00bb][et_pb_row padding_mobile=\u00bboff\u00bb column_padding_mobile=\u00bbon\u00bb _builder_version=\u00bb4.16&#8243; background_size=\u00bbinitial\u00bb background_position=\u00bbtop_left\u00bb background_repeat=\u00bbrepeat\u00bb max_width=\u00bb1080px\u00bb custom_padding=\u00bb10px|||\u00bb make_fullwidth=\u00bboff\u00bb use_custom_width=\u00bboff\u00bb width_unit=\u00bbon\u00bb global_colors_info=\u00bb{}\u00bb][et_pb_column type=\u00bb4_4&#8243; _builder_version=\u00bb4.16&#8243; custom_padding=\u00bb|||\u00bb global_colors_info=\u00bb{}\u00bb custom_padding__hover=\u00bb|||\u00bb][et_pb_post_title title=\u00bboff\u00bb _builder_version=\u00bb4.16&#8243; title_all_caps=\u00bboff\u00bb background_color=\u00bbrgba(255,255,255,0)\u00bb parallax=\u00bbon\u00bb parallax_method=\u00bboff\u00bb parallax_effect=\u00bbon\u00bb module_bg_color=\u00bbrgba(255,255,255,0)\u00bb use_border_color=\u00bboff\u00bb border_color=\u00bb#ffffff\u00bb border_style=\u00bbsolid\u00bb global_colors_info=\u00bb{}\u00bb][\/et_pb_post_title][\/et_pb_column][\/et_pb_row][\/et_pb_section][et_pb_section fb_built=\u00bb1&#8243; specialty=\u00bbon\u00bb custom_padding_last_edited=\u00bbon|desktop\u00bb parallax_method_1=\u00bboff\u00bb parallax_method_2=\u00bboff\u00bb _builder_version=\u00bb4.16&#8243; background_color=\u00bb#ffffff\u00bb inner_max_width=\u00bbnone\u00bb custom_padding=\u00bb10px|||\u00bb custom_padding_tablet=\u00bb50px|0|50px|0&#8243; custom_padding_phone=\u00bb\u00bb transparent_background=\u00bboff\u00bb padding_mobile=\u00bboff\u00bb make_fullwidth=\u00bboff\u00bb use_custom_width=\u00bboff\u00bb width_unit=\u00bbon\u00bb global_colors_info=\u00bb{}\u00bb][et_pb_column type=\u00bb2_3&#8243; specialty_columns=\u00bb2&#8243; _builder_version=\u00bb4.16&#8243; custom_padding=\u00bb|||\u00bb global_colors_info=\u00bb{}\u00bb custom_padding__hover=\u00bb|||\u00bb][et_pb_row_inner padding_mobile=\u00bboff\u00bb column_padding_mobile=\u00bbon\u00bb admin_label=\u00bbFila\u00bb _builder_version=\u00bb4.16&#8243; custom_padding=\u00bb0px|||\u00bb global_colors_info=\u00bb{}\u00bb][et_pb_column_inner saved_specialty_column_type=\u00bb2_3&#8243; _builder_version=\u00bb4.16&#8243; custom_padding=\u00bb|||\u00bb global_colors_info=\u00bb{}\u00bb custom_padding__hover=\u00bb|||\u00bb][et_pb_text admin_label=\u00bbTexto a reemplazar\u00bb _builder_version=\u00bb4.16&#8243; z_index_tablet=\u00bb500&#8243; box_shadow_horizontal_tablet=\u00bb0px\u00bb box_shadow_vertical_tablet=\u00bb0px\u00bb box_shadow_blur_tablet=\u00bb40px\u00bb box_shadow_spread_tablet=\u00bb0px\u00bb use_border_color=\u00bboff\u00bb global_colors_info=\u00bb{}\u00bb]<\/p>\n<p>El Centro de Interpretaci\u00f3n \u201cOlivar y Aceite\u201d aprovechando la gran afluencia que la ciudad patrimonial registra durante puentes y fechas se\u00f1aladas en las que los turistas visitan \u00dabeda para conocer su rico patrimonio cultural y monumental realiza una de las actividades, de car\u00e1cter gratuito, que m\u00e1s aceptaci\u00f3n tienen de cuantas impulsa a lo largo del a\u00f1o. Se trata de unas presentaciones, catas y degustaciones de los aceites tempranos de sus socios.<\/p>\n<p>As\u00ed las instalaciones de \u201cOlivar y Aceite\u201d han acogido la presentaci\u00f3n de los aceites de oliva virgen extra de dos de sus socios\u2014Pagos de Toral y Cortijo Sp\u00edritu Santo\u2014durante los d\u00edas 12 y 13 de octubre\u2014coincidiendo con la festividad del Pilar\u2014jornadas en las que la ciudad ha sido visitada por un gran n\u00famero de turistas, que cada vez se interesan por conocer el apasionante mundo del olivar y del aceite.<\/p>\n<p>La primera de las citas corri\u00f3 a cargo de Pagos de Toral, un aceite de oliva virgen extra de la variedad picual, que tiene una producci\u00f3n limitada. Mar\u00eda Jos\u00e9 Toral, gerente de Pagos de Toral, explic\u00f3 a los presentes que su aceite pertenece a una peque\u00f1a empresa familiar, que lleva siete a\u00f1os en el sector, comercializando aceite de oliva virgen extra de cosecha temprana, en homenaje a su padre\u2014ya fallecido\u2014quien cultiv\u00f3 sus tierras y decidieron que la mejor forma de manifestar su cari\u00f1o y el cari\u00f1o que les ha trasmitido por la tierra era con la elaboraci\u00f3n de un aceite de calidad.<\/p>\n<p>Su aceite, continu\u00f3 Toral, se elabora en un solo d\u00eda de cosecha, la empresa realiza una selecci\u00f3n en distintas fincas, buscando el d\u00eda id\u00f3neo para que el fruto se halle en el punto exacto de maduraci\u00f3n, para obtener la mejor calidad, realizando un an\u00e1lisis f\u00edsico qu\u00edmico, y un seguimiento del campo, para poder elegir los mejores olivares.<\/p>\n<p>Un aceite que tiene m\u00e1s de treinta premios internacionales\u2014uno a la salud\u2014pues contiene una gran cantidad de polifenoles adem\u00e1s de c\u00f3mo todos los picuales, ser un \u201cibuprofeno\u201d natural, gracias al oleocantal\u2014pues posee propiedades antiinflamatorias y antioxidantes. Adem\u00e1s ha recibido reconocimientos por parte de la gu\u00eda Flos Olei en el a\u00f1o 2017, al mejor monovarietal.<\/p>\n<p>En cuanto a las propiedades del aceite se trata de la variedad picual,\u00a0 un zumo que recuerda a fruta fresca, agradable con una gran complejidad de aromas entre los que se encuentra la alcachofa, hierba o tomate. En boca amarga y pica pero deja la boca fresca y limpia.<\/p>\n<p>La segunda cita tuvo como protagonista a los aceites de oliva virgen extra de Cortijo Sp\u00edritu Santo, que deben su nombre la finca donde se encuentran los olivos de los cuales se recoge el fruto con el que se elaborar\u00e1n los aceites. \u201cEs un olivar natural, m\u00e1s que ecol\u00f3gico, pues utilizamos distintas t\u00e9cnicas que hemos aprendido a lo largo del tiempo y de distintas procedencias, ya que hay que estar en\u00a0 continuo aprendizaje\u2014con un \u00fanico objetivo\u2014que el aceite que producimos sea de la mejor calidad, con un mejor aroma, mayor nivel de frutado, equilibrio y armon\u00eda, que cuando se prueben nos demos cuenta que no hay otro igual\u201d, indic\u00f3 Juan Molina, gerente de Sp\u00edritu Santo.<\/p>\n<p>En la presentaci\u00f3n de sus aceites, se\u00f1al\u00f3 Molina, que la maduraci\u00f3n se ha adelantado en esta campa\u00f1a que reci\u00e9n arranca. \u201cNosotros llevamos 15 d\u00edas haciendo aceite, sin filtrar, que comercializamos bajo nuestra segunda marca \u201cEl Trujal de la Loma\u201d, que se llama como la empresa y que naci\u00f3 con ella en el a\u00f1o 2004. Una edici\u00f3n especial en botella transparente, se trata de un picual de elaboraci\u00f3n temprana sin filtrar.<\/p>\n<p>Una vez presentados aceites que comercializa la marca y explicado el proyecto de la firma se pas\u00f3 a la cata. As\u00ed en nariz \u201cEl trujal de la Loma\u201d desprende sensaciones agradables que recuerda a aceituna verde\u2014frutado intenso\u2014acompa\u00f1ado de otros aromas como tomate, hoja de olivo, hierba reci\u00e9n cortada, manzana verde, matiz de pl\u00e1tano verde, entre otros. En cuanto a la parte gustativa se refiere es amargo, con ligera astringencia a alcachofa,\u00a0 deja la boca limpia con sabor a hoja verde.<\/p>\n<p>Cada una de las presentaciones, cata y degustaci\u00f3n de los AOVEs estuvo precedida por una peque\u00f1a introducci\u00f3n realizada a cargo de personal de la entidad,\u00a0 Soledad Rom\u00e1n, gerente y Tom\u00e1s M\u00e9ndez, t\u00e9cnico, quienes informaron, a los asistentes, \u00a0a grandes rasgos sobre el Centro de Interpretaci\u00f3n \u201cOlivar y Aceite\u201d\u2014un museo moderno sobre el olivar, donde \u00a0realizar un recorrido con el que conocer algo m\u00e1s sobre la historia del aceite, las variedades de zumo de aceituna que se producen o c\u00f3mo han evolucionado las almazaras con el paso de los a\u00f1os. Adem\u00e1s de presentarles la tienda con una gran variedad de productos entre los que se encuentran cosm\u00e9ticos, artesan\u00eda, chocolates, mermeladas, entre otros art\u00edculos\u2014todos ellos relacionados con el mundo del olivar o elaborados con aceite de oliva virgen extra.<\/p>\n<p>Adem\u00e1s les inform\u00f3 que la entidad realiza todo tipo de actividades de tipo formativo\u2014como cursos de cata, talleres de cocina o sesiones dentro de su Club de Cata\u2014siempre con el objetivo de contribuir a la promoci\u00f3n y difusi\u00f3n de la cultura del aceite y del olivar.<\/p>\n<p>La entidad est\u00e1 gestionada por una asociaci\u00f3n que aglutina no solo empresas dedicadas a la producci\u00f3n de aceite de oliva virgen extra sino que tambi\u00e9n la integran empresas dedicadas a otros sectores como ingenier\u00eda, turismo, restauraci\u00f3n o decoraci\u00f3n, entre otras, aunque el coraz\u00f3n de la entidad son los productores de aceite, subray\u00f3 M\u00e9ndez.<\/p>\n<p>\u00a0<\/p>\n<div class=\"tiled-gallery type-rectangular tiled-gallery-unresized\" data-original-width=\"1080\" data-carousel-extra='{&quot;blog_id&quot;:1,&quot;permalink&quot;:&quot;https:\\\/\\\/centrodeolivaryaceite.com\\\/es\\\/pagos-de-toral-y-cortijo-spiritu-santo-presentan-sus-aoves-de-cosecha-temprana\\\/&quot;,&quot;likes_blog_id&quot;:134317632}' itemscope itemtype=\"http:\/\/schema.org\/ImageGallery\" > <div class=\"gallery-row\" style=\"width: 1080px; height: 482px;\" data-original-width=\"1080\" data-original-height=\"482\" > <div class=\"gallery-group images-1\" style=\"width: 721px; height: 482px;\" data-original-width=\"721\" data-original-height=\"482\" > <div class=\"tiled-gallery-item tiled-gallery-item-large\" itemprop=\"associatedMedia\" itemscope itemtype=\"http:\/\/schema.org\/ImageObject\"> <a href=\"https:\/\/centrodeolivaryaceite.com\/es\/pagos-de-toral-y-cortijo-spiritu-santo-presentan-sus-aoves-de-cosecha-temprana\/presentacion-cortijo-spiritu-santo-01\/\" border=\"0\" itemprop=\"url\"> <meta itemprop=\"width\" content=\"717\"> <meta itemprop=\"height\" content=\"478\"> <img decoding=\"async\" class=\"\" data-attachment-id=\"38088\" data-orig-file=\"https:\/\/centrodeolivaryaceite.com\/wp-content\/uploads\/2019\/10\/Presentaci\u00f3n-Cortijo-Spiritu-Santo-01.jpg\" data-orig-size=\"1024,683\" data-comments-opened=\"1\" data-image-meta=\"{&quot;aperture&quot;:&quot;4&quot;,&quot;credit&quot;:&quot;&quot;,&quot;camera&quot;:&quot;NIKON D7100&quot;,&quot;caption&quot;:&quot;????????????????????????????????????&quot;,&quot;created_timestamp&quot;:&quot;1570969396&quot;,&quot;copyright&quot;:&quot;&quot;,&quot;focal_length&quot;:&quot;16&quot;,&quot;iso&quot;:&quot;3200&quot;,&quot;shutter_speed&quot;:&quot;0.01&quot;,&quot;title&quot;:&quot;&quot;,&quot;orientation&quot;:&quot;1&quot;}\" data-image-title=\"Presentaci\u00f3n Cortijo Spiritu Santo 01\" data-image-description=\"\" data-medium-file=\"https:\/\/i0.wp.com\/centrodeolivaryaceite.com\/wp-content\/uploads\/2019\/10\/Presentaci%C3%B3n-Cortijo-Spiritu-Santo-01.jpg?fit=300%2C200&#038;ssl=1\" data-large-file=\"https:\/\/i0.wp.com\/centrodeolivaryaceite.com\/wp-content\/uploads\/2019\/10\/Presentaci%C3%B3n-Cortijo-Spiritu-Santo-01.jpg?fit=1024%2C683&#038;ssl=1\" src=\"https:\/\/i0.wp.com\/centrodeolivaryaceite.com\/wp-content\/uploads\/2019\/10\/Presentaci%C3%B3n-Cortijo-Spiritu-Santo-01.jpg?w=717&#038;h=478&#038;ssl=1\" width=\"717\" height=\"478\" loading=\"lazy\" data-original-width=\"717\" data-original-height=\"478\" itemprop=\"http:\/\/schema.org\/image\" title=\"Presentaci\u00f3n Cortijo Spiritu Santo 01\" alt=\"Cortijo Spiritu Santo\" style=\"width: 717px; height: 478px;\" \/> <\/a> <\/div> <\/div> <!-- close group --> <div class=\"gallery-group images-2\" style=\"width: 359px; height: 482px;\" data-original-width=\"359\" data-original-height=\"482\" > <div class=\"tiled-gallery-item tiled-gallery-item-large\" itemprop=\"associatedMedia\" itemscope itemtype=\"http:\/\/schema.org\/ImageObject\"> <a href=\"https:\/\/centrodeolivaryaceite.com\/es\/pagos-de-toral-y-cortijo-spiritu-santo-presentan-sus-aoves-de-cosecha-temprana\/presentacion-cortijo-spiritu-santo-19\/\" border=\"0\" itemprop=\"url\"> <meta itemprop=\"width\" content=\"355\"> <meta itemprop=\"height\" content=\"237\"> <img decoding=\"async\" class=\"\" data-attachment-id=\"38090\" data-orig-file=\"https:\/\/centrodeolivaryaceite.com\/wp-content\/uploads\/2019\/10\/Presentaci\u00f3n-Cortijo-Spiritu-Santo-19.jpg\" data-orig-size=\"1024,683\" data-comments-opened=\"1\" data-image-meta=\"{&quot;aperture&quot;:&quot;4&quot;,&quot;credit&quot;:&quot;&quot;,&quot;camera&quot;:&quot;NIKON D7100&quot;,&quot;caption&quot;:&quot;????????????????????????????????????&quot;,&quot;created_timestamp&quot;:&quot;1570972129&quot;,&quot;copyright&quot;:&quot;&quot;,&quot;focal_length&quot;:&quot;22&quot;,&quot;iso&quot;:&quot;3200&quot;,&quot;shutter_speed&quot;:&quot;0.00625&quot;,&quot;title&quot;:&quot;&quot;,&quot;orientation&quot;:&quot;1&quot;}\" data-image-title=\"Presentaci\u00f3n Cortijo Spiritu Santo 19\" data-image-description=\"\" data-medium-file=\"https:\/\/i0.wp.com\/centrodeolivaryaceite.com\/wp-content\/uploads\/2019\/10\/Presentaci%C3%B3n-Cortijo-Spiritu-Santo-19.jpg?fit=300%2C200&#038;ssl=1\" data-large-file=\"https:\/\/i0.wp.com\/centrodeolivaryaceite.com\/wp-content\/uploads\/2019\/10\/Presentaci%C3%B3n-Cortijo-Spiritu-Santo-19.jpg?fit=1024%2C683&#038;ssl=1\" src=\"https:\/\/i0.wp.com\/centrodeolivaryaceite.com\/wp-content\/uploads\/2019\/10\/Presentaci%C3%B3n-Cortijo-Spiritu-Santo-19.jpg?w=355&#038;h=237&#038;ssl=1\" width=\"355\" height=\"237\" loading=\"lazy\" data-original-width=\"355\" data-original-height=\"237\" itemprop=\"http:\/\/schema.org\/image\" title=\"Presentaci\u00f3n Cortijo Spiritu Santo 19\" alt=\"Cortijo Spiritu Santo\" style=\"width: 355px; height: 237px;\" \/> <\/a> <\/div> <div class=\"tiled-gallery-item tiled-gallery-item-large\" itemprop=\"associatedMedia\" itemscope itemtype=\"http:\/\/schema.org\/ImageObject\"> <a href=\"https:\/\/centrodeolivaryaceite.com\/es\/pagos-de-toral-y-cortijo-spiritu-santo-presentan-sus-aoves-de-cosecha-temprana\/presentacion-cortijo-spiritu-santo-02\/\" border=\"0\" itemprop=\"url\"> <meta itemprop=\"width\" content=\"355\"> <meta itemprop=\"height\" content=\"237\"> <img decoding=\"async\" class=\"\" data-attachment-id=\"38092\" data-orig-file=\"https:\/\/centrodeolivaryaceite.com\/wp-content\/uploads\/2019\/10\/Presentaci\u00f3n-Cortijo-Spiritu-Santo-02.jpg\" data-orig-size=\"1024,683\" data-comments-opened=\"1\" data-image-meta=\"{&quot;aperture&quot;:&quot;4&quot;,&quot;credit&quot;:&quot;&quot;,&quot;camera&quot;:&quot;NIKON D7100&quot;,&quot;caption&quot;:&quot;????????????????????????????????????&quot;,&quot;created_timestamp&quot;:&quot;1570969454&quot;,&quot;copyright&quot;:&quot;&quot;,&quot;focal_length&quot;:&quot;19&quot;,&quot;iso&quot;:&quot;3200&quot;,&quot;shutter_speed&quot;:&quot;0.01&quot;,&quot;title&quot;:&quot;&quot;,&quot;orientation&quot;:&quot;1&quot;}\" data-image-title=\"Presentaci\u00f3n Cortijo Spiritu Santo 02\" data-image-description=\"\" data-medium-file=\"https:\/\/i0.wp.com\/centrodeolivaryaceite.com\/wp-content\/uploads\/2019\/10\/Presentaci%C3%B3n-Cortijo-Spiritu-Santo-02.jpg?fit=300%2C200&#038;ssl=1\" data-large-file=\"https:\/\/i0.wp.com\/centrodeolivaryaceite.com\/wp-content\/uploads\/2019\/10\/Presentaci%C3%B3n-Cortijo-Spiritu-Santo-02.jpg?fit=1024%2C683&#038;ssl=1\" src=\"https:\/\/i0.wp.com\/centrodeolivaryaceite.com\/wp-content\/uploads\/2019\/10\/Presentaci%C3%B3n-Cortijo-Spiritu-Santo-02.jpg?w=355&#038;h=237&#038;ssl=1\" width=\"355\" height=\"237\" loading=\"lazy\" data-original-width=\"355\" data-original-height=\"237\" itemprop=\"http:\/\/schema.org\/image\" title=\"Presentaci\u00f3n Cortijo Spiritu Santo 02\" alt=\"Cortijo Spiritu Santo\" style=\"width: 355px; height: 237px;\" \/> <\/a> <\/div> <\/div> <!-- close group --> <\/div> <!-- close row --> <div class=\"gallery-row\" style=\"width: 1080px; height: 241px;\" data-original-width=\"1080\" data-original-height=\"241\" > <div class=\"gallery-group images-1\" style=\"width: 360px; height: 241px;\" data-original-width=\"360\" data-original-height=\"241\" > <div class=\"tiled-gallery-item tiled-gallery-item-large\" itemprop=\"associatedMedia\" itemscope itemtype=\"http:\/\/schema.org\/ImageObject\"> <a href=\"https:\/\/centrodeolivaryaceite.com\/es\/pagos-de-toral-y-cortijo-spiritu-santo-presentan-sus-aoves-de-cosecha-temprana\/presentacion-cortijo-spiritu-santo-03\/\" border=\"0\" itemprop=\"url\"> <meta itemprop=\"width\" content=\"356\"> <meta itemprop=\"height\" content=\"237\"> <img decoding=\"async\" class=\"\" data-attachment-id=\"38094\" data-orig-file=\"https:\/\/centrodeolivaryaceite.com\/wp-content\/uploads\/2019\/10\/Presentaci\u00f3n-Cortijo-Spiritu-Santo-03.jpg\" data-orig-size=\"1024,683\" data-comments-opened=\"1\" data-image-meta=\"{&quot;aperture&quot;:&quot;4&quot;,&quot;credit&quot;:&quot;&quot;,&quot;camera&quot;:&quot;NIKON D7100&quot;,&quot;caption&quot;:&quot;????????????????????????????????????&quot;,&quot;created_timestamp&quot;:&quot;1570969462&quot;,&quot;copyright&quot;:&quot;&quot;,&quot;focal_length&quot;:&quot;52&quot;,&quot;iso&quot;:&quot;3200&quot;,&quot;shutter_speed&quot;:&quot;0.008&quot;,&quot;title&quot;:&quot;&quot;,&quot;orientation&quot;:&quot;1&quot;}\" data-image-title=\"Presentaci\u00f3n Cortijo Spiritu Santo 03\" data-image-description=\"\" data-medium-file=\"https:\/\/i0.wp.com\/centrodeolivaryaceite.com\/wp-content\/uploads\/2019\/10\/Presentaci%C3%B3n-Cortijo-Spiritu-Santo-03.jpg?fit=300%2C200&#038;ssl=1\" data-large-file=\"https:\/\/i0.wp.com\/centrodeolivaryaceite.com\/wp-content\/uploads\/2019\/10\/Presentaci%C3%B3n-Cortijo-Spiritu-Santo-03.jpg?fit=1024%2C683&#038;ssl=1\" src=\"https:\/\/i0.wp.com\/centrodeolivaryaceite.com\/wp-content\/uploads\/2019\/10\/Presentaci%C3%B3n-Cortijo-Spiritu-Santo-03.jpg?w=356&#038;h=237&#038;ssl=1\" width=\"356\" height=\"237\" loading=\"lazy\" data-original-width=\"356\" data-original-height=\"237\" itemprop=\"http:\/\/schema.org\/image\" title=\"Presentaci\u00f3n Cortijo Spiritu Santo 03\" alt=\"Cortijo Spiritu Santo\" style=\"width: 356px; height: 237px;\" \/> <\/a> <\/div> <\/div> <!-- close group --> <div class=\"gallery-group images-1\" style=\"width: 360px; height: 241px;\" data-original-width=\"360\" data-original-height=\"241\" > <div class=\"tiled-gallery-item tiled-gallery-item-large\" itemprop=\"associatedMedia\" itemscope itemtype=\"http:\/\/schema.org\/ImageObject\"> <a href=\"https:\/\/centrodeolivaryaceite.com\/es\/pagos-de-toral-y-cortijo-spiritu-santo-presentan-sus-aoves-de-cosecha-temprana\/presentacion-cortijo-spiritu-santo-04\/\" border=\"0\" itemprop=\"url\"> <meta itemprop=\"width\" content=\"356\"> <meta itemprop=\"height\" content=\"237\"> <img decoding=\"async\" class=\"\" data-attachment-id=\"38096\" data-orig-file=\"https:\/\/centrodeolivaryaceite.com\/wp-content\/uploads\/2019\/10\/Presentaci\u00f3n-Cortijo-Spiritu-Santo-04.jpg\" data-orig-size=\"1024,683\" data-comments-opened=\"1\" data-image-meta=\"{&quot;aperture&quot;:&quot;4&quot;,&quot;credit&quot;:&quot;&quot;,&quot;camera&quot;:&quot;NIKON D7100&quot;,&quot;caption&quot;:&quot;????????????????????????????????????&quot;,&quot;created_timestamp&quot;:&quot;1570969495&quot;,&quot;copyright&quot;:&quot;&quot;,&quot;focal_length&quot;:&quot;44&quot;,&quot;iso&quot;:&quot;3200&quot;,&quot;shutter_speed&quot;:&quot;0.008&quot;,&quot;title&quot;:&quot;&quot;,&quot;orientation&quot;:&quot;1&quot;}\" data-image-title=\"Presentaci\u00f3n Cortijo Spiritu Santo 04\" data-image-description=\"\" data-medium-file=\"https:\/\/i0.wp.com\/centrodeolivaryaceite.com\/wp-content\/uploads\/2019\/10\/Presentaci%C3%B3n-Cortijo-Spiritu-Santo-04.jpg?fit=300%2C200&#038;ssl=1\" data-large-file=\"https:\/\/i0.wp.com\/centrodeolivaryaceite.com\/wp-content\/uploads\/2019\/10\/Presentaci%C3%B3n-Cortijo-Spiritu-Santo-04.jpg?fit=1024%2C683&#038;ssl=1\" src=\"https:\/\/i0.wp.com\/centrodeolivaryaceite.com\/wp-content\/uploads\/2019\/10\/Presentaci%C3%B3n-Cortijo-Spiritu-Santo-04.jpg?w=356&#038;h=237&#038;ssl=1\" width=\"356\" height=\"237\" loading=\"lazy\" data-original-width=\"356\" data-original-height=\"237\" itemprop=\"http:\/\/schema.org\/image\" title=\"Presentaci\u00f3n Cortijo Spiritu Santo 04\" alt=\"Cortijo Spiritu Santo\" style=\"width: 356px; height: 237px;\" \/> <\/a> <\/div> <\/div> <!-- close group --> <div class=\"gallery-group images-1\" style=\"width: 360px; height: 241px;\" data-original-width=\"360\" data-original-height=\"241\" > <div class=\"tiled-gallery-item tiled-gallery-item-large\" itemprop=\"associatedMedia\" itemscope itemtype=\"http:\/\/schema.org\/ImageObject\"> <a href=\"https:\/\/centrodeolivaryaceite.com\/es\/pagos-de-toral-y-cortijo-spiritu-santo-presentan-sus-aoves-de-cosecha-temprana\/presentacion-cortijo-spiritu-santo-05\/\" border=\"0\" itemprop=\"url\"> <meta itemprop=\"width\" content=\"356\"> <meta itemprop=\"height\" content=\"237\"> <img decoding=\"async\" class=\"\" data-attachment-id=\"38098\" data-orig-file=\"https:\/\/centrodeolivaryaceite.com\/wp-content\/uploads\/2019\/10\/Presentaci\u00f3n-Cortijo-Spiritu-Santo-05.jpg\" data-orig-size=\"1024,683\" data-comments-opened=\"1\" data-image-meta=\"{&quot;aperture&quot;:&quot;4&quot;,&quot;credit&quot;:&quot;&quot;,&quot;camera&quot;:&quot;NIKON D7100&quot;,&quot;caption&quot;:&quot;????????????????????????????????????&quot;,&quot;created_timestamp&quot;:&quot;1570969714&quot;,&quot;copyright&quot;:&quot;&quot;,&quot;focal_length&quot;:&quot;16&quot;,&quot;iso&quot;:&quot;2500&quot;,&quot;shutter_speed&quot;:&quot;0.008&quot;,&quot;title&quot;:&quot;&quot;,&quot;orientation&quot;:&quot;1&quot;}\" data-image-title=\"Presentaci\u00f3n Cortijo Spiritu Santo 05\" data-image-description=\"\" data-medium-file=\"https:\/\/i0.wp.com\/centrodeolivaryaceite.com\/wp-content\/uploads\/2019\/10\/Presentaci%C3%B3n-Cortijo-Spiritu-Santo-05.jpg?fit=300%2C200&#038;ssl=1\" data-large-file=\"https:\/\/i0.wp.com\/centrodeolivaryaceite.com\/wp-content\/uploads\/2019\/10\/Presentaci%C3%B3n-Cortijo-Spiritu-Santo-05.jpg?fit=1024%2C683&#038;ssl=1\" src=\"https:\/\/i0.wp.com\/centrodeolivaryaceite.com\/wp-content\/uploads\/2019\/10\/Presentaci%C3%B3n-Cortijo-Spiritu-Santo-05.jpg?w=356&#038;h=237&#038;ssl=1\" width=\"356\" height=\"237\" loading=\"lazy\" data-original-width=\"356\" data-original-height=\"237\" itemprop=\"http:\/\/schema.org\/image\" title=\"Presentaci\u00f3n Cortijo Spiritu Santo 05\" alt=\"Cortijo Spiritu Santo\" style=\"width: 356px; height: 237px;\" \/> <\/a> <\/div> <\/div> <!-- close group --> <\/div> <!-- close row --> <div class=\"gallery-row\" style=\"width: 1080px; height: 482px;\" data-original-width=\"1080\" data-original-height=\"482\" > <div class=\"gallery-group images-2\" style=\"width: 359px; height: 482px;\" data-original-width=\"359\" data-original-height=\"482\" > <div class=\"tiled-gallery-item tiled-gallery-item-large\" itemprop=\"associatedMedia\" itemscope itemtype=\"http:\/\/schema.org\/ImageObject\"> <a href=\"https:\/\/centrodeolivaryaceite.com\/es\/pagos-de-toral-y-cortijo-spiritu-santo-presentan-sus-aoves-de-cosecha-temprana\/presentacion-cortijo-spiritu-santo-06\/\" border=\"0\" itemprop=\"url\"> <meta itemprop=\"width\" content=\"355\"> <meta itemprop=\"height\" content=\"237\"> <img decoding=\"async\" class=\"\" data-attachment-id=\"38100\" data-orig-file=\"https:\/\/centrodeolivaryaceite.com\/wp-content\/uploads\/2019\/10\/Presentaci\u00f3n-Cortijo-Spiritu-Santo-06.jpg\" data-orig-size=\"1024,683\" data-comments-opened=\"1\" data-image-meta=\"{&quot;aperture&quot;:&quot;4&quot;,&quot;credit&quot;:&quot;&quot;,&quot;camera&quot;:&quot;NIKON D7100&quot;,&quot;caption&quot;:&quot;????????????????????????????????????&quot;,&quot;created_timestamp&quot;:&quot;1570969733&quot;,&quot;copyright&quot;:&quot;&quot;,&quot;focal_length&quot;:&quot;38&quot;,&quot;iso&quot;:&quot;2500&quot;,&quot;shutter_speed&quot;:&quot;0.008&quot;,&quot;title&quot;:&quot;&quot;,&quot;orientation&quot;:&quot;1&quot;}\" data-image-title=\"Presentaci\u00f3n Cortijo Spiritu Santo 06\" data-image-description=\"\" data-medium-file=\"https:\/\/i0.wp.com\/centrodeolivaryaceite.com\/wp-content\/uploads\/2019\/10\/Presentaci%C3%B3n-Cortijo-Spiritu-Santo-06.jpg?fit=300%2C200&#038;ssl=1\" data-large-file=\"https:\/\/i0.wp.com\/centrodeolivaryaceite.com\/wp-content\/uploads\/2019\/10\/Presentaci%C3%B3n-Cortijo-Spiritu-Santo-06.jpg?fit=1024%2C683&#038;ssl=1\" src=\"https:\/\/i0.wp.com\/centrodeolivaryaceite.com\/wp-content\/uploads\/2019\/10\/Presentaci%C3%B3n-Cortijo-Spiritu-Santo-06.jpg?w=355&#038;h=237&#038;ssl=1\" width=\"355\" height=\"237\" loading=\"lazy\" data-original-width=\"355\" data-original-height=\"237\" itemprop=\"http:\/\/schema.org\/image\" title=\"Presentaci\u00f3n Cortijo Spiritu Santo 06\" alt=\"Cortijo Spiritu Santo\" style=\"width: 355px; height: 237px;\" \/> <\/a> <\/div> <div class=\"tiled-gallery-item tiled-gallery-item-large\" itemprop=\"associatedMedia\" itemscope itemtype=\"http:\/\/schema.org\/ImageObject\"> <a href=\"https:\/\/centrodeolivaryaceite.com\/es\/pagos-de-toral-y-cortijo-spiritu-santo-presentan-sus-aoves-de-cosecha-temprana\/presentacion-cortijo-spiritu-santo-07\/\" border=\"0\" itemprop=\"url\"> <meta itemprop=\"width\" content=\"355\"> <meta itemprop=\"height\" content=\"237\"> <img decoding=\"async\" class=\"\" data-attachment-id=\"38102\" data-orig-file=\"https:\/\/centrodeolivaryaceite.com\/wp-content\/uploads\/2019\/10\/Presentaci\u00f3n-Cortijo-Spiritu-Santo-07.jpg\" data-orig-size=\"1024,683\" data-comments-opened=\"1\" data-image-meta=\"{&quot;aperture&quot;:&quot;4&quot;,&quot;credit&quot;:&quot;&quot;,&quot;camera&quot;:&quot;NIKON D7100&quot;,&quot;caption&quot;:&quot;????????????????????????????????????&quot;,&quot;created_timestamp&quot;:&quot;1570969742&quot;,&quot;copyright&quot;:&quot;&quot;,&quot;focal_length&quot;:&quot;44&quot;,&quot;iso&quot;:&quot;2500&quot;,&quot;shutter_speed&quot;:&quot;0.01&quot;,&quot;title&quot;:&quot;&quot;,&quot;orientation&quot;:&quot;1&quot;}\" data-image-title=\"Presentaci\u00f3n Cortijo Spiritu Santo 07\" data-image-description=\"\" data-medium-file=\"https:\/\/i0.wp.com\/centrodeolivaryaceite.com\/wp-content\/uploads\/2019\/10\/Presentaci%C3%B3n-Cortijo-Spiritu-Santo-07.jpg?fit=300%2C200&#038;ssl=1\" data-large-file=\"https:\/\/i0.wp.com\/centrodeolivaryaceite.com\/wp-content\/uploads\/2019\/10\/Presentaci%C3%B3n-Cortijo-Spiritu-Santo-07.jpg?fit=1024%2C683&#038;ssl=1\" src=\"https:\/\/i0.wp.com\/centrodeolivaryaceite.com\/wp-content\/uploads\/2019\/10\/Presentaci%C3%B3n-Cortijo-Spiritu-Santo-07.jpg?w=355&#038;h=237&#038;ssl=1\" width=\"355\" height=\"237\" loading=\"lazy\" data-original-width=\"355\" data-original-height=\"237\" itemprop=\"http:\/\/schema.org\/image\" title=\"Presentaci\u00f3n Cortijo Spiritu Santo 07\" alt=\"Cortijo Spiritu Santo\" style=\"width: 355px; height: 237px;\" \/> <\/a> <\/div> <\/div> <!-- close group --> <div class=\"gallery-group images-1\" style=\"width: 721px; height: 482px;\" data-original-width=\"721\" data-original-height=\"482\" > <div class=\"tiled-gallery-item tiled-gallery-item-large\" itemprop=\"associatedMedia\" itemscope itemtype=\"http:\/\/schema.org\/ImageObject\"> <a href=\"https:\/\/centrodeolivaryaceite.com\/es\/pagos-de-toral-y-cortijo-spiritu-santo-presentan-sus-aoves-de-cosecha-temprana\/presentacion-cortijo-spiritu-santo-08\/\" border=\"0\" itemprop=\"url\"> <meta itemprop=\"width\" content=\"717\"> <meta itemprop=\"height\" content=\"478\"> <img decoding=\"async\" class=\"\" data-attachment-id=\"38104\" data-orig-file=\"https:\/\/centrodeolivaryaceite.com\/wp-content\/uploads\/2019\/10\/Presentaci\u00f3n-Cortijo-Spiritu-Santo-08.jpg\" data-orig-size=\"1024,683\" data-comments-opened=\"1\" data-image-meta=\"{&quot;aperture&quot;:&quot;4&quot;,&quot;credit&quot;:&quot;&quot;,&quot;camera&quot;:&quot;NIKON D7100&quot;,&quot;caption&quot;:&quot;????????????????????????????????????&quot;,&quot;created_timestamp&quot;:&quot;1570969831&quot;,&quot;copyright&quot;:&quot;&quot;,&quot;focal_length&quot;:&quot;16&quot;,&quot;iso&quot;:&quot;2500&quot;,&quot;shutter_speed&quot;:&quot;0.0125&quot;,&quot;title&quot;:&quot;&quot;,&quot;orientation&quot;:&quot;1&quot;}\" data-image-title=\"Presentaci\u00f3n Cortijo Spiritu Santo 08\" data-image-description=\"\" data-medium-file=\"https:\/\/i0.wp.com\/centrodeolivaryaceite.com\/wp-content\/uploads\/2019\/10\/Presentaci%C3%B3n-Cortijo-Spiritu-Santo-08.jpg?fit=300%2C200&#038;ssl=1\" data-large-file=\"https:\/\/i0.wp.com\/centrodeolivaryaceite.com\/wp-content\/uploads\/2019\/10\/Presentaci%C3%B3n-Cortijo-Spiritu-Santo-08.jpg?fit=1024%2C683&#038;ssl=1\" src=\"https:\/\/i0.wp.com\/centrodeolivaryaceite.com\/wp-content\/uploads\/2019\/10\/Presentaci%C3%B3n-Cortijo-Spiritu-Santo-08.jpg?w=717&#038;h=478&#038;ssl=1\" width=\"717\" height=\"478\" loading=\"lazy\" data-original-width=\"717\" data-original-height=\"478\" itemprop=\"http:\/\/schema.org\/image\" title=\"Presentaci\u00f3n Cortijo Spiritu Santo 08\" alt=\"Cortijo Spiritu Santo\" style=\"width: 717px; height: 478px;\" \/> <\/a> <\/div> <\/div> <!-- close group --> <\/div> <!-- close row --> <div class=\"gallery-row\" style=\"width: 1080px; height: 362px;\" data-original-width=\"1080\" data-original-height=\"362\" > <div class=\"gallery-group images-1\" style=\"width: 540px; height: 362px;\" data-original-width=\"540\" data-original-height=\"362\" > <div class=\"tiled-gallery-item tiled-gallery-item-large\" itemprop=\"associatedMedia\" itemscope itemtype=\"http:\/\/schema.org\/ImageObject\"> <a href=\"https:\/\/centrodeolivaryaceite.com\/es\/pagos-de-toral-y-cortijo-spiritu-santo-presentan-sus-aoves-de-cosecha-temprana\/presentacion-cortijo-spiritu-santo-09\/\" border=\"0\" itemprop=\"url\"> <meta itemprop=\"width\" content=\"536\"> <meta itemprop=\"height\" content=\"358\"> <img decoding=\"async\" class=\"\" data-attachment-id=\"38106\" data-orig-file=\"https:\/\/centrodeolivaryaceite.com\/wp-content\/uploads\/2019\/10\/Presentaci\u00f3n-Cortijo-Spiritu-Santo-09.jpg\" data-orig-size=\"1024,683\" data-comments-opened=\"1\" data-image-meta=\"{&quot;aperture&quot;:&quot;4&quot;,&quot;credit&quot;:&quot;&quot;,&quot;camera&quot;:&quot;NIKON D7100&quot;,&quot;caption&quot;:&quot;????????????????????????????????????&quot;,&quot;created_timestamp&quot;:&quot;1570970085&quot;,&quot;copyright&quot;:&quot;&quot;,&quot;focal_length&quot;:&quot;50&quot;,&quot;iso&quot;:&quot;3200&quot;,&quot;shutter_speed&quot;:&quot;0.01&quot;,&quot;title&quot;:&quot;&quot;,&quot;orientation&quot;:&quot;1&quot;}\" data-image-title=\"Presentaci\u00f3n Cortijo Spiritu Santo 09\" data-image-description=\"\" data-medium-file=\"https:\/\/i0.wp.com\/centrodeolivaryaceite.com\/wp-content\/uploads\/2019\/10\/Presentaci%C3%B3n-Cortijo-Spiritu-Santo-09.jpg?fit=300%2C200&#038;ssl=1\" data-large-file=\"https:\/\/i0.wp.com\/centrodeolivaryaceite.com\/wp-content\/uploads\/2019\/10\/Presentaci%C3%B3n-Cortijo-Spiritu-Santo-09.jpg?fit=1024%2C683&#038;ssl=1\" src=\"https:\/\/i0.wp.com\/centrodeolivaryaceite.com\/wp-content\/uploads\/2019\/10\/Presentaci%C3%B3n-Cortijo-Spiritu-Santo-09.jpg?w=536&#038;h=358&#038;ssl=1\" width=\"536\" height=\"358\" loading=\"lazy\" data-original-width=\"536\" data-original-height=\"358\" itemprop=\"http:\/\/schema.org\/image\" title=\"Presentaci\u00f3n Cortijo Spiritu Santo 09\" alt=\"Cortijo Spiritu Santo\" style=\"width: 536px; height: 358px;\" \/> <\/a> <\/div> <\/div> <!-- close group --> <div class=\"gallery-group images-1\" style=\"width: 540px; height: 362px;\" data-original-width=\"540\" data-original-height=\"362\" > <div class=\"tiled-gallery-item tiled-gallery-item-large\" itemprop=\"associatedMedia\" itemscope itemtype=\"http:\/\/schema.org\/ImageObject\"> <a href=\"https:\/\/centrodeolivaryaceite.com\/es\/pagos-de-toral-y-cortijo-spiritu-santo-presentan-sus-aoves-de-cosecha-temprana\/presentacion-cortijo-spiritu-santo-10\/\" border=\"0\" itemprop=\"url\"> <meta itemprop=\"width\" content=\"536\"> <meta itemprop=\"height\" content=\"358\"> <img decoding=\"async\" class=\"\" data-attachment-id=\"38108\" data-orig-file=\"https:\/\/centrodeolivaryaceite.com\/wp-content\/uploads\/2019\/10\/Presentaci\u00f3n-Cortijo-Spiritu-Santo-10.jpg\" data-orig-size=\"1024,683\" data-comments-opened=\"1\" data-image-meta=\"{&quot;aperture&quot;:&quot;4&quot;,&quot;credit&quot;:&quot;&quot;,&quot;camera&quot;:&quot;NIKON D7100&quot;,&quot;caption&quot;:&quot;????????????????????????????????????&quot;,&quot;created_timestamp&quot;:&quot;1570970206&quot;,&quot;copyright&quot;:&quot;&quot;,&quot;focal_length&quot;:&quot;16&quot;,&quot;iso&quot;:&quot;3200&quot;,&quot;shutter_speed&quot;:&quot;0.01&quot;,&quot;title&quot;:&quot;&quot;,&quot;orientation&quot;:&quot;1&quot;}\" data-image-title=\"Presentaci\u00f3n Cortijo Spiritu Santo 10\" data-image-description=\"\" data-medium-file=\"https:\/\/i0.wp.com\/centrodeolivaryaceite.com\/wp-content\/uploads\/2019\/10\/Presentaci%C3%B3n-Cortijo-Spiritu-Santo-10.jpg?fit=300%2C200&#038;ssl=1\" data-large-file=\"https:\/\/i0.wp.com\/centrodeolivaryaceite.com\/wp-content\/uploads\/2019\/10\/Presentaci%C3%B3n-Cortijo-Spiritu-Santo-10.jpg?fit=1024%2C683&#038;ssl=1\" src=\"https:\/\/i0.wp.com\/centrodeolivaryaceite.com\/wp-content\/uploads\/2019\/10\/Presentaci%C3%B3n-Cortijo-Spiritu-Santo-10.jpg?w=536&#038;h=358&#038;ssl=1\" width=\"536\" height=\"358\" loading=\"lazy\" data-original-width=\"536\" data-original-height=\"358\" itemprop=\"http:\/\/schema.org\/image\" title=\"Presentaci\u00f3n Cortijo Spiritu Santo 10\" alt=\"Cortijo Spiritu Santo\" style=\"width: 536px; height: 358px;\" \/> <\/a> <\/div> <\/div> <!-- close group --> <\/div> <!-- close row --> <div class=\"gallery-row\" style=\"width: 1080px; height: 482px;\" data-original-width=\"1080\" data-original-height=\"482\" > <div class=\"gallery-group images-1\" style=\"width: 721px; height: 482px;\" data-original-width=\"721\" data-original-height=\"482\" > <div class=\"tiled-gallery-item tiled-gallery-item-large\" itemprop=\"associatedMedia\" itemscope itemtype=\"http:\/\/schema.org\/ImageObject\"> <a href=\"https:\/\/centrodeolivaryaceite.com\/es\/pagos-de-toral-y-cortijo-spiritu-santo-presentan-sus-aoves-de-cosecha-temprana\/presentacion-cortijo-spiritu-santo-11\/\" border=\"0\" itemprop=\"url\"> <meta itemprop=\"width\" content=\"717\"> <meta itemprop=\"height\" content=\"478\"> <img decoding=\"async\" class=\"\" data-attachment-id=\"38110\" data-orig-file=\"https:\/\/centrodeolivaryaceite.com\/wp-content\/uploads\/2019\/10\/Presentaci\u00f3n-Cortijo-Spiritu-Santo-11.jpg\" data-orig-size=\"1024,683\" data-comments-opened=\"1\" data-image-meta=\"{&quot;aperture&quot;:&quot;4&quot;,&quot;credit&quot;:&quot;&quot;,&quot;camera&quot;:&quot;NIKON D7100&quot;,&quot;caption&quot;:&quot;????????????????????????????????????&quot;,&quot;created_timestamp&quot;:&quot;1570970378&quot;,&quot;copyright&quot;:&quot;&quot;,&quot;focal_length&quot;:&quot;16&quot;,&quot;iso&quot;:&quot;3200&quot;,&quot;shutter_speed&quot;:&quot;0.01&quot;,&quot;title&quot;:&quot;&quot;,&quot;orientation&quot;:&quot;1&quot;}\" data-image-title=\"Presentaci\u00f3n Cortijo Spiritu Santo 11\" data-image-description=\"\" data-medium-file=\"https:\/\/i0.wp.com\/centrodeolivaryaceite.com\/wp-content\/uploads\/2019\/10\/Presentaci%C3%B3n-Cortijo-Spiritu-Santo-11.jpg?fit=300%2C200&#038;ssl=1\" data-large-file=\"https:\/\/i0.wp.com\/centrodeolivaryaceite.com\/wp-content\/uploads\/2019\/10\/Presentaci%C3%B3n-Cortijo-Spiritu-Santo-11.jpg?fit=1024%2C683&#038;ssl=1\" src=\"https:\/\/i0.wp.com\/centrodeolivaryaceite.com\/wp-content\/uploads\/2019\/10\/Presentaci%C3%B3n-Cortijo-Spiritu-Santo-11.jpg?w=717&#038;h=478&#038;ssl=1\" width=\"717\" height=\"478\" loading=\"lazy\" data-original-width=\"717\" data-original-height=\"478\" itemprop=\"http:\/\/schema.org\/image\" title=\"Presentaci\u00f3n Cortijo Spiritu Santo 11\" alt=\"Presentaci\u00f3n Cortijo Spiritu Santo 11\" style=\"width: 717px; height: 478px;\" \/> <\/a> <\/div> <\/div> <!-- close group --> <div class=\"gallery-group images-2\" style=\"width: 359px; height: 482px;\" data-original-width=\"359\" data-original-height=\"482\" > <div class=\"tiled-gallery-item tiled-gallery-item-large\" itemprop=\"associatedMedia\" itemscope itemtype=\"http:\/\/schema.org\/ImageObject\"> <a href=\"https:\/\/centrodeolivaryaceite.com\/es\/pagos-de-toral-y-cortijo-spiritu-santo-presentan-sus-aoves-de-cosecha-temprana\/presentacion-cortijo-spiritu-santo-12\/\" border=\"0\" itemprop=\"url\"> <meta itemprop=\"width\" content=\"355\"> <meta itemprop=\"height\" content=\"237\"> <img decoding=\"async\" class=\"\" data-attachment-id=\"38112\" data-orig-file=\"https:\/\/centrodeolivaryaceite.com\/wp-content\/uploads\/2019\/10\/Presentaci\u00f3n-Cortijo-Spiritu-Santo-12.jpg\" data-orig-size=\"1024,683\" data-comments-opened=\"1\" data-image-meta=\"{&quot;aperture&quot;:&quot;4&quot;,&quot;credit&quot;:&quot;&quot;,&quot;camera&quot;:&quot;NIKON D7100&quot;,&quot;caption&quot;:&quot;????????????????????????????????????&quot;,&quot;created_timestamp&quot;:&quot;1570970653&quot;,&quot;copyright&quot;:&quot;&quot;,&quot;focal_length&quot;:&quot;30&quot;,&quot;iso&quot;:&quot;3200&quot;,&quot;shutter_speed&quot;:&quot;0.01&quot;,&quot;title&quot;:&quot;&quot;,&quot;orientation&quot;:&quot;1&quot;}\" data-image-title=\"Presentaci\u00f3n Cortijo Spiritu Santo 12\" data-image-description=\"\" data-medium-file=\"https:\/\/i0.wp.com\/centrodeolivaryaceite.com\/wp-content\/uploads\/2019\/10\/Presentaci%C3%B3n-Cortijo-Spiritu-Santo-12.jpg?fit=300%2C200&#038;ssl=1\" data-large-file=\"https:\/\/i0.wp.com\/centrodeolivaryaceite.com\/wp-content\/uploads\/2019\/10\/Presentaci%C3%B3n-Cortijo-Spiritu-Santo-12.jpg?fit=1024%2C683&#038;ssl=1\" src=\"https:\/\/i0.wp.com\/centrodeolivaryaceite.com\/wp-content\/uploads\/2019\/10\/Presentaci%C3%B3n-Cortijo-Spiritu-Santo-12.jpg?w=355&#038;h=237&#038;ssl=1\" width=\"355\" height=\"237\" loading=\"lazy\" data-original-width=\"355\" data-original-height=\"237\" itemprop=\"http:\/\/schema.org\/image\" title=\"Presentaci\u00f3n Cortijo Spiritu Santo 12\" alt=\"Cortijo Spiritu Santo\" style=\"width: 355px; height: 237px;\" \/> <\/a> <\/div> <div class=\"tiled-gallery-item tiled-gallery-item-large\" itemprop=\"associatedMedia\" itemscope itemtype=\"http:\/\/schema.org\/ImageObject\"> <a href=\"https:\/\/centrodeolivaryaceite.com\/es\/pagos-de-toral-y-cortijo-spiritu-santo-presentan-sus-aoves-de-cosecha-temprana\/presentacion-cortijo-spiritu-santo-13\/\" border=\"0\" itemprop=\"url\"> <meta itemprop=\"width\" content=\"355\"> <meta itemprop=\"height\" content=\"237\"> <img decoding=\"async\" class=\"\" data-attachment-id=\"38114\" data-orig-file=\"https:\/\/centrodeolivaryaceite.com\/wp-content\/uploads\/2019\/10\/Presentaci\u00f3n-Cortijo-Spiritu-Santo-13.jpg\" data-orig-size=\"1024,683\" data-comments-opened=\"1\" data-image-meta=\"{&quot;aperture&quot;:&quot;4&quot;,&quot;credit&quot;:&quot;&quot;,&quot;camera&quot;:&quot;NIKON D7100&quot;,&quot;caption&quot;:&quot;????????????????????????????????????&quot;,&quot;created_timestamp&quot;:&quot;1570970710&quot;,&quot;copyright&quot;:&quot;&quot;,&quot;focal_length&quot;:&quot;50&quot;,&quot;iso&quot;:&quot;3200&quot;,&quot;shutter_speed&quot;:&quot;0.01&quot;,&quot;title&quot;:&quot;&quot;,&quot;orientation&quot;:&quot;1&quot;}\" data-image-title=\"Presentaci\u00f3n Cortijo Spiritu Santo 13\" data-image-description=\"\" data-medium-file=\"https:\/\/i0.wp.com\/centrodeolivaryaceite.com\/wp-content\/uploads\/2019\/10\/Presentaci%C3%B3n-Cortijo-Spiritu-Santo-13.jpg?fit=300%2C200&#038;ssl=1\" data-large-file=\"https:\/\/i0.wp.com\/centrodeolivaryaceite.com\/wp-content\/uploads\/2019\/10\/Presentaci%C3%B3n-Cortijo-Spiritu-Santo-13.jpg?fit=1024%2C683&#038;ssl=1\" src=\"https:\/\/i0.wp.com\/centrodeolivaryaceite.com\/wp-content\/uploads\/2019\/10\/Presentaci%C3%B3n-Cortijo-Spiritu-Santo-13.jpg?w=355&#038;h=237&#038;ssl=1\" width=\"355\" height=\"237\" loading=\"lazy\" data-original-width=\"355\" data-original-height=\"237\" itemprop=\"http:\/\/schema.org\/image\" title=\"Presentaci\u00f3n Cortijo Spiritu Santo 13\" alt=\"Cortijo Spiritu Santo\" style=\"width: 355px; height: 237px;\" \/> <\/a> <\/div> <\/div> <!-- close group --> <\/div> <!-- close row --> <div class=\"gallery-row\" style=\"width: 1080px; height: 241px;\" data-original-width=\"1080\" data-original-height=\"241\" > <div class=\"gallery-group images-1\" style=\"width: 360px; height: 241px;\" data-original-width=\"360\" data-original-height=\"241\" > <div class=\"tiled-gallery-item tiled-gallery-item-large\" itemprop=\"associatedMedia\" itemscope itemtype=\"http:\/\/schema.org\/ImageObject\"> <a href=\"https:\/\/centrodeolivaryaceite.com\/es\/pagos-de-toral-y-cortijo-spiritu-santo-presentan-sus-aoves-de-cosecha-temprana\/presentacion-cortijo-spiritu-santo-14\/\" border=\"0\" itemprop=\"url\"> <meta itemprop=\"width\" content=\"356\"> <meta itemprop=\"height\" content=\"237\"> <img decoding=\"async\" class=\"\" data-attachment-id=\"38116\" data-orig-file=\"https:\/\/centrodeolivaryaceite.com\/wp-content\/uploads\/2019\/10\/Presentaci\u00f3n-Cortijo-Spiritu-Santo-14.jpg\" data-orig-size=\"1024,683\" data-comments-opened=\"1\" data-image-meta=\"{&quot;aperture&quot;:&quot;4&quot;,&quot;credit&quot;:&quot;&quot;,&quot;camera&quot;:&quot;NIKON D7100&quot;,&quot;caption&quot;:&quot;????????????????????????????????????&quot;,&quot;created_timestamp&quot;:&quot;1570971243&quot;,&quot;copyright&quot;:&quot;&quot;,&quot;focal_length&quot;:&quot;56&quot;,&quot;iso&quot;:&quot;3200&quot;,&quot;shutter_speed&quot;:&quot;0.0125&quot;,&quot;title&quot;:&quot;&quot;,&quot;orientation&quot;:&quot;1&quot;}\" data-image-title=\"Presentaci\u00f3n Cortijo Spiritu Santo 14\" data-image-description=\"\" data-medium-file=\"https:\/\/i0.wp.com\/centrodeolivaryaceite.com\/wp-content\/uploads\/2019\/10\/Presentaci%C3%B3n-Cortijo-Spiritu-Santo-14.jpg?fit=300%2C200&#038;ssl=1\" data-large-file=\"https:\/\/i0.wp.com\/centrodeolivaryaceite.com\/wp-content\/uploads\/2019\/10\/Presentaci%C3%B3n-Cortijo-Spiritu-Santo-14.jpg?fit=1024%2C683&#038;ssl=1\" src=\"https:\/\/i0.wp.com\/centrodeolivaryaceite.com\/wp-content\/uploads\/2019\/10\/Presentaci%C3%B3n-Cortijo-Spiritu-Santo-14.jpg?w=356&#038;h=237&#038;ssl=1\" width=\"356\" height=\"237\" loading=\"lazy\" data-original-width=\"356\" data-original-height=\"237\" itemprop=\"http:\/\/schema.org\/image\" title=\"Presentaci\u00f3n Cortijo Spiritu Santo 14\" alt=\"Cortijo Spiritu Santo\" style=\"width: 356px; height: 237px;\" \/> <\/a> <\/div> <\/div> <!-- close group --> <div class=\"gallery-group images-1\" style=\"width: 360px; height: 241px;\" data-original-width=\"360\" data-original-height=\"241\" > <div class=\"tiled-gallery-item tiled-gallery-item-large\" itemprop=\"associatedMedia\" itemscope itemtype=\"http:\/\/schema.org\/ImageObject\"> <a href=\"https:\/\/centrodeolivaryaceite.com\/es\/pagos-de-toral-y-cortijo-spiritu-santo-presentan-sus-aoves-de-cosecha-temprana\/presentacion-cortijo-spiritu-santo-15\/\" border=\"0\" itemprop=\"url\"> <meta itemprop=\"width\" content=\"356\"> <meta itemprop=\"height\" content=\"237\"> <img decoding=\"async\" class=\"\" data-attachment-id=\"38118\" data-orig-file=\"https:\/\/centrodeolivaryaceite.com\/wp-content\/uploads\/2019\/10\/Presentaci\u00f3n-Cortijo-Spiritu-Santo-15.jpg\" data-orig-size=\"1024,683\" data-comments-opened=\"1\" data-image-meta=\"{&quot;aperture&quot;:&quot;4&quot;,&quot;credit&quot;:&quot;&quot;,&quot;camera&quot;:&quot;NIKON D7100&quot;,&quot;caption&quot;:&quot;????????????????????????????????????&quot;,&quot;created_timestamp&quot;:&quot;1570971369&quot;,&quot;copyright&quot;:&quot;&quot;,&quot;focal_length&quot;:&quot;16&quot;,&quot;iso&quot;:&quot;3200&quot;,&quot;shutter_speed&quot;:&quot;0.008&quot;,&quot;title&quot;:&quot;&quot;,&quot;orientation&quot;:&quot;1&quot;}\" data-image-title=\"Presentaci\u00f3n Cortijo Spiritu Santo 15\" data-image-description=\"\" data-medium-file=\"https:\/\/i0.wp.com\/centrodeolivaryaceite.com\/wp-content\/uploads\/2019\/10\/Presentaci%C3%B3n-Cortijo-Spiritu-Santo-15.jpg?fit=300%2C200&#038;ssl=1\" data-large-file=\"https:\/\/i0.wp.com\/centrodeolivaryaceite.com\/wp-content\/uploads\/2019\/10\/Presentaci%C3%B3n-Cortijo-Spiritu-Santo-15.jpg?fit=1024%2C683&#038;ssl=1\" src=\"https:\/\/i0.wp.com\/centrodeolivaryaceite.com\/wp-content\/uploads\/2019\/10\/Presentaci%C3%B3n-Cortijo-Spiritu-Santo-15.jpg?w=356&#038;h=237&#038;ssl=1\" width=\"356\" height=\"237\" loading=\"lazy\" data-original-width=\"356\" data-original-height=\"237\" itemprop=\"http:\/\/schema.org\/image\" title=\"Presentaci\u00f3n Cortijo Spiritu Santo 15\" alt=\"Cortijo Spiritu Santo\" style=\"width: 356px; height: 237px;\" \/> <\/a> <\/div> <\/div> <!-- close group --> <div class=\"gallery-group images-1\" style=\"width: 360px; height: 241px;\" data-original-width=\"360\" data-original-height=\"241\" > <div class=\"tiled-gallery-item tiled-gallery-item-large\" itemprop=\"associatedMedia\" itemscope itemtype=\"http:\/\/schema.org\/ImageObject\"> <a href=\"https:\/\/centrodeolivaryaceite.com\/es\/pagos-de-toral-y-cortijo-spiritu-santo-presentan-sus-aoves-de-cosecha-temprana\/presentacion-cortijo-spiritu-santo-16\/\" border=\"0\" itemprop=\"url\"> <meta itemprop=\"width\" content=\"356\"> <meta itemprop=\"height\" content=\"237\"> <img decoding=\"async\" class=\"\" data-attachment-id=\"38120\" data-orig-file=\"https:\/\/centrodeolivaryaceite.com\/wp-content\/uploads\/2019\/10\/Presentaci\u00f3n-Cortijo-Spiritu-Santo-16.jpg\" data-orig-size=\"1024,683\" data-comments-opened=\"1\" data-image-meta=\"{&quot;aperture&quot;:&quot;4&quot;,&quot;credit&quot;:&quot;&quot;,&quot;camera&quot;:&quot;NIKON D7100&quot;,&quot;caption&quot;:&quot;????????????????????????????????????&quot;,&quot;created_timestamp&quot;:&quot;1570971385&quot;,&quot;copyright&quot;:&quot;&quot;,&quot;focal_length&quot;:&quot;26&quot;,&quot;iso&quot;:&quot;3200&quot;,&quot;shutter_speed&quot;:&quot;0.008&quot;,&quot;title&quot;:&quot;&quot;,&quot;orientation&quot;:&quot;1&quot;}\" data-image-title=\"Presentaci\u00f3n Cortijo Spiritu Santo 16\" data-image-description=\"\" data-medium-file=\"https:\/\/i0.wp.com\/centrodeolivaryaceite.com\/wp-content\/uploads\/2019\/10\/Presentaci%C3%B3n-Cortijo-Spiritu-Santo-16.jpg?fit=300%2C200&#038;ssl=1\" data-large-file=\"https:\/\/i0.wp.com\/centrodeolivaryaceite.com\/wp-content\/uploads\/2019\/10\/Presentaci%C3%B3n-Cortijo-Spiritu-Santo-16.jpg?fit=1024%2C683&#038;ssl=1\" src=\"https:\/\/i0.wp.com\/centrodeolivaryaceite.com\/wp-content\/uploads\/2019\/10\/Presentaci%C3%B3n-Cortijo-Spiritu-Santo-16.jpg?w=356&#038;h=237&#038;ssl=1\" width=\"356\" height=\"237\" loading=\"lazy\" data-original-width=\"356\" data-original-height=\"237\" itemprop=\"http:\/\/schema.org\/image\" title=\"Presentaci\u00f3n Cortijo Spiritu Santo 16\" alt=\"Cortijo Spiritu Santo\" style=\"width: 356px; height: 237px;\" \/> <\/a> <\/div> <\/div> <!-- close group --> <\/div> <!-- close row --> <div class=\"gallery-row\" style=\"width: 1080px; height: 482px;\" data-original-width=\"1080\" data-original-height=\"482\" > <div class=\"gallery-group images-2\" style=\"width: 359px; height: 482px;\" data-original-width=\"359\" data-original-height=\"482\" > <div class=\"tiled-gallery-item tiled-gallery-item-large\" itemprop=\"associatedMedia\" itemscope itemtype=\"http:\/\/schema.org\/ImageObject\"> <a href=\"https:\/\/centrodeolivaryaceite.com\/es\/pagos-de-toral-y-cortijo-spiritu-santo-presentan-sus-aoves-de-cosecha-temprana\/presentacion-cortijo-spiritu-santo-17\/\" border=\"0\" itemprop=\"url\"> <meta itemprop=\"width\" content=\"355\"> <meta itemprop=\"height\" content=\"237\"> <img decoding=\"async\" class=\"\" data-attachment-id=\"38122\" data-orig-file=\"https:\/\/centrodeolivaryaceite.com\/wp-content\/uploads\/2019\/10\/Presentaci\u00f3n-Cortijo-Spiritu-Santo-17.jpg\" data-orig-size=\"1024,683\" data-comments-opened=\"1\" data-image-meta=\"{&quot;aperture&quot;:&quot;4&quot;,&quot;credit&quot;:&quot;&quot;,&quot;camera&quot;:&quot;NIKON D7100&quot;,&quot;caption&quot;:&quot;????????????????????????????????????&quot;,&quot;created_timestamp&quot;:&quot;1570971675&quot;,&quot;copyright&quot;:&quot;&quot;,&quot;focal_length&quot;:&quot;32&quot;,&quot;iso&quot;:&quot;3200&quot;,&quot;shutter_speed&quot;:&quot;0.008&quot;,&quot;title&quot;:&quot;&quot;,&quot;orientation&quot;:&quot;1&quot;}\" data-image-title=\"Presentaci\u00f3n Cortijo Spiritu Santo 17\" data-image-description=\"\" data-medium-file=\"https:\/\/i0.wp.com\/centrodeolivaryaceite.com\/wp-content\/uploads\/2019\/10\/Presentaci%C3%B3n-Cortijo-Spiritu-Santo-17.jpg?fit=300%2C200&#038;ssl=1\" data-large-file=\"https:\/\/i0.wp.com\/centrodeolivaryaceite.com\/wp-content\/uploads\/2019\/10\/Presentaci%C3%B3n-Cortijo-Spiritu-Santo-17.jpg?fit=1024%2C683&#038;ssl=1\" src=\"https:\/\/i0.wp.com\/centrodeolivaryaceite.com\/wp-content\/uploads\/2019\/10\/Presentaci%C3%B3n-Cortijo-Spiritu-Santo-17.jpg?w=355&#038;h=237&#038;ssl=1\" width=\"355\" height=\"237\" loading=\"lazy\" data-original-width=\"355\" data-original-height=\"237\" itemprop=\"http:\/\/schema.org\/image\" title=\"Presentaci\u00f3n Cortijo Spiritu Santo 17\" alt=\"Cortijo Spiritu Santo\" style=\"width: 355px; height: 237px;\" \/> <\/a> <\/div> <div class=\"tiled-gallery-item tiled-gallery-item-large\" itemprop=\"associatedMedia\" itemscope itemtype=\"http:\/\/schema.org\/ImageObject\"> <a href=\"https:\/\/centrodeolivaryaceite.com\/es\/pagos-de-toral-y-cortijo-spiritu-santo-presentan-sus-aoves-de-cosecha-temprana\/presentacion-cortijo-spiritu-santo-18\/\" border=\"0\" itemprop=\"url\"> <meta itemprop=\"width\" content=\"355\"> <meta itemprop=\"height\" content=\"237\"> <img decoding=\"async\" class=\"\" data-attachment-id=\"38124\" data-orig-file=\"https:\/\/centrodeolivaryaceite.com\/wp-content\/uploads\/2019\/10\/Presentaci\u00f3n-Cortijo-Spiritu-Santo-18.jpg\" data-orig-size=\"1024,683\" data-comments-opened=\"1\" data-image-meta=\"{&quot;aperture&quot;:&quot;4&quot;,&quot;credit&quot;:&quot;&quot;,&quot;camera&quot;:&quot;NIKON D7100&quot;,&quot;caption&quot;:&quot;????????????????????????????????????&quot;,&quot;created_timestamp&quot;:&quot;1570971752&quot;,&quot;copyright&quot;:&quot;&quot;,&quot;focal_length&quot;:&quot;46&quot;,&quot;iso&quot;:&quot;3200&quot;,&quot;shutter_speed&quot;:&quot;0.008&quot;,&quot;title&quot;:&quot;&quot;,&quot;orientation&quot;:&quot;1&quot;}\" data-image-title=\"Presentaci\u00f3n Cortijo Spiritu Santo 18\" data-image-description=\"\" data-medium-file=\"https:\/\/i0.wp.com\/centrodeolivaryaceite.com\/wp-content\/uploads\/2019\/10\/Presentaci%C3%B3n-Cortijo-Spiritu-Santo-18.jpg?fit=300%2C200&#038;ssl=1\" data-large-file=\"https:\/\/i0.wp.com\/centrodeolivaryaceite.com\/wp-content\/uploads\/2019\/10\/Presentaci%C3%B3n-Cortijo-Spiritu-Santo-18.jpg?fit=1024%2C683&#038;ssl=1\" src=\"https:\/\/i0.wp.com\/centrodeolivaryaceite.com\/wp-content\/uploads\/2019\/10\/Presentaci%C3%B3n-Cortijo-Spiritu-Santo-18.jpg?w=355&#038;h=237&#038;ssl=1\" width=\"355\" height=\"237\" loading=\"lazy\" data-original-width=\"355\" data-original-height=\"237\" itemprop=\"http:\/\/schema.org\/image\" title=\"Presentaci\u00f3n Cortijo Spiritu Santo 18\" alt=\"Cortijo Spiritu Santo\" style=\"width: 355px; height: 237px;\" \/> <\/a> <\/div> <\/div> <!-- close group --> <div class=\"gallery-group images-1\" style=\"width: 721px; height: 482px;\" data-original-width=\"721\" data-original-height=\"482\" > <div class=\"tiled-gallery-item tiled-gallery-item-large\" itemprop=\"associatedMedia\" itemscope itemtype=\"http:\/\/schema.org\/ImageObject\"> <a href=\"https:\/\/centrodeolivaryaceite.com\/es\/pagos-de-toral-y-cortijo-spiritu-santo-presentan-sus-aoves-de-cosecha-temprana\/presentacion-pagos-de-toral-20\/\" border=\"0\" itemprop=\"url\"> <meta itemprop=\"width\" content=\"717\"> <meta itemprop=\"height\" content=\"478\"> <img decoding=\"async\" class=\"\" data-attachment-id=\"38126\" data-orig-file=\"https:\/\/centrodeolivaryaceite.com\/wp-content\/uploads\/2019\/10\/Presentaci\u00f3n-Pagos-de-Toral-20.jpg\" data-orig-size=\"1024,683\" data-comments-opened=\"1\" data-image-meta=\"{&quot;aperture&quot;:&quot;4&quot;,&quot;credit&quot;:&quot;JESUS DELGADO&quot;,&quot;camera&quot;:&quot;NIKON D500&quot;,&quot;caption&quot;:&quot;&quot;,&quot;created_timestamp&quot;:&quot;1570886577&quot;,&quot;copyright&quot;:&quot;&quot;,&quot;focal_length&quot;:&quot;19&quot;,&quot;iso&quot;:&quot;2500&quot;,&quot;shutter_speed&quot;:&quot;0.01&quot;,&quot;title&quot;:&quot;&quot;,&quot;orientation&quot;:&quot;1&quot;}\" data-image-title=\"Presentaci\u00f3n Pagos de Toral 20\" data-image-description=\"\" data-medium-file=\"https:\/\/i0.wp.com\/centrodeolivaryaceite.com\/wp-content\/uploads\/2019\/10\/Presentaci%C3%B3n-Pagos-de-Toral-20.jpg?fit=300%2C200&#038;ssl=1\" data-large-file=\"https:\/\/i0.wp.com\/centrodeolivaryaceite.com\/wp-content\/uploads\/2019\/10\/Presentaci%C3%B3n-Pagos-de-Toral-20.jpg?fit=1024%2C683&#038;ssl=1\" src=\"https:\/\/i0.wp.com\/centrodeolivaryaceite.com\/wp-content\/uploads\/2019\/10\/Presentaci%C3%B3n-Pagos-de-Toral-20.jpg?w=717&#038;h=478&#038;ssl=1\" width=\"717\" height=\"478\" loading=\"lazy\" data-original-width=\"717\" data-original-height=\"478\" itemprop=\"http:\/\/schema.org\/image\" title=\"Presentaci\u00f3n Pagos de Toral 20\" alt=\"Foto de familia con Pagos de Toral\" style=\"width: 717px; height: 478px;\" \/> <\/a> <\/div> <\/div> <!-- close group --> <\/div> <!-- close row --> <div class=\"gallery-row\" style=\"width: 1080px; height: 362px;\" data-original-width=\"1080\" data-original-height=\"362\" > <div class=\"gallery-group images-1\" style=\"width: 540px; height: 362px;\" data-original-width=\"540\" data-original-height=\"362\" > <div class=\"tiled-gallery-item tiled-gallery-item-large\" itemprop=\"associatedMedia\" itemscope itemtype=\"http:\/\/schema.org\/ImageObject\"> <a href=\"https:\/\/centrodeolivaryaceite.com\/es\/pagos-de-toral-y-cortijo-spiritu-santo-presentan-sus-aoves-de-cosecha-temprana\/presentacion-pagos-de-toral-01\/\" border=\"0\" itemprop=\"url\"> <meta itemprop=\"width\" content=\"536\"> <meta itemprop=\"height\" content=\"358\"> <img decoding=\"async\" class=\"\" data-attachment-id=\"38128\" data-orig-file=\"https:\/\/centrodeolivaryaceite.com\/wp-content\/uploads\/2019\/10\/Presentaci\u00f3n-Pagos-de-Toral-01.jpg\" data-orig-size=\"1024,683\" data-comments-opened=\"1\" data-image-meta=\"{&quot;aperture&quot;:&quot;4&quot;,&quot;credit&quot;:&quot;JESUS DELGADO&quot;,&quot;camera&quot;:&quot;NIKON D500&quot;,&quot;caption&quot;:&quot;&quot;,&quot;created_timestamp&quot;:&quot;1570883509&quot;,&quot;copyright&quot;:&quot;&quot;,&quot;focal_length&quot;:&quot;80&quot;,&quot;iso&quot;:&quot;4000&quot;,&quot;shutter_speed&quot;:&quot;0.0125&quot;,&quot;title&quot;:&quot;&quot;,&quot;orientation&quot;:&quot;1&quot;}\" data-image-title=\"Presentaci\u00f3n Pagos de Toral 01\" data-image-description=\"\" data-medium-file=\"https:\/\/i0.wp.com\/centrodeolivaryaceite.com\/wp-content\/uploads\/2019\/10\/Presentaci%C3%B3n-Pagos-de-Toral-01.jpg?fit=300%2C200&#038;ssl=1\" data-large-file=\"https:\/\/i0.wp.com\/centrodeolivaryaceite.com\/wp-content\/uploads\/2019\/10\/Presentaci%C3%B3n-Pagos-de-Toral-01.jpg?fit=1024%2C683&#038;ssl=1\" src=\"https:\/\/i0.wp.com\/centrodeolivaryaceite.com\/wp-content\/uploads\/2019\/10\/Presentaci%C3%B3n-Pagos-de-Toral-01.jpg?w=536&#038;h=358&#038;ssl=1\" width=\"536\" height=\"358\" loading=\"lazy\" data-original-width=\"536\" data-original-height=\"358\" itemprop=\"http:\/\/schema.org\/image\" title=\"Presentaci\u00f3n Pagos de Toral 01\" alt=\"Botellas de Pagos de Toral\" style=\"width: 536px; height: 358px;\" \/> <\/a> <\/div> <\/div> <!-- close group --> <div class=\"gallery-group images-1\" style=\"width: 540px; height: 362px;\" data-original-width=\"540\" data-original-height=\"362\" > <div class=\"tiled-gallery-item tiled-gallery-item-large\" itemprop=\"associatedMedia\" itemscope itemtype=\"http:\/\/schema.org\/ImageObject\"> <a href=\"https:\/\/centrodeolivaryaceite.com\/es\/pagos-de-toral-y-cortijo-spiritu-santo-presentan-sus-aoves-de-cosecha-temprana\/presentacion-pagos-de-toral-02\/\" border=\"0\" itemprop=\"url\"> <meta itemprop=\"width\" content=\"536\"> <meta itemprop=\"height\" content=\"358\"> <img decoding=\"async\" class=\"\" data-attachment-id=\"38130\" data-orig-file=\"https:\/\/centrodeolivaryaceite.com\/wp-content\/uploads\/2019\/10\/Presentaci\u00f3n-Pagos-de-Toral-02.jpg\" data-orig-size=\"1024,683\" data-comments-opened=\"1\" data-image-meta=\"{&quot;aperture&quot;:&quot;4&quot;,&quot;credit&quot;:&quot;JESUS DELGADO&quot;,&quot;camera&quot;:&quot;NIKON D500&quot;,&quot;caption&quot;:&quot;&quot;,&quot;created_timestamp&quot;:&quot;1570883838&quot;,&quot;copyright&quot;:&quot;&quot;,&quot;focal_length&quot;:&quot;26&quot;,&quot;iso&quot;:&quot;3200&quot;,&quot;shutter_speed&quot;:&quot;0.01&quot;,&quot;title&quot;:&quot;&quot;,&quot;orientation&quot;:&quot;1&quot;}\" data-image-title=\"Presentaci\u00f3n Pagos de Toral 02\" data-image-description=\"\" data-medium-file=\"https:\/\/i0.wp.com\/centrodeolivaryaceite.com\/wp-content\/uploads\/2019\/10\/Presentaci%C3%B3n-Pagos-de-Toral-02.jpg?fit=300%2C200&#038;ssl=1\" data-large-file=\"https:\/\/i0.wp.com\/centrodeolivaryaceite.com\/wp-content\/uploads\/2019\/10\/Presentaci%C3%B3n-Pagos-de-Toral-02.jpg?fit=1024%2C683&#038;ssl=1\" src=\"https:\/\/i0.wp.com\/centrodeolivaryaceite.com\/wp-content\/uploads\/2019\/10\/Presentaci%C3%B3n-Pagos-de-Toral-02.jpg?w=536&#038;h=358&#038;ssl=1\" width=\"536\" height=\"358\" loading=\"lazy\" data-original-width=\"536\" data-original-height=\"358\" itemprop=\"http:\/\/schema.org\/image\" title=\"Presentaci\u00f3n Pagos de Toral 02\" alt=\"Tom\u00e1s M\u00e9ndez\" style=\"width: 536px; height: 358px;\" \/> <\/a> <\/div> <\/div> <!-- close group --> <\/div> <!-- close row --> <div class=\"gallery-row\" style=\"width: 1080px; height: 482px;\" data-original-width=\"1080\" data-original-height=\"482\" > <div class=\"gallery-group images-1\" style=\"width: 721px; height: 482px;\" data-original-width=\"721\" data-original-height=\"482\" > <div class=\"tiled-gallery-item tiled-gallery-item-large\" itemprop=\"associatedMedia\" itemscope itemtype=\"http:\/\/schema.org\/ImageObject\"> <a href=\"https:\/\/centrodeolivaryaceite.com\/es\/pagos-de-toral-y-cortijo-spiritu-santo-presentan-sus-aoves-de-cosecha-temprana\/presentacion-pagos-de-toral-03\/\" border=\"0\" itemprop=\"url\"> <meta itemprop=\"width\" content=\"717\"> <meta itemprop=\"height\" content=\"478\"> <img decoding=\"async\" class=\"\" data-attachment-id=\"38132\" data-orig-file=\"https:\/\/centrodeolivaryaceite.com\/wp-content\/uploads\/2019\/10\/Presentaci\u00f3n-Pagos-de-Toral-03.jpg\" data-orig-size=\"1024,683\" data-comments-opened=\"1\" data-image-meta=\"{&quot;aperture&quot;:&quot;4&quot;,&quot;credit&quot;:&quot;JESUS DELGADO&quot;,&quot;camera&quot;:&quot;NIKON D500&quot;,&quot;caption&quot;:&quot;&quot;,&quot;created_timestamp&quot;:&quot;1570883907&quot;,&quot;copyright&quot;:&quot;&quot;,&quot;focal_length&quot;:&quot;38&quot;,&quot;iso&quot;:&quot;3200&quot;,&quot;shutter_speed&quot;:&quot;0.0125&quot;,&quot;title&quot;:&quot;&quot;,&quot;orientation&quot;:&quot;1&quot;}\" data-image-title=\"Presentaci\u00f3n Pagos de Toral 03\" data-image-description=\"\" data-medium-file=\"https:\/\/i0.wp.com\/centrodeolivaryaceite.com\/wp-content\/uploads\/2019\/10\/Presentaci%C3%B3n-Pagos-de-Toral-03.jpg?fit=300%2C200&#038;ssl=1\" data-large-file=\"https:\/\/i0.wp.com\/centrodeolivaryaceite.com\/wp-content\/uploads\/2019\/10\/Presentaci%C3%B3n-Pagos-de-Toral-03.jpg?fit=1024%2C683&#038;ssl=1\" src=\"https:\/\/i0.wp.com\/centrodeolivaryaceite.com\/wp-content\/uploads\/2019\/10\/Presentaci%C3%B3n-Pagos-de-Toral-03.jpg?w=717&#038;h=478&#038;ssl=1\" width=\"717\" height=\"478\" loading=\"lazy\" data-original-width=\"717\" data-original-height=\"478\" itemprop=\"http:\/\/schema.org\/image\" title=\"Presentaci\u00f3n Pagos de Toral 03\" alt=\"Tienda del Centro de Interpretaci\u00f3n\" style=\"width: 717px; height: 478px;\" \/> <\/a> <\/div> <\/div> <!-- close group --> <div class=\"gallery-group images-2\" style=\"width: 359px; height: 482px;\" data-original-width=\"359\" data-original-height=\"482\" > <div class=\"tiled-gallery-item tiled-gallery-item-large\" itemprop=\"associatedMedia\" itemscope itemtype=\"http:\/\/schema.org\/ImageObject\"> <a href=\"https:\/\/centrodeolivaryaceite.com\/es\/pagos-de-toral-y-cortijo-spiritu-santo-presentan-sus-aoves-de-cosecha-temprana\/presentacion-pagos-de-toral-04\/\" border=\"0\" itemprop=\"url\"> <meta itemprop=\"width\" content=\"355\"> <meta itemprop=\"height\" content=\"237\"> <img decoding=\"async\" class=\"\" data-attachment-id=\"38134\" data-orig-file=\"https:\/\/centrodeolivaryaceite.com\/wp-content\/uploads\/2019\/10\/Presentaci\u00f3n-Pagos-de-Toral-04.jpg\" data-orig-size=\"1024,683\" data-comments-opened=\"1\" data-image-meta=\"{&quot;aperture&quot;:&quot;4&quot;,&quot;credit&quot;:&quot;JESUS DELGADO&quot;,&quot;camera&quot;:&quot;NIKON D500&quot;,&quot;caption&quot;:&quot;&quot;,&quot;created_timestamp&quot;:&quot;1570883939&quot;,&quot;copyright&quot;:&quot;&quot;,&quot;focal_length&quot;:&quot;62&quot;,&quot;iso&quot;:&quot;3200&quot;,&quot;shutter_speed&quot;:&quot;0.008&quot;,&quot;title&quot;:&quot;&quot;,&quot;orientation&quot;:&quot;1&quot;}\" data-image-title=\"Presentaci\u00f3n Pagos de Toral 04\" data-image-description=\"\" data-medium-file=\"https:\/\/i0.wp.com\/centrodeolivaryaceite.com\/wp-content\/uploads\/2019\/10\/Presentaci%C3%B3n-Pagos-de-Toral-04.jpg?fit=300%2C200&#038;ssl=1\" data-large-file=\"https:\/\/i0.wp.com\/centrodeolivaryaceite.com\/wp-content\/uploads\/2019\/10\/Presentaci%C3%B3n-Pagos-de-Toral-04.jpg?fit=1024%2C683&#038;ssl=1\" src=\"https:\/\/i0.wp.com\/centrodeolivaryaceite.com\/wp-content\/uploads\/2019\/10\/Presentaci%C3%B3n-Pagos-de-Toral-04.jpg?w=355&#038;h=237&#038;ssl=1\" width=\"355\" height=\"237\" loading=\"lazy\" data-original-width=\"355\" data-original-height=\"237\" itemprop=\"http:\/\/schema.org\/image\" title=\"Presentaci\u00f3n Pagos de Toral 04\" alt=\"Vista de Pagos de Toral\" style=\"width: 355px; height: 237px;\" \/> <\/a> <\/div> <div class=\"tiled-gallery-item tiled-gallery-item-large\" itemprop=\"associatedMedia\" itemscope itemtype=\"http:\/\/schema.org\/ImageObject\"> <a href=\"https:\/\/centrodeolivaryaceite.com\/es\/pagos-de-toral-y-cortijo-spiritu-santo-presentan-sus-aoves-de-cosecha-temprana\/presentacion-pagos-de-toral-05\/\" border=\"0\" itemprop=\"url\"> <meta itemprop=\"width\" content=\"355\"> <meta itemprop=\"height\" content=\"237\"> <img decoding=\"async\" class=\"\" data-attachment-id=\"38136\" data-orig-file=\"https:\/\/centrodeolivaryaceite.com\/wp-content\/uploads\/2019\/10\/Presentaci\u00f3n-Pagos-de-Toral-05.jpg\" data-orig-size=\"1024,683\" data-comments-opened=\"1\" data-image-meta=\"{&quot;aperture&quot;:&quot;4&quot;,&quot;credit&quot;:&quot;JESUS DELGADO&quot;,&quot;camera&quot;:&quot;NIKON D500&quot;,&quot;caption&quot;:&quot;&quot;,&quot;created_timestamp&quot;:&quot;1570883976&quot;,&quot;copyright&quot;:&quot;&quot;,&quot;focal_length&quot;:&quot;35&quot;,&quot;iso&quot;:&quot;3200&quot;,&quot;shutter_speed&quot;:&quot;0.008&quot;,&quot;title&quot;:&quot;&quot;,&quot;orientation&quot;:&quot;1&quot;}\" data-image-title=\"Presentaci\u00f3n Pagos de Toral 05\" data-image-description=\"\" data-medium-file=\"https:\/\/i0.wp.com\/centrodeolivaryaceite.com\/wp-content\/uploads\/2019\/10\/Presentaci%C3%B3n-Pagos-de-Toral-05.jpg?fit=300%2C200&#038;ssl=1\" data-large-file=\"https:\/\/i0.wp.com\/centrodeolivaryaceite.com\/wp-content\/uploads\/2019\/10\/Presentaci%C3%B3n-Pagos-de-Toral-05.jpg?fit=1024%2C683&#038;ssl=1\" src=\"https:\/\/i0.wp.com\/centrodeolivaryaceite.com\/wp-content\/uploads\/2019\/10\/Presentaci%C3%B3n-Pagos-de-Toral-05.jpg?w=355&#038;h=237&#038;ssl=1\" width=\"355\" height=\"237\" loading=\"lazy\" data-original-width=\"355\" data-original-height=\"237\" itemprop=\"http:\/\/schema.org\/image\" title=\"Presentaci\u00f3n Pagos de Toral 05\" alt=\"Pagos de Toral en el Centro\" style=\"width: 355px; height: 237px;\" \/> <\/a> <\/div> <\/div> <!-- close group --> <\/div> <!-- close row --> <div class=\"gallery-row\" style=\"width: 1080px; height: 241px;\" data-original-width=\"1080\" data-original-height=\"241\" > <div class=\"gallery-group images-1\" style=\"width: 360px; height: 241px;\" data-original-width=\"360\" data-original-height=\"241\" > <div class=\"tiled-gallery-item tiled-gallery-item-large\" itemprop=\"associatedMedia\" itemscope itemtype=\"http:\/\/schema.org\/ImageObject\"> <a href=\"https:\/\/centrodeolivaryaceite.com\/es\/pagos-de-toral-y-cortijo-spiritu-santo-presentan-sus-aoves-de-cosecha-temprana\/presentacion-pagos-de-toral-06\/\" border=\"0\" itemprop=\"url\"> <meta itemprop=\"width\" content=\"356\"> <meta itemprop=\"height\" content=\"237\"> <img decoding=\"async\" class=\"\" data-attachment-id=\"38138\" data-orig-file=\"https:\/\/centrodeolivaryaceite.com\/wp-content\/uploads\/2019\/10\/Presentaci\u00f3n-Pagos-de-Toral-06.jpg\" data-orig-size=\"1024,683\" data-comments-opened=\"1\" data-image-meta=\"{&quot;aperture&quot;:&quot;4&quot;,&quot;credit&quot;:&quot;JESUS DELGADO&quot;,&quot;camera&quot;:&quot;NIKON D500&quot;,&quot;caption&quot;:&quot;&quot;,&quot;created_timestamp&quot;:&quot;1570883984&quot;,&quot;copyright&quot;:&quot;&quot;,&quot;focal_length&quot;:&quot;70&quot;,&quot;iso&quot;:&quot;3200&quot;,&quot;shutter_speed&quot;:&quot;0.008&quot;,&quot;title&quot;:&quot;&quot;,&quot;orientation&quot;:&quot;1&quot;}\" data-image-title=\"Presentaci\u00f3n Pagos de Toral 06\" data-image-description=\"\" data-medium-file=\"https:\/\/i0.wp.com\/centrodeolivaryaceite.com\/wp-content\/uploads\/2019\/10\/Presentaci%C3%B3n-Pagos-de-Toral-06.jpg?fit=300%2C200&#038;ssl=1\" data-large-file=\"https:\/\/i0.wp.com\/centrodeolivaryaceite.com\/wp-content\/uploads\/2019\/10\/Presentaci%C3%B3n-Pagos-de-Toral-06.jpg?fit=1024%2C683&#038;ssl=1\" src=\"https:\/\/i0.wp.com\/centrodeolivaryaceite.com\/wp-content\/uploads\/2019\/10\/Presentaci%C3%B3n-Pagos-de-Toral-06.jpg?w=356&#038;h=237&#038;ssl=1\" width=\"356\" height=\"237\" loading=\"lazy\" data-original-width=\"356\" data-original-height=\"237\" itemprop=\"http:\/\/schema.org\/image\" title=\"Presentaci\u00f3n Pagos de Toral 06\" alt=\"Hablando de AOVE\" style=\"width: 356px; height: 237px;\" \/> <\/a> <\/div> <\/div> <!-- close group --> <div class=\"gallery-group images-1\" style=\"width: 360px; height: 241px;\" data-original-width=\"360\" data-original-height=\"241\" > <div class=\"tiled-gallery-item tiled-gallery-item-large\" itemprop=\"associatedMedia\" itemscope itemtype=\"http:\/\/schema.org\/ImageObject\"> <a href=\"https:\/\/centrodeolivaryaceite.com\/es\/pagos-de-toral-y-cortijo-spiritu-santo-presentan-sus-aoves-de-cosecha-temprana\/presentacion-pagos-de-toral-07\/\" border=\"0\" itemprop=\"url\"> <meta itemprop=\"width\" content=\"356\"> <meta itemprop=\"height\" content=\"237\"> <img decoding=\"async\" class=\"\" data-attachment-id=\"38140\" data-orig-file=\"https:\/\/centrodeolivaryaceite.com\/wp-content\/uploads\/2019\/10\/Presentaci\u00f3n-Pagos-de-Toral-07.jpg\" data-orig-size=\"1024,683\" data-comments-opened=\"1\" data-image-meta=\"{&quot;aperture&quot;:&quot;4&quot;,&quot;credit&quot;:&quot;JESUS DELGADO&quot;,&quot;camera&quot;:&quot;NIKON D500&quot;,&quot;caption&quot;:&quot;&quot;,&quot;created_timestamp&quot;:&quot;1570884031&quot;,&quot;copyright&quot;:&quot;&quot;,&quot;focal_length&quot;:&quot;28&quot;,&quot;iso&quot;:&quot;3200&quot;,&quot;shutter_speed&quot;:&quot;0.008&quot;,&quot;title&quot;:&quot;&quot;,&quot;orientation&quot;:&quot;1&quot;}\" data-image-title=\"Presentaci\u00f3n Pagos de Toral 07\" data-image-description=\"\" data-medium-file=\"https:\/\/i0.wp.com\/centrodeolivaryaceite.com\/wp-content\/uploads\/2019\/10\/Presentaci%C3%B3n-Pagos-de-Toral-07.jpg?fit=300%2C200&#038;ssl=1\" data-large-file=\"https:\/\/i0.wp.com\/centrodeolivaryaceite.com\/wp-content\/uploads\/2019\/10\/Presentaci%C3%B3n-Pagos-de-Toral-07.jpg?fit=1024%2C683&#038;ssl=1\" src=\"https:\/\/i0.wp.com\/centrodeolivaryaceite.com\/wp-content\/uploads\/2019\/10\/Presentaci%C3%B3n-Pagos-de-Toral-07.jpg?w=356&#038;h=237&#038;ssl=1\" width=\"356\" height=\"237\" loading=\"lazy\" data-original-width=\"356\" data-original-height=\"237\" itemprop=\"http:\/\/schema.org\/image\" title=\"Presentaci\u00f3n Pagos de Toral 07\" alt=\"Presentaci\u00f3n de AoVE en Puente\" style=\"width: 356px; height: 237px;\" \/> <\/a> <\/div> <\/div> <!-- close group --> <div class=\"gallery-group images-1\" style=\"width: 360px; height: 241px;\" data-original-width=\"360\" data-original-height=\"241\" > <div class=\"tiled-gallery-item tiled-gallery-item-large\" itemprop=\"associatedMedia\" itemscope itemtype=\"http:\/\/schema.org\/ImageObject\"> <a href=\"https:\/\/centrodeolivaryaceite.com\/es\/pagos-de-toral-y-cortijo-spiritu-santo-presentan-sus-aoves-de-cosecha-temprana\/presentacion-pagos-de-toral-08\/\" border=\"0\" itemprop=\"url\"> <meta itemprop=\"width\" content=\"356\"> <meta itemprop=\"height\" content=\"237\"> <img decoding=\"async\" class=\"\" data-attachment-id=\"38142\" data-orig-file=\"https:\/\/centrodeolivaryaceite.com\/wp-content\/uploads\/2019\/10\/Presentaci\u00f3n-Pagos-de-Toral-08.jpg\" data-orig-size=\"1024,683\" data-comments-opened=\"1\" data-image-meta=\"{&quot;aperture&quot;:&quot;4&quot;,&quot;credit&quot;:&quot;JESUS DELGADO&quot;,&quot;camera&quot;:&quot;NIKON D500&quot;,&quot;caption&quot;:&quot;&quot;,&quot;created_timestamp&quot;:&quot;1570884083&quot;,&quot;copyright&quot;:&quot;&quot;,&quot;focal_length&quot;:&quot;28&quot;,&quot;iso&quot;:&quot;3200&quot;,&quot;shutter_speed&quot;:&quot;0.008&quot;,&quot;title&quot;:&quot;&quot;,&quot;orientation&quot;:&quot;1&quot;}\" data-image-title=\"Presentaci\u00f3n Pagos de Toral 08\" data-image-description=\"\" data-medium-file=\"https:\/\/i0.wp.com\/centrodeolivaryaceite.com\/wp-content\/uploads\/2019\/10\/Presentaci%C3%B3n-Pagos-de-Toral-08.jpg?fit=300%2C200&#038;ssl=1\" data-large-file=\"https:\/\/i0.wp.com\/centrodeolivaryaceite.com\/wp-content\/uploads\/2019\/10\/Presentaci%C3%B3n-Pagos-de-Toral-08.jpg?fit=1024%2C683&#038;ssl=1\" src=\"https:\/\/i0.wp.com\/centrodeolivaryaceite.com\/wp-content\/uploads\/2019\/10\/Presentaci%C3%B3n-Pagos-de-Toral-08.jpg?w=356&#038;h=237&#038;ssl=1\" width=\"356\" height=\"237\" loading=\"lazy\" data-original-width=\"356\" data-original-height=\"237\" itemprop=\"http:\/\/schema.org\/image\" title=\"Presentaci\u00f3n Pagos de Toral 08\" alt=\"Mar\u00eda Jos\u00e9 Toral\" style=\"width: 356px; height: 237px;\" \/> <\/a> <\/div> <\/div> <!-- close group --> <\/div> <!-- close row --> <div class=\"gallery-row\" style=\"width: 1080px; height: 482px;\" data-original-width=\"1080\" data-original-height=\"482\" > <div class=\"gallery-group images-2\" style=\"width: 359px; height: 482px;\" data-original-width=\"359\" data-original-height=\"482\" > <div class=\"tiled-gallery-item tiled-gallery-item-large\" itemprop=\"associatedMedia\" itemscope itemtype=\"http:\/\/schema.org\/ImageObject\"> <a href=\"https:\/\/centrodeolivaryaceite.com\/es\/pagos-de-toral-y-cortijo-spiritu-santo-presentan-sus-aoves-de-cosecha-temprana\/presentacion-pagos-de-toral-09\/\" border=\"0\" itemprop=\"url\"> <meta itemprop=\"width\" content=\"355\"> <meta itemprop=\"height\" content=\"237\"> <img decoding=\"async\" class=\"\" data-attachment-id=\"38144\" data-orig-file=\"https:\/\/centrodeolivaryaceite.com\/wp-content\/uploads\/2019\/10\/Presentaci\u00f3n-Pagos-de-Toral-09.jpg\" data-orig-size=\"1024,683\" data-comments-opened=\"1\" data-image-meta=\"{&quot;aperture&quot;:&quot;4&quot;,&quot;credit&quot;:&quot;JESUS DELGADO&quot;,&quot;camera&quot;:&quot;NIKON D500&quot;,&quot;caption&quot;:&quot;&quot;,&quot;created_timestamp&quot;:&quot;1570884114&quot;,&quot;copyright&quot;:&quot;&quot;,&quot;focal_length&quot;:&quot;16&quot;,&quot;iso&quot;:&quot;3200&quot;,&quot;shutter_speed&quot;:&quot;0.008&quot;,&quot;title&quot;:&quot;&quot;,&quot;orientation&quot;:&quot;1&quot;}\" data-image-title=\"Presentaci\u00f3n Pagos de Toral 09\" data-image-description=\"\" data-medium-file=\"https:\/\/i0.wp.com\/centrodeolivaryaceite.com\/wp-content\/uploads\/2019\/10\/Presentaci%C3%B3n-Pagos-de-Toral-09.jpg?fit=300%2C200&#038;ssl=1\" data-large-file=\"https:\/\/i0.wp.com\/centrodeolivaryaceite.com\/wp-content\/uploads\/2019\/10\/Presentaci%C3%B3n-Pagos-de-Toral-09.jpg?fit=1024%2C683&#038;ssl=1\" src=\"https:\/\/i0.wp.com\/centrodeolivaryaceite.com\/wp-content\/uploads\/2019\/10\/Presentaci%C3%B3n-Pagos-de-Toral-09.jpg?w=355&#038;h=237&#038;ssl=1\" width=\"355\" height=\"237\" loading=\"lazy\" data-original-width=\"355\" data-original-height=\"237\" itemprop=\"http:\/\/schema.org\/image\" title=\"Presentaci\u00f3n Pagos de Toral 09\" alt=\"Cata de AOVE\" style=\"width: 355px; height: 237px;\" \/> <\/a> <\/div> <div class=\"tiled-gallery-item tiled-gallery-item-large\" itemprop=\"associatedMedia\" itemscope itemtype=\"http:\/\/schema.org\/ImageObject\"> <a href=\"https:\/\/centrodeolivaryaceite.com\/es\/pagos-de-toral-y-cortijo-spiritu-santo-presentan-sus-aoves-de-cosecha-temprana\/presentacion-pagos-de-toral-10\/\" border=\"0\" itemprop=\"url\"> <meta itemprop=\"width\" content=\"355\"> <meta itemprop=\"height\" content=\"237\"> <img decoding=\"async\" class=\"\" data-attachment-id=\"38146\" data-orig-file=\"https:\/\/centrodeolivaryaceite.com\/wp-content\/uploads\/2019\/10\/Presentaci\u00f3n-Pagos-de-Toral-10.jpg\" data-orig-size=\"1024,683\" data-comments-opened=\"1\" data-image-meta=\"{&quot;aperture&quot;:&quot;4&quot;,&quot;credit&quot;:&quot;JESUS DELGADO&quot;,&quot;camera&quot;:&quot;NIKON D500&quot;,&quot;caption&quot;:&quot;&quot;,&quot;created_timestamp&quot;:&quot;1570884205&quot;,&quot;copyright&quot;:&quot;&quot;,&quot;focal_length&quot;:&quot;80&quot;,&quot;iso&quot;:&quot;3200&quot;,&quot;shutter_speed&quot;:&quot;0.008&quot;,&quot;title&quot;:&quot;&quot;,&quot;orientation&quot;:&quot;1&quot;}\" data-image-title=\"Presentaci\u00f3n Pagos de Toral 10\" data-image-description=\"\" data-medium-file=\"https:\/\/i0.wp.com\/centrodeolivaryaceite.com\/wp-content\/uploads\/2019\/10\/Presentaci%C3%B3n-Pagos-de-Toral-10.jpg?fit=300%2C200&#038;ssl=1\" data-large-file=\"https:\/\/i0.wp.com\/centrodeolivaryaceite.com\/wp-content\/uploads\/2019\/10\/Presentaci%C3%B3n-Pagos-de-Toral-10.jpg?fit=1024%2C683&#038;ssl=1\" src=\"https:\/\/i0.wp.com\/centrodeolivaryaceite.com\/wp-content\/uploads\/2019\/10\/Presentaci%C3%B3n-Pagos-de-Toral-10.jpg?w=355&#038;h=237&#038;ssl=1\" width=\"355\" height=\"237\" loading=\"lazy\" data-original-width=\"355\" data-original-height=\"237\" itemprop=\"http:\/\/schema.org\/image\" title=\"Presentaci\u00f3n Pagos de Toral 10\" alt=\"Calentando AOVE\" style=\"width: 355px; height: 237px;\" \/> <\/a> <\/div> <\/div> <!-- close group --> <div class=\"gallery-group images-1\" style=\"width: 721px; height: 482px;\" data-original-width=\"721\" data-original-height=\"482\" > <div class=\"tiled-gallery-item tiled-gallery-item-large\" itemprop=\"associatedMedia\" itemscope itemtype=\"http:\/\/schema.org\/ImageObject\"> <a href=\"https:\/\/centrodeolivaryaceite.com\/es\/pagos-de-toral-y-cortijo-spiritu-santo-presentan-sus-aoves-de-cosecha-temprana\/presentacion-pagos-de-toral-11\/\" border=\"0\" itemprop=\"url\"> <meta itemprop=\"width\" content=\"717\"> <meta itemprop=\"height\" content=\"478\"> <img decoding=\"async\" class=\"\" data-attachment-id=\"38148\" data-orig-file=\"https:\/\/centrodeolivaryaceite.com\/wp-content\/uploads\/2019\/10\/Presentaci\u00f3n-Pagos-de-Toral-11.jpg\" data-orig-size=\"1024,683\" data-comments-opened=\"1\" data-image-meta=\"{&quot;aperture&quot;:&quot;4&quot;,&quot;credit&quot;:&quot;JESUS DELGADO&quot;,&quot;camera&quot;:&quot;NIKON D500&quot;,&quot;caption&quot;:&quot;&quot;,&quot;created_timestamp&quot;:&quot;1570884258&quot;,&quot;copyright&quot;:&quot;&quot;,&quot;focal_length&quot;:&quot;58&quot;,&quot;iso&quot;:&quot;3200&quot;,&quot;shutter_speed&quot;:&quot;0.01&quot;,&quot;title&quot;:&quot;&quot;,&quot;orientation&quot;:&quot;1&quot;}\" data-image-title=\"Presentaci\u00f3n Pagos de Toral 11\" data-image-description=\"\" data-medium-file=\"https:\/\/i0.wp.com\/centrodeolivaryaceite.com\/wp-content\/uploads\/2019\/10\/Presentaci%C3%B3n-Pagos-de-Toral-11.jpg?fit=300%2C200&#038;ssl=1\" data-large-file=\"https:\/\/i0.wp.com\/centrodeolivaryaceite.com\/wp-content\/uploads\/2019\/10\/Presentaci%C3%B3n-Pagos-de-Toral-11.jpg?fit=1024%2C683&#038;ssl=1\" src=\"https:\/\/i0.wp.com\/centrodeolivaryaceite.com\/wp-content\/uploads\/2019\/10\/Presentaci%C3%B3n-Pagos-de-Toral-11.jpg?w=717&#038;h=478&#038;ssl=1\" width=\"717\" height=\"478\" loading=\"lazy\" data-original-width=\"717\" data-original-height=\"478\" itemprop=\"http:\/\/schema.org\/image\" title=\"Presentaci\u00f3n Pagos de Toral 11\" alt=\"Botellas Pagos de Toral\" style=\"width: 717px; height: 478px;\" \/> <\/a> <\/div> <\/div> <!-- close group --> <\/div> <!-- close row --> <div class=\"gallery-row\" style=\"width: 1080px; height: 362px;\" data-original-width=\"1080\" data-original-height=\"362\" > <div class=\"gallery-group images-1\" style=\"width: 540px; height: 362px;\" data-original-width=\"540\" data-original-height=\"362\" > <div class=\"tiled-gallery-item tiled-gallery-item-large\" itemprop=\"associatedMedia\" itemscope itemtype=\"http:\/\/schema.org\/ImageObject\"> <a href=\"https:\/\/centrodeolivaryaceite.com\/es\/pagos-de-toral-y-cortijo-spiritu-santo-presentan-sus-aoves-de-cosecha-temprana\/presentacion-pagos-de-toral-12\/\" border=\"0\" itemprop=\"url\"> <meta itemprop=\"width\" content=\"536\"> <meta itemprop=\"height\" content=\"358\"> <img decoding=\"async\" class=\"\" data-attachment-id=\"38150\" data-orig-file=\"https:\/\/centrodeolivaryaceite.com\/wp-content\/uploads\/2019\/10\/Presentaci\u00f3n-Pagos-de-Toral-12.jpg\" data-orig-size=\"1024,683\" data-comments-opened=\"1\" data-image-meta=\"{&quot;aperture&quot;:&quot;4&quot;,&quot;credit&quot;:&quot;JESUS DELGADO&quot;,&quot;camera&quot;:&quot;NIKON D500&quot;,&quot;caption&quot;:&quot;&quot;,&quot;created_timestamp&quot;:&quot;1570884282&quot;,&quot;copyright&quot;:&quot;&quot;,&quot;focal_length&quot;:&quot;60&quot;,&quot;iso&quot;:&quot;3200&quot;,&quot;shutter_speed&quot;:&quot;0.008&quot;,&quot;title&quot;:&quot;&quot;,&quot;orientation&quot;:&quot;1&quot;}\" data-image-title=\"Presentaci\u00f3n Pagos de Toral 12\" data-image-description=\"\" data-medium-file=\"https:\/\/i0.wp.com\/centrodeolivaryaceite.com\/wp-content\/uploads\/2019\/10\/Presentaci%C3%B3n-Pagos-de-Toral-12.jpg?fit=300%2C200&#038;ssl=1\" data-large-file=\"https:\/\/i0.wp.com\/centrodeolivaryaceite.com\/wp-content\/uploads\/2019\/10\/Presentaci%C3%B3n-Pagos-de-Toral-12.jpg?fit=1024%2C683&#038;ssl=1\" src=\"https:\/\/i0.wp.com\/centrodeolivaryaceite.com\/wp-content\/uploads\/2019\/10\/Presentaci%C3%B3n-Pagos-de-Toral-12.jpg?w=536&#038;h=358&#038;ssl=1\" width=\"536\" height=\"358\" loading=\"lazy\" data-original-width=\"536\" data-original-height=\"358\" itemprop=\"http:\/\/schema.org\/image\" title=\"Presentaci\u00f3n Pagos de Toral 12\" alt=\"Garrafa Pagos de Toral\" style=\"width: 536px; height: 358px;\" \/> <\/a> <\/div> <\/div> <!-- close group --> <div class=\"gallery-group images-1\" style=\"width: 540px; height: 362px;\" data-original-width=\"540\" data-original-height=\"362\" > <div class=\"tiled-gallery-item tiled-gallery-item-large\" itemprop=\"associatedMedia\" itemscope itemtype=\"http:\/\/schema.org\/ImageObject\"> <a href=\"https:\/\/centrodeolivaryaceite.com\/es\/pagos-de-toral-y-cortijo-spiritu-santo-presentan-sus-aoves-de-cosecha-temprana\/presentacion-pagos-de-toral-13\/\" border=\"0\" itemprop=\"url\"> <meta itemprop=\"width\" content=\"536\"> <meta itemprop=\"height\" content=\"358\"> <img decoding=\"async\" class=\"\" data-attachment-id=\"38152\" data-orig-file=\"https:\/\/centrodeolivaryaceite.com\/wp-content\/uploads\/2019\/10\/Presentaci\u00f3n-Pagos-de-Toral-13.jpg\" data-orig-size=\"1024,683\" data-comments-opened=\"1\" data-image-meta=\"{&quot;aperture&quot;:&quot;4&quot;,&quot;credit&quot;:&quot;JESUS DELGADO&quot;,&quot;camera&quot;:&quot;NIKON D500&quot;,&quot;caption&quot;:&quot;&quot;,&quot;created_timestamp&quot;:&quot;1570884306&quot;,&quot;copyright&quot;:&quot;&quot;,&quot;focal_length&quot;:&quot;42&quot;,&quot;iso&quot;:&quot;3200&quot;,&quot;shutter_speed&quot;:&quot;0.008&quot;,&quot;title&quot;:&quot;&quot;,&quot;orientation&quot;:&quot;1&quot;}\" data-image-title=\"Presentaci\u00f3n Pagos de Toral 13\" data-image-description=\"\" data-medium-file=\"https:\/\/i0.wp.com\/centrodeolivaryaceite.com\/wp-content\/uploads\/2019\/10\/Presentaci%C3%B3n-Pagos-de-Toral-13.jpg?fit=300%2C200&#038;ssl=1\" data-large-file=\"https:\/\/i0.wp.com\/centrodeolivaryaceite.com\/wp-content\/uploads\/2019\/10\/Presentaci%C3%B3n-Pagos-de-Toral-13.jpg?fit=1024%2C683&#038;ssl=1\" src=\"https:\/\/i0.wp.com\/centrodeolivaryaceite.com\/wp-content\/uploads\/2019\/10\/Presentaci%C3%B3n-Pagos-de-Toral-13.jpg?w=536&#038;h=358&#038;ssl=1\" width=\"536\" height=\"358\" loading=\"lazy\" data-original-width=\"536\" data-original-height=\"358\" itemprop=\"http:\/\/schema.org\/image\" title=\"Presentaci\u00f3n Pagos de Toral 13\" alt=\"F\u00e9lix Pagos de Toral\" style=\"width: 536px; height: 358px;\" \/> <\/a> <\/div> <\/div> <!-- close group --> <\/div> <!-- close row --> <div class=\"gallery-row\" style=\"width: 1080px; height: 482px;\" data-original-width=\"1080\" data-original-height=\"482\" > <div class=\"gallery-group images-1\" style=\"width: 721px; height: 482px;\" data-original-width=\"721\" data-original-height=\"482\" > <div class=\"tiled-gallery-item tiled-gallery-item-large\" itemprop=\"associatedMedia\" itemscope itemtype=\"http:\/\/schema.org\/ImageObject\"> <a href=\"https:\/\/centrodeolivaryaceite.com\/es\/pagos-de-toral-y-cortijo-spiritu-santo-presentan-sus-aoves-de-cosecha-temprana\/presentacion-pagos-de-toral-14\/\" border=\"0\" itemprop=\"url\"> <meta itemprop=\"width\" content=\"717\"> <meta itemprop=\"height\" content=\"478\"> <img decoding=\"async\" class=\"\" data-attachment-id=\"38154\" data-orig-file=\"https:\/\/centrodeolivaryaceite.com\/wp-content\/uploads\/2019\/10\/Presentaci\u00f3n-Pagos-de-Toral-14.jpg\" data-orig-size=\"1024,683\" data-comments-opened=\"1\" data-image-meta=\"{&quot;aperture&quot;:&quot;4&quot;,&quot;credit&quot;:&quot;JESUS DELGADO&quot;,&quot;camera&quot;:&quot;NIKON D500&quot;,&quot;caption&quot;:&quot;&quot;,&quot;created_timestamp&quot;:&quot;1570884387&quot;,&quot;copyright&quot;:&quot;&quot;,&quot;focal_length&quot;:&quot;22&quot;,&quot;iso&quot;:&quot;2500&quot;,&quot;shutter_speed&quot;:&quot;0.0125&quot;,&quot;title&quot;:&quot;&quot;,&quot;orientation&quot;:&quot;1&quot;}\" data-image-title=\"Presentaci\u00f3n Pagos de Toral 14\" data-image-description=\"\" data-medium-file=\"https:\/\/i0.wp.com\/centrodeolivaryaceite.com\/wp-content\/uploads\/2019\/10\/Presentaci%C3%B3n-Pagos-de-Toral-14.jpg?fit=300%2C200&#038;ssl=1\" data-large-file=\"https:\/\/i0.wp.com\/centrodeolivaryaceite.com\/wp-content\/uploads\/2019\/10\/Presentaci%C3%B3n-Pagos-de-Toral-14.jpg?fit=1024%2C683&#038;ssl=1\" src=\"https:\/\/i0.wp.com\/centrodeolivaryaceite.com\/wp-content\/uploads\/2019\/10\/Presentaci%C3%B3n-Pagos-de-Toral-14.jpg?w=717&#038;h=478&#038;ssl=1\" width=\"717\" height=\"478\" loading=\"lazy\" data-original-width=\"717\" data-original-height=\"478\" itemprop=\"http:\/\/schema.org\/image\" title=\"Presentaci\u00f3n Pagos de Toral 14\" alt=\"Oliendo Aceite\" style=\"width: 717px; height: 478px;\" \/> <\/a> <\/div> <\/div> <!-- close group --> <div class=\"gallery-group images-2\" style=\"width: 359px; height: 482px;\" data-original-width=\"359\" data-original-height=\"482\" > <div class=\"tiled-gallery-item tiled-gallery-item-large\" itemprop=\"associatedMedia\" itemscope itemtype=\"http:\/\/schema.org\/ImageObject\"> <a href=\"https:\/\/centrodeolivaryaceite.com\/es\/pagos-de-toral-y-cortijo-spiritu-santo-presentan-sus-aoves-de-cosecha-temprana\/presentacion-pagos-de-toral-15\/\" border=\"0\" itemprop=\"url\"> <meta itemprop=\"width\" content=\"355\"> <meta itemprop=\"height\" content=\"237\"> <img decoding=\"async\" class=\"\" data-attachment-id=\"38156\" data-orig-file=\"https:\/\/centrodeolivaryaceite.com\/wp-content\/uploads\/2019\/10\/Presentaci\u00f3n-Pagos-de-Toral-15.jpg\" data-orig-size=\"1024,683\" data-comments-opened=\"1\" data-image-meta=\"{&quot;aperture&quot;:&quot;4&quot;,&quot;credit&quot;:&quot;JESUS DELGADO&quot;,&quot;camera&quot;:&quot;NIKON D500&quot;,&quot;caption&quot;:&quot;&quot;,&quot;created_timestamp&quot;:&quot;1570884491&quot;,&quot;copyright&quot;:&quot;&quot;,&quot;focal_length&quot;:&quot;25&quot;,&quot;iso&quot;:&quot;2500&quot;,&quot;shutter_speed&quot;:&quot;0.01&quot;,&quot;title&quot;:&quot;&quot;,&quot;orientation&quot;:&quot;1&quot;}\" data-image-title=\"Presentaci\u00f3n Pagos de Toral 15\" data-image-description=\"\" data-medium-file=\"https:\/\/i0.wp.com\/centrodeolivaryaceite.com\/wp-content\/uploads\/2019\/10\/Presentaci%C3%B3n-Pagos-de-Toral-15.jpg?fit=300%2C200&#038;ssl=1\" data-large-file=\"https:\/\/i0.wp.com\/centrodeolivaryaceite.com\/wp-content\/uploads\/2019\/10\/Presentaci%C3%B3n-Pagos-de-Toral-15.jpg?fit=1024%2C683&#038;ssl=1\" src=\"https:\/\/i0.wp.com\/centrodeolivaryaceite.com\/wp-content\/uploads\/2019\/10\/Presentaci%C3%B3n-Pagos-de-Toral-15.jpg?w=355&#038;h=237&#038;ssl=1\" width=\"355\" height=\"237\" loading=\"lazy\" data-original-width=\"355\" data-original-height=\"237\" itemprop=\"http:\/\/schema.org\/image\" title=\"Presentaci\u00f3n Pagos de Toral 15\" alt=\"Cata de Aceite\" style=\"width: 355px; height: 237px;\" \/> <\/a> <\/div> <div class=\"tiled-gallery-item tiled-gallery-item-large\" itemprop=\"associatedMedia\" itemscope itemtype=\"http:\/\/schema.org\/ImageObject\"> <a href=\"https:\/\/centrodeolivaryaceite.com\/es\/pagos-de-toral-y-cortijo-spiritu-santo-presentan-sus-aoves-de-cosecha-temprana\/presentacion-pagos-de-toral-16\/\" border=\"0\" itemprop=\"url\"> <meta itemprop=\"width\" content=\"355\"> <meta itemprop=\"height\" content=\"237\"> <img decoding=\"async\" class=\"\" data-attachment-id=\"38158\" data-orig-file=\"https:\/\/centrodeolivaryaceite.com\/wp-content\/uploads\/2019\/10\/Presentaci\u00f3n-Pagos-de-Toral-16.jpg\" data-orig-size=\"1024,683\" data-comments-opened=\"1\" data-image-meta=\"{&quot;aperture&quot;:&quot;4&quot;,&quot;credit&quot;:&quot;JESUS DELGADO&quot;,&quot;camera&quot;:&quot;NIKON D500&quot;,&quot;caption&quot;:&quot;&quot;,&quot;created_timestamp&quot;:&quot;1570885134&quot;,&quot;copyright&quot;:&quot;&quot;,&quot;focal_length&quot;:&quot;16&quot;,&quot;iso&quot;:&quot;2500&quot;,&quot;shutter_speed&quot;:&quot;0.01&quot;,&quot;title&quot;:&quot;&quot;,&quot;orientation&quot;:&quot;1&quot;}\" data-image-title=\"Presentaci\u00f3n Pagos de Toral 16\" data-image-description=\"\" data-medium-file=\"https:\/\/i0.wp.com\/centrodeolivaryaceite.com\/wp-content\/uploads\/2019\/10\/Presentaci%C3%B3n-Pagos-de-Toral-16.jpg?fit=300%2C200&#038;ssl=1\" data-large-file=\"https:\/\/i0.wp.com\/centrodeolivaryaceite.com\/wp-content\/uploads\/2019\/10\/Presentaci%C3%B3n-Pagos-de-Toral-16.jpg?fit=1024%2C683&#038;ssl=1\" src=\"https:\/\/i0.wp.com\/centrodeolivaryaceite.com\/wp-content\/uploads\/2019\/10\/Presentaci%C3%B3n-Pagos-de-Toral-16.jpg?w=355&#038;h=237&#038;ssl=1\" width=\"355\" height=\"237\" loading=\"lazy\" data-original-width=\"355\" data-original-height=\"237\" itemprop=\"http:\/\/schema.org\/image\" title=\"Presentaci\u00f3n Pagos de Toral 16\" alt=\"Comprando Pagos de Toral\" style=\"width: 355px; height: 237px;\" \/> <\/a> <\/div> <\/div> <!-- close group --> <\/div> <!-- close row --> <div class=\"gallery-row\" style=\"width: 1080px; height: 241px;\" data-original-width=\"1080\" data-original-height=\"241\" > <div class=\"gallery-group images-1\" style=\"width: 360px; height: 241px;\" data-original-width=\"360\" data-original-height=\"241\" > <div class=\"tiled-gallery-item tiled-gallery-item-large\" itemprop=\"associatedMedia\" itemscope itemtype=\"http:\/\/schema.org\/ImageObject\"> <a href=\"https:\/\/centrodeolivaryaceite.com\/es\/pagos-de-toral-y-cortijo-spiritu-santo-presentan-sus-aoves-de-cosecha-temprana\/presentacion-pagos-de-toral-17\/\" border=\"0\" itemprop=\"url\"> <meta itemprop=\"width\" content=\"356\"> <meta itemprop=\"height\" content=\"237\"> <img decoding=\"async\" class=\"\" data-attachment-id=\"38160\" data-orig-file=\"https:\/\/centrodeolivaryaceite.com\/wp-content\/uploads\/2019\/10\/Presentaci\u00f3n-Pagos-de-Toral-17.jpg\" data-orig-size=\"1024,683\" data-comments-opened=\"1\" data-image-meta=\"{&quot;aperture&quot;:&quot;4&quot;,&quot;credit&quot;:&quot;JESUS DELGADO&quot;,&quot;camera&quot;:&quot;NIKON D500&quot;,&quot;caption&quot;:&quot;&quot;,&quot;created_timestamp&quot;:&quot;1570885185&quot;,&quot;copyright&quot;:&quot;&quot;,&quot;focal_length&quot;:&quot;20&quot;,&quot;iso&quot;:&quot;2500&quot;,&quot;shutter_speed&quot;:&quot;0.008&quot;,&quot;title&quot;:&quot;&quot;,&quot;orientation&quot;:&quot;1&quot;}\" data-image-title=\"Presentaci\u00f3n Pagos de Toral 17\" data-image-description=\"\" data-medium-file=\"https:\/\/i0.wp.com\/centrodeolivaryaceite.com\/wp-content\/uploads\/2019\/10\/Presentaci%C3%B3n-Pagos-de-Toral-17.jpg?fit=300%2C200&#038;ssl=1\" data-large-file=\"https:\/\/i0.wp.com\/centrodeolivaryaceite.com\/wp-content\/uploads\/2019\/10\/Presentaci%C3%B3n-Pagos-de-Toral-17.jpg?fit=1024%2C683&#038;ssl=1\" src=\"https:\/\/i0.wp.com\/centrodeolivaryaceite.com\/wp-content\/uploads\/2019\/10\/Presentaci%C3%B3n-Pagos-de-Toral-17.jpg?w=356&#038;h=237&#038;ssl=1\" width=\"356\" height=\"237\" loading=\"lazy\" data-original-width=\"356\" data-original-height=\"237\" itemprop=\"http:\/\/schema.org\/image\" title=\"Presentaci\u00f3n Pagos de Toral 17\" alt=\"Gente en tienda de AOVE\" style=\"width: 356px; height: 237px;\" \/> <\/a> <\/div> <\/div> <!-- close group --> <div class=\"gallery-group images-1\" style=\"width: 360px; height: 241px;\" data-original-width=\"360\" data-original-height=\"241\" > <div class=\"tiled-gallery-item tiled-gallery-item-large\" itemprop=\"associatedMedia\" itemscope itemtype=\"http:\/\/schema.org\/ImageObject\"> <a href=\"https:\/\/centrodeolivaryaceite.com\/es\/pagos-de-toral-y-cortijo-spiritu-santo-presentan-sus-aoves-de-cosecha-temprana\/presentacion-pagos-de-toral-18\/\" border=\"0\" itemprop=\"url\"> <meta itemprop=\"width\" content=\"356\"> <meta itemprop=\"height\" content=\"237\"> <img decoding=\"async\" class=\"\" data-attachment-id=\"38162\" data-orig-file=\"https:\/\/centrodeolivaryaceite.com\/wp-content\/uploads\/2019\/10\/Presentaci\u00f3n-Pagos-de-Toral-18.jpg\" data-orig-size=\"1024,683\" data-comments-opened=\"1\" data-image-meta=\"{&quot;aperture&quot;:&quot;4&quot;,&quot;credit&quot;:&quot;JESUS DELGADO&quot;,&quot;camera&quot;:&quot;NIKON D500&quot;,&quot;caption&quot;:&quot;&quot;,&quot;created_timestamp&quot;:&quot;1570885231&quot;,&quot;copyright&quot;:&quot;&quot;,&quot;focal_length&quot;:&quot;16&quot;,&quot;iso&quot;:&quot;2500&quot;,&quot;shutter_speed&quot;:&quot;0.01&quot;,&quot;title&quot;:&quot;&quot;,&quot;orientation&quot;:&quot;1&quot;}\" data-image-title=\"Presentaci\u00f3n Pagos de Toral 18\" data-image-description=\"\" data-medium-file=\"https:\/\/i0.wp.com\/centrodeolivaryaceite.com\/wp-content\/uploads\/2019\/10\/Presentaci%C3%B3n-Pagos-de-Toral-18.jpg?fit=300%2C200&#038;ssl=1\" data-large-file=\"https:\/\/i0.wp.com\/centrodeolivaryaceite.com\/wp-content\/uploads\/2019\/10\/Presentaci%C3%B3n-Pagos-de-Toral-18.jpg?fit=1024%2C683&#038;ssl=1\" src=\"https:\/\/i0.wp.com\/centrodeolivaryaceite.com\/wp-content\/uploads\/2019\/10\/Presentaci%C3%B3n-Pagos-de-Toral-18.jpg?w=356&#038;h=237&#038;ssl=1\" width=\"356\" height=\"237\" loading=\"lazy\" data-original-width=\"356\" data-original-height=\"237\" itemprop=\"http:\/\/schema.org\/image\" title=\"Presentaci\u00f3n Pagos de Toral 18\" alt=\"Pagos de Toral presentaci\u00f3n\" style=\"width: 356px; height: 237px;\" \/> <\/a> <\/div> <\/div> <!-- close group --> <div class=\"gallery-group images-1\" style=\"width: 360px; height: 241px;\" data-original-width=\"360\" data-original-height=\"241\" > <div class=\"tiled-gallery-item tiled-gallery-item-large\" itemprop=\"associatedMedia\" itemscope itemtype=\"http:\/\/schema.org\/ImageObject\"> <a href=\"https:\/\/centrodeolivaryaceite.com\/es\/pagos-de-toral-y-cortijo-spiritu-santo-presentan-sus-aoves-de-cosecha-temprana\/presentacion-pagos-de-toral-19\/\" border=\"0\" itemprop=\"url\"> <meta itemprop=\"width\" content=\"356\"> <meta itemprop=\"height\" content=\"237\"> <img decoding=\"async\" class=\"\" data-attachment-id=\"38164\" data-orig-file=\"https:\/\/centrodeolivaryaceite.com\/wp-content\/uploads\/2019\/10\/Presentaci\u00f3n-Pagos-de-Toral-19.jpg\" data-orig-size=\"1024,683\" data-comments-opened=\"1\" data-image-meta=\"{&quot;aperture&quot;:&quot;4&quot;,&quot;credit&quot;:&quot;JESUS DELGADO&quot;,&quot;camera&quot;:&quot;NIKON D500&quot;,&quot;caption&quot;:&quot;&quot;,&quot;created_timestamp&quot;:&quot;1570885377&quot;,&quot;copyright&quot;:&quot;&quot;,&quot;focal_length&quot;:&quot;22&quot;,&quot;iso&quot;:&quot;2500&quot;,&quot;shutter_speed&quot;:&quot;0.01&quot;,&quot;title&quot;:&quot;&quot;,&quot;orientation&quot;:&quot;1&quot;}\" data-image-title=\"Presentaci\u00f3n Pagos de Toral 19\" data-image-description=\"\" data-medium-file=\"https:\/\/i0.wp.com\/centrodeolivaryaceite.com\/wp-content\/uploads\/2019\/10\/Presentaci%C3%B3n-Pagos-de-Toral-19.jpg?fit=300%2C200&#038;ssl=1\" data-large-file=\"https:\/\/i0.wp.com\/centrodeolivaryaceite.com\/wp-content\/uploads\/2019\/10\/Presentaci%C3%B3n-Pagos-de-Toral-19.jpg?fit=1024%2C683&#038;ssl=1\" src=\"https:\/\/i0.wp.com\/centrodeolivaryaceite.com\/wp-content\/uploads\/2019\/10\/Presentaci%C3%B3n-Pagos-de-Toral-19.jpg?w=356&#038;h=237&#038;ssl=1\" width=\"356\" height=\"237\" loading=\"lazy\" data-original-width=\"356\" data-original-height=\"237\" itemprop=\"http:\/\/schema.org\/image\" title=\"Presentaci\u00f3n Pagos de Toral 19\" alt=\"Pagos de Toral\" style=\"width: 356px; height: 237px;\" \/> <\/a> <\/div> <\/div> <!-- close group --> <\/div> <!-- close row --> <\/div>\n<p>\u00a0<\/p>\n<p>[\/et_pb_text][et_pb_comments _builder_version=\u00bb4.16&#8243; use_border_color=\u00bboff\u00bb border_color=\u00bb#ffffff\u00bb border_style=\u00bbsolid\u00bb button_letter_spacing_hover=\u00bb0&#8243; global_colors_info=\u00bb{}\u00bb button_text_size__hover_enabled=\u00bboff\u00bb button_text_size__hover=\u00bbnull\u00bb button_one_text_size__hover_enabled=\u00bboff\u00bb button_one_text_size__hover=\u00bbnull\u00bb button_two_text_size__hover_enabled=\u00bboff\u00bb button_two_text_size__hover=\u00bbnull\u00bb button_text_color__hover_enabled=\u00bboff\u00bb button_text_color__hover=\u00bbnull\u00bb button_one_text_color__hover_enabled=\u00bboff\u00bb button_one_text_color__hover=\u00bbnull\u00bb button_two_text_color__hover_enabled=\u00bboff\u00bb button_two_text_color__hover=\u00bbnull\u00bb button_border_width__hover_enabled=\u00bboff\u00bb button_border_width__hover=\u00bbnull\u00bb button_one_border_width__hover_enabled=\u00bboff\u00bb button_one_border_width__hover=\u00bbnull\u00bb button_two_border_width__hover_enabled=\u00bboff\u00bb button_two_border_width__hover=\u00bbnull\u00bb button_border_color__hover_enabled=\u00bboff\u00bb button_border_color__hover=\u00bbnull\u00bb button_one_border_color__hover_enabled=\u00bboff\u00bb button_one_border_color__hover=\u00bbnull\u00bb button_two_border_color__hover_enabled=\u00bboff\u00bb button_two_border_color__hover=\u00bbnull\u00bb button_border_radius__hover_enabled=\u00bboff\u00bb button_border_radius__hover=\u00bbnull\u00bb button_one_border_radius__hover_enabled=\u00bboff\u00bb button_one_border_radius__hover=\u00bbnull\u00bb button_two_border_radius__hover_enabled=\u00bboff\u00bb button_two_border_radius__hover=\u00bbnull\u00bb button_letter_spacing__hover_enabled=\u00bbon\u00bb button_letter_spacing__hover=\u00bb0&#8243; button_one_letter_spacing__hover_enabled=\u00bboff\u00bb button_one_letter_spacing__hover=\u00bbnull\u00bb button_two_letter_spacing__hover_enabled=\u00bboff\u00bb button_two_letter_spacing__hover=\u00bbnull\u00bb button_bg_color__hover_enabled=\u00bboff\u00bb button_bg_color__hover=\u00bbnull\u00bb button_one_bg_color__hover_enabled=\u00bboff\u00bb button_one_bg_color__hover=\u00bbnull\u00bb button_two_bg_color__hover_enabled=\u00bboff\u00bb button_two_bg_color__hover=\u00bbnull\u00bb][\/et_pb_comments][\/et_pb_column_inner][\/et_pb_row_inner][\/et_pb_column][et_pb_column type=\u00bb1_3&#8243; _builder_version=\u00bb4.16&#8243; custom_padding=\u00bb|||\u00bb global_colors_info=\u00bb{}\u00bb custom_padding__hover=\u00bb|||\u00bb][et_pb_sidebar orientation=\u00bbright\u00bb area=\u00bbsidebar-1&#8243; _builder_version=\u00bb4.16&#8243; remove_border=\u00bboff\u00bb global_colors_info=\u00bb{}\u00bb theme_builder_area=\u00bbpost_content\u00bb][\/et_pb_sidebar][\/et_pb_column][\/et_pb_section][et_pb_section fb_built=\u00bb1&#8243; custom_padding_last_edited=\u00bbon|desktop\u00bb disabled_on=\u00bbon|on|on\u00bb _builder_version=\u00bb3.0.92&#8243; background_color=\u00bb#dedacf\u00bb custom_padding_tablet=\u00bb50px|0|50px|0&#8243; custom_padding_phone=\u00bb\u00bb disabled=\u00bbon\u00bb global_module=\u00bb5116&#8243; collapsed=\u00bboff\u00bb global_colors_info=\u00bb{}\u00bb][et_pb_row _builder_version=\u00bb4.16&#8243; global_colors_info=\u00bb{}\u00bb][et_pb_column type=\u00bb4_4&#8243; _builder_version=\u00bb4.16&#8243; custom_padding=\u00bb|||\u00bb global_colors_info=\u00bb{}\u00bb custom_padding__hover=\u00bb|||\u00bb][\/et_pb_column][\/et_pb_row][\/et_pb_section][et_pb_section fb_built=\u00bb1&#8243; custom_padding_last_edited=\u00bbon|desktop\u00bb _builder_version=\u00bb3.22&#8243; background_color=\u00bb#ffffff\u00bb custom_padding=\u00bb10px||0px|\u00bb custom_padding_tablet=\u00bb50px|0|50px|0&#8243; custom_padding_phone=\u00bb\u00bb transparent_background=\u00bboff\u00bb padding_mobile=\u00bboff\u00bb make_fullwidth=\u00bboff\u00bb use_custom_width=\u00bboff\u00bb width_unit=\u00bbon\u00bb global_module=\u00bb5115&#8243; collapsed=\u00bboff\u00bb global_colors_info=\u00bb{}\u00bb][et_pb_row padding_mobile=\u00bboff\u00bb column_padding_mobile=\u00bbon\u00bb _builder_version=\u00bb4.16&#8243; background_size=\u00bbinitial\u00bb background_position=\u00bbtop_left\u00bb background_repeat=\u00bbrepeat\u00bb max_width=\u00bb1080px\u00bb custom_padding=\u00bb0px||0px|\u00bb make_fullwidth=\u00bboff\u00bb use_custom_width=\u00bboff\u00bb width_unit=\u00bbon\u00bb global_colors_info=\u00bb{}\u00bb][\/et_pb_row][\/et_pb_section][et_pb_section fb_built=\u00bb1&#8243; _builder_version=\u00bb4.16&#8243; global_colors_info=\u00bb{}\u00bb][et_pb_row _builder_version=\u00bb4.16&#8243; background_size=\u00bbinitial\u00bb background_position=\u00bbtop_left\u00bb background_repeat=\u00bbrepeat\u00bb global_colors_info=\u00bb{}\u00bb][\/et_pb_row][\/et_pb_section]<\/p>\n","protected":false},"excerpt":{"rendered":"<p>El Centro de Interpretaci\u00f3n \u201cOlivar y Aceite\u201d aprovechando la gran afluencia que la ciudad patrimonial registra durante puentes y fechas se\u00f1aladas en las que los turistas visitan \u00dabeda para conocer su rico patrimonio cultural y monumental realiza una de las actividades, de car\u00e1cter gratuito, que m\u00e1s aceptaci\u00f3n tienen de cuantas impulsa a lo largo del [&hellip;]<\/p>\n","protected":false},"author":1,"featured_media":38132,"comment_status":"open","ping_status":"open","sticky":false,"template":"","format":"standard","meta":{"_et_pb_use_builder":"on","_et_pb_old_content":"","_et_gb_content_width":"","_jetpack_memberships_contains_paid_content":false,"footnotes":""},"categories":[1],"tags":[],"class_list":["post-38078","post","type-post","status-publish","format-standard","has-post-thumbnail","hentry","category-general"],"jetpack_featured_media_url":"https:\/\/i0.wp.com\/centrodeolivaryaceite.com\/wp-content\/uploads\/2019\/10\/Presentaci%C3%B3n-Pagos-de-Toral-03.jpg?fit=1024%2C683&ssl=1","jetpack_sharing_enabled":true,"jetpack_shortlink":"https:\/\/wp.me\/p95A9q-9Ua","_links":{"self":[{"href":"https:\/\/centrodeolivaryaceite.com\/es\/wp-json\/wp\/v2\/posts\/38078\/"}],"collection":[{"href":"https:\/\/centrodeolivaryaceite.com\/es\/wp-json\/wp\/v2\/posts\/"}],"about":[{"href":"https:\/\/centrodeolivaryaceite.com\/es\/wp-json\/wp\/v2\/types\/post\/"}],"author":[{"embeddable":true,"href":"https:\/\/centrodeolivaryaceite.com\/es\/wp-json\/wp\/v2\/users\/1\/"}],"replies":[{"embeddable":true,"href":"https:\/\/centrodeolivaryaceite.com\/es\/wp-json\/wp\/v2\/comments\/?post=38078"}],"version-history":[{"count":0,"href":"https:\/\/centrodeolivaryaceite.com\/es\/wp-json\/wp\/v2\/posts\/38078\/revisions\/"}],"wp:featuredmedia":[{"embeddable":true,"href":"https:\/\/centrodeolivaryaceite.com\/es\/wp-json\/wp\/v2\/media\/38132\/"}],"wp:attachment":[{"href":"https:\/\/centrodeolivaryaceite.com\/es\/wp-json\/wp\/v2\/media\/?parent=38078"}],"wp:term":[{"taxonomy":"category","embeddable":true,"href":"https:\/\/centrodeolivaryaceite.com\/es\/wp-json\/wp\/v2\/categories\/?post=38078"},{"taxonomy":"post_tag","embeddable":true,"href":"https:\/\/centrodeolivaryaceite.com\/es\/wp-json\/wp\/v2\/tags\/?post=38078"}],"curies":[{"name":"wp","href":"https:\/\/api.w.org\/{rel}","templated":true}]}}