{"id":38282,"date":"2019-11-27T17:31:11","date_gmt":"2019-11-27T17:31:11","guid":{"rendered":"https:\/\/centrodeolivaryaceite.com\/?p=38282"},"modified":"2022-07-29T10:42:00","modified_gmt":"2022-07-29T10:42:00","slug":"catas-degustaciones-actividades-infantiles-flamenco-y-tapas-en-la-fiesta-de-los-aceites-de-nueva-cosecha","status":"publish","type":"post","link":"https:\/\/centrodeolivaryaceite.com\/es\/catas-degustaciones-actividades-infantiles-flamenco-y-tapas-en-la-fiesta-de-los-aceites-de-nueva-cosecha\/","title":{"rendered":"CATAS, DEGUSTACIONES, ACTIVIDADES INFANTILES, FLAMENCO Y TAPAS EN LA \u201cFIESTA DE LOS ACEITES DE NUEVA COSECHA\u201d"},"content":{"rendered":"<p>[et_pb_section fb_built=\u00bb1&#8243; fullwidth=\u00bbon\u00bb custom_padding_last_edited=\u00bbon|desktop\u00bb admin_label=\u00bbSecci\u00f3n\u00bb _builder_version=\u00bb3.22&#8243; background_color=\u00bb#ffffff\u00bb background_image=\u00bbhttp:\/\/centrodeolivaryaceite.com\/wp-content\/uploads\/2016\/06\/page_header_bg_blue.jpg\u00bb custom_padding_tablet=\u00bb50px|0|50px|0&#8243; custom_padding_phone=\u00bb\u00bb transparent_background=\u00bboff\u00bb padding_mobile=\u00bboff\u00bb make_fullwidth=\u00bboff\u00bb use_custom_width=\u00bboff\u00bb width_unit=\u00bbon\u00bb global_module=\u00bb5294&#8243; locked=\u00bboff\u00bb collapsed=\u00bboff\u00bb global_colors_info=\u00bb{}\u00bb][et_pb_fullwidth_post_title meta=\u00bboff\u00bb featured_image=\u00bboff\u00bb text_color=\u00bblight\u00bb text_background=\u00bbon\u00bb text_bg_color=\u00bbrgba(28,28,28,0.43)\u00bb admin_label=\u00bbT\u00edtulo\u00bb _builder_version=\u00bb4.17.6&#8243; _module_preset=\u00bbdefault\u00bb title_font=\u00bbRoboto Light||||\u00bb title_font_size=\u00bb35px\u00bb title_all_caps=\u00bbon\u00bb background_color=\u00bbrgba(255,255,255,0)\u00bb parallax=\u00bbon\u00bb parallax_method=\u00bboff\u00bb text_orientation=\u00bbcenter\u00bb parallax_effect=\u00bbon\u00bb module_bg_color=\u00bbrgba(255,255,255,0)\u00bb use_border_color=\u00bboff\u00bb border_color=\u00bb#ffffff\u00bb border_style=\u00bbsolid\u00bb global_colors_info=\u00bb{}\u00bb][\/et_pb_fullwidth_post_title][\/et_pb_section][et_pb_section fb_built=\u00bb1&#8243; custom_padding_last_edited=\u00bbon|desktop\u00bb _builder_version=\u00bb4.16&#8243; background_color=\u00bb#ffffff\u00bb custom_padding=\u00bb10px|||\u00bb custom_padding_tablet=\u00bb50px|0|50px|0&#8243; custom_padding_phone=\u00bb\u00bb transparent_background=\u00bboff\u00bb padding_mobile=\u00bboff\u00bb make_fullwidth=\u00bboff\u00bb use_custom_width=\u00bboff\u00bb width_unit=\u00bbon\u00bb global_colors_info=\u00bb{}\u00bb][et_pb_row padding_mobile=\u00bboff\u00bb column_padding_mobile=\u00bbon\u00bb _builder_version=\u00bb4.16&#8243; background_size=\u00bbinitial\u00bb background_position=\u00bbtop_left\u00bb background_repeat=\u00bbrepeat\u00bb max_width=\u00bb1080px\u00bb custom_padding=\u00bb10px|||\u00bb make_fullwidth=\u00bboff\u00bb use_custom_width=\u00bboff\u00bb width_unit=\u00bbon\u00bb global_colors_info=\u00bb{}\u00bb][et_pb_column type=\u00bb4_4&#8243; _builder_version=\u00bb4.16&#8243; custom_padding=\u00bb|||\u00bb global_colors_info=\u00bb{}\u00bb custom_padding__hover=\u00bb|||\u00bb][et_pb_post_title title=\u00bboff\u00bb _builder_version=\u00bb4.16&#8243; title_all_caps=\u00bboff\u00bb background_color=\u00bbrgba(255,255,255,0)\u00bb parallax=\u00bbon\u00bb parallax_method=\u00bboff\u00bb parallax_effect=\u00bbon\u00bb module_bg_color=\u00bbrgba(255,255,255,0)\u00bb use_border_color=\u00bboff\u00bb border_color=\u00bb#ffffff\u00bb border_style=\u00bbsolid\u00bb global_colors_info=\u00bb{}\u00bb][\/et_pb_post_title][\/et_pb_column][\/et_pb_row][\/et_pb_section][et_pb_section fb_built=\u00bb1&#8243; specialty=\u00bbon\u00bb custom_padding_last_edited=\u00bbon|desktop\u00bb parallax_method_1=\u00bboff\u00bb parallax_method_2=\u00bboff\u00bb _builder_version=\u00bb4.16&#8243; background_color=\u00bb#ffffff\u00bb inner_max_width=\u00bbnone\u00bb custom_padding=\u00bb10px|||\u00bb custom_padding_tablet=\u00bb50px|0|50px|0&#8243; custom_padding_phone=\u00bb\u00bb transparent_background=\u00bboff\u00bb padding_mobile=\u00bboff\u00bb make_fullwidth=\u00bboff\u00bb use_custom_width=\u00bboff\u00bb width_unit=\u00bbon\u00bb global_colors_info=\u00bb{}\u00bb][et_pb_column type=\u00bb2_3&#8243; specialty_columns=\u00bb2&#8243; _builder_version=\u00bb4.16&#8243; custom_padding=\u00bb|||\u00bb global_colors_info=\u00bb{}\u00bb custom_padding__hover=\u00bb|||\u00bb][et_pb_row_inner padding_mobile=\u00bboff\u00bb column_padding_mobile=\u00bbon\u00bb admin_label=\u00bbFila\u00bb _builder_version=\u00bb4.16&#8243; custom_padding=\u00bb0px|||\u00bb global_colors_info=\u00bb{}\u00bb][et_pb_column_inner saved_specialty_column_type=\u00bb2_3&#8243; _builder_version=\u00bb4.16&#8243; custom_padding=\u00bb|||\u00bb global_colors_info=\u00bb{}\u00bb custom_padding__hover=\u00bb|||\u00bb][et_pb_text admin_label=\u00bbTexto a reemplazar\u00bb _builder_version=\u00bb4.16&#8243; z_index_tablet=\u00bb500&#8243; box_shadow_horizontal_tablet=\u00bb0px\u00bb box_shadow_vertical_tablet=\u00bb0px\u00bb box_shadow_blur_tablet=\u00bb40px\u00bb box_shadow_spread_tablet=\u00bb0px\u00bb use_border_color=\u00bboff\u00bb global_colors_info=\u00bb{}\u00bb]<\/p>\n<p>El Centro de Interpretaci\u00f3n \u201cOlivar y Aceite\u201d, teniendo en cuenta la gran afluencia que recibe la ciudad patrimonial en el Puente de Diciembre, celebrar\u00e1 la Jornada de Puertas Abiertas \u201cFiesta de los Aceites de Primera Cosecha\u201d, una acci\u00f3n promocional que servir\u00e1 para crear sinergias entre el mundo del olivar y el turismo, adem\u00e1s de dar a conocer las bondades y propiedades que aporta a la salud el aceite de oliva virgen extra.<\/p>\n<p>No es la \u00fanica actividad de este tipo que celebra la entidad\u2014como ha recordado el presidente de \u201cOlivar y Aceite\u201d, Javier G\u00e1mez\u2014pues a lo largo del a\u00f1o el Centro de Interpretaci\u00f3n realiza varias, una coincidiendo con la Semana Santa\u2014para conmemorar el aniversario de la fundaci\u00f3n de \u201cOlivar y Aceite\u201d o la del Puente de Diciembre\u2014fechas en la que la ciudad de Los Cerros recibe numerosos visitantes para conocer su rico patrimonio cultural y monumental.<\/p>\n<p>En esta ocasi\u00f3n\u2014ha proseguido G\u00e1mez\u2014la \u201cFiesta de los Aceites de Nueva Cosecha\u201d se llevar\u00e1 a cabo el 8 de diciembre, aprovechando que el lunes es festivo. Actividad que se desarrollar\u00e1 en horario de ma\u00f1ana, de 10 a 14, y de tarde de 17 a 19:30 horas.<\/p>\n<p>En cuanto a la Jornada de Puertas Abiertas se refiere, en esta edici\u00f3n contar\u00e1 con novedades \u00a0respecto a otras celebradas. As\u00ed adem\u00e1s de las catas para ni\u00f1os y mayores y degustaciones de tapas tambi\u00e9n se llevar\u00e1 a cabo un taller de cosm\u00e9tica y un espect\u00e1culo de flamenco, seg\u00fan adelant\u00f3 el presidente de la entidad.<\/p>\n<p>Una iniciativa a la que este a\u00f1o se han sumado treinta y siete socios de \u201cOlivar y Aceite\u201d\u2014entre los que se encuentran Cortijo Sp\u00edritu Santo, Novecientos, Aceitex, Ba\u00f1\u00f3n, La Carrera, Cortijo La Torre, Gloriae, Pagos de Toral, Pradolivo,\u00a0 Haza la Centenosa, Finca Las Manillas, Cuac, Claramunt, Jaencoop, Picu\u00e9lite, Ole\u00edcola Ja\u00e9n, Nuestro Aroma, Uno, Puerta de las Villas, Oleum Excelsus, Yo verde, Don Diego, \u00d3leo Rinc\u00f3n, Vadolivo, Lupo Terra, Se\u00f1or\u00edo de las Almenas, Notaliv, MC Oliva, Luz de M\u00e1gina, Finca San Jos\u00e9, Olvero, Tierras de Canena, San Marcos, Joyer\u00eda Ferr\u00e1ndiz, Antique, Cantina la Estaci\u00f3n, Catering Delicias y TintaFina\u2014. As\u00ed veintinueve pertenecen al mundo de la producci\u00f3n de aceite de oliva virgen extra, dos son artesanos, tambi\u00e9n habr\u00e1 \u00a0empresa de cosm\u00e9tica y cuatro pertenecientes al sector de la hosteler\u00eda, adem\u00e1s de la colaboraci\u00f3n de Manuela Monsalve, que ser\u00e1n los encargados de elaborar quinientas tapas que podr\u00e1n degustar todos aquellos que se acerquen a la Jornada de Puertas Abiertas, como ha adelantado G\u00e1mez.<\/p>\n<p>En esta acci\u00f3n promocional del Centro de Interpretaci\u00f3n habr\u00e1 un espacio dedicado a los m\u00e1s peque\u00f1os, que ser\u00e1n los embajadores del zumo de aceituna y que deben aprender a apreciar sus cualidades as\u00ed como sus bondades. Por ello, los menores podr\u00e1n disfrutar de distintas actividades dise\u00f1adas especialmente para ellos, como un desayuno saludable, una gymkana, un taller de cata denominado \u201cDetectives del AOVE\u201d o un taller de cosm\u00e9tica, donde podr\u00e1n realizar jabones.<\/p>\n<p>Como se pretende que sea una actividad para disfrutar en familia, ha se\u00f1alado G\u00e1mez, tambi\u00e9n en horario vespertino habr\u00e1 un espect\u00e1culo de flamenco, que sin duda har\u00e1 las delicias de locales y for\u00e1neos.<\/p>\n<p>El presidente de la entidad no ha querido dejar pasar la oportunidad de agradecer la colaboraci\u00f3n que prestan, para que se pueda llevar a cabo la \u201cFiesta de los Aceites de Nueva Cosecha\u201d, tanto la Diputaci\u00f3n Provincial, Grupo Pieralisi y la Fundaci\u00f3n Caja Rural de Ja\u00e9n as\u00ed como el apoyo incondicional de los socios que forman la gran familia de \u201cOlivar y Aceite\u201d,\u00a0 en cada una de las actividades que realiza la entidad.<\/p>\n<p>Por su parte, el diputado de agricultura, Pedro Bruno ha recordado que esta actividad se enmarca dentro del convenio firmado con la Diputaci\u00f3n Provincial, colaboraci\u00f3n\u2014que como ha adelantado\u2014se mantendr\u00e1 el pr\u00f3ximo a\u00f1o, pues est\u00e1 recogido en los presupuestos de la Administraci\u00f3n Provincial, en virtud del cual podr\u00e1n seguir trabajando con el Centro de Interpretaci\u00f3n.<\/p>\n<p>\u201cUna iniciativa que servir\u00e1 para dar a conocer la gran calidad de los aceites de la provincia as\u00ed como las propiedades saludables que tiene para la salud, y que se vea el zumo de aceituna no como una grasa sino que est\u00e1n consumiendo salud\u201d, ha subrayado Bruno.<\/p>\n<p>\u201cEs un acierto enfocar parte de las actividades a los m\u00e1s peque\u00f1os de la casa como tambi\u00e9n lo es ofrecer tapas para mostrar c\u00f3mo las diferentes variedades de AOVEs que se producen en la provincia, potencian el sabor de los alimentos. Nuestra gastronom\u00eda est\u00e1 de moda\u2014la provincia ya posee dos estrellas Michel\u00edn\u2014est\u00e1 en auge nuestra cocina y los grandes chefs con que cuenta Ja\u00e9n\u201d, ha apostillado el diputado de agricultura.<\/p>\n<p>En cuanto a la Fundaci\u00f3n Caja Rural de Ja\u00e9n, Juan Carlos Gonz\u00e1lez, ha indicado \u201cla agricultura est\u00e1 en los genes de la entidad, para la que es todo un honor participar en este tipo de actividades que crean riqueza en la provincia al dar a conocer la cultura del aceite y del olivar. En esta ocasi\u00f3n Caja Rural de Ja\u00e9n contribuir\u00e1 a financiar las actividades infantiles, pues consideremos que es esencial que los m\u00e1s peque\u00f1os conozcan el aceite de oliva virgen extra y sepan diferenciar un zumo de aceituna virgen extra de otro que no lo es\u201d, ha finalizado.<\/p>\n<p>[\/et_pb_text][et_pb_comments _builder_version=\u00bb4.16&#8243; use_border_color=\u00bboff\u00bb border_color=\u00bb#ffffff\u00bb border_style=\u00bbsolid\u00bb button_letter_spacing_hover=\u00bb0&#8243; global_colors_info=\u00bb{}\u00bb button_text_size__hover_enabled=\u00bboff\u00bb button_text_size__hover=\u00bbnull\u00bb button_one_text_size__hover_enabled=\u00bboff\u00bb button_one_text_size__hover=\u00bbnull\u00bb button_two_text_size__hover_enabled=\u00bboff\u00bb button_two_text_size__hover=\u00bbnull\u00bb button_text_color__hover_enabled=\u00bboff\u00bb button_text_color__hover=\u00bbnull\u00bb button_one_text_color__hover_enabled=\u00bboff\u00bb button_one_text_color__hover=\u00bbnull\u00bb button_two_text_color__hover_enabled=\u00bboff\u00bb button_two_text_color__hover=\u00bbnull\u00bb button_border_width__hover_enabled=\u00bboff\u00bb button_border_width__hover=\u00bbnull\u00bb button_one_border_width__hover_enabled=\u00bboff\u00bb button_one_border_width__hover=\u00bbnull\u00bb button_two_border_width__hover_enabled=\u00bboff\u00bb button_two_border_width__hover=\u00bbnull\u00bb button_border_color__hover_enabled=\u00bboff\u00bb button_border_color__hover=\u00bbnull\u00bb button_one_border_color__hover_enabled=\u00bboff\u00bb button_one_border_color__hover=\u00bbnull\u00bb button_two_border_color__hover_enabled=\u00bboff\u00bb button_two_border_color__hover=\u00bbnull\u00bb button_border_radius__hover_enabled=\u00bboff\u00bb button_border_radius__hover=\u00bbnull\u00bb button_one_border_radius__hover_enabled=\u00bboff\u00bb button_one_border_radius__hover=\u00bbnull\u00bb button_two_border_radius__hover_enabled=\u00bboff\u00bb button_two_border_radius__hover=\u00bbnull\u00bb button_letter_spacing__hover_enabled=\u00bbon\u00bb button_letter_spacing__hover=\u00bb0&#8243; button_one_letter_spacing__hover_enabled=\u00bboff\u00bb button_one_letter_spacing__hover=\u00bbnull\u00bb button_two_letter_spacing__hover_enabled=\u00bboff\u00bb button_two_letter_spacing__hover=\u00bbnull\u00bb button_bg_color__hover_enabled=\u00bboff\u00bb button_bg_color__hover=\u00bbnull\u00bb button_one_bg_color__hover_enabled=\u00bboff\u00bb button_one_bg_color__hover=\u00bbnull\u00bb button_two_bg_color__hover_enabled=\u00bboff\u00bb button_two_bg_color__hover=\u00bbnull\u00bb][\/et_pb_comments][\/et_pb_column_inner][\/et_pb_row_inner][\/et_pb_column][et_pb_column type=\u00bb1_3&#8243; _builder_version=\u00bb4.16&#8243; custom_padding=\u00bb|||\u00bb global_colors_info=\u00bb{}\u00bb custom_padding__hover=\u00bb|||\u00bb][et_pb_sidebar orientation=\u00bbright\u00bb area=\u00bbsidebar-1&#8243; _builder_version=\u00bb4.16&#8243; remove_border=\u00bboff\u00bb global_colors_info=\u00bb{}\u00bb theme_builder_area=\u00bbpost_content\u00bb][\/et_pb_sidebar][\/et_pb_column][\/et_pb_section][et_pb_section fb_built=\u00bb1&#8243; custom_padding_last_edited=\u00bbon|desktop\u00bb disabled_on=\u00bbon|on|on\u00bb _builder_version=\u00bb3.0.92&#8243; background_color=\u00bb#dedacf\u00bb custom_padding_tablet=\u00bb50px|0|50px|0&#8243; custom_padding_phone=\u00bb\u00bb disabled=\u00bbon\u00bb global_module=\u00bb5116&#8243; collapsed=\u00bboff\u00bb global_colors_info=\u00bb{}\u00bb][et_pb_row _builder_version=\u00bb4.16&#8243; global_colors_info=\u00bb{}\u00bb][et_pb_column type=\u00bb4_4&#8243; _builder_version=\u00bb4.16&#8243; custom_padding=\u00bb|||\u00bb global_colors_info=\u00bb{}\u00bb custom_padding__hover=\u00bb|||\u00bb][\/et_pb_column][\/et_pb_row][\/et_pb_section][et_pb_section fb_built=\u00bb1&#8243; custom_padding_last_edited=\u00bbon|desktop\u00bb _builder_version=\u00bb3.22&#8243; background_color=\u00bb#ffffff\u00bb custom_padding=\u00bb10px||0px|\u00bb custom_padding_tablet=\u00bb50px|0|50px|0&#8243; custom_padding_phone=\u00bb\u00bb transparent_background=\u00bboff\u00bb padding_mobile=\u00bboff\u00bb make_fullwidth=\u00bboff\u00bb use_custom_width=\u00bboff\u00bb width_unit=\u00bbon\u00bb global_module=\u00bb5115&#8243; collapsed=\u00bboff\u00bb global_colors_info=\u00bb{}\u00bb][et_pb_row padding_mobile=\u00bboff\u00bb column_padding_mobile=\u00bbon\u00bb _builder_version=\u00bb4.16&#8243; background_size=\u00bbinitial\u00bb background_position=\u00bbtop_left\u00bb background_repeat=\u00bbrepeat\u00bb max_width=\u00bb1080px\u00bb custom_padding=\u00bb0px||0px|\u00bb make_fullwidth=\u00bboff\u00bb use_custom_width=\u00bboff\u00bb width_unit=\u00bbon\u00bb global_colors_info=\u00bb{}\u00bb][\/et_pb_row][\/et_pb_section][et_pb_section fb_built=\u00bb1&#8243; _builder_version=\u00bb4.16&#8243; global_colors_info=\u00bb{}\u00bb][et_pb_row _builder_version=\u00bb4.16&#8243; background_size=\u00bbinitial\u00bb background_position=\u00bbtop_left\u00bb background_repeat=\u00bbrepeat\u00bb global_colors_info=\u00bb{}\u00bb][\/et_pb_row][\/et_pb_section]<\/p>\n","protected":false},"excerpt":{"rendered":"<p>El Centro de Interpretaci\u00f3n \u201cOlivar y Aceite\u201d, teniendo en cuenta la gran afluencia que recibe la ciudad patrimonial en el Puente de Diciembre, celebrar\u00e1 la Jornada de Puertas Abiertas \u201cFiesta de los Aceites de Primera Cosecha\u201d, una acci\u00f3n promocional que servir\u00e1 para crear sinergias entre el mundo del olivar y el turismo, adem\u00e1s de dar [&hellip;]<\/p>\n","protected":false},"author":1,"featured_media":38284,"comment_status":"open","ping_status":"open","sticky":false,"template":"","format":"standard","meta":{"_et_pb_use_builder":"on","_et_pb_old_content":"","_et_gb_content_width":"","_jetpack_memberships_contains_paid_content":false,"footnotes":""},"categories":[1],"tags":[],"class_list":["post-38282","post","type-post","status-publish","format-standard","has-post-thumbnail","hentry","category-general"],"jetpack_featured_media_url":"https:\/\/i0.wp.com\/centrodeolivaryaceite.com\/wp-content\/uploads\/2019\/11\/FIESTA-ACEITES-NUEVA-COSECHA-8-DICIEMBRE-2.jpg?fit=960%2C639&ssl=1","jetpack_sharing_enabled":true,"jetpack_shortlink":"https:\/\/wp.me\/p95A9q-9Xs","_links":{"self":[{"href":"https:\/\/centrodeolivaryaceite.com\/es\/wp-json\/wp\/v2\/posts\/38282\/"}],"collection":[{"href":"https:\/\/centrodeolivaryaceite.com\/es\/wp-json\/wp\/v2\/posts\/"}],"about":[{"href":"https:\/\/centrodeolivaryaceite.com\/es\/wp-json\/wp\/v2\/types\/post\/"}],"author":[{"embeddable":true,"href":"https:\/\/centrodeolivaryaceite.com\/es\/wp-json\/wp\/v2\/users\/1\/"}],"replies":[{"embeddable":true,"href":"https:\/\/centrodeolivaryaceite.com\/es\/wp-json\/wp\/v2\/comments\/?post=38282"}],"version-history":[{"count":0,"href":"https:\/\/centrodeolivaryaceite.com\/es\/wp-json\/wp\/v2\/posts\/38282\/revisions\/"}],"wp:featuredmedia":[{"embeddable":true,"href":"https:\/\/centrodeolivaryaceite.com\/es\/wp-json\/wp\/v2\/media\/38284\/"}],"wp:attachment":[{"href":"https:\/\/centrodeolivaryaceite.com\/es\/wp-json\/wp\/v2\/media\/?parent=38282"}],"wp:term":[{"taxonomy":"category","embeddable":true,"href":"https:\/\/centrodeolivaryaceite.com\/es\/wp-json\/wp\/v2\/categories\/?post=38282"},{"taxonomy":"post_tag","embeddable":true,"href":"https:\/\/centrodeolivaryaceite.com\/es\/wp-json\/wp\/v2\/tags\/?post=38282"}],"curies":[{"name":"wp","href":"https:\/\/api.w.org\/{rel}","templated":true}]}}