{"id":38308,"date":"2019-12-21T19:10:06","date_gmt":"2019-12-21T19:10:06","guid":{"rendered":"https:\/\/centrodeolivaryaceite.com\/?p=38308"},"modified":"2022-07-29T10:31:48","modified_gmt":"2022-07-29T10:31:48","slug":"cocina-navidena-en-olivar-y-aceite-de-la-mano-de-la-manuela-monsalve","status":"publish","type":"post","link":"https:\/\/centrodeolivaryaceite.com\/es\/cocina-navidena-en-olivar-y-aceite-de-la-mano-de-la-manuela-monsalve\/","title":{"rendered":"COCINA NAVIDE\u00d1A EN \u201cOLIVAR Y ACEITE\u201d  DE LA MANO DE LA MANUELA MONSALVE"},"content":{"rendered":"<p>[et_pb_section fb_built=\u00bb1&#8243; fullwidth=\u00bbon\u00bb custom_padding_last_edited=\u00bbon|desktop\u00bb admin_label=\u00bbSecci\u00f3n\u00bb _builder_version=\u00bb3.22&#8243; background_color=\u00bb#ffffff\u00bb background_image=\u00bbhttp:\/\/centrodeolivaryaceite.com\/wp-content\/uploads\/2016\/06\/page_header_bg_blue.jpg\u00bb custom_padding_tablet=\u00bb50px|0|50px|0&#8243; custom_padding_phone=\u00bb\u00bb transparent_background=\u00bboff\u00bb padding_mobile=\u00bboff\u00bb make_fullwidth=\u00bboff\u00bb use_custom_width=\u00bboff\u00bb width_unit=\u00bbon\u00bb global_module=\u00bb5294&#8243; locked=\u00bboff\u00bb collapsed=\u00bboff\u00bb global_colors_info=\u00bb{}\u00bb][et_pb_fullwidth_post_title meta=\u00bboff\u00bb featured_image=\u00bboff\u00bb text_color=\u00bblight\u00bb text_background=\u00bbon\u00bb text_bg_color=\u00bbrgba(28,28,28,0.43)\u00bb admin_label=\u00bbT\u00edtulo\u00bb _builder_version=\u00bb4.17.6&#8243; _module_preset=\u00bbdefault\u00bb title_font=\u00bbRoboto Light||||\u00bb title_font_size=\u00bb35px\u00bb title_all_caps=\u00bbon\u00bb background_color=\u00bbrgba(255,255,255,0)\u00bb parallax=\u00bbon\u00bb parallax_method=\u00bboff\u00bb text_orientation=\u00bbcenter\u00bb parallax_effect=\u00bbon\u00bb module_bg_color=\u00bbrgba(255,255,255,0)\u00bb use_border_color=\u00bboff\u00bb border_color=\u00bb#ffffff\u00bb border_style=\u00bbsolid\u00bb global_colors_info=\u00bb{}\u00bb][\/et_pb_fullwidth_post_title][\/et_pb_section][et_pb_section fb_built=\u00bb1&#8243; custom_padding_last_edited=\u00bbon|desktop\u00bb _builder_version=\u00bb4.16&#8243; background_color=\u00bb#ffffff\u00bb custom_padding=\u00bb10px|||\u00bb custom_padding_tablet=\u00bb50px|0|50px|0&#8243; custom_padding_phone=\u00bb\u00bb transparent_background=\u00bboff\u00bb padding_mobile=\u00bboff\u00bb make_fullwidth=\u00bboff\u00bb use_custom_width=\u00bboff\u00bb width_unit=\u00bbon\u00bb global_colors_info=\u00bb{}\u00bb][et_pb_row padding_mobile=\u00bboff\u00bb column_padding_mobile=\u00bbon\u00bb _builder_version=\u00bb4.16&#8243; background_size=\u00bbinitial\u00bb background_position=\u00bbtop_left\u00bb background_repeat=\u00bbrepeat\u00bb max_width=\u00bb1080px\u00bb custom_padding=\u00bb10px|||\u00bb make_fullwidth=\u00bboff\u00bb use_custom_width=\u00bboff\u00bb width_unit=\u00bbon\u00bb global_colors_info=\u00bb{}\u00bb][et_pb_column type=\u00bb4_4&#8243; _builder_version=\u00bb4.16&#8243; custom_padding=\u00bb|||\u00bb global_colors_info=\u00bb{}\u00bb custom_padding__hover=\u00bb|||\u00bb][et_pb_post_title title=\u00bboff\u00bb _builder_version=\u00bb4.16&#8243; title_all_caps=\u00bboff\u00bb background_color=\u00bbrgba(255,255,255,0)\u00bb parallax=\u00bbon\u00bb parallax_method=\u00bboff\u00bb parallax_effect=\u00bbon\u00bb module_bg_color=\u00bbrgba(255,255,255,0)\u00bb use_border_color=\u00bboff\u00bb border_color=\u00bb#ffffff\u00bb border_style=\u00bbsolid\u00bb global_colors_info=\u00bb{}\u00bb][\/et_pb_post_title][\/et_pb_column][\/et_pb_row][\/et_pb_section][et_pb_section fb_built=\u00bb1&#8243; specialty=\u00bbon\u00bb custom_padding_last_edited=\u00bbon|desktop\u00bb parallax_method_1=\u00bboff\u00bb parallax_method_2=\u00bboff\u00bb _builder_version=\u00bb4.16&#8243; background_color=\u00bb#ffffff\u00bb inner_max_width=\u00bbnone\u00bb custom_padding=\u00bb10px|||\u00bb custom_padding_tablet=\u00bb50px|0|50px|0&#8243; custom_padding_phone=\u00bb\u00bb transparent_background=\u00bboff\u00bb padding_mobile=\u00bboff\u00bb make_fullwidth=\u00bboff\u00bb use_custom_width=\u00bboff\u00bb width_unit=\u00bbon\u00bb global_colors_info=\u00bb{}\u00bb][et_pb_column type=\u00bb2_3&#8243; specialty_columns=\u00bb2&#8243; _builder_version=\u00bb4.16&#8243; custom_padding=\u00bb|||\u00bb global_colors_info=\u00bb{}\u00bb custom_padding__hover=\u00bb|||\u00bb][et_pb_row_inner padding_mobile=\u00bboff\u00bb column_padding_mobile=\u00bbon\u00bb admin_label=\u00bbFila\u00bb _builder_version=\u00bb4.16&#8243; custom_padding=\u00bb0px|||\u00bb global_colors_info=\u00bb{}\u00bb][et_pb_column_inner saved_specialty_column_type=\u00bb2_3&#8243; _builder_version=\u00bb4.16&#8243; custom_padding=\u00bb|||\u00bb global_colors_info=\u00bb{}\u00bb custom_padding__hover=\u00bb|||\u00bb][et_pb_text admin_label=\u00bbTexto a reemplazar\u00bb _builder_version=\u00bb4.16&#8243; z_index_tablet=\u00bb500&#8243; box_shadow_horizontal_tablet=\u00bb0px\u00bb box_shadow_vertical_tablet=\u00bb0px\u00bb box_shadow_blur_tablet=\u00bb40px\u00bb box_shadow_spread_tablet=\u00bb0px\u00bb use_border_color=\u00bboff\u00bb global_colors_info=\u00bb{}\u00bb]<\/p>\n<p>Muchos son los grupos de amigos y familias que en \u00e9poca navide\u00f1a comparten mesa y mantel y para quienes ejercen de anfitriones es un verdadero quebradero de cabeza, pues es muy dif\u00edcil sorprender a sus comensales. Por este motivo, cada a\u00f1o por estas fechas el Centro de Interpretaci\u00f3n ofrece un Curso de Cocina Navide\u00f1a, que llega de la mano de la chef freelance Manuela Monsalve.<\/p>\n<p>Un curso que cuenta con mucha demanda pues Manuela Monsalve adem\u00e1s de ofrecer un men\u00fa completo desde los entrantes hasta el postre ofrece a los inscritos algunos trucos que har\u00e1n m\u00e1s f\u00e1cil su d\u00eda a d\u00eda en la cocina, y en estas fechas les har\u00e1n quedar como grandes cocineros y cocineras ante sus invitados.<\/p>\n<p>En concreto la chef ha preparado las siguientes elaboraciones: unas cucharitas de Pascua, una ensalada de Navidad, una crema de gambas en salsa de ostras, calabac\u00edn relleno de vieira con ajoblanco de manzana, popieta de merluza y langostino, tost\u00f3n de codillo en su jugo y el punto dulce lo aport\u00f3 una panacota de turr\u00f3n.<\/p>\n<p><img data-recalc-dims=\"1\" loading=\"lazy\" decoding=\"async\" data-attachment-id=\"38312\" data-permalink=\"https:\/\/centrodeolivaryaceite.com\/es\/cocina-navidena-en-olivar-y-aceite-de-la-mano-de-la-manuela-monsalve\/taller-de-cocina-de-navidad-1\/\" data-orig-file=\"https:\/\/i0.wp.com\/centrodeolivaryaceite.com\/wp-content\/uploads\/2019\/12\/Taller-de-Cocina-de-Navidad-1.jpg?fit=1024%2C683&amp;ssl=1\" data-orig-size=\"1024,683\" data-comments-opened=\"1\" data-image-meta=\"{&quot;aperture&quot;:&quot;4&quot;,&quot;credit&quot;:&quot;JESUS DELGADO&quot;,&quot;camera&quot;:&quot;NIKON D500&quot;,&quot;caption&quot;:&quot;&quot;,&quot;created_timestamp&quot;:&quot;1576614279&quot;,&quot;copyright&quot;:&quot;&quot;,&quot;focal_length&quot;:&quot;16&quot;,&quot;iso&quot;:&quot;2000&quot;,&quot;shutter_speed&quot;:&quot;0.01&quot;,&quot;title&quot;:&quot;&quot;,&quot;orientation&quot;:&quot;1&quot;}\" data-image-title=\"Taller de Cocina de Navidad 1\" data-image-description=\"\" data-image-caption=\"\" data-medium-file=\"https:\/\/i0.wp.com\/centrodeolivaryaceite.com\/wp-content\/uploads\/2019\/12\/Taller-de-Cocina-de-Navidad-1.jpg?fit=300%2C200&amp;ssl=1\" data-large-file=\"https:\/\/i0.wp.com\/centrodeolivaryaceite.com\/wp-content\/uploads\/2019\/12\/Taller-de-Cocina-de-Navidad-1.jpg?fit=1024%2C683&amp;ssl=1\" class=\"size-medium wp-image-38312 aligncenter\" src=\"https:\/\/i0.wp.com\/centrodeolivaryaceite.com\/wp-content\/uploads\/2019\/12\/Taller-de-Cocina-de-Navidad-1.jpg?resize=300%2C200&#038;ssl=1\" alt=\"\" width=\"300\" height=\"200\" srcset=\"https:\/\/i0.wp.com\/centrodeolivaryaceite.com\/wp-content\/uploads\/2019\/12\/Taller-de-Cocina-de-Navidad-1.jpg?resize=300%2C200&amp;ssl=1 300w, https:\/\/i0.wp.com\/centrodeolivaryaceite.com\/wp-content\/uploads\/2019\/12\/Taller-de-Cocina-de-Navidad-1.jpg?resize=768%2C512&amp;ssl=1 768w, https:\/\/i0.wp.com\/centrodeolivaryaceite.com\/wp-content\/uploads\/2019\/12\/Taller-de-Cocina-de-Navidad-1.jpg?w=1024&amp;ssl=1 1024w\" sizes=\"(max-width: 300px) 100vw, 300px\" \/><\/p>\n<p>Como siempre Monsalve ha utilizado para sus platos productos de temporada y marisco, que como en otras ocasiones es aportado por Mariscos Castellar, regados como no pod\u00eda ser de otra forma con distintas variedades de aceite de oliva virgen extra, pues dependiendo de los productos utilizados potencian su sabor. \u00a0\u00a0<\/p>\n<p>[\/et_pb_text][et_pb_comments _builder_version=\u00bb4.16&#8243; use_border_color=\u00bboff\u00bb border_color=\u00bb#ffffff\u00bb border_style=\u00bbsolid\u00bb button_letter_spacing_hover=\u00bb0&#8243; global_colors_info=\u00bb{}\u00bb button_text_size__hover_enabled=\u00bboff\u00bb button_text_size__hover=\u00bbnull\u00bb button_one_text_size__hover_enabled=\u00bboff\u00bb button_one_text_size__hover=\u00bbnull\u00bb button_two_text_size__hover_enabled=\u00bboff\u00bb button_two_text_size__hover=\u00bbnull\u00bb button_text_color__hover_enabled=\u00bboff\u00bb button_text_color__hover=\u00bbnull\u00bb button_one_text_color__hover_enabled=\u00bboff\u00bb button_one_text_color__hover=\u00bbnull\u00bb button_two_text_color__hover_enabled=\u00bboff\u00bb button_two_text_color__hover=\u00bbnull\u00bb button_border_width__hover_enabled=\u00bboff\u00bb button_border_width__hover=\u00bbnull\u00bb button_one_border_width__hover_enabled=\u00bboff\u00bb button_one_border_width__hover=\u00bbnull\u00bb button_two_border_width__hover_enabled=\u00bboff\u00bb button_two_border_width__hover=\u00bbnull\u00bb button_border_color__hover_enabled=\u00bboff\u00bb button_border_color__hover=\u00bbnull\u00bb button_one_border_color__hover_enabled=\u00bboff\u00bb button_one_border_color__hover=\u00bbnull\u00bb button_two_border_color__hover_enabled=\u00bboff\u00bb button_two_border_color__hover=\u00bbnull\u00bb button_border_radius__hover_enabled=\u00bboff\u00bb button_border_radius__hover=\u00bbnull\u00bb button_one_border_radius__hover_enabled=\u00bboff\u00bb button_one_border_radius__hover=\u00bbnull\u00bb button_two_border_radius__hover_enabled=\u00bboff\u00bb button_two_border_radius__hover=\u00bbnull\u00bb button_letter_spacing__hover_enabled=\u00bbon\u00bb button_letter_spacing__hover=\u00bb0&#8243; button_one_letter_spacing__hover_enabled=\u00bboff\u00bb button_one_letter_spacing__hover=\u00bbnull\u00bb button_two_letter_spacing__hover_enabled=\u00bboff\u00bb button_two_letter_spacing__hover=\u00bbnull\u00bb button_bg_color__hover_enabled=\u00bboff\u00bb button_bg_color__hover=\u00bbnull\u00bb button_one_bg_color__hover_enabled=\u00bboff\u00bb button_one_bg_color__hover=\u00bbnull\u00bb button_two_bg_color__hover_enabled=\u00bboff\u00bb button_two_bg_color__hover=\u00bbnull\u00bb][\/et_pb_comments][\/et_pb_column_inner][\/et_pb_row_inner][\/et_pb_column][et_pb_column type=\u00bb1_3&#8243; _builder_version=\u00bb4.16&#8243; custom_padding=\u00bb|||\u00bb global_colors_info=\u00bb{}\u00bb custom_padding__hover=\u00bb|||\u00bb][et_pb_sidebar orientation=\u00bbright\u00bb area=\u00bbsidebar-1&#8243; _builder_version=\u00bb4.16&#8243; remove_border=\u00bboff\u00bb global_colors_info=\u00bb{}\u00bb theme_builder_area=\u00bbpost_content\u00bb][\/et_pb_sidebar][\/et_pb_column][\/et_pb_section][et_pb_section fb_built=\u00bb1&#8243; custom_padding_last_edited=\u00bbon|desktop\u00bb disabled_on=\u00bbon|on|on\u00bb _builder_version=\u00bb3.0.92&#8243; background_color=\u00bb#dedacf\u00bb custom_padding_tablet=\u00bb50px|0|50px|0&#8243; custom_padding_phone=\u00bb\u00bb disabled=\u00bbon\u00bb global_module=\u00bb5116&#8243; collapsed=\u00bboff\u00bb global_colors_info=\u00bb{}\u00bb][et_pb_row _builder_version=\u00bb4.16&#8243; global_colors_info=\u00bb{}\u00bb][et_pb_column type=\u00bb4_4&#8243; _builder_version=\u00bb4.16&#8243; custom_padding=\u00bb|||\u00bb global_colors_info=\u00bb{}\u00bb custom_padding__hover=\u00bb|||\u00bb][\/et_pb_column][\/et_pb_row][\/et_pb_section][et_pb_section fb_built=\u00bb1&#8243; custom_padding_last_edited=\u00bbon|desktop\u00bb _builder_version=\u00bb3.22&#8243; background_color=\u00bb#ffffff\u00bb custom_padding=\u00bb10px||0px|\u00bb custom_padding_tablet=\u00bb50px|0|50px|0&#8243; custom_padding_phone=\u00bb\u00bb transparent_background=\u00bboff\u00bb padding_mobile=\u00bboff\u00bb make_fullwidth=\u00bboff\u00bb use_custom_width=\u00bboff\u00bb width_unit=\u00bbon\u00bb global_module=\u00bb5115&#8243; collapsed=\u00bboff\u00bb global_colors_info=\u00bb{}\u00bb][et_pb_row padding_mobile=\u00bboff\u00bb column_padding_mobile=\u00bbon\u00bb _builder_version=\u00bb4.16&#8243; background_size=\u00bbinitial\u00bb background_position=\u00bbtop_left\u00bb background_repeat=\u00bbrepeat\u00bb max_width=\u00bb1080px\u00bb custom_padding=\u00bb0px||0px|\u00bb make_fullwidth=\u00bboff\u00bb use_custom_width=\u00bboff\u00bb width_unit=\u00bbon\u00bb global_colors_info=\u00bb{}\u00bb][\/et_pb_row][\/et_pb_section][et_pb_section fb_built=\u00bb1&#8243; _builder_version=\u00bb4.16&#8243; global_colors_info=\u00bb{}\u00bb][et_pb_row _builder_version=\u00bb4.16&#8243; background_size=\u00bbinitial\u00bb background_position=\u00bbtop_left\u00bb background_repeat=\u00bbrepeat\u00bb global_colors_info=\u00bb{}\u00bb][\/et_pb_row][\/et_pb_section]<\/p>\n","protected":false},"excerpt":{"rendered":"<p>Muchos son los grupos de amigos y familias que en \u00e9poca navide\u00f1a comparten mesa y mantel y para quienes ejercen de anfitriones es un verdadero quebradero de cabeza, pues es muy dif\u00edcil sorprender a sus comensales. Por este motivo, cada a\u00f1o por estas fechas el Centro de Interpretaci\u00f3n ofrece un Curso de Cocina Navide\u00f1a, que [&hellip;]<\/p>\n","protected":false},"author":1,"featured_media":38310,"comment_status":"open","ping_status":"open","sticky":false,"template":"","format":"standard","meta":{"_et_pb_use_builder":"on","_et_pb_old_content":"","_et_gb_content_width":"","_jetpack_memberships_contains_paid_content":false,"footnotes":""},"categories":[37,1],"tags":[],"class_list":["post-38308","post","type-post","status-publish","format-standard","has-post-thumbnail","hentry","category-gastronomia","category-general"],"jetpack_featured_media_url":"https:\/\/i0.wp.com\/centrodeolivaryaceite.com\/wp-content\/uploads\/2019\/12\/Taller-de-Cocina-de-Navidad-2.jpg?fit=1024%2C683&ssl=1","jetpack_sharing_enabled":true,"jetpack_shortlink":"https:\/\/wp.me\/p95A9q-9XS","_links":{"self":[{"href":"https:\/\/centrodeolivaryaceite.com\/es\/wp-json\/wp\/v2\/posts\/38308\/"}],"collection":[{"href":"https:\/\/centrodeolivaryaceite.com\/es\/wp-json\/wp\/v2\/posts\/"}],"about":[{"href":"https:\/\/centrodeolivaryaceite.com\/es\/wp-json\/wp\/v2\/types\/post\/"}],"author":[{"embeddable":true,"href":"https:\/\/centrodeolivaryaceite.com\/es\/wp-json\/wp\/v2\/users\/1\/"}],"replies":[{"embeddable":true,"href":"https:\/\/centrodeolivaryaceite.com\/es\/wp-json\/wp\/v2\/comments\/?post=38308"}],"version-history":[{"count":0,"href":"https:\/\/centrodeolivaryaceite.com\/es\/wp-json\/wp\/v2\/posts\/38308\/revisions\/"}],"wp:featuredmedia":[{"embeddable":true,"href":"https:\/\/centrodeolivaryaceite.com\/es\/wp-json\/wp\/v2\/media\/38310\/"}],"wp:attachment":[{"href":"https:\/\/centrodeolivaryaceite.com\/es\/wp-json\/wp\/v2\/media\/?parent=38308"}],"wp:term":[{"taxonomy":"category","embeddable":true,"href":"https:\/\/centrodeolivaryaceite.com\/es\/wp-json\/wp\/v2\/categories\/?post=38308"},{"taxonomy":"post_tag","embeddable":true,"href":"https:\/\/centrodeolivaryaceite.com\/es\/wp-json\/wp\/v2\/tags\/?post=38308"}],"curies":[{"name":"wp","href":"https:\/\/api.w.org\/{rel}","templated":true}]}}