{"id":3981,"date":"2014-12-30T10:24:32","date_gmt":"2014-12-30T10:24:32","guid":{"rendered":"http:\/\/centrodeolivaryaceitelaloma.com\/copiablog\/?p=3981"},"modified":"2022-07-29T11:30:38","modified_gmt":"2022-07-29T11:30:38","slug":"2014-un-ano-que-finaliza-promocionando-la-cultura-del-aove","status":"publish","type":"post","link":"https:\/\/centrodeolivaryaceite.com\/es\/2014-un-ano-que-finaliza-promocionando-la-cultura-del-aove\/","title":{"rendered":"2014, un a\u00f1o que finaliza promocionando la cultura del AOVE"},"content":{"rendered":"<p>[et_pb_section fb_built=\u00bb1&#8243; fullwidth=\u00bbon\u00bb custom_padding_last_edited=\u00bbon|desktop\u00bb admin_label=\u00bbSecci\u00f3n\u00bb _builder_version=\u00bb3.22&#8243; background_color=\u00bb#ffffff\u00bb background_image=\u00bbhttp:\/\/centrodeolivaryaceite.com\/wp-content\/uploads\/2016\/06\/page_header_bg_blue.jpg\u00bb custom_padding_tablet=\u00bb50px|0|50px|0&#8243; transparent_background=\u00bboff\u00bb padding_mobile=\u00bboff\u00bb make_fullwidth=\u00bboff\u00bb use_custom_width=\u00bboff\u00bb width_unit=\u00bbon\u00bb global_module=\u00bb5294&#8243; locked=\u00bboff\u00bb collapsed=\u00bboff\u00bb global_colors_info=\u00bb{}\u00bb custom_padding_phone=\u00bb50px|0|50px|0&#8243;][et_pb_fullwidth_post_title meta=\u00bboff\u00bb featured_image=\u00bboff\u00bb text_color=\u00bblight\u00bb text_background=\u00bbon\u00bb text_bg_color=\u00bbrgba(28,28,28,0.43)\u00bb admin_label=\u00bbT\u00edtulo\u00bb _builder_version=\u00bb4.17.6&#8243; _module_preset=\u00bbdefault\u00bb title_font=\u00bbRoboto Light||||\u00bb title_font_size=\u00bb35px\u00bb title_all_caps=\u00bbon\u00bb background_color=\u00bbrgba(255,255,255,0)\u00bb parallax=\u00bbon\u00bb parallax_method=\u00bboff\u00bb text_orientation=\u00bbcenter\u00bb use_border_color=\u00bboff\u00bb border_color=\u00bb#ffffff\u00bb border_style=\u00bbsolid\u00bb parallax_effect=\u00bbon\u00bb module_bg_color=\u00bbrgba(255,255,255,0)\u00bb global_colors_info=\u00bb{}\u00bb][\/et_pb_fullwidth_post_title][\/et_pb_section][et_pb_section fb_built=\u00bb1&#8243; custom_padding_last_edited=\u00bbon|desktop\u00bb admin_label=\u00bbSecci\u00f3n\u00bb _builder_version=\u00bb4.16&#8243; background_color=\u00bb#ffffff\u00bb custom_padding=\u00bb10px|||\u00bb custom_padding_tablet=\u00bb50px|0|50px|0&#8243; transparent_background=\u00bboff\u00bb padding_mobile=\u00bboff\u00bb make_fullwidth=\u00bboff\u00bb use_custom_width=\u00bboff\u00bb width_unit=\u00bbon\u00bb global_colors_info=\u00bb{}\u00bb custom_padding_phone=\u00bb50px|0|50px|0&#8243;][et_pb_row padding_mobile=\u00bboff\u00bb column_padding_mobile=\u00bbon\u00bb admin_label=\u00bbFila\u00bb _builder_version=\u00bb4.16&#8243; background_size=\u00bbinitial\u00bb background_position=\u00bbtop_left\u00bb background_repeat=\u00bbrepeat\u00bb custom_padding=\u00bb10px|||\u00bb make_fullwidth=\u00bboff\u00bb use_custom_width=\u00bboff\u00bb width_unit=\u00bbon\u00bb global_colors_info=\u00bb{}\u00bb][et_pb_column type=\u00bb4_4&#8243; _builder_version=\u00bb4.16&#8243; custom_padding=\u00bb|||\u00bb global_colors_info=\u00bb{}\u00bb custom_padding__hover=\u00bb|||\u00bb][et_pb_post_title title=\u00bboff\u00bb admin_label=\u00bbT\u00edtulo de publicaci\u00f3n\u00bb _builder_version=\u00bb4.16&#8243; title_all_caps=\u00bboff\u00bb background_color=\u00bbrgba(255,255,255,0)\u00bb parallax=\u00bbon\u00bb parallax_method=\u00bboff\u00bb use_border_color=\u00bboff\u00bb border_color=\u00bb#ffffff\u00bb border_style=\u00bbsolid\u00bb parallax_effect=\u00bbon\u00bb module_bg_color=\u00bbrgba(255,255,255,0)\u00bb global_colors_info=\u00bb{}\u00bb] [\/et_pb_post_title][\/et_pb_column][\/et_pb_row][\/et_pb_section][et_pb_section fb_built=\u00bb1&#8243; specialty=\u00bbon\u00bb custom_padding_last_edited=\u00bbon|desktop\u00bb parallax_method_1=\u00bboff\u00bb parallax_method_2=\u00bboff\u00bb admin_label=\u00bbSecci\u00f3n\u00bb _builder_version=\u00bb4.16&#8243; background_color=\u00bb#ffffff\u00bb custom_padding=\u00bb10px|||\u00bb custom_padding_tablet=\u00bb50px|0|50px|0&#8243; transparent_background=\u00bboff\u00bb padding_mobile=\u00bboff\u00bb make_fullwidth=\u00bboff\u00bb use_custom_width=\u00bboff\u00bb width_unit=\u00bbon\u00bb global_colors_info=\u00bb{}\u00bb custom_padding_phone=\u00bb50px|0|50px|0&#8243;][et_pb_column type=\u00bb2_3&#8243; specialty_columns=\u00bb2&#8243; _builder_version=\u00bb4.16&#8243; custom_padding=\u00bb|||\u00bb global_colors_info=\u00bb{}\u00bb custom_padding__hover=\u00bb|||\u00bb][et_pb_row_inner padding_mobile=\u00bboff\u00bb column_padding_mobile=\u00bbon\u00bb admin_label=\u00bbFila\u00bb _builder_version=\u00bb4.16&#8243; custom_padding=\u00bb0px|||\u00bb global_colors_info=\u00bb{}\u00bb][et_pb_column_inner saved_specialty_column_type=\u00bb2_3&#8243; _builder_version=\u00bb4.16&#8243; custom_padding=\u00bb|||\u00bb global_colors_info=\u00bb{}\u00bb custom_padding__hover=\u00bb|||\u00bb][et_pb_text admin_label=\u00bbText\u00bb _builder_version=\u00bb4.16&#8243; background_size=\u00bbinitial\u00bb background_position=\u00bbtop_left\u00bb background_repeat=\u00bbrepeat\u00bb global_colors_info=\u00bb{}\u00bb]En el Centro de Interpretaci\u00f3n Olivar y Aceite es un proyecto que persigue la divulgaci\u00f3n de la cultura del aceite. En esa linea se desarrolla el conjunto del trabajo que desarrollamos y que seguiremos desempe\u00f1ando en el pr\u00f3ximo a\u00f1o. Un trabajo realizado por la Asociaci\u00f3n Olivar y Aceite Provincia de Ja\u00e9n, compuesta por socios del sector ole\u00edcola y entidades p\u00fablicas y privadas afines, que realiza un esfuerzo diario por promocionar el Aceite de Oliva Virgen Extra. Fruto de este esfuerzo, durante este ejercicio se han desarrollado numerosas actividades que a continuaci\u00f3n os resumimos como colof\u00f3n a este a\u00f1o que termina.<\/p>\n<h2 style=\"text-align: center;\">Visitas tur\u00edsticas<\/h2>\n<p>Esta es una de nuestras principales variantes y de nuestros grandes objetivos, promocionar y ense\u00f1ar nuestro oro l\u00edquido tanto con el visitante espa\u00f1ol como para el que viene de fuera de nuestras fronteras. Para ello atraemos a visitante espa\u00f1ol o extranjero que visita nuestra tierra buscando el oleoturismo. Grupos de salmantinos, madrile\u00f1os, polacos, canadienses, australianos, estadounidenses, chinos o de Arabia Saud\u00ed para profundizar en la cultura del\u00a0#AOVE. Un proyecto con m\u00e1s de 6000 visitantes contabilizados en los tres primeros trimestres del a\u00f1o.<\/p>\n<p style=\"text-align: justify;\"><a href=\"https:\/\/i0.wp.com\/centrodeolivaryaceite.com\/wp-content\/uploads\/2014\/12\/10439493_277349099104903_4840480249386145090_n.jpg\"><img data-recalc-dims=\"1\" loading=\"lazy\" decoding=\"async\" src=\"https:\/\/i0.wp.com\/centrodeolivaryaceite.com\/wp-content\/uploads\/2014\/12\/10439493_277349099104903_4840480249386145090_n.jpg?resize=190%2C190\" alt=\"10439493_277349099104903_4840480249386145090_n\" width=\"190\" height=\"190\" \/><\/a>\u00a0<a href=\"https:\/\/i0.wp.com\/centrodeolivaryaceite.com\/wp-content\/uploads\/2014\/12\/1977436_340854136087732_6918220801592752161_n.jpg\"><img data-recalc-dims=\"1\" loading=\"lazy\" decoding=\"async\" data-attachment-id=\"4055\" data-permalink=\"https:\/\/centrodeolivaryaceite.com\/es\/2014-un-ano-que-finaliza-promocionando-la-cultura-del-aove\/1977436_340854136087732_6918220801592752161_n\/\" data-orig-file=\"https:\/\/i0.wp.com\/centrodeolivaryaceite.com\/wp-content\/uploads\/2014\/12\/1977436_340854136087732_6918220801592752161_n.jpg?fit=960%2C960&amp;ssl=1\" data-orig-size=\"960,960\" data-comments-opened=\"1\" data-image-meta=\"{&quot;aperture&quot;:&quot;0&quot;,&quot;credit&quot;:&quot;&quot;,&quot;camera&quot;:&quot;&quot;,&quot;caption&quot;:&quot;&quot;,&quot;created_timestamp&quot;:&quot;0&quot;,&quot;copyright&quot;:&quot;&quot;,&quot;focal_length&quot;:&quot;0&quot;,&quot;iso&quot;:&quot;0&quot;,&quot;shutter_speed&quot;:&quot;0&quot;,&quot;title&quot;:&quot;&quot;,&quot;orientation&quot;:&quot;0&quot;}\" data-image-title=\"1977436_340854136087732_6918220801592752161_n\" data-image-description=\"\" data-image-caption=\"\" data-medium-file=\"https:\/\/i0.wp.com\/centrodeolivaryaceite.com\/wp-content\/uploads\/2014\/12\/1977436_340854136087732_6918220801592752161_n.jpg?fit=300%2C300&amp;ssl=1\" data-large-file=\"https:\/\/i0.wp.com\/centrodeolivaryaceite.com\/wp-content\/uploads\/2014\/12\/1977436_340854136087732_6918220801592752161_n.jpg?fit=960%2C960&amp;ssl=1\" class=\"alignnone wp-image-4055\" src=\"https:\/\/i0.wp.com\/centrodeolivaryaceite.com\/wp-content\/uploads\/2014\/12\/1977436_340854136087732_6918220801592752161_n.jpg?resize=190%2C190\" alt=\"1977436_340854136087732_6918220801592752161_n\" width=\"190\" height=\"190\" srcset=\"https:\/\/i0.wp.com\/centrodeolivaryaceite.com\/wp-content\/uploads\/2014\/12\/1977436_340854136087732_6918220801592752161_n.jpg?w=960&amp;ssl=1 960w, https:\/\/i0.wp.com\/centrodeolivaryaceite.com\/wp-content\/uploads\/2014\/12\/1977436_340854136087732_6918220801592752161_n.jpg?resize=300%2C300&amp;ssl=1 300w, https:\/\/i0.wp.com\/centrodeolivaryaceite.com\/wp-content\/uploads\/2014\/12\/1977436_340854136087732_6918220801592752161_n.jpg?resize=150%2C150&amp;ssl=1 150w, https:\/\/i0.wp.com\/centrodeolivaryaceite.com\/wp-content\/uploads\/2014\/12\/1977436_340854136087732_6918220801592752161_n.jpg?resize=768%2C768&amp;ssl=1 768w\" sizes=\"(max-width: 190px) 100vw, 190px\" \/><\/a> <a href=\"https:\/\/i0.wp.com\/centrodeolivaryaceite.com\/wp-content\/uploads\/2014\/12\/10850053_366618506844628_6224041513207742352_n.jpg\"><img data-recalc-dims=\"1\" loading=\"lazy\" decoding=\"async\" data-attachment-id=\"4027\" data-permalink=\"https:\/\/centrodeolivaryaceite.com\/es\/2014-un-ano-que-finaliza-promocionando-la-cultura-del-aove\/10850053_366618506844628_6224041513207742352_n\/\" data-orig-file=\"https:\/\/i0.wp.com\/centrodeolivaryaceite.com\/wp-content\/uploads\/2014\/12\/10850053_366618506844628_6224041513207742352_n.jpg?fit=960%2C960&amp;ssl=1\" data-orig-size=\"960,960\" data-comments-opened=\"1\" data-image-meta=\"{&quot;aperture&quot;:&quot;0&quot;,&quot;credit&quot;:&quot;&quot;,&quot;camera&quot;:&quot;&quot;,&quot;caption&quot;:&quot;&quot;,&quot;created_timestamp&quot;:&quot;0&quot;,&quot;copyright&quot;:&quot;&quot;,&quot;focal_length&quot;:&quot;0&quot;,&quot;iso&quot;:&quot;0&quot;,&quot;shutter_speed&quot;:&quot;0&quot;,&quot;title&quot;:&quot;&quot;,&quot;orientation&quot;:&quot;0&quot;}\" data-image-title=\"10850053_366618506844628_6224041513207742352_n\" data-image-description=\"\" data-image-caption=\"\" data-medium-file=\"https:\/\/i0.wp.com\/centrodeolivaryaceite.com\/wp-content\/uploads\/2014\/12\/10850053_366618506844628_6224041513207742352_n.jpg?fit=300%2C300&amp;ssl=1\" data-large-file=\"https:\/\/i0.wp.com\/centrodeolivaryaceite.com\/wp-content\/uploads\/2014\/12\/10850053_366618506844628_6224041513207742352_n.jpg?fit=960%2C960&amp;ssl=1\" class=\"alignnone wp-image-4027\" src=\"https:\/\/i0.wp.com\/centrodeolivaryaceite.com\/wp-content\/uploads\/2014\/12\/10850053_366618506844628_6224041513207742352_n.jpg?resize=190%2C190\" alt=\"10850053_366618506844628_6224041513207742352_n\" width=\"190\" height=\"190\" srcset=\"https:\/\/i0.wp.com\/centrodeolivaryaceite.com\/wp-content\/uploads\/2014\/12\/10850053_366618506844628_6224041513207742352_n.jpg?w=960&amp;ssl=1 960w, https:\/\/i0.wp.com\/centrodeolivaryaceite.com\/wp-content\/uploads\/2014\/12\/10850053_366618506844628_6224041513207742352_n.jpg?resize=300%2C300&amp;ssl=1 300w, https:\/\/i0.wp.com\/centrodeolivaryaceite.com\/wp-content\/uploads\/2014\/12\/10850053_366618506844628_6224041513207742352_n.jpg?resize=150%2C150&amp;ssl=1 150w, https:\/\/i0.wp.com\/centrodeolivaryaceite.com\/wp-content\/uploads\/2014\/12\/10850053_366618506844628_6224041513207742352_n.jpg?resize=768%2C768&amp;ssl=1 768w\" sizes=\"(max-width: 190px) 100vw, 190px\" \/><\/a><\/p>\n<p style=\"text-align: justify;\"><a href=\"https:\/\/i0.wp.com\/centrodeolivaryaceite.com\/wp-content\/uploads\/2014\/12\/1457657_222559054583908_1086642111_n.jpg\"><img data-recalc-dims=\"1\" loading=\"lazy\" decoding=\"async\" data-attachment-id=\"4036\" data-permalink=\"https:\/\/centrodeolivaryaceite.com\/es\/2014-un-ano-que-finaliza-promocionando-la-cultura-del-aove\/1457657_222559054583908_1086642111_n\/\" data-orig-file=\"https:\/\/i0.wp.com\/centrodeolivaryaceite.com\/wp-content\/uploads\/2014\/12\/1457657_222559054583908_1086642111_n.jpg?fit=960%2C720&amp;ssl=1\" data-orig-size=\"960,720\" data-comments-opened=\"1\" data-image-meta=\"{&quot;aperture&quot;:&quot;0&quot;,&quot;credit&quot;:&quot;&quot;,&quot;camera&quot;:&quot;&quot;,&quot;caption&quot;:&quot;&quot;,&quot;created_timestamp&quot;:&quot;0&quot;,&quot;copyright&quot;:&quot;&quot;,&quot;focal_length&quot;:&quot;0&quot;,&quot;iso&quot;:&quot;0&quot;,&quot;shutter_speed&quot;:&quot;0&quot;,&quot;title&quot;:&quot;&quot;,&quot;orientation&quot;:&quot;0&quot;}\" data-image-title=\"1457657_222559054583908_1086642111_n\" data-image-description=\"\" data-image-caption=\"\" data-medium-file=\"https:\/\/i0.wp.com\/centrodeolivaryaceite.com\/wp-content\/uploads\/2014\/12\/1457657_222559054583908_1086642111_n.jpg?fit=300%2C225&amp;ssl=1\" data-large-file=\"https:\/\/i0.wp.com\/centrodeolivaryaceite.com\/wp-content\/uploads\/2014\/12\/1457657_222559054583908_1086642111_n.jpg?fit=960%2C720&amp;ssl=1\" class=\"alignnone wp-image-4036\" src=\"https:\/\/i0.wp.com\/centrodeolivaryaceite.com\/wp-content\/uploads\/2014\/12\/1457657_222559054583908_1086642111_n.jpg?resize=190%2C190\" alt=\"1457657_222559054583908_1086642111_n\" width=\"190\" height=\"190\" srcset=\"https:\/\/i0.wp.com\/centrodeolivaryaceite.com\/wp-content\/uploads\/2014\/12\/1457657_222559054583908_1086642111_n.jpg?resize=150%2C150&amp;ssl=1 150w, https:\/\/i0.wp.com\/centrodeolivaryaceite.com\/wp-content\/uploads\/2014\/12\/1457657_222559054583908_1086642111_n.jpg?zoom=2&amp;resize=190%2C190&amp;ssl=1 380w, https:\/\/i0.wp.com\/centrodeolivaryaceite.com\/wp-content\/uploads\/2014\/12\/1457657_222559054583908_1086642111_n.jpg?zoom=3&amp;resize=190%2C190&amp;ssl=1 570w\" sizes=\"(max-width: 190px) 100vw, 190px\" \/><\/a> <a href=\"https:\/\/i0.wp.com\/centrodeolivaryaceite.com\/wp-content\/uploads\/2014\/12\/10403249_277958829043930_7648996358095522326_n.jpg\"><img data-recalc-dims=\"1\" loading=\"lazy\" decoding=\"async\" data-attachment-id=\"4068\" data-permalink=\"https:\/\/centrodeolivaryaceite.com\/es\/2014-un-ano-que-finaliza-promocionando-la-cultura-del-aove\/10403249_277958829043930_7648996358095522326_n\/\" data-orig-file=\"https:\/\/i0.wp.com\/centrodeolivaryaceite.com\/wp-content\/uploads\/2014\/12\/10403249_277958829043930_7648996358095522326_n.jpg?fit=960%2C720&amp;ssl=1\" data-orig-size=\"960,720\" data-comments-opened=\"1\" data-image-meta=\"{&quot;aperture&quot;:&quot;0&quot;,&quot;credit&quot;:&quot;&quot;,&quot;camera&quot;:&quot;&quot;,&quot;caption&quot;:&quot;&quot;,&quot;created_timestamp&quot;:&quot;0&quot;,&quot;copyright&quot;:&quot;&quot;,&quot;focal_length&quot;:&quot;0&quot;,&quot;iso&quot;:&quot;0&quot;,&quot;shutter_speed&quot;:&quot;0&quot;,&quot;title&quot;:&quot;&quot;,&quot;orientation&quot;:&quot;0&quot;}\" data-image-title=\"10403249_277958829043930_7648996358095522326_n\" data-image-description=\"\" data-image-caption=\"\" data-medium-file=\"https:\/\/i0.wp.com\/centrodeolivaryaceite.com\/wp-content\/uploads\/2014\/12\/10403249_277958829043930_7648996358095522326_n.jpg?fit=300%2C225&amp;ssl=1\" data-large-file=\"https:\/\/i0.wp.com\/centrodeolivaryaceite.com\/wp-content\/uploads\/2014\/12\/10403249_277958829043930_7648996358095522326_n.jpg?fit=960%2C720&amp;ssl=1\" class=\"alignnone wp-image-4068\" src=\"https:\/\/i0.wp.com\/centrodeolivaryaceite.com\/wp-content\/uploads\/2014\/12\/10403249_277958829043930_7648996358095522326_n.jpg?resize=190%2C190\" alt=\"10403249_277958829043930_7648996358095522326_n\" width=\"190\" height=\"190\" srcset=\"https:\/\/i0.wp.com\/centrodeolivaryaceite.com\/wp-content\/uploads\/2014\/12\/10403249_277958829043930_7648996358095522326_n.jpg?resize=150%2C150&amp;ssl=1 150w, https:\/\/i0.wp.com\/centrodeolivaryaceite.com\/wp-content\/uploads\/2014\/12\/10403249_277958829043930_7648996358095522326_n.jpg?zoom=2&amp;resize=190%2C190&amp;ssl=1 380w, https:\/\/i0.wp.com\/centrodeolivaryaceite.com\/wp-content\/uploads\/2014\/12\/10403249_277958829043930_7648996358095522326_n.jpg?zoom=3&amp;resize=190%2C190&amp;ssl=1 570w\" sizes=\"(max-width: 190px) 100vw, 190px\" \/><\/a>\u00a0<a href=\"https:\/\/i0.wp.com\/centrodeolivaryaceite.com\/wp-content\/uploads\/2014\/12\/1517461_365059680333844_3428402492369914709_n.jpg\"><img data-recalc-dims=\"1\" loading=\"lazy\" decoding=\"async\" data-attachment-id=\"4076\" data-permalink=\"https:\/\/centrodeolivaryaceite.com\/es\/2014-un-ano-que-finaliza-promocionando-la-cultura-del-aove\/1517461_365059680333844_3428402492369914709_n\/\" data-orig-file=\"https:\/\/i0.wp.com\/centrodeolivaryaceite.com\/wp-content\/uploads\/2014\/12\/1517461_365059680333844_3428402492369914709_n.jpg?fit=960%2C960&amp;ssl=1\" data-orig-size=\"960,960\" data-comments-opened=\"1\" data-image-meta=\"{&quot;aperture&quot;:&quot;0&quot;,&quot;credit&quot;:&quot;&quot;,&quot;camera&quot;:&quot;&quot;,&quot;caption&quot;:&quot;&quot;,&quot;created_timestamp&quot;:&quot;0&quot;,&quot;copyright&quot;:&quot;&quot;,&quot;focal_length&quot;:&quot;0&quot;,&quot;iso&quot;:&quot;0&quot;,&quot;shutter_speed&quot;:&quot;0&quot;,&quot;title&quot;:&quot;&quot;,&quot;orientation&quot;:&quot;0&quot;}\" data-image-title=\"1517461_365059680333844_3428402492369914709_n\" data-image-description=\"\" data-image-caption=\"\" data-medium-file=\"https:\/\/i0.wp.com\/centrodeolivaryaceite.com\/wp-content\/uploads\/2014\/12\/1517461_365059680333844_3428402492369914709_n.jpg?fit=300%2C300&amp;ssl=1\" data-large-file=\"https:\/\/i0.wp.com\/centrodeolivaryaceite.com\/wp-content\/uploads\/2014\/12\/1517461_365059680333844_3428402492369914709_n.jpg?fit=960%2C960&amp;ssl=1\" class=\"alignnone wp-image-4076\" src=\"https:\/\/i0.wp.com\/centrodeolivaryaceite.com\/wp-content\/uploads\/2014\/12\/1517461_365059680333844_3428402492369914709_n.jpg?resize=190%2C190\" alt=\"1517461_365059680333844_3428402492369914709_n\" width=\"190\" height=\"190\" srcset=\"https:\/\/i0.wp.com\/centrodeolivaryaceite.com\/wp-content\/uploads\/2014\/12\/1517461_365059680333844_3428402492369914709_n.jpg?w=960&amp;ssl=1 960w, https:\/\/i0.wp.com\/centrodeolivaryaceite.com\/wp-content\/uploads\/2014\/12\/1517461_365059680333844_3428402492369914709_n.jpg?resize=300%2C300&amp;ssl=1 300w, https:\/\/i0.wp.com\/centrodeolivaryaceite.com\/wp-content\/uploads\/2014\/12\/1517461_365059680333844_3428402492369914709_n.jpg?resize=150%2C150&amp;ssl=1 150w, https:\/\/i0.wp.com\/centrodeolivaryaceite.com\/wp-content\/uploads\/2014\/12\/1517461_365059680333844_3428402492369914709_n.jpg?resize=768%2C768&amp;ssl=1 768w\" sizes=\"(max-width: 190px) 100vw, 190px\" \/><\/a><\/p>\n<h2>Conferencias<\/h2>\n<p>Las Jornadas Virgen Extra Patrimonio Saludable fueron un hito importante dentro de este a\u00f1o.\u00a0Una cita que tuvo lugar el 24 de Septiembre,\u00a0enfocada hacia la promoci\u00f3n y divulgaci\u00f3n del Aceite de Oliva Virgen Extra, desde las vertientes de la promoci\u00f3n, experiencia, salud y gastronom\u00eda con ponentes de m\u00e1ximo nivel en cada una de estas l\u00edneas como fueron D\u00aa. Teresa P\u00e9rez (Gerente de la Interprofesional del Aceite de Oliva Espa\u00f1ol),\u00a0Sr.D. Carlos Falc\u00f3, Marqu\u00e9s de Gri\u00f1\u00f3n (Presidente de Pagos de Familia Marqu\u00e9s de Gri\u00f1\u00f3n ), Dr. Ram\u00f3n Estruch (Coordinador nacional del Estudio PREDIMED) o Chefs expertos en AOVE de la provincia.\u00a0Todo ello, adem\u00e1s, con el apoyo solidario a la Fundaci\u00f3n Huerta de San Antonio que lucha por salvar parte del patrimonio hist\u00f3rico de la ciudad, como es la Iglesia de San Lorenzo.<\/p>\n<p>Adem\u00e1s celebramos otras citas importantes o conferencias importantes como las encuadradas en la programaci\u00f3n &#8216;Ciudad Ciencia&#8217; organizadas por el Ayuntamiento de \u00dabeda, el Consejo Superior de Investigaciones Cient\u00edficas (CSIC) y la Obra Social \u2018la Caixa\u2019. Y tambien contamos, dentro de la pasada FEMA 2014, Feria de Maquinaria Agr\u00edcola de \u00dabeda, con \u00a0D. Fernando Miranda, Director General de Producciones y Mercados Agrarios del Ministerio de Agricultura y su conferencia que desarroll\u00f3 y en la que se abord\u00f3 por primera vez en la provincia los detalles de la Pol\u00edtica Agraria Com\u00fan (PAC) 2015-2020 y en la que se pudieron despejar varias inc\u00f3gnitas respecto a la nueva PAC.<\/p>\n<p><a href=\"http:\/\/centrodeolivaryaceite.com\/wp-content\/uploads\/2014\/12\/1509813_361877153985430_5329867051009827669_n.jpg\">\u00a0<\/a><a href=\"https:\/\/i0.wp.com\/centrodeolivaryaceite.com\/wp-content\/uploads\/2014\/09\/SAM_1268.jpg\"><img data-recalc-dims=\"1\" loading=\"lazy\" decoding=\"async\" src=\"https:\/\/i0.wp.com\/centrodeolivaryaceite.com\/wp-content\/uploads\/2014\/09\/SAM_1268.jpg?resize=190%2C170\" alt=\"1\" width=\"190\" height=\"170\" \/><\/a>\u00a0<a href=\"https:\/\/i0.wp.com\/centrodeolivaryaceite.com\/wp-content\/uploads\/2014\/08\/jornadas.jpg\"><img data-recalc-dims=\"1\" loading=\"lazy\" decoding=\"async\" src=\"https:\/\/i0.wp.com\/centrodeolivaryaceite.com\/wp-content\/uploads\/2014\/08\/jornadas.jpg?resize=190%2C230\" alt=\"jornadas\" width=\"190\" height=\"230\" \/><\/a>\u00a0<a href=\"https:\/\/i0.wp.com\/centrodeolivaryaceite.com\/wp-content\/uploads\/2014\/09\/SAM_12831.jpg\"><img data-recalc-dims=\"1\" loading=\"lazy\" decoding=\"async\" src=\"https:\/\/i0.wp.com\/centrodeolivaryaceite.com\/wp-content\/uploads\/2014\/09\/SAM_12831.jpg?resize=190%2C170\" alt=\"10\" width=\"190\" height=\"170\" \/><\/a><\/p>\n<p><a href=\"https:\/\/i0.wp.com\/centrodeolivaryaceite.com\/wp-content\/uploads\/2014\/09\/SAM_1273.jpg\"><img data-recalc-dims=\"1\" loading=\"lazy\" decoding=\"async\" src=\"https:\/\/i0.wp.com\/centrodeolivaryaceite.com\/wp-content\/uploads\/2014\/09\/SAM_1273.jpg?resize=190%2C170\" alt=\"8\" width=\"190\" height=\"170\" \/><\/a>\u00a0\u00a0<a href=\"https:\/\/i0.wp.com\/centrodeolivaryaceite.com\/wp-content\/uploads\/2014\/09\/SAM_1395.jpg\"><img data-recalc-dims=\"1\" loading=\"lazy\" decoding=\"async\" src=\"https:\/\/i0.wp.com\/centrodeolivaryaceite.com\/wp-content\/uploads\/2014\/09\/SAM_1395.jpg?resize=190%2C170\" alt=\"Francisco Pe\u00f1uela\" width=\"190\" height=\"170\" \/><\/a>\u00a0<a href=\"https:\/\/i0.wp.com\/centrodeolivaryaceite.com\/wp-content\/uploads\/2014\/12\/1509813_361877153985430_5329867051009827669_n.jpg\"><img data-recalc-dims=\"1\" loading=\"lazy\" decoding=\"async\" src=\"https:\/\/i0.wp.com\/centrodeolivaryaceite.com\/wp-content\/uploads\/2014\/12\/1509813_361877153985430_5329867051009827669_n.jpg?resize=190%2C170\" alt=\"1509813_361877153985430_5329867051009827669_n\" width=\"190\" height=\"170\" \/><\/a><\/p>\n<h2 style=\"text-align: center;\">Nuestra cocina, donde termina el AOVE<\/h2>\n<p style=\"text-align: left;\">El Aceite de Oliva Virgen Extra termina y se consume en la cocina. Es por ello que, siendo conscientes de este hecho, desarrollamos actividades formativas para profesionales o para amateurs con el objetivo de inclucar los buenos h\u00e1bitos y el bueno uso del AOVE en nuestros platos. \u00a0Manuela Monsalve, Anselmo Juarez, Jes\u00fas Palacios, Ana Basagoiti o\u00a0Pilar\u00a0Gilabert son nombres de Chefs que han realizado actividades gastron\u00f3micas en el Aula de Cocina del Centro de Interpretaci\u00f3n.<\/p>\n<p style=\"text-align: left;\">Y no solamente para adultos, si no tambi\u00e9n para ni\u00f1os. Los minichefs se atreven con todo, Peritas de pur\u00e9 de patatas, Piruletas de calabac\u00edn y berenjena o Pizza sorpresa. Dieta mediterr\u00e1nea\u00a0con Aceite de Oliva Virgen Extra para que vayan aprendiendo a comer m\u00e1s saludablemente.<\/p>\n<p style=\"text-align: left;\"><a href=\"https:\/\/i0.wp.com\/centrodeolivaryaceite.com\/wp-content\/uploads\/2014\/12\/1921086_244033162436497_1406609410_o.jpg\"><img data-recalc-dims=\"1\" loading=\"lazy\" decoding=\"async\" data-attachment-id=\"4052\" data-permalink=\"https:\/\/centrodeolivaryaceite.com\/es\/2014-un-ano-que-finaliza-promocionando-la-cultura-del-aove\/1921086_244033162436497_1406609410_o\/\" data-orig-file=\"https:\/\/i0.wp.com\/centrodeolivaryaceite.com\/wp-content\/uploads\/2014\/12\/1921086_244033162436497_1406609410_o.jpg?fit=2048%2C1226&amp;ssl=1\" data-orig-size=\"2048,1226\" data-comments-opened=\"1\" data-image-meta=\"{&quot;aperture&quot;:&quot;0&quot;,&quot;credit&quot;:&quot;&quot;,&quot;camera&quot;:&quot;&quot;,&quot;caption&quot;:&quot;&quot;,&quot;created_timestamp&quot;:&quot;0&quot;,&quot;copyright&quot;:&quot;&quot;,&quot;focal_length&quot;:&quot;0&quot;,&quot;iso&quot;:&quot;0&quot;,&quot;shutter_speed&quot;:&quot;0&quot;,&quot;title&quot;:&quot;&quot;,&quot;orientation&quot;:&quot;0&quot;}\" data-image-title=\"1921086_244033162436497_1406609410_o\" data-image-description=\"\" data-image-caption=\"\" data-medium-file=\"https:\/\/i0.wp.com\/centrodeolivaryaceite.com\/wp-content\/uploads\/2014\/12\/1921086_244033162436497_1406609410_o.jpg?fit=300%2C180&amp;ssl=1\" data-large-file=\"https:\/\/i0.wp.com\/centrodeolivaryaceite.com\/wp-content\/uploads\/2014\/12\/1921086_244033162436497_1406609410_o.jpg?fit=1024%2C613&amp;ssl=1\" class=\"alignnone wp-image-4052\" src=\"https:\/\/i0.wp.com\/centrodeolivaryaceite.com\/wp-content\/uploads\/2014\/12\/1921086_244033162436497_1406609410_o.jpg?resize=190%2C170\" alt=\"1921086_244033162436497_1406609410_o\" width=\"190\" height=\"170\" \/><\/a>\u00a0\u00a0<img data-recalc-dims=\"1\" loading=\"lazy\" decoding=\"async\" style=\"line-height: 1.5em;\" src=\"https:\/\/i0.wp.com\/centrodeolivaryaceite.com\/wp-content\/uploads\/2014\/12\/1656111_246555445517602_1626002183_n.jpg?resize=190%2C170\" alt=\"1656111_246555445517602_1626002183_n\" width=\"190\" height=\"170\" \/>\u00a0<a style=\"line-height: 1.5em;\" href=\"https:\/\/i0.wp.com\/centrodeolivaryaceite.com\/wp-content\/uploads\/2014\/12\/1900189_248005738705906_309719740_o.jpg\"><img data-recalc-dims=\"1\" loading=\"lazy\" decoding=\"async\" data-attachment-id=\"4050\" data-permalink=\"https:\/\/centrodeolivaryaceite.com\/es\/2014-un-ano-que-finaliza-promocionando-la-cultura-del-aove\/1900189_248005738705906_309719740_o\/\" data-orig-file=\"https:\/\/i0.wp.com\/centrodeolivaryaceite.com\/wp-content\/uploads\/2014\/12\/1900189_248005738705906_309719740_o.jpg?fit=2048%2C1536&amp;ssl=1\" data-orig-size=\"2048,1536\" data-comments-opened=\"1\" data-image-meta=\"{&quot;aperture&quot;:&quot;0&quot;,&quot;credit&quot;:&quot;&quot;,&quot;camera&quot;:&quot;&quot;,&quot;caption&quot;:&quot;&quot;,&quot;created_timestamp&quot;:&quot;0&quot;,&quot;copyright&quot;:&quot;&quot;,&quot;focal_length&quot;:&quot;0&quot;,&quot;iso&quot;:&quot;0&quot;,&quot;shutter_speed&quot;:&quot;0&quot;,&quot;title&quot;:&quot;&quot;,&quot;orientation&quot;:&quot;0&quot;}\" data-image-title=\"1900189_248005738705906_309719740_o\" data-image-description=\"\" data-image-caption=\"\" data-medium-file=\"https:\/\/i0.wp.com\/centrodeolivaryaceite.com\/wp-content\/uploads\/2014\/12\/1900189_248005738705906_309719740_o.jpg?fit=300%2C225&amp;ssl=1\" data-large-file=\"https:\/\/i0.wp.com\/centrodeolivaryaceite.com\/wp-content\/uploads\/2014\/12\/1900189_248005738705906_309719740_o.jpg?fit=1024%2C768&amp;ssl=1\" class=\"alignnone wp-image-4050\" src=\"https:\/\/i0.wp.com\/centrodeolivaryaceite.com\/wp-content\/uploads\/2014\/12\/1900189_248005738705906_309719740_o.jpg?resize=190%2C170\" alt=\"1900189_248005738705906_309719740_o\" width=\"190\" height=\"170\" \/><\/a><\/p>\n<p style=\"text-align: left;\"><a href=\"https:\/\/i0.wp.com\/centrodeolivaryaceite.com\/wp-content\/uploads\/2014\/12\/10806492_358825880957224_3672239069378672367_n.jpg\"><img data-recalc-dims=\"1\" loading=\"lazy\" decoding=\"async\" data-attachment-id=\"4025\" data-permalink=\"https:\/\/centrodeolivaryaceite.com\/es\/2014-un-ano-que-finaliza-promocionando-la-cultura-del-aove\/10806492_358825880957224_3672239069378672367_n\/\" data-orig-file=\"https:\/\/i0.wp.com\/centrodeolivaryaceite.com\/wp-content\/uploads\/2014\/12\/10806492_358825880957224_3672239069378672367_n.jpg?fit=960%2C960&amp;ssl=1\" data-orig-size=\"960,960\" data-comments-opened=\"1\" data-image-meta=\"{&quot;aperture&quot;:&quot;0&quot;,&quot;credit&quot;:&quot;&quot;,&quot;camera&quot;:&quot;&quot;,&quot;caption&quot;:&quot;&quot;,&quot;created_timestamp&quot;:&quot;0&quot;,&quot;copyright&quot;:&quot;&quot;,&quot;focal_length&quot;:&quot;0&quot;,&quot;iso&quot;:&quot;0&quot;,&quot;shutter_speed&quot;:&quot;0&quot;,&quot;title&quot;:&quot;&quot;,&quot;orientation&quot;:&quot;0&quot;}\" data-image-title=\"10806492_358825880957224_3672239069378672367_n\" data-image-description=\"\" data-image-caption=\"\" data-medium-file=\"https:\/\/i0.wp.com\/centrodeolivaryaceite.com\/wp-content\/uploads\/2014\/12\/10806492_358825880957224_3672239069378672367_n.jpg?fit=300%2C300&amp;ssl=1\" data-large-file=\"https:\/\/i0.wp.com\/centrodeolivaryaceite.com\/wp-content\/uploads\/2014\/12\/10806492_358825880957224_3672239069378672367_n.jpg?fit=960%2C960&amp;ssl=1\" class=\"alignnone wp-image-4025\" src=\"https:\/\/i0.wp.com\/centrodeolivaryaceite.com\/wp-content\/uploads\/2014\/12\/10806492_358825880957224_3672239069378672367_n.jpg?resize=190%2C190\" alt=\"10806492_358825880957224_3672239069378672367_n\" width=\"190\" height=\"190\" srcset=\"https:\/\/i0.wp.com\/centrodeolivaryaceite.com\/wp-content\/uploads\/2014\/12\/10806492_358825880957224_3672239069378672367_n.jpg?w=960&amp;ssl=1 960w, https:\/\/i0.wp.com\/centrodeolivaryaceite.com\/wp-content\/uploads\/2014\/12\/10806492_358825880957224_3672239069378672367_n.jpg?resize=300%2C300&amp;ssl=1 300w, https:\/\/i0.wp.com\/centrodeolivaryaceite.com\/wp-content\/uploads\/2014\/12\/10806492_358825880957224_3672239069378672367_n.jpg?resize=150%2C150&amp;ssl=1 150w, https:\/\/i0.wp.com\/centrodeolivaryaceite.com\/wp-content\/uploads\/2014\/12\/10806492_358825880957224_3672239069378672367_n.jpg?resize=768%2C768&amp;ssl=1 768w\" sizes=\"(max-width: 190px) 100vw, 190px\" \/><\/a> <a href=\"https:\/\/i0.wp.com\/centrodeolivaryaceite.com\/wp-content\/uploads\/2014\/12\/10612726_361881457318333_2636310574654288459_n.jpg\"><img data-recalc-dims=\"1\" loading=\"lazy\" decoding=\"async\" data-attachment-id=\"4020\" data-permalink=\"https:\/\/centrodeolivaryaceite.com\/es\/2014-un-ano-que-finaliza-promocionando-la-cultura-del-aove\/10612726_361881457318333_2636310574654288459_n\/\" data-orig-file=\"https:\/\/i0.wp.com\/centrodeolivaryaceite.com\/wp-content\/uploads\/2014\/12\/10612726_361881457318333_2636310574654288459_n.jpg?fit=960%2C960&amp;ssl=1\" data-orig-size=\"960,960\" data-comments-opened=\"1\" data-image-meta=\"{&quot;aperture&quot;:&quot;0&quot;,&quot;credit&quot;:&quot;&quot;,&quot;camera&quot;:&quot;&quot;,&quot;caption&quot;:&quot;&quot;,&quot;created_timestamp&quot;:&quot;0&quot;,&quot;copyright&quot;:&quot;&quot;,&quot;focal_length&quot;:&quot;0&quot;,&quot;iso&quot;:&quot;0&quot;,&quot;shutter_speed&quot;:&quot;0&quot;,&quot;title&quot;:&quot;&quot;,&quot;orientation&quot;:&quot;0&quot;}\" data-image-title=\"10612726_361881457318333_2636310574654288459_n\" data-image-description=\"\" data-image-caption=\"\" data-medium-file=\"https:\/\/i0.wp.com\/centrodeolivaryaceite.com\/wp-content\/uploads\/2014\/12\/10612726_361881457318333_2636310574654288459_n.jpg?fit=300%2C300&amp;ssl=1\" data-large-file=\"https:\/\/i0.wp.com\/centrodeolivaryaceite.com\/wp-content\/uploads\/2014\/12\/10612726_361881457318333_2636310574654288459_n.jpg?fit=960%2C960&amp;ssl=1\" class=\"alignnone wp-image-4020\" src=\"https:\/\/i0.wp.com\/centrodeolivaryaceite.com\/wp-content\/uploads\/2014\/12\/10612726_361881457318333_2636310574654288459_n.jpg?resize=190%2C190\" alt=\"10612726_361881457318333_2636310574654288459_n\" width=\"190\" height=\"190\" srcset=\"https:\/\/i0.wp.com\/centrodeolivaryaceite.com\/wp-content\/uploads\/2014\/12\/10612726_361881457318333_2636310574654288459_n.jpg?w=960&amp;ssl=1 960w, https:\/\/i0.wp.com\/centrodeolivaryaceite.com\/wp-content\/uploads\/2014\/12\/10612726_361881457318333_2636310574654288459_n.jpg?resize=300%2C300&amp;ssl=1 300w, https:\/\/i0.wp.com\/centrodeolivaryaceite.com\/wp-content\/uploads\/2014\/12\/10612726_361881457318333_2636310574654288459_n.jpg?resize=150%2C150&amp;ssl=1 150w, https:\/\/i0.wp.com\/centrodeolivaryaceite.com\/wp-content\/uploads\/2014\/12\/10612726_361881457318333_2636310574654288459_n.jpg?resize=768%2C768&amp;ssl=1 768w\" sizes=\"(max-width: 190px) 100vw, 190px\" \/><\/a> <a href=\"https:\/\/i0.wp.com\/centrodeolivaryaceite.com\/wp-content\/uploads\/2014\/12\/1625731_253401728166307_519134509_n.jpg\"><img data-recalc-dims=\"1\" loading=\"lazy\" decoding=\"async\" src=\"https:\/\/i0.wp.com\/centrodeolivaryaceite.com\/wp-content\/uploads\/2014\/12\/1625731_253401728166307_519134509_n.jpg?resize=190%2C190\" alt=\"1625731_253401728166307_519134509_n\" width=\"190\" height=\"190\" \/><\/a><\/p>\n<h2 style=\"text-align: center;\">Formaci\u00f3n y Cursos<\/h2>\n<div>\n<p>Hemos desarrollado diferentes cursos de formaci\u00f3n para el sector ole\u00edcola. Curso de Iniciaci\u00f3n o Avanzados de Cata de Aceites de Oliva V\u00edrgenes. Alumnos llegados desde Madrid, Valencia, Asturias, Extremadura, Murcia, Granada, C\u00f3rdoba, Ja\u00e9n, Madrid, Argentina o Nueva York han tenido la oportunidad de profundizar en los conocimientos de la cata de aceite. Y no solamente en cata, En esta ocasi\u00f3n hemos desarrollado un curso comprimido en dos d\u00edas en el que aprender un conocimiento inicial sobre los atributos positivos y negativos que nos regala el AOV.<\/p>\n<div><a href=\"https:\/\/i0.wp.com\/centrodeolivaryaceite.com\/wp-content\/uploads\/2014\/12\/1979730_255538171285996_900169182_n.jpg\"><img data-recalc-dims=\"1\" loading=\"lazy\" decoding=\"async\" data-attachment-id=\"4056\" data-permalink=\"https:\/\/centrodeolivaryaceite.com\/es\/2014-un-ano-que-finaliza-promocionando-la-cultura-del-aove\/1979730_255538171285996_900169182_n\/\" data-orig-file=\"https:\/\/i0.wp.com\/centrodeolivaryaceite.com\/wp-content\/uploads\/2014\/12\/1979730_255538171285996_900169182_n.jpg?fit=960%2C575&amp;ssl=1\" data-orig-size=\"960,575\" data-comments-opened=\"1\" data-image-meta=\"{&quot;aperture&quot;:&quot;0&quot;,&quot;credit&quot;:&quot;&quot;,&quot;camera&quot;:&quot;&quot;,&quot;caption&quot;:&quot;&quot;,&quot;created_timestamp&quot;:&quot;0&quot;,&quot;copyright&quot;:&quot;&quot;,&quot;focal_length&quot;:&quot;0&quot;,&quot;iso&quot;:&quot;0&quot;,&quot;shutter_speed&quot;:&quot;0&quot;,&quot;title&quot;:&quot;&quot;,&quot;orientation&quot;:&quot;0&quot;}\" data-image-title=\"1979730_255538171285996_900169182_n\" data-image-description=\"\" data-image-caption=\"\" data-medium-file=\"https:\/\/i0.wp.com\/centrodeolivaryaceite.com\/wp-content\/uploads\/2014\/12\/1979730_255538171285996_900169182_n.jpg?fit=300%2C180&amp;ssl=1\" data-large-file=\"https:\/\/i0.wp.com\/centrodeolivaryaceite.com\/wp-content\/uploads\/2014\/12\/1979730_255538171285996_900169182_n.jpg?fit=960%2C575&amp;ssl=1\" class=\"alignnone wp-image-4056\" src=\"https:\/\/i0.wp.com\/centrodeolivaryaceite.com\/wp-content\/uploads\/2014\/12\/1979730_255538171285996_900169182_n.jpg?resize=190%2C170\" alt=\"1979730_255538171285996_900169182_n\" width=\"190\" height=\"170\" \/><\/a> <a href=\"https:\/\/i0.wp.com\/centrodeolivaryaceite.com\/wp-content\/uploads\/2014\/12\/1956686_245211412318672_631304058_o.jpg\"><img data-recalc-dims=\"1\" loading=\"lazy\" decoding=\"async\" data-attachment-id=\"4053\" data-permalink=\"https:\/\/centrodeolivaryaceite.com\/es\/2014-un-ano-que-finaliza-promocionando-la-cultura-del-aove\/1956686_245211412318672_631304058_o\/\" data-orig-file=\"https:\/\/i0.wp.com\/centrodeolivaryaceite.com\/wp-content\/uploads\/2014\/12\/1956686_245211412318672_631304058_o.jpg?fit=2048%2C1226&amp;ssl=1\" data-orig-size=\"2048,1226\" data-comments-opened=\"1\" data-image-meta=\"{&quot;aperture&quot;:&quot;0&quot;,&quot;credit&quot;:&quot;&quot;,&quot;camera&quot;:&quot;&quot;,&quot;caption&quot;:&quot;&quot;,&quot;created_timestamp&quot;:&quot;0&quot;,&quot;copyright&quot;:&quot;&quot;,&quot;focal_length&quot;:&quot;0&quot;,&quot;iso&quot;:&quot;0&quot;,&quot;shutter_speed&quot;:&quot;0&quot;,&quot;title&quot;:&quot;&quot;,&quot;orientation&quot;:&quot;0&quot;}\" data-image-title=\"1956686_245211412318672_631304058_o\" data-image-description=\"\" data-image-caption=\"\" data-medium-file=\"https:\/\/i0.wp.com\/centrodeolivaryaceite.com\/wp-content\/uploads\/2014\/12\/1956686_245211412318672_631304058_o.jpg?fit=300%2C180&amp;ssl=1\" data-large-file=\"https:\/\/i0.wp.com\/centrodeolivaryaceite.com\/wp-content\/uploads\/2014\/12\/1956686_245211412318672_631304058_o.jpg?fit=1024%2C613&amp;ssl=1\" class=\"alignnone wp-image-4053\" src=\"https:\/\/i0.wp.com\/centrodeolivaryaceite.com\/wp-content\/uploads\/2014\/12\/1956686_245211412318672_631304058_o.jpg?resize=190%2C170\" alt=\"1956686_245211412318672_631304058_o\" width=\"190\" height=\"170\" \/><\/a>\u00a0<a href=\"https:\/\/i0.wp.com\/centrodeolivaryaceite.com\/wp-content\/uploads\/2014\/12\/1920964_245206638985816_1609642619_o.jpg\"><img data-recalc-dims=\"1\" loading=\"lazy\" decoding=\"async\" data-attachment-id=\"4051\" data-permalink=\"https:\/\/centrodeolivaryaceite.com\/es\/2014-un-ano-que-finaliza-promocionando-la-cultura-del-aove\/1920964_245206638985816_1609642619_o\/\" data-orig-file=\"https:\/\/i0.wp.com\/centrodeolivaryaceite.com\/wp-content\/uploads\/2014\/12\/1920964_245206638985816_1609642619_o.jpg?fit=2048%2C1226&amp;ssl=1\" data-orig-size=\"2048,1226\" data-comments-opened=\"1\" data-image-meta=\"{&quot;aperture&quot;:&quot;0&quot;,&quot;credit&quot;:&quot;&quot;,&quot;camera&quot;:&quot;&quot;,&quot;caption&quot;:&quot;&quot;,&quot;created_timestamp&quot;:&quot;0&quot;,&quot;copyright&quot;:&quot;&quot;,&quot;focal_length&quot;:&quot;0&quot;,&quot;iso&quot;:&quot;0&quot;,&quot;shutter_speed&quot;:&quot;0&quot;,&quot;title&quot;:&quot;&quot;,&quot;orientation&quot;:&quot;0&quot;}\" data-image-title=\"1920964_245206638985816_1609642619_o\" data-image-description=\"\" data-image-caption=\"\" data-medium-file=\"https:\/\/i0.wp.com\/centrodeolivaryaceite.com\/wp-content\/uploads\/2014\/12\/1920964_245206638985816_1609642619_o.jpg?fit=300%2C180&amp;ssl=1\" data-large-file=\"https:\/\/i0.wp.com\/centrodeolivaryaceite.com\/wp-content\/uploads\/2014\/12\/1920964_245206638985816_1609642619_o.jpg?fit=1024%2C613&amp;ssl=1\" class=\"alignnone wp-image-4051\" src=\"https:\/\/i0.wp.com\/centrodeolivaryaceite.com\/wp-content\/uploads\/2014\/12\/1920964_245206638985816_1609642619_o.jpg?resize=190%2C170\" alt=\"1920964_245206638985816_1609642619_o\" width=\"190\" height=\"170\" \/><\/a><\/div>\n<div><\/div>\n<\/div>\n<h2 style=\"text-align: center;\">Actividades y Talleres\u00a0de cata para Colegios<\/h2>\n<div>\n<p id=\"id_549466bc6d5fd2710650203\">Cuanto antes comencemos a aprender sobre la cultura del aceite, mucho mejor. Cientos de alumnos de Educaci\u00f3n Infantil, Primaria o Secundaria \u00a0pasaron por el Centro \u00a0aprendiendo sobre los tipos de aceites de oliva, c\u00f3mo se elaboran o el cultivo del olivar. Visitas, explicaciones, talleres de cata, talleres de jabones, talleres de cer\u00e1mica, visitas a almazaras y a olivares. Adem\u00e1s siempre acompa\u00f1ados con un desayuno molinero inculcando as\u00ed una alimentaci\u00f3n saludable con AOVE piedra angular de la dieta mediterr\u00e1nea. Este pr\u00f3ximo a\u00f1o ven con tu cole a aprender con nosotros mucho m\u00e1s sobre el aceite de oliva virgen extra.<\/p>\n<div>Poco a poco debe de ir introduci\u00e9ndose la Cultura del AOVE en los colegios e institutos de nuestra provincia. Es uno de los principales objetivos del Centro de Interpretaci\u00f3n Olivar y Aceite, el divulgar y promulgar los beneficios del aceite de oliva virgen extra entre toda la poblaci\u00f3n. Y una muy buena manera es formar a formadores, como es el caso del profesorado, en una actividad entretenida y pedag\u00f3gica.<\/div>\n<div>Visitas de escolares<\/div>\n<div><\/div>\n<div><a href=\"https:\/\/i0.wp.com\/centrodeolivaryaceite.com\/wp-content\/uploads\/2014\/12\/1013812_270636676442812_6863794705390503209_n.jpg\"><img data-recalc-dims=\"1\" loading=\"lazy\" decoding=\"async\" data-attachment-id=\"4032\" data-permalink=\"https:\/\/centrodeolivaryaceite.com\/es\/2014-un-ano-que-finaliza-promocionando-la-cultura-del-aove\/1013812_270636676442812_6863794705390503209_n\/\" data-orig-file=\"https:\/\/i0.wp.com\/centrodeolivaryaceite.com\/wp-content\/uploads\/2014\/12\/1013812_270636676442812_6863794705390503209_n.jpg?fit=960%2C575&amp;ssl=1\" data-orig-size=\"960,575\" data-comments-opened=\"1\" data-image-meta=\"{&quot;aperture&quot;:&quot;0&quot;,&quot;credit&quot;:&quot;&quot;,&quot;camera&quot;:&quot;&quot;,&quot;caption&quot;:&quot;&quot;,&quot;created_timestamp&quot;:&quot;0&quot;,&quot;copyright&quot;:&quot;&quot;,&quot;focal_length&quot;:&quot;0&quot;,&quot;iso&quot;:&quot;0&quot;,&quot;shutter_speed&quot;:&quot;0&quot;,&quot;title&quot;:&quot;&quot;,&quot;orientation&quot;:&quot;0&quot;}\" data-image-title=\"1013812_270636676442812_6863794705390503209_n\" data-image-description=\"\" data-image-caption=\"\" data-medium-file=\"https:\/\/i0.wp.com\/centrodeolivaryaceite.com\/wp-content\/uploads\/2014\/12\/1013812_270636676442812_6863794705390503209_n.jpg?fit=300%2C180&amp;ssl=1\" data-large-file=\"https:\/\/i0.wp.com\/centrodeolivaryaceite.com\/wp-content\/uploads\/2014\/12\/1013812_270636676442812_6863794705390503209_n.jpg?fit=960%2C575&amp;ssl=1\" class=\"alignnone wp-image-4032\" src=\"https:\/\/i0.wp.com\/centrodeolivaryaceite.com\/wp-content\/uploads\/2014\/12\/1013812_270636676442812_6863794705390503209_n.jpg?resize=190%2C170\" alt=\"1013812_270636676442812_6863794705390503209_n\" width=\"190\" height=\"170\" \/><\/a> <a href=\"https:\/\/i0.wp.com\/centrodeolivaryaceite.com\/wp-content\/uploads\/2014\/12\/10394045_356831731156639_4008373117755583081_n.jpg\"><img data-recalc-dims=\"1\" loading=\"lazy\" decoding=\"async\" data-attachment-id=\"4066\" data-permalink=\"https:\/\/centrodeolivaryaceite.com\/es\/2014-un-ano-que-finaliza-promocionando-la-cultura-del-aove\/10394045_356831731156639_4008373117755583081_n\/\" data-orig-file=\"https:\/\/i0.wp.com\/centrodeolivaryaceite.com\/wp-content\/uploads\/2014\/12\/10394045_356831731156639_4008373117755583081_n.jpg?fit=960%2C960&amp;ssl=1\" data-orig-size=\"960,960\" data-comments-opened=\"1\" data-image-meta=\"{&quot;aperture&quot;:&quot;0&quot;,&quot;credit&quot;:&quot;&quot;,&quot;camera&quot;:&quot;&quot;,&quot;caption&quot;:&quot;&quot;,&quot;created_timestamp&quot;:&quot;0&quot;,&quot;copyright&quot;:&quot;&quot;,&quot;focal_length&quot;:&quot;0&quot;,&quot;iso&quot;:&quot;0&quot;,&quot;shutter_speed&quot;:&quot;0&quot;,&quot;title&quot;:&quot;&quot;,&quot;orientation&quot;:&quot;0&quot;}\" data-image-title=\"10394045_356831731156639_4008373117755583081_n\" data-image-description=\"\" data-image-caption=\"\" data-medium-file=\"https:\/\/i0.wp.com\/centrodeolivaryaceite.com\/wp-content\/uploads\/2014\/12\/10394045_356831731156639_4008373117755583081_n.jpg?fit=300%2C300&amp;ssl=1\" data-large-file=\"https:\/\/i0.wp.com\/centrodeolivaryaceite.com\/wp-content\/uploads\/2014\/12\/10394045_356831731156639_4008373117755583081_n.jpg?fit=960%2C960&amp;ssl=1\" class=\"alignnone wp-image-4066\" src=\"https:\/\/i0.wp.com\/centrodeolivaryaceite.com\/wp-content\/uploads\/2014\/12\/10394045_356831731156639_4008373117755583081_n.jpg?resize=190%2C170\" alt=\"10394045_356831731156639_4008373117755583081_n\" width=\"190\" height=\"170\" \/><\/a> <a href=\"https:\/\/i0.wp.com\/centrodeolivaryaceite.com\/wp-content\/uploads\/2014\/12\/10464213_297322877107525_1074000013887565440_n.jpg\"><img data-recalc-dims=\"1\" loading=\"lazy\" decoding=\"async\" data-attachment-id=\"4014\" data-permalink=\"https:\/\/centrodeolivaryaceite.com\/es\/2014-un-ano-que-finaliza-promocionando-la-cultura-del-aove\/10464213_297322877107525_1074000013887565440_n\/\" data-orig-file=\"https:\/\/i0.wp.com\/centrodeolivaryaceite.com\/wp-content\/uploads\/2014\/12\/10464213_297322877107525_1074000013887565440_n.jpg?fit=960%2C720&amp;ssl=1\" data-orig-size=\"960,720\" data-comments-opened=\"1\" data-image-meta=\"{&quot;aperture&quot;:&quot;0&quot;,&quot;credit&quot;:&quot;&quot;,&quot;camera&quot;:&quot;&quot;,&quot;caption&quot;:&quot;&quot;,&quot;created_timestamp&quot;:&quot;0&quot;,&quot;copyright&quot;:&quot;&quot;,&quot;focal_length&quot;:&quot;0&quot;,&quot;iso&quot;:&quot;0&quot;,&quot;shutter_speed&quot;:&quot;0&quot;,&quot;title&quot;:&quot;&quot;,&quot;orientation&quot;:&quot;0&quot;}\" data-image-title=\"10464213_297322877107525_1074000013887565440_n\" data-image-description=\"\" data-image-caption=\"\" data-medium-file=\"https:\/\/i0.wp.com\/centrodeolivaryaceite.com\/wp-content\/uploads\/2014\/12\/10464213_297322877107525_1074000013887565440_n.jpg?fit=300%2C225&amp;ssl=1\" data-large-file=\"https:\/\/i0.wp.com\/centrodeolivaryaceite.com\/wp-content\/uploads\/2014\/12\/10464213_297322877107525_1074000013887565440_n.jpg?fit=960%2C720&amp;ssl=1\" class=\"alignnone wp-image-4014\" src=\"https:\/\/i0.wp.com\/centrodeolivaryaceite.com\/wp-content\/uploads\/2014\/12\/10464213_297322877107525_1074000013887565440_n.jpg?resize=190%2C170\" alt=\"10464213_297322877107525_1074000013887565440_n\" width=\"190\" height=\"170\" \/><\/a><\/div>\n<div><\/div>\n<div><a href=\"https:\/\/i0.wp.com\/centrodeolivaryaceite.com\/wp-content\/uploads\/2014\/12\/10357470_275361789303634_571958000751388771_n.jpg\"><img data-recalc-dims=\"1\" loading=\"lazy\" decoding=\"async\" data-attachment-id=\"4062\" data-permalink=\"https:\/\/centrodeolivaryaceite.com\/es\/2014-un-ano-que-finaliza-promocionando-la-cultura-del-aove\/10357470_275361789303634_571958000751388771_n\/\" data-orig-file=\"https:\/\/i0.wp.com\/centrodeolivaryaceite.com\/wp-content\/uploads\/2014\/12\/10357470_275361789303634_571958000751388771_n.jpg?fit=960%2C720&amp;ssl=1\" data-orig-size=\"960,720\" data-comments-opened=\"1\" data-image-meta=\"{&quot;aperture&quot;:&quot;0&quot;,&quot;credit&quot;:&quot;&quot;,&quot;camera&quot;:&quot;&quot;,&quot;caption&quot;:&quot;&quot;,&quot;created_timestamp&quot;:&quot;0&quot;,&quot;copyright&quot;:&quot;&quot;,&quot;focal_length&quot;:&quot;0&quot;,&quot;iso&quot;:&quot;0&quot;,&quot;shutter_speed&quot;:&quot;0&quot;,&quot;title&quot;:&quot;&quot;,&quot;orientation&quot;:&quot;0&quot;}\" data-image-title=\"10357470_275361789303634_571958000751388771_n\" data-image-description=\"\" data-image-caption=\"\" data-medium-file=\"https:\/\/i0.wp.com\/centrodeolivaryaceite.com\/wp-content\/uploads\/2014\/12\/10357470_275361789303634_571958000751388771_n.jpg?fit=300%2C225&amp;ssl=1\" data-large-file=\"https:\/\/i0.wp.com\/centrodeolivaryaceite.com\/wp-content\/uploads\/2014\/12\/10357470_275361789303634_571958000751388771_n.jpg?fit=960%2C720&amp;ssl=1\" class=\" wp-image-4062 aligncenter\" src=\"https:\/\/i0.wp.com\/centrodeolivaryaceite.com\/wp-content\/uploads\/2014\/12\/10357470_275361789303634_571958000751388771_n.jpg?resize=190%2C170\" alt=\"10357470_275361789303634_571958000751388771_n\" width=\"190\" height=\"170\" \/><\/a><\/div>\n<\/div>\n<div><\/div>\n<h2 style=\"text-align: center;\">Actividades y Talleres\u00a0Grupos, Asociaciones e Instituciones<\/h2>\n<p>Vistantes de Grupos de Singapur, EEUU o \u00a0Institucionales de China o de la Delegaci\u00f3n de la C\u00e1mara de comercio \u00a0hispano turca con el objetivo de aprender de esta cultura. Algunas frases que nos dejaron fueron: \u00abWonderful building\u00bb, \u00abVery, very, very interesting\u00bb y \u00abYour attention is brilliant\u00bb Habitualmente los visitantes for\u00e1neos les sorprende mucho tanto la actual industria del olivar y ole\u00edcola como los diferentes sabores y aromas que desprenden los aceites de oliva virgen. En muchos casos probaron por primera vez el aceite de oliva virgen.<\/p>\n<p><a href=\"https:\/\/i0.wp.com\/centrodeolivaryaceite.com\/wp-content\/uploads\/2014\/12\/10435523_353035868202892_6490347006158323696_n.jpg\"><img data-recalc-dims=\"1\" loading=\"lazy\" decoding=\"async\" data-attachment-id=\"4109\" data-permalink=\"https:\/\/centrodeolivaryaceite.com\/es\/2014-un-ano-que-finaliza-promocionando-la-cultura-del-aove\/10435523_353035868202892_6490347006158323696_n\/\" data-orig-file=\"https:\/\/i0.wp.com\/centrodeolivaryaceite.com\/wp-content\/uploads\/2014\/12\/10435523_353035868202892_6490347006158323696_n.jpg?fit=960%2C960&amp;ssl=1\" data-orig-size=\"960,960\" data-comments-opened=\"1\" data-image-meta=\"{&quot;aperture&quot;:&quot;0&quot;,&quot;credit&quot;:&quot;&quot;,&quot;camera&quot;:&quot;&quot;,&quot;caption&quot;:&quot;&quot;,&quot;created_timestamp&quot;:&quot;0&quot;,&quot;copyright&quot;:&quot;&quot;,&quot;focal_length&quot;:&quot;0&quot;,&quot;iso&quot;:&quot;0&quot;,&quot;shutter_speed&quot;:&quot;0&quot;,&quot;title&quot;:&quot;&quot;,&quot;orientation&quot;:&quot;0&quot;}\" data-image-title=\"10435523_353035868202892_6490347006158323696_n\" data-image-description=\"\" data-image-caption=\"\" data-medium-file=\"https:\/\/i0.wp.com\/centrodeolivaryaceite.com\/wp-content\/uploads\/2014\/12\/10435523_353035868202892_6490347006158323696_n.jpg?fit=300%2C300&amp;ssl=1\" data-large-file=\"https:\/\/i0.wp.com\/centrodeolivaryaceite.com\/wp-content\/uploads\/2014\/12\/10435523_353035868202892_6490347006158323696_n.jpg?fit=960%2C960&amp;ssl=1\" class=\"alignnone wp-image-4109\" src=\"https:\/\/i0.wp.com\/centrodeolivaryaceite.com\/wp-content\/uploads\/2014\/12\/10435523_353035868202892_6490347006158323696_n.jpg?resize=190%2C190\" alt=\"10435523_353035868202892_6490347006158323696_n\" width=\"190\" height=\"190\" srcset=\"https:\/\/i0.wp.com\/centrodeolivaryaceite.com\/wp-content\/uploads\/2014\/12\/10435523_353035868202892_6490347006158323696_n.jpg?w=960&amp;ssl=1 960w, https:\/\/i0.wp.com\/centrodeolivaryaceite.com\/wp-content\/uploads\/2014\/12\/10435523_353035868202892_6490347006158323696_n.jpg?resize=300%2C300&amp;ssl=1 300w, https:\/\/i0.wp.com\/centrodeolivaryaceite.com\/wp-content\/uploads\/2014\/12\/10435523_353035868202892_6490347006158323696_n.jpg?resize=150%2C150&amp;ssl=1 150w, https:\/\/i0.wp.com\/centrodeolivaryaceite.com\/wp-content\/uploads\/2014\/12\/10435523_353035868202892_6490347006158323696_n.jpg?resize=768%2C768&amp;ssl=1 768w\" sizes=\"(max-width: 190px) 100vw, 190px\" \/><\/a> <a href=\"https:\/\/i0.wp.com\/centrodeolivaryaceite.com\/wp-content\/uploads\/2014\/12\/10415551_366618513511294_4749761515439908563_n.jpg\"><img data-recalc-dims=\"1\" loading=\"lazy\" decoding=\"async\" data-attachment-id=\"4110\" data-permalink=\"https:\/\/centrodeolivaryaceite.com\/es\/2014-un-ano-que-finaliza-promocionando-la-cultura-del-aove\/10415551_366618513511294_4749761515439908563_n\/\" data-orig-file=\"https:\/\/i0.wp.com\/centrodeolivaryaceite.com\/wp-content\/uploads\/2014\/12\/10415551_366618513511294_4749761515439908563_n.jpg?fit=960%2C960&amp;ssl=1\" data-orig-size=\"960,960\" data-comments-opened=\"1\" data-image-meta=\"{&quot;aperture&quot;:&quot;0&quot;,&quot;credit&quot;:&quot;&quot;,&quot;camera&quot;:&quot;&quot;,&quot;caption&quot;:&quot;&quot;,&quot;created_timestamp&quot;:&quot;0&quot;,&quot;copyright&quot;:&quot;&quot;,&quot;focal_length&quot;:&quot;0&quot;,&quot;iso&quot;:&quot;0&quot;,&quot;shutter_speed&quot;:&quot;0&quot;,&quot;title&quot;:&quot;&quot;,&quot;orientation&quot;:&quot;0&quot;}\" data-image-title=\"10415551_366618513511294_4749761515439908563_n\" data-image-description=\"\" data-image-caption=\"\" data-medium-file=\"https:\/\/i0.wp.com\/centrodeolivaryaceite.com\/wp-content\/uploads\/2014\/12\/10415551_366618513511294_4749761515439908563_n.jpg?fit=300%2C300&amp;ssl=1\" data-large-file=\"https:\/\/i0.wp.com\/centrodeolivaryaceite.com\/wp-content\/uploads\/2014\/12\/10415551_366618513511294_4749761515439908563_n.jpg?fit=960%2C960&amp;ssl=1\" class=\"alignnone wp-image-4110\" src=\"https:\/\/i0.wp.com\/centrodeolivaryaceite.com\/wp-content\/uploads\/2014\/12\/10415551_366618513511294_4749761515439908563_n.jpg?resize=190%2C190\" alt=\"10415551_366618513511294_4749761515439908563_n\" width=\"190\" height=\"190\" srcset=\"https:\/\/i0.wp.com\/centrodeolivaryaceite.com\/wp-content\/uploads\/2014\/12\/10415551_366618513511294_4749761515439908563_n.jpg?w=960&amp;ssl=1 960w, https:\/\/i0.wp.com\/centrodeolivaryaceite.com\/wp-content\/uploads\/2014\/12\/10415551_366618513511294_4749761515439908563_n.jpg?resize=300%2C300&amp;ssl=1 300w, https:\/\/i0.wp.com\/centrodeolivaryaceite.com\/wp-content\/uploads\/2014\/12\/10415551_366618513511294_4749761515439908563_n.jpg?resize=150%2C150&amp;ssl=1 150w, https:\/\/i0.wp.com\/centrodeolivaryaceite.com\/wp-content\/uploads\/2014\/12\/10415551_366618513511294_4749761515439908563_n.jpg?resize=768%2C768&amp;ssl=1 768w\" sizes=\"(max-width: 190px) 100vw, 190px\" \/><\/a> <a href=\"https:\/\/i0.wp.com\/centrodeolivaryaceite.com\/wp-content\/uploads\/2014\/12\/10849992_366192640220548_2830451548298111655_n.jpg\"><img data-recalc-dims=\"1\" loading=\"lazy\" decoding=\"async\" data-attachment-id=\"4111\" data-permalink=\"https:\/\/centrodeolivaryaceite.com\/es\/2014-un-ano-que-finaliza-promocionando-la-cultura-del-aove\/10849992_366192640220548_2830451548298111655_n\/\" data-orig-file=\"https:\/\/i0.wp.com\/centrodeolivaryaceite.com\/wp-content\/uploads\/2014\/12\/10849992_366192640220548_2830451548298111655_n.jpg?fit=960%2C960&amp;ssl=1\" data-orig-size=\"960,960\" data-comments-opened=\"1\" data-image-meta=\"{&quot;aperture&quot;:&quot;0&quot;,&quot;credit&quot;:&quot;&quot;,&quot;camera&quot;:&quot;&quot;,&quot;caption&quot;:&quot;&quot;,&quot;created_timestamp&quot;:&quot;0&quot;,&quot;copyright&quot;:&quot;&quot;,&quot;focal_length&quot;:&quot;0&quot;,&quot;iso&quot;:&quot;0&quot;,&quot;shutter_speed&quot;:&quot;0&quot;,&quot;title&quot;:&quot;&quot;,&quot;orientation&quot;:&quot;0&quot;}\" data-image-title=\"10849992_366192640220548_2830451548298111655_n\" data-image-description=\"\" data-image-caption=\"\" data-medium-file=\"https:\/\/i0.wp.com\/centrodeolivaryaceite.com\/wp-content\/uploads\/2014\/12\/10849992_366192640220548_2830451548298111655_n.jpg?fit=300%2C300&amp;ssl=1\" data-large-file=\"https:\/\/i0.wp.com\/centrodeolivaryaceite.com\/wp-content\/uploads\/2014\/12\/10849992_366192640220548_2830451548298111655_n.jpg?fit=960%2C960&amp;ssl=1\" class=\"alignnone wp-image-4111\" src=\"https:\/\/i0.wp.com\/centrodeolivaryaceite.com\/wp-content\/uploads\/2014\/12\/10849992_366192640220548_2830451548298111655_n.jpg?resize=190%2C190\" alt=\"10849992_366192640220548_2830451548298111655_n\" width=\"190\" height=\"190\" srcset=\"https:\/\/i0.wp.com\/centrodeolivaryaceite.com\/wp-content\/uploads\/2014\/12\/10849992_366192640220548_2830451548298111655_n.jpg?w=960&amp;ssl=1 960w, https:\/\/i0.wp.com\/centrodeolivaryaceite.com\/wp-content\/uploads\/2014\/12\/10849992_366192640220548_2830451548298111655_n.jpg?resize=300%2C300&amp;ssl=1 300w, https:\/\/i0.wp.com\/centrodeolivaryaceite.com\/wp-content\/uploads\/2014\/12\/10849992_366192640220548_2830451548298111655_n.jpg?resize=150%2C150&amp;ssl=1 150w, https:\/\/i0.wp.com\/centrodeolivaryaceite.com\/wp-content\/uploads\/2014\/12\/10849992_366192640220548_2830451548298111655_n.jpg?resize=768%2C768&amp;ssl=1 768w\" sizes=\"(max-width: 190px) 100vw, 190px\" \/><\/a><\/p>\n<h2 style=\"text-align: center;\">Visitas institucionales y Otros Actos<\/h2>\n<p>D\u00aa Carmen Crespo, Delegada del Gobierno en Andaluc\u00eda,\u00a0\u00a0Juan Lillo Subdelegado del Gobierno en Ja\u00e9n,\u00a0,\u00a0D. Juan Manuel Moreno Bonilla, D. Jos\u00e9 Enrique Fern\u00e1ndez de Moya, Alcalde de Ja\u00e9n, D.\u00a0Juan Antonio S\u00e1ez Mata Delegado de Turismo se mostraron muy interesados en la industria olivarera y en los diferentes productos que se obtienen de ella y, como no, en el Aceite de Oliva Virgen Extra en sus respectivas visitas agradeciendo\u00a0enormemente la apuesta de nuestros socios e instituciones participantes en el proyecto para que hoy en d\u00eda sea un activo importante para el mundo ole\u00edcola y contin\u00fae por el mismo camino.<\/p>\n<p>Adem\u00e1s de acoger visitas institucionales, desarrollamos nuestros propios actos, como fue el caso de la Presentaci\u00f3n, Catas y Degustaci\u00f3n de Aceites de Oliva Virgen Extra de la Nueva Cosecha de 16 de nuestros socios. Un acto durante el que los clientes, visitantes y productores compartieron y disfrutaron de los aromas y sabores de ese aceite maravilloso de aceitunas verdes recogidas durante el mes de octubre con un esmerado proceso desde el \u00e1rbol hasta la botella. Un estupendo mar de aromas a tomate, hierba o pl\u00e1tano de estos magn\u00edficos.<\/p>\n<p>Tambi\u00e9n tenemos una componente solidaria trabjando con la Fundaci\u00f3n Huerta de San Antonio o la Fundaci\u00f3n Banco de Alimentos. Es el caso de la campa\u00f1a solidaria de recogida de #AOVE, donando al Banco de Alimentos de Ja\u00e9n m\u00e1s de 300 litros gracias a los Socios de la Asociaci\u00f3n Olivar y Aceite Provincia de Ja\u00e9n y a la poblaci\u00f3n en general dentro de la iniciativa \u00abLa Gran Recogida\u00bb.<\/p>\n<p><a href=\"https:\/\/i0.wp.com\/centrodeolivaryaceite.com\/wp-content\/uploads\/2014\/12\/1888515_347515892088223_2465804164952977720_n.jpg\"><img data-recalc-dims=\"1\" loading=\"lazy\" decoding=\"async\" src=\"https:\/\/i0.wp.com\/centrodeolivaryaceite.com\/wp-content\/uploads\/2014\/12\/1888515_347515892088223_2465804164952977720_n.jpg?resize=190%2C170\" alt=\"1888515_347515892088223_2465804164952977720_n\" width=\"190\" height=\"170\" \/><\/a><img data-recalc-dims=\"1\" loading=\"lazy\" decoding=\"async\" data-attachment-id=\"4044\" data-permalink=\"https:\/\/centrodeolivaryaceite.com\/es\/2014-un-ano-que-finaliza-promocionando-la-cultura-del-aove\/1551727_347515928754886_2278723789329744967_n\/\" data-orig-file=\"https:\/\/i0.wp.com\/centrodeolivaryaceite.com\/wp-content\/uploads\/2014\/12\/1551727_347515928754886_2278723789329744967_n.jpg?fit=960%2C640&amp;ssl=1\" data-orig-size=\"960,640\" data-comments-opened=\"1\" data-image-meta=\"{&quot;aperture&quot;:&quot;0&quot;,&quot;credit&quot;:&quot;&quot;,&quot;camera&quot;:&quot;&quot;,&quot;caption&quot;:&quot;&quot;,&quot;created_timestamp&quot;:&quot;0&quot;,&quot;copyright&quot;:&quot;&quot;,&quot;focal_length&quot;:&quot;0&quot;,&quot;iso&quot;:&quot;0&quot;,&quot;shutter_speed&quot;:&quot;0&quot;,&quot;title&quot;:&quot;&quot;,&quot;orientation&quot;:&quot;0&quot;}\" data-image-title=\"1551727_347515928754886_2278723789329744967_n\" data-image-description=\"\" data-image-caption=\"\" data-medium-file=\"https:\/\/i0.wp.com\/centrodeolivaryaceite.com\/wp-content\/uploads\/2014\/12\/1551727_347515928754886_2278723789329744967_n.jpg?fit=300%2C200&amp;ssl=1\" data-large-file=\"https:\/\/i0.wp.com\/centrodeolivaryaceite.com\/wp-content\/uploads\/2014\/12\/1551727_347515928754886_2278723789329744967_n.jpg?fit=960%2C640&amp;ssl=1\" class=\"alignnone wp-image-4044\" src=\"https:\/\/i0.wp.com\/centrodeolivaryaceite.com\/wp-content\/uploads\/2014\/12\/1551727_347515928754886_2278723789329744967_n.jpg?resize=190%2C170\" alt=\"1551727_347515928754886_2278723789329744967_n\" width=\"190\" height=\"170\" \/> \u00a0<a href=\"https:\/\/i0.wp.com\/centrodeolivaryaceite.com\/wp-content\/uploads\/2014\/12\/10299094_271288379710975_7562385594362417775_n.jpg\"><img data-recalc-dims=\"1\" loading=\"lazy\" decoding=\"async\" data-attachment-id=\"4059\" data-permalink=\"https:\/\/centrodeolivaryaceite.com\/es\/2014-un-ano-que-finaliza-promocionando-la-cultura-del-aove\/10299094_271288379710975_7562385594362417775_n\/\" data-orig-file=\"https:\/\/i0.wp.com\/centrodeolivaryaceite.com\/wp-content\/uploads\/2014\/12\/10299094_271288379710975_7562385594362417775_n.jpg?fit=960%2C720&amp;ssl=1\" data-orig-size=\"960,720\" data-comments-opened=\"1\" data-image-meta=\"{&quot;aperture&quot;:&quot;0&quot;,&quot;credit&quot;:&quot;&quot;,&quot;camera&quot;:&quot;&quot;,&quot;caption&quot;:&quot;&quot;,&quot;created_timestamp&quot;:&quot;0&quot;,&quot;copyright&quot;:&quot;&quot;,&quot;focal_length&quot;:&quot;0&quot;,&quot;iso&quot;:&quot;0&quot;,&quot;shutter_speed&quot;:&quot;0&quot;,&quot;title&quot;:&quot;&quot;,&quot;orientation&quot;:&quot;0&quot;}\" data-image-title=\"10299094_271288379710975_7562385594362417775_n\" data-image-description=\"\" data-image-caption=\"\" data-medium-file=\"https:\/\/i0.wp.com\/centrodeolivaryaceite.com\/wp-content\/uploads\/2014\/12\/10299094_271288379710975_7562385594362417775_n.jpg?fit=300%2C225&amp;ssl=1\" data-large-file=\"https:\/\/i0.wp.com\/centrodeolivaryaceite.com\/wp-content\/uploads\/2014\/12\/10299094_271288379710975_7562385594362417775_n.jpg?fit=960%2C720&amp;ssl=1\" class=\"alignnone wp-image-4059\" src=\"https:\/\/i0.wp.com\/centrodeolivaryaceite.com\/wp-content\/uploads\/2014\/12\/10299094_271288379710975_7562385594362417775_n.jpg?resize=190%2C170\" alt=\"10299094_271288379710975_7562385594362417775_n\" width=\"190\" height=\"170\" \/><\/a><\/p>\n<p><img data-recalc-dims=\"1\" loading=\"lazy\" decoding=\"async\" src=\"https:\/\/i0.wp.com\/centrodeolivaryaceite.com\/wp-content\/uploads\/2014\/12\/10406750_364222563750889_3609730532749102602_n.jpg?resize=190%2C190\" alt=\"10406750_364222563750889_3609730532749102602_n\" width=\"190\" height=\"190\" \/>\u00a0<a href=\"https:\/\/i0.wp.com\/centrodeolivaryaceite.com\/wp-content\/uploads\/2014\/11\/24.jpg\"><img data-recalc-dims=\"1\" loading=\"lazy\" decoding=\"async\" data-attachment-id=\"3821\" data-permalink=\"https:\/\/centrodeolivaryaceite.com\/es\/presentacion-de-aceites-de-oliva-virgen-extra-de-nueva-cosecha-en-el-centro-de-interpretacion-olivar-y-aceite\/samsung-camera-pictures-62\/\" data-orig-file=\"https:\/\/i0.wp.com\/centrodeolivaryaceite.com\/wp-content\/uploads\/2014\/11\/24.jpg?fit=336%2C336&amp;ssl=1\" data-orig-size=\"336,336\" data-comments-opened=\"1\" data-image-meta=\"{&quot;aperture&quot;:&quot;3.2&quot;,&quot;credit&quot;:&quot;&quot;,&quot;camera&quot;:&quot;WB200F\/WB201F\/WB202F&quot;,&quot;caption&quot;:&quot;SAMSUNG CAMERA PICTURES&quot;,&quot;created_timestamp&quot;:&quot;1414780572&quot;,&quot;copyright&quot;:&quot;Copyright 2012&quot;,&quot;focal_length&quot;:&quot;4&quot;,&quot;iso&quot;:&quot;80&quot;,&quot;shutter_speed&quot;:&quot;0.016666666666667&quot;,&quot;title&quot;:&quot;SAMSUNG CAMERA PICTURES&quot;,&quot;orientation&quot;:&quot;1&quot;}\" data-image-title=\"Presentaci\u00f3n de AOVEs\" data-image-description=\"\" data-image-caption=\"\" data-medium-file=\"https:\/\/i0.wp.com\/centrodeolivaryaceite.com\/wp-content\/uploads\/2014\/11\/24.jpg?fit=300%2C300&amp;ssl=1\" data-large-file=\"https:\/\/i0.wp.com\/centrodeolivaryaceite.com\/wp-content\/uploads\/2014\/11\/24.jpg?fit=336%2C336&amp;ssl=1\" class=\"alignnone wp-image-3821\" src=\"https:\/\/i0.wp.com\/centrodeolivaryaceite.com\/wp-content\/uploads\/2014\/11\/24.jpg?resize=190%2C190\" alt=\"Presentaci\u00f3n de AOVEs\" width=\"190\" height=\"190\" srcset=\"https:\/\/i0.wp.com\/centrodeolivaryaceite.com\/wp-content\/uploads\/2014\/11\/24.jpg?w=336&amp;ssl=1 336w, https:\/\/i0.wp.com\/centrodeolivaryaceite.com\/wp-content\/uploads\/2014\/11\/24.jpg?resize=300%2C300&amp;ssl=1 300w, https:\/\/i0.wp.com\/centrodeolivaryaceite.com\/wp-content\/uploads\/2014\/11\/24.jpg?resize=150%2C150&amp;ssl=1 150w\" sizes=\"(max-width: 190px) 100vw, 190px\" \/><\/a> <a href=\"https:\/\/i0.wp.com\/centrodeolivaryaceite.com\/wp-content\/uploads\/2014\/11\/22.jpg\"><img data-recalc-dims=\"1\" loading=\"lazy\" decoding=\"async\" data-attachment-id=\"3819\" data-permalink=\"https:\/\/centrodeolivaryaceite.com\/es\/presentacion-de-aceites-de-oliva-virgen-extra-de-nueva-cosecha-en-el-centro-de-interpretacion-olivar-y-aceite\/samsung-camera-pictures-60\/\" data-orig-file=\"https:\/\/i0.wp.com\/centrodeolivaryaceite.com\/wp-content\/uploads\/2014\/11\/22.jpg?fit=336%2C336&amp;ssl=1\" data-orig-size=\"336,336\" data-comments-opened=\"1\" data-image-meta=\"{&quot;aperture&quot;:&quot;3.2&quot;,&quot;credit&quot;:&quot;&quot;,&quot;camera&quot;:&quot;WB200F\/WB201F\/WB202F&quot;,&quot;caption&quot;:&quot;SAMSUNG CAMERA PICTURES&quot;,&quot;created_timestamp&quot;:&quot;1414780173&quot;,&quot;copyright&quot;:&quot;Copyright 2012&quot;,&quot;focal_length&quot;:&quot;4&quot;,&quot;iso&quot;:&quot;80&quot;,&quot;shutter_speed&quot;:&quot;0.022222222222222&quot;,&quot;title&quot;:&quot;SAMSUNG CAMERA PICTURES&quot;,&quot;orientation&quot;:&quot;1&quot;}\" data-image-title=\"Presentaci\u00f3n de AOVEs\" data-image-description=\"\" data-image-caption=\"\" data-medium-file=\"https:\/\/i0.wp.com\/centrodeolivaryaceite.com\/wp-content\/uploads\/2014\/11\/22.jpg?fit=300%2C300&amp;ssl=1\" data-large-file=\"https:\/\/i0.wp.com\/centrodeolivaryaceite.com\/wp-content\/uploads\/2014\/11\/22.jpg?fit=336%2C336&amp;ssl=1\" class=\"alignnone wp-image-3819\" src=\"https:\/\/i0.wp.com\/centrodeolivaryaceite.com\/wp-content\/uploads\/2014\/11\/22.jpg?resize=190%2C190\" alt=\"Presentaci\u00f3n de AOVEs\" width=\"190\" height=\"190\" srcset=\"https:\/\/i0.wp.com\/centrodeolivaryaceite.com\/wp-content\/uploads\/2014\/11\/22.jpg?w=336&amp;ssl=1 336w, https:\/\/i0.wp.com\/centrodeolivaryaceite.com\/wp-content\/uploads\/2014\/11\/22.jpg?resize=300%2C300&amp;ssl=1 300w, https:\/\/i0.wp.com\/centrodeolivaryaceite.com\/wp-content\/uploads\/2014\/11\/22.jpg?resize=150%2C150&amp;ssl=1 150w\" sizes=\"(max-width: 190px) 100vw, 190px\" \/><\/a><\/p>\n<p>&nbsp;<\/p>\n<h2 style=\"text-align: center;\">\u00a0Participaci\u00f3n en Foros, Ferias y Conferencias<\/h2>\n<p>La promoci\u00f3n de la Cultura del Aceite se realiza en el Centro de Interpretaci\u00f3n, pero la Asociaci\u00f3n tambi\u00e9n sale a realizar esta labor. Es el caso de la participaci\u00f3n en IX Jornadas Profesionales del\u00a0Aceite\u00a0de Oliva en Madrid. a trav\u00e9s de la mesa redonda: \u00abLAS MUJERES, PROTAGONISTAS DEL ACEITE DE OLIVA ESPA\u00d1OL\u00bb.<\/p>\n<p>Participamos en la\u00a0\u00a0Encuentro Nacional de Maestros de Almazara organizado por Olvero y AEMODA, junto con D\u00aa Mari Paz Aguilera de CITOLIVA, con una ponencia dedicada al An\u00e1lisis Sensorial y una cata de AOVEs.\u00a0Estuvimos presentes en Fitur 2014 apostando por el Oleoturismo como nuevo motor tur\u00edstico de la provincia en el Stand de Ja\u00e9n.<\/p>\n<p>Y a nivel local tuvimos presencia en\u00a0FEMA 2014, Feria de Maquinaria Agr\u00edcola de \u00dabeda, con diferentes actividades.\u00a0Tambi\u00e9n participamos en la Jornada Provincial de Formaci\u00f3n de Directores de Educaci\u00f3n Infantil y Primaria, en la que participaron 80 responsables de centros educativos jiennenses y que tuvieron la oportunidad de conocer de primera mano in situ, los recursos did\u00e1cticos sobre el olivar y el AOVE que les ofrece el Centro de Interpretaci\u00f3n Olivar y Aceite.<\/p>\n<p><a href=\"https:\/\/i0.wp.com\/centrodeolivaryaceite.com\/wp-content\/uploads\/2014\/12\/1604723_238063276366819_1964509994_n.jpg\"><img data-recalc-dims=\"1\" loading=\"lazy\" decoding=\"async\" data-attachment-id=\"4045\" data-permalink=\"https:\/\/centrodeolivaryaceite.com\/es\/2014-un-ano-que-finaliza-promocionando-la-cultura-del-aove\/1604723_238063276366819_1964509994_n\/\" data-orig-file=\"https:\/\/i0.wp.com\/centrodeolivaryaceite.com\/wp-content\/uploads\/2014\/12\/1604723_238063276366819_1964509994_n.jpg?fit=577%2C343&amp;ssl=1\" data-orig-size=\"577,343\" data-comments-opened=\"1\" data-image-meta=\"{&quot;aperture&quot;:&quot;0&quot;,&quot;credit&quot;:&quot;&quot;,&quot;camera&quot;:&quot;&quot;,&quot;caption&quot;:&quot;&quot;,&quot;created_timestamp&quot;:&quot;0&quot;,&quot;copyright&quot;:&quot;&quot;,&quot;focal_length&quot;:&quot;0&quot;,&quot;iso&quot;:&quot;0&quot;,&quot;shutter_speed&quot;:&quot;0&quot;,&quot;title&quot;:&quot;&quot;,&quot;orientation&quot;:&quot;0&quot;}\" data-image-title=\"1604723_238063276366819_1964509994_n\" data-image-description=\"\" data-image-caption=\"\" data-medium-file=\"https:\/\/i0.wp.com\/centrodeolivaryaceite.com\/wp-content\/uploads\/2014\/12\/1604723_238063276366819_1964509994_n.jpg?fit=300%2C178&amp;ssl=1\" data-large-file=\"https:\/\/i0.wp.com\/centrodeolivaryaceite.com\/wp-content\/uploads\/2014\/12\/1604723_238063276366819_1964509994_n.jpg?fit=577%2C343&amp;ssl=1\" class=\"alignnone wp-image-4045\" src=\"https:\/\/i0.wp.com\/centrodeolivaryaceite.com\/wp-content\/uploads\/2014\/12\/1604723_238063276366819_1964509994_n.jpg?resize=190%2C170\" alt=\"1604723_238063276366819_1964509994_n\" width=\"190\" height=\"170\" \/><\/a> <a href=\"https:\/\/i0.wp.com\/centrodeolivaryaceite.com\/wp-content\/uploads\/2014\/12\/10603307_342912789215200_5583185086210609248_n.jpg\"><img data-recalc-dims=\"1\" loading=\"lazy\" decoding=\"async\" src=\"https:\/\/i0.wp.com\/centrodeolivaryaceite.com\/wp-content\/uploads\/2014\/12\/10603307_342912789215200_5583185086210609248_n.jpg?resize=199%2C111\" alt=\"10603307_342912789215200_5583185086210609248_n\" width=\"199\" height=\"111\" \/><\/a>\u00a0<a href=\"https:\/\/i0.wp.com\/centrodeolivaryaceite.com\/wp-content\/uploads\/2014\/12\/10620417_355361621303650_4954830451394416959_o.jpg\"><img data-recalc-dims=\"1\" loading=\"lazy\" decoding=\"async\" data-attachment-id=\"4021\" data-permalink=\"https:\/\/centrodeolivaryaceite.com\/es\/2014-un-ano-que-finaliza-promocionando-la-cultura-del-aove\/10620417_355361621303650_4954830451394416959_o\/\" data-orig-file=\"https:\/\/i0.wp.com\/centrodeolivaryaceite.com\/wp-content\/uploads\/2014\/12\/10620417_355361621303650_4954830451394416959_o.jpg?fit=2048%2C1529&amp;ssl=1\" data-orig-size=\"2048,1529\" data-comments-opened=\"1\" data-image-meta=\"{&quot;aperture&quot;:&quot;0&quot;,&quot;credit&quot;:&quot;&quot;,&quot;camera&quot;:&quot;&quot;,&quot;caption&quot;:&quot;&quot;,&quot;created_timestamp&quot;:&quot;0&quot;,&quot;copyright&quot;:&quot;&quot;,&quot;focal_length&quot;:&quot;0&quot;,&quot;iso&quot;:&quot;0&quot;,&quot;shutter_speed&quot;:&quot;0&quot;,&quot;title&quot;:&quot;&quot;,&quot;orientation&quot;:&quot;0&quot;}\" data-image-title=\"10620417_355361621303650_4954830451394416959_o\" data-image-description=\"\" data-image-caption=\"\" data-medium-file=\"https:\/\/i0.wp.com\/centrodeolivaryaceite.com\/wp-content\/uploads\/2014\/12\/10620417_355361621303650_4954830451394416959_o.jpg?fit=300%2C224&amp;ssl=1\" data-large-file=\"https:\/\/i0.wp.com\/centrodeolivaryaceite.com\/wp-content\/uploads\/2014\/12\/10620417_355361621303650_4954830451394416959_o.jpg?fit=1024%2C765&amp;ssl=1\" class=\"alignnone wp-image-4021\" src=\"https:\/\/i0.wp.com\/centrodeolivaryaceite.com\/wp-content\/uploads\/2014\/12\/10620417_355361621303650_4954830451394416959_o.jpg?resize=190%2C170\" alt=\"10620417_355361621303650_4954830451394416959_o\" width=\"190\" height=\"170\" \/><\/a><\/p>\n<h2 style=\"text-align: center;\">PROGRAMAS DE TV<\/h2>\n<p>La divulgaci\u00f3n de la cultura del AOVE se realiza en persona pero a trv\u00e9s de otros medios como son los de comunicaci\u00f3n. A comienzos de a\u00f1o se desarrollaron una serie de programas de TV acerca del sector ol\u00e9icola con presencia de nuestros socios:<\/p>\n<p>OLIVAR Y ACEITE\u00a0<a href=\"https:\/\/www.youtube.com\/watch?v=-D3DTxpgqIU\" target=\"_blank\" rel=\"nofollow noopener\">http:\/\/www.youtube.com\/watch?v=-D3DTxpgqIU<\/a><\/p>\n<p>ACEITES TEMPRANOS <a href=\"http:\/\/www.youtube.com\/watch?v=u4YAz-aaWVU\">http:\/\/www.youtube.com\/watch?v=u4YAz-aaWVU<\/a><\/p>\n<p>ACEITES MADUROS <a href=\"http:\/\/www.youtube.com\/watch?v=HhvMde5X6vQ\">http:\/\/www.youtube.com\/watch?v=HhvMde5X6vQ<\/a><\/p>\n<p>Adem\u00e1s tuvimos grabaci\u00f3n de varios programas de Andaluc\u00eda Directo, Este es mi Pueblo o Tiene Arreglo de Canal Sur y \u00a0Canal Cocina. Tambi\u00e9n recibimos a periodistas de medios especializados extranjetos en viajes interesados en el AOVE\u00a0como parte de viajes de familiarizaci\u00f3n.<\/p>\n<p><a href=\"https:\/\/i0.wp.com\/centrodeolivaryaceite.com\/wp-content\/uploads\/2014\/12\/1515046_234486610057819_683376366_n.jpg\"><img data-recalc-dims=\"1\" loading=\"lazy\" decoding=\"async\" data-attachment-id=\"4042\" data-permalink=\"https:\/\/centrodeolivaryaceite.com\/es\/2014-un-ano-que-finaliza-promocionando-la-cultura-del-aove\/1515046_234486610057819_683376366_n\/\" data-orig-file=\"https:\/\/i0.wp.com\/centrodeolivaryaceite.com\/wp-content\/uploads\/2014\/12\/1515046_234486610057819_683376366_n.jpg?fit=960%2C720&amp;ssl=1\" data-orig-size=\"960,720\" data-comments-opened=\"1\" data-image-meta=\"{&quot;aperture&quot;:&quot;0&quot;,&quot;credit&quot;:&quot;&quot;,&quot;camera&quot;:&quot;&quot;,&quot;caption&quot;:&quot;&quot;,&quot;created_timestamp&quot;:&quot;0&quot;,&quot;copyright&quot;:&quot;&quot;,&quot;focal_length&quot;:&quot;0&quot;,&quot;iso&quot;:&quot;0&quot;,&quot;shutter_speed&quot;:&quot;0&quot;,&quot;title&quot;:&quot;&quot;,&quot;orientation&quot;:&quot;0&quot;}\" data-image-title=\"1515046_234486610057819_683376366_n\" data-image-description=\"\" data-image-caption=\"\" data-medium-file=\"https:\/\/i0.wp.com\/centrodeolivaryaceite.com\/wp-content\/uploads\/2014\/12\/1515046_234486610057819_683376366_n.jpg?fit=300%2C225&amp;ssl=1\" data-large-file=\"https:\/\/i0.wp.com\/centrodeolivaryaceite.com\/wp-content\/uploads\/2014\/12\/1515046_234486610057819_683376366_n.jpg?fit=960%2C720&amp;ssl=1\" class=\"alignnone wp-image-4042\" src=\"https:\/\/i0.wp.com\/centrodeolivaryaceite.com\/wp-content\/uploads\/2014\/12\/1515046_234486610057819_683376366_n.jpg?resize=190%2C170\" alt=\"1515046_234486610057819_683376366_n\" width=\"190\" height=\"170\" \/><\/a> <a href=\"https:\/\/i0.wp.com\/centrodeolivaryaceite.com\/wp-content\/uploads\/2014\/12\/1455981_221456158027531_911645039_n.jpg\"><img data-recalc-dims=\"1\" loading=\"lazy\" decoding=\"async\" data-attachment-id=\"4034\" data-permalink=\"https:\/\/centrodeolivaryaceite.com\/es\/2014-un-ano-que-finaliza-promocionando-la-cultura-del-aove\/1455981_221456158027531_911645039_n\/\" data-orig-file=\"https:\/\/i0.wp.com\/centrodeolivaryaceite.com\/wp-content\/uploads\/2014\/12\/1455981_221456158027531_911645039_n.jpg?fit=960%2C720&amp;ssl=1\" data-orig-size=\"960,720\" data-comments-opened=\"1\" data-image-meta=\"{&quot;aperture&quot;:&quot;0&quot;,&quot;credit&quot;:&quot;&quot;,&quot;camera&quot;:&quot;&quot;,&quot;caption&quot;:&quot;&quot;,&quot;created_timestamp&quot;:&quot;0&quot;,&quot;copyright&quot;:&quot;&quot;,&quot;focal_length&quot;:&quot;0&quot;,&quot;iso&quot;:&quot;0&quot;,&quot;shutter_speed&quot;:&quot;0&quot;,&quot;title&quot;:&quot;&quot;,&quot;orientation&quot;:&quot;0&quot;}\" data-image-title=\"1455981_221456158027531_911645039_n\" data-image-description=\"\" data-image-caption=\"\" data-medium-file=\"https:\/\/i0.wp.com\/centrodeolivaryaceite.com\/wp-content\/uploads\/2014\/12\/1455981_221456158027531_911645039_n.jpg?fit=300%2C225&amp;ssl=1\" data-large-file=\"https:\/\/i0.wp.com\/centrodeolivaryaceite.com\/wp-content\/uploads\/2014\/12\/1455981_221456158027531_911645039_n.jpg?fit=960%2C720&amp;ssl=1\" class=\"alignnone wp-image-4034\" src=\"https:\/\/i0.wp.com\/centrodeolivaryaceite.com\/wp-content\/uploads\/2014\/12\/1455981_221456158027531_911645039_n.jpg?resize=190%2C170\" alt=\"1455981_221456158027531_911645039_n\" width=\"190\" height=\"170\" \/><\/a> <a href=\"https:\/\/i0.wp.com\/centrodeolivaryaceite.com\/wp-content\/uploads\/2014\/12\/10687002_345053449001134_4810885921241430828_n.jpg\"><img data-recalc-dims=\"1\" loading=\"lazy\" decoding=\"async\" data-attachment-id=\"4023\" data-permalink=\"https:\/\/centrodeolivaryaceite.com\/es\/2014-un-ano-que-finaliza-promocionando-la-cultura-del-aove\/10687002_345053449001134_4810885921241430828_n\/\" data-orig-file=\"https:\/\/i0.wp.com\/centrodeolivaryaceite.com\/wp-content\/uploads\/2014\/12\/10687002_345053449001134_4810885921241430828_n.jpg?fit=960%2C720&amp;ssl=1\" data-orig-size=\"960,720\" data-comments-opened=\"1\" data-image-meta=\"{&quot;aperture&quot;:&quot;0&quot;,&quot;credit&quot;:&quot;&quot;,&quot;camera&quot;:&quot;&quot;,&quot;caption&quot;:&quot;&quot;,&quot;created_timestamp&quot;:&quot;0&quot;,&quot;copyright&quot;:&quot;&quot;,&quot;focal_length&quot;:&quot;0&quot;,&quot;iso&quot;:&quot;0&quot;,&quot;shutter_speed&quot;:&quot;0&quot;,&quot;title&quot;:&quot;&quot;,&quot;orientation&quot;:&quot;0&quot;}\" data-image-title=\"10687002_345053449001134_4810885921241430828_n\" data-image-description=\"\" data-image-caption=\"\" data-medium-file=\"https:\/\/i0.wp.com\/centrodeolivaryaceite.com\/wp-content\/uploads\/2014\/12\/10687002_345053449001134_4810885921241430828_n.jpg?fit=300%2C225&amp;ssl=1\" data-large-file=\"https:\/\/i0.wp.com\/centrodeolivaryaceite.com\/wp-content\/uploads\/2014\/12\/10687002_345053449001134_4810885921241430828_n.jpg?fit=960%2C720&amp;ssl=1\" class=\"alignnone wp-image-4023\" src=\"https:\/\/i0.wp.com\/centrodeolivaryaceite.com\/wp-content\/uploads\/2014\/12\/10687002_345053449001134_4810885921241430828_n.jpg?resize=190%2C170\" alt=\"10687002_345053449001134_4810885921241430828_n\" width=\"190\" height=\"170\" \/><\/a><\/p>\n<p>&nbsp;<\/p>\n<h2 style=\"text-align: center;\"><span style=\"line-height: 1.5em;\">Nuevos Socios de la Asociaci\u00f3n Olivar y Aceite\u00a0<\/span><\/h2>\n<p><span style=\"line-height: 1.5em;\">El proyecto de la Asociaci\u00f3n Olivar y Aceite Provincia de Ja\u00e9n sigue creciendo con la incorporaci\u00f3n de nuevos socios de toda la regi\u00f3n que vienen a afianzar la apuesta del sector ole\u00edcola por el proyecto del Centro de Interpretaci\u00f3n Olivar y Aceite. Prpcedentes de Baeza, Canena, Arjona, La Puerta de Segura, Arjonilla, Sabiote , Mog\u00f3n, Castellar o \u00dabeda son la fuerza y el impulso de este proyecto que lucha cada d\u00eda para posicionar el Aceite de Oliva Virgen Extra en lugar que se merece en el mundo.<\/span><\/p>\n<p><a href=\"https:\/\/i0.wp.com\/centrodeolivaryaceite.com\/wp-content\/uploads\/2014\/04\/IMAG1169.jpg\"><img data-recalc-dims=\"1\" loading=\"lazy\" decoding=\"async\" data-attachment-id=\"3148\" data-permalink=\"https:\/\/centrodeolivaryaceite.com\/es\/la-asociacion-olivar-y-aceite-sigue-creciendo\/imag1169\/\" data-orig-file=\"https:\/\/i0.wp.com\/centrodeolivaryaceite.com\/wp-content\/uploads\/2014\/04\/IMAG1169.jpg?fit=1275%2C763&amp;ssl=1\" data-orig-size=\"1275,763\" data-comments-opened=\"1\" data-image-meta=\"{&quot;aperture&quot;:&quot;0&quot;,&quot;credit&quot;:&quot;&quot;,&quot;camera&quot;:&quot;HTC Desire X&quot;,&quot;caption&quot;:&quot;&quot;,&quot;created_timestamp&quot;:&quot;1389872898&quot;,&quot;copyright&quot;:&quot;&quot;,&quot;focal_length&quot;:&quot;2.97&quot;,&quot;iso&quot;:&quot;231&quot;,&quot;shutter_speed&quot;:&quot;0&quot;,&quot;title&quot;:&quot;&quot;,&quot;orientation&quot;:&quot;0&quot;}\" data-image-title=\"IMAG1169\" data-image-description=\"\" data-image-caption=\"\" data-medium-file=\"https:\/\/i0.wp.com\/centrodeolivaryaceite.com\/wp-content\/uploads\/2014\/04\/IMAG1169.jpg?fit=300%2C180&amp;ssl=1\" data-large-file=\"https:\/\/i0.wp.com\/centrodeolivaryaceite.com\/wp-content\/uploads\/2014\/04\/IMAG1169.jpg?fit=1024%2C613&amp;ssl=1\" class=\"wp-image-3148 aligncenter\" src=\"https:\/\/i0.wp.com\/centrodeolivaryaceite.com\/wp-content\/uploads\/2014\/04\/IMAG1169.jpg?resize=417%2C251\" alt=\"Nuevos socios\" width=\"417\" height=\"251\" srcset=\"https:\/\/i0.wp.com\/centrodeolivaryaceite.com\/wp-content\/uploads\/2014\/04\/IMAG1169.jpg?w=1275&amp;ssl=1 1275w, https:\/\/i0.wp.com\/centrodeolivaryaceite.com\/wp-content\/uploads\/2014\/04\/IMAG1169.jpg?resize=300%2C180&amp;ssl=1 300w, https:\/\/i0.wp.com\/centrodeolivaryaceite.com\/wp-content\/uploads\/2014\/04\/IMAG1169.jpg?resize=1024%2C613&amp;ssl=1 1024w, https:\/\/i0.wp.com\/centrodeolivaryaceite.com\/wp-content\/uploads\/2014\/04\/IMAG1169.jpg?resize=768%2C460&amp;ssl=1 768w\" sizes=\"(max-width: 417px) 100vw, 417px\" \/><\/a><\/p>\n<p><a href=\"https:\/\/i0.wp.com\/centrodeolivaryaceite.com\/wp-content\/uploads\/2014\/12\/1546217_347765282063284_5540976509931823343_n.jpg\"><img data-recalc-dims=\"1\" loading=\"lazy\" decoding=\"async\" data-attachment-id=\"4043\" data-permalink=\"https:\/\/centrodeolivaryaceite.com\/es\/2014-un-ano-que-finaliza-promocionando-la-cultura-del-aove\/1546217_347765282063284_5540976509931823343_n\/\" data-orig-file=\"https:\/\/i0.wp.com\/centrodeolivaryaceite.com\/wp-content\/uploads\/2014\/12\/1546217_347765282063284_5540976509931823343_n.jpg?fit=960%2C960&amp;ssl=1\" data-orig-size=\"960,960\" data-comments-opened=\"1\" data-image-meta=\"{&quot;aperture&quot;:&quot;0&quot;,&quot;credit&quot;:&quot;&quot;,&quot;camera&quot;:&quot;&quot;,&quot;caption&quot;:&quot;&quot;,&quot;created_timestamp&quot;:&quot;0&quot;,&quot;copyright&quot;:&quot;&quot;,&quot;focal_length&quot;:&quot;0&quot;,&quot;iso&quot;:&quot;0&quot;,&quot;shutter_speed&quot;:&quot;0&quot;,&quot;title&quot;:&quot;&quot;,&quot;orientation&quot;:&quot;0&quot;}\" data-image-title=\"1546217_347765282063284_5540976509931823343_n\" data-image-description=\"\" data-image-caption=\"\" data-medium-file=\"https:\/\/i0.wp.com\/centrodeolivaryaceite.com\/wp-content\/uploads\/2014\/12\/1546217_347765282063284_5540976509931823343_n.jpg?fit=300%2C300&amp;ssl=1\" data-large-file=\"https:\/\/i0.wp.com\/centrodeolivaryaceite.com\/wp-content\/uploads\/2014\/12\/1546217_347765282063284_5540976509931823343_n.jpg?fit=960%2C960&amp;ssl=1\" class=\"wp-image-4043 aligncenter\" src=\"https:\/\/i0.wp.com\/centrodeolivaryaceite.com\/wp-content\/uploads\/2014\/12\/1546217_347765282063284_5540976509931823343_n.jpg?resize=311%2C311\" alt=\"1546217_347765282063284_5540976509931823343_n\" width=\"311\" height=\"311\" srcset=\"https:\/\/i0.wp.com\/centrodeolivaryaceite.com\/wp-content\/uploads\/2014\/12\/1546217_347765282063284_5540976509931823343_n.jpg?w=960&amp;ssl=1 960w, https:\/\/i0.wp.com\/centrodeolivaryaceite.com\/wp-content\/uploads\/2014\/12\/1546217_347765282063284_5540976509931823343_n.jpg?resize=300%2C300&amp;ssl=1 300w, https:\/\/i0.wp.com\/centrodeolivaryaceite.com\/wp-content\/uploads\/2014\/12\/1546217_347765282063284_5540976509931823343_n.jpg?resize=150%2C150&amp;ssl=1 150w, https:\/\/i0.wp.com\/centrodeolivaryaceite.com\/wp-content\/uploads\/2014\/12\/1546217_347765282063284_5540976509931823343_n.jpg?resize=768%2C768&amp;ssl=1 768w\" sizes=\"(max-width: 311px) 100vw, 311px\" \/><\/a><br \/>\n[\/et_pb_text][et_pb_comments admin_label=\u00bbComentarios\u00bb _builder_version=\u00bb4.16&#8243; use_border_color=\u00bboff\u00bb border_color=\u00bb#ffffff\u00bb border_style=\u00bbsolid\u00bb button_letter_spacing_hover=\u00bb0&#8243; global_colors_info=\u00bb{}\u00bb button_text_size__hover_enabled=\u00bboff\u00bb button_one_text_size__hover_enabled=\u00bboff\u00bb button_two_text_size__hover_enabled=\u00bboff\u00bb button_text_color__hover_enabled=\u00bboff\u00bb button_one_text_color__hover_enabled=\u00bboff\u00bb button_two_text_color__hover_enabled=\u00bboff\u00bb button_border_width__hover_enabled=\u00bboff\u00bb button_one_border_width__hover_enabled=\u00bboff\u00bb button_two_border_width__hover_enabled=\u00bboff\u00bb button_border_color__hover_enabled=\u00bboff\u00bb button_one_border_color__hover_enabled=\u00bboff\u00bb button_two_border_color__hover_enabled=\u00bboff\u00bb button_border_radius__hover_enabled=\u00bboff\u00bb button_one_border_radius__hover_enabled=\u00bboff\u00bb button_two_border_radius__hover_enabled=\u00bboff\u00bb button_letter_spacing__hover_enabled=\u00bbon\u00bb button_letter_spacing__hover=\u00bb0&#8243; button_one_letter_spacing__hover_enabled=\u00bboff\u00bb button_two_letter_spacing__hover_enabled=\u00bboff\u00bb button_bg_color__hover_enabled=\u00bboff\u00bb button_one_bg_color__hover_enabled=\u00bboff\u00bb button_two_bg_color__hover_enabled=\u00bboff\u00bb] [\/et_pb_comments][\/et_pb_column_inner][\/et_pb_row_inner][\/et_pb_column][et_pb_column type=\u00bb1_3&#8243; _builder_version=\u00bb4.16&#8243; custom_padding=\u00bb|||\u00bb global_colors_info=\u00bb{}\u00bb custom_padding__hover=\u00bb|||\u00bb][et_pb_sidebar orientation=\u00bbright\u00bb area=\u00bbsidebar-1&#8243; admin_label=\u00bbBarra lateral\u00bb _builder_version=\u00bb4.16&#8243; remove_border=\u00bboff\u00bb global_colors_info=\u00bb{}\u00bb] [\/et_pb_sidebar][\/et_pb_column][\/et_pb_section][et_pb_section fb_built=\u00bb1&#8243; custom_padding_last_edited=\u00bbon|desktop\u00bb disabled_on=\u00bbon|on|on\u00bb admin_label=\u00bbSecci\u00f3n\u00bb _builder_version=\u00bb3.0.92&#8243; background_color=\u00bb#dedacf\u00bb custom_padding_tablet=\u00bb50px|0|50px|0&#8243; transparent_background=\u00bboff\u00bb padding_mobile=\u00bboff\u00bb make_fullwidth=\u00bboff\u00bb use_custom_width=\u00bboff\u00bb width_unit=\u00bbon\u00bb disabled=\u00bbon\u00bb global_module=\u00bb5116&#8243; collapsed=\u00bboff\u00bb global_colors_info=\u00bb{}\u00bb custom_padding_phone=\u00bb50px|0|50px|0&#8243;][et_pb_row _builder_version=\u00bb4.16&#8243; global_colors_info=\u00bb{}\u00bb][et_pb_column type=\u00bb4_4&#8243; _builder_version=\u00bb4.16&#8243; custom_padding=\u00bb|||\u00bb global_colors_info=\u00bb{}\u00bb custom_padding__hover=\u00bb|||\u00bb][\/et_pb_column][\/et_pb_row][\/et_pb_section][et_pb_section fb_built=\u00bb1&#8243; custom_padding_last_edited=\u00bbon|desktop\u00bb admin_label=\u00bbSecci\u00f3n\u00bb _builder_version=\u00bb3.22&#8243; background_color=\u00bb#ffffff\u00bb custom_padding=\u00bb10px||0px|\u00bb custom_padding_tablet=\u00bb50px|0|50px|0&#8243; transparent_background=\u00bboff\u00bb padding_mobile=\u00bboff\u00bb make_fullwidth=\u00bboff\u00bb use_custom_width=\u00bboff\u00bb width_unit=\u00bbon\u00bb global_module=\u00bb5115&#8243; collapsed=\u00bboff\u00bb global_colors_info=\u00bb{}\u00bb custom_padding_phone=\u00bb50px|0|50px|0&#8243;][et_pb_row padding_mobile=\u00bboff\u00bb column_padding_mobile=\u00bbon\u00bb _builder_version=\u00bb4.16&#8243; background_size=\u00bbinitial\u00bb background_position=\u00bbtop_left\u00bb background_repeat=\u00bbrepeat\u00bb max_width=\u00bb1080px\u00bb custom_padding=\u00bb0px||0px|\u00bb make_fullwidth=\u00bboff\u00bb use_custom_width=\u00bboff\u00bb width_unit=\u00bbon\u00bb global_colors_info=\u00bb{}\u00bb][\/et_pb_row][\/et_pb_section]<\/p>\n","protected":false},"excerpt":{"rendered":"<p>En el Centro de Interpretaci\u00f3n Olivar y Aceite es un proyecto que persigue la divulgaci\u00f3n de la cultura del aceite. En esa linea se desarrolla el conjunto del trabajo que desarrollamos y que seguiremos desempe\u00f1ando en el pr\u00f3ximo a\u00f1o. Un trabajo realizado por la Asociaci\u00f3n Olivar y Aceite Provincia de Ja\u00e9n, compuesta por socios del [&hellip;]<\/p>\n","protected":false},"author":1,"featured_media":4115,"comment_status":"open","ping_status":"open","sticky":false,"template":"","format":"standard","meta":{"_et_pb_use_builder":"on","_et_pb_old_content":"<p>En el Centro de Interpretaci\u00f3n Olivar y Aceite es un proyecto que persigue la divulgaci\u00f3n de la cultura del aceite. En esa linea se desarrolla el conjunto del trabajo que desarrollamos y que seguiremos desempe\u00f1ando en el pr\u00f3ximo a\u00f1o. Un trabajo realizado por la Asociaci\u00f3n Olivar y Aceite Provincia de Ja\u00e9n, compuesta por socios del sector ole\u00edcola y entidades p\u00fablicas y privadas afines, que realiza un esfuerzo diario por promocionar el Aceite de Oliva Virgen Extra. Fruto de este esfuerzo, durante este ejercicio se han desarrollado numerosas actividades que a continuaci\u00f3n os resumimos como colof\u00f3n a este a\u00f1o que termina.<\/p><h2 style=\"text-align: center;\">Visitas tur\u00edsticas<\/h2><p>Esta es una de nuestras principales variantes y de nuestros grandes objetivos, promocionar y ense\u00f1ar nuestro oro l\u00edquido tanto con el visitante espa\u00f1ol como para el que viene de fuera de nuestras fronteras. Para ello atraemos a visitante espa\u00f1ol o extranjero que visita nuestra tierra buscando el oleoturismo. Grupos de salmantinos, madrile\u00f1os, polacos, canadienses, australianos, estadounidenses, chinos o de Arabia Saud\u00ed para profundizar en la cultura del\u00a0#AOVE. Un proyecto con m\u00e1s de 6000 visitantes contabilizados en los tres primeros trimestres del a\u00f1o.<\/p><p style=\"text-align: justify;\"><a href=\"http:\/\/centrodeolivaryaceite.com\/wp-content\/uploads\/2014\/12\/10439493_277349099104903_4840480249386145090_n.jpg\"><img src=\"http:\/\/centrodeolivaryaceite.com\/wp-content\/uploads\/2014\/12\/10439493_277349099104903_4840480249386145090_n.jpg\" alt=\"10439493_277349099104903_4840480249386145090_n\" width=\"190\" height=\"190\" \/><\/a>\u00a0<a href=\"http:\/\/centrodeolivaryaceite.com\/wp-content\/uploads\/2014\/12\/1977436_340854136087732_6918220801592752161_n.jpg\"><img class=\"alignnone wp-image-4055\" src=\"http:\/\/centrodeolivaryaceite.com\/wp-content\/uploads\/2014\/12\/1977436_340854136087732_6918220801592752161_n.jpg\" alt=\"1977436_340854136087732_6918220801592752161_n\" width=\"190\" height=\"190\" \/><\/a> <a href=\"http:\/\/centrodeolivaryaceite.com\/wp-content\/uploads\/2014\/12\/10850053_366618506844628_6224041513207742352_n.jpg\"><img class=\"alignnone wp-image-4027\" src=\"http:\/\/centrodeolivaryaceite.com\/wp-content\/uploads\/2014\/12\/10850053_366618506844628_6224041513207742352_n.jpg\" alt=\"10850053_366618506844628_6224041513207742352_n\" width=\"190\" height=\"190\" \/><\/a><\/p><p style=\"text-align: justify;\"><a href=\"http:\/\/centrodeolivaryaceite.com\/wp-content\/uploads\/2014\/12\/1457657_222559054583908_1086642111_n.jpg\"><img class=\"alignnone wp-image-4036\" src=\"http:\/\/centrodeolivaryaceite.com\/wp-content\/uploads\/2014\/12\/1457657_222559054583908_1086642111_n.jpg\" alt=\"1457657_222559054583908_1086642111_n\" width=\"190\" height=\"190\" \/><\/a> <a href=\"http:\/\/centrodeolivaryaceite.com\/wp-content\/uploads\/2014\/12\/10403249_277958829043930_7648996358095522326_n.jpg\"><img class=\"alignnone wp-image-4068\" src=\"http:\/\/centrodeolivaryaceite.com\/wp-content\/uploads\/2014\/12\/10403249_277958829043930_7648996358095522326_n.jpg\" alt=\"10403249_277958829043930_7648996358095522326_n\" width=\"190\" height=\"190\" \/><\/a>\u00a0<a href=\"http:\/\/centrodeolivaryaceite.com\/wp-content\/uploads\/2014\/12\/1517461_365059680333844_3428402492369914709_n.jpg\"><img class=\"alignnone wp-image-4076\" src=\"http:\/\/centrodeolivaryaceite.com\/wp-content\/uploads\/2014\/12\/1517461_365059680333844_3428402492369914709_n.jpg\" alt=\"1517461_365059680333844_3428402492369914709_n\" width=\"190\" height=\"190\" \/><\/a><\/p><h2>Conferencias<\/h2><p>Las Jornadas Virgen Extra Patrimonio Saludable fueron un hito importante dentro de este a\u00f1o.\u00a0Una cita que tuvo lugar el 24 de Septiembre,\u00a0enfocada hacia la promoci\u00f3n y divulgaci\u00f3n del Aceite de Oliva Virgen Extra, desde las vertientes de la promoci\u00f3n, experiencia, salud y gastronom\u00eda con ponentes de m\u00e1ximo nivel en cada una de estas l\u00edneas como fueron D\u00aa. Teresa P\u00e9rez (Gerente de la Interprofesional del Aceite de Oliva Espa\u00f1ol),\u00a0Sr.D. Carlos Falc\u00f3, Marqu\u00e9s de Gri\u00f1\u00f3n (Presidente de Pagos de Familia Marqu\u00e9s de Gri\u00f1\u00f3n ), Dr. Ram\u00f3n Estruch (Coordinador nacional del Estudio PREDIMED) o Chefs expertos en AOVE de la provincia.\u00a0Todo ello, adem\u00e1s, con el apoyo solidario a la Fundaci\u00f3n Huerta de San Antonio que lucha por salvar parte del patrimonio hist\u00f3rico de la ciudad, como es la Iglesia de San Lorenzo.<\/p><p>Adem\u00e1s celebramos otras citas importantes o conferencias importantes como las encuadradas en la programaci\u00f3n 'Ciudad Ciencia' organizadas por el Ayuntamiento de \u00dabeda, el Consejo Superior de Investigaciones Cient\u00edficas (CSIC) y la Obra Social \u2018la Caixa\u2019. Y tambien contamos, dentro de la pasada FEMA 2014, Feria de Maquinaria Agr\u00edcola de \u00dabeda, con \u00a0D. Fernando Miranda, Director General de Producciones y Mercados Agrarios del Ministerio de Agricultura y su conferencia que desarroll\u00f3 y en la que se abord\u00f3 por primera vez en la provincia los detalles de la Pol\u00edtica Agraria Com\u00fan (PAC) 2015-2020 y en la que se pudieron despejar varias inc\u00f3gnitas respecto a la nueva PAC.<\/p><p><a href=\"http:\/\/centrodeolivaryaceite.com\/wp-content\/uploads\/2014\/12\/1509813_361877153985430_5329867051009827669_n.jpg\">\u00a0<\/a><a href=\"http:\/\/centrodeolivaryaceite.com\/wp-content\/uploads\/2014\/09\/SAM_1268.jpg\"><img src=\"http:\/\/centrodeolivaryaceite.com\/wp-content\/uploads\/2014\/09\/SAM_1268.jpg\" alt=\"1\" width=\"190\" height=\"170\" \/><\/a>\u00a0<a href=\"http:\/\/centrodeolivaryaceite.com\/wp-content\/uploads\/2014\/08\/jornadas.jpg\"><img src=\"http:\/\/centrodeolivaryaceite.com\/wp-content\/uploads\/2014\/08\/jornadas.jpg\" alt=\"jornadas\" width=\"190\" height=\"230\" \/><\/a>\u00a0<a href=\"http:\/\/centrodeolivaryaceite.com\/wp-content\/uploads\/2014\/09\/SAM_12831.jpg\"><img src=\"http:\/\/centrodeolivaryaceite.com\/wp-content\/uploads\/2014\/09\/SAM_12831.jpg\" alt=\"10\" width=\"190\" height=\"170\" \/><\/a><\/p><p><a href=\"http:\/\/centrodeolivaryaceite.com\/wp-content\/uploads\/2014\/09\/SAM_1273.jpg\"><img src=\"http:\/\/centrodeolivaryaceite.com\/wp-content\/uploads\/2014\/09\/SAM_1273.jpg\" alt=\"8\" width=\"190\" height=\"170\" \/><\/a>\u00a0\u00a0<a href=\"http:\/\/centrodeolivaryaceite.com\/wp-content\/uploads\/2014\/09\/SAM_1395.jpg\"><img src=\"http:\/\/centrodeolivaryaceite.com\/wp-content\/uploads\/2014\/09\/SAM_1395.jpg\" alt=\"Francisco Pe\u00f1uela\" width=\"190\" height=\"170\" \/><\/a>\u00a0<a href=\"http:\/\/centrodeolivaryaceite.com\/wp-content\/uploads\/2014\/12\/1509813_361877153985430_5329867051009827669_n.jpg\"><img src=\"http:\/\/centrodeolivaryaceite.com\/wp-content\/uploads\/2014\/12\/1509813_361877153985430_5329867051009827669_n.jpg\" alt=\"1509813_361877153985430_5329867051009827669_n\" width=\"190\" height=\"170\" \/><\/a><\/p><h2 style=\"text-align: center;\">Nuestra cocina, donde termina el AOVE<\/h2><p style=\"text-align: left;\">El Aceite de Oliva Virgen Extra termina y se consume en la cocina. Es por ello que, siendo conscientes de este hecho, desarrollamos actividades formativas para profesionales o para amateurs con el objetivo de inclucar los buenos h\u00e1bitos y el bueno uso del AOVE en nuestros platos. \u00a0Manuela Monsalve, Anselmo Juarez, Jes\u00fas Palacios, Ana Basagoiti o\u00a0Pilar\u00a0Gilabert son nombres de Chefs que han realizado actividades gastron\u00f3micas en el Aula de Cocina del Centro de Interpretaci\u00f3n.<\/p><p style=\"text-align: left;\">Y no solamente para adultos, si no tambi\u00e9n para ni\u00f1os. Los minichefs se atreven con todo, Peritas de pur\u00e9 de patatas, Piruletas de calabac\u00edn y berenjena o Pizza sorpresa. Dieta mediterr\u00e1nea\u00a0con Aceite de Oliva Virgen Extra para que vayan aprendiendo a comer m\u00e1s saludablemente.<\/p><p style=\"text-align: left;\"><a href=\"http:\/\/centrodeolivaryaceite.com\/wp-content\/uploads\/2014\/12\/1921086_244033162436497_1406609410_o.jpg\"><img class=\"alignnone wp-image-4052\" src=\"http:\/\/centrodeolivaryaceite.com\/wp-content\/uploads\/2014\/12\/1921086_244033162436497_1406609410_o.jpg\" alt=\"1921086_244033162436497_1406609410_o\" width=\"190\" height=\"170\" \/><\/a>\u00a0\u00a0<img style=\"line-height: 1.5em;\" src=\"http:\/\/centrodeolivaryaceite.com\/wp-content\/uploads\/2014\/12\/1656111_246555445517602_1626002183_n.jpg\" alt=\"1656111_246555445517602_1626002183_n\" width=\"190\" height=\"170\" \/>\u00a0<a style=\"line-height: 1.5em;\" href=\"http:\/\/centrodeolivaryaceite.com\/wp-content\/uploads\/2014\/12\/1900189_248005738705906_309719740_o.jpg\"><img class=\"alignnone wp-image-4050\" src=\"http:\/\/centrodeolivaryaceite.com\/wp-content\/uploads\/2014\/12\/1900189_248005738705906_309719740_o.jpg\" alt=\"1900189_248005738705906_309719740_o\" width=\"190\" height=\"170\" \/><\/a><\/p><p style=\"text-align: left;\"><a href=\"http:\/\/centrodeolivaryaceite.com\/wp-content\/uploads\/2014\/12\/10806492_358825880957224_3672239069378672367_n.jpg\"><img class=\"alignnone wp-image-4025\" src=\"http:\/\/centrodeolivaryaceite.com\/wp-content\/uploads\/2014\/12\/10806492_358825880957224_3672239069378672367_n.jpg\" alt=\"10806492_358825880957224_3672239069378672367_n\" width=\"190\" height=\"190\" \/><\/a> <a href=\"http:\/\/centrodeolivaryaceite.com\/wp-content\/uploads\/2014\/12\/10612726_361881457318333_2636310574654288459_n.jpg\"><img class=\"alignnone wp-image-4020\" src=\"http:\/\/centrodeolivaryaceite.com\/wp-content\/uploads\/2014\/12\/10612726_361881457318333_2636310574654288459_n.jpg\" alt=\"10612726_361881457318333_2636310574654288459_n\" width=\"190\" height=\"190\" \/><\/a> <a href=\"http:\/\/centrodeolivaryaceite.com\/wp-content\/uploads\/2014\/12\/1625731_253401728166307_519134509_n.jpg\"><img src=\"http:\/\/centrodeolivaryaceite.com\/wp-content\/uploads\/2014\/12\/1625731_253401728166307_519134509_n.jpg\" alt=\"1625731_253401728166307_519134509_n\" width=\"190\" height=\"190\" \/><\/a><\/p><h2 style=\"text-align: center;\">Formaci\u00f3n y Cursos<\/h2><div><p>Hemos desarrollado diferentes cursos de formaci\u00f3n para el sector ole\u00edcola. Curso de Iniciaci\u00f3n o Avanzados de Cata de Aceites de Oliva V\u00edrgenes. Alumnos llegados desde Madrid, Valencia, Asturias, Extremadura, Murcia, Granada, C\u00f3rdoba, Ja\u00e9n, Madrid, Argentina o Nueva York han tenido la oportunidad de profundizar en los conocimientos de la cata de aceite. Y no solamente en cata, En esta ocasi\u00f3n hemos desarrollado un curso comprimido en dos d\u00edas en el que aprender un conocimiento inicial sobre los atributos positivos y negativos que nos regala el AOV.<\/p><div><a href=\"http:\/\/centrodeolivaryaceite.com\/wp-content\/uploads\/2014\/12\/1979730_255538171285996_900169182_n.jpg\"><img class=\"alignnone wp-image-4056\" src=\"http:\/\/centrodeolivaryaceite.com\/wp-content\/uploads\/2014\/12\/1979730_255538171285996_900169182_n.jpg\" alt=\"1979730_255538171285996_900169182_n\" width=\"190\" height=\"170\" \/><\/a> <a href=\"http:\/\/centrodeolivaryaceite.com\/wp-content\/uploads\/2014\/12\/1956686_245211412318672_631304058_o.jpg\"><img class=\"alignnone wp-image-4053\" src=\"http:\/\/centrodeolivaryaceite.com\/wp-content\/uploads\/2014\/12\/1956686_245211412318672_631304058_o.jpg\" alt=\"1956686_245211412318672_631304058_o\" width=\"190\" height=\"170\" \/><\/a>\u00a0<a href=\"http:\/\/centrodeolivaryaceite.com\/wp-content\/uploads\/2014\/12\/1920964_245206638985816_1609642619_o.jpg\"><img class=\"alignnone wp-image-4051\" src=\"http:\/\/centrodeolivaryaceite.com\/wp-content\/uploads\/2014\/12\/1920964_245206638985816_1609642619_o.jpg\" alt=\"1920964_245206638985816_1609642619_o\" width=\"190\" height=\"170\" \/><\/a><\/div><div>\u00a0<\/div><\/div><h2 style=\"text-align: center;\">Actividades y Talleres\u00a0de cata para Colegios<\/h2><div><p id=\"id_549466bc6d5fd2710650203\">Cuanto antes comencemos a aprender sobre la cultura del aceite, mucho mejor. Cientos de alumnos de Educaci\u00f3n Infantil, Primaria o Secundaria \u00a0pasaron por el Centro \u00a0aprendiendo sobre los tipos de aceites de oliva, c\u00f3mo se elaboran o el cultivo del olivar. Visitas, explicaciones, talleres de cata, talleres de jabones, talleres de cer\u00e1mica, visitas a almazaras y a olivares. Adem\u00e1s siempre acompa\u00f1ados con un desayuno molinero inculcando as\u00ed una alimentaci\u00f3n saludable con AOVE piedra angular de la dieta mediterr\u00e1nea. Este pr\u00f3ximo a\u00f1o ven con tu cole a aprender con nosotros mucho m\u00e1s sobre el aceite de oliva virgen extra.<\/p><div>Poco a poco debe de ir introduci\u00e9ndose la Cultura del AOVE en los colegios e institutos de nuestra provincia. Es uno de los principales objetivos del Centro de Interpretaci\u00f3n Olivar y Aceite, el divulgar y promulgar los beneficios del aceite de oliva virgen extra entre toda la poblaci\u00f3n. Y una muy buena manera es formar a formadores, como es el caso del profesorado, en una actividad entretenida y pedag\u00f3gica.<\/div><div>Visitas de escolares<\/div><div>\u00a0<\/div><div><a href=\"http:\/\/centrodeolivaryaceite.com\/wp-content\/uploads\/2014\/12\/1013812_270636676442812_6863794705390503209_n.jpg\"><img class=\"alignnone wp-image-4032\" src=\"http:\/\/centrodeolivaryaceite.com\/wp-content\/uploads\/2014\/12\/1013812_270636676442812_6863794705390503209_n.jpg\" alt=\"1013812_270636676442812_6863794705390503209_n\" width=\"190\" height=\"170\" \/><\/a> <a href=\"http:\/\/centrodeolivaryaceite.com\/wp-content\/uploads\/2014\/12\/10394045_356831731156639_4008373117755583081_n.jpg\"><img class=\"alignnone wp-image-4066\" src=\"http:\/\/centrodeolivaryaceite.com\/wp-content\/uploads\/2014\/12\/10394045_356831731156639_4008373117755583081_n.jpg\" alt=\"10394045_356831731156639_4008373117755583081_n\" width=\"190\" height=\"170\" \/><\/a> <a href=\"http:\/\/centrodeolivaryaceite.com\/wp-content\/uploads\/2014\/12\/10464213_297322877107525_1074000013887565440_n.jpg\"><img class=\"alignnone wp-image-4014\" src=\"http:\/\/centrodeolivaryaceite.com\/wp-content\/uploads\/2014\/12\/10464213_297322877107525_1074000013887565440_n.jpg\" alt=\"10464213_297322877107525_1074000013887565440_n\" width=\"190\" height=\"170\" \/><\/a><\/div><div>\u00a0<\/div><div><a href=\"http:\/\/centrodeolivaryaceite.com\/wp-content\/uploads\/2014\/12\/10357470_275361789303634_571958000751388771_n.jpg\"><img class=\" wp-image-4062 aligncenter\" src=\"http:\/\/centrodeolivaryaceite.com\/wp-content\/uploads\/2014\/12\/10357470_275361789303634_571958000751388771_n.jpg\" alt=\"10357470_275361789303634_571958000751388771_n\" width=\"190\" height=\"170\" \/><\/a><\/div><\/div><div>\u00a0<\/div><h2 style=\"text-align: center;\">Actividades y Talleres\u00a0Grupos, Asociaciones e Instituciones<\/h2><p>Vistantes de Grupos de Singapur, EEUU o \u00a0Institucionales de China o de la Delegaci\u00f3n de la C\u00e1mara de comercio \u00a0hispano turca con el objetivo de aprender de esta cultura. Algunas frases que nos dejaron fueron: \"Wonderful building\", \"Very, very, very interesting\" y \"Your attention is brilliant\" Habitualmente los visitantes for\u00e1neos les sorprende mucho tanto la actual industria del olivar y ole\u00edcola como los diferentes sabores y aromas que desprenden los aceites de oliva virgen. En muchos casos probaron por primera vez el aceite de oliva virgen.<\/p><p><a href=\"http:\/\/centrodeolivaryaceite.com\/wp-content\/uploads\/2014\/12\/10435523_353035868202892_6490347006158323696_n.jpg\"><img class=\"alignnone wp-image-4109\" src=\"http:\/\/centrodeolivaryaceite.com\/wp-content\/uploads\/2014\/12\/10435523_353035868202892_6490347006158323696_n.jpg\" alt=\"10435523_353035868202892_6490347006158323696_n\" width=\"190\" height=\"190\" \/><\/a> <a href=\"http:\/\/centrodeolivaryaceite.com\/wp-content\/uploads\/2014\/12\/10415551_366618513511294_4749761515439908563_n.jpg\"><img class=\"alignnone wp-image-4110\" src=\"http:\/\/centrodeolivaryaceite.com\/wp-content\/uploads\/2014\/12\/10415551_366618513511294_4749761515439908563_n.jpg\" alt=\"10415551_366618513511294_4749761515439908563_n\" width=\"190\" height=\"190\" \/><\/a> <a href=\"http:\/\/centrodeolivaryaceite.com\/wp-content\/uploads\/2014\/12\/10849992_366192640220548_2830451548298111655_n.jpg\"><img class=\"alignnone wp-image-4111\" src=\"http:\/\/centrodeolivaryaceite.com\/wp-content\/uploads\/2014\/12\/10849992_366192640220548_2830451548298111655_n.jpg\" alt=\"10849992_366192640220548_2830451548298111655_n\" width=\"190\" height=\"190\" \/><\/a><\/p><h2 style=\"text-align: center;\">Visitas institucionales y Otros Actos<\/h2><p>D\u00aa Carmen Crespo, Delegada del Gobierno en Andaluc\u00eda,\u00a0\u00a0Juan Lillo Subdelegado del Gobierno en Ja\u00e9n,\u00a0,\u00a0D. Juan Manuel Moreno Bonilla, D. Jos\u00e9 Enrique Fern\u00e1ndez de Moya, Alcalde de Ja\u00e9n, D.\u00a0Juan Antonio S\u00e1ez Mata Delegado de Turismo se mostraron muy interesados en la industria olivarera y en los diferentes productos que se obtienen de ella y, como no, en el Aceite de Oliva Virgen Extra en sus respectivas visitas agradeciendo\u00a0enormemente la apuesta de nuestros socios e instituciones participantes en el proyecto para que hoy en d\u00eda sea un activo importante para el mundo ole\u00edcola y contin\u00fae por el mismo camino.<\/p><p>Adem\u00e1s de acoger visitas institucionales, desarrollamos nuestros propios actos, como fue el caso de la Presentaci\u00f3n, Catas y Degustaci\u00f3n de Aceites de Oliva Virgen Extra de la Nueva Cosecha de 16 de nuestros socios. Un acto durante el que los clientes, visitantes y productores compartieron y disfrutaron de los aromas y sabores de ese aceite maravilloso de aceitunas verdes recogidas durante el mes de octubre con un esmerado proceso desde el \u00e1rbol hasta la botella. Un estupendo mar de aromas a tomate, hierba o pl\u00e1tano de estos magn\u00edficos.<\/p><p>Tambi\u00e9n tenemos una componente solidaria trabjando con la Fundaci\u00f3n Huerta de San Antonio o la Fundaci\u00f3n Banco de Alimentos. Es el caso de la campa\u00f1a solidaria de recogida de #AOVE, donando al Banco de Alimentos de Ja\u00e9n m\u00e1s de 300 litros gracias a los Socios de la Asociaci\u00f3n Olivar y Aceite Provincia de Ja\u00e9n y a la poblaci\u00f3n en general dentro de la iniciativa \"La Gran Recogida\".<\/p><p><a href=\"http:\/\/centrodeolivaryaceite.com\/wp-content\/uploads\/2014\/12\/1888515_347515892088223_2465804164952977720_n.jpg\"><img src=\"http:\/\/centrodeolivaryaceite.com\/wp-content\/uploads\/2014\/12\/1888515_347515892088223_2465804164952977720_n.jpg\" alt=\"1888515_347515892088223_2465804164952977720_n\" width=\"190\" height=\"170\" \/><\/a><img class=\"alignnone wp-image-4044\" src=\"http:\/\/centrodeolivaryaceite.com\/wp-content\/uploads\/2014\/12\/1551727_347515928754886_2278723789329744967_n.jpg\" alt=\"1551727_347515928754886_2278723789329744967_n\" width=\"190\" height=\"170\" \/> \u00a0<a href=\"http:\/\/centrodeolivaryaceite.com\/wp-content\/uploads\/2014\/12\/10299094_271288379710975_7562385594362417775_n.jpg\"><img class=\"alignnone wp-image-4059\" src=\"http:\/\/centrodeolivaryaceite.com\/wp-content\/uploads\/2014\/12\/10299094_271288379710975_7562385594362417775_n.jpg\" alt=\"10299094_271288379710975_7562385594362417775_n\" width=\"190\" height=\"170\" \/><\/a><\/p><p><img src=\"http:\/\/centrodeolivaryaceite.com\/wp-content\/uploads\/2014\/12\/10406750_364222563750889_3609730532749102602_n.jpg\" alt=\"10406750_364222563750889_3609730532749102602_n\" width=\"190\" height=\"190\" \/>\u00a0<a href=\"http:\/\/centrodeolivaryaceite.com\/wp-content\/uploads\/2014\/11\/24.jpg\"><img class=\"alignnone wp-image-3821\" src=\"http:\/\/centrodeolivaryaceite.com\/wp-content\/uploads\/2014\/11\/24.jpg\" alt=\"Presentaci\u00f3n de AOVEs\" width=\"190\" height=\"190\" \/><\/a> <a href=\"http:\/\/centrodeolivaryaceite.com\/wp-content\/uploads\/2014\/11\/22.jpg\"><img class=\"alignnone wp-image-3819\" src=\"http:\/\/centrodeolivaryaceite.com\/wp-content\/uploads\/2014\/11\/22.jpg\" alt=\"Presentaci\u00f3n de AOVEs\" width=\"190\" height=\"190\" \/><\/a><\/p><p>\u00a0<\/p><h2 style=\"text-align: center;\">\u00a0Participaci\u00f3n en Foros, Ferias y Conferencias<\/h2><p>La promoci\u00f3n de la Cultura del Aceite se realiza en el Centro de Interpretaci\u00f3n, pero la Asociaci\u00f3n tambi\u00e9n sale a realizar esta labor. Es el caso de la participaci\u00f3n en IX Jornadas Profesionales del\u00a0Aceite\u00a0de Oliva en Madrid. a trav\u00e9s de la mesa redonda: \"LAS MUJERES, PROTAGONISTAS DEL ACEITE DE OLIVA ESPA\u00d1OL\".<\/p><p>Participamos en la\u00a0\u00a0Encuentro Nacional de Maestros de Almazara organizado por Olvero y AEMODA, junto con D\u00aa Mari Paz Aguilera de CITOLIVA, con una ponencia dedicada al An\u00e1lisis Sensorial y una cata de AOVEs.\u00a0Estuvimos presentes en Fitur 2014 apostando por el Oleoturismo como nuevo motor tur\u00edstico de la provincia en el Stand de Ja\u00e9n.<\/p><p>Y a nivel local tuvimos presencia en\u00a0FEMA 2014, Feria de Maquinaria Agr\u00edcola de \u00dabeda, con diferentes actividades.\u00a0Tambi\u00e9n participamos en la Jornada Provincial de Formaci\u00f3n de Directores de Educaci\u00f3n Infantil y Primaria, en la que participaron 80 responsables de centros educativos jiennenses y que tuvieron la oportunidad de conocer de primera mano in situ, los recursos did\u00e1cticos sobre el olivar y el AOVE que les ofrece el Centro de Interpretaci\u00f3n Olivar y Aceite.<\/p><p><a href=\"http:\/\/centrodeolivaryaceite.com\/wp-content\/uploads\/2014\/12\/1604723_238063276366819_1964509994_n.jpg\"><img class=\"alignnone wp-image-4045\" src=\"http:\/\/centrodeolivaryaceite.com\/wp-content\/uploads\/2014\/12\/1604723_238063276366819_1964509994_n.jpg\" alt=\"1604723_238063276366819_1964509994_n\" width=\"190\" height=\"170\" \/><\/a> <a href=\"http:\/\/centrodeolivaryaceite.com\/wp-content\/uploads\/2014\/12\/10603307_342912789215200_5583185086210609248_n.jpg\"><img src=\"http:\/\/centrodeolivaryaceite.com\/wp-content\/uploads\/2014\/12\/10603307_342912789215200_5583185086210609248_n.jpg\" alt=\"10603307_342912789215200_5583185086210609248_n\" width=\"199\" height=\"111\" \/><\/a>\u00a0<a href=\"http:\/\/centrodeolivaryaceite.com\/wp-content\/uploads\/2014\/12\/10620417_355361621303650_4954830451394416959_o.jpg\"><img class=\"alignnone wp-image-4021\" src=\"http:\/\/centrodeolivaryaceite.com\/wp-content\/uploads\/2014\/12\/10620417_355361621303650_4954830451394416959_o.jpg\" alt=\"10620417_355361621303650_4954830451394416959_o\" width=\"190\" height=\"170\" \/><\/a><\/p><h2 style=\"text-align: center;\">PROGRAMAS DE TV<\/h2><p>La divulgaci\u00f3n de la cultura del AOVE se realiza en persona pero a trv\u00e9s de otros medios como son los de comunicaci\u00f3n. A comienzos de a\u00f1o se desarrollaron una serie de programas de TV acerca del sector ol\u00e9icola con presencia de nuestros socios:<\/p><p>OLIVAR Y ACEITE\u00a0<a href=\"https:\/\/www.youtube.com\/watch?v=-D3DTxpgqIU\" target=\"_blank\" rel=\"nofollow nofollow\">http:\/\/www.youtube.com\/watch?v=-D3DTxpgqIU<\/a><\/p><p>ACEITES TEMPRANOS <a href=\"http:\/\/www.youtube.com\/watch?v=u4YAz-aaWVU\">http:\/\/www.youtube.com\/watch?v=u4YAz-aaWVU<\/a><\/p><p>ACEITES MADUROS <a href=\"http:\/\/www.youtube.com\/watch?v=HhvMde5X6vQ\">http:\/\/www.youtube.com\/watch?v=HhvMde5X6vQ<\/a><\/p><p>Adem\u00e1s tuvimos grabaci\u00f3n de varios programas de Andaluc\u00eda Directo, Este es mi Pueblo o Tiene Arreglo de Canal Sur y \u00a0Canal Cocina. Tambi\u00e9n recibimos a periodistas de medios especializados extranjetos en viajes interesados en el AOVE\u00a0como parte de viajes de familiarizaci\u00f3n.<\/p><p><a href=\"http:\/\/centrodeolivaryaceite.com\/wp-content\/uploads\/2014\/12\/1515046_234486610057819_683376366_n.jpg\"><img class=\"alignnone wp-image-4042\" src=\"http:\/\/centrodeolivaryaceite.com\/wp-content\/uploads\/2014\/12\/1515046_234486610057819_683376366_n.jpg\" alt=\"1515046_234486610057819_683376366_n\" width=\"190\" height=\"170\" \/><\/a> <a href=\"http:\/\/centrodeolivaryaceite.com\/wp-content\/uploads\/2014\/12\/1455981_221456158027531_911645039_n.jpg\"><img class=\"alignnone wp-image-4034\" src=\"http:\/\/centrodeolivaryaceite.com\/wp-content\/uploads\/2014\/12\/1455981_221456158027531_911645039_n.jpg\" alt=\"1455981_221456158027531_911645039_n\" width=\"190\" height=\"170\" \/><\/a> <a href=\"http:\/\/centrodeolivaryaceite.com\/wp-content\/uploads\/2014\/12\/10687002_345053449001134_4810885921241430828_n.jpg\"><img class=\"alignnone wp-image-4023\" src=\"http:\/\/centrodeolivaryaceite.com\/wp-content\/uploads\/2014\/12\/10687002_345053449001134_4810885921241430828_n.jpg\" alt=\"10687002_345053449001134_4810885921241430828_n\" width=\"190\" height=\"170\" \/><\/a><\/p><p>\u00a0<\/p><h2 style=\"text-align: center;\"><span style=\"line-height: 1.5em;\">Nuevos Socios de la Asociaci\u00f3n Olivar y Aceite\u00a0<\/span><\/h2><p><span style=\"line-height: 1.5em;\">El proyecto de la Asociaci\u00f3n Olivar y Aceite Provincia de Ja\u00e9n sigue creciendo con la incorporaci\u00f3n de nuevos socios de toda la regi\u00f3n que vienen a afianzar la apuesta del sector ole\u00edcola por el proyecto del Centro de Interpretaci\u00f3n Olivar y Aceite. Prpcedentes de Baeza, Canena, Arjona, La Puerta de Segura, Arjonilla, Sabiote , Mog\u00f3n, Castellar o \u00dabeda son la fuerza y el impulso de este proyecto que lucha cada d\u00eda para posicionar el Aceite de Oliva Virgen Extra en lugar que se merece en el mundo.<\/span><\/p><p><a href=\"http:\/\/centrodeolivaryaceite.com\/wp-content\/uploads\/2014\/04\/IMAG1169.jpg\"><img class=\"wp-image-3148 aligncenter\" src=\"http:\/\/centrodeolivaryaceite.com\/wp-content\/uploads\/2014\/04\/IMAG1169.jpg\" alt=\"Nuevos socios\" width=\"417\" height=\"251\" \/><\/a><\/p><p><a href=\"http:\/\/centrodeolivaryaceite.com\/wp-content\/uploads\/2014\/12\/1546217_347765282063284_5540976509931823343_n.jpg\"><img class=\"wp-image-4043 aligncenter\" src=\"http:\/\/centrodeolivaryaceite.com\/wp-content\/uploads\/2014\/12\/1546217_347765282063284_5540976509931823343_n.jpg\" alt=\"1546217_347765282063284_5540976509931823343_n\" width=\"311\" height=\"311\" \/><\/a><\/p>","_et_gb_content_width":"","_jetpack_memberships_contains_paid_content":false,"footnotes":""},"categories":[1],"tags":[],"class_list":["post-3981","post","type-post","status-publish","format-standard","has-post-thumbnail","hentry","category-general"],"jetpack_featured_media_url":"https:\/\/i0.wp.com\/centrodeolivaryaceite.com\/wp-content\/uploads\/2014\/12\/2014.png?fit=500%2C333&ssl=1","jetpack_sharing_enabled":true,"jetpack_shortlink":"https:\/\/wp.me\/p95A9q-12d","_links":{"self":[{"href":"https:\/\/centrodeolivaryaceite.com\/es\/wp-json\/wp\/v2\/posts\/3981\/"}],"collection":[{"href":"https:\/\/centrodeolivaryaceite.com\/es\/wp-json\/wp\/v2\/posts\/"}],"about":[{"href":"https:\/\/centrodeolivaryaceite.com\/es\/wp-json\/wp\/v2\/types\/post\/"}],"author":[{"embeddable":true,"href":"https:\/\/centrodeolivaryaceite.com\/es\/wp-json\/wp\/v2\/users\/1\/"}],"replies":[{"embeddable":true,"href":"https:\/\/centrodeolivaryaceite.com\/es\/wp-json\/wp\/v2\/comments\/?post=3981"}],"version-history":[{"count":0,"href":"https:\/\/centrodeolivaryaceite.com\/es\/wp-json\/wp\/v2\/posts\/3981\/revisions\/"}],"wp:featuredmedia":[{"embeddable":true,"href":"https:\/\/centrodeolivaryaceite.com\/es\/wp-json\/wp\/v2\/media\/4115\/"}],"wp:attachment":[{"href":"https:\/\/centrodeolivaryaceite.com\/es\/wp-json\/wp\/v2\/media\/?parent=3981"}],"wp:term":[{"taxonomy":"category","embeddable":true,"href":"https:\/\/centrodeolivaryaceite.com\/es\/wp-json\/wp\/v2\/categories\/?post=3981"},{"taxonomy":"post_tag","embeddable":true,"href":"https:\/\/centrodeolivaryaceite.com\/es\/wp-json\/wp\/v2\/tags\/?post=3981"}],"curies":[{"name":"wp","href":"https:\/\/api.w.org\/{rel}","templated":true}]}}