{"id":4273,"date":"2015-04-10T17:17:27","date_gmt":"2015-04-10T17:17:27","guid":{"rendered":"http:\/\/centrodeolivaryaceitelaloma.com\/copiablog\/?p=4273"},"modified":"2022-07-29T11:40:04","modified_gmt":"2022-07-29T11:40:04","slug":"hojiblanca-una-variedad-presente-en-casi-toda-andalucia","status":"publish","type":"post","link":"https:\/\/centrodeolivaryaceite.com\/es\/hojiblanca-una-variedad-presente-en-casi-toda-andalucia\/","title":{"rendered":"Hojiblanca, una variedad presente en casi toda Andaluc\u00eda"},"content":{"rendered":"<p>[et_pb_section fb_built=\u00bb1&#8243; fullwidth=\u00bbon\u00bb custom_padding_last_edited=\u00bbon|desktop\u00bb admin_label=\u00bbSecci\u00f3n\u00bb _builder_version=\u00bb3.22&#8243; background_color=\u00bb#ffffff\u00bb background_image=\u00bbhttp:\/\/centrodeolivaryaceite.com\/wp-content\/uploads\/2016\/06\/page_header_bg_blue.jpg\u00bb custom_padding_tablet=\u00bb50px|0|50px|0&#8243; transparent_background=\u00bboff\u00bb padding_mobile=\u00bboff\u00bb make_fullwidth=\u00bboff\u00bb use_custom_width=\u00bboff\u00bb width_unit=\u00bbon\u00bb global_module=\u00bb5294&#8243; locked=\u00bboff\u00bb collapsed=\u00bboff\u00bb global_colors_info=\u00bb{}\u00bb custom_padding_phone=\u00bb50px|0|50px|0&#8243;][et_pb_fullwidth_post_title meta=\u00bboff\u00bb featured_image=\u00bboff\u00bb text_color=\u00bblight\u00bb text_background=\u00bbon\u00bb text_bg_color=\u00bbrgba(28,28,28,0.43)\u00bb admin_label=\u00bbT\u00edtulo\u00bb _builder_version=\u00bb4.17.6&#8243; _module_preset=\u00bbdefault\u00bb title_font=\u00bbRoboto Light||||\u00bb title_font_size=\u00bb35px\u00bb title_all_caps=\u00bbon\u00bb background_color=\u00bbrgba(255,255,255,0)\u00bb parallax=\u00bbon\u00bb parallax_method=\u00bboff\u00bb text_orientation=\u00bbcenter\u00bb use_border_color=\u00bboff\u00bb border_color=\u00bb#ffffff\u00bb border_style=\u00bbsolid\u00bb parallax_effect=\u00bbon\u00bb module_bg_color=\u00bbrgba(255,255,255,0)\u00bb global_colors_info=\u00bb{}\u00bb][\/et_pb_fullwidth_post_title][\/et_pb_section][et_pb_section fb_built=\u00bb1&#8243; custom_padding_last_edited=\u00bbon|desktop\u00bb admin_label=\u00bbSecci\u00f3n\u00bb _builder_version=\u00bb4.16&#8243; background_color=\u00bb#ffffff\u00bb custom_padding=\u00bb10px|||\u00bb custom_padding_tablet=\u00bb50px|0|50px|0&#8243; transparent_background=\u00bboff\u00bb padding_mobile=\u00bboff\u00bb make_fullwidth=\u00bboff\u00bb use_custom_width=\u00bboff\u00bb width_unit=\u00bbon\u00bb global_colors_info=\u00bb{}\u00bb custom_padding_phone=\u00bb50px|0|50px|0&#8243;][et_pb_row padding_mobile=\u00bboff\u00bb column_padding_mobile=\u00bbon\u00bb admin_label=\u00bbFila\u00bb _builder_version=\u00bb4.16&#8243; background_size=\u00bbinitial\u00bb background_position=\u00bbtop_left\u00bb background_repeat=\u00bbrepeat\u00bb custom_padding=\u00bb10px|||\u00bb make_fullwidth=\u00bboff\u00bb use_custom_width=\u00bboff\u00bb width_unit=\u00bbon\u00bb global_colors_info=\u00bb{}\u00bb][et_pb_column type=\u00bb4_4&#8243; _builder_version=\u00bb4.16&#8243; custom_padding=\u00bb|||\u00bb global_colors_info=\u00bb{}\u00bb custom_padding__hover=\u00bb|||\u00bb][et_pb_post_title title=\u00bboff\u00bb admin_label=\u00bbT\u00edtulo de publicaci\u00f3n\u00bb _builder_version=\u00bb4.16&#8243; title_all_caps=\u00bboff\u00bb background_color=\u00bbrgba(255,255,255,0)\u00bb parallax=\u00bbon\u00bb parallax_method=\u00bboff\u00bb use_border_color=\u00bboff\u00bb border_color=\u00bb#ffffff\u00bb border_style=\u00bbsolid\u00bb parallax_effect=\u00bbon\u00bb module_bg_color=\u00bbrgba(255,255,255,0)\u00bb global_colors_info=\u00bb{}\u00bb] [\/et_pb_post_title][\/et_pb_column][\/et_pb_row][\/et_pb_section][et_pb_section fb_built=\u00bb1&#8243; specialty=\u00bbon\u00bb custom_padding_last_edited=\u00bbon|desktop\u00bb parallax_method_1=\u00bboff\u00bb parallax_method_2=\u00bboff\u00bb admin_label=\u00bbSecci\u00f3n\u00bb _builder_version=\u00bb4.16&#8243; background_color=\u00bb#ffffff\u00bb custom_padding=\u00bb10px|||\u00bb custom_padding_tablet=\u00bb50px|0|50px|0&#8243; transparent_background=\u00bboff\u00bb padding_mobile=\u00bboff\u00bb make_fullwidth=\u00bboff\u00bb use_custom_width=\u00bboff\u00bb width_unit=\u00bbon\u00bb global_colors_info=\u00bb{}\u00bb custom_padding_phone=\u00bb50px|0|50px|0&#8243;][et_pb_column type=\u00bb2_3&#8243; specialty_columns=\u00bb2&#8243; _builder_version=\u00bb4.16&#8243; custom_padding=\u00bb|||\u00bb global_colors_info=\u00bb{}\u00bb custom_padding__hover=\u00bb|||\u00bb][et_pb_row_inner padding_mobile=\u00bboff\u00bb column_padding_mobile=\u00bbon\u00bb admin_label=\u00bbFila\u00bb _builder_version=\u00bb4.16&#8243; custom_padding=\u00bb0px|||\u00bb global_colors_info=\u00bb{}\u00bb][et_pb_column_inner saved_specialty_column_type=\u00bb2_3&#8243; _builder_version=\u00bb4.16&#8243; custom_padding=\u00bb|||\u00bb global_colors_info=\u00bb{}\u00bb custom_padding__hover=\u00bb|||\u00bb][et_pb_text admin_label=\u00bbText\u00bb _builder_version=\u00bb4.16&#8243; background_size=\u00bbinitial\u00bb background_position=\u00bbtop_left\u00bb background_repeat=\u00bbrepeat\u00bb global_colors_info=\u00bb{}\u00bb]Una de las variedades m\u00e1s conocidas en Espa\u00f1a por su cultivo y tambi\u00e9n porque una de las marcas comerciales m\u00e1s importantes del sector usa su nombre. En concreto, su nombre hace referencia al color claro de sus hojas, en concreto del env\u00e9s, y procede de Lucena (C\u00f3rdoba).\u00a0Su aceite es muy apreciado en calidad aunque no tiene gran estabilidad. Es una variedad que tiene doble aptitud, esto es, que se utiliza para extraer aceite y como aceituna de mesa. Se han hecho numerosas plantaciones al reclamo de ser una aceituna de verdeo que resiste el maltrato en recolecci\u00f3n, incluso alejada de su zona de cultivo.\u00a0\u00a0<span style=\"line-height: 1.5em;\">A continuaci\u00f3n os facilitamos algunos datos interesantes sobre esta variedad:<\/span><\/p>\n<p style=\"text-align: center;\">DENOMINACI\u00d3N Y SINONIMIAS<\/p>\n<p>\u00a0Tambi\u00e9n se le conoce en diferentes zonas como de\u00a0Casta de Lacena en Cabra y Lucentino en Baena, Cabra y Castro del R\u00edo..<\/p>\n<p style=\"text-align: center;\">ZONIFICACI\u00d3N<\/p>\n<p>Es la tercera variedad espa\u00f1ola en cuanto a superficie cultivada ocupando m\u00e1s de 265.000 ha en las provincias de C\u00f3rdoba (43 %), M\u00e1laga (30 %), Sevilla (17 %) y Granada (10 %).<\/p>\n<p style=\"text-align: center;\">CONSIDERACIONES AGRON\u00d3MICAS<\/p>\n<p>Estas caracter\u00edsticas que enunciamos a continuaci\u00f3n la hacen muy preciada. La precocidad de entrada en producci\u00f3n es media y su productividad elevada aunque alternante. La \u00e9poca de floraci\u00f3n es de media y a veces tard\u00eda. Su capacidad de enraizamiento se considera media y la maduraci\u00f3n es tard\u00eda presentando sus frutos una elevada resistencia al desprendimiento lo que dificulta su recolecci\u00f3n mecanizada. Como mencionabamos, tiene doble aptitud y se considera muy adecuada para el aderezo en negro tipo \u201ccaliforniano\u201d por la textura firme de su pulpa. Su contenido en aceite es bajo pero muy apreciado por su calidad. La separaci\u00f3n de la pulpa del hueso es dif\u00edcil. Variedad resistente a suelos calizos, sequ\u00eda y tolerante al fr\u00edo invernal. Se la considera susceptible a repilo, tuberculosis y verticilosis. Tampoco destaca por su resistencia a mosca y lepra.<\/p>\n<p style=\"text-align: center;\">Caracter\u00edsticas del \u00e1rbol:\u00a0VIGOR:\u00a0medio\u00a0PORTE:\u00a0erguido\u00a0DENSIDAD de copa:\u00a0media<a href=\"http:\/\/centrodeolivaryaceite.com\/wp-content\/uploads\/2014\/06\/arbequina.jpg\"><br \/>\n<\/a><\/p>\n<p style=\"text-align: center;\">\u00a0<img data-recalc-dims=\"1\" loading=\"lazy\" decoding=\"async\" data-attachment-id=\"4277\" data-permalink=\"https:\/\/centrodeolivaryaceite.com\/es\/hojiblanca-una-variedad-presente-en-casi-toda-andalucia\/hojiblanca-arbol-2\/\" data-orig-file=\"https:\/\/i0.wp.com\/centrodeolivaryaceite.com\/wp-content\/uploads\/2015\/05\/hojiblanca-arbol.jpg?fit=480%2C640&amp;ssl=1\" data-orig-size=\"480,640\" data-comments-opened=\"1\" data-image-meta=\"{&quot;aperture&quot;:&quot;0&quot;,&quot;credit&quot;:&quot;&quot;,&quot;camera&quot;:&quot;&quot;,&quot;caption&quot;:&quot;&quot;,&quot;created_timestamp&quot;:&quot;0&quot;,&quot;copyright&quot;:&quot;&quot;,&quot;focal_length&quot;:&quot;0&quot;,&quot;iso&quot;:&quot;0&quot;,&quot;shutter_speed&quot;:&quot;0&quot;,&quot;title&quot;:&quot;&quot;,&quot;orientation&quot;:&quot;0&quot;}\" data-image-title=\"hojiblanca arbol\" data-image-description=\"\" data-image-caption=\"\" data-medium-file=\"https:\/\/i0.wp.com\/centrodeolivaryaceite.com\/wp-content\/uploads\/2015\/05\/hojiblanca-arbol.jpg?fit=225%2C300&amp;ssl=1\" data-large-file=\"https:\/\/i0.wp.com\/centrodeolivaryaceite.com\/wp-content\/uploads\/2015\/05\/hojiblanca-arbol.jpg?fit=480%2C640&amp;ssl=1\" class=\"alignnone wp-image-4277\" src=\"https:\/\/i0.wp.com\/centrodeolivaryaceite.com\/wp-content\/uploads\/2015\/05\/hojiblanca-arbol.jpg?resize=253%2C337\" alt=\"hojiblanca arbol\" width=\"253\" height=\"337\" srcset=\"https:\/\/i0.wp.com\/centrodeolivaryaceite.com\/wp-content\/uploads\/2015\/05\/hojiblanca-arbol.jpg?w=480&amp;ssl=1 480w, https:\/\/i0.wp.com\/centrodeolivaryaceite.com\/wp-content\/uploads\/2015\/05\/hojiblanca-arbol.jpg?resize=225%2C300&amp;ssl=1 225w\" sizes=\"(max-width: 253px) 100vw, 253px\" \/><\/p>\n<p style=\"text-align: center;\">Caracter\u00edsticas de la hoja: FORMA: lanceolada LONGITUD: larga\u00a0ANCHURA: media<\/p>\n<p style=\"text-align: center;\"><a href=\"http:\/\/centrodeolivaryaceite.com\/wp-content\/uploads\/2015\/05\/hoja-hojiblanca.bmp\"><img loading=\"lazy\" decoding=\"async\" data-attachment-id=\"4275\" data-permalink=\"https:\/\/centrodeolivaryaceite.com\/es\/hojiblanca-una-variedad-presente-en-casi-toda-andalucia\/hoja-hojiblanca\/\" data-orig-file=\"https:\/\/centrodeolivaryaceite.com\/wp-content\/uploads\/2015\/05\/hoja-hojiblanca.bmp\" data-orig-size=\"123,211\" data-comments-opened=\"1\" data-image-meta=\"{&quot;aperture&quot;:&quot;0&quot;,&quot;credit&quot;:&quot;&quot;,&quot;camera&quot;:&quot;&quot;,&quot;caption&quot;:&quot;&quot;,&quot;created_timestamp&quot;:&quot;0&quot;,&quot;copyright&quot;:&quot;&quot;,&quot;focal_length&quot;:&quot;0&quot;,&quot;iso&quot;:&quot;0&quot;,&quot;shutter_speed&quot;:&quot;0&quot;,&quot;title&quot;:&quot;&quot;,&quot;orientation&quot;:&quot;0&quot;}\" data-image-title=\"hoja hojiblanca\" data-image-description=\"\" data-image-caption=\"\" data-medium-file=\"https:\/\/centrodeolivaryaceite.com\/wp-content\/uploads\/2015\/05\/hoja-hojiblanca.bmp\" data-large-file=\"https:\/\/centrodeolivaryaceite.com\/wp-content\/uploads\/2015\/05\/hoja-hojiblanca.bmp\" class=\"alignnone size-full wp-image-4275\" src=\"http:\/\/centrodeolivaryaceite.com\/wp-content\/uploads\/2015\/05\/hoja-hojiblanca.bmp\" alt=\"hoja hojiblanca\" width=\"123\" height=\"211\" \/><\/a><\/p>\n<p style=\"text-align: center;\">Caracter\u00edsticas del fruto: PESO: elevado\u00a0FORMA: ovoidal GRADO DE SIMETR\u00cdA: sim\u00e9trico DI\u00c1METRO TRANSVERSAL M\u00c1XIMO: centrado GRADO DE SIMETR\u00cdA (B): ligeramente asim\u00e9trico \u00c1PICE: redondeado BASE: redondeada\u00a0PEZ\u00d3N: ausente \u00a0COLOR EN MADURACI\u00d3N: violeta-negro<\/p>\n<p style=\"text-align: center;\">\u00a0<img loading=\"lazy\" decoding=\"async\" data-attachment-id=\"4274\" data-permalink=\"https:\/\/centrodeolivaryaceite.com\/es\/hojiblanca-una-variedad-presente-en-casi-toda-andalucia\/hojiblanca\/\" data-orig-file=\"https:\/\/centrodeolivaryaceite.com\/wp-content\/uploads\/2015\/05\/hojiblanca.bmp\" data-orig-size=\"179,166\" data-comments-opened=\"1\" data-image-meta=\"{&quot;aperture&quot;:&quot;0&quot;,&quot;credit&quot;:&quot;&quot;,&quot;camera&quot;:&quot;&quot;,&quot;caption&quot;:&quot;&quot;,&quot;created_timestamp&quot;:&quot;0&quot;,&quot;copyright&quot;:&quot;&quot;,&quot;focal_length&quot;:&quot;0&quot;,&quot;iso&quot;:&quot;0&quot;,&quot;shutter_speed&quot;:&quot;0&quot;,&quot;title&quot;:&quot;&quot;,&quot;orientation&quot;:&quot;0&quot;}\" data-image-title=\"hojiblanca\" data-image-description=\"\" data-image-caption=\"\" data-medium-file=\"https:\/\/centrodeolivaryaceite.com\/wp-content\/uploads\/2015\/05\/hojiblanca.bmp\" data-large-file=\"https:\/\/centrodeolivaryaceite.com\/wp-content\/uploads\/2015\/05\/hojiblanca.bmp\" class=\"alignnone size-full wp-image-4274\" src=\"http:\/\/centrodeolivaryaceite.com\/wp-content\/uploads\/2015\/05\/hojiblanca.bmp\" alt=\"hojiblanca\" width=\"179\" height=\"166\" \/><\/p>\n<p>[\/et_pb_text][et_pb_comments admin_label=\u00bbComentarios\u00bb _builder_version=\u00bb4.16&#8243; use_border_color=\u00bboff\u00bb border_color=\u00bb#ffffff\u00bb border_style=\u00bbsolid\u00bb button_letter_spacing_hover=\u00bb0&#8243; global_colors_info=\u00bb{}\u00bb button_text_size__hover_enabled=\u00bboff\u00bb button_one_text_size__hover_enabled=\u00bboff\u00bb button_two_text_size__hover_enabled=\u00bboff\u00bb button_text_color__hover_enabled=\u00bboff\u00bb button_one_text_color__hover_enabled=\u00bboff\u00bb button_two_text_color__hover_enabled=\u00bboff\u00bb button_border_width__hover_enabled=\u00bboff\u00bb button_one_border_width__hover_enabled=\u00bboff\u00bb button_two_border_width__hover_enabled=\u00bboff\u00bb button_border_color__hover_enabled=\u00bboff\u00bb button_one_border_color__hover_enabled=\u00bboff\u00bb button_two_border_color__hover_enabled=\u00bboff\u00bb button_border_radius__hover_enabled=\u00bboff\u00bb button_one_border_radius__hover_enabled=\u00bboff\u00bb button_two_border_radius__hover_enabled=\u00bboff\u00bb button_letter_spacing__hover_enabled=\u00bbon\u00bb button_letter_spacing__hover=\u00bb0&#8243; button_one_letter_spacing__hover_enabled=\u00bboff\u00bb button_two_letter_spacing__hover_enabled=\u00bboff\u00bb button_bg_color__hover_enabled=\u00bboff\u00bb button_one_bg_color__hover_enabled=\u00bboff\u00bb button_two_bg_color__hover_enabled=\u00bboff\u00bb] [\/et_pb_comments][\/et_pb_column_inner][\/et_pb_row_inner][\/et_pb_column][et_pb_column type=\u00bb1_3&#8243; _builder_version=\u00bb4.16&#8243; custom_padding=\u00bb|||\u00bb global_colors_info=\u00bb{}\u00bb custom_padding__hover=\u00bb|||\u00bb][et_pb_sidebar orientation=\u00bbright\u00bb area=\u00bbsidebar-1&#8243; admin_label=\u00bbBarra lateral\u00bb _builder_version=\u00bb4.16&#8243; remove_border=\u00bboff\u00bb global_colors_info=\u00bb{}\u00bb] [\/et_pb_sidebar][\/et_pb_column][\/et_pb_section][et_pb_section fb_built=\u00bb1&#8243; custom_padding_last_edited=\u00bbon|desktop\u00bb disabled_on=\u00bbon|on|on\u00bb admin_label=\u00bbSecci\u00f3n\u00bb _builder_version=\u00bb3.0.92&#8243; background_color=\u00bb#dedacf\u00bb custom_padding_tablet=\u00bb50px|0|50px|0&#8243; transparent_background=\u00bboff\u00bb padding_mobile=\u00bboff\u00bb make_fullwidth=\u00bboff\u00bb use_custom_width=\u00bboff\u00bb width_unit=\u00bbon\u00bb disabled=\u00bbon\u00bb global_module=\u00bb5116&#8243; collapsed=\u00bboff\u00bb global_colors_info=\u00bb{}\u00bb custom_padding_phone=\u00bb50px|0|50px|0&#8243;][et_pb_row _builder_version=\u00bb4.16&#8243; global_colors_info=\u00bb{}\u00bb][et_pb_column type=\u00bb4_4&#8243; _builder_version=\u00bb4.16&#8243; custom_padding=\u00bb|||\u00bb global_colors_info=\u00bb{}\u00bb custom_padding__hover=\u00bb|||\u00bb][\/et_pb_column][\/et_pb_row][\/et_pb_section][et_pb_section fb_built=\u00bb1&#8243; custom_padding_last_edited=\u00bbon|desktop\u00bb admin_label=\u00bbSecci\u00f3n\u00bb _builder_version=\u00bb3.22&#8243; background_color=\u00bb#ffffff\u00bb custom_padding=\u00bb10px||0px|\u00bb custom_padding_tablet=\u00bb50px|0|50px|0&#8243; transparent_background=\u00bboff\u00bb padding_mobile=\u00bboff\u00bb make_fullwidth=\u00bboff\u00bb use_custom_width=\u00bboff\u00bb width_unit=\u00bbon\u00bb global_module=\u00bb5115&#8243; collapsed=\u00bboff\u00bb global_colors_info=\u00bb{}\u00bb custom_padding_phone=\u00bb50px|0|50px|0&#8243;][et_pb_row padding_mobile=\u00bboff\u00bb column_padding_mobile=\u00bbon\u00bb _builder_version=\u00bb4.16&#8243; background_size=\u00bbinitial\u00bb background_position=\u00bbtop_left\u00bb background_repeat=\u00bbrepeat\u00bb max_width=\u00bb1080px\u00bb custom_padding=\u00bb0px||0px|\u00bb make_fullwidth=\u00bboff\u00bb use_custom_width=\u00bboff\u00bb width_unit=\u00bbon\u00bb global_colors_info=\u00bb{}\u00bb][\/et_pb_row][\/et_pb_section]<\/p>\n","protected":false},"excerpt":{"rendered":"<p>Una de las variedades m\u00e1s conocidas en Espa\u00f1a por su cultivo y tambi\u00e9n porque una de las marcas comerciales m\u00e1s importantes del sector usa su nombre. En concreto, su nombre hace referencia al color claro de sus hojas, en concreto del env\u00e9s, y procede de Lucena (C\u00f3rdoba).\u00a0Su aceite es muy apreciado en calidad aunque no [&hellip;]<\/p>\n","protected":false},"author":1,"featured_media":4278,"comment_status":"open","ping_status":"open","sticky":false,"template":"","format":"standard","meta":{"_et_pb_use_builder":"on","_et_pb_old_content":"<p>Una de las variedades m\u00e1s conocidas en Espa\u00f1a por su cultivo y tambi\u00e9n porque una de las marcas comerciales m\u00e1s importantes del sector usa su nombre. En concreto, su nombre hace referencia al color claro de sus hojas, en concreto del env\u00e9s, y procede de Lucena (C\u00f3rdoba).\u00a0Su aceite es muy apreciado en calidad aunque no tiene gran estabilidad. Es una variedad que tiene doble aptitud, esto es, que se utiliza para extraer aceite y como aceituna de mesa. Se han hecho numerosas plantaciones al reclamo de ser una aceituna de verdeo que resiste el maltrato en recolecci\u00f3n, incluso alejada de su zona de cultivo.\u00a0\u00a0<span style=\"line-height: 1.5em;\">A continuaci\u00f3n os facilitamos algunos datos interesantes sobre esta variedad:<\/span><\/p><p style=\"text-align: center;\">DENOMINACI\u00d3N Y SINONIMIAS<\/p><p>\u00a0Tambi\u00e9n se le conoce en diferentes zonas como de\u00a0Casta de Lacena en Cabra y Lucentino en Baena, Cabra y Castro del R\u00edo..<\/p><p style=\"text-align: center;\">ZONIFICACI\u00d3N<\/p><p>Es la tercera variedad espa\u00f1ola en cuanto a superficie cultivada ocupando m\u00e1s de 265.000 ha en las provincias de C\u00f3rdoba (43 %), M\u00e1laga (30 %), Sevilla (17 %) y Granada (10 %).<\/p><p style=\"text-align: center;\">CONSIDERACIONES AGRON\u00d3MICAS<\/p><p>Estas caracter\u00edsticas que enunciamos a continuaci\u00f3n la hacen muy preciada. La precocidad de entrada en producci\u00f3n es media y su productividad elevada aunque alternante. La \u00e9poca de floraci\u00f3n es de media y a veces tard\u00eda. Su capacidad de enraizamiento se considera media y la maduraci\u00f3n es tard\u00eda presentando sus frutos una elevada resistencia al desprendimiento lo que dificulta su recolecci\u00f3n mecanizada. Como mencionabamos, tiene doble aptitud y se considera muy adecuada para el aderezo en negro tipo \u201ccaliforniano\u201d por la textura firme de su pulpa. Su contenido en aceite es bajo pero muy apreciado por su calidad. La separaci\u00f3n de la pulpa del hueso es dif\u00edcil. Variedad resistente a suelos calizos, sequ\u00eda y tolerante al fr\u00edo invernal. Se la considera susceptible a repilo, tuberculosis y verticilosis. Tampoco destaca por su resistencia a mosca y lepra.<\/p><p style=\"text-align: center;\">Caracter\u00edsticas del \u00e1rbol:\u00a0VIGOR:\u00a0medio\u00a0PORTE:\u00a0erguido\u00a0DENSIDAD de copa:\u00a0media<a href=\"http:\/\/centrodeolivaryaceite.com\/wp-content\/uploads\/2014\/06\/arbequina.jpg\"><br \/> <\/a><\/p><p style=\"text-align: center;\">\u00a0<img class=\"alignnone wp-image-4277\" src=\"http:\/\/centrodeolivaryaceite.com\/wp-content\/uploads\/2015\/05\/hojiblanca-arbol.jpg\" alt=\"hojiblanca arbol\" width=\"253\" height=\"337\" \/><\/p><p style=\"text-align: center;\">Caracter\u00edsticas de la hoja: FORMA: lanceolada LONGITUD: larga\u00a0ANCHURA: media<\/p><p style=\"text-align: center;\"><a href=\"http:\/\/centrodeolivaryaceite.com\/wp-content\/uploads\/2015\/05\/hoja-hojiblanca.bmp\"><img class=\"alignnone size-full wp-image-4275\" src=\"http:\/\/centrodeolivaryaceite.com\/wp-content\/uploads\/2015\/05\/hoja-hojiblanca.bmp\" alt=\"hoja hojiblanca\" width=\"123\" height=\"211\" \/><\/a><\/p><p style=\"text-align: center;\">Caracter\u00edsticas del fruto: PESO: elevado\u00a0FORMA: ovoidal GRADO DE SIMETR\u00cdA: sim\u00e9trico DI\u00c1METRO TRANSVERSAL M\u00c1XIMO: centrado GRADO DE SIMETR\u00cdA (B): ligeramente asim\u00e9trico \u00c1PICE: redondeado BASE: redondeada\u00a0PEZ\u00d3N: ausente \u00a0COLOR EN MADURACI\u00d3N: violeta-negro<\/p><p style=\"text-align: center;\">\u00a0<img class=\"alignnone size-full wp-image-4274\" src=\"http:\/\/centrodeolivaryaceite.com\/wp-content\/uploads\/2015\/05\/hojiblanca.bmp\" alt=\"hojiblanca\" width=\"179\" height=\"166\" \/><\/p>","_et_gb_content_width":"","_jetpack_memberships_contains_paid_content":false,"footnotes":""},"categories":[39],"tags":[],"class_list":["post-4273","post","type-post","status-publish","format-standard","has-post-thumbnail","hentry","category-variedades-de-aceituna"],"jetpack_featured_media_url":"https:\/\/i0.wp.com\/centrodeolivaryaceite.com\/wp-content\/uploads\/2015\/05\/hojiblanca.jpg?fit=1280%2C960&ssl=1","jetpack_sharing_enabled":true,"jetpack_shortlink":"https:\/\/wp.me\/p95A9q-16V","_links":{"self":[{"href":"https:\/\/centrodeolivaryaceite.com\/es\/wp-json\/wp\/v2\/posts\/4273\/"}],"collection":[{"href":"https:\/\/centrodeolivaryaceite.com\/es\/wp-json\/wp\/v2\/posts\/"}],"about":[{"href":"https:\/\/centrodeolivaryaceite.com\/es\/wp-json\/wp\/v2\/types\/post\/"}],"author":[{"embeddable":true,"href":"https:\/\/centrodeolivaryaceite.com\/es\/wp-json\/wp\/v2\/users\/1\/"}],"replies":[{"embeddable":true,"href":"https:\/\/centrodeolivaryaceite.com\/es\/wp-json\/wp\/v2\/comments\/?post=4273"}],"version-history":[{"count":0,"href":"https:\/\/centrodeolivaryaceite.com\/es\/wp-json\/wp\/v2\/posts\/4273\/revisions\/"}],"wp:featuredmedia":[{"embeddable":true,"href":"https:\/\/centrodeolivaryaceite.com\/es\/wp-json\/wp\/v2\/media\/4278\/"}],"wp:attachment":[{"href":"https:\/\/centrodeolivaryaceite.com\/es\/wp-json\/wp\/v2\/media\/?parent=4273"}],"wp:term":[{"taxonomy":"category","embeddable":true,"href":"https:\/\/centrodeolivaryaceite.com\/es\/wp-json\/wp\/v2\/categories\/?post=4273"},{"taxonomy":"post_tag","embeddable":true,"href":"https:\/\/centrodeolivaryaceite.com\/es\/wp-json\/wp\/v2\/tags\/?post=4273"}],"curies":[{"name":"wp","href":"https:\/\/api.w.org\/{rel}","templated":true}]}}