{"id":44183,"date":"2023-03-19T07:39:02","date_gmt":"2023-03-19T07:39:02","guid":{"rendered":"https:\/\/centrodeolivaryaceite.com\/?p=44183"},"modified":"2023-07-29T08:16:56","modified_gmt":"2023-07-29T08:16:56","slug":"ubeda-monocromatica-nueva-exposicion-en-el-centro-de-interpretacion-olivar-y-aceite","status":"publish","type":"post","link":"https:\/\/centrodeolivaryaceite.com\/es\/ubeda-monocromatica-nueva-exposicion-en-el-centro-de-interpretacion-olivar-y-aceite\/","title":{"rendered":"\u00dabeda Monocrom\u00e1tica\u201d  Nueva exposici\u00f3n en el Centro de Interpretaci\u00f3n Olivar Y Aceite"},"content":{"rendered":"<p>Tras la remodelaci\u00f3n del espacio expositivo del Centro de Interpretaci\u00f3n \u201cOlivar y Aceite\u201d, continuamos con la acogida de nuevas muestras de artistas locales en nuestra flamante sala de exposiciones temporales. En esta ocasi\u00f3n acoge la exposici\u00f3n \u201cUbeda Monocrom\u00e1tica\u201d. Una muestra de dibujo de Emilio D\u00edez \u201cNandy\u201d que \u00a0capta la esencia de la riqueza monumental de \u00dabeda , a trav\u00e9s del \u00a0grafito y que podr\u00e1 visitarse hasta el 30 de junio.<\/p>\n<p>Para tal menester, la gerente Soledad Rom\u00e1n, \u00a0present\u00f3 el pasado 15 de marzo a medios, invitados y p\u00fablico en general, la exposici\u00f3n acompa\u00f1ado de su autor \u201cNandy\u201d. En este acto se agradeci\u00f3 al artista que haya elegido el Centro para exponer su muestra. Y m\u00e1s si cabe, siendo un autor que no se hab\u00eda prodigado en demas\u00eda en exposiciones en la ciudad.<\/p>\n<p>Con esta muestra el Centro de Interpretaci\u00f3n se abre una vez m\u00e1s al arte y la cultura, ya que son varias decenas las exposiciones que ya se han llevado a cabo por diferentes artistas, junto a diferentes eventos, tales como presentaciones de libros, cert\u00e1menes de poes\u00eda o incluso conciertos.<\/p>\n<p>Respecto al autor, Emilio D\u00edez, oriundo de Pa\u00edses Bajos y en la actualidad residente en \u00dabeda, donde desarrolla su trabajo. En esta etapa art\u00edstica plasma obras en su mayor\u00eda relacionadas con la arquitectura hist\u00f3rica, anatom\u00eda humana y cl\u00e1sicos.<\/p>\n<p>Nandy, nombre art\u00edstico, mostraba su agradecimiento al Centro de Interpretaci\u00f3n, por brindarle la oportunidad de exponer su obra en este maravilloso espacio. Para la ocasi\u00f3n, se trata de una muestra que, tal y como destacaba su autor, se centra en im\u00e1genes de la arquitectura religiosa y civil de la ciudad de \u00dabeda, mayormente de los siglos XV-XVII, mostrando la riqueza monumental de esta hist\u00f3rica ciudad, como el Salvador, la Bas\u00edlica de Santa Mar\u00eda de los Reales Alc\u00e1zares, la Iglesia de San Pablo, el Hospital de Santiago, la Iglesia de la Trinidad, etc.<\/p>\n<p>Una exposici\u00f3n sencilla a la vez que atractiva, que intenta poner en valor una austera y dif\u00edcil t\u00e9cnica de dibujo, como es el uso del grafito y todas sus variantes (carboncillo, portaminas y l\u00e1pices varios).<\/p>\n<p>Seg\u00fan \u00a0explicaba su autor \u00abes imposible pasar por alto, por la provincia donde vivimos, su riqueza monumental, el paisaje que nos rodea y el lugar donde se exponen estos trabajos. A su vez destacar el dedicar algunos de mis dibujos al mundo del aceite, entre ellos, la prensa hidr\u00e1ulica que se ubica en el patio interior del Centro de Interpretaci\u00f3n, as\u00ed como, un gui\u00f1o a un detalle del edificio, dibujando una de las rejas de forja , alojada en la paredes de la plaza aleda\u00f1a\u00bb.<\/p>\n<p>La exposici\u00f3n podr\u00e1 visitarse en el horario habitual del Centro de Interpretaci\u00f3n, de martes a s\u00e1bados en horario de 10h a 14h y de 17h a 19:30h y domingos, solo en horario de ma\u00f1ana.<\/p>\n<div class=\"tiled-gallery type-rectangular tiled-gallery-unresized\" data-original-width=\"1080\" data-carousel-extra='{&quot;blog_id&quot;:1,&quot;permalink&quot;:&quot;https:\\\/\\\/centrodeolivaryaceite.com\\\/es\\\/ubeda-monocromatica-nueva-exposicion-en-el-centro-de-interpretacion-olivar-y-aceite\\\/&quot;,&quot;likes_blog_id&quot;:134317632}' itemscope itemtype=\"http:\/\/schema.org\/ImageGallery\" > <div class=\"gallery-row\" style=\"width: 1080px; height: 387px;\" data-original-width=\"1080\" data-original-height=\"387\" > <div class=\"gallery-group images-1\" style=\"width: 276px; height: 387px;\" data-original-width=\"276\" data-original-height=\"387\" > <div class=\"tiled-gallery-item tiled-gallery-item-large\" itemprop=\"associatedMedia\" itemscope itemtype=\"http:\/\/schema.org\/ImageObject\"> <a href=\"https:\/\/centrodeolivaryaceite.com\/es\/ubeda-monocromatica-nueva-exposicion-en-el-centro-de-interpretacion-olivar-y-aceite\/cartel-nandy-sra3\/\" border=\"0\" itemprop=\"url\"> <meta itemprop=\"width\" content=\"272\"> <meta itemprop=\"height\" content=\"383\"> <img decoding=\"async\" class=\"\" data-attachment-id=\"44194\" data-orig-file=\"https:\/\/centrodeolivaryaceite.com\/wp-content\/uploads\/2023\/07\/Cartel-Nandy-Sra3-scaled.jpg\" data-orig-size=\"1821,2560\" data-comments-opened=\"1\" data-image-meta=\"{&quot;aperture&quot;:&quot;0&quot;,&quot;credit&quot;:&quot;&quot;,&quot;camera&quot;:&quot;&quot;,&quot;caption&quot;:&quot;&quot;,&quot;created_timestamp&quot;:&quot;0&quot;,&quot;copyright&quot;:&quot;&quot;,&quot;focal_length&quot;:&quot;0&quot;,&quot;iso&quot;:&quot;0&quot;,&quot;shutter_speed&quot;:&quot;0&quot;,&quot;title&quot;:&quot;&quot;,&quot;orientation&quot;:&quot;1&quot;}\" data-image-title=\"Cartel Nandy Sra3\" data-image-description=\"\" data-medium-file=\"https:\/\/i0.wp.com\/centrodeolivaryaceite.com\/wp-content\/uploads\/2023\/07\/Cartel-Nandy-Sra3-scaled.jpg?fit=213%2C300&#038;ssl=1\" data-large-file=\"https:\/\/i0.wp.com\/centrodeolivaryaceite.com\/wp-content\/uploads\/2023\/07\/Cartel-Nandy-Sra3-scaled.jpg?fit=728%2C1024&#038;ssl=1\" src=\"https:\/\/i0.wp.com\/centrodeolivaryaceite.com\/wp-content\/uploads\/2023\/07\/Cartel-Nandy-Sra3-scaled.jpg?w=272&#038;h=383&#038;ssl=1\" srcset=\"https:\/\/i0.wp.com\/centrodeolivaryaceite.com\/wp-content\/uploads\/2023\/07\/Cartel-Nandy-Sra3-scaled.jpg?w=1821&amp;ssl=1 1821w, https:\/\/i0.wp.com\/centrodeolivaryaceite.com\/wp-content\/uploads\/2023\/07\/Cartel-Nandy-Sra3-scaled.jpg?resize=213%2C300&amp;ssl=1 213w, https:\/\/i0.wp.com\/centrodeolivaryaceite.com\/wp-content\/uploads\/2023\/07\/Cartel-Nandy-Sra3-scaled.jpg?resize=728%2C1024&amp;ssl=1 728w, https:\/\/i0.wp.com\/centrodeolivaryaceite.com\/wp-content\/uploads\/2023\/07\/Cartel-Nandy-Sra3-scaled.jpg?resize=768%2C1080&amp;ssl=1 768w, https:\/\/i0.wp.com\/centrodeolivaryaceite.com\/wp-content\/uploads\/2023\/07\/Cartel-Nandy-Sra3-scaled.jpg?resize=1092%2C1536&amp;ssl=1 1092w, https:\/\/i0.wp.com\/centrodeolivaryaceite.com\/wp-content\/uploads\/2023\/07\/Cartel-Nandy-Sra3-scaled.jpg?resize=1457%2C2048&amp;ssl=1 1457w, https:\/\/i0.wp.com\/centrodeolivaryaceite.com\/wp-content\/uploads\/2023\/07\/Cartel-Nandy-Sra3-scaled.jpg?resize=1080%2C1519&amp;ssl=1 1080w, https:\/\/i0.wp.com\/centrodeolivaryaceite.com\/wp-content\/uploads\/2023\/07\/Cartel-Nandy-Sra3-scaled.jpg?resize=1280%2C1799&amp;ssl=1 1280w, https:\/\/i0.wp.com\/centrodeolivaryaceite.com\/wp-content\/uploads\/2023\/07\/Cartel-Nandy-Sra3-scaled.jpg?resize=980%2C1378&amp;ssl=1 980w, https:\/\/i0.wp.com\/centrodeolivaryaceite.com\/wp-content\/uploads\/2023\/07\/Cartel-Nandy-Sra3-scaled.jpg?resize=480%2C675&amp;ssl=1 480w\" width=\"272\" height=\"383\" loading=\"lazy\" data-original-width=\"272\" data-original-height=\"383\" itemprop=\"http:\/\/schema.org\/image\" title=\"Cartel Nandy Sra3\" alt=\"Cartel Nandy Sra3\" style=\"width: 272px; height: 383px;\" \/> <\/a> <\/div> <\/div> <!-- close group --> <div class=\"gallery-group images-1\" style=\"width: 291px; height: 387px;\" data-original-width=\"291\" data-original-height=\"387\" > <div class=\"tiled-gallery-item tiled-gallery-item-large\" itemprop=\"associatedMedia\" itemscope itemtype=\"http:\/\/schema.org\/ImageObject\"> <a href=\"https:\/\/centrodeolivaryaceite.com\/es\/ubeda-monocromatica-nueva-exposicion-en-el-centro-de-interpretacion-olivar-y-aceite\/whatsapp-image-2023-03-16-at-11-29-36\/\" border=\"0\" itemprop=\"url\"> <meta itemprop=\"width\" content=\"287\"> <meta itemprop=\"height\" content=\"383\"> <img decoding=\"async\" class=\"\" data-attachment-id=\"44202\" data-orig-file=\"https:\/\/centrodeolivaryaceite.com\/wp-content\/uploads\/2023\/07\/WhatsApp-Image-2023-03-16-at-11.29.36.jpeg\" data-orig-size=\"1200,1600\" data-comments-opened=\"1\" data-image-meta=\"{&quot;aperture&quot;:&quot;0&quot;,&quot;credit&quot;:&quot;&quot;,&quot;camera&quot;:&quot;&quot;,&quot;caption&quot;:&quot;&quot;,&quot;created_timestamp&quot;:&quot;0&quot;,&quot;copyright&quot;:&quot;&quot;,&quot;focal_length&quot;:&quot;0&quot;,&quot;iso&quot;:&quot;0&quot;,&quot;shutter_speed&quot;:&quot;0&quot;,&quot;title&quot;:&quot;&quot;,&quot;orientation&quot;:&quot;0&quot;}\" data-image-title=\"WhatsApp Image 2023-03-16 at 11.29.36\" data-image-description=\"\" data-medium-file=\"https:\/\/i0.wp.com\/centrodeolivaryaceite.com\/wp-content\/uploads\/2023\/07\/WhatsApp-Image-2023-03-16-at-11.29.36.jpeg?fit=225%2C300&#038;ssl=1\" data-large-file=\"https:\/\/i0.wp.com\/centrodeolivaryaceite.com\/wp-content\/uploads\/2023\/07\/WhatsApp-Image-2023-03-16-at-11.29.36.jpeg?fit=768%2C1024&#038;ssl=1\" src=\"https:\/\/i0.wp.com\/centrodeolivaryaceite.com\/wp-content\/uploads\/2023\/07\/WhatsApp-Image-2023-03-16-at-11.29.36.jpeg?w=287&#038;h=383&#038;ssl=1\" srcset=\"https:\/\/i0.wp.com\/centrodeolivaryaceite.com\/wp-content\/uploads\/2023\/07\/WhatsApp-Image-2023-03-16-at-11.29.36.jpeg?w=1200&amp;ssl=1 1200w, https:\/\/i0.wp.com\/centrodeolivaryaceite.com\/wp-content\/uploads\/2023\/07\/WhatsApp-Image-2023-03-16-at-11.29.36.jpeg?resize=225%2C300&amp;ssl=1 225w, https:\/\/i0.wp.com\/centrodeolivaryaceite.com\/wp-content\/uploads\/2023\/07\/WhatsApp-Image-2023-03-16-at-11.29.36.jpeg?resize=768%2C1024&amp;ssl=1 768w, https:\/\/i0.wp.com\/centrodeolivaryaceite.com\/wp-content\/uploads\/2023\/07\/WhatsApp-Image-2023-03-16-at-11.29.36.jpeg?resize=1152%2C1536&amp;ssl=1 1152w, https:\/\/i0.wp.com\/centrodeolivaryaceite.com\/wp-content\/uploads\/2023\/07\/WhatsApp-Image-2023-03-16-at-11.29.36.jpeg?resize=1080%2C1440&amp;ssl=1 1080w, https:\/\/i0.wp.com\/centrodeolivaryaceite.com\/wp-content\/uploads\/2023\/07\/WhatsApp-Image-2023-03-16-at-11.29.36.jpeg?resize=980%2C1307&amp;ssl=1 980w, https:\/\/i0.wp.com\/centrodeolivaryaceite.com\/wp-content\/uploads\/2023\/07\/WhatsApp-Image-2023-03-16-at-11.29.36.jpeg?resize=480%2C640&amp;ssl=1 480w\" width=\"287\" height=\"383\" loading=\"lazy\" data-original-width=\"287\" data-original-height=\"383\" itemprop=\"http:\/\/schema.org\/image\" title=\"WhatsApp Image 2023-03-16 at 11.29.36\" alt=\"WhatsApp Image 2023-03-16 at 11.29.36\" style=\"width: 287px; height: 383px;\" \/> <\/a> <\/div> <\/div> <!-- close group --> <div class=\"gallery-group images-1\" style=\"width: 513px; height: 387px;\" data-original-width=\"513\" data-original-height=\"387\" > <div class=\"tiled-gallery-item tiled-gallery-item-large\" itemprop=\"associatedMedia\" itemscope itemtype=\"http:\/\/schema.org\/ImageObject\"> <a href=\"https:\/\/centrodeolivaryaceite.com\/es\/ubeda-monocromatica-nueva-exposicion-en-el-centro-de-interpretacion-olivar-y-aceite\/exposicion-nandy-2\/\" border=\"0\" itemprop=\"url\"> <meta itemprop=\"width\" content=\"509\"> <meta itemprop=\"height\" content=\"383\"> <img decoding=\"async\" class=\"\" data-attachment-id=\"44188\" data-orig-file=\"https:\/\/centrodeolivaryaceite.com\/wp-content\/uploads\/2023\/07\/Exposicion-Nandy-2.jpg\" data-orig-size=\"1600,1204\" data-comments-opened=\"1\" data-image-meta=\"{&quot;aperture&quot;:&quot;0&quot;,&quot;credit&quot;:&quot;&quot;,&quot;camera&quot;:&quot;&quot;,&quot;caption&quot;:&quot;&quot;,&quot;created_timestamp&quot;:&quot;0&quot;,&quot;copyright&quot;:&quot;&quot;,&quot;focal_length&quot;:&quot;0&quot;,&quot;iso&quot;:&quot;0&quot;,&quot;shutter_speed&quot;:&quot;0&quot;,&quot;title&quot;:&quot;&quot;,&quot;orientation&quot;:&quot;0&quot;}\" data-image-title=\"Exposici\u00f3n Nandy (2)\" data-image-description=\"\" data-medium-file=\"https:\/\/i0.wp.com\/centrodeolivaryaceite.com\/wp-content\/uploads\/2023\/07\/Exposicion-Nandy-2.jpg?fit=300%2C226&#038;ssl=1\" data-large-file=\"https:\/\/i0.wp.com\/centrodeolivaryaceite.com\/wp-content\/uploads\/2023\/07\/Exposicion-Nandy-2.jpg?fit=1024%2C771&#038;ssl=1\" src=\"https:\/\/i0.wp.com\/centrodeolivaryaceite.com\/wp-content\/uploads\/2023\/07\/Exposicion-Nandy-2.jpg?w=509&#038;h=383&#038;ssl=1\" srcset=\"https:\/\/i0.wp.com\/centrodeolivaryaceite.com\/wp-content\/uploads\/2023\/07\/Exposicion-Nandy-2.jpg?w=1600&amp;ssl=1 1600w, https:\/\/i0.wp.com\/centrodeolivaryaceite.com\/wp-content\/uploads\/2023\/07\/Exposicion-Nandy-2.jpg?resize=300%2C226&amp;ssl=1 300w, https:\/\/i0.wp.com\/centrodeolivaryaceite.com\/wp-content\/uploads\/2023\/07\/Exposicion-Nandy-2.jpg?resize=1024%2C771&amp;ssl=1 1024w, https:\/\/i0.wp.com\/centrodeolivaryaceite.com\/wp-content\/uploads\/2023\/07\/Exposicion-Nandy-2.jpg?resize=768%2C578&amp;ssl=1 768w, https:\/\/i0.wp.com\/centrodeolivaryaceite.com\/wp-content\/uploads\/2023\/07\/Exposicion-Nandy-2.jpg?resize=1536%2C1156&amp;ssl=1 1536w, https:\/\/i0.wp.com\/centrodeolivaryaceite.com\/wp-content\/uploads\/2023\/07\/Exposicion-Nandy-2.jpg?resize=1080%2C813&amp;ssl=1 1080w, https:\/\/i0.wp.com\/centrodeolivaryaceite.com\/wp-content\/uploads\/2023\/07\/Exposicion-Nandy-2.jpg?resize=1280%2C963&amp;ssl=1 1280w, https:\/\/i0.wp.com\/centrodeolivaryaceite.com\/wp-content\/uploads\/2023\/07\/Exposicion-Nandy-2.jpg?resize=980%2C737&amp;ssl=1 980w, https:\/\/i0.wp.com\/centrodeolivaryaceite.com\/wp-content\/uploads\/2023\/07\/Exposicion-Nandy-2.jpg?resize=480%2C361&amp;ssl=1 480w\" width=\"509\" height=\"383\" loading=\"lazy\" data-original-width=\"509\" data-original-height=\"383\" itemprop=\"http:\/\/schema.org\/image\" title=\"Exposici\u00f3n Nandy (2)\" alt=\"Exposici\u00f3n Nandy (2)\" style=\"width: 509px; height: 383px;\" \/> <\/a> <\/div> <\/div> <!-- close group --> <\/div> <!-- close row --> <div class=\"gallery-row\" style=\"width: 1080px; height: 762px;\" data-original-width=\"1080\" data-original-height=\"762\" > <div class=\"gallery-group images-2\" style=\"width: 506px; height: 762px;\" data-original-width=\"506\" data-original-height=\"762\" > <div class=\"tiled-gallery-item tiled-gallery-item-large\" itemprop=\"associatedMedia\" itemscope itemtype=\"http:\/\/schema.org\/ImageObject\"> <a href=\"https:\/\/centrodeolivaryaceite.com\/es\/ubeda-monocromatica-nueva-exposicion-en-el-centro-de-interpretacion-olivar-y-aceite\/exposicion-nandy-5\/\" border=\"0\" itemprop=\"url\"> <meta itemprop=\"width\" content=\"502\"> <meta itemprop=\"height\" content=\"378\"> <img decoding=\"async\" class=\"\" data-attachment-id=\"44184\" data-orig-file=\"https:\/\/centrodeolivaryaceite.com\/wp-content\/uploads\/2023\/07\/Exposicion-Nandy-5.jpg\" data-orig-size=\"1600,1204\" data-comments-opened=\"1\" data-image-meta=\"{&quot;aperture&quot;:&quot;0&quot;,&quot;credit&quot;:&quot;&quot;,&quot;camera&quot;:&quot;&quot;,&quot;caption&quot;:&quot;&quot;,&quot;created_timestamp&quot;:&quot;0&quot;,&quot;copyright&quot;:&quot;&quot;,&quot;focal_length&quot;:&quot;0&quot;,&quot;iso&quot;:&quot;0&quot;,&quot;shutter_speed&quot;:&quot;0&quot;,&quot;title&quot;:&quot;&quot;,&quot;orientation&quot;:&quot;0&quot;}\" data-image-title=\"Exposici\u00f3n Nandy (5)\" data-image-description=\"\" data-medium-file=\"https:\/\/i0.wp.com\/centrodeolivaryaceite.com\/wp-content\/uploads\/2023\/07\/Exposicion-Nandy-5.jpg?fit=300%2C226&#038;ssl=1\" data-large-file=\"https:\/\/i0.wp.com\/centrodeolivaryaceite.com\/wp-content\/uploads\/2023\/07\/Exposicion-Nandy-5.jpg?fit=1024%2C771&#038;ssl=1\" src=\"https:\/\/i0.wp.com\/centrodeolivaryaceite.com\/wp-content\/uploads\/2023\/07\/Exposicion-Nandy-5.jpg?w=502&#038;h=378&#038;ssl=1\" srcset=\"https:\/\/i0.wp.com\/centrodeolivaryaceite.com\/wp-content\/uploads\/2023\/07\/Exposicion-Nandy-5.jpg?w=1600&amp;ssl=1 1600w, https:\/\/i0.wp.com\/centrodeolivaryaceite.com\/wp-content\/uploads\/2023\/07\/Exposicion-Nandy-5.jpg?resize=300%2C226&amp;ssl=1 300w, https:\/\/i0.wp.com\/centrodeolivaryaceite.com\/wp-content\/uploads\/2023\/07\/Exposicion-Nandy-5.jpg?resize=1024%2C771&amp;ssl=1 1024w, https:\/\/i0.wp.com\/centrodeolivaryaceite.com\/wp-content\/uploads\/2023\/07\/Exposicion-Nandy-5.jpg?resize=768%2C578&amp;ssl=1 768w, https:\/\/i0.wp.com\/centrodeolivaryaceite.com\/wp-content\/uploads\/2023\/07\/Exposicion-Nandy-5.jpg?resize=1536%2C1156&amp;ssl=1 1536w, https:\/\/i0.wp.com\/centrodeolivaryaceite.com\/wp-content\/uploads\/2023\/07\/Exposicion-Nandy-5.jpg?resize=1080%2C813&amp;ssl=1 1080w, https:\/\/i0.wp.com\/centrodeolivaryaceite.com\/wp-content\/uploads\/2023\/07\/Exposicion-Nandy-5.jpg?resize=1280%2C963&amp;ssl=1 1280w, https:\/\/i0.wp.com\/centrodeolivaryaceite.com\/wp-content\/uploads\/2023\/07\/Exposicion-Nandy-5.jpg?resize=980%2C737&amp;ssl=1 980w, https:\/\/i0.wp.com\/centrodeolivaryaceite.com\/wp-content\/uploads\/2023\/07\/Exposicion-Nandy-5.jpg?resize=480%2C361&amp;ssl=1 480w\" width=\"502\" height=\"378\" loading=\"lazy\" data-original-width=\"502\" data-original-height=\"378\" itemprop=\"http:\/\/schema.org\/image\" title=\"Exposici\u00f3n Nandy (5)\" alt=\"Exposici\u00f3n Nandy (5)\" style=\"width: 502px; height: 378px;\" \/> <\/a> <\/div> <div class=\"tiled-gallery-item tiled-gallery-item-large\" itemprop=\"associatedMedia\" itemscope itemtype=\"http:\/\/schema.org\/ImageObject\"> <a href=\"https:\/\/centrodeolivaryaceite.com\/es\/ubeda-monocromatica-nueva-exposicion-en-el-centro-de-interpretacion-olivar-y-aceite\/exposicion-nandy-4\/\" border=\"0\" itemprop=\"url\"> <meta itemprop=\"width\" content=\"502\"> <meta itemprop=\"height\" content=\"376\"> <img decoding=\"async\" class=\"\" data-attachment-id=\"44192\" data-orig-file=\"https:\/\/centrodeolivaryaceite.com\/wp-content\/uploads\/2023\/07\/Exposicion-Nandy-4.jpg\" data-orig-size=\"1600,1200\" data-comments-opened=\"1\" data-image-meta=\"{&quot;aperture&quot;:&quot;0&quot;,&quot;credit&quot;:&quot;&quot;,&quot;camera&quot;:&quot;&quot;,&quot;caption&quot;:&quot;&quot;,&quot;created_timestamp&quot;:&quot;0&quot;,&quot;copyright&quot;:&quot;&quot;,&quot;focal_length&quot;:&quot;0&quot;,&quot;iso&quot;:&quot;0&quot;,&quot;shutter_speed&quot;:&quot;0&quot;,&quot;title&quot;:&quot;&quot;,&quot;orientation&quot;:&quot;0&quot;}\" data-image-title=\"Exposici\u00f3n Nandy (4)\" data-image-description=\"\" data-medium-file=\"https:\/\/i0.wp.com\/centrodeolivaryaceite.com\/wp-content\/uploads\/2023\/07\/Exposicion-Nandy-4.jpg?fit=300%2C225&#038;ssl=1\" data-large-file=\"https:\/\/i0.wp.com\/centrodeolivaryaceite.com\/wp-content\/uploads\/2023\/07\/Exposicion-Nandy-4.jpg?fit=1024%2C768&#038;ssl=1\" src=\"https:\/\/i0.wp.com\/centrodeolivaryaceite.com\/wp-content\/uploads\/2023\/07\/Exposicion-Nandy-4.jpg?w=502&#038;h=376&#038;ssl=1\" srcset=\"https:\/\/i0.wp.com\/centrodeolivaryaceite.com\/wp-content\/uploads\/2023\/07\/Exposicion-Nandy-4.jpg?w=1600&amp;ssl=1 1600w, https:\/\/i0.wp.com\/centrodeolivaryaceite.com\/wp-content\/uploads\/2023\/07\/Exposicion-Nandy-4.jpg?resize=300%2C225&amp;ssl=1 300w, https:\/\/i0.wp.com\/centrodeolivaryaceite.com\/wp-content\/uploads\/2023\/07\/Exposicion-Nandy-4.jpg?resize=1024%2C768&amp;ssl=1 1024w, https:\/\/i0.wp.com\/centrodeolivaryaceite.com\/wp-content\/uploads\/2023\/07\/Exposicion-Nandy-4.jpg?resize=768%2C576&amp;ssl=1 768w, https:\/\/i0.wp.com\/centrodeolivaryaceite.com\/wp-content\/uploads\/2023\/07\/Exposicion-Nandy-4.jpg?resize=1536%2C1152&amp;ssl=1 1536w, https:\/\/i0.wp.com\/centrodeolivaryaceite.com\/wp-content\/uploads\/2023\/07\/Exposicion-Nandy-4.jpg?resize=510%2C382&amp;ssl=1 510w, https:\/\/i0.wp.com\/centrodeolivaryaceite.com\/wp-content\/uploads\/2023\/07\/Exposicion-Nandy-4.jpg?resize=1080%2C810&amp;ssl=1 1080w, https:\/\/i0.wp.com\/centrodeolivaryaceite.com\/wp-content\/uploads\/2023\/07\/Exposicion-Nandy-4.jpg?resize=1280%2C960&amp;ssl=1 1280w, https:\/\/i0.wp.com\/centrodeolivaryaceite.com\/wp-content\/uploads\/2023\/07\/Exposicion-Nandy-4.jpg?resize=980%2C735&amp;ssl=1 980w, https:\/\/i0.wp.com\/centrodeolivaryaceite.com\/wp-content\/uploads\/2023\/07\/Exposicion-Nandy-4.jpg?resize=480%2C360&amp;ssl=1 480w\" width=\"502\" height=\"376\" loading=\"lazy\" data-original-width=\"502\" data-original-height=\"376\" itemprop=\"http:\/\/schema.org\/image\" title=\"Exposici\u00f3n Nandy (4)\" alt=\"Exposici\u00f3n Nandy (4)\" style=\"width: 502px; height: 376px;\" \/> <\/a> <\/div> <\/div> <!-- close group --> <div class=\"gallery-group images-1\" style=\"width: 574px; height: 762px;\" data-original-width=\"574\" data-original-height=\"762\" > <div class=\"tiled-gallery-item tiled-gallery-item-large\" itemprop=\"associatedMedia\" itemscope itemtype=\"http:\/\/schema.org\/ImageObject\"> <a href=\"https:\/\/centrodeolivaryaceite.com\/es\/ubeda-monocromatica-nueva-exposicion-en-el-centro-de-interpretacion-olivar-y-aceite\/whatsapp-image-2023-03-16-at-11-30-541\/\" border=\"0\" itemprop=\"url\"> <meta itemprop=\"width\" content=\"570\"> <meta itemprop=\"height\" content=\"758\"> <img decoding=\"async\" class=\"\" data-attachment-id=\"44196\" data-orig-file=\"https:\/\/centrodeolivaryaceite.com\/wp-content\/uploads\/2023\/07\/WhatsApp-Image-2023-03-16-at-11.30.541.jpeg\" data-orig-size=\"1204,1600\" data-comments-opened=\"1\" data-image-meta=\"{&quot;aperture&quot;:&quot;0&quot;,&quot;credit&quot;:&quot;&quot;,&quot;camera&quot;:&quot;&quot;,&quot;caption&quot;:&quot;&quot;,&quot;created_timestamp&quot;:&quot;0&quot;,&quot;copyright&quot;:&quot;&quot;,&quot;focal_length&quot;:&quot;0&quot;,&quot;iso&quot;:&quot;0&quot;,&quot;shutter_speed&quot;:&quot;0&quot;,&quot;title&quot;:&quot;&quot;,&quot;orientation&quot;:&quot;0&quot;}\" data-image-title=\"WhatsApp Image 2023-03-16 at 11.30.54(1)\" data-image-description=\"\" data-medium-file=\"https:\/\/i0.wp.com\/centrodeolivaryaceite.com\/wp-content\/uploads\/2023\/07\/WhatsApp-Image-2023-03-16-at-11.30.541.jpeg?fit=226%2C300&#038;ssl=1\" data-large-file=\"https:\/\/i0.wp.com\/centrodeolivaryaceite.com\/wp-content\/uploads\/2023\/07\/WhatsApp-Image-2023-03-16-at-11.30.541.jpeg?fit=771%2C1024&#038;ssl=1\" src=\"https:\/\/i0.wp.com\/centrodeolivaryaceite.com\/wp-content\/uploads\/2023\/07\/WhatsApp-Image-2023-03-16-at-11.30.541.jpeg?w=570&#038;h=758&#038;ssl=1\" srcset=\"https:\/\/i0.wp.com\/centrodeolivaryaceite.com\/wp-content\/uploads\/2023\/07\/WhatsApp-Image-2023-03-16-at-11.30.541.jpeg?w=1204&amp;ssl=1 1204w, https:\/\/i0.wp.com\/centrodeolivaryaceite.com\/wp-content\/uploads\/2023\/07\/WhatsApp-Image-2023-03-16-at-11.30.541.jpeg?resize=226%2C300&amp;ssl=1 226w, https:\/\/i0.wp.com\/centrodeolivaryaceite.com\/wp-content\/uploads\/2023\/07\/WhatsApp-Image-2023-03-16-at-11.30.541.jpeg?resize=771%2C1024&amp;ssl=1 771w, https:\/\/i0.wp.com\/centrodeolivaryaceite.com\/wp-content\/uploads\/2023\/07\/WhatsApp-Image-2023-03-16-at-11.30.541.jpeg?resize=768%2C1021&amp;ssl=1 768w, https:\/\/i0.wp.com\/centrodeolivaryaceite.com\/wp-content\/uploads\/2023\/07\/WhatsApp-Image-2023-03-16-at-11.30.541.jpeg?resize=1156%2C1536&amp;ssl=1 1156w, https:\/\/i0.wp.com\/centrodeolivaryaceite.com\/wp-content\/uploads\/2023\/07\/WhatsApp-Image-2023-03-16-at-11.30.541.jpeg?resize=1080%2C1435&amp;ssl=1 1080w, https:\/\/i0.wp.com\/centrodeolivaryaceite.com\/wp-content\/uploads\/2023\/07\/WhatsApp-Image-2023-03-16-at-11.30.541.jpeg?resize=980%2C1302&amp;ssl=1 980w, https:\/\/i0.wp.com\/centrodeolivaryaceite.com\/wp-content\/uploads\/2023\/07\/WhatsApp-Image-2023-03-16-at-11.30.541.jpeg?resize=480%2C638&amp;ssl=1 480w\" width=\"570\" height=\"758\" loading=\"lazy\" data-original-width=\"570\" data-original-height=\"758\" itemprop=\"http:\/\/schema.org\/image\" title=\"WhatsApp Image 2023-03-16 at 11.30.54(1)\" alt=\"WhatsApp Image 2023-03-16 at 11.30.54(1)\" style=\"width: 570px; height: 758px;\" \/> <\/a> <\/div> <\/div> <!-- close group --> <\/div> <!-- close row --> <div class=\"gallery-row\" style=\"width: 1080px; height: 498px;\" data-original-width=\"1080\" data-original-height=\"498\" > <div class=\"gallery-group images-1\" style=\"width: 376px; height: 498px;\" data-original-width=\"376\" data-original-height=\"498\" > <div class=\"tiled-gallery-item tiled-gallery-item-large\" itemprop=\"associatedMedia\" itemscope itemtype=\"http:\/\/schema.org\/ImageObject\"> <a href=\"https:\/\/centrodeolivaryaceite.com\/es\/ubeda-monocromatica-nueva-exposicion-en-el-centro-de-interpretacion-olivar-y-aceite\/whatsapp-image-2023-03-16-at-11-30-391\/\" border=\"0\" itemprop=\"url\"> <meta itemprop=\"width\" content=\"372\"> <meta itemprop=\"height\" content=\"494\"> <img decoding=\"async\" class=\"\" data-attachment-id=\"44198\" data-orig-file=\"https:\/\/centrodeolivaryaceite.com\/wp-content\/uploads\/2023\/07\/WhatsApp-Image-2023-03-16-at-11.30.391.jpeg\" data-orig-size=\"1204,1600\" data-comments-opened=\"1\" data-image-meta=\"{&quot;aperture&quot;:&quot;0&quot;,&quot;credit&quot;:&quot;&quot;,&quot;camera&quot;:&quot;&quot;,&quot;caption&quot;:&quot;&quot;,&quot;created_timestamp&quot;:&quot;0&quot;,&quot;copyright&quot;:&quot;&quot;,&quot;focal_length&quot;:&quot;0&quot;,&quot;iso&quot;:&quot;0&quot;,&quot;shutter_speed&quot;:&quot;0&quot;,&quot;title&quot;:&quot;&quot;,&quot;orientation&quot;:&quot;0&quot;}\" data-image-title=\"WhatsApp Image 2023-03-16 at 11.30.39(1)\" data-image-description=\"\" data-medium-file=\"https:\/\/i0.wp.com\/centrodeolivaryaceite.com\/wp-content\/uploads\/2023\/07\/WhatsApp-Image-2023-03-16-at-11.30.391.jpeg?fit=226%2C300&#038;ssl=1\" data-large-file=\"https:\/\/i0.wp.com\/centrodeolivaryaceite.com\/wp-content\/uploads\/2023\/07\/WhatsApp-Image-2023-03-16-at-11.30.391.jpeg?fit=771%2C1024&#038;ssl=1\" src=\"https:\/\/i0.wp.com\/centrodeolivaryaceite.com\/wp-content\/uploads\/2023\/07\/WhatsApp-Image-2023-03-16-at-11.30.391.jpeg?w=372&#038;h=494&#038;ssl=1\" srcset=\"https:\/\/i0.wp.com\/centrodeolivaryaceite.com\/wp-content\/uploads\/2023\/07\/WhatsApp-Image-2023-03-16-at-11.30.391.jpeg?w=1204&amp;ssl=1 1204w, https:\/\/i0.wp.com\/centrodeolivaryaceite.com\/wp-content\/uploads\/2023\/07\/WhatsApp-Image-2023-03-16-at-11.30.391.jpeg?resize=226%2C300&amp;ssl=1 226w, https:\/\/i0.wp.com\/centrodeolivaryaceite.com\/wp-content\/uploads\/2023\/07\/WhatsApp-Image-2023-03-16-at-11.30.391.jpeg?resize=771%2C1024&amp;ssl=1 771w, https:\/\/i0.wp.com\/centrodeolivaryaceite.com\/wp-content\/uploads\/2023\/07\/WhatsApp-Image-2023-03-16-at-11.30.391.jpeg?resize=768%2C1021&amp;ssl=1 768w, https:\/\/i0.wp.com\/centrodeolivaryaceite.com\/wp-content\/uploads\/2023\/07\/WhatsApp-Image-2023-03-16-at-11.30.391.jpeg?resize=1156%2C1536&amp;ssl=1 1156w, https:\/\/i0.wp.com\/centrodeolivaryaceite.com\/wp-content\/uploads\/2023\/07\/WhatsApp-Image-2023-03-16-at-11.30.391.jpeg?resize=1080%2C1435&amp;ssl=1 1080w, https:\/\/i0.wp.com\/centrodeolivaryaceite.com\/wp-content\/uploads\/2023\/07\/WhatsApp-Image-2023-03-16-at-11.30.391.jpeg?resize=980%2C1302&amp;ssl=1 980w, https:\/\/i0.wp.com\/centrodeolivaryaceite.com\/wp-content\/uploads\/2023\/07\/WhatsApp-Image-2023-03-16-at-11.30.391.jpeg?resize=480%2C638&amp;ssl=1 480w\" width=\"372\" height=\"494\" loading=\"lazy\" data-original-width=\"372\" data-original-height=\"494\" itemprop=\"http:\/\/schema.org\/image\" title=\"WhatsApp Image 2023-03-16 at 11.30.39(1)\" alt=\"WhatsApp Image 2023-03-16 at 11.30.39(1)\" style=\"width: 372px; height: 494px;\" \/> <\/a> <\/div> <\/div> <!-- close group --> <div class=\"gallery-group images-2\" style=\"width: 329px; height: 498px;\" data-original-width=\"329\" data-original-height=\"498\" > <div class=\"tiled-gallery-item tiled-gallery-item-large\" itemprop=\"associatedMedia\" itemscope itemtype=\"http:\/\/schema.org\/ImageObject\"> <a href=\"https:\/\/centrodeolivaryaceite.com\/es\/ubeda-monocromatica-nueva-exposicion-en-el-centro-de-interpretacion-olivar-y-aceite\/exposicion-nandy-1\/\" border=\"0\" itemprop=\"url\"> <meta itemprop=\"width\" content=\"325\"> <meta itemprop=\"height\" content=\"245\"> <img decoding=\"async\" class=\"\" data-attachment-id=\"44186\" data-orig-file=\"https:\/\/centrodeolivaryaceite.com\/wp-content\/uploads\/2023\/07\/Exposicion-Nandy-1.jpg\" data-orig-size=\"1600,1204\" data-comments-opened=\"1\" data-image-meta=\"{&quot;aperture&quot;:&quot;0&quot;,&quot;credit&quot;:&quot;&quot;,&quot;camera&quot;:&quot;&quot;,&quot;caption&quot;:&quot;&quot;,&quot;created_timestamp&quot;:&quot;0&quot;,&quot;copyright&quot;:&quot;&quot;,&quot;focal_length&quot;:&quot;0&quot;,&quot;iso&quot;:&quot;0&quot;,&quot;shutter_speed&quot;:&quot;0&quot;,&quot;title&quot;:&quot;&quot;,&quot;orientation&quot;:&quot;0&quot;}\" data-image-title=\"Exposici\u00f3n Nandy (1)\" data-image-description=\"\" data-medium-file=\"https:\/\/i0.wp.com\/centrodeolivaryaceite.com\/wp-content\/uploads\/2023\/07\/Exposicion-Nandy-1.jpg?fit=300%2C226&#038;ssl=1\" data-large-file=\"https:\/\/i0.wp.com\/centrodeolivaryaceite.com\/wp-content\/uploads\/2023\/07\/Exposicion-Nandy-1.jpg?fit=1024%2C771&#038;ssl=1\" src=\"https:\/\/i0.wp.com\/centrodeolivaryaceite.com\/wp-content\/uploads\/2023\/07\/Exposicion-Nandy-1.jpg?w=325&#038;h=245&#038;ssl=1\" srcset=\"https:\/\/i0.wp.com\/centrodeolivaryaceite.com\/wp-content\/uploads\/2023\/07\/Exposicion-Nandy-1.jpg?w=1600&amp;ssl=1 1600w, https:\/\/i0.wp.com\/centrodeolivaryaceite.com\/wp-content\/uploads\/2023\/07\/Exposicion-Nandy-1.jpg?resize=300%2C226&amp;ssl=1 300w, https:\/\/i0.wp.com\/centrodeolivaryaceite.com\/wp-content\/uploads\/2023\/07\/Exposicion-Nandy-1.jpg?resize=1024%2C771&amp;ssl=1 1024w, https:\/\/i0.wp.com\/centrodeolivaryaceite.com\/wp-content\/uploads\/2023\/07\/Exposicion-Nandy-1.jpg?resize=768%2C578&amp;ssl=1 768w, https:\/\/i0.wp.com\/centrodeolivaryaceite.com\/wp-content\/uploads\/2023\/07\/Exposicion-Nandy-1.jpg?resize=1536%2C1156&amp;ssl=1 1536w, https:\/\/i0.wp.com\/centrodeolivaryaceite.com\/wp-content\/uploads\/2023\/07\/Exposicion-Nandy-1.jpg?resize=1080%2C813&amp;ssl=1 1080w, https:\/\/i0.wp.com\/centrodeolivaryaceite.com\/wp-content\/uploads\/2023\/07\/Exposicion-Nandy-1.jpg?resize=1280%2C963&amp;ssl=1 1280w, https:\/\/i0.wp.com\/centrodeolivaryaceite.com\/wp-content\/uploads\/2023\/07\/Exposicion-Nandy-1.jpg?resize=980%2C737&amp;ssl=1 980w, https:\/\/i0.wp.com\/centrodeolivaryaceite.com\/wp-content\/uploads\/2023\/07\/Exposicion-Nandy-1.jpg?resize=480%2C361&amp;ssl=1 480w\" width=\"325\" height=\"245\" loading=\"lazy\" data-original-width=\"325\" data-original-height=\"245\" itemprop=\"http:\/\/schema.org\/image\" title=\"Exposici\u00f3n Nandy (1)\" alt=\"Exposici\u00f3n Nandy (1)\" style=\"width: 325px; height: 245px;\" \/> <\/a> <\/div> <div class=\"tiled-gallery-item tiled-gallery-item-large\" itemprop=\"associatedMedia\" itemscope itemtype=\"http:\/\/schema.org\/ImageObject\"> <a href=\"https:\/\/centrodeolivaryaceite.com\/es\/ubeda-monocromatica-nueva-exposicion-en-el-centro-de-interpretacion-olivar-y-aceite\/whatsapp-image-2023-03-16-at-11-29-46\/\" border=\"0\" itemprop=\"url\"> <meta itemprop=\"width\" content=\"325\"> <meta itemprop=\"height\" content=\"245\"> <img decoding=\"async\" class=\"\" data-attachment-id=\"44200\" data-orig-file=\"https:\/\/centrodeolivaryaceite.com\/wp-content\/uploads\/2023\/07\/WhatsApp-Image-2023-03-16-at-11.29.46.jpeg\" data-orig-size=\"1600,1204\" data-comments-opened=\"1\" data-image-meta=\"{&quot;aperture&quot;:&quot;0&quot;,&quot;credit&quot;:&quot;&quot;,&quot;camera&quot;:&quot;&quot;,&quot;caption&quot;:&quot;&quot;,&quot;created_timestamp&quot;:&quot;0&quot;,&quot;copyright&quot;:&quot;&quot;,&quot;focal_length&quot;:&quot;0&quot;,&quot;iso&quot;:&quot;0&quot;,&quot;shutter_speed&quot;:&quot;0&quot;,&quot;title&quot;:&quot;&quot;,&quot;orientation&quot;:&quot;0&quot;}\" data-image-title=\"WhatsApp Image 2023-03-16 at 11.29.46\" data-image-description=\"\" data-medium-file=\"https:\/\/i0.wp.com\/centrodeolivaryaceite.com\/wp-content\/uploads\/2023\/07\/WhatsApp-Image-2023-03-16-at-11.29.46.jpeg?fit=300%2C226&#038;ssl=1\" data-large-file=\"https:\/\/i0.wp.com\/centrodeolivaryaceite.com\/wp-content\/uploads\/2023\/07\/WhatsApp-Image-2023-03-16-at-11.29.46.jpeg?fit=1024%2C771&#038;ssl=1\" src=\"https:\/\/i0.wp.com\/centrodeolivaryaceite.com\/wp-content\/uploads\/2023\/07\/WhatsApp-Image-2023-03-16-at-11.29.46.jpeg?w=325&#038;h=245&#038;ssl=1\" srcset=\"https:\/\/i0.wp.com\/centrodeolivaryaceite.com\/wp-content\/uploads\/2023\/07\/WhatsApp-Image-2023-03-16-at-11.29.46.jpeg?w=1600&amp;ssl=1 1600w, https:\/\/i0.wp.com\/centrodeolivaryaceite.com\/wp-content\/uploads\/2023\/07\/WhatsApp-Image-2023-03-16-at-11.29.46.jpeg?resize=300%2C226&amp;ssl=1 300w, https:\/\/i0.wp.com\/centrodeolivaryaceite.com\/wp-content\/uploads\/2023\/07\/WhatsApp-Image-2023-03-16-at-11.29.46.jpeg?resize=1024%2C771&amp;ssl=1 1024w, https:\/\/i0.wp.com\/centrodeolivaryaceite.com\/wp-content\/uploads\/2023\/07\/WhatsApp-Image-2023-03-16-at-11.29.46.jpeg?resize=768%2C578&amp;ssl=1 768w, https:\/\/i0.wp.com\/centrodeolivaryaceite.com\/wp-content\/uploads\/2023\/07\/WhatsApp-Image-2023-03-16-at-11.29.46.jpeg?resize=1536%2C1156&amp;ssl=1 1536w, https:\/\/i0.wp.com\/centrodeolivaryaceite.com\/wp-content\/uploads\/2023\/07\/WhatsApp-Image-2023-03-16-at-11.29.46.jpeg?resize=1080%2C813&amp;ssl=1 1080w, https:\/\/i0.wp.com\/centrodeolivaryaceite.com\/wp-content\/uploads\/2023\/07\/WhatsApp-Image-2023-03-16-at-11.29.46.jpeg?resize=1280%2C963&amp;ssl=1 1280w, https:\/\/i0.wp.com\/centrodeolivaryaceite.com\/wp-content\/uploads\/2023\/07\/WhatsApp-Image-2023-03-16-at-11.29.46.jpeg?resize=980%2C737&amp;ssl=1 980w, https:\/\/i0.wp.com\/centrodeolivaryaceite.com\/wp-content\/uploads\/2023\/07\/WhatsApp-Image-2023-03-16-at-11.29.46.jpeg?resize=480%2C361&amp;ssl=1 480w\" width=\"325\" height=\"245\" loading=\"lazy\" data-original-width=\"325\" data-original-height=\"245\" itemprop=\"http:\/\/schema.org\/image\" title=\"WhatsApp Image 2023-03-16 at 11.29.46\" alt=\"WhatsApp Image 2023-03-16 at 11.29.46\" style=\"width: 325px; height: 245px;\" \/> <\/a> <\/div> <\/div> <!-- close group --> <div class=\"gallery-group images-1\" style=\"width: 375px; height: 498px;\" data-original-width=\"375\" data-original-height=\"498\" > <div class=\"tiled-gallery-item tiled-gallery-item-large\" itemprop=\"associatedMedia\" itemscope itemtype=\"http:\/\/schema.org\/ImageObject\"> <a href=\"https:\/\/centrodeolivaryaceite.com\/es\/ubeda-monocromatica-nueva-exposicion-en-el-centro-de-interpretacion-olivar-y-aceite\/whatsapp-image-2023-03-16-at-11-30-46\/\" border=\"0\" itemprop=\"url\"> <meta itemprop=\"width\" content=\"371\"> <meta itemprop=\"height\" content=\"494\"> <img decoding=\"async\" class=\"\" data-attachment-id=\"44204\" data-orig-file=\"https:\/\/centrodeolivaryaceite.com\/wp-content\/uploads\/2023\/07\/WhatsApp-Image-2023-03-16-at-11.30.46.jpeg\" data-orig-size=\"1204,1600\" data-comments-opened=\"1\" data-image-meta=\"{&quot;aperture&quot;:&quot;0&quot;,&quot;credit&quot;:&quot;&quot;,&quot;camera&quot;:&quot;&quot;,&quot;caption&quot;:&quot;&quot;,&quot;created_timestamp&quot;:&quot;0&quot;,&quot;copyright&quot;:&quot;&quot;,&quot;focal_length&quot;:&quot;0&quot;,&quot;iso&quot;:&quot;0&quot;,&quot;shutter_speed&quot;:&quot;0&quot;,&quot;title&quot;:&quot;&quot;,&quot;orientation&quot;:&quot;0&quot;}\" data-image-title=\"WhatsApp Image 2023-03-16 at 11.30.46\" data-image-description=\"\" data-medium-file=\"https:\/\/i0.wp.com\/centrodeolivaryaceite.com\/wp-content\/uploads\/2023\/07\/WhatsApp-Image-2023-03-16-at-11.30.46.jpeg?fit=226%2C300&#038;ssl=1\" data-large-file=\"https:\/\/i0.wp.com\/centrodeolivaryaceite.com\/wp-content\/uploads\/2023\/07\/WhatsApp-Image-2023-03-16-at-11.30.46.jpeg?fit=771%2C1024&#038;ssl=1\" src=\"https:\/\/i0.wp.com\/centrodeolivaryaceite.com\/wp-content\/uploads\/2023\/07\/WhatsApp-Image-2023-03-16-at-11.30.46.jpeg?w=371&#038;h=494&#038;ssl=1\" srcset=\"https:\/\/i0.wp.com\/centrodeolivaryaceite.com\/wp-content\/uploads\/2023\/07\/WhatsApp-Image-2023-03-16-at-11.30.46.jpeg?w=1204&amp;ssl=1 1204w, https:\/\/i0.wp.com\/centrodeolivaryaceite.com\/wp-content\/uploads\/2023\/07\/WhatsApp-Image-2023-03-16-at-11.30.46.jpeg?resize=226%2C300&amp;ssl=1 226w, https:\/\/i0.wp.com\/centrodeolivaryaceite.com\/wp-content\/uploads\/2023\/07\/WhatsApp-Image-2023-03-16-at-11.30.46.jpeg?resize=771%2C1024&amp;ssl=1 771w, https:\/\/i0.wp.com\/centrodeolivaryaceite.com\/wp-content\/uploads\/2023\/07\/WhatsApp-Image-2023-03-16-at-11.30.46.jpeg?resize=768%2C1021&amp;ssl=1 768w, https:\/\/i0.wp.com\/centrodeolivaryaceite.com\/wp-content\/uploads\/2023\/07\/WhatsApp-Image-2023-03-16-at-11.30.46.jpeg?resize=1156%2C1536&amp;ssl=1 1156w, https:\/\/i0.wp.com\/centrodeolivaryaceite.com\/wp-content\/uploads\/2023\/07\/WhatsApp-Image-2023-03-16-at-11.30.46.jpeg?resize=1080%2C1435&amp;ssl=1 1080w, https:\/\/i0.wp.com\/centrodeolivaryaceite.com\/wp-content\/uploads\/2023\/07\/WhatsApp-Image-2023-03-16-at-11.30.46.jpeg?resize=980%2C1302&amp;ssl=1 980w, https:\/\/i0.wp.com\/centrodeolivaryaceite.com\/wp-content\/uploads\/2023\/07\/WhatsApp-Image-2023-03-16-at-11.30.46.jpeg?resize=480%2C638&amp;ssl=1 480w\" width=\"371\" height=\"494\" loading=\"lazy\" data-original-width=\"371\" data-original-height=\"494\" itemprop=\"http:\/\/schema.org\/image\" title=\"WhatsApp Image 2023-03-16 at 11.30.46\" alt=\"WhatsApp Image 2023-03-16 at 11.30.46\" style=\"width: 371px; height: 494px;\" \/> <\/a> <\/div> <\/div> <!-- close group --> <\/div> <!-- close row --> <\/div>\n<p>&nbsp;<\/p>\n","protected":false},"excerpt":{"rendered":"<p>Tras la remodelaci\u00f3n del espacio expositivo del Centro de Interpretaci\u00f3n \u201cOlivar y Aceite\u201d, continuamos con la acogida de nuevas muestras de artistas locales en nuestra flamante sala de exposiciones temporales. En esta ocasi\u00f3n acoge la exposici\u00f3n \u201cUbeda Monocrom\u00e1tica\u201d. Una muestra de dibujo de Emilio D\u00edez \u201cNandy\u201d que \u00a0capta la esencia de la riqueza monumental de [&hellip;]<\/p>\n","protected":false},"author":1,"featured_media":44194,"comment_status":"open","ping_status":"open","sticky":false,"template":"","format":"standard","meta":{"_et_pb_use_builder":"","_et_pb_old_content":"","_et_gb_content_width":"","_jetpack_memberships_contains_paid_content":false,"footnotes":""},"categories":[1],"tags":[],"class_list":["post-44183","post","type-post","status-publish","format-standard","has-post-thumbnail","hentry","category-general"],"jetpack_featured_media_url":"https:\/\/i0.wp.com\/centrodeolivaryaceite.com\/wp-content\/uploads\/2023\/07\/Cartel-Nandy-Sra3-scaled.jpg?fit=1821%2C2560&ssl=1","jetpack_sharing_enabled":true,"jetpack_shortlink":"https:\/\/wp.me\/p95A9q-buD","_links":{"self":[{"href":"https:\/\/centrodeolivaryaceite.com\/es\/wp-json\/wp\/v2\/posts\/44183\/"}],"collection":[{"href":"https:\/\/centrodeolivaryaceite.com\/es\/wp-json\/wp\/v2\/posts\/"}],"about":[{"href":"https:\/\/centrodeolivaryaceite.com\/es\/wp-json\/wp\/v2\/types\/post\/"}],"author":[{"embeddable":true,"href":"https:\/\/centrodeolivaryaceite.com\/es\/wp-json\/wp\/v2\/users\/1\/"}],"replies":[{"embeddable":true,"href":"https:\/\/centrodeolivaryaceite.com\/es\/wp-json\/wp\/v2\/comments\/?post=44183"}],"version-history":[{"count":3,"href":"https:\/\/centrodeolivaryaceite.com\/es\/wp-json\/wp\/v2\/posts\/44183\/revisions\/"}],"predecessor-version":[{"id":44208,"href":"https:\/\/centrodeolivaryaceite.com\/es\/wp-json\/wp\/v2\/posts\/44183\/revisions\/44208\/"}],"wp:featuredmedia":[{"embeddable":true,"href":"https:\/\/centrodeolivaryaceite.com\/es\/wp-json\/wp\/v2\/media\/44194\/"}],"wp:attachment":[{"href":"https:\/\/centrodeolivaryaceite.com\/es\/wp-json\/wp\/v2\/media\/?parent=44183"}],"wp:term":[{"taxonomy":"category","embeddable":true,"href":"https:\/\/centrodeolivaryaceite.com\/es\/wp-json\/wp\/v2\/categories\/?post=44183"},{"taxonomy":"post_tag","embeddable":true,"href":"https:\/\/centrodeolivaryaceite.com\/es\/wp-json\/wp\/v2\/tags\/?post=44183"}],"curies":[{"name":"wp","href":"https:\/\/api.w.org\/{rel}","templated":true}]}}