{"id":44228,"date":"2023-07-21T09:25:03","date_gmt":"2023-07-21T09:25:03","guid":{"rendered":"https:\/\/centrodeolivaryaceite.com\/?p=44228"},"modified":"2023-07-30T09:30:18","modified_gmt":"2023-07-30T09:30:18","slug":"llega-la-septima-edicion-del-concurso-de-cocina-infantil-pequechef-del-aove","status":"publish","type":"post","link":"https:\/\/centrodeolivaryaceite.com\/es\/llega-la-septima-edicion-del-concurso-de-cocina-infantil-pequechef-del-aove\/","title":{"rendered":"Llega la S\u00e9ptima edici\u00f3n del concurso de cocina infantil  \u201cPequechef del AOVE\u201d"},"content":{"rendered":"<p>Acogemos en el Centro de Interpretaci\u00f3n \u201cOlivar y Aceite\u201d ha acogido la presentaci\u00f3n de la s\u00e9ptima edici\u00f3n del Concurso de Cocina Infantil \u201cPequechef del AOVE\u201d. Uno de los eventos m\u00e1s ilusionantes que realizamos anualmente por lo que representa y a qui\u00e9n va dirigido. En este acto hemos contado con la presencia del presidente de la entidad y teniente de alcalde \/ concejal de Agricultura del Ayuntamiento de \u00dabeda, Javier G\u00e1mez y el nuevo diputado de Agricultura y Ganader\u00eda, Javier Perales, al cual ha dado la bienvenida al Centro, al ser su primera visita a la instalaciones, y ha agradecido su asistencia.<\/p>\n<p>En el turno de declaraciones, Javier G\u00e1mez, ha hecho constar que dentro de la\u00a0 Feria de Maquinaria Agr\u00edcola, que va por su 41\u00aa edici\u00f3n, el Centro participa en la organizaci\u00f3n de muchas de las actividades que se realizan como la exposici\u00f3n\/stand con los AOVEs de los socios, las jornadas t\u00e9cnicas que se desarrollan en las instalaciones del Centro, Showcookings, catas para adultos y ni\u00f1os, ya que la feria es una actividad muy importante para el Centro desde la vertiente de promoci\u00f3n y divulgaci\u00f3n de la cultura del olivar y el AOVE.<\/p>\n<p>Ha continuado indicando \u201cel Concurso Infantil de Cocina Pequechef del AOVE que este a\u00f1o cumple siete ediciones, para el Centro es una iniciativa muy importante, ya que conseguimos que los m\u00e1s peque\u00f1os participen en una actividad saludable en torno al aceite de oliva virgen extra. Incluso se ha publicado un libro de recetas que ha tenido gran aceptaci\u00f3n, que adem\u00e1s de recoger las recetas de las diferentes ediciones del concurso, tambi\u00e9n tiene un car\u00e1cter divulgativo \u00a0y ameno para que los ni\u00f1os puedan conocer \u00a0la cultura del olivar y de los aceites de oliva\u201d.<\/p>\n<p>G\u00e1mez ha se\u00f1alado que \u2014 El concurso va destinado a fomentar el conocimiento, valoraci\u00f3n y consumo de los productos agroalimentarios de calidad, saludables, y el Aceite de oliva virgen extra de la provincia de Ja\u00e9n \u2014 En esta edici\u00f3n habr\u00e1 3 premios -Premio a la mejor receta, -Premio a la receta m\u00e1s saludable (donde se valora el uso de ingredientes sanos, frescos y de temporada, adem\u00e1s de la utilizaci\u00f3n de productos Degusta Ja\u00e9n) y -Premio a la mejor receta con aceite de oliva virgen extra.<\/p>\n<p>La edad de participaci\u00f3n de los ni\u00f1os es de 7 y 12 a\u00f1os, y este a\u00f1o como novedad, los ni\u00f1os podr\u00e1n ir acompa\u00f1ados de un miembro adulto de su familia.<\/p>\n<p>Las bases pueden consultarse en la p\u00e1gina web www.centrodeolivaryaceite.com, adem\u00e1s tambi\u00e9n podr\u00e1n descargarse la ficha para la inscripci\u00f3n y los anexos que deben rellenar los aspirantes, para enviarlos a info@centrodeolivaryaceite.com o si lo prefieren se pueden entregar en mano en la sede de \u201cOlivar y Aceite\u201d, ubicada en la Corredera de San Fernando, n\u00famero 32 de \u00dabeda<\/p>\n<p>El plazo para inscribirse estar\u00e1 abierto hasta el 7 de septiembre. Una vez seleccionados los 3 pequechef finalistas, actuar\u00e1n cocinado en directo el 16 de septiembre, en el entorno de la Feria de la Maquinaria, quienes tendr\u00e1n 20 minutos para elaborar su receta y explicarla tanto al jurado como al p\u00fablico.<\/p>\n<p>Para finalizar su intervenci\u00f3n el presidente ha manifestado su agradecimiento a las distintas empresas colaboradoras: AEMODA, Librer\u00eda Papeler\u00eda Studio, Mariscos Castellar, Don Juguet\u00f3n, Centro Comercial Casa Biedma, Carrefour \u00dabeda, \u00a0Carlin \u00dabeda y Quesos &amp; Besos\u2014que ceder\u00e1n una serie de productos con los que se elaborar\u00e1n los lotes de regalos para los ganadores del Concurso de Cocina Infantil\u2014. Tambi\u00e9n ha destacado la colaboraci\u00f3n de la Fundaci\u00f3n Grupo Ole\u00edcola Ja\u00e9n, patrocinador que es especial para el Centro, reconociendo el apoyo que viene realizando a esta iniciativa desde los comienzos, y que por otros compromisos no ha podido estar presente hoy. Adem\u00e1s de valorar la aportaci\u00f3n econ\u00f3mica de la Interprofesional de los Aceites de Oliva de Espa\u00f1a, el Ayuntamiento de Ubeda y la Diputaci\u00f3n Provincial de Ja\u00e9n, para llevar a cabo este tipo de iniciativas.<\/p>\n<p>El diputado de Agricultura, Javier Perales ha felicitado a la administraci\u00f3n local y al Centro de Interpretaci\u00f3n por esta iniciativa tan original \u201cPequechef del AOVE\u201d, que se celebra dentro de la Feria de Maquinaria de \u00dabeda, para inculcar el valor del aceite de oliva virgen extra en los m\u00e1s peque\u00f1os, y no solo en esta, sino en todas las que se realizan a lo largo del a\u00f1o.<\/p>\n<p>Ha destacado que este Centro de Interpretaci\u00f3n desde que comenz\u00f3 su andadura ha tenido entre sus objetivos, fomentar la cultura y el aprendizaje del AOVE. Y desde la administraci\u00f3n provincial se ponen a la disposici\u00f3n del Centro para seguir colaborando y apoyando este tipo de actividades.<\/p>\n<p>Desde el \u00e1rea que representa, ha continuado Perales \u201cle complace que se ponga en valor y apueste \u00a0en inculcar en los m\u00e1s peque\u00f1os h\u00e1bitos de alimentaci\u00f3n saludable, fomentar el consumo de aceite de oliva virgen extra y productos agroalimentarios de la provincia de la marca de calidad \u201cDegusta Ja\u00e9n\u201d, que junto al \u00e9xito de participaci\u00f3n y difusi\u00f3n medi\u00e1tica, son elementos fundamentales que \u00a0ha llevado a la Diputaci\u00f3n provincial a apoyar un a\u00f1o m\u00e1s esta iniciativa, al igual que \u00a0otras que pone el Centro en marcha.<\/p>\n<p>Perales ha concluido indicando \u201cque el olivar es la base socioecon\u00f3mica de la provincia y la Diputaci\u00f3n entiende y entre sus principales objetivos est\u00e1 el promocionar y divulgar la cultura del olivar y del aceite de oliva virgen extra, fines que comparte con el centro de Interpretaci\u00f3n, y por eso han cre\u00eddo imprescindible esas sinergias que se han creado, y que llevamos trabajando desde 2016. Adem\u00e1s su buen hacer se ha visto recompensado con la inclusi\u00f3n como miembro del Consejo provincial del Aceite de oliva de la provincia\u201d. Por \u00faltimo ha felicitando el gran trabajo que se est\u00e1 haciendo desde el Centro del Olivar y ha animando a los m\u00e1s peque\u00f1os a participar en el Concurso de cocina.<\/p>\n<div class=\"tiled-gallery type-rectangular tiled-gallery-unresized\" data-original-width=\"1080\" data-carousel-extra='{&quot;blog_id&quot;:1,&quot;permalink&quot;:&quot;https:\\\/\\\/centrodeolivaryaceite.com\\\/es\\\/llega-la-septima-edicion-del-concurso-de-cocina-infantil-pequechef-del-aove\\\/&quot;,&quot;likes_blog_id&quot;:134317632}' itemscope itemtype=\"http:\/\/schema.org\/ImageGallery\" > <div class=\"gallery-row\" style=\"width: 1080px; height: 939px;\" data-original-width=\"1080\" data-original-height=\"939\" > <div class=\"gallery-group images-1\" style=\"width: 665px; height: 939px;\" data-original-width=\"665\" data-original-height=\"939\" > <div class=\"tiled-gallery-item tiled-gallery-item-large\" itemprop=\"associatedMedia\" itemscope itemtype=\"http:\/\/schema.org\/ImageObject\"> <a href=\"https:\/\/centrodeolivaryaceite.com\/es\/cartel-pequechef-del-aove-2023-def\/\" border=\"0\" itemprop=\"url\"> <meta itemprop=\"width\" content=\"661\"> <meta itemprop=\"height\" content=\"935\"> <img decoding=\"async\" class=\"\" data-attachment-id=\"44064\" data-orig-file=\"https:\/\/centrodeolivaryaceite.com\/wp-content\/uploads\/2023\/07\/CARTEL-PEQUECHEF-DEL-AOVE-2023-DEF.png\" data-orig-size=\"1414,2000\" data-comments-opened=\"1\" data-image-meta=\"{&quot;aperture&quot;:&quot;0&quot;,&quot;credit&quot;:&quot;&quot;,&quot;camera&quot;:&quot;&quot;,&quot;caption&quot;:&quot;&quot;,&quot;created_timestamp&quot;:&quot;0&quot;,&quot;copyright&quot;:&quot;&quot;,&quot;focal_length&quot;:&quot;0&quot;,&quot;iso&quot;:&quot;0&quot;,&quot;shutter_speed&quot;:&quot;0&quot;,&quot;title&quot;:&quot;&quot;,&quot;orientation&quot;:&quot;0&quot;}\" data-image-title=\"CARTEL PEQUECHEF DEL AOVE 2023 DEF\" data-image-description=\"&lt;p&gt;CARTEL PEQUECHEF DEL AOVE 2023 DEF&lt;\/p&gt; \" data-medium-file=\"https:\/\/i0.wp.com\/centrodeolivaryaceite.com\/wp-content\/uploads\/2023\/07\/CARTEL-PEQUECHEF-DEL-AOVE-2023-DEF.png?fit=212%2C300&#038;ssl=1\" data-large-file=\"https:\/\/i0.wp.com\/centrodeolivaryaceite.com\/wp-content\/uploads\/2023\/07\/CARTEL-PEQUECHEF-DEL-AOVE-2023-DEF.png?fit=724%2C1024&#038;ssl=1\" src=\"https:\/\/i0.wp.com\/centrodeolivaryaceite.com\/wp-content\/uploads\/2023\/07\/CARTEL-PEQUECHEF-DEL-AOVE-2023-DEF.png?w=661&#038;h=935&#038;ssl=1\" srcset=\"https:\/\/i0.wp.com\/centrodeolivaryaceite.com\/wp-content\/uploads\/2023\/07\/CARTEL-PEQUECHEF-DEL-AOVE-2023-DEF.png?w=1414&amp;ssl=1 1414w, https:\/\/i0.wp.com\/centrodeolivaryaceite.com\/wp-content\/uploads\/2023\/07\/CARTEL-PEQUECHEF-DEL-AOVE-2023-DEF.png?resize=212%2C300&amp;ssl=1 212w, https:\/\/i0.wp.com\/centrodeolivaryaceite.com\/wp-content\/uploads\/2023\/07\/CARTEL-PEQUECHEF-DEL-AOVE-2023-DEF.png?resize=724%2C1024&amp;ssl=1 724w, https:\/\/i0.wp.com\/centrodeolivaryaceite.com\/wp-content\/uploads\/2023\/07\/CARTEL-PEQUECHEF-DEL-AOVE-2023-DEF.png?resize=768%2C1086&amp;ssl=1 768w, https:\/\/i0.wp.com\/centrodeolivaryaceite.com\/wp-content\/uploads\/2023\/07\/CARTEL-PEQUECHEF-DEL-AOVE-2023-DEF.png?resize=1086%2C1536&amp;ssl=1 1086w, https:\/\/i0.wp.com\/centrodeolivaryaceite.com\/wp-content\/uploads\/2023\/07\/CARTEL-PEQUECHEF-DEL-AOVE-2023-DEF.png?resize=1080%2C1528&amp;ssl=1 1080w, https:\/\/i0.wp.com\/centrodeolivaryaceite.com\/wp-content\/uploads\/2023\/07\/CARTEL-PEQUECHEF-DEL-AOVE-2023-DEF.png?resize=1280%2C1810&amp;ssl=1 1280w, https:\/\/i0.wp.com\/centrodeolivaryaceite.com\/wp-content\/uploads\/2023\/07\/CARTEL-PEQUECHEF-DEL-AOVE-2023-DEF.png?resize=980%2C1386&amp;ssl=1 980w, https:\/\/i0.wp.com\/centrodeolivaryaceite.com\/wp-content\/uploads\/2023\/07\/CARTEL-PEQUECHEF-DEL-AOVE-2023-DEF.png?resize=480%2C679&amp;ssl=1 480w\" width=\"661\" height=\"935\" loading=\"lazy\" data-original-width=\"661\" data-original-height=\"935\" itemprop=\"http:\/\/schema.org\/image\" title=\"CARTEL PEQUECHEF DEL AOVE 2023 DEF\" alt=\"CARTEL PEQUECHEF DEL AOVE 2023 DEF\" style=\"width: 661px; height: 935px;\" \/> <\/a> <div class=\"tiled-gallery-caption\" itemprop=\"caption description\"> CARTEL PEQUECHEF DEL AOVE 2023 DEF <\/div> <\/div> <\/div> <!-- close group --> <div class=\"gallery-group images-3\" style=\"width: 415px; height: 939px;\" data-original-width=\"415\" data-original-height=\"939\" > <div class=\"tiled-gallery-item tiled-gallery-item-large\" itemprop=\"associatedMedia\" itemscope itemtype=\"http:\/\/schema.org\/ImageObject\"> <a href=\"https:\/\/centrodeolivaryaceite.com\/es\/llega-la-septima-edicion-del-concurso-de-cocina-infantil-pequechef-del-aove\/presentacion-pequechef-2023-3\/\" border=\"0\" itemprop=\"url\"> <meta itemprop=\"width\" content=\"411\"> <meta itemprop=\"height\" content=\"309\"> <img decoding=\"async\" class=\"\" data-attachment-id=\"44242\" data-orig-file=\"https:\/\/centrodeolivaryaceite.com\/wp-content\/uploads\/2023\/07\/PRESENTACION-PEQUECHEF-2023-3.jpg\" data-orig-size=\"1020,768\" data-comments-opened=\"1\" data-image-meta=\"{&quot;aperture&quot;:&quot;0&quot;,&quot;credit&quot;:&quot;&quot;,&quot;camera&quot;:&quot;--&quot;,&quot;caption&quot;:&quot;&quot;,&quot;created_timestamp&quot;:&quot;1689934489&quot;,&quot;copyright&quot;:&quot;&quot;,&quot;focal_length&quot;:&quot;0&quot;,&quot;iso&quot;:&quot;0&quot;,&quot;shutter_speed&quot;:&quot;1&quot;,&quot;title&quot;:&quot;&quot;,&quot;orientation&quot;:&quot;1&quot;}\" data-image-title=\"PRESENTACI\u00d3N PEQUECHEF 2023 (3)\" data-image-description=\"\" data-medium-file=\"https:\/\/i0.wp.com\/centrodeolivaryaceite.com\/wp-content\/uploads\/2023\/07\/PRESENTACION-PEQUECHEF-2023-3.jpg?fit=300%2C226&#038;ssl=1\" data-large-file=\"https:\/\/i0.wp.com\/centrodeolivaryaceite.com\/wp-content\/uploads\/2023\/07\/PRESENTACION-PEQUECHEF-2023-3.jpg?fit=1020%2C768&#038;ssl=1\" src=\"https:\/\/i0.wp.com\/centrodeolivaryaceite.com\/wp-content\/uploads\/2023\/07\/PRESENTACION-PEQUECHEF-2023-3.jpg?w=411&#038;h=309&#038;ssl=1\" srcset=\"https:\/\/i0.wp.com\/centrodeolivaryaceite.com\/wp-content\/uploads\/2023\/07\/PRESENTACION-PEQUECHEF-2023-3.jpg?w=1020&amp;ssl=1 1020w, https:\/\/i0.wp.com\/centrodeolivaryaceite.com\/wp-content\/uploads\/2023\/07\/PRESENTACION-PEQUECHEF-2023-3.jpg?resize=300%2C226&amp;ssl=1 300w, https:\/\/i0.wp.com\/centrodeolivaryaceite.com\/wp-content\/uploads\/2023\/07\/PRESENTACION-PEQUECHEF-2023-3.jpg?resize=768%2C578&amp;ssl=1 768w, https:\/\/i0.wp.com\/centrodeolivaryaceite.com\/wp-content\/uploads\/2023\/07\/PRESENTACION-PEQUECHEF-2023-3.jpg?resize=510%2C382&amp;ssl=1 510w, https:\/\/i0.wp.com\/centrodeolivaryaceite.com\/wp-content\/uploads\/2023\/07\/PRESENTACION-PEQUECHEF-2023-3.jpg?resize=980%2C738&amp;ssl=1 980w, https:\/\/i0.wp.com\/centrodeolivaryaceite.com\/wp-content\/uploads\/2023\/07\/PRESENTACION-PEQUECHEF-2023-3.jpg?resize=480%2C361&amp;ssl=1 480w\" width=\"411\" height=\"309\" loading=\"lazy\" data-original-width=\"411\" data-original-height=\"309\" itemprop=\"http:\/\/schema.org\/image\" title=\"PRESENTACI\u00d3N PEQUECHEF 2023 (3)\" alt=\"PRESENTACI\u00d3N PEQUECHEF 2023 (3)\" style=\"width: 411px; height: 309px;\" \/> <\/a> <\/div> <div class=\"tiled-gallery-item tiled-gallery-item-large\" itemprop=\"associatedMedia\" itemscope itemtype=\"http:\/\/schema.org\/ImageObject\"> <a href=\"https:\/\/centrodeolivaryaceite.com\/es\/llega-la-septima-edicion-del-concurso-de-cocina-infantil-pequechef-del-aove\/presentacion-pequechef-2023-1\/\" border=\"0\" itemprop=\"url\"> <meta itemprop=\"width\" content=\"411\"> <meta itemprop=\"height\" content=\"309\"> <img decoding=\"async\" class=\"\" data-attachment-id=\"44244\" data-orig-file=\"https:\/\/centrodeolivaryaceite.com\/wp-content\/uploads\/2023\/07\/PRESENTACION-PEQUECHEF-2023-1.jpg\" data-orig-size=\"1020,768\" data-comments-opened=\"1\" data-image-meta=\"{&quot;aperture&quot;:&quot;0&quot;,&quot;credit&quot;:&quot;&quot;,&quot;camera&quot;:&quot;--&quot;,&quot;caption&quot;:&quot;&quot;,&quot;created_timestamp&quot;:&quot;1689934026&quot;,&quot;copyright&quot;:&quot;&quot;,&quot;focal_length&quot;:&quot;0&quot;,&quot;iso&quot;:&quot;0&quot;,&quot;shutter_speed&quot;:&quot;1&quot;,&quot;title&quot;:&quot;&quot;,&quot;orientation&quot;:&quot;1&quot;}\" data-image-title=\"PRESENTACI\u00d3N PEQUECHEF 2023 (1)\" data-image-description=\"\" data-medium-file=\"https:\/\/i0.wp.com\/centrodeolivaryaceite.com\/wp-content\/uploads\/2023\/07\/PRESENTACION-PEQUECHEF-2023-1.jpg?fit=300%2C226&#038;ssl=1\" data-large-file=\"https:\/\/i0.wp.com\/centrodeolivaryaceite.com\/wp-content\/uploads\/2023\/07\/PRESENTACION-PEQUECHEF-2023-1.jpg?fit=1020%2C768&#038;ssl=1\" src=\"https:\/\/i0.wp.com\/centrodeolivaryaceite.com\/wp-content\/uploads\/2023\/07\/PRESENTACION-PEQUECHEF-2023-1.jpg?w=411&#038;h=309&#038;ssl=1\" srcset=\"https:\/\/i0.wp.com\/centrodeolivaryaceite.com\/wp-content\/uploads\/2023\/07\/PRESENTACION-PEQUECHEF-2023-1.jpg?w=1020&amp;ssl=1 1020w, https:\/\/i0.wp.com\/centrodeolivaryaceite.com\/wp-content\/uploads\/2023\/07\/PRESENTACION-PEQUECHEF-2023-1.jpg?resize=300%2C226&amp;ssl=1 300w, https:\/\/i0.wp.com\/centrodeolivaryaceite.com\/wp-content\/uploads\/2023\/07\/PRESENTACION-PEQUECHEF-2023-1.jpg?resize=768%2C578&amp;ssl=1 768w, https:\/\/i0.wp.com\/centrodeolivaryaceite.com\/wp-content\/uploads\/2023\/07\/PRESENTACION-PEQUECHEF-2023-1.jpg?resize=510%2C382&amp;ssl=1 510w, https:\/\/i0.wp.com\/centrodeolivaryaceite.com\/wp-content\/uploads\/2023\/07\/PRESENTACION-PEQUECHEF-2023-1.jpg?resize=980%2C738&amp;ssl=1 980w, https:\/\/i0.wp.com\/centrodeolivaryaceite.com\/wp-content\/uploads\/2023\/07\/PRESENTACION-PEQUECHEF-2023-1.jpg?resize=480%2C361&amp;ssl=1 480w\" width=\"411\" height=\"309\" loading=\"lazy\" data-original-width=\"411\" data-original-height=\"309\" itemprop=\"http:\/\/schema.org\/image\" title=\"PRESENTACI\u00d3N PEQUECHEF 2023 (1)\" alt=\"PRESENTACI\u00d3N PEQUECHEF 2023 (1)\" style=\"width: 411px; height: 309px;\" \/> <\/a> <\/div> <div class=\"tiled-gallery-item tiled-gallery-item-large\" itemprop=\"associatedMedia\" itemscope itemtype=\"http:\/\/schema.org\/ImageObject\"> <a href=\"https:\/\/centrodeolivaryaceite.com\/es\/llega-la-septima-edicion-del-concurso-de-cocina-infantil-pequechef-del-aove\/presentacion-pequechef-2023-2\/\" border=\"0\" itemprop=\"url\"> <meta itemprop=\"width\" content=\"411\"> <meta itemprop=\"height\" content=\"309\"> <img decoding=\"async\" class=\"\" data-attachment-id=\"44246\" data-orig-file=\"https:\/\/centrodeolivaryaceite.com\/wp-content\/uploads\/2023\/07\/PRESENTACION-PEQUECHEF-2023-2.jpg\" data-orig-size=\"1020,768\" data-comments-opened=\"1\" data-image-meta=\"{&quot;aperture&quot;:&quot;0&quot;,&quot;credit&quot;:&quot;&quot;,&quot;camera&quot;:&quot;--&quot;,&quot;caption&quot;:&quot;&quot;,&quot;created_timestamp&quot;:&quot;1689935103&quot;,&quot;copyright&quot;:&quot;&quot;,&quot;focal_length&quot;:&quot;0&quot;,&quot;iso&quot;:&quot;0&quot;,&quot;shutter_speed&quot;:&quot;1&quot;,&quot;title&quot;:&quot;&quot;,&quot;orientation&quot;:&quot;1&quot;}\" data-image-title=\"PRESENTACI\u00d3N PEQUECHEF 2023 (2)\" data-image-description=\"\" data-medium-file=\"https:\/\/i0.wp.com\/centrodeolivaryaceite.com\/wp-content\/uploads\/2023\/07\/PRESENTACION-PEQUECHEF-2023-2.jpg?fit=300%2C226&#038;ssl=1\" data-large-file=\"https:\/\/i0.wp.com\/centrodeolivaryaceite.com\/wp-content\/uploads\/2023\/07\/PRESENTACION-PEQUECHEF-2023-2.jpg?fit=1020%2C768&#038;ssl=1\" src=\"https:\/\/i0.wp.com\/centrodeolivaryaceite.com\/wp-content\/uploads\/2023\/07\/PRESENTACION-PEQUECHEF-2023-2.jpg?w=411&#038;h=309&#038;ssl=1\" srcset=\"https:\/\/i0.wp.com\/centrodeolivaryaceite.com\/wp-content\/uploads\/2023\/07\/PRESENTACION-PEQUECHEF-2023-2.jpg?w=1020&amp;ssl=1 1020w, https:\/\/i0.wp.com\/centrodeolivaryaceite.com\/wp-content\/uploads\/2023\/07\/PRESENTACION-PEQUECHEF-2023-2.jpg?resize=300%2C226&amp;ssl=1 300w, https:\/\/i0.wp.com\/centrodeolivaryaceite.com\/wp-content\/uploads\/2023\/07\/PRESENTACION-PEQUECHEF-2023-2.jpg?resize=768%2C578&amp;ssl=1 768w, https:\/\/i0.wp.com\/centrodeolivaryaceite.com\/wp-content\/uploads\/2023\/07\/PRESENTACION-PEQUECHEF-2023-2.jpg?resize=510%2C382&amp;ssl=1 510w, https:\/\/i0.wp.com\/centrodeolivaryaceite.com\/wp-content\/uploads\/2023\/07\/PRESENTACION-PEQUECHEF-2023-2.jpg?resize=980%2C738&amp;ssl=1 980w, https:\/\/i0.wp.com\/centrodeolivaryaceite.com\/wp-content\/uploads\/2023\/07\/PRESENTACION-PEQUECHEF-2023-2.jpg?resize=480%2C361&amp;ssl=1 480w\" width=\"411\" height=\"309\" loading=\"lazy\" data-original-width=\"411\" data-original-height=\"309\" itemprop=\"http:\/\/schema.org\/image\" title=\"PRESENTACI\u00d3N PEQUECHEF 2023 (2)\" alt=\"PRESENTACI\u00d3N PEQUECHEF 2023 (2)\" style=\"width: 411px; height: 309px;\" \/> <\/a> <\/div> <\/div> <!-- close group --> <\/div> <!-- close row --> <\/div>\n","protected":false},"excerpt":{"rendered":"<p>Acogemos en el Centro de Interpretaci\u00f3n \u201cOlivar y Aceite\u201d ha acogido la presentaci\u00f3n de la s\u00e9ptima edici\u00f3n del Concurso de Cocina Infantil \u201cPequechef del AOVE\u201d. Uno de los eventos m\u00e1s ilusionantes que realizamos anualmente por lo que representa y a qui\u00e9n va dirigido. En este acto hemos contado con la presencia del presidente de la [&hellip;]<\/p>\n","protected":false},"author":1,"featured_media":44246,"comment_status":"open","ping_status":"open","sticky":false,"template":"","format":"standard","meta":{"_et_pb_use_builder":"","_et_pb_old_content":"","_et_gb_content_width":"","_jetpack_memberships_contains_paid_content":false,"footnotes":""},"categories":[1],"tags":[],"class_list":["post-44228","post","type-post","status-publish","format-standard","has-post-thumbnail","hentry","category-general"],"jetpack_featured_media_url":"https:\/\/i0.wp.com\/centrodeolivaryaceite.com\/wp-content\/uploads\/2023\/07\/PRESENTACION-PEQUECHEF-2023-2.jpg?fit=1020%2C768&ssl=1","jetpack_sharing_enabled":true,"jetpack_shortlink":"https:\/\/wp.me\/p95A9q-bvm","_links":{"self":[{"href":"https:\/\/centrodeolivaryaceite.com\/es\/wp-json\/wp\/v2\/posts\/44228\/"}],"collection":[{"href":"https:\/\/centrodeolivaryaceite.com\/es\/wp-json\/wp\/v2\/posts\/"}],"about":[{"href":"https:\/\/centrodeolivaryaceite.com\/es\/wp-json\/wp\/v2\/types\/post\/"}],"author":[{"embeddable":true,"href":"https:\/\/centrodeolivaryaceite.com\/es\/wp-json\/wp\/v2\/users\/1\/"}],"replies":[{"embeddable":true,"href":"https:\/\/centrodeolivaryaceite.com\/es\/wp-json\/wp\/v2\/comments\/?post=44228"}],"version-history":[{"count":2,"href":"https:\/\/centrodeolivaryaceite.com\/es\/wp-json\/wp\/v2\/posts\/44228\/revisions\/"}],"predecessor-version":[{"id":44248,"href":"https:\/\/centrodeolivaryaceite.com\/es\/wp-json\/wp\/v2\/posts\/44228\/revisions\/44248\/"}],"wp:featuredmedia":[{"embeddable":true,"href":"https:\/\/centrodeolivaryaceite.com\/es\/wp-json\/wp\/v2\/media\/44246\/"}],"wp:attachment":[{"href":"https:\/\/centrodeolivaryaceite.com\/es\/wp-json\/wp\/v2\/media\/?parent=44228"}],"wp:term":[{"taxonomy":"category","embeddable":true,"href":"https:\/\/centrodeolivaryaceite.com\/es\/wp-json\/wp\/v2\/categories\/?post=44228"},{"taxonomy":"post_tag","embeddable":true,"href":"https:\/\/centrodeolivaryaceite.com\/es\/wp-json\/wp\/v2\/tags\/?post=44228"}],"curies":[{"name":"wp","href":"https:\/\/api.w.org\/{rel}","templated":true}]}}